{"id":2994,"date":"2026-04-13T19:05:56","date_gmt":"2026-04-13T19:05:56","guid":{"rendered":"https:\/\/www.sebastien-auziere.fr\/blog\/?p=2994"},"modified":"2026-04-13T19:06:19","modified_gmt":"2026-04-13T19:06:19","slug":"brigitte-macron-encanta-al-vaticano-con-una-elegancia-discreta-vestida-de-negro-para-una-visita-de-estado-memorable","status":"publish","type":"post","link":"https:\/\/www.sebastien-auziere.fr\/blog\/es\/brigitte-macron-encanta-al-vaticano-con-una-elegancia-discreta-vestida-de-negro-para-una-visita-de-estado-memorable\/","title":{"rendered":"Brigitte Macron encanta al Vaticano con una elegancia discreta, vestida de negro para una visita de Estado memorable"},"content":{"rendered":"<p><strong>Brigitte Macron<\/strong> realmente <strong>encant\u00f3<\/strong> al <strong>Vaticano<\/strong> al optar por una <strong>elegancia discreta<\/strong>: vestido negro midi, <strong>mo\u00f1o<\/strong> impecable y un clutch My Dior que caus\u00f3 sensaci\u00f3n durante la <strong>visita de Estado<\/strong> del 10 de abril de 2026. Desde su llegada al palacio apost\u00f3lico, su <strong>look negro<\/strong> encarn\u00f3 el respeto por el protocolo y el refinamiento franc\u00e9s.<\/p>\n\n<p><strong>En breve<\/strong>: la pareja presidencial fue recibida por el Papa Le\u00f3n XIV casi un a\u00f1o despu\u00e9s de su elecci\u00f3n; fue la cuarta audiencia papal para Emmanuel Macron desde 2018. La sobria vestimenta de la Primera Dama, que combina sobriedad y accesorios de casas de lujo, transform\u00f3 este encuentro oficial en un momento <strong>memorable<\/strong>.<\/p>\n\n<h2 class=\"wp-block-heading\">Protocolo y sobriedad: el vestido negro como marca de respeto<\/h2>\n\n<p>Llegada al Vaticano el 10 de abril de 2026, la Primera Dama respet\u00f3 el protocolo esperado para una audiencia papal, eligiendo un vestido de manga larga que cae por debajo de la rodilla y un largo pa\u00f1uelo de encaje. Esta elecci\u00f3n se inscribe en la tradici\u00f3n de las visitas de Estado y explica por qu\u00e9, seg\u00fan varios reportajes, el color negro sigue siendo el elegido para estas audiencias <a href=\"https:\/\/www.voici.fr\/celebrites\/emmanuel-et-brigitte-macron-rencontrent-le-pape-leon-xiv-pourquoi-la-premiere-dame-doit-obligatoirement-s-habiller-en-noir-822087\" rel=\"nofollow\">Por qu\u00e9 la primera dama debe vestirse de negro<\/a>. Un gesto sobrio, cargado de significado.<\/p>\n\n<h2 class=\"wp-block-heading\">Accesorios de marca y detalle de costura: el toque franc\u00e9s<\/h2>\n\n<p>El <strong>clutch My Dior<\/strong>, de piel de ternera negra con charms, firmado por Jonathan Anderson, ha puntualizado la vestimenta con discreci\u00f3n. Tacones vertiginosos y un chal de encaje han completado una silueta estudiada para la <strong>diplomacia<\/strong>. Para revivir las elecciones estil\u00edsticas de la Primera Dama durante esta visita, encuentra un an\u00e1lisis detallado del <strong>look<\/strong> en el sitio dedicado <a href=\"https:\/\/www.sebastien-auziere.fr\/blog\/brigitte-macron-look-vatican\/\" rel=\"nofollow\">Brigitte Macron: look en el Vaticano<\/a>. El accesorio se convierte aqu\u00ed en un mensaje.<\/p>\n\n<h2 class=\"wp-block-heading\">Belleza y referencias: mo\u00f1o banana y gestos dominados<\/h2>\n\n<p>El <strong>mo\u00f1o banana<\/strong>, peinado a menudo elegido para los desplazamientos oficiales, estuvo una vez m\u00e1s presente. Este estilo, ya llevado durante la visita a Jap\u00f3n el 2 de abril y en acogidas oficiales en el El\u00edseo, asegura una imagen cuidada y respetuosa. Para comprender la evoluci\u00f3n de los looks de la Primera Dama, v\u00e9ase tambi\u00e9n un retrato de sus elecciones de vestuario en <a href=\"https:\/\/www.sebastien-auziere.fr\/blog\/brigitte-macron-japon\/\" rel=\"nofollow\">Brigitte Macron en Jap\u00f3n<\/a>. Una elegancia que habla m\u00e1s all\u00e1 de las palabras.<\/p>\n\n<h2 class=\"wp-block-heading\">Diplomacia, s\u00edmbolos y alcance medi\u00e1tico de la visita de Estado<\/h2>\n\n<p>Esta audiencia en el palacio apost\u00f3lico se inscribe en una serie de intercambios diplom\u00e1ticos: marca la continuidad de las relaciones entre Francia y la Santa Sede y se lleva a cabo tras las audiencias presidenciales de 2018, 2021 y 2022. La combinaci\u00f3n de un protocolo republicano y laico con una puesta en escena vestimentaria sobria ha reforzado el car\u00e1cter <strong>memorable<\/strong> del d\u00eda. El impacto medi\u00e1tico ha ampliado el debate en torno al estilo y al papel protocolario.<\/p>\n\n<p>\u00bfQuieres saber m\u00e1s sobre las vestimentas, las elecciones de accesorios y el alcance simb\u00f3lico de esta visita? Consulta m\u00e1s an\u00e1lisis y fotos en <a href=\"https:\/\/www.sebastien-auziere.fr\/blog\/brigitte-macron-look-vatican\/\" rel=\"nofollow\">Brigitte Macron: look en el Vaticano<\/a> y descubre otros art\u00edculos dedicados a la familia Macron en <a href=\"https:\/\/www.sebastien-auziere.fr\/blog\/brigitte-macron-robe-elegante\/\" rel=\"nofollow\">sebas\u00adtien-auziere.fr<\/a> para prolongar la visita y profundizar en el tema.<\/p>","protected":false},"excerpt":{"rendered":"<p>Brigitte Macron realmente encant\u00f3 al Vaticano al optar por una elegancia discreta: vestido negro midi, mo\u00f1o impecable y un clutch My Dior que caus\u00f3 sensaci\u00f3n durante la visita de Estado del 10 de abril de 2026. Desde su llegada al palacio apost\u00f3lico, su look negro encarn\u00f3 el respeto por el protocolo y el refinamiento franc\u00e9s. &#8230; <a title=\"Brigitte Macron encanta al Vaticano con una elegancia discreta, vestida de negro para una visita de Estado memorable\" class=\"read-more\" href=\"https:\/\/www.sebastien-auziere.fr\/blog\/es\/brigitte-macron-encanta-al-vaticano-con-una-elegancia-discreta-vestida-de-negro-para-una-visita-de-estado-memorable\/\" aria-label=\"En savoir plus sur Brigitte Macron encanta al Vaticano con una elegancia discreta, vestida de negro para una visita de Estado memorable\">Lire plus<\/a><\/p>\n","protected":false},"author":9,"featured_media":2990,"comment_status":"open","ping_status":"open","sticky":false,"template":"","format":"standard","meta":{"footnotes":""},"categories":[820],"tags":[914,2734,2737,2132,2740],"class_list":["post-2994","post","type-post","status-publish","format-standard","has-post-thumbnail","hentry","category-actualidades-es","tag-brigitte-macron-es","tag-elegancia-discreta-es","tag-tenida-negra-es","tag-vaticano-es","tag-visita-de-estado-es"],"yoast_head":"<!-- This site is optimized with the Yoast SEO plugin v27.5 - https:\/\/yoast.com\/product\/yoast-seo-wordpress\/ -->\n<title>Brigitte Macron encanta al Vaticano con una elegancia discreta, vestida de negro para una visita de Estado memorable - Fan site S\u00e9bastien Auzi\u00e8re<\/title>\n<meta name=\"description\" content=\"Brigitte Macron s\u00e9duit le Vatican avec une \u00e9l\u00e9gance discr\u00e8te en noir lors d&#039;une visite d\u2019\u00c9tat m\u00e9morable, alliant style et respect.\" \/>\n<meta name=\"robots\" content=\"index, follow, max-snippet:-1, max-image-preview:large, max-video-preview:-1\" \/>\n<link rel=\"canonical\" href=\"https:\/\/www.sebastien-auziere.fr\/blog\/es\/brigitte-macron-encanta-al-vaticano-con-una-elegancia-discreta-vestida-de-negro-para-una-visita-de-estado-memorable\/\" \/>\n<meta property=\"og:locale\" content=\"fr_FR\" \/>\n<meta property=\"og:type\" content=\"article\" \/>\n<meta property=\"og:title\" content=\"Brigitte Macron encanta al Vaticano con una elegancia discreta, vestida de negro para una visita de Estado memorable - Fan site S\u00e9bastien Auzi\u00e8re\" \/>\n<meta property=\"og:description\" content=\"Brigitte Macron s\u00e9duit le Vatican avec une \u00e9l\u00e9gance discr\u00e8te en noir lors d&#039;une visite d\u2019\u00c9tat m\u00e9morable, alliant style et respect.\" \/>\n<meta property=\"og:url\" content=\"https:\/\/www.sebastien-auziere.fr\/blog\/es\/brigitte-macron-encanta-al-vaticano-con-una-elegancia-discreta-vestida-de-negro-para-una-visita-de-estado-memorable\/\" \/>\n<meta property=\"og:site_name\" content=\"Fan site S\u00e9bastien Auzi\u00e8re\" \/>\n<meta property=\"article:published_time\" content=\"2026-04-13T19:05:56+00:00\" \/>\n<meta property=\"article:modified_time\" content=\"2026-04-13T19:06:19+00:00\" \/>\n<meta property=\"og:image\" content=\"https:\/\/www.sebastien-auziere.fr\/blog\/wp-content\/uploads\/2026\/04\/Brigitte-Macron-charme-le-Vatican-avec-une-elegance-discrete-vetue-de-noir-pour-une-visite-dEtat-memorable.jpg\" \/>\n\t<meta property=\"og:image:width\" content=\"2560\" \/>\n\t<meta property=\"og:image:height\" content=\"1429\" \/>\n\t<meta property=\"og:image:type\" content=\"image\/jpeg\" \/>\n<meta name=\"author\" content=\"Chloe Gauthier\" \/>\n<meta name=\"twitter:card\" content=\"summary_large_image\" \/>\n<meta name=\"twitter:label1\" content=\"\u00c9crit par\" \/>\n\t<meta name=\"twitter:data1\" content=\"Chloe Gauthier\" \/>\n\t<meta name=\"twitter:label2\" content=\"Dur\u00e9e de lecture estim\u00e9e\" \/>\n\t<meta name=\"twitter:data2\" content=\"3 minutes\" \/>\n<script type=\"application\/ld+json\" class=\"yoast-schema-graph\">{\"@context\":\"https:\\\/\\\/schema.org\",\"@graph\":[{\"@type\":\"Article\",\"@id\":\"https:\\\/\\\/www.sebastien-auziere.fr\\\/blog\\\/es\\\/brigitte-macron-encanta-al-vaticano-con-una-elegancia-discreta-vestida-de-negro-para-una-visita-de-estado-memorable\\\/#article\",\"isPartOf\":{\"@id\":\"https:\\\/\\\/www.sebastien-auziere.fr\\\/blog\\\/es\\\/brigitte-macron-encanta-al-vaticano-con-una-elegancia-discreta-vestida-de-negro-para-una-visita-de-estado-memorable\\\/\"},\"author\":{\"name\":\"Chloe Gauthier\",\"@id\":\"https:\\\/\\\/www.sebastien-auziere.fr\\\/blog\\\/#\\\/schema\\\/person\\\/149f1acdbfd85149c6c3e59adeae2f4d\"},\"headline\":\"Brigitte Macron encanta al Vaticano con una elegancia discreta, vestida de negro para una visita de Estado memorable\",\"datePublished\":\"2026-04-13T19:05:56+00:00\",\"dateModified\":\"2026-04-13T19:06:19+00:00\",\"mainEntityOfPage\":{\"@id\":\"https:\\\/\\\/www.sebastien-auziere.fr\\\/blog\\\/es\\\/brigitte-macron-encanta-al-vaticano-con-una-elegancia-discreta-vestida-de-negro-para-una-visita-de-estado-memorable\\\/\"},\"wordCount\":553,\"commentCount\":0,\"publisher\":{\"@id\":\"https:\\\/\\\/www.sebastien-auziere.fr\\\/blog\\\/#organization\"},\"image\":{\"@id\":\"https:\\\/\\\/www.sebastien-auziere.fr\\\/blog\\\/es\\\/brigitte-macron-encanta-al-vaticano-con-una-elegancia-discreta-vestida-de-negro-para-una-visita-de-estado-memorable\\\/#primaryimage\"},\"thumbnailUrl\":\"https:\\\/\\\/www.sebastien-auziere.fr\\\/blog\\\/wp-content\\\/uploads\\\/2026\\\/04\\\/Brigitte-Macron-charme-le-Vatican-avec-une-elegance-discrete-vetue-de-noir-pour-une-visite-dEtat-memorable.jpg\",\"keywords\":[\"brigitte macron\",\"elegancia discreta\",\"tenida negra\",\"vaticano\",\"visita de estado\"],\"articleSection\":[\"Actualidades\"],\"inLanguage\":\"fr-FR\",\"potentialAction\":[{\"@type\":\"CommentAction\",\"name\":\"Comment\",\"target\":[\"https:\\\/\\\/www.sebastien-auziere.fr\\\/blog\\\/es\\\/brigitte-macron-encanta-al-vaticano-con-una-elegancia-discreta-vestida-de-negro-para-una-visita-de-estado-memorable\\\/#respond\"]}]},{\"@type\":\"WebPage\",\"@id\":\"https:\\\/\\\/www.sebastien-auziere.fr\\\/blog\\\/es\\\/brigitte-macron-encanta-al-vaticano-con-una-elegancia-discreta-vestida-de-negro-para-una-visita-de-estado-memorable\\\/\",\"url\":\"https:\\\/\\\/www.sebastien-auziere.fr\\\/blog\\\/es\\\/brigitte-macron-encanta-al-vaticano-con-una-elegancia-discreta-vestida-de-negro-para-una-visita-de-estado-memorable\\\/\",\"name\":\"Brigitte Macron encanta al Vaticano con una elegancia discreta, vestida de negro para una visita de Estado memorable - Fan site S\u00e9bastien Auzi\u00e8re\",\"isPartOf\":{\"@id\":\"https:\\\/\\\/www.sebastien-auziere.fr\\\/blog\\\/#website\"},\"primaryImageOfPage\":{\"@id\":\"https:\\\/\\\/www.sebastien-auziere.fr\\\/blog\\\/es\\\/brigitte-macron-encanta-al-vaticano-con-una-elegancia-discreta-vestida-de-negro-para-una-visita-de-estado-memorable\\\/#primaryimage\"},\"image\":{\"@id\":\"https:\\\/\\\/www.sebastien-auziere.fr\\\/blog\\\/es\\\/brigitte-macron-encanta-al-vaticano-con-una-elegancia-discreta-vestida-de-negro-para-una-visita-de-estado-memorable\\\/#primaryimage\"},\"thumbnailUrl\":\"https:\\\/\\\/www.sebastien-auziere.fr\\\/blog\\\/wp-content\\\/uploads\\\/2026\\\/04\\\/Brigitte-Macron-charme-le-Vatican-avec-une-elegance-discrete-vetue-de-noir-pour-une-visite-dEtat-memorable.jpg\",\"datePublished\":\"2026-04-13T19:05:56+00:00\",\"dateModified\":\"2026-04-13T19:06:19+00:00\",\"description\":\"Brigitte Macron s\u00e9duit le Vatican avec une \u00e9l\u00e9gance discr\u00e8te en noir lors d'une visite d\u2019\u00c9tat m\u00e9morable, alliant style et respect.\",\"breadcrumb\":{\"@id\":\"https:\\\/\\\/www.sebastien-auziere.fr\\\/blog\\\/es\\\/brigitte-macron-encanta-al-vaticano-con-una-elegancia-discreta-vestida-de-negro-para-una-visita-de-estado-memorable\\\/#breadcrumb\"},\"inLanguage\":\"fr-FR\",\"potentialAction\":[{\"@type\":\"ReadAction\",\"target\":[\"https:\\\/\\\/www.sebastien-auziere.fr\\\/blog\\\/es\\\/brigitte-macron-encanta-al-vaticano-con-una-elegancia-discreta-vestida-de-negro-para-una-visita-de-estado-memorable\\\/\"]}]},{\"@type\":\"ImageObject\",\"inLanguage\":\"fr-FR\",\"@id\":\"https:\\\/\\\/www.sebastien-auziere.fr\\\/blog\\\/es\\\/brigitte-macron-encanta-al-vaticano-con-una-elegancia-discreta-vestida-de-negro-para-una-visita-de-estado-memorable\\\/#primaryimage\",\"url\":\"https:\\\/\\\/www.sebastien-auziere.fr\\\/blog\\\/wp-content\\\/uploads\\\/2026\\\/04\\\/Brigitte-Macron-charme-le-Vatican-avec-une-elegance-discrete-vetue-de-noir-pour-une-visite-dEtat-memorable.jpg\",\"contentUrl\":\"https:\\\/\\\/www.sebastien-auziere.fr\\\/blog\\\/wp-content\\\/uploads\\\/2026\\\/04\\\/Brigitte-Macron-charme-le-Vatican-avec-une-elegance-discrete-vetue-de-noir-pour-une-visite-dEtat-memorable.jpg\",\"width\":2560,\"height\":1429,\"caption\":\"d\u00e9couvrez comment brigitte macron a s\u00e9duit le vatican par son \u00e9l\u00e9gance discr\u00e8te, v\u00eatue de noir lors d'une visite d\u2019\u00e9tat m\u00e9morable, alliant charme et respect des traditions.\"},{\"@type\":\"BreadcrumbList\",\"@id\":\"https:\\\/\\\/www.sebastien-auziere.fr\\\/blog\\\/es\\\/brigitte-macron-encanta-al-vaticano-con-una-elegancia-discreta-vestida-de-negro-para-una-visita-de-estado-memorable\\\/#breadcrumb\",\"itemListElement\":[{\"@type\":\"ListItem\",\"position\":1,\"name\":\"Home\",\"item\":\"https:\\\/\\\/www.sebastien-auziere.fr\\\/blog\\\/\"},{\"@type\":\"ListItem\",\"position\":2,\"name\":\"Brigitte Macron encanta al Vaticano con una elegancia discreta, vestida de negro para una visita de Estado memorable\"}]},{\"@type\":\"WebSite\",\"@id\":\"https:\\\/\\\/www.sebastien-auziere.fr\\\/blog\\\/#website\",\"url\":\"https:\\\/\\\/www.sebastien-auziere.fr\\\/blog\\\/\",\"name\":\"Fan site S\u00e9bastien Auzi\u00e8re\",\"description\":\"M\u00e9dia g\u00e9n\u00e9raliste\",\"publisher\":{\"@id\":\"https:\\\/\\\/www.sebastien-auziere.fr\\\/blog\\\/#organization\"},\"potentialAction\":[{\"@type\":\"SearchAction\",\"target\":{\"@type\":\"EntryPoint\",\"urlTemplate\":\"https:\\\/\\\/www.sebastien-auziere.fr\\\/blog\\\/?s={search_term_string}\"},\"query-input\":{\"@type\":\"PropertyValueSpecification\",\"valueRequired\":true,\"valueName\":\"search_term_string\"}}],\"inLanguage\":\"fr-FR\"},{\"@type\":\"Organization\",\"@id\":\"https:\\\/\\\/www.sebastien-auziere.fr\\\/blog\\\/#organization\",\"name\":\"Fan site S\u00e9bastien Auzi\u00e8re\",\"url\":\"https:\\\/\\\/www.sebastien-auziere.fr\\\/blog\\\/\",\"logo\":{\"@type\":\"ImageObject\",\"inLanguage\":\"fr-FR\",\"@id\":\"https:\\\/\\\/www.sebastien-auziere.fr\\\/blog\\\/#\\\/schema\\\/logo\\\/image\\\/\",\"url\":\"https:\\\/\\\/www.sebastien-auziere.fr\\\/blog\\\/wp-content\\\/uploads\\\/2026\\\/03\\\/cropped-cropped-cropped-ChatGPT-Image-6-mars-2026-12_58_09-e1772798376794.jpg\",\"contentUrl\":\"https:\\\/\\\/www.sebastien-auziere.fr\\\/blog\\\/wp-content\\\/uploads\\\/2026\\\/03\\\/cropped-cropped-cropped-ChatGPT-Image-6-mars-2026-12_58_09-e1772798376794.jpg\",\"width\":512,\"height\":360,\"caption\":\"Fan site S\u00e9bastien Auzi\u00e8re\"},\"image\":{\"@id\":\"https:\\\/\\\/www.sebastien-auziere.fr\\\/blog\\\/#\\\/schema\\\/logo\\\/image\\\/\"}},{\"@type\":\"Person\",\"@id\":\"https:\\\/\\\/www.sebastien-auziere.fr\\\/blog\\\/#\\\/schema\\\/person\\\/149f1acdbfd85149c6c3e59adeae2f4d\",\"name\":\"Chloe Gauthier\",\"image\":{\"@type\":\"ImageObject\",\"inLanguage\":\"fr-FR\",\"@id\":\"https:\\\/\\\/secure.gravatar.com\\\/avatar\\\/2c5722f58171cff738a8985ef0dd66b476e563753246a49019befc837ec4201a?s=96&d=mm&r=g\",\"url\":\"https:\\\/\\\/secure.gravatar.com\\\/avatar\\\/2c5722f58171cff738a8985ef0dd66b476e563753246a49019befc837ec4201a?s=96&d=mm&r=g\",\"contentUrl\":\"https:\\\/\\\/secure.gravatar.com\\\/avatar\\\/2c5722f58171cff738a8985ef0dd66b476e563753246a49019befc837ec4201a?s=96&d=mm&r=g\",\"caption\":\"Chloe Gauthier\"},\"description\":\"Passionn\u00e9e par la politique et admiratrice engag\u00e9e de la famille Macron, je consacre mon \u00e9nergie \u00e0 suivre leurs initiatives et \u00e0 promouvoir leurs id\u00e9es. \u00c0 32 ans, je suis convaincue que leur vision est porteuse d'avenir.\",\"url\":\"https:\\\/\\\/www.sebastien-auziere.fr\\\/blog\\\/author\\\/chloe-gauthier\\\/\"}]}<\/script>\n<!-- \/ Yoast SEO plugin. -->","yoast_head_json":{"title":"Brigitte Macron encanta al Vaticano con una elegancia discreta, vestida de negro para una visita de Estado memorable - Fan site S\u00e9bastien Auzi\u00e8re","description":"Brigitte Macron s\u00e9duit le Vatican avec une \u00e9l\u00e9gance discr\u00e8te en noir lors d'une visite d\u2019\u00c9tat m\u00e9morable, alliant style et respect.","robots":{"index":"index","follow":"follow","max-snippet":"max-snippet:-1","max-image-preview":"max-image-preview:large","max-video-preview":"max-video-preview:-1"},"canonical":"https:\/\/www.sebastien-auziere.fr\/blog\/es\/brigitte-macron-encanta-al-vaticano-con-una-elegancia-discreta-vestida-de-negro-para-una-visita-de-estado-memorable\/","og_locale":"fr_FR","og_type":"article","og_title":"Brigitte Macron encanta al Vaticano con una elegancia discreta, vestida de negro para una visita de Estado memorable - Fan site S\u00e9bastien Auzi\u00e8re","og_description":"Brigitte Macron s\u00e9duit le Vatican avec une \u00e9l\u00e9gance discr\u00e8te en noir lors d'une visite d\u2019\u00c9tat m\u00e9morable, alliant style et respect.","og_url":"https:\/\/www.sebastien-auziere.fr\/blog\/es\/brigitte-macron-encanta-al-vaticano-con-una-elegancia-discreta-vestida-de-negro-para-una-visita-de-estado-memorable\/","og_site_name":"Fan site S\u00e9bastien Auzi\u00e8re","article_published_time":"2026-04-13T19:05:56+00:00","article_modified_time":"2026-04-13T19:06:19+00:00","og_image":[{"width":2560,"height":1429,"url":"https:\/\/www.sebastien-auziere.fr\/blog\/wp-content\/uploads\/2026\/04\/Brigitte-Macron-charme-le-Vatican-avec-une-elegance-discrete-vetue-de-noir-pour-une-visite-dEtat-memorable.jpg","type":"image\/jpeg"}],"author":"Chloe Gauthier","twitter_card":"summary_large_image","twitter_misc":{"\u00c9crit par":"Chloe Gauthier","Dur\u00e9e de lecture estim\u00e9e":"3 minutes"},"schema":{"@context":"https:\/\/schema.org","@graph":[{"@type":"Article","@id":"https:\/\/www.sebastien-auziere.fr\/blog\/es\/brigitte-macron-encanta-al-vaticano-con-una-elegancia-discreta-vestida-de-negro-para-una-visita-de-estado-memorable\/#article","isPartOf":{"@id":"https:\/\/www.sebastien-auziere.fr\/blog\/es\/brigitte-macron-encanta-al-vaticano-con-una-elegancia-discreta-vestida-de-negro-para-una-visita-de-estado-memorable\/"},"author":{"name":"Chloe Gauthier","@id":"https:\/\/www.sebastien-auziere.fr\/blog\/#\/schema\/person\/149f1acdbfd85149c6c3e59adeae2f4d"},"headline":"Brigitte Macron encanta al Vaticano con una elegancia discreta, vestida de negro para una visita de Estado memorable","datePublished":"2026-04-13T19:05:56+00:00","dateModified":"2026-04-13T19:06:19+00:00","mainEntityOfPage":{"@id":"https:\/\/www.sebastien-auziere.fr\/blog\/es\/brigitte-macron-encanta-al-vaticano-con-una-elegancia-discreta-vestida-de-negro-para-una-visita-de-estado-memorable\/"},"wordCount":553,"commentCount":0,"publisher":{"@id":"https:\/\/www.sebastien-auziere.fr\/blog\/#organization"},"image":{"@id":"https:\/\/www.sebastien-auziere.fr\/blog\/es\/brigitte-macron-encanta-al-vaticano-con-una-elegancia-discreta-vestida-de-negro-para-una-visita-de-estado-memorable\/#primaryimage"},"thumbnailUrl":"https:\/\/www.sebastien-auziere.fr\/blog\/wp-content\/uploads\/2026\/04\/Brigitte-Macron-charme-le-Vatican-avec-une-elegance-discrete-vetue-de-noir-pour-une-visite-dEtat-memorable.jpg","keywords":["brigitte macron","elegancia discreta","tenida negra","vaticano","visita de estado"],"articleSection":["Actualidades"],"inLanguage":"fr-FR","potentialAction":[{"@type":"CommentAction","name":"Comment","target":["https:\/\/www.sebastien-auziere.fr\/blog\/es\/brigitte-macron-encanta-al-vaticano-con-una-elegancia-discreta-vestida-de-negro-para-una-visita-de-estado-memorable\/#respond"]}]},{"@type":"WebPage","@id":"https:\/\/www.sebastien-auziere.fr\/blog\/es\/brigitte-macron-encanta-al-vaticano-con-una-elegancia-discreta-vestida-de-negro-para-una-visita-de-estado-memorable\/","url":"https:\/\/www.sebastien-auziere.fr\/blog\/es\/brigitte-macron-encanta-al-vaticano-con-una-elegancia-discreta-vestida-de-negro-para-una-visita-de-estado-memorable\/","name":"Brigitte Macron encanta al Vaticano con una elegancia discreta, vestida de negro para una visita de Estado memorable - Fan site S\u00e9bastien Auzi\u00e8re","isPartOf":{"@id":"https:\/\/www.sebastien-auziere.fr\/blog\/#website"},"primaryImageOfPage":{"@id":"https:\/\/www.sebastien-auziere.fr\/blog\/es\/brigitte-macron-encanta-al-vaticano-con-una-elegancia-discreta-vestida-de-negro-para-una-visita-de-estado-memorable\/#primaryimage"},"image":{"@id":"https:\/\/www.sebastien-auziere.fr\/blog\/es\/brigitte-macron-encanta-al-vaticano-con-una-elegancia-discreta-vestida-de-negro-para-una-visita-de-estado-memorable\/#primaryimage"},"thumbnailUrl":"https:\/\/www.sebastien-auziere.fr\/blog\/wp-content\/uploads\/2026\/04\/Brigitte-Macron-charme-le-Vatican-avec-une-elegance-discrete-vetue-de-noir-pour-une-visite-dEtat-memorable.jpg","datePublished":"2026-04-13T19:05:56+00:00","dateModified":"2026-04-13T19:06:19+00:00","description":"Brigitte Macron s\u00e9duit le Vatican avec une \u00e9l\u00e9gance discr\u00e8te en noir lors d'une visite d\u2019\u00c9tat m\u00e9morable, alliant style et respect.","breadcrumb":{"@id":"https:\/\/www.sebastien-auziere.fr\/blog\/es\/brigitte-macron-encanta-al-vaticano-con-una-elegancia-discreta-vestida-de-negro-para-una-visita-de-estado-memorable\/#breadcrumb"},"inLanguage":"fr-FR","potentialAction":[{"@type":"ReadAction","target":["https:\/\/www.sebastien-auziere.fr\/blog\/es\/brigitte-macron-encanta-al-vaticano-con-una-elegancia-discreta-vestida-de-negro-para-una-visita-de-estado-memorable\/"]}]},{"@type":"ImageObject","inLanguage":"fr-FR","@id":"https:\/\/www.sebastien-auziere.fr\/blog\/es\/brigitte-macron-encanta-al-vaticano-con-una-elegancia-discreta-vestida-de-negro-para-una-visita-de-estado-memorable\/#primaryimage","url":"https:\/\/www.sebastien-auziere.fr\/blog\/wp-content\/uploads\/2026\/04\/Brigitte-Macron-charme-le-Vatican-avec-une-elegance-discrete-vetue-de-noir-pour-une-visite-dEtat-memorable.jpg","contentUrl":"https:\/\/www.sebastien-auziere.fr\/blog\/wp-content\/uploads\/2026\/04\/Brigitte-Macron-charme-le-Vatican-avec-une-elegance-discrete-vetue-de-noir-pour-une-visite-dEtat-memorable.jpg","width":2560,"height":1429,"caption":"d\u00e9couvrez comment brigitte macron a s\u00e9duit le vatican par son \u00e9l\u00e9gance discr\u00e8te, v\u00eatue de noir lors d'une visite d\u2019\u00e9tat m\u00e9morable, alliant charme et respect des traditions."},{"@type":"BreadcrumbList","@id":"https:\/\/www.sebastien-auziere.fr\/blog\/es\/brigitte-macron-encanta-al-vaticano-con-una-elegancia-discreta-vestida-de-negro-para-una-visita-de-estado-memorable\/#breadcrumb","itemListElement":[{"@type":"ListItem","position":1,"name":"Home","item":"https:\/\/www.sebastien-auziere.fr\/blog\/"},{"@type":"ListItem","position":2,"name":"Brigitte Macron encanta al Vaticano con una elegancia discreta, vestida de negro para una visita de Estado memorable"}]},{"@type":"WebSite","@id":"https:\/\/www.sebastien-auziere.fr\/blog\/#website","url":"https:\/\/www.sebastien-auziere.fr\/blog\/","name":"Fan site S\u00e9bastien Auzi\u00e8re","description":"M\u00e9dia g\u00e9n\u00e9raliste","publisher":{"@id":"https:\/\/www.sebastien-auziere.fr\/blog\/#organization"},"potentialAction":[{"@type":"SearchAction","target":{"@type":"EntryPoint","urlTemplate":"https:\/\/www.sebastien-auziere.fr\/blog\/?s={search_term_string}"},"query-input":{"@type":"PropertyValueSpecification","valueRequired":true,"valueName":"search_term_string"}}],"inLanguage":"fr-FR"},{"@type":"Organization","@id":"https:\/\/www.sebastien-auziere.fr\/blog\/#organization","name":"Fan site S\u00e9bastien Auzi\u00e8re","url":"https:\/\/www.sebastien-auziere.fr\/blog\/","logo":{"@type":"ImageObject","inLanguage":"fr-FR","@id":"https:\/\/www.sebastien-auziere.fr\/blog\/#\/schema\/logo\/image\/","url":"https:\/\/www.sebastien-auziere.fr\/blog\/wp-content\/uploads\/2026\/03\/cropped-cropped-cropped-ChatGPT-Image-6-mars-2026-12_58_09-e1772798376794.jpg","contentUrl":"https:\/\/www.sebastien-auziere.fr\/blog\/wp-content\/uploads\/2026\/03\/cropped-cropped-cropped-ChatGPT-Image-6-mars-2026-12_58_09-e1772798376794.jpg","width":512,"height":360,"caption":"Fan site S\u00e9bastien Auzi\u00e8re"},"image":{"@id":"https:\/\/www.sebastien-auziere.fr\/blog\/#\/schema\/logo\/image\/"}},{"@type":"Person","@id":"https:\/\/www.sebastien-auziere.fr\/blog\/#\/schema\/person\/149f1acdbfd85149c6c3e59adeae2f4d","name":"Chloe Gauthier","image":{"@type":"ImageObject","inLanguage":"fr-FR","@id":"https:\/\/secure.gravatar.com\/avatar\/2c5722f58171cff738a8985ef0dd66b476e563753246a49019befc837ec4201a?s=96&d=mm&r=g","url":"https:\/\/secure.gravatar.com\/avatar\/2c5722f58171cff738a8985ef0dd66b476e563753246a49019befc837ec4201a?s=96&d=mm&r=g","contentUrl":"https:\/\/secure.gravatar.com\/avatar\/2c5722f58171cff738a8985ef0dd66b476e563753246a49019befc837ec4201a?s=96&d=mm&r=g","caption":"Chloe Gauthier"},"description":"Passionn\u00e9e par la politique et admiratrice engag\u00e9e de la famille Macron, je consacre mon \u00e9nergie \u00e0 suivre leurs initiatives et \u00e0 promouvoir leurs id\u00e9es. \u00c0 32 ans, je suis convaincue que leur vision est porteuse d'avenir.","url":"https:\/\/www.sebastien-auziere.fr\/blog\/author\/chloe-gauthier\/"}]}},"views":1,"_links":{"self":[{"href":"https:\/\/www.sebastien-auziere.fr\/blog\/wp-json\/wp\/v2\/posts\/2994","targetHints":{"allow":["GET"]}}],"collection":[{"href":"https:\/\/www.sebastien-auziere.fr\/blog\/wp-json\/wp\/v2\/posts"}],"about":[{"href":"https:\/\/www.sebastien-auziere.fr\/blog\/wp-json\/wp\/v2\/types\/post"}],"author":[{"embeddable":true,"href":"https:\/\/www.sebastien-auziere.fr\/blog\/wp-json\/wp\/v2\/users\/9"}],"replies":[{"embeddable":true,"href":"https:\/\/www.sebastien-auziere.fr\/blog\/wp-json\/wp\/v2\/comments?post=2994"}],"version-history":[{"count":1,"href":"https:\/\/www.sebastien-auziere.fr\/blog\/wp-json\/wp\/v2\/posts\/2994\/revisions"}],"predecessor-version":[{"id":2995,"href":"https:\/\/www.sebastien-auziere.fr\/blog\/wp-json\/wp\/v2\/posts\/2994\/revisions\/2995"}],"wp:featuredmedia":[{"embeddable":true,"href":"https:\/\/www.sebastien-auziere.fr\/blog\/wp-json\/wp\/v2\/media\/2990"}],"wp:attachment":[{"href":"https:\/\/www.sebastien-auziere.fr\/blog\/wp-json\/wp\/v2\/media?parent=2994"}],"wp:term":[{"taxonomy":"category","embeddable":true,"href":"https:\/\/www.sebastien-auziere.fr\/blog\/wp-json\/wp\/v2\/categories?post=2994"},{"taxonomy":"post_tag","embeddable":true,"href":"https:\/\/www.sebastien-auziere.fr\/blog\/wp-json\/wp\/v2\/tags?post=2994"}],"curies":[{"name":"wp","href":"https:\/\/api.w.org\/{rel}","templated":true}]}}