{"id":2992,"date":"2026-04-13T19:05:36","date_gmt":"2026-04-13T19:05:36","guid":{"rendered":"https:\/\/www.sebastien-auziere.fr\/blog\/?p=2992"},"modified":"2026-04-13T19:05:55","modified_gmt":"2026-04-13T19:05:55","slug":"brigitte-macron-charms-the-vatican-with-a-discreet-elegance-dressed-in-black-for-a-memorable-state-visit","status":"publish","type":"post","link":"https:\/\/www.sebastien-auziere.fr\/blog\/en\/brigitte-macron-charms-the-vatican-with-a-discreet-elegance-dressed-in-black-for-a-memorable-state-visit\/","title":{"rendered":"Brigitte Macron charms the Vatican with a discreet elegance, dressed in black for a memorable state visit"},"content":{"rendered":"<p><strong>Brigitte Macron<\/strong> truly <strong>charmed<\/strong> the <strong>Vatican<\/strong> by opting for a <strong>discreet elegance<\/strong>: a black midi dress, a <strong>bun<\/strong> impeccably styled, and a My Dior clutch that made an impression during the <strong>state visit<\/strong> on April 10, 2026. Upon arrival at the apostolic palace, her <strong>black look<\/strong> embodied respect for protocol and French refinement.<\/p>\n\n<p><strong>In brief<\/strong>: the presidential couple was received by Pope Leo XIV nearly a year after his election; this was Emmanuel Macron&rsquo;s fourth papal audience since 2018. The understated outfit of the First Lady, combining sobriety with luxury house accessories, turned this official meeting into a <strong>memorable<\/strong> moment.<\/p>\n\n<h2 class=\"wp-block-heading\">Protocol and Sobriety: The Black Attire as a Mark of Respect<\/h2>\n\n<p>Arriving at the Vatican on April 10, 2026, the First Lady adhered to the expected protocol for a papal audience, choosing a long-sleeved dress that fell below the knee and a long lace scarf. This choice is in line with the tradition of state visits and explains why, according to several reports, the color black remains de rigueur for these audiences <a href=\"https:\/\/www.voici.fr\/celebrites\/emmanuel-et-brigitte-macron-rencontrent-le-pape-leon-xiv-pourquoi-la-premiere-dame-doit-obligatoirement-s-habiller-en-noir-822087\" rel=\"nofollow\">Why the First Lady Must Dress in Black<\/a>. A sober gesture filled with meaning.<\/p>\n\n<h2 class=\"wp-block-heading\">Signature Accessories and Tailoring Details: The French Touch<\/h2>\n\n<p>The <strong>My Dior clutch<\/strong>, made of black calf leather with charms, designed by Jonathan Anderson, discreetly punctuated the outfit. Sky-high heels and a lace scarf completed a silhouette crafted for <strong>diplomacy<\/strong>. To relive the First Lady&rsquo;s stylistic choices during this visit, find a detailed analysis of the <strong>outfit<\/strong> on the dedicated site <a href=\"https:\/\/www.sebastien-auziere.fr\/blog\/brigitte-macron-look-vatican\/\" rel=\"nofollow\">Brigitte Macron: Look at the Vatican<\/a>. The accessory here becomes a message.<\/p>\n\n<h2 class=\"wp-block-heading\">Beauty and References: The Banana Bun and Mastered Gestures<\/h2>\n\n<p>The <strong>banana bun<\/strong>, a hairstyle often chosen for official trips, was once again present. This style, already worn during the visit to Japan on April 2 and during official receptions at the \u00c9lys\u00e9e, ensures a polished and respectful image. To understand the evolution of the First Lady&rsquo;s looks, see also a portrait of her fashion choices on <a href=\"https:\/\/www.sebastien-auziere.fr\/blog\/brigitte-macron-japon\/\" rel=\"nofollow\">Brigitte Macron in Japan<\/a>. An elegance that speaks beyond words.<\/p>\n\n<h2 class=\"wp-block-heading\">Diplomacy, Symbols, and Media Impact of the State Visit<\/h2>\n\n<p>This audience at the apostolic palace is part of a series of diplomatic exchanges: it marks the continuity of relations between France and the Holy See and takes place after the presidential audiences of 2018, 2021, and 2022. The combination of a republican and secular protocol with a sober wardrobe staging reinforced the <strong>memorable<\/strong> character of the day. The media impact expanded the debate around style and the protocol role.<\/p>\n\n<p>Want to know more about the outfits, accessory choices, and the symbolic significance of this visit? Check out more analyses and photos on <a href=\"https:\/\/www.sebastien-auziere.fr\/blog\/brigitte-macron-look-vatican\/\" rel=\"nofollow\">Brigitte Macron: Look at the Vatican<\/a> and discover other articles dedicated to the Macron family on <a href=\"https:\/\/www.sebastien-auziere.fr\/blog\/brigitte-macron-robe-elegante\/\" rel=\"nofollow\">sebas\u00adtien-auziere.fr<\/a> to extend the visit and delve deeper into the subject.<\/p>","protected":false},"excerpt":{"rendered":"<p>Brigitte Macron truly charmed the Vatican by opting for a discreet elegance: a black midi dress, a bun impeccably styled, and a My Dior clutch that made an impression during the state visit on April 10, 2026. Upon arrival at the apostolic palace, her black look embodied respect for protocol and French refinement. In brief: &#8230; <a title=\"Brigitte Macron charms the Vatican with a discreet elegance, dressed in black for a memorable state visit\" class=\"read-more\" href=\"https:\/\/www.sebastien-auziere.fr\/blog\/en\/brigitte-macron-charms-the-vatican-with-a-discreet-elegance-dressed-in-black-for-a-memorable-state-visit\/\" aria-label=\"En savoir plus sur Brigitte Macron charms the Vatican with a discreet elegance, dressed in black for a memorable state visit\">Lire plus<\/a><\/p>\n","protected":false},"author":9,"featured_media":2990,"comment_status":"open","ping_status":"open","sticky":false,"template":"","format":"standard","meta":{"footnotes":""},"categories":[816],"tags":[898,2724,2730,2727,2122],"class_list":["post-2992","post","type-post","status-publish","format-standard","has-post-thumbnail","hentry","category-news","tag-brigitte-macron-en","tag-elegant-discretion-en","tag-state-visit-en","tag-tenue-noire-en","tag-vatican-en"],"yoast_head":"<!-- This site is optimized with the Yoast SEO plugin v27.5 - https:\/\/yoast.com\/product\/yoast-seo-wordpress\/ -->\n<title>Brigitte Macron charms the Vatican with a discreet elegance, dressed in black for a memorable state visit - Fan site S\u00e9bastien Auzi\u00e8re<\/title>\n<meta name=\"description\" content=\"Brigitte Macron s\u00e9duit le Vatican avec une \u00e9l\u00e9gance discr\u00e8te en noir lors d&#039;une visite d\u2019\u00c9tat m\u00e9morable, alliant style et respect.\" \/>\n<meta name=\"robots\" content=\"index, follow, max-snippet:-1, max-image-preview:large, max-video-preview:-1\" \/>\n<link rel=\"canonical\" href=\"https:\/\/www.sebastien-auziere.fr\/blog\/en\/brigitte-macron-charms-the-vatican-with-a-discreet-elegance-dressed-in-black-for-a-memorable-state-visit\/\" \/>\n<meta property=\"og:locale\" content=\"fr_FR\" \/>\n<meta property=\"og:type\" content=\"article\" \/>\n<meta property=\"og:title\" content=\"Brigitte Macron charms the Vatican with a discreet elegance, dressed in black for a memorable state visit - Fan site S\u00e9bastien Auzi\u00e8re\" \/>\n<meta property=\"og:description\" content=\"Brigitte Macron s\u00e9duit le Vatican avec une \u00e9l\u00e9gance discr\u00e8te en noir lors d&#039;une visite d\u2019\u00c9tat m\u00e9morable, alliant style et respect.\" \/>\n<meta property=\"og:url\" content=\"https:\/\/www.sebastien-auziere.fr\/blog\/en\/brigitte-macron-charms-the-vatican-with-a-discreet-elegance-dressed-in-black-for-a-memorable-state-visit\/\" \/>\n<meta property=\"og:site_name\" content=\"Fan site S\u00e9bastien Auzi\u00e8re\" \/>\n<meta property=\"article:published_time\" content=\"2026-04-13T19:05:36+00:00\" \/>\n<meta property=\"article:modified_time\" content=\"2026-04-13T19:05:55+00:00\" \/>\n<meta property=\"og:image\" content=\"https:\/\/www.sebastien-auziere.fr\/blog\/wp-content\/uploads\/2026\/04\/Brigitte-Macron-charme-le-Vatican-avec-une-elegance-discrete-vetue-de-noir-pour-une-visite-dEtat-memorable.jpg\" \/>\n\t<meta property=\"og:image:width\" content=\"2560\" \/>\n\t<meta property=\"og:image:height\" content=\"1429\" \/>\n\t<meta property=\"og:image:type\" content=\"image\/jpeg\" \/>\n<meta name=\"author\" content=\"Chloe Gauthier\" \/>\n<meta name=\"twitter:card\" content=\"summary_large_image\" \/>\n<meta name=\"twitter:label1\" content=\"\u00c9crit par\" \/>\n\t<meta name=\"twitter:data1\" content=\"Chloe Gauthier\" \/>\n\t<meta name=\"twitter:label2\" content=\"Dur\u00e9e de lecture estim\u00e9e\" \/>\n\t<meta name=\"twitter:data2\" content=\"2 minutes\" \/>\n<script type=\"application\/ld+json\" class=\"yoast-schema-graph\">{\"@context\":\"https:\\\/\\\/schema.org\",\"@graph\":[{\"@type\":\"Article\",\"@id\":\"https:\\\/\\\/www.sebastien-auziere.fr\\\/blog\\\/en\\\/brigitte-macron-charms-the-vatican-with-a-discreet-elegance-dressed-in-black-for-a-memorable-state-visit\\\/#article\",\"isPartOf\":{\"@id\":\"https:\\\/\\\/www.sebastien-auziere.fr\\\/blog\\\/en\\\/brigitte-macron-charms-the-vatican-with-a-discreet-elegance-dressed-in-black-for-a-memorable-state-visit\\\/\"},\"author\":{\"name\":\"Chloe Gauthier\",\"@id\":\"https:\\\/\\\/www.sebastien-auziere.fr\\\/blog\\\/#\\\/schema\\\/person\\\/149f1acdbfd85149c6c3e59adeae2f4d\"},\"headline\":\"Brigitte Macron charms the Vatican with a discreet elegance, dressed in black for a memorable state visit\",\"datePublished\":\"2026-04-13T19:05:36+00:00\",\"dateModified\":\"2026-04-13T19:05:55+00:00\",\"mainEntityOfPage\":{\"@id\":\"https:\\\/\\\/www.sebastien-auziere.fr\\\/blog\\\/en\\\/brigitte-macron-charms-the-vatican-with-a-discreet-elegance-dressed-in-black-for-a-memorable-state-visit\\\/\"},\"wordCount\":474,\"commentCount\":0,\"publisher\":{\"@id\":\"https:\\\/\\\/www.sebastien-auziere.fr\\\/blog\\\/#organization\"},\"image\":{\"@id\":\"https:\\\/\\\/www.sebastien-auziere.fr\\\/blog\\\/en\\\/brigitte-macron-charms-the-vatican-with-a-discreet-elegance-dressed-in-black-for-a-memorable-state-visit\\\/#primaryimage\"},\"thumbnailUrl\":\"https:\\\/\\\/www.sebastien-auziere.fr\\\/blog\\\/wp-content\\\/uploads\\\/2026\\\/04\\\/Brigitte-Macron-charme-le-Vatican-avec-une-elegance-discrete-vetue-de-noir-pour-une-visite-dEtat-memorable.jpg\",\"keywords\":[\"brigitte macron\",\"elegant discretion\",\"state visit\",\"tenue noire\",\"vatican\"],\"articleSection\":[\"News\"],\"inLanguage\":\"fr-FR\",\"potentialAction\":[{\"@type\":\"CommentAction\",\"name\":\"Comment\",\"target\":[\"https:\\\/\\\/www.sebastien-auziere.fr\\\/blog\\\/en\\\/brigitte-macron-charms-the-vatican-with-a-discreet-elegance-dressed-in-black-for-a-memorable-state-visit\\\/#respond\"]}]},{\"@type\":\"WebPage\",\"@id\":\"https:\\\/\\\/www.sebastien-auziere.fr\\\/blog\\\/en\\\/brigitte-macron-charms-the-vatican-with-a-discreet-elegance-dressed-in-black-for-a-memorable-state-visit\\\/\",\"url\":\"https:\\\/\\\/www.sebastien-auziere.fr\\\/blog\\\/en\\\/brigitte-macron-charms-the-vatican-with-a-discreet-elegance-dressed-in-black-for-a-memorable-state-visit\\\/\",\"name\":\"Brigitte Macron charms the Vatican with a discreet elegance, dressed in black for a memorable state visit - Fan site S\u00e9bastien Auzi\u00e8re\",\"isPartOf\":{\"@id\":\"https:\\\/\\\/www.sebastien-auziere.fr\\\/blog\\\/#website\"},\"primaryImageOfPage\":{\"@id\":\"https:\\\/\\\/www.sebastien-auziere.fr\\\/blog\\\/en\\\/brigitte-macron-charms-the-vatican-with-a-discreet-elegance-dressed-in-black-for-a-memorable-state-visit\\\/#primaryimage\"},\"image\":{\"@id\":\"https:\\\/\\\/www.sebastien-auziere.fr\\\/blog\\\/en\\\/brigitte-macron-charms-the-vatican-with-a-discreet-elegance-dressed-in-black-for-a-memorable-state-visit\\\/#primaryimage\"},\"thumbnailUrl\":\"https:\\\/\\\/www.sebastien-auziere.fr\\\/blog\\\/wp-content\\\/uploads\\\/2026\\\/04\\\/Brigitte-Macron-charme-le-Vatican-avec-une-elegance-discrete-vetue-de-noir-pour-une-visite-dEtat-memorable.jpg\",\"datePublished\":\"2026-04-13T19:05:36+00:00\",\"dateModified\":\"2026-04-13T19:05:55+00:00\",\"description\":\"Brigitte Macron s\u00e9duit le Vatican avec une \u00e9l\u00e9gance discr\u00e8te en noir lors d'une visite d\u2019\u00c9tat m\u00e9morable, alliant style et respect.\",\"breadcrumb\":{\"@id\":\"https:\\\/\\\/www.sebastien-auziere.fr\\\/blog\\\/en\\\/brigitte-macron-charms-the-vatican-with-a-discreet-elegance-dressed-in-black-for-a-memorable-state-visit\\\/#breadcrumb\"},\"inLanguage\":\"fr-FR\",\"potentialAction\":[{\"@type\":\"ReadAction\",\"target\":[\"https:\\\/\\\/www.sebastien-auziere.fr\\\/blog\\\/en\\\/brigitte-macron-charms-the-vatican-with-a-discreet-elegance-dressed-in-black-for-a-memorable-state-visit\\\/\"]}]},{\"@type\":\"ImageObject\",\"inLanguage\":\"fr-FR\",\"@id\":\"https:\\\/\\\/www.sebastien-auziere.fr\\\/blog\\\/en\\\/brigitte-macron-charms-the-vatican-with-a-discreet-elegance-dressed-in-black-for-a-memorable-state-visit\\\/#primaryimage\",\"url\":\"https:\\\/\\\/www.sebastien-auziere.fr\\\/blog\\\/wp-content\\\/uploads\\\/2026\\\/04\\\/Brigitte-Macron-charme-le-Vatican-avec-une-elegance-discrete-vetue-de-noir-pour-une-visite-dEtat-memorable.jpg\",\"contentUrl\":\"https:\\\/\\\/www.sebastien-auziere.fr\\\/blog\\\/wp-content\\\/uploads\\\/2026\\\/04\\\/Brigitte-Macron-charme-le-Vatican-avec-une-elegance-discrete-vetue-de-noir-pour-une-visite-dEtat-memorable.jpg\",\"width\":2560,\"height\":1429,\"caption\":\"d\u00e9couvrez comment brigitte macron a s\u00e9duit le vatican par son \u00e9l\u00e9gance discr\u00e8te, v\u00eatue de noir lors d'une visite d\u2019\u00e9tat m\u00e9morable, alliant charme et respect des traditions.\"},{\"@type\":\"BreadcrumbList\",\"@id\":\"https:\\\/\\\/www.sebastien-auziere.fr\\\/blog\\\/en\\\/brigitte-macron-charms-the-vatican-with-a-discreet-elegance-dressed-in-black-for-a-memorable-state-visit\\\/#breadcrumb\",\"itemListElement\":[{\"@type\":\"ListItem\",\"position\":1,\"name\":\"Home\",\"item\":\"https:\\\/\\\/www.sebastien-auziere.fr\\\/blog\\\/\"},{\"@type\":\"ListItem\",\"position\":2,\"name\":\"Brigitte Macron charms the Vatican with a discreet elegance, dressed in black for a memorable state visit\"}]},{\"@type\":\"WebSite\",\"@id\":\"https:\\\/\\\/www.sebastien-auziere.fr\\\/blog\\\/#website\",\"url\":\"https:\\\/\\\/www.sebastien-auziere.fr\\\/blog\\\/\",\"name\":\"Fan site S\u00e9bastien Auzi\u00e8re\",\"description\":\"M\u00e9dia g\u00e9n\u00e9raliste\",\"publisher\":{\"@id\":\"https:\\\/\\\/www.sebastien-auziere.fr\\\/blog\\\/#organization\"},\"potentialAction\":[{\"@type\":\"SearchAction\",\"target\":{\"@type\":\"EntryPoint\",\"urlTemplate\":\"https:\\\/\\\/www.sebastien-auziere.fr\\\/blog\\\/?s={search_term_string}\"},\"query-input\":{\"@type\":\"PropertyValueSpecification\",\"valueRequired\":true,\"valueName\":\"search_term_string\"}}],\"inLanguage\":\"fr-FR\"},{\"@type\":\"Organization\",\"@id\":\"https:\\\/\\\/www.sebastien-auziere.fr\\\/blog\\\/#organization\",\"name\":\"Fan site S\u00e9bastien Auzi\u00e8re\",\"url\":\"https:\\\/\\\/www.sebastien-auziere.fr\\\/blog\\\/\",\"logo\":{\"@type\":\"ImageObject\",\"inLanguage\":\"fr-FR\",\"@id\":\"https:\\\/\\\/www.sebastien-auziere.fr\\\/blog\\\/#\\\/schema\\\/logo\\\/image\\\/\",\"url\":\"https:\\\/\\\/www.sebastien-auziere.fr\\\/blog\\\/wp-content\\\/uploads\\\/2026\\\/03\\\/cropped-cropped-cropped-ChatGPT-Image-6-mars-2026-12_58_09-e1772798376794.jpg\",\"contentUrl\":\"https:\\\/\\\/www.sebastien-auziere.fr\\\/blog\\\/wp-content\\\/uploads\\\/2026\\\/03\\\/cropped-cropped-cropped-ChatGPT-Image-6-mars-2026-12_58_09-e1772798376794.jpg\",\"width\":512,\"height\":360,\"caption\":\"Fan site S\u00e9bastien Auzi\u00e8re\"},\"image\":{\"@id\":\"https:\\\/\\\/www.sebastien-auziere.fr\\\/blog\\\/#\\\/schema\\\/logo\\\/image\\\/\"}},{\"@type\":\"Person\",\"@id\":\"https:\\\/\\\/www.sebastien-auziere.fr\\\/blog\\\/#\\\/schema\\\/person\\\/149f1acdbfd85149c6c3e59adeae2f4d\",\"name\":\"Chloe Gauthier\",\"image\":{\"@type\":\"ImageObject\",\"inLanguage\":\"fr-FR\",\"@id\":\"https:\\\/\\\/secure.gravatar.com\\\/avatar\\\/2c5722f58171cff738a8985ef0dd66b476e563753246a49019befc837ec4201a?s=96&d=mm&r=g\",\"url\":\"https:\\\/\\\/secure.gravatar.com\\\/avatar\\\/2c5722f58171cff738a8985ef0dd66b476e563753246a49019befc837ec4201a?s=96&d=mm&r=g\",\"contentUrl\":\"https:\\\/\\\/secure.gravatar.com\\\/avatar\\\/2c5722f58171cff738a8985ef0dd66b476e563753246a49019befc837ec4201a?s=96&d=mm&r=g\",\"caption\":\"Chloe Gauthier\"},\"description\":\"Passionn\u00e9e par la politique et admiratrice engag\u00e9e de la famille Macron, je consacre mon \u00e9nergie \u00e0 suivre leurs initiatives et \u00e0 promouvoir leurs id\u00e9es. \u00c0 32 ans, je suis convaincue que leur vision est porteuse d'avenir.\",\"url\":\"https:\\\/\\\/www.sebastien-auziere.fr\\\/blog\\\/author\\\/chloe-gauthier\\\/\"}]}<\/script>\n<!-- \/ Yoast SEO plugin. -->","yoast_head_json":{"title":"Brigitte Macron charms the Vatican with a discreet elegance, dressed in black for a memorable state visit - Fan site S\u00e9bastien Auzi\u00e8re","description":"Brigitte Macron s\u00e9duit le Vatican avec une \u00e9l\u00e9gance discr\u00e8te en noir lors d'une visite d\u2019\u00c9tat m\u00e9morable, alliant style et respect.","robots":{"index":"index","follow":"follow","max-snippet":"max-snippet:-1","max-image-preview":"max-image-preview:large","max-video-preview":"max-video-preview:-1"},"canonical":"https:\/\/www.sebastien-auziere.fr\/blog\/en\/brigitte-macron-charms-the-vatican-with-a-discreet-elegance-dressed-in-black-for-a-memorable-state-visit\/","og_locale":"fr_FR","og_type":"article","og_title":"Brigitte Macron charms the Vatican with a discreet elegance, dressed in black for a memorable state visit - Fan site S\u00e9bastien Auzi\u00e8re","og_description":"Brigitte Macron s\u00e9duit le Vatican avec une \u00e9l\u00e9gance discr\u00e8te en noir lors d'une visite d\u2019\u00c9tat m\u00e9morable, alliant style et respect.","og_url":"https:\/\/www.sebastien-auziere.fr\/blog\/en\/brigitte-macron-charms-the-vatican-with-a-discreet-elegance-dressed-in-black-for-a-memorable-state-visit\/","og_site_name":"Fan site S\u00e9bastien Auzi\u00e8re","article_published_time":"2026-04-13T19:05:36+00:00","article_modified_time":"2026-04-13T19:05:55+00:00","og_image":[{"width":2560,"height":1429,"url":"https:\/\/www.sebastien-auziere.fr\/blog\/wp-content\/uploads\/2026\/04\/Brigitte-Macron-charme-le-Vatican-avec-une-elegance-discrete-vetue-de-noir-pour-une-visite-dEtat-memorable.jpg","type":"image\/jpeg"}],"author":"Chloe Gauthier","twitter_card":"summary_large_image","twitter_misc":{"\u00c9crit par":"Chloe Gauthier","Dur\u00e9e de lecture estim\u00e9e":"2 minutes"},"schema":{"@context":"https:\/\/schema.org","@graph":[{"@type":"Article","@id":"https:\/\/www.sebastien-auziere.fr\/blog\/en\/brigitte-macron-charms-the-vatican-with-a-discreet-elegance-dressed-in-black-for-a-memorable-state-visit\/#article","isPartOf":{"@id":"https:\/\/www.sebastien-auziere.fr\/blog\/en\/brigitte-macron-charms-the-vatican-with-a-discreet-elegance-dressed-in-black-for-a-memorable-state-visit\/"},"author":{"name":"Chloe Gauthier","@id":"https:\/\/www.sebastien-auziere.fr\/blog\/#\/schema\/person\/149f1acdbfd85149c6c3e59adeae2f4d"},"headline":"Brigitte Macron charms the Vatican with a discreet elegance, dressed in black for a memorable state visit","datePublished":"2026-04-13T19:05:36+00:00","dateModified":"2026-04-13T19:05:55+00:00","mainEntityOfPage":{"@id":"https:\/\/www.sebastien-auziere.fr\/blog\/en\/brigitte-macron-charms-the-vatican-with-a-discreet-elegance-dressed-in-black-for-a-memorable-state-visit\/"},"wordCount":474,"commentCount":0,"publisher":{"@id":"https:\/\/www.sebastien-auziere.fr\/blog\/#organization"},"image":{"@id":"https:\/\/www.sebastien-auziere.fr\/blog\/en\/brigitte-macron-charms-the-vatican-with-a-discreet-elegance-dressed-in-black-for-a-memorable-state-visit\/#primaryimage"},"thumbnailUrl":"https:\/\/www.sebastien-auziere.fr\/blog\/wp-content\/uploads\/2026\/04\/Brigitte-Macron-charme-le-Vatican-avec-une-elegance-discrete-vetue-de-noir-pour-une-visite-dEtat-memorable.jpg","keywords":["brigitte macron","elegant discretion","state visit","tenue noire","vatican"],"articleSection":["News"],"inLanguage":"fr-FR","potentialAction":[{"@type":"CommentAction","name":"Comment","target":["https:\/\/www.sebastien-auziere.fr\/blog\/en\/brigitte-macron-charms-the-vatican-with-a-discreet-elegance-dressed-in-black-for-a-memorable-state-visit\/#respond"]}]},{"@type":"WebPage","@id":"https:\/\/www.sebastien-auziere.fr\/blog\/en\/brigitte-macron-charms-the-vatican-with-a-discreet-elegance-dressed-in-black-for-a-memorable-state-visit\/","url":"https:\/\/www.sebastien-auziere.fr\/blog\/en\/brigitte-macron-charms-the-vatican-with-a-discreet-elegance-dressed-in-black-for-a-memorable-state-visit\/","name":"Brigitte Macron charms the Vatican with a discreet elegance, dressed in black for a memorable state visit - Fan site S\u00e9bastien Auzi\u00e8re","isPartOf":{"@id":"https:\/\/www.sebastien-auziere.fr\/blog\/#website"},"primaryImageOfPage":{"@id":"https:\/\/www.sebastien-auziere.fr\/blog\/en\/brigitte-macron-charms-the-vatican-with-a-discreet-elegance-dressed-in-black-for-a-memorable-state-visit\/#primaryimage"},"image":{"@id":"https:\/\/www.sebastien-auziere.fr\/blog\/en\/brigitte-macron-charms-the-vatican-with-a-discreet-elegance-dressed-in-black-for-a-memorable-state-visit\/#primaryimage"},"thumbnailUrl":"https:\/\/www.sebastien-auziere.fr\/blog\/wp-content\/uploads\/2026\/04\/Brigitte-Macron-charme-le-Vatican-avec-une-elegance-discrete-vetue-de-noir-pour-une-visite-dEtat-memorable.jpg","datePublished":"2026-04-13T19:05:36+00:00","dateModified":"2026-04-13T19:05:55+00:00","description":"Brigitte Macron s\u00e9duit le Vatican avec une \u00e9l\u00e9gance discr\u00e8te en noir lors d'une visite d\u2019\u00c9tat m\u00e9morable, alliant style et respect.","breadcrumb":{"@id":"https:\/\/www.sebastien-auziere.fr\/blog\/en\/brigitte-macron-charms-the-vatican-with-a-discreet-elegance-dressed-in-black-for-a-memorable-state-visit\/#breadcrumb"},"inLanguage":"fr-FR","potentialAction":[{"@type":"ReadAction","target":["https:\/\/www.sebastien-auziere.fr\/blog\/en\/brigitte-macron-charms-the-vatican-with-a-discreet-elegance-dressed-in-black-for-a-memorable-state-visit\/"]}]},{"@type":"ImageObject","inLanguage":"fr-FR","@id":"https:\/\/www.sebastien-auziere.fr\/blog\/en\/brigitte-macron-charms-the-vatican-with-a-discreet-elegance-dressed-in-black-for-a-memorable-state-visit\/#primaryimage","url":"https:\/\/www.sebastien-auziere.fr\/blog\/wp-content\/uploads\/2026\/04\/Brigitte-Macron-charme-le-Vatican-avec-une-elegance-discrete-vetue-de-noir-pour-une-visite-dEtat-memorable.jpg","contentUrl":"https:\/\/www.sebastien-auziere.fr\/blog\/wp-content\/uploads\/2026\/04\/Brigitte-Macron-charme-le-Vatican-avec-une-elegance-discrete-vetue-de-noir-pour-une-visite-dEtat-memorable.jpg","width":2560,"height":1429,"caption":"d\u00e9couvrez comment brigitte macron a s\u00e9duit le vatican par son \u00e9l\u00e9gance discr\u00e8te, v\u00eatue de noir lors d'une visite d\u2019\u00e9tat m\u00e9morable, alliant charme et respect des traditions."},{"@type":"BreadcrumbList","@id":"https:\/\/www.sebastien-auziere.fr\/blog\/en\/brigitte-macron-charms-the-vatican-with-a-discreet-elegance-dressed-in-black-for-a-memorable-state-visit\/#breadcrumb","itemListElement":[{"@type":"ListItem","position":1,"name":"Home","item":"https:\/\/www.sebastien-auziere.fr\/blog\/"},{"@type":"ListItem","position":2,"name":"Brigitte Macron charms the Vatican with a discreet elegance, dressed in black for a memorable state visit"}]},{"@type":"WebSite","@id":"https:\/\/www.sebastien-auziere.fr\/blog\/#website","url":"https:\/\/www.sebastien-auziere.fr\/blog\/","name":"Fan site S\u00e9bastien Auzi\u00e8re","description":"M\u00e9dia g\u00e9n\u00e9raliste","publisher":{"@id":"https:\/\/www.sebastien-auziere.fr\/blog\/#organization"},"potentialAction":[{"@type":"SearchAction","target":{"@type":"EntryPoint","urlTemplate":"https:\/\/www.sebastien-auziere.fr\/blog\/?s={search_term_string}"},"query-input":{"@type":"PropertyValueSpecification","valueRequired":true,"valueName":"search_term_string"}}],"inLanguage":"fr-FR"},{"@type":"Organization","@id":"https:\/\/www.sebastien-auziere.fr\/blog\/#organization","name":"Fan site S\u00e9bastien Auzi\u00e8re","url":"https:\/\/www.sebastien-auziere.fr\/blog\/","logo":{"@type":"ImageObject","inLanguage":"fr-FR","@id":"https:\/\/www.sebastien-auziere.fr\/blog\/#\/schema\/logo\/image\/","url":"https:\/\/www.sebastien-auziere.fr\/blog\/wp-content\/uploads\/2026\/03\/cropped-cropped-cropped-ChatGPT-Image-6-mars-2026-12_58_09-e1772798376794.jpg","contentUrl":"https:\/\/www.sebastien-auziere.fr\/blog\/wp-content\/uploads\/2026\/03\/cropped-cropped-cropped-ChatGPT-Image-6-mars-2026-12_58_09-e1772798376794.jpg","width":512,"height":360,"caption":"Fan site S\u00e9bastien Auzi\u00e8re"},"image":{"@id":"https:\/\/www.sebastien-auziere.fr\/blog\/#\/schema\/logo\/image\/"}},{"@type":"Person","@id":"https:\/\/www.sebastien-auziere.fr\/blog\/#\/schema\/person\/149f1acdbfd85149c6c3e59adeae2f4d","name":"Chloe Gauthier","image":{"@type":"ImageObject","inLanguage":"fr-FR","@id":"https:\/\/secure.gravatar.com\/avatar\/2c5722f58171cff738a8985ef0dd66b476e563753246a49019befc837ec4201a?s=96&d=mm&r=g","url":"https:\/\/secure.gravatar.com\/avatar\/2c5722f58171cff738a8985ef0dd66b476e563753246a49019befc837ec4201a?s=96&d=mm&r=g","contentUrl":"https:\/\/secure.gravatar.com\/avatar\/2c5722f58171cff738a8985ef0dd66b476e563753246a49019befc837ec4201a?s=96&d=mm&r=g","caption":"Chloe Gauthier"},"description":"Passionn\u00e9e par la politique et admiratrice engag\u00e9e de la famille Macron, je consacre mon \u00e9nergie \u00e0 suivre leurs initiatives et \u00e0 promouvoir leurs id\u00e9es. \u00c0 32 ans, je suis convaincue que leur vision est porteuse d'avenir.","url":"https:\/\/www.sebastien-auziere.fr\/blog\/author\/chloe-gauthier\/"}]}},"views":3,"_links":{"self":[{"href":"https:\/\/www.sebastien-auziere.fr\/blog\/wp-json\/wp\/v2\/posts\/2992","targetHints":{"allow":["GET"]}}],"collection":[{"href":"https:\/\/www.sebastien-auziere.fr\/blog\/wp-json\/wp\/v2\/posts"}],"about":[{"href":"https:\/\/www.sebastien-auziere.fr\/blog\/wp-json\/wp\/v2\/types\/post"}],"author":[{"embeddable":true,"href":"https:\/\/www.sebastien-auziere.fr\/blog\/wp-json\/wp\/v2\/users\/9"}],"replies":[{"embeddable":true,"href":"https:\/\/www.sebastien-auziere.fr\/blog\/wp-json\/wp\/v2\/comments?post=2992"}],"version-history":[{"count":1,"href":"https:\/\/www.sebastien-auziere.fr\/blog\/wp-json\/wp\/v2\/posts\/2992\/revisions"}],"predecessor-version":[{"id":2993,"href":"https:\/\/www.sebastien-auziere.fr\/blog\/wp-json\/wp\/v2\/posts\/2992\/revisions\/2993"}],"wp:featuredmedia":[{"embeddable":true,"href":"https:\/\/www.sebastien-auziere.fr\/blog\/wp-json\/wp\/v2\/media\/2990"}],"wp:attachment":[{"href":"https:\/\/www.sebastien-auziere.fr\/blog\/wp-json\/wp\/v2\/media?parent=2992"}],"wp:term":[{"taxonomy":"category","embeddable":true,"href":"https:\/\/www.sebastien-auziere.fr\/blog\/wp-json\/wp\/v2\/categories?post=2992"},{"taxonomy":"post_tag","embeddable":true,"href":"https:\/\/www.sebastien-auziere.fr\/blog\/wp-json\/wp\/v2\/tags?post=2992"}],"curies":[{"name":"wp","href":"https:\/\/api.w.org\/{rel}","templated":true}]}}