{"id":2991,"date":"2026-04-13T19:05:35","date_gmt":"2026-04-13T19:05:35","guid":{"rendered":"https:\/\/www.sebastien-auziere.fr\/blog\/brigitte-macron-vatican-noir\/"},"modified":"2026-04-13T19:05:35","modified_gmt":"2026-04-13T19:05:35","slug":"brigitte-macron-vatican-noir","status":"publish","type":"post","link":"https:\/\/www.sebastien-auziere.fr\/blog\/brigitte-macron-vatican-noir\/","title":{"rendered":"Brigitte Macron charme le Vatican avec une \u00e9l\u00e9gance discr\u00e8te, v\u00eatue de noir pour une visite d\u2019\u00c9tat m\u00e9morable"},"content":{"rendered":"<p><strong>Brigitte Macron<\/strong> a v\u00e9ritablement <strong>charm\u00e9<\/strong> le <strong>Vatican<\/strong> en optant pour une <strong>\u00e9l\u00e9gance discr\u00e8te<\/strong> : robe noire midi, <strong>chignon<\/strong> impeccable et une pochette My Dior qui a fait sensation lors de la <strong>visite d\u2019\u00c9tat<\/strong> du 10 avril 2026. D\u00e8s l\u2019arriv\u00e9e au palais apostolique, son <strong>look noir<\/strong> a incarn\u00e9 respect du protocole et raffinement fran\u00e7ais.<\/p>\n\n<p><strong>En bref<\/strong> : le couple pr\u00e9sidentiel a \u00e9t\u00e9 re\u00e7u par le pape L\u00e9on XIV presque un an apr\u00e8s son \u00e9lection ; il s\u2019agissait de la quatri\u00e8me audience papale pour Emmanuel Macron depuis 2018. La tenue sobre de la Premi\u00e8re dame, associant sobri\u00e9t\u00e9 et accessoires de maison de luxe, a transform\u00e9 cette rencontre officielle en un moment <strong>m\u00e9morable<\/strong>.<\/p>\n\n<h2 class=\"wp-block-heading\">Protocole et sobri\u00e9t\u00e9 : la tenue noire comme marque de respect<\/h2>\n\n<p>Arriv\u00e9e au Vatican le 10 avril 2026, la Premi\u00e8re dame a respect\u00e9 le protocole attendu pour une audience papale, choisissant une robe \u00e0 manches longues tombant sous le genou et un long foulard en dentelle. Ce choix s\u2019inscrit dans la tradition des visites d\u2019\u00c9tat et explique pourquoi, selon plusieurs reportages, la couleur noire reste de mise pour ces audiences <a href=\"https:\/\/www.voici.fr\/celebrites\/emmanuel-et-brigitte-macron-rencontrent-le-pape-leon-xiv-pourquoi-la-premiere-dame-doit-obligatoirement-s-habiller-en-noir-822087\" rel=\"nofollow\">Pourquoi la premi\u00e8re dame doit s&rsquo;habiller en noir<\/a>. Un geste sobre, charg\u00e9 de sens.<\/p>\n\n<h2 class=\"wp-block-heading\">Accessoires sign\u00e9s et d\u00e9tail couture : la touche fran\u00e7aise<\/h2>\n\n<p>La <strong>pochette My Dior<\/strong>, en cuir de veau noir avec charms, sign\u00e9e Jonathan Anderson, a ponctu\u00e9 la tenue avec discr\u00e9tion. Escarpins vertigineux et \u00e9charpe en dentelle ont compl\u00e9t\u00e9 une silhouette \u00e9tudi\u00e9e pour la <strong>diplomatie<\/strong>. Pour revivre les choix stylistiques de la Premi\u00e8re dame lors de cette visite, retrouve une analyse d\u00e9taill\u00e9e de la <strong>tenue<\/strong> sur le site d\u00e9di\u00e9 <a href=\"https:\/\/www.sebastien-auziere.fr\/blog\/brigitte-macron-look-vatican\/\" rel=\"nofollow\">Brigitte Macron : look au Vatican<\/a>. L\u2019accessoire devient ici un message.<\/p>\n\n<h2 class=\"wp-block-heading\">Beaut\u00e9 et r\u00e9f\u00e9rences : chignon banane et gestes ma\u00eetris\u00e9s<\/h2>\n\n<p>Le <strong>chignon banane<\/strong>, coiffure souvent choisie pour les d\u00e9placements officiels, \u00e9tait une nouvelle fois au rendez\u2011vous. Ce style, d\u00e9j\u00e0 port\u00e9 lors de la visite au Japon le 2 avril et lors d\u2019accueils officiels \u00e0 l\u2019\u00c9lys\u00e9e, assure une image soign\u00e9e et respectueuse. Pour comprendre l\u2019\u00e9volution des looks de la Premi\u00e8re dame, voir aussi un portrait de ses choix vestimentaires sur <a href=\"https:\/\/www.sebastien-auziere.fr\/blog\/brigitte-macron-japon\/\" rel=\"nofollow\">Brigitte Macron au Japon<\/a>. Une \u00e9l\u00e9gance qui parle au-del\u00e0 des mots.<\/p>\n\n<h2 class=\"wp-block-heading\">Diplomatie, symboles et port\u00e9e m\u00e9diatique de la visite d\u2019\u00c9tat<\/h2>\n\n<p>Cette audience au palais apostolique s\u2019inscrit dans une s\u00e9rie d\u2019\u00e9changes diplomatiques : elle marque la continuit\u00e9 des relations entre la France et le Saint\u2011Si\u00e8ge et prend place apr\u00e8s les audiences pr\u00e9sidentielles de 2018, 2021 et 2022. La combinaison d\u2019un protocole r\u00e9publicain et la\u00efc avec une mise en sc\u00e8ne vestimentaire sobre a renforc\u00e9 le caract\u00e8re <strong>m\u00e9morable<\/strong> de la journ\u00e9e. L\u2019impact m\u00e9diatique a \u00e9largi le d\u00e9bat autour du style et du r\u00f4le protocolaire.<\/p>\n\n<p>Tu veux en savoir plus sur les tenues, les choix accessoires et la port\u00e9e symbolique de cette visite ? Consulte davantage d\u2019analyses et de photos sur <a href=\"https:\/\/www.sebastien-auziere.fr\/blog\/brigitte-macron-look-vatican\/\" rel=\"nofollow\">Brigitte Macron : look au Vatican<\/a> et d\u00e9couvre d\u2019autres articles d\u00e9di\u00e9s \u00e0 la famille Macron sur <a href=\"https:\/\/www.sebastien-auziere.fr\/blog\/brigitte-macron-robe-elegante\/\" rel=\"nofollow\">sebas\u00adtien-auziere.fr<\/a> pour prolonger la visite et approfondir le sujet.<\/p>\n\n","protected":false},"excerpt":{"rendered":"<p>Brigitte Macron a v\u00e9ritablement charm\u00e9 le Vatican en optant pour une \u00e9l\u00e9gance discr\u00e8te : robe noire midi, chignon impeccable et une pochette My Dior qui a fait sensation lors de la visite d\u2019\u00c9tat du 10 avril 2026. D\u00e8s l\u2019arriv\u00e9e au palais apostolique, son look noir a incarn\u00e9 respect du protocole et raffinement fran\u00e7ais. En bref &#8230; <a title=\"Brigitte Macron charme le Vatican avec une \u00e9l\u00e9gance discr\u00e8te, v\u00eatue de noir pour une visite d\u2019\u00c9tat m\u00e9morable\" class=\"read-more\" href=\"https:\/\/www.sebastien-auziere.fr\/blog\/brigitte-macron-vatican-noir\/\" aria-label=\"En savoir plus sur Brigitte Macron charme le Vatican avec une \u00e9l\u00e9gance discr\u00e8te, v\u00eatue de noir pour une visite d\u2019\u00c9tat m\u00e9morable\">Lire plus<\/a><\/p>\n","protected":false},"author":9,"featured_media":2990,"comment_status":"open","ping_status":"open","sticky":false,"template":"","format":"standard","meta":{"footnotes":""},"categories":[597],"tags":[892,2718,2722,2115,2720],"class_list":["post-2991","post","type-post","status-publish","format-standard","has-post-thumbnail","hentry","category-actualites","tag-brigitte-macron","tag-elegance-discrete","tag-tenue-noire","tag-vatican","tag-visite-detat"],"yoast_head":"<!-- This site is optimized with the Yoast SEO plugin v27.5 - https:\/\/yoast.com\/product\/yoast-seo-wordpress\/ -->\n<title>Brigitte Macron charme le Vatican avec une \u00e9l\u00e9gance discr\u00e8te, v\u00eatue de noir pour une visite d\u2019\u00c9tat m\u00e9morable - Fan site S\u00e9bastien Auzi\u00e8re<\/title>\n<meta name=\"description\" content=\"Brigitte Macron s\u00e9duit le Vatican avec une \u00e9l\u00e9gance discr\u00e8te en noir lors d&#039;une visite d\u2019\u00c9tat m\u00e9morable, alliant style et respect.\" \/>\n<meta name=\"robots\" content=\"index, follow, max-snippet:-1, max-image-preview:large, max-video-preview:-1\" \/>\n<link rel=\"canonical\" href=\"https:\/\/www.sebastien-auziere.fr\/blog\/brigitte-macron-vatican-noir\/\" \/>\n<meta property=\"og:locale\" content=\"fr_FR\" \/>\n<meta property=\"og:type\" content=\"article\" \/>\n<meta property=\"og:title\" content=\"Brigitte Macron charme le Vatican avec une \u00e9l\u00e9gance discr\u00e8te, v\u00eatue de noir pour une visite d\u2019\u00c9tat m\u00e9morable - Fan site S\u00e9bastien Auzi\u00e8re\" \/>\n<meta property=\"og:description\" content=\"Brigitte Macron s\u00e9duit le Vatican avec une \u00e9l\u00e9gance discr\u00e8te en noir lors d&#039;une visite d\u2019\u00c9tat m\u00e9morable, alliant style et respect.\" \/>\n<meta property=\"og:url\" content=\"https:\/\/www.sebastien-auziere.fr\/blog\/brigitte-macron-vatican-noir\/\" \/>\n<meta property=\"og:site_name\" content=\"Fan site S\u00e9bastien Auzi\u00e8re\" \/>\n<meta property=\"article:published_time\" content=\"2026-04-13T19:05:35+00:00\" \/>\n<meta property=\"og:image\" content=\"https:\/\/www.sebastien-auziere.fr\/blog\/wp-content\/uploads\/2026\/04\/Brigitte-Macron-charme-le-Vatican-avec-une-elegance-discrete-vetue-de-noir-pour-une-visite-dEtat-memorable.jpg\" \/>\n\t<meta property=\"og:image:width\" content=\"2560\" \/>\n\t<meta property=\"og:image:height\" content=\"1429\" \/>\n\t<meta property=\"og:image:type\" content=\"image\/jpeg\" \/>\n<meta name=\"author\" content=\"Chloe Gauthier\" \/>\n<meta name=\"twitter:card\" content=\"summary_large_image\" \/>\n<meta name=\"twitter:label1\" content=\"\u00c9crit par\" \/>\n\t<meta name=\"twitter:data1\" content=\"Chloe Gauthier\" \/>\n\t<meta name=\"twitter:label2\" content=\"Dur\u00e9e de lecture estim\u00e9e\" \/>\n\t<meta name=\"twitter:data2\" content=\"3 minutes\" \/>\n<script type=\"application\/ld+json\" class=\"yoast-schema-graph\">{\"@context\":\"https:\\\/\\\/schema.org\",\"@graph\":[{\"@type\":\"Article\",\"@id\":\"https:\\\/\\\/www.sebastien-auziere.fr\\\/blog\\\/brigitte-macron-vatican-noir\\\/#article\",\"isPartOf\":{\"@id\":\"https:\\\/\\\/www.sebastien-auziere.fr\\\/blog\\\/brigitte-macron-vatican-noir\\\/\"},\"author\":{\"name\":\"Chloe Gauthier\",\"@id\":\"https:\\\/\\\/www.sebastien-auziere.fr\\\/blog\\\/#\\\/schema\\\/person\\\/149f1acdbfd85149c6c3e59adeae2f4d\"},\"headline\":\"Brigitte Macron charme le Vatican avec une \u00e9l\u00e9gance discr\u00e8te, v\u00eatue de noir pour une visite d\u2019\u00c9tat m\u00e9morable\",\"datePublished\":\"2026-04-13T19:05:35+00:00\",\"mainEntityOfPage\":{\"@id\":\"https:\\\/\\\/www.sebastien-auziere.fr\\\/blog\\\/brigitte-macron-vatican-noir\\\/\"},\"wordCount\":560,\"commentCount\":0,\"publisher\":{\"@id\":\"https:\\\/\\\/www.sebastien-auziere.fr\\\/blog\\\/#organization\"},\"image\":{\"@id\":\"https:\\\/\\\/www.sebastien-auziere.fr\\\/blog\\\/brigitte-macron-vatican-noir\\\/#primaryimage\"},\"thumbnailUrl\":\"https:\\\/\\\/www.sebastien-auziere.fr\\\/blog\\\/wp-content\\\/uploads\\\/2026\\\/04\\\/Brigitte-Macron-charme-le-Vatican-avec-une-elegance-discrete-vetue-de-noir-pour-une-visite-dEtat-memorable.jpg\",\"keywords\":[\"brigitte macron\",\"\u00e9l\u00e9gance discr\u00e8te\",\"tenue noire\",\"vatican\",\"visite d\u2019\u00e9tat\"],\"articleSection\":[\"Actualit\u00e9s\"],\"inLanguage\":\"fr-FR\",\"potentialAction\":[{\"@type\":\"CommentAction\",\"name\":\"Comment\",\"target\":[\"https:\\\/\\\/www.sebastien-auziere.fr\\\/blog\\\/brigitte-macron-vatican-noir\\\/#respond\"]}]},{\"@type\":\"WebPage\",\"@id\":\"https:\\\/\\\/www.sebastien-auziere.fr\\\/blog\\\/brigitte-macron-vatican-noir\\\/\",\"url\":\"https:\\\/\\\/www.sebastien-auziere.fr\\\/blog\\\/brigitte-macron-vatican-noir\\\/\",\"name\":\"Brigitte Macron charme le Vatican avec une \u00e9l\u00e9gance discr\u00e8te, v\u00eatue de noir pour une visite d\u2019\u00c9tat m\u00e9morable - Fan site S\u00e9bastien Auzi\u00e8re\",\"isPartOf\":{\"@id\":\"https:\\\/\\\/www.sebastien-auziere.fr\\\/blog\\\/#website\"},\"primaryImageOfPage\":{\"@id\":\"https:\\\/\\\/www.sebastien-auziere.fr\\\/blog\\\/brigitte-macron-vatican-noir\\\/#primaryimage\"},\"image\":{\"@id\":\"https:\\\/\\\/www.sebastien-auziere.fr\\\/blog\\\/brigitte-macron-vatican-noir\\\/#primaryimage\"},\"thumbnailUrl\":\"https:\\\/\\\/www.sebastien-auziere.fr\\\/blog\\\/wp-content\\\/uploads\\\/2026\\\/04\\\/Brigitte-Macron-charme-le-Vatican-avec-une-elegance-discrete-vetue-de-noir-pour-une-visite-dEtat-memorable.jpg\",\"datePublished\":\"2026-04-13T19:05:35+00:00\",\"description\":\"Brigitte Macron s\u00e9duit le Vatican avec une \u00e9l\u00e9gance discr\u00e8te en noir lors d'une visite d\u2019\u00c9tat m\u00e9morable, alliant style et respect.\",\"breadcrumb\":{\"@id\":\"https:\\\/\\\/www.sebastien-auziere.fr\\\/blog\\\/brigitte-macron-vatican-noir\\\/#breadcrumb\"},\"inLanguage\":\"fr-FR\",\"potentialAction\":[{\"@type\":\"ReadAction\",\"target\":[\"https:\\\/\\\/www.sebastien-auziere.fr\\\/blog\\\/brigitte-macron-vatican-noir\\\/\"]}]},{\"@type\":\"ImageObject\",\"inLanguage\":\"fr-FR\",\"@id\":\"https:\\\/\\\/www.sebastien-auziere.fr\\\/blog\\\/brigitte-macron-vatican-noir\\\/#primaryimage\",\"url\":\"https:\\\/\\\/www.sebastien-auziere.fr\\\/blog\\\/wp-content\\\/uploads\\\/2026\\\/04\\\/Brigitte-Macron-charme-le-Vatican-avec-une-elegance-discrete-vetue-de-noir-pour-une-visite-dEtat-memorable.jpg\",\"contentUrl\":\"https:\\\/\\\/www.sebastien-auziere.fr\\\/blog\\\/wp-content\\\/uploads\\\/2026\\\/04\\\/Brigitte-Macron-charme-le-Vatican-avec-une-elegance-discrete-vetue-de-noir-pour-une-visite-dEtat-memorable.jpg\",\"width\":2560,\"height\":1429,\"caption\":\"d\u00e9couvrez comment brigitte macron a s\u00e9duit le vatican par son \u00e9l\u00e9gance discr\u00e8te, v\u00eatue de noir lors d'une visite d\u2019\u00e9tat m\u00e9morable, alliant charme et respect des traditions.\"},{\"@type\":\"BreadcrumbList\",\"@id\":\"https:\\\/\\\/www.sebastien-auziere.fr\\\/blog\\\/brigitte-macron-vatican-noir\\\/#breadcrumb\",\"itemListElement\":[{\"@type\":\"ListItem\",\"position\":1,\"name\":\"Home\",\"item\":\"https:\\\/\\\/www.sebastien-auziere.fr\\\/blog\\\/\"},{\"@type\":\"ListItem\",\"position\":2,\"name\":\"Brigitte Macron charme le Vatican avec une \u00e9l\u00e9gance discr\u00e8te, v\u00eatue de noir pour une visite d\u2019\u00c9tat m\u00e9morable\"}]},{\"@type\":\"WebSite\",\"@id\":\"https:\\\/\\\/www.sebastien-auziere.fr\\\/blog\\\/#website\",\"url\":\"https:\\\/\\\/www.sebastien-auziere.fr\\\/blog\\\/\",\"name\":\"Fan site S\u00e9bastien Auzi\u00e8re\",\"description\":\"M\u00e9dia g\u00e9n\u00e9raliste\",\"publisher\":{\"@id\":\"https:\\\/\\\/www.sebastien-auziere.fr\\\/blog\\\/#organization\"},\"potentialAction\":[{\"@type\":\"SearchAction\",\"target\":{\"@type\":\"EntryPoint\",\"urlTemplate\":\"https:\\\/\\\/www.sebastien-auziere.fr\\\/blog\\\/?s={search_term_string}\"},\"query-input\":{\"@type\":\"PropertyValueSpecification\",\"valueRequired\":true,\"valueName\":\"search_term_string\"}}],\"inLanguage\":\"fr-FR\"},{\"@type\":\"Organization\",\"@id\":\"https:\\\/\\\/www.sebastien-auziere.fr\\\/blog\\\/#organization\",\"name\":\"Fan site S\u00e9bastien Auzi\u00e8re\",\"url\":\"https:\\\/\\\/www.sebastien-auziere.fr\\\/blog\\\/\",\"logo\":{\"@type\":\"ImageObject\",\"inLanguage\":\"fr-FR\",\"@id\":\"https:\\\/\\\/www.sebastien-auziere.fr\\\/blog\\\/#\\\/schema\\\/logo\\\/image\\\/\",\"url\":\"https:\\\/\\\/www.sebastien-auziere.fr\\\/blog\\\/wp-content\\\/uploads\\\/2026\\\/03\\\/cropped-cropped-cropped-ChatGPT-Image-6-mars-2026-12_58_09-e1772798376794.jpg\",\"contentUrl\":\"https:\\\/\\\/www.sebastien-auziere.fr\\\/blog\\\/wp-content\\\/uploads\\\/2026\\\/03\\\/cropped-cropped-cropped-ChatGPT-Image-6-mars-2026-12_58_09-e1772798376794.jpg\",\"width\":512,\"height\":360,\"caption\":\"Fan site S\u00e9bastien Auzi\u00e8re\"},\"image\":{\"@id\":\"https:\\\/\\\/www.sebastien-auziere.fr\\\/blog\\\/#\\\/schema\\\/logo\\\/image\\\/\"}},{\"@type\":\"Person\",\"@id\":\"https:\\\/\\\/www.sebastien-auziere.fr\\\/blog\\\/#\\\/schema\\\/person\\\/149f1acdbfd85149c6c3e59adeae2f4d\",\"name\":\"Chloe Gauthier\",\"image\":{\"@type\":\"ImageObject\",\"inLanguage\":\"fr-FR\",\"@id\":\"https:\\\/\\\/secure.gravatar.com\\\/avatar\\\/2c5722f58171cff738a8985ef0dd66b476e563753246a49019befc837ec4201a?s=96&d=mm&r=g\",\"url\":\"https:\\\/\\\/secure.gravatar.com\\\/avatar\\\/2c5722f58171cff738a8985ef0dd66b476e563753246a49019befc837ec4201a?s=96&d=mm&r=g\",\"contentUrl\":\"https:\\\/\\\/secure.gravatar.com\\\/avatar\\\/2c5722f58171cff738a8985ef0dd66b476e563753246a49019befc837ec4201a?s=96&d=mm&r=g\",\"caption\":\"Chloe Gauthier\"},\"description\":\"Passionn\u00e9e par la politique et admiratrice engag\u00e9e de la famille Macron, je consacre mon \u00e9nergie \u00e0 suivre leurs initiatives et \u00e0 promouvoir leurs id\u00e9es. \u00c0 32 ans, je suis convaincue que leur vision est porteuse d'avenir.\",\"url\":\"https:\\\/\\\/www.sebastien-auziere.fr\\\/blog\\\/author\\\/chloe-gauthier\\\/\"}]}<\/script>\n<!-- \/ Yoast SEO plugin. -->","yoast_head_json":{"title":"Brigitte Macron charme le Vatican avec une \u00e9l\u00e9gance discr\u00e8te, v\u00eatue de noir pour une visite d\u2019\u00c9tat m\u00e9morable - Fan site S\u00e9bastien Auzi\u00e8re","description":"Brigitte Macron s\u00e9duit le Vatican avec une \u00e9l\u00e9gance discr\u00e8te en noir lors d'une visite d\u2019\u00c9tat m\u00e9morable, alliant style et respect.","robots":{"index":"index","follow":"follow","max-snippet":"max-snippet:-1","max-image-preview":"max-image-preview:large","max-video-preview":"max-video-preview:-1"},"canonical":"https:\/\/www.sebastien-auziere.fr\/blog\/brigitte-macron-vatican-noir\/","og_locale":"fr_FR","og_type":"article","og_title":"Brigitte Macron charme le Vatican avec une \u00e9l\u00e9gance discr\u00e8te, v\u00eatue de noir pour une visite d\u2019\u00c9tat m\u00e9morable - Fan site S\u00e9bastien Auzi\u00e8re","og_description":"Brigitte Macron s\u00e9duit le Vatican avec une \u00e9l\u00e9gance discr\u00e8te en noir lors d'une visite d\u2019\u00c9tat m\u00e9morable, alliant style et respect.","og_url":"https:\/\/www.sebastien-auziere.fr\/blog\/brigitte-macron-vatican-noir\/","og_site_name":"Fan site S\u00e9bastien Auzi\u00e8re","article_published_time":"2026-04-13T19:05:35+00:00","og_image":[{"width":2560,"height":1429,"url":"https:\/\/www.sebastien-auziere.fr\/blog\/wp-content\/uploads\/2026\/04\/Brigitte-Macron-charme-le-Vatican-avec-une-elegance-discrete-vetue-de-noir-pour-une-visite-dEtat-memorable.jpg","type":"image\/jpeg"}],"author":"Chloe Gauthier","twitter_card":"summary_large_image","twitter_misc":{"\u00c9crit par":"Chloe Gauthier","Dur\u00e9e de lecture estim\u00e9e":"3 minutes"},"schema":{"@context":"https:\/\/schema.org","@graph":[{"@type":"Article","@id":"https:\/\/www.sebastien-auziere.fr\/blog\/brigitte-macron-vatican-noir\/#article","isPartOf":{"@id":"https:\/\/www.sebastien-auziere.fr\/blog\/brigitte-macron-vatican-noir\/"},"author":{"name":"Chloe Gauthier","@id":"https:\/\/www.sebastien-auziere.fr\/blog\/#\/schema\/person\/149f1acdbfd85149c6c3e59adeae2f4d"},"headline":"Brigitte Macron charme le Vatican avec une \u00e9l\u00e9gance discr\u00e8te, v\u00eatue de noir pour une visite d\u2019\u00c9tat m\u00e9morable","datePublished":"2026-04-13T19:05:35+00:00","mainEntityOfPage":{"@id":"https:\/\/www.sebastien-auziere.fr\/blog\/brigitte-macron-vatican-noir\/"},"wordCount":560,"commentCount":0,"publisher":{"@id":"https:\/\/www.sebastien-auziere.fr\/blog\/#organization"},"image":{"@id":"https:\/\/www.sebastien-auziere.fr\/blog\/brigitte-macron-vatican-noir\/#primaryimage"},"thumbnailUrl":"https:\/\/www.sebastien-auziere.fr\/blog\/wp-content\/uploads\/2026\/04\/Brigitte-Macron-charme-le-Vatican-avec-une-elegance-discrete-vetue-de-noir-pour-une-visite-dEtat-memorable.jpg","keywords":["brigitte macron","\u00e9l\u00e9gance discr\u00e8te","tenue noire","vatican","visite d\u2019\u00e9tat"],"articleSection":["Actualit\u00e9s"],"inLanguage":"fr-FR","potentialAction":[{"@type":"CommentAction","name":"Comment","target":["https:\/\/www.sebastien-auziere.fr\/blog\/brigitte-macron-vatican-noir\/#respond"]}]},{"@type":"WebPage","@id":"https:\/\/www.sebastien-auziere.fr\/blog\/brigitte-macron-vatican-noir\/","url":"https:\/\/www.sebastien-auziere.fr\/blog\/brigitte-macron-vatican-noir\/","name":"Brigitte Macron charme le Vatican avec une \u00e9l\u00e9gance discr\u00e8te, v\u00eatue de noir pour une visite d\u2019\u00c9tat m\u00e9morable - Fan site S\u00e9bastien Auzi\u00e8re","isPartOf":{"@id":"https:\/\/www.sebastien-auziere.fr\/blog\/#website"},"primaryImageOfPage":{"@id":"https:\/\/www.sebastien-auziere.fr\/blog\/brigitte-macron-vatican-noir\/#primaryimage"},"image":{"@id":"https:\/\/www.sebastien-auziere.fr\/blog\/brigitte-macron-vatican-noir\/#primaryimage"},"thumbnailUrl":"https:\/\/www.sebastien-auziere.fr\/blog\/wp-content\/uploads\/2026\/04\/Brigitte-Macron-charme-le-Vatican-avec-une-elegance-discrete-vetue-de-noir-pour-une-visite-dEtat-memorable.jpg","datePublished":"2026-04-13T19:05:35+00:00","description":"Brigitte Macron s\u00e9duit le Vatican avec une \u00e9l\u00e9gance discr\u00e8te en noir lors d'une visite d\u2019\u00c9tat m\u00e9morable, alliant style et respect.","breadcrumb":{"@id":"https:\/\/www.sebastien-auziere.fr\/blog\/brigitte-macron-vatican-noir\/#breadcrumb"},"inLanguage":"fr-FR","potentialAction":[{"@type":"ReadAction","target":["https:\/\/www.sebastien-auziere.fr\/blog\/brigitte-macron-vatican-noir\/"]}]},{"@type":"ImageObject","inLanguage":"fr-FR","@id":"https:\/\/www.sebastien-auziere.fr\/blog\/brigitte-macron-vatican-noir\/#primaryimage","url":"https:\/\/www.sebastien-auziere.fr\/blog\/wp-content\/uploads\/2026\/04\/Brigitte-Macron-charme-le-Vatican-avec-une-elegance-discrete-vetue-de-noir-pour-une-visite-dEtat-memorable.jpg","contentUrl":"https:\/\/www.sebastien-auziere.fr\/blog\/wp-content\/uploads\/2026\/04\/Brigitte-Macron-charme-le-Vatican-avec-une-elegance-discrete-vetue-de-noir-pour-une-visite-dEtat-memorable.jpg","width":2560,"height":1429,"caption":"d\u00e9couvrez comment brigitte macron a s\u00e9duit le vatican par son \u00e9l\u00e9gance discr\u00e8te, v\u00eatue de noir lors d'une visite d\u2019\u00e9tat m\u00e9morable, alliant charme et respect des traditions."},{"@type":"BreadcrumbList","@id":"https:\/\/www.sebastien-auziere.fr\/blog\/brigitte-macron-vatican-noir\/#breadcrumb","itemListElement":[{"@type":"ListItem","position":1,"name":"Home","item":"https:\/\/www.sebastien-auziere.fr\/blog\/"},{"@type":"ListItem","position":2,"name":"Brigitte Macron charme le Vatican avec une \u00e9l\u00e9gance discr\u00e8te, v\u00eatue de noir pour une visite d\u2019\u00c9tat m\u00e9morable"}]},{"@type":"WebSite","@id":"https:\/\/www.sebastien-auziere.fr\/blog\/#website","url":"https:\/\/www.sebastien-auziere.fr\/blog\/","name":"Fan site S\u00e9bastien Auzi\u00e8re","description":"M\u00e9dia g\u00e9n\u00e9raliste","publisher":{"@id":"https:\/\/www.sebastien-auziere.fr\/blog\/#organization"},"potentialAction":[{"@type":"SearchAction","target":{"@type":"EntryPoint","urlTemplate":"https:\/\/www.sebastien-auziere.fr\/blog\/?s={search_term_string}"},"query-input":{"@type":"PropertyValueSpecification","valueRequired":true,"valueName":"search_term_string"}}],"inLanguage":"fr-FR"},{"@type":"Organization","@id":"https:\/\/www.sebastien-auziere.fr\/blog\/#organization","name":"Fan site S\u00e9bastien Auzi\u00e8re","url":"https:\/\/www.sebastien-auziere.fr\/blog\/","logo":{"@type":"ImageObject","inLanguage":"fr-FR","@id":"https:\/\/www.sebastien-auziere.fr\/blog\/#\/schema\/logo\/image\/","url":"https:\/\/www.sebastien-auziere.fr\/blog\/wp-content\/uploads\/2026\/03\/cropped-cropped-cropped-ChatGPT-Image-6-mars-2026-12_58_09-e1772798376794.jpg","contentUrl":"https:\/\/www.sebastien-auziere.fr\/blog\/wp-content\/uploads\/2026\/03\/cropped-cropped-cropped-ChatGPT-Image-6-mars-2026-12_58_09-e1772798376794.jpg","width":512,"height":360,"caption":"Fan site S\u00e9bastien Auzi\u00e8re"},"image":{"@id":"https:\/\/www.sebastien-auziere.fr\/blog\/#\/schema\/logo\/image\/"}},{"@type":"Person","@id":"https:\/\/www.sebastien-auziere.fr\/blog\/#\/schema\/person\/149f1acdbfd85149c6c3e59adeae2f4d","name":"Chloe Gauthier","image":{"@type":"ImageObject","inLanguage":"fr-FR","@id":"https:\/\/secure.gravatar.com\/avatar\/2c5722f58171cff738a8985ef0dd66b476e563753246a49019befc837ec4201a?s=96&d=mm&r=g","url":"https:\/\/secure.gravatar.com\/avatar\/2c5722f58171cff738a8985ef0dd66b476e563753246a49019befc837ec4201a?s=96&d=mm&r=g","contentUrl":"https:\/\/secure.gravatar.com\/avatar\/2c5722f58171cff738a8985ef0dd66b476e563753246a49019befc837ec4201a?s=96&d=mm&r=g","caption":"Chloe Gauthier"},"description":"Passionn\u00e9e par la politique et admiratrice engag\u00e9e de la famille Macron, je consacre mon \u00e9nergie \u00e0 suivre leurs initiatives et \u00e0 promouvoir leurs id\u00e9es. \u00c0 32 ans, je suis convaincue que leur vision est porteuse d'avenir.","url":"https:\/\/www.sebastien-auziere.fr\/blog\/author\/chloe-gauthier\/"}]}},"views":6,"_links":{"self":[{"href":"https:\/\/www.sebastien-auziere.fr\/blog\/wp-json\/wp\/v2\/posts\/2991","targetHints":{"allow":["GET"]}}],"collection":[{"href":"https:\/\/www.sebastien-auziere.fr\/blog\/wp-json\/wp\/v2\/posts"}],"about":[{"href":"https:\/\/www.sebastien-auziere.fr\/blog\/wp-json\/wp\/v2\/types\/post"}],"author":[{"embeddable":true,"href":"https:\/\/www.sebastien-auziere.fr\/blog\/wp-json\/wp\/v2\/users\/9"}],"replies":[{"embeddable":true,"href":"https:\/\/www.sebastien-auziere.fr\/blog\/wp-json\/wp\/v2\/comments?post=2991"}],"version-history":[{"count":0,"href":"https:\/\/www.sebastien-auziere.fr\/blog\/wp-json\/wp\/v2\/posts\/2991\/revisions"}],"wp:featuredmedia":[{"embeddable":true,"href":"https:\/\/www.sebastien-auziere.fr\/blog\/wp-json\/wp\/v2\/media\/2990"}],"wp:attachment":[{"href":"https:\/\/www.sebastien-auziere.fr\/blog\/wp-json\/wp\/v2\/media?parent=2991"}],"wp:term":[{"taxonomy":"category","embeddable":true,"href":"https:\/\/www.sebastien-auziere.fr\/blog\/wp-json\/wp\/v2\/categories?post=2991"},{"taxonomy":"post_tag","embeddable":true,"href":"https:\/\/www.sebastien-auziere.fr\/blog\/wp-json\/wp\/v2\/tags?post=2991"}],"curies":[{"name":"wp","href":"https:\/\/api.w.org\/{rel}","templated":true}]}}