{"id":2972,"date":"2026-04-12T19:16:36","date_gmt":"2026-04-12T19:16:36","guid":{"rendered":"https:\/\/www.sebastien-auziere.fr\/blog\/?p=2972"},"modified":"2026-04-12T19:17:04","modified_gmt":"2026-04-12T19:17:04","slug":"brigitte-macron-os-tenis-brancos-ultra-confortaveis-que-ela-reutiliza-a-cada-deslocamento-oficial","status":"publish","type":"post","link":"https:\/\/www.sebastien-auziere.fr\/blog\/pt\/brigitte-macron-os-tenis-brancos-ultra-confortaveis-que-ela-reutiliza-a-cada-deslocamento-oficial\/","title":{"rendered":"Brigitte Macron: os t\u00eanis brancos ultra-confort\u00e1veis que ela reutiliza a cada deslocamento oficial"},"content":{"rendered":"<p><strong>Brigitte Macron<\/strong> t\u00eanis brancos um acess\u00f3rio assinatura durante suas sa\u00eddas oficiais: um par repetido, vis\u00edvel em v\u00e1rias <strong>viagens oficiais<\/strong>, que combina <strong>conforto<\/strong> e <strong>estilo<\/strong>. Voc\u00ea ver\u00e1 como essa escolha de moda se imp\u00f4s como um fio condutor em suas roupas, entre eleg\u00e2ncia BCBG e praticidade.<\/p>\n\n<p><strong>Em resumo:<\/strong> a Primeira-dama prefere modelos minimalistas assinados <strong>No Name<\/strong>, incluindo os modelos <strong>FLEX<\/strong> e <strong>Parko Jogger<\/strong>, usados em Roma, na \u00cdndia e durante o G7; esses <strong>t\u00eanis brancos ultra-confort\u00e1veis<\/strong> custam cerca de 139 \u20ac e s\u00e3o f\u00e1ceis de combinar com um traje estruturado ou casual.<\/p>\n\n<h2 class=\"wp-block-heading\">O modelo favorito e sua presen\u00e7a regular durante as sa\u00eddas<\/h2>\n\n<p>Em v\u00e1rias apari\u00e7\u00f5es p\u00fablicas, <strong>Brigitte Macron<\/strong> reutilizou o mesmo par de <strong>t\u00eanis brancos<\/strong>, confirmando uma fidelidade rara em mat\u00e9ria de <strong>moda<\/strong>. Observada em Roma e durante encontros internacionais, ela frequentemente usa os <strong>FLEX<\/strong> da marca <strong>No Name<\/strong>, com design minimalista e sola contrastante. Essa escolha se torna um elemento do <strong>look<\/strong> oficial, unindo chique e praticidade para as caminhadas protocolares.<\/p>\n\n<p>Para saber mais sobre a hist\u00f3ria dessa marca e seus modelos, consulte este artigo dedicado \u00e0 <a href=\"https:\/\/www.mariefrance.fr\/mode\/shopping-mode\/no-name-marque-baskets-preferee-brigitte-macron-secrets-674076.html\" rel=\"nofollow\">marca preferida da Primeira dama<\/a>, que detalha as apari\u00e7\u00f5es e os modelos.<\/p>\n\n<h2 class=\"wp-block-heading\">Design e conforto: por que esses t\u00eanis seduzem<\/h2>\n\n<p>Os <strong>FLEX<\/strong> e os <strong>Parko Jogger<\/strong> se destacam por um cabedal branco minimalista, cadar\u00e7os imaculados e uma sola grossa que alonga a silhueta enquanto oferece um suporte ideal. Essa mistura de est\u00e9tica e funcionalidade atende \u00e0 necessidade de uma Primeira dama que deve alternar entre deslocamentos e encontros sem sacrificar a presen\u00e7a.<\/p>\n\n<p>Imprensa de moda observou esse contraste entre protocolo e descontra\u00e7\u00e3o, como v\u00e1rios artigos dedicados ao <strong>look<\/strong> e \u00e0 <strong>roupa<\/strong> de Brigitte Macron relatam, incluindo durante visitas ao exterior; veja especialmente este reportagem que analisa seus t\u00eanis <a href=\"https:\/\/www.public.fr\/brigitte-macron-ses-baskets-compensees-fetiches-sont-d-une-marque-francaise\" rel=\"nofollow\">de salto e seu impacto<\/a>.<\/p>\n\n<h3 class=\"wp-block-heading\">Reutiliza\u00e7\u00e3o assumida durante as viagens oficiais<\/h3>\n\n<p>Desde o G7 na Cornualha at\u00e9 visitas na It\u00e1lia e na \u00cdndia, a reapari\u00e7\u00e3o regular desses <strong>t\u00eanis brancos ultra-confort\u00e1veis<\/strong> ressalta uma estrat\u00e9gia de guarda-roupa sustent\u00e1vel: reciclar um par para v\u00e1rios eventos permite associar <strong>conforto<\/strong> e coer\u00eancia visual.<\/p>\n\n<p>Essa escolha transforma o cal\u00e7ado em um verdadeiro <strong>acess\u00f3rio<\/strong> de comunica\u00e7\u00e3o n\u00e3o verbal, mostrando que, no topo do Estado, a <strong>moda<\/strong> pode ser moderna, pr\u00e1tica e reflexiva. Esse \u00e9 um insight que conclui essa explora\u00e7\u00e3o do estilo sem alarde.<\/p>\n\n<p>Voc\u00ea quer aprofundar-se no universo familiar e nos h\u00e1bitos de <strong>Brigitte Macron<\/strong> e descobrir os dossi\u00eas dedicados a S\u00e9bastien Auzi\u00e8re e \u00e0 fam\u00edlia Macron? Visite <a href=\"https:\/\/sebastien-auziere.fr\" rel=\"nofollow\">sebastien-auziere.fr<\/a> para saber mais sobre suas trajet\u00f3rias e compromissos.<\/p>","protected":false},"excerpt":{"rendered":"<p>Brigitte Macron t\u00eanis brancos um acess\u00f3rio assinatura durante suas sa\u00eddas oficiais: um par repetido, vis\u00edvel em v\u00e1rias viagens oficiais, que combina conforto e estilo. Voc\u00ea ver\u00e1 como essa escolha de moda se imp\u00f4s como um fio condutor em suas roupas, entre eleg\u00e2ncia BCBG e praticidade. Em resumo: a Primeira-dama prefere modelos minimalistas assinados No Name, &#8230; <a title=\"Brigitte Macron: os t\u00eanis brancos ultra-confort\u00e1veis que ela reutiliza a cada deslocamento oficial\" class=\"read-more\" href=\"https:\/\/www.sebastien-auziere.fr\/blog\/pt\/brigitte-macron-os-tenis-brancos-ultra-confortaveis-que-ela-reutiliza-a-cada-deslocamento-oficial\/\" aria-label=\"En savoir plus sur Brigitte Macron: os t\u00eanis brancos ultra-confort\u00e1veis que ela reutiliza a cada deslocamento oficial\">Lire plus<\/a><\/p>\n","protected":false},"author":9,"featured_media":2962,"comment_status":"open","ping_status":"open","sticky":false,"template":"","format":"standard","meta":{"footnotes":""},"categories":[862],"tags":[959,2633,2636,2639,2642],"class_list":["post-2972","post","type-post","status-publish","format-standard","has-post-thumbnail","hentry","category-actualidades-pt","tag-brigitte-macron-pt","tag-cestos-brancos-pt","tag-modo-confortavel-pt","tag-style-descontraido-pt","tag-tenue-oficial-pt"],"yoast_head":"<!-- This site is optimized with the Yoast SEO plugin v27.5 - https:\/\/yoast.com\/product\/yoast-seo-wordpress\/ -->\n<title>Brigitte Macron: os t\u00eanis brancos ultra-confort\u00e1veis que ela reutiliza a cada deslocamento oficial - Fan site S\u00e9bastien Auzi\u00e8re<\/title>\n<meta name=\"description\" content=\"D\u00e9couvrez les baskets blanches ultra-confortables de Brigitte Macron, son choix privil\u00e9gi\u00e9 pour tous ses d\u00e9placements officiels, alliant style et confort.\" \/>\n<meta name=\"robots\" content=\"index, follow, max-snippet:-1, max-image-preview:large, max-video-preview:-1\" \/>\n<link rel=\"canonical\" href=\"https:\/\/www.sebastien-auziere.fr\/blog\/pt\/brigitte-macron-os-tenis-brancos-ultra-confortaveis-que-ela-reutiliza-a-cada-deslocamento-oficial\/\" \/>\n<meta property=\"og:locale\" content=\"fr_FR\" \/>\n<meta property=\"og:type\" content=\"article\" \/>\n<meta property=\"og:title\" content=\"Brigitte Macron: os t\u00eanis brancos ultra-confort\u00e1veis que ela reutiliza a cada deslocamento oficial - Fan site S\u00e9bastien Auzi\u00e8re\" \/>\n<meta property=\"og:description\" content=\"D\u00e9couvrez les baskets blanches ultra-confortables de Brigitte Macron, son choix privil\u00e9gi\u00e9 pour tous ses d\u00e9placements officiels, alliant style et confort.\" \/>\n<meta property=\"og:url\" content=\"https:\/\/www.sebastien-auziere.fr\/blog\/pt\/brigitte-macron-os-tenis-brancos-ultra-confortaveis-que-ela-reutiliza-a-cada-deslocamento-oficial\/\" \/>\n<meta property=\"og:site_name\" content=\"Fan site S\u00e9bastien Auzi\u00e8re\" \/>\n<meta property=\"article:published_time\" content=\"2026-04-12T19:16:36+00:00\" \/>\n<meta property=\"article:modified_time\" content=\"2026-04-12T19:17:04+00:00\" \/>\n<meta property=\"og:image\" content=\"https:\/\/www.sebastien-auziere.fr\/blog\/wp-content\/uploads\/2026\/04\/Brigitte-Macron-les-baskets-blanches-ultra-confortables-quelle-reutilise-a-chaque-deplacement-officiel.jpg\" \/>\n\t<meta property=\"og:image:width\" content=\"2560\" \/>\n\t<meta property=\"og:image:height\" content=\"1429\" \/>\n\t<meta property=\"og:image:type\" content=\"image\/jpeg\" \/>\n<meta name=\"author\" content=\"Chloe Gauthier\" \/>\n<meta name=\"twitter:card\" content=\"summary_large_image\" \/>\n<meta name=\"twitter:label1\" content=\"\u00c9crit par\" \/>\n\t<meta name=\"twitter:data1\" content=\"Chloe Gauthier\" \/>\n\t<meta name=\"twitter:label2\" content=\"Dur\u00e9e de lecture estim\u00e9e\" \/>\n\t<meta name=\"twitter:data2\" content=\"2 minutes\" \/>\n<script type=\"application\/ld+json\" class=\"yoast-schema-graph\">{\"@context\":\"https:\\\/\\\/schema.org\",\"@graph\":[{\"@type\":\"Article\",\"@id\":\"https:\\\/\\\/www.sebastien-auziere.fr\\\/blog\\\/pt\\\/brigitte-macron-os-tenis-brancos-ultra-confortaveis-que-ela-reutiliza-a-cada-deslocamento-oficial\\\/#article\",\"isPartOf\":{\"@id\":\"https:\\\/\\\/www.sebastien-auziere.fr\\\/blog\\\/pt\\\/brigitte-macron-os-tenis-brancos-ultra-confortaveis-que-ela-reutiliza-a-cada-deslocamento-oficial\\\/\"},\"author\":{\"name\":\"Chloe Gauthier\",\"@id\":\"https:\\\/\\\/www.sebastien-auziere.fr\\\/blog\\\/#\\\/schema\\\/person\\\/149f1acdbfd85149c6c3e59adeae2f4d\"},\"headline\":\"Brigitte Macron: os t\u00eanis brancos ultra-confort\u00e1veis que ela reutiliza a cada deslocamento oficial\",\"datePublished\":\"2026-04-12T19:16:36+00:00\",\"dateModified\":\"2026-04-12T19:17:04+00:00\",\"mainEntityOfPage\":{\"@id\":\"https:\\\/\\\/www.sebastien-auziere.fr\\\/blog\\\/pt\\\/brigitte-macron-os-tenis-brancos-ultra-confortaveis-que-ela-reutiliza-a-cada-deslocamento-oficial\\\/\"},\"wordCount\":463,\"commentCount\":0,\"publisher\":{\"@id\":\"https:\\\/\\\/www.sebastien-auziere.fr\\\/blog\\\/#organization\"},\"image\":{\"@id\":\"https:\\\/\\\/www.sebastien-auziere.fr\\\/blog\\\/pt\\\/brigitte-macron-os-tenis-brancos-ultra-confortaveis-que-ela-reutiliza-a-cada-deslocamento-oficial\\\/#primaryimage\"},\"thumbnailUrl\":\"https:\\\/\\\/www.sebastien-auziere.fr\\\/blog\\\/wp-content\\\/uploads\\\/2026\\\/04\\\/Brigitte-Macron-les-baskets-blanches-ultra-confortables-quelle-reutilise-a-chaque-deplacement-officiel.jpg\",\"keywords\":[\"brigitte macron\",\"cestos brancos\",\"modo confort\u00e1vel\",\"style descontra\u00eddo\",\"tenue oficial\"],\"articleSection\":[\"Actualidades\"],\"inLanguage\":\"fr-FR\",\"potentialAction\":[{\"@type\":\"CommentAction\",\"name\":\"Comment\",\"target\":[\"https:\\\/\\\/www.sebastien-auziere.fr\\\/blog\\\/pt\\\/brigitte-macron-os-tenis-brancos-ultra-confortaveis-que-ela-reutiliza-a-cada-deslocamento-oficial\\\/#respond\"]}]},{\"@type\":\"WebPage\",\"@id\":\"https:\\\/\\\/www.sebastien-auziere.fr\\\/blog\\\/pt\\\/brigitte-macron-os-tenis-brancos-ultra-confortaveis-que-ela-reutiliza-a-cada-deslocamento-oficial\\\/\",\"url\":\"https:\\\/\\\/www.sebastien-auziere.fr\\\/blog\\\/pt\\\/brigitte-macron-os-tenis-brancos-ultra-confortaveis-que-ela-reutiliza-a-cada-deslocamento-oficial\\\/\",\"name\":\"Brigitte Macron: os t\u00eanis brancos ultra-confort\u00e1veis que ela reutiliza a cada deslocamento oficial - Fan site S\u00e9bastien Auzi\u00e8re\",\"isPartOf\":{\"@id\":\"https:\\\/\\\/www.sebastien-auziere.fr\\\/blog\\\/#website\"},\"primaryImageOfPage\":{\"@id\":\"https:\\\/\\\/www.sebastien-auziere.fr\\\/blog\\\/pt\\\/brigitte-macron-os-tenis-brancos-ultra-confortaveis-que-ela-reutiliza-a-cada-deslocamento-oficial\\\/#primaryimage\"},\"image\":{\"@id\":\"https:\\\/\\\/www.sebastien-auziere.fr\\\/blog\\\/pt\\\/brigitte-macron-os-tenis-brancos-ultra-confortaveis-que-ela-reutiliza-a-cada-deslocamento-oficial\\\/#primaryimage\"},\"thumbnailUrl\":\"https:\\\/\\\/www.sebastien-auziere.fr\\\/blog\\\/wp-content\\\/uploads\\\/2026\\\/04\\\/Brigitte-Macron-les-baskets-blanches-ultra-confortables-quelle-reutilise-a-chaque-deplacement-officiel.jpg\",\"datePublished\":\"2026-04-12T19:16:36+00:00\",\"dateModified\":\"2026-04-12T19:17:04+00:00\",\"description\":\"D\u00e9couvrez les baskets blanches ultra-confortables de Brigitte Macron, son choix privil\u00e9gi\u00e9 pour tous ses d\u00e9placements officiels, alliant style et confort.\",\"breadcrumb\":{\"@id\":\"https:\\\/\\\/www.sebastien-auziere.fr\\\/blog\\\/pt\\\/brigitte-macron-os-tenis-brancos-ultra-confortaveis-que-ela-reutiliza-a-cada-deslocamento-oficial\\\/#breadcrumb\"},\"inLanguage\":\"fr-FR\",\"potentialAction\":[{\"@type\":\"ReadAction\",\"target\":[\"https:\\\/\\\/www.sebastien-auziere.fr\\\/blog\\\/pt\\\/brigitte-macron-os-tenis-brancos-ultra-confortaveis-que-ela-reutiliza-a-cada-deslocamento-oficial\\\/\"]}]},{\"@type\":\"ImageObject\",\"inLanguage\":\"fr-FR\",\"@id\":\"https:\\\/\\\/www.sebastien-auziere.fr\\\/blog\\\/pt\\\/brigitte-macron-os-tenis-brancos-ultra-confortaveis-que-ela-reutiliza-a-cada-deslocamento-oficial\\\/#primaryimage\",\"url\":\"https:\\\/\\\/www.sebastien-auziere.fr\\\/blog\\\/wp-content\\\/uploads\\\/2026\\\/04\\\/Brigitte-Macron-les-baskets-blanches-ultra-confortables-quelle-reutilise-a-chaque-deplacement-officiel.jpg\",\"contentUrl\":\"https:\\\/\\\/www.sebastien-auziere.fr\\\/blog\\\/wp-content\\\/uploads\\\/2026\\\/04\\\/Brigitte-Macron-les-baskets-blanches-ultra-confortables-quelle-reutilise-a-chaque-deplacement-officiel.jpg\",\"width\":2560,\"height\":1429,\"caption\":\"d\u00e9couvrez les baskets blanches ultra-confortables de brigitte macron, son choix incontournable qu'elle porte \u00e0 chaque d\u00e9placement officiel pour allier \u00e9l\u00e9gance et confort.\"},{\"@type\":\"BreadcrumbList\",\"@id\":\"https:\\\/\\\/www.sebastien-auziere.fr\\\/blog\\\/pt\\\/brigitte-macron-os-tenis-brancos-ultra-confortaveis-que-ela-reutiliza-a-cada-deslocamento-oficial\\\/#breadcrumb\",\"itemListElement\":[{\"@type\":\"ListItem\",\"position\":1,\"name\":\"Home\",\"item\":\"https:\\\/\\\/www.sebastien-auziere.fr\\\/blog\\\/\"},{\"@type\":\"ListItem\",\"position\":2,\"name\":\"Brigitte Macron: os t\u00eanis brancos ultra-confort\u00e1veis que ela reutiliza a cada deslocamento oficial\"}]},{\"@type\":\"WebSite\",\"@id\":\"https:\\\/\\\/www.sebastien-auziere.fr\\\/blog\\\/#website\",\"url\":\"https:\\\/\\\/www.sebastien-auziere.fr\\\/blog\\\/\",\"name\":\"Fan site S\u00e9bastien Auzi\u00e8re\",\"description\":\"M\u00e9dia g\u00e9n\u00e9raliste\",\"publisher\":{\"@id\":\"https:\\\/\\\/www.sebastien-auziere.fr\\\/blog\\\/#organization\"},\"potentialAction\":[{\"@type\":\"SearchAction\",\"target\":{\"@type\":\"EntryPoint\",\"urlTemplate\":\"https:\\\/\\\/www.sebastien-auziere.fr\\\/blog\\\/?s={search_term_string}\"},\"query-input\":{\"@type\":\"PropertyValueSpecification\",\"valueRequired\":true,\"valueName\":\"search_term_string\"}}],\"inLanguage\":\"fr-FR\"},{\"@type\":\"Organization\",\"@id\":\"https:\\\/\\\/www.sebastien-auziere.fr\\\/blog\\\/#organization\",\"name\":\"Fan site S\u00e9bastien Auzi\u00e8re\",\"url\":\"https:\\\/\\\/www.sebastien-auziere.fr\\\/blog\\\/\",\"logo\":{\"@type\":\"ImageObject\",\"inLanguage\":\"fr-FR\",\"@id\":\"https:\\\/\\\/www.sebastien-auziere.fr\\\/blog\\\/#\\\/schema\\\/logo\\\/image\\\/\",\"url\":\"https:\\\/\\\/www.sebastien-auziere.fr\\\/blog\\\/wp-content\\\/uploads\\\/2026\\\/03\\\/cropped-cropped-cropped-ChatGPT-Image-6-mars-2026-12_58_09-e1772798376794.jpg\",\"contentUrl\":\"https:\\\/\\\/www.sebastien-auziere.fr\\\/blog\\\/wp-content\\\/uploads\\\/2026\\\/03\\\/cropped-cropped-cropped-ChatGPT-Image-6-mars-2026-12_58_09-e1772798376794.jpg\",\"width\":512,\"height\":360,\"caption\":\"Fan site S\u00e9bastien Auzi\u00e8re\"},\"image\":{\"@id\":\"https:\\\/\\\/www.sebastien-auziere.fr\\\/blog\\\/#\\\/schema\\\/logo\\\/image\\\/\"}},{\"@type\":\"Person\",\"@id\":\"https:\\\/\\\/www.sebastien-auziere.fr\\\/blog\\\/#\\\/schema\\\/person\\\/149f1acdbfd85149c6c3e59adeae2f4d\",\"name\":\"Chloe Gauthier\",\"image\":{\"@type\":\"ImageObject\",\"inLanguage\":\"fr-FR\",\"@id\":\"https:\\\/\\\/secure.gravatar.com\\\/avatar\\\/2c5722f58171cff738a8985ef0dd66b476e563753246a49019befc837ec4201a?s=96&d=mm&r=g\",\"url\":\"https:\\\/\\\/secure.gravatar.com\\\/avatar\\\/2c5722f58171cff738a8985ef0dd66b476e563753246a49019befc837ec4201a?s=96&d=mm&r=g\",\"contentUrl\":\"https:\\\/\\\/secure.gravatar.com\\\/avatar\\\/2c5722f58171cff738a8985ef0dd66b476e563753246a49019befc837ec4201a?s=96&d=mm&r=g\",\"caption\":\"Chloe Gauthier\"},\"description\":\"Passionn\u00e9e par la politique et admiratrice engag\u00e9e de la famille Macron, je consacre mon \u00e9nergie \u00e0 suivre leurs initiatives et \u00e0 promouvoir leurs id\u00e9es. \u00c0 32 ans, je suis convaincue que leur vision est porteuse d'avenir.\",\"url\":\"https:\\\/\\\/www.sebastien-auziere.fr\\\/blog\\\/author\\\/chloe-gauthier\\\/\"}]}<\/script>\n<!-- \/ Yoast SEO plugin. -->","yoast_head_json":{"title":"Brigitte Macron: os t\u00eanis brancos ultra-confort\u00e1veis que ela reutiliza a cada deslocamento oficial - Fan site S\u00e9bastien Auzi\u00e8re","description":"D\u00e9couvrez les baskets blanches ultra-confortables de Brigitte Macron, son choix privil\u00e9gi\u00e9 pour tous ses d\u00e9placements officiels, alliant style et confort.","robots":{"index":"index","follow":"follow","max-snippet":"max-snippet:-1","max-image-preview":"max-image-preview:large","max-video-preview":"max-video-preview:-1"},"canonical":"https:\/\/www.sebastien-auziere.fr\/blog\/pt\/brigitte-macron-os-tenis-brancos-ultra-confortaveis-que-ela-reutiliza-a-cada-deslocamento-oficial\/","og_locale":"fr_FR","og_type":"article","og_title":"Brigitte Macron: os t\u00eanis brancos ultra-confort\u00e1veis que ela reutiliza a cada deslocamento oficial - Fan site S\u00e9bastien Auzi\u00e8re","og_description":"D\u00e9couvrez les baskets blanches ultra-confortables de Brigitte Macron, son choix privil\u00e9gi\u00e9 pour tous ses d\u00e9placements officiels, alliant style et confort.","og_url":"https:\/\/www.sebastien-auziere.fr\/blog\/pt\/brigitte-macron-os-tenis-brancos-ultra-confortaveis-que-ela-reutiliza-a-cada-deslocamento-oficial\/","og_site_name":"Fan site S\u00e9bastien Auzi\u00e8re","article_published_time":"2026-04-12T19:16:36+00:00","article_modified_time":"2026-04-12T19:17:04+00:00","og_image":[{"width":2560,"height":1429,"url":"https:\/\/www.sebastien-auziere.fr\/blog\/wp-content\/uploads\/2026\/04\/Brigitte-Macron-les-baskets-blanches-ultra-confortables-quelle-reutilise-a-chaque-deplacement-officiel.jpg","type":"image\/jpeg"}],"author":"Chloe Gauthier","twitter_card":"summary_large_image","twitter_misc":{"\u00c9crit par":"Chloe Gauthier","Dur\u00e9e de lecture estim\u00e9e":"2 minutes"},"schema":{"@context":"https:\/\/schema.org","@graph":[{"@type":"Article","@id":"https:\/\/www.sebastien-auziere.fr\/blog\/pt\/brigitte-macron-os-tenis-brancos-ultra-confortaveis-que-ela-reutiliza-a-cada-deslocamento-oficial\/#article","isPartOf":{"@id":"https:\/\/www.sebastien-auziere.fr\/blog\/pt\/brigitte-macron-os-tenis-brancos-ultra-confortaveis-que-ela-reutiliza-a-cada-deslocamento-oficial\/"},"author":{"name":"Chloe Gauthier","@id":"https:\/\/www.sebastien-auziere.fr\/blog\/#\/schema\/person\/149f1acdbfd85149c6c3e59adeae2f4d"},"headline":"Brigitte Macron: os t\u00eanis brancos ultra-confort\u00e1veis que ela reutiliza a cada deslocamento oficial","datePublished":"2026-04-12T19:16:36+00:00","dateModified":"2026-04-12T19:17:04+00:00","mainEntityOfPage":{"@id":"https:\/\/www.sebastien-auziere.fr\/blog\/pt\/brigitte-macron-os-tenis-brancos-ultra-confortaveis-que-ela-reutiliza-a-cada-deslocamento-oficial\/"},"wordCount":463,"commentCount":0,"publisher":{"@id":"https:\/\/www.sebastien-auziere.fr\/blog\/#organization"},"image":{"@id":"https:\/\/www.sebastien-auziere.fr\/blog\/pt\/brigitte-macron-os-tenis-brancos-ultra-confortaveis-que-ela-reutiliza-a-cada-deslocamento-oficial\/#primaryimage"},"thumbnailUrl":"https:\/\/www.sebastien-auziere.fr\/blog\/wp-content\/uploads\/2026\/04\/Brigitte-Macron-les-baskets-blanches-ultra-confortables-quelle-reutilise-a-chaque-deplacement-officiel.jpg","keywords":["brigitte macron","cestos brancos","modo confort\u00e1vel","style descontra\u00eddo","tenue oficial"],"articleSection":["Actualidades"],"inLanguage":"fr-FR","potentialAction":[{"@type":"CommentAction","name":"Comment","target":["https:\/\/www.sebastien-auziere.fr\/blog\/pt\/brigitte-macron-os-tenis-brancos-ultra-confortaveis-que-ela-reutiliza-a-cada-deslocamento-oficial\/#respond"]}]},{"@type":"WebPage","@id":"https:\/\/www.sebastien-auziere.fr\/blog\/pt\/brigitte-macron-os-tenis-brancos-ultra-confortaveis-que-ela-reutiliza-a-cada-deslocamento-oficial\/","url":"https:\/\/www.sebastien-auziere.fr\/blog\/pt\/brigitte-macron-os-tenis-brancos-ultra-confortaveis-que-ela-reutiliza-a-cada-deslocamento-oficial\/","name":"Brigitte Macron: os t\u00eanis brancos ultra-confort\u00e1veis que ela reutiliza a cada deslocamento oficial - Fan site S\u00e9bastien Auzi\u00e8re","isPartOf":{"@id":"https:\/\/www.sebastien-auziere.fr\/blog\/#website"},"primaryImageOfPage":{"@id":"https:\/\/www.sebastien-auziere.fr\/blog\/pt\/brigitte-macron-os-tenis-brancos-ultra-confortaveis-que-ela-reutiliza-a-cada-deslocamento-oficial\/#primaryimage"},"image":{"@id":"https:\/\/www.sebastien-auziere.fr\/blog\/pt\/brigitte-macron-os-tenis-brancos-ultra-confortaveis-que-ela-reutiliza-a-cada-deslocamento-oficial\/#primaryimage"},"thumbnailUrl":"https:\/\/www.sebastien-auziere.fr\/blog\/wp-content\/uploads\/2026\/04\/Brigitte-Macron-les-baskets-blanches-ultra-confortables-quelle-reutilise-a-chaque-deplacement-officiel.jpg","datePublished":"2026-04-12T19:16:36+00:00","dateModified":"2026-04-12T19:17:04+00:00","description":"D\u00e9couvrez les baskets blanches ultra-confortables de Brigitte Macron, son choix privil\u00e9gi\u00e9 pour tous ses d\u00e9placements officiels, alliant style et confort.","breadcrumb":{"@id":"https:\/\/www.sebastien-auziere.fr\/blog\/pt\/brigitte-macron-os-tenis-brancos-ultra-confortaveis-que-ela-reutiliza-a-cada-deslocamento-oficial\/#breadcrumb"},"inLanguage":"fr-FR","potentialAction":[{"@type":"ReadAction","target":["https:\/\/www.sebastien-auziere.fr\/blog\/pt\/brigitte-macron-os-tenis-brancos-ultra-confortaveis-que-ela-reutiliza-a-cada-deslocamento-oficial\/"]}]},{"@type":"ImageObject","inLanguage":"fr-FR","@id":"https:\/\/www.sebastien-auziere.fr\/blog\/pt\/brigitte-macron-os-tenis-brancos-ultra-confortaveis-que-ela-reutiliza-a-cada-deslocamento-oficial\/#primaryimage","url":"https:\/\/www.sebastien-auziere.fr\/blog\/wp-content\/uploads\/2026\/04\/Brigitte-Macron-les-baskets-blanches-ultra-confortables-quelle-reutilise-a-chaque-deplacement-officiel.jpg","contentUrl":"https:\/\/www.sebastien-auziere.fr\/blog\/wp-content\/uploads\/2026\/04\/Brigitte-Macron-les-baskets-blanches-ultra-confortables-quelle-reutilise-a-chaque-deplacement-officiel.jpg","width":2560,"height":1429,"caption":"d\u00e9couvrez les baskets blanches ultra-confortables de brigitte macron, son choix incontournable qu'elle porte \u00e0 chaque d\u00e9placement officiel pour allier \u00e9l\u00e9gance et confort."},{"@type":"BreadcrumbList","@id":"https:\/\/www.sebastien-auziere.fr\/blog\/pt\/brigitte-macron-os-tenis-brancos-ultra-confortaveis-que-ela-reutiliza-a-cada-deslocamento-oficial\/#breadcrumb","itemListElement":[{"@type":"ListItem","position":1,"name":"Home","item":"https:\/\/www.sebastien-auziere.fr\/blog\/"},{"@type":"ListItem","position":2,"name":"Brigitte Macron: os t\u00eanis brancos ultra-confort\u00e1veis que ela reutiliza a cada deslocamento oficial"}]},{"@type":"WebSite","@id":"https:\/\/www.sebastien-auziere.fr\/blog\/#website","url":"https:\/\/www.sebastien-auziere.fr\/blog\/","name":"Fan site S\u00e9bastien Auzi\u00e8re","description":"M\u00e9dia g\u00e9n\u00e9raliste","publisher":{"@id":"https:\/\/www.sebastien-auziere.fr\/blog\/#organization"},"potentialAction":[{"@type":"SearchAction","target":{"@type":"EntryPoint","urlTemplate":"https:\/\/www.sebastien-auziere.fr\/blog\/?s={search_term_string}"},"query-input":{"@type":"PropertyValueSpecification","valueRequired":true,"valueName":"search_term_string"}}],"inLanguage":"fr-FR"},{"@type":"Organization","@id":"https:\/\/www.sebastien-auziere.fr\/blog\/#organization","name":"Fan site S\u00e9bastien Auzi\u00e8re","url":"https:\/\/www.sebastien-auziere.fr\/blog\/","logo":{"@type":"ImageObject","inLanguage":"fr-FR","@id":"https:\/\/www.sebastien-auziere.fr\/blog\/#\/schema\/logo\/image\/","url":"https:\/\/www.sebastien-auziere.fr\/blog\/wp-content\/uploads\/2026\/03\/cropped-cropped-cropped-ChatGPT-Image-6-mars-2026-12_58_09-e1772798376794.jpg","contentUrl":"https:\/\/www.sebastien-auziere.fr\/blog\/wp-content\/uploads\/2026\/03\/cropped-cropped-cropped-ChatGPT-Image-6-mars-2026-12_58_09-e1772798376794.jpg","width":512,"height":360,"caption":"Fan site S\u00e9bastien Auzi\u00e8re"},"image":{"@id":"https:\/\/www.sebastien-auziere.fr\/blog\/#\/schema\/logo\/image\/"}},{"@type":"Person","@id":"https:\/\/www.sebastien-auziere.fr\/blog\/#\/schema\/person\/149f1acdbfd85149c6c3e59adeae2f4d","name":"Chloe Gauthier","image":{"@type":"ImageObject","inLanguage":"fr-FR","@id":"https:\/\/secure.gravatar.com\/avatar\/2c5722f58171cff738a8985ef0dd66b476e563753246a49019befc837ec4201a?s=96&d=mm&r=g","url":"https:\/\/secure.gravatar.com\/avatar\/2c5722f58171cff738a8985ef0dd66b476e563753246a49019befc837ec4201a?s=96&d=mm&r=g","contentUrl":"https:\/\/secure.gravatar.com\/avatar\/2c5722f58171cff738a8985ef0dd66b476e563753246a49019befc837ec4201a?s=96&d=mm&r=g","caption":"Chloe Gauthier"},"description":"Passionn\u00e9e par la politique et admiratrice engag\u00e9e de la famille Macron, je consacre mon \u00e9nergie \u00e0 suivre leurs initiatives et \u00e0 promouvoir leurs id\u00e9es. \u00c0 32 ans, je suis convaincue que leur vision est porteuse d'avenir.","url":"https:\/\/www.sebastien-auziere.fr\/blog\/author\/chloe-gauthier\/"}]}},"views":2,"_links":{"self":[{"href":"https:\/\/www.sebastien-auziere.fr\/blog\/wp-json\/wp\/v2\/posts\/2972","targetHints":{"allow":["GET"]}}],"collection":[{"href":"https:\/\/www.sebastien-auziere.fr\/blog\/wp-json\/wp\/v2\/posts"}],"about":[{"href":"https:\/\/www.sebastien-auziere.fr\/blog\/wp-json\/wp\/v2\/types\/post"}],"author":[{"embeddable":true,"href":"https:\/\/www.sebastien-auziere.fr\/blog\/wp-json\/wp\/v2\/users\/9"}],"replies":[{"embeddable":true,"href":"https:\/\/www.sebastien-auziere.fr\/blog\/wp-json\/wp\/v2\/comments?post=2972"}],"version-history":[{"count":1,"href":"https:\/\/www.sebastien-auziere.fr\/blog\/wp-json\/wp\/v2\/posts\/2972\/revisions"}],"predecessor-version":[{"id":2973,"href":"https:\/\/www.sebastien-auziere.fr\/blog\/wp-json\/wp\/v2\/posts\/2972\/revisions\/2973"}],"wp:featuredmedia":[{"embeddable":true,"href":"https:\/\/www.sebastien-auziere.fr\/blog\/wp-json\/wp\/v2\/media\/2962"}],"wp:attachment":[{"href":"https:\/\/www.sebastien-auziere.fr\/blog\/wp-json\/wp\/v2\/media?parent=2972"}],"wp:term":[{"taxonomy":"category","embeddable":true,"href":"https:\/\/www.sebastien-auziere.fr\/blog\/wp-json\/wp\/v2\/categories?post=2972"},{"taxonomy":"post_tag","embeddable":true,"href":"https:\/\/www.sebastien-auziere.fr\/blog\/wp-json\/wp\/v2\/tags?post=2972"}],"curies":[{"name":"wp","href":"https:\/\/api.w.org\/{rel}","templated":true}]}}