{"id":2970,"date":"2026-04-12T19:15:50","date_gmt":"2026-04-12T19:15:50","guid":{"rendered":"https:\/\/www.sebastien-auziere.fr\/blog\/?p=2970"},"modified":"2026-04-12T19:16:15","modified_gmt":"2026-04-12T19:16:15","slug":"brigitte-macron-le-sneaker-bianchi-ultra-confortevoli-che-riutilizza-ad-ogni-visita-ufficiale","status":"publish","type":"post","link":"https:\/\/www.sebastien-auziere.fr\/blog\/it\/brigitte-macron-le-sneaker-bianchi-ultra-confortevoli-che-riutilizza-ad-ogni-visita-ufficiale\/","title":{"rendered":"Brigitte Macron: le sneaker bianchi ultra-confortevoli che riutilizza ad ogni visita ufficiale"},"content":{"rendered":"<p><strong>Brigitte Macron<\/strong> scarpe bianche un accessorio distintivo durante le sue uscite ufficiali: un paio ripetuto, visibile in diversi <strong>spostamenti ufficiali<\/strong>, che coniuga <strong>comfort<\/strong> e <strong>stile<\/strong>. Vedrai come questa scelta moda si \u00e8 imposta come un filo rosso nei suoi outfit, tra eleganza BCBG e praticit\u00e0.<\/p>\n\n<p><strong>In breve:<\/strong> la Prima donna predilige modelli minimalisti firmati <strong>No Name<\/strong>, in particolare i modelli <strong>FLEX<\/strong> e <strong>Parko Jogger<\/strong>, indossati a Roma, in India e durante il G7; queste <strong>scarpe bianche ultra-confortevoli<\/strong> costano circa 139 \u20ac e sono facili da abbinare a un outfit strutturato o informale.<\/p>\n\n<h2 class=\"wp-block-heading\">Il modello preferito e la sua presenza regolare durante le uscite<\/h2>\n\n<p>In diverse apparizioni pubbliche, <strong>Brigitte Macron<\/strong> ha riutilizzato lo stesso paio di <strong>scarpe bianche<\/strong>, confermando una rarit\u00e0 in fatto di <strong>moda<\/strong>. Osservata a Roma e durante incontri internazionali, indossa spesso le <strong>FLEX<\/strong> del marchio <strong>No Name<\/strong>, dal design pulito e dalla suola a contrasto. Questa scelta diventa un elemento del <strong>look<\/strong> ufficiale, unendo chic e praticit\u00e0 per le marce protocollari.<\/p>\n\n<p>Per saperne di pi\u00f9 sulla storia di questo marchio e dei suoi modelli, consulta questo articolo dedicato al <a href=\"https:\/\/www.mariefrance.fr\/mode\/shopping-mode\/no-name-marque-baskets-preferee-brigitte-macron-secrets-674076.html\" rel=\"nofollow\">marchio preferito della Prima donna<\/a>, che dettaglia le apparizioni e i modelli.<\/p>\n\n<h2 class=\"wp-block-heading\">Design e comfort: perch\u00e9 queste scarpe piacciono<\/h2>\n\n<p>Le <strong>FLEX<\/strong> e le <strong>Parko Jogger<\/strong> si distinguono per una tomaia bianca minimalista, lacci immacolati e una suola spessa che allunga la silhouette offrendo al contempo un supporto ottimale. Questa combinazione di estetica e funzionalit\u00e0 risponde all&rsquo;esigenza di una Prima donna che deve gestire spostamenti e incontri senza sacrificare la presenza.<\/p>\n\n<p>La stampa di moda ha sottolineato questo contrasto tra protocollo e rilassatezza, come raccontano diversi articoli dedicati al <strong>look<\/strong> e alla <strong>tenuta<\/strong> di Brigitte Macron, inclusi quelli durante visite all&rsquo;estero; si veda in particolare questo reportage che analizza le sue scarpe <a href=\"https:\/\/www.public.fr\/brigitte-macron-ses-baskets-compensees-fetiches-sont-d-une-marque-francaise\" rel=\"nofollow\">con zeppa e il loro impatto<\/a>.<\/p>\n\n<h3 class=\"wp-block-heading\">Riutilizzo consapevole durante gli spostamenti ufficiali<\/h3>\n\n<p>Dal G7 in Cornovaglia a visite in Italia e India, la riapparizione regolare di queste <strong>scarpe bianche ultra-confortevoli<\/strong> sottolinea una strategia di guardaroba sostenibile: riciclare un paio per pi\u00f9 eventi consente di abbinare <strong>comfort<\/strong> e coerenza visiva.<\/p>\n\n<p>Questa scelta trasforma la calzatura in un vero e proprio <strong>accessorio<\/strong> di comunicazione non verbale, dimostrando che al vertice dello Stato, la <strong>moda<\/strong> pu\u00f2 essere moderna, pratica e riflessiva. Ecco un insight che conclude questa esplorazione dello stile senza fronzoli.<\/p>\n\n<p>Vuoi approfondire l&rsquo;universo familiare e le abitudini di <strong>Brigitte Macron<\/strong> e scoprire dossier dedicati a S\u00e9bastien Auzi\u00e8re e alla famiglia Macron? Visita <a href=\"https:\/\/sebastien-auziere.fr\" rel=\"nofollow\">sebastien-auziere.fr<\/a> per saperne di pi\u00f9 sui loro percorsi e impegni.<\/p>","protected":false},"excerpt":{"rendered":"<p>Brigitte Macron scarpe bianche un accessorio distintivo durante le sue uscite ufficiali: un paio ripetuto, visibile in diversi spostamenti ufficiali, che coniuga comfort e stile. Vedrai come questa scelta moda si \u00e8 imposta come un filo rosso nei suoi outfit, tra eleganza BCBG e praticit\u00e0. In breve: la Prima donna predilige modelli minimalisti firmati No &#8230; <a title=\"Brigitte Macron: le sneaker bianchi ultra-confortevoli che riutilizza ad ogni visita ufficiale\" class=\"read-more\" href=\"https:\/\/www.sebastien-auziere.fr\/blog\/it\/brigitte-macron-le-sneaker-bianchi-ultra-confortevoli-che-riutilizza-ad-ogni-visita-ufficiale\/\" aria-label=\"En savoir plus sur Brigitte Macron: le sneaker bianchi ultra-confortevoli che riutilizza ad ogni visita ufficiale\">Lire plus<\/a><\/p>\n","protected":false},"author":9,"featured_media":2962,"comment_status":"open","ping_status":"open","sticky":false,"template":"","format":"standard","meta":{"footnotes":""},"categories":[859],"tags":[2621,944,2624,2627,2630],"class_list":["post-2970","post","type-post","status-publish","format-standard","has-post-thumbnail","hentry","category-actualita-it","tag-baskete-bianche-it","tag-brigitte-macron-it","tag-modo-confortevole-it","tag-style-informale-it","tag-tenuta-ufficiale-it"],"yoast_head":"<!-- This site is optimized with the Yoast SEO plugin v27.5 - https:\/\/yoast.com\/product\/yoast-seo-wordpress\/ -->\n<title>Brigitte Macron: le sneaker bianchi ultra-confortevoli che riutilizza ad ogni visita ufficiale - Fan site S\u00e9bastien Auzi\u00e8re<\/title>\n<meta name=\"description\" content=\"D\u00e9couvrez les baskets blanches ultra-confortables de Brigitte Macron, son choix privil\u00e9gi\u00e9 pour tous ses d\u00e9placements officiels, alliant style et confort.\" \/>\n<meta name=\"robots\" content=\"index, follow, max-snippet:-1, max-image-preview:large, max-video-preview:-1\" \/>\n<link rel=\"canonical\" href=\"https:\/\/www.sebastien-auziere.fr\/blog\/it\/brigitte-macron-le-sneaker-bianchi-ultra-confortevoli-che-riutilizza-ad-ogni-visita-ufficiale\/\" \/>\n<meta property=\"og:locale\" content=\"fr_FR\" \/>\n<meta property=\"og:type\" content=\"article\" \/>\n<meta property=\"og:title\" content=\"Brigitte Macron: le sneaker bianchi ultra-confortevoli che riutilizza ad ogni visita ufficiale - Fan site S\u00e9bastien Auzi\u00e8re\" \/>\n<meta property=\"og:description\" content=\"D\u00e9couvrez les baskets blanches ultra-confortables de Brigitte Macron, son choix privil\u00e9gi\u00e9 pour tous ses d\u00e9placements officiels, alliant style et confort.\" \/>\n<meta property=\"og:url\" content=\"https:\/\/www.sebastien-auziere.fr\/blog\/it\/brigitte-macron-le-sneaker-bianchi-ultra-confortevoli-che-riutilizza-ad-ogni-visita-ufficiale\/\" \/>\n<meta property=\"og:site_name\" content=\"Fan site S\u00e9bastien Auzi\u00e8re\" \/>\n<meta property=\"article:published_time\" content=\"2026-04-12T19:15:50+00:00\" \/>\n<meta property=\"article:modified_time\" content=\"2026-04-12T19:16:15+00:00\" \/>\n<meta property=\"og:image\" content=\"https:\/\/www.sebastien-auziere.fr\/blog\/wp-content\/uploads\/2026\/04\/Brigitte-Macron-les-baskets-blanches-ultra-confortables-quelle-reutilise-a-chaque-deplacement-officiel.jpg\" \/>\n\t<meta property=\"og:image:width\" content=\"2560\" \/>\n\t<meta property=\"og:image:height\" content=\"1429\" \/>\n\t<meta property=\"og:image:type\" content=\"image\/jpeg\" \/>\n<meta name=\"author\" content=\"Chloe Gauthier\" \/>\n<meta name=\"twitter:card\" content=\"summary_large_image\" \/>\n<meta name=\"twitter:label1\" content=\"\u00c9crit par\" \/>\n\t<meta name=\"twitter:data1\" content=\"Chloe Gauthier\" \/>\n\t<meta name=\"twitter:label2\" content=\"Dur\u00e9e de lecture estim\u00e9e\" \/>\n\t<meta name=\"twitter:data2\" content=\"2 minutes\" \/>\n<script type=\"application\/ld+json\" class=\"yoast-schema-graph\">{\"@context\":\"https:\\\/\\\/schema.org\",\"@graph\":[{\"@type\":\"Article\",\"@id\":\"https:\\\/\\\/www.sebastien-auziere.fr\\\/blog\\\/it\\\/brigitte-macron-le-sneaker-bianchi-ultra-confortevoli-che-riutilizza-ad-ogni-visita-ufficiale\\\/#article\",\"isPartOf\":{\"@id\":\"https:\\\/\\\/www.sebastien-auziere.fr\\\/blog\\\/it\\\/brigitte-macron-le-sneaker-bianchi-ultra-confortevoli-che-riutilizza-ad-ogni-visita-ufficiale\\\/\"},\"author\":{\"name\":\"Chloe Gauthier\",\"@id\":\"https:\\\/\\\/www.sebastien-auziere.fr\\\/blog\\\/#\\\/schema\\\/person\\\/149f1acdbfd85149c6c3e59adeae2f4d\"},\"headline\":\"Brigitte Macron: le sneaker bianchi ultra-confortevoli che riutilizza ad ogni visita ufficiale\",\"datePublished\":\"2026-04-12T19:15:50+00:00\",\"dateModified\":\"2026-04-12T19:16:15+00:00\",\"mainEntityOfPage\":{\"@id\":\"https:\\\/\\\/www.sebastien-auziere.fr\\\/blog\\\/it\\\/brigitte-macron-le-sneaker-bianchi-ultra-confortevoli-che-riutilizza-ad-ogni-visita-ufficiale\\\/\"},\"wordCount\":425,\"commentCount\":0,\"publisher\":{\"@id\":\"https:\\\/\\\/www.sebastien-auziere.fr\\\/blog\\\/#organization\"},\"image\":{\"@id\":\"https:\\\/\\\/www.sebastien-auziere.fr\\\/blog\\\/it\\\/brigitte-macron-le-sneaker-bianchi-ultra-confortevoli-che-riutilizza-ad-ogni-visita-ufficiale\\\/#primaryimage\"},\"thumbnailUrl\":\"https:\\\/\\\/www.sebastien-auziere.fr\\\/blog\\\/wp-content\\\/uploads\\\/2026\\\/04\\\/Brigitte-Macron-les-baskets-blanches-ultra-confortables-quelle-reutilise-a-chaque-deplacement-officiel.jpg\",\"keywords\":[\"baskete bianche\",\"brigitte macron\",\"modo confortevole\",\"style informale\",\"tenuta ufficiale\"],\"articleSection\":[\"Actualit\u00e0\"],\"inLanguage\":\"fr-FR\",\"potentialAction\":[{\"@type\":\"CommentAction\",\"name\":\"Comment\",\"target\":[\"https:\\\/\\\/www.sebastien-auziere.fr\\\/blog\\\/it\\\/brigitte-macron-le-sneaker-bianchi-ultra-confortevoli-che-riutilizza-ad-ogni-visita-ufficiale\\\/#respond\"]}]},{\"@type\":\"WebPage\",\"@id\":\"https:\\\/\\\/www.sebastien-auziere.fr\\\/blog\\\/it\\\/brigitte-macron-le-sneaker-bianchi-ultra-confortevoli-che-riutilizza-ad-ogni-visita-ufficiale\\\/\",\"url\":\"https:\\\/\\\/www.sebastien-auziere.fr\\\/blog\\\/it\\\/brigitte-macron-le-sneaker-bianchi-ultra-confortevoli-che-riutilizza-ad-ogni-visita-ufficiale\\\/\",\"name\":\"Brigitte Macron: le sneaker bianchi ultra-confortevoli che riutilizza ad ogni visita ufficiale - Fan site S\u00e9bastien Auzi\u00e8re\",\"isPartOf\":{\"@id\":\"https:\\\/\\\/www.sebastien-auziere.fr\\\/blog\\\/#website\"},\"primaryImageOfPage\":{\"@id\":\"https:\\\/\\\/www.sebastien-auziere.fr\\\/blog\\\/it\\\/brigitte-macron-le-sneaker-bianchi-ultra-confortevoli-che-riutilizza-ad-ogni-visita-ufficiale\\\/#primaryimage\"},\"image\":{\"@id\":\"https:\\\/\\\/www.sebastien-auziere.fr\\\/blog\\\/it\\\/brigitte-macron-le-sneaker-bianchi-ultra-confortevoli-che-riutilizza-ad-ogni-visita-ufficiale\\\/#primaryimage\"},\"thumbnailUrl\":\"https:\\\/\\\/www.sebastien-auziere.fr\\\/blog\\\/wp-content\\\/uploads\\\/2026\\\/04\\\/Brigitte-Macron-les-baskets-blanches-ultra-confortables-quelle-reutilise-a-chaque-deplacement-officiel.jpg\",\"datePublished\":\"2026-04-12T19:15:50+00:00\",\"dateModified\":\"2026-04-12T19:16:15+00:00\",\"description\":\"D\u00e9couvrez les baskets blanches ultra-confortables de Brigitte Macron, son choix privil\u00e9gi\u00e9 pour tous ses d\u00e9placements officiels, alliant style et confort.\",\"breadcrumb\":{\"@id\":\"https:\\\/\\\/www.sebastien-auziere.fr\\\/blog\\\/it\\\/brigitte-macron-le-sneaker-bianchi-ultra-confortevoli-che-riutilizza-ad-ogni-visita-ufficiale\\\/#breadcrumb\"},\"inLanguage\":\"fr-FR\",\"potentialAction\":[{\"@type\":\"ReadAction\",\"target\":[\"https:\\\/\\\/www.sebastien-auziere.fr\\\/blog\\\/it\\\/brigitte-macron-le-sneaker-bianchi-ultra-confortevoli-che-riutilizza-ad-ogni-visita-ufficiale\\\/\"]}]},{\"@type\":\"ImageObject\",\"inLanguage\":\"fr-FR\",\"@id\":\"https:\\\/\\\/www.sebastien-auziere.fr\\\/blog\\\/it\\\/brigitte-macron-le-sneaker-bianchi-ultra-confortevoli-che-riutilizza-ad-ogni-visita-ufficiale\\\/#primaryimage\",\"url\":\"https:\\\/\\\/www.sebastien-auziere.fr\\\/blog\\\/wp-content\\\/uploads\\\/2026\\\/04\\\/Brigitte-Macron-les-baskets-blanches-ultra-confortables-quelle-reutilise-a-chaque-deplacement-officiel.jpg\",\"contentUrl\":\"https:\\\/\\\/www.sebastien-auziere.fr\\\/blog\\\/wp-content\\\/uploads\\\/2026\\\/04\\\/Brigitte-Macron-les-baskets-blanches-ultra-confortables-quelle-reutilise-a-chaque-deplacement-officiel.jpg\",\"width\":2560,\"height\":1429,\"caption\":\"d\u00e9couvrez les baskets blanches ultra-confortables de brigitte macron, son choix incontournable qu'elle porte \u00e0 chaque d\u00e9placement officiel pour allier \u00e9l\u00e9gance et confort.\"},{\"@type\":\"BreadcrumbList\",\"@id\":\"https:\\\/\\\/www.sebastien-auziere.fr\\\/blog\\\/it\\\/brigitte-macron-le-sneaker-bianchi-ultra-confortevoli-che-riutilizza-ad-ogni-visita-ufficiale\\\/#breadcrumb\",\"itemListElement\":[{\"@type\":\"ListItem\",\"position\":1,\"name\":\"Home\",\"item\":\"https:\\\/\\\/www.sebastien-auziere.fr\\\/blog\\\/\"},{\"@type\":\"ListItem\",\"position\":2,\"name\":\"Brigitte Macron: le sneaker bianchi ultra-confortevoli che riutilizza ad ogni visita ufficiale\"}]},{\"@type\":\"WebSite\",\"@id\":\"https:\\\/\\\/www.sebastien-auziere.fr\\\/blog\\\/#website\",\"url\":\"https:\\\/\\\/www.sebastien-auziere.fr\\\/blog\\\/\",\"name\":\"Fan site S\u00e9bastien Auzi\u00e8re\",\"description\":\"M\u00e9dia g\u00e9n\u00e9raliste\",\"publisher\":{\"@id\":\"https:\\\/\\\/www.sebastien-auziere.fr\\\/blog\\\/#organization\"},\"potentialAction\":[{\"@type\":\"SearchAction\",\"target\":{\"@type\":\"EntryPoint\",\"urlTemplate\":\"https:\\\/\\\/www.sebastien-auziere.fr\\\/blog\\\/?s={search_term_string}\"},\"query-input\":{\"@type\":\"PropertyValueSpecification\",\"valueRequired\":true,\"valueName\":\"search_term_string\"}}],\"inLanguage\":\"fr-FR\"},{\"@type\":\"Organization\",\"@id\":\"https:\\\/\\\/www.sebastien-auziere.fr\\\/blog\\\/#organization\",\"name\":\"Fan site S\u00e9bastien Auzi\u00e8re\",\"url\":\"https:\\\/\\\/www.sebastien-auziere.fr\\\/blog\\\/\",\"logo\":{\"@type\":\"ImageObject\",\"inLanguage\":\"fr-FR\",\"@id\":\"https:\\\/\\\/www.sebastien-auziere.fr\\\/blog\\\/#\\\/schema\\\/logo\\\/image\\\/\",\"url\":\"https:\\\/\\\/www.sebastien-auziere.fr\\\/blog\\\/wp-content\\\/uploads\\\/2026\\\/03\\\/cropped-cropped-cropped-ChatGPT-Image-6-mars-2026-12_58_09-e1772798376794.jpg\",\"contentUrl\":\"https:\\\/\\\/www.sebastien-auziere.fr\\\/blog\\\/wp-content\\\/uploads\\\/2026\\\/03\\\/cropped-cropped-cropped-ChatGPT-Image-6-mars-2026-12_58_09-e1772798376794.jpg\",\"width\":512,\"height\":360,\"caption\":\"Fan site S\u00e9bastien Auzi\u00e8re\"},\"image\":{\"@id\":\"https:\\\/\\\/www.sebastien-auziere.fr\\\/blog\\\/#\\\/schema\\\/logo\\\/image\\\/\"}},{\"@type\":\"Person\",\"@id\":\"https:\\\/\\\/www.sebastien-auziere.fr\\\/blog\\\/#\\\/schema\\\/person\\\/149f1acdbfd85149c6c3e59adeae2f4d\",\"name\":\"Chloe Gauthier\",\"image\":{\"@type\":\"ImageObject\",\"inLanguage\":\"fr-FR\",\"@id\":\"https:\\\/\\\/secure.gravatar.com\\\/avatar\\\/2c5722f58171cff738a8985ef0dd66b476e563753246a49019befc837ec4201a?s=96&d=mm&r=g\",\"url\":\"https:\\\/\\\/secure.gravatar.com\\\/avatar\\\/2c5722f58171cff738a8985ef0dd66b476e563753246a49019befc837ec4201a?s=96&d=mm&r=g\",\"contentUrl\":\"https:\\\/\\\/secure.gravatar.com\\\/avatar\\\/2c5722f58171cff738a8985ef0dd66b476e563753246a49019befc837ec4201a?s=96&d=mm&r=g\",\"caption\":\"Chloe Gauthier\"},\"description\":\"Passionn\u00e9e par la politique et admiratrice engag\u00e9e de la famille Macron, je consacre mon \u00e9nergie \u00e0 suivre leurs initiatives et \u00e0 promouvoir leurs id\u00e9es. \u00c0 32 ans, je suis convaincue que leur vision est porteuse d'avenir.\",\"url\":\"https:\\\/\\\/www.sebastien-auziere.fr\\\/blog\\\/author\\\/chloe-gauthier\\\/\"}]}<\/script>\n<!-- \/ Yoast SEO plugin. -->","yoast_head_json":{"title":"Brigitte Macron: le sneaker bianchi ultra-confortevoli che riutilizza ad ogni visita ufficiale - Fan site S\u00e9bastien Auzi\u00e8re","description":"D\u00e9couvrez les baskets blanches ultra-confortables de Brigitte Macron, son choix privil\u00e9gi\u00e9 pour tous ses d\u00e9placements officiels, alliant style et confort.","robots":{"index":"index","follow":"follow","max-snippet":"max-snippet:-1","max-image-preview":"max-image-preview:large","max-video-preview":"max-video-preview:-1"},"canonical":"https:\/\/www.sebastien-auziere.fr\/blog\/it\/brigitte-macron-le-sneaker-bianchi-ultra-confortevoli-che-riutilizza-ad-ogni-visita-ufficiale\/","og_locale":"fr_FR","og_type":"article","og_title":"Brigitte Macron: le sneaker bianchi ultra-confortevoli che riutilizza ad ogni visita ufficiale - Fan site S\u00e9bastien Auzi\u00e8re","og_description":"D\u00e9couvrez les baskets blanches ultra-confortables de Brigitte Macron, son choix privil\u00e9gi\u00e9 pour tous ses d\u00e9placements officiels, alliant style et confort.","og_url":"https:\/\/www.sebastien-auziere.fr\/blog\/it\/brigitte-macron-le-sneaker-bianchi-ultra-confortevoli-che-riutilizza-ad-ogni-visita-ufficiale\/","og_site_name":"Fan site S\u00e9bastien Auzi\u00e8re","article_published_time":"2026-04-12T19:15:50+00:00","article_modified_time":"2026-04-12T19:16:15+00:00","og_image":[{"width":2560,"height":1429,"url":"https:\/\/www.sebastien-auziere.fr\/blog\/wp-content\/uploads\/2026\/04\/Brigitte-Macron-les-baskets-blanches-ultra-confortables-quelle-reutilise-a-chaque-deplacement-officiel.jpg","type":"image\/jpeg"}],"author":"Chloe Gauthier","twitter_card":"summary_large_image","twitter_misc":{"\u00c9crit par":"Chloe Gauthier","Dur\u00e9e de lecture estim\u00e9e":"2 minutes"},"schema":{"@context":"https:\/\/schema.org","@graph":[{"@type":"Article","@id":"https:\/\/www.sebastien-auziere.fr\/blog\/it\/brigitte-macron-le-sneaker-bianchi-ultra-confortevoli-che-riutilizza-ad-ogni-visita-ufficiale\/#article","isPartOf":{"@id":"https:\/\/www.sebastien-auziere.fr\/blog\/it\/brigitte-macron-le-sneaker-bianchi-ultra-confortevoli-che-riutilizza-ad-ogni-visita-ufficiale\/"},"author":{"name":"Chloe Gauthier","@id":"https:\/\/www.sebastien-auziere.fr\/blog\/#\/schema\/person\/149f1acdbfd85149c6c3e59adeae2f4d"},"headline":"Brigitte Macron: le sneaker bianchi ultra-confortevoli che riutilizza ad ogni visita ufficiale","datePublished":"2026-04-12T19:15:50+00:00","dateModified":"2026-04-12T19:16:15+00:00","mainEntityOfPage":{"@id":"https:\/\/www.sebastien-auziere.fr\/blog\/it\/brigitte-macron-le-sneaker-bianchi-ultra-confortevoli-che-riutilizza-ad-ogni-visita-ufficiale\/"},"wordCount":425,"commentCount":0,"publisher":{"@id":"https:\/\/www.sebastien-auziere.fr\/blog\/#organization"},"image":{"@id":"https:\/\/www.sebastien-auziere.fr\/blog\/it\/brigitte-macron-le-sneaker-bianchi-ultra-confortevoli-che-riutilizza-ad-ogni-visita-ufficiale\/#primaryimage"},"thumbnailUrl":"https:\/\/www.sebastien-auziere.fr\/blog\/wp-content\/uploads\/2026\/04\/Brigitte-Macron-les-baskets-blanches-ultra-confortables-quelle-reutilise-a-chaque-deplacement-officiel.jpg","keywords":["baskete bianche","brigitte macron","modo confortevole","style informale","tenuta ufficiale"],"articleSection":["Actualit\u00e0"],"inLanguage":"fr-FR","potentialAction":[{"@type":"CommentAction","name":"Comment","target":["https:\/\/www.sebastien-auziere.fr\/blog\/it\/brigitte-macron-le-sneaker-bianchi-ultra-confortevoli-che-riutilizza-ad-ogni-visita-ufficiale\/#respond"]}]},{"@type":"WebPage","@id":"https:\/\/www.sebastien-auziere.fr\/blog\/it\/brigitte-macron-le-sneaker-bianchi-ultra-confortevoli-che-riutilizza-ad-ogni-visita-ufficiale\/","url":"https:\/\/www.sebastien-auziere.fr\/blog\/it\/brigitte-macron-le-sneaker-bianchi-ultra-confortevoli-che-riutilizza-ad-ogni-visita-ufficiale\/","name":"Brigitte Macron: le sneaker bianchi ultra-confortevoli che riutilizza ad ogni visita ufficiale - Fan site S\u00e9bastien Auzi\u00e8re","isPartOf":{"@id":"https:\/\/www.sebastien-auziere.fr\/blog\/#website"},"primaryImageOfPage":{"@id":"https:\/\/www.sebastien-auziere.fr\/blog\/it\/brigitte-macron-le-sneaker-bianchi-ultra-confortevoli-che-riutilizza-ad-ogni-visita-ufficiale\/#primaryimage"},"image":{"@id":"https:\/\/www.sebastien-auziere.fr\/blog\/it\/brigitte-macron-le-sneaker-bianchi-ultra-confortevoli-che-riutilizza-ad-ogni-visita-ufficiale\/#primaryimage"},"thumbnailUrl":"https:\/\/www.sebastien-auziere.fr\/blog\/wp-content\/uploads\/2026\/04\/Brigitte-Macron-les-baskets-blanches-ultra-confortables-quelle-reutilise-a-chaque-deplacement-officiel.jpg","datePublished":"2026-04-12T19:15:50+00:00","dateModified":"2026-04-12T19:16:15+00:00","description":"D\u00e9couvrez les baskets blanches ultra-confortables de Brigitte Macron, son choix privil\u00e9gi\u00e9 pour tous ses d\u00e9placements officiels, alliant style et confort.","breadcrumb":{"@id":"https:\/\/www.sebastien-auziere.fr\/blog\/it\/brigitte-macron-le-sneaker-bianchi-ultra-confortevoli-che-riutilizza-ad-ogni-visita-ufficiale\/#breadcrumb"},"inLanguage":"fr-FR","potentialAction":[{"@type":"ReadAction","target":["https:\/\/www.sebastien-auziere.fr\/blog\/it\/brigitte-macron-le-sneaker-bianchi-ultra-confortevoli-che-riutilizza-ad-ogni-visita-ufficiale\/"]}]},{"@type":"ImageObject","inLanguage":"fr-FR","@id":"https:\/\/www.sebastien-auziere.fr\/blog\/it\/brigitte-macron-le-sneaker-bianchi-ultra-confortevoli-che-riutilizza-ad-ogni-visita-ufficiale\/#primaryimage","url":"https:\/\/www.sebastien-auziere.fr\/blog\/wp-content\/uploads\/2026\/04\/Brigitte-Macron-les-baskets-blanches-ultra-confortables-quelle-reutilise-a-chaque-deplacement-officiel.jpg","contentUrl":"https:\/\/www.sebastien-auziere.fr\/blog\/wp-content\/uploads\/2026\/04\/Brigitte-Macron-les-baskets-blanches-ultra-confortables-quelle-reutilise-a-chaque-deplacement-officiel.jpg","width":2560,"height":1429,"caption":"d\u00e9couvrez les baskets blanches ultra-confortables de brigitte macron, son choix incontournable qu'elle porte \u00e0 chaque d\u00e9placement officiel pour allier \u00e9l\u00e9gance et confort."},{"@type":"BreadcrumbList","@id":"https:\/\/www.sebastien-auziere.fr\/blog\/it\/brigitte-macron-le-sneaker-bianchi-ultra-confortevoli-che-riutilizza-ad-ogni-visita-ufficiale\/#breadcrumb","itemListElement":[{"@type":"ListItem","position":1,"name":"Home","item":"https:\/\/www.sebastien-auziere.fr\/blog\/"},{"@type":"ListItem","position":2,"name":"Brigitte Macron: le sneaker bianchi ultra-confortevoli che riutilizza ad ogni visita ufficiale"}]},{"@type":"WebSite","@id":"https:\/\/www.sebastien-auziere.fr\/blog\/#website","url":"https:\/\/www.sebastien-auziere.fr\/blog\/","name":"Fan site S\u00e9bastien Auzi\u00e8re","description":"M\u00e9dia g\u00e9n\u00e9raliste","publisher":{"@id":"https:\/\/www.sebastien-auziere.fr\/blog\/#organization"},"potentialAction":[{"@type":"SearchAction","target":{"@type":"EntryPoint","urlTemplate":"https:\/\/www.sebastien-auziere.fr\/blog\/?s={search_term_string}"},"query-input":{"@type":"PropertyValueSpecification","valueRequired":true,"valueName":"search_term_string"}}],"inLanguage":"fr-FR"},{"@type":"Organization","@id":"https:\/\/www.sebastien-auziere.fr\/blog\/#organization","name":"Fan site S\u00e9bastien Auzi\u00e8re","url":"https:\/\/www.sebastien-auziere.fr\/blog\/","logo":{"@type":"ImageObject","inLanguage":"fr-FR","@id":"https:\/\/www.sebastien-auziere.fr\/blog\/#\/schema\/logo\/image\/","url":"https:\/\/www.sebastien-auziere.fr\/blog\/wp-content\/uploads\/2026\/03\/cropped-cropped-cropped-ChatGPT-Image-6-mars-2026-12_58_09-e1772798376794.jpg","contentUrl":"https:\/\/www.sebastien-auziere.fr\/blog\/wp-content\/uploads\/2026\/03\/cropped-cropped-cropped-ChatGPT-Image-6-mars-2026-12_58_09-e1772798376794.jpg","width":512,"height":360,"caption":"Fan site S\u00e9bastien Auzi\u00e8re"},"image":{"@id":"https:\/\/www.sebastien-auziere.fr\/blog\/#\/schema\/logo\/image\/"}},{"@type":"Person","@id":"https:\/\/www.sebastien-auziere.fr\/blog\/#\/schema\/person\/149f1acdbfd85149c6c3e59adeae2f4d","name":"Chloe Gauthier","image":{"@type":"ImageObject","inLanguage":"fr-FR","@id":"https:\/\/secure.gravatar.com\/avatar\/2c5722f58171cff738a8985ef0dd66b476e563753246a49019befc837ec4201a?s=96&d=mm&r=g","url":"https:\/\/secure.gravatar.com\/avatar\/2c5722f58171cff738a8985ef0dd66b476e563753246a49019befc837ec4201a?s=96&d=mm&r=g","contentUrl":"https:\/\/secure.gravatar.com\/avatar\/2c5722f58171cff738a8985ef0dd66b476e563753246a49019befc837ec4201a?s=96&d=mm&r=g","caption":"Chloe Gauthier"},"description":"Passionn\u00e9e par la politique et admiratrice engag\u00e9e de la famille Macron, je consacre mon \u00e9nergie \u00e0 suivre leurs initiatives et \u00e0 promouvoir leurs id\u00e9es. \u00c0 32 ans, je suis convaincue que leur vision est porteuse d'avenir.","url":"https:\/\/www.sebastien-auziere.fr\/blog\/author\/chloe-gauthier\/"}]}},"views":4,"_links":{"self":[{"href":"https:\/\/www.sebastien-auziere.fr\/blog\/wp-json\/wp\/v2\/posts\/2970","targetHints":{"allow":["GET"]}}],"collection":[{"href":"https:\/\/www.sebastien-auziere.fr\/blog\/wp-json\/wp\/v2\/posts"}],"about":[{"href":"https:\/\/www.sebastien-auziere.fr\/blog\/wp-json\/wp\/v2\/types\/post"}],"author":[{"embeddable":true,"href":"https:\/\/www.sebastien-auziere.fr\/blog\/wp-json\/wp\/v2\/users\/9"}],"replies":[{"embeddable":true,"href":"https:\/\/www.sebastien-auziere.fr\/blog\/wp-json\/wp\/v2\/comments?post=2970"}],"version-history":[{"count":1,"href":"https:\/\/www.sebastien-auziere.fr\/blog\/wp-json\/wp\/v2\/posts\/2970\/revisions"}],"predecessor-version":[{"id":2971,"href":"https:\/\/www.sebastien-auziere.fr\/blog\/wp-json\/wp\/v2\/posts\/2970\/revisions\/2971"}],"wp:featuredmedia":[{"embeddable":true,"href":"https:\/\/www.sebastien-auziere.fr\/blog\/wp-json\/wp\/v2\/media\/2962"}],"wp:attachment":[{"href":"https:\/\/www.sebastien-auziere.fr\/blog\/wp-json\/wp\/v2\/media?parent=2970"}],"wp:term":[{"taxonomy":"category","embeddable":true,"href":"https:\/\/www.sebastien-auziere.fr\/blog\/wp-json\/wp\/v2\/categories?post=2970"},{"taxonomy":"post_tag","embeddable":true,"href":"https:\/\/www.sebastien-auziere.fr\/blog\/wp-json\/wp\/v2\/tags?post=2970"}],"curies":[{"name":"wp","href":"https:\/\/api.w.org\/{rel}","templated":true}]}}