{"id":2968,"date":"2026-04-12T19:12:58","date_gmt":"2026-04-12T19:12:58","guid":{"rendered":"https:\/\/www.sebastien-auziere.fr\/blog\/?p=2968"},"modified":"2026-04-12T19:13:28","modified_gmt":"2026-04-12T19:13:28","slug":"brigitte-macron-die-ultrabequemen-weisen-sneakers-die-sie-bei-jedem-offiziellen-termin-wiederverwendet","status":"publish","type":"post","link":"https:\/\/www.sebastien-auziere.fr\/blog\/de\/brigitte-macron-die-ultrabequemen-weisen-sneakers-die-sie-bei-jedem-offiziellen-termin-wiederverwendet\/","title":{"rendered":"Brigitte Macron : die ultrabequemen wei\u00dfen Sneakers, die sie bei jedem offiziellen Termin wiederverwendet"},"content":{"rendered":"<p><strong>Brigitte Macron<\/strong>wei\u00dfe Sneakers sind ein Markenzeichen bei ihren offiziellen Auftritten: ein Paar, das mehrfach sichtbar ist bei verschiedenen <strong>offiziellen Reisen<\/strong>, welches <strong>Komfort<\/strong> und <strong>Stil<\/strong> vereint. Du wirst sehen, wie sich diese modische Wahl als roter Faden in ihren Outfits etabliert hat, zwischen BCBG-Eleganz und Praktikabilit\u00e4t.<\/p>\n\n<p><strong>Kurz gesagt:<\/strong> Die First Lady bevorzugt minimalistische Modelle von <strong>No Name<\/strong>, insbesondere die Modelle <strong>FLEX<\/strong> und <strong>Parko Jogger<\/strong>, die sie in Rom, Indien und beim G7-Triff getragen hat; diese <strong>ultra-bequemen wei\u00dfen Sneakers<\/strong> kosten etwa 139 \u20ac und lassen sich leicht mit einem strukturierten oder l\u00e4ssigen Outfit kombinieren.<\/p>\n\n<h2 class=\"wp-block-heading\">Das Lieblingsmodell und seine regelm\u00e4\u00dfige Pr\u00e4senz bei Auftritten<\/h2>\n\n<p>Bei mehreren \u00f6ffentlichen Auftritten hat <strong>Brigitte Macron<\/strong> dasselbe Paar <strong>wei\u00dfe Sneakers<\/strong> wiederverwendet, was eine seltene Treue in Sachen <strong>Mode<\/strong> best\u00e4tigt. In Rom und bei internationalen Treffen wurde sie h\u00e4ufig in den <strong>FLEX<\/strong> von <strong>No Name<\/strong> gesehen, mit schlichtem Design und kontrastierender Sohle. Diese Wahl wird zu einem Element des <strong>offiziellen Looks<\/strong>, das Chic und Praktikabilit\u00e4t f\u00fcr protokollarische Anl\u00e4sse verbindet.<\/p>\n\n<p>Um mehr \u00fcber die Geschichte dieser Marke und ihre Modelle zu erfahren, lies diesen Artikel \u00fcber die <a href=\"https:\/\/www.mariefrance.fr\/mode\/shopping-mode\/no-name-marque-baskets-preferee-brigitte-macron-secrets-674076.html\" rel=\"nofollow\">Lieblingsmarke der First Lady<\/a>, der die Auftritte und Modelle detailliert beschreibt.<\/p>\n\n<h2 class=\"wp-block-heading\">Design und Komfort: Warum diese Sneakers ansprechend sind<\/h2>\n\n<p>Die <strong>FLEX<\/strong> und die <strong>Parko Jogger<\/strong> zeichnen sich durch ein minimalistisches wei\u00dfes Obermaterial, makellose Schn\u00fcrsenkel und eine dicke Sohle aus, die die Silhouette elongiert und gleichzeitig optimalen Halt bietet. Diese Mischung aus \u00c4sthetik und Funktionalit\u00e4t erf\u00fcllt die Bed\u00fcrfnisse einer First Lady, die Termine und Begegnungen wahrnehmen muss, ohne auf Stil zu verzichten.<\/p>\n\n<p>Die Modepresse hat diesen Kontrast zwischen Protokoll und L\u00e4ssigkeit hervorgehoben, wie es mehrere Artikel \u00fcber den <strong>Look<\/strong> und die <strong>Outfits<\/strong> von Brigitte Macron berichten, auch w\u00e4hrend Auslandsbesuchen; siehe insbesondere diesen Bericht, der ihre <a href=\"https:\/\/www.public.fr\/brigitte-macron-ses-baskets-compensees-fetiches-sont-d-une-marque-francaise\" rel=\"nofollow\">Wedges und ihren Einfluss<\/a> analysiert.<\/p>\n\n<h3 class=\"wp-block-heading\">Bewusste Wiederverwendung w\u00e4hrend offizieller Reisen<\/h3>\n\n<p>Von dem G7-Gipfel in Cornwall bis zu Besuchen in Italien und Indien unterstreicht das regelm\u00e4\u00dfige Erscheinen dieser <strong>ultra-bequemen wei\u00dfen Sneakers<\/strong> eine Strategie f\u00fcr eine nachhaltige Garderobe: Ein Paar f\u00fcr mehrere Events zu recyclen, erm\u00f6glicht es, <strong>Komfort<\/strong> und visuelle Koh\u00e4renz zu verbinden.<\/p>\n\n<p>Diese Wahl verwandelt den Schuh in ein echtes <strong>Accessoire<\/strong> der nonverbalen Kommunikation und zeigt, dass in den h\u00f6chsten Ebenen der Regierung <strong>Mode<\/strong> modern, praktisch und durchdacht sein kann. Das ist eine Erkenntnis, die diese Erkundung des Stils ohne viel Aufhebens abschlie\u00dft.<\/p>\n\n<p>Willst du mehr \u00fcber die famili\u00e4re Welt und die Gewohnheiten von <strong>Brigitte Macron<\/strong> erfahren und spezielle Dossiers \u00fcber S\u00e9bastien Auzi\u00e8re und die Familie Macron entdecken? Besuche <a href=\"https:\/\/sebastien-auziere.fr\" rel=\"nofollow\">sebastien-auziere.fr<\/a>, um mehr \u00fcber ihren Werdegang und ihr Engagement zu erfahren.<\/p>","protected":false},"excerpt":{"rendered":"<p>Brigitte Macronwei\u00dfe Sneakers sind ein Markenzeichen bei ihren offiziellen Auftritten: ein Paar, das mehrfach sichtbar ist bei verschiedenen offiziellen Reisen, welches Komfort und Stil vereint. Du wirst sehen, wie sich diese modische Wahl als roter Faden in ihren Outfits etabliert hat, zwischen BCBG-Eleganz und Praktikabilit\u00e4t. Kurz gesagt: Die First Lady bevorzugt minimalistische Modelle von No &#8230; <a title=\"Brigitte Macron : die ultrabequemen wei\u00dfen Sneakers, die sie bei jedem offiziellen Termin wiederverwendet\" class=\"read-more\" href=\"https:\/\/www.sebastien-auziere.fr\/blog\/de\/brigitte-macron-die-ultrabequemen-weisen-sneakers-die-sie-bei-jedem-offiziellen-termin-wiederverwendet\/\" aria-label=\"En savoir plus sur Brigitte Macron : die ultrabequemen wei\u00dfen Sneakers, die sie bei jedem offiziellen Termin wiederverwendet\">Lire plus<\/a><\/p>\n","protected":false},"author":9,"featured_media":2962,"comment_status":"open","ping_status":"open","sticky":false,"template":"","format":"standard","meta":{"footnotes":""},"categories":[856],"tags":[929,2609,2612,2618,2615],"class_list":["post-2968","post","type-post","status-publish","format-standard","has-post-thumbnail","hentry","category-aktuelles-de","tag-brigitte-macron-de","tag-bunte-korbe-de","tag-mode-bequem-de","tag-offizielle-kleidung-de","tag-stil-lassig-de"],"yoast_head":"<!-- This site is optimized with the Yoast SEO plugin v27.5 - https:\/\/yoast.com\/product\/yoast-seo-wordpress\/ -->\n<title>Brigitte Macron : die ultrabequemen wei\u00dfen Sneakers, die sie bei jedem offiziellen Termin wiederverwendet - Fan site S\u00e9bastien Auzi\u00e8re<\/title>\n<meta name=\"description\" content=\"D\u00e9couvrez les baskets blanches ultra-confortables de Brigitte Macron, son choix privil\u00e9gi\u00e9 pour tous ses d\u00e9placements officiels, alliant style et confort.\" \/>\n<meta name=\"robots\" content=\"index, follow, max-snippet:-1, max-image-preview:large, max-video-preview:-1\" \/>\n<link rel=\"canonical\" href=\"https:\/\/www.sebastien-auziere.fr\/blog\/de\/brigitte-macron-die-ultrabequemen-weisen-sneakers-die-sie-bei-jedem-offiziellen-termin-wiederverwendet\/\" \/>\n<meta property=\"og:locale\" content=\"fr_FR\" \/>\n<meta property=\"og:type\" content=\"article\" \/>\n<meta property=\"og:title\" content=\"Brigitte Macron : die ultrabequemen wei\u00dfen Sneakers, die sie bei jedem offiziellen Termin wiederverwendet - Fan site S\u00e9bastien Auzi\u00e8re\" \/>\n<meta property=\"og:description\" content=\"D\u00e9couvrez les baskets blanches ultra-confortables de Brigitte Macron, son choix privil\u00e9gi\u00e9 pour tous ses d\u00e9placements officiels, alliant style et confort.\" \/>\n<meta property=\"og:url\" content=\"https:\/\/www.sebastien-auziere.fr\/blog\/de\/brigitte-macron-die-ultrabequemen-weisen-sneakers-die-sie-bei-jedem-offiziellen-termin-wiederverwendet\/\" \/>\n<meta property=\"og:site_name\" content=\"Fan site S\u00e9bastien Auzi\u00e8re\" \/>\n<meta property=\"article:published_time\" content=\"2026-04-12T19:12:58+00:00\" \/>\n<meta property=\"article:modified_time\" content=\"2026-04-12T19:13:28+00:00\" \/>\n<meta property=\"og:image\" content=\"https:\/\/www.sebastien-auziere.fr\/blog\/wp-content\/uploads\/2026\/04\/Brigitte-Macron-les-baskets-blanches-ultra-confortables-quelle-reutilise-a-chaque-deplacement-officiel.jpg\" \/>\n\t<meta property=\"og:image:width\" content=\"2560\" \/>\n\t<meta property=\"og:image:height\" content=\"1429\" \/>\n\t<meta property=\"og:image:type\" content=\"image\/jpeg\" \/>\n<meta name=\"author\" content=\"Chloe Gauthier\" \/>\n<meta name=\"twitter:card\" content=\"summary_large_image\" \/>\n<meta name=\"twitter:label1\" content=\"\u00c9crit par\" \/>\n\t<meta name=\"twitter:data1\" content=\"Chloe Gauthier\" \/>\n\t<meta name=\"twitter:label2\" content=\"Dur\u00e9e de lecture estim\u00e9e\" \/>\n\t<meta name=\"twitter:data2\" content=\"2 minutes\" \/>\n<script type=\"application\/ld+json\" class=\"yoast-schema-graph\">{\"@context\":\"https:\\\/\\\/schema.org\",\"@graph\":[{\"@type\":\"Article\",\"@id\":\"https:\\\/\\\/www.sebastien-auziere.fr\\\/blog\\\/de\\\/brigitte-macron-die-ultrabequemen-weisen-sneakers-die-sie-bei-jedem-offiziellen-termin-wiederverwendet\\\/#article\",\"isPartOf\":{\"@id\":\"https:\\\/\\\/www.sebastien-auziere.fr\\\/blog\\\/de\\\/brigitte-macron-die-ultrabequemen-weisen-sneakers-die-sie-bei-jedem-offiziellen-termin-wiederverwendet\\\/\"},\"author\":{\"name\":\"Chloe Gauthier\",\"@id\":\"https:\\\/\\\/www.sebastien-auziere.fr\\\/blog\\\/#\\\/schema\\\/person\\\/149f1acdbfd85149c6c3e59adeae2f4d\"},\"headline\":\"Brigitte Macron : die ultrabequemen wei\u00dfen Sneakers, die sie bei jedem offiziellen Termin wiederverwendet\",\"datePublished\":\"2026-04-12T19:12:58+00:00\",\"dateModified\":\"2026-04-12T19:13:28+00:00\",\"mainEntityOfPage\":{\"@id\":\"https:\\\/\\\/www.sebastien-auziere.fr\\\/blog\\\/de\\\/brigitte-macron-die-ultrabequemen-weisen-sneakers-die-sie-bei-jedem-offiziellen-termin-wiederverwendet\\\/\"},\"wordCount\":455,\"commentCount\":0,\"publisher\":{\"@id\":\"https:\\\/\\\/www.sebastien-auziere.fr\\\/blog\\\/#organization\"},\"image\":{\"@id\":\"https:\\\/\\\/www.sebastien-auziere.fr\\\/blog\\\/de\\\/brigitte-macron-die-ultrabequemen-weisen-sneakers-die-sie-bei-jedem-offiziellen-termin-wiederverwendet\\\/#primaryimage\"},\"thumbnailUrl\":\"https:\\\/\\\/www.sebastien-auziere.fr\\\/blog\\\/wp-content\\\/uploads\\\/2026\\\/04\\\/Brigitte-Macron-les-baskets-blanches-ultra-confortables-quelle-reutilise-a-chaque-deplacement-officiel.jpg\",\"keywords\":[\"brigitte macron\",\"bunte K\u00f6rbe\",\"mode bequem\",\"offizielle Kleidung\",\"stil l\u00e4ssig\"],\"articleSection\":[\"Aktuelles\"],\"inLanguage\":\"fr-FR\",\"potentialAction\":[{\"@type\":\"CommentAction\",\"name\":\"Comment\",\"target\":[\"https:\\\/\\\/www.sebastien-auziere.fr\\\/blog\\\/de\\\/brigitte-macron-die-ultrabequemen-weisen-sneakers-die-sie-bei-jedem-offiziellen-termin-wiederverwendet\\\/#respond\"]}]},{\"@type\":\"WebPage\",\"@id\":\"https:\\\/\\\/www.sebastien-auziere.fr\\\/blog\\\/de\\\/brigitte-macron-die-ultrabequemen-weisen-sneakers-die-sie-bei-jedem-offiziellen-termin-wiederverwendet\\\/\",\"url\":\"https:\\\/\\\/www.sebastien-auziere.fr\\\/blog\\\/de\\\/brigitte-macron-die-ultrabequemen-weisen-sneakers-die-sie-bei-jedem-offiziellen-termin-wiederverwendet\\\/\",\"name\":\"Brigitte Macron : die ultrabequemen wei\u00dfen Sneakers, die sie bei jedem offiziellen Termin wiederverwendet - Fan site S\u00e9bastien Auzi\u00e8re\",\"isPartOf\":{\"@id\":\"https:\\\/\\\/www.sebastien-auziere.fr\\\/blog\\\/#website\"},\"primaryImageOfPage\":{\"@id\":\"https:\\\/\\\/www.sebastien-auziere.fr\\\/blog\\\/de\\\/brigitte-macron-die-ultrabequemen-weisen-sneakers-die-sie-bei-jedem-offiziellen-termin-wiederverwendet\\\/#primaryimage\"},\"image\":{\"@id\":\"https:\\\/\\\/www.sebastien-auziere.fr\\\/blog\\\/de\\\/brigitte-macron-die-ultrabequemen-weisen-sneakers-die-sie-bei-jedem-offiziellen-termin-wiederverwendet\\\/#primaryimage\"},\"thumbnailUrl\":\"https:\\\/\\\/www.sebastien-auziere.fr\\\/blog\\\/wp-content\\\/uploads\\\/2026\\\/04\\\/Brigitte-Macron-les-baskets-blanches-ultra-confortables-quelle-reutilise-a-chaque-deplacement-officiel.jpg\",\"datePublished\":\"2026-04-12T19:12:58+00:00\",\"dateModified\":\"2026-04-12T19:13:28+00:00\",\"description\":\"D\u00e9couvrez les baskets blanches ultra-confortables de Brigitte Macron, son choix privil\u00e9gi\u00e9 pour tous ses d\u00e9placements officiels, alliant style et confort.\",\"breadcrumb\":{\"@id\":\"https:\\\/\\\/www.sebastien-auziere.fr\\\/blog\\\/de\\\/brigitte-macron-die-ultrabequemen-weisen-sneakers-die-sie-bei-jedem-offiziellen-termin-wiederverwendet\\\/#breadcrumb\"},\"inLanguage\":\"fr-FR\",\"potentialAction\":[{\"@type\":\"ReadAction\",\"target\":[\"https:\\\/\\\/www.sebastien-auziere.fr\\\/blog\\\/de\\\/brigitte-macron-die-ultrabequemen-weisen-sneakers-die-sie-bei-jedem-offiziellen-termin-wiederverwendet\\\/\"]}]},{\"@type\":\"ImageObject\",\"inLanguage\":\"fr-FR\",\"@id\":\"https:\\\/\\\/www.sebastien-auziere.fr\\\/blog\\\/de\\\/brigitte-macron-die-ultrabequemen-weisen-sneakers-die-sie-bei-jedem-offiziellen-termin-wiederverwendet\\\/#primaryimage\",\"url\":\"https:\\\/\\\/www.sebastien-auziere.fr\\\/blog\\\/wp-content\\\/uploads\\\/2026\\\/04\\\/Brigitte-Macron-les-baskets-blanches-ultra-confortables-quelle-reutilise-a-chaque-deplacement-officiel.jpg\",\"contentUrl\":\"https:\\\/\\\/www.sebastien-auziere.fr\\\/blog\\\/wp-content\\\/uploads\\\/2026\\\/04\\\/Brigitte-Macron-les-baskets-blanches-ultra-confortables-quelle-reutilise-a-chaque-deplacement-officiel.jpg\",\"width\":2560,\"height\":1429,\"caption\":\"d\u00e9couvrez les baskets blanches ultra-confortables de brigitte macron, son choix incontournable qu'elle porte \u00e0 chaque d\u00e9placement officiel pour allier \u00e9l\u00e9gance et confort.\"},{\"@type\":\"BreadcrumbList\",\"@id\":\"https:\\\/\\\/www.sebastien-auziere.fr\\\/blog\\\/de\\\/brigitte-macron-die-ultrabequemen-weisen-sneakers-die-sie-bei-jedem-offiziellen-termin-wiederverwendet\\\/#breadcrumb\",\"itemListElement\":[{\"@type\":\"ListItem\",\"position\":1,\"name\":\"Home\",\"item\":\"https:\\\/\\\/www.sebastien-auziere.fr\\\/blog\\\/\"},{\"@type\":\"ListItem\",\"position\":2,\"name\":\"Brigitte Macron : die ultrabequemen wei\u00dfen Sneakers, die sie bei jedem offiziellen Termin wiederverwendet\"}]},{\"@type\":\"WebSite\",\"@id\":\"https:\\\/\\\/www.sebastien-auziere.fr\\\/blog\\\/#website\",\"url\":\"https:\\\/\\\/www.sebastien-auziere.fr\\\/blog\\\/\",\"name\":\"Fan site S\u00e9bastien Auzi\u00e8re\",\"description\":\"M\u00e9dia g\u00e9n\u00e9raliste\",\"publisher\":{\"@id\":\"https:\\\/\\\/www.sebastien-auziere.fr\\\/blog\\\/#organization\"},\"potentialAction\":[{\"@type\":\"SearchAction\",\"target\":{\"@type\":\"EntryPoint\",\"urlTemplate\":\"https:\\\/\\\/www.sebastien-auziere.fr\\\/blog\\\/?s={search_term_string}\"},\"query-input\":{\"@type\":\"PropertyValueSpecification\",\"valueRequired\":true,\"valueName\":\"search_term_string\"}}],\"inLanguage\":\"fr-FR\"},{\"@type\":\"Organization\",\"@id\":\"https:\\\/\\\/www.sebastien-auziere.fr\\\/blog\\\/#organization\",\"name\":\"Fan site S\u00e9bastien Auzi\u00e8re\",\"url\":\"https:\\\/\\\/www.sebastien-auziere.fr\\\/blog\\\/\",\"logo\":{\"@type\":\"ImageObject\",\"inLanguage\":\"fr-FR\",\"@id\":\"https:\\\/\\\/www.sebastien-auziere.fr\\\/blog\\\/#\\\/schema\\\/logo\\\/image\\\/\",\"url\":\"https:\\\/\\\/www.sebastien-auziere.fr\\\/blog\\\/wp-content\\\/uploads\\\/2026\\\/03\\\/cropped-cropped-cropped-ChatGPT-Image-6-mars-2026-12_58_09-e1772798376794.jpg\",\"contentUrl\":\"https:\\\/\\\/www.sebastien-auziere.fr\\\/blog\\\/wp-content\\\/uploads\\\/2026\\\/03\\\/cropped-cropped-cropped-ChatGPT-Image-6-mars-2026-12_58_09-e1772798376794.jpg\",\"width\":512,\"height\":360,\"caption\":\"Fan site S\u00e9bastien Auzi\u00e8re\"},\"image\":{\"@id\":\"https:\\\/\\\/www.sebastien-auziere.fr\\\/blog\\\/#\\\/schema\\\/logo\\\/image\\\/\"}},{\"@type\":\"Person\",\"@id\":\"https:\\\/\\\/www.sebastien-auziere.fr\\\/blog\\\/#\\\/schema\\\/person\\\/149f1acdbfd85149c6c3e59adeae2f4d\",\"name\":\"Chloe Gauthier\",\"image\":{\"@type\":\"ImageObject\",\"inLanguage\":\"fr-FR\",\"@id\":\"https:\\\/\\\/secure.gravatar.com\\\/avatar\\\/2c5722f58171cff738a8985ef0dd66b476e563753246a49019befc837ec4201a?s=96&d=mm&r=g\",\"url\":\"https:\\\/\\\/secure.gravatar.com\\\/avatar\\\/2c5722f58171cff738a8985ef0dd66b476e563753246a49019befc837ec4201a?s=96&d=mm&r=g\",\"contentUrl\":\"https:\\\/\\\/secure.gravatar.com\\\/avatar\\\/2c5722f58171cff738a8985ef0dd66b476e563753246a49019befc837ec4201a?s=96&d=mm&r=g\",\"caption\":\"Chloe Gauthier\"},\"description\":\"Passionn\u00e9e par la politique et admiratrice engag\u00e9e de la famille Macron, je consacre mon \u00e9nergie \u00e0 suivre leurs initiatives et \u00e0 promouvoir leurs id\u00e9es. \u00c0 32 ans, je suis convaincue que leur vision est porteuse d'avenir.\",\"url\":\"https:\\\/\\\/www.sebastien-auziere.fr\\\/blog\\\/author\\\/chloe-gauthier\\\/\"}]}<\/script>\n<!-- \/ Yoast SEO plugin. -->","yoast_head_json":{"title":"Brigitte Macron : die ultrabequemen wei\u00dfen Sneakers, die sie bei jedem offiziellen Termin wiederverwendet - Fan site S\u00e9bastien Auzi\u00e8re","description":"D\u00e9couvrez les baskets blanches ultra-confortables de Brigitte Macron, son choix privil\u00e9gi\u00e9 pour tous ses d\u00e9placements officiels, alliant style et confort.","robots":{"index":"index","follow":"follow","max-snippet":"max-snippet:-1","max-image-preview":"max-image-preview:large","max-video-preview":"max-video-preview:-1"},"canonical":"https:\/\/www.sebastien-auziere.fr\/blog\/de\/brigitte-macron-die-ultrabequemen-weisen-sneakers-die-sie-bei-jedem-offiziellen-termin-wiederverwendet\/","og_locale":"fr_FR","og_type":"article","og_title":"Brigitte Macron : die ultrabequemen wei\u00dfen Sneakers, die sie bei jedem offiziellen Termin wiederverwendet - Fan site S\u00e9bastien Auzi\u00e8re","og_description":"D\u00e9couvrez les baskets blanches ultra-confortables de Brigitte Macron, son choix privil\u00e9gi\u00e9 pour tous ses d\u00e9placements officiels, alliant style et confort.","og_url":"https:\/\/www.sebastien-auziere.fr\/blog\/de\/brigitte-macron-die-ultrabequemen-weisen-sneakers-die-sie-bei-jedem-offiziellen-termin-wiederverwendet\/","og_site_name":"Fan site S\u00e9bastien Auzi\u00e8re","article_published_time":"2026-04-12T19:12:58+00:00","article_modified_time":"2026-04-12T19:13:28+00:00","og_image":[{"width":2560,"height":1429,"url":"https:\/\/www.sebastien-auziere.fr\/blog\/wp-content\/uploads\/2026\/04\/Brigitte-Macron-les-baskets-blanches-ultra-confortables-quelle-reutilise-a-chaque-deplacement-officiel.jpg","type":"image\/jpeg"}],"author":"Chloe Gauthier","twitter_card":"summary_large_image","twitter_misc":{"\u00c9crit par":"Chloe Gauthier","Dur\u00e9e de lecture estim\u00e9e":"2 minutes"},"schema":{"@context":"https:\/\/schema.org","@graph":[{"@type":"Article","@id":"https:\/\/www.sebastien-auziere.fr\/blog\/de\/brigitte-macron-die-ultrabequemen-weisen-sneakers-die-sie-bei-jedem-offiziellen-termin-wiederverwendet\/#article","isPartOf":{"@id":"https:\/\/www.sebastien-auziere.fr\/blog\/de\/brigitte-macron-die-ultrabequemen-weisen-sneakers-die-sie-bei-jedem-offiziellen-termin-wiederverwendet\/"},"author":{"name":"Chloe Gauthier","@id":"https:\/\/www.sebastien-auziere.fr\/blog\/#\/schema\/person\/149f1acdbfd85149c6c3e59adeae2f4d"},"headline":"Brigitte Macron : die ultrabequemen wei\u00dfen Sneakers, die sie bei jedem offiziellen Termin wiederverwendet","datePublished":"2026-04-12T19:12:58+00:00","dateModified":"2026-04-12T19:13:28+00:00","mainEntityOfPage":{"@id":"https:\/\/www.sebastien-auziere.fr\/blog\/de\/brigitte-macron-die-ultrabequemen-weisen-sneakers-die-sie-bei-jedem-offiziellen-termin-wiederverwendet\/"},"wordCount":455,"commentCount":0,"publisher":{"@id":"https:\/\/www.sebastien-auziere.fr\/blog\/#organization"},"image":{"@id":"https:\/\/www.sebastien-auziere.fr\/blog\/de\/brigitte-macron-die-ultrabequemen-weisen-sneakers-die-sie-bei-jedem-offiziellen-termin-wiederverwendet\/#primaryimage"},"thumbnailUrl":"https:\/\/www.sebastien-auziere.fr\/blog\/wp-content\/uploads\/2026\/04\/Brigitte-Macron-les-baskets-blanches-ultra-confortables-quelle-reutilise-a-chaque-deplacement-officiel.jpg","keywords":["brigitte macron","bunte K\u00f6rbe","mode bequem","offizielle Kleidung","stil l\u00e4ssig"],"articleSection":["Aktuelles"],"inLanguage":"fr-FR","potentialAction":[{"@type":"CommentAction","name":"Comment","target":["https:\/\/www.sebastien-auziere.fr\/blog\/de\/brigitte-macron-die-ultrabequemen-weisen-sneakers-die-sie-bei-jedem-offiziellen-termin-wiederverwendet\/#respond"]}]},{"@type":"WebPage","@id":"https:\/\/www.sebastien-auziere.fr\/blog\/de\/brigitte-macron-die-ultrabequemen-weisen-sneakers-die-sie-bei-jedem-offiziellen-termin-wiederverwendet\/","url":"https:\/\/www.sebastien-auziere.fr\/blog\/de\/brigitte-macron-die-ultrabequemen-weisen-sneakers-die-sie-bei-jedem-offiziellen-termin-wiederverwendet\/","name":"Brigitte Macron : die ultrabequemen wei\u00dfen Sneakers, die sie bei jedem offiziellen Termin wiederverwendet - Fan site S\u00e9bastien Auzi\u00e8re","isPartOf":{"@id":"https:\/\/www.sebastien-auziere.fr\/blog\/#website"},"primaryImageOfPage":{"@id":"https:\/\/www.sebastien-auziere.fr\/blog\/de\/brigitte-macron-die-ultrabequemen-weisen-sneakers-die-sie-bei-jedem-offiziellen-termin-wiederverwendet\/#primaryimage"},"image":{"@id":"https:\/\/www.sebastien-auziere.fr\/blog\/de\/brigitte-macron-die-ultrabequemen-weisen-sneakers-die-sie-bei-jedem-offiziellen-termin-wiederverwendet\/#primaryimage"},"thumbnailUrl":"https:\/\/www.sebastien-auziere.fr\/blog\/wp-content\/uploads\/2026\/04\/Brigitte-Macron-les-baskets-blanches-ultra-confortables-quelle-reutilise-a-chaque-deplacement-officiel.jpg","datePublished":"2026-04-12T19:12:58+00:00","dateModified":"2026-04-12T19:13:28+00:00","description":"D\u00e9couvrez les baskets blanches ultra-confortables de Brigitte Macron, son choix privil\u00e9gi\u00e9 pour tous ses d\u00e9placements officiels, alliant style et confort.","breadcrumb":{"@id":"https:\/\/www.sebastien-auziere.fr\/blog\/de\/brigitte-macron-die-ultrabequemen-weisen-sneakers-die-sie-bei-jedem-offiziellen-termin-wiederverwendet\/#breadcrumb"},"inLanguage":"fr-FR","potentialAction":[{"@type":"ReadAction","target":["https:\/\/www.sebastien-auziere.fr\/blog\/de\/brigitte-macron-die-ultrabequemen-weisen-sneakers-die-sie-bei-jedem-offiziellen-termin-wiederverwendet\/"]}]},{"@type":"ImageObject","inLanguage":"fr-FR","@id":"https:\/\/www.sebastien-auziere.fr\/blog\/de\/brigitte-macron-die-ultrabequemen-weisen-sneakers-die-sie-bei-jedem-offiziellen-termin-wiederverwendet\/#primaryimage","url":"https:\/\/www.sebastien-auziere.fr\/blog\/wp-content\/uploads\/2026\/04\/Brigitte-Macron-les-baskets-blanches-ultra-confortables-quelle-reutilise-a-chaque-deplacement-officiel.jpg","contentUrl":"https:\/\/www.sebastien-auziere.fr\/blog\/wp-content\/uploads\/2026\/04\/Brigitte-Macron-les-baskets-blanches-ultra-confortables-quelle-reutilise-a-chaque-deplacement-officiel.jpg","width":2560,"height":1429,"caption":"d\u00e9couvrez les baskets blanches ultra-confortables de brigitte macron, son choix incontournable qu'elle porte \u00e0 chaque d\u00e9placement officiel pour allier \u00e9l\u00e9gance et confort."},{"@type":"BreadcrumbList","@id":"https:\/\/www.sebastien-auziere.fr\/blog\/de\/brigitte-macron-die-ultrabequemen-weisen-sneakers-die-sie-bei-jedem-offiziellen-termin-wiederverwendet\/#breadcrumb","itemListElement":[{"@type":"ListItem","position":1,"name":"Home","item":"https:\/\/www.sebastien-auziere.fr\/blog\/"},{"@type":"ListItem","position":2,"name":"Brigitte Macron : die ultrabequemen wei\u00dfen Sneakers, die sie bei jedem offiziellen Termin wiederverwendet"}]},{"@type":"WebSite","@id":"https:\/\/www.sebastien-auziere.fr\/blog\/#website","url":"https:\/\/www.sebastien-auziere.fr\/blog\/","name":"Fan site S\u00e9bastien Auzi\u00e8re","description":"M\u00e9dia g\u00e9n\u00e9raliste","publisher":{"@id":"https:\/\/www.sebastien-auziere.fr\/blog\/#organization"},"potentialAction":[{"@type":"SearchAction","target":{"@type":"EntryPoint","urlTemplate":"https:\/\/www.sebastien-auziere.fr\/blog\/?s={search_term_string}"},"query-input":{"@type":"PropertyValueSpecification","valueRequired":true,"valueName":"search_term_string"}}],"inLanguage":"fr-FR"},{"@type":"Organization","@id":"https:\/\/www.sebastien-auziere.fr\/blog\/#organization","name":"Fan site S\u00e9bastien Auzi\u00e8re","url":"https:\/\/www.sebastien-auziere.fr\/blog\/","logo":{"@type":"ImageObject","inLanguage":"fr-FR","@id":"https:\/\/www.sebastien-auziere.fr\/blog\/#\/schema\/logo\/image\/","url":"https:\/\/www.sebastien-auziere.fr\/blog\/wp-content\/uploads\/2026\/03\/cropped-cropped-cropped-ChatGPT-Image-6-mars-2026-12_58_09-e1772798376794.jpg","contentUrl":"https:\/\/www.sebastien-auziere.fr\/blog\/wp-content\/uploads\/2026\/03\/cropped-cropped-cropped-ChatGPT-Image-6-mars-2026-12_58_09-e1772798376794.jpg","width":512,"height":360,"caption":"Fan site S\u00e9bastien Auzi\u00e8re"},"image":{"@id":"https:\/\/www.sebastien-auziere.fr\/blog\/#\/schema\/logo\/image\/"}},{"@type":"Person","@id":"https:\/\/www.sebastien-auziere.fr\/blog\/#\/schema\/person\/149f1acdbfd85149c6c3e59adeae2f4d","name":"Chloe Gauthier","image":{"@type":"ImageObject","inLanguage":"fr-FR","@id":"https:\/\/secure.gravatar.com\/avatar\/2c5722f58171cff738a8985ef0dd66b476e563753246a49019befc837ec4201a?s=96&d=mm&r=g","url":"https:\/\/secure.gravatar.com\/avatar\/2c5722f58171cff738a8985ef0dd66b476e563753246a49019befc837ec4201a?s=96&d=mm&r=g","contentUrl":"https:\/\/secure.gravatar.com\/avatar\/2c5722f58171cff738a8985ef0dd66b476e563753246a49019befc837ec4201a?s=96&d=mm&r=g","caption":"Chloe Gauthier"},"description":"Passionn\u00e9e par la politique et admiratrice engag\u00e9e de la famille Macron, je consacre mon \u00e9nergie \u00e0 suivre leurs initiatives et \u00e0 promouvoir leurs id\u00e9es. \u00c0 32 ans, je suis convaincue que leur vision est porteuse d'avenir.","url":"https:\/\/www.sebastien-auziere.fr\/blog\/author\/chloe-gauthier\/"}]}},"views":4,"_links":{"self":[{"href":"https:\/\/www.sebastien-auziere.fr\/blog\/wp-json\/wp\/v2\/posts\/2968","targetHints":{"allow":["GET"]}}],"collection":[{"href":"https:\/\/www.sebastien-auziere.fr\/blog\/wp-json\/wp\/v2\/posts"}],"about":[{"href":"https:\/\/www.sebastien-auziere.fr\/blog\/wp-json\/wp\/v2\/types\/post"}],"author":[{"embeddable":true,"href":"https:\/\/www.sebastien-auziere.fr\/blog\/wp-json\/wp\/v2\/users\/9"}],"replies":[{"embeddable":true,"href":"https:\/\/www.sebastien-auziere.fr\/blog\/wp-json\/wp\/v2\/comments?post=2968"}],"version-history":[{"count":1,"href":"https:\/\/www.sebastien-auziere.fr\/blog\/wp-json\/wp\/v2\/posts\/2968\/revisions"}],"predecessor-version":[{"id":2969,"href":"https:\/\/www.sebastien-auziere.fr\/blog\/wp-json\/wp\/v2\/posts\/2968\/revisions\/2969"}],"wp:featuredmedia":[{"embeddable":true,"href":"https:\/\/www.sebastien-auziere.fr\/blog\/wp-json\/wp\/v2\/media\/2962"}],"wp:attachment":[{"href":"https:\/\/www.sebastien-auziere.fr\/blog\/wp-json\/wp\/v2\/media?parent=2968"}],"wp:term":[{"taxonomy":"category","embeddable":true,"href":"https:\/\/www.sebastien-auziere.fr\/blog\/wp-json\/wp\/v2\/categories?post=2968"},{"taxonomy":"post_tag","embeddable":true,"href":"https:\/\/www.sebastien-auziere.fr\/blog\/wp-json\/wp\/v2\/tags?post=2968"}],"curies":[{"name":"wp","href":"https:\/\/api.w.org\/{rel}","templated":true}]}}