{"id":2966,"date":"2026-04-12T19:10:30","date_gmt":"2026-04-12T19:10:30","guid":{"rendered":"https:\/\/www.sebastien-auziere.fr\/blog\/?p=2966"},"modified":"2026-04-12T19:10:55","modified_gmt":"2026-04-12T19:10:55","slug":"brigitte-macron-las-zapatillas-blancas-ultra-comodas-que-reutiliza-en-cada-desplazamiento-oficial","status":"publish","type":"post","link":"https:\/\/www.sebastien-auziere.fr\/blog\/es\/brigitte-macron-las-zapatillas-blancas-ultra-comodas-que-reutiliza-en-cada-desplazamiento-oficial\/","title":{"rendered":"Brigitte Macron: las zapatillas blancas ultra c\u00f3modas que reutiliza en cada desplazamiento oficial"},"content":{"rendered":"<p><strong>Brigitte Macron<\/strong> zapatillas blancas un accesorio de firma en sus salidas oficiales: un par repetido, visible en varios <strong>desplazamientos oficiales<\/strong>, que combina <strong>comodidad<\/strong> y <strong>estilo<\/strong>. Ver\u00e1s c\u00f3mo esta elecci\u00f3n de moda se ha impuesto como un hilo conductor en sus atuendos, entre elegancia BCBG y practicidad.<\/p>\n\n<p><strong>En resumen:<\/strong> la Primera dama prioriza modelos minimalistas de la marca <strong>No Name<\/strong>, en particular los modelos <strong>FLEX<\/strong> y <strong>Parko Jogger<\/strong>, usados en Roma, en India y durante el G7; estas <strong>zapatillas blancas ultra c\u00f3modas<\/strong> cuestan alrededor de 139 \u20ac y son f\u00e1ciles de combinar con un atuendo estructurado o casual.<\/p>\n\n<h2 class=\"wp-block-heading\">El modelo fetiche y su presencia regular durante las salidas<\/h2>\n\n<p>En varias apariciones p\u00fablicas, <strong>Brigitte Macron<\/strong> ha reutilizado el mismo par de <strong>zapatillas blancas<\/strong>, confirmando una fidelidad rara en materia de <strong>moda<\/strong>. Observada en Roma y durante encuentros internacionales, a menudo lleva las <strong>FLEX<\/strong> de la marca <strong>No Name<\/strong>, con un dise\u00f1o limpio y una suela contrastante. Esta elecci\u00f3n se convierte en un elemento del <strong>look<\/strong> oficial, combinando chic y practicidad para las marchas protocolarias.<\/p>\n\n<p>Para saber m\u00e1s sobre la historia de esta marca y sus modelos, consulta este art\u00edculo dedicado a la <a href=\"https:\/\/www.mariefrance.fr\/mode\/shopping-mode\/no-name-marque-baskets-preferee-brigitte-macron-secrets-674076.html\" rel=\"nofollow\">marca preferida de la Primera dama<\/a>, que detalla las apariciones y los modelos.<\/p>\n\n<h2 class=\"wp-block-heading\">Dise\u00f1o y confort: por qu\u00e9 estas zapatillas son atractivas<\/h2>\n\n<p>Las <strong>FLEX<\/strong> y las <strong>Parko Jogger<\/strong> se distinguen por un empeine blanco minimalista, cordones inmaculados y una suela gruesa que alarga la silueta mientras ofrece un soporte \u00f3ptimo. Esta mezcla de est\u00e9tica y funcionalidad responde a la necesidad de una Primera dama que debe encadenar desplazamientos y reuniones sin sacrificar la presencia.<\/p>\n\n<p>La prensa de moda ha destacado este contraste entre protocolo y relajaci\u00f3n, como relatan varios art\u00edculos dedicados al <strong>look<\/strong> y a la <strong>tenida<\/strong> de Brigitte Macron, incluso durante visitas al extranjero; ver especialmente este reportaje que analiza sus zapatillas <a href=\"https:\/\/www.public.fr\/brigitte-macron-ses-baskets-compensees-fetiches-sont-d-une-marque-francaise\" rel=\"nofollow\">con compensaci\u00f3n y su impacto<\/a>.<\/p>\n\n<h3 class=\"wp-block-heading\">Reutilizaci\u00f3n asumida durante los desplazamientos oficiales<\/h3>\n\n<p>Desde el G7 en Cornualles hasta visitas en Italia e India, la reaparici\u00f3n regular de estas <strong>zapatillas blancas ultra c\u00f3modas<\/strong> subraya una estrategia de guardarropa sostenible: reciclar un par para varios eventos permite combinar <strong>comodidad<\/strong> y coherencia visual.<\/p>\n\n<p>Esta elecci\u00f3n transforma el zapato en un aut\u00e9ntico <strong>accesorio<\/strong> de comunicaci\u00f3n no verbal, demostrando que en la cumbre del Estado, la <strong>moda<\/strong> puede ser moderna, pr\u00e1ctica y reflexionada. Aqu\u00ed hay una idea que concluye esta exploraci\u00f3n del estilo sin estridencias.<\/p>\n\n<p>\u00bfQuieres profundizar en el universo familiar y los h\u00e1bitos de <strong>Brigitte Macron<\/strong> y descubrir dossiers dedicados a S\u00e9bastien Auzi\u00e8re y a la familia Macron? Visita <a href=\"https:\/\/sebastien-auziere.fr\" rel=\"nofollow\">sebastien-auziere.fr<\/a> para saber m\u00e1s sobre sus trayectorias y compromisos.<\/p>","protected":false},"excerpt":{"rendered":"<p>Brigitte Macron zapatillas blancas un accesorio de firma en sus salidas oficiales: un par repetido, visible en varios desplazamientos oficiales, que combina comodidad y estilo. Ver\u00e1s c\u00f3mo esta elecci\u00f3n de moda se ha impuesto como un hilo conductor en sus atuendos, entre elegancia BCBG y practicidad. En resumen: la Primera dama prioriza modelos minimalistas de &#8230; <a title=\"Brigitte Macron: las zapatillas blancas ultra c\u00f3modas que reutiliza en cada desplazamiento oficial\" class=\"read-more\" href=\"https:\/\/www.sebastien-auziere.fr\/blog\/es\/brigitte-macron-las-zapatillas-blancas-ultra-comodas-que-reutiliza-en-cada-desplazamiento-oficial\/\" aria-label=\"En savoir plus sur Brigitte Macron: las zapatillas blancas ultra c\u00f3modas que reutiliza en cada desplazamiento oficial\">Lire plus<\/a><\/p>\n","protected":false},"author":9,"featured_media":2962,"comment_status":"open","ping_status":"open","sticky":false,"template":"","format":"standard","meta":{"footnotes":""},"categories":[820],"tags":[914,2597,2603,2600,2606],"class_list":["post-2966","post","type-post","status-publish","format-standard","has-post-thumbnail","hentry","category-actualidades-es","tag-brigitte-macron-es","tag-cestas-blancas-es","tag-estilo-casual-es","tag-modo-comodo-es","tag-tenida-oficial-es"],"yoast_head":"<!-- This site is optimized with the Yoast SEO plugin v27.5 - https:\/\/yoast.com\/product\/yoast-seo-wordpress\/ -->\n<title>Brigitte Macron: las zapatillas blancas ultra c\u00f3modas que reutiliza en cada desplazamiento oficial - Fan site S\u00e9bastien Auzi\u00e8re<\/title>\n<meta name=\"description\" content=\"D\u00e9couvrez les baskets blanches ultra-confortables de Brigitte Macron, son choix privil\u00e9gi\u00e9 pour tous ses d\u00e9placements officiels, alliant style et confort.\" \/>\n<meta name=\"robots\" content=\"index, follow, max-snippet:-1, max-image-preview:large, max-video-preview:-1\" \/>\n<link rel=\"canonical\" href=\"https:\/\/www.sebastien-auziere.fr\/blog\/es\/brigitte-macron-las-zapatillas-blancas-ultra-comodas-que-reutiliza-en-cada-desplazamiento-oficial\/\" \/>\n<meta property=\"og:locale\" content=\"fr_FR\" \/>\n<meta property=\"og:type\" content=\"article\" \/>\n<meta property=\"og:title\" content=\"Brigitte Macron: las zapatillas blancas ultra c\u00f3modas que reutiliza en cada desplazamiento oficial - Fan site S\u00e9bastien Auzi\u00e8re\" \/>\n<meta property=\"og:description\" content=\"D\u00e9couvrez les baskets blanches ultra-confortables de Brigitte Macron, son choix privil\u00e9gi\u00e9 pour tous ses d\u00e9placements officiels, alliant style et confort.\" \/>\n<meta property=\"og:url\" content=\"https:\/\/www.sebastien-auziere.fr\/blog\/es\/brigitte-macron-las-zapatillas-blancas-ultra-comodas-que-reutiliza-en-cada-desplazamiento-oficial\/\" \/>\n<meta property=\"og:site_name\" content=\"Fan site S\u00e9bastien Auzi\u00e8re\" \/>\n<meta property=\"article:published_time\" content=\"2026-04-12T19:10:30+00:00\" \/>\n<meta property=\"article:modified_time\" content=\"2026-04-12T19:10:55+00:00\" \/>\n<meta property=\"og:image\" content=\"https:\/\/www.sebastien-auziere.fr\/blog\/wp-content\/uploads\/2026\/04\/Brigitte-Macron-les-baskets-blanches-ultra-confortables-quelle-reutilise-a-chaque-deplacement-officiel.jpg\" \/>\n\t<meta property=\"og:image:width\" content=\"2560\" \/>\n\t<meta property=\"og:image:height\" content=\"1429\" \/>\n\t<meta property=\"og:image:type\" content=\"image\/jpeg\" \/>\n<meta name=\"author\" content=\"Chloe Gauthier\" \/>\n<meta name=\"twitter:card\" content=\"summary_large_image\" \/>\n<meta name=\"twitter:label1\" content=\"\u00c9crit par\" \/>\n\t<meta name=\"twitter:data1\" content=\"Chloe Gauthier\" \/>\n\t<meta name=\"twitter:label2\" content=\"Dur\u00e9e de lecture estim\u00e9e\" \/>\n\t<meta name=\"twitter:data2\" content=\"2 minutes\" \/>\n<script type=\"application\/ld+json\" class=\"yoast-schema-graph\">{\"@context\":\"https:\\\/\\\/schema.org\",\"@graph\":[{\"@type\":\"Article\",\"@id\":\"https:\\\/\\\/www.sebastien-auziere.fr\\\/blog\\\/es\\\/brigitte-macron-las-zapatillas-blancas-ultra-comodas-que-reutiliza-en-cada-desplazamiento-oficial\\\/#article\",\"isPartOf\":{\"@id\":\"https:\\\/\\\/www.sebastien-auziere.fr\\\/blog\\\/es\\\/brigitte-macron-las-zapatillas-blancas-ultra-comodas-que-reutiliza-en-cada-desplazamiento-oficial\\\/\"},\"author\":{\"name\":\"Chloe Gauthier\",\"@id\":\"https:\\\/\\\/www.sebastien-auziere.fr\\\/blog\\\/#\\\/schema\\\/person\\\/149f1acdbfd85149c6c3e59adeae2f4d\"},\"headline\":\"Brigitte Macron: las zapatillas blancas ultra c\u00f3modas que reutiliza en cada desplazamiento oficial\",\"datePublished\":\"2026-04-12T19:10:30+00:00\",\"dateModified\":\"2026-04-12T19:10:55+00:00\",\"mainEntityOfPage\":{\"@id\":\"https:\\\/\\\/www.sebastien-auziere.fr\\\/blog\\\/es\\\/brigitte-macron-las-zapatillas-blancas-ultra-comodas-que-reutiliza-en-cada-desplazamiento-oficial\\\/\"},\"wordCount\":466,\"commentCount\":0,\"publisher\":{\"@id\":\"https:\\\/\\\/www.sebastien-auziere.fr\\\/blog\\\/#organization\"},\"image\":{\"@id\":\"https:\\\/\\\/www.sebastien-auziere.fr\\\/blog\\\/es\\\/brigitte-macron-las-zapatillas-blancas-ultra-comodas-que-reutiliza-en-cada-desplazamiento-oficial\\\/#primaryimage\"},\"thumbnailUrl\":\"https:\\\/\\\/www.sebastien-auziere.fr\\\/blog\\\/wp-content\\\/uploads\\\/2026\\\/04\\\/Brigitte-Macron-les-baskets-blanches-ultra-confortables-quelle-reutilise-a-chaque-deplacement-officiel.jpg\",\"keywords\":[\"brigitte macron\",\"cestas blancas\",\"estilo casual\",\"modo c\u00f3modo\",\"tenida oficial\"],\"articleSection\":[\"Actualidades\"],\"inLanguage\":\"fr-FR\",\"potentialAction\":[{\"@type\":\"CommentAction\",\"name\":\"Comment\",\"target\":[\"https:\\\/\\\/www.sebastien-auziere.fr\\\/blog\\\/es\\\/brigitte-macron-las-zapatillas-blancas-ultra-comodas-que-reutiliza-en-cada-desplazamiento-oficial\\\/#respond\"]}]},{\"@type\":\"WebPage\",\"@id\":\"https:\\\/\\\/www.sebastien-auziere.fr\\\/blog\\\/es\\\/brigitte-macron-las-zapatillas-blancas-ultra-comodas-que-reutiliza-en-cada-desplazamiento-oficial\\\/\",\"url\":\"https:\\\/\\\/www.sebastien-auziere.fr\\\/blog\\\/es\\\/brigitte-macron-las-zapatillas-blancas-ultra-comodas-que-reutiliza-en-cada-desplazamiento-oficial\\\/\",\"name\":\"Brigitte Macron: las zapatillas blancas ultra c\u00f3modas que reutiliza en cada desplazamiento oficial - Fan site S\u00e9bastien Auzi\u00e8re\",\"isPartOf\":{\"@id\":\"https:\\\/\\\/www.sebastien-auziere.fr\\\/blog\\\/#website\"},\"primaryImageOfPage\":{\"@id\":\"https:\\\/\\\/www.sebastien-auziere.fr\\\/blog\\\/es\\\/brigitte-macron-las-zapatillas-blancas-ultra-comodas-que-reutiliza-en-cada-desplazamiento-oficial\\\/#primaryimage\"},\"image\":{\"@id\":\"https:\\\/\\\/www.sebastien-auziere.fr\\\/blog\\\/es\\\/brigitte-macron-las-zapatillas-blancas-ultra-comodas-que-reutiliza-en-cada-desplazamiento-oficial\\\/#primaryimage\"},\"thumbnailUrl\":\"https:\\\/\\\/www.sebastien-auziere.fr\\\/blog\\\/wp-content\\\/uploads\\\/2026\\\/04\\\/Brigitte-Macron-les-baskets-blanches-ultra-confortables-quelle-reutilise-a-chaque-deplacement-officiel.jpg\",\"datePublished\":\"2026-04-12T19:10:30+00:00\",\"dateModified\":\"2026-04-12T19:10:55+00:00\",\"description\":\"D\u00e9couvrez les baskets blanches ultra-confortables de Brigitte Macron, son choix privil\u00e9gi\u00e9 pour tous ses d\u00e9placements officiels, alliant style et confort.\",\"breadcrumb\":{\"@id\":\"https:\\\/\\\/www.sebastien-auziere.fr\\\/blog\\\/es\\\/brigitte-macron-las-zapatillas-blancas-ultra-comodas-que-reutiliza-en-cada-desplazamiento-oficial\\\/#breadcrumb\"},\"inLanguage\":\"fr-FR\",\"potentialAction\":[{\"@type\":\"ReadAction\",\"target\":[\"https:\\\/\\\/www.sebastien-auziere.fr\\\/blog\\\/es\\\/brigitte-macron-las-zapatillas-blancas-ultra-comodas-que-reutiliza-en-cada-desplazamiento-oficial\\\/\"]}]},{\"@type\":\"ImageObject\",\"inLanguage\":\"fr-FR\",\"@id\":\"https:\\\/\\\/www.sebastien-auziere.fr\\\/blog\\\/es\\\/brigitte-macron-las-zapatillas-blancas-ultra-comodas-que-reutiliza-en-cada-desplazamiento-oficial\\\/#primaryimage\",\"url\":\"https:\\\/\\\/www.sebastien-auziere.fr\\\/blog\\\/wp-content\\\/uploads\\\/2026\\\/04\\\/Brigitte-Macron-les-baskets-blanches-ultra-confortables-quelle-reutilise-a-chaque-deplacement-officiel.jpg\",\"contentUrl\":\"https:\\\/\\\/www.sebastien-auziere.fr\\\/blog\\\/wp-content\\\/uploads\\\/2026\\\/04\\\/Brigitte-Macron-les-baskets-blanches-ultra-confortables-quelle-reutilise-a-chaque-deplacement-officiel.jpg\",\"width\":2560,\"height\":1429,\"caption\":\"d\u00e9couvrez les baskets blanches ultra-confortables de brigitte macron, son choix incontournable qu'elle porte \u00e0 chaque d\u00e9placement officiel pour allier \u00e9l\u00e9gance et confort.\"},{\"@type\":\"BreadcrumbList\",\"@id\":\"https:\\\/\\\/www.sebastien-auziere.fr\\\/blog\\\/es\\\/brigitte-macron-las-zapatillas-blancas-ultra-comodas-que-reutiliza-en-cada-desplazamiento-oficial\\\/#breadcrumb\",\"itemListElement\":[{\"@type\":\"ListItem\",\"position\":1,\"name\":\"Home\",\"item\":\"https:\\\/\\\/www.sebastien-auziere.fr\\\/blog\\\/\"},{\"@type\":\"ListItem\",\"position\":2,\"name\":\"Brigitte Macron: las zapatillas blancas ultra c\u00f3modas que reutiliza en cada desplazamiento oficial\"}]},{\"@type\":\"WebSite\",\"@id\":\"https:\\\/\\\/www.sebastien-auziere.fr\\\/blog\\\/#website\",\"url\":\"https:\\\/\\\/www.sebastien-auziere.fr\\\/blog\\\/\",\"name\":\"Fan site S\u00e9bastien Auzi\u00e8re\",\"description\":\"M\u00e9dia g\u00e9n\u00e9raliste\",\"publisher\":{\"@id\":\"https:\\\/\\\/www.sebastien-auziere.fr\\\/blog\\\/#organization\"},\"potentialAction\":[{\"@type\":\"SearchAction\",\"target\":{\"@type\":\"EntryPoint\",\"urlTemplate\":\"https:\\\/\\\/www.sebastien-auziere.fr\\\/blog\\\/?s={search_term_string}\"},\"query-input\":{\"@type\":\"PropertyValueSpecification\",\"valueRequired\":true,\"valueName\":\"search_term_string\"}}],\"inLanguage\":\"fr-FR\"},{\"@type\":\"Organization\",\"@id\":\"https:\\\/\\\/www.sebastien-auziere.fr\\\/blog\\\/#organization\",\"name\":\"Fan site S\u00e9bastien Auzi\u00e8re\",\"url\":\"https:\\\/\\\/www.sebastien-auziere.fr\\\/blog\\\/\",\"logo\":{\"@type\":\"ImageObject\",\"inLanguage\":\"fr-FR\",\"@id\":\"https:\\\/\\\/www.sebastien-auziere.fr\\\/blog\\\/#\\\/schema\\\/logo\\\/image\\\/\",\"url\":\"https:\\\/\\\/www.sebastien-auziere.fr\\\/blog\\\/wp-content\\\/uploads\\\/2026\\\/03\\\/cropped-cropped-cropped-ChatGPT-Image-6-mars-2026-12_58_09-e1772798376794.jpg\",\"contentUrl\":\"https:\\\/\\\/www.sebastien-auziere.fr\\\/blog\\\/wp-content\\\/uploads\\\/2026\\\/03\\\/cropped-cropped-cropped-ChatGPT-Image-6-mars-2026-12_58_09-e1772798376794.jpg\",\"width\":512,\"height\":360,\"caption\":\"Fan site S\u00e9bastien Auzi\u00e8re\"},\"image\":{\"@id\":\"https:\\\/\\\/www.sebastien-auziere.fr\\\/blog\\\/#\\\/schema\\\/logo\\\/image\\\/\"}},{\"@type\":\"Person\",\"@id\":\"https:\\\/\\\/www.sebastien-auziere.fr\\\/blog\\\/#\\\/schema\\\/person\\\/149f1acdbfd85149c6c3e59adeae2f4d\",\"name\":\"Chloe Gauthier\",\"image\":{\"@type\":\"ImageObject\",\"inLanguage\":\"fr-FR\",\"@id\":\"https:\\\/\\\/secure.gravatar.com\\\/avatar\\\/2c5722f58171cff738a8985ef0dd66b476e563753246a49019befc837ec4201a?s=96&d=mm&r=g\",\"url\":\"https:\\\/\\\/secure.gravatar.com\\\/avatar\\\/2c5722f58171cff738a8985ef0dd66b476e563753246a49019befc837ec4201a?s=96&d=mm&r=g\",\"contentUrl\":\"https:\\\/\\\/secure.gravatar.com\\\/avatar\\\/2c5722f58171cff738a8985ef0dd66b476e563753246a49019befc837ec4201a?s=96&d=mm&r=g\",\"caption\":\"Chloe Gauthier\"},\"description\":\"Passionn\u00e9e par la politique et admiratrice engag\u00e9e de la famille Macron, je consacre mon \u00e9nergie \u00e0 suivre leurs initiatives et \u00e0 promouvoir leurs id\u00e9es. \u00c0 32 ans, je suis convaincue que leur vision est porteuse d'avenir.\",\"url\":\"https:\\\/\\\/www.sebastien-auziere.fr\\\/blog\\\/author\\\/chloe-gauthier\\\/\"}]}<\/script>\n<!-- \/ Yoast SEO plugin. -->","yoast_head_json":{"title":"Brigitte Macron: las zapatillas blancas ultra c\u00f3modas que reutiliza en cada desplazamiento oficial - Fan site S\u00e9bastien Auzi\u00e8re","description":"D\u00e9couvrez les baskets blanches ultra-confortables de Brigitte Macron, son choix privil\u00e9gi\u00e9 pour tous ses d\u00e9placements officiels, alliant style et confort.","robots":{"index":"index","follow":"follow","max-snippet":"max-snippet:-1","max-image-preview":"max-image-preview:large","max-video-preview":"max-video-preview:-1"},"canonical":"https:\/\/www.sebastien-auziere.fr\/blog\/es\/brigitte-macron-las-zapatillas-blancas-ultra-comodas-que-reutiliza-en-cada-desplazamiento-oficial\/","og_locale":"fr_FR","og_type":"article","og_title":"Brigitte Macron: las zapatillas blancas ultra c\u00f3modas que reutiliza en cada desplazamiento oficial - Fan site S\u00e9bastien Auzi\u00e8re","og_description":"D\u00e9couvrez les baskets blanches ultra-confortables de Brigitte Macron, son choix privil\u00e9gi\u00e9 pour tous ses d\u00e9placements officiels, alliant style et confort.","og_url":"https:\/\/www.sebastien-auziere.fr\/blog\/es\/brigitte-macron-las-zapatillas-blancas-ultra-comodas-que-reutiliza-en-cada-desplazamiento-oficial\/","og_site_name":"Fan site S\u00e9bastien Auzi\u00e8re","article_published_time":"2026-04-12T19:10:30+00:00","article_modified_time":"2026-04-12T19:10:55+00:00","og_image":[{"width":2560,"height":1429,"url":"https:\/\/www.sebastien-auziere.fr\/blog\/wp-content\/uploads\/2026\/04\/Brigitte-Macron-les-baskets-blanches-ultra-confortables-quelle-reutilise-a-chaque-deplacement-officiel.jpg","type":"image\/jpeg"}],"author":"Chloe Gauthier","twitter_card":"summary_large_image","twitter_misc":{"\u00c9crit par":"Chloe Gauthier","Dur\u00e9e de lecture estim\u00e9e":"2 minutes"},"schema":{"@context":"https:\/\/schema.org","@graph":[{"@type":"Article","@id":"https:\/\/www.sebastien-auziere.fr\/blog\/es\/brigitte-macron-las-zapatillas-blancas-ultra-comodas-que-reutiliza-en-cada-desplazamiento-oficial\/#article","isPartOf":{"@id":"https:\/\/www.sebastien-auziere.fr\/blog\/es\/brigitte-macron-las-zapatillas-blancas-ultra-comodas-que-reutiliza-en-cada-desplazamiento-oficial\/"},"author":{"name":"Chloe Gauthier","@id":"https:\/\/www.sebastien-auziere.fr\/blog\/#\/schema\/person\/149f1acdbfd85149c6c3e59adeae2f4d"},"headline":"Brigitte Macron: las zapatillas blancas ultra c\u00f3modas que reutiliza en cada desplazamiento oficial","datePublished":"2026-04-12T19:10:30+00:00","dateModified":"2026-04-12T19:10:55+00:00","mainEntityOfPage":{"@id":"https:\/\/www.sebastien-auziere.fr\/blog\/es\/brigitte-macron-las-zapatillas-blancas-ultra-comodas-que-reutiliza-en-cada-desplazamiento-oficial\/"},"wordCount":466,"commentCount":0,"publisher":{"@id":"https:\/\/www.sebastien-auziere.fr\/blog\/#organization"},"image":{"@id":"https:\/\/www.sebastien-auziere.fr\/blog\/es\/brigitte-macron-las-zapatillas-blancas-ultra-comodas-que-reutiliza-en-cada-desplazamiento-oficial\/#primaryimage"},"thumbnailUrl":"https:\/\/www.sebastien-auziere.fr\/blog\/wp-content\/uploads\/2026\/04\/Brigitte-Macron-les-baskets-blanches-ultra-confortables-quelle-reutilise-a-chaque-deplacement-officiel.jpg","keywords":["brigitte macron","cestas blancas","estilo casual","modo c\u00f3modo","tenida oficial"],"articleSection":["Actualidades"],"inLanguage":"fr-FR","potentialAction":[{"@type":"CommentAction","name":"Comment","target":["https:\/\/www.sebastien-auziere.fr\/blog\/es\/brigitte-macron-las-zapatillas-blancas-ultra-comodas-que-reutiliza-en-cada-desplazamiento-oficial\/#respond"]}]},{"@type":"WebPage","@id":"https:\/\/www.sebastien-auziere.fr\/blog\/es\/brigitte-macron-las-zapatillas-blancas-ultra-comodas-que-reutiliza-en-cada-desplazamiento-oficial\/","url":"https:\/\/www.sebastien-auziere.fr\/blog\/es\/brigitte-macron-las-zapatillas-blancas-ultra-comodas-que-reutiliza-en-cada-desplazamiento-oficial\/","name":"Brigitte Macron: las zapatillas blancas ultra c\u00f3modas que reutiliza en cada desplazamiento oficial - Fan site S\u00e9bastien Auzi\u00e8re","isPartOf":{"@id":"https:\/\/www.sebastien-auziere.fr\/blog\/#website"},"primaryImageOfPage":{"@id":"https:\/\/www.sebastien-auziere.fr\/blog\/es\/brigitte-macron-las-zapatillas-blancas-ultra-comodas-que-reutiliza-en-cada-desplazamiento-oficial\/#primaryimage"},"image":{"@id":"https:\/\/www.sebastien-auziere.fr\/blog\/es\/brigitte-macron-las-zapatillas-blancas-ultra-comodas-que-reutiliza-en-cada-desplazamiento-oficial\/#primaryimage"},"thumbnailUrl":"https:\/\/www.sebastien-auziere.fr\/blog\/wp-content\/uploads\/2026\/04\/Brigitte-Macron-les-baskets-blanches-ultra-confortables-quelle-reutilise-a-chaque-deplacement-officiel.jpg","datePublished":"2026-04-12T19:10:30+00:00","dateModified":"2026-04-12T19:10:55+00:00","description":"D\u00e9couvrez les baskets blanches ultra-confortables de Brigitte Macron, son choix privil\u00e9gi\u00e9 pour tous ses d\u00e9placements officiels, alliant style et confort.","breadcrumb":{"@id":"https:\/\/www.sebastien-auziere.fr\/blog\/es\/brigitte-macron-las-zapatillas-blancas-ultra-comodas-que-reutiliza-en-cada-desplazamiento-oficial\/#breadcrumb"},"inLanguage":"fr-FR","potentialAction":[{"@type":"ReadAction","target":["https:\/\/www.sebastien-auziere.fr\/blog\/es\/brigitte-macron-las-zapatillas-blancas-ultra-comodas-que-reutiliza-en-cada-desplazamiento-oficial\/"]}]},{"@type":"ImageObject","inLanguage":"fr-FR","@id":"https:\/\/www.sebastien-auziere.fr\/blog\/es\/brigitte-macron-las-zapatillas-blancas-ultra-comodas-que-reutiliza-en-cada-desplazamiento-oficial\/#primaryimage","url":"https:\/\/www.sebastien-auziere.fr\/blog\/wp-content\/uploads\/2026\/04\/Brigitte-Macron-les-baskets-blanches-ultra-confortables-quelle-reutilise-a-chaque-deplacement-officiel.jpg","contentUrl":"https:\/\/www.sebastien-auziere.fr\/blog\/wp-content\/uploads\/2026\/04\/Brigitte-Macron-les-baskets-blanches-ultra-confortables-quelle-reutilise-a-chaque-deplacement-officiel.jpg","width":2560,"height":1429,"caption":"d\u00e9couvrez les baskets blanches ultra-confortables de brigitte macron, son choix incontournable qu'elle porte \u00e0 chaque d\u00e9placement officiel pour allier \u00e9l\u00e9gance et confort."},{"@type":"BreadcrumbList","@id":"https:\/\/www.sebastien-auziere.fr\/blog\/es\/brigitte-macron-las-zapatillas-blancas-ultra-comodas-que-reutiliza-en-cada-desplazamiento-oficial\/#breadcrumb","itemListElement":[{"@type":"ListItem","position":1,"name":"Home","item":"https:\/\/www.sebastien-auziere.fr\/blog\/"},{"@type":"ListItem","position":2,"name":"Brigitte Macron: las zapatillas blancas ultra c\u00f3modas que reutiliza en cada desplazamiento oficial"}]},{"@type":"WebSite","@id":"https:\/\/www.sebastien-auziere.fr\/blog\/#website","url":"https:\/\/www.sebastien-auziere.fr\/blog\/","name":"Fan site S\u00e9bastien Auzi\u00e8re","description":"M\u00e9dia g\u00e9n\u00e9raliste","publisher":{"@id":"https:\/\/www.sebastien-auziere.fr\/blog\/#organization"},"potentialAction":[{"@type":"SearchAction","target":{"@type":"EntryPoint","urlTemplate":"https:\/\/www.sebastien-auziere.fr\/blog\/?s={search_term_string}"},"query-input":{"@type":"PropertyValueSpecification","valueRequired":true,"valueName":"search_term_string"}}],"inLanguage":"fr-FR"},{"@type":"Organization","@id":"https:\/\/www.sebastien-auziere.fr\/blog\/#organization","name":"Fan site S\u00e9bastien Auzi\u00e8re","url":"https:\/\/www.sebastien-auziere.fr\/blog\/","logo":{"@type":"ImageObject","inLanguage":"fr-FR","@id":"https:\/\/www.sebastien-auziere.fr\/blog\/#\/schema\/logo\/image\/","url":"https:\/\/www.sebastien-auziere.fr\/blog\/wp-content\/uploads\/2026\/03\/cropped-cropped-cropped-ChatGPT-Image-6-mars-2026-12_58_09-e1772798376794.jpg","contentUrl":"https:\/\/www.sebastien-auziere.fr\/blog\/wp-content\/uploads\/2026\/03\/cropped-cropped-cropped-ChatGPT-Image-6-mars-2026-12_58_09-e1772798376794.jpg","width":512,"height":360,"caption":"Fan site S\u00e9bastien Auzi\u00e8re"},"image":{"@id":"https:\/\/www.sebastien-auziere.fr\/blog\/#\/schema\/logo\/image\/"}},{"@type":"Person","@id":"https:\/\/www.sebastien-auziere.fr\/blog\/#\/schema\/person\/149f1acdbfd85149c6c3e59adeae2f4d","name":"Chloe Gauthier","image":{"@type":"ImageObject","inLanguage":"fr-FR","@id":"https:\/\/secure.gravatar.com\/avatar\/2c5722f58171cff738a8985ef0dd66b476e563753246a49019befc837ec4201a?s=96&d=mm&r=g","url":"https:\/\/secure.gravatar.com\/avatar\/2c5722f58171cff738a8985ef0dd66b476e563753246a49019befc837ec4201a?s=96&d=mm&r=g","contentUrl":"https:\/\/secure.gravatar.com\/avatar\/2c5722f58171cff738a8985ef0dd66b476e563753246a49019befc837ec4201a?s=96&d=mm&r=g","caption":"Chloe Gauthier"},"description":"Passionn\u00e9e par la politique et admiratrice engag\u00e9e de la famille Macron, je consacre mon \u00e9nergie \u00e0 suivre leurs initiatives et \u00e0 promouvoir leurs id\u00e9es. \u00c0 32 ans, je suis convaincue que leur vision est porteuse d'avenir.","url":"https:\/\/www.sebastien-auziere.fr\/blog\/author\/chloe-gauthier\/"}]}},"views":4,"_links":{"self":[{"href":"https:\/\/www.sebastien-auziere.fr\/blog\/wp-json\/wp\/v2\/posts\/2966","targetHints":{"allow":["GET"]}}],"collection":[{"href":"https:\/\/www.sebastien-auziere.fr\/blog\/wp-json\/wp\/v2\/posts"}],"about":[{"href":"https:\/\/www.sebastien-auziere.fr\/blog\/wp-json\/wp\/v2\/types\/post"}],"author":[{"embeddable":true,"href":"https:\/\/www.sebastien-auziere.fr\/blog\/wp-json\/wp\/v2\/users\/9"}],"replies":[{"embeddable":true,"href":"https:\/\/www.sebastien-auziere.fr\/blog\/wp-json\/wp\/v2\/comments?post=2966"}],"version-history":[{"count":1,"href":"https:\/\/www.sebastien-auziere.fr\/blog\/wp-json\/wp\/v2\/posts\/2966\/revisions"}],"predecessor-version":[{"id":2967,"href":"https:\/\/www.sebastien-auziere.fr\/blog\/wp-json\/wp\/v2\/posts\/2966\/revisions\/2967"}],"wp:featuredmedia":[{"embeddable":true,"href":"https:\/\/www.sebastien-auziere.fr\/blog\/wp-json\/wp\/v2\/media\/2962"}],"wp:attachment":[{"href":"https:\/\/www.sebastien-auziere.fr\/blog\/wp-json\/wp\/v2\/media?parent=2966"}],"wp:term":[{"taxonomy":"category","embeddable":true,"href":"https:\/\/www.sebastien-auziere.fr\/blog\/wp-json\/wp\/v2\/categories?post=2966"},{"taxonomy":"post_tag","embeddable":true,"href":"https:\/\/www.sebastien-auziere.fr\/blog\/wp-json\/wp\/v2\/tags?post=2966"}],"curies":[{"name":"wp","href":"https:\/\/api.w.org\/{rel}","templated":true}]}}