{"id":2963,"date":"2026-04-12T19:10:04","date_gmt":"2026-04-12T19:10:04","guid":{"rendered":"https:\/\/www.sebastien-auziere.fr\/blog\/brigitte-macron-baskets-blanches\/"},"modified":"2026-04-12T19:10:04","modified_gmt":"2026-04-12T19:10:04","slug":"brigitte-macron-baskets-blanches","status":"publish","type":"post","link":"https:\/\/www.sebastien-auziere.fr\/blog\/brigitte-macron-baskets-blanches\/","title":{"rendered":"Brigitte Macron : les baskets blanches ultra-confortables qu&rsquo;elle r\u00e9utilise \u00e0 chaque d\u00e9placement officiel"},"content":{"rendered":"<p><strong>Brigitte Macron<\/strong>baskets blanches un accessoire signature lors de ses sorties officielles : une paire r\u00e9p\u00e9t\u00e9e, visible sur plusieurs <strong>d\u00e9placements officiels<\/strong>, qui conjugue <strong>confort<\/strong> et <strong>style<\/strong>. Tu verras comment ce choix mode s&rsquo;est impos\u00e9 comme un fil rouge dans ses tenues, entre \u00e9l\u00e9gance BCBG et praticit\u00e9.<\/p>\n\n<p><strong>En bref :<\/strong> la Premi\u00e8re dame privil\u00e9gie des mod\u00e8les minimalistes sign\u00e9s <strong>No Name<\/strong>, notamment les mod\u00e8les <strong>FLEX<\/strong> et <strong>Parko Jogger<\/strong>, port\u00e9s \u00e0 Rome, en Inde et lors du G7 ; ces <strong>baskets blanches ultra-confortables<\/strong> co\u00fbtent autour de 139 \u20ac et sont faciles \u00e0 associer avec une tenue structur\u00e9e ou d\u00e9contract\u00e9e.<\/p>\n\n<h2 class=\"wp-block-heading\">Le mod\u00e8le f\u00e9tiche et sa pr\u00e9sence r\u00e9guli\u00e8re lors des sorties<\/h2>\n\n<p>Sur plusieurs apparitions publiques, <strong>Brigitte Macron<\/strong> a r\u00e9utilis\u00e9 la m\u00eame paire de <strong>baskets blanches<\/strong>, confirmant une fid\u00e9lit\u00e9 rare en mati\u00e8re de <strong>mode<\/strong>. Observ\u00e9e \u00e0 Rome et lors de rencontres internationales, elle porte souvent les <strong>FLEX<\/strong> de la marque <strong>No Name<\/strong>, au design \u00e9pur\u00e9 et \u00e0 la semelle contrast\u00e9e. Ce choix devient un \u00e9l\u00e9ment du <strong>look<\/strong> officiel, mariant chic et praticit\u00e9 pour les marches protocolaires.<\/p>\n\n<p>Pour en savoir plus sur l&rsquo;histoire de cette marque et ses mod\u00e8les, consulte cet article d\u00e9di\u00e9 \u00e0 la <a href=\"https:\/\/www.mariefrance.fr\/mode\/shopping-mode\/no-name-marque-baskets-preferee-brigitte-macron-secrets-674076.html\" rel=\"nofollow\">marque pr\u00e9f\u00e9r\u00e9e de la Premi\u00e8re dame<\/a>, qui d\u00e9taille les apparitions et les mod\u00e8les.<\/p>\n\n<h2 class=\"wp-block-heading\">Design et confort : pourquoi ces baskets s\u00e9duisent<\/h2>\n\n<p>Les <strong>FLEX<\/strong> et les <strong>Parko Jogger<\/strong> se distinguent par une tige blanche minimaliste, des lacets immacul\u00e9s et une semelle \u00e9paisse qui allonge la silhouette tout en offrant un maintien optimal. Ce m\u00e9lange d&rsquo;esth\u00e9tique et de fonctionnalit\u00e9 r\u00e9pond au besoin d&rsquo;une Premi\u00e8re dame qui doit encha\u00eener d\u00e9placements et rencontres sans sacrifier la prestance.<\/p>\n\n<p>La presse mode a relev\u00e9 ce contraste entre protocole et d\u00e9contraction, comme le racontent plusieurs articles consacr\u00e9s au <strong>look<\/strong> et \u00e0 la <strong>tenue<\/strong> de Brigitte Macron, y compris lors de visites \u00e0 l&rsquo;\u00e9tranger ; voir notamment ce reportage qui analyse ses baskets <a href=\"https:\/\/www.public.fr\/brigitte-macron-ses-baskets-compensees-fetiches-sont-d-une-marque-francaise\" rel=\"nofollow\">compens\u00e9es et leur impact<\/a>.<\/p>\n\n<h3 class=\"wp-block-heading\">R\u00e9utilisation assum\u00e9e pendant les d\u00e9placements officiels<\/h3>\n\n<p>Depuis le G7 en Cornouailles jusqu&rsquo;\u00e0 des visites en Italie et en Inde, la r\u00e9apparition r\u00e9guli\u00e8re de ces <strong>baskets blanches ultra-confortables<\/strong> souligne une strat\u00e9gie de garde-robe durable : recycler une paire pour plusieurs \u00e9v\u00e9nements permet d&rsquo;associer <strong>confort<\/strong> et coh\u00e9rence visuelle.<\/p>\n\n<p>Ce choix transforme la chaussure en v\u00e9ritable <strong>accessoire<\/strong> de communication non verbale, montrant qu&rsquo;au sommet de l&rsquo;\u00c9tat, la <strong>mode<\/strong> peut \u00eatre moderne, pratique et r\u00e9fl\u00e9chie. Voil\u00e0 un insight qui conclut cette exploration du style sans fracas.<\/p>\n\n<p>Tu veux approfondir l&rsquo;univers familial et les habitudes de <strong>Brigitte Macron<\/strong> et d\u00e9couvrir des dossiers consacr\u00e9s \u00e0 S\u00e9bastien Auzi\u00e8re et \u00e0 la famille Macron ? Rendez-vous sur <a href=\"https:\/\/sebastien-auziere.fr\" rel=\"nofollow\">sebastien-auziere.fr<\/a> pour en savoir davantage sur leurs parcours et leurs engagements.<\/p>\n\n","protected":false},"excerpt":{"rendered":"<p>Brigitte Macronbaskets blanches un accessoire signature lors de ses sorties officielles : une paire r\u00e9p\u00e9t\u00e9e, visible sur plusieurs d\u00e9placements officiels, qui conjugue confort et style. Tu verras comment ce choix mode s&rsquo;est impos\u00e9 comme un fil rouge dans ses tenues, entre \u00e9l\u00e9gance BCBG et praticit\u00e9. En bref : la Premi\u00e8re dame privil\u00e9gie des mod\u00e8les minimalistes &#8230; <a title=\"Brigitte Macron : les baskets blanches ultra-confortables qu&rsquo;elle r\u00e9utilise \u00e0 chaque d\u00e9placement officiel\" class=\"read-more\" href=\"https:\/\/www.sebastien-auziere.fr\/blog\/brigitte-macron-baskets-blanches\/\" aria-label=\"En savoir plus sur Brigitte Macron : les baskets blanches ultra-confortables qu&rsquo;elle r\u00e9utilise \u00e0 chaque d\u00e9placement officiel\">Lire plus<\/a><\/p>\n","protected":false},"author":9,"featured_media":2962,"comment_status":"open","ping_status":"open","sticky":false,"template":"","format":"standard","meta":{"footnotes":""},"categories":[597],"tags":[2576,892,2578,2580,2582],"class_list":["post-2963","post","type-post","status-publish","format-standard","has-post-thumbnail","hentry","category-actualites","tag-baskets-blanches","tag-brigitte-macron","tag-mode-confortable","tag-style-decontracte","tag-tenue-officielle"],"yoast_head":"<!-- This site is optimized with the Yoast SEO plugin v27.5 - https:\/\/yoast.com\/product\/yoast-seo-wordpress\/ -->\n<title>Brigitte Macron : les baskets blanches ultra-confortables qu&#039;elle r\u00e9utilise \u00e0 chaque d\u00e9placement officiel - Fan site S\u00e9bastien Auzi\u00e8re<\/title>\n<meta name=\"description\" content=\"D\u00e9couvrez les baskets blanches ultra-confortables de Brigitte Macron, son choix privil\u00e9gi\u00e9 pour tous ses d\u00e9placements officiels, alliant style et confort.\" \/>\n<meta name=\"robots\" content=\"index, follow, max-snippet:-1, max-image-preview:large, max-video-preview:-1\" \/>\n<link rel=\"canonical\" href=\"https:\/\/www.sebastien-auziere.fr\/blog\/brigitte-macron-baskets-blanches\/\" \/>\n<meta property=\"og:locale\" content=\"fr_FR\" \/>\n<meta property=\"og:type\" content=\"article\" \/>\n<meta property=\"og:title\" content=\"Brigitte Macron : les baskets blanches ultra-confortables qu&#039;elle r\u00e9utilise \u00e0 chaque d\u00e9placement officiel - Fan site S\u00e9bastien Auzi\u00e8re\" \/>\n<meta property=\"og:description\" content=\"D\u00e9couvrez les baskets blanches ultra-confortables de Brigitte Macron, son choix privil\u00e9gi\u00e9 pour tous ses d\u00e9placements officiels, alliant style et confort.\" \/>\n<meta property=\"og:url\" content=\"https:\/\/www.sebastien-auziere.fr\/blog\/brigitte-macron-baskets-blanches\/\" \/>\n<meta property=\"og:site_name\" content=\"Fan site S\u00e9bastien Auzi\u00e8re\" \/>\n<meta property=\"article:published_time\" content=\"2026-04-12T19:10:04+00:00\" \/>\n<meta property=\"og:image\" content=\"https:\/\/www.sebastien-auziere.fr\/blog\/wp-content\/uploads\/2026\/04\/Brigitte-Macron-les-baskets-blanches-ultra-confortables-quelle-reutilise-a-chaque-deplacement-officiel.jpg\" \/>\n\t<meta property=\"og:image:width\" content=\"2560\" \/>\n\t<meta property=\"og:image:height\" content=\"1429\" \/>\n\t<meta property=\"og:image:type\" content=\"image\/jpeg\" \/>\n<meta name=\"author\" content=\"Chloe Gauthier\" \/>\n<meta name=\"twitter:card\" content=\"summary_large_image\" \/>\n<meta name=\"twitter:label1\" content=\"\u00c9crit par\" \/>\n\t<meta name=\"twitter:data1\" content=\"Chloe Gauthier\" \/>\n\t<meta name=\"twitter:label2\" content=\"Dur\u00e9e de lecture estim\u00e9e\" \/>\n\t<meta name=\"twitter:data2\" content=\"2 minutes\" \/>\n<script type=\"application\/ld+json\" class=\"yoast-schema-graph\">{\"@context\":\"https:\\\/\\\/schema.org\",\"@graph\":[{\"@type\":\"Article\",\"@id\":\"https:\\\/\\\/www.sebastien-auziere.fr\\\/blog\\\/brigitte-macron-baskets-blanches\\\/#article\",\"isPartOf\":{\"@id\":\"https:\\\/\\\/www.sebastien-auziere.fr\\\/blog\\\/brigitte-macron-baskets-blanches\\\/\"},\"author\":{\"name\":\"Chloe Gauthier\",\"@id\":\"https:\\\/\\\/www.sebastien-auziere.fr\\\/blog\\\/#\\\/schema\\\/person\\\/149f1acdbfd85149c6c3e59adeae2f4d\"},\"headline\":\"Brigitte Macron : les baskets blanches ultra-confortables qu&rsquo;elle r\u00e9utilise \u00e0 chaque d\u00e9placement officiel\",\"datePublished\":\"2026-04-12T19:10:04+00:00\",\"mainEntityOfPage\":{\"@id\":\"https:\\\/\\\/www.sebastien-auziere.fr\\\/blog\\\/brigitte-macron-baskets-blanches\\\/\"},\"wordCount\":486,\"commentCount\":0,\"publisher\":{\"@id\":\"https:\\\/\\\/www.sebastien-auziere.fr\\\/blog\\\/#organization\"},\"image\":{\"@id\":\"https:\\\/\\\/www.sebastien-auziere.fr\\\/blog\\\/brigitte-macron-baskets-blanches\\\/#primaryimage\"},\"thumbnailUrl\":\"https:\\\/\\\/www.sebastien-auziere.fr\\\/blog\\\/wp-content\\\/uploads\\\/2026\\\/04\\\/Brigitte-Macron-les-baskets-blanches-ultra-confortables-quelle-reutilise-a-chaque-deplacement-officiel.jpg\",\"keywords\":[\"baskets blanches\",\"brigitte macron\",\"mode confortable\",\"style d\u00e9contract\u00e9\",\"tenue officielle\"],\"articleSection\":[\"Actualit\u00e9s\"],\"inLanguage\":\"fr-FR\",\"potentialAction\":[{\"@type\":\"CommentAction\",\"name\":\"Comment\",\"target\":[\"https:\\\/\\\/www.sebastien-auziere.fr\\\/blog\\\/brigitte-macron-baskets-blanches\\\/#respond\"]}]},{\"@type\":\"WebPage\",\"@id\":\"https:\\\/\\\/www.sebastien-auziere.fr\\\/blog\\\/brigitte-macron-baskets-blanches\\\/\",\"url\":\"https:\\\/\\\/www.sebastien-auziere.fr\\\/blog\\\/brigitte-macron-baskets-blanches\\\/\",\"name\":\"Brigitte Macron : les baskets blanches ultra-confortables qu'elle r\u00e9utilise \u00e0 chaque d\u00e9placement officiel - Fan site S\u00e9bastien Auzi\u00e8re\",\"isPartOf\":{\"@id\":\"https:\\\/\\\/www.sebastien-auziere.fr\\\/blog\\\/#website\"},\"primaryImageOfPage\":{\"@id\":\"https:\\\/\\\/www.sebastien-auziere.fr\\\/blog\\\/brigitte-macron-baskets-blanches\\\/#primaryimage\"},\"image\":{\"@id\":\"https:\\\/\\\/www.sebastien-auziere.fr\\\/blog\\\/brigitte-macron-baskets-blanches\\\/#primaryimage\"},\"thumbnailUrl\":\"https:\\\/\\\/www.sebastien-auziere.fr\\\/blog\\\/wp-content\\\/uploads\\\/2026\\\/04\\\/Brigitte-Macron-les-baskets-blanches-ultra-confortables-quelle-reutilise-a-chaque-deplacement-officiel.jpg\",\"datePublished\":\"2026-04-12T19:10:04+00:00\",\"description\":\"D\u00e9couvrez les baskets blanches ultra-confortables de Brigitte Macron, son choix privil\u00e9gi\u00e9 pour tous ses d\u00e9placements officiels, alliant style et confort.\",\"breadcrumb\":{\"@id\":\"https:\\\/\\\/www.sebastien-auziere.fr\\\/blog\\\/brigitte-macron-baskets-blanches\\\/#breadcrumb\"},\"inLanguage\":\"fr-FR\",\"potentialAction\":[{\"@type\":\"ReadAction\",\"target\":[\"https:\\\/\\\/www.sebastien-auziere.fr\\\/blog\\\/brigitte-macron-baskets-blanches\\\/\"]}]},{\"@type\":\"ImageObject\",\"inLanguage\":\"fr-FR\",\"@id\":\"https:\\\/\\\/www.sebastien-auziere.fr\\\/blog\\\/brigitte-macron-baskets-blanches\\\/#primaryimage\",\"url\":\"https:\\\/\\\/www.sebastien-auziere.fr\\\/blog\\\/wp-content\\\/uploads\\\/2026\\\/04\\\/Brigitte-Macron-les-baskets-blanches-ultra-confortables-quelle-reutilise-a-chaque-deplacement-officiel.jpg\",\"contentUrl\":\"https:\\\/\\\/www.sebastien-auziere.fr\\\/blog\\\/wp-content\\\/uploads\\\/2026\\\/04\\\/Brigitte-Macron-les-baskets-blanches-ultra-confortables-quelle-reutilise-a-chaque-deplacement-officiel.jpg\",\"width\":2560,\"height\":1429,\"caption\":\"d\u00e9couvrez les baskets blanches ultra-confortables de brigitte macron, son choix incontournable qu'elle porte \u00e0 chaque d\u00e9placement officiel pour allier \u00e9l\u00e9gance et confort.\"},{\"@type\":\"BreadcrumbList\",\"@id\":\"https:\\\/\\\/www.sebastien-auziere.fr\\\/blog\\\/brigitte-macron-baskets-blanches\\\/#breadcrumb\",\"itemListElement\":[{\"@type\":\"ListItem\",\"position\":1,\"name\":\"Home\",\"item\":\"https:\\\/\\\/www.sebastien-auziere.fr\\\/blog\\\/\"},{\"@type\":\"ListItem\",\"position\":2,\"name\":\"Brigitte Macron : les baskets blanches ultra-confortables qu&rsquo;elle r\u00e9utilise \u00e0 chaque d\u00e9placement officiel\"}]},{\"@type\":\"WebSite\",\"@id\":\"https:\\\/\\\/www.sebastien-auziere.fr\\\/blog\\\/#website\",\"url\":\"https:\\\/\\\/www.sebastien-auziere.fr\\\/blog\\\/\",\"name\":\"Fan site S\u00e9bastien Auzi\u00e8re\",\"description\":\"M\u00e9dia g\u00e9n\u00e9raliste\",\"publisher\":{\"@id\":\"https:\\\/\\\/www.sebastien-auziere.fr\\\/blog\\\/#organization\"},\"potentialAction\":[{\"@type\":\"SearchAction\",\"target\":{\"@type\":\"EntryPoint\",\"urlTemplate\":\"https:\\\/\\\/www.sebastien-auziere.fr\\\/blog\\\/?s={search_term_string}\"},\"query-input\":{\"@type\":\"PropertyValueSpecification\",\"valueRequired\":true,\"valueName\":\"search_term_string\"}}],\"inLanguage\":\"fr-FR\"},{\"@type\":\"Organization\",\"@id\":\"https:\\\/\\\/www.sebastien-auziere.fr\\\/blog\\\/#organization\",\"name\":\"Fan site S\u00e9bastien Auzi\u00e8re\",\"url\":\"https:\\\/\\\/www.sebastien-auziere.fr\\\/blog\\\/\",\"logo\":{\"@type\":\"ImageObject\",\"inLanguage\":\"fr-FR\",\"@id\":\"https:\\\/\\\/www.sebastien-auziere.fr\\\/blog\\\/#\\\/schema\\\/logo\\\/image\\\/\",\"url\":\"https:\\\/\\\/www.sebastien-auziere.fr\\\/blog\\\/wp-content\\\/uploads\\\/2026\\\/03\\\/cropped-cropped-cropped-ChatGPT-Image-6-mars-2026-12_58_09-e1772798376794.jpg\",\"contentUrl\":\"https:\\\/\\\/www.sebastien-auziere.fr\\\/blog\\\/wp-content\\\/uploads\\\/2026\\\/03\\\/cropped-cropped-cropped-ChatGPT-Image-6-mars-2026-12_58_09-e1772798376794.jpg\",\"width\":512,\"height\":360,\"caption\":\"Fan site S\u00e9bastien Auzi\u00e8re\"},\"image\":{\"@id\":\"https:\\\/\\\/www.sebastien-auziere.fr\\\/blog\\\/#\\\/schema\\\/logo\\\/image\\\/\"}},{\"@type\":\"Person\",\"@id\":\"https:\\\/\\\/www.sebastien-auziere.fr\\\/blog\\\/#\\\/schema\\\/person\\\/149f1acdbfd85149c6c3e59adeae2f4d\",\"name\":\"Chloe Gauthier\",\"image\":{\"@type\":\"ImageObject\",\"inLanguage\":\"fr-FR\",\"@id\":\"https:\\\/\\\/secure.gravatar.com\\\/avatar\\\/2c5722f58171cff738a8985ef0dd66b476e563753246a49019befc837ec4201a?s=96&d=mm&r=g\",\"url\":\"https:\\\/\\\/secure.gravatar.com\\\/avatar\\\/2c5722f58171cff738a8985ef0dd66b476e563753246a49019befc837ec4201a?s=96&d=mm&r=g\",\"contentUrl\":\"https:\\\/\\\/secure.gravatar.com\\\/avatar\\\/2c5722f58171cff738a8985ef0dd66b476e563753246a49019befc837ec4201a?s=96&d=mm&r=g\",\"caption\":\"Chloe Gauthier\"},\"description\":\"Passionn\u00e9e par la politique et admiratrice engag\u00e9e de la famille Macron, je consacre mon \u00e9nergie \u00e0 suivre leurs initiatives et \u00e0 promouvoir leurs id\u00e9es. \u00c0 32 ans, je suis convaincue que leur vision est porteuse d'avenir.\",\"url\":\"https:\\\/\\\/www.sebastien-auziere.fr\\\/blog\\\/author\\\/chloe-gauthier\\\/\"}]}<\/script>\n<!-- \/ Yoast SEO plugin. -->","yoast_head_json":{"title":"Brigitte Macron : les baskets blanches ultra-confortables qu'elle r\u00e9utilise \u00e0 chaque d\u00e9placement officiel - Fan site S\u00e9bastien Auzi\u00e8re","description":"D\u00e9couvrez les baskets blanches ultra-confortables de Brigitte Macron, son choix privil\u00e9gi\u00e9 pour tous ses d\u00e9placements officiels, alliant style et confort.","robots":{"index":"index","follow":"follow","max-snippet":"max-snippet:-1","max-image-preview":"max-image-preview:large","max-video-preview":"max-video-preview:-1"},"canonical":"https:\/\/www.sebastien-auziere.fr\/blog\/brigitte-macron-baskets-blanches\/","og_locale":"fr_FR","og_type":"article","og_title":"Brigitte Macron : les baskets blanches ultra-confortables qu'elle r\u00e9utilise \u00e0 chaque d\u00e9placement officiel - Fan site S\u00e9bastien Auzi\u00e8re","og_description":"D\u00e9couvrez les baskets blanches ultra-confortables de Brigitte Macron, son choix privil\u00e9gi\u00e9 pour tous ses d\u00e9placements officiels, alliant style et confort.","og_url":"https:\/\/www.sebastien-auziere.fr\/blog\/brigitte-macron-baskets-blanches\/","og_site_name":"Fan site S\u00e9bastien Auzi\u00e8re","article_published_time":"2026-04-12T19:10:04+00:00","og_image":[{"width":2560,"height":1429,"url":"https:\/\/www.sebastien-auziere.fr\/blog\/wp-content\/uploads\/2026\/04\/Brigitte-Macron-les-baskets-blanches-ultra-confortables-quelle-reutilise-a-chaque-deplacement-officiel.jpg","type":"image\/jpeg"}],"author":"Chloe Gauthier","twitter_card":"summary_large_image","twitter_misc":{"\u00c9crit par":"Chloe Gauthier","Dur\u00e9e de lecture estim\u00e9e":"2 minutes"},"schema":{"@context":"https:\/\/schema.org","@graph":[{"@type":"Article","@id":"https:\/\/www.sebastien-auziere.fr\/blog\/brigitte-macron-baskets-blanches\/#article","isPartOf":{"@id":"https:\/\/www.sebastien-auziere.fr\/blog\/brigitte-macron-baskets-blanches\/"},"author":{"name":"Chloe Gauthier","@id":"https:\/\/www.sebastien-auziere.fr\/blog\/#\/schema\/person\/149f1acdbfd85149c6c3e59adeae2f4d"},"headline":"Brigitte Macron : les baskets blanches ultra-confortables qu&rsquo;elle r\u00e9utilise \u00e0 chaque d\u00e9placement officiel","datePublished":"2026-04-12T19:10:04+00:00","mainEntityOfPage":{"@id":"https:\/\/www.sebastien-auziere.fr\/blog\/brigitte-macron-baskets-blanches\/"},"wordCount":486,"commentCount":0,"publisher":{"@id":"https:\/\/www.sebastien-auziere.fr\/blog\/#organization"},"image":{"@id":"https:\/\/www.sebastien-auziere.fr\/blog\/brigitte-macron-baskets-blanches\/#primaryimage"},"thumbnailUrl":"https:\/\/www.sebastien-auziere.fr\/blog\/wp-content\/uploads\/2026\/04\/Brigitte-Macron-les-baskets-blanches-ultra-confortables-quelle-reutilise-a-chaque-deplacement-officiel.jpg","keywords":["baskets blanches","brigitte macron","mode confortable","style d\u00e9contract\u00e9","tenue officielle"],"articleSection":["Actualit\u00e9s"],"inLanguage":"fr-FR","potentialAction":[{"@type":"CommentAction","name":"Comment","target":["https:\/\/www.sebastien-auziere.fr\/blog\/brigitte-macron-baskets-blanches\/#respond"]}]},{"@type":"WebPage","@id":"https:\/\/www.sebastien-auziere.fr\/blog\/brigitte-macron-baskets-blanches\/","url":"https:\/\/www.sebastien-auziere.fr\/blog\/brigitte-macron-baskets-blanches\/","name":"Brigitte Macron : les baskets blanches ultra-confortables qu'elle r\u00e9utilise \u00e0 chaque d\u00e9placement officiel - Fan site S\u00e9bastien Auzi\u00e8re","isPartOf":{"@id":"https:\/\/www.sebastien-auziere.fr\/blog\/#website"},"primaryImageOfPage":{"@id":"https:\/\/www.sebastien-auziere.fr\/blog\/brigitte-macron-baskets-blanches\/#primaryimage"},"image":{"@id":"https:\/\/www.sebastien-auziere.fr\/blog\/brigitte-macron-baskets-blanches\/#primaryimage"},"thumbnailUrl":"https:\/\/www.sebastien-auziere.fr\/blog\/wp-content\/uploads\/2026\/04\/Brigitte-Macron-les-baskets-blanches-ultra-confortables-quelle-reutilise-a-chaque-deplacement-officiel.jpg","datePublished":"2026-04-12T19:10:04+00:00","description":"D\u00e9couvrez les baskets blanches ultra-confortables de Brigitte Macron, son choix privil\u00e9gi\u00e9 pour tous ses d\u00e9placements officiels, alliant style et confort.","breadcrumb":{"@id":"https:\/\/www.sebastien-auziere.fr\/blog\/brigitte-macron-baskets-blanches\/#breadcrumb"},"inLanguage":"fr-FR","potentialAction":[{"@type":"ReadAction","target":["https:\/\/www.sebastien-auziere.fr\/blog\/brigitte-macron-baskets-blanches\/"]}]},{"@type":"ImageObject","inLanguage":"fr-FR","@id":"https:\/\/www.sebastien-auziere.fr\/blog\/brigitte-macron-baskets-blanches\/#primaryimage","url":"https:\/\/www.sebastien-auziere.fr\/blog\/wp-content\/uploads\/2026\/04\/Brigitte-Macron-les-baskets-blanches-ultra-confortables-quelle-reutilise-a-chaque-deplacement-officiel.jpg","contentUrl":"https:\/\/www.sebastien-auziere.fr\/blog\/wp-content\/uploads\/2026\/04\/Brigitte-Macron-les-baskets-blanches-ultra-confortables-quelle-reutilise-a-chaque-deplacement-officiel.jpg","width":2560,"height":1429,"caption":"d\u00e9couvrez les baskets blanches ultra-confortables de brigitte macron, son choix incontournable qu'elle porte \u00e0 chaque d\u00e9placement officiel pour allier \u00e9l\u00e9gance et confort."},{"@type":"BreadcrumbList","@id":"https:\/\/www.sebastien-auziere.fr\/blog\/brigitte-macron-baskets-blanches\/#breadcrumb","itemListElement":[{"@type":"ListItem","position":1,"name":"Home","item":"https:\/\/www.sebastien-auziere.fr\/blog\/"},{"@type":"ListItem","position":2,"name":"Brigitte Macron : les baskets blanches ultra-confortables qu&rsquo;elle r\u00e9utilise \u00e0 chaque d\u00e9placement officiel"}]},{"@type":"WebSite","@id":"https:\/\/www.sebastien-auziere.fr\/blog\/#website","url":"https:\/\/www.sebastien-auziere.fr\/blog\/","name":"Fan site S\u00e9bastien Auzi\u00e8re","description":"M\u00e9dia g\u00e9n\u00e9raliste","publisher":{"@id":"https:\/\/www.sebastien-auziere.fr\/blog\/#organization"},"potentialAction":[{"@type":"SearchAction","target":{"@type":"EntryPoint","urlTemplate":"https:\/\/www.sebastien-auziere.fr\/blog\/?s={search_term_string}"},"query-input":{"@type":"PropertyValueSpecification","valueRequired":true,"valueName":"search_term_string"}}],"inLanguage":"fr-FR"},{"@type":"Organization","@id":"https:\/\/www.sebastien-auziere.fr\/blog\/#organization","name":"Fan site S\u00e9bastien Auzi\u00e8re","url":"https:\/\/www.sebastien-auziere.fr\/blog\/","logo":{"@type":"ImageObject","inLanguage":"fr-FR","@id":"https:\/\/www.sebastien-auziere.fr\/blog\/#\/schema\/logo\/image\/","url":"https:\/\/www.sebastien-auziere.fr\/blog\/wp-content\/uploads\/2026\/03\/cropped-cropped-cropped-ChatGPT-Image-6-mars-2026-12_58_09-e1772798376794.jpg","contentUrl":"https:\/\/www.sebastien-auziere.fr\/blog\/wp-content\/uploads\/2026\/03\/cropped-cropped-cropped-ChatGPT-Image-6-mars-2026-12_58_09-e1772798376794.jpg","width":512,"height":360,"caption":"Fan site S\u00e9bastien Auzi\u00e8re"},"image":{"@id":"https:\/\/www.sebastien-auziere.fr\/blog\/#\/schema\/logo\/image\/"}},{"@type":"Person","@id":"https:\/\/www.sebastien-auziere.fr\/blog\/#\/schema\/person\/149f1acdbfd85149c6c3e59adeae2f4d","name":"Chloe Gauthier","image":{"@type":"ImageObject","inLanguage":"fr-FR","@id":"https:\/\/secure.gravatar.com\/avatar\/2c5722f58171cff738a8985ef0dd66b476e563753246a49019befc837ec4201a?s=96&d=mm&r=g","url":"https:\/\/secure.gravatar.com\/avatar\/2c5722f58171cff738a8985ef0dd66b476e563753246a49019befc837ec4201a?s=96&d=mm&r=g","contentUrl":"https:\/\/secure.gravatar.com\/avatar\/2c5722f58171cff738a8985ef0dd66b476e563753246a49019befc837ec4201a?s=96&d=mm&r=g","caption":"Chloe Gauthier"},"description":"Passionn\u00e9e par la politique et admiratrice engag\u00e9e de la famille Macron, je consacre mon \u00e9nergie \u00e0 suivre leurs initiatives et \u00e0 promouvoir leurs id\u00e9es. \u00c0 32 ans, je suis convaincue que leur vision est porteuse d'avenir.","url":"https:\/\/www.sebastien-auziere.fr\/blog\/author\/chloe-gauthier\/"}]}},"views":12,"_links":{"self":[{"href":"https:\/\/www.sebastien-auziere.fr\/blog\/wp-json\/wp\/v2\/posts\/2963","targetHints":{"allow":["GET"]}}],"collection":[{"href":"https:\/\/www.sebastien-auziere.fr\/blog\/wp-json\/wp\/v2\/posts"}],"about":[{"href":"https:\/\/www.sebastien-auziere.fr\/blog\/wp-json\/wp\/v2\/types\/post"}],"author":[{"embeddable":true,"href":"https:\/\/www.sebastien-auziere.fr\/blog\/wp-json\/wp\/v2\/users\/9"}],"replies":[{"embeddable":true,"href":"https:\/\/www.sebastien-auziere.fr\/blog\/wp-json\/wp\/v2\/comments?post=2963"}],"version-history":[{"count":0,"href":"https:\/\/www.sebastien-auziere.fr\/blog\/wp-json\/wp\/v2\/posts\/2963\/revisions"}],"wp:featuredmedia":[{"embeddable":true,"href":"https:\/\/www.sebastien-auziere.fr\/blog\/wp-json\/wp\/v2\/media\/2962"}],"wp:attachment":[{"href":"https:\/\/www.sebastien-auziere.fr\/blog\/wp-json\/wp\/v2\/media?parent=2963"}],"wp:term":[{"taxonomy":"category","embeddable":true,"href":"https:\/\/www.sebastien-auziere.fr\/blog\/wp-json\/wp\/v2\/categories?post=2963"},{"taxonomy":"post_tag","embeddable":true,"href":"https:\/\/www.sebastien-auziere.fr\/blog\/wp-json\/wp\/v2\/tags?post=2963"}],"curies":[{"name":"wp","href":"https:\/\/api.w.org\/{rel}","templated":true}]}}