{"id":2958,"date":"2026-04-12T07:23:41","date_gmt":"2026-04-12T07:23:41","guid":{"rendered":"https:\/\/www.sebastien-auziere.fr\/blog\/?p=2958"},"modified":"2026-04-12T07:23:58","modified_gmt":"2026-04-12T07:23:58","slug":"brigitte-macron-abandona-a-saia-lapis-por-um-vestido-elegante-e-confortavel-que-atrai-todos-os-olhares","status":"publish","type":"post","link":"https:\/\/www.sebastien-auziere.fr\/blog\/pt\/brigitte-macron-abandona-a-saia-lapis-por-um-vestido-elegante-e-confortavel-que-atrai-todos-os-olhares\/","title":{"rendered":"Brigitte Macron abandona a saia l\u00e1pis por um vestido elegante e confort\u00e1vel que atrai todos os olhares"},"content":{"rendered":"<p><strong>Brigitte Macron<\/strong> surpreendeu os observadores ao trocar sua <strong>saia l\u00e1pis<\/strong> por um <strong>vestido elegante<\/strong> e confort\u00e1vel durante uma audi\u00eancia no Vaticano. Na sexta-feira, 10 de abril de 2026, a primeira-dama usava um vestido preto midi e um xale de renda que imediatamente capturou todos os olhares.<\/p>\n\n<p><strong>Resumindo<\/strong> : para uma visita oficial sob um protocolo rigoroso, ela escolheu um <strong>traje chique<\/strong> discreto \u2014 reunindo <strong>conforto<\/strong> e <strong>estilo<\/strong> \u2014 provando que a <strong>moda feminina<\/strong> pode seduzir sem exageros.<\/p>\n\n<h2 class=\"wp-block-heading\">O vestido midi no centro da aten\u00e7\u00e3o diplom\u00e1tica<\/h2>\n\n<p>Durante a audi\u00eancia com o <strong>papa Le\u00e3o XIV<\/strong> em Roma, o corte midi do vestido respeitou o protocolo ao mesmo tempo em que ofereceu uma apar\u00eancia moderna. O vestido de manga longa, usado sob um longo xale de renda preta, alongou a silhueta sem comprometer o conforto. Nos p\u00e9s, escarpins pretos e uma clutch My Dior completavam a composi\u00e7\u00e3o, uma escolha pensada para seduzir sem ostenta\u00e7\u00e3o.<\/p>\n\n<h2 class=\"wp-block-heading\">Por que o vestido substitui a saia l\u00e1pis nos guarda-roupas<\/h2>\n\n<p>O <strong>vestido elegante<\/strong> adotado nesta primavera ilustra uma tend\u00eancia onde a <strong>saia l\u00e1pis<\/strong> est\u00e1 perdendo espa\u00e7o em favor de uma pe\u00e7a mais vers\u00e1til. Confeccionado em material leve como crepe ou jersey, ele oferece liberdade de movimento e mant\u00e9m uma silhueta estruturada. Os estilistas notam que o comprimento midi se torna uma refer\u00eancia para os deslocamentos oficiais e o cotidiano, uma combina\u00e7\u00e3o perfeita entre eleg\u00e2ncia e praticidade.<\/p>\n\n<h3 class=\"wp-block-heading\">Rea\u00e7\u00f5es e influ\u00eancias na moda feminina<\/h3>\n\n<p>Os coment\u00e1rios na imprensa especializada destacaram a capacidade desse traje de criar um equil\u00edbrio entre rigor protocolar e <strong>tend\u00eancia<\/strong> contempor\u00e2nea. Algumas revistas j\u00e1 relacionaram essa escolha \u00e0s grandes linhas de seu guarda-roupa, como mostra um retrato de seus looks na <a href=\"https:\/\/www.marieclaire.fr\/brigitte-macron-style-looks-mode-evolution,1135900.asp\" rel=\"nofollow\">Marie Claire<\/a>. Outras an\u00e1lises falam sobre uma reavalia\u00e7\u00e3o da domin\u00e2ncia da saia l\u00e1pis, como explica <a href=\"https:\/\/www.grazia.fr\/mode\/looks-de-stars\/adieu-la-jupe-crayon-brigitte-macron-mise-sur-cette-robe-chic-et-facile-a-porter-qui-fait-une-silhouette-impeccable-1238018.html\" rel=\"nofollow\">Grazia<\/a>. Insight : a simplicidade bem pensada capta os holofotes.<\/p>\n\n<h2 class=\"wp-block-heading\">O estilo como mensagem: sobriedade e modernidade<\/h2>\n\n<p>Ao escolher um <strong>vestido midi<\/strong>, a primeira-dama envia uma mensagem clara: o <strong>traje chique<\/strong> pode permanecer <strong>confort\u00e1vel<\/strong> e pr\u00f3ximo das expectativas republicanas. Essa abordagem lembra outras apari\u00e7\u00f5es onde a const\u00e2ncia do <strong>estilo<\/strong> foi ressaltada, e se inscreve em uma tend\u00eancia das cole\u00e7\u00f5es primavera-ver\u00e3o de priorizar materiais leves e cortes limpos. Insight : uma pe\u00e7a bem cortada \u00e9 suficiente para impor uma presen\u00e7a elegante.<\/p>\n\n<p>Para saber mais sobre essa apari\u00e7\u00e3o e descobrir an\u00e1lises detalhadas sobre a primeira-dama e seu c\u00edrculo, explore mais em <a href=\"https:\/\/www.sebastien-auziere.fr\/blog\/brigitte-macron-look-vatican\/\" rel=\"nofollow\">Brigitte Macron: look Vaticano<\/a> e nos arquivos de moda de <a href=\"https:\/\/www.sebastien-auziere.fr\/blog\/brigitte-macron-robe-blanche\/\" rel=\"nofollow\">Brigitte Macron vestido branco<\/a>. Visite <a href=\"https:\/\/www.sebastien-auziere.fr\/blog\/brigitte-macron-look-vatican\/\" rel=\"nofollow\">sebastien-auziere.fr<\/a> para descobrir mais sobre <strong>S\u00e9bastien Auzi\u00e8re<\/strong> e a fam\u00edlia Macron.<\/p>","protected":false},"excerpt":{"rendered":"<p>Brigitte Macron surpreendeu os observadores ao trocar sua saia l\u00e1pis por um vestido elegante e confort\u00e1vel durante uma audi\u00eancia no Vaticano. Na sexta-feira, 10 de abril de 2026, a primeira-dama usava um vestido preto midi e um xale de renda que imediatamente capturou todos os olhares. Resumindo : para uma visita oficial sob um protocolo &#8230; <a title=\"Brigitte Macron abandona a saia l\u00e1pis por um vestido elegante e confort\u00e1vel que atrai todos os olhares\" class=\"read-more\" href=\"https:\/\/www.sebastien-auziere.fr\/blog\/pt\/brigitte-macron-abandona-a-saia-lapis-por-um-vestido-elegante-e-confortavel-que-atrai-todos-os-olhares\/\" aria-label=\"En savoir plus sur Brigitte Macron abandona a saia l\u00e1pis por um vestido elegante e confort\u00e1vel que atrai todos os olhares\">Lire plus<\/a><\/p>\n","protected":false},"author":9,"featured_media":2948,"comment_status":"open","ping_status":"open","sticky":false,"template":"","format":"standard","meta":{"footnotes":""},"categories":[862],"tags":[959,2558,2561,1341,2564],"class_list":["post-2958","post","type-post","status-publish","format-standard","has-post-thumbnail","hentry","category-actualidades-pt","tag-brigitte-macron-pt","tag-conforto-vestimentar-pt","tag-jupe-lapis-pt","tag-modo-feminino-pt","tag-robe-elegante-pt"],"yoast_head":"<!-- This site is optimized with the Yoast SEO plugin v27.5 - https:\/\/yoast.com\/product\/yoast-seo-wordpress\/ -->\n<title>Brigitte Macron abandona a saia l\u00e1pis por um vestido elegante e confort\u00e1vel que atrai todos os olhares - Fan site S\u00e9bastien Auzi\u00e8re<\/title>\n<meta name=\"description\" content=\"Brigitte Macron abandonne la jupe crayon pour une robe \u00e9l\u00e9gante et confortable qui captive tous les regards avec style et charme.\" \/>\n<meta name=\"robots\" content=\"index, follow, max-snippet:-1, max-image-preview:large, max-video-preview:-1\" \/>\n<link rel=\"canonical\" href=\"https:\/\/www.sebastien-auziere.fr\/blog\/pt\/brigitte-macron-abandona-a-saia-lapis-por-um-vestido-elegante-e-confortavel-que-atrai-todos-os-olhares\/\" \/>\n<meta property=\"og:locale\" content=\"fr_FR\" \/>\n<meta property=\"og:type\" content=\"article\" \/>\n<meta property=\"og:title\" content=\"Brigitte Macron abandona a saia l\u00e1pis por um vestido elegante e confort\u00e1vel que atrai todos os olhares - Fan site S\u00e9bastien Auzi\u00e8re\" \/>\n<meta property=\"og:description\" content=\"Brigitte Macron abandonne la jupe crayon pour une robe \u00e9l\u00e9gante et confortable qui captive tous les regards avec style et charme.\" \/>\n<meta property=\"og:url\" content=\"https:\/\/www.sebastien-auziere.fr\/blog\/pt\/brigitte-macron-abandona-a-saia-lapis-por-um-vestido-elegante-e-confortavel-que-atrai-todos-os-olhares\/\" \/>\n<meta property=\"og:site_name\" content=\"Fan site S\u00e9bastien Auzi\u00e8re\" \/>\n<meta property=\"article:published_time\" content=\"2026-04-12T07:23:41+00:00\" \/>\n<meta property=\"article:modified_time\" content=\"2026-04-12T07:23:58+00:00\" \/>\n<meta property=\"og:image\" content=\"https:\/\/www.sebastien-auziere.fr\/blog\/wp-content\/uploads\/2026\/04\/Brigitte-Macron-delaisse-la-jupe-crayon-pour-une-robe-elegante-et-confortable-qui-seduit-tous-les-regards.jpg\" \/>\n\t<meta property=\"og:image:width\" content=\"2560\" \/>\n\t<meta property=\"og:image:height\" content=\"1429\" \/>\n\t<meta property=\"og:image:type\" content=\"image\/jpeg\" \/>\n<meta name=\"author\" content=\"Chloe Gauthier\" \/>\n<meta name=\"twitter:card\" content=\"summary_large_image\" \/>\n<meta name=\"twitter:label1\" content=\"\u00c9crit par\" \/>\n\t<meta name=\"twitter:data1\" content=\"Chloe Gauthier\" \/>\n\t<meta name=\"twitter:label2\" content=\"Dur\u00e9e de lecture estim\u00e9e\" \/>\n\t<meta name=\"twitter:data2\" content=\"2 minutes\" \/>\n<script type=\"application\/ld+json\" class=\"yoast-schema-graph\">{\"@context\":\"https:\\\/\\\/schema.org\",\"@graph\":[{\"@type\":\"Article\",\"@id\":\"https:\\\/\\\/www.sebastien-auziere.fr\\\/blog\\\/pt\\\/brigitte-macron-abandona-a-saia-lapis-por-um-vestido-elegante-e-confortavel-que-atrai-todos-os-olhares\\\/#article\",\"isPartOf\":{\"@id\":\"https:\\\/\\\/www.sebastien-auziere.fr\\\/blog\\\/pt\\\/brigitte-macron-abandona-a-saia-lapis-por-um-vestido-elegante-e-confortavel-que-atrai-todos-os-olhares\\\/\"},\"author\":{\"name\":\"Chloe Gauthier\",\"@id\":\"https:\\\/\\\/www.sebastien-auziere.fr\\\/blog\\\/#\\\/schema\\\/person\\\/149f1acdbfd85149c6c3e59adeae2f4d\"},\"headline\":\"Brigitte Macron abandona a saia l\u00e1pis por um vestido elegante e confort\u00e1vel que atrai todos os olhares\",\"datePublished\":\"2026-04-12T07:23:41+00:00\",\"dateModified\":\"2026-04-12T07:23:58+00:00\",\"mainEntityOfPage\":{\"@id\":\"https:\\\/\\\/www.sebastien-auziere.fr\\\/blog\\\/pt\\\/brigitte-macron-abandona-a-saia-lapis-por-um-vestido-elegante-e-confortavel-que-atrai-todos-os-olhares\\\/\"},\"wordCount\":471,\"commentCount\":0,\"publisher\":{\"@id\":\"https:\\\/\\\/www.sebastien-auziere.fr\\\/blog\\\/#organization\"},\"image\":{\"@id\":\"https:\\\/\\\/www.sebastien-auziere.fr\\\/blog\\\/pt\\\/brigitte-macron-abandona-a-saia-lapis-por-um-vestido-elegante-e-confortavel-que-atrai-todos-os-olhares\\\/#primaryimage\"},\"thumbnailUrl\":\"https:\\\/\\\/www.sebastien-auziere.fr\\\/blog\\\/wp-content\\\/uploads\\\/2026\\\/04\\\/Brigitte-Macron-delaisse-la-jupe-crayon-pour-une-robe-elegante-et-confortable-qui-seduit-tous-les-regards.jpg\",\"keywords\":[\"brigitte macron\",\"conforto vestimentar\",\"jupe l\u00e1pis\",\"modo feminino\",\"robe elegante\"],\"articleSection\":[\"Actualidades\"],\"inLanguage\":\"fr-FR\",\"potentialAction\":[{\"@type\":\"CommentAction\",\"name\":\"Comment\",\"target\":[\"https:\\\/\\\/www.sebastien-auziere.fr\\\/blog\\\/pt\\\/brigitte-macron-abandona-a-saia-lapis-por-um-vestido-elegante-e-confortavel-que-atrai-todos-os-olhares\\\/#respond\"]}]},{\"@type\":\"WebPage\",\"@id\":\"https:\\\/\\\/www.sebastien-auziere.fr\\\/blog\\\/pt\\\/brigitte-macron-abandona-a-saia-lapis-por-um-vestido-elegante-e-confortavel-que-atrai-todos-os-olhares\\\/\",\"url\":\"https:\\\/\\\/www.sebastien-auziere.fr\\\/blog\\\/pt\\\/brigitte-macron-abandona-a-saia-lapis-por-um-vestido-elegante-e-confortavel-que-atrai-todos-os-olhares\\\/\",\"name\":\"Brigitte Macron abandona a saia l\u00e1pis por um vestido elegante e confort\u00e1vel que atrai todos os olhares - Fan site S\u00e9bastien Auzi\u00e8re\",\"isPartOf\":{\"@id\":\"https:\\\/\\\/www.sebastien-auziere.fr\\\/blog\\\/#website\"},\"primaryImageOfPage\":{\"@id\":\"https:\\\/\\\/www.sebastien-auziere.fr\\\/blog\\\/pt\\\/brigitte-macron-abandona-a-saia-lapis-por-um-vestido-elegante-e-confortavel-que-atrai-todos-os-olhares\\\/#primaryimage\"},\"image\":{\"@id\":\"https:\\\/\\\/www.sebastien-auziere.fr\\\/blog\\\/pt\\\/brigitte-macron-abandona-a-saia-lapis-por-um-vestido-elegante-e-confortavel-que-atrai-todos-os-olhares\\\/#primaryimage\"},\"thumbnailUrl\":\"https:\\\/\\\/www.sebastien-auziere.fr\\\/blog\\\/wp-content\\\/uploads\\\/2026\\\/04\\\/Brigitte-Macron-delaisse-la-jupe-crayon-pour-une-robe-elegante-et-confortable-qui-seduit-tous-les-regards.jpg\",\"datePublished\":\"2026-04-12T07:23:41+00:00\",\"dateModified\":\"2026-04-12T07:23:58+00:00\",\"description\":\"Brigitte Macron abandonne la jupe crayon pour une robe \u00e9l\u00e9gante et confortable qui captive tous les regards avec style et charme.\",\"breadcrumb\":{\"@id\":\"https:\\\/\\\/www.sebastien-auziere.fr\\\/blog\\\/pt\\\/brigitte-macron-abandona-a-saia-lapis-por-um-vestido-elegante-e-confortavel-que-atrai-todos-os-olhares\\\/#breadcrumb\"},\"inLanguage\":\"fr-FR\",\"potentialAction\":[{\"@type\":\"ReadAction\",\"target\":[\"https:\\\/\\\/www.sebastien-auziere.fr\\\/blog\\\/pt\\\/brigitte-macron-abandona-a-saia-lapis-por-um-vestido-elegante-e-confortavel-que-atrai-todos-os-olhares\\\/\"]}]},{\"@type\":\"ImageObject\",\"inLanguage\":\"fr-FR\",\"@id\":\"https:\\\/\\\/www.sebastien-auziere.fr\\\/blog\\\/pt\\\/brigitte-macron-abandona-a-saia-lapis-por-um-vestido-elegante-e-confortavel-que-atrai-todos-os-olhares\\\/#primaryimage\",\"url\":\"https:\\\/\\\/www.sebastien-auziere.fr\\\/blog\\\/wp-content\\\/uploads\\\/2026\\\/04\\\/Brigitte-Macron-delaisse-la-jupe-crayon-pour-une-robe-elegante-et-confortable-qui-seduit-tous-les-regards.jpg\",\"contentUrl\":\"https:\\\/\\\/www.sebastien-auziere.fr\\\/blog\\\/wp-content\\\/uploads\\\/2026\\\/04\\\/Brigitte-Macron-delaisse-la-jupe-crayon-pour-une-robe-elegante-et-confortable-qui-seduit-tous-les-regards.jpg\",\"width\":2560,\"height\":1429,\"caption\":\"d\u00e9couvrez comment brigitte macron abandonne la jupe crayon pour une robe \u00e9l\u00e9gante et confortable, captivant tous les regards avec son style raffin\u00e9.\"},{\"@type\":\"BreadcrumbList\",\"@id\":\"https:\\\/\\\/www.sebastien-auziere.fr\\\/blog\\\/pt\\\/brigitte-macron-abandona-a-saia-lapis-por-um-vestido-elegante-e-confortavel-que-atrai-todos-os-olhares\\\/#breadcrumb\",\"itemListElement\":[{\"@type\":\"ListItem\",\"position\":1,\"name\":\"Home\",\"item\":\"https:\\\/\\\/www.sebastien-auziere.fr\\\/blog\\\/\"},{\"@type\":\"ListItem\",\"position\":2,\"name\":\"Brigitte Macron abandona a saia l\u00e1pis por um vestido elegante e confort\u00e1vel que atrai todos os olhares\"}]},{\"@type\":\"WebSite\",\"@id\":\"https:\\\/\\\/www.sebastien-auziere.fr\\\/blog\\\/#website\",\"url\":\"https:\\\/\\\/www.sebastien-auziere.fr\\\/blog\\\/\",\"name\":\"Fan site S\u00e9bastien Auzi\u00e8re\",\"description\":\"M\u00e9dia g\u00e9n\u00e9raliste\",\"publisher\":{\"@id\":\"https:\\\/\\\/www.sebastien-auziere.fr\\\/blog\\\/#organization\"},\"potentialAction\":[{\"@type\":\"SearchAction\",\"target\":{\"@type\":\"EntryPoint\",\"urlTemplate\":\"https:\\\/\\\/www.sebastien-auziere.fr\\\/blog\\\/?s={search_term_string}\"},\"query-input\":{\"@type\":\"PropertyValueSpecification\",\"valueRequired\":true,\"valueName\":\"search_term_string\"}}],\"inLanguage\":\"fr-FR\"},{\"@type\":\"Organization\",\"@id\":\"https:\\\/\\\/www.sebastien-auziere.fr\\\/blog\\\/#organization\",\"name\":\"Fan site S\u00e9bastien Auzi\u00e8re\",\"url\":\"https:\\\/\\\/www.sebastien-auziere.fr\\\/blog\\\/\",\"logo\":{\"@type\":\"ImageObject\",\"inLanguage\":\"fr-FR\",\"@id\":\"https:\\\/\\\/www.sebastien-auziere.fr\\\/blog\\\/#\\\/schema\\\/logo\\\/image\\\/\",\"url\":\"https:\\\/\\\/www.sebastien-auziere.fr\\\/blog\\\/wp-content\\\/uploads\\\/2026\\\/03\\\/cropped-cropped-cropped-ChatGPT-Image-6-mars-2026-12_58_09-e1772798376794.jpg\",\"contentUrl\":\"https:\\\/\\\/www.sebastien-auziere.fr\\\/blog\\\/wp-content\\\/uploads\\\/2026\\\/03\\\/cropped-cropped-cropped-ChatGPT-Image-6-mars-2026-12_58_09-e1772798376794.jpg\",\"width\":512,\"height\":360,\"caption\":\"Fan site S\u00e9bastien Auzi\u00e8re\"},\"image\":{\"@id\":\"https:\\\/\\\/www.sebastien-auziere.fr\\\/blog\\\/#\\\/schema\\\/logo\\\/image\\\/\"}},{\"@type\":\"Person\",\"@id\":\"https:\\\/\\\/www.sebastien-auziere.fr\\\/blog\\\/#\\\/schema\\\/person\\\/149f1acdbfd85149c6c3e59adeae2f4d\",\"name\":\"Chloe Gauthier\",\"image\":{\"@type\":\"ImageObject\",\"inLanguage\":\"fr-FR\",\"@id\":\"https:\\\/\\\/secure.gravatar.com\\\/avatar\\\/2c5722f58171cff738a8985ef0dd66b476e563753246a49019befc837ec4201a?s=96&d=mm&r=g\",\"url\":\"https:\\\/\\\/secure.gravatar.com\\\/avatar\\\/2c5722f58171cff738a8985ef0dd66b476e563753246a49019befc837ec4201a?s=96&d=mm&r=g\",\"contentUrl\":\"https:\\\/\\\/secure.gravatar.com\\\/avatar\\\/2c5722f58171cff738a8985ef0dd66b476e563753246a49019befc837ec4201a?s=96&d=mm&r=g\",\"caption\":\"Chloe Gauthier\"},\"description\":\"Passionn\u00e9e par la politique et admiratrice engag\u00e9e de la famille Macron, je consacre mon \u00e9nergie \u00e0 suivre leurs initiatives et \u00e0 promouvoir leurs id\u00e9es. \u00c0 32 ans, je suis convaincue que leur vision est porteuse d'avenir.\",\"url\":\"https:\\\/\\\/www.sebastien-auziere.fr\\\/blog\\\/author\\\/chloe-gauthier\\\/\"}]}<\/script>\n<!-- \/ Yoast SEO plugin. -->","yoast_head_json":{"title":"Brigitte Macron abandona a saia l\u00e1pis por um vestido elegante e confort\u00e1vel que atrai todos os olhares - Fan site S\u00e9bastien Auzi\u00e8re","description":"Brigitte Macron abandonne la jupe crayon pour une robe \u00e9l\u00e9gante et confortable qui captive tous les regards avec style et charme.","robots":{"index":"index","follow":"follow","max-snippet":"max-snippet:-1","max-image-preview":"max-image-preview:large","max-video-preview":"max-video-preview:-1"},"canonical":"https:\/\/www.sebastien-auziere.fr\/blog\/pt\/brigitte-macron-abandona-a-saia-lapis-por-um-vestido-elegante-e-confortavel-que-atrai-todos-os-olhares\/","og_locale":"fr_FR","og_type":"article","og_title":"Brigitte Macron abandona a saia l\u00e1pis por um vestido elegante e confort\u00e1vel que atrai todos os olhares - Fan site S\u00e9bastien Auzi\u00e8re","og_description":"Brigitte Macron abandonne la jupe crayon pour une robe \u00e9l\u00e9gante et confortable qui captive tous les regards avec style et charme.","og_url":"https:\/\/www.sebastien-auziere.fr\/blog\/pt\/brigitte-macron-abandona-a-saia-lapis-por-um-vestido-elegante-e-confortavel-que-atrai-todos-os-olhares\/","og_site_name":"Fan site S\u00e9bastien Auzi\u00e8re","article_published_time":"2026-04-12T07:23:41+00:00","article_modified_time":"2026-04-12T07:23:58+00:00","og_image":[{"width":2560,"height":1429,"url":"https:\/\/www.sebastien-auziere.fr\/blog\/wp-content\/uploads\/2026\/04\/Brigitte-Macron-delaisse-la-jupe-crayon-pour-une-robe-elegante-et-confortable-qui-seduit-tous-les-regards.jpg","type":"image\/jpeg"}],"author":"Chloe Gauthier","twitter_card":"summary_large_image","twitter_misc":{"\u00c9crit par":"Chloe Gauthier","Dur\u00e9e de lecture estim\u00e9e":"2 minutes"},"schema":{"@context":"https:\/\/schema.org","@graph":[{"@type":"Article","@id":"https:\/\/www.sebastien-auziere.fr\/blog\/pt\/brigitte-macron-abandona-a-saia-lapis-por-um-vestido-elegante-e-confortavel-que-atrai-todos-os-olhares\/#article","isPartOf":{"@id":"https:\/\/www.sebastien-auziere.fr\/blog\/pt\/brigitte-macron-abandona-a-saia-lapis-por-um-vestido-elegante-e-confortavel-que-atrai-todos-os-olhares\/"},"author":{"name":"Chloe Gauthier","@id":"https:\/\/www.sebastien-auziere.fr\/blog\/#\/schema\/person\/149f1acdbfd85149c6c3e59adeae2f4d"},"headline":"Brigitte Macron abandona a saia l\u00e1pis por um vestido elegante e confort\u00e1vel que atrai todos os olhares","datePublished":"2026-04-12T07:23:41+00:00","dateModified":"2026-04-12T07:23:58+00:00","mainEntityOfPage":{"@id":"https:\/\/www.sebastien-auziere.fr\/blog\/pt\/brigitte-macron-abandona-a-saia-lapis-por-um-vestido-elegante-e-confortavel-que-atrai-todos-os-olhares\/"},"wordCount":471,"commentCount":0,"publisher":{"@id":"https:\/\/www.sebastien-auziere.fr\/blog\/#organization"},"image":{"@id":"https:\/\/www.sebastien-auziere.fr\/blog\/pt\/brigitte-macron-abandona-a-saia-lapis-por-um-vestido-elegante-e-confortavel-que-atrai-todos-os-olhares\/#primaryimage"},"thumbnailUrl":"https:\/\/www.sebastien-auziere.fr\/blog\/wp-content\/uploads\/2026\/04\/Brigitte-Macron-delaisse-la-jupe-crayon-pour-une-robe-elegante-et-confortable-qui-seduit-tous-les-regards.jpg","keywords":["brigitte macron","conforto vestimentar","jupe l\u00e1pis","modo feminino","robe elegante"],"articleSection":["Actualidades"],"inLanguage":"fr-FR","potentialAction":[{"@type":"CommentAction","name":"Comment","target":["https:\/\/www.sebastien-auziere.fr\/blog\/pt\/brigitte-macron-abandona-a-saia-lapis-por-um-vestido-elegante-e-confortavel-que-atrai-todos-os-olhares\/#respond"]}]},{"@type":"WebPage","@id":"https:\/\/www.sebastien-auziere.fr\/blog\/pt\/brigitte-macron-abandona-a-saia-lapis-por-um-vestido-elegante-e-confortavel-que-atrai-todos-os-olhares\/","url":"https:\/\/www.sebastien-auziere.fr\/blog\/pt\/brigitte-macron-abandona-a-saia-lapis-por-um-vestido-elegante-e-confortavel-que-atrai-todos-os-olhares\/","name":"Brigitte Macron abandona a saia l\u00e1pis por um vestido elegante e confort\u00e1vel que atrai todos os olhares - Fan site S\u00e9bastien Auzi\u00e8re","isPartOf":{"@id":"https:\/\/www.sebastien-auziere.fr\/blog\/#website"},"primaryImageOfPage":{"@id":"https:\/\/www.sebastien-auziere.fr\/blog\/pt\/brigitte-macron-abandona-a-saia-lapis-por-um-vestido-elegante-e-confortavel-que-atrai-todos-os-olhares\/#primaryimage"},"image":{"@id":"https:\/\/www.sebastien-auziere.fr\/blog\/pt\/brigitte-macron-abandona-a-saia-lapis-por-um-vestido-elegante-e-confortavel-que-atrai-todos-os-olhares\/#primaryimage"},"thumbnailUrl":"https:\/\/www.sebastien-auziere.fr\/blog\/wp-content\/uploads\/2026\/04\/Brigitte-Macron-delaisse-la-jupe-crayon-pour-une-robe-elegante-et-confortable-qui-seduit-tous-les-regards.jpg","datePublished":"2026-04-12T07:23:41+00:00","dateModified":"2026-04-12T07:23:58+00:00","description":"Brigitte Macron abandonne la jupe crayon pour une robe \u00e9l\u00e9gante et confortable qui captive tous les regards avec style et charme.","breadcrumb":{"@id":"https:\/\/www.sebastien-auziere.fr\/blog\/pt\/brigitte-macron-abandona-a-saia-lapis-por-um-vestido-elegante-e-confortavel-que-atrai-todos-os-olhares\/#breadcrumb"},"inLanguage":"fr-FR","potentialAction":[{"@type":"ReadAction","target":["https:\/\/www.sebastien-auziere.fr\/blog\/pt\/brigitte-macron-abandona-a-saia-lapis-por-um-vestido-elegante-e-confortavel-que-atrai-todos-os-olhares\/"]}]},{"@type":"ImageObject","inLanguage":"fr-FR","@id":"https:\/\/www.sebastien-auziere.fr\/blog\/pt\/brigitte-macron-abandona-a-saia-lapis-por-um-vestido-elegante-e-confortavel-que-atrai-todos-os-olhares\/#primaryimage","url":"https:\/\/www.sebastien-auziere.fr\/blog\/wp-content\/uploads\/2026\/04\/Brigitte-Macron-delaisse-la-jupe-crayon-pour-une-robe-elegante-et-confortable-qui-seduit-tous-les-regards.jpg","contentUrl":"https:\/\/www.sebastien-auziere.fr\/blog\/wp-content\/uploads\/2026\/04\/Brigitte-Macron-delaisse-la-jupe-crayon-pour-une-robe-elegante-et-confortable-qui-seduit-tous-les-regards.jpg","width":2560,"height":1429,"caption":"d\u00e9couvrez comment brigitte macron abandonne la jupe crayon pour une robe \u00e9l\u00e9gante et confortable, captivant tous les regards avec son style raffin\u00e9."},{"@type":"BreadcrumbList","@id":"https:\/\/www.sebastien-auziere.fr\/blog\/pt\/brigitte-macron-abandona-a-saia-lapis-por-um-vestido-elegante-e-confortavel-que-atrai-todos-os-olhares\/#breadcrumb","itemListElement":[{"@type":"ListItem","position":1,"name":"Home","item":"https:\/\/www.sebastien-auziere.fr\/blog\/"},{"@type":"ListItem","position":2,"name":"Brigitte Macron abandona a saia l\u00e1pis por um vestido elegante e confort\u00e1vel que atrai todos os olhares"}]},{"@type":"WebSite","@id":"https:\/\/www.sebastien-auziere.fr\/blog\/#website","url":"https:\/\/www.sebastien-auziere.fr\/blog\/","name":"Fan site S\u00e9bastien Auzi\u00e8re","description":"M\u00e9dia g\u00e9n\u00e9raliste","publisher":{"@id":"https:\/\/www.sebastien-auziere.fr\/blog\/#organization"},"potentialAction":[{"@type":"SearchAction","target":{"@type":"EntryPoint","urlTemplate":"https:\/\/www.sebastien-auziere.fr\/blog\/?s={search_term_string}"},"query-input":{"@type":"PropertyValueSpecification","valueRequired":true,"valueName":"search_term_string"}}],"inLanguage":"fr-FR"},{"@type":"Organization","@id":"https:\/\/www.sebastien-auziere.fr\/blog\/#organization","name":"Fan site S\u00e9bastien Auzi\u00e8re","url":"https:\/\/www.sebastien-auziere.fr\/blog\/","logo":{"@type":"ImageObject","inLanguage":"fr-FR","@id":"https:\/\/www.sebastien-auziere.fr\/blog\/#\/schema\/logo\/image\/","url":"https:\/\/www.sebastien-auziere.fr\/blog\/wp-content\/uploads\/2026\/03\/cropped-cropped-cropped-ChatGPT-Image-6-mars-2026-12_58_09-e1772798376794.jpg","contentUrl":"https:\/\/www.sebastien-auziere.fr\/blog\/wp-content\/uploads\/2026\/03\/cropped-cropped-cropped-ChatGPT-Image-6-mars-2026-12_58_09-e1772798376794.jpg","width":512,"height":360,"caption":"Fan site S\u00e9bastien Auzi\u00e8re"},"image":{"@id":"https:\/\/www.sebastien-auziere.fr\/blog\/#\/schema\/logo\/image\/"}},{"@type":"Person","@id":"https:\/\/www.sebastien-auziere.fr\/blog\/#\/schema\/person\/149f1acdbfd85149c6c3e59adeae2f4d","name":"Chloe Gauthier","image":{"@type":"ImageObject","inLanguage":"fr-FR","@id":"https:\/\/secure.gravatar.com\/avatar\/2c5722f58171cff738a8985ef0dd66b476e563753246a49019befc837ec4201a?s=96&d=mm&r=g","url":"https:\/\/secure.gravatar.com\/avatar\/2c5722f58171cff738a8985ef0dd66b476e563753246a49019befc837ec4201a?s=96&d=mm&r=g","contentUrl":"https:\/\/secure.gravatar.com\/avatar\/2c5722f58171cff738a8985ef0dd66b476e563753246a49019befc837ec4201a?s=96&d=mm&r=g","caption":"Chloe Gauthier"},"description":"Passionn\u00e9e par la politique et admiratrice engag\u00e9e de la famille Macron, je consacre mon \u00e9nergie \u00e0 suivre leurs initiatives et \u00e0 promouvoir leurs id\u00e9es. \u00c0 32 ans, je suis convaincue que leur vision est porteuse d'avenir.","url":"https:\/\/www.sebastien-auziere.fr\/blog\/author\/chloe-gauthier\/"}]}},"views":3,"_links":{"self":[{"href":"https:\/\/www.sebastien-auziere.fr\/blog\/wp-json\/wp\/v2\/posts\/2958","targetHints":{"allow":["GET"]}}],"collection":[{"href":"https:\/\/www.sebastien-auziere.fr\/blog\/wp-json\/wp\/v2\/posts"}],"about":[{"href":"https:\/\/www.sebastien-auziere.fr\/blog\/wp-json\/wp\/v2\/types\/post"}],"author":[{"embeddable":true,"href":"https:\/\/www.sebastien-auziere.fr\/blog\/wp-json\/wp\/v2\/users\/9"}],"replies":[{"embeddable":true,"href":"https:\/\/www.sebastien-auziere.fr\/blog\/wp-json\/wp\/v2\/comments?post=2958"}],"version-history":[{"count":1,"href":"https:\/\/www.sebastien-auziere.fr\/blog\/wp-json\/wp\/v2\/posts\/2958\/revisions"}],"predecessor-version":[{"id":2959,"href":"https:\/\/www.sebastien-auziere.fr\/blog\/wp-json\/wp\/v2\/posts\/2958\/revisions\/2959"}],"wp:featuredmedia":[{"embeddable":true,"href":"https:\/\/www.sebastien-auziere.fr\/blog\/wp-json\/wp\/v2\/media\/2948"}],"wp:attachment":[{"href":"https:\/\/www.sebastien-auziere.fr\/blog\/wp-json\/wp\/v2\/media?parent=2958"}],"wp:term":[{"taxonomy":"category","embeddable":true,"href":"https:\/\/www.sebastien-auziere.fr\/blog\/wp-json\/wp\/v2\/categories?post=2958"},{"taxonomy":"post_tag","embeddable":true,"href":"https:\/\/www.sebastien-auziere.fr\/blog\/wp-json\/wp\/v2\/tags?post=2958"}],"curies":[{"name":"wp","href":"https:\/\/api.w.org\/{rel}","templated":true}]}}