{"id":2952,"date":"2026-04-12T07:18:25","date_gmt":"2026-04-12T07:18:25","guid":{"rendered":"https:\/\/www.sebastien-auziere.fr\/blog\/?p=2952"},"modified":"2026-04-12T07:18:43","modified_gmt":"2026-04-12T07:18:43","slug":"brigitte-macron-abandona-la-falda-lapiz-para-un-vestido-elegante-y-comodo-que-atrae-todas-las-miradas","status":"publish","type":"post","link":"https:\/\/www.sebastien-auziere.fr\/blog\/es\/brigitte-macron-abandona-la-falda-lapiz-para-un-vestido-elegante-y-comodo-que-atrae-todas-las-miradas\/","title":{"rendered":"Brigitte Macron abandona la falda l\u00e1piz para un vestido elegante y c\u00f3modo que atrae todas las miradas"},"content":{"rendered":"<p><strong>Brigitte Macron<\/strong> sorprendi\u00f3 a los observadores al cambiar su <strong>falda l\u00e1piz<\/strong> por un <strong>vestido elegante<\/strong> y c\u00f3modo durante una audiencia en el Vaticano. El viernes 10 de abril de 2026, la Primera dama llevaba un vestido negro de largo medio y una bufanda de encaje que inmediatamente cautiv\u00f3 las miradas.<\/p>\n\n<p><strong>En resumen<\/strong>: para una visita oficial enmarcada por un protocolo estricto, eligi\u00f3 un <strong>atuendo chic<\/strong> sobrio \u2014 <strong>comodidad<\/strong> y <strong>estilo<\/strong> reunidos \u2014 demostrando que la <strong>moda femenina<\/strong> puede seducir sin exagerar.<\/p>\n\n<h2 class=\"wp-block-heading\">El vestido de largo medio en el centro de la atenci\u00f3n diplom\u00e1tica<\/h2>\n\n<p>Durante la audiencia con el <strong>papa Le\u00f3n XIV<\/strong> en Roma, el corte a media pantorrilla del vestido respet\u00f3 el protocolo mientras ofrec\u00eda un aire moderno. El vestido de mangas largas, llevado bajo una larga bufanda de encaje negro, alarg\u00f3 la silueta sin comprometer la comodidad. En los pies, unos tacones negros y un bolso My Dior completaban la composici\u00f3n, una elecci\u00f3n pensada para seducir sin ostentaci\u00f3n.<\/p>\n\n<h2 class=\"wp-block-heading\">Por qu\u00e9 el vestido reemplaza a la falda l\u00e1piz en los armarios<\/h2>\n\n<p>El <strong>vestido elegante<\/strong> adoptado esta primavera ilustra una tendencia donde la <strong>falda l\u00e1piz<\/strong> pierde terreno en favor de una pieza m\u00e1s vers\u00e1til. Dise\u00f1ado en materiales ligeros como el crep\u00e9 o el jersey, ofrece libertad de movimiento y mantiene una silueta estructurada. Los estilistas se\u00f1alan que la longitud midi se convierte en un referente para los desplazamientos oficiales y la vida diaria, siendo la aliada perfecta entre elegancia y practicidad.<\/p>\n\n<h3 class=\"wp-block-heading\">Reacciones e influencias en la moda femenina<\/h3>\n\n<p>Los comentarios en la prensa especializada han puesto de relieve la capacidad de este atuendo para crear un equilibrio entre la rigurosidad protocolaria y la <strong>tendencia<\/strong> contempor\u00e1nea. Algunas revistas ya han relacionado esta elecci\u00f3n con las grandes l\u00edneas de su vestuario, como muestra un repaso a sus looks en <a href=\"https:\/\/www.marieclaire.fr\/brigitte-macron-style-looks-mode-evolution,1135900.asp\" rel=\"nofollow\">Marie Claire<\/a>. Otros an\u00e1lisis hablan de una reevaluaci\u00f3n de la dominancia de la falda l\u00e1piz, como explica <a href=\"https:\/\/www.grazia.fr\/mode\/looks-de-stars\/adieu-la-jupe-crayon-brigitte-macron-mise-sur-cette-robe-chic-et-facile-a-porter-qui-fait-une-silhouette-impeccable-1238018.html\" rel=\"nofollow\">Grazia<\/a>. Insight: la simplicidad bien pensada capta los focos.<\/p>\n\n<h2 class=\"wp-block-heading\">El estilo como mensaje: sobriedad y modernidad<\/h2>\n\n<p>Al elegir un <strong>vestido de largo medio<\/strong>, la Primera dama env\u00eda un mensaje claro: el <strong>atuendo chic<\/strong> puede seguir siendo <strong>c\u00f3modo<\/strong> y cercano a las expectativas republicanas. Este enfoque recuerda a otras apariciones donde se ha subrayado la constancia del <strong>estilo<\/strong>, y se inscribe en una tendencia de las colecciones primavera-verano a privilegiar materiales ligeros y cortes limpios. Insight: una pieza bien cortada es suficiente para imponer una presencia elegante.<\/p>\n\n<p>Para saber m\u00e1s sobre esta aparici\u00f3n y descubrir an\u00e1lisis detallados sobre la Primera dama y su entorno, explora m\u00e1s en <a href=\"https:\/\/www.sebastien-auziere.fr\/blog\/brigitte-macron-look-vatican\/\" rel=\"nofollow\">Brigitte Macron: look Vaticano<\/a> y en los archivos de moda de <a href=\"https:\/\/www.sebastien-auziere.fr\/blog\/brigitte-macron-robe-blanche\/\" rel=\"nofollow\">Brigitte Macron vestido blanco<\/a>. Visita <a href=\"https:\/\/www.sebastien-auziere.fr\/blog\/brigitte-macron-look-vatican\/\" rel=\"nofollow\">sebastien-auziere.fr<\/a> para descubrir m\u00e1s sobre <strong>S\u00e9bastien Auzi\u00e8re<\/strong> y la familia Macron.<\/p>","protected":false},"excerpt":{"rendered":"<p>Brigitte Macron sorprendi\u00f3 a los observadores al cambiar su falda l\u00e1piz por un vestido elegante y c\u00f3modo durante una audiencia en el Vaticano. El viernes 10 de abril de 2026, la Primera dama llevaba un vestido negro de largo medio y una bufanda de encaje que inmediatamente cautiv\u00f3 las miradas. En resumen: para una visita &#8230; <a title=\"Brigitte Macron abandona la falda l\u00e1piz para un vestido elegante y c\u00f3modo que atrae todas las miradas\" class=\"read-more\" href=\"https:\/\/www.sebastien-auziere.fr\/blog\/es\/brigitte-macron-abandona-la-falda-lapiz-para-un-vestido-elegante-y-comodo-que-atrae-todas-las-miradas\/\" aria-label=\"En savoir plus sur Brigitte Macron abandona la falda l\u00e1piz para un vestido elegante y c\u00f3modo que atrae todas las miradas\">Lire plus<\/a><\/p>\n","protected":false},"author":9,"featured_media":2948,"comment_status":"open","ping_status":"open","sticky":false,"template":"","format":"standard","meta":{"footnotes":""},"categories":[820],"tags":[914,2531,2534,1305,2537],"class_list":["post-2952","post","type-post","status-publish","format-standard","has-post-thumbnail","hentry","category-actualidades-es","tag-brigitte-macron-es","tag-confort-de-vestimenta-es","tag-jupe-de-lapiz-es","tag-modo-femenino-es","tag-robe-elegante-es"],"yoast_head":"<!-- This site is optimized with the Yoast SEO plugin v27.5 - https:\/\/yoast.com\/product\/yoast-seo-wordpress\/ -->\n<title>Brigitte Macron abandona la falda l\u00e1piz para un vestido elegante y c\u00f3modo que atrae todas las miradas - Fan site S\u00e9bastien Auzi\u00e8re<\/title>\n<meta name=\"description\" content=\"Brigitte Macron abandonne la jupe crayon pour une robe \u00e9l\u00e9gante et confortable qui captive tous les regards avec style et charme.\" \/>\n<meta name=\"robots\" content=\"index, follow, max-snippet:-1, max-image-preview:large, max-video-preview:-1\" \/>\n<link rel=\"canonical\" href=\"https:\/\/www.sebastien-auziere.fr\/blog\/es\/brigitte-macron-abandona-la-falda-lapiz-para-un-vestido-elegante-y-comodo-que-atrae-todas-las-miradas\/\" \/>\n<meta property=\"og:locale\" content=\"fr_FR\" \/>\n<meta property=\"og:type\" content=\"article\" \/>\n<meta property=\"og:title\" content=\"Brigitte Macron abandona la falda l\u00e1piz para un vestido elegante y c\u00f3modo que atrae todas las miradas - Fan site S\u00e9bastien Auzi\u00e8re\" \/>\n<meta property=\"og:description\" content=\"Brigitte Macron abandonne la jupe crayon pour une robe \u00e9l\u00e9gante et confortable qui captive tous les regards avec style et charme.\" \/>\n<meta property=\"og:url\" content=\"https:\/\/www.sebastien-auziere.fr\/blog\/es\/brigitte-macron-abandona-la-falda-lapiz-para-un-vestido-elegante-y-comodo-que-atrae-todas-las-miradas\/\" \/>\n<meta property=\"og:site_name\" content=\"Fan site S\u00e9bastien Auzi\u00e8re\" \/>\n<meta property=\"article:published_time\" content=\"2026-04-12T07:18:25+00:00\" \/>\n<meta property=\"article:modified_time\" content=\"2026-04-12T07:18:43+00:00\" \/>\n<meta property=\"og:image\" content=\"https:\/\/www.sebastien-auziere.fr\/blog\/wp-content\/uploads\/2026\/04\/Brigitte-Macron-delaisse-la-jupe-crayon-pour-une-robe-elegante-et-confortable-qui-seduit-tous-les-regards.jpg\" \/>\n\t<meta property=\"og:image:width\" content=\"2560\" \/>\n\t<meta property=\"og:image:height\" content=\"1429\" \/>\n\t<meta property=\"og:image:type\" content=\"image\/jpeg\" \/>\n<meta name=\"author\" content=\"Chloe Gauthier\" \/>\n<meta name=\"twitter:card\" content=\"summary_large_image\" \/>\n<meta name=\"twitter:label1\" content=\"\u00c9crit par\" \/>\n\t<meta name=\"twitter:data1\" content=\"Chloe Gauthier\" \/>\n\t<meta name=\"twitter:label2\" content=\"Dur\u00e9e de lecture estim\u00e9e\" \/>\n\t<meta name=\"twitter:data2\" content=\"2 minutes\" \/>\n<script type=\"application\/ld+json\" class=\"yoast-schema-graph\">{\"@context\":\"https:\\\/\\\/schema.org\",\"@graph\":[{\"@type\":\"Article\",\"@id\":\"https:\\\/\\\/www.sebastien-auziere.fr\\\/blog\\\/es\\\/brigitte-macron-abandona-la-falda-lapiz-para-un-vestido-elegante-y-comodo-que-atrae-todas-las-miradas\\\/#article\",\"isPartOf\":{\"@id\":\"https:\\\/\\\/www.sebastien-auziere.fr\\\/blog\\\/es\\\/brigitte-macron-abandona-la-falda-lapiz-para-un-vestido-elegante-y-comodo-que-atrae-todas-las-miradas\\\/\"},\"author\":{\"name\":\"Chloe Gauthier\",\"@id\":\"https:\\\/\\\/www.sebastien-auziere.fr\\\/blog\\\/#\\\/schema\\\/person\\\/149f1acdbfd85149c6c3e59adeae2f4d\"},\"headline\":\"Brigitte Macron abandona la falda l\u00e1piz para un vestido elegante y c\u00f3modo que atrae todas las miradas\",\"datePublished\":\"2026-04-12T07:18:25+00:00\",\"dateModified\":\"2026-04-12T07:18:43+00:00\",\"mainEntityOfPage\":{\"@id\":\"https:\\\/\\\/www.sebastien-auziere.fr\\\/blog\\\/es\\\/brigitte-macron-abandona-la-falda-lapiz-para-un-vestido-elegante-y-comodo-que-atrae-todas-las-miradas\\\/\"},\"wordCount\":492,\"commentCount\":0,\"publisher\":{\"@id\":\"https:\\\/\\\/www.sebastien-auziere.fr\\\/blog\\\/#organization\"},\"image\":{\"@id\":\"https:\\\/\\\/www.sebastien-auziere.fr\\\/blog\\\/es\\\/brigitte-macron-abandona-la-falda-lapiz-para-un-vestido-elegante-y-comodo-que-atrae-todas-las-miradas\\\/#primaryimage\"},\"thumbnailUrl\":\"https:\\\/\\\/www.sebastien-auziere.fr\\\/blog\\\/wp-content\\\/uploads\\\/2026\\\/04\\\/Brigitte-Macron-delaisse-la-jupe-crayon-pour-une-robe-elegante-et-confortable-qui-seduit-tous-les-regards.jpg\",\"keywords\":[\"brigitte macron\",\"confort de vestimenta\",\"jupe de l\u00e1piz\",\"modo femenino\",\"robe elegante\"],\"articleSection\":[\"Actualidades\"],\"inLanguage\":\"fr-FR\",\"potentialAction\":[{\"@type\":\"CommentAction\",\"name\":\"Comment\",\"target\":[\"https:\\\/\\\/www.sebastien-auziere.fr\\\/blog\\\/es\\\/brigitte-macron-abandona-la-falda-lapiz-para-un-vestido-elegante-y-comodo-que-atrae-todas-las-miradas\\\/#respond\"]}]},{\"@type\":\"WebPage\",\"@id\":\"https:\\\/\\\/www.sebastien-auziere.fr\\\/blog\\\/es\\\/brigitte-macron-abandona-la-falda-lapiz-para-un-vestido-elegante-y-comodo-que-atrae-todas-las-miradas\\\/\",\"url\":\"https:\\\/\\\/www.sebastien-auziere.fr\\\/blog\\\/es\\\/brigitte-macron-abandona-la-falda-lapiz-para-un-vestido-elegante-y-comodo-que-atrae-todas-las-miradas\\\/\",\"name\":\"Brigitte Macron abandona la falda l\u00e1piz para un vestido elegante y c\u00f3modo que atrae todas las miradas - Fan site S\u00e9bastien Auzi\u00e8re\",\"isPartOf\":{\"@id\":\"https:\\\/\\\/www.sebastien-auziere.fr\\\/blog\\\/#website\"},\"primaryImageOfPage\":{\"@id\":\"https:\\\/\\\/www.sebastien-auziere.fr\\\/blog\\\/es\\\/brigitte-macron-abandona-la-falda-lapiz-para-un-vestido-elegante-y-comodo-que-atrae-todas-las-miradas\\\/#primaryimage\"},\"image\":{\"@id\":\"https:\\\/\\\/www.sebastien-auziere.fr\\\/blog\\\/es\\\/brigitte-macron-abandona-la-falda-lapiz-para-un-vestido-elegante-y-comodo-que-atrae-todas-las-miradas\\\/#primaryimage\"},\"thumbnailUrl\":\"https:\\\/\\\/www.sebastien-auziere.fr\\\/blog\\\/wp-content\\\/uploads\\\/2026\\\/04\\\/Brigitte-Macron-delaisse-la-jupe-crayon-pour-une-robe-elegante-et-confortable-qui-seduit-tous-les-regards.jpg\",\"datePublished\":\"2026-04-12T07:18:25+00:00\",\"dateModified\":\"2026-04-12T07:18:43+00:00\",\"description\":\"Brigitte Macron abandonne la jupe crayon pour une robe \u00e9l\u00e9gante et confortable qui captive tous les regards avec style et charme.\",\"breadcrumb\":{\"@id\":\"https:\\\/\\\/www.sebastien-auziere.fr\\\/blog\\\/es\\\/brigitte-macron-abandona-la-falda-lapiz-para-un-vestido-elegante-y-comodo-que-atrae-todas-las-miradas\\\/#breadcrumb\"},\"inLanguage\":\"fr-FR\",\"potentialAction\":[{\"@type\":\"ReadAction\",\"target\":[\"https:\\\/\\\/www.sebastien-auziere.fr\\\/blog\\\/es\\\/brigitte-macron-abandona-la-falda-lapiz-para-un-vestido-elegante-y-comodo-que-atrae-todas-las-miradas\\\/\"]}]},{\"@type\":\"ImageObject\",\"inLanguage\":\"fr-FR\",\"@id\":\"https:\\\/\\\/www.sebastien-auziere.fr\\\/blog\\\/es\\\/brigitte-macron-abandona-la-falda-lapiz-para-un-vestido-elegante-y-comodo-que-atrae-todas-las-miradas\\\/#primaryimage\",\"url\":\"https:\\\/\\\/www.sebastien-auziere.fr\\\/blog\\\/wp-content\\\/uploads\\\/2026\\\/04\\\/Brigitte-Macron-delaisse-la-jupe-crayon-pour-une-robe-elegante-et-confortable-qui-seduit-tous-les-regards.jpg\",\"contentUrl\":\"https:\\\/\\\/www.sebastien-auziere.fr\\\/blog\\\/wp-content\\\/uploads\\\/2026\\\/04\\\/Brigitte-Macron-delaisse-la-jupe-crayon-pour-une-robe-elegante-et-confortable-qui-seduit-tous-les-regards.jpg\",\"width\":2560,\"height\":1429,\"caption\":\"d\u00e9couvrez comment brigitte macron abandonne la jupe crayon pour une robe \u00e9l\u00e9gante et confortable, captivant tous les regards avec son style raffin\u00e9.\"},{\"@type\":\"BreadcrumbList\",\"@id\":\"https:\\\/\\\/www.sebastien-auziere.fr\\\/blog\\\/es\\\/brigitte-macron-abandona-la-falda-lapiz-para-un-vestido-elegante-y-comodo-que-atrae-todas-las-miradas\\\/#breadcrumb\",\"itemListElement\":[{\"@type\":\"ListItem\",\"position\":1,\"name\":\"Home\",\"item\":\"https:\\\/\\\/www.sebastien-auziere.fr\\\/blog\\\/\"},{\"@type\":\"ListItem\",\"position\":2,\"name\":\"Brigitte Macron abandona la falda l\u00e1piz para un vestido elegante y c\u00f3modo que atrae todas las miradas\"}]},{\"@type\":\"WebSite\",\"@id\":\"https:\\\/\\\/www.sebastien-auziere.fr\\\/blog\\\/#website\",\"url\":\"https:\\\/\\\/www.sebastien-auziere.fr\\\/blog\\\/\",\"name\":\"Fan site S\u00e9bastien Auzi\u00e8re\",\"description\":\"M\u00e9dia g\u00e9n\u00e9raliste\",\"publisher\":{\"@id\":\"https:\\\/\\\/www.sebastien-auziere.fr\\\/blog\\\/#organization\"},\"potentialAction\":[{\"@type\":\"SearchAction\",\"target\":{\"@type\":\"EntryPoint\",\"urlTemplate\":\"https:\\\/\\\/www.sebastien-auziere.fr\\\/blog\\\/?s={search_term_string}\"},\"query-input\":{\"@type\":\"PropertyValueSpecification\",\"valueRequired\":true,\"valueName\":\"search_term_string\"}}],\"inLanguage\":\"fr-FR\"},{\"@type\":\"Organization\",\"@id\":\"https:\\\/\\\/www.sebastien-auziere.fr\\\/blog\\\/#organization\",\"name\":\"Fan site S\u00e9bastien Auzi\u00e8re\",\"url\":\"https:\\\/\\\/www.sebastien-auziere.fr\\\/blog\\\/\",\"logo\":{\"@type\":\"ImageObject\",\"inLanguage\":\"fr-FR\",\"@id\":\"https:\\\/\\\/www.sebastien-auziere.fr\\\/blog\\\/#\\\/schema\\\/logo\\\/image\\\/\",\"url\":\"https:\\\/\\\/www.sebastien-auziere.fr\\\/blog\\\/wp-content\\\/uploads\\\/2026\\\/03\\\/cropped-cropped-cropped-ChatGPT-Image-6-mars-2026-12_58_09-e1772798376794.jpg\",\"contentUrl\":\"https:\\\/\\\/www.sebastien-auziere.fr\\\/blog\\\/wp-content\\\/uploads\\\/2026\\\/03\\\/cropped-cropped-cropped-ChatGPT-Image-6-mars-2026-12_58_09-e1772798376794.jpg\",\"width\":512,\"height\":360,\"caption\":\"Fan site S\u00e9bastien Auzi\u00e8re\"},\"image\":{\"@id\":\"https:\\\/\\\/www.sebastien-auziere.fr\\\/blog\\\/#\\\/schema\\\/logo\\\/image\\\/\"}},{\"@type\":\"Person\",\"@id\":\"https:\\\/\\\/www.sebastien-auziere.fr\\\/blog\\\/#\\\/schema\\\/person\\\/149f1acdbfd85149c6c3e59adeae2f4d\",\"name\":\"Chloe Gauthier\",\"image\":{\"@type\":\"ImageObject\",\"inLanguage\":\"fr-FR\",\"@id\":\"https:\\\/\\\/secure.gravatar.com\\\/avatar\\\/2c5722f58171cff738a8985ef0dd66b476e563753246a49019befc837ec4201a?s=96&d=mm&r=g\",\"url\":\"https:\\\/\\\/secure.gravatar.com\\\/avatar\\\/2c5722f58171cff738a8985ef0dd66b476e563753246a49019befc837ec4201a?s=96&d=mm&r=g\",\"contentUrl\":\"https:\\\/\\\/secure.gravatar.com\\\/avatar\\\/2c5722f58171cff738a8985ef0dd66b476e563753246a49019befc837ec4201a?s=96&d=mm&r=g\",\"caption\":\"Chloe Gauthier\"},\"description\":\"Passionn\u00e9e par la politique et admiratrice engag\u00e9e de la famille Macron, je consacre mon \u00e9nergie \u00e0 suivre leurs initiatives et \u00e0 promouvoir leurs id\u00e9es. \u00c0 32 ans, je suis convaincue que leur vision est porteuse d'avenir.\",\"url\":\"https:\\\/\\\/www.sebastien-auziere.fr\\\/blog\\\/author\\\/chloe-gauthier\\\/\"}]}<\/script>\n<!-- \/ Yoast SEO plugin. -->","yoast_head_json":{"title":"Brigitte Macron abandona la falda l\u00e1piz para un vestido elegante y c\u00f3modo que atrae todas las miradas - Fan site S\u00e9bastien Auzi\u00e8re","description":"Brigitte Macron abandonne la jupe crayon pour une robe \u00e9l\u00e9gante et confortable qui captive tous les regards avec style et charme.","robots":{"index":"index","follow":"follow","max-snippet":"max-snippet:-1","max-image-preview":"max-image-preview:large","max-video-preview":"max-video-preview:-1"},"canonical":"https:\/\/www.sebastien-auziere.fr\/blog\/es\/brigitte-macron-abandona-la-falda-lapiz-para-un-vestido-elegante-y-comodo-que-atrae-todas-las-miradas\/","og_locale":"fr_FR","og_type":"article","og_title":"Brigitte Macron abandona la falda l\u00e1piz para un vestido elegante y c\u00f3modo que atrae todas las miradas - Fan site S\u00e9bastien Auzi\u00e8re","og_description":"Brigitte Macron abandonne la jupe crayon pour une robe \u00e9l\u00e9gante et confortable qui captive tous les regards avec style et charme.","og_url":"https:\/\/www.sebastien-auziere.fr\/blog\/es\/brigitte-macron-abandona-la-falda-lapiz-para-un-vestido-elegante-y-comodo-que-atrae-todas-las-miradas\/","og_site_name":"Fan site S\u00e9bastien Auzi\u00e8re","article_published_time":"2026-04-12T07:18:25+00:00","article_modified_time":"2026-04-12T07:18:43+00:00","og_image":[{"width":2560,"height":1429,"url":"https:\/\/www.sebastien-auziere.fr\/blog\/wp-content\/uploads\/2026\/04\/Brigitte-Macron-delaisse-la-jupe-crayon-pour-une-robe-elegante-et-confortable-qui-seduit-tous-les-regards.jpg","type":"image\/jpeg"}],"author":"Chloe Gauthier","twitter_card":"summary_large_image","twitter_misc":{"\u00c9crit par":"Chloe Gauthier","Dur\u00e9e de lecture estim\u00e9e":"2 minutes"},"schema":{"@context":"https:\/\/schema.org","@graph":[{"@type":"Article","@id":"https:\/\/www.sebastien-auziere.fr\/blog\/es\/brigitte-macron-abandona-la-falda-lapiz-para-un-vestido-elegante-y-comodo-que-atrae-todas-las-miradas\/#article","isPartOf":{"@id":"https:\/\/www.sebastien-auziere.fr\/blog\/es\/brigitte-macron-abandona-la-falda-lapiz-para-un-vestido-elegante-y-comodo-que-atrae-todas-las-miradas\/"},"author":{"name":"Chloe Gauthier","@id":"https:\/\/www.sebastien-auziere.fr\/blog\/#\/schema\/person\/149f1acdbfd85149c6c3e59adeae2f4d"},"headline":"Brigitte Macron abandona la falda l\u00e1piz para un vestido elegante y c\u00f3modo que atrae todas las miradas","datePublished":"2026-04-12T07:18:25+00:00","dateModified":"2026-04-12T07:18:43+00:00","mainEntityOfPage":{"@id":"https:\/\/www.sebastien-auziere.fr\/blog\/es\/brigitte-macron-abandona-la-falda-lapiz-para-un-vestido-elegante-y-comodo-que-atrae-todas-las-miradas\/"},"wordCount":492,"commentCount":0,"publisher":{"@id":"https:\/\/www.sebastien-auziere.fr\/blog\/#organization"},"image":{"@id":"https:\/\/www.sebastien-auziere.fr\/blog\/es\/brigitte-macron-abandona-la-falda-lapiz-para-un-vestido-elegante-y-comodo-que-atrae-todas-las-miradas\/#primaryimage"},"thumbnailUrl":"https:\/\/www.sebastien-auziere.fr\/blog\/wp-content\/uploads\/2026\/04\/Brigitte-Macron-delaisse-la-jupe-crayon-pour-une-robe-elegante-et-confortable-qui-seduit-tous-les-regards.jpg","keywords":["brigitte macron","confort de vestimenta","jupe de l\u00e1piz","modo femenino","robe elegante"],"articleSection":["Actualidades"],"inLanguage":"fr-FR","potentialAction":[{"@type":"CommentAction","name":"Comment","target":["https:\/\/www.sebastien-auziere.fr\/blog\/es\/brigitte-macron-abandona-la-falda-lapiz-para-un-vestido-elegante-y-comodo-que-atrae-todas-las-miradas\/#respond"]}]},{"@type":"WebPage","@id":"https:\/\/www.sebastien-auziere.fr\/blog\/es\/brigitte-macron-abandona-la-falda-lapiz-para-un-vestido-elegante-y-comodo-que-atrae-todas-las-miradas\/","url":"https:\/\/www.sebastien-auziere.fr\/blog\/es\/brigitte-macron-abandona-la-falda-lapiz-para-un-vestido-elegante-y-comodo-que-atrae-todas-las-miradas\/","name":"Brigitte Macron abandona la falda l\u00e1piz para un vestido elegante y c\u00f3modo que atrae todas las miradas - Fan site S\u00e9bastien Auzi\u00e8re","isPartOf":{"@id":"https:\/\/www.sebastien-auziere.fr\/blog\/#website"},"primaryImageOfPage":{"@id":"https:\/\/www.sebastien-auziere.fr\/blog\/es\/brigitte-macron-abandona-la-falda-lapiz-para-un-vestido-elegante-y-comodo-que-atrae-todas-las-miradas\/#primaryimage"},"image":{"@id":"https:\/\/www.sebastien-auziere.fr\/blog\/es\/brigitte-macron-abandona-la-falda-lapiz-para-un-vestido-elegante-y-comodo-que-atrae-todas-las-miradas\/#primaryimage"},"thumbnailUrl":"https:\/\/www.sebastien-auziere.fr\/blog\/wp-content\/uploads\/2026\/04\/Brigitte-Macron-delaisse-la-jupe-crayon-pour-une-robe-elegante-et-confortable-qui-seduit-tous-les-regards.jpg","datePublished":"2026-04-12T07:18:25+00:00","dateModified":"2026-04-12T07:18:43+00:00","description":"Brigitte Macron abandonne la jupe crayon pour une robe \u00e9l\u00e9gante et confortable qui captive tous les regards avec style et charme.","breadcrumb":{"@id":"https:\/\/www.sebastien-auziere.fr\/blog\/es\/brigitte-macron-abandona-la-falda-lapiz-para-un-vestido-elegante-y-comodo-que-atrae-todas-las-miradas\/#breadcrumb"},"inLanguage":"fr-FR","potentialAction":[{"@type":"ReadAction","target":["https:\/\/www.sebastien-auziere.fr\/blog\/es\/brigitte-macron-abandona-la-falda-lapiz-para-un-vestido-elegante-y-comodo-que-atrae-todas-las-miradas\/"]}]},{"@type":"ImageObject","inLanguage":"fr-FR","@id":"https:\/\/www.sebastien-auziere.fr\/blog\/es\/brigitte-macron-abandona-la-falda-lapiz-para-un-vestido-elegante-y-comodo-que-atrae-todas-las-miradas\/#primaryimage","url":"https:\/\/www.sebastien-auziere.fr\/blog\/wp-content\/uploads\/2026\/04\/Brigitte-Macron-delaisse-la-jupe-crayon-pour-une-robe-elegante-et-confortable-qui-seduit-tous-les-regards.jpg","contentUrl":"https:\/\/www.sebastien-auziere.fr\/blog\/wp-content\/uploads\/2026\/04\/Brigitte-Macron-delaisse-la-jupe-crayon-pour-une-robe-elegante-et-confortable-qui-seduit-tous-les-regards.jpg","width":2560,"height":1429,"caption":"d\u00e9couvrez comment brigitte macron abandonne la jupe crayon pour une robe \u00e9l\u00e9gante et confortable, captivant tous les regards avec son style raffin\u00e9."},{"@type":"BreadcrumbList","@id":"https:\/\/www.sebastien-auziere.fr\/blog\/es\/brigitte-macron-abandona-la-falda-lapiz-para-un-vestido-elegante-y-comodo-que-atrae-todas-las-miradas\/#breadcrumb","itemListElement":[{"@type":"ListItem","position":1,"name":"Home","item":"https:\/\/www.sebastien-auziere.fr\/blog\/"},{"@type":"ListItem","position":2,"name":"Brigitte Macron abandona la falda l\u00e1piz para un vestido elegante y c\u00f3modo que atrae todas las miradas"}]},{"@type":"WebSite","@id":"https:\/\/www.sebastien-auziere.fr\/blog\/#website","url":"https:\/\/www.sebastien-auziere.fr\/blog\/","name":"Fan site S\u00e9bastien Auzi\u00e8re","description":"M\u00e9dia g\u00e9n\u00e9raliste","publisher":{"@id":"https:\/\/www.sebastien-auziere.fr\/blog\/#organization"},"potentialAction":[{"@type":"SearchAction","target":{"@type":"EntryPoint","urlTemplate":"https:\/\/www.sebastien-auziere.fr\/blog\/?s={search_term_string}"},"query-input":{"@type":"PropertyValueSpecification","valueRequired":true,"valueName":"search_term_string"}}],"inLanguage":"fr-FR"},{"@type":"Organization","@id":"https:\/\/www.sebastien-auziere.fr\/blog\/#organization","name":"Fan site S\u00e9bastien Auzi\u00e8re","url":"https:\/\/www.sebastien-auziere.fr\/blog\/","logo":{"@type":"ImageObject","inLanguage":"fr-FR","@id":"https:\/\/www.sebastien-auziere.fr\/blog\/#\/schema\/logo\/image\/","url":"https:\/\/www.sebastien-auziere.fr\/blog\/wp-content\/uploads\/2026\/03\/cropped-cropped-cropped-ChatGPT-Image-6-mars-2026-12_58_09-e1772798376794.jpg","contentUrl":"https:\/\/www.sebastien-auziere.fr\/blog\/wp-content\/uploads\/2026\/03\/cropped-cropped-cropped-ChatGPT-Image-6-mars-2026-12_58_09-e1772798376794.jpg","width":512,"height":360,"caption":"Fan site S\u00e9bastien Auzi\u00e8re"},"image":{"@id":"https:\/\/www.sebastien-auziere.fr\/blog\/#\/schema\/logo\/image\/"}},{"@type":"Person","@id":"https:\/\/www.sebastien-auziere.fr\/blog\/#\/schema\/person\/149f1acdbfd85149c6c3e59adeae2f4d","name":"Chloe Gauthier","image":{"@type":"ImageObject","inLanguage":"fr-FR","@id":"https:\/\/secure.gravatar.com\/avatar\/2c5722f58171cff738a8985ef0dd66b476e563753246a49019befc837ec4201a?s=96&d=mm&r=g","url":"https:\/\/secure.gravatar.com\/avatar\/2c5722f58171cff738a8985ef0dd66b476e563753246a49019befc837ec4201a?s=96&d=mm&r=g","contentUrl":"https:\/\/secure.gravatar.com\/avatar\/2c5722f58171cff738a8985ef0dd66b476e563753246a49019befc837ec4201a?s=96&d=mm&r=g","caption":"Chloe Gauthier"},"description":"Passionn\u00e9e par la politique et admiratrice engag\u00e9e de la famille Macron, je consacre mon \u00e9nergie \u00e0 suivre leurs initiatives et \u00e0 promouvoir leurs id\u00e9es. \u00c0 32 ans, je suis convaincue que leur vision est porteuse d'avenir.","url":"https:\/\/www.sebastien-auziere.fr\/blog\/author\/chloe-gauthier\/"}]}},"views":1,"_links":{"self":[{"href":"https:\/\/www.sebastien-auziere.fr\/blog\/wp-json\/wp\/v2\/posts\/2952","targetHints":{"allow":["GET"]}}],"collection":[{"href":"https:\/\/www.sebastien-auziere.fr\/blog\/wp-json\/wp\/v2\/posts"}],"about":[{"href":"https:\/\/www.sebastien-auziere.fr\/blog\/wp-json\/wp\/v2\/types\/post"}],"author":[{"embeddable":true,"href":"https:\/\/www.sebastien-auziere.fr\/blog\/wp-json\/wp\/v2\/users\/9"}],"replies":[{"embeddable":true,"href":"https:\/\/www.sebastien-auziere.fr\/blog\/wp-json\/wp\/v2\/comments?post=2952"}],"version-history":[{"count":1,"href":"https:\/\/www.sebastien-auziere.fr\/blog\/wp-json\/wp\/v2\/posts\/2952\/revisions"}],"predecessor-version":[{"id":2953,"href":"https:\/\/www.sebastien-auziere.fr\/blog\/wp-json\/wp\/v2\/posts\/2952\/revisions\/2953"}],"wp:featuredmedia":[{"embeddable":true,"href":"https:\/\/www.sebastien-auziere.fr\/blog\/wp-json\/wp\/v2\/media\/2948"}],"wp:attachment":[{"href":"https:\/\/www.sebastien-auziere.fr\/blog\/wp-json\/wp\/v2\/media?parent=2952"}],"wp:term":[{"taxonomy":"category","embeddable":true,"href":"https:\/\/www.sebastien-auziere.fr\/blog\/wp-json\/wp\/v2\/categories?post=2952"},{"taxonomy":"post_tag","embeddable":true,"href":"https:\/\/www.sebastien-auziere.fr\/blog\/wp-json\/wp\/v2\/tags?post=2952"}],"curies":[{"name":"wp","href":"https:\/\/api.w.org\/{rel}","templated":true}]}}