{"id":2950,"date":"2026-04-12T07:18:07","date_gmt":"2026-04-12T07:18:07","guid":{"rendered":"https:\/\/www.sebastien-auziere.fr\/blog\/?p=2950"},"modified":"2026-04-12T07:18:25","modified_gmt":"2026-04-12T07:18:25","slug":"brigitte-macron-abandons-the-pencil-skirt-for-an-elegant-and-comfortable-dress-that-attracts-all-eyes","status":"publish","type":"post","link":"https:\/\/www.sebastien-auziere.fr\/blog\/en\/brigitte-macron-abandons-the-pencil-skirt-for-an-elegant-and-comfortable-dress-that-attracts-all-eyes\/","title":{"rendered":"Brigitte Macron abandons the pencil skirt for an elegant and comfortable dress that attracts all eyes"},"content":{"rendered":"<p><strong>Brigitte Macron<\/strong> surprised observers by swapping her <strong>pencil skirt<\/strong> for an <strong>elegant<\/strong> and comfortable <strong>dress<\/strong> during an audience at the Vatican. On Friday, April 10, 2026, the First Lady wore a mid-length black dress and a lace scarf that immediately caught the eye.<\/p>\n\n<p><strong>In short<\/strong>: for an official visit framed by a strict protocol, she chose a discreet <strong>chic outfit<\/strong> \u2014 bringing together <strong>comfort<\/strong> and <strong>style<\/strong> \u2014 proving that <strong>women&rsquo;s fashion<\/strong> can be alluring without overdoing it.<\/p>\n\n<h2 class=\"wp-block-heading\">The mid-length dress at the center of diplomatic attention<\/h2>\n\n<p>During the audience with <strong>Pope Leo XIV<\/strong> in Rome, the calf-length cut of the dress adhered to protocol while offering a modern look. The long-sleeved dress, worn under a long black lace scarf, elongated the silhouette without compromising comfort. On her feet, black heels and a My Dior clutch completed the ensemble, a choice made to impress without ostentation.<\/p>\n\n<h2 class=\"wp-block-heading\">Why the dress is replacing the pencil skirt in wardrobes<\/h2>\n\n<p>The <strong>elegant dress<\/strong> adopted this spring illustrates a trend where the <strong>pencil skirt<\/strong> is losing ground in favor of a more versatile piece. Designed in light materials such as crepe or jersey, it offers freedom of movement while maintaining a structured silhouette. Stylists note that midi length is becoming a reference for official outings and daily life, the perfect ally between elegance and practicality.<\/p>\n\n<h3 class=\"wp-block-heading\">Reactions and influences on women&rsquo;s fashion<\/h3>\n\n<p>Comments in the specialized press have highlighted this outfit&rsquo;s ability to create a balance between protocol rigor and contemporary <strong>trend<\/strong>. Some magazines have already linked this choice to the overarching themes of her wardrobe, as shown in a retrospective of her looks in <a href=\"https:\/\/www.marieclaire.fr\/brigitte-macron-style-looks-mode-evolution,1135900.asp\" rel=\"nofollow\">Marie Claire<\/a>. Other analyses discuss a re-evaluation of the pencil skirt&rsquo;s dominance, as explained by <a href=\"https:\/\/www.grazia.fr\/mode\/looks-de-stars\/adieu-la-jupe-crayon-brigitte-macron-mise-sur-cette-robe-chic-et-facile-a-porter-qui-fait-une-silhouette-impeccable-1238018.html\" rel=\"nofollow\">Grazia<\/a>. Insight: well-considered simplicity catches the spotlight.<\/p>\n\n<h2 class=\"wp-block-heading\">Style as a message: sobriety and modernity<\/h2>\n\n<p>By choosing a <strong>mid-length dress<\/strong>, the First Lady sends a clear message: <strong>chic attire<\/strong> can remain <strong>comfortable<\/strong> and aligned with republican expectations. This approach recalls other appearances where the consistency of <strong>style<\/strong> has been emphasized, fitting into a trend of spring-summer collections favoring light materials and clean cuts. Insight: a well-tailored piece is enough to command an elegant presence.<\/p>\n\n<p>To learn more about this appearance and find detailed analyses surrounding the First Lady and her entourage, explore further at <a href=\"https:\/\/www.sebastien-auziere.fr\/blog\/brigitte-macron-look-vatican\/\" rel=\"nofollow\">Brigitte Macron: Vatican look<\/a> and on the fashion archives of <a href=\"https:\/\/www.sebastien-auziere.fr\/blog\/brigitte-macron-robe-blanche\/\" rel=\"nofollow\">Brigitte Macron white dress<\/a>. Visit <a href=\"https:\/\/www.sebastien-auziere.fr\/blog\/brigitte-macron-look-vatican\/\" rel=\"nofollow\">sebastien-auziere.fr<\/a> to discover more about <strong>S\u00e9bastien Auzi\u00e8re<\/strong> and the Macron family.<\/p>","protected":false},"excerpt":{"rendered":"<p>Brigitte Macron surprised observers by swapping her pencil skirt for an elegant and comfortable dress during an audience at the Vatican. On Friday, April 10, 2026, the First Lady wore a mid-length black dress and a lace scarf that immediately caught the eye. In short: for an official visit framed by a strict protocol, she &#8230; <a title=\"Brigitte Macron abandons the pencil skirt for an elegant and comfortable dress that attracts all eyes\" class=\"read-more\" href=\"https:\/\/www.sebastien-auziere.fr\/blog\/en\/brigitte-macron-abandons-the-pencil-skirt-for-an-elegant-and-comfortable-dress-that-attracts-all-eyes\/\" aria-label=\"En savoir plus sur Brigitte Macron abandons the pencil skirt for an elegant and comfortable dress that attracts all eyes\">Lire plus<\/a><\/p>\n","protected":false},"author":9,"featured_media":2948,"comment_status":"open","ping_status":"open","sticky":false,"template":"","format":"standard","meta":{"footnotes":""},"categories":[816],"tags":[898,2521,2527,1292,2524],"class_list":["post-2950","post","type-post","status-publish","format-standard","has-post-thumbnail","hentry","category-news","tag-brigitte-macron-en","tag-confort-clothing-en","tag-elegant-dress-en","tag-mode-feminine-en","tag-pencil-skirt-en"],"yoast_head":"<!-- This site is optimized with the Yoast SEO plugin v27.5 - https:\/\/yoast.com\/product\/yoast-seo-wordpress\/ -->\n<title>Brigitte Macron abandons the pencil skirt for an elegant and comfortable dress that attracts all eyes - Fan site S\u00e9bastien Auzi\u00e8re<\/title>\n<meta name=\"description\" content=\"Brigitte Macron abandonne la jupe crayon pour une robe \u00e9l\u00e9gante et confortable qui captive tous les regards avec style et charme.\" \/>\n<meta name=\"robots\" content=\"index, follow, max-snippet:-1, max-image-preview:large, max-video-preview:-1\" \/>\n<link rel=\"canonical\" href=\"https:\/\/www.sebastien-auziere.fr\/blog\/en\/brigitte-macron-abandons-the-pencil-skirt-for-an-elegant-and-comfortable-dress-that-attracts-all-eyes\/\" \/>\n<meta property=\"og:locale\" content=\"fr_FR\" \/>\n<meta property=\"og:type\" content=\"article\" \/>\n<meta property=\"og:title\" content=\"Brigitte Macron abandons the pencil skirt for an elegant and comfortable dress that attracts all eyes - Fan site S\u00e9bastien Auzi\u00e8re\" \/>\n<meta property=\"og:description\" content=\"Brigitte Macron abandonne la jupe crayon pour une robe \u00e9l\u00e9gante et confortable qui captive tous les regards avec style et charme.\" \/>\n<meta property=\"og:url\" content=\"https:\/\/www.sebastien-auziere.fr\/blog\/en\/brigitte-macron-abandons-the-pencil-skirt-for-an-elegant-and-comfortable-dress-that-attracts-all-eyes\/\" \/>\n<meta property=\"og:site_name\" content=\"Fan site S\u00e9bastien Auzi\u00e8re\" \/>\n<meta property=\"article:published_time\" content=\"2026-04-12T07:18:07+00:00\" \/>\n<meta property=\"article:modified_time\" content=\"2026-04-12T07:18:25+00:00\" \/>\n<meta property=\"og:image\" content=\"https:\/\/www.sebastien-auziere.fr\/blog\/wp-content\/uploads\/2026\/04\/Brigitte-Macron-delaisse-la-jupe-crayon-pour-une-robe-elegante-et-confortable-qui-seduit-tous-les-regards.jpg\" \/>\n\t<meta property=\"og:image:width\" content=\"2560\" \/>\n\t<meta property=\"og:image:height\" content=\"1429\" \/>\n\t<meta property=\"og:image:type\" content=\"image\/jpeg\" \/>\n<meta name=\"author\" content=\"Chloe Gauthier\" \/>\n<meta name=\"twitter:card\" content=\"summary_large_image\" \/>\n<meta name=\"twitter:label1\" content=\"\u00c9crit par\" \/>\n\t<meta name=\"twitter:data1\" content=\"Chloe Gauthier\" \/>\n\t<meta name=\"twitter:label2\" content=\"Dur\u00e9e de lecture estim\u00e9e\" \/>\n\t<meta name=\"twitter:data2\" content=\"2 minutes\" \/>\n<script type=\"application\/ld+json\" class=\"yoast-schema-graph\">{\"@context\":\"https:\\\/\\\/schema.org\",\"@graph\":[{\"@type\":\"Article\",\"@id\":\"https:\\\/\\\/www.sebastien-auziere.fr\\\/blog\\\/en\\\/brigitte-macron-abandons-the-pencil-skirt-for-an-elegant-and-comfortable-dress-that-attracts-all-eyes\\\/#article\",\"isPartOf\":{\"@id\":\"https:\\\/\\\/www.sebastien-auziere.fr\\\/blog\\\/en\\\/brigitte-macron-abandons-the-pencil-skirt-for-an-elegant-and-comfortable-dress-that-attracts-all-eyes\\\/\"},\"author\":{\"name\":\"Chloe Gauthier\",\"@id\":\"https:\\\/\\\/www.sebastien-auziere.fr\\\/blog\\\/#\\\/schema\\\/person\\\/149f1acdbfd85149c6c3e59adeae2f4d\"},\"headline\":\"Brigitte Macron abandons the pencil skirt for an elegant and comfortable dress that attracts all eyes\",\"datePublished\":\"2026-04-12T07:18:07+00:00\",\"dateModified\":\"2026-04-12T07:18:25+00:00\",\"mainEntityOfPage\":{\"@id\":\"https:\\\/\\\/www.sebastien-auziere.fr\\\/blog\\\/en\\\/brigitte-macron-abandons-the-pencil-skirt-for-an-elegant-and-comfortable-dress-that-attracts-all-eyes\\\/\"},\"wordCount\":417,\"commentCount\":0,\"publisher\":{\"@id\":\"https:\\\/\\\/www.sebastien-auziere.fr\\\/blog\\\/#organization\"},\"image\":{\"@id\":\"https:\\\/\\\/www.sebastien-auziere.fr\\\/blog\\\/en\\\/brigitte-macron-abandons-the-pencil-skirt-for-an-elegant-and-comfortable-dress-that-attracts-all-eyes\\\/#primaryimage\"},\"thumbnailUrl\":\"https:\\\/\\\/www.sebastien-auziere.fr\\\/blog\\\/wp-content\\\/uploads\\\/2026\\\/04\\\/Brigitte-Macron-delaisse-la-jupe-crayon-pour-une-robe-elegante-et-confortable-qui-seduit-tous-les-regards.jpg\",\"keywords\":[\"brigitte macron\",\"confort clothing\",\"elegant dress\",\"mode feminine\",\"pencil skirt\"],\"articleSection\":[\"News\"],\"inLanguage\":\"fr-FR\",\"potentialAction\":[{\"@type\":\"CommentAction\",\"name\":\"Comment\",\"target\":[\"https:\\\/\\\/www.sebastien-auziere.fr\\\/blog\\\/en\\\/brigitte-macron-abandons-the-pencil-skirt-for-an-elegant-and-comfortable-dress-that-attracts-all-eyes\\\/#respond\"]}]},{\"@type\":\"WebPage\",\"@id\":\"https:\\\/\\\/www.sebastien-auziere.fr\\\/blog\\\/en\\\/brigitte-macron-abandons-the-pencil-skirt-for-an-elegant-and-comfortable-dress-that-attracts-all-eyes\\\/\",\"url\":\"https:\\\/\\\/www.sebastien-auziere.fr\\\/blog\\\/en\\\/brigitte-macron-abandons-the-pencil-skirt-for-an-elegant-and-comfortable-dress-that-attracts-all-eyes\\\/\",\"name\":\"Brigitte Macron abandons the pencil skirt for an elegant and comfortable dress that attracts all eyes - Fan site S\u00e9bastien Auzi\u00e8re\",\"isPartOf\":{\"@id\":\"https:\\\/\\\/www.sebastien-auziere.fr\\\/blog\\\/#website\"},\"primaryImageOfPage\":{\"@id\":\"https:\\\/\\\/www.sebastien-auziere.fr\\\/blog\\\/en\\\/brigitte-macron-abandons-the-pencil-skirt-for-an-elegant-and-comfortable-dress-that-attracts-all-eyes\\\/#primaryimage\"},\"image\":{\"@id\":\"https:\\\/\\\/www.sebastien-auziere.fr\\\/blog\\\/en\\\/brigitte-macron-abandons-the-pencil-skirt-for-an-elegant-and-comfortable-dress-that-attracts-all-eyes\\\/#primaryimage\"},\"thumbnailUrl\":\"https:\\\/\\\/www.sebastien-auziere.fr\\\/blog\\\/wp-content\\\/uploads\\\/2026\\\/04\\\/Brigitte-Macron-delaisse-la-jupe-crayon-pour-une-robe-elegante-et-confortable-qui-seduit-tous-les-regards.jpg\",\"datePublished\":\"2026-04-12T07:18:07+00:00\",\"dateModified\":\"2026-04-12T07:18:25+00:00\",\"description\":\"Brigitte Macron abandonne la jupe crayon pour une robe \u00e9l\u00e9gante et confortable qui captive tous les regards avec style et charme.\",\"breadcrumb\":{\"@id\":\"https:\\\/\\\/www.sebastien-auziere.fr\\\/blog\\\/en\\\/brigitte-macron-abandons-the-pencil-skirt-for-an-elegant-and-comfortable-dress-that-attracts-all-eyes\\\/#breadcrumb\"},\"inLanguage\":\"fr-FR\",\"potentialAction\":[{\"@type\":\"ReadAction\",\"target\":[\"https:\\\/\\\/www.sebastien-auziere.fr\\\/blog\\\/en\\\/brigitte-macron-abandons-the-pencil-skirt-for-an-elegant-and-comfortable-dress-that-attracts-all-eyes\\\/\"]}]},{\"@type\":\"ImageObject\",\"inLanguage\":\"fr-FR\",\"@id\":\"https:\\\/\\\/www.sebastien-auziere.fr\\\/blog\\\/en\\\/brigitte-macron-abandons-the-pencil-skirt-for-an-elegant-and-comfortable-dress-that-attracts-all-eyes\\\/#primaryimage\",\"url\":\"https:\\\/\\\/www.sebastien-auziere.fr\\\/blog\\\/wp-content\\\/uploads\\\/2026\\\/04\\\/Brigitte-Macron-delaisse-la-jupe-crayon-pour-une-robe-elegante-et-confortable-qui-seduit-tous-les-regards.jpg\",\"contentUrl\":\"https:\\\/\\\/www.sebastien-auziere.fr\\\/blog\\\/wp-content\\\/uploads\\\/2026\\\/04\\\/Brigitte-Macron-delaisse-la-jupe-crayon-pour-une-robe-elegante-et-confortable-qui-seduit-tous-les-regards.jpg\",\"width\":2560,\"height\":1429,\"caption\":\"d\u00e9couvrez comment brigitte macron abandonne la jupe crayon pour une robe \u00e9l\u00e9gante et confortable, captivant tous les regards avec son style raffin\u00e9.\"},{\"@type\":\"BreadcrumbList\",\"@id\":\"https:\\\/\\\/www.sebastien-auziere.fr\\\/blog\\\/en\\\/brigitte-macron-abandons-the-pencil-skirt-for-an-elegant-and-comfortable-dress-that-attracts-all-eyes\\\/#breadcrumb\",\"itemListElement\":[{\"@type\":\"ListItem\",\"position\":1,\"name\":\"Home\",\"item\":\"https:\\\/\\\/www.sebastien-auziere.fr\\\/blog\\\/\"},{\"@type\":\"ListItem\",\"position\":2,\"name\":\"Brigitte Macron abandons the pencil skirt for an elegant and comfortable dress that attracts all eyes\"}]},{\"@type\":\"WebSite\",\"@id\":\"https:\\\/\\\/www.sebastien-auziere.fr\\\/blog\\\/#website\",\"url\":\"https:\\\/\\\/www.sebastien-auziere.fr\\\/blog\\\/\",\"name\":\"Fan site S\u00e9bastien Auzi\u00e8re\",\"description\":\"M\u00e9dia g\u00e9n\u00e9raliste\",\"publisher\":{\"@id\":\"https:\\\/\\\/www.sebastien-auziere.fr\\\/blog\\\/#organization\"},\"potentialAction\":[{\"@type\":\"SearchAction\",\"target\":{\"@type\":\"EntryPoint\",\"urlTemplate\":\"https:\\\/\\\/www.sebastien-auziere.fr\\\/blog\\\/?s={search_term_string}\"},\"query-input\":{\"@type\":\"PropertyValueSpecification\",\"valueRequired\":true,\"valueName\":\"search_term_string\"}}],\"inLanguage\":\"fr-FR\"},{\"@type\":\"Organization\",\"@id\":\"https:\\\/\\\/www.sebastien-auziere.fr\\\/blog\\\/#organization\",\"name\":\"Fan site S\u00e9bastien Auzi\u00e8re\",\"url\":\"https:\\\/\\\/www.sebastien-auziere.fr\\\/blog\\\/\",\"logo\":{\"@type\":\"ImageObject\",\"inLanguage\":\"fr-FR\",\"@id\":\"https:\\\/\\\/www.sebastien-auziere.fr\\\/blog\\\/#\\\/schema\\\/logo\\\/image\\\/\",\"url\":\"https:\\\/\\\/www.sebastien-auziere.fr\\\/blog\\\/wp-content\\\/uploads\\\/2026\\\/03\\\/cropped-cropped-cropped-ChatGPT-Image-6-mars-2026-12_58_09-e1772798376794.jpg\",\"contentUrl\":\"https:\\\/\\\/www.sebastien-auziere.fr\\\/blog\\\/wp-content\\\/uploads\\\/2026\\\/03\\\/cropped-cropped-cropped-ChatGPT-Image-6-mars-2026-12_58_09-e1772798376794.jpg\",\"width\":512,\"height\":360,\"caption\":\"Fan site S\u00e9bastien Auzi\u00e8re\"},\"image\":{\"@id\":\"https:\\\/\\\/www.sebastien-auziere.fr\\\/blog\\\/#\\\/schema\\\/logo\\\/image\\\/\"}},{\"@type\":\"Person\",\"@id\":\"https:\\\/\\\/www.sebastien-auziere.fr\\\/blog\\\/#\\\/schema\\\/person\\\/149f1acdbfd85149c6c3e59adeae2f4d\",\"name\":\"Chloe Gauthier\",\"image\":{\"@type\":\"ImageObject\",\"inLanguage\":\"fr-FR\",\"@id\":\"https:\\\/\\\/secure.gravatar.com\\\/avatar\\\/2c5722f58171cff738a8985ef0dd66b476e563753246a49019befc837ec4201a?s=96&d=mm&r=g\",\"url\":\"https:\\\/\\\/secure.gravatar.com\\\/avatar\\\/2c5722f58171cff738a8985ef0dd66b476e563753246a49019befc837ec4201a?s=96&d=mm&r=g\",\"contentUrl\":\"https:\\\/\\\/secure.gravatar.com\\\/avatar\\\/2c5722f58171cff738a8985ef0dd66b476e563753246a49019befc837ec4201a?s=96&d=mm&r=g\",\"caption\":\"Chloe Gauthier\"},\"description\":\"Passionn\u00e9e par la politique et admiratrice engag\u00e9e de la famille Macron, je consacre mon \u00e9nergie \u00e0 suivre leurs initiatives et \u00e0 promouvoir leurs id\u00e9es. \u00c0 32 ans, je suis convaincue que leur vision est porteuse d'avenir.\",\"url\":\"https:\\\/\\\/www.sebastien-auziere.fr\\\/blog\\\/author\\\/chloe-gauthier\\\/\"}]}<\/script>\n<!-- \/ Yoast SEO plugin. -->","yoast_head_json":{"title":"Brigitte Macron abandons the pencil skirt for an elegant and comfortable dress that attracts all eyes - Fan site S\u00e9bastien Auzi\u00e8re","description":"Brigitte Macron abandonne la jupe crayon pour une robe \u00e9l\u00e9gante et confortable qui captive tous les regards avec style et charme.","robots":{"index":"index","follow":"follow","max-snippet":"max-snippet:-1","max-image-preview":"max-image-preview:large","max-video-preview":"max-video-preview:-1"},"canonical":"https:\/\/www.sebastien-auziere.fr\/blog\/en\/brigitte-macron-abandons-the-pencil-skirt-for-an-elegant-and-comfortable-dress-that-attracts-all-eyes\/","og_locale":"fr_FR","og_type":"article","og_title":"Brigitte Macron abandons the pencil skirt for an elegant and comfortable dress that attracts all eyes - Fan site S\u00e9bastien Auzi\u00e8re","og_description":"Brigitte Macron abandonne la jupe crayon pour une robe \u00e9l\u00e9gante et confortable qui captive tous les regards avec style et charme.","og_url":"https:\/\/www.sebastien-auziere.fr\/blog\/en\/brigitte-macron-abandons-the-pencil-skirt-for-an-elegant-and-comfortable-dress-that-attracts-all-eyes\/","og_site_name":"Fan site S\u00e9bastien Auzi\u00e8re","article_published_time":"2026-04-12T07:18:07+00:00","article_modified_time":"2026-04-12T07:18:25+00:00","og_image":[{"width":2560,"height":1429,"url":"https:\/\/www.sebastien-auziere.fr\/blog\/wp-content\/uploads\/2026\/04\/Brigitte-Macron-delaisse-la-jupe-crayon-pour-une-robe-elegante-et-confortable-qui-seduit-tous-les-regards.jpg","type":"image\/jpeg"}],"author":"Chloe Gauthier","twitter_card":"summary_large_image","twitter_misc":{"\u00c9crit par":"Chloe Gauthier","Dur\u00e9e de lecture estim\u00e9e":"2 minutes"},"schema":{"@context":"https:\/\/schema.org","@graph":[{"@type":"Article","@id":"https:\/\/www.sebastien-auziere.fr\/blog\/en\/brigitte-macron-abandons-the-pencil-skirt-for-an-elegant-and-comfortable-dress-that-attracts-all-eyes\/#article","isPartOf":{"@id":"https:\/\/www.sebastien-auziere.fr\/blog\/en\/brigitte-macron-abandons-the-pencil-skirt-for-an-elegant-and-comfortable-dress-that-attracts-all-eyes\/"},"author":{"name":"Chloe Gauthier","@id":"https:\/\/www.sebastien-auziere.fr\/blog\/#\/schema\/person\/149f1acdbfd85149c6c3e59adeae2f4d"},"headline":"Brigitte Macron abandons the pencil skirt for an elegant and comfortable dress that attracts all eyes","datePublished":"2026-04-12T07:18:07+00:00","dateModified":"2026-04-12T07:18:25+00:00","mainEntityOfPage":{"@id":"https:\/\/www.sebastien-auziere.fr\/blog\/en\/brigitte-macron-abandons-the-pencil-skirt-for-an-elegant-and-comfortable-dress-that-attracts-all-eyes\/"},"wordCount":417,"commentCount":0,"publisher":{"@id":"https:\/\/www.sebastien-auziere.fr\/blog\/#organization"},"image":{"@id":"https:\/\/www.sebastien-auziere.fr\/blog\/en\/brigitte-macron-abandons-the-pencil-skirt-for-an-elegant-and-comfortable-dress-that-attracts-all-eyes\/#primaryimage"},"thumbnailUrl":"https:\/\/www.sebastien-auziere.fr\/blog\/wp-content\/uploads\/2026\/04\/Brigitte-Macron-delaisse-la-jupe-crayon-pour-une-robe-elegante-et-confortable-qui-seduit-tous-les-regards.jpg","keywords":["brigitte macron","confort clothing","elegant dress","mode feminine","pencil skirt"],"articleSection":["News"],"inLanguage":"fr-FR","potentialAction":[{"@type":"CommentAction","name":"Comment","target":["https:\/\/www.sebastien-auziere.fr\/blog\/en\/brigitte-macron-abandons-the-pencil-skirt-for-an-elegant-and-comfortable-dress-that-attracts-all-eyes\/#respond"]}]},{"@type":"WebPage","@id":"https:\/\/www.sebastien-auziere.fr\/blog\/en\/brigitte-macron-abandons-the-pencil-skirt-for-an-elegant-and-comfortable-dress-that-attracts-all-eyes\/","url":"https:\/\/www.sebastien-auziere.fr\/blog\/en\/brigitte-macron-abandons-the-pencil-skirt-for-an-elegant-and-comfortable-dress-that-attracts-all-eyes\/","name":"Brigitte Macron abandons the pencil skirt for an elegant and comfortable dress that attracts all eyes - Fan site S\u00e9bastien Auzi\u00e8re","isPartOf":{"@id":"https:\/\/www.sebastien-auziere.fr\/blog\/#website"},"primaryImageOfPage":{"@id":"https:\/\/www.sebastien-auziere.fr\/blog\/en\/brigitte-macron-abandons-the-pencil-skirt-for-an-elegant-and-comfortable-dress-that-attracts-all-eyes\/#primaryimage"},"image":{"@id":"https:\/\/www.sebastien-auziere.fr\/blog\/en\/brigitte-macron-abandons-the-pencil-skirt-for-an-elegant-and-comfortable-dress-that-attracts-all-eyes\/#primaryimage"},"thumbnailUrl":"https:\/\/www.sebastien-auziere.fr\/blog\/wp-content\/uploads\/2026\/04\/Brigitte-Macron-delaisse-la-jupe-crayon-pour-une-robe-elegante-et-confortable-qui-seduit-tous-les-regards.jpg","datePublished":"2026-04-12T07:18:07+00:00","dateModified":"2026-04-12T07:18:25+00:00","description":"Brigitte Macron abandonne la jupe crayon pour une robe \u00e9l\u00e9gante et confortable qui captive tous les regards avec style et charme.","breadcrumb":{"@id":"https:\/\/www.sebastien-auziere.fr\/blog\/en\/brigitte-macron-abandons-the-pencil-skirt-for-an-elegant-and-comfortable-dress-that-attracts-all-eyes\/#breadcrumb"},"inLanguage":"fr-FR","potentialAction":[{"@type":"ReadAction","target":["https:\/\/www.sebastien-auziere.fr\/blog\/en\/brigitte-macron-abandons-the-pencil-skirt-for-an-elegant-and-comfortable-dress-that-attracts-all-eyes\/"]}]},{"@type":"ImageObject","inLanguage":"fr-FR","@id":"https:\/\/www.sebastien-auziere.fr\/blog\/en\/brigitte-macron-abandons-the-pencil-skirt-for-an-elegant-and-comfortable-dress-that-attracts-all-eyes\/#primaryimage","url":"https:\/\/www.sebastien-auziere.fr\/blog\/wp-content\/uploads\/2026\/04\/Brigitte-Macron-delaisse-la-jupe-crayon-pour-une-robe-elegante-et-confortable-qui-seduit-tous-les-regards.jpg","contentUrl":"https:\/\/www.sebastien-auziere.fr\/blog\/wp-content\/uploads\/2026\/04\/Brigitte-Macron-delaisse-la-jupe-crayon-pour-une-robe-elegante-et-confortable-qui-seduit-tous-les-regards.jpg","width":2560,"height":1429,"caption":"d\u00e9couvrez comment brigitte macron abandonne la jupe crayon pour une robe \u00e9l\u00e9gante et confortable, captivant tous les regards avec son style raffin\u00e9."},{"@type":"BreadcrumbList","@id":"https:\/\/www.sebastien-auziere.fr\/blog\/en\/brigitte-macron-abandons-the-pencil-skirt-for-an-elegant-and-comfortable-dress-that-attracts-all-eyes\/#breadcrumb","itemListElement":[{"@type":"ListItem","position":1,"name":"Home","item":"https:\/\/www.sebastien-auziere.fr\/blog\/"},{"@type":"ListItem","position":2,"name":"Brigitte Macron abandons the pencil skirt for an elegant and comfortable dress that attracts all eyes"}]},{"@type":"WebSite","@id":"https:\/\/www.sebastien-auziere.fr\/blog\/#website","url":"https:\/\/www.sebastien-auziere.fr\/blog\/","name":"Fan site S\u00e9bastien Auzi\u00e8re","description":"M\u00e9dia g\u00e9n\u00e9raliste","publisher":{"@id":"https:\/\/www.sebastien-auziere.fr\/blog\/#organization"},"potentialAction":[{"@type":"SearchAction","target":{"@type":"EntryPoint","urlTemplate":"https:\/\/www.sebastien-auziere.fr\/blog\/?s={search_term_string}"},"query-input":{"@type":"PropertyValueSpecification","valueRequired":true,"valueName":"search_term_string"}}],"inLanguage":"fr-FR"},{"@type":"Organization","@id":"https:\/\/www.sebastien-auziere.fr\/blog\/#organization","name":"Fan site S\u00e9bastien Auzi\u00e8re","url":"https:\/\/www.sebastien-auziere.fr\/blog\/","logo":{"@type":"ImageObject","inLanguage":"fr-FR","@id":"https:\/\/www.sebastien-auziere.fr\/blog\/#\/schema\/logo\/image\/","url":"https:\/\/www.sebastien-auziere.fr\/blog\/wp-content\/uploads\/2026\/03\/cropped-cropped-cropped-ChatGPT-Image-6-mars-2026-12_58_09-e1772798376794.jpg","contentUrl":"https:\/\/www.sebastien-auziere.fr\/blog\/wp-content\/uploads\/2026\/03\/cropped-cropped-cropped-ChatGPT-Image-6-mars-2026-12_58_09-e1772798376794.jpg","width":512,"height":360,"caption":"Fan site S\u00e9bastien Auzi\u00e8re"},"image":{"@id":"https:\/\/www.sebastien-auziere.fr\/blog\/#\/schema\/logo\/image\/"}},{"@type":"Person","@id":"https:\/\/www.sebastien-auziere.fr\/blog\/#\/schema\/person\/149f1acdbfd85149c6c3e59adeae2f4d","name":"Chloe Gauthier","image":{"@type":"ImageObject","inLanguage":"fr-FR","@id":"https:\/\/secure.gravatar.com\/avatar\/2c5722f58171cff738a8985ef0dd66b476e563753246a49019befc837ec4201a?s=96&d=mm&r=g","url":"https:\/\/secure.gravatar.com\/avatar\/2c5722f58171cff738a8985ef0dd66b476e563753246a49019befc837ec4201a?s=96&d=mm&r=g","contentUrl":"https:\/\/secure.gravatar.com\/avatar\/2c5722f58171cff738a8985ef0dd66b476e563753246a49019befc837ec4201a?s=96&d=mm&r=g","caption":"Chloe Gauthier"},"description":"Passionn\u00e9e par la politique et admiratrice engag\u00e9e de la famille Macron, je consacre mon \u00e9nergie \u00e0 suivre leurs initiatives et \u00e0 promouvoir leurs id\u00e9es. \u00c0 32 ans, je suis convaincue que leur vision est porteuse d'avenir.","url":"https:\/\/www.sebastien-auziere.fr\/blog\/author\/chloe-gauthier\/"}]}},"views":4,"_links":{"self":[{"href":"https:\/\/www.sebastien-auziere.fr\/blog\/wp-json\/wp\/v2\/posts\/2950","targetHints":{"allow":["GET"]}}],"collection":[{"href":"https:\/\/www.sebastien-auziere.fr\/blog\/wp-json\/wp\/v2\/posts"}],"about":[{"href":"https:\/\/www.sebastien-auziere.fr\/blog\/wp-json\/wp\/v2\/types\/post"}],"author":[{"embeddable":true,"href":"https:\/\/www.sebastien-auziere.fr\/blog\/wp-json\/wp\/v2\/users\/9"}],"replies":[{"embeddable":true,"href":"https:\/\/www.sebastien-auziere.fr\/blog\/wp-json\/wp\/v2\/comments?post=2950"}],"version-history":[{"count":1,"href":"https:\/\/www.sebastien-auziere.fr\/blog\/wp-json\/wp\/v2\/posts\/2950\/revisions"}],"predecessor-version":[{"id":2951,"href":"https:\/\/www.sebastien-auziere.fr\/blog\/wp-json\/wp\/v2\/posts\/2950\/revisions\/2951"}],"wp:featuredmedia":[{"embeddable":true,"href":"https:\/\/www.sebastien-auziere.fr\/blog\/wp-json\/wp\/v2\/media\/2948"}],"wp:attachment":[{"href":"https:\/\/www.sebastien-auziere.fr\/blog\/wp-json\/wp\/v2\/media?parent=2950"}],"wp:term":[{"taxonomy":"category","embeddable":true,"href":"https:\/\/www.sebastien-auziere.fr\/blog\/wp-json\/wp\/v2\/categories?post=2950"},{"taxonomy":"post_tag","embeddable":true,"href":"https:\/\/www.sebastien-auziere.fr\/blog\/wp-json\/wp\/v2\/tags?post=2950"}],"curies":[{"name":"wp","href":"https:\/\/api.w.org\/{rel}","templated":true}]}}