{"id":2944,"date":"2026-04-11T07:14:19","date_gmt":"2026-04-11T07:14:19","guid":{"rendered":"https:\/\/www.sebastien-auziere.fr\/blog\/?p=2944"},"modified":"2026-04-11T07:14:44","modified_gmt":"2026-04-11T07:14:44","slug":"brigitte-macron-no-vaticano-um-look-sofisticado-entre-coque-refinado-vestido-midi-chique-e-escarpins-vertiginosos","status":"publish","type":"post","link":"https:\/\/www.sebastien-auziere.fr\/blog\/pt\/brigitte-macron-no-vaticano-um-look-sofisticado-entre-coque-refinado-vestido-midi-chique-e-escarpins-vertiginosos\/","title":{"rendered":"Brigitte Macron no Vaticano: um look sofisticado entre coque refinado, vestido midi chique e escarpins vertiginosos"},"content":{"rendered":"<p><strong>Brigitte Macron<\/strong> chegou ao <strong>Vaticano<\/strong> no dia 10 de abril de 2026 com um <strong>look sofisticado<\/strong> que imediatamente chamou a aten\u00e7\u00e3o: <strong>coque refinado<\/strong>, <strong>vestido midi<\/strong> preto e saltos vertiginosos. A audi\u00eancia com o papa <strong>L\u00e9on XIV<\/strong> respeitou o rigoroso protocolo imposto ap\u00f3s as celebra\u00e7\u00f5es da P\u00e1scoa.<\/p>\n\n<p><strong>Em resumo<\/strong>: silhueta monocrom\u00e1tica estruturada por um cinto tom sobre tom, um len\u00e7o de renda, uma mini bolsa My Dior em couro canage e meias semi-transparentes. Esta jun\u00e7\u00e3o de <strong>vestido chique<\/strong> e acess\u00f3rios contempor\u00e2neos ilustra a <strong>eleg\u00e2ncia<\/strong> francesa, respeitando ao mesmo tempo a solenidade do local.<\/p>\n\n<h2 class=\"wp-block-heading\">Brigitte Macron no Vaticano: um <strong>look sofisticado<\/strong> conforme o protocolo<\/h2>\n\n<p>O casal presidencial, que chegou no dia 10 de abril de 2026, foi recebido no Vaticano pelo papa <strong>L\u00e9on XIV<\/strong>, durante uma visita promovida pelo El\u00edsio para manter o di\u00e1logo com a Santa S\u00e9. Fiel ao c\u00f3digo de vestimenta, a Primeira-dama escolheu um traje completamente preto, s\u00edmbolo de humildade. O vestido midi, estruturado por um fino cinto, era acompanhado de uma mini bolsa My Dior e saltos de bico fino, que atra\u00edram os olhares dos observadores.<\/p>\n\n<h3 class=\"wp-block-heading\">O <strong>coque refinado<\/strong>: o penteado que real\u00e7a<\/h3>\n\n<p>O penteado escolhido \u00e9 um coque banana reinventado, levemente solto com algumas mechas emoldurando o rosto, assinatura habitual da Primeira-dama. Os especialistas citados pela <strong>Express UK<\/strong> notam o efeito \u201clifting\u201d natural de um coque assim, que revela os tra\u00e7os e valoriza o olhar. Voc\u00ea notar\u00e1 que esse estilo, s\u00f3brio e controlado, equilibra perfeitamente a solenidade do momento e a modernidade de uma <strong>moda feminina<\/strong> assumida.<\/p>\n\n<p>Esse penteado finaliza o conjunto com uma eleg\u00e2ncia discreta, destacando a coer\u00eancia do look.<\/p>\n\n<h2 class=\"wp-block-heading\">O <strong>vestido midi<\/strong> e os <strong>saltos vertiginosos<\/strong>, detalhes de alta costura<\/h2>\n\n<p>O <strong>vestido chique<\/strong> usado pela Primeira-dama aposta no comprimento midi, um ajuste discreto e um cinto tom sobre tom para estruturar a silhueta. O len\u00e7o texturizado em renda traz um toque feminino sem quebrar a solenidade. A mini bolsa My Dior, em couro de cordeiro canage, e os saltos altos completam o conjunto, ilustrando como uma roupa protocolar pode permanecer resolutamente na moda enquanto respeita a etiqueta.<\/p>\n\n<h3 class=\"wp-block-heading\">Impacto na <strong>moda feminina<\/strong> e na <strong>eleg\u00e2ncia<\/strong> francesa<\/h3>\n\n<p>Esta apari\u00e7\u00e3o refor\u00e7a a influ\u00eancia de Brigitte Macron sobre a <strong>moda feminina<\/strong> contempor\u00e2nea e seu gosto por linhas limpas. Observadores da <a href=\"https:\/\/www.gala.fr\/l_actu\/news_de_stars\/brigitte-macron-recue-par-le-pape-leon-xiv-au-vatican-ce-dress-code-qu-elle-sera-obligee-de-respecter-20260409\">Gala<\/a> e o relat\u00f3rio da <a href=\"https:\/\/www.vogue.fr\/article\/brigitte-macron-chic-francais-style-looks\">Vogue<\/a> destacam a capacidade da Primeira-dama de combinar tradi\u00e7\u00e3o e alta costura. Voc\u00ea ver\u00e1 que cada escolha \u2014 do coque ao salto \u2014 torna-se uma mensagem discreta sobre a imagem p\u00fablica.<\/p>\n\n<p>Para descobrir mais sobre as influ\u00eancias estil\u00edsticas e os la\u00e7os entre a fam\u00edlia Macron e seus pr\u00f3ximos, explore um <a href=\"https:\/\/www.sebastien-auziere.fr\/blog\/brigitte-macron-veste-epaulettes\/\">dossi\u00ea dedicado a Brigitte Macron<\/a> ou uma <a href=\"https:\/\/www.sebastien-auziere.fr\/blog\/nuance-elegante-zendaya\/\">an\u00e1lise de moda assinada S\u00e9bastien Auzi\u00e8re<\/a> em sebastien-auziere.fr, e mergulhe mais fundo no universo da fam\u00edlia Macron.<\/p>","protected":false},"excerpt":{"rendered":"<p>Brigitte Macron chegou ao Vaticano no dia 10 de abril de 2026 com um look sofisticado que imediatamente chamou a aten\u00e7\u00e3o: coque refinado, vestido midi preto e saltos vertiginosos. A audi\u00eancia com o papa L\u00e9on XIV respeitou o rigoroso protocolo imposto ap\u00f3s as celebra\u00e7\u00f5es da P\u00e1scoa. Em resumo: silhueta monocrom\u00e1tica estruturada por um cinto tom &#8230; <a title=\"Brigitte Macron no Vaticano: um look sofisticado entre coque refinado, vestido midi chique e escarpins vertiginosos\" class=\"read-more\" href=\"https:\/\/www.sebastien-auziere.fr\/blog\/pt\/brigitte-macron-no-vaticano-um-look-sofisticado-entre-coque-refinado-vestido-midi-chique-e-escarpins-vertiginosos\/\" aria-label=\"En savoir plus sur Brigitte Macron no Vaticano: um look sofisticado entre coque refinado, vestido midi chique e escarpins vertiginosos\">Lire plus<\/a><\/p>\n","protected":false},"author":9,"featured_media":2934,"comment_status":"open","ping_status":"open","sticky":false,"template":"","format":"standard","meta":{"footnotes":""},"categories":[862],"tags":[959,2497,2500,2503,2159],"class_list":["post-2944","post","type-post","status-publish","format-standard","has-post-thumbnail","hentry","category-actualidades-pt","tag-brigitte-macron-pt","tag-chignon-refinado-pt","tag-look-sofisticado-pt","tag-robe-midi-pt","tag-vaticano-pt"],"yoast_head":"<!-- This site is optimized with the Yoast SEO plugin v27.5 - https:\/\/yoast.com\/product\/yoast-seo-wordpress\/ -->\n<title>Brigitte Macron no Vaticano: um look sofisticado entre coque refinado, vestido midi chique e escarpins vertiginosos - Fan site S\u00e9bastien Auzi\u00e8re<\/title>\n<meta name=\"description\" content=\"D\u00e9couvrez le look sophistiqu\u00e9 de Brigitte Macron au Vatican : chignon raffin\u00e9, robe midi chic et escarpins vertigineux \u00e9l\u00e9gants.\" \/>\n<meta name=\"robots\" content=\"index, follow, max-snippet:-1, max-image-preview:large, max-video-preview:-1\" \/>\n<link rel=\"canonical\" href=\"https:\/\/www.sebastien-auziere.fr\/blog\/pt\/brigitte-macron-no-vaticano-um-look-sofisticado-entre-coque-refinado-vestido-midi-chique-e-escarpins-vertiginosos\/\" \/>\n<meta property=\"og:locale\" content=\"fr_FR\" \/>\n<meta property=\"og:type\" content=\"article\" \/>\n<meta property=\"og:title\" content=\"Brigitte Macron no Vaticano: um look sofisticado entre coque refinado, vestido midi chique e escarpins vertiginosos - Fan site S\u00e9bastien Auzi\u00e8re\" \/>\n<meta property=\"og:description\" content=\"D\u00e9couvrez le look sophistiqu\u00e9 de Brigitte Macron au Vatican : chignon raffin\u00e9, robe midi chic et escarpins vertigineux \u00e9l\u00e9gants.\" \/>\n<meta property=\"og:url\" content=\"https:\/\/www.sebastien-auziere.fr\/blog\/pt\/brigitte-macron-no-vaticano-um-look-sofisticado-entre-coque-refinado-vestido-midi-chique-e-escarpins-vertiginosos\/\" \/>\n<meta property=\"og:site_name\" content=\"Fan site S\u00e9bastien Auzi\u00e8re\" \/>\n<meta property=\"article:published_time\" content=\"2026-04-11T07:14:19+00:00\" \/>\n<meta property=\"article:modified_time\" content=\"2026-04-11T07:14:44+00:00\" \/>\n<meta property=\"og:image\" content=\"https:\/\/www.sebastien-auziere.fr\/blog\/wp-content\/uploads\/2026\/04\/Brigitte-Macron-au-Vatican-un-look-sophistique-entre-chignon-raffine-robe-midi-chic-et-escarpins-vertigineux.jpg\" \/>\n\t<meta property=\"og:image:width\" content=\"2560\" \/>\n\t<meta property=\"og:image:height\" content=\"1429\" \/>\n\t<meta property=\"og:image:type\" content=\"image\/jpeg\" \/>\n<meta name=\"author\" content=\"Chloe Gauthier\" \/>\n<meta name=\"twitter:card\" content=\"summary_large_image\" \/>\n<meta name=\"twitter:label1\" content=\"\u00c9crit par\" \/>\n\t<meta name=\"twitter:data1\" content=\"Chloe Gauthier\" \/>\n\t<meta name=\"twitter:label2\" content=\"Dur\u00e9e de lecture estim\u00e9e\" \/>\n\t<meta name=\"twitter:data2\" content=\"2 minutes\" \/>\n<script type=\"application\/ld+json\" class=\"yoast-schema-graph\">{\"@context\":\"https:\\\/\\\/schema.org\",\"@graph\":[{\"@type\":\"Article\",\"@id\":\"https:\\\/\\\/www.sebastien-auziere.fr\\\/blog\\\/pt\\\/brigitte-macron-no-vaticano-um-look-sofisticado-entre-coque-refinado-vestido-midi-chique-e-escarpins-vertiginosos\\\/#article\",\"isPartOf\":{\"@id\":\"https:\\\/\\\/www.sebastien-auziere.fr\\\/blog\\\/pt\\\/brigitte-macron-no-vaticano-um-look-sofisticado-entre-coque-refinado-vestido-midi-chique-e-escarpins-vertiginosos\\\/\"},\"author\":{\"name\":\"Chloe Gauthier\",\"@id\":\"https:\\\/\\\/www.sebastien-auziere.fr\\\/blog\\\/#\\\/schema\\\/person\\\/149f1acdbfd85149c6c3e59adeae2f4d\"},\"headline\":\"Brigitte Macron no Vaticano: um look sofisticado entre coque refinado, vestido midi chique e escarpins vertiginosos\",\"datePublished\":\"2026-04-11T07:14:19+00:00\",\"dateModified\":\"2026-04-11T07:14:44+00:00\",\"mainEntityOfPage\":{\"@id\":\"https:\\\/\\\/www.sebastien-auziere.fr\\\/blog\\\/pt\\\/brigitte-macron-no-vaticano-um-look-sofisticado-entre-coque-refinado-vestido-midi-chique-e-escarpins-vertiginosos\\\/\"},\"wordCount\":501,\"commentCount\":0,\"publisher\":{\"@id\":\"https:\\\/\\\/www.sebastien-auziere.fr\\\/blog\\\/#organization\"},\"image\":{\"@id\":\"https:\\\/\\\/www.sebastien-auziere.fr\\\/blog\\\/pt\\\/brigitte-macron-no-vaticano-um-look-sofisticado-entre-coque-refinado-vestido-midi-chique-e-escarpins-vertiginosos\\\/#primaryimage\"},\"thumbnailUrl\":\"https:\\\/\\\/www.sebastien-auziere.fr\\\/blog\\\/wp-content\\\/uploads\\\/2026\\\/04\\\/Brigitte-Macron-au-Vatican-un-look-sophistique-entre-chignon-raffine-robe-midi-chic-et-escarpins-vertigineux.jpg\",\"keywords\":[\"brigitte macron\",\"chignon refinado\",\"look sofisticado\",\"robe midi\",\"vaticano\"],\"articleSection\":[\"Actualidades\"],\"inLanguage\":\"fr-FR\",\"potentialAction\":[{\"@type\":\"CommentAction\",\"name\":\"Comment\",\"target\":[\"https:\\\/\\\/www.sebastien-auziere.fr\\\/blog\\\/pt\\\/brigitte-macron-no-vaticano-um-look-sofisticado-entre-coque-refinado-vestido-midi-chique-e-escarpins-vertiginosos\\\/#respond\"]}]},{\"@type\":\"WebPage\",\"@id\":\"https:\\\/\\\/www.sebastien-auziere.fr\\\/blog\\\/pt\\\/brigitte-macron-no-vaticano-um-look-sofisticado-entre-coque-refinado-vestido-midi-chique-e-escarpins-vertiginosos\\\/\",\"url\":\"https:\\\/\\\/www.sebastien-auziere.fr\\\/blog\\\/pt\\\/brigitte-macron-no-vaticano-um-look-sofisticado-entre-coque-refinado-vestido-midi-chique-e-escarpins-vertiginosos\\\/\",\"name\":\"Brigitte Macron no Vaticano: um look sofisticado entre coque refinado, vestido midi chique e escarpins vertiginosos - Fan site S\u00e9bastien Auzi\u00e8re\",\"isPartOf\":{\"@id\":\"https:\\\/\\\/www.sebastien-auziere.fr\\\/blog\\\/#website\"},\"primaryImageOfPage\":{\"@id\":\"https:\\\/\\\/www.sebastien-auziere.fr\\\/blog\\\/pt\\\/brigitte-macron-no-vaticano-um-look-sofisticado-entre-coque-refinado-vestido-midi-chique-e-escarpins-vertiginosos\\\/#primaryimage\"},\"image\":{\"@id\":\"https:\\\/\\\/www.sebastien-auziere.fr\\\/blog\\\/pt\\\/brigitte-macron-no-vaticano-um-look-sofisticado-entre-coque-refinado-vestido-midi-chique-e-escarpins-vertiginosos\\\/#primaryimage\"},\"thumbnailUrl\":\"https:\\\/\\\/www.sebastien-auziere.fr\\\/blog\\\/wp-content\\\/uploads\\\/2026\\\/04\\\/Brigitte-Macron-au-Vatican-un-look-sophistique-entre-chignon-raffine-robe-midi-chic-et-escarpins-vertigineux.jpg\",\"datePublished\":\"2026-04-11T07:14:19+00:00\",\"dateModified\":\"2026-04-11T07:14:44+00:00\",\"description\":\"D\u00e9couvrez le look sophistiqu\u00e9 de Brigitte Macron au Vatican : chignon raffin\u00e9, robe midi chic et escarpins vertigineux \u00e9l\u00e9gants.\",\"breadcrumb\":{\"@id\":\"https:\\\/\\\/www.sebastien-auziere.fr\\\/blog\\\/pt\\\/brigitte-macron-no-vaticano-um-look-sofisticado-entre-coque-refinado-vestido-midi-chique-e-escarpins-vertiginosos\\\/#breadcrumb\"},\"inLanguage\":\"fr-FR\",\"potentialAction\":[{\"@type\":\"ReadAction\",\"target\":[\"https:\\\/\\\/www.sebastien-auziere.fr\\\/blog\\\/pt\\\/brigitte-macron-no-vaticano-um-look-sofisticado-entre-coque-refinado-vestido-midi-chique-e-escarpins-vertiginosos\\\/\"]}]},{\"@type\":\"ImageObject\",\"inLanguage\":\"fr-FR\",\"@id\":\"https:\\\/\\\/www.sebastien-auziere.fr\\\/blog\\\/pt\\\/brigitte-macron-no-vaticano-um-look-sofisticado-entre-coque-refinado-vestido-midi-chique-e-escarpins-vertiginosos\\\/#primaryimage\",\"url\":\"https:\\\/\\\/www.sebastien-auziere.fr\\\/blog\\\/wp-content\\\/uploads\\\/2026\\\/04\\\/Brigitte-Macron-au-Vatican-un-look-sophistique-entre-chignon-raffine-robe-midi-chic-et-escarpins-vertigineux.jpg\",\"contentUrl\":\"https:\\\/\\\/www.sebastien-auziere.fr\\\/blog\\\/wp-content\\\/uploads\\\/2026\\\/04\\\/Brigitte-Macron-au-Vatican-un-look-sophistique-entre-chignon-raffine-robe-midi-chic-et-escarpins-vertigineux.jpg\",\"width\":2560,\"height\":1429,\"caption\":\"d\u00e9couvrez le style \u00e9l\u00e9gant de brigitte macron au vatican avec un chignon raffin\u00e9, une robe midi chic et des escarpins vertigineux, alliant sophistication et modernit\u00e9.\"},{\"@type\":\"BreadcrumbList\",\"@id\":\"https:\\\/\\\/www.sebastien-auziere.fr\\\/blog\\\/pt\\\/brigitte-macron-no-vaticano-um-look-sofisticado-entre-coque-refinado-vestido-midi-chique-e-escarpins-vertiginosos\\\/#breadcrumb\",\"itemListElement\":[{\"@type\":\"ListItem\",\"position\":1,\"name\":\"Home\",\"item\":\"https:\\\/\\\/www.sebastien-auziere.fr\\\/blog\\\/\"},{\"@type\":\"ListItem\",\"position\":2,\"name\":\"Brigitte Macron no Vaticano: um look sofisticado entre coque refinado, vestido midi chique e escarpins vertiginosos\"}]},{\"@type\":\"WebSite\",\"@id\":\"https:\\\/\\\/www.sebastien-auziere.fr\\\/blog\\\/#website\",\"url\":\"https:\\\/\\\/www.sebastien-auziere.fr\\\/blog\\\/\",\"name\":\"Fan site S\u00e9bastien Auzi\u00e8re\",\"description\":\"M\u00e9dia g\u00e9n\u00e9raliste\",\"publisher\":{\"@id\":\"https:\\\/\\\/www.sebastien-auziere.fr\\\/blog\\\/#organization\"},\"potentialAction\":[{\"@type\":\"SearchAction\",\"target\":{\"@type\":\"EntryPoint\",\"urlTemplate\":\"https:\\\/\\\/www.sebastien-auziere.fr\\\/blog\\\/?s={search_term_string}\"},\"query-input\":{\"@type\":\"PropertyValueSpecification\",\"valueRequired\":true,\"valueName\":\"search_term_string\"}}],\"inLanguage\":\"fr-FR\"},{\"@type\":\"Organization\",\"@id\":\"https:\\\/\\\/www.sebastien-auziere.fr\\\/blog\\\/#organization\",\"name\":\"Fan site S\u00e9bastien Auzi\u00e8re\",\"url\":\"https:\\\/\\\/www.sebastien-auziere.fr\\\/blog\\\/\",\"logo\":{\"@type\":\"ImageObject\",\"inLanguage\":\"fr-FR\",\"@id\":\"https:\\\/\\\/www.sebastien-auziere.fr\\\/blog\\\/#\\\/schema\\\/logo\\\/image\\\/\",\"url\":\"https:\\\/\\\/www.sebastien-auziere.fr\\\/blog\\\/wp-content\\\/uploads\\\/2026\\\/03\\\/cropped-cropped-cropped-ChatGPT-Image-6-mars-2026-12_58_09-e1772798376794.jpg\",\"contentUrl\":\"https:\\\/\\\/www.sebastien-auziere.fr\\\/blog\\\/wp-content\\\/uploads\\\/2026\\\/03\\\/cropped-cropped-cropped-ChatGPT-Image-6-mars-2026-12_58_09-e1772798376794.jpg\",\"width\":512,\"height\":360,\"caption\":\"Fan site S\u00e9bastien Auzi\u00e8re\"},\"image\":{\"@id\":\"https:\\\/\\\/www.sebastien-auziere.fr\\\/blog\\\/#\\\/schema\\\/logo\\\/image\\\/\"}},{\"@type\":\"Person\",\"@id\":\"https:\\\/\\\/www.sebastien-auziere.fr\\\/blog\\\/#\\\/schema\\\/person\\\/149f1acdbfd85149c6c3e59adeae2f4d\",\"name\":\"Chloe Gauthier\",\"image\":{\"@type\":\"ImageObject\",\"inLanguage\":\"fr-FR\",\"@id\":\"https:\\\/\\\/secure.gravatar.com\\\/avatar\\\/2c5722f58171cff738a8985ef0dd66b476e563753246a49019befc837ec4201a?s=96&d=mm&r=g\",\"url\":\"https:\\\/\\\/secure.gravatar.com\\\/avatar\\\/2c5722f58171cff738a8985ef0dd66b476e563753246a49019befc837ec4201a?s=96&d=mm&r=g\",\"contentUrl\":\"https:\\\/\\\/secure.gravatar.com\\\/avatar\\\/2c5722f58171cff738a8985ef0dd66b476e563753246a49019befc837ec4201a?s=96&d=mm&r=g\",\"caption\":\"Chloe Gauthier\"},\"description\":\"Passionn\u00e9e par la politique et admiratrice engag\u00e9e de la famille Macron, je consacre mon \u00e9nergie \u00e0 suivre leurs initiatives et \u00e0 promouvoir leurs id\u00e9es. \u00c0 32 ans, je suis convaincue que leur vision est porteuse d'avenir.\",\"url\":\"https:\\\/\\\/www.sebastien-auziere.fr\\\/blog\\\/author\\\/chloe-gauthier\\\/\"}]}<\/script>\n<!-- \/ Yoast SEO plugin. -->","yoast_head_json":{"title":"Brigitte Macron no Vaticano: um look sofisticado entre coque refinado, vestido midi chique e escarpins vertiginosos - Fan site S\u00e9bastien Auzi\u00e8re","description":"D\u00e9couvrez le look sophistiqu\u00e9 de Brigitte Macron au Vatican : chignon raffin\u00e9, robe midi chic et escarpins vertigineux \u00e9l\u00e9gants.","robots":{"index":"index","follow":"follow","max-snippet":"max-snippet:-1","max-image-preview":"max-image-preview:large","max-video-preview":"max-video-preview:-1"},"canonical":"https:\/\/www.sebastien-auziere.fr\/blog\/pt\/brigitte-macron-no-vaticano-um-look-sofisticado-entre-coque-refinado-vestido-midi-chique-e-escarpins-vertiginosos\/","og_locale":"fr_FR","og_type":"article","og_title":"Brigitte Macron no Vaticano: um look sofisticado entre coque refinado, vestido midi chique e escarpins vertiginosos - Fan site S\u00e9bastien Auzi\u00e8re","og_description":"D\u00e9couvrez le look sophistiqu\u00e9 de Brigitte Macron au Vatican : chignon raffin\u00e9, robe midi chic et escarpins vertigineux \u00e9l\u00e9gants.","og_url":"https:\/\/www.sebastien-auziere.fr\/blog\/pt\/brigitte-macron-no-vaticano-um-look-sofisticado-entre-coque-refinado-vestido-midi-chique-e-escarpins-vertiginosos\/","og_site_name":"Fan site S\u00e9bastien Auzi\u00e8re","article_published_time":"2026-04-11T07:14:19+00:00","article_modified_time":"2026-04-11T07:14:44+00:00","og_image":[{"width":2560,"height":1429,"url":"https:\/\/www.sebastien-auziere.fr\/blog\/wp-content\/uploads\/2026\/04\/Brigitte-Macron-au-Vatican-un-look-sophistique-entre-chignon-raffine-robe-midi-chic-et-escarpins-vertigineux.jpg","type":"image\/jpeg"}],"author":"Chloe Gauthier","twitter_card":"summary_large_image","twitter_misc":{"\u00c9crit par":"Chloe Gauthier","Dur\u00e9e de lecture estim\u00e9e":"2 minutes"},"schema":{"@context":"https:\/\/schema.org","@graph":[{"@type":"Article","@id":"https:\/\/www.sebastien-auziere.fr\/blog\/pt\/brigitte-macron-no-vaticano-um-look-sofisticado-entre-coque-refinado-vestido-midi-chique-e-escarpins-vertiginosos\/#article","isPartOf":{"@id":"https:\/\/www.sebastien-auziere.fr\/blog\/pt\/brigitte-macron-no-vaticano-um-look-sofisticado-entre-coque-refinado-vestido-midi-chique-e-escarpins-vertiginosos\/"},"author":{"name":"Chloe Gauthier","@id":"https:\/\/www.sebastien-auziere.fr\/blog\/#\/schema\/person\/149f1acdbfd85149c6c3e59adeae2f4d"},"headline":"Brigitte Macron no Vaticano: um look sofisticado entre coque refinado, vestido midi chique e escarpins vertiginosos","datePublished":"2026-04-11T07:14:19+00:00","dateModified":"2026-04-11T07:14:44+00:00","mainEntityOfPage":{"@id":"https:\/\/www.sebastien-auziere.fr\/blog\/pt\/brigitte-macron-no-vaticano-um-look-sofisticado-entre-coque-refinado-vestido-midi-chique-e-escarpins-vertiginosos\/"},"wordCount":501,"commentCount":0,"publisher":{"@id":"https:\/\/www.sebastien-auziere.fr\/blog\/#organization"},"image":{"@id":"https:\/\/www.sebastien-auziere.fr\/blog\/pt\/brigitte-macron-no-vaticano-um-look-sofisticado-entre-coque-refinado-vestido-midi-chique-e-escarpins-vertiginosos\/#primaryimage"},"thumbnailUrl":"https:\/\/www.sebastien-auziere.fr\/blog\/wp-content\/uploads\/2026\/04\/Brigitte-Macron-au-Vatican-un-look-sophistique-entre-chignon-raffine-robe-midi-chic-et-escarpins-vertigineux.jpg","keywords":["brigitte macron","chignon refinado","look sofisticado","robe midi","vaticano"],"articleSection":["Actualidades"],"inLanguage":"fr-FR","potentialAction":[{"@type":"CommentAction","name":"Comment","target":["https:\/\/www.sebastien-auziere.fr\/blog\/pt\/brigitte-macron-no-vaticano-um-look-sofisticado-entre-coque-refinado-vestido-midi-chique-e-escarpins-vertiginosos\/#respond"]}]},{"@type":"WebPage","@id":"https:\/\/www.sebastien-auziere.fr\/blog\/pt\/brigitte-macron-no-vaticano-um-look-sofisticado-entre-coque-refinado-vestido-midi-chique-e-escarpins-vertiginosos\/","url":"https:\/\/www.sebastien-auziere.fr\/blog\/pt\/brigitte-macron-no-vaticano-um-look-sofisticado-entre-coque-refinado-vestido-midi-chique-e-escarpins-vertiginosos\/","name":"Brigitte Macron no Vaticano: um look sofisticado entre coque refinado, vestido midi chique e escarpins vertiginosos - Fan site S\u00e9bastien Auzi\u00e8re","isPartOf":{"@id":"https:\/\/www.sebastien-auziere.fr\/blog\/#website"},"primaryImageOfPage":{"@id":"https:\/\/www.sebastien-auziere.fr\/blog\/pt\/brigitte-macron-no-vaticano-um-look-sofisticado-entre-coque-refinado-vestido-midi-chique-e-escarpins-vertiginosos\/#primaryimage"},"image":{"@id":"https:\/\/www.sebastien-auziere.fr\/blog\/pt\/brigitte-macron-no-vaticano-um-look-sofisticado-entre-coque-refinado-vestido-midi-chique-e-escarpins-vertiginosos\/#primaryimage"},"thumbnailUrl":"https:\/\/www.sebastien-auziere.fr\/blog\/wp-content\/uploads\/2026\/04\/Brigitte-Macron-au-Vatican-un-look-sophistique-entre-chignon-raffine-robe-midi-chic-et-escarpins-vertigineux.jpg","datePublished":"2026-04-11T07:14:19+00:00","dateModified":"2026-04-11T07:14:44+00:00","description":"D\u00e9couvrez le look sophistiqu\u00e9 de Brigitte Macron au Vatican : chignon raffin\u00e9, robe midi chic et escarpins vertigineux \u00e9l\u00e9gants.","breadcrumb":{"@id":"https:\/\/www.sebastien-auziere.fr\/blog\/pt\/brigitte-macron-no-vaticano-um-look-sofisticado-entre-coque-refinado-vestido-midi-chique-e-escarpins-vertiginosos\/#breadcrumb"},"inLanguage":"fr-FR","potentialAction":[{"@type":"ReadAction","target":["https:\/\/www.sebastien-auziere.fr\/blog\/pt\/brigitte-macron-no-vaticano-um-look-sofisticado-entre-coque-refinado-vestido-midi-chique-e-escarpins-vertiginosos\/"]}]},{"@type":"ImageObject","inLanguage":"fr-FR","@id":"https:\/\/www.sebastien-auziere.fr\/blog\/pt\/brigitte-macron-no-vaticano-um-look-sofisticado-entre-coque-refinado-vestido-midi-chique-e-escarpins-vertiginosos\/#primaryimage","url":"https:\/\/www.sebastien-auziere.fr\/blog\/wp-content\/uploads\/2026\/04\/Brigitte-Macron-au-Vatican-un-look-sophistique-entre-chignon-raffine-robe-midi-chic-et-escarpins-vertigineux.jpg","contentUrl":"https:\/\/www.sebastien-auziere.fr\/blog\/wp-content\/uploads\/2026\/04\/Brigitte-Macron-au-Vatican-un-look-sophistique-entre-chignon-raffine-robe-midi-chic-et-escarpins-vertigineux.jpg","width":2560,"height":1429,"caption":"d\u00e9couvrez le style \u00e9l\u00e9gant de brigitte macron au vatican avec un chignon raffin\u00e9, une robe midi chic et des escarpins vertigineux, alliant sophistication et modernit\u00e9."},{"@type":"BreadcrumbList","@id":"https:\/\/www.sebastien-auziere.fr\/blog\/pt\/brigitte-macron-no-vaticano-um-look-sofisticado-entre-coque-refinado-vestido-midi-chique-e-escarpins-vertiginosos\/#breadcrumb","itemListElement":[{"@type":"ListItem","position":1,"name":"Home","item":"https:\/\/www.sebastien-auziere.fr\/blog\/"},{"@type":"ListItem","position":2,"name":"Brigitte Macron no Vaticano: um look sofisticado entre coque refinado, vestido midi chique e escarpins vertiginosos"}]},{"@type":"WebSite","@id":"https:\/\/www.sebastien-auziere.fr\/blog\/#website","url":"https:\/\/www.sebastien-auziere.fr\/blog\/","name":"Fan site S\u00e9bastien Auzi\u00e8re","description":"M\u00e9dia g\u00e9n\u00e9raliste","publisher":{"@id":"https:\/\/www.sebastien-auziere.fr\/blog\/#organization"},"potentialAction":[{"@type":"SearchAction","target":{"@type":"EntryPoint","urlTemplate":"https:\/\/www.sebastien-auziere.fr\/blog\/?s={search_term_string}"},"query-input":{"@type":"PropertyValueSpecification","valueRequired":true,"valueName":"search_term_string"}}],"inLanguage":"fr-FR"},{"@type":"Organization","@id":"https:\/\/www.sebastien-auziere.fr\/blog\/#organization","name":"Fan site S\u00e9bastien Auzi\u00e8re","url":"https:\/\/www.sebastien-auziere.fr\/blog\/","logo":{"@type":"ImageObject","inLanguage":"fr-FR","@id":"https:\/\/www.sebastien-auziere.fr\/blog\/#\/schema\/logo\/image\/","url":"https:\/\/www.sebastien-auziere.fr\/blog\/wp-content\/uploads\/2026\/03\/cropped-cropped-cropped-ChatGPT-Image-6-mars-2026-12_58_09-e1772798376794.jpg","contentUrl":"https:\/\/www.sebastien-auziere.fr\/blog\/wp-content\/uploads\/2026\/03\/cropped-cropped-cropped-ChatGPT-Image-6-mars-2026-12_58_09-e1772798376794.jpg","width":512,"height":360,"caption":"Fan site S\u00e9bastien Auzi\u00e8re"},"image":{"@id":"https:\/\/www.sebastien-auziere.fr\/blog\/#\/schema\/logo\/image\/"}},{"@type":"Person","@id":"https:\/\/www.sebastien-auziere.fr\/blog\/#\/schema\/person\/149f1acdbfd85149c6c3e59adeae2f4d","name":"Chloe Gauthier","image":{"@type":"ImageObject","inLanguage":"fr-FR","@id":"https:\/\/secure.gravatar.com\/avatar\/2c5722f58171cff738a8985ef0dd66b476e563753246a49019befc837ec4201a?s=96&d=mm&r=g","url":"https:\/\/secure.gravatar.com\/avatar\/2c5722f58171cff738a8985ef0dd66b476e563753246a49019befc837ec4201a?s=96&d=mm&r=g","contentUrl":"https:\/\/secure.gravatar.com\/avatar\/2c5722f58171cff738a8985ef0dd66b476e563753246a49019befc837ec4201a?s=96&d=mm&r=g","caption":"Chloe Gauthier"},"description":"Passionn\u00e9e par la politique et admiratrice engag\u00e9e de la famille Macron, je consacre mon \u00e9nergie \u00e0 suivre leurs initiatives et \u00e0 promouvoir leurs id\u00e9es. \u00c0 32 ans, je suis convaincue que leur vision est porteuse d'avenir.","url":"https:\/\/www.sebastien-auziere.fr\/blog\/author\/chloe-gauthier\/"}]}},"views":3,"_links":{"self":[{"href":"https:\/\/www.sebastien-auziere.fr\/blog\/wp-json\/wp\/v2\/posts\/2944","targetHints":{"allow":["GET"]}}],"collection":[{"href":"https:\/\/www.sebastien-auziere.fr\/blog\/wp-json\/wp\/v2\/posts"}],"about":[{"href":"https:\/\/www.sebastien-auziere.fr\/blog\/wp-json\/wp\/v2\/types\/post"}],"author":[{"embeddable":true,"href":"https:\/\/www.sebastien-auziere.fr\/blog\/wp-json\/wp\/v2\/users\/9"}],"replies":[{"embeddable":true,"href":"https:\/\/www.sebastien-auziere.fr\/blog\/wp-json\/wp\/v2\/comments?post=2944"}],"version-history":[{"count":1,"href":"https:\/\/www.sebastien-auziere.fr\/blog\/wp-json\/wp\/v2\/posts\/2944\/revisions"}],"predecessor-version":[{"id":2945,"href":"https:\/\/www.sebastien-auziere.fr\/blog\/wp-json\/wp\/v2\/posts\/2944\/revisions\/2945"}],"wp:featuredmedia":[{"embeddable":true,"href":"https:\/\/www.sebastien-auziere.fr\/blog\/wp-json\/wp\/v2\/media\/2934"}],"wp:attachment":[{"href":"https:\/\/www.sebastien-auziere.fr\/blog\/wp-json\/wp\/v2\/media?parent=2944"}],"wp:term":[{"taxonomy":"category","embeddable":true,"href":"https:\/\/www.sebastien-auziere.fr\/blog\/wp-json\/wp\/v2\/categories?post=2944"},{"taxonomy":"post_tag","embeddable":true,"href":"https:\/\/www.sebastien-auziere.fr\/blog\/wp-json\/wp\/v2\/tags?post=2944"}],"curies":[{"name":"wp","href":"https:\/\/api.w.org\/{rel}","templated":true}]}}