{"id":2942,"date":"2026-04-11T07:13:35","date_gmt":"2026-04-11T07:13:35","guid":{"rendered":"https:\/\/www.sebastien-auziere.fr\/blog\/?p=2942"},"modified":"2026-04-11T07:13:59","modified_gmt":"2026-04-11T07:13:59","slug":"brigitte-macron-in-vaticano-un-look-sofisticato-tra-chignon-raffinato-abito-midi-chic-e-decollete-vertiginosi","status":"publish","type":"post","link":"https:\/\/www.sebastien-auziere.fr\/blog\/it\/brigitte-macron-in-vaticano-un-look-sofisticato-tra-chignon-raffinato-abito-midi-chic-e-decollete-vertiginosi\/","title":{"rendered":"Brigitte Macron in Vaticano: un look sofisticato tra chignon raffinato, abito midi chic e d\u00e9collet\u00e9 vertiginosi"},"content":{"rendered":"<p><strong>Brigitte Macron<\/strong> \u00e8 arrivata in <strong>Vaticano<\/strong> il 10 aprile 2026 con un <strong>look sofisticato<\/strong> che ha subito fatto parlare: <strong>chignon raffinato<\/strong>, <strong>abito midi<\/strong> nero e d\u00e9collet\u00e9 vertiginosi. L\u2019udienza con papa <strong>L\u00e9on XIV<\/strong> rispettava il protocollo rigoroso imposto dopo le celebrazioni di Pasqua.<\/p>\n\n<p><strong>In breve<\/strong>: silhouette monocromatica strutturata da una cintura tono su tono, una sciarpa in pizzo, una mini borsa My Dior in cuoio cannet\u00e9 e collant semitrasparenti. Questa fusione di <strong>abito chic<\/strong> e accessori contemporanei illustra l\u2019<strong>eleganza<\/strong> francese pur rispettando la solennit\u00e0 del luogo.<\/p>\n\n<h2 class=\"wp-block-heading\">Brigitte Macron in Vaticano: un <strong>look sofisticato<\/strong> conforme al protocollo<\/h2>\n\n<p>La coppia presidenziale, arrivata il 10 aprile 2026, \u00e8 stata ricevuta in Vaticano da papa <strong>L\u00e9on XIV<\/strong>, durante una visita voluta dall\u2019\u00c9lys\u00e9e per mantenere il dialogo con la Santa Sede. Fedele al codice di abbigliamento, la Prima dama ha scelto un outfit completamente nero, simbolo di umilt\u00e0. L&rsquo;abito midi, strutturato da una sottile cintura, era accompagnato da una mini borsa My Dior e da d\u00e9collet\u00e9 a punta, che hanno catturato l&rsquo;attenzione degli osservatori.<\/p>\n\n<h3 class=\"wp-block-heading\">Lo <strong>chignon raffinato<\/strong>: l&rsquo;acconciatura che esalta<\/h3>\n\n<p>L&rsquo;acconciatura scelta \u00e8 uno chignon banana rivisitato, leggermente rilassato con alcune ciocche che incorniciano il viso, firma abituale della Prima dama. Gli esperti citati da <strong>Express UK<\/strong> notano l\u2019effetto \u00ab lifting \u00bb naturale di uno chignon di questo tipo, che svela i lineamenti e mette in risalto lo sguardo. Noterai che questo stile, sobrio e controllato, equilibra perfettamente la solennit\u00e0 del momento e la modernit\u00e0 di una <strong>moda femminile<\/strong> affermata.<\/p>\n\n<p>Questa acconciatura conclude l&rsquo;insieme con un&rsquo;eleganza discreta, sottolineando la coerenza del look.<\/p>\n\n<h2 class=\"wp-block-heading\">L&rsquo;<strong>abito midi<\/strong> e i <strong>d\u00e9collet\u00e9 vertiginosi<\/strong>, dettagli couture<\/h2>\n\n<p>L&rsquo;<strong>abito chic<\/strong> indossato dalla Prima dama punta sulla lunghezza midi, un taglio discreto e una cintura tono su tono per strutturare la silhouette. La sciarpa testurizzata in pizzo aggiunge un tocco femminile senza compromettere la solennit\u00e0. La mini borsa My Dior, in cuoio di agnello cannet\u00e9, e i d\u00e9collet\u00e9 con tacco alto completano il look, illustrando come un outfit protocollare possa rimanere decisamente di moda pur rispettando l&rsquo;etichetta.<\/p>\n\n<h3 class=\"wp-block-heading\">Impatto sulla <strong>moda femminile<\/strong> e sull\u2019<strong>eleganza<\/strong> francese<\/h3>\n\n<p>Questa apparizione rafforza l\u2019influenza di Brigitte Macron sulla <strong>moda femminile<\/strong> contemporanea e il suo gusto per linee pulite. Gli osservatori di <a href=\"https:\/\/www.gala.fr\/l_actu\/news_de_stars\/brigitte-macron-recue-par-le-pape-leon-xiv-au-vatican-ce-dress-code-qu-elle-sera-obligee-de-respecter-20260409\">Gala<\/a> e il dossier di <a href=\"https:\/\/www.vogue.fr\/article\/brigitte-macron-chic-francais-style-looks\">Vogue<\/a> sottolineano la capacit\u00e0 della Prima dama di unire tradizione e couture. Vedrai che ogni scelta \u2014 dall&rsquo;chignon al d\u00e9collet\u00e9 \u2014 diventa un messaggio discreto sull\u2019immagine pubblica.<\/p>\n\n<p>Per scoprire ulteriormente sulle influenze stilistiche e i legami tra la famiglia Macron e i loro cari, esplora un <a href=\"https:\/\/www.sebastien-auziere.fr\/blog\/brigitte-macron-veste-epaulettes\/\">dossier dedicato a Brigitte Macron<\/a> o un <a href=\"https:\/\/www.sebastien-auziere.fr\/blog\/nuance-elegante-zendaya\/\">analisi di moda firmata S\u00e9bastien Auzi\u00e8re<\/a> su sebastien-auziere.fr, e immergiti pi\u00f9 a fondo nell\u2019universo della famiglia Macron.<\/p>","protected":false},"excerpt":{"rendered":"<p>Brigitte Macron \u00e8 arrivata in Vaticano il 10 aprile 2026 con un look sofisticato che ha subito fatto parlare: chignon raffinato, abito midi nero e d\u00e9collet\u00e9 vertiginosi. L\u2019udienza con papa L\u00e9on XIV rispettava il protocollo rigoroso imposto dopo le celebrazioni di Pasqua. In breve: silhouette monocromatica strutturata da una cintura tono su tono, una sciarpa &#8230; <a title=\"Brigitte Macron in Vaticano: un look sofisticato tra chignon raffinato, abito midi chic e d\u00e9collet\u00e9 vertiginosi\" class=\"read-more\" href=\"https:\/\/www.sebastien-auziere.fr\/blog\/it\/brigitte-macron-in-vaticano-un-look-sofisticato-tra-chignon-raffinato-abito-midi-chic-e-decollete-vertiginosi\/\" aria-label=\"En savoir plus sur Brigitte Macron in Vaticano: un look sofisticato tra chignon raffinato, abito midi chic e d\u00e9collet\u00e9 vertiginosi\">Lire plus<\/a><\/p>\n","protected":false},"author":9,"featured_media":2934,"comment_status":"open","ping_status":"open","sticky":false,"template":"","format":"standard","meta":{"footnotes":""},"categories":[859],"tags":[944,2488,2491,2494,2150],"class_list":["post-2942","post","type-post","status-publish","format-standard","has-post-thumbnail","hentry","category-actualita-it","tag-brigitte-macron-it","tag-chignon-raffinato-it","tag-look-sofisticato-it","tag-robe-midi-it","tag-vaticano-it"],"yoast_head":"<!-- This site is optimized with the Yoast SEO plugin v27.5 - https:\/\/yoast.com\/product\/yoast-seo-wordpress\/ -->\n<title>Brigitte Macron in Vaticano: un look sofisticato tra chignon raffinato, abito midi chic e d\u00e9collet\u00e9 vertiginosi - Fan site S\u00e9bastien Auzi\u00e8re<\/title>\n<meta name=\"description\" content=\"D\u00e9couvrez le look sophistiqu\u00e9 de Brigitte Macron au Vatican : chignon raffin\u00e9, robe midi chic et escarpins vertigineux \u00e9l\u00e9gants.\" \/>\n<meta name=\"robots\" content=\"index, follow, max-snippet:-1, max-image-preview:large, max-video-preview:-1\" \/>\n<link rel=\"canonical\" href=\"https:\/\/www.sebastien-auziere.fr\/blog\/it\/brigitte-macron-in-vaticano-un-look-sofisticato-tra-chignon-raffinato-abito-midi-chic-e-decollete-vertiginosi\/\" \/>\n<meta property=\"og:locale\" content=\"fr_FR\" \/>\n<meta property=\"og:type\" content=\"article\" \/>\n<meta property=\"og:title\" content=\"Brigitte Macron in Vaticano: un look sofisticato tra chignon raffinato, abito midi chic e d\u00e9collet\u00e9 vertiginosi - Fan site S\u00e9bastien Auzi\u00e8re\" \/>\n<meta property=\"og:description\" content=\"D\u00e9couvrez le look sophistiqu\u00e9 de Brigitte Macron au Vatican : chignon raffin\u00e9, robe midi chic et escarpins vertigineux \u00e9l\u00e9gants.\" \/>\n<meta property=\"og:url\" content=\"https:\/\/www.sebastien-auziere.fr\/blog\/it\/brigitte-macron-in-vaticano-un-look-sofisticato-tra-chignon-raffinato-abito-midi-chic-e-decollete-vertiginosi\/\" \/>\n<meta property=\"og:site_name\" content=\"Fan site S\u00e9bastien Auzi\u00e8re\" \/>\n<meta property=\"article:published_time\" content=\"2026-04-11T07:13:35+00:00\" \/>\n<meta property=\"article:modified_time\" content=\"2026-04-11T07:13:59+00:00\" \/>\n<meta property=\"og:image\" content=\"https:\/\/www.sebastien-auziere.fr\/blog\/wp-content\/uploads\/2026\/04\/Brigitte-Macron-au-Vatican-un-look-sophistique-entre-chignon-raffine-robe-midi-chic-et-escarpins-vertigineux.jpg\" \/>\n\t<meta property=\"og:image:width\" content=\"2560\" \/>\n\t<meta property=\"og:image:height\" content=\"1429\" \/>\n\t<meta property=\"og:image:type\" content=\"image\/jpeg\" \/>\n<meta name=\"author\" content=\"Chloe Gauthier\" \/>\n<meta name=\"twitter:card\" content=\"summary_large_image\" \/>\n<meta name=\"twitter:label1\" content=\"\u00c9crit par\" \/>\n\t<meta name=\"twitter:data1\" content=\"Chloe Gauthier\" \/>\n\t<meta name=\"twitter:label2\" content=\"Dur\u00e9e de lecture estim\u00e9e\" \/>\n\t<meta name=\"twitter:data2\" content=\"2 minutes\" \/>\n<script type=\"application\/ld+json\" class=\"yoast-schema-graph\">{\"@context\":\"https:\\\/\\\/schema.org\",\"@graph\":[{\"@type\":\"Article\",\"@id\":\"https:\\\/\\\/www.sebastien-auziere.fr\\\/blog\\\/it\\\/brigitte-macron-in-vaticano-un-look-sofisticato-tra-chignon-raffinato-abito-midi-chic-e-decollete-vertiginosi\\\/#article\",\"isPartOf\":{\"@id\":\"https:\\\/\\\/www.sebastien-auziere.fr\\\/blog\\\/it\\\/brigitte-macron-in-vaticano-un-look-sofisticato-tra-chignon-raffinato-abito-midi-chic-e-decollete-vertiginosi\\\/\"},\"author\":{\"name\":\"Chloe Gauthier\",\"@id\":\"https:\\\/\\\/www.sebastien-auziere.fr\\\/blog\\\/#\\\/schema\\\/person\\\/149f1acdbfd85149c6c3e59adeae2f4d\"},\"headline\":\"Brigitte Macron in Vaticano: un look sofisticato tra chignon raffinato, abito midi chic e d\u00e9collet\u00e9 vertiginosi\",\"datePublished\":\"2026-04-11T07:13:35+00:00\",\"dateModified\":\"2026-04-11T07:13:59+00:00\",\"mainEntityOfPage\":{\"@id\":\"https:\\\/\\\/www.sebastien-auziere.fr\\\/blog\\\/it\\\/brigitte-macron-in-vaticano-un-look-sofisticato-tra-chignon-raffinato-abito-midi-chic-e-decollete-vertiginosi\\\/\"},\"wordCount\":460,\"commentCount\":0,\"publisher\":{\"@id\":\"https:\\\/\\\/www.sebastien-auziere.fr\\\/blog\\\/#organization\"},\"image\":{\"@id\":\"https:\\\/\\\/www.sebastien-auziere.fr\\\/blog\\\/it\\\/brigitte-macron-in-vaticano-un-look-sofisticato-tra-chignon-raffinato-abito-midi-chic-e-decollete-vertiginosi\\\/#primaryimage\"},\"thumbnailUrl\":\"https:\\\/\\\/www.sebastien-auziere.fr\\\/blog\\\/wp-content\\\/uploads\\\/2026\\\/04\\\/Brigitte-Macron-au-Vatican-un-look-sophistique-entre-chignon-raffine-robe-midi-chic-et-escarpins-vertigineux.jpg\",\"keywords\":[\"brigitte macron\",\"chignon raffinato\",\"look sofisticato\",\"robe midi\",\"vaticano\"],\"articleSection\":[\"Actualit\u00e0\"],\"inLanguage\":\"fr-FR\",\"potentialAction\":[{\"@type\":\"CommentAction\",\"name\":\"Comment\",\"target\":[\"https:\\\/\\\/www.sebastien-auziere.fr\\\/blog\\\/it\\\/brigitte-macron-in-vaticano-un-look-sofisticato-tra-chignon-raffinato-abito-midi-chic-e-decollete-vertiginosi\\\/#respond\"]}]},{\"@type\":\"WebPage\",\"@id\":\"https:\\\/\\\/www.sebastien-auziere.fr\\\/blog\\\/it\\\/brigitte-macron-in-vaticano-un-look-sofisticato-tra-chignon-raffinato-abito-midi-chic-e-decollete-vertiginosi\\\/\",\"url\":\"https:\\\/\\\/www.sebastien-auziere.fr\\\/blog\\\/it\\\/brigitte-macron-in-vaticano-un-look-sofisticato-tra-chignon-raffinato-abito-midi-chic-e-decollete-vertiginosi\\\/\",\"name\":\"Brigitte Macron in Vaticano: un look sofisticato tra chignon raffinato, abito midi chic e d\u00e9collet\u00e9 vertiginosi - Fan site S\u00e9bastien Auzi\u00e8re\",\"isPartOf\":{\"@id\":\"https:\\\/\\\/www.sebastien-auziere.fr\\\/blog\\\/#website\"},\"primaryImageOfPage\":{\"@id\":\"https:\\\/\\\/www.sebastien-auziere.fr\\\/blog\\\/it\\\/brigitte-macron-in-vaticano-un-look-sofisticato-tra-chignon-raffinato-abito-midi-chic-e-decollete-vertiginosi\\\/#primaryimage\"},\"image\":{\"@id\":\"https:\\\/\\\/www.sebastien-auziere.fr\\\/blog\\\/it\\\/brigitte-macron-in-vaticano-un-look-sofisticato-tra-chignon-raffinato-abito-midi-chic-e-decollete-vertiginosi\\\/#primaryimage\"},\"thumbnailUrl\":\"https:\\\/\\\/www.sebastien-auziere.fr\\\/blog\\\/wp-content\\\/uploads\\\/2026\\\/04\\\/Brigitte-Macron-au-Vatican-un-look-sophistique-entre-chignon-raffine-robe-midi-chic-et-escarpins-vertigineux.jpg\",\"datePublished\":\"2026-04-11T07:13:35+00:00\",\"dateModified\":\"2026-04-11T07:13:59+00:00\",\"description\":\"D\u00e9couvrez le look sophistiqu\u00e9 de Brigitte Macron au Vatican : chignon raffin\u00e9, robe midi chic et escarpins vertigineux \u00e9l\u00e9gants.\",\"breadcrumb\":{\"@id\":\"https:\\\/\\\/www.sebastien-auziere.fr\\\/blog\\\/it\\\/brigitte-macron-in-vaticano-un-look-sofisticato-tra-chignon-raffinato-abito-midi-chic-e-decollete-vertiginosi\\\/#breadcrumb\"},\"inLanguage\":\"fr-FR\",\"potentialAction\":[{\"@type\":\"ReadAction\",\"target\":[\"https:\\\/\\\/www.sebastien-auziere.fr\\\/blog\\\/it\\\/brigitte-macron-in-vaticano-un-look-sofisticato-tra-chignon-raffinato-abito-midi-chic-e-decollete-vertiginosi\\\/\"]}]},{\"@type\":\"ImageObject\",\"inLanguage\":\"fr-FR\",\"@id\":\"https:\\\/\\\/www.sebastien-auziere.fr\\\/blog\\\/it\\\/brigitte-macron-in-vaticano-un-look-sofisticato-tra-chignon-raffinato-abito-midi-chic-e-decollete-vertiginosi\\\/#primaryimage\",\"url\":\"https:\\\/\\\/www.sebastien-auziere.fr\\\/blog\\\/wp-content\\\/uploads\\\/2026\\\/04\\\/Brigitte-Macron-au-Vatican-un-look-sophistique-entre-chignon-raffine-robe-midi-chic-et-escarpins-vertigineux.jpg\",\"contentUrl\":\"https:\\\/\\\/www.sebastien-auziere.fr\\\/blog\\\/wp-content\\\/uploads\\\/2026\\\/04\\\/Brigitte-Macron-au-Vatican-un-look-sophistique-entre-chignon-raffine-robe-midi-chic-et-escarpins-vertigineux.jpg\",\"width\":2560,\"height\":1429,\"caption\":\"d\u00e9couvrez le style \u00e9l\u00e9gant de brigitte macron au vatican avec un chignon raffin\u00e9, une robe midi chic et des escarpins vertigineux, alliant sophistication et modernit\u00e9.\"},{\"@type\":\"BreadcrumbList\",\"@id\":\"https:\\\/\\\/www.sebastien-auziere.fr\\\/blog\\\/it\\\/brigitte-macron-in-vaticano-un-look-sofisticato-tra-chignon-raffinato-abito-midi-chic-e-decollete-vertiginosi\\\/#breadcrumb\",\"itemListElement\":[{\"@type\":\"ListItem\",\"position\":1,\"name\":\"Home\",\"item\":\"https:\\\/\\\/www.sebastien-auziere.fr\\\/blog\\\/\"},{\"@type\":\"ListItem\",\"position\":2,\"name\":\"Brigitte Macron in Vaticano: un look sofisticato tra chignon raffinato, abito midi chic e d\u00e9collet\u00e9 vertiginosi\"}]},{\"@type\":\"WebSite\",\"@id\":\"https:\\\/\\\/www.sebastien-auziere.fr\\\/blog\\\/#website\",\"url\":\"https:\\\/\\\/www.sebastien-auziere.fr\\\/blog\\\/\",\"name\":\"Fan site S\u00e9bastien Auzi\u00e8re\",\"description\":\"M\u00e9dia g\u00e9n\u00e9raliste\",\"publisher\":{\"@id\":\"https:\\\/\\\/www.sebastien-auziere.fr\\\/blog\\\/#organization\"},\"potentialAction\":[{\"@type\":\"SearchAction\",\"target\":{\"@type\":\"EntryPoint\",\"urlTemplate\":\"https:\\\/\\\/www.sebastien-auziere.fr\\\/blog\\\/?s={search_term_string}\"},\"query-input\":{\"@type\":\"PropertyValueSpecification\",\"valueRequired\":true,\"valueName\":\"search_term_string\"}}],\"inLanguage\":\"fr-FR\"},{\"@type\":\"Organization\",\"@id\":\"https:\\\/\\\/www.sebastien-auziere.fr\\\/blog\\\/#organization\",\"name\":\"Fan site S\u00e9bastien Auzi\u00e8re\",\"url\":\"https:\\\/\\\/www.sebastien-auziere.fr\\\/blog\\\/\",\"logo\":{\"@type\":\"ImageObject\",\"inLanguage\":\"fr-FR\",\"@id\":\"https:\\\/\\\/www.sebastien-auziere.fr\\\/blog\\\/#\\\/schema\\\/logo\\\/image\\\/\",\"url\":\"https:\\\/\\\/www.sebastien-auziere.fr\\\/blog\\\/wp-content\\\/uploads\\\/2026\\\/03\\\/cropped-cropped-cropped-ChatGPT-Image-6-mars-2026-12_58_09-e1772798376794.jpg\",\"contentUrl\":\"https:\\\/\\\/www.sebastien-auziere.fr\\\/blog\\\/wp-content\\\/uploads\\\/2026\\\/03\\\/cropped-cropped-cropped-ChatGPT-Image-6-mars-2026-12_58_09-e1772798376794.jpg\",\"width\":512,\"height\":360,\"caption\":\"Fan site S\u00e9bastien Auzi\u00e8re\"},\"image\":{\"@id\":\"https:\\\/\\\/www.sebastien-auziere.fr\\\/blog\\\/#\\\/schema\\\/logo\\\/image\\\/\"}},{\"@type\":\"Person\",\"@id\":\"https:\\\/\\\/www.sebastien-auziere.fr\\\/blog\\\/#\\\/schema\\\/person\\\/149f1acdbfd85149c6c3e59adeae2f4d\",\"name\":\"Chloe Gauthier\",\"image\":{\"@type\":\"ImageObject\",\"inLanguage\":\"fr-FR\",\"@id\":\"https:\\\/\\\/secure.gravatar.com\\\/avatar\\\/2c5722f58171cff738a8985ef0dd66b476e563753246a49019befc837ec4201a?s=96&d=mm&r=g\",\"url\":\"https:\\\/\\\/secure.gravatar.com\\\/avatar\\\/2c5722f58171cff738a8985ef0dd66b476e563753246a49019befc837ec4201a?s=96&d=mm&r=g\",\"contentUrl\":\"https:\\\/\\\/secure.gravatar.com\\\/avatar\\\/2c5722f58171cff738a8985ef0dd66b476e563753246a49019befc837ec4201a?s=96&d=mm&r=g\",\"caption\":\"Chloe Gauthier\"},\"description\":\"Passionn\u00e9e par la politique et admiratrice engag\u00e9e de la famille Macron, je consacre mon \u00e9nergie \u00e0 suivre leurs initiatives et \u00e0 promouvoir leurs id\u00e9es. \u00c0 32 ans, je suis convaincue que leur vision est porteuse d'avenir.\",\"url\":\"https:\\\/\\\/www.sebastien-auziere.fr\\\/blog\\\/author\\\/chloe-gauthier\\\/\"}]}<\/script>\n<!-- \/ Yoast SEO plugin. -->","yoast_head_json":{"title":"Brigitte Macron in Vaticano: un look sofisticato tra chignon raffinato, abito midi chic e d\u00e9collet\u00e9 vertiginosi - Fan site S\u00e9bastien Auzi\u00e8re","description":"D\u00e9couvrez le look sophistiqu\u00e9 de Brigitte Macron au Vatican : chignon raffin\u00e9, robe midi chic et escarpins vertigineux \u00e9l\u00e9gants.","robots":{"index":"index","follow":"follow","max-snippet":"max-snippet:-1","max-image-preview":"max-image-preview:large","max-video-preview":"max-video-preview:-1"},"canonical":"https:\/\/www.sebastien-auziere.fr\/blog\/it\/brigitte-macron-in-vaticano-un-look-sofisticato-tra-chignon-raffinato-abito-midi-chic-e-decollete-vertiginosi\/","og_locale":"fr_FR","og_type":"article","og_title":"Brigitte Macron in Vaticano: un look sofisticato tra chignon raffinato, abito midi chic e d\u00e9collet\u00e9 vertiginosi - Fan site S\u00e9bastien Auzi\u00e8re","og_description":"D\u00e9couvrez le look sophistiqu\u00e9 de Brigitte Macron au Vatican : chignon raffin\u00e9, robe midi chic et escarpins vertigineux \u00e9l\u00e9gants.","og_url":"https:\/\/www.sebastien-auziere.fr\/blog\/it\/brigitte-macron-in-vaticano-un-look-sofisticato-tra-chignon-raffinato-abito-midi-chic-e-decollete-vertiginosi\/","og_site_name":"Fan site S\u00e9bastien Auzi\u00e8re","article_published_time":"2026-04-11T07:13:35+00:00","article_modified_time":"2026-04-11T07:13:59+00:00","og_image":[{"width":2560,"height":1429,"url":"https:\/\/www.sebastien-auziere.fr\/blog\/wp-content\/uploads\/2026\/04\/Brigitte-Macron-au-Vatican-un-look-sophistique-entre-chignon-raffine-robe-midi-chic-et-escarpins-vertigineux.jpg","type":"image\/jpeg"}],"author":"Chloe Gauthier","twitter_card":"summary_large_image","twitter_misc":{"\u00c9crit par":"Chloe Gauthier","Dur\u00e9e de lecture estim\u00e9e":"2 minutes"},"schema":{"@context":"https:\/\/schema.org","@graph":[{"@type":"Article","@id":"https:\/\/www.sebastien-auziere.fr\/blog\/it\/brigitte-macron-in-vaticano-un-look-sofisticato-tra-chignon-raffinato-abito-midi-chic-e-decollete-vertiginosi\/#article","isPartOf":{"@id":"https:\/\/www.sebastien-auziere.fr\/blog\/it\/brigitte-macron-in-vaticano-un-look-sofisticato-tra-chignon-raffinato-abito-midi-chic-e-decollete-vertiginosi\/"},"author":{"name":"Chloe Gauthier","@id":"https:\/\/www.sebastien-auziere.fr\/blog\/#\/schema\/person\/149f1acdbfd85149c6c3e59adeae2f4d"},"headline":"Brigitte Macron in Vaticano: un look sofisticato tra chignon raffinato, abito midi chic e d\u00e9collet\u00e9 vertiginosi","datePublished":"2026-04-11T07:13:35+00:00","dateModified":"2026-04-11T07:13:59+00:00","mainEntityOfPage":{"@id":"https:\/\/www.sebastien-auziere.fr\/blog\/it\/brigitte-macron-in-vaticano-un-look-sofisticato-tra-chignon-raffinato-abito-midi-chic-e-decollete-vertiginosi\/"},"wordCount":460,"commentCount":0,"publisher":{"@id":"https:\/\/www.sebastien-auziere.fr\/blog\/#organization"},"image":{"@id":"https:\/\/www.sebastien-auziere.fr\/blog\/it\/brigitte-macron-in-vaticano-un-look-sofisticato-tra-chignon-raffinato-abito-midi-chic-e-decollete-vertiginosi\/#primaryimage"},"thumbnailUrl":"https:\/\/www.sebastien-auziere.fr\/blog\/wp-content\/uploads\/2026\/04\/Brigitte-Macron-au-Vatican-un-look-sophistique-entre-chignon-raffine-robe-midi-chic-et-escarpins-vertigineux.jpg","keywords":["brigitte macron","chignon raffinato","look sofisticato","robe midi","vaticano"],"articleSection":["Actualit\u00e0"],"inLanguage":"fr-FR","potentialAction":[{"@type":"CommentAction","name":"Comment","target":["https:\/\/www.sebastien-auziere.fr\/blog\/it\/brigitte-macron-in-vaticano-un-look-sofisticato-tra-chignon-raffinato-abito-midi-chic-e-decollete-vertiginosi\/#respond"]}]},{"@type":"WebPage","@id":"https:\/\/www.sebastien-auziere.fr\/blog\/it\/brigitte-macron-in-vaticano-un-look-sofisticato-tra-chignon-raffinato-abito-midi-chic-e-decollete-vertiginosi\/","url":"https:\/\/www.sebastien-auziere.fr\/blog\/it\/brigitte-macron-in-vaticano-un-look-sofisticato-tra-chignon-raffinato-abito-midi-chic-e-decollete-vertiginosi\/","name":"Brigitte Macron in Vaticano: un look sofisticato tra chignon raffinato, abito midi chic e d\u00e9collet\u00e9 vertiginosi - Fan site S\u00e9bastien Auzi\u00e8re","isPartOf":{"@id":"https:\/\/www.sebastien-auziere.fr\/blog\/#website"},"primaryImageOfPage":{"@id":"https:\/\/www.sebastien-auziere.fr\/blog\/it\/brigitte-macron-in-vaticano-un-look-sofisticato-tra-chignon-raffinato-abito-midi-chic-e-decollete-vertiginosi\/#primaryimage"},"image":{"@id":"https:\/\/www.sebastien-auziere.fr\/blog\/it\/brigitte-macron-in-vaticano-un-look-sofisticato-tra-chignon-raffinato-abito-midi-chic-e-decollete-vertiginosi\/#primaryimage"},"thumbnailUrl":"https:\/\/www.sebastien-auziere.fr\/blog\/wp-content\/uploads\/2026\/04\/Brigitte-Macron-au-Vatican-un-look-sophistique-entre-chignon-raffine-robe-midi-chic-et-escarpins-vertigineux.jpg","datePublished":"2026-04-11T07:13:35+00:00","dateModified":"2026-04-11T07:13:59+00:00","description":"D\u00e9couvrez le look sophistiqu\u00e9 de Brigitte Macron au Vatican : chignon raffin\u00e9, robe midi chic et escarpins vertigineux \u00e9l\u00e9gants.","breadcrumb":{"@id":"https:\/\/www.sebastien-auziere.fr\/blog\/it\/brigitte-macron-in-vaticano-un-look-sofisticato-tra-chignon-raffinato-abito-midi-chic-e-decollete-vertiginosi\/#breadcrumb"},"inLanguage":"fr-FR","potentialAction":[{"@type":"ReadAction","target":["https:\/\/www.sebastien-auziere.fr\/blog\/it\/brigitte-macron-in-vaticano-un-look-sofisticato-tra-chignon-raffinato-abito-midi-chic-e-decollete-vertiginosi\/"]}]},{"@type":"ImageObject","inLanguage":"fr-FR","@id":"https:\/\/www.sebastien-auziere.fr\/blog\/it\/brigitte-macron-in-vaticano-un-look-sofisticato-tra-chignon-raffinato-abito-midi-chic-e-decollete-vertiginosi\/#primaryimage","url":"https:\/\/www.sebastien-auziere.fr\/blog\/wp-content\/uploads\/2026\/04\/Brigitte-Macron-au-Vatican-un-look-sophistique-entre-chignon-raffine-robe-midi-chic-et-escarpins-vertigineux.jpg","contentUrl":"https:\/\/www.sebastien-auziere.fr\/blog\/wp-content\/uploads\/2026\/04\/Brigitte-Macron-au-Vatican-un-look-sophistique-entre-chignon-raffine-robe-midi-chic-et-escarpins-vertigineux.jpg","width":2560,"height":1429,"caption":"d\u00e9couvrez le style \u00e9l\u00e9gant de brigitte macron au vatican avec un chignon raffin\u00e9, une robe midi chic et des escarpins vertigineux, alliant sophistication et modernit\u00e9."},{"@type":"BreadcrumbList","@id":"https:\/\/www.sebastien-auziere.fr\/blog\/it\/brigitte-macron-in-vaticano-un-look-sofisticato-tra-chignon-raffinato-abito-midi-chic-e-decollete-vertiginosi\/#breadcrumb","itemListElement":[{"@type":"ListItem","position":1,"name":"Home","item":"https:\/\/www.sebastien-auziere.fr\/blog\/"},{"@type":"ListItem","position":2,"name":"Brigitte Macron in Vaticano: un look sofisticato tra chignon raffinato, abito midi chic e d\u00e9collet\u00e9 vertiginosi"}]},{"@type":"WebSite","@id":"https:\/\/www.sebastien-auziere.fr\/blog\/#website","url":"https:\/\/www.sebastien-auziere.fr\/blog\/","name":"Fan site S\u00e9bastien Auzi\u00e8re","description":"M\u00e9dia g\u00e9n\u00e9raliste","publisher":{"@id":"https:\/\/www.sebastien-auziere.fr\/blog\/#organization"},"potentialAction":[{"@type":"SearchAction","target":{"@type":"EntryPoint","urlTemplate":"https:\/\/www.sebastien-auziere.fr\/blog\/?s={search_term_string}"},"query-input":{"@type":"PropertyValueSpecification","valueRequired":true,"valueName":"search_term_string"}}],"inLanguage":"fr-FR"},{"@type":"Organization","@id":"https:\/\/www.sebastien-auziere.fr\/blog\/#organization","name":"Fan site S\u00e9bastien Auzi\u00e8re","url":"https:\/\/www.sebastien-auziere.fr\/blog\/","logo":{"@type":"ImageObject","inLanguage":"fr-FR","@id":"https:\/\/www.sebastien-auziere.fr\/blog\/#\/schema\/logo\/image\/","url":"https:\/\/www.sebastien-auziere.fr\/blog\/wp-content\/uploads\/2026\/03\/cropped-cropped-cropped-ChatGPT-Image-6-mars-2026-12_58_09-e1772798376794.jpg","contentUrl":"https:\/\/www.sebastien-auziere.fr\/blog\/wp-content\/uploads\/2026\/03\/cropped-cropped-cropped-ChatGPT-Image-6-mars-2026-12_58_09-e1772798376794.jpg","width":512,"height":360,"caption":"Fan site S\u00e9bastien Auzi\u00e8re"},"image":{"@id":"https:\/\/www.sebastien-auziere.fr\/blog\/#\/schema\/logo\/image\/"}},{"@type":"Person","@id":"https:\/\/www.sebastien-auziere.fr\/blog\/#\/schema\/person\/149f1acdbfd85149c6c3e59adeae2f4d","name":"Chloe Gauthier","image":{"@type":"ImageObject","inLanguage":"fr-FR","@id":"https:\/\/secure.gravatar.com\/avatar\/2c5722f58171cff738a8985ef0dd66b476e563753246a49019befc837ec4201a?s=96&d=mm&r=g","url":"https:\/\/secure.gravatar.com\/avatar\/2c5722f58171cff738a8985ef0dd66b476e563753246a49019befc837ec4201a?s=96&d=mm&r=g","contentUrl":"https:\/\/secure.gravatar.com\/avatar\/2c5722f58171cff738a8985ef0dd66b476e563753246a49019befc837ec4201a?s=96&d=mm&r=g","caption":"Chloe Gauthier"},"description":"Passionn\u00e9e par la politique et admiratrice engag\u00e9e de la famille Macron, je consacre mon \u00e9nergie \u00e0 suivre leurs initiatives et \u00e0 promouvoir leurs id\u00e9es. \u00c0 32 ans, je suis convaincue que leur vision est porteuse d'avenir.","url":"https:\/\/www.sebastien-auziere.fr\/blog\/author\/chloe-gauthier\/"}]}},"views":4,"_links":{"self":[{"href":"https:\/\/www.sebastien-auziere.fr\/blog\/wp-json\/wp\/v2\/posts\/2942","targetHints":{"allow":["GET"]}}],"collection":[{"href":"https:\/\/www.sebastien-auziere.fr\/blog\/wp-json\/wp\/v2\/posts"}],"about":[{"href":"https:\/\/www.sebastien-auziere.fr\/blog\/wp-json\/wp\/v2\/types\/post"}],"author":[{"embeddable":true,"href":"https:\/\/www.sebastien-auziere.fr\/blog\/wp-json\/wp\/v2\/users\/9"}],"replies":[{"embeddable":true,"href":"https:\/\/www.sebastien-auziere.fr\/blog\/wp-json\/wp\/v2\/comments?post=2942"}],"version-history":[{"count":1,"href":"https:\/\/www.sebastien-auziere.fr\/blog\/wp-json\/wp\/v2\/posts\/2942\/revisions"}],"predecessor-version":[{"id":2943,"href":"https:\/\/www.sebastien-auziere.fr\/blog\/wp-json\/wp\/v2\/posts\/2942\/revisions\/2943"}],"wp:featuredmedia":[{"embeddable":true,"href":"https:\/\/www.sebastien-auziere.fr\/blog\/wp-json\/wp\/v2\/media\/2934"}],"wp:attachment":[{"href":"https:\/\/www.sebastien-auziere.fr\/blog\/wp-json\/wp\/v2\/media?parent=2942"}],"wp:term":[{"taxonomy":"category","embeddable":true,"href":"https:\/\/www.sebastien-auziere.fr\/blog\/wp-json\/wp\/v2\/categories?post=2942"},{"taxonomy":"post_tag","embeddable":true,"href":"https:\/\/www.sebastien-auziere.fr\/blog\/wp-json\/wp\/v2\/tags?post=2942"}],"curies":[{"name":"wp","href":"https:\/\/api.w.org\/{rel}","templated":true}]}}