{"id":2940,"date":"2026-04-11T07:12:24","date_gmt":"2026-04-11T07:12:24","guid":{"rendered":"https:\/\/www.sebastien-auziere.fr\/blog\/?p=2940"},"modified":"2026-04-11T07:12:47","modified_gmt":"2026-04-11T07:12:47","slug":"brigitte-macron-im-vatikan-ein-elegantes-outfit-zwischen-raffiniertem-chignon-schicker-midikleid-und-schwindelerregenden-pumps","status":"publish","type":"post","link":"https:\/\/www.sebastien-auziere.fr\/blog\/de\/brigitte-macron-im-vatikan-ein-elegantes-outfit-zwischen-raffiniertem-chignon-schicker-midikleid-und-schwindelerregenden-pumps\/","title":{"rendered":"Brigitte Macron im Vatikan: ein elegantes Outfit zwischen raffiniertem Chignon, schicker Midikleid und schwindelerregenden Pumps"},"content":{"rendered":"<p><strong>Brigitte Macron<\/strong> kam am 10. April 2026 im <strong>Vatikans<\/strong> in einem <strong>gehobenen Look<\/strong>, der sofort f\u00fcr Gespr\u00e4chsstoff sorgte: <strong>raffinierter Dutt<\/strong>, schwarze <strong>Midi-Kleid<\/strong> und schwindelerregende Pumps. Die Audienz beim Papst <strong>L\u00e9on XIV<\/strong> hielt sich an das strenge Protokoll, das nach den Osterfeiern auferlegt wurde.<\/p>\n\n<p><strong>Kurz gesagt<\/strong>: monochrome Silhouette, strukturiert durch einen tonalen G\u00fcrtel, ein Spitzen-Schal, eine kleine My Dior-Tasche aus gestepptem Leder und halbtransparente Strumpfhosen. Diese Kombination aus <strong>schickem Kleid<\/strong> und modernen Accessoires verk\u00f6rpert die <strong>franz\u00f6sische Eleganz<\/strong>, w\u00e4hrend sie die Feierlichkeit des Ortes respektiert.<\/p>\n\n<h2 class=\"wp-block-heading\">Brigitte Macron im Vatikan: ein <strong>gehobener Look<\/strong>, der dem Protokoll entspricht<\/h2>\n\n<p>Das Pr\u00e4sidentenpaar, das am 10. April 2026 ankam, wurde im Vatikan vom Papst <strong>L\u00e9on XIV<\/strong> empfangen, w\u00e4hrend eines Besuchs, der vom \u00c9lys\u00e9e initiiert wurde, um den Dialog mit dem Heiligen Stuhl aufrechtzuerhalten. Treu dem Dresscode w\u00e4hlte die First Lady ein komplett schwarzes Outfit, Symbol der Demut. Das Midi-Kleid, strukturiert durch einen feinen G\u00fcrtel, wurde von einer kleinen My Dior-Tasche und spitz zulaufenden Pumps begleitet, die die Aufmerksamkeit der Beobachter auf sich zogen.<\/p>\n\n<h3 class=\"wp-block-heading\">Der <strong>raffinierte Dutt<\/strong>: die Frisur, die verzaubert<\/h3>\n\n<p>Die gew\u00e4hlte Frisur ist ein \u00fcberarbeiteter Bananen-Dutt, leicht gelockert mit einigen Str\u00e4hnen, die das Gesicht umrahmen, was eine \u00fcbliche Signatur der First Lady darstellt. Die von <strong>Express UK<\/strong> zitierten Experten weisen auf die nat\u00fcrliche \u201eLifting\u201c-Wirkung eines solchen Dutt hin, der die Gesichtsz\u00fcge betont und den Blick hervorhebt. Du wirst bemerken, dass dieser Stil, schlicht und kontrolliert, die Feierlichkeit des Augenblicks perfekt mit der Modernit\u00e4t einer <strong>selbstbewussten Damenmode<\/strong> in Einklang bringt.<\/p>\n\n<p>Diese Frisur rundet das Gesamtbild mit einer diskreten Eleganz ab und hebt die Koh\u00e4renz des Looks hervor.<\/p>\n\n<h2 class=\"wp-block-heading\">Das <strong>Midi-Kleid<\/strong> und die <strong>schwindelerregenden Pumps<\/strong>, Couture-Details<\/h2>\n\n<p>Das von der First Lady getragene <strong>schicke Kleid<\/strong> setzt auf die Midi-L\u00e4nge, eine dezente Passform und einen tonalen G\u00fcrtel zur Strukturierung der Silhouette. Der strukturierte Spitzenschal bringt eine feminine Note, ohne die Feierlichkeit zu brechen. Die kleine My Dior-Tasche aus Lammleder und die hohen Pumps runden das Ensemble ab und zeigen, wie ein protokollarisches Outfit durchaus modisch bleiben kann, w\u00e4hrend es die Etikette respektiert.<\/p>\n\n<h3 class=\"wp-block-heading\">Einfluss auf die <strong>Damenmode<\/strong> und die <strong>franz\u00f6sische Eleganz<\/strong><\/h3>\n\n<p>Dieser Auftritt verst\u00e4rkt den Einfluss von Brigitte Macron auf die <strong>Damenmode<\/strong> von heute und ihren Sinn f\u00fcr klare Linien. Beobachter von <a href=\"https:\/\/www.gala.fr\/l_actu\/news_de_stars\/brigitte-macron-recue-par-le-pape-leon-xiv-au-vatican-ce-dress-code-qu-elle-sera-obligee-de-respecter-20260409\">Gala<\/a> und der Datei von <a href=\"https:\/\/www.vogue.fr\/article\/brigitte-macron-chic-francais-style-looks\">Vogue<\/a> heben die F\u00e4higkeit der First Lady hervor, Tradition und Couture zu vereinen. Du wirst sehen, dass jede Wahl \u2014 vom Dutt bis zum Pumps \u2014 eine diskrete Botschaft \u00fcber das \u00f6ffentliche Image sendet.<\/p>\n\n<p>Um mehr \u00fcber die stilistischen Einfl\u00fcsse und die Verbindungen zwischen der Familie Macron und ihren Angeh\u00f6rigen zu erfahren, erkunde ein <a href=\"https:\/\/www.sebastien-auziere.fr\/blog\/brigitte-macron-veste-epaulettes\/\">Dossier \u00fcber Brigitte Macron<\/a> oder eine <a href=\"https:\/\/www.sebastien-auziere.fr\/blog\/nuance-elegante-zendaya\/\">Modeanalyse von S\u00e9bastien Auzi\u00e8re<\/a> auf sebastien-auziere.fr und tauche weiter in die Welt der Familie Macron ein.<\/p>","protected":false},"excerpt":{"rendered":"<p>Brigitte Macron kam am 10. April 2026 im Vatikans in einem gehobenen Look, der sofort f\u00fcr Gespr\u00e4chsstoff sorgte: raffinierter Dutt, schwarze Midi-Kleid und schwindelerregende Pumps. Die Audienz beim Papst L\u00e9on XIV hielt sich an das strenge Protokoll, das nach den Osterfeiern auferlegt wurde. Kurz gesagt: monochrome Silhouette, strukturiert durch einen tonalen G\u00fcrtel, ein Spitzen-Schal, eine &#8230; <a title=\"Brigitte Macron im Vatikan: ein elegantes Outfit zwischen raffiniertem Chignon, schicker Midikleid und schwindelerregenden Pumps\" class=\"read-more\" href=\"https:\/\/www.sebastien-auziere.fr\/blog\/de\/brigitte-macron-im-vatikan-ein-elegantes-outfit-zwischen-raffiniertem-chignon-schicker-midikleid-und-schwindelerregenden-pumps\/\" aria-label=\"En savoir plus sur Brigitte Macron im Vatikan: ein elegantes Outfit zwischen raffiniertem Chignon, schicker Midikleid und schwindelerregenden Pumps\">Lire plus<\/a><\/p>\n","protected":false},"author":9,"featured_media":2934,"comment_status":"open","ping_status":"open","sticky":false,"template":"","format":"standard","meta":{"footnotes":""},"categories":[856],"tags":[929,2479,2482,2485,2141],"class_list":["post-2940","post","type-post","status-publish","format-standard","has-post-thumbnail","hentry","category-aktuelles-de","tag-brigitte-macron-de","tag-chignon-elegant-de","tag-look-sophisticated-de","tag-robe-midi-de","tag-vatican-de"],"yoast_head":"<!-- This site is optimized with the Yoast SEO plugin v27.5 - https:\/\/yoast.com\/product\/yoast-seo-wordpress\/ -->\n<title>Brigitte Macron im Vatikan: ein elegantes Outfit zwischen raffiniertem Chignon, schicker Midikleid und schwindelerregenden Pumps - Fan site S\u00e9bastien Auzi\u00e8re<\/title>\n<meta name=\"description\" content=\"D\u00e9couvrez le look sophistiqu\u00e9 de Brigitte Macron au Vatican : chignon raffin\u00e9, robe midi chic et escarpins vertigineux \u00e9l\u00e9gants.\" \/>\n<meta name=\"robots\" content=\"index, follow, max-snippet:-1, max-image-preview:large, max-video-preview:-1\" \/>\n<link rel=\"canonical\" href=\"https:\/\/www.sebastien-auziere.fr\/blog\/de\/brigitte-macron-im-vatikan-ein-elegantes-outfit-zwischen-raffiniertem-chignon-schicker-midikleid-und-schwindelerregenden-pumps\/\" \/>\n<meta property=\"og:locale\" content=\"fr_FR\" \/>\n<meta property=\"og:type\" content=\"article\" \/>\n<meta property=\"og:title\" content=\"Brigitte Macron im Vatikan: ein elegantes Outfit zwischen raffiniertem Chignon, schicker Midikleid und schwindelerregenden Pumps - Fan site S\u00e9bastien Auzi\u00e8re\" \/>\n<meta property=\"og:description\" content=\"D\u00e9couvrez le look sophistiqu\u00e9 de Brigitte Macron au Vatican : chignon raffin\u00e9, robe midi chic et escarpins vertigineux \u00e9l\u00e9gants.\" \/>\n<meta property=\"og:url\" content=\"https:\/\/www.sebastien-auziere.fr\/blog\/de\/brigitte-macron-im-vatikan-ein-elegantes-outfit-zwischen-raffiniertem-chignon-schicker-midikleid-und-schwindelerregenden-pumps\/\" \/>\n<meta property=\"og:site_name\" content=\"Fan site S\u00e9bastien Auzi\u00e8re\" \/>\n<meta property=\"article:published_time\" content=\"2026-04-11T07:12:24+00:00\" \/>\n<meta property=\"article:modified_time\" content=\"2026-04-11T07:12:47+00:00\" \/>\n<meta property=\"og:image\" content=\"https:\/\/www.sebastien-auziere.fr\/blog\/wp-content\/uploads\/2026\/04\/Brigitte-Macron-au-Vatican-un-look-sophistique-entre-chignon-raffine-robe-midi-chic-et-escarpins-vertigineux.jpg\" \/>\n\t<meta property=\"og:image:width\" content=\"2560\" \/>\n\t<meta property=\"og:image:height\" content=\"1429\" \/>\n\t<meta property=\"og:image:type\" content=\"image\/jpeg\" \/>\n<meta name=\"author\" content=\"Chloe Gauthier\" \/>\n<meta name=\"twitter:card\" content=\"summary_large_image\" \/>\n<meta name=\"twitter:label1\" content=\"\u00c9crit par\" \/>\n\t<meta name=\"twitter:data1\" content=\"Chloe Gauthier\" \/>\n\t<meta name=\"twitter:label2\" content=\"Dur\u00e9e de lecture estim\u00e9e\" \/>\n\t<meta name=\"twitter:data2\" content=\"2 minutes\" \/>\n<script type=\"application\/ld+json\" class=\"yoast-schema-graph\">{\"@context\":\"https:\\\/\\\/schema.org\",\"@graph\":[{\"@type\":\"Article\",\"@id\":\"https:\\\/\\\/www.sebastien-auziere.fr\\\/blog\\\/de\\\/brigitte-macron-im-vatikan-ein-elegantes-outfit-zwischen-raffiniertem-chignon-schicker-midikleid-und-schwindelerregenden-pumps\\\/#article\",\"isPartOf\":{\"@id\":\"https:\\\/\\\/www.sebastien-auziere.fr\\\/blog\\\/de\\\/brigitte-macron-im-vatikan-ein-elegantes-outfit-zwischen-raffiniertem-chignon-schicker-midikleid-und-schwindelerregenden-pumps\\\/\"},\"author\":{\"name\":\"Chloe Gauthier\",\"@id\":\"https:\\\/\\\/www.sebastien-auziere.fr\\\/blog\\\/#\\\/schema\\\/person\\\/149f1acdbfd85149c6c3e59adeae2f4d\"},\"headline\":\"Brigitte Macron im Vatikan: ein elegantes Outfit zwischen raffiniertem Chignon, schicker Midikleid und schwindelerregenden Pumps\",\"datePublished\":\"2026-04-11T07:12:24+00:00\",\"dateModified\":\"2026-04-11T07:12:47+00:00\",\"mainEntityOfPage\":{\"@id\":\"https:\\\/\\\/www.sebastien-auziere.fr\\\/blog\\\/de\\\/brigitte-macron-im-vatikan-ein-elegantes-outfit-zwischen-raffiniertem-chignon-schicker-midikleid-und-schwindelerregenden-pumps\\\/\"},\"wordCount\":482,\"commentCount\":0,\"publisher\":{\"@id\":\"https:\\\/\\\/www.sebastien-auziere.fr\\\/blog\\\/#organization\"},\"image\":{\"@id\":\"https:\\\/\\\/www.sebastien-auziere.fr\\\/blog\\\/de\\\/brigitte-macron-im-vatikan-ein-elegantes-outfit-zwischen-raffiniertem-chignon-schicker-midikleid-und-schwindelerregenden-pumps\\\/#primaryimage\"},\"thumbnailUrl\":\"https:\\\/\\\/www.sebastien-auziere.fr\\\/blog\\\/wp-content\\\/uploads\\\/2026\\\/04\\\/Brigitte-Macron-au-Vatican-un-look-sophistique-entre-chignon-raffine-robe-midi-chic-et-escarpins-vertigineux.jpg\",\"keywords\":[\"brigitte macron\",\"chignon elegant\",\"look sophisticated\",\"robe midi\",\"vatican\"],\"articleSection\":[\"Aktuelles\"],\"inLanguage\":\"fr-FR\",\"potentialAction\":[{\"@type\":\"CommentAction\",\"name\":\"Comment\",\"target\":[\"https:\\\/\\\/www.sebastien-auziere.fr\\\/blog\\\/de\\\/brigitte-macron-im-vatikan-ein-elegantes-outfit-zwischen-raffiniertem-chignon-schicker-midikleid-und-schwindelerregenden-pumps\\\/#respond\"]}]},{\"@type\":\"WebPage\",\"@id\":\"https:\\\/\\\/www.sebastien-auziere.fr\\\/blog\\\/de\\\/brigitte-macron-im-vatikan-ein-elegantes-outfit-zwischen-raffiniertem-chignon-schicker-midikleid-und-schwindelerregenden-pumps\\\/\",\"url\":\"https:\\\/\\\/www.sebastien-auziere.fr\\\/blog\\\/de\\\/brigitte-macron-im-vatikan-ein-elegantes-outfit-zwischen-raffiniertem-chignon-schicker-midikleid-und-schwindelerregenden-pumps\\\/\",\"name\":\"Brigitte Macron im Vatikan: ein elegantes Outfit zwischen raffiniertem Chignon, schicker Midikleid und schwindelerregenden Pumps - Fan site S\u00e9bastien Auzi\u00e8re\",\"isPartOf\":{\"@id\":\"https:\\\/\\\/www.sebastien-auziere.fr\\\/blog\\\/#website\"},\"primaryImageOfPage\":{\"@id\":\"https:\\\/\\\/www.sebastien-auziere.fr\\\/blog\\\/de\\\/brigitte-macron-im-vatikan-ein-elegantes-outfit-zwischen-raffiniertem-chignon-schicker-midikleid-und-schwindelerregenden-pumps\\\/#primaryimage\"},\"image\":{\"@id\":\"https:\\\/\\\/www.sebastien-auziere.fr\\\/blog\\\/de\\\/brigitte-macron-im-vatikan-ein-elegantes-outfit-zwischen-raffiniertem-chignon-schicker-midikleid-und-schwindelerregenden-pumps\\\/#primaryimage\"},\"thumbnailUrl\":\"https:\\\/\\\/www.sebastien-auziere.fr\\\/blog\\\/wp-content\\\/uploads\\\/2026\\\/04\\\/Brigitte-Macron-au-Vatican-un-look-sophistique-entre-chignon-raffine-robe-midi-chic-et-escarpins-vertigineux.jpg\",\"datePublished\":\"2026-04-11T07:12:24+00:00\",\"dateModified\":\"2026-04-11T07:12:47+00:00\",\"description\":\"D\u00e9couvrez le look sophistiqu\u00e9 de Brigitte Macron au Vatican : chignon raffin\u00e9, robe midi chic et escarpins vertigineux \u00e9l\u00e9gants.\",\"breadcrumb\":{\"@id\":\"https:\\\/\\\/www.sebastien-auziere.fr\\\/blog\\\/de\\\/brigitte-macron-im-vatikan-ein-elegantes-outfit-zwischen-raffiniertem-chignon-schicker-midikleid-und-schwindelerregenden-pumps\\\/#breadcrumb\"},\"inLanguage\":\"fr-FR\",\"potentialAction\":[{\"@type\":\"ReadAction\",\"target\":[\"https:\\\/\\\/www.sebastien-auziere.fr\\\/blog\\\/de\\\/brigitte-macron-im-vatikan-ein-elegantes-outfit-zwischen-raffiniertem-chignon-schicker-midikleid-und-schwindelerregenden-pumps\\\/\"]}]},{\"@type\":\"ImageObject\",\"inLanguage\":\"fr-FR\",\"@id\":\"https:\\\/\\\/www.sebastien-auziere.fr\\\/blog\\\/de\\\/brigitte-macron-im-vatikan-ein-elegantes-outfit-zwischen-raffiniertem-chignon-schicker-midikleid-und-schwindelerregenden-pumps\\\/#primaryimage\",\"url\":\"https:\\\/\\\/www.sebastien-auziere.fr\\\/blog\\\/wp-content\\\/uploads\\\/2026\\\/04\\\/Brigitte-Macron-au-Vatican-un-look-sophistique-entre-chignon-raffine-robe-midi-chic-et-escarpins-vertigineux.jpg\",\"contentUrl\":\"https:\\\/\\\/www.sebastien-auziere.fr\\\/blog\\\/wp-content\\\/uploads\\\/2026\\\/04\\\/Brigitte-Macron-au-Vatican-un-look-sophistique-entre-chignon-raffine-robe-midi-chic-et-escarpins-vertigineux.jpg\",\"width\":2560,\"height\":1429,\"caption\":\"d\u00e9couvrez le style \u00e9l\u00e9gant de brigitte macron au vatican avec un chignon raffin\u00e9, une robe midi chic et des escarpins vertigineux, alliant sophistication et modernit\u00e9.\"},{\"@type\":\"BreadcrumbList\",\"@id\":\"https:\\\/\\\/www.sebastien-auziere.fr\\\/blog\\\/de\\\/brigitte-macron-im-vatikan-ein-elegantes-outfit-zwischen-raffiniertem-chignon-schicker-midikleid-und-schwindelerregenden-pumps\\\/#breadcrumb\",\"itemListElement\":[{\"@type\":\"ListItem\",\"position\":1,\"name\":\"Home\",\"item\":\"https:\\\/\\\/www.sebastien-auziere.fr\\\/blog\\\/\"},{\"@type\":\"ListItem\",\"position\":2,\"name\":\"Brigitte Macron im Vatikan: ein elegantes Outfit zwischen raffiniertem Chignon, schicker Midikleid und schwindelerregenden Pumps\"}]},{\"@type\":\"WebSite\",\"@id\":\"https:\\\/\\\/www.sebastien-auziere.fr\\\/blog\\\/#website\",\"url\":\"https:\\\/\\\/www.sebastien-auziere.fr\\\/blog\\\/\",\"name\":\"Fan site S\u00e9bastien Auzi\u00e8re\",\"description\":\"M\u00e9dia g\u00e9n\u00e9raliste\",\"publisher\":{\"@id\":\"https:\\\/\\\/www.sebastien-auziere.fr\\\/blog\\\/#organization\"},\"potentialAction\":[{\"@type\":\"SearchAction\",\"target\":{\"@type\":\"EntryPoint\",\"urlTemplate\":\"https:\\\/\\\/www.sebastien-auziere.fr\\\/blog\\\/?s={search_term_string}\"},\"query-input\":{\"@type\":\"PropertyValueSpecification\",\"valueRequired\":true,\"valueName\":\"search_term_string\"}}],\"inLanguage\":\"fr-FR\"},{\"@type\":\"Organization\",\"@id\":\"https:\\\/\\\/www.sebastien-auziere.fr\\\/blog\\\/#organization\",\"name\":\"Fan site S\u00e9bastien Auzi\u00e8re\",\"url\":\"https:\\\/\\\/www.sebastien-auziere.fr\\\/blog\\\/\",\"logo\":{\"@type\":\"ImageObject\",\"inLanguage\":\"fr-FR\",\"@id\":\"https:\\\/\\\/www.sebastien-auziere.fr\\\/blog\\\/#\\\/schema\\\/logo\\\/image\\\/\",\"url\":\"https:\\\/\\\/www.sebastien-auziere.fr\\\/blog\\\/wp-content\\\/uploads\\\/2026\\\/03\\\/cropped-cropped-cropped-ChatGPT-Image-6-mars-2026-12_58_09-e1772798376794.jpg\",\"contentUrl\":\"https:\\\/\\\/www.sebastien-auziere.fr\\\/blog\\\/wp-content\\\/uploads\\\/2026\\\/03\\\/cropped-cropped-cropped-ChatGPT-Image-6-mars-2026-12_58_09-e1772798376794.jpg\",\"width\":512,\"height\":360,\"caption\":\"Fan site S\u00e9bastien Auzi\u00e8re\"},\"image\":{\"@id\":\"https:\\\/\\\/www.sebastien-auziere.fr\\\/blog\\\/#\\\/schema\\\/logo\\\/image\\\/\"}},{\"@type\":\"Person\",\"@id\":\"https:\\\/\\\/www.sebastien-auziere.fr\\\/blog\\\/#\\\/schema\\\/person\\\/149f1acdbfd85149c6c3e59adeae2f4d\",\"name\":\"Chloe Gauthier\",\"image\":{\"@type\":\"ImageObject\",\"inLanguage\":\"fr-FR\",\"@id\":\"https:\\\/\\\/secure.gravatar.com\\\/avatar\\\/2c5722f58171cff738a8985ef0dd66b476e563753246a49019befc837ec4201a?s=96&d=mm&r=g\",\"url\":\"https:\\\/\\\/secure.gravatar.com\\\/avatar\\\/2c5722f58171cff738a8985ef0dd66b476e563753246a49019befc837ec4201a?s=96&d=mm&r=g\",\"contentUrl\":\"https:\\\/\\\/secure.gravatar.com\\\/avatar\\\/2c5722f58171cff738a8985ef0dd66b476e563753246a49019befc837ec4201a?s=96&d=mm&r=g\",\"caption\":\"Chloe Gauthier\"},\"description\":\"Passionn\u00e9e par la politique et admiratrice engag\u00e9e de la famille Macron, je consacre mon \u00e9nergie \u00e0 suivre leurs initiatives et \u00e0 promouvoir leurs id\u00e9es. \u00c0 32 ans, je suis convaincue que leur vision est porteuse d'avenir.\",\"url\":\"https:\\\/\\\/www.sebastien-auziere.fr\\\/blog\\\/author\\\/chloe-gauthier\\\/\"}]}<\/script>\n<!-- \/ Yoast SEO plugin. -->","yoast_head_json":{"title":"Brigitte Macron im Vatikan: ein elegantes Outfit zwischen raffiniertem Chignon, schicker Midikleid und schwindelerregenden Pumps - Fan site S\u00e9bastien Auzi\u00e8re","description":"D\u00e9couvrez le look sophistiqu\u00e9 de Brigitte Macron au Vatican : chignon raffin\u00e9, robe midi chic et escarpins vertigineux \u00e9l\u00e9gants.","robots":{"index":"index","follow":"follow","max-snippet":"max-snippet:-1","max-image-preview":"max-image-preview:large","max-video-preview":"max-video-preview:-1"},"canonical":"https:\/\/www.sebastien-auziere.fr\/blog\/de\/brigitte-macron-im-vatikan-ein-elegantes-outfit-zwischen-raffiniertem-chignon-schicker-midikleid-und-schwindelerregenden-pumps\/","og_locale":"fr_FR","og_type":"article","og_title":"Brigitte Macron im Vatikan: ein elegantes Outfit zwischen raffiniertem Chignon, schicker Midikleid und schwindelerregenden Pumps - Fan site S\u00e9bastien Auzi\u00e8re","og_description":"D\u00e9couvrez le look sophistiqu\u00e9 de Brigitte Macron au Vatican : chignon raffin\u00e9, robe midi chic et escarpins vertigineux \u00e9l\u00e9gants.","og_url":"https:\/\/www.sebastien-auziere.fr\/blog\/de\/brigitte-macron-im-vatikan-ein-elegantes-outfit-zwischen-raffiniertem-chignon-schicker-midikleid-und-schwindelerregenden-pumps\/","og_site_name":"Fan site S\u00e9bastien Auzi\u00e8re","article_published_time":"2026-04-11T07:12:24+00:00","article_modified_time":"2026-04-11T07:12:47+00:00","og_image":[{"width":2560,"height":1429,"url":"https:\/\/www.sebastien-auziere.fr\/blog\/wp-content\/uploads\/2026\/04\/Brigitte-Macron-au-Vatican-un-look-sophistique-entre-chignon-raffine-robe-midi-chic-et-escarpins-vertigineux.jpg","type":"image\/jpeg"}],"author":"Chloe Gauthier","twitter_card":"summary_large_image","twitter_misc":{"\u00c9crit par":"Chloe Gauthier","Dur\u00e9e de lecture estim\u00e9e":"2 minutes"},"schema":{"@context":"https:\/\/schema.org","@graph":[{"@type":"Article","@id":"https:\/\/www.sebastien-auziere.fr\/blog\/de\/brigitte-macron-im-vatikan-ein-elegantes-outfit-zwischen-raffiniertem-chignon-schicker-midikleid-und-schwindelerregenden-pumps\/#article","isPartOf":{"@id":"https:\/\/www.sebastien-auziere.fr\/blog\/de\/brigitte-macron-im-vatikan-ein-elegantes-outfit-zwischen-raffiniertem-chignon-schicker-midikleid-und-schwindelerregenden-pumps\/"},"author":{"name":"Chloe Gauthier","@id":"https:\/\/www.sebastien-auziere.fr\/blog\/#\/schema\/person\/149f1acdbfd85149c6c3e59adeae2f4d"},"headline":"Brigitte Macron im Vatikan: ein elegantes Outfit zwischen raffiniertem Chignon, schicker Midikleid und schwindelerregenden Pumps","datePublished":"2026-04-11T07:12:24+00:00","dateModified":"2026-04-11T07:12:47+00:00","mainEntityOfPage":{"@id":"https:\/\/www.sebastien-auziere.fr\/blog\/de\/brigitte-macron-im-vatikan-ein-elegantes-outfit-zwischen-raffiniertem-chignon-schicker-midikleid-und-schwindelerregenden-pumps\/"},"wordCount":482,"commentCount":0,"publisher":{"@id":"https:\/\/www.sebastien-auziere.fr\/blog\/#organization"},"image":{"@id":"https:\/\/www.sebastien-auziere.fr\/blog\/de\/brigitte-macron-im-vatikan-ein-elegantes-outfit-zwischen-raffiniertem-chignon-schicker-midikleid-und-schwindelerregenden-pumps\/#primaryimage"},"thumbnailUrl":"https:\/\/www.sebastien-auziere.fr\/blog\/wp-content\/uploads\/2026\/04\/Brigitte-Macron-au-Vatican-un-look-sophistique-entre-chignon-raffine-robe-midi-chic-et-escarpins-vertigineux.jpg","keywords":["brigitte macron","chignon elegant","look sophisticated","robe midi","vatican"],"articleSection":["Aktuelles"],"inLanguage":"fr-FR","potentialAction":[{"@type":"CommentAction","name":"Comment","target":["https:\/\/www.sebastien-auziere.fr\/blog\/de\/brigitte-macron-im-vatikan-ein-elegantes-outfit-zwischen-raffiniertem-chignon-schicker-midikleid-und-schwindelerregenden-pumps\/#respond"]}]},{"@type":"WebPage","@id":"https:\/\/www.sebastien-auziere.fr\/blog\/de\/brigitte-macron-im-vatikan-ein-elegantes-outfit-zwischen-raffiniertem-chignon-schicker-midikleid-und-schwindelerregenden-pumps\/","url":"https:\/\/www.sebastien-auziere.fr\/blog\/de\/brigitte-macron-im-vatikan-ein-elegantes-outfit-zwischen-raffiniertem-chignon-schicker-midikleid-und-schwindelerregenden-pumps\/","name":"Brigitte Macron im Vatikan: ein elegantes Outfit zwischen raffiniertem Chignon, schicker Midikleid und schwindelerregenden Pumps - Fan site S\u00e9bastien Auzi\u00e8re","isPartOf":{"@id":"https:\/\/www.sebastien-auziere.fr\/blog\/#website"},"primaryImageOfPage":{"@id":"https:\/\/www.sebastien-auziere.fr\/blog\/de\/brigitte-macron-im-vatikan-ein-elegantes-outfit-zwischen-raffiniertem-chignon-schicker-midikleid-und-schwindelerregenden-pumps\/#primaryimage"},"image":{"@id":"https:\/\/www.sebastien-auziere.fr\/blog\/de\/brigitte-macron-im-vatikan-ein-elegantes-outfit-zwischen-raffiniertem-chignon-schicker-midikleid-und-schwindelerregenden-pumps\/#primaryimage"},"thumbnailUrl":"https:\/\/www.sebastien-auziere.fr\/blog\/wp-content\/uploads\/2026\/04\/Brigitte-Macron-au-Vatican-un-look-sophistique-entre-chignon-raffine-robe-midi-chic-et-escarpins-vertigineux.jpg","datePublished":"2026-04-11T07:12:24+00:00","dateModified":"2026-04-11T07:12:47+00:00","description":"D\u00e9couvrez le look sophistiqu\u00e9 de Brigitte Macron au Vatican : chignon raffin\u00e9, robe midi chic et escarpins vertigineux \u00e9l\u00e9gants.","breadcrumb":{"@id":"https:\/\/www.sebastien-auziere.fr\/blog\/de\/brigitte-macron-im-vatikan-ein-elegantes-outfit-zwischen-raffiniertem-chignon-schicker-midikleid-und-schwindelerregenden-pumps\/#breadcrumb"},"inLanguage":"fr-FR","potentialAction":[{"@type":"ReadAction","target":["https:\/\/www.sebastien-auziere.fr\/blog\/de\/brigitte-macron-im-vatikan-ein-elegantes-outfit-zwischen-raffiniertem-chignon-schicker-midikleid-und-schwindelerregenden-pumps\/"]}]},{"@type":"ImageObject","inLanguage":"fr-FR","@id":"https:\/\/www.sebastien-auziere.fr\/blog\/de\/brigitte-macron-im-vatikan-ein-elegantes-outfit-zwischen-raffiniertem-chignon-schicker-midikleid-und-schwindelerregenden-pumps\/#primaryimage","url":"https:\/\/www.sebastien-auziere.fr\/blog\/wp-content\/uploads\/2026\/04\/Brigitte-Macron-au-Vatican-un-look-sophistique-entre-chignon-raffine-robe-midi-chic-et-escarpins-vertigineux.jpg","contentUrl":"https:\/\/www.sebastien-auziere.fr\/blog\/wp-content\/uploads\/2026\/04\/Brigitte-Macron-au-Vatican-un-look-sophistique-entre-chignon-raffine-robe-midi-chic-et-escarpins-vertigineux.jpg","width":2560,"height":1429,"caption":"d\u00e9couvrez le style \u00e9l\u00e9gant de brigitte macron au vatican avec un chignon raffin\u00e9, une robe midi chic et des escarpins vertigineux, alliant sophistication et modernit\u00e9."},{"@type":"BreadcrumbList","@id":"https:\/\/www.sebastien-auziere.fr\/blog\/de\/brigitte-macron-im-vatikan-ein-elegantes-outfit-zwischen-raffiniertem-chignon-schicker-midikleid-und-schwindelerregenden-pumps\/#breadcrumb","itemListElement":[{"@type":"ListItem","position":1,"name":"Home","item":"https:\/\/www.sebastien-auziere.fr\/blog\/"},{"@type":"ListItem","position":2,"name":"Brigitte Macron im Vatikan: ein elegantes Outfit zwischen raffiniertem Chignon, schicker Midikleid und schwindelerregenden Pumps"}]},{"@type":"WebSite","@id":"https:\/\/www.sebastien-auziere.fr\/blog\/#website","url":"https:\/\/www.sebastien-auziere.fr\/blog\/","name":"Fan site S\u00e9bastien Auzi\u00e8re","description":"M\u00e9dia g\u00e9n\u00e9raliste","publisher":{"@id":"https:\/\/www.sebastien-auziere.fr\/blog\/#organization"},"potentialAction":[{"@type":"SearchAction","target":{"@type":"EntryPoint","urlTemplate":"https:\/\/www.sebastien-auziere.fr\/blog\/?s={search_term_string}"},"query-input":{"@type":"PropertyValueSpecification","valueRequired":true,"valueName":"search_term_string"}}],"inLanguage":"fr-FR"},{"@type":"Organization","@id":"https:\/\/www.sebastien-auziere.fr\/blog\/#organization","name":"Fan site S\u00e9bastien Auzi\u00e8re","url":"https:\/\/www.sebastien-auziere.fr\/blog\/","logo":{"@type":"ImageObject","inLanguage":"fr-FR","@id":"https:\/\/www.sebastien-auziere.fr\/blog\/#\/schema\/logo\/image\/","url":"https:\/\/www.sebastien-auziere.fr\/blog\/wp-content\/uploads\/2026\/03\/cropped-cropped-cropped-ChatGPT-Image-6-mars-2026-12_58_09-e1772798376794.jpg","contentUrl":"https:\/\/www.sebastien-auziere.fr\/blog\/wp-content\/uploads\/2026\/03\/cropped-cropped-cropped-ChatGPT-Image-6-mars-2026-12_58_09-e1772798376794.jpg","width":512,"height":360,"caption":"Fan site S\u00e9bastien Auzi\u00e8re"},"image":{"@id":"https:\/\/www.sebastien-auziere.fr\/blog\/#\/schema\/logo\/image\/"}},{"@type":"Person","@id":"https:\/\/www.sebastien-auziere.fr\/blog\/#\/schema\/person\/149f1acdbfd85149c6c3e59adeae2f4d","name":"Chloe Gauthier","image":{"@type":"ImageObject","inLanguage":"fr-FR","@id":"https:\/\/secure.gravatar.com\/avatar\/2c5722f58171cff738a8985ef0dd66b476e563753246a49019befc837ec4201a?s=96&d=mm&r=g","url":"https:\/\/secure.gravatar.com\/avatar\/2c5722f58171cff738a8985ef0dd66b476e563753246a49019befc837ec4201a?s=96&d=mm&r=g","contentUrl":"https:\/\/secure.gravatar.com\/avatar\/2c5722f58171cff738a8985ef0dd66b476e563753246a49019befc837ec4201a?s=96&d=mm&r=g","caption":"Chloe Gauthier"},"description":"Passionn\u00e9e par la politique et admiratrice engag\u00e9e de la famille Macron, je consacre mon \u00e9nergie \u00e0 suivre leurs initiatives et \u00e0 promouvoir leurs id\u00e9es. \u00c0 32 ans, je suis convaincue que leur vision est porteuse d'avenir.","url":"https:\/\/www.sebastien-auziere.fr\/blog\/author\/chloe-gauthier\/"}]}},"views":3,"_links":{"self":[{"href":"https:\/\/www.sebastien-auziere.fr\/blog\/wp-json\/wp\/v2\/posts\/2940","targetHints":{"allow":["GET"]}}],"collection":[{"href":"https:\/\/www.sebastien-auziere.fr\/blog\/wp-json\/wp\/v2\/posts"}],"about":[{"href":"https:\/\/www.sebastien-auziere.fr\/blog\/wp-json\/wp\/v2\/types\/post"}],"author":[{"embeddable":true,"href":"https:\/\/www.sebastien-auziere.fr\/blog\/wp-json\/wp\/v2\/users\/9"}],"replies":[{"embeddable":true,"href":"https:\/\/www.sebastien-auziere.fr\/blog\/wp-json\/wp\/v2\/comments?post=2940"}],"version-history":[{"count":1,"href":"https:\/\/www.sebastien-auziere.fr\/blog\/wp-json\/wp\/v2\/posts\/2940\/revisions"}],"predecessor-version":[{"id":2941,"href":"https:\/\/www.sebastien-auziere.fr\/blog\/wp-json\/wp\/v2\/posts\/2940\/revisions\/2941"}],"wp:featuredmedia":[{"embeddable":true,"href":"https:\/\/www.sebastien-auziere.fr\/blog\/wp-json\/wp\/v2\/media\/2934"}],"wp:attachment":[{"href":"https:\/\/www.sebastien-auziere.fr\/blog\/wp-json\/wp\/v2\/media?parent=2940"}],"wp:term":[{"taxonomy":"category","embeddable":true,"href":"https:\/\/www.sebastien-auziere.fr\/blog\/wp-json\/wp\/v2\/categories?post=2940"},{"taxonomy":"post_tag","embeddable":true,"href":"https:\/\/www.sebastien-auziere.fr\/blog\/wp-json\/wp\/v2\/tags?post=2940"}],"curies":[{"name":"wp","href":"https:\/\/api.w.org\/{rel}","templated":true}]}}