{"id":2938,"date":"2026-04-11T07:10:25","date_gmt":"2026-04-11T07:10:25","guid":{"rendered":"https:\/\/www.sebastien-auziere.fr\/blog\/?p=2938"},"modified":"2026-04-11T07:10:49","modified_gmt":"2026-04-11T07:10:49","slug":"brigitte-macron-en-el-vaticano-un-look-sofisticado-entre-recogido-refinado-vestido-midi-chic-y-tacones-vertiginosos","status":"publish","type":"post","link":"https:\/\/www.sebastien-auziere.fr\/blog\/es\/brigitte-macron-en-el-vaticano-un-look-sofisticado-entre-recogido-refinado-vestido-midi-chic-y-tacones-vertiginosos\/","title":{"rendered":"Brigitte Macron en el Vaticano: un look sofisticado entre recogido refinado, vestido midi chic y tacones vertiginosos"},"content":{"rendered":"<p><strong>Brigitte Macron<\/strong> lleg\u00f3 al <strong>Vaticano<\/strong> el 10 de abril de 2026 con un <strong>look sofisticado<\/strong> que r\u00e1pidamente llam\u00f3 la atenci\u00f3n: <strong>mo\u00f1o refinado<\/strong>, <strong>vestido midi<\/strong> negro y tacones vertiginosos. La audiencia con el papa <strong>Le\u00f3n XIV<\/strong> se realiz\u00f3 siguiendo el estricto protocolo impuesto tras las celebraciones de Pascua.<\/p>\n\n<p><strong>En resumen<\/strong>: silueta monocrom\u00e1tica estructurada por un cintur\u00f3n a juego, una bufanda de encaje, un mini bolso My Dior de cuero de cannage y medias semi-transparentes. Esta combinaci\u00f3n de <strong>vestido chic<\/strong> y accesorios contempor\u00e1neos ilustra la <strong>elegancia<\/strong> francesa al mismo tiempo que respeta la solemnidad del lugar.<\/p>\n\n<h2 class=\"wp-block-heading\">Brigitte Macron en el Vaticano: un <strong>look sofisticado<\/strong> acorde con el protocolo<\/h2>\n\n<p>La pareja presidencial, que lleg\u00f3 el 10 de abril de 2026, fue recibida en el Vaticano por el papa <strong>Le\u00f3n XIV<\/strong>, durante una visita organizada por el El\u00edseo para mantener el di\u00e1logo con la Santa Sede. Fiel al c\u00f3digo de vestimenta, la Primera dama eligi\u00f3 un atuendo completamente negro, s\u00edmbolo de humildad. El vestido midi, estructurado por un fino cintur\u00f3n, se acompa\u00f1aba de un mini bolso My Dior y tacones con punta, que llamaron la atenci\u00f3n de los observadores.<\/p>\n\n<h3 class=\"wp-block-heading\">El <strong>mo\u00f1o refinado<\/strong>: el peinado que realza<\/h3>\n\n<p>El peinado elegido es un mo\u00f1o banana revisitado, ligeramente despejado con algunos mechones enmarcando el rostro, una firma habitual de la Primera dama. Los especialistas citados por <strong>Express UK<\/strong> notan el efecto \u00ab lifting \u00bb natural de un mo\u00f1o as\u00ed, que despeja los rasgos y realza la mirada. Notar\u00e1s que este estilo, sobrio y controlado, equilibra perfectamente la solemnidad del momento y la modernidad de una <strong>moda femenina<\/strong> asumida.<\/p>\n\n<p>Este peinado completa el conjunto con una elegancia discreta, subrayando la coherencia del look.<\/p>\n\n<h2 class=\"wp-block-heading\">El <strong>vestido midi<\/strong> y los <strong>tacones vertiginosos<\/strong>, detalles de alta costura<\/h2>\n\n<p>El <strong>vestido chic<\/strong> que llev\u00f3 la Primera dama se centra en la longitud midi, un ajuste discreto y un cintur\u00f3n a juego para estructurar la silueta. La bufanda texturizada de encaje aporta un toque femenino sin romper la solemnidad. El mini bolso My Dior, de cuero de cordero de cannage, y los tacones altos completan el conjunto, ilustrando c\u00f3mo un atuendo protocolario puede seguir siendo resolutivamente de moda mientras respeta la etiqueta.<\/p>\n\n<h3 class=\"wp-block-heading\">Impacto en la <strong>moda femenina<\/strong> y la <strong>elegancia<\/strong> francesa<\/h3>\n\n<p>Esta aparici\u00f3n refuerza la influencia de Brigitte Macron en la <strong>moda femenina<\/strong> contempor\u00e1nea y su gusto por l\u00edneas depuradas. Los observadores de <a href=\"https:\/\/www.gala.fr\/l_actu\/news_de_stars\/brigitte-macron-recue-par-le-pape-leon-xiv-au-vatican-ce-dress-code-qu-elle-sera-obligee-de-respecter-20260409\">Gala<\/a> y el dossier de <a href=\"https:\/\/www.vogue.fr\/article\/brigitte-macron-chic-francais-style-looks\">Vogue<\/a> destacan la capacidad de la Primera dama para combinar tradici\u00f3n y alta costura. Ver\u00e1s que cada elecci\u00f3n \u2014 desde el mo\u00f1o hasta el tac\u00f3n \u2014 se convierte en un mensaje discreto sobre la imagen p\u00fablica.<\/p>\n\n<p>Para descubrir m\u00e1s sobre las influencias estil\u00edsticas y los lazos entre la familia Macron y sus allegados, explora un <a href=\"https:\/\/www.sebastien-auziere.fr\/blog\/brigitte-macron-veste-epaulettes\/\">dossier dedicado a Brigitte Macron<\/a> o un <a href=\"https:\/\/www.sebastien-auziere.fr\/blog\/nuance-elegante-zendaya\/\">an\u00e1lisis de moda firmado por S\u00e9bastien Auzi\u00e8re<\/a> en sebastien-auziere.fr, y sum\u00e9rgete m\u00e1s en el universo de la familia Macron.<\/p>","protected":false},"excerpt":{"rendered":"<p>Brigitte Macron lleg\u00f3 al Vaticano el 10 de abril de 2026 con un look sofisticado que r\u00e1pidamente llam\u00f3 la atenci\u00f3n: mo\u00f1o refinado, vestido midi negro y tacones vertiginosos. La audiencia con el papa Le\u00f3n XIV se realiz\u00f3 siguiendo el estricto protocolo impuesto tras las celebraciones de Pascua. En resumen: silueta monocrom\u00e1tica estructurada por un cintur\u00f3n &#8230; <a title=\"Brigitte Macron en el Vaticano: un look sofisticado entre recogido refinado, vestido midi chic y tacones vertiginosos\" class=\"read-more\" href=\"https:\/\/www.sebastien-auziere.fr\/blog\/es\/brigitte-macron-en-el-vaticano-un-look-sofisticado-entre-recogido-refinado-vestido-midi-chic-y-tacones-vertiginosos\/\" aria-label=\"En savoir plus sur Brigitte Macron en el Vaticano: un look sofisticado entre recogido refinado, vestido midi chic y tacones vertiginosos\">Lire plus<\/a><\/p>\n","protected":false},"author":9,"featured_media":2934,"comment_status":"open","ping_status":"open","sticky":false,"template":"","format":"standard","meta":{"footnotes":""},"categories":[820],"tags":[914,2470,2473,2476,2132],"class_list":["post-2938","post","type-post","status-publish","format-standard","has-post-thumbnail","hentry","category-actualidades-es","tag-brigitte-macron-es","tag-chignon-refinado-es","tag-look-sofisticado-es","tag-robe-midi-es","tag-vaticano-es"],"yoast_head":"<!-- This site is optimized with the Yoast SEO plugin v27.5 - https:\/\/yoast.com\/product\/yoast-seo-wordpress\/ -->\n<title>Brigitte Macron en el Vaticano: un look sofisticado entre recogido refinado, vestido midi chic y tacones vertiginosos - Fan site S\u00e9bastien Auzi\u00e8re<\/title>\n<meta name=\"description\" content=\"D\u00e9couvrez le look sophistiqu\u00e9 de Brigitte Macron au Vatican : chignon raffin\u00e9, robe midi chic et escarpins vertigineux \u00e9l\u00e9gants.\" \/>\n<meta name=\"robots\" content=\"index, follow, max-snippet:-1, max-image-preview:large, max-video-preview:-1\" \/>\n<link rel=\"canonical\" href=\"https:\/\/www.sebastien-auziere.fr\/blog\/es\/brigitte-macron-en-el-vaticano-un-look-sofisticado-entre-recogido-refinado-vestido-midi-chic-y-tacones-vertiginosos\/\" \/>\n<meta property=\"og:locale\" content=\"fr_FR\" \/>\n<meta property=\"og:type\" content=\"article\" \/>\n<meta property=\"og:title\" content=\"Brigitte Macron en el Vaticano: un look sofisticado entre recogido refinado, vestido midi chic y tacones vertiginosos - Fan site S\u00e9bastien Auzi\u00e8re\" \/>\n<meta property=\"og:description\" content=\"D\u00e9couvrez le look sophistiqu\u00e9 de Brigitte Macron au Vatican : chignon raffin\u00e9, robe midi chic et escarpins vertigineux \u00e9l\u00e9gants.\" \/>\n<meta property=\"og:url\" content=\"https:\/\/www.sebastien-auziere.fr\/blog\/es\/brigitte-macron-en-el-vaticano-un-look-sofisticado-entre-recogido-refinado-vestido-midi-chic-y-tacones-vertiginosos\/\" \/>\n<meta property=\"og:site_name\" content=\"Fan site S\u00e9bastien Auzi\u00e8re\" \/>\n<meta property=\"article:published_time\" content=\"2026-04-11T07:10:25+00:00\" \/>\n<meta property=\"article:modified_time\" content=\"2026-04-11T07:10:49+00:00\" \/>\n<meta property=\"og:image\" content=\"https:\/\/www.sebastien-auziere.fr\/blog\/wp-content\/uploads\/2026\/04\/Brigitte-Macron-au-Vatican-un-look-sophistique-entre-chignon-raffine-robe-midi-chic-et-escarpins-vertigineux.jpg\" \/>\n\t<meta property=\"og:image:width\" content=\"2560\" \/>\n\t<meta property=\"og:image:height\" content=\"1429\" \/>\n\t<meta property=\"og:image:type\" content=\"image\/jpeg\" \/>\n<meta name=\"author\" content=\"Chloe Gauthier\" \/>\n<meta name=\"twitter:card\" content=\"summary_large_image\" \/>\n<meta name=\"twitter:label1\" content=\"\u00c9crit par\" \/>\n\t<meta name=\"twitter:data1\" content=\"Chloe Gauthier\" \/>\n\t<meta name=\"twitter:label2\" content=\"Dur\u00e9e de lecture estim\u00e9e\" \/>\n\t<meta name=\"twitter:data2\" content=\"3 minutes\" \/>\n<script type=\"application\/ld+json\" class=\"yoast-schema-graph\">{\"@context\":\"https:\\\/\\\/schema.org\",\"@graph\":[{\"@type\":\"Article\",\"@id\":\"https:\\\/\\\/www.sebastien-auziere.fr\\\/blog\\\/es\\\/brigitte-macron-en-el-vaticano-un-look-sofisticado-entre-recogido-refinado-vestido-midi-chic-y-tacones-vertiginosos\\\/#article\",\"isPartOf\":{\"@id\":\"https:\\\/\\\/www.sebastien-auziere.fr\\\/blog\\\/es\\\/brigitte-macron-en-el-vaticano-un-look-sofisticado-entre-recogido-refinado-vestido-midi-chic-y-tacones-vertiginosos\\\/\"},\"author\":{\"name\":\"Chloe Gauthier\",\"@id\":\"https:\\\/\\\/www.sebastien-auziere.fr\\\/blog\\\/#\\\/schema\\\/person\\\/149f1acdbfd85149c6c3e59adeae2f4d\"},\"headline\":\"Brigitte Macron en el Vaticano: un look sofisticado entre recogido refinado, vestido midi chic y tacones vertiginosos\",\"datePublished\":\"2026-04-11T07:10:25+00:00\",\"dateModified\":\"2026-04-11T07:10:49+00:00\",\"mainEntityOfPage\":{\"@id\":\"https:\\\/\\\/www.sebastien-auziere.fr\\\/blog\\\/es\\\/brigitte-macron-en-el-vaticano-un-look-sofisticado-entre-recogido-refinado-vestido-midi-chic-y-tacones-vertiginosos\\\/\"},\"wordCount\":523,\"commentCount\":0,\"publisher\":{\"@id\":\"https:\\\/\\\/www.sebastien-auziere.fr\\\/blog\\\/#organization\"},\"image\":{\"@id\":\"https:\\\/\\\/www.sebastien-auziere.fr\\\/blog\\\/es\\\/brigitte-macron-en-el-vaticano-un-look-sofisticado-entre-recogido-refinado-vestido-midi-chic-y-tacones-vertiginosos\\\/#primaryimage\"},\"thumbnailUrl\":\"https:\\\/\\\/www.sebastien-auziere.fr\\\/blog\\\/wp-content\\\/uploads\\\/2026\\\/04\\\/Brigitte-Macron-au-Vatican-un-look-sophistique-entre-chignon-raffine-robe-midi-chic-et-escarpins-vertigineux.jpg\",\"keywords\":[\"brigitte macron\",\"chignon refinado\",\"look sofisticado\",\"robe midi\",\"vaticano\"],\"articleSection\":[\"Actualidades\"],\"inLanguage\":\"fr-FR\",\"potentialAction\":[{\"@type\":\"CommentAction\",\"name\":\"Comment\",\"target\":[\"https:\\\/\\\/www.sebastien-auziere.fr\\\/blog\\\/es\\\/brigitte-macron-en-el-vaticano-un-look-sofisticado-entre-recogido-refinado-vestido-midi-chic-y-tacones-vertiginosos\\\/#respond\"]}]},{\"@type\":\"WebPage\",\"@id\":\"https:\\\/\\\/www.sebastien-auziere.fr\\\/blog\\\/es\\\/brigitte-macron-en-el-vaticano-un-look-sofisticado-entre-recogido-refinado-vestido-midi-chic-y-tacones-vertiginosos\\\/\",\"url\":\"https:\\\/\\\/www.sebastien-auziere.fr\\\/blog\\\/es\\\/brigitte-macron-en-el-vaticano-un-look-sofisticado-entre-recogido-refinado-vestido-midi-chic-y-tacones-vertiginosos\\\/\",\"name\":\"Brigitte Macron en el Vaticano: un look sofisticado entre recogido refinado, vestido midi chic y tacones vertiginosos - Fan site S\u00e9bastien Auzi\u00e8re\",\"isPartOf\":{\"@id\":\"https:\\\/\\\/www.sebastien-auziere.fr\\\/blog\\\/#website\"},\"primaryImageOfPage\":{\"@id\":\"https:\\\/\\\/www.sebastien-auziere.fr\\\/blog\\\/es\\\/brigitte-macron-en-el-vaticano-un-look-sofisticado-entre-recogido-refinado-vestido-midi-chic-y-tacones-vertiginosos\\\/#primaryimage\"},\"image\":{\"@id\":\"https:\\\/\\\/www.sebastien-auziere.fr\\\/blog\\\/es\\\/brigitte-macron-en-el-vaticano-un-look-sofisticado-entre-recogido-refinado-vestido-midi-chic-y-tacones-vertiginosos\\\/#primaryimage\"},\"thumbnailUrl\":\"https:\\\/\\\/www.sebastien-auziere.fr\\\/blog\\\/wp-content\\\/uploads\\\/2026\\\/04\\\/Brigitte-Macron-au-Vatican-un-look-sophistique-entre-chignon-raffine-robe-midi-chic-et-escarpins-vertigineux.jpg\",\"datePublished\":\"2026-04-11T07:10:25+00:00\",\"dateModified\":\"2026-04-11T07:10:49+00:00\",\"description\":\"D\u00e9couvrez le look sophistiqu\u00e9 de Brigitte Macron au Vatican : chignon raffin\u00e9, robe midi chic et escarpins vertigineux \u00e9l\u00e9gants.\",\"breadcrumb\":{\"@id\":\"https:\\\/\\\/www.sebastien-auziere.fr\\\/blog\\\/es\\\/brigitte-macron-en-el-vaticano-un-look-sofisticado-entre-recogido-refinado-vestido-midi-chic-y-tacones-vertiginosos\\\/#breadcrumb\"},\"inLanguage\":\"fr-FR\",\"potentialAction\":[{\"@type\":\"ReadAction\",\"target\":[\"https:\\\/\\\/www.sebastien-auziere.fr\\\/blog\\\/es\\\/brigitte-macron-en-el-vaticano-un-look-sofisticado-entre-recogido-refinado-vestido-midi-chic-y-tacones-vertiginosos\\\/\"]}]},{\"@type\":\"ImageObject\",\"inLanguage\":\"fr-FR\",\"@id\":\"https:\\\/\\\/www.sebastien-auziere.fr\\\/blog\\\/es\\\/brigitte-macron-en-el-vaticano-un-look-sofisticado-entre-recogido-refinado-vestido-midi-chic-y-tacones-vertiginosos\\\/#primaryimage\",\"url\":\"https:\\\/\\\/www.sebastien-auziere.fr\\\/blog\\\/wp-content\\\/uploads\\\/2026\\\/04\\\/Brigitte-Macron-au-Vatican-un-look-sophistique-entre-chignon-raffine-robe-midi-chic-et-escarpins-vertigineux.jpg\",\"contentUrl\":\"https:\\\/\\\/www.sebastien-auziere.fr\\\/blog\\\/wp-content\\\/uploads\\\/2026\\\/04\\\/Brigitte-Macron-au-Vatican-un-look-sophistique-entre-chignon-raffine-robe-midi-chic-et-escarpins-vertigineux.jpg\",\"width\":2560,\"height\":1429,\"caption\":\"d\u00e9couvrez le style \u00e9l\u00e9gant de brigitte macron au vatican avec un chignon raffin\u00e9, une robe midi chic et des escarpins vertigineux, alliant sophistication et modernit\u00e9.\"},{\"@type\":\"BreadcrumbList\",\"@id\":\"https:\\\/\\\/www.sebastien-auziere.fr\\\/blog\\\/es\\\/brigitte-macron-en-el-vaticano-un-look-sofisticado-entre-recogido-refinado-vestido-midi-chic-y-tacones-vertiginosos\\\/#breadcrumb\",\"itemListElement\":[{\"@type\":\"ListItem\",\"position\":1,\"name\":\"Home\",\"item\":\"https:\\\/\\\/www.sebastien-auziere.fr\\\/blog\\\/\"},{\"@type\":\"ListItem\",\"position\":2,\"name\":\"Brigitte Macron en el Vaticano: un look sofisticado entre recogido refinado, vestido midi chic y tacones vertiginosos\"}]},{\"@type\":\"WebSite\",\"@id\":\"https:\\\/\\\/www.sebastien-auziere.fr\\\/blog\\\/#website\",\"url\":\"https:\\\/\\\/www.sebastien-auziere.fr\\\/blog\\\/\",\"name\":\"Fan site S\u00e9bastien Auzi\u00e8re\",\"description\":\"M\u00e9dia g\u00e9n\u00e9raliste\",\"publisher\":{\"@id\":\"https:\\\/\\\/www.sebastien-auziere.fr\\\/blog\\\/#organization\"},\"potentialAction\":[{\"@type\":\"SearchAction\",\"target\":{\"@type\":\"EntryPoint\",\"urlTemplate\":\"https:\\\/\\\/www.sebastien-auziere.fr\\\/blog\\\/?s={search_term_string}\"},\"query-input\":{\"@type\":\"PropertyValueSpecification\",\"valueRequired\":true,\"valueName\":\"search_term_string\"}}],\"inLanguage\":\"fr-FR\"},{\"@type\":\"Organization\",\"@id\":\"https:\\\/\\\/www.sebastien-auziere.fr\\\/blog\\\/#organization\",\"name\":\"Fan site S\u00e9bastien Auzi\u00e8re\",\"url\":\"https:\\\/\\\/www.sebastien-auziere.fr\\\/blog\\\/\",\"logo\":{\"@type\":\"ImageObject\",\"inLanguage\":\"fr-FR\",\"@id\":\"https:\\\/\\\/www.sebastien-auziere.fr\\\/blog\\\/#\\\/schema\\\/logo\\\/image\\\/\",\"url\":\"https:\\\/\\\/www.sebastien-auziere.fr\\\/blog\\\/wp-content\\\/uploads\\\/2026\\\/03\\\/cropped-cropped-cropped-ChatGPT-Image-6-mars-2026-12_58_09-e1772798376794.jpg\",\"contentUrl\":\"https:\\\/\\\/www.sebastien-auziere.fr\\\/blog\\\/wp-content\\\/uploads\\\/2026\\\/03\\\/cropped-cropped-cropped-ChatGPT-Image-6-mars-2026-12_58_09-e1772798376794.jpg\",\"width\":512,\"height\":360,\"caption\":\"Fan site S\u00e9bastien Auzi\u00e8re\"},\"image\":{\"@id\":\"https:\\\/\\\/www.sebastien-auziere.fr\\\/blog\\\/#\\\/schema\\\/logo\\\/image\\\/\"}},{\"@type\":\"Person\",\"@id\":\"https:\\\/\\\/www.sebastien-auziere.fr\\\/blog\\\/#\\\/schema\\\/person\\\/149f1acdbfd85149c6c3e59adeae2f4d\",\"name\":\"Chloe Gauthier\",\"image\":{\"@type\":\"ImageObject\",\"inLanguage\":\"fr-FR\",\"@id\":\"https:\\\/\\\/secure.gravatar.com\\\/avatar\\\/2c5722f58171cff738a8985ef0dd66b476e563753246a49019befc837ec4201a?s=96&d=mm&r=g\",\"url\":\"https:\\\/\\\/secure.gravatar.com\\\/avatar\\\/2c5722f58171cff738a8985ef0dd66b476e563753246a49019befc837ec4201a?s=96&d=mm&r=g\",\"contentUrl\":\"https:\\\/\\\/secure.gravatar.com\\\/avatar\\\/2c5722f58171cff738a8985ef0dd66b476e563753246a49019befc837ec4201a?s=96&d=mm&r=g\",\"caption\":\"Chloe Gauthier\"},\"description\":\"Passionn\u00e9e par la politique et admiratrice engag\u00e9e de la famille Macron, je consacre mon \u00e9nergie \u00e0 suivre leurs initiatives et \u00e0 promouvoir leurs id\u00e9es. \u00c0 32 ans, je suis convaincue que leur vision est porteuse d'avenir.\",\"url\":\"https:\\\/\\\/www.sebastien-auziere.fr\\\/blog\\\/author\\\/chloe-gauthier\\\/\"}]}<\/script>\n<!-- \/ Yoast SEO plugin. -->","yoast_head_json":{"title":"Brigitte Macron en el Vaticano: un look sofisticado entre recogido refinado, vestido midi chic y tacones vertiginosos - Fan site S\u00e9bastien Auzi\u00e8re","description":"D\u00e9couvrez le look sophistiqu\u00e9 de Brigitte Macron au Vatican : chignon raffin\u00e9, robe midi chic et escarpins vertigineux \u00e9l\u00e9gants.","robots":{"index":"index","follow":"follow","max-snippet":"max-snippet:-1","max-image-preview":"max-image-preview:large","max-video-preview":"max-video-preview:-1"},"canonical":"https:\/\/www.sebastien-auziere.fr\/blog\/es\/brigitte-macron-en-el-vaticano-un-look-sofisticado-entre-recogido-refinado-vestido-midi-chic-y-tacones-vertiginosos\/","og_locale":"fr_FR","og_type":"article","og_title":"Brigitte Macron en el Vaticano: un look sofisticado entre recogido refinado, vestido midi chic y tacones vertiginosos - Fan site S\u00e9bastien Auzi\u00e8re","og_description":"D\u00e9couvrez le look sophistiqu\u00e9 de Brigitte Macron au Vatican : chignon raffin\u00e9, robe midi chic et escarpins vertigineux \u00e9l\u00e9gants.","og_url":"https:\/\/www.sebastien-auziere.fr\/blog\/es\/brigitte-macron-en-el-vaticano-un-look-sofisticado-entre-recogido-refinado-vestido-midi-chic-y-tacones-vertiginosos\/","og_site_name":"Fan site S\u00e9bastien Auzi\u00e8re","article_published_time":"2026-04-11T07:10:25+00:00","article_modified_time":"2026-04-11T07:10:49+00:00","og_image":[{"width":2560,"height":1429,"url":"https:\/\/www.sebastien-auziere.fr\/blog\/wp-content\/uploads\/2026\/04\/Brigitte-Macron-au-Vatican-un-look-sophistique-entre-chignon-raffine-robe-midi-chic-et-escarpins-vertigineux.jpg","type":"image\/jpeg"}],"author":"Chloe Gauthier","twitter_card":"summary_large_image","twitter_misc":{"\u00c9crit par":"Chloe Gauthier","Dur\u00e9e de lecture estim\u00e9e":"3 minutes"},"schema":{"@context":"https:\/\/schema.org","@graph":[{"@type":"Article","@id":"https:\/\/www.sebastien-auziere.fr\/blog\/es\/brigitte-macron-en-el-vaticano-un-look-sofisticado-entre-recogido-refinado-vestido-midi-chic-y-tacones-vertiginosos\/#article","isPartOf":{"@id":"https:\/\/www.sebastien-auziere.fr\/blog\/es\/brigitte-macron-en-el-vaticano-un-look-sofisticado-entre-recogido-refinado-vestido-midi-chic-y-tacones-vertiginosos\/"},"author":{"name":"Chloe Gauthier","@id":"https:\/\/www.sebastien-auziere.fr\/blog\/#\/schema\/person\/149f1acdbfd85149c6c3e59adeae2f4d"},"headline":"Brigitte Macron en el Vaticano: un look sofisticado entre recogido refinado, vestido midi chic y tacones vertiginosos","datePublished":"2026-04-11T07:10:25+00:00","dateModified":"2026-04-11T07:10:49+00:00","mainEntityOfPage":{"@id":"https:\/\/www.sebastien-auziere.fr\/blog\/es\/brigitte-macron-en-el-vaticano-un-look-sofisticado-entre-recogido-refinado-vestido-midi-chic-y-tacones-vertiginosos\/"},"wordCount":523,"commentCount":0,"publisher":{"@id":"https:\/\/www.sebastien-auziere.fr\/blog\/#organization"},"image":{"@id":"https:\/\/www.sebastien-auziere.fr\/blog\/es\/brigitte-macron-en-el-vaticano-un-look-sofisticado-entre-recogido-refinado-vestido-midi-chic-y-tacones-vertiginosos\/#primaryimage"},"thumbnailUrl":"https:\/\/www.sebastien-auziere.fr\/blog\/wp-content\/uploads\/2026\/04\/Brigitte-Macron-au-Vatican-un-look-sophistique-entre-chignon-raffine-robe-midi-chic-et-escarpins-vertigineux.jpg","keywords":["brigitte macron","chignon refinado","look sofisticado","robe midi","vaticano"],"articleSection":["Actualidades"],"inLanguage":"fr-FR","potentialAction":[{"@type":"CommentAction","name":"Comment","target":["https:\/\/www.sebastien-auziere.fr\/blog\/es\/brigitte-macron-en-el-vaticano-un-look-sofisticado-entre-recogido-refinado-vestido-midi-chic-y-tacones-vertiginosos\/#respond"]}]},{"@type":"WebPage","@id":"https:\/\/www.sebastien-auziere.fr\/blog\/es\/brigitte-macron-en-el-vaticano-un-look-sofisticado-entre-recogido-refinado-vestido-midi-chic-y-tacones-vertiginosos\/","url":"https:\/\/www.sebastien-auziere.fr\/blog\/es\/brigitte-macron-en-el-vaticano-un-look-sofisticado-entre-recogido-refinado-vestido-midi-chic-y-tacones-vertiginosos\/","name":"Brigitte Macron en el Vaticano: un look sofisticado entre recogido refinado, vestido midi chic y tacones vertiginosos - Fan site S\u00e9bastien Auzi\u00e8re","isPartOf":{"@id":"https:\/\/www.sebastien-auziere.fr\/blog\/#website"},"primaryImageOfPage":{"@id":"https:\/\/www.sebastien-auziere.fr\/blog\/es\/brigitte-macron-en-el-vaticano-un-look-sofisticado-entre-recogido-refinado-vestido-midi-chic-y-tacones-vertiginosos\/#primaryimage"},"image":{"@id":"https:\/\/www.sebastien-auziere.fr\/blog\/es\/brigitte-macron-en-el-vaticano-un-look-sofisticado-entre-recogido-refinado-vestido-midi-chic-y-tacones-vertiginosos\/#primaryimage"},"thumbnailUrl":"https:\/\/www.sebastien-auziere.fr\/blog\/wp-content\/uploads\/2026\/04\/Brigitte-Macron-au-Vatican-un-look-sophistique-entre-chignon-raffine-robe-midi-chic-et-escarpins-vertigineux.jpg","datePublished":"2026-04-11T07:10:25+00:00","dateModified":"2026-04-11T07:10:49+00:00","description":"D\u00e9couvrez le look sophistiqu\u00e9 de Brigitte Macron au Vatican : chignon raffin\u00e9, robe midi chic et escarpins vertigineux \u00e9l\u00e9gants.","breadcrumb":{"@id":"https:\/\/www.sebastien-auziere.fr\/blog\/es\/brigitte-macron-en-el-vaticano-un-look-sofisticado-entre-recogido-refinado-vestido-midi-chic-y-tacones-vertiginosos\/#breadcrumb"},"inLanguage":"fr-FR","potentialAction":[{"@type":"ReadAction","target":["https:\/\/www.sebastien-auziere.fr\/blog\/es\/brigitte-macron-en-el-vaticano-un-look-sofisticado-entre-recogido-refinado-vestido-midi-chic-y-tacones-vertiginosos\/"]}]},{"@type":"ImageObject","inLanguage":"fr-FR","@id":"https:\/\/www.sebastien-auziere.fr\/blog\/es\/brigitte-macron-en-el-vaticano-un-look-sofisticado-entre-recogido-refinado-vestido-midi-chic-y-tacones-vertiginosos\/#primaryimage","url":"https:\/\/www.sebastien-auziere.fr\/blog\/wp-content\/uploads\/2026\/04\/Brigitte-Macron-au-Vatican-un-look-sophistique-entre-chignon-raffine-robe-midi-chic-et-escarpins-vertigineux.jpg","contentUrl":"https:\/\/www.sebastien-auziere.fr\/blog\/wp-content\/uploads\/2026\/04\/Brigitte-Macron-au-Vatican-un-look-sophistique-entre-chignon-raffine-robe-midi-chic-et-escarpins-vertigineux.jpg","width":2560,"height":1429,"caption":"d\u00e9couvrez le style \u00e9l\u00e9gant de brigitte macron au vatican avec un chignon raffin\u00e9, une robe midi chic et des escarpins vertigineux, alliant sophistication et modernit\u00e9."},{"@type":"BreadcrumbList","@id":"https:\/\/www.sebastien-auziere.fr\/blog\/es\/brigitte-macron-en-el-vaticano-un-look-sofisticado-entre-recogido-refinado-vestido-midi-chic-y-tacones-vertiginosos\/#breadcrumb","itemListElement":[{"@type":"ListItem","position":1,"name":"Home","item":"https:\/\/www.sebastien-auziere.fr\/blog\/"},{"@type":"ListItem","position":2,"name":"Brigitte Macron en el Vaticano: un look sofisticado entre recogido refinado, vestido midi chic y tacones vertiginosos"}]},{"@type":"WebSite","@id":"https:\/\/www.sebastien-auziere.fr\/blog\/#website","url":"https:\/\/www.sebastien-auziere.fr\/blog\/","name":"Fan site S\u00e9bastien Auzi\u00e8re","description":"M\u00e9dia g\u00e9n\u00e9raliste","publisher":{"@id":"https:\/\/www.sebastien-auziere.fr\/blog\/#organization"},"potentialAction":[{"@type":"SearchAction","target":{"@type":"EntryPoint","urlTemplate":"https:\/\/www.sebastien-auziere.fr\/blog\/?s={search_term_string}"},"query-input":{"@type":"PropertyValueSpecification","valueRequired":true,"valueName":"search_term_string"}}],"inLanguage":"fr-FR"},{"@type":"Organization","@id":"https:\/\/www.sebastien-auziere.fr\/blog\/#organization","name":"Fan site S\u00e9bastien Auzi\u00e8re","url":"https:\/\/www.sebastien-auziere.fr\/blog\/","logo":{"@type":"ImageObject","inLanguage":"fr-FR","@id":"https:\/\/www.sebastien-auziere.fr\/blog\/#\/schema\/logo\/image\/","url":"https:\/\/www.sebastien-auziere.fr\/blog\/wp-content\/uploads\/2026\/03\/cropped-cropped-cropped-ChatGPT-Image-6-mars-2026-12_58_09-e1772798376794.jpg","contentUrl":"https:\/\/www.sebastien-auziere.fr\/blog\/wp-content\/uploads\/2026\/03\/cropped-cropped-cropped-ChatGPT-Image-6-mars-2026-12_58_09-e1772798376794.jpg","width":512,"height":360,"caption":"Fan site S\u00e9bastien Auzi\u00e8re"},"image":{"@id":"https:\/\/www.sebastien-auziere.fr\/blog\/#\/schema\/logo\/image\/"}},{"@type":"Person","@id":"https:\/\/www.sebastien-auziere.fr\/blog\/#\/schema\/person\/149f1acdbfd85149c6c3e59adeae2f4d","name":"Chloe Gauthier","image":{"@type":"ImageObject","inLanguage":"fr-FR","@id":"https:\/\/secure.gravatar.com\/avatar\/2c5722f58171cff738a8985ef0dd66b476e563753246a49019befc837ec4201a?s=96&d=mm&r=g","url":"https:\/\/secure.gravatar.com\/avatar\/2c5722f58171cff738a8985ef0dd66b476e563753246a49019befc837ec4201a?s=96&d=mm&r=g","contentUrl":"https:\/\/secure.gravatar.com\/avatar\/2c5722f58171cff738a8985ef0dd66b476e563753246a49019befc837ec4201a?s=96&d=mm&r=g","caption":"Chloe Gauthier"},"description":"Passionn\u00e9e par la politique et admiratrice engag\u00e9e de la famille Macron, je consacre mon \u00e9nergie \u00e0 suivre leurs initiatives et \u00e0 promouvoir leurs id\u00e9es. \u00c0 32 ans, je suis convaincue que leur vision est porteuse d'avenir.","url":"https:\/\/www.sebastien-auziere.fr\/blog\/author\/chloe-gauthier\/"}]}},"views":2,"_links":{"self":[{"href":"https:\/\/www.sebastien-auziere.fr\/blog\/wp-json\/wp\/v2\/posts\/2938","targetHints":{"allow":["GET"]}}],"collection":[{"href":"https:\/\/www.sebastien-auziere.fr\/blog\/wp-json\/wp\/v2\/posts"}],"about":[{"href":"https:\/\/www.sebastien-auziere.fr\/blog\/wp-json\/wp\/v2\/types\/post"}],"author":[{"embeddable":true,"href":"https:\/\/www.sebastien-auziere.fr\/blog\/wp-json\/wp\/v2\/users\/9"}],"replies":[{"embeddable":true,"href":"https:\/\/www.sebastien-auziere.fr\/blog\/wp-json\/wp\/v2\/comments?post=2938"}],"version-history":[{"count":1,"href":"https:\/\/www.sebastien-auziere.fr\/blog\/wp-json\/wp\/v2\/posts\/2938\/revisions"}],"predecessor-version":[{"id":2939,"href":"https:\/\/www.sebastien-auziere.fr\/blog\/wp-json\/wp\/v2\/posts\/2938\/revisions\/2939"}],"wp:featuredmedia":[{"embeddable":true,"href":"https:\/\/www.sebastien-auziere.fr\/blog\/wp-json\/wp\/v2\/media\/2934"}],"wp:attachment":[{"href":"https:\/\/www.sebastien-auziere.fr\/blog\/wp-json\/wp\/v2\/media?parent=2938"}],"wp:term":[{"taxonomy":"category","embeddable":true,"href":"https:\/\/www.sebastien-auziere.fr\/blog\/wp-json\/wp\/v2\/categories?post=2938"},{"taxonomy":"post_tag","embeddable":true,"href":"https:\/\/www.sebastien-auziere.fr\/blog\/wp-json\/wp\/v2\/tags?post=2938"}],"curies":[{"name":"wp","href":"https:\/\/api.w.org\/{rel}","templated":true}]}}