{"id":2935,"date":"2026-04-11T07:10:01","date_gmt":"2026-04-11T07:10:01","guid":{"rendered":"https:\/\/www.sebastien-auziere.fr\/blog\/brigitte-macron-look-vatican\/"},"modified":"2026-04-11T07:10:01","modified_gmt":"2026-04-11T07:10:01","slug":"brigitte-macron-look-vatican","status":"publish","type":"post","link":"https:\/\/www.sebastien-auziere.fr\/blog\/brigitte-macron-look-vatican\/","title":{"rendered":"Brigitte Macron au Vatican : un look sophistiqu\u00e9 entre chignon raffin\u00e9, robe midi chic et escarpins vertigineux"},"content":{"rendered":"<p><strong>Brigitte Macron<\/strong> est arriv\u00e9e au <strong>Vatican<\/strong> le 10 avril 2026 dans un <strong>look sophistiqu\u00e9<\/strong> qui a imm\u00e9diatement fait parler : <strong>chignon raffin\u00e9<\/strong>, <strong>robe midi<\/strong> noire et escarpins vertigineux. L\u2019audience avec le pape <strong>L\u00e9on XIV<\/strong> respectait le protocole strict impos\u00e9 apr\u00e8s les c\u00e9l\u00e9brations de P\u00e2ques.<\/p>\n\n<p><strong>En bref<\/strong> : silhouette monochrome structur\u00e9e par une ceinture ton-sur-ton, une \u00e9charpe en dentelle, un mini sac My Dior en cuir cannage et des collants semi-transparents. Ce mariage de <strong>robe chic<\/strong> et d\u2019accessoires contemporains illustre l\u2019<strong>\u00e9l\u00e9gance<\/strong> fran\u00e7aise tout en respectant la solennit\u00e9 du lieu.<\/p>\n\n<h2 class=\"wp-block-heading\">Brigitte Macron au Vatican : un <strong>look sophistiqu\u00e9<\/strong> conforme au protocole<\/h2>\n\n<p>Le couple pr\u00e9sidentiel, arriv\u00e9 le 10 avril 2026, a \u00e9t\u00e9 re\u00e7u au Vatican par le pape <strong>L\u00e9on XIV<\/strong>, lors d\u2019une visite voulue par l\u2019\u00c9lys\u00e9e pour maintenir le dialogue avec le Saint-Si\u00e8ge. Fid\u00e8le au code vestimentaire, la Premi\u00e8re dame a choisi une tenue enti\u00e8rement noire, symbole d\u2019humilit\u00e9. La robe midi, structur\u00e9e par une fine ceinture, s\u2019accompagnait d\u2019un mini sac My Dior et d\u2019escarpins \u00e0 bout pointu, qui ont attir\u00e9 l\u2019\u0153il des observateurs.<\/p>\n\n<h3 class=\"wp-block-heading\">Le <strong>chignon raffin\u00e9<\/strong> : la coiffure qui sublime<\/h3>\n\n<p>La coiffure choisie est un chignon banane revisit\u00e9, l\u00e9g\u00e8rement rel\u00e2ch\u00e9 avec quelques m\u00e8ches encadrant le visage, signature habituelle de la Premi\u00e8re dame. Les sp\u00e9cialistes cit\u00e9s par <strong>Express UK<\/strong> notent l\u2019effet \u00ab lifting \u00bb naturel d\u2019un tel chignon, qui d\u00e9gage les traits et met en valeur le regard. Tu remarqueras que ce style, sobre et ma\u00eetris\u00e9, \u00e9quilibre parfaitement la solennit\u00e9 du moment et la modernit\u00e9 d\u2019une <strong>mode f\u00e9minine<\/strong> assum\u00e9e.<\/p>\n\n<p>Cette coiffure conclut l\u2019ensemble avec une \u00e9l\u00e9gance discr\u00e8te, soulignant la coh\u00e9rence du look.<\/p>\n\n<h2 class=\"wp-block-heading\">La <strong>robe midi<\/strong> et les <strong>escarpins vertigineux<\/strong>, d\u00e9tails couture<\/h2>\n\n<p>La <strong>robe chic<\/strong> port\u00e9e par la Premi\u00e8re dame mise sur la longueur midi, un ajustement discret et une ceinture ton-sur-ton pour structurer la silhouette. L\u2019\u00e9charpe textur\u00e9e en dentelle apporte une touche f\u00e9minine sans rompre la solennit\u00e9. Le mini sac My Dior, en cuir d\u2019agneau cannage, et les escarpins \u00e0 talons hauts compl\u00e8tent l\u2019ensemble, illustrant comment une tenue protocolaire peut rester r\u00e9solument mode tout en respectant l\u2019\u00e9tiquette.<\/p>\n\n<h3 class=\"wp-block-heading\">Impact sur la <strong>mode f\u00e9minine<\/strong> et l\u2019<strong>\u00e9l\u00e9gance<\/strong> fran\u00e7aise<\/h3>\n\n<p>Cette apparition renforce l\u2019influence de Brigitte Macron sur la <strong>mode f\u00e9minine<\/strong> contemporaine et son go\u00fbt pour des lignes \u00e9pur\u00e9es. Les observateurs de <a href=\"https:\/\/www.gala.fr\/l_actu\/news_de_stars\/brigitte-macron-recue-par-le-pape-leon-xiv-au-vatican-ce-dress-code-qu-elle-sera-obligee-de-respecter-20260409\">Gala<\/a> et le dossier de <a href=\"https:\/\/www.vogue.fr\/article\/brigitte-macron-chic-francais-style-looks\">Vogue<\/a> soulignent la capacit\u00e9 de la Premi\u00e8re dame \u00e0 marier tradition et couture. Tu verras que chaque choix \u2014 du chignon \u00e0 l\u2019escarpin \u2014 devient un message discret sur l\u2019image publique.<\/p>\n\n<p>Pour d\u00e9couvrir davantage sur les influences stylistiques et les liens entre la famille Macron et leurs proches, explore un <a href=\"https:\/\/www.sebastien-auziere.fr\/blog\/brigitte-macron-veste-epaulettes\/\">dossier consacr\u00e9 \u00e0 Brigitte Macron<\/a> ou une <a href=\"https:\/\/www.sebastien-auziere.fr\/blog\/nuance-elegante-zendaya\/\">analyse mode sign\u00e9e S\u00e9bastien Auzi\u00e8re<\/a> sur sebastien-auziere.fr, et plonge plus loin dans l\u2019univers de la famille Macron.<\/p>\n\n","protected":false},"excerpt":{"rendered":"<p>Brigitte Macron est arriv\u00e9e au Vatican le 10 avril 2026 dans un look sophistiqu\u00e9 qui a imm\u00e9diatement fait parler : chignon raffin\u00e9, robe midi noire et escarpins vertigineux. L\u2019audience avec le pape L\u00e9on XIV respectait le protocole strict impos\u00e9 apr\u00e8s les c\u00e9l\u00e9brations de P\u00e2ques. En bref : silhouette monochrome structur\u00e9e par une ceinture ton-sur-ton, une &#8230; <a title=\"Brigitte Macron au Vatican : un look sophistiqu\u00e9 entre chignon raffin\u00e9, robe midi chic et escarpins vertigineux\" class=\"read-more\" href=\"https:\/\/www.sebastien-auziere.fr\/blog\/brigitte-macron-look-vatican\/\" aria-label=\"En savoir plus sur Brigitte Macron au Vatican : un look sophistiqu\u00e9 entre chignon raffin\u00e9, robe midi chic et escarpins vertigineux\">Lire plus<\/a><\/p>\n","protected":false},"author":9,"featured_media":2934,"comment_status":"open","ping_status":"open","sticky":false,"template":"","format":"standard","meta":{"footnotes":""},"categories":[597],"tags":[892,2456,2454,2458,2115],"class_list":["post-2935","post","type-post","status-publish","format-standard","has-post-thumbnail","hentry","category-actualites","tag-brigitte-macron","tag-chignon-raffine","tag-look-sophistique","tag-robe-midi","tag-vatican"],"yoast_head":"<!-- This site is optimized with the Yoast SEO plugin v27.5 - https:\/\/yoast.com\/product\/yoast-seo-wordpress\/ -->\n<title>Brigitte Macron au Vatican : un look sophistiqu\u00e9 entre chignon raffin\u00e9, robe midi chic et escarpins vertigineux - Fan site S\u00e9bastien Auzi\u00e8re<\/title>\n<meta name=\"description\" content=\"D\u00e9couvrez le look sophistiqu\u00e9 de Brigitte Macron au Vatican : chignon raffin\u00e9, robe midi chic et escarpins vertigineux \u00e9l\u00e9gants.\" \/>\n<meta name=\"robots\" content=\"index, follow, max-snippet:-1, max-image-preview:large, max-video-preview:-1\" \/>\n<link rel=\"canonical\" href=\"https:\/\/www.sebastien-auziere.fr\/blog\/brigitte-macron-look-vatican\/\" \/>\n<meta property=\"og:locale\" content=\"fr_FR\" \/>\n<meta property=\"og:type\" content=\"article\" \/>\n<meta property=\"og:title\" content=\"Brigitte Macron au Vatican : un look sophistiqu\u00e9 entre chignon raffin\u00e9, robe midi chic et escarpins vertigineux - Fan site S\u00e9bastien Auzi\u00e8re\" \/>\n<meta property=\"og:description\" content=\"D\u00e9couvrez le look sophistiqu\u00e9 de Brigitte Macron au Vatican : chignon raffin\u00e9, robe midi chic et escarpins vertigineux \u00e9l\u00e9gants.\" \/>\n<meta property=\"og:url\" content=\"https:\/\/www.sebastien-auziere.fr\/blog\/brigitte-macron-look-vatican\/\" \/>\n<meta property=\"og:site_name\" content=\"Fan site S\u00e9bastien Auzi\u00e8re\" \/>\n<meta property=\"article:published_time\" content=\"2026-04-11T07:10:01+00:00\" \/>\n<meta property=\"og:image\" content=\"https:\/\/www.sebastien-auziere.fr\/blog\/wp-content\/uploads\/2026\/04\/Brigitte-Macron-au-Vatican-un-look-sophistique-entre-chignon-raffine-robe-midi-chic-et-escarpins-vertigineux.jpg\" \/>\n\t<meta property=\"og:image:width\" content=\"2560\" \/>\n\t<meta property=\"og:image:height\" content=\"1429\" \/>\n\t<meta property=\"og:image:type\" content=\"image\/jpeg\" \/>\n<meta name=\"author\" content=\"Chloe Gauthier\" \/>\n<meta name=\"twitter:card\" content=\"summary_large_image\" \/>\n<meta name=\"twitter:label1\" content=\"\u00c9crit par\" \/>\n\t<meta name=\"twitter:data1\" content=\"Chloe Gauthier\" \/>\n\t<meta name=\"twitter:label2\" content=\"Dur\u00e9e de lecture estim\u00e9e\" \/>\n\t<meta name=\"twitter:data2\" content=\"3 minutes\" \/>\n<script type=\"application\/ld+json\" class=\"yoast-schema-graph\">{\"@context\":\"https:\\\/\\\/schema.org\",\"@graph\":[{\"@type\":\"Article\",\"@id\":\"https:\\\/\\\/www.sebastien-auziere.fr\\\/blog\\\/brigitte-macron-look-vatican\\\/#article\",\"isPartOf\":{\"@id\":\"https:\\\/\\\/www.sebastien-auziere.fr\\\/blog\\\/brigitte-macron-look-vatican\\\/\"},\"author\":{\"name\":\"Chloe Gauthier\",\"@id\":\"https:\\\/\\\/www.sebastien-auziere.fr\\\/blog\\\/#\\\/schema\\\/person\\\/149f1acdbfd85149c6c3e59adeae2f4d\"},\"headline\":\"Brigitte Macron au Vatican : un look sophistiqu\u00e9 entre chignon raffin\u00e9, robe midi chic et escarpins vertigineux\",\"datePublished\":\"2026-04-11T07:10:01+00:00\",\"mainEntityOfPage\":{\"@id\":\"https:\\\/\\\/www.sebastien-auziere.fr\\\/blog\\\/brigitte-macron-look-vatican\\\/\"},\"wordCount\":517,\"commentCount\":0,\"publisher\":{\"@id\":\"https:\\\/\\\/www.sebastien-auziere.fr\\\/blog\\\/#organization\"},\"image\":{\"@id\":\"https:\\\/\\\/www.sebastien-auziere.fr\\\/blog\\\/brigitte-macron-look-vatican\\\/#primaryimage\"},\"thumbnailUrl\":\"https:\\\/\\\/www.sebastien-auziere.fr\\\/blog\\\/wp-content\\\/uploads\\\/2026\\\/04\\\/Brigitte-Macron-au-Vatican-un-look-sophistique-entre-chignon-raffine-robe-midi-chic-et-escarpins-vertigineux.jpg\",\"keywords\":[\"brigitte macron\",\"chignon raffin\u00e9\",\"look sophistiqu\u00e9\",\"robe midi\",\"vatican\"],\"articleSection\":[\"Actualit\u00e9s\"],\"inLanguage\":\"fr-FR\",\"potentialAction\":[{\"@type\":\"CommentAction\",\"name\":\"Comment\",\"target\":[\"https:\\\/\\\/www.sebastien-auziere.fr\\\/blog\\\/brigitte-macron-look-vatican\\\/#respond\"]}]},{\"@type\":\"WebPage\",\"@id\":\"https:\\\/\\\/www.sebastien-auziere.fr\\\/blog\\\/brigitte-macron-look-vatican\\\/\",\"url\":\"https:\\\/\\\/www.sebastien-auziere.fr\\\/blog\\\/brigitte-macron-look-vatican\\\/\",\"name\":\"Brigitte Macron au Vatican : un look sophistiqu\u00e9 entre chignon raffin\u00e9, robe midi chic et escarpins vertigineux - Fan site S\u00e9bastien Auzi\u00e8re\",\"isPartOf\":{\"@id\":\"https:\\\/\\\/www.sebastien-auziere.fr\\\/blog\\\/#website\"},\"primaryImageOfPage\":{\"@id\":\"https:\\\/\\\/www.sebastien-auziere.fr\\\/blog\\\/brigitte-macron-look-vatican\\\/#primaryimage\"},\"image\":{\"@id\":\"https:\\\/\\\/www.sebastien-auziere.fr\\\/blog\\\/brigitte-macron-look-vatican\\\/#primaryimage\"},\"thumbnailUrl\":\"https:\\\/\\\/www.sebastien-auziere.fr\\\/blog\\\/wp-content\\\/uploads\\\/2026\\\/04\\\/Brigitte-Macron-au-Vatican-un-look-sophistique-entre-chignon-raffine-robe-midi-chic-et-escarpins-vertigineux.jpg\",\"datePublished\":\"2026-04-11T07:10:01+00:00\",\"description\":\"D\u00e9couvrez le look sophistiqu\u00e9 de Brigitte Macron au Vatican : chignon raffin\u00e9, robe midi chic et escarpins vertigineux \u00e9l\u00e9gants.\",\"breadcrumb\":{\"@id\":\"https:\\\/\\\/www.sebastien-auziere.fr\\\/blog\\\/brigitte-macron-look-vatican\\\/#breadcrumb\"},\"inLanguage\":\"fr-FR\",\"potentialAction\":[{\"@type\":\"ReadAction\",\"target\":[\"https:\\\/\\\/www.sebastien-auziere.fr\\\/blog\\\/brigitte-macron-look-vatican\\\/\"]}]},{\"@type\":\"ImageObject\",\"inLanguage\":\"fr-FR\",\"@id\":\"https:\\\/\\\/www.sebastien-auziere.fr\\\/blog\\\/brigitte-macron-look-vatican\\\/#primaryimage\",\"url\":\"https:\\\/\\\/www.sebastien-auziere.fr\\\/blog\\\/wp-content\\\/uploads\\\/2026\\\/04\\\/Brigitte-Macron-au-Vatican-un-look-sophistique-entre-chignon-raffine-robe-midi-chic-et-escarpins-vertigineux.jpg\",\"contentUrl\":\"https:\\\/\\\/www.sebastien-auziere.fr\\\/blog\\\/wp-content\\\/uploads\\\/2026\\\/04\\\/Brigitte-Macron-au-Vatican-un-look-sophistique-entre-chignon-raffine-robe-midi-chic-et-escarpins-vertigineux.jpg\",\"width\":2560,\"height\":1429,\"caption\":\"d\u00e9couvrez le style \u00e9l\u00e9gant de brigitte macron au vatican avec un chignon raffin\u00e9, une robe midi chic et des escarpins vertigineux, alliant sophistication et modernit\u00e9.\"},{\"@type\":\"BreadcrumbList\",\"@id\":\"https:\\\/\\\/www.sebastien-auziere.fr\\\/blog\\\/brigitte-macron-look-vatican\\\/#breadcrumb\",\"itemListElement\":[{\"@type\":\"ListItem\",\"position\":1,\"name\":\"Home\",\"item\":\"https:\\\/\\\/www.sebastien-auziere.fr\\\/blog\\\/\"},{\"@type\":\"ListItem\",\"position\":2,\"name\":\"Brigitte Macron au Vatican : un look sophistiqu\u00e9 entre chignon raffin\u00e9, robe midi chic et escarpins vertigineux\"}]},{\"@type\":\"WebSite\",\"@id\":\"https:\\\/\\\/www.sebastien-auziere.fr\\\/blog\\\/#website\",\"url\":\"https:\\\/\\\/www.sebastien-auziere.fr\\\/blog\\\/\",\"name\":\"Fan site S\u00e9bastien Auzi\u00e8re\",\"description\":\"M\u00e9dia g\u00e9n\u00e9raliste\",\"publisher\":{\"@id\":\"https:\\\/\\\/www.sebastien-auziere.fr\\\/blog\\\/#organization\"},\"potentialAction\":[{\"@type\":\"SearchAction\",\"target\":{\"@type\":\"EntryPoint\",\"urlTemplate\":\"https:\\\/\\\/www.sebastien-auziere.fr\\\/blog\\\/?s={search_term_string}\"},\"query-input\":{\"@type\":\"PropertyValueSpecification\",\"valueRequired\":true,\"valueName\":\"search_term_string\"}}],\"inLanguage\":\"fr-FR\"},{\"@type\":\"Organization\",\"@id\":\"https:\\\/\\\/www.sebastien-auziere.fr\\\/blog\\\/#organization\",\"name\":\"Fan site S\u00e9bastien Auzi\u00e8re\",\"url\":\"https:\\\/\\\/www.sebastien-auziere.fr\\\/blog\\\/\",\"logo\":{\"@type\":\"ImageObject\",\"inLanguage\":\"fr-FR\",\"@id\":\"https:\\\/\\\/www.sebastien-auziere.fr\\\/blog\\\/#\\\/schema\\\/logo\\\/image\\\/\",\"url\":\"https:\\\/\\\/www.sebastien-auziere.fr\\\/blog\\\/wp-content\\\/uploads\\\/2026\\\/03\\\/cropped-cropped-cropped-ChatGPT-Image-6-mars-2026-12_58_09-e1772798376794.jpg\",\"contentUrl\":\"https:\\\/\\\/www.sebastien-auziere.fr\\\/blog\\\/wp-content\\\/uploads\\\/2026\\\/03\\\/cropped-cropped-cropped-ChatGPT-Image-6-mars-2026-12_58_09-e1772798376794.jpg\",\"width\":512,\"height\":360,\"caption\":\"Fan site S\u00e9bastien Auzi\u00e8re\"},\"image\":{\"@id\":\"https:\\\/\\\/www.sebastien-auziere.fr\\\/blog\\\/#\\\/schema\\\/logo\\\/image\\\/\"}},{\"@type\":\"Person\",\"@id\":\"https:\\\/\\\/www.sebastien-auziere.fr\\\/blog\\\/#\\\/schema\\\/person\\\/149f1acdbfd85149c6c3e59adeae2f4d\",\"name\":\"Chloe Gauthier\",\"image\":{\"@type\":\"ImageObject\",\"inLanguage\":\"fr-FR\",\"@id\":\"https:\\\/\\\/secure.gravatar.com\\\/avatar\\\/2c5722f58171cff738a8985ef0dd66b476e563753246a49019befc837ec4201a?s=96&d=mm&r=g\",\"url\":\"https:\\\/\\\/secure.gravatar.com\\\/avatar\\\/2c5722f58171cff738a8985ef0dd66b476e563753246a49019befc837ec4201a?s=96&d=mm&r=g\",\"contentUrl\":\"https:\\\/\\\/secure.gravatar.com\\\/avatar\\\/2c5722f58171cff738a8985ef0dd66b476e563753246a49019befc837ec4201a?s=96&d=mm&r=g\",\"caption\":\"Chloe Gauthier\"},\"description\":\"Passionn\u00e9e par la politique et admiratrice engag\u00e9e de la famille Macron, je consacre mon \u00e9nergie \u00e0 suivre leurs initiatives et \u00e0 promouvoir leurs id\u00e9es. \u00c0 32 ans, je suis convaincue que leur vision est porteuse d'avenir.\",\"url\":\"https:\\\/\\\/www.sebastien-auziere.fr\\\/blog\\\/author\\\/chloe-gauthier\\\/\"}]}<\/script>\n<!-- \/ Yoast SEO plugin. -->","yoast_head_json":{"title":"Brigitte Macron au Vatican : un look sophistiqu\u00e9 entre chignon raffin\u00e9, robe midi chic et escarpins vertigineux - Fan site S\u00e9bastien Auzi\u00e8re","description":"D\u00e9couvrez le look sophistiqu\u00e9 de Brigitte Macron au Vatican : chignon raffin\u00e9, robe midi chic et escarpins vertigineux \u00e9l\u00e9gants.","robots":{"index":"index","follow":"follow","max-snippet":"max-snippet:-1","max-image-preview":"max-image-preview:large","max-video-preview":"max-video-preview:-1"},"canonical":"https:\/\/www.sebastien-auziere.fr\/blog\/brigitte-macron-look-vatican\/","og_locale":"fr_FR","og_type":"article","og_title":"Brigitte Macron au Vatican : un look sophistiqu\u00e9 entre chignon raffin\u00e9, robe midi chic et escarpins vertigineux - Fan site S\u00e9bastien Auzi\u00e8re","og_description":"D\u00e9couvrez le look sophistiqu\u00e9 de Brigitte Macron au Vatican : chignon raffin\u00e9, robe midi chic et escarpins vertigineux \u00e9l\u00e9gants.","og_url":"https:\/\/www.sebastien-auziere.fr\/blog\/brigitte-macron-look-vatican\/","og_site_name":"Fan site S\u00e9bastien Auzi\u00e8re","article_published_time":"2026-04-11T07:10:01+00:00","og_image":[{"width":2560,"height":1429,"url":"https:\/\/www.sebastien-auziere.fr\/blog\/wp-content\/uploads\/2026\/04\/Brigitte-Macron-au-Vatican-un-look-sophistique-entre-chignon-raffine-robe-midi-chic-et-escarpins-vertigineux.jpg","type":"image\/jpeg"}],"author":"Chloe Gauthier","twitter_card":"summary_large_image","twitter_misc":{"\u00c9crit par":"Chloe Gauthier","Dur\u00e9e de lecture estim\u00e9e":"3 minutes"},"schema":{"@context":"https:\/\/schema.org","@graph":[{"@type":"Article","@id":"https:\/\/www.sebastien-auziere.fr\/blog\/brigitte-macron-look-vatican\/#article","isPartOf":{"@id":"https:\/\/www.sebastien-auziere.fr\/blog\/brigitte-macron-look-vatican\/"},"author":{"name":"Chloe Gauthier","@id":"https:\/\/www.sebastien-auziere.fr\/blog\/#\/schema\/person\/149f1acdbfd85149c6c3e59adeae2f4d"},"headline":"Brigitte Macron au Vatican : un look sophistiqu\u00e9 entre chignon raffin\u00e9, robe midi chic et escarpins vertigineux","datePublished":"2026-04-11T07:10:01+00:00","mainEntityOfPage":{"@id":"https:\/\/www.sebastien-auziere.fr\/blog\/brigitte-macron-look-vatican\/"},"wordCount":517,"commentCount":0,"publisher":{"@id":"https:\/\/www.sebastien-auziere.fr\/blog\/#organization"},"image":{"@id":"https:\/\/www.sebastien-auziere.fr\/blog\/brigitte-macron-look-vatican\/#primaryimage"},"thumbnailUrl":"https:\/\/www.sebastien-auziere.fr\/blog\/wp-content\/uploads\/2026\/04\/Brigitte-Macron-au-Vatican-un-look-sophistique-entre-chignon-raffine-robe-midi-chic-et-escarpins-vertigineux.jpg","keywords":["brigitte macron","chignon raffin\u00e9","look sophistiqu\u00e9","robe midi","vatican"],"articleSection":["Actualit\u00e9s"],"inLanguage":"fr-FR","potentialAction":[{"@type":"CommentAction","name":"Comment","target":["https:\/\/www.sebastien-auziere.fr\/blog\/brigitte-macron-look-vatican\/#respond"]}]},{"@type":"WebPage","@id":"https:\/\/www.sebastien-auziere.fr\/blog\/brigitte-macron-look-vatican\/","url":"https:\/\/www.sebastien-auziere.fr\/blog\/brigitte-macron-look-vatican\/","name":"Brigitte Macron au Vatican : un look sophistiqu\u00e9 entre chignon raffin\u00e9, robe midi chic et escarpins vertigineux - Fan site S\u00e9bastien Auzi\u00e8re","isPartOf":{"@id":"https:\/\/www.sebastien-auziere.fr\/blog\/#website"},"primaryImageOfPage":{"@id":"https:\/\/www.sebastien-auziere.fr\/blog\/brigitte-macron-look-vatican\/#primaryimage"},"image":{"@id":"https:\/\/www.sebastien-auziere.fr\/blog\/brigitte-macron-look-vatican\/#primaryimage"},"thumbnailUrl":"https:\/\/www.sebastien-auziere.fr\/blog\/wp-content\/uploads\/2026\/04\/Brigitte-Macron-au-Vatican-un-look-sophistique-entre-chignon-raffine-robe-midi-chic-et-escarpins-vertigineux.jpg","datePublished":"2026-04-11T07:10:01+00:00","description":"D\u00e9couvrez le look sophistiqu\u00e9 de Brigitte Macron au Vatican : chignon raffin\u00e9, robe midi chic et escarpins vertigineux \u00e9l\u00e9gants.","breadcrumb":{"@id":"https:\/\/www.sebastien-auziere.fr\/blog\/brigitte-macron-look-vatican\/#breadcrumb"},"inLanguage":"fr-FR","potentialAction":[{"@type":"ReadAction","target":["https:\/\/www.sebastien-auziere.fr\/blog\/brigitte-macron-look-vatican\/"]}]},{"@type":"ImageObject","inLanguage":"fr-FR","@id":"https:\/\/www.sebastien-auziere.fr\/blog\/brigitte-macron-look-vatican\/#primaryimage","url":"https:\/\/www.sebastien-auziere.fr\/blog\/wp-content\/uploads\/2026\/04\/Brigitte-Macron-au-Vatican-un-look-sophistique-entre-chignon-raffine-robe-midi-chic-et-escarpins-vertigineux.jpg","contentUrl":"https:\/\/www.sebastien-auziere.fr\/blog\/wp-content\/uploads\/2026\/04\/Brigitte-Macron-au-Vatican-un-look-sophistique-entre-chignon-raffine-robe-midi-chic-et-escarpins-vertigineux.jpg","width":2560,"height":1429,"caption":"d\u00e9couvrez le style \u00e9l\u00e9gant de brigitte macron au vatican avec un chignon raffin\u00e9, une robe midi chic et des escarpins vertigineux, alliant sophistication et modernit\u00e9."},{"@type":"BreadcrumbList","@id":"https:\/\/www.sebastien-auziere.fr\/blog\/brigitte-macron-look-vatican\/#breadcrumb","itemListElement":[{"@type":"ListItem","position":1,"name":"Home","item":"https:\/\/www.sebastien-auziere.fr\/blog\/"},{"@type":"ListItem","position":2,"name":"Brigitte Macron au Vatican : un look sophistiqu\u00e9 entre chignon raffin\u00e9, robe midi chic et escarpins vertigineux"}]},{"@type":"WebSite","@id":"https:\/\/www.sebastien-auziere.fr\/blog\/#website","url":"https:\/\/www.sebastien-auziere.fr\/blog\/","name":"Fan site S\u00e9bastien Auzi\u00e8re","description":"M\u00e9dia g\u00e9n\u00e9raliste","publisher":{"@id":"https:\/\/www.sebastien-auziere.fr\/blog\/#organization"},"potentialAction":[{"@type":"SearchAction","target":{"@type":"EntryPoint","urlTemplate":"https:\/\/www.sebastien-auziere.fr\/blog\/?s={search_term_string}"},"query-input":{"@type":"PropertyValueSpecification","valueRequired":true,"valueName":"search_term_string"}}],"inLanguage":"fr-FR"},{"@type":"Organization","@id":"https:\/\/www.sebastien-auziere.fr\/blog\/#organization","name":"Fan site S\u00e9bastien Auzi\u00e8re","url":"https:\/\/www.sebastien-auziere.fr\/blog\/","logo":{"@type":"ImageObject","inLanguage":"fr-FR","@id":"https:\/\/www.sebastien-auziere.fr\/blog\/#\/schema\/logo\/image\/","url":"https:\/\/www.sebastien-auziere.fr\/blog\/wp-content\/uploads\/2026\/03\/cropped-cropped-cropped-ChatGPT-Image-6-mars-2026-12_58_09-e1772798376794.jpg","contentUrl":"https:\/\/www.sebastien-auziere.fr\/blog\/wp-content\/uploads\/2026\/03\/cropped-cropped-cropped-ChatGPT-Image-6-mars-2026-12_58_09-e1772798376794.jpg","width":512,"height":360,"caption":"Fan site S\u00e9bastien Auzi\u00e8re"},"image":{"@id":"https:\/\/www.sebastien-auziere.fr\/blog\/#\/schema\/logo\/image\/"}},{"@type":"Person","@id":"https:\/\/www.sebastien-auziere.fr\/blog\/#\/schema\/person\/149f1acdbfd85149c6c3e59adeae2f4d","name":"Chloe Gauthier","image":{"@type":"ImageObject","inLanguage":"fr-FR","@id":"https:\/\/secure.gravatar.com\/avatar\/2c5722f58171cff738a8985ef0dd66b476e563753246a49019befc837ec4201a?s=96&d=mm&r=g","url":"https:\/\/secure.gravatar.com\/avatar\/2c5722f58171cff738a8985ef0dd66b476e563753246a49019befc837ec4201a?s=96&d=mm&r=g","contentUrl":"https:\/\/secure.gravatar.com\/avatar\/2c5722f58171cff738a8985ef0dd66b476e563753246a49019befc837ec4201a?s=96&d=mm&r=g","caption":"Chloe Gauthier"},"description":"Passionn\u00e9e par la politique et admiratrice engag\u00e9e de la famille Macron, je consacre mon \u00e9nergie \u00e0 suivre leurs initiatives et \u00e0 promouvoir leurs id\u00e9es. \u00c0 32 ans, je suis convaincue que leur vision est porteuse d'avenir.","url":"https:\/\/www.sebastien-auziere.fr\/blog\/author\/chloe-gauthier\/"}]}},"views":1074,"_links":{"self":[{"href":"https:\/\/www.sebastien-auziere.fr\/blog\/wp-json\/wp\/v2\/posts\/2935","targetHints":{"allow":["GET"]}}],"collection":[{"href":"https:\/\/www.sebastien-auziere.fr\/blog\/wp-json\/wp\/v2\/posts"}],"about":[{"href":"https:\/\/www.sebastien-auziere.fr\/blog\/wp-json\/wp\/v2\/types\/post"}],"author":[{"embeddable":true,"href":"https:\/\/www.sebastien-auziere.fr\/blog\/wp-json\/wp\/v2\/users\/9"}],"replies":[{"embeddable":true,"href":"https:\/\/www.sebastien-auziere.fr\/blog\/wp-json\/wp\/v2\/comments?post=2935"}],"version-history":[{"count":0,"href":"https:\/\/www.sebastien-auziere.fr\/blog\/wp-json\/wp\/v2\/posts\/2935\/revisions"}],"wp:featuredmedia":[{"embeddable":true,"href":"https:\/\/www.sebastien-auziere.fr\/blog\/wp-json\/wp\/v2\/media\/2934"}],"wp:attachment":[{"href":"https:\/\/www.sebastien-auziere.fr\/blog\/wp-json\/wp\/v2\/media?parent=2935"}],"wp:term":[{"taxonomy":"category","embeddable":true,"href":"https:\/\/www.sebastien-auziere.fr\/blog\/wp-json\/wp\/v2\/categories?post=2935"},{"taxonomy":"post_tag","embeddable":true,"href":"https:\/\/www.sebastien-auziere.fr\/blog\/wp-json\/wp\/v2\/tags?post=2935"}],"curies":[{"name":"wp","href":"https:\/\/api.w.org\/{rel}","templated":true}]}}