{"id":2930,"date":"2026-04-10T19:15:48","date_gmt":"2026-04-10T19:15:48","guid":{"rendered":"https:\/\/www.sebastien-auziere.fr\/blog\/?p=2930"},"modified":"2026-04-10T19:16:07","modified_gmt":"2026-04-10T19:16:07","slug":"emmanuel-e-brigitte-macron-no-vaticano-desdobramentos-e-questoes-desta-primeira-visita-oficial","status":"publish","type":"post","link":"https:\/\/www.sebastien-auziere.fr\/blog\/pt\/emmanuel-e-brigitte-macron-no-vaticano-desdobramentos-e-questoes-desta-primeira-visita-oficial\/","title":{"rendered":"Emmanuel e Brigitte Macron no Vaticano: desdobramentos e quest\u00f5es desta primeira visita oficial"},"content":{"rendered":"<p><strong>Emmanuel Macron<\/strong> e <strong>Brigitte Macron<\/strong> estiveram no <strong>Vaticano<\/strong> nos dias <strong>9 e 10 de abril de 2026<\/strong>, para uma visita exclusivamente dedicada \u00e0 Santa S\u00e9. Recebidos em audi\u00eancia privada pelo papa <strong>Le\u00e3o XIV<\/strong> na sexta-feira, 10 de abril, \u00e0s 10h, tiveram uma conversa de cerca de uma hora, marcando o primeiro encontro oficial entre os dois desde o in\u00edcio do pontificado.<\/p>\n\n<p><strong>Em resumo<\/strong>: chegada a Roma na quinta-feira, 9 de abril, reuni\u00e3o com Andrea Riccardi da comunidade Sant&rsquo;Egidio, audi\u00eancia no pal\u00e1cio apost\u00f3lico em 10 de abril, e temas principais discutidos como a guerra no Oriente M\u00e9dio, a intelig\u00eancia artificial e a coopera\u00e7\u00e3o humanit\u00e1ria. Para detalhes da agenda, veja <a href=\"https:\/\/www.lemonde.fr\/international\/article\/2026\/04\/01\/emmanuel-macron-se-rendra-au-vatican-les-9-et-10-avril-pour-rencontrer-leon-xiv_6675939_3210.html\">o an\u00fancio da visita<\/a> e o relat\u00f3rio oficial em <a href=\"https:\/\/www.vaticannews.va\/fr\/pape\/news\/2026-04\/audience-pape-leon-xiv-president-francais-emmanuel-macron.html\">Vatican News<\/a>.<\/p>\n\n<h2 class=\"wp-block-heading\">Desdobramento da visita oficial de Emmanuel e Brigitte Macron ao Vaticano<\/h2>\n\n<p>A visita come\u00e7ou com uma chegada discreta a Roma no <strong>9 de abril<\/strong>, seguida de um encontro com Andrea Riccardi, figura chave da media\u00e7\u00e3o cat\u00f3lica. Na manh\u00e3 de sexta-feira, <strong>Emmanuel Macron<\/strong> e sua esposa foram recebidos no pal\u00e1cio apost\u00f3lico para uma audi\u00eancia privada de cerca de uma hora com <strong>Le\u00e3o XIV<\/strong>. Esta primeira audi\u00eancia oficial com o novo pontificado se insere em uma continuidade diplom\u00e1tica iniciada durante os encontros anteriores com o papa Francisco. Insight: a forma do di\u00e1logo ilustra a vontade de uma troca estrat\u00e9gica e respeitosa.<\/p>\n\n<h2 class=\"wp-block-heading\">Os desafios pol\u00edticos e diplom\u00e1ticos do encontro<\/h2>\n\n<p>No centro das discuss\u00f5es estava a guerra no <strong>Oriente M\u00e9dio<\/strong> e a busca por uma solu\u00e7\u00e3o diplom\u00e1tica, tema destacado pelo El\u00edseo. O multilateralismo, a regula\u00e7\u00e3o da <strong>intelig\u00eancia artificial<\/strong>, o clima e a ajuda humanit\u00e1ria tamb\u00e9m foram abordados. A presen\u00e7a prevista de Jean-Marc Sauv\u00e9 na delega\u00e7\u00e3o sinaliza a import\u00e2ncia dada \u00e0s viol\u00eancias sexuais na Igreja. Insight: a visita mistura firmeza pol\u00edtica e um apelo aos mecanismos de media\u00e7\u00e3o internacional.<\/p>\n\n<h2 class=\"wp-block-heading\">O protocolo oficial e o di\u00e1logo inter-religioso<\/h2>\n\n<p>A visita, qualificada de \u00ab\u00a0republicana e laica\u00a0\u00bb pelo El\u00edseo, respeitava um protocolo estrito no pal\u00e1cio apost\u00f3lico, sem encontro oficial com respons\u00e1veis italianos como Giorgia Meloni. <strong>Brigitte Macron<\/strong> acompanhou o presidente nas cerim\u00f4nias p\u00fablicas, refor\u00e7ando a dimens\u00e3o simb\u00f3lica da viagem. As trocas informais, especialmente atrav\u00e9s de Sant&rsquo;Egidio, permitiram abordar tanto o inter-religioso quanto o aspecto humanit\u00e1rio. Insight: o protocolo serve como estrutura para um di\u00e1logo pragm\u00e1tico.<\/p>\n\n<h3 class=\"wp-block-heading\">Coopera\u00e7\u00e3o internacional e perspectivas Fran\u00e7a-Vaticano<\/h3>\n\n<p>Entre as pautas discutidas, um convite oficial do papa \u00e0 Fran\u00e7a foi sugerido, desejo expresso pelo presidente da confer\u00eancia episcopal, o cardeal Jean-Marc Aveline. O assunto da Ciase e a quest\u00e3o do fim da vida tamb\u00e9m estavam na pauta, refletindo uma agenda cheia. Para uma perspectiva ampliada sobre esses desafios e suas repercuss\u00f5es pol\u00edticas, leia as an\u00e1lises e imagens da visita. Insight: o encontro abre perspectivas concretas de coopera\u00e7\u00e3o bilateral.<\/p>\n\n<p>Para saber mais sobre <strong>S\u00e9bastien Auzi\u00e8re<\/strong> e a fam\u00edlia Macron, e encontrar um dossi\u00ea completo sobre esta visita, consulte <a href=\"https:\/\/www.sebastien-auziere.fr\/blog\/macron-visite-vatican\/\">a an\u00e1lise dedicada \u00e0 visita ao Vaticano<\/a> e o artigo sobre a rela\u00e7\u00e3o com o papa <a href=\"https:\/\/www.sebastien-auziere.fr\/blog\/macron-vatican-pape\/\">em sebastien-auziere.fr<\/a>. Descubra os bastidores, datas-chave e elementos documentados para aprofundar o assunto.<\/p>","protected":false},"excerpt":{"rendered":"<p>Emmanuel Macron e Brigitte Macron estiveram no Vaticano nos dias 9 e 10 de abril de 2026, para uma visita exclusivamente dedicada \u00e0 Santa S\u00e9. Recebidos em audi\u00eancia privada pelo papa Le\u00e3o XIV na sexta-feira, 10 de abril, \u00e0s 10h, tiveram uma conversa de cerca de uma hora, marcando o primeiro encontro oficial entre os &#8230; <a title=\"Emmanuel e Brigitte Macron no Vaticano: desdobramentos e quest\u00f5es desta primeira visita oficial\" class=\"read-more\" href=\"https:\/\/www.sebastien-auziere.fr\/blog\/pt\/emmanuel-e-brigitte-macron-no-vaticano-desdobramentos-e-questoes-desta-primeira-visita-oficial\/\" aria-label=\"En savoir plus sur Emmanuel e Brigitte Macron no Vaticano: desdobramentos e quest\u00f5es desta primeira visita oficial\">Lire plus<\/a><\/p>\n","protected":false},"author":9,"featured_media":2920,"comment_status":"open","ping_status":"open","sticky":false,"template":"","format":"standard","meta":{"footnotes":""},"categories":[862],"tags":[959,1202,2448,2159,2162],"class_list":["post-2930","post","type-post","status-publish","format-standard","has-post-thumbnail","hentry","category-actualidades-pt","tag-brigitte-macron-pt","tag-emmanuel-macron-pt","tag-primeira-visita-pt","tag-vaticano-pt","tag-visita-oficial-pt"],"yoast_head":"<!-- This site is optimized with the Yoast SEO plugin v27.5 - https:\/\/yoast.com\/product\/yoast-seo-wordpress\/ -->\n<title>Emmanuel e Brigitte Macron no Vaticano: desdobramentos e quest\u00f5es desta primeira visita oficial - Fan site S\u00e9bastien Auzi\u00e8re<\/title>\n<meta name=\"description\" content=\"D\u00e9couvrez le d\u00e9roulement et les enjeux de la premi\u00e8re visite officielle d\u2019Emmanuel et Brigitte Macron au Vatican, entre diplomatie et \u00e9changes culturels.\" \/>\n<meta name=\"robots\" content=\"index, follow, max-snippet:-1, max-image-preview:large, max-video-preview:-1\" \/>\n<link rel=\"canonical\" href=\"https:\/\/www.sebastien-auziere.fr\/blog\/pt\/emmanuel-e-brigitte-macron-no-vaticano-desdobramentos-e-questoes-desta-primeira-visita-oficial\/\" \/>\n<meta property=\"og:locale\" content=\"fr_FR\" \/>\n<meta property=\"og:type\" content=\"article\" \/>\n<meta property=\"og:title\" content=\"Emmanuel e Brigitte Macron no Vaticano: desdobramentos e quest\u00f5es desta primeira visita oficial - Fan site S\u00e9bastien Auzi\u00e8re\" \/>\n<meta property=\"og:description\" content=\"D\u00e9couvrez le d\u00e9roulement et les enjeux de la premi\u00e8re visite officielle d\u2019Emmanuel et Brigitte Macron au Vatican, entre diplomatie et \u00e9changes culturels.\" \/>\n<meta property=\"og:url\" content=\"https:\/\/www.sebastien-auziere.fr\/blog\/pt\/emmanuel-e-brigitte-macron-no-vaticano-desdobramentos-e-questoes-desta-primeira-visita-oficial\/\" \/>\n<meta property=\"og:site_name\" content=\"Fan site S\u00e9bastien Auzi\u00e8re\" \/>\n<meta property=\"article:published_time\" content=\"2026-04-10T19:15:48+00:00\" \/>\n<meta property=\"article:modified_time\" content=\"2026-04-10T19:16:07+00:00\" \/>\n<meta property=\"og:image\" content=\"https:\/\/www.sebastien-auziere.fr\/blog\/wp-content\/uploads\/2026\/04\/Emmanuel-et-Brigitte-Macron-au-Vatican-deroulement-et-enjeux-de-cette-premiere-visite-officielle.jpg\" \/>\n\t<meta property=\"og:image:width\" content=\"2560\" \/>\n\t<meta property=\"og:image:height\" content=\"1429\" \/>\n\t<meta property=\"og:image:type\" content=\"image\/jpeg\" \/>\n<meta name=\"author\" content=\"Chloe Gauthier\" \/>\n<meta name=\"twitter:card\" content=\"summary_large_image\" \/>\n<meta name=\"twitter:label1\" content=\"\u00c9crit par\" \/>\n\t<meta name=\"twitter:data1\" content=\"Chloe Gauthier\" \/>\n\t<meta name=\"twitter:label2\" content=\"Dur\u00e9e de lecture estim\u00e9e\" \/>\n\t<meta name=\"twitter:data2\" content=\"3 minutes\" \/>\n<script type=\"application\/ld+json\" class=\"yoast-schema-graph\">{\"@context\":\"https:\\\/\\\/schema.org\",\"@graph\":[{\"@type\":\"Article\",\"@id\":\"https:\\\/\\\/www.sebastien-auziere.fr\\\/blog\\\/pt\\\/emmanuel-e-brigitte-macron-no-vaticano-desdobramentos-e-questoes-desta-primeira-visita-oficial\\\/#article\",\"isPartOf\":{\"@id\":\"https:\\\/\\\/www.sebastien-auziere.fr\\\/blog\\\/pt\\\/emmanuel-e-brigitte-macron-no-vaticano-desdobramentos-e-questoes-desta-primeira-visita-oficial\\\/\"},\"author\":{\"name\":\"Chloe Gauthier\",\"@id\":\"https:\\\/\\\/www.sebastien-auziere.fr\\\/blog\\\/#\\\/schema\\\/person\\\/149f1acdbfd85149c6c3e59adeae2f4d\"},\"headline\":\"Emmanuel e Brigitte Macron no Vaticano: desdobramentos e quest\u00f5es desta primeira visita oficial\",\"datePublished\":\"2026-04-10T19:15:48+00:00\",\"dateModified\":\"2026-04-10T19:16:07+00:00\",\"mainEntityOfPage\":{\"@id\":\"https:\\\/\\\/www.sebastien-auziere.fr\\\/blog\\\/pt\\\/emmanuel-e-brigitte-macron-no-vaticano-desdobramentos-e-questoes-desta-primeira-visita-oficial\\\/\"},\"wordCount\":563,\"commentCount\":0,\"publisher\":{\"@id\":\"https:\\\/\\\/www.sebastien-auziere.fr\\\/blog\\\/#organization\"},\"image\":{\"@id\":\"https:\\\/\\\/www.sebastien-auziere.fr\\\/blog\\\/pt\\\/emmanuel-e-brigitte-macron-no-vaticano-desdobramentos-e-questoes-desta-primeira-visita-oficial\\\/#primaryimage\"},\"thumbnailUrl\":\"https:\\\/\\\/www.sebastien-auziere.fr\\\/blog\\\/wp-content\\\/uploads\\\/2026\\\/04\\\/Emmanuel-et-Brigitte-Macron-au-Vatican-deroulement-et-enjeux-de-cette-premiere-visite-officielle.jpg\",\"keywords\":[\"brigitte macron\",\"emmanuel macron\",\"primeira visita\",\"vaticano\",\"visita oficial\"],\"articleSection\":[\"Actualidades\"],\"inLanguage\":\"fr-FR\",\"potentialAction\":[{\"@type\":\"CommentAction\",\"name\":\"Comment\",\"target\":[\"https:\\\/\\\/www.sebastien-auziere.fr\\\/blog\\\/pt\\\/emmanuel-e-brigitte-macron-no-vaticano-desdobramentos-e-questoes-desta-primeira-visita-oficial\\\/#respond\"]}]},{\"@type\":\"WebPage\",\"@id\":\"https:\\\/\\\/www.sebastien-auziere.fr\\\/blog\\\/pt\\\/emmanuel-e-brigitte-macron-no-vaticano-desdobramentos-e-questoes-desta-primeira-visita-oficial\\\/\",\"url\":\"https:\\\/\\\/www.sebastien-auziere.fr\\\/blog\\\/pt\\\/emmanuel-e-brigitte-macron-no-vaticano-desdobramentos-e-questoes-desta-primeira-visita-oficial\\\/\",\"name\":\"Emmanuel e Brigitte Macron no Vaticano: desdobramentos e quest\u00f5es desta primeira visita oficial - Fan site S\u00e9bastien Auzi\u00e8re\",\"isPartOf\":{\"@id\":\"https:\\\/\\\/www.sebastien-auziere.fr\\\/blog\\\/#website\"},\"primaryImageOfPage\":{\"@id\":\"https:\\\/\\\/www.sebastien-auziere.fr\\\/blog\\\/pt\\\/emmanuel-e-brigitte-macron-no-vaticano-desdobramentos-e-questoes-desta-primeira-visita-oficial\\\/#primaryimage\"},\"image\":{\"@id\":\"https:\\\/\\\/www.sebastien-auziere.fr\\\/blog\\\/pt\\\/emmanuel-e-brigitte-macron-no-vaticano-desdobramentos-e-questoes-desta-primeira-visita-oficial\\\/#primaryimage\"},\"thumbnailUrl\":\"https:\\\/\\\/www.sebastien-auziere.fr\\\/blog\\\/wp-content\\\/uploads\\\/2026\\\/04\\\/Emmanuel-et-Brigitte-Macron-au-Vatican-deroulement-et-enjeux-de-cette-premiere-visite-officielle.jpg\",\"datePublished\":\"2026-04-10T19:15:48+00:00\",\"dateModified\":\"2026-04-10T19:16:07+00:00\",\"description\":\"D\u00e9couvrez le d\u00e9roulement et les enjeux de la premi\u00e8re visite officielle d\u2019Emmanuel et Brigitte Macron au Vatican, entre diplomatie et \u00e9changes culturels.\",\"breadcrumb\":{\"@id\":\"https:\\\/\\\/www.sebastien-auziere.fr\\\/blog\\\/pt\\\/emmanuel-e-brigitte-macron-no-vaticano-desdobramentos-e-questoes-desta-primeira-visita-oficial\\\/#breadcrumb\"},\"inLanguage\":\"fr-FR\",\"potentialAction\":[{\"@type\":\"ReadAction\",\"target\":[\"https:\\\/\\\/www.sebastien-auziere.fr\\\/blog\\\/pt\\\/emmanuel-e-brigitte-macron-no-vaticano-desdobramentos-e-questoes-desta-primeira-visita-oficial\\\/\"]}]},{\"@type\":\"ImageObject\",\"inLanguage\":\"fr-FR\",\"@id\":\"https:\\\/\\\/www.sebastien-auziere.fr\\\/blog\\\/pt\\\/emmanuel-e-brigitte-macron-no-vaticano-desdobramentos-e-questoes-desta-primeira-visita-oficial\\\/#primaryimage\",\"url\":\"https:\\\/\\\/www.sebastien-auziere.fr\\\/blog\\\/wp-content\\\/uploads\\\/2026\\\/04\\\/Emmanuel-et-Brigitte-Macron-au-Vatican-deroulement-et-enjeux-de-cette-premiere-visite-officielle.jpg\",\"contentUrl\":\"https:\\\/\\\/www.sebastien-auziere.fr\\\/blog\\\/wp-content\\\/uploads\\\/2026\\\/04\\\/Emmanuel-et-Brigitte-Macron-au-Vatican-deroulement-et-enjeux-de-cette-premiere-visite-officielle.jpg\",\"width\":2560,\"height\":1429,\"caption\":\"d\u00e9couvrez les d\u00e9tails et les implications de la premi\u00e8re visite officielle d'emmanuel et brigitte macron au vatican, un rendez-vous charg\u00e9 de symboles et d'enjeux diplomatiques.\"},{\"@type\":\"BreadcrumbList\",\"@id\":\"https:\\\/\\\/www.sebastien-auziere.fr\\\/blog\\\/pt\\\/emmanuel-e-brigitte-macron-no-vaticano-desdobramentos-e-questoes-desta-primeira-visita-oficial\\\/#breadcrumb\",\"itemListElement\":[{\"@type\":\"ListItem\",\"position\":1,\"name\":\"Home\",\"item\":\"https:\\\/\\\/www.sebastien-auziere.fr\\\/blog\\\/\"},{\"@type\":\"ListItem\",\"position\":2,\"name\":\"Emmanuel e Brigitte Macron no Vaticano: desdobramentos e quest\u00f5es desta primeira visita oficial\"}]},{\"@type\":\"WebSite\",\"@id\":\"https:\\\/\\\/www.sebastien-auziere.fr\\\/blog\\\/#website\",\"url\":\"https:\\\/\\\/www.sebastien-auziere.fr\\\/blog\\\/\",\"name\":\"Fan site S\u00e9bastien Auzi\u00e8re\",\"description\":\"M\u00e9dia g\u00e9n\u00e9raliste\",\"publisher\":{\"@id\":\"https:\\\/\\\/www.sebastien-auziere.fr\\\/blog\\\/#organization\"},\"potentialAction\":[{\"@type\":\"SearchAction\",\"target\":{\"@type\":\"EntryPoint\",\"urlTemplate\":\"https:\\\/\\\/www.sebastien-auziere.fr\\\/blog\\\/?s={search_term_string}\"},\"query-input\":{\"@type\":\"PropertyValueSpecification\",\"valueRequired\":true,\"valueName\":\"search_term_string\"}}],\"inLanguage\":\"fr-FR\"},{\"@type\":\"Organization\",\"@id\":\"https:\\\/\\\/www.sebastien-auziere.fr\\\/blog\\\/#organization\",\"name\":\"Fan site S\u00e9bastien Auzi\u00e8re\",\"url\":\"https:\\\/\\\/www.sebastien-auziere.fr\\\/blog\\\/\",\"logo\":{\"@type\":\"ImageObject\",\"inLanguage\":\"fr-FR\",\"@id\":\"https:\\\/\\\/www.sebastien-auziere.fr\\\/blog\\\/#\\\/schema\\\/logo\\\/image\\\/\",\"url\":\"https:\\\/\\\/www.sebastien-auziere.fr\\\/blog\\\/wp-content\\\/uploads\\\/2026\\\/03\\\/cropped-cropped-cropped-ChatGPT-Image-6-mars-2026-12_58_09-e1772798376794.jpg\",\"contentUrl\":\"https:\\\/\\\/www.sebastien-auziere.fr\\\/blog\\\/wp-content\\\/uploads\\\/2026\\\/03\\\/cropped-cropped-cropped-ChatGPT-Image-6-mars-2026-12_58_09-e1772798376794.jpg\",\"width\":512,\"height\":360,\"caption\":\"Fan site S\u00e9bastien Auzi\u00e8re\"},\"image\":{\"@id\":\"https:\\\/\\\/www.sebastien-auziere.fr\\\/blog\\\/#\\\/schema\\\/logo\\\/image\\\/\"}},{\"@type\":\"Person\",\"@id\":\"https:\\\/\\\/www.sebastien-auziere.fr\\\/blog\\\/#\\\/schema\\\/person\\\/149f1acdbfd85149c6c3e59adeae2f4d\",\"name\":\"Chloe Gauthier\",\"image\":{\"@type\":\"ImageObject\",\"inLanguage\":\"fr-FR\",\"@id\":\"https:\\\/\\\/secure.gravatar.com\\\/avatar\\\/2c5722f58171cff738a8985ef0dd66b476e563753246a49019befc837ec4201a?s=96&d=mm&r=g\",\"url\":\"https:\\\/\\\/secure.gravatar.com\\\/avatar\\\/2c5722f58171cff738a8985ef0dd66b476e563753246a49019befc837ec4201a?s=96&d=mm&r=g\",\"contentUrl\":\"https:\\\/\\\/secure.gravatar.com\\\/avatar\\\/2c5722f58171cff738a8985ef0dd66b476e563753246a49019befc837ec4201a?s=96&d=mm&r=g\",\"caption\":\"Chloe Gauthier\"},\"description\":\"Passionn\u00e9e par la politique et admiratrice engag\u00e9e de la famille Macron, je consacre mon \u00e9nergie \u00e0 suivre leurs initiatives et \u00e0 promouvoir leurs id\u00e9es. \u00c0 32 ans, je suis convaincue que leur vision est porteuse d'avenir.\",\"url\":\"https:\\\/\\\/www.sebastien-auziere.fr\\\/blog\\\/author\\\/chloe-gauthier\\\/\"}]}<\/script>\n<!-- \/ Yoast SEO plugin. -->","yoast_head_json":{"title":"Emmanuel e Brigitte Macron no Vaticano: desdobramentos e quest\u00f5es desta primeira visita oficial - Fan site S\u00e9bastien Auzi\u00e8re","description":"D\u00e9couvrez le d\u00e9roulement et les enjeux de la premi\u00e8re visite officielle d\u2019Emmanuel et Brigitte Macron au Vatican, entre diplomatie et \u00e9changes culturels.","robots":{"index":"index","follow":"follow","max-snippet":"max-snippet:-1","max-image-preview":"max-image-preview:large","max-video-preview":"max-video-preview:-1"},"canonical":"https:\/\/www.sebastien-auziere.fr\/blog\/pt\/emmanuel-e-brigitte-macron-no-vaticano-desdobramentos-e-questoes-desta-primeira-visita-oficial\/","og_locale":"fr_FR","og_type":"article","og_title":"Emmanuel e Brigitte Macron no Vaticano: desdobramentos e quest\u00f5es desta primeira visita oficial - Fan site S\u00e9bastien Auzi\u00e8re","og_description":"D\u00e9couvrez le d\u00e9roulement et les enjeux de la premi\u00e8re visite officielle d\u2019Emmanuel et Brigitte Macron au Vatican, entre diplomatie et \u00e9changes culturels.","og_url":"https:\/\/www.sebastien-auziere.fr\/blog\/pt\/emmanuel-e-brigitte-macron-no-vaticano-desdobramentos-e-questoes-desta-primeira-visita-oficial\/","og_site_name":"Fan site S\u00e9bastien Auzi\u00e8re","article_published_time":"2026-04-10T19:15:48+00:00","article_modified_time":"2026-04-10T19:16:07+00:00","og_image":[{"width":2560,"height":1429,"url":"https:\/\/www.sebastien-auziere.fr\/blog\/wp-content\/uploads\/2026\/04\/Emmanuel-et-Brigitte-Macron-au-Vatican-deroulement-et-enjeux-de-cette-premiere-visite-officielle.jpg","type":"image\/jpeg"}],"author":"Chloe Gauthier","twitter_card":"summary_large_image","twitter_misc":{"\u00c9crit par":"Chloe Gauthier","Dur\u00e9e de lecture estim\u00e9e":"3 minutes"},"schema":{"@context":"https:\/\/schema.org","@graph":[{"@type":"Article","@id":"https:\/\/www.sebastien-auziere.fr\/blog\/pt\/emmanuel-e-brigitte-macron-no-vaticano-desdobramentos-e-questoes-desta-primeira-visita-oficial\/#article","isPartOf":{"@id":"https:\/\/www.sebastien-auziere.fr\/blog\/pt\/emmanuel-e-brigitte-macron-no-vaticano-desdobramentos-e-questoes-desta-primeira-visita-oficial\/"},"author":{"name":"Chloe Gauthier","@id":"https:\/\/www.sebastien-auziere.fr\/blog\/#\/schema\/person\/149f1acdbfd85149c6c3e59adeae2f4d"},"headline":"Emmanuel e Brigitte Macron no Vaticano: desdobramentos e quest\u00f5es desta primeira visita oficial","datePublished":"2026-04-10T19:15:48+00:00","dateModified":"2026-04-10T19:16:07+00:00","mainEntityOfPage":{"@id":"https:\/\/www.sebastien-auziere.fr\/blog\/pt\/emmanuel-e-brigitte-macron-no-vaticano-desdobramentos-e-questoes-desta-primeira-visita-oficial\/"},"wordCount":563,"commentCount":0,"publisher":{"@id":"https:\/\/www.sebastien-auziere.fr\/blog\/#organization"},"image":{"@id":"https:\/\/www.sebastien-auziere.fr\/blog\/pt\/emmanuel-e-brigitte-macron-no-vaticano-desdobramentos-e-questoes-desta-primeira-visita-oficial\/#primaryimage"},"thumbnailUrl":"https:\/\/www.sebastien-auziere.fr\/blog\/wp-content\/uploads\/2026\/04\/Emmanuel-et-Brigitte-Macron-au-Vatican-deroulement-et-enjeux-de-cette-premiere-visite-officielle.jpg","keywords":["brigitte macron","emmanuel macron","primeira visita","vaticano","visita oficial"],"articleSection":["Actualidades"],"inLanguage":"fr-FR","potentialAction":[{"@type":"CommentAction","name":"Comment","target":["https:\/\/www.sebastien-auziere.fr\/blog\/pt\/emmanuel-e-brigitte-macron-no-vaticano-desdobramentos-e-questoes-desta-primeira-visita-oficial\/#respond"]}]},{"@type":"WebPage","@id":"https:\/\/www.sebastien-auziere.fr\/blog\/pt\/emmanuel-e-brigitte-macron-no-vaticano-desdobramentos-e-questoes-desta-primeira-visita-oficial\/","url":"https:\/\/www.sebastien-auziere.fr\/blog\/pt\/emmanuel-e-brigitte-macron-no-vaticano-desdobramentos-e-questoes-desta-primeira-visita-oficial\/","name":"Emmanuel e Brigitte Macron no Vaticano: desdobramentos e quest\u00f5es desta primeira visita oficial - Fan site S\u00e9bastien Auzi\u00e8re","isPartOf":{"@id":"https:\/\/www.sebastien-auziere.fr\/blog\/#website"},"primaryImageOfPage":{"@id":"https:\/\/www.sebastien-auziere.fr\/blog\/pt\/emmanuel-e-brigitte-macron-no-vaticano-desdobramentos-e-questoes-desta-primeira-visita-oficial\/#primaryimage"},"image":{"@id":"https:\/\/www.sebastien-auziere.fr\/blog\/pt\/emmanuel-e-brigitte-macron-no-vaticano-desdobramentos-e-questoes-desta-primeira-visita-oficial\/#primaryimage"},"thumbnailUrl":"https:\/\/www.sebastien-auziere.fr\/blog\/wp-content\/uploads\/2026\/04\/Emmanuel-et-Brigitte-Macron-au-Vatican-deroulement-et-enjeux-de-cette-premiere-visite-officielle.jpg","datePublished":"2026-04-10T19:15:48+00:00","dateModified":"2026-04-10T19:16:07+00:00","description":"D\u00e9couvrez le d\u00e9roulement et les enjeux de la premi\u00e8re visite officielle d\u2019Emmanuel et Brigitte Macron au Vatican, entre diplomatie et \u00e9changes culturels.","breadcrumb":{"@id":"https:\/\/www.sebastien-auziere.fr\/blog\/pt\/emmanuel-e-brigitte-macron-no-vaticano-desdobramentos-e-questoes-desta-primeira-visita-oficial\/#breadcrumb"},"inLanguage":"fr-FR","potentialAction":[{"@type":"ReadAction","target":["https:\/\/www.sebastien-auziere.fr\/blog\/pt\/emmanuel-e-brigitte-macron-no-vaticano-desdobramentos-e-questoes-desta-primeira-visita-oficial\/"]}]},{"@type":"ImageObject","inLanguage":"fr-FR","@id":"https:\/\/www.sebastien-auziere.fr\/blog\/pt\/emmanuel-e-brigitte-macron-no-vaticano-desdobramentos-e-questoes-desta-primeira-visita-oficial\/#primaryimage","url":"https:\/\/www.sebastien-auziere.fr\/blog\/wp-content\/uploads\/2026\/04\/Emmanuel-et-Brigitte-Macron-au-Vatican-deroulement-et-enjeux-de-cette-premiere-visite-officielle.jpg","contentUrl":"https:\/\/www.sebastien-auziere.fr\/blog\/wp-content\/uploads\/2026\/04\/Emmanuel-et-Brigitte-Macron-au-Vatican-deroulement-et-enjeux-de-cette-premiere-visite-officielle.jpg","width":2560,"height":1429,"caption":"d\u00e9couvrez les d\u00e9tails et les implications de la premi\u00e8re visite officielle d'emmanuel et brigitte macron au vatican, un rendez-vous charg\u00e9 de symboles et d'enjeux diplomatiques."},{"@type":"BreadcrumbList","@id":"https:\/\/www.sebastien-auziere.fr\/blog\/pt\/emmanuel-e-brigitte-macron-no-vaticano-desdobramentos-e-questoes-desta-primeira-visita-oficial\/#breadcrumb","itemListElement":[{"@type":"ListItem","position":1,"name":"Home","item":"https:\/\/www.sebastien-auziere.fr\/blog\/"},{"@type":"ListItem","position":2,"name":"Emmanuel e Brigitte Macron no Vaticano: desdobramentos e quest\u00f5es desta primeira visita oficial"}]},{"@type":"WebSite","@id":"https:\/\/www.sebastien-auziere.fr\/blog\/#website","url":"https:\/\/www.sebastien-auziere.fr\/blog\/","name":"Fan site S\u00e9bastien Auzi\u00e8re","description":"M\u00e9dia g\u00e9n\u00e9raliste","publisher":{"@id":"https:\/\/www.sebastien-auziere.fr\/blog\/#organization"},"potentialAction":[{"@type":"SearchAction","target":{"@type":"EntryPoint","urlTemplate":"https:\/\/www.sebastien-auziere.fr\/blog\/?s={search_term_string}"},"query-input":{"@type":"PropertyValueSpecification","valueRequired":true,"valueName":"search_term_string"}}],"inLanguage":"fr-FR"},{"@type":"Organization","@id":"https:\/\/www.sebastien-auziere.fr\/blog\/#organization","name":"Fan site S\u00e9bastien Auzi\u00e8re","url":"https:\/\/www.sebastien-auziere.fr\/blog\/","logo":{"@type":"ImageObject","inLanguage":"fr-FR","@id":"https:\/\/www.sebastien-auziere.fr\/blog\/#\/schema\/logo\/image\/","url":"https:\/\/www.sebastien-auziere.fr\/blog\/wp-content\/uploads\/2026\/03\/cropped-cropped-cropped-ChatGPT-Image-6-mars-2026-12_58_09-e1772798376794.jpg","contentUrl":"https:\/\/www.sebastien-auziere.fr\/blog\/wp-content\/uploads\/2026\/03\/cropped-cropped-cropped-ChatGPT-Image-6-mars-2026-12_58_09-e1772798376794.jpg","width":512,"height":360,"caption":"Fan site S\u00e9bastien Auzi\u00e8re"},"image":{"@id":"https:\/\/www.sebastien-auziere.fr\/blog\/#\/schema\/logo\/image\/"}},{"@type":"Person","@id":"https:\/\/www.sebastien-auziere.fr\/blog\/#\/schema\/person\/149f1acdbfd85149c6c3e59adeae2f4d","name":"Chloe Gauthier","image":{"@type":"ImageObject","inLanguage":"fr-FR","@id":"https:\/\/secure.gravatar.com\/avatar\/2c5722f58171cff738a8985ef0dd66b476e563753246a49019befc837ec4201a?s=96&d=mm&r=g","url":"https:\/\/secure.gravatar.com\/avatar\/2c5722f58171cff738a8985ef0dd66b476e563753246a49019befc837ec4201a?s=96&d=mm&r=g","contentUrl":"https:\/\/secure.gravatar.com\/avatar\/2c5722f58171cff738a8985ef0dd66b476e563753246a49019befc837ec4201a?s=96&d=mm&r=g","caption":"Chloe Gauthier"},"description":"Passionn\u00e9e par la politique et admiratrice engag\u00e9e de la famille Macron, je consacre mon \u00e9nergie \u00e0 suivre leurs initiatives et \u00e0 promouvoir leurs id\u00e9es. \u00c0 32 ans, je suis convaincue que leur vision est porteuse d'avenir.","url":"https:\/\/www.sebastien-auziere.fr\/blog\/author\/chloe-gauthier\/"}]}},"views":3,"_links":{"self":[{"href":"https:\/\/www.sebastien-auziere.fr\/blog\/wp-json\/wp\/v2\/posts\/2930","targetHints":{"allow":["GET"]}}],"collection":[{"href":"https:\/\/www.sebastien-auziere.fr\/blog\/wp-json\/wp\/v2\/posts"}],"about":[{"href":"https:\/\/www.sebastien-auziere.fr\/blog\/wp-json\/wp\/v2\/types\/post"}],"author":[{"embeddable":true,"href":"https:\/\/www.sebastien-auziere.fr\/blog\/wp-json\/wp\/v2\/users\/9"}],"replies":[{"embeddable":true,"href":"https:\/\/www.sebastien-auziere.fr\/blog\/wp-json\/wp\/v2\/comments?post=2930"}],"version-history":[{"count":1,"href":"https:\/\/www.sebastien-auziere.fr\/blog\/wp-json\/wp\/v2\/posts\/2930\/revisions"}],"predecessor-version":[{"id":2931,"href":"https:\/\/www.sebastien-auziere.fr\/blog\/wp-json\/wp\/v2\/posts\/2930\/revisions\/2931"}],"wp:featuredmedia":[{"embeddable":true,"href":"https:\/\/www.sebastien-auziere.fr\/blog\/wp-json\/wp\/v2\/media\/2920"}],"wp:attachment":[{"href":"https:\/\/www.sebastien-auziere.fr\/blog\/wp-json\/wp\/v2\/media?parent=2930"}],"wp:term":[{"taxonomy":"category","embeddable":true,"href":"https:\/\/www.sebastien-auziere.fr\/blog\/wp-json\/wp\/v2\/categories?post=2930"},{"taxonomy":"post_tag","embeddable":true,"href":"https:\/\/www.sebastien-auziere.fr\/blog\/wp-json\/wp\/v2\/tags?post=2930"}],"curies":[{"name":"wp","href":"https:\/\/api.w.org\/{rel}","templated":true}]}}