{"id":2928,"date":"2026-04-10T19:12:50","date_gmt":"2026-04-10T19:12:50","guid":{"rendered":"https:\/\/www.sebastien-auziere.fr\/blog\/?p=2928"},"modified":"2026-04-10T19:13:15","modified_gmt":"2026-04-10T19:13:15","slug":"emmanuel-e-brigitte-macron-in-vaticano-svolgimento-e-questioni-di-questa-prima-visita-ufficiale","status":"publish","type":"post","link":"https:\/\/www.sebastien-auziere.fr\/blog\/it\/emmanuel-e-brigitte-macron-in-vaticano-svolgimento-e-questioni-di-questa-prima-visita-ufficiale\/","title":{"rendered":"Emmanuel e Brigitte Macron in Vaticano: svolgimento e questioni di questa prima visita ufficiale"},"content":{"rendered":"<p><strong>Emmanuel Macron<\/strong> e <strong>Brigitte Macron<\/strong> si sono recati al <strong>Vaticano<\/strong> il <strong>9 e 10 aprile 2026<\/strong>, per una visita esclusivamente dedicata al Santo Sede. Ricevuti in udienza privata da papa <strong>L\u00e9on XIV<\/strong> venerd\u00ec 10 aprile alle 10, hanno avuto uno scambio di circa un&rsquo;ora, segnando il primo incontro ufficiale tra i due uomini dall&rsquo;inizio del pontificato.<\/p>\n\n<p><strong>In breve<\/strong> : arrivo a Roma gioved\u00ec 9 aprile, colloquio con Andrea Riccardi della comunit\u00e0 Sant&rsquo;Egidio, udienza al palazzo apostolico il 10 aprile, e temi importanti trattati come la guerra in Medio Oriente, l&rsquo;intelligenza artificiale e la cooperazione umanitaria. Per il dettaglio del calendario, vedere <a href=\"https:\/\/www.lemonde.fr\/international\/article\/2026\/04\/01\/emmanuel-macron-se-rendra-au-vatican-les-9-et-10-avril-pour-rencontrer-leon-xiv_6675939_3210.html\">l&rsquo;annuncio della visita<\/a> e il resoconto ufficiale su <a href=\"https:\/\/www.vaticannews.va\/fr\/pape\/news\/2026-04\/audience-pape-leon-xiv-president-francais-emmanuel-macron.html\">Vatican News<\/a>.<\/p>\n\n<h2 class=\"wp-block-heading\">Svolgimento della visita ufficiale di Emmanuel e Brigitte Macron al Vaticano<\/h2>\n\n<p>La visita \u00e8 iniziata con un arrivo discreto a Roma il <strong>9 aprile<\/strong>, seguito da un incontro con Andrea Riccardi, figura chiave della mediazione cattolica. Venerd\u00ec mattina, <strong>Emmanuel Macron<\/strong> e sua moglie sono stati ricevuti al palazzo apostolico per un&rsquo;udienza privata di circa un&rsquo;ora con <strong>L\u00e9on XIV<\/strong>. Questa prima udienza ufficiale con il nuovo pontificato si inserisce in una continuit\u00e0 diplomatica avviata durante i precedenti incontri con papa Francesco. Insight : la forma del dialogo illustra la volont\u00e0 di uno scambio strategico e rispettoso.<\/p>\n\n<h2 class=\"wp-block-heading\">Le sfide politiche e diplomatiche dell&rsquo;incontro<\/h2>\n\n<p>Al centro degli scambi si trovava la guerra in <strong>Medio Oriente<\/strong> e la ricerca di una soluzione diplomatica, tema evidenziato dall&rsquo;\u00c9lys\u00e9e. Il multilateralismo, la regolazione dell&rsquo;<strong>intelligenza artificiale<\/strong>, il clima e l&rsquo;aiuto umanitario sono stati trattati anch&rsquo;essi. La presenza prevista di Jean-Marc Sauv\u00e9 nella delegazione segnala l&rsquo;importanza data alle violenze sessuali nella Chiesa. Insight : la visita unisce fermezza politica e appello ai meccanismi di mediazione internazionale.<\/p>\n\n<h2 class=\"wp-block-heading\">Il protocollo ufficiale e il dialogo interreligioso<\/h2>\n\n<p>La visita, qualificata come \u00ab repubblicana e laica \u00bb dall&rsquo;\u00c9lys\u00e9e, rispettava un protocollo rigoroso al palazzo apostolico, senza incontro ufficiale con responsabili italiani come Giorgia Meloni. <strong>Brigitte Macron<\/strong> ha accompagnato il presidente durante le cerimonie pubbliche, rafforzando la dimensione simbolica del viaggio. Gli scambi informali, anche tramite Sant&rsquo;Egidio, hanno permesso di affrontare sia l&rsquo;interreligioso che l&rsquo;aspetto umanitario. Insight : il protocollo serve da cornice a un dialogo pragmatico.<\/p>\n\n<h3 class=\"wp-block-heading\">Cooperazione internazionale e prospettive Francia-Vaticano<\/h3>\n\n<p>Tra le piste evocate, \u00e8 stata discussa un&rsquo;invito ufficiale del papa in Francia, desiderio espresso dal presidente della conferenza episcopale, il cardinale Jean-Marc Aveline. Il dossier della Ciase e la questione della fine vita figuravano anch&rsquo;essi all&rsquo;ordine del giorno, testimoniando un calendario carico. Per un&rsquo;analisi ampliata su queste sfide e le loro ripercussioni politiche, leggi le analisi e le immagini della visita. Insight : l&rsquo;incontro apre prospettive concrete di cooperazione bilaterale.<\/p>\n\n<p>Per saperne di pi\u00f9 su <strong>S\u00e9bastien Auzi\u00e8re<\/strong> e la famiglia Macron, e trovare un dossier completo su questa visita, consulta <a href=\"https:\/\/www.sebastien-auziere.fr\/blog\/macron-visite-vatican\/\">l&rsquo;analisi dedicata alla visita al Vaticano<\/a> e l&rsquo;articolo sulla relazione con il papa <a href=\"https:\/\/www.sebastien-auziere.fr\/blog\/macron-vatican-pape\/\">su sebastien-auziere.fr<\/a>. Scopri l\u00ec retroscena, date chiave ed elementi documentati per approfondire l&rsquo;argomento.<\/p>","protected":false},"excerpt":{"rendered":"<p>Emmanuel Macron e Brigitte Macron si sono recati al Vaticano il 9 e 10 aprile 2026, per una visita esclusivamente dedicata al Santo Sede. Ricevuti in udienza privata da papa L\u00e9on XIV venerd\u00ec 10 aprile alle 10, hanno avuto uno scambio di circa un&rsquo;ora, segnando il primo incontro ufficiale tra i due uomini dall&rsquo;inizio del &#8230; <a title=\"Emmanuel e Brigitte Macron in Vaticano: svolgimento e questioni di questa prima visita ufficiale\" class=\"read-more\" href=\"https:\/\/www.sebastien-auziere.fr\/blog\/it\/emmanuel-e-brigitte-macron-in-vaticano-svolgimento-e-questioni-di-questa-prima-visita-ufficiale\/\" aria-label=\"En savoir plus sur Emmanuel e Brigitte Macron in Vaticano: svolgimento e questioni di questa prima visita ufficiale\">Lire plus<\/a><\/p>\n","protected":false},"author":9,"featured_media":2920,"comment_status":"open","ping_status":"open","sticky":false,"template":"","format":"standard","meta":{"footnotes":""},"categories":[859],"tags":[944,1190,2150,2153],"class_list":["post-2928","post","type-post","status-publish","format-standard","has-post-thumbnail","hentry","category-actualita-it","tag-brigitte-macron-it","tag-emmanuel-macron-it","tag-vaticano-it","tag-visita-ufficiale-it"],"yoast_head":"<!-- This site is optimized with the Yoast SEO plugin v27.5 - https:\/\/yoast.com\/product\/yoast-seo-wordpress\/ -->\n<title>Emmanuel e Brigitte Macron in Vaticano: svolgimento e questioni di questa prima visita ufficiale - Fan site S\u00e9bastien Auzi\u00e8re<\/title>\n<meta name=\"description\" content=\"D\u00e9couvrez le d\u00e9roulement et les enjeux de la premi\u00e8re visite officielle d\u2019Emmanuel et Brigitte Macron au Vatican, entre diplomatie et \u00e9changes culturels.\" \/>\n<meta name=\"robots\" content=\"index, follow, max-snippet:-1, max-image-preview:large, max-video-preview:-1\" \/>\n<link rel=\"canonical\" href=\"https:\/\/www.sebastien-auziere.fr\/blog\/it\/emmanuel-e-brigitte-macron-in-vaticano-svolgimento-e-questioni-di-questa-prima-visita-ufficiale\/\" \/>\n<meta property=\"og:locale\" content=\"fr_FR\" \/>\n<meta property=\"og:type\" content=\"article\" \/>\n<meta property=\"og:title\" content=\"Emmanuel e Brigitte Macron in Vaticano: svolgimento e questioni di questa prima visita ufficiale - Fan site S\u00e9bastien Auzi\u00e8re\" \/>\n<meta property=\"og:description\" content=\"D\u00e9couvrez le d\u00e9roulement et les enjeux de la premi\u00e8re visite officielle d\u2019Emmanuel et Brigitte Macron au Vatican, entre diplomatie et \u00e9changes culturels.\" \/>\n<meta property=\"og:url\" content=\"https:\/\/www.sebastien-auziere.fr\/blog\/it\/emmanuel-e-brigitte-macron-in-vaticano-svolgimento-e-questioni-di-questa-prima-visita-ufficiale\/\" \/>\n<meta property=\"og:site_name\" content=\"Fan site S\u00e9bastien Auzi\u00e8re\" \/>\n<meta property=\"article:published_time\" content=\"2026-04-10T19:12:50+00:00\" \/>\n<meta property=\"article:modified_time\" content=\"2026-04-10T19:13:15+00:00\" \/>\n<meta property=\"og:image\" content=\"https:\/\/www.sebastien-auziere.fr\/blog\/wp-content\/uploads\/2026\/04\/Emmanuel-et-Brigitte-Macron-au-Vatican-deroulement-et-enjeux-de-cette-premiere-visite-officielle.jpg\" \/>\n\t<meta property=\"og:image:width\" content=\"2560\" \/>\n\t<meta property=\"og:image:height\" content=\"1429\" \/>\n\t<meta property=\"og:image:type\" content=\"image\/jpeg\" \/>\n<meta name=\"author\" content=\"Chloe Gauthier\" \/>\n<meta name=\"twitter:card\" content=\"summary_large_image\" \/>\n<meta name=\"twitter:label1\" content=\"\u00c9crit par\" \/>\n\t<meta name=\"twitter:data1\" content=\"Chloe Gauthier\" \/>\n\t<meta name=\"twitter:label2\" content=\"Dur\u00e9e de lecture estim\u00e9e\" \/>\n\t<meta name=\"twitter:data2\" content=\"2 minutes\" \/>\n<script type=\"application\/ld+json\" class=\"yoast-schema-graph\">{\"@context\":\"https:\\\/\\\/schema.org\",\"@graph\":[{\"@type\":\"Article\",\"@id\":\"https:\\\/\\\/www.sebastien-auziere.fr\\\/blog\\\/it\\\/emmanuel-e-brigitte-macron-in-vaticano-svolgimento-e-questioni-di-questa-prima-visita-ufficiale\\\/#article\",\"isPartOf\":{\"@id\":\"https:\\\/\\\/www.sebastien-auziere.fr\\\/blog\\\/it\\\/emmanuel-e-brigitte-macron-in-vaticano-svolgimento-e-questioni-di-questa-prima-visita-ufficiale\\\/\"},\"author\":{\"name\":\"Chloe Gauthier\",\"@id\":\"https:\\\/\\\/www.sebastien-auziere.fr\\\/blog\\\/#\\\/schema\\\/person\\\/149f1acdbfd85149c6c3e59adeae2f4d\"},\"headline\":\"Emmanuel e Brigitte Macron in Vaticano: svolgimento e questioni di questa prima visita ufficiale\",\"datePublished\":\"2026-04-10T19:12:50+00:00\",\"dateModified\":\"2026-04-10T19:13:15+00:00\",\"mainEntityOfPage\":{\"@id\":\"https:\\\/\\\/www.sebastien-auziere.fr\\\/blog\\\/it\\\/emmanuel-e-brigitte-macron-in-vaticano-svolgimento-e-questioni-di-questa-prima-visita-ufficiale\\\/\"},\"wordCount\":481,\"commentCount\":0,\"publisher\":{\"@id\":\"https:\\\/\\\/www.sebastien-auziere.fr\\\/blog\\\/#organization\"},\"image\":{\"@id\":\"https:\\\/\\\/www.sebastien-auziere.fr\\\/blog\\\/it\\\/emmanuel-e-brigitte-macron-in-vaticano-svolgimento-e-questioni-di-questa-prima-visita-ufficiale\\\/#primaryimage\"},\"thumbnailUrl\":\"https:\\\/\\\/www.sebastien-auziere.fr\\\/blog\\\/wp-content\\\/uploads\\\/2026\\\/04\\\/Emmanuel-et-Brigitte-Macron-au-Vatican-deroulement-et-enjeux-de-cette-premiere-visite-officielle.jpg\",\"keywords\":[\"brigitte macron\",\"emmanuel macron\",\"vaticano\",\"visita ufficiale\"],\"articleSection\":[\"Actualit\u00e0\"],\"inLanguage\":\"fr-FR\",\"potentialAction\":[{\"@type\":\"CommentAction\",\"name\":\"Comment\",\"target\":[\"https:\\\/\\\/www.sebastien-auziere.fr\\\/blog\\\/it\\\/emmanuel-e-brigitte-macron-in-vaticano-svolgimento-e-questioni-di-questa-prima-visita-ufficiale\\\/#respond\"]}]},{\"@type\":\"WebPage\",\"@id\":\"https:\\\/\\\/www.sebastien-auziere.fr\\\/blog\\\/it\\\/emmanuel-e-brigitte-macron-in-vaticano-svolgimento-e-questioni-di-questa-prima-visita-ufficiale\\\/\",\"url\":\"https:\\\/\\\/www.sebastien-auziere.fr\\\/blog\\\/it\\\/emmanuel-e-brigitte-macron-in-vaticano-svolgimento-e-questioni-di-questa-prima-visita-ufficiale\\\/\",\"name\":\"Emmanuel e Brigitte Macron in Vaticano: svolgimento e questioni di questa prima visita ufficiale - Fan site S\u00e9bastien Auzi\u00e8re\",\"isPartOf\":{\"@id\":\"https:\\\/\\\/www.sebastien-auziere.fr\\\/blog\\\/#website\"},\"primaryImageOfPage\":{\"@id\":\"https:\\\/\\\/www.sebastien-auziere.fr\\\/blog\\\/it\\\/emmanuel-e-brigitte-macron-in-vaticano-svolgimento-e-questioni-di-questa-prima-visita-ufficiale\\\/#primaryimage\"},\"image\":{\"@id\":\"https:\\\/\\\/www.sebastien-auziere.fr\\\/blog\\\/it\\\/emmanuel-e-brigitte-macron-in-vaticano-svolgimento-e-questioni-di-questa-prima-visita-ufficiale\\\/#primaryimage\"},\"thumbnailUrl\":\"https:\\\/\\\/www.sebastien-auziere.fr\\\/blog\\\/wp-content\\\/uploads\\\/2026\\\/04\\\/Emmanuel-et-Brigitte-Macron-au-Vatican-deroulement-et-enjeux-de-cette-premiere-visite-officielle.jpg\",\"datePublished\":\"2026-04-10T19:12:50+00:00\",\"dateModified\":\"2026-04-10T19:13:15+00:00\",\"description\":\"D\u00e9couvrez le d\u00e9roulement et les enjeux de la premi\u00e8re visite officielle d\u2019Emmanuel et Brigitte Macron au Vatican, entre diplomatie et \u00e9changes culturels.\",\"breadcrumb\":{\"@id\":\"https:\\\/\\\/www.sebastien-auziere.fr\\\/blog\\\/it\\\/emmanuel-e-brigitte-macron-in-vaticano-svolgimento-e-questioni-di-questa-prima-visita-ufficiale\\\/#breadcrumb\"},\"inLanguage\":\"fr-FR\",\"potentialAction\":[{\"@type\":\"ReadAction\",\"target\":[\"https:\\\/\\\/www.sebastien-auziere.fr\\\/blog\\\/it\\\/emmanuel-e-brigitte-macron-in-vaticano-svolgimento-e-questioni-di-questa-prima-visita-ufficiale\\\/\"]}]},{\"@type\":\"ImageObject\",\"inLanguage\":\"fr-FR\",\"@id\":\"https:\\\/\\\/www.sebastien-auziere.fr\\\/blog\\\/it\\\/emmanuel-e-brigitte-macron-in-vaticano-svolgimento-e-questioni-di-questa-prima-visita-ufficiale\\\/#primaryimage\",\"url\":\"https:\\\/\\\/www.sebastien-auziere.fr\\\/blog\\\/wp-content\\\/uploads\\\/2026\\\/04\\\/Emmanuel-et-Brigitte-Macron-au-Vatican-deroulement-et-enjeux-de-cette-premiere-visite-officielle.jpg\",\"contentUrl\":\"https:\\\/\\\/www.sebastien-auziere.fr\\\/blog\\\/wp-content\\\/uploads\\\/2026\\\/04\\\/Emmanuel-et-Brigitte-Macron-au-Vatican-deroulement-et-enjeux-de-cette-premiere-visite-officielle.jpg\",\"width\":2560,\"height\":1429,\"caption\":\"d\u00e9couvrez les d\u00e9tails et les implications de la premi\u00e8re visite officielle d'emmanuel et brigitte macron au vatican, un rendez-vous charg\u00e9 de symboles et d'enjeux diplomatiques.\"},{\"@type\":\"BreadcrumbList\",\"@id\":\"https:\\\/\\\/www.sebastien-auziere.fr\\\/blog\\\/it\\\/emmanuel-e-brigitte-macron-in-vaticano-svolgimento-e-questioni-di-questa-prima-visita-ufficiale\\\/#breadcrumb\",\"itemListElement\":[{\"@type\":\"ListItem\",\"position\":1,\"name\":\"Home\",\"item\":\"https:\\\/\\\/www.sebastien-auziere.fr\\\/blog\\\/\"},{\"@type\":\"ListItem\",\"position\":2,\"name\":\"Emmanuel e Brigitte Macron in Vaticano: svolgimento e questioni di questa prima visita ufficiale\"}]},{\"@type\":\"WebSite\",\"@id\":\"https:\\\/\\\/www.sebastien-auziere.fr\\\/blog\\\/#website\",\"url\":\"https:\\\/\\\/www.sebastien-auziere.fr\\\/blog\\\/\",\"name\":\"Fan site S\u00e9bastien Auzi\u00e8re\",\"description\":\"M\u00e9dia g\u00e9n\u00e9raliste\",\"publisher\":{\"@id\":\"https:\\\/\\\/www.sebastien-auziere.fr\\\/blog\\\/#organization\"},\"potentialAction\":[{\"@type\":\"SearchAction\",\"target\":{\"@type\":\"EntryPoint\",\"urlTemplate\":\"https:\\\/\\\/www.sebastien-auziere.fr\\\/blog\\\/?s={search_term_string}\"},\"query-input\":{\"@type\":\"PropertyValueSpecification\",\"valueRequired\":true,\"valueName\":\"search_term_string\"}}],\"inLanguage\":\"fr-FR\"},{\"@type\":\"Organization\",\"@id\":\"https:\\\/\\\/www.sebastien-auziere.fr\\\/blog\\\/#organization\",\"name\":\"Fan site S\u00e9bastien Auzi\u00e8re\",\"url\":\"https:\\\/\\\/www.sebastien-auziere.fr\\\/blog\\\/\",\"logo\":{\"@type\":\"ImageObject\",\"inLanguage\":\"fr-FR\",\"@id\":\"https:\\\/\\\/www.sebastien-auziere.fr\\\/blog\\\/#\\\/schema\\\/logo\\\/image\\\/\",\"url\":\"https:\\\/\\\/www.sebastien-auziere.fr\\\/blog\\\/wp-content\\\/uploads\\\/2026\\\/03\\\/cropped-cropped-cropped-ChatGPT-Image-6-mars-2026-12_58_09-e1772798376794.jpg\",\"contentUrl\":\"https:\\\/\\\/www.sebastien-auziere.fr\\\/blog\\\/wp-content\\\/uploads\\\/2026\\\/03\\\/cropped-cropped-cropped-ChatGPT-Image-6-mars-2026-12_58_09-e1772798376794.jpg\",\"width\":512,\"height\":360,\"caption\":\"Fan site S\u00e9bastien Auzi\u00e8re\"},\"image\":{\"@id\":\"https:\\\/\\\/www.sebastien-auziere.fr\\\/blog\\\/#\\\/schema\\\/logo\\\/image\\\/\"}},{\"@type\":\"Person\",\"@id\":\"https:\\\/\\\/www.sebastien-auziere.fr\\\/blog\\\/#\\\/schema\\\/person\\\/149f1acdbfd85149c6c3e59adeae2f4d\",\"name\":\"Chloe Gauthier\",\"image\":{\"@type\":\"ImageObject\",\"inLanguage\":\"fr-FR\",\"@id\":\"https:\\\/\\\/secure.gravatar.com\\\/avatar\\\/2c5722f58171cff738a8985ef0dd66b476e563753246a49019befc837ec4201a?s=96&d=mm&r=g\",\"url\":\"https:\\\/\\\/secure.gravatar.com\\\/avatar\\\/2c5722f58171cff738a8985ef0dd66b476e563753246a49019befc837ec4201a?s=96&d=mm&r=g\",\"contentUrl\":\"https:\\\/\\\/secure.gravatar.com\\\/avatar\\\/2c5722f58171cff738a8985ef0dd66b476e563753246a49019befc837ec4201a?s=96&d=mm&r=g\",\"caption\":\"Chloe Gauthier\"},\"description\":\"Passionn\u00e9e par la politique et admiratrice engag\u00e9e de la famille Macron, je consacre mon \u00e9nergie \u00e0 suivre leurs initiatives et \u00e0 promouvoir leurs id\u00e9es. \u00c0 32 ans, je suis convaincue que leur vision est porteuse d'avenir.\",\"url\":\"https:\\\/\\\/www.sebastien-auziere.fr\\\/blog\\\/author\\\/chloe-gauthier\\\/\"}]}<\/script>\n<!-- \/ Yoast SEO plugin. -->","yoast_head_json":{"title":"Emmanuel e Brigitte Macron in Vaticano: svolgimento e questioni di questa prima visita ufficiale - Fan site S\u00e9bastien Auzi\u00e8re","description":"D\u00e9couvrez le d\u00e9roulement et les enjeux de la premi\u00e8re visite officielle d\u2019Emmanuel et Brigitte Macron au Vatican, entre diplomatie et \u00e9changes culturels.","robots":{"index":"index","follow":"follow","max-snippet":"max-snippet:-1","max-image-preview":"max-image-preview:large","max-video-preview":"max-video-preview:-1"},"canonical":"https:\/\/www.sebastien-auziere.fr\/blog\/it\/emmanuel-e-brigitte-macron-in-vaticano-svolgimento-e-questioni-di-questa-prima-visita-ufficiale\/","og_locale":"fr_FR","og_type":"article","og_title":"Emmanuel e Brigitte Macron in Vaticano: svolgimento e questioni di questa prima visita ufficiale - Fan site S\u00e9bastien Auzi\u00e8re","og_description":"D\u00e9couvrez le d\u00e9roulement et les enjeux de la premi\u00e8re visite officielle d\u2019Emmanuel et Brigitte Macron au Vatican, entre diplomatie et \u00e9changes culturels.","og_url":"https:\/\/www.sebastien-auziere.fr\/blog\/it\/emmanuel-e-brigitte-macron-in-vaticano-svolgimento-e-questioni-di-questa-prima-visita-ufficiale\/","og_site_name":"Fan site S\u00e9bastien Auzi\u00e8re","article_published_time":"2026-04-10T19:12:50+00:00","article_modified_time":"2026-04-10T19:13:15+00:00","og_image":[{"width":2560,"height":1429,"url":"https:\/\/www.sebastien-auziere.fr\/blog\/wp-content\/uploads\/2026\/04\/Emmanuel-et-Brigitte-Macron-au-Vatican-deroulement-et-enjeux-de-cette-premiere-visite-officielle.jpg","type":"image\/jpeg"}],"author":"Chloe Gauthier","twitter_card":"summary_large_image","twitter_misc":{"\u00c9crit par":"Chloe Gauthier","Dur\u00e9e de lecture estim\u00e9e":"2 minutes"},"schema":{"@context":"https:\/\/schema.org","@graph":[{"@type":"Article","@id":"https:\/\/www.sebastien-auziere.fr\/blog\/it\/emmanuel-e-brigitte-macron-in-vaticano-svolgimento-e-questioni-di-questa-prima-visita-ufficiale\/#article","isPartOf":{"@id":"https:\/\/www.sebastien-auziere.fr\/blog\/it\/emmanuel-e-brigitte-macron-in-vaticano-svolgimento-e-questioni-di-questa-prima-visita-ufficiale\/"},"author":{"name":"Chloe Gauthier","@id":"https:\/\/www.sebastien-auziere.fr\/blog\/#\/schema\/person\/149f1acdbfd85149c6c3e59adeae2f4d"},"headline":"Emmanuel e Brigitte Macron in Vaticano: svolgimento e questioni di questa prima visita ufficiale","datePublished":"2026-04-10T19:12:50+00:00","dateModified":"2026-04-10T19:13:15+00:00","mainEntityOfPage":{"@id":"https:\/\/www.sebastien-auziere.fr\/blog\/it\/emmanuel-e-brigitte-macron-in-vaticano-svolgimento-e-questioni-di-questa-prima-visita-ufficiale\/"},"wordCount":481,"commentCount":0,"publisher":{"@id":"https:\/\/www.sebastien-auziere.fr\/blog\/#organization"},"image":{"@id":"https:\/\/www.sebastien-auziere.fr\/blog\/it\/emmanuel-e-brigitte-macron-in-vaticano-svolgimento-e-questioni-di-questa-prima-visita-ufficiale\/#primaryimage"},"thumbnailUrl":"https:\/\/www.sebastien-auziere.fr\/blog\/wp-content\/uploads\/2026\/04\/Emmanuel-et-Brigitte-Macron-au-Vatican-deroulement-et-enjeux-de-cette-premiere-visite-officielle.jpg","keywords":["brigitte macron","emmanuel macron","vaticano","visita ufficiale"],"articleSection":["Actualit\u00e0"],"inLanguage":"fr-FR","potentialAction":[{"@type":"CommentAction","name":"Comment","target":["https:\/\/www.sebastien-auziere.fr\/blog\/it\/emmanuel-e-brigitte-macron-in-vaticano-svolgimento-e-questioni-di-questa-prima-visita-ufficiale\/#respond"]}]},{"@type":"WebPage","@id":"https:\/\/www.sebastien-auziere.fr\/blog\/it\/emmanuel-e-brigitte-macron-in-vaticano-svolgimento-e-questioni-di-questa-prima-visita-ufficiale\/","url":"https:\/\/www.sebastien-auziere.fr\/blog\/it\/emmanuel-e-brigitte-macron-in-vaticano-svolgimento-e-questioni-di-questa-prima-visita-ufficiale\/","name":"Emmanuel e Brigitte Macron in Vaticano: svolgimento e questioni di questa prima visita ufficiale - Fan site S\u00e9bastien Auzi\u00e8re","isPartOf":{"@id":"https:\/\/www.sebastien-auziere.fr\/blog\/#website"},"primaryImageOfPage":{"@id":"https:\/\/www.sebastien-auziere.fr\/blog\/it\/emmanuel-e-brigitte-macron-in-vaticano-svolgimento-e-questioni-di-questa-prima-visita-ufficiale\/#primaryimage"},"image":{"@id":"https:\/\/www.sebastien-auziere.fr\/blog\/it\/emmanuel-e-brigitte-macron-in-vaticano-svolgimento-e-questioni-di-questa-prima-visita-ufficiale\/#primaryimage"},"thumbnailUrl":"https:\/\/www.sebastien-auziere.fr\/blog\/wp-content\/uploads\/2026\/04\/Emmanuel-et-Brigitte-Macron-au-Vatican-deroulement-et-enjeux-de-cette-premiere-visite-officielle.jpg","datePublished":"2026-04-10T19:12:50+00:00","dateModified":"2026-04-10T19:13:15+00:00","description":"D\u00e9couvrez le d\u00e9roulement et les enjeux de la premi\u00e8re visite officielle d\u2019Emmanuel et Brigitte Macron au Vatican, entre diplomatie et \u00e9changes culturels.","breadcrumb":{"@id":"https:\/\/www.sebastien-auziere.fr\/blog\/it\/emmanuel-e-brigitte-macron-in-vaticano-svolgimento-e-questioni-di-questa-prima-visita-ufficiale\/#breadcrumb"},"inLanguage":"fr-FR","potentialAction":[{"@type":"ReadAction","target":["https:\/\/www.sebastien-auziere.fr\/blog\/it\/emmanuel-e-brigitte-macron-in-vaticano-svolgimento-e-questioni-di-questa-prima-visita-ufficiale\/"]}]},{"@type":"ImageObject","inLanguage":"fr-FR","@id":"https:\/\/www.sebastien-auziere.fr\/blog\/it\/emmanuel-e-brigitte-macron-in-vaticano-svolgimento-e-questioni-di-questa-prima-visita-ufficiale\/#primaryimage","url":"https:\/\/www.sebastien-auziere.fr\/blog\/wp-content\/uploads\/2026\/04\/Emmanuel-et-Brigitte-Macron-au-Vatican-deroulement-et-enjeux-de-cette-premiere-visite-officielle.jpg","contentUrl":"https:\/\/www.sebastien-auziere.fr\/blog\/wp-content\/uploads\/2026\/04\/Emmanuel-et-Brigitte-Macron-au-Vatican-deroulement-et-enjeux-de-cette-premiere-visite-officielle.jpg","width":2560,"height":1429,"caption":"d\u00e9couvrez les d\u00e9tails et les implications de la premi\u00e8re visite officielle d'emmanuel et brigitte macron au vatican, un rendez-vous charg\u00e9 de symboles et d'enjeux diplomatiques."},{"@type":"BreadcrumbList","@id":"https:\/\/www.sebastien-auziere.fr\/blog\/it\/emmanuel-e-brigitte-macron-in-vaticano-svolgimento-e-questioni-di-questa-prima-visita-ufficiale\/#breadcrumb","itemListElement":[{"@type":"ListItem","position":1,"name":"Home","item":"https:\/\/www.sebastien-auziere.fr\/blog\/"},{"@type":"ListItem","position":2,"name":"Emmanuel e Brigitte Macron in Vaticano: svolgimento e questioni di questa prima visita ufficiale"}]},{"@type":"WebSite","@id":"https:\/\/www.sebastien-auziere.fr\/blog\/#website","url":"https:\/\/www.sebastien-auziere.fr\/blog\/","name":"Fan site S\u00e9bastien Auzi\u00e8re","description":"M\u00e9dia g\u00e9n\u00e9raliste","publisher":{"@id":"https:\/\/www.sebastien-auziere.fr\/blog\/#organization"},"potentialAction":[{"@type":"SearchAction","target":{"@type":"EntryPoint","urlTemplate":"https:\/\/www.sebastien-auziere.fr\/blog\/?s={search_term_string}"},"query-input":{"@type":"PropertyValueSpecification","valueRequired":true,"valueName":"search_term_string"}}],"inLanguage":"fr-FR"},{"@type":"Organization","@id":"https:\/\/www.sebastien-auziere.fr\/blog\/#organization","name":"Fan site S\u00e9bastien Auzi\u00e8re","url":"https:\/\/www.sebastien-auziere.fr\/blog\/","logo":{"@type":"ImageObject","inLanguage":"fr-FR","@id":"https:\/\/www.sebastien-auziere.fr\/blog\/#\/schema\/logo\/image\/","url":"https:\/\/www.sebastien-auziere.fr\/blog\/wp-content\/uploads\/2026\/03\/cropped-cropped-cropped-ChatGPT-Image-6-mars-2026-12_58_09-e1772798376794.jpg","contentUrl":"https:\/\/www.sebastien-auziere.fr\/blog\/wp-content\/uploads\/2026\/03\/cropped-cropped-cropped-ChatGPT-Image-6-mars-2026-12_58_09-e1772798376794.jpg","width":512,"height":360,"caption":"Fan site S\u00e9bastien Auzi\u00e8re"},"image":{"@id":"https:\/\/www.sebastien-auziere.fr\/blog\/#\/schema\/logo\/image\/"}},{"@type":"Person","@id":"https:\/\/www.sebastien-auziere.fr\/blog\/#\/schema\/person\/149f1acdbfd85149c6c3e59adeae2f4d","name":"Chloe Gauthier","image":{"@type":"ImageObject","inLanguage":"fr-FR","@id":"https:\/\/secure.gravatar.com\/avatar\/2c5722f58171cff738a8985ef0dd66b476e563753246a49019befc837ec4201a?s=96&d=mm&r=g","url":"https:\/\/secure.gravatar.com\/avatar\/2c5722f58171cff738a8985ef0dd66b476e563753246a49019befc837ec4201a?s=96&d=mm&r=g","contentUrl":"https:\/\/secure.gravatar.com\/avatar\/2c5722f58171cff738a8985ef0dd66b476e563753246a49019befc837ec4201a?s=96&d=mm&r=g","caption":"Chloe Gauthier"},"description":"Passionn\u00e9e par la politique et admiratrice engag\u00e9e de la famille Macron, je consacre mon \u00e9nergie \u00e0 suivre leurs initiatives et \u00e0 promouvoir leurs id\u00e9es. \u00c0 32 ans, je suis convaincue que leur vision est porteuse d'avenir.","url":"https:\/\/www.sebastien-auziere.fr\/blog\/author\/chloe-gauthier\/"}]}},"views":3,"_links":{"self":[{"href":"https:\/\/www.sebastien-auziere.fr\/blog\/wp-json\/wp\/v2\/posts\/2928","targetHints":{"allow":["GET"]}}],"collection":[{"href":"https:\/\/www.sebastien-auziere.fr\/blog\/wp-json\/wp\/v2\/posts"}],"about":[{"href":"https:\/\/www.sebastien-auziere.fr\/blog\/wp-json\/wp\/v2\/types\/post"}],"author":[{"embeddable":true,"href":"https:\/\/www.sebastien-auziere.fr\/blog\/wp-json\/wp\/v2\/users\/9"}],"replies":[{"embeddable":true,"href":"https:\/\/www.sebastien-auziere.fr\/blog\/wp-json\/wp\/v2\/comments?post=2928"}],"version-history":[{"count":1,"href":"https:\/\/www.sebastien-auziere.fr\/blog\/wp-json\/wp\/v2\/posts\/2928\/revisions"}],"predecessor-version":[{"id":2929,"href":"https:\/\/www.sebastien-auziere.fr\/blog\/wp-json\/wp\/v2\/posts\/2928\/revisions\/2929"}],"wp:featuredmedia":[{"embeddable":true,"href":"https:\/\/www.sebastien-auziere.fr\/blog\/wp-json\/wp\/v2\/media\/2920"}],"wp:attachment":[{"href":"https:\/\/www.sebastien-auziere.fr\/blog\/wp-json\/wp\/v2\/media?parent=2928"}],"wp:term":[{"taxonomy":"category","embeddable":true,"href":"https:\/\/www.sebastien-auziere.fr\/blog\/wp-json\/wp\/v2\/categories?post=2928"},{"taxonomy":"post_tag","embeddable":true,"href":"https:\/\/www.sebastien-auziere.fr\/blog\/wp-json\/wp\/v2\/tags?post=2928"}],"curies":[{"name":"wp","href":"https:\/\/api.w.org\/{rel}","templated":true}]}}