{"id":2926,"date":"2026-04-10T19:11:51","date_gmt":"2026-04-10T19:11:51","guid":{"rendered":"https:\/\/www.sebastien-auziere.fr\/blog\/?p=2926"},"modified":"2026-04-10T19:12:16","modified_gmt":"2026-04-10T19:12:16","slug":"emmanuel-und-brigitte-macron-im-vatikan-ablauf-und-herausforderungen-dieses-ersten-offiziellen-besuchs","status":"publish","type":"post","link":"https:\/\/www.sebastien-auziere.fr\/blog\/de\/emmanuel-und-brigitte-macron-im-vatikan-ablauf-und-herausforderungen-dieses-ersten-offiziellen-besuchs\/","title":{"rendered":"Emmanuel und Brigitte Macron im Vatikan: Ablauf und Herausforderungen dieses ersten offiziellen Besuchs"},"content":{"rendered":"<p><strong>Emmanuel Macron<\/strong> und <strong>Brigitte Macron<\/strong> haben sich am <strong>9. und 10. April 2026<\/strong> im <strong>Vatik\u00e1n<\/strong> aufgehalten, um einen Besuch, der ausschlie\u00dflich dem Heiligen Stuhl gewidmet war, durchzuf\u00fchren. Sie wurden am Freitag, den 10. April um 10 Uhr zu einer privaten Audience von Papst <strong>L\u00e9on XIV<\/strong> empfangen, in der sie etwa eine Stunde lang miteinander sprachen. Dies markiert das erste offizielle Treffen zwischen den beiden M\u00e4nnern seit Beginn des Pontifikates.<\/p>\n\n<p><strong>Kurz gesagt<\/strong>: Ankunft in Rom am Donnerstag, den 9. April, Treffen mit Andrea Riccardi von der Gemeinschaft Sant&rsquo;Egidio, Audience im apostolischen Palast am 10. April, und wichtige Themen wie der Krieg im Nahen Osten, k\u00fcnstliche Intelligenz und humanit\u00e4re Zusammenarbeit wurden behandelt. F\u00fcr Einzelheiten zum Zeitplan siehe <a href=\"https:\/\/www.lemonde.fr\/international\/article\/2026\/04\/01\/emmanuel-macron-se-rendra-au-vatican-les-9-et-10-avril-pour-rencontrer-leon-xiv_6675939_3210.html\">die Ank\u00fcndigung des Besuchs<\/a> und den offiziellen Bericht auf <a href=\"https:\/\/www.vaticannews.va\/fr\/pape\/news\/2026-04\/audience-pape-leon-xiv-president-francais-emmanuel-macron.html\">Vatican News<\/a>.<\/p>\n\n<h2 class=\"wp-block-heading\">Ablauf des offiziellen Besuchs von Emmanuel und Brigitte Macron im Vatikan<\/h2>\n\n<p>Der Besuch begann mit einer diskreten Ankunft in Rom am <strong>9. April<\/strong>, gefolgt von einem Treffen mit Andrea Riccardi, einer Schl\u00fcsselfigur der katholischen Mediation. Am Freitagmorgen wurden <strong>Emmanuel Macron<\/strong> und seine Frau im apostolischen Palast f\u00fcr eine private Audience von etwa einer Stunde mit <strong>L\u00e9on XIV<\/strong> empfangen. Diese erste offizielle Audience mit dem neuen Pontifikat steht in einer diplomatischen Kontinuit\u00e4t, die bei den vorherigen Treffen mit Papst Franziskus initiiert wurde. Hinweis: Die Form des Dialogs verdeutlicht das Bestreben nach einem strategischen und respektvollen Austausch.<\/p>\n\n<h2 class=\"wp-block-heading\">Die politischen und diplomatischen Herausforderungen des Treffens<\/h2>\n\n<p>Im Mittelpunkt der Gespr\u00e4che stand der Krieg im <strong>Nahen Osten<\/strong> und die Suche nach einer diplomatischen L\u00f6sung, ein Thema, das vom \u00c9lys\u00e9e hervorgehoben wurde. Multilateralismus, die Regulierung von <strong>k\u00fcnstlicher Intelligenz<\/strong>, das Klima und humanit\u00e4re Hilfe wurden ebenfalls angesprochen. Die geplante Anwesenheit von Jean\u2011Marc Sauv\u00e9 in der Delegation signalisiert die Wichtigkeit, die sexuellen Gewalt in der Kirche zugemessen wird. Hinweis: Der Besuch vereint politische Entschlossenheit und einen Aufruf an internationale Mediationsmechanismen.<\/p>\n\n<h2 class=\"wp-block-heading\">Das offizielle Protokoll und der interreligi\u00f6se Dialog<\/h2>\n\n<p>Der Besuch, der vom \u00c9lys\u00e9e als \u201erepublikanisch und laizistisch\u201c bezeichnet wurde, hielt sich an ein strenges Protokoll im apostolischen Palast, ohne offizielle Begegnung mit italienischen Vertretern wie Giorgia Meloni. <strong>Brigitte Macron<\/strong> begleitete den Pr\u00e4sidenten bei den \u00f6ffentlichen Zeremonien, was die symbolische Dimension des Besuchs verst\u00e4rkte. Informelle Gespr\u00e4che, insbesondere \u00fcber Sant&rsquo;Egidio, erm\u00f6glichten es, sowohl den interreligi\u00f6sen als auch den humanit\u00e4ren Aspekt zu er\u00f6rtern. Hinweis: Das Protokoll dient als Rahmen f\u00fcr einen pragmatischen Dialog.<\/p>\n\n<h3 class=\"wp-block-heading\">Internationale Zusammenarbeit und Perspektiven Frankreich-Vatikan<\/h3>\n\n<p>Unter den er\u00f6rterten Themen wurde eine offizielle Einladung des Papstes nach Frankreich diskutiert, ein Wunsch, den der Pr\u00e4sident der Bischofskonferenz, Kardinal Jean\u2011Marc Aveline, \u00e4u\u00dferte. Der Fall der Ciase und die Frage des Lebensendes standen ebenfalls auf der Tagesordnung, was auf einen vollen Zeitplan hinweist. F\u00fcr einen erweiterten Blick auf diese Herausforderungen und ihre politischen Auswirkungen lesen Sie die Analysen und Bilder des Besuchs. Hinweis: Das Treffen er\u00f6ffnet konkrete Perspektiven f\u00fcr bilaterale Zusammenarbeit.<\/p>\n\n<p>Um mehr \u00fcber <strong>S\u00e9bastien Auzi\u00e8re<\/strong> und die Familie Macron zu erfahren und eine vollst\u00e4ndige Akte \u00fcber diesen Besuch zu finden, konsultieren Sie <a href=\"https:\/\/www.sebastien-auziere.fr\/blog\/macron-visite-vatican\/\">die Analyse des Besuchs im Vatikan<\/a> und den Artikel \u00fcber die Beziehung zum Papst <a href=\"https:\/\/www.sebastien-auziere.fr\/blog\/macron-vatican-pape\/\">auf sebastien-auziere.fr<\/a>. Entdecken Sie dort Hintergr\u00fcnde, wichtige Daten und dokumentierte Elemente zur Vertiefung des Themas.<\/p>","protected":false},"excerpt":{"rendered":"<p>Emmanuel Macron und Brigitte Macron haben sich am 9. und 10. April 2026 im Vatik\u00e1n aufgehalten, um einen Besuch, der ausschlie\u00dflich dem Heiligen Stuhl gewidmet war, durchzuf\u00fchren. Sie wurden am Freitag, den 10. April um 10 Uhr zu einer privaten Audience von Papst L\u00e9on XIV empfangen, in der sie etwa eine Stunde lang miteinander sprachen. &#8230; <a title=\"Emmanuel und Brigitte Macron im Vatikan: Ablauf und Herausforderungen dieses ersten offiziellen Besuchs\" class=\"read-more\" href=\"https:\/\/www.sebastien-auziere.fr\/blog\/de\/emmanuel-und-brigitte-macron-im-vatikan-ablauf-und-herausforderungen-dieses-ersten-offiziellen-besuchs\/\" aria-label=\"En savoir plus sur Emmanuel und Brigitte Macron im Vatikan: Ablauf und Herausforderungen dieses ersten offiziellen Besuchs\">Lire plus<\/a><\/p>\n","protected":false},"author":9,"featured_media":2920,"comment_status":"open","ping_status":"open","sticky":false,"template":"","format":"standard","meta":{"footnotes":""},"categories":[856],"tags":[929,1178,2445,2144,2141],"class_list":["post-2926","post","type-post","status-publish","format-standard","has-post-thumbnail","hentry","category-aktuelles-de","tag-brigitte-macron-de","tag-emmanuel-macron-de","tag-erste-besuch-de","tag-offizielle-besuch-de","tag-vatican-de"],"yoast_head":"<!-- This site is optimized with the Yoast SEO plugin v27.5 - https:\/\/yoast.com\/product\/yoast-seo-wordpress\/ -->\n<title>Emmanuel und Brigitte Macron im Vatikan: Ablauf und Herausforderungen dieses ersten offiziellen Besuchs - Fan site S\u00e9bastien Auzi\u00e8re<\/title>\n<meta name=\"description\" content=\"D\u00e9couvrez le d\u00e9roulement et les enjeux de la premi\u00e8re visite officielle d\u2019Emmanuel et Brigitte Macron au Vatican, entre diplomatie et \u00e9changes culturels.\" \/>\n<meta name=\"robots\" content=\"index, follow, max-snippet:-1, max-image-preview:large, max-video-preview:-1\" \/>\n<link rel=\"canonical\" href=\"https:\/\/www.sebastien-auziere.fr\/blog\/de\/emmanuel-und-brigitte-macron-im-vatikan-ablauf-und-herausforderungen-dieses-ersten-offiziellen-besuchs\/\" \/>\n<meta property=\"og:locale\" content=\"fr_FR\" \/>\n<meta property=\"og:type\" content=\"article\" \/>\n<meta property=\"og:title\" content=\"Emmanuel und Brigitte Macron im Vatikan: Ablauf und Herausforderungen dieses ersten offiziellen Besuchs - Fan site S\u00e9bastien Auzi\u00e8re\" \/>\n<meta property=\"og:description\" content=\"D\u00e9couvrez le d\u00e9roulement et les enjeux de la premi\u00e8re visite officielle d\u2019Emmanuel et Brigitte Macron au Vatican, entre diplomatie et \u00e9changes culturels.\" \/>\n<meta property=\"og:url\" content=\"https:\/\/www.sebastien-auziere.fr\/blog\/de\/emmanuel-und-brigitte-macron-im-vatikan-ablauf-und-herausforderungen-dieses-ersten-offiziellen-besuchs\/\" \/>\n<meta property=\"og:site_name\" content=\"Fan site S\u00e9bastien Auzi\u00e8re\" \/>\n<meta property=\"article:published_time\" content=\"2026-04-10T19:11:51+00:00\" \/>\n<meta property=\"article:modified_time\" content=\"2026-04-10T19:12:16+00:00\" \/>\n<meta property=\"og:image\" content=\"https:\/\/www.sebastien-auziere.fr\/blog\/wp-content\/uploads\/2026\/04\/Emmanuel-et-Brigitte-Macron-au-Vatican-deroulement-et-enjeux-de-cette-premiere-visite-officielle.jpg\" \/>\n\t<meta property=\"og:image:width\" content=\"2560\" \/>\n\t<meta property=\"og:image:height\" content=\"1429\" \/>\n\t<meta property=\"og:image:type\" content=\"image\/jpeg\" \/>\n<meta name=\"author\" content=\"Chloe Gauthier\" \/>\n<meta name=\"twitter:card\" content=\"summary_large_image\" \/>\n<meta name=\"twitter:label1\" content=\"\u00c9crit par\" \/>\n\t<meta name=\"twitter:data1\" content=\"Chloe Gauthier\" \/>\n\t<meta name=\"twitter:label2\" content=\"Dur\u00e9e de lecture estim\u00e9e\" \/>\n\t<meta name=\"twitter:data2\" content=\"3 minutes\" \/>\n<script type=\"application\/ld+json\" class=\"yoast-schema-graph\">{\"@context\":\"https:\\\/\\\/schema.org\",\"@graph\":[{\"@type\":\"Article\",\"@id\":\"https:\\\/\\\/www.sebastien-auziere.fr\\\/blog\\\/de\\\/emmanuel-und-brigitte-macron-im-vatikan-ablauf-und-herausforderungen-dieses-ersten-offiziellen-besuchs\\\/#article\",\"isPartOf\":{\"@id\":\"https:\\\/\\\/www.sebastien-auziere.fr\\\/blog\\\/de\\\/emmanuel-und-brigitte-macron-im-vatikan-ablauf-und-herausforderungen-dieses-ersten-offiziellen-besuchs\\\/\"},\"author\":{\"name\":\"Chloe Gauthier\",\"@id\":\"https:\\\/\\\/www.sebastien-auziere.fr\\\/blog\\\/#\\\/schema\\\/person\\\/149f1acdbfd85149c6c3e59adeae2f4d\"},\"headline\":\"Emmanuel und Brigitte Macron im Vatikan: Ablauf und Herausforderungen dieses ersten offiziellen Besuchs\",\"datePublished\":\"2026-04-10T19:11:51+00:00\",\"dateModified\":\"2026-04-10T19:12:16+00:00\",\"mainEntityOfPage\":{\"@id\":\"https:\\\/\\\/www.sebastien-auziere.fr\\\/blog\\\/de\\\/emmanuel-und-brigitte-macron-im-vatikan-ablauf-und-herausforderungen-dieses-ersten-offiziellen-besuchs\\\/\"},\"wordCount\":551,\"commentCount\":0,\"publisher\":{\"@id\":\"https:\\\/\\\/www.sebastien-auziere.fr\\\/blog\\\/#organization\"},\"image\":{\"@id\":\"https:\\\/\\\/www.sebastien-auziere.fr\\\/blog\\\/de\\\/emmanuel-und-brigitte-macron-im-vatikan-ablauf-und-herausforderungen-dieses-ersten-offiziellen-besuchs\\\/#primaryimage\"},\"thumbnailUrl\":\"https:\\\/\\\/www.sebastien-auziere.fr\\\/blog\\\/wp-content\\\/uploads\\\/2026\\\/04\\\/Emmanuel-et-Brigitte-Macron-au-Vatican-deroulement-et-enjeux-de-cette-premiere-visite-officielle.jpg\",\"keywords\":[\"brigitte macron\",\"emmanuel macron\",\"erste Besuch\",\"offizielle Besuch\",\"vatican\"],\"articleSection\":[\"Aktuelles\"],\"inLanguage\":\"fr-FR\",\"potentialAction\":[{\"@type\":\"CommentAction\",\"name\":\"Comment\",\"target\":[\"https:\\\/\\\/www.sebastien-auziere.fr\\\/blog\\\/de\\\/emmanuel-und-brigitte-macron-im-vatikan-ablauf-und-herausforderungen-dieses-ersten-offiziellen-besuchs\\\/#respond\"]}]},{\"@type\":\"WebPage\",\"@id\":\"https:\\\/\\\/www.sebastien-auziere.fr\\\/blog\\\/de\\\/emmanuel-und-brigitte-macron-im-vatikan-ablauf-und-herausforderungen-dieses-ersten-offiziellen-besuchs\\\/\",\"url\":\"https:\\\/\\\/www.sebastien-auziere.fr\\\/blog\\\/de\\\/emmanuel-und-brigitte-macron-im-vatikan-ablauf-und-herausforderungen-dieses-ersten-offiziellen-besuchs\\\/\",\"name\":\"Emmanuel und Brigitte Macron im Vatikan: Ablauf und Herausforderungen dieses ersten offiziellen Besuchs - Fan site S\u00e9bastien Auzi\u00e8re\",\"isPartOf\":{\"@id\":\"https:\\\/\\\/www.sebastien-auziere.fr\\\/blog\\\/#website\"},\"primaryImageOfPage\":{\"@id\":\"https:\\\/\\\/www.sebastien-auziere.fr\\\/blog\\\/de\\\/emmanuel-und-brigitte-macron-im-vatikan-ablauf-und-herausforderungen-dieses-ersten-offiziellen-besuchs\\\/#primaryimage\"},\"image\":{\"@id\":\"https:\\\/\\\/www.sebastien-auziere.fr\\\/blog\\\/de\\\/emmanuel-und-brigitte-macron-im-vatikan-ablauf-und-herausforderungen-dieses-ersten-offiziellen-besuchs\\\/#primaryimage\"},\"thumbnailUrl\":\"https:\\\/\\\/www.sebastien-auziere.fr\\\/blog\\\/wp-content\\\/uploads\\\/2026\\\/04\\\/Emmanuel-et-Brigitte-Macron-au-Vatican-deroulement-et-enjeux-de-cette-premiere-visite-officielle.jpg\",\"datePublished\":\"2026-04-10T19:11:51+00:00\",\"dateModified\":\"2026-04-10T19:12:16+00:00\",\"description\":\"D\u00e9couvrez le d\u00e9roulement et les enjeux de la premi\u00e8re visite officielle d\u2019Emmanuel et Brigitte Macron au Vatican, entre diplomatie et \u00e9changes culturels.\",\"breadcrumb\":{\"@id\":\"https:\\\/\\\/www.sebastien-auziere.fr\\\/blog\\\/de\\\/emmanuel-und-brigitte-macron-im-vatikan-ablauf-und-herausforderungen-dieses-ersten-offiziellen-besuchs\\\/#breadcrumb\"},\"inLanguage\":\"fr-FR\",\"potentialAction\":[{\"@type\":\"ReadAction\",\"target\":[\"https:\\\/\\\/www.sebastien-auziere.fr\\\/blog\\\/de\\\/emmanuel-und-brigitte-macron-im-vatikan-ablauf-und-herausforderungen-dieses-ersten-offiziellen-besuchs\\\/\"]}]},{\"@type\":\"ImageObject\",\"inLanguage\":\"fr-FR\",\"@id\":\"https:\\\/\\\/www.sebastien-auziere.fr\\\/blog\\\/de\\\/emmanuel-und-brigitte-macron-im-vatikan-ablauf-und-herausforderungen-dieses-ersten-offiziellen-besuchs\\\/#primaryimage\",\"url\":\"https:\\\/\\\/www.sebastien-auziere.fr\\\/blog\\\/wp-content\\\/uploads\\\/2026\\\/04\\\/Emmanuel-et-Brigitte-Macron-au-Vatican-deroulement-et-enjeux-de-cette-premiere-visite-officielle.jpg\",\"contentUrl\":\"https:\\\/\\\/www.sebastien-auziere.fr\\\/blog\\\/wp-content\\\/uploads\\\/2026\\\/04\\\/Emmanuel-et-Brigitte-Macron-au-Vatican-deroulement-et-enjeux-de-cette-premiere-visite-officielle.jpg\",\"width\":2560,\"height\":1429,\"caption\":\"d\u00e9couvrez les d\u00e9tails et les implications de la premi\u00e8re visite officielle d'emmanuel et brigitte macron au vatican, un rendez-vous charg\u00e9 de symboles et d'enjeux diplomatiques.\"},{\"@type\":\"BreadcrumbList\",\"@id\":\"https:\\\/\\\/www.sebastien-auziere.fr\\\/blog\\\/de\\\/emmanuel-und-brigitte-macron-im-vatikan-ablauf-und-herausforderungen-dieses-ersten-offiziellen-besuchs\\\/#breadcrumb\",\"itemListElement\":[{\"@type\":\"ListItem\",\"position\":1,\"name\":\"Home\",\"item\":\"https:\\\/\\\/www.sebastien-auziere.fr\\\/blog\\\/\"},{\"@type\":\"ListItem\",\"position\":2,\"name\":\"Emmanuel und Brigitte Macron im Vatikan: Ablauf und Herausforderungen dieses ersten offiziellen Besuchs\"}]},{\"@type\":\"WebSite\",\"@id\":\"https:\\\/\\\/www.sebastien-auziere.fr\\\/blog\\\/#website\",\"url\":\"https:\\\/\\\/www.sebastien-auziere.fr\\\/blog\\\/\",\"name\":\"Fan site S\u00e9bastien Auzi\u00e8re\",\"description\":\"M\u00e9dia g\u00e9n\u00e9raliste\",\"publisher\":{\"@id\":\"https:\\\/\\\/www.sebastien-auziere.fr\\\/blog\\\/#organization\"},\"potentialAction\":[{\"@type\":\"SearchAction\",\"target\":{\"@type\":\"EntryPoint\",\"urlTemplate\":\"https:\\\/\\\/www.sebastien-auziere.fr\\\/blog\\\/?s={search_term_string}\"},\"query-input\":{\"@type\":\"PropertyValueSpecification\",\"valueRequired\":true,\"valueName\":\"search_term_string\"}}],\"inLanguage\":\"fr-FR\"},{\"@type\":\"Organization\",\"@id\":\"https:\\\/\\\/www.sebastien-auziere.fr\\\/blog\\\/#organization\",\"name\":\"Fan site S\u00e9bastien Auzi\u00e8re\",\"url\":\"https:\\\/\\\/www.sebastien-auziere.fr\\\/blog\\\/\",\"logo\":{\"@type\":\"ImageObject\",\"inLanguage\":\"fr-FR\",\"@id\":\"https:\\\/\\\/www.sebastien-auziere.fr\\\/blog\\\/#\\\/schema\\\/logo\\\/image\\\/\",\"url\":\"https:\\\/\\\/www.sebastien-auziere.fr\\\/blog\\\/wp-content\\\/uploads\\\/2026\\\/03\\\/cropped-cropped-cropped-ChatGPT-Image-6-mars-2026-12_58_09-e1772798376794.jpg\",\"contentUrl\":\"https:\\\/\\\/www.sebastien-auziere.fr\\\/blog\\\/wp-content\\\/uploads\\\/2026\\\/03\\\/cropped-cropped-cropped-ChatGPT-Image-6-mars-2026-12_58_09-e1772798376794.jpg\",\"width\":512,\"height\":360,\"caption\":\"Fan site S\u00e9bastien Auzi\u00e8re\"},\"image\":{\"@id\":\"https:\\\/\\\/www.sebastien-auziere.fr\\\/blog\\\/#\\\/schema\\\/logo\\\/image\\\/\"}},{\"@type\":\"Person\",\"@id\":\"https:\\\/\\\/www.sebastien-auziere.fr\\\/blog\\\/#\\\/schema\\\/person\\\/149f1acdbfd85149c6c3e59adeae2f4d\",\"name\":\"Chloe Gauthier\",\"image\":{\"@type\":\"ImageObject\",\"inLanguage\":\"fr-FR\",\"@id\":\"https:\\\/\\\/secure.gravatar.com\\\/avatar\\\/2c5722f58171cff738a8985ef0dd66b476e563753246a49019befc837ec4201a?s=96&d=mm&r=g\",\"url\":\"https:\\\/\\\/secure.gravatar.com\\\/avatar\\\/2c5722f58171cff738a8985ef0dd66b476e563753246a49019befc837ec4201a?s=96&d=mm&r=g\",\"contentUrl\":\"https:\\\/\\\/secure.gravatar.com\\\/avatar\\\/2c5722f58171cff738a8985ef0dd66b476e563753246a49019befc837ec4201a?s=96&d=mm&r=g\",\"caption\":\"Chloe Gauthier\"},\"description\":\"Passionn\u00e9e par la politique et admiratrice engag\u00e9e de la famille Macron, je consacre mon \u00e9nergie \u00e0 suivre leurs initiatives et \u00e0 promouvoir leurs id\u00e9es. \u00c0 32 ans, je suis convaincue que leur vision est porteuse d'avenir.\",\"url\":\"https:\\\/\\\/www.sebastien-auziere.fr\\\/blog\\\/author\\\/chloe-gauthier\\\/\"}]}<\/script>\n<!-- \/ Yoast SEO plugin. -->","yoast_head_json":{"title":"Emmanuel und Brigitte Macron im Vatikan: Ablauf und Herausforderungen dieses ersten offiziellen Besuchs - Fan site S\u00e9bastien Auzi\u00e8re","description":"D\u00e9couvrez le d\u00e9roulement et les enjeux de la premi\u00e8re visite officielle d\u2019Emmanuel et Brigitte Macron au Vatican, entre diplomatie et \u00e9changes culturels.","robots":{"index":"index","follow":"follow","max-snippet":"max-snippet:-1","max-image-preview":"max-image-preview:large","max-video-preview":"max-video-preview:-1"},"canonical":"https:\/\/www.sebastien-auziere.fr\/blog\/de\/emmanuel-und-brigitte-macron-im-vatikan-ablauf-und-herausforderungen-dieses-ersten-offiziellen-besuchs\/","og_locale":"fr_FR","og_type":"article","og_title":"Emmanuel und Brigitte Macron im Vatikan: Ablauf und Herausforderungen dieses ersten offiziellen Besuchs - Fan site S\u00e9bastien Auzi\u00e8re","og_description":"D\u00e9couvrez le d\u00e9roulement et les enjeux de la premi\u00e8re visite officielle d\u2019Emmanuel et Brigitte Macron au Vatican, entre diplomatie et \u00e9changes culturels.","og_url":"https:\/\/www.sebastien-auziere.fr\/blog\/de\/emmanuel-und-brigitte-macron-im-vatikan-ablauf-und-herausforderungen-dieses-ersten-offiziellen-besuchs\/","og_site_name":"Fan site S\u00e9bastien Auzi\u00e8re","article_published_time":"2026-04-10T19:11:51+00:00","article_modified_time":"2026-04-10T19:12:16+00:00","og_image":[{"width":2560,"height":1429,"url":"https:\/\/www.sebastien-auziere.fr\/blog\/wp-content\/uploads\/2026\/04\/Emmanuel-et-Brigitte-Macron-au-Vatican-deroulement-et-enjeux-de-cette-premiere-visite-officielle.jpg","type":"image\/jpeg"}],"author":"Chloe Gauthier","twitter_card":"summary_large_image","twitter_misc":{"\u00c9crit par":"Chloe Gauthier","Dur\u00e9e de lecture estim\u00e9e":"3 minutes"},"schema":{"@context":"https:\/\/schema.org","@graph":[{"@type":"Article","@id":"https:\/\/www.sebastien-auziere.fr\/blog\/de\/emmanuel-und-brigitte-macron-im-vatikan-ablauf-und-herausforderungen-dieses-ersten-offiziellen-besuchs\/#article","isPartOf":{"@id":"https:\/\/www.sebastien-auziere.fr\/blog\/de\/emmanuel-und-brigitte-macron-im-vatikan-ablauf-und-herausforderungen-dieses-ersten-offiziellen-besuchs\/"},"author":{"name":"Chloe Gauthier","@id":"https:\/\/www.sebastien-auziere.fr\/blog\/#\/schema\/person\/149f1acdbfd85149c6c3e59adeae2f4d"},"headline":"Emmanuel und Brigitte Macron im Vatikan: Ablauf und Herausforderungen dieses ersten offiziellen Besuchs","datePublished":"2026-04-10T19:11:51+00:00","dateModified":"2026-04-10T19:12:16+00:00","mainEntityOfPage":{"@id":"https:\/\/www.sebastien-auziere.fr\/blog\/de\/emmanuel-und-brigitte-macron-im-vatikan-ablauf-und-herausforderungen-dieses-ersten-offiziellen-besuchs\/"},"wordCount":551,"commentCount":0,"publisher":{"@id":"https:\/\/www.sebastien-auziere.fr\/blog\/#organization"},"image":{"@id":"https:\/\/www.sebastien-auziere.fr\/blog\/de\/emmanuel-und-brigitte-macron-im-vatikan-ablauf-und-herausforderungen-dieses-ersten-offiziellen-besuchs\/#primaryimage"},"thumbnailUrl":"https:\/\/www.sebastien-auziere.fr\/blog\/wp-content\/uploads\/2026\/04\/Emmanuel-et-Brigitte-Macron-au-Vatican-deroulement-et-enjeux-de-cette-premiere-visite-officielle.jpg","keywords":["brigitte macron","emmanuel macron","erste Besuch","offizielle Besuch","vatican"],"articleSection":["Aktuelles"],"inLanguage":"fr-FR","potentialAction":[{"@type":"CommentAction","name":"Comment","target":["https:\/\/www.sebastien-auziere.fr\/blog\/de\/emmanuel-und-brigitte-macron-im-vatikan-ablauf-und-herausforderungen-dieses-ersten-offiziellen-besuchs\/#respond"]}]},{"@type":"WebPage","@id":"https:\/\/www.sebastien-auziere.fr\/blog\/de\/emmanuel-und-brigitte-macron-im-vatikan-ablauf-und-herausforderungen-dieses-ersten-offiziellen-besuchs\/","url":"https:\/\/www.sebastien-auziere.fr\/blog\/de\/emmanuel-und-brigitte-macron-im-vatikan-ablauf-und-herausforderungen-dieses-ersten-offiziellen-besuchs\/","name":"Emmanuel und Brigitte Macron im Vatikan: Ablauf und Herausforderungen dieses ersten offiziellen Besuchs - Fan site S\u00e9bastien Auzi\u00e8re","isPartOf":{"@id":"https:\/\/www.sebastien-auziere.fr\/blog\/#website"},"primaryImageOfPage":{"@id":"https:\/\/www.sebastien-auziere.fr\/blog\/de\/emmanuel-und-brigitte-macron-im-vatikan-ablauf-und-herausforderungen-dieses-ersten-offiziellen-besuchs\/#primaryimage"},"image":{"@id":"https:\/\/www.sebastien-auziere.fr\/blog\/de\/emmanuel-und-brigitte-macron-im-vatikan-ablauf-und-herausforderungen-dieses-ersten-offiziellen-besuchs\/#primaryimage"},"thumbnailUrl":"https:\/\/www.sebastien-auziere.fr\/blog\/wp-content\/uploads\/2026\/04\/Emmanuel-et-Brigitte-Macron-au-Vatican-deroulement-et-enjeux-de-cette-premiere-visite-officielle.jpg","datePublished":"2026-04-10T19:11:51+00:00","dateModified":"2026-04-10T19:12:16+00:00","description":"D\u00e9couvrez le d\u00e9roulement et les enjeux de la premi\u00e8re visite officielle d\u2019Emmanuel et Brigitte Macron au Vatican, entre diplomatie et \u00e9changes culturels.","breadcrumb":{"@id":"https:\/\/www.sebastien-auziere.fr\/blog\/de\/emmanuel-und-brigitte-macron-im-vatikan-ablauf-und-herausforderungen-dieses-ersten-offiziellen-besuchs\/#breadcrumb"},"inLanguage":"fr-FR","potentialAction":[{"@type":"ReadAction","target":["https:\/\/www.sebastien-auziere.fr\/blog\/de\/emmanuel-und-brigitte-macron-im-vatikan-ablauf-und-herausforderungen-dieses-ersten-offiziellen-besuchs\/"]}]},{"@type":"ImageObject","inLanguage":"fr-FR","@id":"https:\/\/www.sebastien-auziere.fr\/blog\/de\/emmanuel-und-brigitte-macron-im-vatikan-ablauf-und-herausforderungen-dieses-ersten-offiziellen-besuchs\/#primaryimage","url":"https:\/\/www.sebastien-auziere.fr\/blog\/wp-content\/uploads\/2026\/04\/Emmanuel-et-Brigitte-Macron-au-Vatican-deroulement-et-enjeux-de-cette-premiere-visite-officielle.jpg","contentUrl":"https:\/\/www.sebastien-auziere.fr\/blog\/wp-content\/uploads\/2026\/04\/Emmanuel-et-Brigitte-Macron-au-Vatican-deroulement-et-enjeux-de-cette-premiere-visite-officielle.jpg","width":2560,"height":1429,"caption":"d\u00e9couvrez les d\u00e9tails et les implications de la premi\u00e8re visite officielle d'emmanuel et brigitte macron au vatican, un rendez-vous charg\u00e9 de symboles et d'enjeux diplomatiques."},{"@type":"BreadcrumbList","@id":"https:\/\/www.sebastien-auziere.fr\/blog\/de\/emmanuel-und-brigitte-macron-im-vatikan-ablauf-und-herausforderungen-dieses-ersten-offiziellen-besuchs\/#breadcrumb","itemListElement":[{"@type":"ListItem","position":1,"name":"Home","item":"https:\/\/www.sebastien-auziere.fr\/blog\/"},{"@type":"ListItem","position":2,"name":"Emmanuel und Brigitte Macron im Vatikan: Ablauf und Herausforderungen dieses ersten offiziellen Besuchs"}]},{"@type":"WebSite","@id":"https:\/\/www.sebastien-auziere.fr\/blog\/#website","url":"https:\/\/www.sebastien-auziere.fr\/blog\/","name":"Fan site S\u00e9bastien Auzi\u00e8re","description":"M\u00e9dia g\u00e9n\u00e9raliste","publisher":{"@id":"https:\/\/www.sebastien-auziere.fr\/blog\/#organization"},"potentialAction":[{"@type":"SearchAction","target":{"@type":"EntryPoint","urlTemplate":"https:\/\/www.sebastien-auziere.fr\/blog\/?s={search_term_string}"},"query-input":{"@type":"PropertyValueSpecification","valueRequired":true,"valueName":"search_term_string"}}],"inLanguage":"fr-FR"},{"@type":"Organization","@id":"https:\/\/www.sebastien-auziere.fr\/blog\/#organization","name":"Fan site S\u00e9bastien Auzi\u00e8re","url":"https:\/\/www.sebastien-auziere.fr\/blog\/","logo":{"@type":"ImageObject","inLanguage":"fr-FR","@id":"https:\/\/www.sebastien-auziere.fr\/blog\/#\/schema\/logo\/image\/","url":"https:\/\/www.sebastien-auziere.fr\/blog\/wp-content\/uploads\/2026\/03\/cropped-cropped-cropped-ChatGPT-Image-6-mars-2026-12_58_09-e1772798376794.jpg","contentUrl":"https:\/\/www.sebastien-auziere.fr\/blog\/wp-content\/uploads\/2026\/03\/cropped-cropped-cropped-ChatGPT-Image-6-mars-2026-12_58_09-e1772798376794.jpg","width":512,"height":360,"caption":"Fan site S\u00e9bastien Auzi\u00e8re"},"image":{"@id":"https:\/\/www.sebastien-auziere.fr\/blog\/#\/schema\/logo\/image\/"}},{"@type":"Person","@id":"https:\/\/www.sebastien-auziere.fr\/blog\/#\/schema\/person\/149f1acdbfd85149c6c3e59adeae2f4d","name":"Chloe Gauthier","image":{"@type":"ImageObject","inLanguage":"fr-FR","@id":"https:\/\/secure.gravatar.com\/avatar\/2c5722f58171cff738a8985ef0dd66b476e563753246a49019befc837ec4201a?s=96&d=mm&r=g","url":"https:\/\/secure.gravatar.com\/avatar\/2c5722f58171cff738a8985ef0dd66b476e563753246a49019befc837ec4201a?s=96&d=mm&r=g","contentUrl":"https:\/\/secure.gravatar.com\/avatar\/2c5722f58171cff738a8985ef0dd66b476e563753246a49019befc837ec4201a?s=96&d=mm&r=g","caption":"Chloe Gauthier"},"description":"Passionn\u00e9e par la politique et admiratrice engag\u00e9e de la famille Macron, je consacre mon \u00e9nergie \u00e0 suivre leurs initiatives et \u00e0 promouvoir leurs id\u00e9es. \u00c0 32 ans, je suis convaincue que leur vision est porteuse d'avenir.","url":"https:\/\/www.sebastien-auziere.fr\/blog\/author\/chloe-gauthier\/"}]}},"views":3,"_links":{"self":[{"href":"https:\/\/www.sebastien-auziere.fr\/blog\/wp-json\/wp\/v2\/posts\/2926","targetHints":{"allow":["GET"]}}],"collection":[{"href":"https:\/\/www.sebastien-auziere.fr\/blog\/wp-json\/wp\/v2\/posts"}],"about":[{"href":"https:\/\/www.sebastien-auziere.fr\/blog\/wp-json\/wp\/v2\/types\/post"}],"author":[{"embeddable":true,"href":"https:\/\/www.sebastien-auziere.fr\/blog\/wp-json\/wp\/v2\/users\/9"}],"replies":[{"embeddable":true,"href":"https:\/\/www.sebastien-auziere.fr\/blog\/wp-json\/wp\/v2\/comments?post=2926"}],"version-history":[{"count":1,"href":"https:\/\/www.sebastien-auziere.fr\/blog\/wp-json\/wp\/v2\/posts\/2926\/revisions"}],"predecessor-version":[{"id":2927,"href":"https:\/\/www.sebastien-auziere.fr\/blog\/wp-json\/wp\/v2\/posts\/2926\/revisions\/2927"}],"wp:featuredmedia":[{"embeddable":true,"href":"https:\/\/www.sebastien-auziere.fr\/blog\/wp-json\/wp\/v2\/media\/2920"}],"wp:attachment":[{"href":"https:\/\/www.sebastien-auziere.fr\/blog\/wp-json\/wp\/v2\/media?parent=2926"}],"wp:term":[{"taxonomy":"category","embeddable":true,"href":"https:\/\/www.sebastien-auziere.fr\/blog\/wp-json\/wp\/v2\/categories?post=2926"},{"taxonomy":"post_tag","embeddable":true,"href":"https:\/\/www.sebastien-auziere.fr\/blog\/wp-json\/wp\/v2\/tags?post=2926"}],"curies":[{"name":"wp","href":"https:\/\/api.w.org\/{rel}","templated":true}]}}