{"id":2924,"date":"2026-04-10T19:10:18","date_gmt":"2026-04-10T19:10:18","guid":{"rendered":"https:\/\/www.sebastien-auziere.fr\/blog\/?p=2924"},"modified":"2026-04-10T19:10:42","modified_gmt":"2026-04-10T19:10:42","slug":"emmanuel-y-brigitte-macron-en-el-vaticano-desarrollo-y-desafios-de-esta-primera-visita-oficial","status":"publish","type":"post","link":"https:\/\/www.sebastien-auziere.fr\/blog\/es\/emmanuel-y-brigitte-macron-en-el-vaticano-desarrollo-y-desafios-de-esta-primera-visita-oficial\/","title":{"rendered":"Emmanuel y Brigitte Macron en el Vaticano: desarrollo y desaf\u00edos de esta primera visita oficial"},"content":{"rendered":"<p><strong>Emmanuel Macron<\/strong> y <strong>Brigitte Macron<\/strong> visitaron el <strong>Vaticano<\/strong> los <strong>9 y 10 de abril de 2026<\/strong>, para una visita exclusivamente dedicada a la Santa Sede. Recibidos en audiencia privada por el papa <strong>Le\u00f3n XIV<\/strong> el viernes 10 de abril a las 10 a.m., mantuvieron un intercambio de aproximadamente una hora, marcando el primer encuentro oficial entre los dos hombres desde el inicio del pontificado.<\/p>\n\n<p><strong>En resumen<\/strong>: llegada a Roma el jueves 9 de abril, reuni\u00f3n con Andrea Riccardi de la comunidad Sant&rsquo;Egidio, audiencia en el palacio apost\u00f3lico el 10 de abril, y temas principales tratados como la guerra en el <strong>Medio Oriente<\/strong>, la inteligencia artificial y la cooperaci\u00f3n humanitaria. Para m\u00e1s detalles sobre el calendario, vea <a href=\"https:\/\/www.lemonde.fr\/international\/article\/2026\/04\/01\/emmanuel-macron-se-rendra-au-vatican-les-9-et-10-avril-pour-rencontrer-leon-xiv_6675939_3210.html\">el anuncio de la visita<\/a> y el informe oficial en <a href=\"https:\/\/www.vaticannews.va\/fr\/pape\/news\/2026-04\/audience-pape-leon-xiv-president-francais-emmanuel-macron.html\">Vatican News<\/a>.<\/p>\n\n<h2 class=\"wp-block-heading\">Desarrollo de la visita oficial de Emmanuel y Brigitte Macron al Vaticano<\/h2>\n\n<p>La visita comenz\u00f3 con una llegada discreta a Roma el <strong>9 de abril<\/strong>, seguida de un encuentro con Andrea Riccardi, figura clave de la mediaci\u00f3n cat\u00f3lica. La ma\u00f1ana del viernes, <strong>Emmanuel Macron<\/strong> y su esposa fueron recibidos en el palacio apost\u00f3lico para una audiencia privada de aproximadamente una hora con <strong>Le\u00f3n XIV<\/strong>. Esta primera audiencia oficial con el nuevo pontificado se inscribe en una continuidad diplom\u00e1tica iniciada durante los encuentros previos con el papa Francisco. Insight: la forma del di\u00e1logo ilustra la voluntad de un intercambio estrat\u00e9gico y respetuoso.<\/p>\n\n<h2 class=\"wp-block-heading\">Los desaf\u00edos pol\u00edticos y diplom\u00e1ticos del encuentro<\/h2>\n\n<p>En el coraz\u00f3n de los intercambios figuraba la guerra en el <strong>Medio Oriente<\/strong> y la b\u00fasqueda de una soluci\u00f3n diplom\u00e1tica, tema destacado por el El\u00edseo. El multilateralismo, la regulaci\u00f3n de la <strong>inteligencia artificial<\/strong>, el clima y la ayuda humanitaria tambi\u00e9n fueron abordados. La presencia prevista de Jean\u2011Marc Sauv\u00e9 en la delegaci\u00f3n se\u00f1ala la importancia concedida a las violencias sexuales en la Iglesia. Insight: la visita combina firmeza pol\u00edtica y un llamado a los mecanismos de mediaci\u00f3n internacional.<\/p>\n\n<h2 class=\"wp-block-heading\">El protocolo oficial y el di\u00e1logo interreligioso<\/h2>\n\n<p>La visita, calificada de \u00ab\u00a0republicana y laica\u00a0\u00bb por el El\u00edseo, respet\u00f3 un protocolo estricto en el palacio apost\u00f3lico, sin encuentro oficial con responsables italianos como Giorgia Meloni. <strong>Brigitte Macron<\/strong> acompa\u00f1\u00f3 al presidente en las ceremonias p\u00fablicas, reforzando la dimensi\u00f3n simb\u00f3lica del desplazamiento. Los intercambios informales, especialmente a trav\u00e9s de Sant&rsquo;Egidio, permitieron abordar tanto el di\u00e1logo interreligioso como el aspecto humanitario. Insight: el protocolo sirve como marco para un di\u00e1logo pragm\u00e1tico.<\/p>\n\n<h3 class=\"wp-block-heading\">Cooperaci\u00f3n internacional y perspectivas Francia-Vaticano<\/h3>\n\n<p>Entre las pistas discutidas, se contempl\u00f3 una invitaci\u00f3n oficial del papa a Francia, deseo planteado por el presidente de la conferencia episcopal, el cardenal Jean\u2011Marc Aveline. El expediente de la Ciase y la cuesti\u00f3n del final de la vida tambi\u00e9n figuraron en la agenda, testimoniando un calendario cargado. Para una perspectiva ampliada sobre estos desaf\u00edos y sus repercusiones pol\u00edticas, lea los an\u00e1lisis e im\u00e1genes de la visita. Insight: el encuentro abre perspectivas concretas de cooperaci\u00f3n bilateral.<\/p>\n\n<p>Para saber m\u00e1s sobre <strong>S\u00e9bastien Auzi\u00e8re<\/strong> y la familia Macron, y encontrar un dossier completo sobre esta visita, consulte <a href=\"https:\/\/www.sebastien-auziere.fr\/blog\/macron-visite-vatican\/\">el an\u00e1lisis dedicado a la visita al Vaticano<\/a> y el art\u00edculo sobre la relaci\u00f3n con el papa <a href=\"https:\/\/www.sebastien-auziere.fr\/blog\/macron-vatican-pape\/\">en sebastien-auziere.fr<\/a>. Descubra all\u00ed los entresijos, fechas clave y elementos documentados para profundizar en el tema.<\/p>","protected":false},"excerpt":{"rendered":"<p>Emmanuel Macron y Brigitte Macron visitaron el Vaticano los 9 y 10 de abril de 2026, para una visita exclusivamente dedicada a la Santa Sede. Recibidos en audiencia privada por el papa Le\u00f3n XIV el viernes 10 de abril a las 10 a.m., mantuvieron un intercambio de aproximadamente una hora, marcando el primer encuentro oficial &#8230; <a title=\"Emmanuel y Brigitte Macron en el Vaticano: desarrollo y desaf\u00edos de esta primera visita oficial\" class=\"read-more\" href=\"https:\/\/www.sebastien-auziere.fr\/blog\/es\/emmanuel-y-brigitte-macron-en-el-vaticano-desarrollo-y-desafios-de-esta-primera-visita-oficial\/\" aria-label=\"En savoir plus sur Emmanuel y Brigitte Macron en el Vaticano: desarrollo y desaf\u00edos de esta primera visita oficial\">Lire plus<\/a><\/p>\n","protected":false},"author":9,"featured_media":2920,"comment_status":"open","ping_status":"open","sticky":false,"template":"","format":"standard","meta":{"footnotes":""},"categories":[820],"tags":[914,1166,2442,2132,2135],"class_list":["post-2924","post","type-post","status-publish","format-standard","has-post-thumbnail","hentry","category-actualidades-es","tag-brigitte-macron-es","tag-emmanuel-macron-es","tag-primera-visita-es","tag-vaticano-es","tag-visita-oficial-es"],"yoast_head":"<!-- This site is optimized with the Yoast SEO plugin v27.5 - https:\/\/yoast.com\/product\/yoast-seo-wordpress\/ -->\n<title>Emmanuel y Brigitte Macron en el Vaticano: desarrollo y desaf\u00edos de esta primera visita oficial - Fan site S\u00e9bastien Auzi\u00e8re<\/title>\n<meta name=\"description\" content=\"D\u00e9couvrez le d\u00e9roulement et les enjeux de la premi\u00e8re visite officielle d\u2019Emmanuel et Brigitte Macron au Vatican, entre diplomatie et \u00e9changes culturels.\" \/>\n<meta name=\"robots\" content=\"index, follow, max-snippet:-1, max-image-preview:large, max-video-preview:-1\" \/>\n<link rel=\"canonical\" href=\"https:\/\/www.sebastien-auziere.fr\/blog\/es\/emmanuel-y-brigitte-macron-en-el-vaticano-desarrollo-y-desafios-de-esta-primera-visita-oficial\/\" \/>\n<meta property=\"og:locale\" content=\"fr_FR\" \/>\n<meta property=\"og:type\" content=\"article\" \/>\n<meta property=\"og:title\" content=\"Emmanuel y Brigitte Macron en el Vaticano: desarrollo y desaf\u00edos de esta primera visita oficial - Fan site S\u00e9bastien Auzi\u00e8re\" \/>\n<meta property=\"og:description\" content=\"D\u00e9couvrez le d\u00e9roulement et les enjeux de la premi\u00e8re visite officielle d\u2019Emmanuel et Brigitte Macron au Vatican, entre diplomatie et \u00e9changes culturels.\" \/>\n<meta property=\"og:url\" content=\"https:\/\/www.sebastien-auziere.fr\/blog\/es\/emmanuel-y-brigitte-macron-en-el-vaticano-desarrollo-y-desafios-de-esta-primera-visita-oficial\/\" \/>\n<meta property=\"og:site_name\" content=\"Fan site S\u00e9bastien Auzi\u00e8re\" \/>\n<meta property=\"article:published_time\" content=\"2026-04-10T19:10:18+00:00\" \/>\n<meta property=\"article:modified_time\" content=\"2026-04-10T19:10:42+00:00\" \/>\n<meta property=\"og:image\" content=\"https:\/\/www.sebastien-auziere.fr\/blog\/wp-content\/uploads\/2026\/04\/Emmanuel-et-Brigitte-Macron-au-Vatican-deroulement-et-enjeux-de-cette-premiere-visite-officielle.jpg\" \/>\n\t<meta property=\"og:image:width\" content=\"2560\" \/>\n\t<meta property=\"og:image:height\" content=\"1429\" \/>\n\t<meta property=\"og:image:type\" content=\"image\/jpeg\" \/>\n<meta name=\"author\" content=\"Chloe Gauthier\" \/>\n<meta name=\"twitter:card\" content=\"summary_large_image\" \/>\n<meta name=\"twitter:label1\" content=\"\u00c9crit par\" \/>\n\t<meta name=\"twitter:data1\" content=\"Chloe Gauthier\" \/>\n\t<meta name=\"twitter:label2\" content=\"Dur\u00e9e de lecture estim\u00e9e\" \/>\n\t<meta name=\"twitter:data2\" content=\"3 minutes\" \/>\n<script type=\"application\/ld+json\" class=\"yoast-schema-graph\">{\"@context\":\"https:\\\/\\\/schema.org\",\"@graph\":[{\"@type\":\"Article\",\"@id\":\"https:\\\/\\\/www.sebastien-auziere.fr\\\/blog\\\/es\\\/emmanuel-y-brigitte-macron-en-el-vaticano-desarrollo-y-desafios-de-esta-primera-visita-oficial\\\/#article\",\"isPartOf\":{\"@id\":\"https:\\\/\\\/www.sebastien-auziere.fr\\\/blog\\\/es\\\/emmanuel-y-brigitte-macron-en-el-vaticano-desarrollo-y-desafios-de-esta-primera-visita-oficial\\\/\"},\"author\":{\"name\":\"Chloe Gauthier\",\"@id\":\"https:\\\/\\\/www.sebastien-auziere.fr\\\/blog\\\/#\\\/schema\\\/person\\\/149f1acdbfd85149c6c3e59adeae2f4d\"},\"headline\":\"Emmanuel y Brigitte Macron en el Vaticano: desarrollo y desaf\u00edos de esta primera visita oficial\",\"datePublished\":\"2026-04-10T19:10:18+00:00\",\"dateModified\":\"2026-04-10T19:10:42+00:00\",\"mainEntityOfPage\":{\"@id\":\"https:\\\/\\\/www.sebastien-auziere.fr\\\/blog\\\/es\\\/emmanuel-y-brigitte-macron-en-el-vaticano-desarrollo-y-desafios-de-esta-primera-visita-oficial\\\/\"},\"wordCount\":587,\"commentCount\":0,\"publisher\":{\"@id\":\"https:\\\/\\\/www.sebastien-auziere.fr\\\/blog\\\/#organization\"},\"image\":{\"@id\":\"https:\\\/\\\/www.sebastien-auziere.fr\\\/blog\\\/es\\\/emmanuel-y-brigitte-macron-en-el-vaticano-desarrollo-y-desafios-de-esta-primera-visita-oficial\\\/#primaryimage\"},\"thumbnailUrl\":\"https:\\\/\\\/www.sebastien-auziere.fr\\\/blog\\\/wp-content\\\/uploads\\\/2026\\\/04\\\/Emmanuel-et-Brigitte-Macron-au-Vatican-deroulement-et-enjeux-de-cette-premiere-visite-officielle.jpg\",\"keywords\":[\"brigitte macron\",\"emmanuel macron\",\"primera visita\",\"vaticano\",\"visita oficial\"],\"articleSection\":[\"Actualidades\"],\"inLanguage\":\"fr-FR\",\"potentialAction\":[{\"@type\":\"CommentAction\",\"name\":\"Comment\",\"target\":[\"https:\\\/\\\/www.sebastien-auziere.fr\\\/blog\\\/es\\\/emmanuel-y-brigitte-macron-en-el-vaticano-desarrollo-y-desafios-de-esta-primera-visita-oficial\\\/#respond\"]}]},{\"@type\":\"WebPage\",\"@id\":\"https:\\\/\\\/www.sebastien-auziere.fr\\\/blog\\\/es\\\/emmanuel-y-brigitte-macron-en-el-vaticano-desarrollo-y-desafios-de-esta-primera-visita-oficial\\\/\",\"url\":\"https:\\\/\\\/www.sebastien-auziere.fr\\\/blog\\\/es\\\/emmanuel-y-brigitte-macron-en-el-vaticano-desarrollo-y-desafios-de-esta-primera-visita-oficial\\\/\",\"name\":\"Emmanuel y Brigitte Macron en el Vaticano: desarrollo y desaf\u00edos de esta primera visita oficial - Fan site S\u00e9bastien Auzi\u00e8re\",\"isPartOf\":{\"@id\":\"https:\\\/\\\/www.sebastien-auziere.fr\\\/blog\\\/#website\"},\"primaryImageOfPage\":{\"@id\":\"https:\\\/\\\/www.sebastien-auziere.fr\\\/blog\\\/es\\\/emmanuel-y-brigitte-macron-en-el-vaticano-desarrollo-y-desafios-de-esta-primera-visita-oficial\\\/#primaryimage\"},\"image\":{\"@id\":\"https:\\\/\\\/www.sebastien-auziere.fr\\\/blog\\\/es\\\/emmanuel-y-brigitte-macron-en-el-vaticano-desarrollo-y-desafios-de-esta-primera-visita-oficial\\\/#primaryimage\"},\"thumbnailUrl\":\"https:\\\/\\\/www.sebastien-auziere.fr\\\/blog\\\/wp-content\\\/uploads\\\/2026\\\/04\\\/Emmanuel-et-Brigitte-Macron-au-Vatican-deroulement-et-enjeux-de-cette-premiere-visite-officielle.jpg\",\"datePublished\":\"2026-04-10T19:10:18+00:00\",\"dateModified\":\"2026-04-10T19:10:42+00:00\",\"description\":\"D\u00e9couvrez le d\u00e9roulement et les enjeux de la premi\u00e8re visite officielle d\u2019Emmanuel et Brigitte Macron au Vatican, entre diplomatie et \u00e9changes culturels.\",\"breadcrumb\":{\"@id\":\"https:\\\/\\\/www.sebastien-auziere.fr\\\/blog\\\/es\\\/emmanuel-y-brigitte-macron-en-el-vaticano-desarrollo-y-desafios-de-esta-primera-visita-oficial\\\/#breadcrumb\"},\"inLanguage\":\"fr-FR\",\"potentialAction\":[{\"@type\":\"ReadAction\",\"target\":[\"https:\\\/\\\/www.sebastien-auziere.fr\\\/blog\\\/es\\\/emmanuel-y-brigitte-macron-en-el-vaticano-desarrollo-y-desafios-de-esta-primera-visita-oficial\\\/\"]}]},{\"@type\":\"ImageObject\",\"inLanguage\":\"fr-FR\",\"@id\":\"https:\\\/\\\/www.sebastien-auziere.fr\\\/blog\\\/es\\\/emmanuel-y-brigitte-macron-en-el-vaticano-desarrollo-y-desafios-de-esta-primera-visita-oficial\\\/#primaryimage\",\"url\":\"https:\\\/\\\/www.sebastien-auziere.fr\\\/blog\\\/wp-content\\\/uploads\\\/2026\\\/04\\\/Emmanuel-et-Brigitte-Macron-au-Vatican-deroulement-et-enjeux-de-cette-premiere-visite-officielle.jpg\",\"contentUrl\":\"https:\\\/\\\/www.sebastien-auziere.fr\\\/blog\\\/wp-content\\\/uploads\\\/2026\\\/04\\\/Emmanuel-et-Brigitte-Macron-au-Vatican-deroulement-et-enjeux-de-cette-premiere-visite-officielle.jpg\",\"width\":2560,\"height\":1429,\"caption\":\"d\u00e9couvrez les d\u00e9tails et les implications de la premi\u00e8re visite officielle d'emmanuel et brigitte macron au vatican, un rendez-vous charg\u00e9 de symboles et d'enjeux diplomatiques.\"},{\"@type\":\"BreadcrumbList\",\"@id\":\"https:\\\/\\\/www.sebastien-auziere.fr\\\/blog\\\/es\\\/emmanuel-y-brigitte-macron-en-el-vaticano-desarrollo-y-desafios-de-esta-primera-visita-oficial\\\/#breadcrumb\",\"itemListElement\":[{\"@type\":\"ListItem\",\"position\":1,\"name\":\"Home\",\"item\":\"https:\\\/\\\/www.sebastien-auziere.fr\\\/blog\\\/\"},{\"@type\":\"ListItem\",\"position\":2,\"name\":\"Emmanuel y Brigitte Macron en el Vaticano: desarrollo y desaf\u00edos de esta primera visita oficial\"}]},{\"@type\":\"WebSite\",\"@id\":\"https:\\\/\\\/www.sebastien-auziere.fr\\\/blog\\\/#website\",\"url\":\"https:\\\/\\\/www.sebastien-auziere.fr\\\/blog\\\/\",\"name\":\"Fan site S\u00e9bastien Auzi\u00e8re\",\"description\":\"M\u00e9dia g\u00e9n\u00e9raliste\",\"publisher\":{\"@id\":\"https:\\\/\\\/www.sebastien-auziere.fr\\\/blog\\\/#organization\"},\"potentialAction\":[{\"@type\":\"SearchAction\",\"target\":{\"@type\":\"EntryPoint\",\"urlTemplate\":\"https:\\\/\\\/www.sebastien-auziere.fr\\\/blog\\\/?s={search_term_string}\"},\"query-input\":{\"@type\":\"PropertyValueSpecification\",\"valueRequired\":true,\"valueName\":\"search_term_string\"}}],\"inLanguage\":\"fr-FR\"},{\"@type\":\"Organization\",\"@id\":\"https:\\\/\\\/www.sebastien-auziere.fr\\\/blog\\\/#organization\",\"name\":\"Fan site S\u00e9bastien Auzi\u00e8re\",\"url\":\"https:\\\/\\\/www.sebastien-auziere.fr\\\/blog\\\/\",\"logo\":{\"@type\":\"ImageObject\",\"inLanguage\":\"fr-FR\",\"@id\":\"https:\\\/\\\/www.sebastien-auziere.fr\\\/blog\\\/#\\\/schema\\\/logo\\\/image\\\/\",\"url\":\"https:\\\/\\\/www.sebastien-auziere.fr\\\/blog\\\/wp-content\\\/uploads\\\/2026\\\/03\\\/cropped-cropped-cropped-ChatGPT-Image-6-mars-2026-12_58_09-e1772798376794.jpg\",\"contentUrl\":\"https:\\\/\\\/www.sebastien-auziere.fr\\\/blog\\\/wp-content\\\/uploads\\\/2026\\\/03\\\/cropped-cropped-cropped-ChatGPT-Image-6-mars-2026-12_58_09-e1772798376794.jpg\",\"width\":512,\"height\":360,\"caption\":\"Fan site S\u00e9bastien Auzi\u00e8re\"},\"image\":{\"@id\":\"https:\\\/\\\/www.sebastien-auziere.fr\\\/blog\\\/#\\\/schema\\\/logo\\\/image\\\/\"}},{\"@type\":\"Person\",\"@id\":\"https:\\\/\\\/www.sebastien-auziere.fr\\\/blog\\\/#\\\/schema\\\/person\\\/149f1acdbfd85149c6c3e59adeae2f4d\",\"name\":\"Chloe Gauthier\",\"image\":{\"@type\":\"ImageObject\",\"inLanguage\":\"fr-FR\",\"@id\":\"https:\\\/\\\/secure.gravatar.com\\\/avatar\\\/2c5722f58171cff738a8985ef0dd66b476e563753246a49019befc837ec4201a?s=96&d=mm&r=g\",\"url\":\"https:\\\/\\\/secure.gravatar.com\\\/avatar\\\/2c5722f58171cff738a8985ef0dd66b476e563753246a49019befc837ec4201a?s=96&d=mm&r=g\",\"contentUrl\":\"https:\\\/\\\/secure.gravatar.com\\\/avatar\\\/2c5722f58171cff738a8985ef0dd66b476e563753246a49019befc837ec4201a?s=96&d=mm&r=g\",\"caption\":\"Chloe Gauthier\"},\"description\":\"Passionn\u00e9e par la politique et admiratrice engag\u00e9e de la famille Macron, je consacre mon \u00e9nergie \u00e0 suivre leurs initiatives et \u00e0 promouvoir leurs id\u00e9es. \u00c0 32 ans, je suis convaincue que leur vision est porteuse d'avenir.\",\"url\":\"https:\\\/\\\/www.sebastien-auziere.fr\\\/blog\\\/author\\\/chloe-gauthier\\\/\"}]}<\/script>\n<!-- \/ Yoast SEO plugin. -->","yoast_head_json":{"title":"Emmanuel y Brigitte Macron en el Vaticano: desarrollo y desaf\u00edos de esta primera visita oficial - Fan site S\u00e9bastien Auzi\u00e8re","description":"D\u00e9couvrez le d\u00e9roulement et les enjeux de la premi\u00e8re visite officielle d\u2019Emmanuel et Brigitte Macron au Vatican, entre diplomatie et \u00e9changes culturels.","robots":{"index":"index","follow":"follow","max-snippet":"max-snippet:-1","max-image-preview":"max-image-preview:large","max-video-preview":"max-video-preview:-1"},"canonical":"https:\/\/www.sebastien-auziere.fr\/blog\/es\/emmanuel-y-brigitte-macron-en-el-vaticano-desarrollo-y-desafios-de-esta-primera-visita-oficial\/","og_locale":"fr_FR","og_type":"article","og_title":"Emmanuel y Brigitte Macron en el Vaticano: desarrollo y desaf\u00edos de esta primera visita oficial - Fan site S\u00e9bastien Auzi\u00e8re","og_description":"D\u00e9couvrez le d\u00e9roulement et les enjeux de la premi\u00e8re visite officielle d\u2019Emmanuel et Brigitte Macron au Vatican, entre diplomatie et \u00e9changes culturels.","og_url":"https:\/\/www.sebastien-auziere.fr\/blog\/es\/emmanuel-y-brigitte-macron-en-el-vaticano-desarrollo-y-desafios-de-esta-primera-visita-oficial\/","og_site_name":"Fan site S\u00e9bastien Auzi\u00e8re","article_published_time":"2026-04-10T19:10:18+00:00","article_modified_time":"2026-04-10T19:10:42+00:00","og_image":[{"width":2560,"height":1429,"url":"https:\/\/www.sebastien-auziere.fr\/blog\/wp-content\/uploads\/2026\/04\/Emmanuel-et-Brigitte-Macron-au-Vatican-deroulement-et-enjeux-de-cette-premiere-visite-officielle.jpg","type":"image\/jpeg"}],"author":"Chloe Gauthier","twitter_card":"summary_large_image","twitter_misc":{"\u00c9crit par":"Chloe Gauthier","Dur\u00e9e de lecture estim\u00e9e":"3 minutes"},"schema":{"@context":"https:\/\/schema.org","@graph":[{"@type":"Article","@id":"https:\/\/www.sebastien-auziere.fr\/blog\/es\/emmanuel-y-brigitte-macron-en-el-vaticano-desarrollo-y-desafios-de-esta-primera-visita-oficial\/#article","isPartOf":{"@id":"https:\/\/www.sebastien-auziere.fr\/blog\/es\/emmanuel-y-brigitte-macron-en-el-vaticano-desarrollo-y-desafios-de-esta-primera-visita-oficial\/"},"author":{"name":"Chloe Gauthier","@id":"https:\/\/www.sebastien-auziere.fr\/blog\/#\/schema\/person\/149f1acdbfd85149c6c3e59adeae2f4d"},"headline":"Emmanuel y Brigitte Macron en el Vaticano: desarrollo y desaf\u00edos de esta primera visita oficial","datePublished":"2026-04-10T19:10:18+00:00","dateModified":"2026-04-10T19:10:42+00:00","mainEntityOfPage":{"@id":"https:\/\/www.sebastien-auziere.fr\/blog\/es\/emmanuel-y-brigitte-macron-en-el-vaticano-desarrollo-y-desafios-de-esta-primera-visita-oficial\/"},"wordCount":587,"commentCount":0,"publisher":{"@id":"https:\/\/www.sebastien-auziere.fr\/blog\/#organization"},"image":{"@id":"https:\/\/www.sebastien-auziere.fr\/blog\/es\/emmanuel-y-brigitte-macron-en-el-vaticano-desarrollo-y-desafios-de-esta-primera-visita-oficial\/#primaryimage"},"thumbnailUrl":"https:\/\/www.sebastien-auziere.fr\/blog\/wp-content\/uploads\/2026\/04\/Emmanuel-et-Brigitte-Macron-au-Vatican-deroulement-et-enjeux-de-cette-premiere-visite-officielle.jpg","keywords":["brigitte macron","emmanuel macron","primera visita","vaticano","visita oficial"],"articleSection":["Actualidades"],"inLanguage":"fr-FR","potentialAction":[{"@type":"CommentAction","name":"Comment","target":["https:\/\/www.sebastien-auziere.fr\/blog\/es\/emmanuel-y-brigitte-macron-en-el-vaticano-desarrollo-y-desafios-de-esta-primera-visita-oficial\/#respond"]}]},{"@type":"WebPage","@id":"https:\/\/www.sebastien-auziere.fr\/blog\/es\/emmanuel-y-brigitte-macron-en-el-vaticano-desarrollo-y-desafios-de-esta-primera-visita-oficial\/","url":"https:\/\/www.sebastien-auziere.fr\/blog\/es\/emmanuel-y-brigitte-macron-en-el-vaticano-desarrollo-y-desafios-de-esta-primera-visita-oficial\/","name":"Emmanuel y Brigitte Macron en el Vaticano: desarrollo y desaf\u00edos de esta primera visita oficial - Fan site S\u00e9bastien Auzi\u00e8re","isPartOf":{"@id":"https:\/\/www.sebastien-auziere.fr\/blog\/#website"},"primaryImageOfPage":{"@id":"https:\/\/www.sebastien-auziere.fr\/blog\/es\/emmanuel-y-brigitte-macron-en-el-vaticano-desarrollo-y-desafios-de-esta-primera-visita-oficial\/#primaryimage"},"image":{"@id":"https:\/\/www.sebastien-auziere.fr\/blog\/es\/emmanuel-y-brigitte-macron-en-el-vaticano-desarrollo-y-desafios-de-esta-primera-visita-oficial\/#primaryimage"},"thumbnailUrl":"https:\/\/www.sebastien-auziere.fr\/blog\/wp-content\/uploads\/2026\/04\/Emmanuel-et-Brigitte-Macron-au-Vatican-deroulement-et-enjeux-de-cette-premiere-visite-officielle.jpg","datePublished":"2026-04-10T19:10:18+00:00","dateModified":"2026-04-10T19:10:42+00:00","description":"D\u00e9couvrez le d\u00e9roulement et les enjeux de la premi\u00e8re visite officielle d\u2019Emmanuel et Brigitte Macron au Vatican, entre diplomatie et \u00e9changes culturels.","breadcrumb":{"@id":"https:\/\/www.sebastien-auziere.fr\/blog\/es\/emmanuel-y-brigitte-macron-en-el-vaticano-desarrollo-y-desafios-de-esta-primera-visita-oficial\/#breadcrumb"},"inLanguage":"fr-FR","potentialAction":[{"@type":"ReadAction","target":["https:\/\/www.sebastien-auziere.fr\/blog\/es\/emmanuel-y-brigitte-macron-en-el-vaticano-desarrollo-y-desafios-de-esta-primera-visita-oficial\/"]}]},{"@type":"ImageObject","inLanguage":"fr-FR","@id":"https:\/\/www.sebastien-auziere.fr\/blog\/es\/emmanuel-y-brigitte-macron-en-el-vaticano-desarrollo-y-desafios-de-esta-primera-visita-oficial\/#primaryimage","url":"https:\/\/www.sebastien-auziere.fr\/blog\/wp-content\/uploads\/2026\/04\/Emmanuel-et-Brigitte-Macron-au-Vatican-deroulement-et-enjeux-de-cette-premiere-visite-officielle.jpg","contentUrl":"https:\/\/www.sebastien-auziere.fr\/blog\/wp-content\/uploads\/2026\/04\/Emmanuel-et-Brigitte-Macron-au-Vatican-deroulement-et-enjeux-de-cette-premiere-visite-officielle.jpg","width":2560,"height":1429,"caption":"d\u00e9couvrez les d\u00e9tails et les implications de la premi\u00e8re visite officielle d'emmanuel et brigitte macron au vatican, un rendez-vous charg\u00e9 de symboles et d'enjeux diplomatiques."},{"@type":"BreadcrumbList","@id":"https:\/\/www.sebastien-auziere.fr\/blog\/es\/emmanuel-y-brigitte-macron-en-el-vaticano-desarrollo-y-desafios-de-esta-primera-visita-oficial\/#breadcrumb","itemListElement":[{"@type":"ListItem","position":1,"name":"Home","item":"https:\/\/www.sebastien-auziere.fr\/blog\/"},{"@type":"ListItem","position":2,"name":"Emmanuel y Brigitte Macron en el Vaticano: desarrollo y desaf\u00edos de esta primera visita oficial"}]},{"@type":"WebSite","@id":"https:\/\/www.sebastien-auziere.fr\/blog\/#website","url":"https:\/\/www.sebastien-auziere.fr\/blog\/","name":"Fan site S\u00e9bastien Auzi\u00e8re","description":"M\u00e9dia g\u00e9n\u00e9raliste","publisher":{"@id":"https:\/\/www.sebastien-auziere.fr\/blog\/#organization"},"potentialAction":[{"@type":"SearchAction","target":{"@type":"EntryPoint","urlTemplate":"https:\/\/www.sebastien-auziere.fr\/blog\/?s={search_term_string}"},"query-input":{"@type":"PropertyValueSpecification","valueRequired":true,"valueName":"search_term_string"}}],"inLanguage":"fr-FR"},{"@type":"Organization","@id":"https:\/\/www.sebastien-auziere.fr\/blog\/#organization","name":"Fan site S\u00e9bastien Auzi\u00e8re","url":"https:\/\/www.sebastien-auziere.fr\/blog\/","logo":{"@type":"ImageObject","inLanguage":"fr-FR","@id":"https:\/\/www.sebastien-auziere.fr\/blog\/#\/schema\/logo\/image\/","url":"https:\/\/www.sebastien-auziere.fr\/blog\/wp-content\/uploads\/2026\/03\/cropped-cropped-cropped-ChatGPT-Image-6-mars-2026-12_58_09-e1772798376794.jpg","contentUrl":"https:\/\/www.sebastien-auziere.fr\/blog\/wp-content\/uploads\/2026\/03\/cropped-cropped-cropped-ChatGPT-Image-6-mars-2026-12_58_09-e1772798376794.jpg","width":512,"height":360,"caption":"Fan site S\u00e9bastien Auzi\u00e8re"},"image":{"@id":"https:\/\/www.sebastien-auziere.fr\/blog\/#\/schema\/logo\/image\/"}},{"@type":"Person","@id":"https:\/\/www.sebastien-auziere.fr\/blog\/#\/schema\/person\/149f1acdbfd85149c6c3e59adeae2f4d","name":"Chloe Gauthier","image":{"@type":"ImageObject","inLanguage":"fr-FR","@id":"https:\/\/secure.gravatar.com\/avatar\/2c5722f58171cff738a8985ef0dd66b476e563753246a49019befc837ec4201a?s=96&d=mm&r=g","url":"https:\/\/secure.gravatar.com\/avatar\/2c5722f58171cff738a8985ef0dd66b476e563753246a49019befc837ec4201a?s=96&d=mm&r=g","contentUrl":"https:\/\/secure.gravatar.com\/avatar\/2c5722f58171cff738a8985ef0dd66b476e563753246a49019befc837ec4201a?s=96&d=mm&r=g","caption":"Chloe Gauthier"},"description":"Passionn\u00e9e par la politique et admiratrice engag\u00e9e de la famille Macron, je consacre mon \u00e9nergie \u00e0 suivre leurs initiatives et \u00e0 promouvoir leurs id\u00e9es. \u00c0 32 ans, je suis convaincue que leur vision est porteuse d'avenir.","url":"https:\/\/www.sebastien-auziere.fr\/blog\/author\/chloe-gauthier\/"}]}},"views":0,"_links":{"self":[{"href":"https:\/\/www.sebastien-auziere.fr\/blog\/wp-json\/wp\/v2\/posts\/2924","targetHints":{"allow":["GET"]}}],"collection":[{"href":"https:\/\/www.sebastien-auziere.fr\/blog\/wp-json\/wp\/v2\/posts"}],"about":[{"href":"https:\/\/www.sebastien-auziere.fr\/blog\/wp-json\/wp\/v2\/types\/post"}],"author":[{"embeddable":true,"href":"https:\/\/www.sebastien-auziere.fr\/blog\/wp-json\/wp\/v2\/users\/9"}],"replies":[{"embeddable":true,"href":"https:\/\/www.sebastien-auziere.fr\/blog\/wp-json\/wp\/v2\/comments?post=2924"}],"version-history":[{"count":1,"href":"https:\/\/www.sebastien-auziere.fr\/blog\/wp-json\/wp\/v2\/posts\/2924\/revisions"}],"predecessor-version":[{"id":2925,"href":"https:\/\/www.sebastien-auziere.fr\/blog\/wp-json\/wp\/v2\/posts\/2924\/revisions\/2925"}],"wp:featuredmedia":[{"embeddable":true,"href":"https:\/\/www.sebastien-auziere.fr\/blog\/wp-json\/wp\/v2\/media\/2920"}],"wp:attachment":[{"href":"https:\/\/www.sebastien-auziere.fr\/blog\/wp-json\/wp\/v2\/media?parent=2924"}],"wp:term":[{"taxonomy":"category","embeddable":true,"href":"https:\/\/www.sebastien-auziere.fr\/blog\/wp-json\/wp\/v2\/categories?post=2924"},{"taxonomy":"post_tag","embeddable":true,"href":"https:\/\/www.sebastien-auziere.fr\/blog\/wp-json\/wp\/v2\/tags?post=2924"}],"curies":[{"name":"wp","href":"https:\/\/api.w.org\/{rel}","templated":true}]}}