{"id":2922,"date":"2026-04-10T19:09:52","date_gmt":"2026-04-10T19:09:52","guid":{"rendered":"https:\/\/www.sebastien-auziere.fr\/blog\/?p=2922"},"modified":"2026-04-10T19:10:18","modified_gmt":"2026-04-10T19:10:18","slug":"emmanuel-and-brigitte-macron-at-the-vatican-the-course-and-stakes-of-this-first-official-visit","status":"publish","type":"post","link":"https:\/\/www.sebastien-auziere.fr\/blog\/en\/emmanuel-and-brigitte-macron-at-the-vatican-the-course-and-stakes-of-this-first-official-visit\/","title":{"rendered":"Emmanuel and Brigitte Macron at the Vatican: the course and stakes of this first official visit"},"content":{"rendered":"<p><strong>Emmanuel Macron<\/strong> and <strong>Brigitte Macron<\/strong> visited the <strong>Vatican<\/strong> on <strong>April 9 and 10, 2026<\/strong>, for a visit exclusively dedicated to the Holy See. Welcomed in a private audience by Pope <strong>Leon XIV<\/strong> on Friday, April 10 at 10 a.m., they had a discussion lasting about an hour, marking the first official meeting between the two men since the beginning of the pontificate.<\/p>\n\n<p><strong>In brief<\/strong>: arrival in Rome on Thursday, April 9, meeting with Andrea Riccardi of the Sant&rsquo;Egidio community, audience at the Apostolic Palace on April 10, and major topics discussed such as the war in the Middle East, artificial intelligence, and humanitarian cooperation. For details of the schedule, see <a href=\"https:\/\/www.lemonde.fr\/international\/article\/2026\/04\/01\/emmanuel-macron-se-rendra-au-vatican-les-9-et-10-avril-pour-rencontrer-leon-xiv_6675939_3210.html\">the announcement of the visit<\/a> and the official report on <a href=\"https:\/\/www.vaticannews.va\/fr\/pape\/news\/2026-04\/audience-pape-leon-xiv-president-francais-emmanuel-macron.html\">Vatican News<\/a>.<\/p>\n\n<h2 class=\"wp-block-heading\">Procedures of the official visit of Emmanuel and Brigitte Macron to the Vatican<\/h2>\n\n<p>The visit began with a discreet arrival in Rome on <strong>April 9<\/strong>, followed by a meeting with Andrea Riccardi, a key figure in Catholic mediation. On Friday morning, <strong>Emmanuel Macron<\/strong> and his wife were received at the Apostolic Palace for a private audience lasting about an hour with <strong>Leon XIV<\/strong>. This first official audience with the new pontificate continues a diplomatic continuity initiated during previous meetings with Pope Francis. Insight: the format of the dialogue illustrates the desire for a strategic and respectful exchange.<\/p>\n\n<h2 class=\"wp-block-heading\">The political and diplomatic stakes of the meeting<\/h2>\n\n<p>Central to the discussions was the war in the <strong>Middle East<\/strong> and the search for a diplomatic solution, a theme highlighted by the \u00c9lys\u00e9e. Multilateralism, the regulation of <strong>artificial intelligence<\/strong>, climate issues, and humanitarian aid were also addressed. The anticipated presence of Jean-Marc Sauv\u00e9 in the delegation signals the importance placed on sexual violence within the Church. Insight: the visit combines political firmness and a call for international mediation mechanisms.<\/p>\n\n<h2 class=\"wp-block-heading\">The official protocol and interreligious dialogue<\/h2>\n\n<p>The visit, described as \u201crepublican and secular\u201d by the \u00c9lys\u00e9e, adhered to a strict protocol at the Apostolic Palace, with no official meetings with Italian officials like Giorgia Meloni. <strong>Brigitte Macron<\/strong> accompanied the president during public ceremonies, reinforcing the symbolic dimension of the trip. Informal exchanges, notably through Sant&rsquo;Egidio, allowed for discussions on both interreligious matters and humanitarian aspects. Insight: the protocol serves as a framework for pragmatic dialogue.<\/p>\n\n<h3 class=\"wp-block-heading\">International cooperation and France-Vatican perspectives<\/h3>\n\n<p>Among the topics discussed was an official invitation from the pope to France, a wish expressed by the president of the episcopal conference, Cardinal Jean-Marc Aveline. The Ciase case and end-of-life issues were also on the agenda, reflecting a busy schedule. For a broader perspective on these issues and their political repercussions, read the analyses and images from the visit. Insight: the meeting opens concrete prospects for bilateral cooperation.<\/p>\n\n<p>For more information about <strong>S\u00e9bastien Auzi\u00e8re<\/strong> and the Macron family, and to find a comprehensive dossier on this visit, check out <a href=\"https:\/\/www.sebastien-auziere.fr\/blog\/macron-visite-vatican\/\">the dedicated analysis of the visit to the Vatican<\/a> and the article on the relationship with the pope <a href=\"https:\/\/www.sebastien-auziere.fr\/blog\/macron-vatican-pape\/\">on sebastien-auziere.fr<\/a>. Discover behind-the-scenes information, key dates, and documented elements to delve deeper into the topic.<\/p>","protected":false},"excerpt":{"rendered":"<p>Emmanuel Macron and Brigitte Macron visited the Vatican on April 9 and 10, 2026, for a visit exclusively dedicated to the Holy See. Welcomed in a private audience by Pope Leon XIV on Friday, April 10 at 10 a.m., they had a discussion lasting about an hour, marking the first official meeting between the two &#8230; <a title=\"Emmanuel and Brigitte Macron at the Vatican: the course and stakes of this first official visit\" class=\"read-more\" href=\"https:\/\/www.sebastien-auziere.fr\/blog\/en\/emmanuel-and-brigitte-macron-at-the-vatican-the-course-and-stakes-of-this-first-official-visit\/\" aria-label=\"En savoir plus sur Emmanuel and Brigitte Macron at the Vatican: the course and stakes of this first official visit\">Lire plus<\/a><\/p>\n","protected":false},"author":9,"featured_media":2920,"comment_status":"open","ping_status":"open","sticky":false,"template":"","format":"standard","meta":{"footnotes":""},"categories":[816],"tags":[898,1153,2438,2125,2122],"class_list":["post-2922","post","type-post","status-publish","format-standard","has-post-thumbnail","hentry","category-news","tag-brigitte-macron-en","tag-emmanuel-macron-en","tag-first-visit-en","tag-official-visit-en","tag-vatican-en"],"yoast_head":"<!-- This site is optimized with the Yoast SEO plugin v27.5 - https:\/\/yoast.com\/product\/yoast-seo-wordpress\/ -->\n<title>Emmanuel and Brigitte Macron at the Vatican: the course and stakes of this first official visit - Fan site S\u00e9bastien Auzi\u00e8re<\/title>\n<meta name=\"description\" content=\"D\u00e9couvrez le d\u00e9roulement et les enjeux de la premi\u00e8re visite officielle d\u2019Emmanuel et Brigitte Macron au Vatican, entre diplomatie et \u00e9changes culturels.\" \/>\n<meta name=\"robots\" content=\"index, follow, max-snippet:-1, max-image-preview:large, max-video-preview:-1\" \/>\n<link rel=\"canonical\" href=\"https:\/\/www.sebastien-auziere.fr\/blog\/en\/emmanuel-and-brigitte-macron-at-the-vatican-the-course-and-stakes-of-this-first-official-visit\/\" \/>\n<meta property=\"og:locale\" content=\"fr_FR\" \/>\n<meta property=\"og:type\" content=\"article\" \/>\n<meta property=\"og:title\" content=\"Emmanuel and Brigitte Macron at the Vatican: the course and stakes of this first official visit - Fan site S\u00e9bastien Auzi\u00e8re\" \/>\n<meta property=\"og:description\" content=\"D\u00e9couvrez le d\u00e9roulement et les enjeux de la premi\u00e8re visite officielle d\u2019Emmanuel et Brigitte Macron au Vatican, entre diplomatie et \u00e9changes culturels.\" \/>\n<meta property=\"og:url\" content=\"https:\/\/www.sebastien-auziere.fr\/blog\/en\/emmanuel-and-brigitte-macron-at-the-vatican-the-course-and-stakes-of-this-first-official-visit\/\" \/>\n<meta property=\"og:site_name\" content=\"Fan site S\u00e9bastien Auzi\u00e8re\" \/>\n<meta property=\"article:published_time\" content=\"2026-04-10T19:09:52+00:00\" \/>\n<meta property=\"article:modified_time\" content=\"2026-04-10T19:10:18+00:00\" \/>\n<meta property=\"og:image\" content=\"https:\/\/www.sebastien-auziere.fr\/blog\/wp-content\/uploads\/2026\/04\/Emmanuel-et-Brigitte-Macron-au-Vatican-deroulement-et-enjeux-de-cette-premiere-visite-officielle.jpg\" \/>\n\t<meta property=\"og:image:width\" content=\"2560\" \/>\n\t<meta property=\"og:image:height\" content=\"1429\" \/>\n\t<meta property=\"og:image:type\" content=\"image\/jpeg\" \/>\n<meta name=\"author\" content=\"Chloe Gauthier\" \/>\n<meta name=\"twitter:card\" content=\"summary_large_image\" \/>\n<meta name=\"twitter:label1\" content=\"\u00c9crit par\" \/>\n\t<meta name=\"twitter:data1\" content=\"Chloe Gauthier\" \/>\n\t<meta name=\"twitter:label2\" content=\"Dur\u00e9e de lecture estim\u00e9e\" \/>\n\t<meta name=\"twitter:data2\" content=\"2 minutes\" \/>\n<script type=\"application\/ld+json\" class=\"yoast-schema-graph\">{\"@context\":\"https:\\\/\\\/schema.org\",\"@graph\":[{\"@type\":\"Article\",\"@id\":\"https:\\\/\\\/www.sebastien-auziere.fr\\\/blog\\\/en\\\/emmanuel-and-brigitte-macron-at-the-vatican-the-course-and-stakes-of-this-first-official-visit\\\/#article\",\"isPartOf\":{\"@id\":\"https:\\\/\\\/www.sebastien-auziere.fr\\\/blog\\\/en\\\/emmanuel-and-brigitte-macron-at-the-vatican-the-course-and-stakes-of-this-first-official-visit\\\/\"},\"author\":{\"name\":\"Chloe Gauthier\",\"@id\":\"https:\\\/\\\/www.sebastien-auziere.fr\\\/blog\\\/#\\\/schema\\\/person\\\/149f1acdbfd85149c6c3e59adeae2f4d\"},\"headline\":\"Emmanuel and Brigitte Macron at the Vatican: the course and stakes of this first official visit\",\"datePublished\":\"2026-04-10T19:09:52+00:00\",\"dateModified\":\"2026-04-10T19:10:18+00:00\",\"mainEntityOfPage\":{\"@id\":\"https:\\\/\\\/www.sebastien-auziere.fr\\\/blog\\\/en\\\/emmanuel-and-brigitte-macron-at-the-vatican-the-course-and-stakes-of-this-first-official-visit\\\/\"},\"wordCount\":515,\"commentCount\":0,\"publisher\":{\"@id\":\"https:\\\/\\\/www.sebastien-auziere.fr\\\/blog\\\/#organization\"},\"image\":{\"@id\":\"https:\\\/\\\/www.sebastien-auziere.fr\\\/blog\\\/en\\\/emmanuel-and-brigitte-macron-at-the-vatican-the-course-and-stakes-of-this-first-official-visit\\\/#primaryimage\"},\"thumbnailUrl\":\"https:\\\/\\\/www.sebastien-auziere.fr\\\/blog\\\/wp-content\\\/uploads\\\/2026\\\/04\\\/Emmanuel-et-Brigitte-Macron-au-Vatican-deroulement-et-enjeux-de-cette-premiere-visite-officielle.jpg\",\"keywords\":[\"brigitte macron\",\"emmanuel macron\",\"first visit\",\"official visit\",\"vatican\"],\"articleSection\":[\"News\"],\"inLanguage\":\"fr-FR\",\"potentialAction\":[{\"@type\":\"CommentAction\",\"name\":\"Comment\",\"target\":[\"https:\\\/\\\/www.sebastien-auziere.fr\\\/blog\\\/en\\\/emmanuel-and-brigitte-macron-at-the-vatican-the-course-and-stakes-of-this-first-official-visit\\\/#respond\"]}]},{\"@type\":\"WebPage\",\"@id\":\"https:\\\/\\\/www.sebastien-auziere.fr\\\/blog\\\/en\\\/emmanuel-and-brigitte-macron-at-the-vatican-the-course-and-stakes-of-this-first-official-visit\\\/\",\"url\":\"https:\\\/\\\/www.sebastien-auziere.fr\\\/blog\\\/en\\\/emmanuel-and-brigitte-macron-at-the-vatican-the-course-and-stakes-of-this-first-official-visit\\\/\",\"name\":\"Emmanuel and Brigitte Macron at the Vatican: the course and stakes of this first official visit - Fan site S\u00e9bastien Auzi\u00e8re\",\"isPartOf\":{\"@id\":\"https:\\\/\\\/www.sebastien-auziere.fr\\\/blog\\\/#website\"},\"primaryImageOfPage\":{\"@id\":\"https:\\\/\\\/www.sebastien-auziere.fr\\\/blog\\\/en\\\/emmanuel-and-brigitte-macron-at-the-vatican-the-course-and-stakes-of-this-first-official-visit\\\/#primaryimage\"},\"image\":{\"@id\":\"https:\\\/\\\/www.sebastien-auziere.fr\\\/blog\\\/en\\\/emmanuel-and-brigitte-macron-at-the-vatican-the-course-and-stakes-of-this-first-official-visit\\\/#primaryimage\"},\"thumbnailUrl\":\"https:\\\/\\\/www.sebastien-auziere.fr\\\/blog\\\/wp-content\\\/uploads\\\/2026\\\/04\\\/Emmanuel-et-Brigitte-Macron-au-Vatican-deroulement-et-enjeux-de-cette-premiere-visite-officielle.jpg\",\"datePublished\":\"2026-04-10T19:09:52+00:00\",\"dateModified\":\"2026-04-10T19:10:18+00:00\",\"description\":\"D\u00e9couvrez le d\u00e9roulement et les enjeux de la premi\u00e8re visite officielle d\u2019Emmanuel et Brigitte Macron au Vatican, entre diplomatie et \u00e9changes culturels.\",\"breadcrumb\":{\"@id\":\"https:\\\/\\\/www.sebastien-auziere.fr\\\/blog\\\/en\\\/emmanuel-and-brigitte-macron-at-the-vatican-the-course-and-stakes-of-this-first-official-visit\\\/#breadcrumb\"},\"inLanguage\":\"fr-FR\",\"potentialAction\":[{\"@type\":\"ReadAction\",\"target\":[\"https:\\\/\\\/www.sebastien-auziere.fr\\\/blog\\\/en\\\/emmanuel-and-brigitte-macron-at-the-vatican-the-course-and-stakes-of-this-first-official-visit\\\/\"]}]},{\"@type\":\"ImageObject\",\"inLanguage\":\"fr-FR\",\"@id\":\"https:\\\/\\\/www.sebastien-auziere.fr\\\/blog\\\/en\\\/emmanuel-and-brigitte-macron-at-the-vatican-the-course-and-stakes-of-this-first-official-visit\\\/#primaryimage\",\"url\":\"https:\\\/\\\/www.sebastien-auziere.fr\\\/blog\\\/wp-content\\\/uploads\\\/2026\\\/04\\\/Emmanuel-et-Brigitte-Macron-au-Vatican-deroulement-et-enjeux-de-cette-premiere-visite-officielle.jpg\",\"contentUrl\":\"https:\\\/\\\/www.sebastien-auziere.fr\\\/blog\\\/wp-content\\\/uploads\\\/2026\\\/04\\\/Emmanuel-et-Brigitte-Macron-au-Vatican-deroulement-et-enjeux-de-cette-premiere-visite-officielle.jpg\",\"width\":2560,\"height\":1429,\"caption\":\"d\u00e9couvrez les d\u00e9tails et les implications de la premi\u00e8re visite officielle d'emmanuel et brigitte macron au vatican, un rendez-vous charg\u00e9 de symboles et d'enjeux diplomatiques.\"},{\"@type\":\"BreadcrumbList\",\"@id\":\"https:\\\/\\\/www.sebastien-auziere.fr\\\/blog\\\/en\\\/emmanuel-and-brigitte-macron-at-the-vatican-the-course-and-stakes-of-this-first-official-visit\\\/#breadcrumb\",\"itemListElement\":[{\"@type\":\"ListItem\",\"position\":1,\"name\":\"Home\",\"item\":\"https:\\\/\\\/www.sebastien-auziere.fr\\\/blog\\\/\"},{\"@type\":\"ListItem\",\"position\":2,\"name\":\"Emmanuel and Brigitte Macron at the Vatican: the course and stakes of this first official visit\"}]},{\"@type\":\"WebSite\",\"@id\":\"https:\\\/\\\/www.sebastien-auziere.fr\\\/blog\\\/#website\",\"url\":\"https:\\\/\\\/www.sebastien-auziere.fr\\\/blog\\\/\",\"name\":\"Fan site S\u00e9bastien Auzi\u00e8re\",\"description\":\"M\u00e9dia g\u00e9n\u00e9raliste\",\"publisher\":{\"@id\":\"https:\\\/\\\/www.sebastien-auziere.fr\\\/blog\\\/#organization\"},\"potentialAction\":[{\"@type\":\"SearchAction\",\"target\":{\"@type\":\"EntryPoint\",\"urlTemplate\":\"https:\\\/\\\/www.sebastien-auziere.fr\\\/blog\\\/?s={search_term_string}\"},\"query-input\":{\"@type\":\"PropertyValueSpecification\",\"valueRequired\":true,\"valueName\":\"search_term_string\"}}],\"inLanguage\":\"fr-FR\"},{\"@type\":\"Organization\",\"@id\":\"https:\\\/\\\/www.sebastien-auziere.fr\\\/blog\\\/#organization\",\"name\":\"Fan site S\u00e9bastien Auzi\u00e8re\",\"url\":\"https:\\\/\\\/www.sebastien-auziere.fr\\\/blog\\\/\",\"logo\":{\"@type\":\"ImageObject\",\"inLanguage\":\"fr-FR\",\"@id\":\"https:\\\/\\\/www.sebastien-auziere.fr\\\/blog\\\/#\\\/schema\\\/logo\\\/image\\\/\",\"url\":\"https:\\\/\\\/www.sebastien-auziere.fr\\\/blog\\\/wp-content\\\/uploads\\\/2026\\\/03\\\/cropped-cropped-cropped-ChatGPT-Image-6-mars-2026-12_58_09-e1772798376794.jpg\",\"contentUrl\":\"https:\\\/\\\/www.sebastien-auziere.fr\\\/blog\\\/wp-content\\\/uploads\\\/2026\\\/03\\\/cropped-cropped-cropped-ChatGPT-Image-6-mars-2026-12_58_09-e1772798376794.jpg\",\"width\":512,\"height\":360,\"caption\":\"Fan site S\u00e9bastien Auzi\u00e8re\"},\"image\":{\"@id\":\"https:\\\/\\\/www.sebastien-auziere.fr\\\/blog\\\/#\\\/schema\\\/logo\\\/image\\\/\"}},{\"@type\":\"Person\",\"@id\":\"https:\\\/\\\/www.sebastien-auziere.fr\\\/blog\\\/#\\\/schema\\\/person\\\/149f1acdbfd85149c6c3e59adeae2f4d\",\"name\":\"Chloe Gauthier\",\"image\":{\"@type\":\"ImageObject\",\"inLanguage\":\"fr-FR\",\"@id\":\"https:\\\/\\\/secure.gravatar.com\\\/avatar\\\/2c5722f58171cff738a8985ef0dd66b476e563753246a49019befc837ec4201a?s=96&d=mm&r=g\",\"url\":\"https:\\\/\\\/secure.gravatar.com\\\/avatar\\\/2c5722f58171cff738a8985ef0dd66b476e563753246a49019befc837ec4201a?s=96&d=mm&r=g\",\"contentUrl\":\"https:\\\/\\\/secure.gravatar.com\\\/avatar\\\/2c5722f58171cff738a8985ef0dd66b476e563753246a49019befc837ec4201a?s=96&d=mm&r=g\",\"caption\":\"Chloe Gauthier\"},\"description\":\"Passionn\u00e9e par la politique et admiratrice engag\u00e9e de la famille Macron, je consacre mon \u00e9nergie \u00e0 suivre leurs initiatives et \u00e0 promouvoir leurs id\u00e9es. \u00c0 32 ans, je suis convaincue que leur vision est porteuse d'avenir.\",\"url\":\"https:\\\/\\\/www.sebastien-auziere.fr\\\/blog\\\/author\\\/chloe-gauthier\\\/\"}]}<\/script>\n<!-- \/ Yoast SEO plugin. -->","yoast_head_json":{"title":"Emmanuel and Brigitte Macron at the Vatican: the course and stakes of this first official visit - Fan site S\u00e9bastien Auzi\u00e8re","description":"D\u00e9couvrez le d\u00e9roulement et les enjeux de la premi\u00e8re visite officielle d\u2019Emmanuel et Brigitte Macron au Vatican, entre diplomatie et \u00e9changes culturels.","robots":{"index":"index","follow":"follow","max-snippet":"max-snippet:-1","max-image-preview":"max-image-preview:large","max-video-preview":"max-video-preview:-1"},"canonical":"https:\/\/www.sebastien-auziere.fr\/blog\/en\/emmanuel-and-brigitte-macron-at-the-vatican-the-course-and-stakes-of-this-first-official-visit\/","og_locale":"fr_FR","og_type":"article","og_title":"Emmanuel and Brigitte Macron at the Vatican: the course and stakes of this first official visit - Fan site S\u00e9bastien Auzi\u00e8re","og_description":"D\u00e9couvrez le d\u00e9roulement et les enjeux de la premi\u00e8re visite officielle d\u2019Emmanuel et Brigitte Macron au Vatican, entre diplomatie et \u00e9changes culturels.","og_url":"https:\/\/www.sebastien-auziere.fr\/blog\/en\/emmanuel-and-brigitte-macron-at-the-vatican-the-course-and-stakes-of-this-first-official-visit\/","og_site_name":"Fan site S\u00e9bastien Auzi\u00e8re","article_published_time":"2026-04-10T19:09:52+00:00","article_modified_time":"2026-04-10T19:10:18+00:00","og_image":[{"width":2560,"height":1429,"url":"https:\/\/www.sebastien-auziere.fr\/blog\/wp-content\/uploads\/2026\/04\/Emmanuel-et-Brigitte-Macron-au-Vatican-deroulement-et-enjeux-de-cette-premiere-visite-officielle.jpg","type":"image\/jpeg"}],"author":"Chloe Gauthier","twitter_card":"summary_large_image","twitter_misc":{"\u00c9crit par":"Chloe Gauthier","Dur\u00e9e de lecture estim\u00e9e":"2 minutes"},"schema":{"@context":"https:\/\/schema.org","@graph":[{"@type":"Article","@id":"https:\/\/www.sebastien-auziere.fr\/blog\/en\/emmanuel-and-brigitte-macron-at-the-vatican-the-course-and-stakes-of-this-first-official-visit\/#article","isPartOf":{"@id":"https:\/\/www.sebastien-auziere.fr\/blog\/en\/emmanuel-and-brigitte-macron-at-the-vatican-the-course-and-stakes-of-this-first-official-visit\/"},"author":{"name":"Chloe Gauthier","@id":"https:\/\/www.sebastien-auziere.fr\/blog\/#\/schema\/person\/149f1acdbfd85149c6c3e59adeae2f4d"},"headline":"Emmanuel and Brigitte Macron at the Vatican: the course and stakes of this first official visit","datePublished":"2026-04-10T19:09:52+00:00","dateModified":"2026-04-10T19:10:18+00:00","mainEntityOfPage":{"@id":"https:\/\/www.sebastien-auziere.fr\/blog\/en\/emmanuel-and-brigitte-macron-at-the-vatican-the-course-and-stakes-of-this-first-official-visit\/"},"wordCount":515,"commentCount":0,"publisher":{"@id":"https:\/\/www.sebastien-auziere.fr\/blog\/#organization"},"image":{"@id":"https:\/\/www.sebastien-auziere.fr\/blog\/en\/emmanuel-and-brigitte-macron-at-the-vatican-the-course-and-stakes-of-this-first-official-visit\/#primaryimage"},"thumbnailUrl":"https:\/\/www.sebastien-auziere.fr\/blog\/wp-content\/uploads\/2026\/04\/Emmanuel-et-Brigitte-Macron-au-Vatican-deroulement-et-enjeux-de-cette-premiere-visite-officielle.jpg","keywords":["brigitte macron","emmanuel macron","first visit","official visit","vatican"],"articleSection":["News"],"inLanguage":"fr-FR","potentialAction":[{"@type":"CommentAction","name":"Comment","target":["https:\/\/www.sebastien-auziere.fr\/blog\/en\/emmanuel-and-brigitte-macron-at-the-vatican-the-course-and-stakes-of-this-first-official-visit\/#respond"]}]},{"@type":"WebPage","@id":"https:\/\/www.sebastien-auziere.fr\/blog\/en\/emmanuel-and-brigitte-macron-at-the-vatican-the-course-and-stakes-of-this-first-official-visit\/","url":"https:\/\/www.sebastien-auziere.fr\/blog\/en\/emmanuel-and-brigitte-macron-at-the-vatican-the-course-and-stakes-of-this-first-official-visit\/","name":"Emmanuel and Brigitte Macron at the Vatican: the course and stakes of this first official visit - Fan site S\u00e9bastien Auzi\u00e8re","isPartOf":{"@id":"https:\/\/www.sebastien-auziere.fr\/blog\/#website"},"primaryImageOfPage":{"@id":"https:\/\/www.sebastien-auziere.fr\/blog\/en\/emmanuel-and-brigitte-macron-at-the-vatican-the-course-and-stakes-of-this-first-official-visit\/#primaryimage"},"image":{"@id":"https:\/\/www.sebastien-auziere.fr\/blog\/en\/emmanuel-and-brigitte-macron-at-the-vatican-the-course-and-stakes-of-this-first-official-visit\/#primaryimage"},"thumbnailUrl":"https:\/\/www.sebastien-auziere.fr\/blog\/wp-content\/uploads\/2026\/04\/Emmanuel-et-Brigitte-Macron-au-Vatican-deroulement-et-enjeux-de-cette-premiere-visite-officielle.jpg","datePublished":"2026-04-10T19:09:52+00:00","dateModified":"2026-04-10T19:10:18+00:00","description":"D\u00e9couvrez le d\u00e9roulement et les enjeux de la premi\u00e8re visite officielle d\u2019Emmanuel et Brigitte Macron au Vatican, entre diplomatie et \u00e9changes culturels.","breadcrumb":{"@id":"https:\/\/www.sebastien-auziere.fr\/blog\/en\/emmanuel-and-brigitte-macron-at-the-vatican-the-course-and-stakes-of-this-first-official-visit\/#breadcrumb"},"inLanguage":"fr-FR","potentialAction":[{"@type":"ReadAction","target":["https:\/\/www.sebastien-auziere.fr\/blog\/en\/emmanuel-and-brigitte-macron-at-the-vatican-the-course-and-stakes-of-this-first-official-visit\/"]}]},{"@type":"ImageObject","inLanguage":"fr-FR","@id":"https:\/\/www.sebastien-auziere.fr\/blog\/en\/emmanuel-and-brigitte-macron-at-the-vatican-the-course-and-stakes-of-this-first-official-visit\/#primaryimage","url":"https:\/\/www.sebastien-auziere.fr\/blog\/wp-content\/uploads\/2026\/04\/Emmanuel-et-Brigitte-Macron-au-Vatican-deroulement-et-enjeux-de-cette-premiere-visite-officielle.jpg","contentUrl":"https:\/\/www.sebastien-auziere.fr\/blog\/wp-content\/uploads\/2026\/04\/Emmanuel-et-Brigitte-Macron-au-Vatican-deroulement-et-enjeux-de-cette-premiere-visite-officielle.jpg","width":2560,"height":1429,"caption":"d\u00e9couvrez les d\u00e9tails et les implications de la premi\u00e8re visite officielle d'emmanuel et brigitte macron au vatican, un rendez-vous charg\u00e9 de symboles et d'enjeux diplomatiques."},{"@type":"BreadcrumbList","@id":"https:\/\/www.sebastien-auziere.fr\/blog\/en\/emmanuel-and-brigitte-macron-at-the-vatican-the-course-and-stakes-of-this-first-official-visit\/#breadcrumb","itemListElement":[{"@type":"ListItem","position":1,"name":"Home","item":"https:\/\/www.sebastien-auziere.fr\/blog\/"},{"@type":"ListItem","position":2,"name":"Emmanuel and Brigitte Macron at the Vatican: the course and stakes of this first official visit"}]},{"@type":"WebSite","@id":"https:\/\/www.sebastien-auziere.fr\/blog\/#website","url":"https:\/\/www.sebastien-auziere.fr\/blog\/","name":"Fan site S\u00e9bastien Auzi\u00e8re","description":"M\u00e9dia g\u00e9n\u00e9raliste","publisher":{"@id":"https:\/\/www.sebastien-auziere.fr\/blog\/#organization"},"potentialAction":[{"@type":"SearchAction","target":{"@type":"EntryPoint","urlTemplate":"https:\/\/www.sebastien-auziere.fr\/blog\/?s={search_term_string}"},"query-input":{"@type":"PropertyValueSpecification","valueRequired":true,"valueName":"search_term_string"}}],"inLanguage":"fr-FR"},{"@type":"Organization","@id":"https:\/\/www.sebastien-auziere.fr\/blog\/#organization","name":"Fan site S\u00e9bastien Auzi\u00e8re","url":"https:\/\/www.sebastien-auziere.fr\/blog\/","logo":{"@type":"ImageObject","inLanguage":"fr-FR","@id":"https:\/\/www.sebastien-auziere.fr\/blog\/#\/schema\/logo\/image\/","url":"https:\/\/www.sebastien-auziere.fr\/blog\/wp-content\/uploads\/2026\/03\/cropped-cropped-cropped-ChatGPT-Image-6-mars-2026-12_58_09-e1772798376794.jpg","contentUrl":"https:\/\/www.sebastien-auziere.fr\/blog\/wp-content\/uploads\/2026\/03\/cropped-cropped-cropped-ChatGPT-Image-6-mars-2026-12_58_09-e1772798376794.jpg","width":512,"height":360,"caption":"Fan site S\u00e9bastien Auzi\u00e8re"},"image":{"@id":"https:\/\/www.sebastien-auziere.fr\/blog\/#\/schema\/logo\/image\/"}},{"@type":"Person","@id":"https:\/\/www.sebastien-auziere.fr\/blog\/#\/schema\/person\/149f1acdbfd85149c6c3e59adeae2f4d","name":"Chloe Gauthier","image":{"@type":"ImageObject","inLanguage":"fr-FR","@id":"https:\/\/secure.gravatar.com\/avatar\/2c5722f58171cff738a8985ef0dd66b476e563753246a49019befc837ec4201a?s=96&d=mm&r=g","url":"https:\/\/secure.gravatar.com\/avatar\/2c5722f58171cff738a8985ef0dd66b476e563753246a49019befc837ec4201a?s=96&d=mm&r=g","contentUrl":"https:\/\/secure.gravatar.com\/avatar\/2c5722f58171cff738a8985ef0dd66b476e563753246a49019befc837ec4201a?s=96&d=mm&r=g","caption":"Chloe Gauthier"},"description":"Passionn\u00e9e par la politique et admiratrice engag\u00e9e de la famille Macron, je consacre mon \u00e9nergie \u00e0 suivre leurs initiatives et \u00e0 promouvoir leurs id\u00e9es. \u00c0 32 ans, je suis convaincue que leur vision est porteuse d'avenir.","url":"https:\/\/www.sebastien-auziere.fr\/blog\/author\/chloe-gauthier\/"}]}},"views":4,"_links":{"self":[{"href":"https:\/\/www.sebastien-auziere.fr\/blog\/wp-json\/wp\/v2\/posts\/2922","targetHints":{"allow":["GET"]}}],"collection":[{"href":"https:\/\/www.sebastien-auziere.fr\/blog\/wp-json\/wp\/v2\/posts"}],"about":[{"href":"https:\/\/www.sebastien-auziere.fr\/blog\/wp-json\/wp\/v2\/types\/post"}],"author":[{"embeddable":true,"href":"https:\/\/www.sebastien-auziere.fr\/blog\/wp-json\/wp\/v2\/users\/9"}],"replies":[{"embeddable":true,"href":"https:\/\/www.sebastien-auziere.fr\/blog\/wp-json\/wp\/v2\/comments?post=2922"}],"version-history":[{"count":1,"href":"https:\/\/www.sebastien-auziere.fr\/blog\/wp-json\/wp\/v2\/posts\/2922\/revisions"}],"predecessor-version":[{"id":2923,"href":"https:\/\/www.sebastien-auziere.fr\/blog\/wp-json\/wp\/v2\/posts\/2922\/revisions\/2923"}],"wp:featuredmedia":[{"embeddable":true,"href":"https:\/\/www.sebastien-auziere.fr\/blog\/wp-json\/wp\/v2\/media\/2920"}],"wp:attachment":[{"href":"https:\/\/www.sebastien-auziere.fr\/blog\/wp-json\/wp\/v2\/media?parent=2922"}],"wp:term":[{"taxonomy":"category","embeddable":true,"href":"https:\/\/www.sebastien-auziere.fr\/blog\/wp-json\/wp\/v2\/categories?post=2922"},{"taxonomy":"post_tag","embeddable":true,"href":"https:\/\/www.sebastien-auziere.fr\/blog\/wp-json\/wp\/v2\/tags?post=2922"}],"curies":[{"name":"wp","href":"https:\/\/api.w.org\/{rel}","templated":true}]}}