{"id":2921,"date":"2026-04-10T19:09:51","date_gmt":"2026-04-10T19:09:51","guid":{"rendered":"https:\/\/www.sebastien-auziere.fr\/blog\/macron-vatican-visite\/"},"modified":"2026-04-10T19:09:51","modified_gmt":"2026-04-10T19:09:51","slug":"macron-vatican-visite","status":"publish","type":"post","link":"https:\/\/www.sebastien-auziere.fr\/blog\/macron-vatican-visite\/","title":{"rendered":"Emmanuel et Brigitte Macron au Vatican : d\u00e9roulement et enjeux de cette premi\u00e8re visite officielle"},"content":{"rendered":"<p><strong>Emmanuel Macron<\/strong> et <strong>Brigitte Macron<\/strong> se sont rendus au <strong>Vatican<\/strong> les <strong>9 et 10 avril 2026<\/strong>, pour une visite exclusivement consacr\u00e9e au Saint\u2011Si\u00e8ge. Accueillis en audience priv\u00e9e par le pape <strong>L\u00e9on XIV<\/strong> vendredi 10 avril \u00e0 10h, ils ont tenu un \u00e9change d&rsquo;environ une heure, marquant la premi\u00e8re rencontre officielle entre les deux hommes depuis le d\u00e9but du pontificat.<\/p>\n\n<p><strong>En bref<\/strong> : arriv\u00e9e \u00e0 Rome le jeudi 9 avril, entretien avec Andrea Riccardi de la communaut\u00e9 Sant&rsquo;Egidio, audience au palais apostolique le 10 avril, et des sujets majeurs abord\u00e9s comme la guerre au Moyen\u2011Orient, l&rsquo;intelligence artificielle et la coop\u00e9ration humanitaire. Pour le d\u00e9tail du calendrier, voir <a href=\"https:\/\/www.lemonde.fr\/international\/article\/2026\/04\/01\/emmanuel-macron-se-rendra-au-vatican-les-9-et-10-avril-pour-rencontrer-leon-xiv_6675939_3210.html\">l&rsquo;annonce de la visite<\/a> et le compte rendu officiel sur <a href=\"https:\/\/www.vaticannews.va\/fr\/pape\/news\/2026-04\/audience-pape-leon-xiv-president-francais-emmanuel-macron.html\">Vatican News<\/a>.<\/p>\n\n<h2 class=\"wp-block-heading\">D\u00e9roulement de la visite officielle d&rsquo;Emmanuel et Brigitte Macron au Vatican<\/h2>\n\n<p>La visite a d\u00e9but\u00e9 par une arriv\u00e9e discr\u00e8te \u00e0 Rome le <strong>9 avril<\/strong>, suivie d&rsquo;une rencontre avec Andrea Riccardi, figure cl\u00e9 de la m\u00e9diation catholique. Le vendredi matin, <strong>Emmanuel Macron<\/strong> et son \u00e9pouse ont \u00e9t\u00e9 re\u00e7us au palais apostolique pour une audience priv\u00e9e d&rsquo;environ une heure avec <strong>L\u00e9on XIV<\/strong>. Cette premi\u00e8re audience officielle avec le nouveau pontificat s&rsquo;inscrit dans une continuit\u00e9 diplomatique initi\u00e9e lors des pr\u00e9c\u00e9dentes rencontres avec le pape Fran\u00e7ois. Insight : la forme du dialogue illustre la volont\u00e9 d&rsquo;un \u00e9change strat\u00e9gique et respectueux.<\/p>\n\n<h2 class=\"wp-block-heading\">Les enjeux politiques et diplomatiques de la rencontre<\/h2>\n\n<p>Au c\u0153ur des \u00e9changes figurait la guerre au <strong>Moyen\u2011Orient<\/strong> et la recherche d&rsquo;une solution diplomatique, th\u00e8me mis en avant par l&rsquo;\u00c9lys\u00e9e. Le multilat\u00e9ralisme, la r\u00e9gulation de l&rsquo;<strong>intelligence artificielle<\/strong>, le climat et l&rsquo;aide humanitaire ont aussi \u00e9t\u00e9 abord\u00e9s. La pr\u00e9sence pr\u00e9vue de Jean\u2011Marc Sauv\u00e9 dans la d\u00e9l\u00e9gation signale l&rsquo;importance accord\u00e9e aux violences sexuelles dans l&rsquo;\u00c9glise. Insight : la visite m\u00eale fermet\u00e9 politique et appel aux m\u00e9canismes de m\u00e9diation internationale.<\/p>\n\n<h2 class=\"wp-block-heading\">Le protocole officiel et le dialogue interreligieux<\/h2>\n\n<p>La visite, qualifi\u00e9e de \u00ab r\u00e9publicaine et la\u00efque \u00bb par l&rsquo;\u00c9lys\u00e9e, respectait un protocole strict au palais apostolique, sans rencontre officielle avec des responsables italiens comme Giorgia Meloni. <strong>Brigitte Macron<\/strong> a accompagn\u00e9 le pr\u00e9sident lors des c\u00e9r\u00e9monies publiques, renfor\u00e7ant la dimension symbolique du d\u00e9placement. Les \u00e9changes informels, notamment via Sant&rsquo;Egidio, ont permis d&rsquo;aborder aussi bien l&rsquo;interreligieux que le volet humanitaire. Insight : le protocole sert d&rsquo;\u00e9crin \u00e0 un dialogue pragmatique.<\/p>\n\n<h3 class=\"wp-block-heading\">Coop\u00e9ration internationale et perspectives France\u2011Vatican<\/h3>\n\n<p>Parmi les pistes \u00e9voqu\u00e9es, une invitation officielle du pape en France a \u00e9t\u00e9 discut\u00e9e, souhait port\u00e9e par le pr\u00e9sident de la conf\u00e9rence \u00e9piscopale, le cardinal Jean\u2011Marc Aveline. Le dossier de la Ciase et la question de la fin de vie figuraient aussi \u00e0 l&rsquo;ordre du jour, t\u00e9moignant d&rsquo;un calendrier charg\u00e9. Pour un angle \u00e9largi sur ces enjeux et leurs r\u00e9percussions politiques, lire les analyses et images de la visite. Insight : la rencontre ouvre des perspectives concr\u00e8tes de coop\u00e9ration bilat\u00e9rale.<\/p>\n\n<p>Pour en savoir plus sur <strong>S\u00e9bastien Auzi\u00e8re<\/strong> et la famille Macron, et retrouver un dossier complet sur cette visite, consulte <a href=\"https:\/\/www.sebastien-auziere.fr\/blog\/macron-visite-vatican\/\">l&rsquo;analyse d\u00e9di\u00e9e \u00e0 la visite au Vatican<\/a> et l&rsquo;article sur la relation avec le pape <a href=\"https:\/\/www.sebastien-auziere.fr\/blog\/macron-vatican-pape\/\">sur sebastien-auziere.fr<\/a>. D\u00e9couvre-y coulisses, dates cl\u00e9 et \u00e9l\u00e9ments document\u00e9s pour approfondir le sujet.<\/p>\n\n","protected":false},"excerpt":{"rendered":"<p>Emmanuel Macron et Brigitte Macron se sont rendus au Vatican les 9 et 10 avril 2026, pour une visite exclusivement consacr\u00e9e au Saint\u2011Si\u00e8ge. Accueillis en audience priv\u00e9e par le pape L\u00e9on XIV vendredi 10 avril \u00e0 10h, ils ont tenu un \u00e9change d&rsquo;environ une heure, marquant la premi\u00e8re rencontre officielle entre les deux hommes depuis &#8230; <a title=\"Emmanuel et Brigitte Macron au Vatican : d\u00e9roulement et enjeux de cette premi\u00e8re visite officielle\" class=\"read-more\" href=\"https:\/\/www.sebastien-auziere.fr\/blog\/macron-vatican-visite\/\" aria-label=\"En savoir plus sur Emmanuel et Brigitte Macron au Vatican : d\u00e9roulement et enjeux de cette premi\u00e8re visite officielle\">Lire plus<\/a><\/p>\n","protected":false},"author":9,"featured_media":2920,"comment_status":"open","ping_status":"open","sticky":false,"template":"","format":"standard","meta":{"footnotes":""},"categories":[597],"tags":[892,1139,2436,2115,2117],"class_list":["post-2921","post","type-post","status-publish","format-standard","has-post-thumbnail","hentry","category-actualites","tag-brigitte-macron","tag-emmanuel-macron","tag-premiere-visite","tag-vatican","tag-visite-officielle"],"yoast_head":"<!-- This site is optimized with the Yoast SEO plugin v27.5 - https:\/\/yoast.com\/product\/yoast-seo-wordpress\/ -->\n<title>Emmanuel et Brigitte Macron au Vatican : d\u00e9roulement et enjeux de cette premi\u00e8re visite officielle - Fan site S\u00e9bastien Auzi\u00e8re<\/title>\n<meta name=\"description\" content=\"D\u00e9couvrez le d\u00e9roulement et les enjeux de la premi\u00e8re visite officielle d\u2019Emmanuel et Brigitte Macron au Vatican, entre diplomatie et \u00e9changes culturels.\" \/>\n<meta name=\"robots\" content=\"index, follow, max-snippet:-1, max-image-preview:large, max-video-preview:-1\" \/>\n<link rel=\"canonical\" href=\"https:\/\/www.sebastien-auziere.fr\/blog\/macron-vatican-visite\/\" \/>\n<meta property=\"og:locale\" content=\"fr_FR\" \/>\n<meta property=\"og:type\" content=\"article\" \/>\n<meta property=\"og:title\" content=\"Emmanuel et Brigitte Macron au Vatican : d\u00e9roulement et enjeux de cette premi\u00e8re visite officielle - Fan site S\u00e9bastien Auzi\u00e8re\" \/>\n<meta property=\"og:description\" content=\"D\u00e9couvrez le d\u00e9roulement et les enjeux de la premi\u00e8re visite officielle d\u2019Emmanuel et Brigitte Macron au Vatican, entre diplomatie et \u00e9changes culturels.\" \/>\n<meta property=\"og:url\" content=\"https:\/\/www.sebastien-auziere.fr\/blog\/macron-vatican-visite\/\" \/>\n<meta property=\"og:site_name\" content=\"Fan site S\u00e9bastien Auzi\u00e8re\" \/>\n<meta property=\"article:published_time\" content=\"2026-04-10T19:09:51+00:00\" \/>\n<meta property=\"og:image\" content=\"https:\/\/www.sebastien-auziere.fr\/blog\/wp-content\/uploads\/2026\/04\/Emmanuel-et-Brigitte-Macron-au-Vatican-deroulement-et-enjeux-de-cette-premiere-visite-officielle.jpg\" \/>\n\t<meta property=\"og:image:width\" content=\"2560\" \/>\n\t<meta property=\"og:image:height\" content=\"1429\" \/>\n\t<meta property=\"og:image:type\" content=\"image\/jpeg\" \/>\n<meta name=\"author\" content=\"Chloe Gauthier\" \/>\n<meta name=\"twitter:card\" content=\"summary_large_image\" \/>\n<meta name=\"twitter:label1\" content=\"\u00c9crit par\" \/>\n\t<meta name=\"twitter:data1\" content=\"Chloe Gauthier\" \/>\n\t<meta name=\"twitter:label2\" content=\"Dur\u00e9e de lecture estim\u00e9e\" \/>\n\t<meta name=\"twitter:data2\" content=\"3 minutes\" \/>\n<script type=\"application\/ld+json\" class=\"yoast-schema-graph\">{\"@context\":\"https:\\\/\\\/schema.org\",\"@graph\":[{\"@type\":\"Article\",\"@id\":\"https:\\\/\\\/www.sebastien-auziere.fr\\\/blog\\\/macron-vatican-visite\\\/#article\",\"isPartOf\":{\"@id\":\"https:\\\/\\\/www.sebastien-auziere.fr\\\/blog\\\/macron-vatican-visite\\\/\"},\"author\":{\"name\":\"Chloe Gauthier\",\"@id\":\"https:\\\/\\\/www.sebastien-auziere.fr\\\/blog\\\/#\\\/schema\\\/person\\\/149f1acdbfd85149c6c3e59adeae2f4d\"},\"headline\":\"Emmanuel et Brigitte Macron au Vatican : d\u00e9roulement et enjeux de cette premi\u00e8re visite officielle\",\"datePublished\":\"2026-04-10T19:09:51+00:00\",\"mainEntityOfPage\":{\"@id\":\"https:\\\/\\\/www.sebastien-auziere.fr\\\/blog\\\/macron-vatican-visite\\\/\"},\"wordCount\":572,\"commentCount\":0,\"publisher\":{\"@id\":\"https:\\\/\\\/www.sebastien-auziere.fr\\\/blog\\\/#organization\"},\"image\":{\"@id\":\"https:\\\/\\\/www.sebastien-auziere.fr\\\/blog\\\/macron-vatican-visite\\\/#primaryimage\"},\"thumbnailUrl\":\"https:\\\/\\\/www.sebastien-auziere.fr\\\/blog\\\/wp-content\\\/uploads\\\/2026\\\/04\\\/Emmanuel-et-Brigitte-Macron-au-Vatican-deroulement-et-enjeux-de-cette-premiere-visite-officielle.jpg\",\"keywords\":[\"brigitte macron\",\"emmanuel macron\",\"premi\u00e8re visite\",\"vatican\",\"visite officielle\"],\"articleSection\":[\"Actualit\u00e9s\"],\"inLanguage\":\"fr-FR\",\"potentialAction\":[{\"@type\":\"CommentAction\",\"name\":\"Comment\",\"target\":[\"https:\\\/\\\/www.sebastien-auziere.fr\\\/blog\\\/macron-vatican-visite\\\/#respond\"]}]},{\"@type\":\"WebPage\",\"@id\":\"https:\\\/\\\/www.sebastien-auziere.fr\\\/blog\\\/macron-vatican-visite\\\/\",\"url\":\"https:\\\/\\\/www.sebastien-auziere.fr\\\/blog\\\/macron-vatican-visite\\\/\",\"name\":\"Emmanuel et Brigitte Macron au Vatican : d\u00e9roulement et enjeux de cette premi\u00e8re visite officielle - Fan site S\u00e9bastien Auzi\u00e8re\",\"isPartOf\":{\"@id\":\"https:\\\/\\\/www.sebastien-auziere.fr\\\/blog\\\/#website\"},\"primaryImageOfPage\":{\"@id\":\"https:\\\/\\\/www.sebastien-auziere.fr\\\/blog\\\/macron-vatican-visite\\\/#primaryimage\"},\"image\":{\"@id\":\"https:\\\/\\\/www.sebastien-auziere.fr\\\/blog\\\/macron-vatican-visite\\\/#primaryimage\"},\"thumbnailUrl\":\"https:\\\/\\\/www.sebastien-auziere.fr\\\/blog\\\/wp-content\\\/uploads\\\/2026\\\/04\\\/Emmanuel-et-Brigitte-Macron-au-Vatican-deroulement-et-enjeux-de-cette-premiere-visite-officielle.jpg\",\"datePublished\":\"2026-04-10T19:09:51+00:00\",\"description\":\"D\u00e9couvrez le d\u00e9roulement et les enjeux de la premi\u00e8re visite officielle d\u2019Emmanuel et Brigitte Macron au Vatican, entre diplomatie et \u00e9changes culturels.\",\"breadcrumb\":{\"@id\":\"https:\\\/\\\/www.sebastien-auziere.fr\\\/blog\\\/macron-vatican-visite\\\/#breadcrumb\"},\"inLanguage\":\"fr-FR\",\"potentialAction\":[{\"@type\":\"ReadAction\",\"target\":[\"https:\\\/\\\/www.sebastien-auziere.fr\\\/blog\\\/macron-vatican-visite\\\/\"]}]},{\"@type\":\"ImageObject\",\"inLanguage\":\"fr-FR\",\"@id\":\"https:\\\/\\\/www.sebastien-auziere.fr\\\/blog\\\/macron-vatican-visite\\\/#primaryimage\",\"url\":\"https:\\\/\\\/www.sebastien-auziere.fr\\\/blog\\\/wp-content\\\/uploads\\\/2026\\\/04\\\/Emmanuel-et-Brigitte-Macron-au-Vatican-deroulement-et-enjeux-de-cette-premiere-visite-officielle.jpg\",\"contentUrl\":\"https:\\\/\\\/www.sebastien-auziere.fr\\\/blog\\\/wp-content\\\/uploads\\\/2026\\\/04\\\/Emmanuel-et-Brigitte-Macron-au-Vatican-deroulement-et-enjeux-de-cette-premiere-visite-officielle.jpg\",\"width\":2560,\"height\":1429,\"caption\":\"d\u00e9couvrez les d\u00e9tails et les implications de la premi\u00e8re visite officielle d'emmanuel et brigitte macron au vatican, un rendez-vous charg\u00e9 de symboles et d'enjeux diplomatiques.\"},{\"@type\":\"BreadcrumbList\",\"@id\":\"https:\\\/\\\/www.sebastien-auziere.fr\\\/blog\\\/macron-vatican-visite\\\/#breadcrumb\",\"itemListElement\":[{\"@type\":\"ListItem\",\"position\":1,\"name\":\"Home\",\"item\":\"https:\\\/\\\/www.sebastien-auziere.fr\\\/blog\\\/\"},{\"@type\":\"ListItem\",\"position\":2,\"name\":\"Emmanuel et Brigitte Macron au Vatican : d\u00e9roulement et enjeux de cette premi\u00e8re visite officielle\"}]},{\"@type\":\"WebSite\",\"@id\":\"https:\\\/\\\/www.sebastien-auziere.fr\\\/blog\\\/#website\",\"url\":\"https:\\\/\\\/www.sebastien-auziere.fr\\\/blog\\\/\",\"name\":\"Fan site S\u00e9bastien Auzi\u00e8re\",\"description\":\"M\u00e9dia g\u00e9n\u00e9raliste\",\"publisher\":{\"@id\":\"https:\\\/\\\/www.sebastien-auziere.fr\\\/blog\\\/#organization\"},\"potentialAction\":[{\"@type\":\"SearchAction\",\"target\":{\"@type\":\"EntryPoint\",\"urlTemplate\":\"https:\\\/\\\/www.sebastien-auziere.fr\\\/blog\\\/?s={search_term_string}\"},\"query-input\":{\"@type\":\"PropertyValueSpecification\",\"valueRequired\":true,\"valueName\":\"search_term_string\"}}],\"inLanguage\":\"fr-FR\"},{\"@type\":\"Organization\",\"@id\":\"https:\\\/\\\/www.sebastien-auziere.fr\\\/blog\\\/#organization\",\"name\":\"Fan site S\u00e9bastien Auzi\u00e8re\",\"url\":\"https:\\\/\\\/www.sebastien-auziere.fr\\\/blog\\\/\",\"logo\":{\"@type\":\"ImageObject\",\"inLanguage\":\"fr-FR\",\"@id\":\"https:\\\/\\\/www.sebastien-auziere.fr\\\/blog\\\/#\\\/schema\\\/logo\\\/image\\\/\",\"url\":\"https:\\\/\\\/www.sebastien-auziere.fr\\\/blog\\\/wp-content\\\/uploads\\\/2026\\\/03\\\/cropped-cropped-cropped-ChatGPT-Image-6-mars-2026-12_58_09-e1772798376794.jpg\",\"contentUrl\":\"https:\\\/\\\/www.sebastien-auziere.fr\\\/blog\\\/wp-content\\\/uploads\\\/2026\\\/03\\\/cropped-cropped-cropped-ChatGPT-Image-6-mars-2026-12_58_09-e1772798376794.jpg\",\"width\":512,\"height\":360,\"caption\":\"Fan site S\u00e9bastien Auzi\u00e8re\"},\"image\":{\"@id\":\"https:\\\/\\\/www.sebastien-auziere.fr\\\/blog\\\/#\\\/schema\\\/logo\\\/image\\\/\"}},{\"@type\":\"Person\",\"@id\":\"https:\\\/\\\/www.sebastien-auziere.fr\\\/blog\\\/#\\\/schema\\\/person\\\/149f1acdbfd85149c6c3e59adeae2f4d\",\"name\":\"Chloe Gauthier\",\"image\":{\"@type\":\"ImageObject\",\"inLanguage\":\"fr-FR\",\"@id\":\"https:\\\/\\\/secure.gravatar.com\\\/avatar\\\/2c5722f58171cff738a8985ef0dd66b476e563753246a49019befc837ec4201a?s=96&d=mm&r=g\",\"url\":\"https:\\\/\\\/secure.gravatar.com\\\/avatar\\\/2c5722f58171cff738a8985ef0dd66b476e563753246a49019befc837ec4201a?s=96&d=mm&r=g\",\"contentUrl\":\"https:\\\/\\\/secure.gravatar.com\\\/avatar\\\/2c5722f58171cff738a8985ef0dd66b476e563753246a49019befc837ec4201a?s=96&d=mm&r=g\",\"caption\":\"Chloe Gauthier\"},\"description\":\"Passionn\u00e9e par la politique et admiratrice engag\u00e9e de la famille Macron, je consacre mon \u00e9nergie \u00e0 suivre leurs initiatives et \u00e0 promouvoir leurs id\u00e9es. \u00c0 32 ans, je suis convaincue que leur vision est porteuse d'avenir.\",\"url\":\"https:\\\/\\\/www.sebastien-auziere.fr\\\/blog\\\/author\\\/chloe-gauthier\\\/\"}]}<\/script>\n<!-- \/ Yoast SEO plugin. -->","yoast_head_json":{"title":"Emmanuel et Brigitte Macron au Vatican : d\u00e9roulement et enjeux de cette premi\u00e8re visite officielle - Fan site S\u00e9bastien Auzi\u00e8re","description":"D\u00e9couvrez le d\u00e9roulement et les enjeux de la premi\u00e8re visite officielle d\u2019Emmanuel et Brigitte Macron au Vatican, entre diplomatie et \u00e9changes culturels.","robots":{"index":"index","follow":"follow","max-snippet":"max-snippet:-1","max-image-preview":"max-image-preview:large","max-video-preview":"max-video-preview:-1"},"canonical":"https:\/\/www.sebastien-auziere.fr\/blog\/macron-vatican-visite\/","og_locale":"fr_FR","og_type":"article","og_title":"Emmanuel et Brigitte Macron au Vatican : d\u00e9roulement et enjeux de cette premi\u00e8re visite officielle - Fan site S\u00e9bastien Auzi\u00e8re","og_description":"D\u00e9couvrez le d\u00e9roulement et les enjeux de la premi\u00e8re visite officielle d\u2019Emmanuel et Brigitte Macron au Vatican, entre diplomatie et \u00e9changes culturels.","og_url":"https:\/\/www.sebastien-auziere.fr\/blog\/macron-vatican-visite\/","og_site_name":"Fan site S\u00e9bastien Auzi\u00e8re","article_published_time":"2026-04-10T19:09:51+00:00","og_image":[{"width":2560,"height":1429,"url":"https:\/\/www.sebastien-auziere.fr\/blog\/wp-content\/uploads\/2026\/04\/Emmanuel-et-Brigitte-Macron-au-Vatican-deroulement-et-enjeux-de-cette-premiere-visite-officielle.jpg","type":"image\/jpeg"}],"author":"Chloe Gauthier","twitter_card":"summary_large_image","twitter_misc":{"\u00c9crit par":"Chloe Gauthier","Dur\u00e9e de lecture estim\u00e9e":"3 minutes"},"schema":{"@context":"https:\/\/schema.org","@graph":[{"@type":"Article","@id":"https:\/\/www.sebastien-auziere.fr\/blog\/macron-vatican-visite\/#article","isPartOf":{"@id":"https:\/\/www.sebastien-auziere.fr\/blog\/macron-vatican-visite\/"},"author":{"name":"Chloe Gauthier","@id":"https:\/\/www.sebastien-auziere.fr\/blog\/#\/schema\/person\/149f1acdbfd85149c6c3e59adeae2f4d"},"headline":"Emmanuel et Brigitte Macron au Vatican : d\u00e9roulement et enjeux de cette premi\u00e8re visite officielle","datePublished":"2026-04-10T19:09:51+00:00","mainEntityOfPage":{"@id":"https:\/\/www.sebastien-auziere.fr\/blog\/macron-vatican-visite\/"},"wordCount":572,"commentCount":0,"publisher":{"@id":"https:\/\/www.sebastien-auziere.fr\/blog\/#organization"},"image":{"@id":"https:\/\/www.sebastien-auziere.fr\/blog\/macron-vatican-visite\/#primaryimage"},"thumbnailUrl":"https:\/\/www.sebastien-auziere.fr\/blog\/wp-content\/uploads\/2026\/04\/Emmanuel-et-Brigitte-Macron-au-Vatican-deroulement-et-enjeux-de-cette-premiere-visite-officielle.jpg","keywords":["brigitte macron","emmanuel macron","premi\u00e8re visite","vatican","visite officielle"],"articleSection":["Actualit\u00e9s"],"inLanguage":"fr-FR","potentialAction":[{"@type":"CommentAction","name":"Comment","target":["https:\/\/www.sebastien-auziere.fr\/blog\/macron-vatican-visite\/#respond"]}]},{"@type":"WebPage","@id":"https:\/\/www.sebastien-auziere.fr\/blog\/macron-vatican-visite\/","url":"https:\/\/www.sebastien-auziere.fr\/blog\/macron-vatican-visite\/","name":"Emmanuel et Brigitte Macron au Vatican : d\u00e9roulement et enjeux de cette premi\u00e8re visite officielle - Fan site S\u00e9bastien Auzi\u00e8re","isPartOf":{"@id":"https:\/\/www.sebastien-auziere.fr\/blog\/#website"},"primaryImageOfPage":{"@id":"https:\/\/www.sebastien-auziere.fr\/blog\/macron-vatican-visite\/#primaryimage"},"image":{"@id":"https:\/\/www.sebastien-auziere.fr\/blog\/macron-vatican-visite\/#primaryimage"},"thumbnailUrl":"https:\/\/www.sebastien-auziere.fr\/blog\/wp-content\/uploads\/2026\/04\/Emmanuel-et-Brigitte-Macron-au-Vatican-deroulement-et-enjeux-de-cette-premiere-visite-officielle.jpg","datePublished":"2026-04-10T19:09:51+00:00","description":"D\u00e9couvrez le d\u00e9roulement et les enjeux de la premi\u00e8re visite officielle d\u2019Emmanuel et Brigitte Macron au Vatican, entre diplomatie et \u00e9changes culturels.","breadcrumb":{"@id":"https:\/\/www.sebastien-auziere.fr\/blog\/macron-vatican-visite\/#breadcrumb"},"inLanguage":"fr-FR","potentialAction":[{"@type":"ReadAction","target":["https:\/\/www.sebastien-auziere.fr\/blog\/macron-vatican-visite\/"]}]},{"@type":"ImageObject","inLanguage":"fr-FR","@id":"https:\/\/www.sebastien-auziere.fr\/blog\/macron-vatican-visite\/#primaryimage","url":"https:\/\/www.sebastien-auziere.fr\/blog\/wp-content\/uploads\/2026\/04\/Emmanuel-et-Brigitte-Macron-au-Vatican-deroulement-et-enjeux-de-cette-premiere-visite-officielle.jpg","contentUrl":"https:\/\/www.sebastien-auziere.fr\/blog\/wp-content\/uploads\/2026\/04\/Emmanuel-et-Brigitte-Macron-au-Vatican-deroulement-et-enjeux-de-cette-premiere-visite-officielle.jpg","width":2560,"height":1429,"caption":"d\u00e9couvrez les d\u00e9tails et les implications de la premi\u00e8re visite officielle d'emmanuel et brigitte macron au vatican, un rendez-vous charg\u00e9 de symboles et d'enjeux diplomatiques."},{"@type":"BreadcrumbList","@id":"https:\/\/www.sebastien-auziere.fr\/blog\/macron-vatican-visite\/#breadcrumb","itemListElement":[{"@type":"ListItem","position":1,"name":"Home","item":"https:\/\/www.sebastien-auziere.fr\/blog\/"},{"@type":"ListItem","position":2,"name":"Emmanuel et Brigitte Macron au Vatican : d\u00e9roulement et enjeux de cette premi\u00e8re visite officielle"}]},{"@type":"WebSite","@id":"https:\/\/www.sebastien-auziere.fr\/blog\/#website","url":"https:\/\/www.sebastien-auziere.fr\/blog\/","name":"Fan site S\u00e9bastien Auzi\u00e8re","description":"M\u00e9dia g\u00e9n\u00e9raliste","publisher":{"@id":"https:\/\/www.sebastien-auziere.fr\/blog\/#organization"},"potentialAction":[{"@type":"SearchAction","target":{"@type":"EntryPoint","urlTemplate":"https:\/\/www.sebastien-auziere.fr\/blog\/?s={search_term_string}"},"query-input":{"@type":"PropertyValueSpecification","valueRequired":true,"valueName":"search_term_string"}}],"inLanguage":"fr-FR"},{"@type":"Organization","@id":"https:\/\/www.sebastien-auziere.fr\/blog\/#organization","name":"Fan site S\u00e9bastien Auzi\u00e8re","url":"https:\/\/www.sebastien-auziere.fr\/blog\/","logo":{"@type":"ImageObject","inLanguage":"fr-FR","@id":"https:\/\/www.sebastien-auziere.fr\/blog\/#\/schema\/logo\/image\/","url":"https:\/\/www.sebastien-auziere.fr\/blog\/wp-content\/uploads\/2026\/03\/cropped-cropped-cropped-ChatGPT-Image-6-mars-2026-12_58_09-e1772798376794.jpg","contentUrl":"https:\/\/www.sebastien-auziere.fr\/blog\/wp-content\/uploads\/2026\/03\/cropped-cropped-cropped-ChatGPT-Image-6-mars-2026-12_58_09-e1772798376794.jpg","width":512,"height":360,"caption":"Fan site S\u00e9bastien Auzi\u00e8re"},"image":{"@id":"https:\/\/www.sebastien-auziere.fr\/blog\/#\/schema\/logo\/image\/"}},{"@type":"Person","@id":"https:\/\/www.sebastien-auziere.fr\/blog\/#\/schema\/person\/149f1acdbfd85149c6c3e59adeae2f4d","name":"Chloe Gauthier","image":{"@type":"ImageObject","inLanguage":"fr-FR","@id":"https:\/\/secure.gravatar.com\/avatar\/2c5722f58171cff738a8985ef0dd66b476e563753246a49019befc837ec4201a?s=96&d=mm&r=g","url":"https:\/\/secure.gravatar.com\/avatar\/2c5722f58171cff738a8985ef0dd66b476e563753246a49019befc837ec4201a?s=96&d=mm&r=g","contentUrl":"https:\/\/secure.gravatar.com\/avatar\/2c5722f58171cff738a8985ef0dd66b476e563753246a49019befc837ec4201a?s=96&d=mm&r=g","caption":"Chloe Gauthier"},"description":"Passionn\u00e9e par la politique et admiratrice engag\u00e9e de la famille Macron, je consacre mon \u00e9nergie \u00e0 suivre leurs initiatives et \u00e0 promouvoir leurs id\u00e9es. \u00c0 32 ans, je suis convaincue que leur vision est porteuse d'avenir.","url":"https:\/\/www.sebastien-auziere.fr\/blog\/author\/chloe-gauthier\/"}]}},"views":16,"_links":{"self":[{"href":"https:\/\/www.sebastien-auziere.fr\/blog\/wp-json\/wp\/v2\/posts\/2921","targetHints":{"allow":["GET"]}}],"collection":[{"href":"https:\/\/www.sebastien-auziere.fr\/blog\/wp-json\/wp\/v2\/posts"}],"about":[{"href":"https:\/\/www.sebastien-auziere.fr\/blog\/wp-json\/wp\/v2\/types\/post"}],"author":[{"embeddable":true,"href":"https:\/\/www.sebastien-auziere.fr\/blog\/wp-json\/wp\/v2\/users\/9"}],"replies":[{"embeddable":true,"href":"https:\/\/www.sebastien-auziere.fr\/blog\/wp-json\/wp\/v2\/comments?post=2921"}],"version-history":[{"count":0,"href":"https:\/\/www.sebastien-auziere.fr\/blog\/wp-json\/wp\/v2\/posts\/2921\/revisions"}],"wp:featuredmedia":[{"embeddable":true,"href":"https:\/\/www.sebastien-auziere.fr\/blog\/wp-json\/wp\/v2\/media\/2920"}],"wp:attachment":[{"href":"https:\/\/www.sebastien-auziere.fr\/blog\/wp-json\/wp\/v2\/media?parent=2921"}],"wp:term":[{"taxonomy":"category","embeddable":true,"href":"https:\/\/www.sebastien-auziere.fr\/blog\/wp-json\/wp\/v2\/categories?post=2921"},{"taxonomy":"post_tag","embeddable":true,"href":"https:\/\/www.sebastien-auziere.fr\/blog\/wp-json\/wp\/v2\/tags?post=2921"}],"curies":[{"name":"wp","href":"https:\/\/api.w.org\/{rel}","templated":true}]}}