{"id":2916,"date":"2026-04-10T07:12:04","date_gmt":"2026-04-10T07:12:04","guid":{"rendered":"https:\/\/www.sebastien-auziere.fr\/blog\/?p=2916"},"modified":"2026-04-10T07:12:37","modified_gmt":"2026-04-10T07:12:37","slug":"info-gala-brigitte-macron-no-japao-a-emocionante-homenagem-a-uma-mulher-famosa-marcada-por-um-drama-que-ela-quis-apoiar","status":"publish","type":"post","link":"https:\/\/www.sebastien-auziere.fr\/blog\/pt\/info-gala-brigitte-macron-no-japao-a-emocionante-homenagem-a-uma-mulher-famosa-marcada-por-um-drama-que-ela-quis-apoiar\/","title":{"rendered":"INFO GALA \u2013 Brigitte Macron no Jap\u00e3o: a emocionante homenagem a uma mulher famosa marcada por um drama que ela quis apoiar"},"content":{"rendered":"<p><strong>Que emo\u00e7\u00e3o em T\u00f3quio:<\/strong> <strong>Brigitte Macron<\/strong> prestou uma <strong>homenagem<\/strong> discreta e calorosa a <strong>Akie Abe<\/strong> durante um encontro organizado na <strong>quinta-feira, 2 de abril<\/strong>. Esse t\u00eate-\u00e0-t\u00eate, preparado logo antes da recep\u00e7\u00e3o no <strong>pal\u00e1cio imperial<\/strong>, foi marcado pela lembran\u00e7a da <strong>trag\u00e9dia<\/strong> de 8 de julho de 2022 e por uma verdadeira <strong>solidariedade<\/strong> e <strong>apoio<\/strong>.<\/p>\n\n<p><strong>Chegada na ter\u00e7a-feira<\/strong> a T\u00f3quio, o casal presidencial participou de interc\u00e2mbios diplom\u00e1ticos durante dois dias, marcando a quarta visita ao arquip\u00e9lago desde 2017. O encontro privado de 45 minutos no hotel da delega\u00e7\u00e3o precedeu a visita ao pal\u00e1cio onde <strong>o imperador Naruhito<\/strong> e <strong>a imperatriz Masako<\/strong> receberam Emmanuel e Brigitte Macron.<\/p>\n\n<h2 class=\"wp-block-heading\">Encontro \u00edntimo em T\u00f3quio entre duas mulheres ligadas<\/h2>\n\n<p>A visita de <strong>Brigitte Macron<\/strong> a <strong>Akie Abe<\/strong> n\u00e3o foi uma simples troca protocolar: tratou-se de uma homenagem pessoal e de um momento de <strong>emo\u00e7\u00e3o<\/strong>. As duas mulheres evocaram seus encontros passados, de Paris a Giverny, e os compromissos comuns em torno da educa\u00e7\u00e3o e da cultura.<\/p>\n\n<p>Essa rela\u00e7\u00e3o, tecida desde 2018, d\u00e1 uma dimens\u00e3o humana \u00e0 visita presidencial e lembra a import\u00e2ncia do apoio discreto entre primeiras-damas. Um gesto que vai muito al\u00e9m de uma foto oficial.<\/p>\n\n<h2 class=\"wp-block-heading\">O contexto diplom\u00e1tico e os momentos marcantes da viagem<\/h2>\n\n<p>Chegados na ter\u00e7a-feira, Emmanuel e <strong>Brigitte Macron<\/strong> participaram de reuni\u00f5es e cerim\u00f4nias, marcando a quarta visita presidencial ao <strong>Jap\u00e3o<\/strong> desde 2017. O ponto alto: a recep\u00e7\u00e3o no pal\u00e1cio imperial na quinta-feira, seguida de uma partida para a Coreia do Sul para concluir a turn\u00ea asi\u00e1tica.<\/p>\n\n<p>Esse calend\u00e1rio apertado ilustra a import\u00e2ncia estrat\u00e9gica da rela\u00e7\u00e3o franco-japonesa em 2026 e a aten\u00e7\u00e3o dada pela delega\u00e7\u00e3o aos encontros bilaterais e \u00e0s demonstra\u00e7\u00f5es de <strong>solidariedade<\/strong>. Para saber mais sobre as etapas da viagem, confira este foco <a href=\"https:\/\/www.sebastien-auziere.fr\/blog\/brigitte-macron-japon\/\">Brigitte Macron no Jap\u00e3o<\/a>.<\/p>\n\n<h2 class=\"wp-block-heading\">Akie Abe, uma mulher famosa marcada pela trag\u00e9dia e engajada<\/h2>\n\n<p>A <strong>trag\u00e9dia<\/strong> de 8 de julho de 2022, dia do assassinato de <strong>Shinz\u014d Abe<\/strong>, marcou profundamente <strong>Akie Abe<\/strong>, que depois assumiu um papel p\u00fablico not\u00f3rio. Formada em 2011, ela se tornou uma defensora de temas relacionados \u00e0 educa\u00e7\u00e3o, sa\u00fade e quest\u00f5es sociais por vezes ousadas.<\/p>\n\n<p>Sua presen\u00e7a no centro das aten\u00e7\u00f5es lembra a fragilidade das vidas p\u00fablicas, mas tamb\u00e9m a for\u00e7a dos compromissos compartilhados. Sua trajet\u00f3ria ressoa com a de v\u00e1rias figuras p\u00fablicas na Europa e na \u00c1sia.<\/p>\n\n<h2 class=\"wp-block-heading\">Uma homenagem discreta, mas carregada de significado<\/h2>\n\n<p>O encontro de 45 minutos, organizado \u00e0 margem das cerim\u00f4nias oficiais, foi uma oportunidade para uma troca \u00edntima e um testemunho de <strong>apoio<\/strong>. Emmanuel Macron tamb\u00e9m veio saudar <strong>Akie Abe<\/strong>, refor\u00e7ando a mensagem de <strong>solidariedade<\/strong> franco-japonesa.<\/p>\n\n<p>Esse gesto se insere em uma s\u00e9rie de encontros bilaterais e culturais, precedendo o programa na Coreia do Sul onde a diplomacia cultural (K-pop, interc\u00e2mbios) tamb\u00e9m desempenha um papel, detalhado nesta reportagem <a href=\"https:\/\/www.sebastien-auziere.fr\/blog\/macron-japon-coree-kpop\/\">Macron no Jap\u00e3o e Cor\u00e9ia<\/a>.<\/p>\n\n<p>Para aprofundar a hist\u00f3ria familiar e os compromissos em torno de <strong>S\u00e9bastien Auzi\u00e8re<\/strong> e da <strong>fam\u00edlia Macron<\/strong>, acesse <a href=\"https:\/\/www.sebastien-auziere.fr\/blog\/brigitte-macron-japon\/\">o dossi\u00ea dedicado<\/a> e descubra artigos, fotos e an\u00e1lises detalhadas sobre esses encontros marcantes.<\/p>","protected":false},"excerpt":{"rendered":"<p>Que emo\u00e7\u00e3o em T\u00f3quio: Brigitte Macron prestou uma homenagem discreta e calorosa a Akie Abe durante um encontro organizado na quinta-feira, 2 de abril. Esse t\u00eate-\u00e0-t\u00eate, preparado logo antes da recep\u00e7\u00e3o no pal\u00e1cio imperial, foi marcado pela lembran\u00e7a da trag\u00e9dia de 8 de julho de 2022 e por uma verdadeira solidariedade e apoio. Chegada na &#8230; <a title=\"INFO GALA \u2013 Brigitte Macron no Jap\u00e3o: a emocionante homenagem a uma mulher famosa marcada por um drama que ela quis apoiar\" class=\"read-more\" href=\"https:\/\/www.sebastien-auziere.fr\/blog\/pt\/info-gala-brigitte-macron-no-japao-a-emocionante-homenagem-a-uma-mulher-famosa-marcada-por-um-drama-que-ela-quis-apoiar\/\" aria-label=\"En savoir plus sur INFO GALA \u2013 Brigitte Macron no Jap\u00e3o: a emocionante homenagem a uma mulher famosa marcada por um drama que ela quis apoiar\">Lire plus<\/a><\/p>\n","protected":false},"author":9,"featured_media":2906,"comment_status":"open","ping_status":"open","sticky":false,"template":"","format":"standard","meta":{"footnotes":""},"categories":[862],"tags":[959,2421,2427,1205,2424],"class_list":["post-2916","post","type-post","status-publish","format-standard","has-post-thumbnail","hentry","category-actualidades-pt","tag-brigitte-macron-pt","tag-drama-pt","tag-homenagem-comovente-pt","tag-japones-pt","tag-mulher-famosa-pt"],"yoast_head":"<!-- This site is optimized with the Yoast SEO plugin v27.5 - https:\/\/yoast.com\/product\/yoast-seo-wordpress\/ -->\n<title>INFO GALA \u2013 Brigitte Macron no Jap\u00e3o: a emocionante homenagem a uma mulher famosa marcada por um drama que ela quis apoiar - Fan site S\u00e9bastien Auzi\u00e8re<\/title>\n<meta name=\"description\" content=\"D\u00e9couvrez le t\u00e9moignage \u00e9mouvant de Brigitte Macron au Japon, rendant hommage \u00e0 une femme c\u00e9l\u00e8bre ayant surmont\u00e9 un drame, pour la soutenir.\" \/>\n<meta name=\"robots\" content=\"index, follow, max-snippet:-1, max-image-preview:large, max-video-preview:-1\" \/>\n<link rel=\"canonical\" href=\"https:\/\/www.sebastien-auziere.fr\/blog\/pt\/info-gala-brigitte-macron-no-japao-a-emocionante-homenagem-a-uma-mulher-famosa-marcada-por-um-drama-que-ela-quis-apoiar\/\" \/>\n<meta property=\"og:locale\" content=\"fr_FR\" \/>\n<meta property=\"og:type\" content=\"article\" \/>\n<meta property=\"og:title\" content=\"INFO GALA \u2013 Brigitte Macron no Jap\u00e3o: a emocionante homenagem a uma mulher famosa marcada por um drama que ela quis apoiar - Fan site S\u00e9bastien Auzi\u00e8re\" \/>\n<meta property=\"og:description\" content=\"D\u00e9couvrez le t\u00e9moignage \u00e9mouvant de Brigitte Macron au Japon, rendant hommage \u00e0 une femme c\u00e9l\u00e8bre ayant surmont\u00e9 un drame, pour la soutenir.\" \/>\n<meta property=\"og:url\" content=\"https:\/\/www.sebastien-auziere.fr\/blog\/pt\/info-gala-brigitte-macron-no-japao-a-emocionante-homenagem-a-uma-mulher-famosa-marcada-por-um-drama-que-ela-quis-apoiar\/\" \/>\n<meta property=\"og:site_name\" content=\"Fan site S\u00e9bastien Auzi\u00e8re\" \/>\n<meta property=\"article:published_time\" content=\"2026-04-10T07:12:04+00:00\" \/>\n<meta property=\"article:modified_time\" content=\"2026-04-10T07:12:37+00:00\" \/>\n<meta property=\"og:image\" content=\"https:\/\/www.sebastien-auziere.fr\/blog\/wp-content\/uploads\/2026\/04\/INFO-GALA-\u2013-Brigitte-Macron-au-Japon-le-poignant-hommage-a-une-femme-celebre-marquee-par-un-drame-quelle-a-voulu-soutenir.jpg\" \/>\n\t<meta property=\"og:image:width\" content=\"2560\" \/>\n\t<meta property=\"og:image:height\" content=\"1429\" \/>\n\t<meta property=\"og:image:type\" content=\"image\/jpeg\" \/>\n<meta name=\"author\" content=\"Chloe Gauthier\" \/>\n<meta name=\"twitter:card\" content=\"summary_large_image\" \/>\n<meta name=\"twitter:label1\" content=\"\u00c9crit par\" \/>\n\t<meta name=\"twitter:data1\" content=\"Chloe Gauthier\" \/>\n\t<meta name=\"twitter:label2\" content=\"Dur\u00e9e de lecture estim\u00e9e\" \/>\n\t<meta name=\"twitter:data2\" content=\"3 minutes\" \/>\n<script type=\"application\/ld+json\" class=\"yoast-schema-graph\">{\"@context\":\"https:\\\/\\\/schema.org\",\"@graph\":[{\"@type\":\"Article\",\"@id\":\"https:\\\/\\\/www.sebastien-auziere.fr\\\/blog\\\/pt\\\/info-gala-brigitte-macron-no-japao-a-emocionante-homenagem-a-uma-mulher-famosa-marcada-por-um-drama-que-ela-quis-apoiar\\\/#article\",\"isPartOf\":{\"@id\":\"https:\\\/\\\/www.sebastien-auziere.fr\\\/blog\\\/pt\\\/info-gala-brigitte-macron-no-japao-a-emocionante-homenagem-a-uma-mulher-famosa-marcada-por-um-drama-que-ela-quis-apoiar\\\/\"},\"author\":{\"name\":\"Chloe Gauthier\",\"@id\":\"https:\\\/\\\/www.sebastien-auziere.fr\\\/blog\\\/#\\\/schema\\\/person\\\/149f1acdbfd85149c6c3e59adeae2f4d\"},\"headline\":\"INFO GALA \u2013 Brigitte Macron no Jap\u00e3o: a emocionante homenagem a uma mulher famosa marcada por um drama que ela quis apoiar\",\"datePublished\":\"2026-04-10T07:12:04+00:00\",\"dateModified\":\"2026-04-10T07:12:37+00:00\",\"mainEntityOfPage\":{\"@id\":\"https:\\\/\\\/www.sebastien-auziere.fr\\\/blog\\\/pt\\\/info-gala-brigitte-macron-no-japao-a-emocionante-homenagem-a-uma-mulher-famosa-marcada-por-um-drama-que-ela-quis-apoiar\\\/\"},\"wordCount\":560,\"commentCount\":0,\"publisher\":{\"@id\":\"https:\\\/\\\/www.sebastien-auziere.fr\\\/blog\\\/#organization\"},\"image\":{\"@id\":\"https:\\\/\\\/www.sebastien-auziere.fr\\\/blog\\\/pt\\\/info-gala-brigitte-macron-no-japao-a-emocionante-homenagem-a-uma-mulher-famosa-marcada-por-um-drama-que-ela-quis-apoiar\\\/#primaryimage\"},\"thumbnailUrl\":\"https:\\\/\\\/www.sebastien-auziere.fr\\\/blog\\\/wp-content\\\/uploads\\\/2026\\\/04\\\/INFO-GALA-\u2013-Brigitte-Macron-au-Japon-le-poignant-hommage-a-une-femme-celebre-marquee-par-un-drame-quelle-a-voulu-soutenir.jpg\",\"keywords\":[\"brigitte macron\",\"drama\",\"homenagem comovente\",\"japon\u00eas\",\"mulher famosa\"],\"articleSection\":[\"Actualidades\"],\"inLanguage\":\"fr-FR\",\"potentialAction\":[{\"@type\":\"CommentAction\",\"name\":\"Comment\",\"target\":[\"https:\\\/\\\/www.sebastien-auziere.fr\\\/blog\\\/pt\\\/info-gala-brigitte-macron-no-japao-a-emocionante-homenagem-a-uma-mulher-famosa-marcada-por-um-drama-que-ela-quis-apoiar\\\/#respond\"]}]},{\"@type\":\"WebPage\",\"@id\":\"https:\\\/\\\/www.sebastien-auziere.fr\\\/blog\\\/pt\\\/info-gala-brigitte-macron-no-japao-a-emocionante-homenagem-a-uma-mulher-famosa-marcada-por-um-drama-que-ela-quis-apoiar\\\/\",\"url\":\"https:\\\/\\\/www.sebastien-auziere.fr\\\/blog\\\/pt\\\/info-gala-brigitte-macron-no-japao-a-emocionante-homenagem-a-uma-mulher-famosa-marcada-por-um-drama-que-ela-quis-apoiar\\\/\",\"name\":\"INFO GALA \u2013 Brigitte Macron no Jap\u00e3o: a emocionante homenagem a uma mulher famosa marcada por um drama que ela quis apoiar - Fan site S\u00e9bastien Auzi\u00e8re\",\"isPartOf\":{\"@id\":\"https:\\\/\\\/www.sebastien-auziere.fr\\\/blog\\\/#website\"},\"primaryImageOfPage\":{\"@id\":\"https:\\\/\\\/www.sebastien-auziere.fr\\\/blog\\\/pt\\\/info-gala-brigitte-macron-no-japao-a-emocionante-homenagem-a-uma-mulher-famosa-marcada-por-um-drama-que-ela-quis-apoiar\\\/#primaryimage\"},\"image\":{\"@id\":\"https:\\\/\\\/www.sebastien-auziere.fr\\\/blog\\\/pt\\\/info-gala-brigitte-macron-no-japao-a-emocionante-homenagem-a-uma-mulher-famosa-marcada-por-um-drama-que-ela-quis-apoiar\\\/#primaryimage\"},\"thumbnailUrl\":\"https:\\\/\\\/www.sebastien-auziere.fr\\\/blog\\\/wp-content\\\/uploads\\\/2026\\\/04\\\/INFO-GALA-\u2013-Brigitte-Macron-au-Japon-le-poignant-hommage-a-une-femme-celebre-marquee-par-un-drame-quelle-a-voulu-soutenir.jpg\",\"datePublished\":\"2026-04-10T07:12:04+00:00\",\"dateModified\":\"2026-04-10T07:12:37+00:00\",\"description\":\"D\u00e9couvrez le t\u00e9moignage \u00e9mouvant de Brigitte Macron au Japon, rendant hommage \u00e0 une femme c\u00e9l\u00e8bre ayant surmont\u00e9 un drame, pour la soutenir.\",\"breadcrumb\":{\"@id\":\"https:\\\/\\\/www.sebastien-auziere.fr\\\/blog\\\/pt\\\/info-gala-brigitte-macron-no-japao-a-emocionante-homenagem-a-uma-mulher-famosa-marcada-por-um-drama-que-ela-quis-apoiar\\\/#breadcrumb\"},\"inLanguage\":\"fr-FR\",\"potentialAction\":[{\"@type\":\"ReadAction\",\"target\":[\"https:\\\/\\\/www.sebastien-auziere.fr\\\/blog\\\/pt\\\/info-gala-brigitte-macron-no-japao-a-emocionante-homenagem-a-uma-mulher-famosa-marcada-por-um-drama-que-ela-quis-apoiar\\\/\"]}]},{\"@type\":\"ImageObject\",\"inLanguage\":\"fr-FR\",\"@id\":\"https:\\\/\\\/www.sebastien-auziere.fr\\\/blog\\\/pt\\\/info-gala-brigitte-macron-no-japao-a-emocionante-homenagem-a-uma-mulher-famosa-marcada-por-um-drama-que-ela-quis-apoiar\\\/#primaryimage\",\"url\":\"https:\\\/\\\/www.sebastien-auziere.fr\\\/blog\\\/wp-content\\\/uploads\\\/2026\\\/04\\\/INFO-GALA-\u2013-Brigitte-Macron-au-Japon-le-poignant-hommage-a-une-femme-celebre-marquee-par-un-drame-quelle-a-voulu-soutenir.jpg\",\"contentUrl\":\"https:\\\/\\\/www.sebastien-auziere.fr\\\/blog\\\/wp-content\\\/uploads\\\/2026\\\/04\\\/INFO-GALA-\u2013-Brigitte-Macron-au-Japon-le-poignant-hommage-a-une-femme-celebre-marquee-par-un-drame-quelle-a-voulu-soutenir.jpg\",\"width\":2560,\"height\":1429,\"caption\":\"d\u00e9couvrez le poignant hommage rendu par brigitte macron au japon \u00e0 une femme c\u00e9l\u00e8bre marqu\u00e9e par un drame, illustrant son engagement et sa compassion.\"},{\"@type\":\"BreadcrumbList\",\"@id\":\"https:\\\/\\\/www.sebastien-auziere.fr\\\/blog\\\/pt\\\/info-gala-brigitte-macron-no-japao-a-emocionante-homenagem-a-uma-mulher-famosa-marcada-por-um-drama-que-ela-quis-apoiar\\\/#breadcrumb\",\"itemListElement\":[{\"@type\":\"ListItem\",\"position\":1,\"name\":\"Home\",\"item\":\"https:\\\/\\\/www.sebastien-auziere.fr\\\/blog\\\/\"},{\"@type\":\"ListItem\",\"position\":2,\"name\":\"INFO GALA \u2013 Brigitte Macron no Jap\u00e3o: a emocionante homenagem a uma mulher famosa marcada por um drama que ela quis apoiar\"}]},{\"@type\":\"WebSite\",\"@id\":\"https:\\\/\\\/www.sebastien-auziere.fr\\\/blog\\\/#website\",\"url\":\"https:\\\/\\\/www.sebastien-auziere.fr\\\/blog\\\/\",\"name\":\"Fan site S\u00e9bastien Auzi\u00e8re\",\"description\":\"M\u00e9dia g\u00e9n\u00e9raliste\",\"publisher\":{\"@id\":\"https:\\\/\\\/www.sebastien-auziere.fr\\\/blog\\\/#organization\"},\"potentialAction\":[{\"@type\":\"SearchAction\",\"target\":{\"@type\":\"EntryPoint\",\"urlTemplate\":\"https:\\\/\\\/www.sebastien-auziere.fr\\\/blog\\\/?s={search_term_string}\"},\"query-input\":{\"@type\":\"PropertyValueSpecification\",\"valueRequired\":true,\"valueName\":\"search_term_string\"}}],\"inLanguage\":\"fr-FR\"},{\"@type\":\"Organization\",\"@id\":\"https:\\\/\\\/www.sebastien-auziere.fr\\\/blog\\\/#organization\",\"name\":\"Fan site S\u00e9bastien Auzi\u00e8re\",\"url\":\"https:\\\/\\\/www.sebastien-auziere.fr\\\/blog\\\/\",\"logo\":{\"@type\":\"ImageObject\",\"inLanguage\":\"fr-FR\",\"@id\":\"https:\\\/\\\/www.sebastien-auziere.fr\\\/blog\\\/#\\\/schema\\\/logo\\\/image\\\/\",\"url\":\"https:\\\/\\\/www.sebastien-auziere.fr\\\/blog\\\/wp-content\\\/uploads\\\/2026\\\/03\\\/cropped-cropped-cropped-ChatGPT-Image-6-mars-2026-12_58_09-e1772798376794.jpg\",\"contentUrl\":\"https:\\\/\\\/www.sebastien-auziere.fr\\\/blog\\\/wp-content\\\/uploads\\\/2026\\\/03\\\/cropped-cropped-cropped-ChatGPT-Image-6-mars-2026-12_58_09-e1772798376794.jpg\",\"width\":512,\"height\":360,\"caption\":\"Fan site S\u00e9bastien Auzi\u00e8re\"},\"image\":{\"@id\":\"https:\\\/\\\/www.sebastien-auziere.fr\\\/blog\\\/#\\\/schema\\\/logo\\\/image\\\/\"}},{\"@type\":\"Person\",\"@id\":\"https:\\\/\\\/www.sebastien-auziere.fr\\\/blog\\\/#\\\/schema\\\/person\\\/149f1acdbfd85149c6c3e59adeae2f4d\",\"name\":\"Chloe Gauthier\",\"image\":{\"@type\":\"ImageObject\",\"inLanguage\":\"fr-FR\",\"@id\":\"https:\\\/\\\/secure.gravatar.com\\\/avatar\\\/2c5722f58171cff738a8985ef0dd66b476e563753246a49019befc837ec4201a?s=96&d=mm&r=g\",\"url\":\"https:\\\/\\\/secure.gravatar.com\\\/avatar\\\/2c5722f58171cff738a8985ef0dd66b476e563753246a49019befc837ec4201a?s=96&d=mm&r=g\",\"contentUrl\":\"https:\\\/\\\/secure.gravatar.com\\\/avatar\\\/2c5722f58171cff738a8985ef0dd66b476e563753246a49019befc837ec4201a?s=96&d=mm&r=g\",\"caption\":\"Chloe Gauthier\"},\"description\":\"Passionn\u00e9e par la politique et admiratrice engag\u00e9e de la famille Macron, je consacre mon \u00e9nergie \u00e0 suivre leurs initiatives et \u00e0 promouvoir leurs id\u00e9es. \u00c0 32 ans, je suis convaincue que leur vision est porteuse d'avenir.\",\"url\":\"https:\\\/\\\/www.sebastien-auziere.fr\\\/blog\\\/author\\\/chloe-gauthier\\\/\"}]}<\/script>\n<!-- \/ Yoast SEO plugin. -->","yoast_head_json":{"title":"INFO GALA \u2013 Brigitte Macron no Jap\u00e3o: a emocionante homenagem a uma mulher famosa marcada por um drama que ela quis apoiar - Fan site S\u00e9bastien Auzi\u00e8re","description":"D\u00e9couvrez le t\u00e9moignage \u00e9mouvant de Brigitte Macron au Japon, rendant hommage \u00e0 une femme c\u00e9l\u00e8bre ayant surmont\u00e9 un drame, pour la soutenir.","robots":{"index":"index","follow":"follow","max-snippet":"max-snippet:-1","max-image-preview":"max-image-preview:large","max-video-preview":"max-video-preview:-1"},"canonical":"https:\/\/www.sebastien-auziere.fr\/blog\/pt\/info-gala-brigitte-macron-no-japao-a-emocionante-homenagem-a-uma-mulher-famosa-marcada-por-um-drama-que-ela-quis-apoiar\/","og_locale":"fr_FR","og_type":"article","og_title":"INFO GALA \u2013 Brigitte Macron no Jap\u00e3o: a emocionante homenagem a uma mulher famosa marcada por um drama que ela quis apoiar - Fan site S\u00e9bastien Auzi\u00e8re","og_description":"D\u00e9couvrez le t\u00e9moignage \u00e9mouvant de Brigitte Macron au Japon, rendant hommage \u00e0 une femme c\u00e9l\u00e8bre ayant surmont\u00e9 un drame, pour la soutenir.","og_url":"https:\/\/www.sebastien-auziere.fr\/blog\/pt\/info-gala-brigitte-macron-no-japao-a-emocionante-homenagem-a-uma-mulher-famosa-marcada-por-um-drama-que-ela-quis-apoiar\/","og_site_name":"Fan site S\u00e9bastien Auzi\u00e8re","article_published_time":"2026-04-10T07:12:04+00:00","article_modified_time":"2026-04-10T07:12:37+00:00","og_image":[{"width":2560,"height":1429,"url":"https:\/\/www.sebastien-auziere.fr\/blog\/wp-content\/uploads\/2026\/04\/INFO-GALA-\u2013-Brigitte-Macron-au-Japon-le-poignant-hommage-a-une-femme-celebre-marquee-par-un-drame-quelle-a-voulu-soutenir.jpg","type":"image\/jpeg"}],"author":"Chloe Gauthier","twitter_card":"summary_large_image","twitter_misc":{"\u00c9crit par":"Chloe Gauthier","Dur\u00e9e de lecture estim\u00e9e":"3 minutes"},"schema":{"@context":"https:\/\/schema.org","@graph":[{"@type":"Article","@id":"https:\/\/www.sebastien-auziere.fr\/blog\/pt\/info-gala-brigitte-macron-no-japao-a-emocionante-homenagem-a-uma-mulher-famosa-marcada-por-um-drama-que-ela-quis-apoiar\/#article","isPartOf":{"@id":"https:\/\/www.sebastien-auziere.fr\/blog\/pt\/info-gala-brigitte-macron-no-japao-a-emocionante-homenagem-a-uma-mulher-famosa-marcada-por-um-drama-que-ela-quis-apoiar\/"},"author":{"name":"Chloe Gauthier","@id":"https:\/\/www.sebastien-auziere.fr\/blog\/#\/schema\/person\/149f1acdbfd85149c6c3e59adeae2f4d"},"headline":"INFO GALA \u2013 Brigitte Macron no Jap\u00e3o: a emocionante homenagem a uma mulher famosa marcada por um drama que ela quis apoiar","datePublished":"2026-04-10T07:12:04+00:00","dateModified":"2026-04-10T07:12:37+00:00","mainEntityOfPage":{"@id":"https:\/\/www.sebastien-auziere.fr\/blog\/pt\/info-gala-brigitte-macron-no-japao-a-emocionante-homenagem-a-uma-mulher-famosa-marcada-por-um-drama-que-ela-quis-apoiar\/"},"wordCount":560,"commentCount":0,"publisher":{"@id":"https:\/\/www.sebastien-auziere.fr\/blog\/#organization"},"image":{"@id":"https:\/\/www.sebastien-auziere.fr\/blog\/pt\/info-gala-brigitte-macron-no-japao-a-emocionante-homenagem-a-uma-mulher-famosa-marcada-por-um-drama-que-ela-quis-apoiar\/#primaryimage"},"thumbnailUrl":"https:\/\/www.sebastien-auziere.fr\/blog\/wp-content\/uploads\/2026\/04\/INFO-GALA-\u2013-Brigitte-Macron-au-Japon-le-poignant-hommage-a-une-femme-celebre-marquee-par-un-drame-quelle-a-voulu-soutenir.jpg","keywords":["brigitte macron","drama","homenagem comovente","japon\u00eas","mulher famosa"],"articleSection":["Actualidades"],"inLanguage":"fr-FR","potentialAction":[{"@type":"CommentAction","name":"Comment","target":["https:\/\/www.sebastien-auziere.fr\/blog\/pt\/info-gala-brigitte-macron-no-japao-a-emocionante-homenagem-a-uma-mulher-famosa-marcada-por-um-drama-que-ela-quis-apoiar\/#respond"]}]},{"@type":"WebPage","@id":"https:\/\/www.sebastien-auziere.fr\/blog\/pt\/info-gala-brigitte-macron-no-japao-a-emocionante-homenagem-a-uma-mulher-famosa-marcada-por-um-drama-que-ela-quis-apoiar\/","url":"https:\/\/www.sebastien-auziere.fr\/blog\/pt\/info-gala-brigitte-macron-no-japao-a-emocionante-homenagem-a-uma-mulher-famosa-marcada-por-um-drama-que-ela-quis-apoiar\/","name":"INFO GALA \u2013 Brigitte Macron no Jap\u00e3o: a emocionante homenagem a uma mulher famosa marcada por um drama que ela quis apoiar - Fan site S\u00e9bastien Auzi\u00e8re","isPartOf":{"@id":"https:\/\/www.sebastien-auziere.fr\/blog\/#website"},"primaryImageOfPage":{"@id":"https:\/\/www.sebastien-auziere.fr\/blog\/pt\/info-gala-brigitte-macron-no-japao-a-emocionante-homenagem-a-uma-mulher-famosa-marcada-por-um-drama-que-ela-quis-apoiar\/#primaryimage"},"image":{"@id":"https:\/\/www.sebastien-auziere.fr\/blog\/pt\/info-gala-brigitte-macron-no-japao-a-emocionante-homenagem-a-uma-mulher-famosa-marcada-por-um-drama-que-ela-quis-apoiar\/#primaryimage"},"thumbnailUrl":"https:\/\/www.sebastien-auziere.fr\/blog\/wp-content\/uploads\/2026\/04\/INFO-GALA-\u2013-Brigitte-Macron-au-Japon-le-poignant-hommage-a-une-femme-celebre-marquee-par-un-drame-quelle-a-voulu-soutenir.jpg","datePublished":"2026-04-10T07:12:04+00:00","dateModified":"2026-04-10T07:12:37+00:00","description":"D\u00e9couvrez le t\u00e9moignage \u00e9mouvant de Brigitte Macron au Japon, rendant hommage \u00e0 une femme c\u00e9l\u00e8bre ayant surmont\u00e9 un drame, pour la soutenir.","breadcrumb":{"@id":"https:\/\/www.sebastien-auziere.fr\/blog\/pt\/info-gala-brigitte-macron-no-japao-a-emocionante-homenagem-a-uma-mulher-famosa-marcada-por-um-drama-que-ela-quis-apoiar\/#breadcrumb"},"inLanguage":"fr-FR","potentialAction":[{"@type":"ReadAction","target":["https:\/\/www.sebastien-auziere.fr\/blog\/pt\/info-gala-brigitte-macron-no-japao-a-emocionante-homenagem-a-uma-mulher-famosa-marcada-por-um-drama-que-ela-quis-apoiar\/"]}]},{"@type":"ImageObject","inLanguage":"fr-FR","@id":"https:\/\/www.sebastien-auziere.fr\/blog\/pt\/info-gala-brigitte-macron-no-japao-a-emocionante-homenagem-a-uma-mulher-famosa-marcada-por-um-drama-que-ela-quis-apoiar\/#primaryimage","url":"https:\/\/www.sebastien-auziere.fr\/blog\/wp-content\/uploads\/2026\/04\/INFO-GALA-\u2013-Brigitte-Macron-au-Japon-le-poignant-hommage-a-une-femme-celebre-marquee-par-un-drame-quelle-a-voulu-soutenir.jpg","contentUrl":"https:\/\/www.sebastien-auziere.fr\/blog\/wp-content\/uploads\/2026\/04\/INFO-GALA-\u2013-Brigitte-Macron-au-Japon-le-poignant-hommage-a-une-femme-celebre-marquee-par-un-drame-quelle-a-voulu-soutenir.jpg","width":2560,"height":1429,"caption":"d\u00e9couvrez le poignant hommage rendu par brigitte macron au japon \u00e0 une femme c\u00e9l\u00e8bre marqu\u00e9e par un drame, illustrant son engagement et sa compassion."},{"@type":"BreadcrumbList","@id":"https:\/\/www.sebastien-auziere.fr\/blog\/pt\/info-gala-brigitte-macron-no-japao-a-emocionante-homenagem-a-uma-mulher-famosa-marcada-por-um-drama-que-ela-quis-apoiar\/#breadcrumb","itemListElement":[{"@type":"ListItem","position":1,"name":"Home","item":"https:\/\/www.sebastien-auziere.fr\/blog\/"},{"@type":"ListItem","position":2,"name":"INFO GALA \u2013 Brigitte Macron no Jap\u00e3o: a emocionante homenagem a uma mulher famosa marcada por um drama que ela quis apoiar"}]},{"@type":"WebSite","@id":"https:\/\/www.sebastien-auziere.fr\/blog\/#website","url":"https:\/\/www.sebastien-auziere.fr\/blog\/","name":"Fan site S\u00e9bastien Auzi\u00e8re","description":"M\u00e9dia g\u00e9n\u00e9raliste","publisher":{"@id":"https:\/\/www.sebastien-auziere.fr\/blog\/#organization"},"potentialAction":[{"@type":"SearchAction","target":{"@type":"EntryPoint","urlTemplate":"https:\/\/www.sebastien-auziere.fr\/blog\/?s={search_term_string}"},"query-input":{"@type":"PropertyValueSpecification","valueRequired":true,"valueName":"search_term_string"}}],"inLanguage":"fr-FR"},{"@type":"Organization","@id":"https:\/\/www.sebastien-auziere.fr\/blog\/#organization","name":"Fan site S\u00e9bastien Auzi\u00e8re","url":"https:\/\/www.sebastien-auziere.fr\/blog\/","logo":{"@type":"ImageObject","inLanguage":"fr-FR","@id":"https:\/\/www.sebastien-auziere.fr\/blog\/#\/schema\/logo\/image\/","url":"https:\/\/www.sebastien-auziere.fr\/blog\/wp-content\/uploads\/2026\/03\/cropped-cropped-cropped-ChatGPT-Image-6-mars-2026-12_58_09-e1772798376794.jpg","contentUrl":"https:\/\/www.sebastien-auziere.fr\/blog\/wp-content\/uploads\/2026\/03\/cropped-cropped-cropped-ChatGPT-Image-6-mars-2026-12_58_09-e1772798376794.jpg","width":512,"height":360,"caption":"Fan site S\u00e9bastien Auzi\u00e8re"},"image":{"@id":"https:\/\/www.sebastien-auziere.fr\/blog\/#\/schema\/logo\/image\/"}},{"@type":"Person","@id":"https:\/\/www.sebastien-auziere.fr\/blog\/#\/schema\/person\/149f1acdbfd85149c6c3e59adeae2f4d","name":"Chloe Gauthier","image":{"@type":"ImageObject","inLanguage":"fr-FR","@id":"https:\/\/secure.gravatar.com\/avatar\/2c5722f58171cff738a8985ef0dd66b476e563753246a49019befc837ec4201a?s=96&d=mm&r=g","url":"https:\/\/secure.gravatar.com\/avatar\/2c5722f58171cff738a8985ef0dd66b476e563753246a49019befc837ec4201a?s=96&d=mm&r=g","contentUrl":"https:\/\/secure.gravatar.com\/avatar\/2c5722f58171cff738a8985ef0dd66b476e563753246a49019befc837ec4201a?s=96&d=mm&r=g","caption":"Chloe Gauthier"},"description":"Passionn\u00e9e par la politique et admiratrice engag\u00e9e de la famille Macron, je consacre mon \u00e9nergie \u00e0 suivre leurs initiatives et \u00e0 promouvoir leurs id\u00e9es. \u00c0 32 ans, je suis convaincue que leur vision est porteuse d'avenir.","url":"https:\/\/www.sebastien-auziere.fr\/blog\/author\/chloe-gauthier\/"}]}},"views":2,"_links":{"self":[{"href":"https:\/\/www.sebastien-auziere.fr\/blog\/wp-json\/wp\/v2\/posts\/2916","targetHints":{"allow":["GET"]}}],"collection":[{"href":"https:\/\/www.sebastien-auziere.fr\/blog\/wp-json\/wp\/v2\/posts"}],"about":[{"href":"https:\/\/www.sebastien-auziere.fr\/blog\/wp-json\/wp\/v2\/types\/post"}],"author":[{"embeddable":true,"href":"https:\/\/www.sebastien-auziere.fr\/blog\/wp-json\/wp\/v2\/users\/9"}],"replies":[{"embeddable":true,"href":"https:\/\/www.sebastien-auziere.fr\/blog\/wp-json\/wp\/v2\/comments?post=2916"}],"version-history":[{"count":1,"href":"https:\/\/www.sebastien-auziere.fr\/blog\/wp-json\/wp\/v2\/posts\/2916\/revisions"}],"predecessor-version":[{"id":2917,"href":"https:\/\/www.sebastien-auziere.fr\/blog\/wp-json\/wp\/v2\/posts\/2916\/revisions\/2917"}],"wp:featuredmedia":[{"embeddable":true,"href":"https:\/\/www.sebastien-auziere.fr\/blog\/wp-json\/wp\/v2\/media\/2906"}],"wp:attachment":[{"href":"https:\/\/www.sebastien-auziere.fr\/blog\/wp-json\/wp\/v2\/media?parent=2916"}],"wp:term":[{"taxonomy":"category","embeddable":true,"href":"https:\/\/www.sebastien-auziere.fr\/blog\/wp-json\/wp\/v2\/categories?post=2916"},{"taxonomy":"post_tag","embeddable":true,"href":"https:\/\/www.sebastien-auziere.fr\/blog\/wp-json\/wp\/v2\/tags?post=2916"}],"curies":[{"name":"wp","href":"https:\/\/api.w.org\/{rel}","templated":true}]}}