{"id":2914,"date":"2026-04-10T07:10:56","date_gmt":"2026-04-10T07:10:56","guid":{"rendered":"https:\/\/www.sebastien-auziere.fr\/blog\/?p=2914"},"modified":"2026-04-10T07:11:35","modified_gmt":"2026-04-10T07:11:35","slug":"info-gala-brigitte-macron-in-giappone-il-toccante-omaggio-a-una-donna-famosa-segnata-da-un-dramma-che-ha-voluto-sostenere","status":"publish","type":"post","link":"https:\/\/www.sebastien-auziere.fr\/blog\/it\/info-gala-brigitte-macron-in-giappone-il-toccante-omaggio-a-una-donna-famosa-segnata-da-un-dramma-che-ha-voluto-sostenere\/","title":{"rendered":"INFO GALA \u2013 Brigitte Macron in Giappone: il toccante omaggio a una donna famosa segnata da un dramma che ha voluto sostenere"},"content":{"rendered":"<p><strong>Che emozione a Tokyo:<\/strong> <strong>Brigitte Macron<\/strong> ha reso un <strong>omaggio<\/strong> discreto e caloroso a <strong>Akie Abe<\/strong> durante un incontro organizzato <strong>gioved\u00ec 2 aprile<\/strong>. Questo t\u00eate-\u00e0-t\u00eate, preparato poco prima della ricezione al <strong>palazzo imperiale<\/strong>, \u00e8 stato segnato dal ricordo del <strong>dramma<\/strong> dell&rsquo;8 luglio 2022 e da una reale <strong>solidariet\u00e0<\/strong> e <strong>sostegno<\/strong>.<\/p>\n\n<p><strong>Arrivati marted\u00ec<\/strong> a Tokyo, la coppia presidenziale ha proseguito con scambi diplomatici per due giorni, per il quarto viaggio nell&rsquo;arcipelago dal 2017. L&rsquo;incontro privato di 45 minuti all&rsquo;hotel della delegazione ha preceduto la visita al palazzo dove <strong>l&rsquo;imperatore Naruhito<\/strong> e <strong>l&rsquo;imperatrice Masako<\/strong> hanno ricevuto Emmanuel e Brigitte Macron.<\/p>\n\n<h2 class=\"wp-block-heading\">Incontro intimo a Tokyo tra due donne legate<\/h2>\n\n<p>La visita di <strong>Brigitte Macron<\/strong> da <strong>Akie Abe<\/strong> non \u00e8 stata un semplice scambio protocollo: si \u00e8 trattato di un omaggio personale e di un momento di <strong>emozione<\/strong>. Le due donne hanno evocato i loro incontri passati, da Parigi a Giverny, e i loro impegni comuni intorno all&rsquo;istruzione e alla cultura.<\/p>\n\n<p>Questa relazione, tessuta dal 2018, d\u00e0 una dimensione umana alla visita presidenziale e ricorda l&rsquo;importanza del sostegno discreto tra le prime donne. Un gesto che va ben oltre una foto ufficiale.<\/p>\n\n<h2 class=\"wp-block-heading\">Il contesto diplomatico e i momenti salienti del viaggio<\/h2>\n\n<p>Arrivati marted\u00ec, Emmanuel e <strong>Brigitte Macron<\/strong> hanno proseguito con incontri e cerimonie, segnando il quarto viaggio presidenziale in <strong>Giappone<\/strong> dal 2017. Culmine: la ricezione al palazzo imperiale gioved\u00ec, seguita da una partenza per la Corea del Sud per concludere il tour asiatico.<\/p>\n\n<p>Questo calendario serrato illustra l&rsquo;importanza strategica del legame franco-giapponese nel 2026 e il ruolo attribuito dalla delegazione agli incontri bilaterali e ai segni di <strong>solidariet\u00e0<\/strong>. Per saperne di pi\u00f9 sulle tappe del viaggio, scopri questo focus <a href=\"https:\/\/www.sebastien-auziere.fr\/blog\/brigitte-macron-japon\/\">Brigitte Macron in Giappone<\/a>.<\/p>\n\n<h2 class=\"wp-block-heading\">Akie Abe, una donna famosa segnata dal dramma e impegnata<\/h2>\n\n<p>Il <strong>dramma<\/strong> dell&rsquo;8 luglio 2022, giorno dell&rsquo;assassinio di <strong>Shinz\u014d Abe<\/strong>, ha profondamente segnato <strong>Akie Abe<\/strong>, che ha poi affermato un ruolo pubblico di rilievo. Laureata nel 2011, si \u00e8 impegnata su temi come l&rsquo;educazione, la salute e questioni sociali talvolta audaci.<\/p>\n\n<p>La sua presenza al centro dell&rsquo;attenzione ricorda la fragilit\u00e0 delle vite pubbliche, ma anche la forza degli impegni condivisi. Il suo percorso risuona con quello di molte figure pubbliche in Europa e in Asia.<\/p>\n\n<h2 class=\"wp-block-heading\">Un omaggio discreto ma carico di significato<\/h2>\n\n<p>L&rsquo;incontro di 45 minuti, organizzato a margine delle cerimonie ufficiali, \u00e8 stata l&rsquo;occasione per uno scambio intimo e un gesto di <strong>sostegno<\/strong>. Emmanuel Macron \u00e8 venuto anche a salutare <strong>Akie Abe<\/strong>, rafforzando il messaggio di <strong>solidariet\u00e0<\/strong> franco-giapponese.<\/p>\n\n<p>Questo gesto si inserisce in una serie di incontri bilaterali e culturali e precede il programma in Corea del Sud dove la diplomazia culturale (K-pop, scambi) gioca anche un ruolo, dettagliato in questo reportage <a href=\"https:\/\/www.sebastien-auziere.fr\/blog\/macron-japon-coree-kpop\/\">Macron in Giappone e Corea<\/a>.<\/p>\n\n<p>Per approfondire la storia familiare e gli impegni attorno a <strong>S\u00e9bastien Auzi\u00e8re<\/strong> e alla <strong>famiglia Macron<\/strong>, visita <a href=\"https:\/\/www.sebastien-auziere.fr\/blog\/brigitte-macron-japon\/\">il dossier dedicato<\/a> e scopri articoli, foto e analisi dettagliate su questi incontri significativi.<\/p>","protected":false},"excerpt":{"rendered":"<p>Che emozione a Tokyo: Brigitte Macron ha reso un omaggio discreto e caloroso a Akie Abe durante un incontro organizzato gioved\u00ec 2 aprile. Questo t\u00eate-\u00e0-t\u00eate, preparato poco prima della ricezione al palazzo imperiale, \u00e8 stato segnato dal ricordo del dramma dell&rsquo;8 luglio 2022 e da una reale solidariet\u00e0 e sostegno. Arrivati marted\u00ec a Tokyo, la &#8230; <a title=\"INFO GALA \u2013 Brigitte Macron in Giappone: il toccante omaggio a una donna famosa segnata da un dramma che ha voluto sostenere\" class=\"read-more\" href=\"https:\/\/www.sebastien-auziere.fr\/blog\/it\/info-gala-brigitte-macron-in-giappone-il-toccante-omaggio-a-una-donna-famosa-segnata-da-un-dramma-che-ha-voluto-sostenere\/\" aria-label=\"En savoir plus sur INFO GALA \u2013 Brigitte Macron in Giappone: il toccante omaggio a una donna famosa segnata da un dramma che ha voluto sostenere\">Lire plus<\/a><\/p>\n","protected":false},"author":9,"featured_media":2906,"comment_status":"open","ping_status":"open","sticky":false,"template":"","format":"standard","meta":{"footnotes":""},"categories":[859],"tags":[944,2412,2415,1193,2418],"class_list":["post-2914","post","type-post","status-publish","format-standard","has-post-thumbnail","hentry","category-actualita-it","tag-brigitte-macron-it","tag-dramma-it","tag-femme-famosa-it","tag-japponese-it","tag-omaggio-toccante-it"],"yoast_head":"<!-- This site is optimized with the Yoast SEO plugin v27.5 - https:\/\/yoast.com\/product\/yoast-seo-wordpress\/ -->\n<title>INFO GALA \u2013 Brigitte Macron in Giappone: il toccante omaggio a una donna famosa segnata da un dramma che ha voluto sostenere - Fan site S\u00e9bastien Auzi\u00e8re<\/title>\n<meta name=\"description\" content=\"D\u00e9couvrez le t\u00e9moignage \u00e9mouvant de Brigitte Macron au Japon, rendant hommage \u00e0 une femme c\u00e9l\u00e8bre ayant surmont\u00e9 un drame, pour la soutenir.\" \/>\n<meta name=\"robots\" content=\"index, follow, max-snippet:-1, max-image-preview:large, max-video-preview:-1\" \/>\n<link rel=\"canonical\" href=\"https:\/\/www.sebastien-auziere.fr\/blog\/it\/info-gala-brigitte-macron-in-giappone-il-toccante-omaggio-a-una-donna-famosa-segnata-da-un-dramma-che-ha-voluto-sostenere\/\" \/>\n<meta property=\"og:locale\" content=\"fr_FR\" \/>\n<meta property=\"og:type\" content=\"article\" \/>\n<meta property=\"og:title\" content=\"INFO GALA \u2013 Brigitte Macron in Giappone: il toccante omaggio a una donna famosa segnata da un dramma che ha voluto sostenere - Fan site S\u00e9bastien Auzi\u00e8re\" \/>\n<meta property=\"og:description\" content=\"D\u00e9couvrez le t\u00e9moignage \u00e9mouvant de Brigitte Macron au Japon, rendant hommage \u00e0 une femme c\u00e9l\u00e8bre ayant surmont\u00e9 un drame, pour la soutenir.\" \/>\n<meta property=\"og:url\" content=\"https:\/\/www.sebastien-auziere.fr\/blog\/it\/info-gala-brigitte-macron-in-giappone-il-toccante-omaggio-a-una-donna-famosa-segnata-da-un-dramma-che-ha-voluto-sostenere\/\" \/>\n<meta property=\"og:site_name\" content=\"Fan site S\u00e9bastien Auzi\u00e8re\" \/>\n<meta property=\"article:published_time\" content=\"2026-04-10T07:10:56+00:00\" \/>\n<meta property=\"article:modified_time\" content=\"2026-04-10T07:11:35+00:00\" \/>\n<meta property=\"og:image\" content=\"https:\/\/www.sebastien-auziere.fr\/blog\/wp-content\/uploads\/2026\/04\/INFO-GALA-\u2013-Brigitte-Macron-au-Japon-le-poignant-hommage-a-une-femme-celebre-marquee-par-un-drame-quelle-a-voulu-soutenir.jpg\" \/>\n\t<meta property=\"og:image:width\" content=\"2560\" \/>\n\t<meta property=\"og:image:height\" content=\"1429\" \/>\n\t<meta property=\"og:image:type\" content=\"image\/jpeg\" \/>\n<meta name=\"author\" content=\"Chloe Gauthier\" \/>\n<meta name=\"twitter:card\" content=\"summary_large_image\" \/>\n<meta name=\"twitter:label1\" content=\"\u00c9crit par\" \/>\n\t<meta name=\"twitter:data1\" content=\"Chloe Gauthier\" \/>\n\t<meta name=\"twitter:label2\" content=\"Dur\u00e9e de lecture estim\u00e9e\" \/>\n\t<meta name=\"twitter:data2\" content=\"2 minutes\" \/>\n<script type=\"application\/ld+json\" class=\"yoast-schema-graph\">{\"@context\":\"https:\\\/\\\/schema.org\",\"@graph\":[{\"@type\":\"Article\",\"@id\":\"https:\\\/\\\/www.sebastien-auziere.fr\\\/blog\\\/it\\\/info-gala-brigitte-macron-in-giappone-il-toccante-omaggio-a-una-donna-famosa-segnata-da-un-dramma-che-ha-voluto-sostenere\\\/#article\",\"isPartOf\":{\"@id\":\"https:\\\/\\\/www.sebastien-auziere.fr\\\/blog\\\/it\\\/info-gala-brigitte-macron-in-giappone-il-toccante-omaggio-a-una-donna-famosa-segnata-da-un-dramma-che-ha-voluto-sostenere\\\/\"},\"author\":{\"name\":\"Chloe Gauthier\",\"@id\":\"https:\\\/\\\/www.sebastien-auziere.fr\\\/blog\\\/#\\\/schema\\\/person\\\/149f1acdbfd85149c6c3e59adeae2f4d\"},\"headline\":\"INFO GALA \u2013 Brigitte Macron in Giappone: il toccante omaggio a una donna famosa segnata da un dramma che ha voluto sostenere\",\"datePublished\":\"2026-04-10T07:10:56+00:00\",\"dateModified\":\"2026-04-10T07:11:35+00:00\",\"mainEntityOfPage\":{\"@id\":\"https:\\\/\\\/www.sebastien-auziere.fr\\\/blog\\\/it\\\/info-gala-brigitte-macron-in-giappone-il-toccante-omaggio-a-una-donna-famosa-segnata-da-un-dramma-che-ha-voluto-sostenere\\\/\"},\"wordCount\":488,\"commentCount\":0,\"publisher\":{\"@id\":\"https:\\\/\\\/www.sebastien-auziere.fr\\\/blog\\\/#organization\"},\"image\":{\"@id\":\"https:\\\/\\\/www.sebastien-auziere.fr\\\/blog\\\/it\\\/info-gala-brigitte-macron-in-giappone-il-toccante-omaggio-a-una-donna-famosa-segnata-da-un-dramma-che-ha-voluto-sostenere\\\/#primaryimage\"},\"thumbnailUrl\":\"https:\\\/\\\/www.sebastien-auziere.fr\\\/blog\\\/wp-content\\\/uploads\\\/2026\\\/04\\\/INFO-GALA-\u2013-Brigitte-Macron-au-Japon-le-poignant-hommage-a-une-femme-celebre-marquee-par-un-drame-quelle-a-voulu-soutenir.jpg\",\"keywords\":[\"brigitte macron\",\"dramma\",\"femme famosa\",\"japponese\",\"omaggio toccante\"],\"articleSection\":[\"Actualit\u00e0\"],\"inLanguage\":\"fr-FR\",\"potentialAction\":[{\"@type\":\"CommentAction\",\"name\":\"Comment\",\"target\":[\"https:\\\/\\\/www.sebastien-auziere.fr\\\/blog\\\/it\\\/info-gala-brigitte-macron-in-giappone-il-toccante-omaggio-a-una-donna-famosa-segnata-da-un-dramma-che-ha-voluto-sostenere\\\/#respond\"]}]},{\"@type\":\"WebPage\",\"@id\":\"https:\\\/\\\/www.sebastien-auziere.fr\\\/blog\\\/it\\\/info-gala-brigitte-macron-in-giappone-il-toccante-omaggio-a-una-donna-famosa-segnata-da-un-dramma-che-ha-voluto-sostenere\\\/\",\"url\":\"https:\\\/\\\/www.sebastien-auziere.fr\\\/blog\\\/it\\\/info-gala-brigitte-macron-in-giappone-il-toccante-omaggio-a-una-donna-famosa-segnata-da-un-dramma-che-ha-voluto-sostenere\\\/\",\"name\":\"INFO GALA \u2013 Brigitte Macron in Giappone: il toccante omaggio a una donna famosa segnata da un dramma che ha voluto sostenere - Fan site S\u00e9bastien Auzi\u00e8re\",\"isPartOf\":{\"@id\":\"https:\\\/\\\/www.sebastien-auziere.fr\\\/blog\\\/#website\"},\"primaryImageOfPage\":{\"@id\":\"https:\\\/\\\/www.sebastien-auziere.fr\\\/blog\\\/it\\\/info-gala-brigitte-macron-in-giappone-il-toccante-omaggio-a-una-donna-famosa-segnata-da-un-dramma-che-ha-voluto-sostenere\\\/#primaryimage\"},\"image\":{\"@id\":\"https:\\\/\\\/www.sebastien-auziere.fr\\\/blog\\\/it\\\/info-gala-brigitte-macron-in-giappone-il-toccante-omaggio-a-una-donna-famosa-segnata-da-un-dramma-che-ha-voluto-sostenere\\\/#primaryimage\"},\"thumbnailUrl\":\"https:\\\/\\\/www.sebastien-auziere.fr\\\/blog\\\/wp-content\\\/uploads\\\/2026\\\/04\\\/INFO-GALA-\u2013-Brigitte-Macron-au-Japon-le-poignant-hommage-a-une-femme-celebre-marquee-par-un-drame-quelle-a-voulu-soutenir.jpg\",\"datePublished\":\"2026-04-10T07:10:56+00:00\",\"dateModified\":\"2026-04-10T07:11:35+00:00\",\"description\":\"D\u00e9couvrez le t\u00e9moignage \u00e9mouvant de Brigitte Macron au Japon, rendant hommage \u00e0 une femme c\u00e9l\u00e8bre ayant surmont\u00e9 un drame, pour la soutenir.\",\"breadcrumb\":{\"@id\":\"https:\\\/\\\/www.sebastien-auziere.fr\\\/blog\\\/it\\\/info-gala-brigitte-macron-in-giappone-il-toccante-omaggio-a-una-donna-famosa-segnata-da-un-dramma-che-ha-voluto-sostenere\\\/#breadcrumb\"},\"inLanguage\":\"fr-FR\",\"potentialAction\":[{\"@type\":\"ReadAction\",\"target\":[\"https:\\\/\\\/www.sebastien-auziere.fr\\\/blog\\\/it\\\/info-gala-brigitte-macron-in-giappone-il-toccante-omaggio-a-una-donna-famosa-segnata-da-un-dramma-che-ha-voluto-sostenere\\\/\"]}]},{\"@type\":\"ImageObject\",\"inLanguage\":\"fr-FR\",\"@id\":\"https:\\\/\\\/www.sebastien-auziere.fr\\\/blog\\\/it\\\/info-gala-brigitte-macron-in-giappone-il-toccante-omaggio-a-una-donna-famosa-segnata-da-un-dramma-che-ha-voluto-sostenere\\\/#primaryimage\",\"url\":\"https:\\\/\\\/www.sebastien-auziere.fr\\\/blog\\\/wp-content\\\/uploads\\\/2026\\\/04\\\/INFO-GALA-\u2013-Brigitte-Macron-au-Japon-le-poignant-hommage-a-une-femme-celebre-marquee-par-un-drame-quelle-a-voulu-soutenir.jpg\",\"contentUrl\":\"https:\\\/\\\/www.sebastien-auziere.fr\\\/blog\\\/wp-content\\\/uploads\\\/2026\\\/04\\\/INFO-GALA-\u2013-Brigitte-Macron-au-Japon-le-poignant-hommage-a-une-femme-celebre-marquee-par-un-drame-quelle-a-voulu-soutenir.jpg\",\"width\":2560,\"height\":1429,\"caption\":\"d\u00e9couvrez le poignant hommage rendu par brigitte macron au japon \u00e0 une femme c\u00e9l\u00e8bre marqu\u00e9e par un drame, illustrant son engagement et sa compassion.\"},{\"@type\":\"BreadcrumbList\",\"@id\":\"https:\\\/\\\/www.sebastien-auziere.fr\\\/blog\\\/it\\\/info-gala-brigitte-macron-in-giappone-il-toccante-omaggio-a-una-donna-famosa-segnata-da-un-dramma-che-ha-voluto-sostenere\\\/#breadcrumb\",\"itemListElement\":[{\"@type\":\"ListItem\",\"position\":1,\"name\":\"Home\",\"item\":\"https:\\\/\\\/www.sebastien-auziere.fr\\\/blog\\\/\"},{\"@type\":\"ListItem\",\"position\":2,\"name\":\"INFO GALA \u2013 Brigitte Macron in Giappone: il toccante omaggio a una donna famosa segnata da un dramma che ha voluto sostenere\"}]},{\"@type\":\"WebSite\",\"@id\":\"https:\\\/\\\/www.sebastien-auziere.fr\\\/blog\\\/#website\",\"url\":\"https:\\\/\\\/www.sebastien-auziere.fr\\\/blog\\\/\",\"name\":\"Fan site S\u00e9bastien Auzi\u00e8re\",\"description\":\"M\u00e9dia g\u00e9n\u00e9raliste\",\"publisher\":{\"@id\":\"https:\\\/\\\/www.sebastien-auziere.fr\\\/blog\\\/#organization\"},\"potentialAction\":[{\"@type\":\"SearchAction\",\"target\":{\"@type\":\"EntryPoint\",\"urlTemplate\":\"https:\\\/\\\/www.sebastien-auziere.fr\\\/blog\\\/?s={search_term_string}\"},\"query-input\":{\"@type\":\"PropertyValueSpecification\",\"valueRequired\":true,\"valueName\":\"search_term_string\"}}],\"inLanguage\":\"fr-FR\"},{\"@type\":\"Organization\",\"@id\":\"https:\\\/\\\/www.sebastien-auziere.fr\\\/blog\\\/#organization\",\"name\":\"Fan site S\u00e9bastien Auzi\u00e8re\",\"url\":\"https:\\\/\\\/www.sebastien-auziere.fr\\\/blog\\\/\",\"logo\":{\"@type\":\"ImageObject\",\"inLanguage\":\"fr-FR\",\"@id\":\"https:\\\/\\\/www.sebastien-auziere.fr\\\/blog\\\/#\\\/schema\\\/logo\\\/image\\\/\",\"url\":\"https:\\\/\\\/www.sebastien-auziere.fr\\\/blog\\\/wp-content\\\/uploads\\\/2026\\\/03\\\/cropped-cropped-cropped-ChatGPT-Image-6-mars-2026-12_58_09-e1772798376794.jpg\",\"contentUrl\":\"https:\\\/\\\/www.sebastien-auziere.fr\\\/blog\\\/wp-content\\\/uploads\\\/2026\\\/03\\\/cropped-cropped-cropped-ChatGPT-Image-6-mars-2026-12_58_09-e1772798376794.jpg\",\"width\":512,\"height\":360,\"caption\":\"Fan site S\u00e9bastien Auzi\u00e8re\"},\"image\":{\"@id\":\"https:\\\/\\\/www.sebastien-auziere.fr\\\/blog\\\/#\\\/schema\\\/logo\\\/image\\\/\"}},{\"@type\":\"Person\",\"@id\":\"https:\\\/\\\/www.sebastien-auziere.fr\\\/blog\\\/#\\\/schema\\\/person\\\/149f1acdbfd85149c6c3e59adeae2f4d\",\"name\":\"Chloe Gauthier\",\"image\":{\"@type\":\"ImageObject\",\"inLanguage\":\"fr-FR\",\"@id\":\"https:\\\/\\\/secure.gravatar.com\\\/avatar\\\/2c5722f58171cff738a8985ef0dd66b476e563753246a49019befc837ec4201a?s=96&d=mm&r=g\",\"url\":\"https:\\\/\\\/secure.gravatar.com\\\/avatar\\\/2c5722f58171cff738a8985ef0dd66b476e563753246a49019befc837ec4201a?s=96&d=mm&r=g\",\"contentUrl\":\"https:\\\/\\\/secure.gravatar.com\\\/avatar\\\/2c5722f58171cff738a8985ef0dd66b476e563753246a49019befc837ec4201a?s=96&d=mm&r=g\",\"caption\":\"Chloe Gauthier\"},\"description\":\"Passionn\u00e9e par la politique et admiratrice engag\u00e9e de la famille Macron, je consacre mon \u00e9nergie \u00e0 suivre leurs initiatives et \u00e0 promouvoir leurs id\u00e9es. \u00c0 32 ans, je suis convaincue que leur vision est porteuse d'avenir.\",\"url\":\"https:\\\/\\\/www.sebastien-auziere.fr\\\/blog\\\/author\\\/chloe-gauthier\\\/\"}]}<\/script>\n<!-- \/ Yoast SEO plugin. -->","yoast_head_json":{"title":"INFO GALA \u2013 Brigitte Macron in Giappone: il toccante omaggio a una donna famosa segnata da un dramma che ha voluto sostenere - Fan site S\u00e9bastien Auzi\u00e8re","description":"D\u00e9couvrez le t\u00e9moignage \u00e9mouvant de Brigitte Macron au Japon, rendant hommage \u00e0 une femme c\u00e9l\u00e8bre ayant surmont\u00e9 un drame, pour la soutenir.","robots":{"index":"index","follow":"follow","max-snippet":"max-snippet:-1","max-image-preview":"max-image-preview:large","max-video-preview":"max-video-preview:-1"},"canonical":"https:\/\/www.sebastien-auziere.fr\/blog\/it\/info-gala-brigitte-macron-in-giappone-il-toccante-omaggio-a-una-donna-famosa-segnata-da-un-dramma-che-ha-voluto-sostenere\/","og_locale":"fr_FR","og_type":"article","og_title":"INFO GALA \u2013 Brigitte Macron in Giappone: il toccante omaggio a una donna famosa segnata da un dramma che ha voluto sostenere - Fan site S\u00e9bastien Auzi\u00e8re","og_description":"D\u00e9couvrez le t\u00e9moignage \u00e9mouvant de Brigitte Macron au Japon, rendant hommage \u00e0 une femme c\u00e9l\u00e8bre ayant surmont\u00e9 un drame, pour la soutenir.","og_url":"https:\/\/www.sebastien-auziere.fr\/blog\/it\/info-gala-brigitte-macron-in-giappone-il-toccante-omaggio-a-una-donna-famosa-segnata-da-un-dramma-che-ha-voluto-sostenere\/","og_site_name":"Fan site S\u00e9bastien Auzi\u00e8re","article_published_time":"2026-04-10T07:10:56+00:00","article_modified_time":"2026-04-10T07:11:35+00:00","og_image":[{"width":2560,"height":1429,"url":"https:\/\/www.sebastien-auziere.fr\/blog\/wp-content\/uploads\/2026\/04\/INFO-GALA-\u2013-Brigitte-Macron-au-Japon-le-poignant-hommage-a-une-femme-celebre-marquee-par-un-drame-quelle-a-voulu-soutenir.jpg","type":"image\/jpeg"}],"author":"Chloe Gauthier","twitter_card":"summary_large_image","twitter_misc":{"\u00c9crit par":"Chloe Gauthier","Dur\u00e9e de lecture estim\u00e9e":"2 minutes"},"schema":{"@context":"https:\/\/schema.org","@graph":[{"@type":"Article","@id":"https:\/\/www.sebastien-auziere.fr\/blog\/it\/info-gala-brigitte-macron-in-giappone-il-toccante-omaggio-a-una-donna-famosa-segnata-da-un-dramma-che-ha-voluto-sostenere\/#article","isPartOf":{"@id":"https:\/\/www.sebastien-auziere.fr\/blog\/it\/info-gala-brigitte-macron-in-giappone-il-toccante-omaggio-a-una-donna-famosa-segnata-da-un-dramma-che-ha-voluto-sostenere\/"},"author":{"name":"Chloe Gauthier","@id":"https:\/\/www.sebastien-auziere.fr\/blog\/#\/schema\/person\/149f1acdbfd85149c6c3e59adeae2f4d"},"headline":"INFO GALA \u2013 Brigitte Macron in Giappone: il toccante omaggio a una donna famosa segnata da un dramma che ha voluto sostenere","datePublished":"2026-04-10T07:10:56+00:00","dateModified":"2026-04-10T07:11:35+00:00","mainEntityOfPage":{"@id":"https:\/\/www.sebastien-auziere.fr\/blog\/it\/info-gala-brigitte-macron-in-giappone-il-toccante-omaggio-a-una-donna-famosa-segnata-da-un-dramma-che-ha-voluto-sostenere\/"},"wordCount":488,"commentCount":0,"publisher":{"@id":"https:\/\/www.sebastien-auziere.fr\/blog\/#organization"},"image":{"@id":"https:\/\/www.sebastien-auziere.fr\/blog\/it\/info-gala-brigitte-macron-in-giappone-il-toccante-omaggio-a-una-donna-famosa-segnata-da-un-dramma-che-ha-voluto-sostenere\/#primaryimage"},"thumbnailUrl":"https:\/\/www.sebastien-auziere.fr\/blog\/wp-content\/uploads\/2026\/04\/INFO-GALA-\u2013-Brigitte-Macron-au-Japon-le-poignant-hommage-a-une-femme-celebre-marquee-par-un-drame-quelle-a-voulu-soutenir.jpg","keywords":["brigitte macron","dramma","femme famosa","japponese","omaggio toccante"],"articleSection":["Actualit\u00e0"],"inLanguage":"fr-FR","potentialAction":[{"@type":"CommentAction","name":"Comment","target":["https:\/\/www.sebastien-auziere.fr\/blog\/it\/info-gala-brigitte-macron-in-giappone-il-toccante-omaggio-a-una-donna-famosa-segnata-da-un-dramma-che-ha-voluto-sostenere\/#respond"]}]},{"@type":"WebPage","@id":"https:\/\/www.sebastien-auziere.fr\/blog\/it\/info-gala-brigitte-macron-in-giappone-il-toccante-omaggio-a-una-donna-famosa-segnata-da-un-dramma-che-ha-voluto-sostenere\/","url":"https:\/\/www.sebastien-auziere.fr\/blog\/it\/info-gala-brigitte-macron-in-giappone-il-toccante-omaggio-a-una-donna-famosa-segnata-da-un-dramma-che-ha-voluto-sostenere\/","name":"INFO GALA \u2013 Brigitte Macron in Giappone: il toccante omaggio a una donna famosa segnata da un dramma che ha voluto sostenere - Fan site S\u00e9bastien Auzi\u00e8re","isPartOf":{"@id":"https:\/\/www.sebastien-auziere.fr\/blog\/#website"},"primaryImageOfPage":{"@id":"https:\/\/www.sebastien-auziere.fr\/blog\/it\/info-gala-brigitte-macron-in-giappone-il-toccante-omaggio-a-una-donna-famosa-segnata-da-un-dramma-che-ha-voluto-sostenere\/#primaryimage"},"image":{"@id":"https:\/\/www.sebastien-auziere.fr\/blog\/it\/info-gala-brigitte-macron-in-giappone-il-toccante-omaggio-a-una-donna-famosa-segnata-da-un-dramma-che-ha-voluto-sostenere\/#primaryimage"},"thumbnailUrl":"https:\/\/www.sebastien-auziere.fr\/blog\/wp-content\/uploads\/2026\/04\/INFO-GALA-\u2013-Brigitte-Macron-au-Japon-le-poignant-hommage-a-une-femme-celebre-marquee-par-un-drame-quelle-a-voulu-soutenir.jpg","datePublished":"2026-04-10T07:10:56+00:00","dateModified":"2026-04-10T07:11:35+00:00","description":"D\u00e9couvrez le t\u00e9moignage \u00e9mouvant de Brigitte Macron au Japon, rendant hommage \u00e0 une femme c\u00e9l\u00e8bre ayant surmont\u00e9 un drame, pour la soutenir.","breadcrumb":{"@id":"https:\/\/www.sebastien-auziere.fr\/blog\/it\/info-gala-brigitte-macron-in-giappone-il-toccante-omaggio-a-una-donna-famosa-segnata-da-un-dramma-che-ha-voluto-sostenere\/#breadcrumb"},"inLanguage":"fr-FR","potentialAction":[{"@type":"ReadAction","target":["https:\/\/www.sebastien-auziere.fr\/blog\/it\/info-gala-brigitte-macron-in-giappone-il-toccante-omaggio-a-una-donna-famosa-segnata-da-un-dramma-che-ha-voluto-sostenere\/"]}]},{"@type":"ImageObject","inLanguage":"fr-FR","@id":"https:\/\/www.sebastien-auziere.fr\/blog\/it\/info-gala-brigitte-macron-in-giappone-il-toccante-omaggio-a-una-donna-famosa-segnata-da-un-dramma-che-ha-voluto-sostenere\/#primaryimage","url":"https:\/\/www.sebastien-auziere.fr\/blog\/wp-content\/uploads\/2026\/04\/INFO-GALA-\u2013-Brigitte-Macron-au-Japon-le-poignant-hommage-a-une-femme-celebre-marquee-par-un-drame-quelle-a-voulu-soutenir.jpg","contentUrl":"https:\/\/www.sebastien-auziere.fr\/blog\/wp-content\/uploads\/2026\/04\/INFO-GALA-\u2013-Brigitte-Macron-au-Japon-le-poignant-hommage-a-une-femme-celebre-marquee-par-un-drame-quelle-a-voulu-soutenir.jpg","width":2560,"height":1429,"caption":"d\u00e9couvrez le poignant hommage rendu par brigitte macron au japon \u00e0 une femme c\u00e9l\u00e8bre marqu\u00e9e par un drame, illustrant son engagement et sa compassion."},{"@type":"BreadcrumbList","@id":"https:\/\/www.sebastien-auziere.fr\/blog\/it\/info-gala-brigitte-macron-in-giappone-il-toccante-omaggio-a-una-donna-famosa-segnata-da-un-dramma-che-ha-voluto-sostenere\/#breadcrumb","itemListElement":[{"@type":"ListItem","position":1,"name":"Home","item":"https:\/\/www.sebastien-auziere.fr\/blog\/"},{"@type":"ListItem","position":2,"name":"INFO GALA \u2013 Brigitte Macron in Giappone: il toccante omaggio a una donna famosa segnata da un dramma che ha voluto sostenere"}]},{"@type":"WebSite","@id":"https:\/\/www.sebastien-auziere.fr\/blog\/#website","url":"https:\/\/www.sebastien-auziere.fr\/blog\/","name":"Fan site S\u00e9bastien Auzi\u00e8re","description":"M\u00e9dia g\u00e9n\u00e9raliste","publisher":{"@id":"https:\/\/www.sebastien-auziere.fr\/blog\/#organization"},"potentialAction":[{"@type":"SearchAction","target":{"@type":"EntryPoint","urlTemplate":"https:\/\/www.sebastien-auziere.fr\/blog\/?s={search_term_string}"},"query-input":{"@type":"PropertyValueSpecification","valueRequired":true,"valueName":"search_term_string"}}],"inLanguage":"fr-FR"},{"@type":"Organization","@id":"https:\/\/www.sebastien-auziere.fr\/blog\/#organization","name":"Fan site S\u00e9bastien Auzi\u00e8re","url":"https:\/\/www.sebastien-auziere.fr\/blog\/","logo":{"@type":"ImageObject","inLanguage":"fr-FR","@id":"https:\/\/www.sebastien-auziere.fr\/blog\/#\/schema\/logo\/image\/","url":"https:\/\/www.sebastien-auziere.fr\/blog\/wp-content\/uploads\/2026\/03\/cropped-cropped-cropped-ChatGPT-Image-6-mars-2026-12_58_09-e1772798376794.jpg","contentUrl":"https:\/\/www.sebastien-auziere.fr\/blog\/wp-content\/uploads\/2026\/03\/cropped-cropped-cropped-ChatGPT-Image-6-mars-2026-12_58_09-e1772798376794.jpg","width":512,"height":360,"caption":"Fan site S\u00e9bastien Auzi\u00e8re"},"image":{"@id":"https:\/\/www.sebastien-auziere.fr\/blog\/#\/schema\/logo\/image\/"}},{"@type":"Person","@id":"https:\/\/www.sebastien-auziere.fr\/blog\/#\/schema\/person\/149f1acdbfd85149c6c3e59adeae2f4d","name":"Chloe Gauthier","image":{"@type":"ImageObject","inLanguage":"fr-FR","@id":"https:\/\/secure.gravatar.com\/avatar\/2c5722f58171cff738a8985ef0dd66b476e563753246a49019befc837ec4201a?s=96&d=mm&r=g","url":"https:\/\/secure.gravatar.com\/avatar\/2c5722f58171cff738a8985ef0dd66b476e563753246a49019befc837ec4201a?s=96&d=mm&r=g","contentUrl":"https:\/\/secure.gravatar.com\/avatar\/2c5722f58171cff738a8985ef0dd66b476e563753246a49019befc837ec4201a?s=96&d=mm&r=g","caption":"Chloe Gauthier"},"description":"Passionn\u00e9e par la politique et admiratrice engag\u00e9e de la famille Macron, je consacre mon \u00e9nergie \u00e0 suivre leurs initiatives et \u00e0 promouvoir leurs id\u00e9es. \u00c0 32 ans, je suis convaincue que leur vision est porteuse d'avenir.","url":"https:\/\/www.sebastien-auziere.fr\/blog\/author\/chloe-gauthier\/"}]}},"views":3,"_links":{"self":[{"href":"https:\/\/www.sebastien-auziere.fr\/blog\/wp-json\/wp\/v2\/posts\/2914","targetHints":{"allow":["GET"]}}],"collection":[{"href":"https:\/\/www.sebastien-auziere.fr\/blog\/wp-json\/wp\/v2\/posts"}],"about":[{"href":"https:\/\/www.sebastien-auziere.fr\/blog\/wp-json\/wp\/v2\/types\/post"}],"author":[{"embeddable":true,"href":"https:\/\/www.sebastien-auziere.fr\/blog\/wp-json\/wp\/v2\/users\/9"}],"replies":[{"embeddable":true,"href":"https:\/\/www.sebastien-auziere.fr\/blog\/wp-json\/wp\/v2\/comments?post=2914"}],"version-history":[{"count":1,"href":"https:\/\/www.sebastien-auziere.fr\/blog\/wp-json\/wp\/v2\/posts\/2914\/revisions"}],"predecessor-version":[{"id":2915,"href":"https:\/\/www.sebastien-auziere.fr\/blog\/wp-json\/wp\/v2\/posts\/2914\/revisions\/2915"}],"wp:featuredmedia":[{"embeddable":true,"href":"https:\/\/www.sebastien-auziere.fr\/blog\/wp-json\/wp\/v2\/media\/2906"}],"wp:attachment":[{"href":"https:\/\/www.sebastien-auziere.fr\/blog\/wp-json\/wp\/v2\/media?parent=2914"}],"wp:term":[{"taxonomy":"category","embeddable":true,"href":"https:\/\/www.sebastien-auziere.fr\/blog\/wp-json\/wp\/v2\/categories?post=2914"},{"taxonomy":"post_tag","embeddable":true,"href":"https:\/\/www.sebastien-auziere.fr\/blog\/wp-json\/wp\/v2\/tags?post=2914"}],"curies":[{"name":"wp","href":"https:\/\/api.w.org\/{rel}","templated":true}]}}