{"id":2912,"date":"2026-04-10T07:09:27","date_gmt":"2026-04-10T07:09:27","guid":{"rendered":"https:\/\/www.sebastien-auziere.fr\/blog\/?p=2912"},"modified":"2026-04-10T07:10:11","modified_gmt":"2026-04-10T07:10:11","slug":"info-gala-brigitte-macron-in-japan-die-ergreifende-hommage-an-eine-beruhmte-frau-die-von-einem-drama-gepragt-ist-das-sie-unterstutzen-wollte","status":"publish","type":"post","link":"https:\/\/www.sebastien-auziere.fr\/blog\/de\/info-gala-brigitte-macron-in-japan-die-ergreifende-hommage-an-eine-beruhmte-frau-die-von-einem-drama-gepragt-ist-das-sie-unterstutzen-wollte\/","title":{"rendered":"INFO GALA \u2013 Brigitte Macron in Japan: die ergreifende Hommage an eine ber\u00fchmte Frau, die von einem Drama gepr\u00e4gt ist, das sie unterst\u00fctzen wollte"},"content":{"rendered":"<p><strong>Welche Emotion in Tokio:<\/strong> <strong>Brigitte Macron<\/strong> hat ein <strong>diskretes<\/strong> und herzliches <strong>Tribut<\/strong> an <strong>Akie Abe<\/strong> w\u00e4hrend eines Treffens am <strong>Donnerstag, den 2. April<\/strong> zollt. Dieses t\u00eate-\u00e0-t\u00eate, das kurz vor der R\u00e9ception im <strong>k\u00f6niglichen Palast<\/strong> vorbereitet wurde, war gepr\u00e4gt von der Erinnerung an das <strong>Drama<\/strong> vom 8. Juli 2022 und wahrer <strong>Solidarit\u00e4t<\/strong> und <strong>Unterst\u00fctzung<\/strong>.<\/p>\n\n<p><strong>Am Dienstag angekommen<\/strong> in Tokio, hat das Pr\u00e4sidentenpaar zwei Tage lang diplomatische Gespr\u00e4che gef\u00fchrt, f\u00fcr den vierten Aufenthalt im Archipel seit 2017. Das private Treffen von 45 Minuten im Hotel der Delegation ging dem Besuch im Palais voraus, wo <strong>der Kaiser Naruhito<\/strong> und <strong>die Kaiserin Masako<\/strong> Emmanuel und Brigitte Macron empfangen haben.<\/p>\n\n<h2 class=\"wp-block-heading\">Intimes Treffen in Tokio zwischen zwei verbundenen Frauen<\/h2>\n\n<p>Der Besuch von <strong>Brigitte Macron<\/strong> bei <strong>Akie Abe<\/strong> war kein einfaches protokollarisches Austausch: Es handelte sich um eine pers\u00f6nliche Hommage und einen Moment der <strong>Emotion<\/strong>. Die beiden Frauen erinnerten sich an ihre vergangenen Begegnungen, von Paris bis Giverny, und an das gemeinsame Engagement f\u00fcr Bildung und Kultur.<\/p>\n\n<p>Diese seit 2018 gewobene Beziehung gibt dem Pr\u00e4sidentenbesuch eine menschliche Dimension und erinnert an die Bedeutung der diskreten Unterst\u00fctzung zwischen den First Ladies. Eine Geste, die weit \u00fcber ein offizielles Foto hinausgeht.<\/p>\n\n<h2 class=\"wp-block-heading\">Der diplomatische Kontext und die H\u00f6hepunkte der Reise<\/h2>\n\n<p>Am Dienstag angekommen, haben Emmanuel und <strong>Brigitte Macron<\/strong> Treffen und Zeremonien durchgef\u00fchrt, was den vierten Pr\u00e4sidentenbesuch in <strong>Japan<\/strong> seit 2017 markiert. Der H\u00f6hepunkt: die R\u00e9ception im k\u00f6niglichen Palast am Donnerstag, gefolgt von einer Abreise nach S\u00fcdkorea, um die asiatische Tournee abzuschlie\u00dfen.<\/p>\n\n<p>Dieser straffe Zeitplan illustriert die strategische Bedeutung der franz\u00f6sisch-japanischen Beziehungen im Jahr 2026 und die Priorit\u00e4t, die der Delegation den bilateralen Treffen und Zeichen der <strong>Solidarit\u00e4t<\/strong> einr\u00e4umt. Um mehr \u00fcber die Etappen der Reise zu erfahren, entdecke diesen Fokus <a href=\"https:\/\/www.sebastien-auziere.fr\/blog\/brigitte-macron-japon\/\">Brigitte Macron in Japan<\/a>.<\/p>\n\n<h2 class=\"wp-block-heading\">Akie Abe, eine ber\u00fchmte Frau, gepr\u00e4gt von Drama und Engagement<\/h2>\n\n<p>Das <strong>Drama<\/strong> vom 8. Juli 2022, dem Tag der Ermordung von <strong>Shinz\u014d Abe<\/strong>, hat <strong>Akie Abe<\/strong> tief gepr\u00e4gt, die anschlie\u00dfend eine bemerkenswerte \u00f6ffentliche Rolle eingenommen hat. Hochschulabsolventin von 2011, hat sie sich f\u00fcr Bildung, Gesundheit und manchmal gewagte gesellschaftliche Themen engagiert.<\/p>\n\n<p>Ihre Pr\u00e4senz im Mittelpunkt der Aufmerksamkeit erinnert an die Fragilit\u00e4t \u00f6ffentlicher Leben, aber auch an die St\u00e4rke geteilter Engagements. Ihr Werdegang klingt mit dem vieler \u00f6ffentlicher Pers\u00f6nlichkeiten in Europa und Asien nach.<\/p>\n\n<h2 class=\"wp-block-heading\">Ein diskretes, aber tiefgr\u00fcndiges Tribut<\/h2>\n\n<p>Das 45-min\u00fctige Treffen, das im Rahmen der offiziellen Zeremonien organisiert wurde, bot Gelegenheit f\u00fcr einen intimen Austausch und ein Zeugnis der <strong>Unterst\u00fctzung<\/strong>. Emmanuel Macron kam ebenfalls, um <strong>Akie Abe<\/strong> zu begr\u00fc\u00dfen, und verst\u00e4rkte die Botschaft der <strong>Solidarit\u00e4t<\/strong> zwischen Frankreich und Japan.<\/p>\n\n<p>Diese Geste ist Teil einer Reihe von bilateralen und kulturellen Treffen und geht dem Programm in S\u00fcdkorea voraus, wo die kulturelle Diplomatie (K-Pop, Austausch) ebenfalls eine Rolle spielt, die in diesem Bericht detailliert behandelt wird <a href=\"https:\/\/www.sebastien-auziere.fr\/blog\/macron-japon-coree-kpop\/\">Macron in Japan und Korea<\/a>.<\/p>\n\n<p>Um mehr \u00fcber die Familiengeschichte und das Engagement von <strong>S\u00e9bastien Auzi\u00e8re<\/strong> und der <strong>Familie Macron<\/strong> zu erfahren, besuche <a href=\"https:\/\/www.sebastien-auziere.fr\/blog\/brigitte-macron-japon\/\">die spezielle Dokumentation<\/a> und entdecke Artikel, Fotos und detaillierte Analysen \u00fcber diese bedeutenden Treffen.<\/p>","protected":false},"excerpt":{"rendered":"<p>Welche Emotion in Tokio: Brigitte Macron hat ein diskretes und herzliches Tribut an Akie Abe w\u00e4hrend eines Treffens am Donnerstag, den 2. April zollt. Dieses t\u00eate-\u00e0-t\u00eate, das kurz vor der R\u00e9ception im k\u00f6niglichen Palast vorbereitet wurde, war gepr\u00e4gt von der Erinnerung an das Drama vom 8. Juli 2022 und wahrer Solidarit\u00e4t und Unterst\u00fctzung. Am Dienstag &#8230; <a title=\"INFO GALA \u2013 Brigitte Macron in Japan: die ergreifende Hommage an eine ber\u00fchmte Frau, die von einem Drama gepr\u00e4gt ist, das sie unterst\u00fctzen wollte\" class=\"read-more\" href=\"https:\/\/www.sebastien-auziere.fr\/blog\/de\/info-gala-brigitte-macron-in-japan-die-ergreifende-hommage-an-eine-beruhmte-frau-die-von-einem-drama-gepragt-ist-das-sie-unterstutzen-wollte\/\" aria-label=\"En savoir plus sur INFO GALA \u2013 Brigitte Macron in Japan: die ergreifende Hommage an eine ber\u00fchmte Frau, die von einem Drama gepr\u00e4gt ist, das sie unterst\u00fctzen wollte\">Lire plus<\/a><\/p>\n","protected":false},"author":9,"featured_media":2906,"comment_status":"open","ping_status":"open","sticky":false,"template":"","format":"standard","meta":{"footnotes":""},"categories":[856],"tags":[2406,929,2403,2409,1181],"class_list":["post-2912","post","type-post","status-publish","format-standard","has-post-thumbnail","hentry","category-aktuelles-de","tag-beruhmte-frau-de","tag-brigitte-macron-de","tag-drama-de","tag-hommage-anruhrend-de","tag-japan-de"],"yoast_head":"<!-- This site is optimized with the Yoast SEO plugin v27.5 - https:\/\/yoast.com\/product\/yoast-seo-wordpress\/ -->\n<title>INFO GALA \u2013 Brigitte Macron in Japan: die ergreifende Hommage an eine ber\u00fchmte Frau, die von einem Drama gepr\u00e4gt ist, das sie unterst\u00fctzen wollte - Fan site S\u00e9bastien Auzi\u00e8re<\/title>\n<meta name=\"description\" content=\"D\u00e9couvrez le t\u00e9moignage \u00e9mouvant de Brigitte Macron au Japon, rendant hommage \u00e0 une femme c\u00e9l\u00e8bre ayant surmont\u00e9 un drame, pour la soutenir.\" \/>\n<meta name=\"robots\" content=\"index, follow, max-snippet:-1, max-image-preview:large, max-video-preview:-1\" \/>\n<link rel=\"canonical\" href=\"https:\/\/www.sebastien-auziere.fr\/blog\/de\/info-gala-brigitte-macron-in-japan-die-ergreifende-hommage-an-eine-beruhmte-frau-die-von-einem-drama-gepragt-ist-das-sie-unterstutzen-wollte\/\" \/>\n<meta property=\"og:locale\" content=\"fr_FR\" \/>\n<meta property=\"og:type\" content=\"article\" \/>\n<meta property=\"og:title\" content=\"INFO GALA \u2013 Brigitte Macron in Japan: die ergreifende Hommage an eine ber\u00fchmte Frau, die von einem Drama gepr\u00e4gt ist, das sie unterst\u00fctzen wollte - Fan site S\u00e9bastien Auzi\u00e8re\" \/>\n<meta property=\"og:description\" content=\"D\u00e9couvrez le t\u00e9moignage \u00e9mouvant de Brigitte Macron au Japon, rendant hommage \u00e0 une femme c\u00e9l\u00e8bre ayant surmont\u00e9 un drame, pour la soutenir.\" \/>\n<meta property=\"og:url\" content=\"https:\/\/www.sebastien-auziere.fr\/blog\/de\/info-gala-brigitte-macron-in-japan-die-ergreifende-hommage-an-eine-beruhmte-frau-die-von-einem-drama-gepragt-ist-das-sie-unterstutzen-wollte\/\" \/>\n<meta property=\"og:site_name\" content=\"Fan site S\u00e9bastien Auzi\u00e8re\" \/>\n<meta property=\"article:published_time\" content=\"2026-04-10T07:09:27+00:00\" \/>\n<meta property=\"article:modified_time\" content=\"2026-04-10T07:10:11+00:00\" \/>\n<meta property=\"og:image\" content=\"https:\/\/www.sebastien-auziere.fr\/blog\/wp-content\/uploads\/2026\/04\/INFO-GALA-\u2013-Brigitte-Macron-au-Japon-le-poignant-hommage-a-une-femme-celebre-marquee-par-un-drame-quelle-a-voulu-soutenir.jpg\" \/>\n\t<meta property=\"og:image:width\" content=\"2560\" \/>\n\t<meta property=\"og:image:height\" content=\"1429\" \/>\n\t<meta property=\"og:image:type\" content=\"image\/jpeg\" \/>\n<meta name=\"author\" content=\"Chloe Gauthier\" \/>\n<meta name=\"twitter:card\" content=\"summary_large_image\" \/>\n<meta name=\"twitter:label1\" content=\"\u00c9crit par\" \/>\n\t<meta name=\"twitter:data1\" content=\"Chloe Gauthier\" \/>\n\t<meta name=\"twitter:label2\" content=\"Dur\u00e9e de lecture estim\u00e9e\" \/>\n\t<meta name=\"twitter:data2\" content=\"3 minutes\" \/>\n<script type=\"application\/ld+json\" class=\"yoast-schema-graph\">{\"@context\":\"https:\\\/\\\/schema.org\",\"@graph\":[{\"@type\":\"Article\",\"@id\":\"https:\\\/\\\/www.sebastien-auziere.fr\\\/blog\\\/de\\\/info-gala-brigitte-macron-in-japan-die-ergreifende-hommage-an-eine-beruhmte-frau-die-von-einem-drama-gepragt-ist-das-sie-unterstutzen-wollte\\\/#article\",\"isPartOf\":{\"@id\":\"https:\\\/\\\/www.sebastien-auziere.fr\\\/blog\\\/de\\\/info-gala-brigitte-macron-in-japan-die-ergreifende-hommage-an-eine-beruhmte-frau-die-von-einem-drama-gepragt-ist-das-sie-unterstutzen-wollte\\\/\"},\"author\":{\"name\":\"Chloe Gauthier\",\"@id\":\"https:\\\/\\\/www.sebastien-auziere.fr\\\/blog\\\/#\\\/schema\\\/person\\\/149f1acdbfd85149c6c3e59adeae2f4d\"},\"headline\":\"INFO GALA \u2013 Brigitte Macron in Japan: die ergreifende Hommage an eine ber\u00fchmte Frau, die von einem Drama gepr\u00e4gt ist, das sie unterst\u00fctzen wollte\",\"datePublished\":\"2026-04-10T07:09:27+00:00\",\"dateModified\":\"2026-04-10T07:10:11+00:00\",\"mainEntityOfPage\":{\"@id\":\"https:\\\/\\\/www.sebastien-auziere.fr\\\/blog\\\/de\\\/info-gala-brigitte-macron-in-japan-die-ergreifende-hommage-an-eine-beruhmte-frau-die-von-einem-drama-gepragt-ist-das-sie-unterstutzen-wollte\\\/\"},\"wordCount\":548,\"commentCount\":0,\"publisher\":{\"@id\":\"https:\\\/\\\/www.sebastien-auziere.fr\\\/blog\\\/#organization\"},\"image\":{\"@id\":\"https:\\\/\\\/www.sebastien-auziere.fr\\\/blog\\\/de\\\/info-gala-brigitte-macron-in-japan-die-ergreifende-hommage-an-eine-beruhmte-frau-die-von-einem-drama-gepragt-ist-das-sie-unterstutzen-wollte\\\/#primaryimage\"},\"thumbnailUrl\":\"https:\\\/\\\/www.sebastien-auziere.fr\\\/blog\\\/wp-content\\\/uploads\\\/2026\\\/04\\\/INFO-GALA-\u2013-Brigitte-Macron-au-Japon-le-poignant-hommage-a-une-femme-celebre-marquee-par-un-drame-quelle-a-voulu-soutenir.jpg\",\"keywords\":[\"ber\u00fchmte Frau\",\"brigitte macron\",\"drama\",\"hommage anr\u00fchrend\",\"japan\"],\"articleSection\":[\"Aktuelles\"],\"inLanguage\":\"fr-FR\",\"potentialAction\":[{\"@type\":\"CommentAction\",\"name\":\"Comment\",\"target\":[\"https:\\\/\\\/www.sebastien-auziere.fr\\\/blog\\\/de\\\/info-gala-brigitte-macron-in-japan-die-ergreifende-hommage-an-eine-beruhmte-frau-die-von-einem-drama-gepragt-ist-das-sie-unterstutzen-wollte\\\/#respond\"]}]},{\"@type\":\"WebPage\",\"@id\":\"https:\\\/\\\/www.sebastien-auziere.fr\\\/blog\\\/de\\\/info-gala-brigitte-macron-in-japan-die-ergreifende-hommage-an-eine-beruhmte-frau-die-von-einem-drama-gepragt-ist-das-sie-unterstutzen-wollte\\\/\",\"url\":\"https:\\\/\\\/www.sebastien-auziere.fr\\\/blog\\\/de\\\/info-gala-brigitte-macron-in-japan-die-ergreifende-hommage-an-eine-beruhmte-frau-die-von-einem-drama-gepragt-ist-das-sie-unterstutzen-wollte\\\/\",\"name\":\"INFO GALA \u2013 Brigitte Macron in Japan: die ergreifende Hommage an eine ber\u00fchmte Frau, die von einem Drama gepr\u00e4gt ist, das sie unterst\u00fctzen wollte - Fan site S\u00e9bastien Auzi\u00e8re\",\"isPartOf\":{\"@id\":\"https:\\\/\\\/www.sebastien-auziere.fr\\\/blog\\\/#website\"},\"primaryImageOfPage\":{\"@id\":\"https:\\\/\\\/www.sebastien-auziere.fr\\\/blog\\\/de\\\/info-gala-brigitte-macron-in-japan-die-ergreifende-hommage-an-eine-beruhmte-frau-die-von-einem-drama-gepragt-ist-das-sie-unterstutzen-wollte\\\/#primaryimage\"},\"image\":{\"@id\":\"https:\\\/\\\/www.sebastien-auziere.fr\\\/blog\\\/de\\\/info-gala-brigitte-macron-in-japan-die-ergreifende-hommage-an-eine-beruhmte-frau-die-von-einem-drama-gepragt-ist-das-sie-unterstutzen-wollte\\\/#primaryimage\"},\"thumbnailUrl\":\"https:\\\/\\\/www.sebastien-auziere.fr\\\/blog\\\/wp-content\\\/uploads\\\/2026\\\/04\\\/INFO-GALA-\u2013-Brigitte-Macron-au-Japon-le-poignant-hommage-a-une-femme-celebre-marquee-par-un-drame-quelle-a-voulu-soutenir.jpg\",\"datePublished\":\"2026-04-10T07:09:27+00:00\",\"dateModified\":\"2026-04-10T07:10:11+00:00\",\"description\":\"D\u00e9couvrez le t\u00e9moignage \u00e9mouvant de Brigitte Macron au Japon, rendant hommage \u00e0 une femme c\u00e9l\u00e8bre ayant surmont\u00e9 un drame, pour la soutenir.\",\"breadcrumb\":{\"@id\":\"https:\\\/\\\/www.sebastien-auziere.fr\\\/blog\\\/de\\\/info-gala-brigitte-macron-in-japan-die-ergreifende-hommage-an-eine-beruhmte-frau-die-von-einem-drama-gepragt-ist-das-sie-unterstutzen-wollte\\\/#breadcrumb\"},\"inLanguage\":\"fr-FR\",\"potentialAction\":[{\"@type\":\"ReadAction\",\"target\":[\"https:\\\/\\\/www.sebastien-auziere.fr\\\/blog\\\/de\\\/info-gala-brigitte-macron-in-japan-die-ergreifende-hommage-an-eine-beruhmte-frau-die-von-einem-drama-gepragt-ist-das-sie-unterstutzen-wollte\\\/\"]}]},{\"@type\":\"ImageObject\",\"inLanguage\":\"fr-FR\",\"@id\":\"https:\\\/\\\/www.sebastien-auziere.fr\\\/blog\\\/de\\\/info-gala-brigitte-macron-in-japan-die-ergreifende-hommage-an-eine-beruhmte-frau-die-von-einem-drama-gepragt-ist-das-sie-unterstutzen-wollte\\\/#primaryimage\",\"url\":\"https:\\\/\\\/www.sebastien-auziere.fr\\\/blog\\\/wp-content\\\/uploads\\\/2026\\\/04\\\/INFO-GALA-\u2013-Brigitte-Macron-au-Japon-le-poignant-hommage-a-une-femme-celebre-marquee-par-un-drame-quelle-a-voulu-soutenir.jpg\",\"contentUrl\":\"https:\\\/\\\/www.sebastien-auziere.fr\\\/blog\\\/wp-content\\\/uploads\\\/2026\\\/04\\\/INFO-GALA-\u2013-Brigitte-Macron-au-Japon-le-poignant-hommage-a-une-femme-celebre-marquee-par-un-drame-quelle-a-voulu-soutenir.jpg\",\"width\":2560,\"height\":1429,\"caption\":\"d\u00e9couvrez le poignant hommage rendu par brigitte macron au japon \u00e0 une femme c\u00e9l\u00e8bre marqu\u00e9e par un drame, illustrant son engagement et sa compassion.\"},{\"@type\":\"BreadcrumbList\",\"@id\":\"https:\\\/\\\/www.sebastien-auziere.fr\\\/blog\\\/de\\\/info-gala-brigitte-macron-in-japan-die-ergreifende-hommage-an-eine-beruhmte-frau-die-von-einem-drama-gepragt-ist-das-sie-unterstutzen-wollte\\\/#breadcrumb\",\"itemListElement\":[{\"@type\":\"ListItem\",\"position\":1,\"name\":\"Home\",\"item\":\"https:\\\/\\\/www.sebastien-auziere.fr\\\/blog\\\/\"},{\"@type\":\"ListItem\",\"position\":2,\"name\":\"INFO GALA \u2013 Brigitte Macron in Japan: die ergreifende Hommage an eine ber\u00fchmte Frau, die von einem Drama gepr\u00e4gt ist, das sie unterst\u00fctzen wollte\"}]},{\"@type\":\"WebSite\",\"@id\":\"https:\\\/\\\/www.sebastien-auziere.fr\\\/blog\\\/#website\",\"url\":\"https:\\\/\\\/www.sebastien-auziere.fr\\\/blog\\\/\",\"name\":\"Fan site S\u00e9bastien Auzi\u00e8re\",\"description\":\"M\u00e9dia g\u00e9n\u00e9raliste\",\"publisher\":{\"@id\":\"https:\\\/\\\/www.sebastien-auziere.fr\\\/blog\\\/#organization\"},\"potentialAction\":[{\"@type\":\"SearchAction\",\"target\":{\"@type\":\"EntryPoint\",\"urlTemplate\":\"https:\\\/\\\/www.sebastien-auziere.fr\\\/blog\\\/?s={search_term_string}\"},\"query-input\":{\"@type\":\"PropertyValueSpecification\",\"valueRequired\":true,\"valueName\":\"search_term_string\"}}],\"inLanguage\":\"fr-FR\"},{\"@type\":\"Organization\",\"@id\":\"https:\\\/\\\/www.sebastien-auziere.fr\\\/blog\\\/#organization\",\"name\":\"Fan site S\u00e9bastien Auzi\u00e8re\",\"url\":\"https:\\\/\\\/www.sebastien-auziere.fr\\\/blog\\\/\",\"logo\":{\"@type\":\"ImageObject\",\"inLanguage\":\"fr-FR\",\"@id\":\"https:\\\/\\\/www.sebastien-auziere.fr\\\/blog\\\/#\\\/schema\\\/logo\\\/image\\\/\",\"url\":\"https:\\\/\\\/www.sebastien-auziere.fr\\\/blog\\\/wp-content\\\/uploads\\\/2026\\\/03\\\/cropped-cropped-cropped-ChatGPT-Image-6-mars-2026-12_58_09-e1772798376794.jpg\",\"contentUrl\":\"https:\\\/\\\/www.sebastien-auziere.fr\\\/blog\\\/wp-content\\\/uploads\\\/2026\\\/03\\\/cropped-cropped-cropped-ChatGPT-Image-6-mars-2026-12_58_09-e1772798376794.jpg\",\"width\":512,\"height\":360,\"caption\":\"Fan site S\u00e9bastien Auzi\u00e8re\"},\"image\":{\"@id\":\"https:\\\/\\\/www.sebastien-auziere.fr\\\/blog\\\/#\\\/schema\\\/logo\\\/image\\\/\"}},{\"@type\":\"Person\",\"@id\":\"https:\\\/\\\/www.sebastien-auziere.fr\\\/blog\\\/#\\\/schema\\\/person\\\/149f1acdbfd85149c6c3e59adeae2f4d\",\"name\":\"Chloe Gauthier\",\"image\":{\"@type\":\"ImageObject\",\"inLanguage\":\"fr-FR\",\"@id\":\"https:\\\/\\\/secure.gravatar.com\\\/avatar\\\/2c5722f58171cff738a8985ef0dd66b476e563753246a49019befc837ec4201a?s=96&d=mm&r=g\",\"url\":\"https:\\\/\\\/secure.gravatar.com\\\/avatar\\\/2c5722f58171cff738a8985ef0dd66b476e563753246a49019befc837ec4201a?s=96&d=mm&r=g\",\"contentUrl\":\"https:\\\/\\\/secure.gravatar.com\\\/avatar\\\/2c5722f58171cff738a8985ef0dd66b476e563753246a49019befc837ec4201a?s=96&d=mm&r=g\",\"caption\":\"Chloe Gauthier\"},\"description\":\"Passionn\u00e9e par la politique et admiratrice engag\u00e9e de la famille Macron, je consacre mon \u00e9nergie \u00e0 suivre leurs initiatives et \u00e0 promouvoir leurs id\u00e9es. \u00c0 32 ans, je suis convaincue que leur vision est porteuse d'avenir.\",\"url\":\"https:\\\/\\\/www.sebastien-auziere.fr\\\/blog\\\/author\\\/chloe-gauthier\\\/\"}]}<\/script>\n<!-- \/ Yoast SEO plugin. -->","yoast_head_json":{"title":"INFO GALA \u2013 Brigitte Macron in Japan: die ergreifende Hommage an eine ber\u00fchmte Frau, die von einem Drama gepr\u00e4gt ist, das sie unterst\u00fctzen wollte - Fan site S\u00e9bastien Auzi\u00e8re","description":"D\u00e9couvrez le t\u00e9moignage \u00e9mouvant de Brigitte Macron au Japon, rendant hommage \u00e0 une femme c\u00e9l\u00e8bre ayant surmont\u00e9 un drame, pour la soutenir.","robots":{"index":"index","follow":"follow","max-snippet":"max-snippet:-1","max-image-preview":"max-image-preview:large","max-video-preview":"max-video-preview:-1"},"canonical":"https:\/\/www.sebastien-auziere.fr\/blog\/de\/info-gala-brigitte-macron-in-japan-die-ergreifende-hommage-an-eine-beruhmte-frau-die-von-einem-drama-gepragt-ist-das-sie-unterstutzen-wollte\/","og_locale":"fr_FR","og_type":"article","og_title":"INFO GALA \u2013 Brigitte Macron in Japan: die ergreifende Hommage an eine ber\u00fchmte Frau, die von einem Drama gepr\u00e4gt ist, das sie unterst\u00fctzen wollte - Fan site S\u00e9bastien Auzi\u00e8re","og_description":"D\u00e9couvrez le t\u00e9moignage \u00e9mouvant de Brigitte Macron au Japon, rendant hommage \u00e0 une femme c\u00e9l\u00e8bre ayant surmont\u00e9 un drame, pour la soutenir.","og_url":"https:\/\/www.sebastien-auziere.fr\/blog\/de\/info-gala-brigitte-macron-in-japan-die-ergreifende-hommage-an-eine-beruhmte-frau-die-von-einem-drama-gepragt-ist-das-sie-unterstutzen-wollte\/","og_site_name":"Fan site S\u00e9bastien Auzi\u00e8re","article_published_time":"2026-04-10T07:09:27+00:00","article_modified_time":"2026-04-10T07:10:11+00:00","og_image":[{"width":2560,"height":1429,"url":"https:\/\/www.sebastien-auziere.fr\/blog\/wp-content\/uploads\/2026\/04\/INFO-GALA-\u2013-Brigitte-Macron-au-Japon-le-poignant-hommage-a-une-femme-celebre-marquee-par-un-drame-quelle-a-voulu-soutenir.jpg","type":"image\/jpeg"}],"author":"Chloe Gauthier","twitter_card":"summary_large_image","twitter_misc":{"\u00c9crit par":"Chloe Gauthier","Dur\u00e9e de lecture estim\u00e9e":"3 minutes"},"schema":{"@context":"https:\/\/schema.org","@graph":[{"@type":"Article","@id":"https:\/\/www.sebastien-auziere.fr\/blog\/de\/info-gala-brigitte-macron-in-japan-die-ergreifende-hommage-an-eine-beruhmte-frau-die-von-einem-drama-gepragt-ist-das-sie-unterstutzen-wollte\/#article","isPartOf":{"@id":"https:\/\/www.sebastien-auziere.fr\/blog\/de\/info-gala-brigitte-macron-in-japan-die-ergreifende-hommage-an-eine-beruhmte-frau-die-von-einem-drama-gepragt-ist-das-sie-unterstutzen-wollte\/"},"author":{"name":"Chloe Gauthier","@id":"https:\/\/www.sebastien-auziere.fr\/blog\/#\/schema\/person\/149f1acdbfd85149c6c3e59adeae2f4d"},"headline":"INFO GALA \u2013 Brigitte Macron in Japan: die ergreifende Hommage an eine ber\u00fchmte Frau, die von einem Drama gepr\u00e4gt ist, das sie unterst\u00fctzen wollte","datePublished":"2026-04-10T07:09:27+00:00","dateModified":"2026-04-10T07:10:11+00:00","mainEntityOfPage":{"@id":"https:\/\/www.sebastien-auziere.fr\/blog\/de\/info-gala-brigitte-macron-in-japan-die-ergreifende-hommage-an-eine-beruhmte-frau-die-von-einem-drama-gepragt-ist-das-sie-unterstutzen-wollte\/"},"wordCount":548,"commentCount":0,"publisher":{"@id":"https:\/\/www.sebastien-auziere.fr\/blog\/#organization"},"image":{"@id":"https:\/\/www.sebastien-auziere.fr\/blog\/de\/info-gala-brigitte-macron-in-japan-die-ergreifende-hommage-an-eine-beruhmte-frau-die-von-einem-drama-gepragt-ist-das-sie-unterstutzen-wollte\/#primaryimage"},"thumbnailUrl":"https:\/\/www.sebastien-auziere.fr\/blog\/wp-content\/uploads\/2026\/04\/INFO-GALA-\u2013-Brigitte-Macron-au-Japon-le-poignant-hommage-a-une-femme-celebre-marquee-par-un-drame-quelle-a-voulu-soutenir.jpg","keywords":["ber\u00fchmte Frau","brigitte macron","drama","hommage anr\u00fchrend","japan"],"articleSection":["Aktuelles"],"inLanguage":"fr-FR","potentialAction":[{"@type":"CommentAction","name":"Comment","target":["https:\/\/www.sebastien-auziere.fr\/blog\/de\/info-gala-brigitte-macron-in-japan-die-ergreifende-hommage-an-eine-beruhmte-frau-die-von-einem-drama-gepragt-ist-das-sie-unterstutzen-wollte\/#respond"]}]},{"@type":"WebPage","@id":"https:\/\/www.sebastien-auziere.fr\/blog\/de\/info-gala-brigitte-macron-in-japan-die-ergreifende-hommage-an-eine-beruhmte-frau-die-von-einem-drama-gepragt-ist-das-sie-unterstutzen-wollte\/","url":"https:\/\/www.sebastien-auziere.fr\/blog\/de\/info-gala-brigitte-macron-in-japan-die-ergreifende-hommage-an-eine-beruhmte-frau-die-von-einem-drama-gepragt-ist-das-sie-unterstutzen-wollte\/","name":"INFO GALA \u2013 Brigitte Macron in Japan: die ergreifende Hommage an eine ber\u00fchmte Frau, die von einem Drama gepr\u00e4gt ist, das sie unterst\u00fctzen wollte - Fan site S\u00e9bastien Auzi\u00e8re","isPartOf":{"@id":"https:\/\/www.sebastien-auziere.fr\/blog\/#website"},"primaryImageOfPage":{"@id":"https:\/\/www.sebastien-auziere.fr\/blog\/de\/info-gala-brigitte-macron-in-japan-die-ergreifende-hommage-an-eine-beruhmte-frau-die-von-einem-drama-gepragt-ist-das-sie-unterstutzen-wollte\/#primaryimage"},"image":{"@id":"https:\/\/www.sebastien-auziere.fr\/blog\/de\/info-gala-brigitte-macron-in-japan-die-ergreifende-hommage-an-eine-beruhmte-frau-die-von-einem-drama-gepragt-ist-das-sie-unterstutzen-wollte\/#primaryimage"},"thumbnailUrl":"https:\/\/www.sebastien-auziere.fr\/blog\/wp-content\/uploads\/2026\/04\/INFO-GALA-\u2013-Brigitte-Macron-au-Japon-le-poignant-hommage-a-une-femme-celebre-marquee-par-un-drame-quelle-a-voulu-soutenir.jpg","datePublished":"2026-04-10T07:09:27+00:00","dateModified":"2026-04-10T07:10:11+00:00","description":"D\u00e9couvrez le t\u00e9moignage \u00e9mouvant de Brigitte Macron au Japon, rendant hommage \u00e0 une femme c\u00e9l\u00e8bre ayant surmont\u00e9 un drame, pour la soutenir.","breadcrumb":{"@id":"https:\/\/www.sebastien-auziere.fr\/blog\/de\/info-gala-brigitte-macron-in-japan-die-ergreifende-hommage-an-eine-beruhmte-frau-die-von-einem-drama-gepragt-ist-das-sie-unterstutzen-wollte\/#breadcrumb"},"inLanguage":"fr-FR","potentialAction":[{"@type":"ReadAction","target":["https:\/\/www.sebastien-auziere.fr\/blog\/de\/info-gala-brigitte-macron-in-japan-die-ergreifende-hommage-an-eine-beruhmte-frau-die-von-einem-drama-gepragt-ist-das-sie-unterstutzen-wollte\/"]}]},{"@type":"ImageObject","inLanguage":"fr-FR","@id":"https:\/\/www.sebastien-auziere.fr\/blog\/de\/info-gala-brigitte-macron-in-japan-die-ergreifende-hommage-an-eine-beruhmte-frau-die-von-einem-drama-gepragt-ist-das-sie-unterstutzen-wollte\/#primaryimage","url":"https:\/\/www.sebastien-auziere.fr\/blog\/wp-content\/uploads\/2026\/04\/INFO-GALA-\u2013-Brigitte-Macron-au-Japon-le-poignant-hommage-a-une-femme-celebre-marquee-par-un-drame-quelle-a-voulu-soutenir.jpg","contentUrl":"https:\/\/www.sebastien-auziere.fr\/blog\/wp-content\/uploads\/2026\/04\/INFO-GALA-\u2013-Brigitte-Macron-au-Japon-le-poignant-hommage-a-une-femme-celebre-marquee-par-un-drame-quelle-a-voulu-soutenir.jpg","width":2560,"height":1429,"caption":"d\u00e9couvrez le poignant hommage rendu par brigitte macron au japon \u00e0 une femme c\u00e9l\u00e8bre marqu\u00e9e par un drame, illustrant son engagement et sa compassion."},{"@type":"BreadcrumbList","@id":"https:\/\/www.sebastien-auziere.fr\/blog\/de\/info-gala-brigitte-macron-in-japan-die-ergreifende-hommage-an-eine-beruhmte-frau-die-von-einem-drama-gepragt-ist-das-sie-unterstutzen-wollte\/#breadcrumb","itemListElement":[{"@type":"ListItem","position":1,"name":"Home","item":"https:\/\/www.sebastien-auziere.fr\/blog\/"},{"@type":"ListItem","position":2,"name":"INFO GALA \u2013 Brigitte Macron in Japan: die ergreifende Hommage an eine ber\u00fchmte Frau, die von einem Drama gepr\u00e4gt ist, das sie unterst\u00fctzen wollte"}]},{"@type":"WebSite","@id":"https:\/\/www.sebastien-auziere.fr\/blog\/#website","url":"https:\/\/www.sebastien-auziere.fr\/blog\/","name":"Fan site S\u00e9bastien Auzi\u00e8re","description":"M\u00e9dia g\u00e9n\u00e9raliste","publisher":{"@id":"https:\/\/www.sebastien-auziere.fr\/blog\/#organization"},"potentialAction":[{"@type":"SearchAction","target":{"@type":"EntryPoint","urlTemplate":"https:\/\/www.sebastien-auziere.fr\/blog\/?s={search_term_string}"},"query-input":{"@type":"PropertyValueSpecification","valueRequired":true,"valueName":"search_term_string"}}],"inLanguage":"fr-FR"},{"@type":"Organization","@id":"https:\/\/www.sebastien-auziere.fr\/blog\/#organization","name":"Fan site S\u00e9bastien Auzi\u00e8re","url":"https:\/\/www.sebastien-auziere.fr\/blog\/","logo":{"@type":"ImageObject","inLanguage":"fr-FR","@id":"https:\/\/www.sebastien-auziere.fr\/blog\/#\/schema\/logo\/image\/","url":"https:\/\/www.sebastien-auziere.fr\/blog\/wp-content\/uploads\/2026\/03\/cropped-cropped-cropped-ChatGPT-Image-6-mars-2026-12_58_09-e1772798376794.jpg","contentUrl":"https:\/\/www.sebastien-auziere.fr\/blog\/wp-content\/uploads\/2026\/03\/cropped-cropped-cropped-ChatGPT-Image-6-mars-2026-12_58_09-e1772798376794.jpg","width":512,"height":360,"caption":"Fan site S\u00e9bastien Auzi\u00e8re"},"image":{"@id":"https:\/\/www.sebastien-auziere.fr\/blog\/#\/schema\/logo\/image\/"}},{"@type":"Person","@id":"https:\/\/www.sebastien-auziere.fr\/blog\/#\/schema\/person\/149f1acdbfd85149c6c3e59adeae2f4d","name":"Chloe Gauthier","image":{"@type":"ImageObject","inLanguage":"fr-FR","@id":"https:\/\/secure.gravatar.com\/avatar\/2c5722f58171cff738a8985ef0dd66b476e563753246a49019befc837ec4201a?s=96&d=mm&r=g","url":"https:\/\/secure.gravatar.com\/avatar\/2c5722f58171cff738a8985ef0dd66b476e563753246a49019befc837ec4201a?s=96&d=mm&r=g","contentUrl":"https:\/\/secure.gravatar.com\/avatar\/2c5722f58171cff738a8985ef0dd66b476e563753246a49019befc837ec4201a?s=96&d=mm&r=g","caption":"Chloe Gauthier"},"description":"Passionn\u00e9e par la politique et admiratrice engag\u00e9e de la famille Macron, je consacre mon \u00e9nergie \u00e0 suivre leurs initiatives et \u00e0 promouvoir leurs id\u00e9es. \u00c0 32 ans, je suis convaincue que leur vision est porteuse d'avenir.","url":"https:\/\/www.sebastien-auziere.fr\/blog\/author\/chloe-gauthier\/"}]}},"views":4,"_links":{"self":[{"href":"https:\/\/www.sebastien-auziere.fr\/blog\/wp-json\/wp\/v2\/posts\/2912","targetHints":{"allow":["GET"]}}],"collection":[{"href":"https:\/\/www.sebastien-auziere.fr\/blog\/wp-json\/wp\/v2\/posts"}],"about":[{"href":"https:\/\/www.sebastien-auziere.fr\/blog\/wp-json\/wp\/v2\/types\/post"}],"author":[{"embeddable":true,"href":"https:\/\/www.sebastien-auziere.fr\/blog\/wp-json\/wp\/v2\/users\/9"}],"replies":[{"embeddable":true,"href":"https:\/\/www.sebastien-auziere.fr\/blog\/wp-json\/wp\/v2\/comments?post=2912"}],"version-history":[{"count":1,"href":"https:\/\/www.sebastien-auziere.fr\/blog\/wp-json\/wp\/v2\/posts\/2912\/revisions"}],"predecessor-version":[{"id":2913,"href":"https:\/\/www.sebastien-auziere.fr\/blog\/wp-json\/wp\/v2\/posts\/2912\/revisions\/2913"}],"wp:featuredmedia":[{"embeddable":true,"href":"https:\/\/www.sebastien-auziere.fr\/blog\/wp-json\/wp\/v2\/media\/2906"}],"wp:attachment":[{"href":"https:\/\/www.sebastien-auziere.fr\/blog\/wp-json\/wp\/v2\/media?parent=2912"}],"wp:term":[{"taxonomy":"category","embeddable":true,"href":"https:\/\/www.sebastien-auziere.fr\/blog\/wp-json\/wp\/v2\/categories?post=2912"},{"taxonomy":"post_tag","embeddable":true,"href":"https:\/\/www.sebastien-auziere.fr\/blog\/wp-json\/wp\/v2\/tags?post=2912"}],"curies":[{"name":"wp","href":"https:\/\/api.w.org\/{rel}","templated":true}]}}