{"id":2910,"date":"2026-04-10T07:08:48","date_gmt":"2026-04-10T07:08:48","guid":{"rendered":"https:\/\/www.sebastien-auziere.fr\/blog\/?p=2910"},"modified":"2026-04-10T07:09:16","modified_gmt":"2026-04-10T07:09:16","slug":"info-gala-brigitte-macron-en-japon-el-emotivo-homenaje-a-una-mujer-famosa-marcada-por-un-drama-que-quiso-apoyar","status":"publish","type":"post","link":"https:\/\/www.sebastien-auziere.fr\/blog\/es\/info-gala-brigitte-macron-en-japon-el-emotivo-homenaje-a-una-mujer-famosa-marcada-por-un-drama-que-quiso-apoyar\/","title":{"rendered":"INFO GALA \u2013 Brigitte Macron en Jap\u00f3n: el emotivo homenaje a una mujer famosa marcada por un drama que quiso apoyar"},"content":{"rendered":"<p><strong>Qu\u00e9 emoci\u00f3n en Tokio:<\/strong> <strong>Brigitte Macron<\/strong> realiz\u00f3 un <strong>homenaje<\/strong> discreto y c\u00e1lido a <strong>Akie Abe<\/strong> durante un encuentro organizado el <strong>jueves 2 de abril<\/strong>. Este t\u00eate-\u00e0-t\u00eate, preparado justo antes de la recepci\u00f3n en el <strong>palacio imperial<\/strong>, estuvo marcado por el recuerdo del <strong>drama<\/strong> del 8 de julio de 2022 y por una real <strong>solidaridad<\/strong> y <strong>apoyo<\/strong>.<\/p>\n\n<p><strong>Arribados el martes<\/strong> a Tokio, la pareja presidencial llev\u00f3 a cabo intercambios diplom\u00e1ticos durante dos d\u00edas, siendo este el cuarto desplazamiento al archipi\u00e9lago desde 2017. La reuni\u00f3n privada de 45 minutos en el hotel de la delegaci\u00f3n precedi\u00f3 la visita al palacio donde <strong>el emperador Naruhito<\/strong> y <strong>la emperatriz Masako<\/strong> recibieron a Emmanuel y Brigitte Macron.<\/p>\n\n<h2 class=\"wp-block-heading\">Encuentro \u00edntimo en Tokio entre dos mujeres unidas<\/h2>\n\n<p>La visita de <strong>Brigitte Macron<\/strong> a <strong>Akie Abe<\/strong> no fue un simple intercambio protocolar: se trat\u00f3 de un homenaje personal y de un momento de <strong>emoci\u00f3n<\/strong>. Las dos mujeres evocaron sus encuentros pasados, de Par\u00eds a Giverny, y los compromisos comunes en torno a la educaci\u00f3n y la cultura.<\/p>\n\n<p>Esta relaci\u00f3n, tejida desde 2018, da una dimensi\u00f3n humana al desplazamiento presidencial y recuerda la importancia del apoyo discreto entre primeras damas. Un gesto que va m\u00e1s all\u00e1 de una foto oficial.<\/p>\n\n<h2 class=\"wp-block-heading\">El contexto diplom\u00e1tico y los momentos destacados del viaje<\/h2>\n\n<p>Llegados el martes, Emmanuel y <strong>Brigitte Macron<\/strong> llevaron a cabo encuentros y ceremonias, marcando el cuarto desplazamiento presidencial a <strong>Jap\u00f3n<\/strong> desde 2017. El punto culminante: la recepci\u00f3n en el palacio imperial el jueves, y luego una partida hacia Corea del Sur para concluir la gira asi\u00e1tica.<\/p>\n\n<p>Este apretado calendario ilustra la importancia estrat\u00e9gica del v\u00ednculo franco-japon\u00e9s en 2026 y la atenci\u00f3n prestada por la delegaci\u00f3n a los encuentros bilaterales y a las muestras de <strong>solidaridad<\/strong>. Para saber m\u00e1s sobre las etapas del viaje, descubre este enfoque <a href=\"https:\/\/www.sebastien-auziere.fr\/blog\/brigitte-macron-japon\/\">Brigitte Macron en Jap\u00f3n<\/a>.<\/p>\n\n<h2 class=\"wp-block-heading\">Akie Abe, una mujer famosa marcada por el drama y comprometida<\/h2>\n\n<p>El <strong>drama<\/strong> del 8 de julio de 2022, d\u00eda del asesinato de <strong>Shinz\u014d Abe<\/strong>, marc\u00f3 profundamente a <strong>Akie Abe<\/strong>, quien luego asumi\u00f3 un papel p\u00fablico destacado. Graduada en 2011, se ha comprometido con la educaci\u00f3n, la salud y temas sociales a veces audaces.<\/p>\n\n<p>Su presencia en el centro de las atenciones recuerda la fragilidad de las vidas p\u00fablicas, pero tambi\u00e9n la fuerza de los compromisos compartidos. Su trayectoria resuena con la de muchas figuras p\u00fablicas en Europa y Asia.<\/p>\n\n<h2 class=\"wp-block-heading\">Un homenaje discreto pero lleno de significado<\/h2>\n\n<p>El encuentro de 45 minutos, organizado al margen de las ceremonias oficiales, fue la ocasi\u00f3n para un intercambio \u00edntimo y un testimonio de <strong>apoyo<\/strong>. Emmanuel Macron tambi\u00e9n fue a saludar a <strong>Akie Abe<\/strong>, reforzando el mensaje de <strong>solidaridad<\/strong> franco-japonesa.<\/p>\n\n<p>Este gesto se inscribe en una serie de reuniones bilaterales y culturales, y precede el programa en Corea del Sur donde la diplomacia cultural (K-pop, intercambios) tambi\u00e9n juega un papel, detallado en este reportaje <a href=\"https:\/\/www.sebastien-auziere.fr\/blog\/macron-japon-coree-kpop\/\">Macron en Jap\u00f3n y Corea<\/a>.<\/p>\n\n<p>Para profundizar en la historia familiar y los compromisos alrededor de <strong>S\u00e9bastien Auzi\u00e8re<\/strong> y de la <strong>familia Macron<\/strong>, visita <a href=\"https:\/\/www.sebastien-auziere.fr\/blog\/brigitte-macron-japon\/\">el dossier dedicado<\/a> y descubre art\u00edculos, fotos y an\u00e1lisis detallados sobre estos encuentros significativos.<\/p>","protected":false},"excerpt":{"rendered":"<p>Qu\u00e9 emoci\u00f3n en Tokio: Brigitte Macron realiz\u00f3 un homenaje discreto y c\u00e1lido a Akie Abe durante un encuentro organizado el jueves 2 de abril. Este t\u00eate-\u00e0-t\u00eate, preparado justo antes de la recepci\u00f3n en el palacio imperial, estuvo marcado por el recuerdo del drama del 8 de julio de 2022 y por una real solidaridad y &#8230; <a title=\"INFO GALA \u2013 Brigitte Macron en Jap\u00f3n: el emotivo homenaje a una mujer famosa marcada por un drama que quiso apoyar\" class=\"read-more\" href=\"https:\/\/www.sebastien-auziere.fr\/blog\/es\/info-gala-brigitte-macron-en-japon-el-emotivo-homenaje-a-una-mujer-famosa-marcada-por-un-drama-que-quiso-apoyar\/\" aria-label=\"En savoir plus sur INFO GALA \u2013 Brigitte Macron en Jap\u00f3n: el emotivo homenaje a una mujer famosa marcada por un drama que quiso apoyar\">Lire plus<\/a><\/p>\n","protected":false},"author":9,"featured_media":2906,"comment_status":"open","ping_status":"open","sticky":false,"template":"","format":"standard","meta":{"footnotes":""},"categories":[820],"tags":[914,2394,2400,1169,2397],"class_list":["post-2910","post","type-post","status-publish","format-standard","has-post-thumbnail","hentry","category-actualidades-es","tag-brigitte-macron-es","tag-drama-es","tag-homenaje-conmovedor-es","tag-japon-es","tag-mujer-famosa-es"],"yoast_head":"<!-- This site is optimized with the Yoast SEO plugin v27.5 - https:\/\/yoast.com\/product\/yoast-seo-wordpress\/ -->\n<title>INFO GALA \u2013 Brigitte Macron en Jap\u00f3n: el emotivo homenaje a una mujer famosa marcada por un drama que quiso apoyar - Fan site S\u00e9bastien Auzi\u00e8re<\/title>\n<meta name=\"description\" content=\"D\u00e9couvrez le t\u00e9moignage \u00e9mouvant de Brigitte Macron au Japon, rendant hommage \u00e0 une femme c\u00e9l\u00e8bre ayant surmont\u00e9 un drame, pour la soutenir.\" \/>\n<meta name=\"robots\" content=\"index, follow, max-snippet:-1, max-image-preview:large, max-video-preview:-1\" \/>\n<link rel=\"canonical\" href=\"https:\/\/www.sebastien-auziere.fr\/blog\/es\/info-gala-brigitte-macron-en-japon-el-emotivo-homenaje-a-una-mujer-famosa-marcada-por-un-drama-que-quiso-apoyar\/\" \/>\n<meta property=\"og:locale\" content=\"fr_FR\" \/>\n<meta property=\"og:type\" content=\"article\" \/>\n<meta property=\"og:title\" content=\"INFO GALA \u2013 Brigitte Macron en Jap\u00f3n: el emotivo homenaje a una mujer famosa marcada por un drama que quiso apoyar - Fan site S\u00e9bastien Auzi\u00e8re\" \/>\n<meta property=\"og:description\" content=\"D\u00e9couvrez le t\u00e9moignage \u00e9mouvant de Brigitte Macron au Japon, rendant hommage \u00e0 une femme c\u00e9l\u00e8bre ayant surmont\u00e9 un drame, pour la soutenir.\" \/>\n<meta property=\"og:url\" content=\"https:\/\/www.sebastien-auziere.fr\/blog\/es\/info-gala-brigitte-macron-en-japon-el-emotivo-homenaje-a-una-mujer-famosa-marcada-por-un-drama-que-quiso-apoyar\/\" \/>\n<meta property=\"og:site_name\" content=\"Fan site S\u00e9bastien Auzi\u00e8re\" \/>\n<meta property=\"article:published_time\" content=\"2026-04-10T07:08:48+00:00\" \/>\n<meta property=\"article:modified_time\" content=\"2026-04-10T07:09:16+00:00\" \/>\n<meta property=\"og:image\" content=\"https:\/\/www.sebastien-auziere.fr\/blog\/wp-content\/uploads\/2026\/04\/INFO-GALA-\u2013-Brigitte-Macron-au-Japon-le-poignant-hommage-a-une-femme-celebre-marquee-par-un-drame-quelle-a-voulu-soutenir.jpg\" \/>\n\t<meta property=\"og:image:width\" content=\"2560\" \/>\n\t<meta property=\"og:image:height\" content=\"1429\" \/>\n\t<meta property=\"og:image:type\" content=\"image\/jpeg\" \/>\n<meta name=\"author\" content=\"Chloe Gauthier\" \/>\n<meta name=\"twitter:card\" content=\"summary_large_image\" \/>\n<meta name=\"twitter:label1\" content=\"\u00c9crit par\" \/>\n\t<meta name=\"twitter:data1\" content=\"Chloe Gauthier\" \/>\n\t<meta name=\"twitter:label2\" content=\"Dur\u00e9e de lecture estim\u00e9e\" \/>\n\t<meta name=\"twitter:data2\" content=\"3 minutes\" \/>\n<script type=\"application\/ld+json\" class=\"yoast-schema-graph\">{\"@context\":\"https:\\\/\\\/schema.org\",\"@graph\":[{\"@type\":\"Article\",\"@id\":\"https:\\\/\\\/www.sebastien-auziere.fr\\\/blog\\\/es\\\/info-gala-brigitte-macron-en-japon-el-emotivo-homenaje-a-una-mujer-famosa-marcada-por-un-drama-que-quiso-apoyar\\\/#article\",\"isPartOf\":{\"@id\":\"https:\\\/\\\/www.sebastien-auziere.fr\\\/blog\\\/es\\\/info-gala-brigitte-macron-en-japon-el-emotivo-homenaje-a-una-mujer-famosa-marcada-por-un-drama-que-quiso-apoyar\\\/\"},\"author\":{\"name\":\"Chloe Gauthier\",\"@id\":\"https:\\\/\\\/www.sebastien-auziere.fr\\\/blog\\\/#\\\/schema\\\/person\\\/149f1acdbfd85149c6c3e59adeae2f4d\"},\"headline\":\"INFO GALA \u2013 Brigitte Macron en Jap\u00f3n: el emotivo homenaje a una mujer famosa marcada por un drama que quiso apoyar\",\"datePublished\":\"2026-04-10T07:08:48+00:00\",\"dateModified\":\"2026-04-10T07:09:16+00:00\",\"mainEntityOfPage\":{\"@id\":\"https:\\\/\\\/www.sebastien-auziere.fr\\\/blog\\\/es\\\/info-gala-brigitte-macron-en-japon-el-emotivo-homenaje-a-una-mujer-famosa-marcada-por-un-drama-que-quiso-apoyar\\\/\"},\"wordCount\":559,\"commentCount\":0,\"publisher\":{\"@id\":\"https:\\\/\\\/www.sebastien-auziere.fr\\\/blog\\\/#organization\"},\"image\":{\"@id\":\"https:\\\/\\\/www.sebastien-auziere.fr\\\/blog\\\/es\\\/info-gala-brigitte-macron-en-japon-el-emotivo-homenaje-a-una-mujer-famosa-marcada-por-un-drama-que-quiso-apoyar\\\/#primaryimage\"},\"thumbnailUrl\":\"https:\\\/\\\/www.sebastien-auziere.fr\\\/blog\\\/wp-content\\\/uploads\\\/2026\\\/04\\\/INFO-GALA-\u2013-Brigitte-Macron-au-Japon-le-poignant-hommage-a-une-femme-celebre-marquee-par-un-drame-quelle-a-voulu-soutenir.jpg\",\"keywords\":[\"brigitte macron\",\"drama\",\"homenaje conmovedor\",\"jap\u00f3n\",\"mujer famosa\"],\"articleSection\":[\"Actualidades\"],\"inLanguage\":\"fr-FR\",\"potentialAction\":[{\"@type\":\"CommentAction\",\"name\":\"Comment\",\"target\":[\"https:\\\/\\\/www.sebastien-auziere.fr\\\/blog\\\/es\\\/info-gala-brigitte-macron-en-japon-el-emotivo-homenaje-a-una-mujer-famosa-marcada-por-un-drama-que-quiso-apoyar\\\/#respond\"]}]},{\"@type\":\"WebPage\",\"@id\":\"https:\\\/\\\/www.sebastien-auziere.fr\\\/blog\\\/es\\\/info-gala-brigitte-macron-en-japon-el-emotivo-homenaje-a-una-mujer-famosa-marcada-por-un-drama-que-quiso-apoyar\\\/\",\"url\":\"https:\\\/\\\/www.sebastien-auziere.fr\\\/blog\\\/es\\\/info-gala-brigitte-macron-en-japon-el-emotivo-homenaje-a-una-mujer-famosa-marcada-por-un-drama-que-quiso-apoyar\\\/\",\"name\":\"INFO GALA \u2013 Brigitte Macron en Jap\u00f3n: el emotivo homenaje a una mujer famosa marcada por un drama que quiso apoyar - Fan site S\u00e9bastien Auzi\u00e8re\",\"isPartOf\":{\"@id\":\"https:\\\/\\\/www.sebastien-auziere.fr\\\/blog\\\/#website\"},\"primaryImageOfPage\":{\"@id\":\"https:\\\/\\\/www.sebastien-auziere.fr\\\/blog\\\/es\\\/info-gala-brigitte-macron-en-japon-el-emotivo-homenaje-a-una-mujer-famosa-marcada-por-un-drama-que-quiso-apoyar\\\/#primaryimage\"},\"image\":{\"@id\":\"https:\\\/\\\/www.sebastien-auziere.fr\\\/blog\\\/es\\\/info-gala-brigitte-macron-en-japon-el-emotivo-homenaje-a-una-mujer-famosa-marcada-por-un-drama-que-quiso-apoyar\\\/#primaryimage\"},\"thumbnailUrl\":\"https:\\\/\\\/www.sebastien-auziere.fr\\\/blog\\\/wp-content\\\/uploads\\\/2026\\\/04\\\/INFO-GALA-\u2013-Brigitte-Macron-au-Japon-le-poignant-hommage-a-une-femme-celebre-marquee-par-un-drame-quelle-a-voulu-soutenir.jpg\",\"datePublished\":\"2026-04-10T07:08:48+00:00\",\"dateModified\":\"2026-04-10T07:09:16+00:00\",\"description\":\"D\u00e9couvrez le t\u00e9moignage \u00e9mouvant de Brigitte Macron au Japon, rendant hommage \u00e0 une femme c\u00e9l\u00e8bre ayant surmont\u00e9 un drame, pour la soutenir.\",\"breadcrumb\":{\"@id\":\"https:\\\/\\\/www.sebastien-auziere.fr\\\/blog\\\/es\\\/info-gala-brigitte-macron-en-japon-el-emotivo-homenaje-a-una-mujer-famosa-marcada-por-un-drama-que-quiso-apoyar\\\/#breadcrumb\"},\"inLanguage\":\"fr-FR\",\"potentialAction\":[{\"@type\":\"ReadAction\",\"target\":[\"https:\\\/\\\/www.sebastien-auziere.fr\\\/blog\\\/es\\\/info-gala-brigitte-macron-en-japon-el-emotivo-homenaje-a-una-mujer-famosa-marcada-por-un-drama-que-quiso-apoyar\\\/\"]}]},{\"@type\":\"ImageObject\",\"inLanguage\":\"fr-FR\",\"@id\":\"https:\\\/\\\/www.sebastien-auziere.fr\\\/blog\\\/es\\\/info-gala-brigitte-macron-en-japon-el-emotivo-homenaje-a-una-mujer-famosa-marcada-por-un-drama-que-quiso-apoyar\\\/#primaryimage\",\"url\":\"https:\\\/\\\/www.sebastien-auziere.fr\\\/blog\\\/wp-content\\\/uploads\\\/2026\\\/04\\\/INFO-GALA-\u2013-Brigitte-Macron-au-Japon-le-poignant-hommage-a-une-femme-celebre-marquee-par-un-drame-quelle-a-voulu-soutenir.jpg\",\"contentUrl\":\"https:\\\/\\\/www.sebastien-auziere.fr\\\/blog\\\/wp-content\\\/uploads\\\/2026\\\/04\\\/INFO-GALA-\u2013-Brigitte-Macron-au-Japon-le-poignant-hommage-a-une-femme-celebre-marquee-par-un-drame-quelle-a-voulu-soutenir.jpg\",\"width\":2560,\"height\":1429,\"caption\":\"d\u00e9couvrez le poignant hommage rendu par brigitte macron au japon \u00e0 une femme c\u00e9l\u00e8bre marqu\u00e9e par un drame, illustrant son engagement et sa compassion.\"},{\"@type\":\"BreadcrumbList\",\"@id\":\"https:\\\/\\\/www.sebastien-auziere.fr\\\/blog\\\/es\\\/info-gala-brigitte-macron-en-japon-el-emotivo-homenaje-a-una-mujer-famosa-marcada-por-un-drama-que-quiso-apoyar\\\/#breadcrumb\",\"itemListElement\":[{\"@type\":\"ListItem\",\"position\":1,\"name\":\"Home\",\"item\":\"https:\\\/\\\/www.sebastien-auziere.fr\\\/blog\\\/\"},{\"@type\":\"ListItem\",\"position\":2,\"name\":\"INFO GALA \u2013 Brigitte Macron en Jap\u00f3n: el emotivo homenaje a una mujer famosa marcada por un drama que quiso apoyar\"}]},{\"@type\":\"WebSite\",\"@id\":\"https:\\\/\\\/www.sebastien-auziere.fr\\\/blog\\\/#website\",\"url\":\"https:\\\/\\\/www.sebastien-auziere.fr\\\/blog\\\/\",\"name\":\"Fan site S\u00e9bastien Auzi\u00e8re\",\"description\":\"M\u00e9dia g\u00e9n\u00e9raliste\",\"publisher\":{\"@id\":\"https:\\\/\\\/www.sebastien-auziere.fr\\\/blog\\\/#organization\"},\"potentialAction\":[{\"@type\":\"SearchAction\",\"target\":{\"@type\":\"EntryPoint\",\"urlTemplate\":\"https:\\\/\\\/www.sebastien-auziere.fr\\\/blog\\\/?s={search_term_string}\"},\"query-input\":{\"@type\":\"PropertyValueSpecification\",\"valueRequired\":true,\"valueName\":\"search_term_string\"}}],\"inLanguage\":\"fr-FR\"},{\"@type\":\"Organization\",\"@id\":\"https:\\\/\\\/www.sebastien-auziere.fr\\\/blog\\\/#organization\",\"name\":\"Fan site S\u00e9bastien Auzi\u00e8re\",\"url\":\"https:\\\/\\\/www.sebastien-auziere.fr\\\/blog\\\/\",\"logo\":{\"@type\":\"ImageObject\",\"inLanguage\":\"fr-FR\",\"@id\":\"https:\\\/\\\/www.sebastien-auziere.fr\\\/blog\\\/#\\\/schema\\\/logo\\\/image\\\/\",\"url\":\"https:\\\/\\\/www.sebastien-auziere.fr\\\/blog\\\/wp-content\\\/uploads\\\/2026\\\/03\\\/cropped-cropped-cropped-ChatGPT-Image-6-mars-2026-12_58_09-e1772798376794.jpg\",\"contentUrl\":\"https:\\\/\\\/www.sebastien-auziere.fr\\\/blog\\\/wp-content\\\/uploads\\\/2026\\\/03\\\/cropped-cropped-cropped-ChatGPT-Image-6-mars-2026-12_58_09-e1772798376794.jpg\",\"width\":512,\"height\":360,\"caption\":\"Fan site S\u00e9bastien Auzi\u00e8re\"},\"image\":{\"@id\":\"https:\\\/\\\/www.sebastien-auziere.fr\\\/blog\\\/#\\\/schema\\\/logo\\\/image\\\/\"}},{\"@type\":\"Person\",\"@id\":\"https:\\\/\\\/www.sebastien-auziere.fr\\\/blog\\\/#\\\/schema\\\/person\\\/149f1acdbfd85149c6c3e59adeae2f4d\",\"name\":\"Chloe Gauthier\",\"image\":{\"@type\":\"ImageObject\",\"inLanguage\":\"fr-FR\",\"@id\":\"https:\\\/\\\/secure.gravatar.com\\\/avatar\\\/2c5722f58171cff738a8985ef0dd66b476e563753246a49019befc837ec4201a?s=96&d=mm&r=g\",\"url\":\"https:\\\/\\\/secure.gravatar.com\\\/avatar\\\/2c5722f58171cff738a8985ef0dd66b476e563753246a49019befc837ec4201a?s=96&d=mm&r=g\",\"contentUrl\":\"https:\\\/\\\/secure.gravatar.com\\\/avatar\\\/2c5722f58171cff738a8985ef0dd66b476e563753246a49019befc837ec4201a?s=96&d=mm&r=g\",\"caption\":\"Chloe Gauthier\"},\"description\":\"Passionn\u00e9e par la politique et admiratrice engag\u00e9e de la famille Macron, je consacre mon \u00e9nergie \u00e0 suivre leurs initiatives et \u00e0 promouvoir leurs id\u00e9es. \u00c0 32 ans, je suis convaincue que leur vision est porteuse d'avenir.\",\"url\":\"https:\\\/\\\/www.sebastien-auziere.fr\\\/blog\\\/author\\\/chloe-gauthier\\\/\"}]}<\/script>\n<!-- \/ Yoast SEO plugin. -->","yoast_head_json":{"title":"INFO GALA \u2013 Brigitte Macron en Jap\u00f3n: el emotivo homenaje a una mujer famosa marcada por un drama que quiso apoyar - Fan site S\u00e9bastien Auzi\u00e8re","description":"D\u00e9couvrez le t\u00e9moignage \u00e9mouvant de Brigitte Macron au Japon, rendant hommage \u00e0 une femme c\u00e9l\u00e8bre ayant surmont\u00e9 un drame, pour la soutenir.","robots":{"index":"index","follow":"follow","max-snippet":"max-snippet:-1","max-image-preview":"max-image-preview:large","max-video-preview":"max-video-preview:-1"},"canonical":"https:\/\/www.sebastien-auziere.fr\/blog\/es\/info-gala-brigitte-macron-en-japon-el-emotivo-homenaje-a-una-mujer-famosa-marcada-por-un-drama-que-quiso-apoyar\/","og_locale":"fr_FR","og_type":"article","og_title":"INFO GALA \u2013 Brigitte Macron en Jap\u00f3n: el emotivo homenaje a una mujer famosa marcada por un drama que quiso apoyar - Fan site S\u00e9bastien Auzi\u00e8re","og_description":"D\u00e9couvrez le t\u00e9moignage \u00e9mouvant de Brigitte Macron au Japon, rendant hommage \u00e0 une femme c\u00e9l\u00e8bre ayant surmont\u00e9 un drame, pour la soutenir.","og_url":"https:\/\/www.sebastien-auziere.fr\/blog\/es\/info-gala-brigitte-macron-en-japon-el-emotivo-homenaje-a-una-mujer-famosa-marcada-por-un-drama-que-quiso-apoyar\/","og_site_name":"Fan site S\u00e9bastien Auzi\u00e8re","article_published_time":"2026-04-10T07:08:48+00:00","article_modified_time":"2026-04-10T07:09:16+00:00","og_image":[{"width":2560,"height":1429,"url":"https:\/\/www.sebastien-auziere.fr\/blog\/wp-content\/uploads\/2026\/04\/INFO-GALA-\u2013-Brigitte-Macron-au-Japon-le-poignant-hommage-a-une-femme-celebre-marquee-par-un-drame-quelle-a-voulu-soutenir.jpg","type":"image\/jpeg"}],"author":"Chloe Gauthier","twitter_card":"summary_large_image","twitter_misc":{"\u00c9crit par":"Chloe Gauthier","Dur\u00e9e de lecture estim\u00e9e":"3 minutes"},"schema":{"@context":"https:\/\/schema.org","@graph":[{"@type":"Article","@id":"https:\/\/www.sebastien-auziere.fr\/blog\/es\/info-gala-brigitte-macron-en-japon-el-emotivo-homenaje-a-una-mujer-famosa-marcada-por-un-drama-que-quiso-apoyar\/#article","isPartOf":{"@id":"https:\/\/www.sebastien-auziere.fr\/blog\/es\/info-gala-brigitte-macron-en-japon-el-emotivo-homenaje-a-una-mujer-famosa-marcada-por-un-drama-que-quiso-apoyar\/"},"author":{"name":"Chloe Gauthier","@id":"https:\/\/www.sebastien-auziere.fr\/blog\/#\/schema\/person\/149f1acdbfd85149c6c3e59adeae2f4d"},"headline":"INFO GALA \u2013 Brigitte Macron en Jap\u00f3n: el emotivo homenaje a una mujer famosa marcada por un drama que quiso apoyar","datePublished":"2026-04-10T07:08:48+00:00","dateModified":"2026-04-10T07:09:16+00:00","mainEntityOfPage":{"@id":"https:\/\/www.sebastien-auziere.fr\/blog\/es\/info-gala-brigitte-macron-en-japon-el-emotivo-homenaje-a-una-mujer-famosa-marcada-por-un-drama-que-quiso-apoyar\/"},"wordCount":559,"commentCount":0,"publisher":{"@id":"https:\/\/www.sebastien-auziere.fr\/blog\/#organization"},"image":{"@id":"https:\/\/www.sebastien-auziere.fr\/blog\/es\/info-gala-brigitte-macron-en-japon-el-emotivo-homenaje-a-una-mujer-famosa-marcada-por-un-drama-que-quiso-apoyar\/#primaryimage"},"thumbnailUrl":"https:\/\/www.sebastien-auziere.fr\/blog\/wp-content\/uploads\/2026\/04\/INFO-GALA-\u2013-Brigitte-Macron-au-Japon-le-poignant-hommage-a-une-femme-celebre-marquee-par-un-drame-quelle-a-voulu-soutenir.jpg","keywords":["brigitte macron","drama","homenaje conmovedor","jap\u00f3n","mujer famosa"],"articleSection":["Actualidades"],"inLanguage":"fr-FR","potentialAction":[{"@type":"CommentAction","name":"Comment","target":["https:\/\/www.sebastien-auziere.fr\/blog\/es\/info-gala-brigitte-macron-en-japon-el-emotivo-homenaje-a-una-mujer-famosa-marcada-por-un-drama-que-quiso-apoyar\/#respond"]}]},{"@type":"WebPage","@id":"https:\/\/www.sebastien-auziere.fr\/blog\/es\/info-gala-brigitte-macron-en-japon-el-emotivo-homenaje-a-una-mujer-famosa-marcada-por-un-drama-que-quiso-apoyar\/","url":"https:\/\/www.sebastien-auziere.fr\/blog\/es\/info-gala-brigitte-macron-en-japon-el-emotivo-homenaje-a-una-mujer-famosa-marcada-por-un-drama-que-quiso-apoyar\/","name":"INFO GALA \u2013 Brigitte Macron en Jap\u00f3n: el emotivo homenaje a una mujer famosa marcada por un drama que quiso apoyar - Fan site S\u00e9bastien Auzi\u00e8re","isPartOf":{"@id":"https:\/\/www.sebastien-auziere.fr\/blog\/#website"},"primaryImageOfPage":{"@id":"https:\/\/www.sebastien-auziere.fr\/blog\/es\/info-gala-brigitte-macron-en-japon-el-emotivo-homenaje-a-una-mujer-famosa-marcada-por-un-drama-que-quiso-apoyar\/#primaryimage"},"image":{"@id":"https:\/\/www.sebastien-auziere.fr\/blog\/es\/info-gala-brigitte-macron-en-japon-el-emotivo-homenaje-a-una-mujer-famosa-marcada-por-un-drama-que-quiso-apoyar\/#primaryimage"},"thumbnailUrl":"https:\/\/www.sebastien-auziere.fr\/blog\/wp-content\/uploads\/2026\/04\/INFO-GALA-\u2013-Brigitte-Macron-au-Japon-le-poignant-hommage-a-une-femme-celebre-marquee-par-un-drame-quelle-a-voulu-soutenir.jpg","datePublished":"2026-04-10T07:08:48+00:00","dateModified":"2026-04-10T07:09:16+00:00","description":"D\u00e9couvrez le t\u00e9moignage \u00e9mouvant de Brigitte Macron au Japon, rendant hommage \u00e0 une femme c\u00e9l\u00e8bre ayant surmont\u00e9 un drame, pour la soutenir.","breadcrumb":{"@id":"https:\/\/www.sebastien-auziere.fr\/blog\/es\/info-gala-brigitte-macron-en-japon-el-emotivo-homenaje-a-una-mujer-famosa-marcada-por-un-drama-que-quiso-apoyar\/#breadcrumb"},"inLanguage":"fr-FR","potentialAction":[{"@type":"ReadAction","target":["https:\/\/www.sebastien-auziere.fr\/blog\/es\/info-gala-brigitte-macron-en-japon-el-emotivo-homenaje-a-una-mujer-famosa-marcada-por-un-drama-que-quiso-apoyar\/"]}]},{"@type":"ImageObject","inLanguage":"fr-FR","@id":"https:\/\/www.sebastien-auziere.fr\/blog\/es\/info-gala-brigitte-macron-en-japon-el-emotivo-homenaje-a-una-mujer-famosa-marcada-por-un-drama-que-quiso-apoyar\/#primaryimage","url":"https:\/\/www.sebastien-auziere.fr\/blog\/wp-content\/uploads\/2026\/04\/INFO-GALA-\u2013-Brigitte-Macron-au-Japon-le-poignant-hommage-a-une-femme-celebre-marquee-par-un-drame-quelle-a-voulu-soutenir.jpg","contentUrl":"https:\/\/www.sebastien-auziere.fr\/blog\/wp-content\/uploads\/2026\/04\/INFO-GALA-\u2013-Brigitte-Macron-au-Japon-le-poignant-hommage-a-une-femme-celebre-marquee-par-un-drame-quelle-a-voulu-soutenir.jpg","width":2560,"height":1429,"caption":"d\u00e9couvrez le poignant hommage rendu par brigitte macron au japon \u00e0 une femme c\u00e9l\u00e8bre marqu\u00e9e par un drame, illustrant son engagement et sa compassion."},{"@type":"BreadcrumbList","@id":"https:\/\/www.sebastien-auziere.fr\/blog\/es\/info-gala-brigitte-macron-en-japon-el-emotivo-homenaje-a-una-mujer-famosa-marcada-por-un-drama-que-quiso-apoyar\/#breadcrumb","itemListElement":[{"@type":"ListItem","position":1,"name":"Home","item":"https:\/\/www.sebastien-auziere.fr\/blog\/"},{"@type":"ListItem","position":2,"name":"INFO GALA \u2013 Brigitte Macron en Jap\u00f3n: el emotivo homenaje a una mujer famosa marcada por un drama que quiso apoyar"}]},{"@type":"WebSite","@id":"https:\/\/www.sebastien-auziere.fr\/blog\/#website","url":"https:\/\/www.sebastien-auziere.fr\/blog\/","name":"Fan site S\u00e9bastien Auzi\u00e8re","description":"M\u00e9dia g\u00e9n\u00e9raliste","publisher":{"@id":"https:\/\/www.sebastien-auziere.fr\/blog\/#organization"},"potentialAction":[{"@type":"SearchAction","target":{"@type":"EntryPoint","urlTemplate":"https:\/\/www.sebastien-auziere.fr\/blog\/?s={search_term_string}"},"query-input":{"@type":"PropertyValueSpecification","valueRequired":true,"valueName":"search_term_string"}}],"inLanguage":"fr-FR"},{"@type":"Organization","@id":"https:\/\/www.sebastien-auziere.fr\/blog\/#organization","name":"Fan site S\u00e9bastien Auzi\u00e8re","url":"https:\/\/www.sebastien-auziere.fr\/blog\/","logo":{"@type":"ImageObject","inLanguage":"fr-FR","@id":"https:\/\/www.sebastien-auziere.fr\/blog\/#\/schema\/logo\/image\/","url":"https:\/\/www.sebastien-auziere.fr\/blog\/wp-content\/uploads\/2026\/03\/cropped-cropped-cropped-ChatGPT-Image-6-mars-2026-12_58_09-e1772798376794.jpg","contentUrl":"https:\/\/www.sebastien-auziere.fr\/blog\/wp-content\/uploads\/2026\/03\/cropped-cropped-cropped-ChatGPT-Image-6-mars-2026-12_58_09-e1772798376794.jpg","width":512,"height":360,"caption":"Fan site S\u00e9bastien Auzi\u00e8re"},"image":{"@id":"https:\/\/www.sebastien-auziere.fr\/blog\/#\/schema\/logo\/image\/"}},{"@type":"Person","@id":"https:\/\/www.sebastien-auziere.fr\/blog\/#\/schema\/person\/149f1acdbfd85149c6c3e59adeae2f4d","name":"Chloe Gauthier","image":{"@type":"ImageObject","inLanguage":"fr-FR","@id":"https:\/\/secure.gravatar.com\/avatar\/2c5722f58171cff738a8985ef0dd66b476e563753246a49019befc837ec4201a?s=96&d=mm&r=g","url":"https:\/\/secure.gravatar.com\/avatar\/2c5722f58171cff738a8985ef0dd66b476e563753246a49019befc837ec4201a?s=96&d=mm&r=g","contentUrl":"https:\/\/secure.gravatar.com\/avatar\/2c5722f58171cff738a8985ef0dd66b476e563753246a49019befc837ec4201a?s=96&d=mm&r=g","caption":"Chloe Gauthier"},"description":"Passionn\u00e9e par la politique et admiratrice engag\u00e9e de la famille Macron, je consacre mon \u00e9nergie \u00e0 suivre leurs initiatives et \u00e0 promouvoir leurs id\u00e9es. \u00c0 32 ans, je suis convaincue que leur vision est porteuse d'avenir.","url":"https:\/\/www.sebastien-auziere.fr\/blog\/author\/chloe-gauthier\/"}]}},"views":3,"_links":{"self":[{"href":"https:\/\/www.sebastien-auziere.fr\/blog\/wp-json\/wp\/v2\/posts\/2910","targetHints":{"allow":["GET"]}}],"collection":[{"href":"https:\/\/www.sebastien-auziere.fr\/blog\/wp-json\/wp\/v2\/posts"}],"about":[{"href":"https:\/\/www.sebastien-auziere.fr\/blog\/wp-json\/wp\/v2\/types\/post"}],"author":[{"embeddable":true,"href":"https:\/\/www.sebastien-auziere.fr\/blog\/wp-json\/wp\/v2\/users\/9"}],"replies":[{"embeddable":true,"href":"https:\/\/www.sebastien-auziere.fr\/blog\/wp-json\/wp\/v2\/comments?post=2910"}],"version-history":[{"count":1,"href":"https:\/\/www.sebastien-auziere.fr\/blog\/wp-json\/wp\/v2\/posts\/2910\/revisions"}],"predecessor-version":[{"id":2911,"href":"https:\/\/www.sebastien-auziere.fr\/blog\/wp-json\/wp\/v2\/posts\/2910\/revisions\/2911"}],"wp:featuredmedia":[{"embeddable":true,"href":"https:\/\/www.sebastien-auziere.fr\/blog\/wp-json\/wp\/v2\/media\/2906"}],"wp:attachment":[{"href":"https:\/\/www.sebastien-auziere.fr\/blog\/wp-json\/wp\/v2\/media?parent=2910"}],"wp:term":[{"taxonomy":"category","embeddable":true,"href":"https:\/\/www.sebastien-auziere.fr\/blog\/wp-json\/wp\/v2\/categories?post=2910"},{"taxonomy":"post_tag","embeddable":true,"href":"https:\/\/www.sebastien-auziere.fr\/blog\/wp-json\/wp\/v2\/tags?post=2910"}],"curies":[{"name":"wp","href":"https:\/\/api.w.org\/{rel}","templated":true}]}}