{"id":2908,"date":"2026-04-10T07:08:12","date_gmt":"2026-04-10T07:08:12","guid":{"rendered":"https:\/\/www.sebastien-auziere.fr\/blog\/?p=2908"},"modified":"2026-04-10T07:08:47","modified_gmt":"2026-04-10T07:08:47","slug":"info-gala-brigitte-macron-in-japan-the-moving-tribute-to-a-famous-woman-marked-by-a-drama-she-wanted-to-support","status":"publish","type":"post","link":"https:\/\/www.sebastien-auziere.fr\/blog\/en\/info-gala-brigitte-macron-in-japan-the-moving-tribute-to-a-famous-woman-marked-by-a-drama-she-wanted-to-support\/","title":{"rendered":"INFO GALA \u2013 Brigitte Macron in Japan: the moving tribute to a famous woman marked by a drama she wanted to support"},"content":{"rendered":"<p><strong>What an emotion in Tokyo:<\/strong> <strong>Brigitte Macron<\/strong> paid a discreet and warm <strong>tribute<\/strong> to <strong>Akie Abe<\/strong> during a meeting organized on <strong>Thursday, April 2<\/strong>. This t\u00eate-\u00e0-t\u00eate, prepared just before the reception at the <strong>imperial palace<\/strong>, was marked by the memory of the <strong>tragedy<\/strong> of July 8, 2022, and by real <strong>solidarity<\/strong> and <strong>support<\/strong>.<\/p>\n\n<p><strong>Arriving on Tuesday<\/strong> in Tokyo, the presidential couple engaged in diplomatic exchanges for two days, marking their fourth trip to the archipelago since 2017. The private 45-minute meeting at the delegation hotel preceded the visit to the palace where <strong>Emperor Naruhito<\/strong> and <strong>Empress Masako<\/strong> received Emmanuel and Brigitte Macron.<\/p>\n\n<h2 class=\"wp-block-heading\">Intimate meeting in Tokyo between two connected women<\/h2>\n\n<p>The visit of <strong>Brigitte Macron<\/strong> to <strong>Akie Abe<\/strong> was not a simple protocol exchange: it was a personal tribute and a moment of <strong>emotion<\/strong>. The two women reminisced about their past meetings, from Paris to Giverny, and their shared commitments to education and culture.<\/p>\n\n<p>This relationship, woven since 2018, adds a human dimension to the presidential visit and highlights the importance of discreet support among first ladies. A gesture that goes far beyond an official photo.<\/p>\n\n<h2 class=\"wp-block-heading\">The diplomatic context and the highlights of the trip<\/h2>\n\n<p>Arriving on Tuesday, Emmanuel and <strong>Brigitte Macron<\/strong> engaged in meetings and ceremonies, marking the fourth presidential visit to <strong>Japan<\/strong> since 2017. The highlight: the reception at the imperial palace on Thursday, followed by a departure to South Korea to conclude the Asian tour.<\/p>\n\n<p>This tight schedule illustrates the strategic importance of the Franco-Japanese relationship in 2026 and the priority given by the delegation to bilateral meetings and expressions of <strong>solidarity<\/strong>. To learn more about the stages of the trip, discover this focus on <a href=\"https:\/\/www.sebastien-auziere.fr\/blog\/brigitte-macron-japon\/\">Brigitte Macron in Japan<\/a>.<\/p>\n\n<h2 class=\"wp-block-heading\">Akie Abe, a famous woman marked by tragedy and committed<\/h2>\n\n<p>The <strong>tragedy<\/strong> of July 8, 2022, the day of <strong>Shinz\u014d Abe&rsquo;s<\/strong> assassination, had a profound impact on <strong>Akie Abe<\/strong>, who subsequently took on a notable public role. Graduating in 2011, she became involved in education, health, and sometimes bold societal issues.<\/p>\n\n<p>Her presence at the center of attention reminds us of the fragility of public lives, but also the strength of shared commitments. Her journey resonates with that of many public figures in Europe and Asia.<\/p>\n\n<h2 class=\"wp-block-heading\">A discreet tribute but heavy with meaning<\/h2>\n\n<p>The 45-minute meeting, organized on the sidelines of official ceremonies, provided an opportunity for an intimate exchange and a testimony of <strong>support<\/strong>. Emmanuel Macron also came to greet <strong>Akie Abe<\/strong>, reinforcing the message of Franco-Japanese <strong>solidarity<\/strong>.<\/p>\n\n<p>This gesture fits into a series of bilateral and cultural meetings, and precedes the program in South Korea where cultural diplomacy (K-pop, exchanges) also plays a role, detailed in this report <a href=\"https:\/\/www.sebastien-auziere.fr\/blog\/macron-japon-coree-kpop\/\">Macron in Japan and Korea<\/a>.<\/p>\n\n<p>To delve into the family history and commitments surrounding <strong>S\u00e9bastien Auzi\u00e8re<\/strong> and the <strong>Macron family<\/strong>, visit <a href=\"https:\/\/www.sebastien-auziere.fr\/blog\/brigitte-macron-japon\/\">the dedicated file<\/a> and discover articles, photos, and detailed analyses on these significant meetings.<\/p>","protected":false},"excerpt":{"rendered":"<p>What an emotion in Tokyo: Brigitte Macron paid a discreet and warm tribute to Akie Abe during a meeting organized on Thursday, April 2. This t\u00eate-\u00e0-t\u00eate, prepared just before the reception at the imperial palace, was marked by the memory of the tragedy of July 8, 2022, and by real solidarity and support. Arriving on &#8230; <a title=\"INFO GALA \u2013 Brigitte Macron in Japan: the moving tribute to a famous woman marked by a drama she wanted to support\" class=\"read-more\" href=\"https:\/\/www.sebastien-auziere.fr\/blog\/en\/info-gala-brigitte-macron-in-japan-the-moving-tribute-to-a-famous-woman-marked-by-a-drama-she-wanted-to-support\/\" aria-label=\"En savoir plus sur INFO GALA \u2013 Brigitte Macron in Japan: the moving tribute to a famous woman marked by a drama she wanted to support\">Lire plus<\/a><\/p>\n","protected":false},"author":9,"featured_media":2906,"comment_status":"open","ping_status":"open","sticky":false,"template":"","format":"standard","meta":{"footnotes":""},"categories":[816],"tags":[898,2384,2387,1156,2390],"class_list":["post-2908","post","type-post","status-publish","format-standard","has-post-thumbnail","hentry","category-news","tag-brigitte-macron-en","tag-drama-en","tag-famous-woman-en","tag-japan-en","tag-poignant-tribute-en"],"yoast_head":"<!-- This site is optimized with the Yoast SEO plugin v27.5 - https:\/\/yoast.com\/product\/yoast-seo-wordpress\/ -->\n<title>INFO GALA \u2013 Brigitte Macron in Japan: the moving tribute to a famous woman marked by a drama she wanted to support - Fan site S\u00e9bastien Auzi\u00e8re<\/title>\n<meta name=\"description\" content=\"D\u00e9couvrez le t\u00e9moignage \u00e9mouvant de Brigitte Macron au Japon, rendant hommage \u00e0 une femme c\u00e9l\u00e8bre ayant surmont\u00e9 un drame, pour la soutenir.\" \/>\n<meta name=\"robots\" content=\"index, follow, max-snippet:-1, max-image-preview:large, max-video-preview:-1\" \/>\n<link rel=\"canonical\" href=\"https:\/\/www.sebastien-auziere.fr\/blog\/en\/info-gala-brigitte-macron-in-japan-the-moving-tribute-to-a-famous-woman-marked-by-a-drama-she-wanted-to-support\/\" \/>\n<meta property=\"og:locale\" content=\"fr_FR\" \/>\n<meta property=\"og:type\" content=\"article\" \/>\n<meta property=\"og:title\" content=\"INFO GALA \u2013 Brigitte Macron in Japan: the moving tribute to a famous woman marked by a drama she wanted to support - Fan site S\u00e9bastien Auzi\u00e8re\" \/>\n<meta property=\"og:description\" content=\"D\u00e9couvrez le t\u00e9moignage \u00e9mouvant de Brigitte Macron au Japon, rendant hommage \u00e0 une femme c\u00e9l\u00e8bre ayant surmont\u00e9 un drame, pour la soutenir.\" \/>\n<meta property=\"og:url\" content=\"https:\/\/www.sebastien-auziere.fr\/blog\/en\/info-gala-brigitte-macron-in-japan-the-moving-tribute-to-a-famous-woman-marked-by-a-drama-she-wanted-to-support\/\" \/>\n<meta property=\"og:site_name\" content=\"Fan site S\u00e9bastien Auzi\u00e8re\" \/>\n<meta property=\"article:published_time\" content=\"2026-04-10T07:08:12+00:00\" \/>\n<meta property=\"article:modified_time\" content=\"2026-04-10T07:08:47+00:00\" \/>\n<meta property=\"og:image\" content=\"https:\/\/www.sebastien-auziere.fr\/blog\/wp-content\/uploads\/2026\/04\/INFO-GALA-\u2013-Brigitte-Macron-au-Japon-le-poignant-hommage-a-une-femme-celebre-marquee-par-un-drame-quelle-a-voulu-soutenir.jpg\" \/>\n\t<meta property=\"og:image:width\" content=\"2560\" \/>\n\t<meta property=\"og:image:height\" content=\"1429\" \/>\n\t<meta property=\"og:image:type\" content=\"image\/jpeg\" \/>\n<meta name=\"author\" content=\"Chloe Gauthier\" \/>\n<meta name=\"twitter:card\" content=\"summary_large_image\" \/>\n<meta name=\"twitter:label1\" content=\"\u00c9crit par\" \/>\n\t<meta name=\"twitter:data1\" content=\"Chloe Gauthier\" \/>\n\t<meta name=\"twitter:label2\" content=\"Dur\u00e9e de lecture estim\u00e9e\" \/>\n\t<meta name=\"twitter:data2\" content=\"2 minutes\" \/>\n<script type=\"application\/ld+json\" class=\"yoast-schema-graph\">{\"@context\":\"https:\\\/\\\/schema.org\",\"@graph\":[{\"@type\":\"Article\",\"@id\":\"https:\\\/\\\/www.sebastien-auziere.fr\\\/blog\\\/en\\\/info-gala-brigitte-macron-in-japan-the-moving-tribute-to-a-famous-woman-marked-by-a-drama-she-wanted-to-support\\\/#article\",\"isPartOf\":{\"@id\":\"https:\\\/\\\/www.sebastien-auziere.fr\\\/blog\\\/en\\\/info-gala-brigitte-macron-in-japan-the-moving-tribute-to-a-famous-woman-marked-by-a-drama-she-wanted-to-support\\\/\"},\"author\":{\"name\":\"Chloe Gauthier\",\"@id\":\"https:\\\/\\\/www.sebastien-auziere.fr\\\/blog\\\/#\\\/schema\\\/person\\\/149f1acdbfd85149c6c3e59adeae2f4d\"},\"headline\":\"INFO GALA \u2013 Brigitte Macron in Japan: the moving tribute to a famous woman marked by a drama she wanted to support\",\"datePublished\":\"2026-04-10T07:08:12+00:00\",\"dateModified\":\"2026-04-10T07:08:47+00:00\",\"mainEntityOfPage\":{\"@id\":\"https:\\\/\\\/www.sebastien-auziere.fr\\\/blog\\\/en\\\/info-gala-brigitte-macron-in-japan-the-moving-tribute-to-a-famous-woman-marked-by-a-drama-she-wanted-to-support\\\/\"},\"wordCount\":493,\"commentCount\":0,\"publisher\":{\"@id\":\"https:\\\/\\\/www.sebastien-auziere.fr\\\/blog\\\/#organization\"},\"image\":{\"@id\":\"https:\\\/\\\/www.sebastien-auziere.fr\\\/blog\\\/en\\\/info-gala-brigitte-macron-in-japan-the-moving-tribute-to-a-famous-woman-marked-by-a-drama-she-wanted-to-support\\\/#primaryimage\"},\"thumbnailUrl\":\"https:\\\/\\\/www.sebastien-auziere.fr\\\/blog\\\/wp-content\\\/uploads\\\/2026\\\/04\\\/INFO-GALA-\u2013-Brigitte-Macron-au-Japon-le-poignant-hommage-a-une-femme-celebre-marquee-par-un-drame-quelle-a-voulu-soutenir.jpg\",\"keywords\":[\"brigitte macron\",\"drama\",\"famous woman\",\"japan\",\"poignant tribute\"],\"articleSection\":[\"News\"],\"inLanguage\":\"fr-FR\",\"potentialAction\":[{\"@type\":\"CommentAction\",\"name\":\"Comment\",\"target\":[\"https:\\\/\\\/www.sebastien-auziere.fr\\\/blog\\\/en\\\/info-gala-brigitte-macron-in-japan-the-moving-tribute-to-a-famous-woman-marked-by-a-drama-she-wanted-to-support\\\/#respond\"]}]},{\"@type\":\"WebPage\",\"@id\":\"https:\\\/\\\/www.sebastien-auziere.fr\\\/blog\\\/en\\\/info-gala-brigitte-macron-in-japan-the-moving-tribute-to-a-famous-woman-marked-by-a-drama-she-wanted-to-support\\\/\",\"url\":\"https:\\\/\\\/www.sebastien-auziere.fr\\\/blog\\\/en\\\/info-gala-brigitte-macron-in-japan-the-moving-tribute-to-a-famous-woman-marked-by-a-drama-she-wanted-to-support\\\/\",\"name\":\"INFO GALA \u2013 Brigitte Macron in Japan: the moving tribute to a famous woman marked by a drama she wanted to support - Fan site S\u00e9bastien Auzi\u00e8re\",\"isPartOf\":{\"@id\":\"https:\\\/\\\/www.sebastien-auziere.fr\\\/blog\\\/#website\"},\"primaryImageOfPage\":{\"@id\":\"https:\\\/\\\/www.sebastien-auziere.fr\\\/blog\\\/en\\\/info-gala-brigitte-macron-in-japan-the-moving-tribute-to-a-famous-woman-marked-by-a-drama-she-wanted-to-support\\\/#primaryimage\"},\"image\":{\"@id\":\"https:\\\/\\\/www.sebastien-auziere.fr\\\/blog\\\/en\\\/info-gala-brigitte-macron-in-japan-the-moving-tribute-to-a-famous-woman-marked-by-a-drama-she-wanted-to-support\\\/#primaryimage\"},\"thumbnailUrl\":\"https:\\\/\\\/www.sebastien-auziere.fr\\\/blog\\\/wp-content\\\/uploads\\\/2026\\\/04\\\/INFO-GALA-\u2013-Brigitte-Macron-au-Japon-le-poignant-hommage-a-une-femme-celebre-marquee-par-un-drame-quelle-a-voulu-soutenir.jpg\",\"datePublished\":\"2026-04-10T07:08:12+00:00\",\"dateModified\":\"2026-04-10T07:08:47+00:00\",\"description\":\"D\u00e9couvrez le t\u00e9moignage \u00e9mouvant de Brigitte Macron au Japon, rendant hommage \u00e0 une femme c\u00e9l\u00e8bre ayant surmont\u00e9 un drame, pour la soutenir.\",\"breadcrumb\":{\"@id\":\"https:\\\/\\\/www.sebastien-auziere.fr\\\/blog\\\/en\\\/info-gala-brigitte-macron-in-japan-the-moving-tribute-to-a-famous-woman-marked-by-a-drama-she-wanted-to-support\\\/#breadcrumb\"},\"inLanguage\":\"fr-FR\",\"potentialAction\":[{\"@type\":\"ReadAction\",\"target\":[\"https:\\\/\\\/www.sebastien-auziere.fr\\\/blog\\\/en\\\/info-gala-brigitte-macron-in-japan-the-moving-tribute-to-a-famous-woman-marked-by-a-drama-she-wanted-to-support\\\/\"]}]},{\"@type\":\"ImageObject\",\"inLanguage\":\"fr-FR\",\"@id\":\"https:\\\/\\\/www.sebastien-auziere.fr\\\/blog\\\/en\\\/info-gala-brigitte-macron-in-japan-the-moving-tribute-to-a-famous-woman-marked-by-a-drama-she-wanted-to-support\\\/#primaryimage\",\"url\":\"https:\\\/\\\/www.sebastien-auziere.fr\\\/blog\\\/wp-content\\\/uploads\\\/2026\\\/04\\\/INFO-GALA-\u2013-Brigitte-Macron-au-Japon-le-poignant-hommage-a-une-femme-celebre-marquee-par-un-drame-quelle-a-voulu-soutenir.jpg\",\"contentUrl\":\"https:\\\/\\\/www.sebastien-auziere.fr\\\/blog\\\/wp-content\\\/uploads\\\/2026\\\/04\\\/INFO-GALA-\u2013-Brigitte-Macron-au-Japon-le-poignant-hommage-a-une-femme-celebre-marquee-par-un-drame-quelle-a-voulu-soutenir.jpg\",\"width\":2560,\"height\":1429,\"caption\":\"d\u00e9couvrez le poignant hommage rendu par brigitte macron au japon \u00e0 une femme c\u00e9l\u00e8bre marqu\u00e9e par un drame, illustrant son engagement et sa compassion.\"},{\"@type\":\"BreadcrumbList\",\"@id\":\"https:\\\/\\\/www.sebastien-auziere.fr\\\/blog\\\/en\\\/info-gala-brigitte-macron-in-japan-the-moving-tribute-to-a-famous-woman-marked-by-a-drama-she-wanted-to-support\\\/#breadcrumb\",\"itemListElement\":[{\"@type\":\"ListItem\",\"position\":1,\"name\":\"Home\",\"item\":\"https:\\\/\\\/www.sebastien-auziere.fr\\\/blog\\\/\"},{\"@type\":\"ListItem\",\"position\":2,\"name\":\"INFO GALA \u2013 Brigitte Macron in Japan: the moving tribute to a famous woman marked by a drama she wanted to support\"}]},{\"@type\":\"WebSite\",\"@id\":\"https:\\\/\\\/www.sebastien-auziere.fr\\\/blog\\\/#website\",\"url\":\"https:\\\/\\\/www.sebastien-auziere.fr\\\/blog\\\/\",\"name\":\"Fan site S\u00e9bastien Auzi\u00e8re\",\"description\":\"M\u00e9dia g\u00e9n\u00e9raliste\",\"publisher\":{\"@id\":\"https:\\\/\\\/www.sebastien-auziere.fr\\\/blog\\\/#organization\"},\"potentialAction\":[{\"@type\":\"SearchAction\",\"target\":{\"@type\":\"EntryPoint\",\"urlTemplate\":\"https:\\\/\\\/www.sebastien-auziere.fr\\\/blog\\\/?s={search_term_string}\"},\"query-input\":{\"@type\":\"PropertyValueSpecification\",\"valueRequired\":true,\"valueName\":\"search_term_string\"}}],\"inLanguage\":\"fr-FR\"},{\"@type\":\"Organization\",\"@id\":\"https:\\\/\\\/www.sebastien-auziere.fr\\\/blog\\\/#organization\",\"name\":\"Fan site S\u00e9bastien Auzi\u00e8re\",\"url\":\"https:\\\/\\\/www.sebastien-auziere.fr\\\/blog\\\/\",\"logo\":{\"@type\":\"ImageObject\",\"inLanguage\":\"fr-FR\",\"@id\":\"https:\\\/\\\/www.sebastien-auziere.fr\\\/blog\\\/#\\\/schema\\\/logo\\\/image\\\/\",\"url\":\"https:\\\/\\\/www.sebastien-auziere.fr\\\/blog\\\/wp-content\\\/uploads\\\/2026\\\/03\\\/cropped-cropped-cropped-ChatGPT-Image-6-mars-2026-12_58_09-e1772798376794.jpg\",\"contentUrl\":\"https:\\\/\\\/www.sebastien-auziere.fr\\\/blog\\\/wp-content\\\/uploads\\\/2026\\\/03\\\/cropped-cropped-cropped-ChatGPT-Image-6-mars-2026-12_58_09-e1772798376794.jpg\",\"width\":512,\"height\":360,\"caption\":\"Fan site S\u00e9bastien Auzi\u00e8re\"},\"image\":{\"@id\":\"https:\\\/\\\/www.sebastien-auziere.fr\\\/blog\\\/#\\\/schema\\\/logo\\\/image\\\/\"}},{\"@type\":\"Person\",\"@id\":\"https:\\\/\\\/www.sebastien-auziere.fr\\\/blog\\\/#\\\/schema\\\/person\\\/149f1acdbfd85149c6c3e59adeae2f4d\",\"name\":\"Chloe Gauthier\",\"image\":{\"@type\":\"ImageObject\",\"inLanguage\":\"fr-FR\",\"@id\":\"https:\\\/\\\/secure.gravatar.com\\\/avatar\\\/2c5722f58171cff738a8985ef0dd66b476e563753246a49019befc837ec4201a?s=96&d=mm&r=g\",\"url\":\"https:\\\/\\\/secure.gravatar.com\\\/avatar\\\/2c5722f58171cff738a8985ef0dd66b476e563753246a49019befc837ec4201a?s=96&d=mm&r=g\",\"contentUrl\":\"https:\\\/\\\/secure.gravatar.com\\\/avatar\\\/2c5722f58171cff738a8985ef0dd66b476e563753246a49019befc837ec4201a?s=96&d=mm&r=g\",\"caption\":\"Chloe Gauthier\"},\"description\":\"Passionn\u00e9e par la politique et admiratrice engag\u00e9e de la famille Macron, je consacre mon \u00e9nergie \u00e0 suivre leurs initiatives et \u00e0 promouvoir leurs id\u00e9es. \u00c0 32 ans, je suis convaincue que leur vision est porteuse d'avenir.\",\"url\":\"https:\\\/\\\/www.sebastien-auziere.fr\\\/blog\\\/author\\\/chloe-gauthier\\\/\"}]}<\/script>\n<!-- \/ Yoast SEO plugin. -->","yoast_head_json":{"title":"INFO GALA \u2013 Brigitte Macron in Japan: the moving tribute to a famous woman marked by a drama she wanted to support - Fan site S\u00e9bastien Auzi\u00e8re","description":"D\u00e9couvrez le t\u00e9moignage \u00e9mouvant de Brigitte Macron au Japon, rendant hommage \u00e0 une femme c\u00e9l\u00e8bre ayant surmont\u00e9 un drame, pour la soutenir.","robots":{"index":"index","follow":"follow","max-snippet":"max-snippet:-1","max-image-preview":"max-image-preview:large","max-video-preview":"max-video-preview:-1"},"canonical":"https:\/\/www.sebastien-auziere.fr\/blog\/en\/info-gala-brigitte-macron-in-japan-the-moving-tribute-to-a-famous-woman-marked-by-a-drama-she-wanted-to-support\/","og_locale":"fr_FR","og_type":"article","og_title":"INFO GALA \u2013 Brigitte Macron in Japan: the moving tribute to a famous woman marked by a drama she wanted to support - Fan site S\u00e9bastien Auzi\u00e8re","og_description":"D\u00e9couvrez le t\u00e9moignage \u00e9mouvant de Brigitte Macron au Japon, rendant hommage \u00e0 une femme c\u00e9l\u00e8bre ayant surmont\u00e9 un drame, pour la soutenir.","og_url":"https:\/\/www.sebastien-auziere.fr\/blog\/en\/info-gala-brigitte-macron-in-japan-the-moving-tribute-to-a-famous-woman-marked-by-a-drama-she-wanted-to-support\/","og_site_name":"Fan site S\u00e9bastien Auzi\u00e8re","article_published_time":"2026-04-10T07:08:12+00:00","article_modified_time":"2026-04-10T07:08:47+00:00","og_image":[{"width":2560,"height":1429,"url":"https:\/\/www.sebastien-auziere.fr\/blog\/wp-content\/uploads\/2026\/04\/INFO-GALA-\u2013-Brigitte-Macron-au-Japon-le-poignant-hommage-a-une-femme-celebre-marquee-par-un-drame-quelle-a-voulu-soutenir.jpg","type":"image\/jpeg"}],"author":"Chloe Gauthier","twitter_card":"summary_large_image","twitter_misc":{"\u00c9crit par":"Chloe Gauthier","Dur\u00e9e de lecture estim\u00e9e":"2 minutes"},"schema":{"@context":"https:\/\/schema.org","@graph":[{"@type":"Article","@id":"https:\/\/www.sebastien-auziere.fr\/blog\/en\/info-gala-brigitte-macron-in-japan-the-moving-tribute-to-a-famous-woman-marked-by-a-drama-she-wanted-to-support\/#article","isPartOf":{"@id":"https:\/\/www.sebastien-auziere.fr\/blog\/en\/info-gala-brigitte-macron-in-japan-the-moving-tribute-to-a-famous-woman-marked-by-a-drama-she-wanted-to-support\/"},"author":{"name":"Chloe Gauthier","@id":"https:\/\/www.sebastien-auziere.fr\/blog\/#\/schema\/person\/149f1acdbfd85149c6c3e59adeae2f4d"},"headline":"INFO GALA \u2013 Brigitte Macron in Japan: the moving tribute to a famous woman marked by a drama she wanted to support","datePublished":"2026-04-10T07:08:12+00:00","dateModified":"2026-04-10T07:08:47+00:00","mainEntityOfPage":{"@id":"https:\/\/www.sebastien-auziere.fr\/blog\/en\/info-gala-brigitte-macron-in-japan-the-moving-tribute-to-a-famous-woman-marked-by-a-drama-she-wanted-to-support\/"},"wordCount":493,"commentCount":0,"publisher":{"@id":"https:\/\/www.sebastien-auziere.fr\/blog\/#organization"},"image":{"@id":"https:\/\/www.sebastien-auziere.fr\/blog\/en\/info-gala-brigitte-macron-in-japan-the-moving-tribute-to-a-famous-woman-marked-by-a-drama-she-wanted-to-support\/#primaryimage"},"thumbnailUrl":"https:\/\/www.sebastien-auziere.fr\/blog\/wp-content\/uploads\/2026\/04\/INFO-GALA-\u2013-Brigitte-Macron-au-Japon-le-poignant-hommage-a-une-femme-celebre-marquee-par-un-drame-quelle-a-voulu-soutenir.jpg","keywords":["brigitte macron","drama","famous woman","japan","poignant tribute"],"articleSection":["News"],"inLanguage":"fr-FR","potentialAction":[{"@type":"CommentAction","name":"Comment","target":["https:\/\/www.sebastien-auziere.fr\/blog\/en\/info-gala-brigitte-macron-in-japan-the-moving-tribute-to-a-famous-woman-marked-by-a-drama-she-wanted-to-support\/#respond"]}]},{"@type":"WebPage","@id":"https:\/\/www.sebastien-auziere.fr\/blog\/en\/info-gala-brigitte-macron-in-japan-the-moving-tribute-to-a-famous-woman-marked-by-a-drama-she-wanted-to-support\/","url":"https:\/\/www.sebastien-auziere.fr\/blog\/en\/info-gala-brigitte-macron-in-japan-the-moving-tribute-to-a-famous-woman-marked-by-a-drama-she-wanted-to-support\/","name":"INFO GALA \u2013 Brigitte Macron in Japan: the moving tribute to a famous woman marked by a drama she wanted to support - Fan site S\u00e9bastien Auzi\u00e8re","isPartOf":{"@id":"https:\/\/www.sebastien-auziere.fr\/blog\/#website"},"primaryImageOfPage":{"@id":"https:\/\/www.sebastien-auziere.fr\/blog\/en\/info-gala-brigitte-macron-in-japan-the-moving-tribute-to-a-famous-woman-marked-by-a-drama-she-wanted-to-support\/#primaryimage"},"image":{"@id":"https:\/\/www.sebastien-auziere.fr\/blog\/en\/info-gala-brigitte-macron-in-japan-the-moving-tribute-to-a-famous-woman-marked-by-a-drama-she-wanted-to-support\/#primaryimage"},"thumbnailUrl":"https:\/\/www.sebastien-auziere.fr\/blog\/wp-content\/uploads\/2026\/04\/INFO-GALA-\u2013-Brigitte-Macron-au-Japon-le-poignant-hommage-a-une-femme-celebre-marquee-par-un-drame-quelle-a-voulu-soutenir.jpg","datePublished":"2026-04-10T07:08:12+00:00","dateModified":"2026-04-10T07:08:47+00:00","description":"D\u00e9couvrez le t\u00e9moignage \u00e9mouvant de Brigitte Macron au Japon, rendant hommage \u00e0 une femme c\u00e9l\u00e8bre ayant surmont\u00e9 un drame, pour la soutenir.","breadcrumb":{"@id":"https:\/\/www.sebastien-auziere.fr\/blog\/en\/info-gala-brigitte-macron-in-japan-the-moving-tribute-to-a-famous-woman-marked-by-a-drama-she-wanted-to-support\/#breadcrumb"},"inLanguage":"fr-FR","potentialAction":[{"@type":"ReadAction","target":["https:\/\/www.sebastien-auziere.fr\/blog\/en\/info-gala-brigitte-macron-in-japan-the-moving-tribute-to-a-famous-woman-marked-by-a-drama-she-wanted-to-support\/"]}]},{"@type":"ImageObject","inLanguage":"fr-FR","@id":"https:\/\/www.sebastien-auziere.fr\/blog\/en\/info-gala-brigitte-macron-in-japan-the-moving-tribute-to-a-famous-woman-marked-by-a-drama-she-wanted-to-support\/#primaryimage","url":"https:\/\/www.sebastien-auziere.fr\/blog\/wp-content\/uploads\/2026\/04\/INFO-GALA-\u2013-Brigitte-Macron-au-Japon-le-poignant-hommage-a-une-femme-celebre-marquee-par-un-drame-quelle-a-voulu-soutenir.jpg","contentUrl":"https:\/\/www.sebastien-auziere.fr\/blog\/wp-content\/uploads\/2026\/04\/INFO-GALA-\u2013-Brigitte-Macron-au-Japon-le-poignant-hommage-a-une-femme-celebre-marquee-par-un-drame-quelle-a-voulu-soutenir.jpg","width":2560,"height":1429,"caption":"d\u00e9couvrez le poignant hommage rendu par brigitte macron au japon \u00e0 une femme c\u00e9l\u00e8bre marqu\u00e9e par un drame, illustrant son engagement et sa compassion."},{"@type":"BreadcrumbList","@id":"https:\/\/www.sebastien-auziere.fr\/blog\/en\/info-gala-brigitte-macron-in-japan-the-moving-tribute-to-a-famous-woman-marked-by-a-drama-she-wanted-to-support\/#breadcrumb","itemListElement":[{"@type":"ListItem","position":1,"name":"Home","item":"https:\/\/www.sebastien-auziere.fr\/blog\/"},{"@type":"ListItem","position":2,"name":"INFO GALA \u2013 Brigitte Macron in Japan: the moving tribute to a famous woman marked by a drama she wanted to support"}]},{"@type":"WebSite","@id":"https:\/\/www.sebastien-auziere.fr\/blog\/#website","url":"https:\/\/www.sebastien-auziere.fr\/blog\/","name":"Fan site S\u00e9bastien Auzi\u00e8re","description":"M\u00e9dia g\u00e9n\u00e9raliste","publisher":{"@id":"https:\/\/www.sebastien-auziere.fr\/blog\/#organization"},"potentialAction":[{"@type":"SearchAction","target":{"@type":"EntryPoint","urlTemplate":"https:\/\/www.sebastien-auziere.fr\/blog\/?s={search_term_string}"},"query-input":{"@type":"PropertyValueSpecification","valueRequired":true,"valueName":"search_term_string"}}],"inLanguage":"fr-FR"},{"@type":"Organization","@id":"https:\/\/www.sebastien-auziere.fr\/blog\/#organization","name":"Fan site S\u00e9bastien Auzi\u00e8re","url":"https:\/\/www.sebastien-auziere.fr\/blog\/","logo":{"@type":"ImageObject","inLanguage":"fr-FR","@id":"https:\/\/www.sebastien-auziere.fr\/blog\/#\/schema\/logo\/image\/","url":"https:\/\/www.sebastien-auziere.fr\/blog\/wp-content\/uploads\/2026\/03\/cropped-cropped-cropped-ChatGPT-Image-6-mars-2026-12_58_09-e1772798376794.jpg","contentUrl":"https:\/\/www.sebastien-auziere.fr\/blog\/wp-content\/uploads\/2026\/03\/cropped-cropped-cropped-ChatGPT-Image-6-mars-2026-12_58_09-e1772798376794.jpg","width":512,"height":360,"caption":"Fan site S\u00e9bastien Auzi\u00e8re"},"image":{"@id":"https:\/\/www.sebastien-auziere.fr\/blog\/#\/schema\/logo\/image\/"}},{"@type":"Person","@id":"https:\/\/www.sebastien-auziere.fr\/blog\/#\/schema\/person\/149f1acdbfd85149c6c3e59adeae2f4d","name":"Chloe Gauthier","image":{"@type":"ImageObject","inLanguage":"fr-FR","@id":"https:\/\/secure.gravatar.com\/avatar\/2c5722f58171cff738a8985ef0dd66b476e563753246a49019befc837ec4201a?s=96&d=mm&r=g","url":"https:\/\/secure.gravatar.com\/avatar\/2c5722f58171cff738a8985ef0dd66b476e563753246a49019befc837ec4201a?s=96&d=mm&r=g","contentUrl":"https:\/\/secure.gravatar.com\/avatar\/2c5722f58171cff738a8985ef0dd66b476e563753246a49019befc837ec4201a?s=96&d=mm&r=g","caption":"Chloe Gauthier"},"description":"Passionn\u00e9e par la politique et admiratrice engag\u00e9e de la famille Macron, je consacre mon \u00e9nergie \u00e0 suivre leurs initiatives et \u00e0 promouvoir leurs id\u00e9es. \u00c0 32 ans, je suis convaincue que leur vision est porteuse d'avenir.","url":"https:\/\/www.sebastien-auziere.fr\/blog\/author\/chloe-gauthier\/"}]}},"views":4,"_links":{"self":[{"href":"https:\/\/www.sebastien-auziere.fr\/blog\/wp-json\/wp\/v2\/posts\/2908","targetHints":{"allow":["GET"]}}],"collection":[{"href":"https:\/\/www.sebastien-auziere.fr\/blog\/wp-json\/wp\/v2\/posts"}],"about":[{"href":"https:\/\/www.sebastien-auziere.fr\/blog\/wp-json\/wp\/v2\/types\/post"}],"author":[{"embeddable":true,"href":"https:\/\/www.sebastien-auziere.fr\/blog\/wp-json\/wp\/v2\/users\/9"}],"replies":[{"embeddable":true,"href":"https:\/\/www.sebastien-auziere.fr\/blog\/wp-json\/wp\/v2\/comments?post=2908"}],"version-history":[{"count":1,"href":"https:\/\/www.sebastien-auziere.fr\/blog\/wp-json\/wp\/v2\/posts\/2908\/revisions"}],"predecessor-version":[{"id":2909,"href":"https:\/\/www.sebastien-auziere.fr\/blog\/wp-json\/wp\/v2\/posts\/2908\/revisions\/2909"}],"wp:featuredmedia":[{"embeddable":true,"href":"https:\/\/www.sebastien-auziere.fr\/blog\/wp-json\/wp\/v2\/media\/2906"}],"wp:attachment":[{"href":"https:\/\/www.sebastien-auziere.fr\/blog\/wp-json\/wp\/v2\/media?parent=2908"}],"wp:term":[{"taxonomy":"category","embeddable":true,"href":"https:\/\/www.sebastien-auziere.fr\/blog\/wp-json\/wp\/v2\/categories?post=2908"},{"taxonomy":"post_tag","embeddable":true,"href":"https:\/\/www.sebastien-auziere.fr\/blog\/wp-json\/wp\/v2\/tags?post=2908"}],"curies":[{"name":"wp","href":"https:\/\/api.w.org\/{rel}","templated":true}]}}