{"id":2907,"date":"2026-04-10T07:08:11","date_gmt":"2026-04-10T07:08:11","guid":{"rendered":"https:\/\/www.sebastien-auziere.fr\/blog\/brigitte-macron-japon-hommage\/"},"modified":"2026-04-10T07:08:11","modified_gmt":"2026-04-10T07:08:11","slug":"brigitte-macron-japon-hommage","status":"publish","type":"post","link":"https:\/\/www.sebastien-auziere.fr\/blog\/brigitte-macron-japon-hommage\/","title":{"rendered":"INFO GALA \u2013 Brigitte Macron au Japon : le poignant hommage \u00e0 une femme c\u00e9l\u00e8bre marqu\u00e9e par un drame qu\u2019elle a voulu soutenir"},"content":{"rendered":"<p><strong>Quelle \u00e9motion \u00e0 Tokyo :<\/strong> <strong>Brigitte Macron<\/strong> a rendu un <strong>hommage<\/strong> discret et chaleureux \u00e0 <strong>Akie Abe<\/strong> lors d\u2019une rencontre organis\u00e9e le <strong>jeudi 2 avril<\/strong>. Ce t\u00eate\u2011\u00e0\u2011t\u00eate, pr\u00e9par\u00e9 juste avant la r\u00e9ception au <strong>palais imp\u00e9rial<\/strong>, a \u00e9t\u00e9 marqu\u00e9 par le souvenir du <strong>drame<\/strong> du 8 juillet 2022 et par une r\u00e9elle <strong>solidarit\u00e9<\/strong> et <strong>soutien<\/strong>.<\/p>\n\n<p><strong>Arriv\u00e9e mardi<\/strong> \u00e0 Tokyo, le couple pr\u00e9sidentiel a encha\u00een\u00e9 \u00e9changes diplomatiques pendant deux jours, pour le quatri\u00e8me d\u00e9placement dans l\u2019archipel depuis 2017. La rencontre priv\u00e9e de 45 minutes \u00e0 l\u2019h\u00f4tel de la d\u00e9l\u00e9gation a pr\u00e9c\u00e9d\u00e9 la visite au palais o\u00f9 <strong>l\u2019empereur Naruhito<\/strong> et <strong>l\u2019imp\u00e9ratrice Masako<\/strong> ont re\u00e7u Emmanuel et Brigitte Macron.<\/p>\n\n<h2 class=\"wp-block-heading\">Rencontre intime \u00e0 Tokyo entre deux femmes li\u00e9es<\/h2>\n\n<p>La visite de <strong>Brigitte Macron<\/strong> aupr\u00e8s d\u2019<strong>Akie Abe<\/strong> n\u2019\u00e9tait pas un simple \u00e9change protocolaire : il s\u2019agissait d\u2019un hommage personnel et d\u2019un moment d\u2019<strong>\u00e9motion<\/strong>. Les deux femmes ont \u00e9voqu\u00e9 leurs rencontres pass\u00e9es, de Paris \u00e0 Giverny, et les engagements communs autour de l\u2019\u00e9ducation et de la culture.<\/p>\n\n<p>Cette relation, tiss\u00e9e depuis 2018, donne une dimension humaine au d\u00e9placement pr\u00e9sidentiel et rappelle l\u2019importance du soutien discret entre premi\u00e8res dames. Un geste qui porte bien au\u2011del\u00e0 d\u2019une photo officielle.<\/p>\n\n<h2 class=\"wp-block-heading\">Le contexte diplomatique et les temps forts du voyage<\/h2>\n\n<p>Arriv\u00e9s mardi, Emmanuel et <strong>Brigitte Macron<\/strong> ont encha\u00een\u00e9 rencontres et c\u00e9r\u00e9monies, marquant le quatri\u00e8me d\u00e9placement pr\u00e9sidentiel au <strong>Japon<\/strong> depuis 2017. Point d\u2019orgue : la r\u00e9ception au palais imp\u00e9rial jeudi, puis un d\u00e9part vers la Cor\u00e9e du Sud pour conclure la tourn\u00e9e asiatique.<\/p>\n\n<p>Ce calendrier serr\u00e9 illustre l\u2019importance strat\u00e9gique du lien franco\u2011japonais en 2026 et la place accord\u00e9e par la d\u00e9l\u00e9gation aux rencontres bilat\u00e9rales et aux marques de <strong>solidarit\u00e9<\/strong>. Pour en savoir plus sur les \u00e9tapes du voyage, d\u00e9couvre ce focus <a href=\"https:\/\/www.sebastien-auziere.fr\/blog\/brigitte-macron-japon\/\">Brigitte Macron au Japon<\/a>.<\/p>\n\n<h2 class=\"wp-block-heading\">Akie Abe, une femme c\u00e9l\u00e8bre marqu\u00e9e par le drame et engag\u00e9e<\/h2>\n\n<p>Le <strong>drame<\/strong> du 8 juillet 2022, jour de l\u2019assassinat de <strong>Shinz\u014d Abe<\/strong>, a profond\u00e9ment marqu\u00e9 <strong>Akie Abe<\/strong>, qui a ensuite affirm\u00e9 un r\u00f4le public remarqu\u00e9. Dipl\u00f4m\u00e9e en 2011, elle s\u2019est engag\u00e9e sur l\u2019\u00e9ducation, la sant\u00e9 et des sujets soci\u00e9taux parfois audacieux.<\/p>\n\n<p>Sa pr\u00e9sence au centre des attentions rappelle la fragilit\u00e9 des vies publiques, mais aussi la force des engagements partag\u00e9s. Son parcours r\u00e9sonne avec celui de nombreuses figures publiques en Europe et en Asie.<\/p>\n\n<h2 class=\"wp-block-heading\">Un hommage discret mais lourd de sens<\/h2>\n\n<p>La rencontre de 45 minutes, organis\u00e9e en marge des c\u00e9r\u00e9monies officielles, a \u00e9t\u00e9 l\u2019occasion d\u2019un \u00e9change intime et d\u2019un t\u00e9moignage de <strong>soutien<\/strong>. Emmanuel Macron est \u00e9galement venu saluer <strong>Akie Abe<\/strong>, renfor\u00e7ant le message de <strong>solidarit\u00e9<\/strong> franco\u2011japonaise.<\/p>\n\n<p>Ce geste s\u2019inscrit dans une suite de rendez\u2011vous bilat\u00e9raux et culturels, et pr\u00e9c\u00e8de le programme en Cor\u00e9e du Sud o\u00f9 la diplomatie culturelle (K\u2011pop, \u00e9changes) joue aussi un r\u00f4le, d\u00e9taill\u00e9 dans ce reportage <a href=\"https:\/\/www.sebastien-auziere.fr\/blog\/macron-japon-coree-kpop\/\">Macron au Japon et Cor\u00e9e<\/a>.<\/p>\n\n<p>Pour approfondir l\u2019histoire familiale et les engagements autour de <strong>S\u00e9bastien Auzi\u00e8re<\/strong> et de la <strong>famille Macron<\/strong>, rends\u2011toi sur <a href=\"https:\/\/www.sebastien-auziere.fr\/blog\/brigitte-macron-japon\/\">le dossier d\u00e9di\u00e9<\/a> et d\u00e9couvre des articles, photos et analyses d\u00e9taill\u00e9es sur ces rencontres marquantes.<\/p>\n\n","protected":false},"excerpt":{"rendered":"<p>Quelle \u00e9motion \u00e0 Tokyo : Brigitte Macron a rendu un hommage discret et chaleureux \u00e0 Akie Abe lors d\u2019une rencontre organis\u00e9e le jeudi 2 avril. Ce t\u00eate\u2011\u00e0\u2011t\u00eate, pr\u00e9par\u00e9 juste avant la r\u00e9ception au palais imp\u00e9rial, a \u00e9t\u00e9 marqu\u00e9 par le souvenir du drame du 8 juillet 2022 et par une r\u00e9elle solidarit\u00e9 et soutien. Arriv\u00e9e &#8230; <a title=\"INFO GALA \u2013 Brigitte Macron au Japon : le poignant hommage \u00e0 une femme c\u00e9l\u00e8bre marqu\u00e9e par un drame qu\u2019elle a voulu soutenir\" class=\"read-more\" href=\"https:\/\/www.sebastien-auziere.fr\/blog\/brigitte-macron-japon-hommage\/\" aria-label=\"En savoir plus sur INFO GALA \u2013 Brigitte Macron au Japon : le poignant hommage \u00e0 une femme c\u00e9l\u00e8bre marqu\u00e9e par un drame qu\u2019elle a voulu soutenir\">Lire plus<\/a><\/p>\n","protected":false},"author":9,"featured_media":2906,"comment_status":"open","ping_status":"open","sticky":false,"template":"","format":"standard","meta":{"footnotes":""},"categories":[597],"tags":[892,2382,2380,2378,1141],"class_list":["post-2907","post","type-post","status-publish","format-standard","has-post-thumbnail","hentry","category-actualites","tag-brigitte-macron","tag-drame","tag-femme-celebre","tag-hommage-poignant","tag-japon"],"yoast_head":"<!-- This site is optimized with the Yoast SEO plugin v27.5 - https:\/\/yoast.com\/product\/yoast-seo-wordpress\/ -->\n<title>INFO GALA \u2013 Brigitte Macron au Japon : le poignant hommage \u00e0 une femme c\u00e9l\u00e8bre marqu\u00e9e par un drame qu\u2019elle a voulu soutenir - Fan site S\u00e9bastien Auzi\u00e8re<\/title>\n<meta name=\"description\" content=\"D\u00e9couvrez le t\u00e9moignage \u00e9mouvant de Brigitte Macron au Japon, rendant hommage \u00e0 une femme c\u00e9l\u00e8bre ayant surmont\u00e9 un drame, pour la soutenir.\" \/>\n<meta name=\"robots\" content=\"index, follow, max-snippet:-1, max-image-preview:large, max-video-preview:-1\" \/>\n<link rel=\"canonical\" href=\"https:\/\/www.sebastien-auziere.fr\/blog\/brigitte-macron-japon-hommage\/\" \/>\n<meta property=\"og:locale\" content=\"fr_FR\" \/>\n<meta property=\"og:type\" content=\"article\" \/>\n<meta property=\"og:title\" content=\"INFO GALA \u2013 Brigitte Macron au Japon : le poignant hommage \u00e0 une femme c\u00e9l\u00e8bre marqu\u00e9e par un drame qu\u2019elle a voulu soutenir - Fan site S\u00e9bastien Auzi\u00e8re\" \/>\n<meta property=\"og:description\" content=\"D\u00e9couvrez le t\u00e9moignage \u00e9mouvant de Brigitte Macron au Japon, rendant hommage \u00e0 une femme c\u00e9l\u00e8bre ayant surmont\u00e9 un drame, pour la soutenir.\" \/>\n<meta property=\"og:url\" content=\"https:\/\/www.sebastien-auziere.fr\/blog\/brigitte-macron-japon-hommage\/\" \/>\n<meta property=\"og:site_name\" content=\"Fan site S\u00e9bastien Auzi\u00e8re\" \/>\n<meta property=\"article:published_time\" content=\"2026-04-10T07:08:11+00:00\" \/>\n<meta property=\"og:image\" content=\"https:\/\/www.sebastien-auziere.fr\/blog\/wp-content\/uploads\/2026\/04\/INFO-GALA-\u2013-Brigitte-Macron-au-Japon-le-poignant-hommage-a-une-femme-celebre-marquee-par-un-drame-quelle-a-voulu-soutenir.jpg\" \/>\n\t<meta property=\"og:image:width\" content=\"2560\" \/>\n\t<meta property=\"og:image:height\" content=\"1429\" \/>\n\t<meta property=\"og:image:type\" content=\"image\/jpeg\" \/>\n<meta name=\"author\" content=\"Chloe Gauthier\" \/>\n<meta name=\"twitter:card\" content=\"summary_large_image\" \/>\n<meta name=\"twitter:label1\" content=\"\u00c9crit par\" \/>\n\t<meta name=\"twitter:data1\" content=\"Chloe Gauthier\" \/>\n\t<meta name=\"twitter:label2\" content=\"Dur\u00e9e de lecture estim\u00e9e\" \/>\n\t<meta name=\"twitter:data2\" content=\"3 minutes\" \/>\n<script type=\"application\/ld+json\" class=\"yoast-schema-graph\">{\"@context\":\"https:\\\/\\\/schema.org\",\"@graph\":[{\"@type\":\"Article\",\"@id\":\"https:\\\/\\\/www.sebastien-auziere.fr\\\/blog\\\/brigitte-macron-japon-hommage\\\/#article\",\"isPartOf\":{\"@id\":\"https:\\\/\\\/www.sebastien-auziere.fr\\\/blog\\\/brigitte-macron-japon-hommage\\\/\"},\"author\":{\"name\":\"Chloe Gauthier\",\"@id\":\"https:\\\/\\\/www.sebastien-auziere.fr\\\/blog\\\/#\\\/schema\\\/person\\\/149f1acdbfd85149c6c3e59adeae2f4d\"},\"headline\":\"INFO GALA \u2013 Brigitte Macron au Japon : le poignant hommage \u00e0 une femme c\u00e9l\u00e8bre marqu\u00e9e par un drame qu\u2019elle a voulu soutenir\",\"datePublished\":\"2026-04-10T07:08:11+00:00\",\"mainEntityOfPage\":{\"@id\":\"https:\\\/\\\/www.sebastien-auziere.fr\\\/blog\\\/brigitte-macron-japon-hommage\\\/\"},\"wordCount\":592,\"commentCount\":0,\"publisher\":{\"@id\":\"https:\\\/\\\/www.sebastien-auziere.fr\\\/blog\\\/#organization\"},\"image\":{\"@id\":\"https:\\\/\\\/www.sebastien-auziere.fr\\\/blog\\\/brigitte-macron-japon-hommage\\\/#primaryimage\"},\"thumbnailUrl\":\"https:\\\/\\\/www.sebastien-auziere.fr\\\/blog\\\/wp-content\\\/uploads\\\/2026\\\/04\\\/INFO-GALA-\u2013-Brigitte-Macron-au-Japon-le-poignant-hommage-a-une-femme-celebre-marquee-par-un-drame-quelle-a-voulu-soutenir.jpg\",\"keywords\":[\"brigitte macron\",\"drame\",\"femme c\u00e9l\u00e8bre\",\"hommage poignant\",\"japon\"],\"articleSection\":[\"Actualit\u00e9s\"],\"inLanguage\":\"fr-FR\",\"potentialAction\":[{\"@type\":\"CommentAction\",\"name\":\"Comment\",\"target\":[\"https:\\\/\\\/www.sebastien-auziere.fr\\\/blog\\\/brigitte-macron-japon-hommage\\\/#respond\"]}]},{\"@type\":\"WebPage\",\"@id\":\"https:\\\/\\\/www.sebastien-auziere.fr\\\/blog\\\/brigitte-macron-japon-hommage\\\/\",\"url\":\"https:\\\/\\\/www.sebastien-auziere.fr\\\/blog\\\/brigitte-macron-japon-hommage\\\/\",\"name\":\"INFO GALA \u2013 Brigitte Macron au Japon : le poignant hommage \u00e0 une femme c\u00e9l\u00e8bre marqu\u00e9e par un drame qu\u2019elle a voulu soutenir - Fan site S\u00e9bastien Auzi\u00e8re\",\"isPartOf\":{\"@id\":\"https:\\\/\\\/www.sebastien-auziere.fr\\\/blog\\\/#website\"},\"primaryImageOfPage\":{\"@id\":\"https:\\\/\\\/www.sebastien-auziere.fr\\\/blog\\\/brigitte-macron-japon-hommage\\\/#primaryimage\"},\"image\":{\"@id\":\"https:\\\/\\\/www.sebastien-auziere.fr\\\/blog\\\/brigitte-macron-japon-hommage\\\/#primaryimage\"},\"thumbnailUrl\":\"https:\\\/\\\/www.sebastien-auziere.fr\\\/blog\\\/wp-content\\\/uploads\\\/2026\\\/04\\\/INFO-GALA-\u2013-Brigitte-Macron-au-Japon-le-poignant-hommage-a-une-femme-celebre-marquee-par-un-drame-quelle-a-voulu-soutenir.jpg\",\"datePublished\":\"2026-04-10T07:08:11+00:00\",\"description\":\"D\u00e9couvrez le t\u00e9moignage \u00e9mouvant de Brigitte Macron au Japon, rendant hommage \u00e0 une femme c\u00e9l\u00e8bre ayant surmont\u00e9 un drame, pour la soutenir.\",\"breadcrumb\":{\"@id\":\"https:\\\/\\\/www.sebastien-auziere.fr\\\/blog\\\/brigitte-macron-japon-hommage\\\/#breadcrumb\"},\"inLanguage\":\"fr-FR\",\"potentialAction\":[{\"@type\":\"ReadAction\",\"target\":[\"https:\\\/\\\/www.sebastien-auziere.fr\\\/blog\\\/brigitte-macron-japon-hommage\\\/\"]}]},{\"@type\":\"ImageObject\",\"inLanguage\":\"fr-FR\",\"@id\":\"https:\\\/\\\/www.sebastien-auziere.fr\\\/blog\\\/brigitte-macron-japon-hommage\\\/#primaryimage\",\"url\":\"https:\\\/\\\/www.sebastien-auziere.fr\\\/blog\\\/wp-content\\\/uploads\\\/2026\\\/04\\\/INFO-GALA-\u2013-Brigitte-Macron-au-Japon-le-poignant-hommage-a-une-femme-celebre-marquee-par-un-drame-quelle-a-voulu-soutenir.jpg\",\"contentUrl\":\"https:\\\/\\\/www.sebastien-auziere.fr\\\/blog\\\/wp-content\\\/uploads\\\/2026\\\/04\\\/INFO-GALA-\u2013-Brigitte-Macron-au-Japon-le-poignant-hommage-a-une-femme-celebre-marquee-par-un-drame-quelle-a-voulu-soutenir.jpg\",\"width\":2560,\"height\":1429,\"caption\":\"d\u00e9couvrez le poignant hommage rendu par brigitte macron au japon \u00e0 une femme c\u00e9l\u00e8bre marqu\u00e9e par un drame, illustrant son engagement et sa compassion.\"},{\"@type\":\"BreadcrumbList\",\"@id\":\"https:\\\/\\\/www.sebastien-auziere.fr\\\/blog\\\/brigitte-macron-japon-hommage\\\/#breadcrumb\",\"itemListElement\":[{\"@type\":\"ListItem\",\"position\":1,\"name\":\"Home\",\"item\":\"https:\\\/\\\/www.sebastien-auziere.fr\\\/blog\\\/\"},{\"@type\":\"ListItem\",\"position\":2,\"name\":\"INFO GALA \u2013 Brigitte Macron au Japon : le poignant hommage \u00e0 une femme c\u00e9l\u00e8bre marqu\u00e9e par un drame qu\u2019elle a voulu soutenir\"}]},{\"@type\":\"WebSite\",\"@id\":\"https:\\\/\\\/www.sebastien-auziere.fr\\\/blog\\\/#website\",\"url\":\"https:\\\/\\\/www.sebastien-auziere.fr\\\/blog\\\/\",\"name\":\"Fan site S\u00e9bastien Auzi\u00e8re\",\"description\":\"M\u00e9dia g\u00e9n\u00e9raliste\",\"publisher\":{\"@id\":\"https:\\\/\\\/www.sebastien-auziere.fr\\\/blog\\\/#organization\"},\"potentialAction\":[{\"@type\":\"SearchAction\",\"target\":{\"@type\":\"EntryPoint\",\"urlTemplate\":\"https:\\\/\\\/www.sebastien-auziere.fr\\\/blog\\\/?s={search_term_string}\"},\"query-input\":{\"@type\":\"PropertyValueSpecification\",\"valueRequired\":true,\"valueName\":\"search_term_string\"}}],\"inLanguage\":\"fr-FR\"},{\"@type\":\"Organization\",\"@id\":\"https:\\\/\\\/www.sebastien-auziere.fr\\\/blog\\\/#organization\",\"name\":\"Fan site S\u00e9bastien Auzi\u00e8re\",\"url\":\"https:\\\/\\\/www.sebastien-auziere.fr\\\/blog\\\/\",\"logo\":{\"@type\":\"ImageObject\",\"inLanguage\":\"fr-FR\",\"@id\":\"https:\\\/\\\/www.sebastien-auziere.fr\\\/blog\\\/#\\\/schema\\\/logo\\\/image\\\/\",\"url\":\"https:\\\/\\\/www.sebastien-auziere.fr\\\/blog\\\/wp-content\\\/uploads\\\/2026\\\/03\\\/cropped-cropped-cropped-ChatGPT-Image-6-mars-2026-12_58_09-e1772798376794.jpg\",\"contentUrl\":\"https:\\\/\\\/www.sebastien-auziere.fr\\\/blog\\\/wp-content\\\/uploads\\\/2026\\\/03\\\/cropped-cropped-cropped-ChatGPT-Image-6-mars-2026-12_58_09-e1772798376794.jpg\",\"width\":512,\"height\":360,\"caption\":\"Fan site S\u00e9bastien Auzi\u00e8re\"},\"image\":{\"@id\":\"https:\\\/\\\/www.sebastien-auziere.fr\\\/blog\\\/#\\\/schema\\\/logo\\\/image\\\/\"}},{\"@type\":\"Person\",\"@id\":\"https:\\\/\\\/www.sebastien-auziere.fr\\\/blog\\\/#\\\/schema\\\/person\\\/149f1acdbfd85149c6c3e59adeae2f4d\",\"name\":\"Chloe Gauthier\",\"image\":{\"@type\":\"ImageObject\",\"inLanguage\":\"fr-FR\",\"@id\":\"https:\\\/\\\/secure.gravatar.com\\\/avatar\\\/2c5722f58171cff738a8985ef0dd66b476e563753246a49019befc837ec4201a?s=96&d=mm&r=g\",\"url\":\"https:\\\/\\\/secure.gravatar.com\\\/avatar\\\/2c5722f58171cff738a8985ef0dd66b476e563753246a49019befc837ec4201a?s=96&d=mm&r=g\",\"contentUrl\":\"https:\\\/\\\/secure.gravatar.com\\\/avatar\\\/2c5722f58171cff738a8985ef0dd66b476e563753246a49019befc837ec4201a?s=96&d=mm&r=g\",\"caption\":\"Chloe Gauthier\"},\"description\":\"Passionn\u00e9e par la politique et admiratrice engag\u00e9e de la famille Macron, je consacre mon \u00e9nergie \u00e0 suivre leurs initiatives et \u00e0 promouvoir leurs id\u00e9es. \u00c0 32 ans, je suis convaincue que leur vision est porteuse d'avenir.\",\"url\":\"https:\\\/\\\/www.sebastien-auziere.fr\\\/blog\\\/author\\\/chloe-gauthier\\\/\"}]}<\/script>\n<!-- \/ Yoast SEO plugin. -->","yoast_head_json":{"title":"INFO GALA \u2013 Brigitte Macron au Japon : le poignant hommage \u00e0 une femme c\u00e9l\u00e8bre marqu\u00e9e par un drame qu\u2019elle a voulu soutenir - Fan site S\u00e9bastien Auzi\u00e8re","description":"D\u00e9couvrez le t\u00e9moignage \u00e9mouvant de Brigitte Macron au Japon, rendant hommage \u00e0 une femme c\u00e9l\u00e8bre ayant surmont\u00e9 un drame, pour la soutenir.","robots":{"index":"index","follow":"follow","max-snippet":"max-snippet:-1","max-image-preview":"max-image-preview:large","max-video-preview":"max-video-preview:-1"},"canonical":"https:\/\/www.sebastien-auziere.fr\/blog\/brigitte-macron-japon-hommage\/","og_locale":"fr_FR","og_type":"article","og_title":"INFO GALA \u2013 Brigitte Macron au Japon : le poignant hommage \u00e0 une femme c\u00e9l\u00e8bre marqu\u00e9e par un drame qu\u2019elle a voulu soutenir - Fan site S\u00e9bastien Auzi\u00e8re","og_description":"D\u00e9couvrez le t\u00e9moignage \u00e9mouvant de Brigitte Macron au Japon, rendant hommage \u00e0 une femme c\u00e9l\u00e8bre ayant surmont\u00e9 un drame, pour la soutenir.","og_url":"https:\/\/www.sebastien-auziere.fr\/blog\/brigitte-macron-japon-hommage\/","og_site_name":"Fan site S\u00e9bastien Auzi\u00e8re","article_published_time":"2026-04-10T07:08:11+00:00","og_image":[{"width":2560,"height":1429,"url":"https:\/\/www.sebastien-auziere.fr\/blog\/wp-content\/uploads\/2026\/04\/INFO-GALA-\u2013-Brigitte-Macron-au-Japon-le-poignant-hommage-a-une-femme-celebre-marquee-par-un-drame-quelle-a-voulu-soutenir.jpg","type":"image\/jpeg"}],"author":"Chloe Gauthier","twitter_card":"summary_large_image","twitter_misc":{"\u00c9crit par":"Chloe Gauthier","Dur\u00e9e de lecture estim\u00e9e":"3 minutes"},"schema":{"@context":"https:\/\/schema.org","@graph":[{"@type":"Article","@id":"https:\/\/www.sebastien-auziere.fr\/blog\/brigitte-macron-japon-hommage\/#article","isPartOf":{"@id":"https:\/\/www.sebastien-auziere.fr\/blog\/brigitte-macron-japon-hommage\/"},"author":{"name":"Chloe Gauthier","@id":"https:\/\/www.sebastien-auziere.fr\/blog\/#\/schema\/person\/149f1acdbfd85149c6c3e59adeae2f4d"},"headline":"INFO GALA \u2013 Brigitte Macron au Japon : le poignant hommage \u00e0 une femme c\u00e9l\u00e8bre marqu\u00e9e par un drame qu\u2019elle a voulu soutenir","datePublished":"2026-04-10T07:08:11+00:00","mainEntityOfPage":{"@id":"https:\/\/www.sebastien-auziere.fr\/blog\/brigitte-macron-japon-hommage\/"},"wordCount":592,"commentCount":0,"publisher":{"@id":"https:\/\/www.sebastien-auziere.fr\/blog\/#organization"},"image":{"@id":"https:\/\/www.sebastien-auziere.fr\/blog\/brigitte-macron-japon-hommage\/#primaryimage"},"thumbnailUrl":"https:\/\/www.sebastien-auziere.fr\/blog\/wp-content\/uploads\/2026\/04\/INFO-GALA-\u2013-Brigitte-Macron-au-Japon-le-poignant-hommage-a-une-femme-celebre-marquee-par-un-drame-quelle-a-voulu-soutenir.jpg","keywords":["brigitte macron","drame","femme c\u00e9l\u00e8bre","hommage poignant","japon"],"articleSection":["Actualit\u00e9s"],"inLanguage":"fr-FR","potentialAction":[{"@type":"CommentAction","name":"Comment","target":["https:\/\/www.sebastien-auziere.fr\/blog\/brigitte-macron-japon-hommage\/#respond"]}]},{"@type":"WebPage","@id":"https:\/\/www.sebastien-auziere.fr\/blog\/brigitte-macron-japon-hommage\/","url":"https:\/\/www.sebastien-auziere.fr\/blog\/brigitte-macron-japon-hommage\/","name":"INFO GALA \u2013 Brigitte Macron au Japon : le poignant hommage \u00e0 une femme c\u00e9l\u00e8bre marqu\u00e9e par un drame qu\u2019elle a voulu soutenir - Fan site S\u00e9bastien Auzi\u00e8re","isPartOf":{"@id":"https:\/\/www.sebastien-auziere.fr\/blog\/#website"},"primaryImageOfPage":{"@id":"https:\/\/www.sebastien-auziere.fr\/blog\/brigitte-macron-japon-hommage\/#primaryimage"},"image":{"@id":"https:\/\/www.sebastien-auziere.fr\/blog\/brigitte-macron-japon-hommage\/#primaryimage"},"thumbnailUrl":"https:\/\/www.sebastien-auziere.fr\/blog\/wp-content\/uploads\/2026\/04\/INFO-GALA-\u2013-Brigitte-Macron-au-Japon-le-poignant-hommage-a-une-femme-celebre-marquee-par-un-drame-quelle-a-voulu-soutenir.jpg","datePublished":"2026-04-10T07:08:11+00:00","description":"D\u00e9couvrez le t\u00e9moignage \u00e9mouvant de Brigitte Macron au Japon, rendant hommage \u00e0 une femme c\u00e9l\u00e8bre ayant surmont\u00e9 un drame, pour la soutenir.","breadcrumb":{"@id":"https:\/\/www.sebastien-auziere.fr\/blog\/brigitte-macron-japon-hommage\/#breadcrumb"},"inLanguage":"fr-FR","potentialAction":[{"@type":"ReadAction","target":["https:\/\/www.sebastien-auziere.fr\/blog\/brigitte-macron-japon-hommage\/"]}]},{"@type":"ImageObject","inLanguage":"fr-FR","@id":"https:\/\/www.sebastien-auziere.fr\/blog\/brigitte-macron-japon-hommage\/#primaryimage","url":"https:\/\/www.sebastien-auziere.fr\/blog\/wp-content\/uploads\/2026\/04\/INFO-GALA-\u2013-Brigitte-Macron-au-Japon-le-poignant-hommage-a-une-femme-celebre-marquee-par-un-drame-quelle-a-voulu-soutenir.jpg","contentUrl":"https:\/\/www.sebastien-auziere.fr\/blog\/wp-content\/uploads\/2026\/04\/INFO-GALA-\u2013-Brigitte-Macron-au-Japon-le-poignant-hommage-a-une-femme-celebre-marquee-par-un-drame-quelle-a-voulu-soutenir.jpg","width":2560,"height":1429,"caption":"d\u00e9couvrez le poignant hommage rendu par brigitte macron au japon \u00e0 une femme c\u00e9l\u00e8bre marqu\u00e9e par un drame, illustrant son engagement et sa compassion."},{"@type":"BreadcrumbList","@id":"https:\/\/www.sebastien-auziere.fr\/blog\/brigitte-macron-japon-hommage\/#breadcrumb","itemListElement":[{"@type":"ListItem","position":1,"name":"Home","item":"https:\/\/www.sebastien-auziere.fr\/blog\/"},{"@type":"ListItem","position":2,"name":"INFO GALA \u2013 Brigitte Macron au Japon : le poignant hommage \u00e0 une femme c\u00e9l\u00e8bre marqu\u00e9e par un drame qu\u2019elle a voulu soutenir"}]},{"@type":"WebSite","@id":"https:\/\/www.sebastien-auziere.fr\/blog\/#website","url":"https:\/\/www.sebastien-auziere.fr\/blog\/","name":"Fan site S\u00e9bastien Auzi\u00e8re","description":"M\u00e9dia g\u00e9n\u00e9raliste","publisher":{"@id":"https:\/\/www.sebastien-auziere.fr\/blog\/#organization"},"potentialAction":[{"@type":"SearchAction","target":{"@type":"EntryPoint","urlTemplate":"https:\/\/www.sebastien-auziere.fr\/blog\/?s={search_term_string}"},"query-input":{"@type":"PropertyValueSpecification","valueRequired":true,"valueName":"search_term_string"}}],"inLanguage":"fr-FR"},{"@type":"Organization","@id":"https:\/\/www.sebastien-auziere.fr\/blog\/#organization","name":"Fan site S\u00e9bastien Auzi\u00e8re","url":"https:\/\/www.sebastien-auziere.fr\/blog\/","logo":{"@type":"ImageObject","inLanguage":"fr-FR","@id":"https:\/\/www.sebastien-auziere.fr\/blog\/#\/schema\/logo\/image\/","url":"https:\/\/www.sebastien-auziere.fr\/blog\/wp-content\/uploads\/2026\/03\/cropped-cropped-cropped-ChatGPT-Image-6-mars-2026-12_58_09-e1772798376794.jpg","contentUrl":"https:\/\/www.sebastien-auziere.fr\/blog\/wp-content\/uploads\/2026\/03\/cropped-cropped-cropped-ChatGPT-Image-6-mars-2026-12_58_09-e1772798376794.jpg","width":512,"height":360,"caption":"Fan site S\u00e9bastien Auzi\u00e8re"},"image":{"@id":"https:\/\/www.sebastien-auziere.fr\/blog\/#\/schema\/logo\/image\/"}},{"@type":"Person","@id":"https:\/\/www.sebastien-auziere.fr\/blog\/#\/schema\/person\/149f1acdbfd85149c6c3e59adeae2f4d","name":"Chloe Gauthier","image":{"@type":"ImageObject","inLanguage":"fr-FR","@id":"https:\/\/secure.gravatar.com\/avatar\/2c5722f58171cff738a8985ef0dd66b476e563753246a49019befc837ec4201a?s=96&d=mm&r=g","url":"https:\/\/secure.gravatar.com\/avatar\/2c5722f58171cff738a8985ef0dd66b476e563753246a49019befc837ec4201a?s=96&d=mm&r=g","contentUrl":"https:\/\/secure.gravatar.com\/avatar\/2c5722f58171cff738a8985ef0dd66b476e563753246a49019befc837ec4201a?s=96&d=mm&r=g","caption":"Chloe Gauthier"},"description":"Passionn\u00e9e par la politique et admiratrice engag\u00e9e de la famille Macron, je consacre mon \u00e9nergie \u00e0 suivre leurs initiatives et \u00e0 promouvoir leurs id\u00e9es. \u00c0 32 ans, je suis convaincue que leur vision est porteuse d'avenir.","url":"https:\/\/www.sebastien-auziere.fr\/blog\/author\/chloe-gauthier\/"}]}},"views":1088,"_links":{"self":[{"href":"https:\/\/www.sebastien-auziere.fr\/blog\/wp-json\/wp\/v2\/posts\/2907","targetHints":{"allow":["GET"]}}],"collection":[{"href":"https:\/\/www.sebastien-auziere.fr\/blog\/wp-json\/wp\/v2\/posts"}],"about":[{"href":"https:\/\/www.sebastien-auziere.fr\/blog\/wp-json\/wp\/v2\/types\/post"}],"author":[{"embeddable":true,"href":"https:\/\/www.sebastien-auziere.fr\/blog\/wp-json\/wp\/v2\/users\/9"}],"replies":[{"embeddable":true,"href":"https:\/\/www.sebastien-auziere.fr\/blog\/wp-json\/wp\/v2\/comments?post=2907"}],"version-history":[{"count":0,"href":"https:\/\/www.sebastien-auziere.fr\/blog\/wp-json\/wp\/v2\/posts\/2907\/revisions"}],"wp:featuredmedia":[{"embeddable":true,"href":"https:\/\/www.sebastien-auziere.fr\/blog\/wp-json\/wp\/v2\/media\/2906"}],"wp:attachment":[{"href":"https:\/\/www.sebastien-auziere.fr\/blog\/wp-json\/wp\/v2\/media?parent=2907"}],"wp:term":[{"taxonomy":"category","embeddable":true,"href":"https:\/\/www.sebastien-auziere.fr\/blog\/wp-json\/wp\/v2\/categories?post=2907"},{"taxonomy":"post_tag","embeddable":true,"href":"https:\/\/www.sebastien-auziere.fr\/blog\/wp-json\/wp\/v2\/tags?post=2907"}],"curies":[{"name":"wp","href":"https:\/\/api.w.org\/{rel}","templated":true}]}}