{"id":2902,"date":"2026-04-09T19:15:27","date_gmt":"2026-04-09T19:15:27","guid":{"rendered":"https:\/\/www.sebastien-auziere.fr\/blog\/?p=2902"},"modified":"2026-04-09T19:15:48","modified_gmt":"2026-04-09T19:15:48","slug":"brigitte-e-emmanuel-macron-no-vaticano-encontro-exclusivo-com-o-papa-leao-xiv-e-troca-de-presentes-descubra-todos-os-detalhes","status":"publish","type":"post","link":"https:\/\/www.sebastien-auziere.fr\/blog\/pt\/brigitte-e-emmanuel-macron-no-vaticano-encontro-exclusivo-com-o-papa-leao-xiv-e-troca-de-presentes-descubra-todos-os-detalhes\/","title":{"rendered":"Brigitte e Emmanuel Macron no Vaticano: encontro exclusivo com o papa Le\u00e3o XIV e troca de presentes, descubra todos os detalhes"},"content":{"rendered":"<p><strong>Brigitte Macron<\/strong> e <strong>Emmanuel Macron<\/strong> ser\u00e3o recebidos no <strong>Vaticano<\/strong> em <strong>10 de abril<\/strong> para um <strong>encontro exclusivo<\/strong> com o <strong>papa Le\u00e3o XIV<\/strong>, eleito em maio de 2025. Segundo o Eliseu, a visita oficial incluir\u00e1 <strong>trocas de presentes<\/strong> que misturam a heran\u00e7a cultural francesa e refer\u00eancias \u00e0 hist\u00f3ria pessoal do soberano pont\u00edfice.<\/p>\n\n<p>Essa audi\u00eancia privada, a primeira entre <strong>Macron<\/strong> e Le\u00e3o XIV, ocorre em um contexto diplom\u00e1tico carregado: multilateralismo, clima, intelig\u00eancia artificial e quest\u00f5es humanit\u00e1rias est\u00e3o na pauta. Para mais detalhes pr\u00e1ticos sobre o calend\u00e1rio anunciado, consulte <a href=\"https:\/\/www.lemonde.fr\/international\/article\/2026\/04\/01\/emmanuel-macron-se-rendra-au-vatican-les-9-et-10-avril-pour-rencontrer-leon-xiv_6675939_3210.html\">este artigo<\/a>.<\/p>\n\n<h2 class=\"wp-block-heading\"><strong>Contexto diplom\u00e1tico da visita ao Vaticano<\/strong><\/h2>\n\n<p>A visita dos dias 9 e 10 de abril marca a quinta presen\u00e7a de <strong>Emmanuel Macron<\/strong> no <strong>Vaticano<\/strong> (ap\u00f3s 2018, 2021, 2022 e na primavera de 2025 durante as homenagens ao papa Francisco). A audi\u00eancia de 10 de abril \u00e9 apresentada como um poss\u00edvel t\u00eate-\u00e0-t\u00eate no pal\u00e1cio apost\u00f3lico, destinado a \u201ctransmitir uma s\u00e9rie de mensagens\u201d, segundo a presid\u00eancia. Para acompanhar o an\u00fancio oficial e o calend\u00e1rio, siga a cobertura da imprensa nacional.<\/p>\n\n<h3 class=\"wp-block-heading\"><strong>T\u00f3picos abordados e quest\u00f5es em jogo<\/strong><\/h3>\n\n<p>Os temas abordados incluem <strong>diplomacia<\/strong>, combate \u00e0 pobreza, prote\u00e7\u00e3o do planeta e quest\u00f5es humanit\u00e1rias. O encontro ocorre tr\u00eas dias antes da hist\u00f3rica viagem do <strong>papa Le\u00e3o XIV<\/strong> \u00e0 Arg\u00e9lia, o que pode fazer surgir discuss\u00f5es sobre quest\u00f5es sens\u00edveis, como a deten\u00e7\u00e3o do jornalista Christophe Gleizes desde junho de 2025. Em Roma, Emmanuel Macron tamb\u00e9m encontrar\u00e1 atores da diplomacia informal da Santa S\u00e9 para preparar essas trocas.<\/p>\n\n<h2 class=\"wp-block-heading\"><strong>Trocas de presentes e s\u00edmbolos<\/strong><\/h2>\n\n<p>De acordo com a tradi\u00e7\u00e3o diplom\u00e1tica, a delega\u00e7\u00e3o francesa oferecer\u00e1 v\u00e1rios presentes ao papa, escolhidos \u201centre heran\u00e7a cultural francesa e refer\u00eancias pessoais\u201d, ressaltou o Eliseu. A composi\u00e7\u00e3o da delega\u00e7\u00e3o, que inclui personalidades como Jean\u2011Marc Sauv\u00e9, envia um sinal forte sobre a vontade de tratar quest\u00f5es de \u00e9tica e mem\u00f3ria dentro da Igreja. Esses gestos simb\u00f3licos visam consolidar as <strong>rela\u00e7\u00f5es internacionais<\/strong> entre a Fran\u00e7a e a Santa S\u00e9.<\/p>\n\n<h3 class=\"wp-block-heading\"><strong>Consequ\u00eancias para a atualidade pol\u00edtica e as rela\u00e7\u00f5es internacionais<\/strong><\/h3>\n\n<p>Al\u00e9m do protocolo, esta visita oficial pode influenciar as posi\u00e7\u00f5es sobre multilateralismo e coopera\u00e7\u00e3o humanit\u00e1ria, \u00e1reas priorit\u00e1rias para ambas as partes desde a elei\u00e7\u00e3o do papa americano nascido em Chicago. Os pr\u00f3ximos meses, incluindo a viagem papal \u00e0 Arg\u00e9lia, permitir\u00e3o avaliar o impacto concreto dessas discuss\u00f5es no cen\u00e1rio internacional e na imagem da Fran\u00e7a na Europa.<\/p>\n\n<p>Para saber mais sobre os bastidores desta visita e aprofundar-se no papel dos pr\u00f3ximos do casal presidencial, consulte o dossi\u00ea completo dedicado a <strong>S\u00e9bastien Auzi\u00e8re<\/strong> e \u00e0 fam\u00edlia Macron em <a href=\"https:\/\/www.sebastien-auziere.fr\/blog\/brigitte-macron-vatican\/\">o site dedicado<\/a>.<\/p>","protected":false},"excerpt":{"rendered":"<p>Brigitte Macron e Emmanuel Macron ser\u00e3o recebidos no Vaticano em 10 de abril para um encontro exclusivo com o papa Le\u00e3o XIV, eleito em maio de 2025. Segundo o Eliseu, a visita oficial incluir\u00e1 trocas de presentes que misturam a heran\u00e7a cultural francesa e refer\u00eancias \u00e0 hist\u00f3ria pessoal do soberano pont\u00edfice. Essa audi\u00eancia privada, a &#8230; <a title=\"Brigitte e Emmanuel Macron no Vaticano: encontro exclusivo com o papa Le\u00e3o XIV e troca de presentes, descubra todos os detalhes\" class=\"read-more\" href=\"https:\/\/www.sebastien-auziere.fr\/blog\/pt\/brigitte-e-emmanuel-macron-no-vaticano-encontro-exclusivo-com-o-papa-leao-xiv-e-troca-de-presentes-descubra-todos-os-detalhes\/\" aria-label=\"En savoir plus sur Brigitte e Emmanuel Macron no Vaticano: encontro exclusivo com o papa Le\u00e3o XIV e troca de presentes, descubra todos os detalhes\">Lire plus<\/a><\/p>\n","protected":false},"author":9,"featured_media":2892,"comment_status":"open","ping_status":"open","sticky":false,"template":"","format":"standard","meta":{"footnotes":""},"categories":[862],"tags":[959,1202,2372,2156,2159],"class_list":["post-2902","post","type-post","status-publish","format-standard","has-post-thumbnail","hentry","category-actualidades-pt","tag-brigitte-macron-pt","tag-emmanuel-macron-pt","tag-encontro-papal-pt","tag-papa-leao-xiv-pt","tag-vaticano-pt"],"yoast_head":"<!-- This site is optimized with the Yoast SEO plugin v27.5 - https:\/\/yoast.com\/product\/yoast-seo-wordpress\/ -->\n<title>Brigitte e Emmanuel Macron no Vaticano: encontro exclusivo com o papa Le\u00e3o XIV e troca de presentes, descubra todos os detalhes - Fan site S\u00e9bastien Auzi\u00e8re<\/title>\n<meta name=\"description\" content=\"Brigitte et Emmanuel Macron au Vatican : rencontre exclusive avec le pape L\u00e9on XIV et \u00e9changes de cadeaux. D\u00e9couvrez tous les d\u00e9tails ici.\" \/>\n<meta name=\"robots\" content=\"index, follow, max-snippet:-1, max-image-preview:large, max-video-preview:-1\" \/>\n<link rel=\"canonical\" href=\"https:\/\/www.sebastien-auziere.fr\/blog\/pt\/brigitte-e-emmanuel-macron-no-vaticano-encontro-exclusivo-com-o-papa-leao-xiv-e-troca-de-presentes-descubra-todos-os-detalhes\/\" \/>\n<meta property=\"og:locale\" content=\"fr_FR\" \/>\n<meta property=\"og:type\" content=\"article\" \/>\n<meta property=\"og:title\" content=\"Brigitte e Emmanuel Macron no Vaticano: encontro exclusivo com o papa Le\u00e3o XIV e troca de presentes, descubra todos os detalhes - Fan site S\u00e9bastien Auzi\u00e8re\" \/>\n<meta property=\"og:description\" content=\"Brigitte et Emmanuel Macron au Vatican : rencontre exclusive avec le pape L\u00e9on XIV et \u00e9changes de cadeaux. D\u00e9couvrez tous les d\u00e9tails ici.\" \/>\n<meta property=\"og:url\" content=\"https:\/\/www.sebastien-auziere.fr\/blog\/pt\/brigitte-e-emmanuel-macron-no-vaticano-encontro-exclusivo-com-o-papa-leao-xiv-e-troca-de-presentes-descubra-todos-os-detalhes\/\" \/>\n<meta property=\"og:site_name\" content=\"Fan site S\u00e9bastien Auzi\u00e8re\" \/>\n<meta property=\"article:published_time\" content=\"2026-04-09T19:15:27+00:00\" \/>\n<meta property=\"article:modified_time\" content=\"2026-04-09T19:15:48+00:00\" \/>\n<meta property=\"og:image\" content=\"https:\/\/www.sebastien-auziere.fr\/blog\/wp-content\/uploads\/2026\/04\/Brigitte-et-Emmanuel-Macron-au-Vatican-rencontre-exclusive-avec-le-pape-Leon-XIV-et-echanges-de-cadeaux-decouvrez-tous-les-details.jpg\" \/>\n\t<meta property=\"og:image:width\" content=\"2560\" \/>\n\t<meta property=\"og:image:height\" content=\"1429\" \/>\n\t<meta property=\"og:image:type\" content=\"image\/jpeg\" \/>\n<meta name=\"author\" content=\"Chloe Gauthier\" \/>\n<meta name=\"twitter:card\" content=\"summary_large_image\" \/>\n<meta name=\"twitter:label1\" content=\"\u00c9crit par\" \/>\n\t<meta name=\"twitter:data1\" content=\"Chloe Gauthier\" \/>\n\t<meta name=\"twitter:label2\" content=\"Dur\u00e9e de lecture estim\u00e9e\" \/>\n\t<meta name=\"twitter:data2\" content=\"2 minutes\" \/>\n<script type=\"application\/ld+json\" class=\"yoast-schema-graph\">{\"@context\":\"https:\\\/\\\/schema.org\",\"@graph\":[{\"@type\":\"Article\",\"@id\":\"https:\\\/\\\/www.sebastien-auziere.fr\\\/blog\\\/pt\\\/brigitte-e-emmanuel-macron-no-vaticano-encontro-exclusivo-com-o-papa-leao-xiv-e-troca-de-presentes-descubra-todos-os-detalhes\\\/#article\",\"isPartOf\":{\"@id\":\"https:\\\/\\\/www.sebastien-auziere.fr\\\/blog\\\/pt\\\/brigitte-e-emmanuel-macron-no-vaticano-encontro-exclusivo-com-o-papa-leao-xiv-e-troca-de-presentes-descubra-todos-os-detalhes\\\/\"},\"author\":{\"name\":\"Chloe Gauthier\",\"@id\":\"https:\\\/\\\/www.sebastien-auziere.fr\\\/blog\\\/#\\\/schema\\\/person\\\/149f1acdbfd85149c6c3e59adeae2f4d\"},\"headline\":\"Brigitte e Emmanuel Macron no Vaticano: encontro exclusivo com o papa Le\u00e3o XIV e troca de presentes, descubra todos os detalhes\",\"datePublished\":\"2026-04-09T19:15:27+00:00\",\"dateModified\":\"2026-04-09T19:15:48+00:00\",\"mainEntityOfPage\":{\"@id\":\"https:\\\/\\\/www.sebastien-auziere.fr\\\/blog\\\/pt\\\/brigitte-e-emmanuel-macron-no-vaticano-encontro-exclusivo-com-o-papa-leao-xiv-e-troca-de-presentes-descubra-todos-os-detalhes\\\/\"},\"wordCount\":491,\"commentCount\":0,\"publisher\":{\"@id\":\"https:\\\/\\\/www.sebastien-auziere.fr\\\/blog\\\/#organization\"},\"image\":{\"@id\":\"https:\\\/\\\/www.sebastien-auziere.fr\\\/blog\\\/pt\\\/brigitte-e-emmanuel-macron-no-vaticano-encontro-exclusivo-com-o-papa-leao-xiv-e-troca-de-presentes-descubra-todos-os-detalhes\\\/#primaryimage\"},\"thumbnailUrl\":\"https:\\\/\\\/www.sebastien-auziere.fr\\\/blog\\\/wp-content\\\/uploads\\\/2026\\\/04\\\/Brigitte-et-Emmanuel-Macron-au-Vatican-rencontre-exclusive-avec-le-pape-Leon-XIV-et-echanges-de-cadeaux-decouvrez-tous-les-details.jpg\",\"keywords\":[\"brigitte macron\",\"emmanuel macron\",\"encontro papal\",\"papa le\u00e3o xiv\",\"vaticano\"],\"articleSection\":[\"Actualidades\"],\"inLanguage\":\"fr-FR\",\"potentialAction\":[{\"@type\":\"CommentAction\",\"name\":\"Comment\",\"target\":[\"https:\\\/\\\/www.sebastien-auziere.fr\\\/blog\\\/pt\\\/brigitte-e-emmanuel-macron-no-vaticano-encontro-exclusivo-com-o-papa-leao-xiv-e-troca-de-presentes-descubra-todos-os-detalhes\\\/#respond\"]}]},{\"@type\":\"WebPage\",\"@id\":\"https:\\\/\\\/www.sebastien-auziere.fr\\\/blog\\\/pt\\\/brigitte-e-emmanuel-macron-no-vaticano-encontro-exclusivo-com-o-papa-leao-xiv-e-troca-de-presentes-descubra-todos-os-detalhes\\\/\",\"url\":\"https:\\\/\\\/www.sebastien-auziere.fr\\\/blog\\\/pt\\\/brigitte-e-emmanuel-macron-no-vaticano-encontro-exclusivo-com-o-papa-leao-xiv-e-troca-de-presentes-descubra-todos-os-detalhes\\\/\",\"name\":\"Brigitte e Emmanuel Macron no Vaticano: encontro exclusivo com o papa Le\u00e3o XIV e troca de presentes, descubra todos os detalhes - Fan site S\u00e9bastien Auzi\u00e8re\",\"isPartOf\":{\"@id\":\"https:\\\/\\\/www.sebastien-auziere.fr\\\/blog\\\/#website\"},\"primaryImageOfPage\":{\"@id\":\"https:\\\/\\\/www.sebastien-auziere.fr\\\/blog\\\/pt\\\/brigitte-e-emmanuel-macron-no-vaticano-encontro-exclusivo-com-o-papa-leao-xiv-e-troca-de-presentes-descubra-todos-os-detalhes\\\/#primaryimage\"},\"image\":{\"@id\":\"https:\\\/\\\/www.sebastien-auziere.fr\\\/blog\\\/pt\\\/brigitte-e-emmanuel-macron-no-vaticano-encontro-exclusivo-com-o-papa-leao-xiv-e-troca-de-presentes-descubra-todos-os-detalhes\\\/#primaryimage\"},\"thumbnailUrl\":\"https:\\\/\\\/www.sebastien-auziere.fr\\\/blog\\\/wp-content\\\/uploads\\\/2026\\\/04\\\/Brigitte-et-Emmanuel-Macron-au-Vatican-rencontre-exclusive-avec-le-pape-Leon-XIV-et-echanges-de-cadeaux-decouvrez-tous-les-details.jpg\",\"datePublished\":\"2026-04-09T19:15:27+00:00\",\"dateModified\":\"2026-04-09T19:15:48+00:00\",\"description\":\"Brigitte et Emmanuel Macron au Vatican : rencontre exclusive avec le pape L\u00e9on XIV et \u00e9changes de cadeaux. D\u00e9couvrez tous les d\u00e9tails ici.\",\"breadcrumb\":{\"@id\":\"https:\\\/\\\/www.sebastien-auziere.fr\\\/blog\\\/pt\\\/brigitte-e-emmanuel-macron-no-vaticano-encontro-exclusivo-com-o-papa-leao-xiv-e-troca-de-presentes-descubra-todos-os-detalhes\\\/#breadcrumb\"},\"inLanguage\":\"fr-FR\",\"potentialAction\":[{\"@type\":\"ReadAction\",\"target\":[\"https:\\\/\\\/www.sebastien-auziere.fr\\\/blog\\\/pt\\\/brigitte-e-emmanuel-macron-no-vaticano-encontro-exclusivo-com-o-papa-leao-xiv-e-troca-de-presentes-descubra-todos-os-detalhes\\\/\"]}]},{\"@type\":\"ImageObject\",\"inLanguage\":\"fr-FR\",\"@id\":\"https:\\\/\\\/www.sebastien-auziere.fr\\\/blog\\\/pt\\\/brigitte-e-emmanuel-macron-no-vaticano-encontro-exclusivo-com-o-papa-leao-xiv-e-troca-de-presentes-descubra-todos-os-detalhes\\\/#primaryimage\",\"url\":\"https:\\\/\\\/www.sebastien-auziere.fr\\\/blog\\\/wp-content\\\/uploads\\\/2026\\\/04\\\/Brigitte-et-Emmanuel-Macron-au-Vatican-rencontre-exclusive-avec-le-pape-Leon-XIV-et-echanges-de-cadeaux-decouvrez-tous-les-details.jpg\",\"contentUrl\":\"https:\\\/\\\/www.sebastien-auziere.fr\\\/blog\\\/wp-content\\\/uploads\\\/2026\\\/04\\\/Brigitte-et-Emmanuel-Macron-au-Vatican-rencontre-exclusive-avec-le-pape-Leon-XIV-et-echanges-de-cadeaux-decouvrez-tous-les-details.jpg\",\"width\":2560,\"height\":1429,\"caption\":\"d\u00e9couvrez la rencontre exclusive de brigitte et emmanuel macron avec le pape l\u00e9on xiv au vatican, leurs \u00e9changes de cadeaux et tous les d\u00e9tails de cet \u00e9v\u00e9nement exceptionnel.\"},{\"@type\":\"BreadcrumbList\",\"@id\":\"https:\\\/\\\/www.sebastien-auziere.fr\\\/blog\\\/pt\\\/brigitte-e-emmanuel-macron-no-vaticano-encontro-exclusivo-com-o-papa-leao-xiv-e-troca-de-presentes-descubra-todos-os-detalhes\\\/#breadcrumb\",\"itemListElement\":[{\"@type\":\"ListItem\",\"position\":1,\"name\":\"Home\",\"item\":\"https:\\\/\\\/www.sebastien-auziere.fr\\\/blog\\\/\"},{\"@type\":\"ListItem\",\"position\":2,\"name\":\"Brigitte e Emmanuel Macron no Vaticano: encontro exclusivo com o papa Le\u00e3o XIV e troca de presentes, descubra todos os detalhes\"}]},{\"@type\":\"WebSite\",\"@id\":\"https:\\\/\\\/www.sebastien-auziere.fr\\\/blog\\\/#website\",\"url\":\"https:\\\/\\\/www.sebastien-auziere.fr\\\/blog\\\/\",\"name\":\"Fan site S\u00e9bastien Auzi\u00e8re\",\"description\":\"M\u00e9dia g\u00e9n\u00e9raliste\",\"publisher\":{\"@id\":\"https:\\\/\\\/www.sebastien-auziere.fr\\\/blog\\\/#organization\"},\"potentialAction\":[{\"@type\":\"SearchAction\",\"target\":{\"@type\":\"EntryPoint\",\"urlTemplate\":\"https:\\\/\\\/www.sebastien-auziere.fr\\\/blog\\\/?s={search_term_string}\"},\"query-input\":{\"@type\":\"PropertyValueSpecification\",\"valueRequired\":true,\"valueName\":\"search_term_string\"}}],\"inLanguage\":\"fr-FR\"},{\"@type\":\"Organization\",\"@id\":\"https:\\\/\\\/www.sebastien-auziere.fr\\\/blog\\\/#organization\",\"name\":\"Fan site S\u00e9bastien Auzi\u00e8re\",\"url\":\"https:\\\/\\\/www.sebastien-auziere.fr\\\/blog\\\/\",\"logo\":{\"@type\":\"ImageObject\",\"inLanguage\":\"fr-FR\",\"@id\":\"https:\\\/\\\/www.sebastien-auziere.fr\\\/blog\\\/#\\\/schema\\\/logo\\\/image\\\/\",\"url\":\"https:\\\/\\\/www.sebastien-auziere.fr\\\/blog\\\/wp-content\\\/uploads\\\/2026\\\/03\\\/cropped-cropped-cropped-ChatGPT-Image-6-mars-2026-12_58_09-e1772798376794.jpg\",\"contentUrl\":\"https:\\\/\\\/www.sebastien-auziere.fr\\\/blog\\\/wp-content\\\/uploads\\\/2026\\\/03\\\/cropped-cropped-cropped-ChatGPT-Image-6-mars-2026-12_58_09-e1772798376794.jpg\",\"width\":512,\"height\":360,\"caption\":\"Fan site S\u00e9bastien Auzi\u00e8re\"},\"image\":{\"@id\":\"https:\\\/\\\/www.sebastien-auziere.fr\\\/blog\\\/#\\\/schema\\\/logo\\\/image\\\/\"}},{\"@type\":\"Person\",\"@id\":\"https:\\\/\\\/www.sebastien-auziere.fr\\\/blog\\\/#\\\/schema\\\/person\\\/149f1acdbfd85149c6c3e59adeae2f4d\",\"name\":\"Chloe Gauthier\",\"image\":{\"@type\":\"ImageObject\",\"inLanguage\":\"fr-FR\",\"@id\":\"https:\\\/\\\/secure.gravatar.com\\\/avatar\\\/2c5722f58171cff738a8985ef0dd66b476e563753246a49019befc837ec4201a?s=96&d=mm&r=g\",\"url\":\"https:\\\/\\\/secure.gravatar.com\\\/avatar\\\/2c5722f58171cff738a8985ef0dd66b476e563753246a49019befc837ec4201a?s=96&d=mm&r=g\",\"contentUrl\":\"https:\\\/\\\/secure.gravatar.com\\\/avatar\\\/2c5722f58171cff738a8985ef0dd66b476e563753246a49019befc837ec4201a?s=96&d=mm&r=g\",\"caption\":\"Chloe Gauthier\"},\"description\":\"Passionn\u00e9e par la politique et admiratrice engag\u00e9e de la famille Macron, je consacre mon \u00e9nergie \u00e0 suivre leurs initiatives et \u00e0 promouvoir leurs id\u00e9es. \u00c0 32 ans, je suis convaincue que leur vision est porteuse d'avenir.\",\"url\":\"https:\\\/\\\/www.sebastien-auziere.fr\\\/blog\\\/author\\\/chloe-gauthier\\\/\"}]}<\/script>\n<!-- \/ Yoast SEO plugin. -->","yoast_head_json":{"title":"Brigitte e Emmanuel Macron no Vaticano: encontro exclusivo com o papa Le\u00e3o XIV e troca de presentes, descubra todos os detalhes - Fan site S\u00e9bastien Auzi\u00e8re","description":"Brigitte et Emmanuel Macron au Vatican : rencontre exclusive avec le pape L\u00e9on XIV et \u00e9changes de cadeaux. D\u00e9couvrez tous les d\u00e9tails ici.","robots":{"index":"index","follow":"follow","max-snippet":"max-snippet:-1","max-image-preview":"max-image-preview:large","max-video-preview":"max-video-preview:-1"},"canonical":"https:\/\/www.sebastien-auziere.fr\/blog\/pt\/brigitte-e-emmanuel-macron-no-vaticano-encontro-exclusivo-com-o-papa-leao-xiv-e-troca-de-presentes-descubra-todos-os-detalhes\/","og_locale":"fr_FR","og_type":"article","og_title":"Brigitte e Emmanuel Macron no Vaticano: encontro exclusivo com o papa Le\u00e3o XIV e troca de presentes, descubra todos os detalhes - Fan site S\u00e9bastien Auzi\u00e8re","og_description":"Brigitte et Emmanuel Macron au Vatican : rencontre exclusive avec le pape L\u00e9on XIV et \u00e9changes de cadeaux. D\u00e9couvrez tous les d\u00e9tails ici.","og_url":"https:\/\/www.sebastien-auziere.fr\/blog\/pt\/brigitte-e-emmanuel-macron-no-vaticano-encontro-exclusivo-com-o-papa-leao-xiv-e-troca-de-presentes-descubra-todos-os-detalhes\/","og_site_name":"Fan site S\u00e9bastien Auzi\u00e8re","article_published_time":"2026-04-09T19:15:27+00:00","article_modified_time":"2026-04-09T19:15:48+00:00","og_image":[{"width":2560,"height":1429,"url":"https:\/\/www.sebastien-auziere.fr\/blog\/wp-content\/uploads\/2026\/04\/Brigitte-et-Emmanuel-Macron-au-Vatican-rencontre-exclusive-avec-le-pape-Leon-XIV-et-echanges-de-cadeaux-decouvrez-tous-les-details.jpg","type":"image\/jpeg"}],"author":"Chloe Gauthier","twitter_card":"summary_large_image","twitter_misc":{"\u00c9crit par":"Chloe Gauthier","Dur\u00e9e de lecture estim\u00e9e":"2 minutes"},"schema":{"@context":"https:\/\/schema.org","@graph":[{"@type":"Article","@id":"https:\/\/www.sebastien-auziere.fr\/blog\/pt\/brigitte-e-emmanuel-macron-no-vaticano-encontro-exclusivo-com-o-papa-leao-xiv-e-troca-de-presentes-descubra-todos-os-detalhes\/#article","isPartOf":{"@id":"https:\/\/www.sebastien-auziere.fr\/blog\/pt\/brigitte-e-emmanuel-macron-no-vaticano-encontro-exclusivo-com-o-papa-leao-xiv-e-troca-de-presentes-descubra-todos-os-detalhes\/"},"author":{"name":"Chloe Gauthier","@id":"https:\/\/www.sebastien-auziere.fr\/blog\/#\/schema\/person\/149f1acdbfd85149c6c3e59adeae2f4d"},"headline":"Brigitte e Emmanuel Macron no Vaticano: encontro exclusivo com o papa Le\u00e3o XIV e troca de presentes, descubra todos os detalhes","datePublished":"2026-04-09T19:15:27+00:00","dateModified":"2026-04-09T19:15:48+00:00","mainEntityOfPage":{"@id":"https:\/\/www.sebastien-auziere.fr\/blog\/pt\/brigitte-e-emmanuel-macron-no-vaticano-encontro-exclusivo-com-o-papa-leao-xiv-e-troca-de-presentes-descubra-todos-os-detalhes\/"},"wordCount":491,"commentCount":0,"publisher":{"@id":"https:\/\/www.sebastien-auziere.fr\/blog\/#organization"},"image":{"@id":"https:\/\/www.sebastien-auziere.fr\/blog\/pt\/brigitte-e-emmanuel-macron-no-vaticano-encontro-exclusivo-com-o-papa-leao-xiv-e-troca-de-presentes-descubra-todos-os-detalhes\/#primaryimage"},"thumbnailUrl":"https:\/\/www.sebastien-auziere.fr\/blog\/wp-content\/uploads\/2026\/04\/Brigitte-et-Emmanuel-Macron-au-Vatican-rencontre-exclusive-avec-le-pape-Leon-XIV-et-echanges-de-cadeaux-decouvrez-tous-les-details.jpg","keywords":["brigitte macron","emmanuel macron","encontro papal","papa le\u00e3o xiv","vaticano"],"articleSection":["Actualidades"],"inLanguage":"fr-FR","potentialAction":[{"@type":"CommentAction","name":"Comment","target":["https:\/\/www.sebastien-auziere.fr\/blog\/pt\/brigitte-e-emmanuel-macron-no-vaticano-encontro-exclusivo-com-o-papa-leao-xiv-e-troca-de-presentes-descubra-todos-os-detalhes\/#respond"]}]},{"@type":"WebPage","@id":"https:\/\/www.sebastien-auziere.fr\/blog\/pt\/brigitte-e-emmanuel-macron-no-vaticano-encontro-exclusivo-com-o-papa-leao-xiv-e-troca-de-presentes-descubra-todos-os-detalhes\/","url":"https:\/\/www.sebastien-auziere.fr\/blog\/pt\/brigitte-e-emmanuel-macron-no-vaticano-encontro-exclusivo-com-o-papa-leao-xiv-e-troca-de-presentes-descubra-todos-os-detalhes\/","name":"Brigitte e Emmanuel Macron no Vaticano: encontro exclusivo com o papa Le\u00e3o XIV e troca de presentes, descubra todos os detalhes - Fan site S\u00e9bastien Auzi\u00e8re","isPartOf":{"@id":"https:\/\/www.sebastien-auziere.fr\/blog\/#website"},"primaryImageOfPage":{"@id":"https:\/\/www.sebastien-auziere.fr\/blog\/pt\/brigitte-e-emmanuel-macron-no-vaticano-encontro-exclusivo-com-o-papa-leao-xiv-e-troca-de-presentes-descubra-todos-os-detalhes\/#primaryimage"},"image":{"@id":"https:\/\/www.sebastien-auziere.fr\/blog\/pt\/brigitte-e-emmanuel-macron-no-vaticano-encontro-exclusivo-com-o-papa-leao-xiv-e-troca-de-presentes-descubra-todos-os-detalhes\/#primaryimage"},"thumbnailUrl":"https:\/\/www.sebastien-auziere.fr\/blog\/wp-content\/uploads\/2026\/04\/Brigitte-et-Emmanuel-Macron-au-Vatican-rencontre-exclusive-avec-le-pape-Leon-XIV-et-echanges-de-cadeaux-decouvrez-tous-les-details.jpg","datePublished":"2026-04-09T19:15:27+00:00","dateModified":"2026-04-09T19:15:48+00:00","description":"Brigitte et Emmanuel Macron au Vatican : rencontre exclusive avec le pape L\u00e9on XIV et \u00e9changes de cadeaux. D\u00e9couvrez tous les d\u00e9tails ici.","breadcrumb":{"@id":"https:\/\/www.sebastien-auziere.fr\/blog\/pt\/brigitte-e-emmanuel-macron-no-vaticano-encontro-exclusivo-com-o-papa-leao-xiv-e-troca-de-presentes-descubra-todos-os-detalhes\/#breadcrumb"},"inLanguage":"fr-FR","potentialAction":[{"@type":"ReadAction","target":["https:\/\/www.sebastien-auziere.fr\/blog\/pt\/brigitte-e-emmanuel-macron-no-vaticano-encontro-exclusivo-com-o-papa-leao-xiv-e-troca-de-presentes-descubra-todos-os-detalhes\/"]}]},{"@type":"ImageObject","inLanguage":"fr-FR","@id":"https:\/\/www.sebastien-auziere.fr\/blog\/pt\/brigitte-e-emmanuel-macron-no-vaticano-encontro-exclusivo-com-o-papa-leao-xiv-e-troca-de-presentes-descubra-todos-os-detalhes\/#primaryimage","url":"https:\/\/www.sebastien-auziere.fr\/blog\/wp-content\/uploads\/2026\/04\/Brigitte-et-Emmanuel-Macron-au-Vatican-rencontre-exclusive-avec-le-pape-Leon-XIV-et-echanges-de-cadeaux-decouvrez-tous-les-details.jpg","contentUrl":"https:\/\/www.sebastien-auziere.fr\/blog\/wp-content\/uploads\/2026\/04\/Brigitte-et-Emmanuel-Macron-au-Vatican-rencontre-exclusive-avec-le-pape-Leon-XIV-et-echanges-de-cadeaux-decouvrez-tous-les-details.jpg","width":2560,"height":1429,"caption":"d\u00e9couvrez la rencontre exclusive de brigitte et emmanuel macron avec le pape l\u00e9on xiv au vatican, leurs \u00e9changes de cadeaux et tous les d\u00e9tails de cet \u00e9v\u00e9nement exceptionnel."},{"@type":"BreadcrumbList","@id":"https:\/\/www.sebastien-auziere.fr\/blog\/pt\/brigitte-e-emmanuel-macron-no-vaticano-encontro-exclusivo-com-o-papa-leao-xiv-e-troca-de-presentes-descubra-todos-os-detalhes\/#breadcrumb","itemListElement":[{"@type":"ListItem","position":1,"name":"Home","item":"https:\/\/www.sebastien-auziere.fr\/blog\/"},{"@type":"ListItem","position":2,"name":"Brigitte e Emmanuel Macron no Vaticano: encontro exclusivo com o papa Le\u00e3o XIV e troca de presentes, descubra todos os detalhes"}]},{"@type":"WebSite","@id":"https:\/\/www.sebastien-auziere.fr\/blog\/#website","url":"https:\/\/www.sebastien-auziere.fr\/blog\/","name":"Fan site S\u00e9bastien Auzi\u00e8re","description":"M\u00e9dia g\u00e9n\u00e9raliste","publisher":{"@id":"https:\/\/www.sebastien-auziere.fr\/blog\/#organization"},"potentialAction":[{"@type":"SearchAction","target":{"@type":"EntryPoint","urlTemplate":"https:\/\/www.sebastien-auziere.fr\/blog\/?s={search_term_string}"},"query-input":{"@type":"PropertyValueSpecification","valueRequired":true,"valueName":"search_term_string"}}],"inLanguage":"fr-FR"},{"@type":"Organization","@id":"https:\/\/www.sebastien-auziere.fr\/blog\/#organization","name":"Fan site S\u00e9bastien Auzi\u00e8re","url":"https:\/\/www.sebastien-auziere.fr\/blog\/","logo":{"@type":"ImageObject","inLanguage":"fr-FR","@id":"https:\/\/www.sebastien-auziere.fr\/blog\/#\/schema\/logo\/image\/","url":"https:\/\/www.sebastien-auziere.fr\/blog\/wp-content\/uploads\/2026\/03\/cropped-cropped-cropped-ChatGPT-Image-6-mars-2026-12_58_09-e1772798376794.jpg","contentUrl":"https:\/\/www.sebastien-auziere.fr\/blog\/wp-content\/uploads\/2026\/03\/cropped-cropped-cropped-ChatGPT-Image-6-mars-2026-12_58_09-e1772798376794.jpg","width":512,"height":360,"caption":"Fan site S\u00e9bastien Auzi\u00e8re"},"image":{"@id":"https:\/\/www.sebastien-auziere.fr\/blog\/#\/schema\/logo\/image\/"}},{"@type":"Person","@id":"https:\/\/www.sebastien-auziere.fr\/blog\/#\/schema\/person\/149f1acdbfd85149c6c3e59adeae2f4d","name":"Chloe Gauthier","image":{"@type":"ImageObject","inLanguage":"fr-FR","@id":"https:\/\/secure.gravatar.com\/avatar\/2c5722f58171cff738a8985ef0dd66b476e563753246a49019befc837ec4201a?s=96&d=mm&r=g","url":"https:\/\/secure.gravatar.com\/avatar\/2c5722f58171cff738a8985ef0dd66b476e563753246a49019befc837ec4201a?s=96&d=mm&r=g","contentUrl":"https:\/\/secure.gravatar.com\/avatar\/2c5722f58171cff738a8985ef0dd66b476e563753246a49019befc837ec4201a?s=96&d=mm&r=g","caption":"Chloe Gauthier"},"description":"Passionn\u00e9e par la politique et admiratrice engag\u00e9e de la famille Macron, je consacre mon \u00e9nergie \u00e0 suivre leurs initiatives et \u00e0 promouvoir leurs id\u00e9es. \u00c0 32 ans, je suis convaincue que leur vision est porteuse d'avenir.","url":"https:\/\/www.sebastien-auziere.fr\/blog\/author\/chloe-gauthier\/"}]}},"views":3,"_links":{"self":[{"href":"https:\/\/www.sebastien-auziere.fr\/blog\/wp-json\/wp\/v2\/posts\/2902","targetHints":{"allow":["GET"]}}],"collection":[{"href":"https:\/\/www.sebastien-auziere.fr\/blog\/wp-json\/wp\/v2\/posts"}],"about":[{"href":"https:\/\/www.sebastien-auziere.fr\/blog\/wp-json\/wp\/v2\/types\/post"}],"author":[{"embeddable":true,"href":"https:\/\/www.sebastien-auziere.fr\/blog\/wp-json\/wp\/v2\/users\/9"}],"replies":[{"embeddable":true,"href":"https:\/\/www.sebastien-auziere.fr\/blog\/wp-json\/wp\/v2\/comments?post=2902"}],"version-history":[{"count":1,"href":"https:\/\/www.sebastien-auziere.fr\/blog\/wp-json\/wp\/v2\/posts\/2902\/revisions"}],"predecessor-version":[{"id":2903,"href":"https:\/\/www.sebastien-auziere.fr\/blog\/wp-json\/wp\/v2\/posts\/2902\/revisions\/2903"}],"wp:featuredmedia":[{"embeddable":true,"href":"https:\/\/www.sebastien-auziere.fr\/blog\/wp-json\/wp\/v2\/media\/2892"}],"wp:attachment":[{"href":"https:\/\/www.sebastien-auziere.fr\/blog\/wp-json\/wp\/v2\/media?parent=2902"}],"wp:term":[{"taxonomy":"category","embeddable":true,"href":"https:\/\/www.sebastien-auziere.fr\/blog\/wp-json\/wp\/v2\/categories?post=2902"},{"taxonomy":"post_tag","embeddable":true,"href":"https:\/\/www.sebastien-auziere.fr\/blog\/wp-json\/wp\/v2\/tags?post=2902"}],"curies":[{"name":"wp","href":"https:\/\/api.w.org\/{rel}","templated":true}]}}