{"id":2900,"date":"2026-04-09T19:14:17","date_gmt":"2026-04-09T19:14:17","guid":{"rendered":"https:\/\/www.sebastien-auziere.fr\/blog\/?p=2900"},"modified":"2026-04-09T19:14:40","modified_gmt":"2026-04-09T19:14:40","slug":"brigitte-ed-emmanuel-macron-in-vaticano-incontro-esclusivo-con-papa-leone-xiv-e-scambi-di-regali-scopri-tutti-i-dettagli","status":"publish","type":"post","link":"https:\/\/www.sebastien-auziere.fr\/blog\/it\/brigitte-ed-emmanuel-macron-in-vaticano-incontro-esclusivo-con-papa-leone-xiv-e-scambi-di-regali-scopri-tutti-i-dettagli\/","title":{"rendered":"Brigitte ed Emmanuel Macron in Vaticano: incontro esclusivo con papa Leone XIV e scambi di regali, scopri tutti i dettagli"},"content":{"rendered":"<p><strong>Brigitte Macron<\/strong> e <strong>Emmanuel Macron<\/strong> saranno ricevuti in <strong>Vaticano<\/strong> il <strong>10 aprile<\/strong> per un <strong>incontro esclusivo<\/strong> con <strong>papa Leone XIV<\/strong>, eletto a maggio 2025. Secondo l&rsquo;\u00c9lys\u00e9e, la visita ufficiale comprender\u00e0 <strong>scambi di regali<\/strong> che mescolano l&rsquo;eredit\u00e0 culturale francese e riferimenti alla storia personale del pontefice.<\/p>\n\n<p>Quest&rsquo;audienza privata, la prima tra <strong>Macron<\/strong> e Leone XIV, si svolge in un contesto diplomatico impegnativo: il multilateralismo, il clima, l&rsquo;intelligenza artificiale e i dossier umanitari figurano nell&rsquo;ordine del giorno. Per ulteriori dettagli pratici sul calendario annunciato, consulta <a href=\"https:\/\/www.lemonde.fr\/international\/article\/2026\/04\/01\/emmanuel-macron-se-rendra-au-vatican-les-9-et-10-avril-pour-rencontrer-leon-xiv_6675939_3210.html\">questo articolo<\/a>.<\/p>\n\n<h2 class=\"wp-block-heading\"><strong>Contesto diplomatico della visita al Vaticano<\/strong><\/h2>\n\n<p>La visita del 9 e 10 aprile segna la quinta presenza di <strong>Emmanuel Macron<\/strong> in <strong>Vaticano<\/strong> (dopo il 2018, 2021, 2022 e la primavera 2025 durante i funerali di papa Francesco). L&rsquo;audienza del 10 aprile \u00e8 presentata come un possibile faccia a faccia nel palazzo apostolico, destinato a \u00abfar passare una serie di messaggi\u00bb, secondo la presidenza. Per seguire l&rsquo;annuncio ufficiale e il calendario, ritrova il reportage della stampa nazionale.<\/p>\n\n<h3 class=\"wp-block-heading\"><strong>Temi trattati e questioni in gioco<\/strong><\/h3>\n\n<p>I temi trattati includono <strong>diplomazia<\/strong>, lotta contro la povert\u00e0, protezione del pianeta e questioni umanitarie. L&rsquo;incontro arriva tre giorni prima del viaggio storico di <strong>papa Leone XIV<\/strong> in Algeria, il che potrebbe dare origine a discussioni su dossiers delicati come la detenzione del giornalista Christophe Gleizes da giugno 2025. A Roma, Emmanuel Macron incontrer\u00e0 anche attori della diplomazia informale del Vaticano per preparare questi scambi.<\/p>\n\n<h2 class=\"wp-block-heading\"><strong>Scambi di regali e simboli<\/strong><\/h2>\n\n<p>Secondo la tradizione diplomatica, la delegazione francese offrir\u00e0 diversi doni al papa, scelti \u00abtra l&rsquo;eredit\u00e0 culturale francese e riferimenti personali\u00bb, ha precisato l&rsquo;\u00c9lys\u00e9e. La composizione della delegazione, che include personalit\u00e0 come Jean\u2011Marc Sauv\u00e9, invia un forte segnale sulla volont\u00e0 di affrontare le questioni di etica e memoria all&rsquo;interno della Chiesa. Questi gesti simbolici mirano a consolidare le <strong>relazioni internazionali<\/strong> tra la Francia e il Vaticano.<\/p>\n\n<h3 class=\"wp-block-heading\"><strong>Conseguenze per l&rsquo;attualit\u00e0 politica e le relazioni internazionali<\/strong><\/h3>\n\n<p>Al di l\u00e0 del protocollo, questa visita ufficiale potrebbe influenzare le posizioni sul multilateralismo e la cooperazione umanitaria, aree prioritarie per entrambe le parti sin dall&rsquo;elezione del papa americano nato a Chicago. I prossimi mesi, con il viaggio papale in Algeria, permetteranno di misurare l&rsquo;impatto concreto di queste discussioni sulla scena internazionale e sull&rsquo;immagine della Francia in Europa.<\/p>\n\n<p>Per saperne di pi\u00f9 sui retroscena di questa visita e approfondire il ruolo delle persone vicine alla coppia presidenziale, consulta il dossier completo dedicato a <strong>S\u00e9bastien Auzi\u00e8re<\/strong> e alla famiglia Macron su <a href=\"https:\/\/www.sebastien-auziere.fr\/blog\/brigitte-macron-vatican\/\">sito dedicato<\/a>.<\/p>","protected":false},"excerpt":{"rendered":"<p>Brigitte Macron e Emmanuel Macron saranno ricevuti in Vaticano il 10 aprile per un incontro esclusivo con papa Leone XIV, eletto a maggio 2025. Secondo l&rsquo;\u00c9lys\u00e9e, la visita ufficiale comprender\u00e0 scambi di regali che mescolano l&rsquo;eredit\u00e0 culturale francese e riferimenti alla storia personale del pontefice. Quest&rsquo;audienza privata, la prima tra Macron e Leone XIV, si &#8230; <a title=\"Brigitte ed Emmanuel Macron in Vaticano: incontro esclusivo con papa Leone XIV e scambi di regali, scopri tutti i dettagli\" class=\"read-more\" href=\"https:\/\/www.sebastien-auziere.fr\/blog\/it\/brigitte-ed-emmanuel-macron-in-vaticano-incontro-esclusivo-con-papa-leone-xiv-e-scambi-di-regali-scopri-tutti-i-dettagli\/\" aria-label=\"En savoir plus sur Brigitte ed Emmanuel Macron in Vaticano: incontro esclusivo con papa Leone XIV e scambi di regali, scopri tutti i dettagli\">Lire plus<\/a><\/p>\n","protected":false},"author":9,"featured_media":2892,"comment_status":"open","ping_status":"open","sticky":false,"template":"","format":"standard","meta":{"footnotes":""},"categories":[859],"tags":[944,1190,2369,2147,2150],"class_list":["post-2900","post","type-post","status-publish","format-standard","has-post-thumbnail","hentry","category-actualita-it","tag-brigitte-macron-it","tag-emmanuel-macron-it","tag-incontro-papale-it","tag-papa-leone-xiv-it","tag-vaticano-it"],"yoast_head":"<!-- This site is optimized with the Yoast SEO plugin v27.5 - https:\/\/yoast.com\/product\/yoast-seo-wordpress\/ -->\n<title>Brigitte ed Emmanuel Macron in Vaticano: incontro esclusivo con papa Leone XIV e scambi di regali, scopri tutti i dettagli - Fan site S\u00e9bastien Auzi\u00e8re<\/title>\n<meta name=\"description\" content=\"Brigitte et Emmanuel Macron au Vatican : rencontre exclusive avec le pape L\u00e9on XIV et \u00e9changes de cadeaux. D\u00e9couvrez tous les d\u00e9tails ici.\" \/>\n<meta name=\"robots\" content=\"index, follow, max-snippet:-1, max-image-preview:large, max-video-preview:-1\" \/>\n<link rel=\"canonical\" href=\"https:\/\/www.sebastien-auziere.fr\/blog\/it\/brigitte-ed-emmanuel-macron-in-vaticano-incontro-esclusivo-con-papa-leone-xiv-e-scambi-di-regali-scopri-tutti-i-dettagli\/\" \/>\n<meta property=\"og:locale\" content=\"fr_FR\" \/>\n<meta property=\"og:type\" content=\"article\" \/>\n<meta property=\"og:title\" content=\"Brigitte ed Emmanuel Macron in Vaticano: incontro esclusivo con papa Leone XIV e scambi di regali, scopri tutti i dettagli - Fan site S\u00e9bastien Auzi\u00e8re\" \/>\n<meta property=\"og:description\" content=\"Brigitte et Emmanuel Macron au Vatican : rencontre exclusive avec le pape L\u00e9on XIV et \u00e9changes de cadeaux. D\u00e9couvrez tous les d\u00e9tails ici.\" \/>\n<meta property=\"og:url\" content=\"https:\/\/www.sebastien-auziere.fr\/blog\/it\/brigitte-ed-emmanuel-macron-in-vaticano-incontro-esclusivo-con-papa-leone-xiv-e-scambi-di-regali-scopri-tutti-i-dettagli\/\" \/>\n<meta property=\"og:site_name\" content=\"Fan site S\u00e9bastien Auzi\u00e8re\" \/>\n<meta property=\"article:published_time\" content=\"2026-04-09T19:14:17+00:00\" \/>\n<meta property=\"article:modified_time\" content=\"2026-04-09T19:14:40+00:00\" \/>\n<meta property=\"og:image\" content=\"https:\/\/www.sebastien-auziere.fr\/blog\/wp-content\/uploads\/2026\/04\/Brigitte-et-Emmanuel-Macron-au-Vatican-rencontre-exclusive-avec-le-pape-Leon-XIV-et-echanges-de-cadeaux-decouvrez-tous-les-details.jpg\" \/>\n\t<meta property=\"og:image:width\" content=\"2560\" \/>\n\t<meta property=\"og:image:height\" content=\"1429\" \/>\n\t<meta property=\"og:image:type\" content=\"image\/jpeg\" \/>\n<meta name=\"author\" content=\"Chloe Gauthier\" \/>\n<meta name=\"twitter:card\" content=\"summary_large_image\" \/>\n<meta name=\"twitter:label1\" content=\"\u00c9crit par\" \/>\n\t<meta name=\"twitter:data1\" content=\"Chloe Gauthier\" \/>\n\t<meta name=\"twitter:label2\" content=\"Dur\u00e9e de lecture estim\u00e9e\" \/>\n\t<meta name=\"twitter:data2\" content=\"2 minutes\" \/>\n<script type=\"application\/ld+json\" class=\"yoast-schema-graph\">{\"@context\":\"https:\\\/\\\/schema.org\",\"@graph\":[{\"@type\":\"Article\",\"@id\":\"https:\\\/\\\/www.sebastien-auziere.fr\\\/blog\\\/it\\\/brigitte-ed-emmanuel-macron-in-vaticano-incontro-esclusivo-con-papa-leone-xiv-e-scambi-di-regali-scopri-tutti-i-dettagli\\\/#article\",\"isPartOf\":{\"@id\":\"https:\\\/\\\/www.sebastien-auziere.fr\\\/blog\\\/it\\\/brigitte-ed-emmanuel-macron-in-vaticano-incontro-esclusivo-con-papa-leone-xiv-e-scambi-di-regali-scopri-tutti-i-dettagli\\\/\"},\"author\":{\"name\":\"Chloe Gauthier\",\"@id\":\"https:\\\/\\\/www.sebastien-auziere.fr\\\/blog\\\/#\\\/schema\\\/person\\\/149f1acdbfd85149c6c3e59adeae2f4d\"},\"headline\":\"Brigitte ed Emmanuel Macron in Vaticano: incontro esclusivo con papa Leone XIV e scambi di regali, scopri tutti i dettagli\",\"datePublished\":\"2026-04-09T19:14:17+00:00\",\"dateModified\":\"2026-04-09T19:14:40+00:00\",\"mainEntityOfPage\":{\"@id\":\"https:\\\/\\\/www.sebastien-auziere.fr\\\/blog\\\/it\\\/brigitte-ed-emmanuel-macron-in-vaticano-incontro-esclusivo-con-papa-leone-xiv-e-scambi-di-regali-scopri-tutti-i-dettagli\\\/\"},\"wordCount\":418,\"commentCount\":0,\"publisher\":{\"@id\":\"https:\\\/\\\/www.sebastien-auziere.fr\\\/blog\\\/#organization\"},\"image\":{\"@id\":\"https:\\\/\\\/www.sebastien-auziere.fr\\\/blog\\\/it\\\/brigitte-ed-emmanuel-macron-in-vaticano-incontro-esclusivo-con-papa-leone-xiv-e-scambi-di-regali-scopri-tutti-i-dettagli\\\/#primaryimage\"},\"thumbnailUrl\":\"https:\\\/\\\/www.sebastien-auziere.fr\\\/blog\\\/wp-content\\\/uploads\\\/2026\\\/04\\\/Brigitte-et-Emmanuel-Macron-au-Vatican-rencontre-exclusive-avec-le-pape-Leon-XIV-et-echanges-de-cadeaux-decouvrez-tous-les-details.jpg\",\"keywords\":[\"brigitte macron\",\"emmanuel macron\",\"incontro papale\",\"papa leone xiv\",\"vaticano\"],\"articleSection\":[\"Actualit\u00e0\"],\"inLanguage\":\"fr-FR\",\"potentialAction\":[{\"@type\":\"CommentAction\",\"name\":\"Comment\",\"target\":[\"https:\\\/\\\/www.sebastien-auziere.fr\\\/blog\\\/it\\\/brigitte-ed-emmanuel-macron-in-vaticano-incontro-esclusivo-con-papa-leone-xiv-e-scambi-di-regali-scopri-tutti-i-dettagli\\\/#respond\"]}]},{\"@type\":\"WebPage\",\"@id\":\"https:\\\/\\\/www.sebastien-auziere.fr\\\/blog\\\/it\\\/brigitte-ed-emmanuel-macron-in-vaticano-incontro-esclusivo-con-papa-leone-xiv-e-scambi-di-regali-scopri-tutti-i-dettagli\\\/\",\"url\":\"https:\\\/\\\/www.sebastien-auziere.fr\\\/blog\\\/it\\\/brigitte-ed-emmanuel-macron-in-vaticano-incontro-esclusivo-con-papa-leone-xiv-e-scambi-di-regali-scopri-tutti-i-dettagli\\\/\",\"name\":\"Brigitte ed Emmanuel Macron in Vaticano: incontro esclusivo con papa Leone XIV e scambi di regali, scopri tutti i dettagli - Fan site S\u00e9bastien Auzi\u00e8re\",\"isPartOf\":{\"@id\":\"https:\\\/\\\/www.sebastien-auziere.fr\\\/blog\\\/#website\"},\"primaryImageOfPage\":{\"@id\":\"https:\\\/\\\/www.sebastien-auziere.fr\\\/blog\\\/it\\\/brigitte-ed-emmanuel-macron-in-vaticano-incontro-esclusivo-con-papa-leone-xiv-e-scambi-di-regali-scopri-tutti-i-dettagli\\\/#primaryimage\"},\"image\":{\"@id\":\"https:\\\/\\\/www.sebastien-auziere.fr\\\/blog\\\/it\\\/brigitte-ed-emmanuel-macron-in-vaticano-incontro-esclusivo-con-papa-leone-xiv-e-scambi-di-regali-scopri-tutti-i-dettagli\\\/#primaryimage\"},\"thumbnailUrl\":\"https:\\\/\\\/www.sebastien-auziere.fr\\\/blog\\\/wp-content\\\/uploads\\\/2026\\\/04\\\/Brigitte-et-Emmanuel-Macron-au-Vatican-rencontre-exclusive-avec-le-pape-Leon-XIV-et-echanges-de-cadeaux-decouvrez-tous-les-details.jpg\",\"datePublished\":\"2026-04-09T19:14:17+00:00\",\"dateModified\":\"2026-04-09T19:14:40+00:00\",\"description\":\"Brigitte et Emmanuel Macron au Vatican : rencontre exclusive avec le pape L\u00e9on XIV et \u00e9changes de cadeaux. D\u00e9couvrez tous les d\u00e9tails ici.\",\"breadcrumb\":{\"@id\":\"https:\\\/\\\/www.sebastien-auziere.fr\\\/blog\\\/it\\\/brigitte-ed-emmanuel-macron-in-vaticano-incontro-esclusivo-con-papa-leone-xiv-e-scambi-di-regali-scopri-tutti-i-dettagli\\\/#breadcrumb\"},\"inLanguage\":\"fr-FR\",\"potentialAction\":[{\"@type\":\"ReadAction\",\"target\":[\"https:\\\/\\\/www.sebastien-auziere.fr\\\/blog\\\/it\\\/brigitte-ed-emmanuel-macron-in-vaticano-incontro-esclusivo-con-papa-leone-xiv-e-scambi-di-regali-scopri-tutti-i-dettagli\\\/\"]}]},{\"@type\":\"ImageObject\",\"inLanguage\":\"fr-FR\",\"@id\":\"https:\\\/\\\/www.sebastien-auziere.fr\\\/blog\\\/it\\\/brigitte-ed-emmanuel-macron-in-vaticano-incontro-esclusivo-con-papa-leone-xiv-e-scambi-di-regali-scopri-tutti-i-dettagli\\\/#primaryimage\",\"url\":\"https:\\\/\\\/www.sebastien-auziere.fr\\\/blog\\\/wp-content\\\/uploads\\\/2026\\\/04\\\/Brigitte-et-Emmanuel-Macron-au-Vatican-rencontre-exclusive-avec-le-pape-Leon-XIV-et-echanges-de-cadeaux-decouvrez-tous-les-details.jpg\",\"contentUrl\":\"https:\\\/\\\/www.sebastien-auziere.fr\\\/blog\\\/wp-content\\\/uploads\\\/2026\\\/04\\\/Brigitte-et-Emmanuel-Macron-au-Vatican-rencontre-exclusive-avec-le-pape-Leon-XIV-et-echanges-de-cadeaux-decouvrez-tous-les-details.jpg\",\"width\":2560,\"height\":1429,\"caption\":\"d\u00e9couvrez la rencontre exclusive de brigitte et emmanuel macron avec le pape l\u00e9on xiv au vatican, leurs \u00e9changes de cadeaux et tous les d\u00e9tails de cet \u00e9v\u00e9nement exceptionnel.\"},{\"@type\":\"BreadcrumbList\",\"@id\":\"https:\\\/\\\/www.sebastien-auziere.fr\\\/blog\\\/it\\\/brigitte-ed-emmanuel-macron-in-vaticano-incontro-esclusivo-con-papa-leone-xiv-e-scambi-di-regali-scopri-tutti-i-dettagli\\\/#breadcrumb\",\"itemListElement\":[{\"@type\":\"ListItem\",\"position\":1,\"name\":\"Home\",\"item\":\"https:\\\/\\\/www.sebastien-auziere.fr\\\/blog\\\/\"},{\"@type\":\"ListItem\",\"position\":2,\"name\":\"Brigitte ed Emmanuel Macron in Vaticano: incontro esclusivo con papa Leone XIV e scambi di regali, scopri tutti i dettagli\"}]},{\"@type\":\"WebSite\",\"@id\":\"https:\\\/\\\/www.sebastien-auziere.fr\\\/blog\\\/#website\",\"url\":\"https:\\\/\\\/www.sebastien-auziere.fr\\\/blog\\\/\",\"name\":\"Fan site S\u00e9bastien Auzi\u00e8re\",\"description\":\"M\u00e9dia g\u00e9n\u00e9raliste\",\"publisher\":{\"@id\":\"https:\\\/\\\/www.sebastien-auziere.fr\\\/blog\\\/#organization\"},\"potentialAction\":[{\"@type\":\"SearchAction\",\"target\":{\"@type\":\"EntryPoint\",\"urlTemplate\":\"https:\\\/\\\/www.sebastien-auziere.fr\\\/blog\\\/?s={search_term_string}\"},\"query-input\":{\"@type\":\"PropertyValueSpecification\",\"valueRequired\":true,\"valueName\":\"search_term_string\"}}],\"inLanguage\":\"fr-FR\"},{\"@type\":\"Organization\",\"@id\":\"https:\\\/\\\/www.sebastien-auziere.fr\\\/blog\\\/#organization\",\"name\":\"Fan site S\u00e9bastien Auzi\u00e8re\",\"url\":\"https:\\\/\\\/www.sebastien-auziere.fr\\\/blog\\\/\",\"logo\":{\"@type\":\"ImageObject\",\"inLanguage\":\"fr-FR\",\"@id\":\"https:\\\/\\\/www.sebastien-auziere.fr\\\/blog\\\/#\\\/schema\\\/logo\\\/image\\\/\",\"url\":\"https:\\\/\\\/www.sebastien-auziere.fr\\\/blog\\\/wp-content\\\/uploads\\\/2026\\\/03\\\/cropped-cropped-cropped-ChatGPT-Image-6-mars-2026-12_58_09-e1772798376794.jpg\",\"contentUrl\":\"https:\\\/\\\/www.sebastien-auziere.fr\\\/blog\\\/wp-content\\\/uploads\\\/2026\\\/03\\\/cropped-cropped-cropped-ChatGPT-Image-6-mars-2026-12_58_09-e1772798376794.jpg\",\"width\":512,\"height\":360,\"caption\":\"Fan site S\u00e9bastien Auzi\u00e8re\"},\"image\":{\"@id\":\"https:\\\/\\\/www.sebastien-auziere.fr\\\/blog\\\/#\\\/schema\\\/logo\\\/image\\\/\"}},{\"@type\":\"Person\",\"@id\":\"https:\\\/\\\/www.sebastien-auziere.fr\\\/blog\\\/#\\\/schema\\\/person\\\/149f1acdbfd85149c6c3e59adeae2f4d\",\"name\":\"Chloe Gauthier\",\"image\":{\"@type\":\"ImageObject\",\"inLanguage\":\"fr-FR\",\"@id\":\"https:\\\/\\\/secure.gravatar.com\\\/avatar\\\/2c5722f58171cff738a8985ef0dd66b476e563753246a49019befc837ec4201a?s=96&d=mm&r=g\",\"url\":\"https:\\\/\\\/secure.gravatar.com\\\/avatar\\\/2c5722f58171cff738a8985ef0dd66b476e563753246a49019befc837ec4201a?s=96&d=mm&r=g\",\"contentUrl\":\"https:\\\/\\\/secure.gravatar.com\\\/avatar\\\/2c5722f58171cff738a8985ef0dd66b476e563753246a49019befc837ec4201a?s=96&d=mm&r=g\",\"caption\":\"Chloe Gauthier\"},\"description\":\"Passionn\u00e9e par la politique et admiratrice engag\u00e9e de la famille Macron, je consacre mon \u00e9nergie \u00e0 suivre leurs initiatives et \u00e0 promouvoir leurs id\u00e9es. \u00c0 32 ans, je suis convaincue que leur vision est porteuse d'avenir.\",\"url\":\"https:\\\/\\\/www.sebastien-auziere.fr\\\/blog\\\/author\\\/chloe-gauthier\\\/\"}]}<\/script>\n<!-- \/ Yoast SEO plugin. -->","yoast_head_json":{"title":"Brigitte ed Emmanuel Macron in Vaticano: incontro esclusivo con papa Leone XIV e scambi di regali, scopri tutti i dettagli - Fan site S\u00e9bastien Auzi\u00e8re","description":"Brigitte et Emmanuel Macron au Vatican : rencontre exclusive avec le pape L\u00e9on XIV et \u00e9changes de cadeaux. D\u00e9couvrez tous les d\u00e9tails ici.","robots":{"index":"index","follow":"follow","max-snippet":"max-snippet:-1","max-image-preview":"max-image-preview:large","max-video-preview":"max-video-preview:-1"},"canonical":"https:\/\/www.sebastien-auziere.fr\/blog\/it\/brigitte-ed-emmanuel-macron-in-vaticano-incontro-esclusivo-con-papa-leone-xiv-e-scambi-di-regali-scopri-tutti-i-dettagli\/","og_locale":"fr_FR","og_type":"article","og_title":"Brigitte ed Emmanuel Macron in Vaticano: incontro esclusivo con papa Leone XIV e scambi di regali, scopri tutti i dettagli - Fan site S\u00e9bastien Auzi\u00e8re","og_description":"Brigitte et Emmanuel Macron au Vatican : rencontre exclusive avec le pape L\u00e9on XIV et \u00e9changes de cadeaux. D\u00e9couvrez tous les d\u00e9tails ici.","og_url":"https:\/\/www.sebastien-auziere.fr\/blog\/it\/brigitte-ed-emmanuel-macron-in-vaticano-incontro-esclusivo-con-papa-leone-xiv-e-scambi-di-regali-scopri-tutti-i-dettagli\/","og_site_name":"Fan site S\u00e9bastien Auzi\u00e8re","article_published_time":"2026-04-09T19:14:17+00:00","article_modified_time":"2026-04-09T19:14:40+00:00","og_image":[{"width":2560,"height":1429,"url":"https:\/\/www.sebastien-auziere.fr\/blog\/wp-content\/uploads\/2026\/04\/Brigitte-et-Emmanuel-Macron-au-Vatican-rencontre-exclusive-avec-le-pape-Leon-XIV-et-echanges-de-cadeaux-decouvrez-tous-les-details.jpg","type":"image\/jpeg"}],"author":"Chloe Gauthier","twitter_card":"summary_large_image","twitter_misc":{"\u00c9crit par":"Chloe Gauthier","Dur\u00e9e de lecture estim\u00e9e":"2 minutes"},"schema":{"@context":"https:\/\/schema.org","@graph":[{"@type":"Article","@id":"https:\/\/www.sebastien-auziere.fr\/blog\/it\/brigitte-ed-emmanuel-macron-in-vaticano-incontro-esclusivo-con-papa-leone-xiv-e-scambi-di-regali-scopri-tutti-i-dettagli\/#article","isPartOf":{"@id":"https:\/\/www.sebastien-auziere.fr\/blog\/it\/brigitte-ed-emmanuel-macron-in-vaticano-incontro-esclusivo-con-papa-leone-xiv-e-scambi-di-regali-scopri-tutti-i-dettagli\/"},"author":{"name":"Chloe Gauthier","@id":"https:\/\/www.sebastien-auziere.fr\/blog\/#\/schema\/person\/149f1acdbfd85149c6c3e59adeae2f4d"},"headline":"Brigitte ed Emmanuel Macron in Vaticano: incontro esclusivo con papa Leone XIV e scambi di regali, scopri tutti i dettagli","datePublished":"2026-04-09T19:14:17+00:00","dateModified":"2026-04-09T19:14:40+00:00","mainEntityOfPage":{"@id":"https:\/\/www.sebastien-auziere.fr\/blog\/it\/brigitte-ed-emmanuel-macron-in-vaticano-incontro-esclusivo-con-papa-leone-xiv-e-scambi-di-regali-scopri-tutti-i-dettagli\/"},"wordCount":418,"commentCount":0,"publisher":{"@id":"https:\/\/www.sebastien-auziere.fr\/blog\/#organization"},"image":{"@id":"https:\/\/www.sebastien-auziere.fr\/blog\/it\/brigitte-ed-emmanuel-macron-in-vaticano-incontro-esclusivo-con-papa-leone-xiv-e-scambi-di-regali-scopri-tutti-i-dettagli\/#primaryimage"},"thumbnailUrl":"https:\/\/www.sebastien-auziere.fr\/blog\/wp-content\/uploads\/2026\/04\/Brigitte-et-Emmanuel-Macron-au-Vatican-rencontre-exclusive-avec-le-pape-Leon-XIV-et-echanges-de-cadeaux-decouvrez-tous-les-details.jpg","keywords":["brigitte macron","emmanuel macron","incontro papale","papa leone xiv","vaticano"],"articleSection":["Actualit\u00e0"],"inLanguage":"fr-FR","potentialAction":[{"@type":"CommentAction","name":"Comment","target":["https:\/\/www.sebastien-auziere.fr\/blog\/it\/brigitte-ed-emmanuel-macron-in-vaticano-incontro-esclusivo-con-papa-leone-xiv-e-scambi-di-regali-scopri-tutti-i-dettagli\/#respond"]}]},{"@type":"WebPage","@id":"https:\/\/www.sebastien-auziere.fr\/blog\/it\/brigitte-ed-emmanuel-macron-in-vaticano-incontro-esclusivo-con-papa-leone-xiv-e-scambi-di-regali-scopri-tutti-i-dettagli\/","url":"https:\/\/www.sebastien-auziere.fr\/blog\/it\/brigitte-ed-emmanuel-macron-in-vaticano-incontro-esclusivo-con-papa-leone-xiv-e-scambi-di-regali-scopri-tutti-i-dettagli\/","name":"Brigitte ed Emmanuel Macron in Vaticano: incontro esclusivo con papa Leone XIV e scambi di regali, scopri tutti i dettagli - Fan site S\u00e9bastien Auzi\u00e8re","isPartOf":{"@id":"https:\/\/www.sebastien-auziere.fr\/blog\/#website"},"primaryImageOfPage":{"@id":"https:\/\/www.sebastien-auziere.fr\/blog\/it\/brigitte-ed-emmanuel-macron-in-vaticano-incontro-esclusivo-con-papa-leone-xiv-e-scambi-di-regali-scopri-tutti-i-dettagli\/#primaryimage"},"image":{"@id":"https:\/\/www.sebastien-auziere.fr\/blog\/it\/brigitte-ed-emmanuel-macron-in-vaticano-incontro-esclusivo-con-papa-leone-xiv-e-scambi-di-regali-scopri-tutti-i-dettagli\/#primaryimage"},"thumbnailUrl":"https:\/\/www.sebastien-auziere.fr\/blog\/wp-content\/uploads\/2026\/04\/Brigitte-et-Emmanuel-Macron-au-Vatican-rencontre-exclusive-avec-le-pape-Leon-XIV-et-echanges-de-cadeaux-decouvrez-tous-les-details.jpg","datePublished":"2026-04-09T19:14:17+00:00","dateModified":"2026-04-09T19:14:40+00:00","description":"Brigitte et Emmanuel Macron au Vatican : rencontre exclusive avec le pape L\u00e9on XIV et \u00e9changes de cadeaux. D\u00e9couvrez tous les d\u00e9tails ici.","breadcrumb":{"@id":"https:\/\/www.sebastien-auziere.fr\/blog\/it\/brigitte-ed-emmanuel-macron-in-vaticano-incontro-esclusivo-con-papa-leone-xiv-e-scambi-di-regali-scopri-tutti-i-dettagli\/#breadcrumb"},"inLanguage":"fr-FR","potentialAction":[{"@type":"ReadAction","target":["https:\/\/www.sebastien-auziere.fr\/blog\/it\/brigitte-ed-emmanuel-macron-in-vaticano-incontro-esclusivo-con-papa-leone-xiv-e-scambi-di-regali-scopri-tutti-i-dettagli\/"]}]},{"@type":"ImageObject","inLanguage":"fr-FR","@id":"https:\/\/www.sebastien-auziere.fr\/blog\/it\/brigitte-ed-emmanuel-macron-in-vaticano-incontro-esclusivo-con-papa-leone-xiv-e-scambi-di-regali-scopri-tutti-i-dettagli\/#primaryimage","url":"https:\/\/www.sebastien-auziere.fr\/blog\/wp-content\/uploads\/2026\/04\/Brigitte-et-Emmanuel-Macron-au-Vatican-rencontre-exclusive-avec-le-pape-Leon-XIV-et-echanges-de-cadeaux-decouvrez-tous-les-details.jpg","contentUrl":"https:\/\/www.sebastien-auziere.fr\/blog\/wp-content\/uploads\/2026\/04\/Brigitte-et-Emmanuel-Macron-au-Vatican-rencontre-exclusive-avec-le-pape-Leon-XIV-et-echanges-de-cadeaux-decouvrez-tous-les-details.jpg","width":2560,"height":1429,"caption":"d\u00e9couvrez la rencontre exclusive de brigitte et emmanuel macron avec le pape l\u00e9on xiv au vatican, leurs \u00e9changes de cadeaux et tous les d\u00e9tails de cet \u00e9v\u00e9nement exceptionnel."},{"@type":"BreadcrumbList","@id":"https:\/\/www.sebastien-auziere.fr\/blog\/it\/brigitte-ed-emmanuel-macron-in-vaticano-incontro-esclusivo-con-papa-leone-xiv-e-scambi-di-regali-scopri-tutti-i-dettagli\/#breadcrumb","itemListElement":[{"@type":"ListItem","position":1,"name":"Home","item":"https:\/\/www.sebastien-auziere.fr\/blog\/"},{"@type":"ListItem","position":2,"name":"Brigitte ed Emmanuel Macron in Vaticano: incontro esclusivo con papa Leone XIV e scambi di regali, scopri tutti i dettagli"}]},{"@type":"WebSite","@id":"https:\/\/www.sebastien-auziere.fr\/blog\/#website","url":"https:\/\/www.sebastien-auziere.fr\/blog\/","name":"Fan site S\u00e9bastien Auzi\u00e8re","description":"M\u00e9dia g\u00e9n\u00e9raliste","publisher":{"@id":"https:\/\/www.sebastien-auziere.fr\/blog\/#organization"},"potentialAction":[{"@type":"SearchAction","target":{"@type":"EntryPoint","urlTemplate":"https:\/\/www.sebastien-auziere.fr\/blog\/?s={search_term_string}"},"query-input":{"@type":"PropertyValueSpecification","valueRequired":true,"valueName":"search_term_string"}}],"inLanguage":"fr-FR"},{"@type":"Organization","@id":"https:\/\/www.sebastien-auziere.fr\/blog\/#organization","name":"Fan site S\u00e9bastien Auzi\u00e8re","url":"https:\/\/www.sebastien-auziere.fr\/blog\/","logo":{"@type":"ImageObject","inLanguage":"fr-FR","@id":"https:\/\/www.sebastien-auziere.fr\/blog\/#\/schema\/logo\/image\/","url":"https:\/\/www.sebastien-auziere.fr\/blog\/wp-content\/uploads\/2026\/03\/cropped-cropped-cropped-ChatGPT-Image-6-mars-2026-12_58_09-e1772798376794.jpg","contentUrl":"https:\/\/www.sebastien-auziere.fr\/blog\/wp-content\/uploads\/2026\/03\/cropped-cropped-cropped-ChatGPT-Image-6-mars-2026-12_58_09-e1772798376794.jpg","width":512,"height":360,"caption":"Fan site S\u00e9bastien Auzi\u00e8re"},"image":{"@id":"https:\/\/www.sebastien-auziere.fr\/blog\/#\/schema\/logo\/image\/"}},{"@type":"Person","@id":"https:\/\/www.sebastien-auziere.fr\/blog\/#\/schema\/person\/149f1acdbfd85149c6c3e59adeae2f4d","name":"Chloe Gauthier","image":{"@type":"ImageObject","inLanguage":"fr-FR","@id":"https:\/\/secure.gravatar.com\/avatar\/2c5722f58171cff738a8985ef0dd66b476e563753246a49019befc837ec4201a?s=96&d=mm&r=g","url":"https:\/\/secure.gravatar.com\/avatar\/2c5722f58171cff738a8985ef0dd66b476e563753246a49019befc837ec4201a?s=96&d=mm&r=g","contentUrl":"https:\/\/secure.gravatar.com\/avatar\/2c5722f58171cff738a8985ef0dd66b476e563753246a49019befc837ec4201a?s=96&d=mm&r=g","caption":"Chloe Gauthier"},"description":"Passionn\u00e9e par la politique et admiratrice engag\u00e9e de la famille Macron, je consacre mon \u00e9nergie \u00e0 suivre leurs initiatives et \u00e0 promouvoir leurs id\u00e9es. \u00c0 32 ans, je suis convaincue que leur vision est porteuse d'avenir.","url":"https:\/\/www.sebastien-auziere.fr\/blog\/author\/chloe-gauthier\/"}]}},"views":5,"_links":{"self":[{"href":"https:\/\/www.sebastien-auziere.fr\/blog\/wp-json\/wp\/v2\/posts\/2900","targetHints":{"allow":["GET"]}}],"collection":[{"href":"https:\/\/www.sebastien-auziere.fr\/blog\/wp-json\/wp\/v2\/posts"}],"about":[{"href":"https:\/\/www.sebastien-auziere.fr\/blog\/wp-json\/wp\/v2\/types\/post"}],"author":[{"embeddable":true,"href":"https:\/\/www.sebastien-auziere.fr\/blog\/wp-json\/wp\/v2\/users\/9"}],"replies":[{"embeddable":true,"href":"https:\/\/www.sebastien-auziere.fr\/blog\/wp-json\/wp\/v2\/comments?post=2900"}],"version-history":[{"count":1,"href":"https:\/\/www.sebastien-auziere.fr\/blog\/wp-json\/wp\/v2\/posts\/2900\/revisions"}],"predecessor-version":[{"id":2901,"href":"https:\/\/www.sebastien-auziere.fr\/blog\/wp-json\/wp\/v2\/posts\/2900\/revisions\/2901"}],"wp:featuredmedia":[{"embeddable":true,"href":"https:\/\/www.sebastien-auziere.fr\/blog\/wp-json\/wp\/v2\/media\/2892"}],"wp:attachment":[{"href":"https:\/\/www.sebastien-auziere.fr\/blog\/wp-json\/wp\/v2\/media?parent=2900"}],"wp:term":[{"taxonomy":"category","embeddable":true,"href":"https:\/\/www.sebastien-auziere.fr\/blog\/wp-json\/wp\/v2\/categories?post=2900"},{"taxonomy":"post_tag","embeddable":true,"href":"https:\/\/www.sebastien-auziere.fr\/blog\/wp-json\/wp\/v2\/tags?post=2900"}],"curies":[{"name":"wp","href":"https:\/\/api.w.org\/{rel}","templated":true}]}}