{"id":2898,"date":"2026-04-09T19:12:47","date_gmt":"2026-04-09T19:12:47","guid":{"rendered":"https:\/\/www.sebastien-auziere.fr\/blog\/?p=2898"},"modified":"2026-04-09T19:13:08","modified_gmt":"2026-04-09T19:13:08","slug":"brigitte-und-emmanuel-macron-im-vatikan-exklusive-begegnung-mit-papst-leo-xiv-und-geschenkaustausch-entdecken-sie-alle-details","status":"publish","type":"post","link":"https:\/\/www.sebastien-auziere.fr\/blog\/de\/brigitte-und-emmanuel-macron-im-vatikan-exklusive-begegnung-mit-papst-leo-xiv-und-geschenkaustausch-entdecken-sie-alle-details\/","title":{"rendered":"Brigitte und Emmanuel Macron im Vatikan: exklusive Begegnung mit Papst Leo XIV und Geschenkaustausch, entdecken Sie alle Details"},"content":{"rendered":"<p><strong>Brigitte Macron<\/strong> und <strong>Emmanuel Macron<\/strong> werden am <strong>10. April<\/strong> im <strong>Vatikan<\/strong> zu einem <strong>exklusiven Treffen<\/strong> mit <strong>Papst Leo XIV<\/strong>, der im Mai 2025 gew\u00e4hlt wurde, empfangen. Laut dem \u00c9lys\u00e9e wird der offizielle Besuch <strong>Geschenketausch<\/strong> umfassen, der franz\u00f6sisches Kulturerbe und pers\u00f6nliche Anspielungen auf die Geschichte des Papstes miteinander verbindet.<\/p>\n\n<p>Dieses private Publikum, das erste zwischen <strong>Macron<\/strong> und Leo XIV, findet in einem angespannten diplomatischen Kontext statt: Multilateralismus, Klimawandel, k\u00fcnstliche Intelligenz und humanit\u00e4re Themen stehen auf der Tagesordnung. F\u00fcr weitere praktische Details zum angek\u00fcndigten Zeitplan siehe <a href=\"https:\/\/www.lemonde.fr\/international\/article\/2026\/04\/01\/emmanuel-macron-se-rendra-au-vatican-les-9-et-10-avril-pour-rencontrer-leon-xiv_6675939_3210.html\">diesen Artikel<\/a>.<\/p>\n\n<h2 class=\"wp-block-heading\"><strong>Diplomatischer Kontext des Besuchs im Vatikan<\/strong><\/h2>\n\n<p>Der Besuch am 9. und 10. April markiert die f\u00fcnfte Pr\u00e4senz von <strong>Emmanuel Macron<\/strong> im <strong>Vatikan<\/strong> (nach 2018, 2021, 2022 und im Fr\u00fchling 2025 w\u00e4hrend der Beisetzung von Papst Franziskus). Das Publikum am 10. April wird als m\u00f6gliches Treffen im apostolischen Palast pr\u00e4sentiert, das dazu dient, \u201eeine ganze Reihe von Botschaften zu \u00fcbermitteln\u201c, so die Pr\u00e4sidentschaft. Um die offizielle Ank\u00fcndigung und den Zeitplan zu verfolgen, finde den Bericht in der nationalen Presse.<\/p>\n\n<h3 class=\"wp-block-heading\"><strong>Angesprochene Themen und Herausforderungen<\/strong><\/h3>\n\n<p>Die angesprochenen Themen umfassen <strong>Diplomatie<\/strong>, Armutsbek\u00e4mpfung, Schutz des Planeten und humanit\u00e4re Herausforderungen. Das Treffen findet drei Tage vor der historischen Reise von <strong>Papst Leo XIV<\/strong> nach Algerien statt, was Gespr\u00e4che \u00fcber sensible Themen wie die Inhaftierung des Journalisten Christophe Gleizes seit Juni 2025 ansto\u00dfen k\u00f6nnte. In Rom wird Emmanuel Macron auch Vertreter der informellen Diplomatie des Heiligen Stuhls treffen, um diese Gespr\u00e4che vorzubereiten.<\/p>\n\n<h2 class=\"wp-block-heading\"><strong>Geschenketausch und Symbole<\/strong><\/h2>\n\n<p>In \u00dcbereinstimmung mit der diplomatischen Tradition wird die franz\u00f6sische Delegation dem Papst mehrere Geschenke anbieten, die \u201ezwischen franz\u00f6sischem Kulturerbe und pers\u00f6nlichen Bez\u00fcgen\u201c ausgew\u00e4hlt wurden, so das \u00c9lys\u00e9e. Die Zusammensetzung der Delegation, die Pers\u00f6nlichkeiten wie Jean\u2011Marc Sauv\u00e9 einschlie\u00dft, sendet ein starkes Signal \u00fcber den Willen, ethische Fragen und das Ged\u00e4chtnis innerhalb der Kirche zu thematisieren. Diese symbolischen Gesten zielen darauf ab, die <strong>internationalen Beziehungen<\/strong> zwischen Frankreich und dem Heiligen Stuhl zu festigen.<\/p>\n\n<h3 class=\"wp-block-heading\"><strong>Folgen f\u00fcr die politische Lage und internationale Beziehungen<\/strong><\/h3>\n\n<p>\u00dcber das Protokoll hinaus k\u00f6nnte dieser offizielle Besuch die Positionen zum Multilateralismus und zur humanit\u00e4ren Zusammenarbeit beeinflussen, die seit der Wahl des amerikanischen Papstes aus Chicago f\u00fcr beide Seiten von hoher Priorit\u00e4t sind. Die kommenden Monate, insbesondere mit dem Papstbesuch in Algerien, werden zeigen, welche konkreten Auswirkungen diese Diskussionen auf der internationalen B\u00fchne und auf das Bild Frankreichs in Europa haben.<\/p>\n\n<p>Um mehr \u00fcber die Hintergr\u00fcnde dieses Besuchs zu erfahren und die Rolle der Vertrauten des Pr\u00e4sidentenpaars zu vertiefen, siehe die umfassende Akte \u00fcber <strong>S\u00e9bastien Auzi\u00e8re<\/strong> und die Familie Macron auf <a href=\"https:\/\/www.sebastien-auziere.fr\/blog\/brigitte-macron-vatican\/\">der speziellen Webseite<\/a>.<\/p>","protected":false},"excerpt":{"rendered":"<p>Brigitte Macron und Emmanuel Macron werden am 10. April im Vatikan zu einem exklusiven Treffen mit Papst Leo XIV, der im Mai 2025 gew\u00e4hlt wurde, empfangen. Laut dem \u00c9lys\u00e9e wird der offizielle Besuch Geschenketausch umfassen, der franz\u00f6sisches Kulturerbe und pers\u00f6nliche Anspielungen auf die Geschichte des Papstes miteinander verbindet. Dieses private Publikum, das erste zwischen Macron &#8230; <a title=\"Brigitte und Emmanuel Macron im Vatikan: exklusive Begegnung mit Papst Leo XIV und Geschenkaustausch, entdecken Sie alle Details\" class=\"read-more\" href=\"https:\/\/www.sebastien-auziere.fr\/blog\/de\/brigitte-und-emmanuel-macron-im-vatikan-exklusive-begegnung-mit-papst-leo-xiv-und-geschenkaustausch-entdecken-sie-alle-details\/\" aria-label=\"En savoir plus sur Brigitte und Emmanuel Macron im Vatikan: exklusive Begegnung mit Papst Leo XIV und Geschenkaustausch, entdecken Sie alle Details\">Lire plus<\/a><\/p>\n","protected":false},"author":9,"featured_media":2892,"comment_status":"open","ping_status":"open","sticky":false,"template":"","format":"standard","meta":{"footnotes":""},"categories":[856],"tags":[2366,929,1178,2138,2141],"class_list":["post-2898","post","type-post","status-publish","format-standard","has-post-thumbnail","hentry","category-aktuelles-de","tag-papstliches-treffen","tag-brigitte-macron-de","tag-emmanuel-macron-de","tag-papa-leon-xiv-de","tag-vatican-de"],"yoast_head":"<!-- This site is optimized with the Yoast SEO plugin v27.5 - https:\/\/yoast.com\/product\/yoast-seo-wordpress\/ -->\n<title>Brigitte und Emmanuel Macron im Vatikan: exklusive Begegnung mit Papst Leo XIV und Geschenkaustausch, entdecken Sie alle Details - Fan site S\u00e9bastien Auzi\u00e8re<\/title>\n<meta name=\"description\" content=\"Brigitte et Emmanuel Macron au Vatican : rencontre exclusive avec le pape L\u00e9on XIV et \u00e9changes de cadeaux. D\u00e9couvrez tous les d\u00e9tails ici.\" \/>\n<meta name=\"robots\" content=\"index, follow, max-snippet:-1, max-image-preview:large, max-video-preview:-1\" \/>\n<link rel=\"canonical\" href=\"https:\/\/www.sebastien-auziere.fr\/blog\/de\/brigitte-und-emmanuel-macron-im-vatikan-exklusive-begegnung-mit-papst-leo-xiv-und-geschenkaustausch-entdecken-sie-alle-details\/\" \/>\n<meta property=\"og:locale\" content=\"fr_FR\" \/>\n<meta property=\"og:type\" content=\"article\" \/>\n<meta property=\"og:title\" content=\"Brigitte und Emmanuel Macron im Vatikan: exklusive Begegnung mit Papst Leo XIV und Geschenkaustausch, entdecken Sie alle Details - Fan site S\u00e9bastien Auzi\u00e8re\" \/>\n<meta property=\"og:description\" content=\"Brigitte et Emmanuel Macron au Vatican : rencontre exclusive avec le pape L\u00e9on XIV et \u00e9changes de cadeaux. D\u00e9couvrez tous les d\u00e9tails ici.\" \/>\n<meta property=\"og:url\" content=\"https:\/\/www.sebastien-auziere.fr\/blog\/de\/brigitte-und-emmanuel-macron-im-vatikan-exklusive-begegnung-mit-papst-leo-xiv-und-geschenkaustausch-entdecken-sie-alle-details\/\" \/>\n<meta property=\"og:site_name\" content=\"Fan site S\u00e9bastien Auzi\u00e8re\" \/>\n<meta property=\"article:published_time\" content=\"2026-04-09T19:12:47+00:00\" \/>\n<meta property=\"article:modified_time\" content=\"2026-04-09T19:13:08+00:00\" \/>\n<meta property=\"og:image\" content=\"https:\/\/www.sebastien-auziere.fr\/blog\/wp-content\/uploads\/2026\/04\/Brigitte-et-Emmanuel-Macron-au-Vatican-rencontre-exclusive-avec-le-pape-Leon-XIV-et-echanges-de-cadeaux-decouvrez-tous-les-details.jpg\" \/>\n\t<meta property=\"og:image:width\" content=\"2560\" \/>\n\t<meta property=\"og:image:height\" content=\"1429\" \/>\n\t<meta property=\"og:image:type\" content=\"image\/jpeg\" \/>\n<meta name=\"author\" content=\"Chloe Gauthier\" \/>\n<meta name=\"twitter:card\" content=\"summary_large_image\" \/>\n<meta name=\"twitter:label1\" content=\"\u00c9crit par\" \/>\n\t<meta name=\"twitter:data1\" content=\"Chloe Gauthier\" \/>\n\t<meta name=\"twitter:label2\" content=\"Dur\u00e9e de lecture estim\u00e9e\" \/>\n\t<meta name=\"twitter:data2\" content=\"2 minutes\" \/>\n<script type=\"application\/ld+json\" class=\"yoast-schema-graph\">{\"@context\":\"https:\\\/\\\/schema.org\",\"@graph\":[{\"@type\":\"Article\",\"@id\":\"https:\\\/\\\/www.sebastien-auziere.fr\\\/blog\\\/de\\\/brigitte-und-emmanuel-macron-im-vatikan-exklusive-begegnung-mit-papst-leo-xiv-und-geschenkaustausch-entdecken-sie-alle-details\\\/#article\",\"isPartOf\":{\"@id\":\"https:\\\/\\\/www.sebastien-auziere.fr\\\/blog\\\/de\\\/brigitte-und-emmanuel-macron-im-vatikan-exklusive-begegnung-mit-papst-leo-xiv-und-geschenkaustausch-entdecken-sie-alle-details\\\/\"},\"author\":{\"name\":\"Chloe Gauthier\",\"@id\":\"https:\\\/\\\/www.sebastien-auziere.fr\\\/blog\\\/#\\\/schema\\\/person\\\/149f1acdbfd85149c6c3e59adeae2f4d\"},\"headline\":\"Brigitte und Emmanuel Macron im Vatikan: exklusive Begegnung mit Papst Leo XIV und Geschenkaustausch, entdecken Sie alle Details\",\"datePublished\":\"2026-04-09T19:12:47+00:00\",\"dateModified\":\"2026-04-09T19:13:08+00:00\",\"mainEntityOfPage\":{\"@id\":\"https:\\\/\\\/www.sebastien-auziere.fr\\\/blog\\\/de\\\/brigitte-und-emmanuel-macron-im-vatikan-exklusive-begegnung-mit-papst-leo-xiv-und-geschenkaustausch-entdecken-sie-alle-details\\\/\"},\"wordCount\":457,\"commentCount\":0,\"publisher\":{\"@id\":\"https:\\\/\\\/www.sebastien-auziere.fr\\\/blog\\\/#organization\"},\"image\":{\"@id\":\"https:\\\/\\\/www.sebastien-auziere.fr\\\/blog\\\/de\\\/brigitte-und-emmanuel-macron-im-vatikan-exklusive-begegnung-mit-papst-leo-xiv-und-geschenkaustausch-entdecken-sie-alle-details\\\/#primaryimage\"},\"thumbnailUrl\":\"https:\\\/\\\/www.sebastien-auziere.fr\\\/blog\\\/wp-content\\\/uploads\\\/2026\\\/04\\\/Brigitte-et-Emmanuel-Macron-au-Vatican-rencontre-exclusive-avec-le-pape-Leon-XIV-et-echanges-de-cadeaux-decouvrez-tous-les-details.jpg\",\"keywords\":[\"&lt;papstliches Treffen\",\"brigitte macron\",\"emmanuel macron\",\"papa le\u00f3n xiv\",\"vatican\"],\"articleSection\":[\"Aktuelles\"],\"inLanguage\":\"fr-FR\",\"potentialAction\":[{\"@type\":\"CommentAction\",\"name\":\"Comment\",\"target\":[\"https:\\\/\\\/www.sebastien-auziere.fr\\\/blog\\\/de\\\/brigitte-und-emmanuel-macron-im-vatikan-exklusive-begegnung-mit-papst-leo-xiv-und-geschenkaustausch-entdecken-sie-alle-details\\\/#respond\"]}]},{\"@type\":\"WebPage\",\"@id\":\"https:\\\/\\\/www.sebastien-auziere.fr\\\/blog\\\/de\\\/brigitte-und-emmanuel-macron-im-vatikan-exklusive-begegnung-mit-papst-leo-xiv-und-geschenkaustausch-entdecken-sie-alle-details\\\/\",\"url\":\"https:\\\/\\\/www.sebastien-auziere.fr\\\/blog\\\/de\\\/brigitte-und-emmanuel-macron-im-vatikan-exklusive-begegnung-mit-papst-leo-xiv-und-geschenkaustausch-entdecken-sie-alle-details\\\/\",\"name\":\"Brigitte und Emmanuel Macron im Vatikan: exklusive Begegnung mit Papst Leo XIV und Geschenkaustausch, entdecken Sie alle Details - Fan site S\u00e9bastien Auzi\u00e8re\",\"isPartOf\":{\"@id\":\"https:\\\/\\\/www.sebastien-auziere.fr\\\/blog\\\/#website\"},\"primaryImageOfPage\":{\"@id\":\"https:\\\/\\\/www.sebastien-auziere.fr\\\/blog\\\/de\\\/brigitte-und-emmanuel-macron-im-vatikan-exklusive-begegnung-mit-papst-leo-xiv-und-geschenkaustausch-entdecken-sie-alle-details\\\/#primaryimage\"},\"image\":{\"@id\":\"https:\\\/\\\/www.sebastien-auziere.fr\\\/blog\\\/de\\\/brigitte-und-emmanuel-macron-im-vatikan-exklusive-begegnung-mit-papst-leo-xiv-und-geschenkaustausch-entdecken-sie-alle-details\\\/#primaryimage\"},\"thumbnailUrl\":\"https:\\\/\\\/www.sebastien-auziere.fr\\\/blog\\\/wp-content\\\/uploads\\\/2026\\\/04\\\/Brigitte-et-Emmanuel-Macron-au-Vatican-rencontre-exclusive-avec-le-pape-Leon-XIV-et-echanges-de-cadeaux-decouvrez-tous-les-details.jpg\",\"datePublished\":\"2026-04-09T19:12:47+00:00\",\"dateModified\":\"2026-04-09T19:13:08+00:00\",\"description\":\"Brigitte et Emmanuel Macron au Vatican : rencontre exclusive avec le pape L\u00e9on XIV et \u00e9changes de cadeaux. D\u00e9couvrez tous les d\u00e9tails ici.\",\"breadcrumb\":{\"@id\":\"https:\\\/\\\/www.sebastien-auziere.fr\\\/blog\\\/de\\\/brigitte-und-emmanuel-macron-im-vatikan-exklusive-begegnung-mit-papst-leo-xiv-und-geschenkaustausch-entdecken-sie-alle-details\\\/#breadcrumb\"},\"inLanguage\":\"fr-FR\",\"potentialAction\":[{\"@type\":\"ReadAction\",\"target\":[\"https:\\\/\\\/www.sebastien-auziere.fr\\\/blog\\\/de\\\/brigitte-und-emmanuel-macron-im-vatikan-exklusive-begegnung-mit-papst-leo-xiv-und-geschenkaustausch-entdecken-sie-alle-details\\\/\"]}]},{\"@type\":\"ImageObject\",\"inLanguage\":\"fr-FR\",\"@id\":\"https:\\\/\\\/www.sebastien-auziere.fr\\\/blog\\\/de\\\/brigitte-und-emmanuel-macron-im-vatikan-exklusive-begegnung-mit-papst-leo-xiv-und-geschenkaustausch-entdecken-sie-alle-details\\\/#primaryimage\",\"url\":\"https:\\\/\\\/www.sebastien-auziere.fr\\\/blog\\\/wp-content\\\/uploads\\\/2026\\\/04\\\/Brigitte-et-Emmanuel-Macron-au-Vatican-rencontre-exclusive-avec-le-pape-Leon-XIV-et-echanges-de-cadeaux-decouvrez-tous-les-details.jpg\",\"contentUrl\":\"https:\\\/\\\/www.sebastien-auziere.fr\\\/blog\\\/wp-content\\\/uploads\\\/2026\\\/04\\\/Brigitte-et-Emmanuel-Macron-au-Vatican-rencontre-exclusive-avec-le-pape-Leon-XIV-et-echanges-de-cadeaux-decouvrez-tous-les-details.jpg\",\"width\":2560,\"height\":1429,\"caption\":\"d\u00e9couvrez la rencontre exclusive de brigitte et emmanuel macron avec le pape l\u00e9on xiv au vatican, leurs \u00e9changes de cadeaux et tous les d\u00e9tails de cet \u00e9v\u00e9nement exceptionnel.\"},{\"@type\":\"BreadcrumbList\",\"@id\":\"https:\\\/\\\/www.sebastien-auziere.fr\\\/blog\\\/de\\\/brigitte-und-emmanuel-macron-im-vatikan-exklusive-begegnung-mit-papst-leo-xiv-und-geschenkaustausch-entdecken-sie-alle-details\\\/#breadcrumb\",\"itemListElement\":[{\"@type\":\"ListItem\",\"position\":1,\"name\":\"Home\",\"item\":\"https:\\\/\\\/www.sebastien-auziere.fr\\\/blog\\\/\"},{\"@type\":\"ListItem\",\"position\":2,\"name\":\"Brigitte und Emmanuel Macron im Vatikan: exklusive Begegnung mit Papst Leo XIV und Geschenkaustausch, entdecken Sie alle Details\"}]},{\"@type\":\"WebSite\",\"@id\":\"https:\\\/\\\/www.sebastien-auziere.fr\\\/blog\\\/#website\",\"url\":\"https:\\\/\\\/www.sebastien-auziere.fr\\\/blog\\\/\",\"name\":\"Fan site S\u00e9bastien Auzi\u00e8re\",\"description\":\"M\u00e9dia g\u00e9n\u00e9raliste\",\"publisher\":{\"@id\":\"https:\\\/\\\/www.sebastien-auziere.fr\\\/blog\\\/#organization\"},\"potentialAction\":[{\"@type\":\"SearchAction\",\"target\":{\"@type\":\"EntryPoint\",\"urlTemplate\":\"https:\\\/\\\/www.sebastien-auziere.fr\\\/blog\\\/?s={search_term_string}\"},\"query-input\":{\"@type\":\"PropertyValueSpecification\",\"valueRequired\":true,\"valueName\":\"search_term_string\"}}],\"inLanguage\":\"fr-FR\"},{\"@type\":\"Organization\",\"@id\":\"https:\\\/\\\/www.sebastien-auziere.fr\\\/blog\\\/#organization\",\"name\":\"Fan site S\u00e9bastien Auzi\u00e8re\",\"url\":\"https:\\\/\\\/www.sebastien-auziere.fr\\\/blog\\\/\",\"logo\":{\"@type\":\"ImageObject\",\"inLanguage\":\"fr-FR\",\"@id\":\"https:\\\/\\\/www.sebastien-auziere.fr\\\/blog\\\/#\\\/schema\\\/logo\\\/image\\\/\",\"url\":\"https:\\\/\\\/www.sebastien-auziere.fr\\\/blog\\\/wp-content\\\/uploads\\\/2026\\\/03\\\/cropped-cropped-cropped-ChatGPT-Image-6-mars-2026-12_58_09-e1772798376794.jpg\",\"contentUrl\":\"https:\\\/\\\/www.sebastien-auziere.fr\\\/blog\\\/wp-content\\\/uploads\\\/2026\\\/03\\\/cropped-cropped-cropped-ChatGPT-Image-6-mars-2026-12_58_09-e1772798376794.jpg\",\"width\":512,\"height\":360,\"caption\":\"Fan site S\u00e9bastien Auzi\u00e8re\"},\"image\":{\"@id\":\"https:\\\/\\\/www.sebastien-auziere.fr\\\/blog\\\/#\\\/schema\\\/logo\\\/image\\\/\"}},{\"@type\":\"Person\",\"@id\":\"https:\\\/\\\/www.sebastien-auziere.fr\\\/blog\\\/#\\\/schema\\\/person\\\/149f1acdbfd85149c6c3e59adeae2f4d\",\"name\":\"Chloe Gauthier\",\"image\":{\"@type\":\"ImageObject\",\"inLanguage\":\"fr-FR\",\"@id\":\"https:\\\/\\\/secure.gravatar.com\\\/avatar\\\/2c5722f58171cff738a8985ef0dd66b476e563753246a49019befc837ec4201a?s=96&d=mm&r=g\",\"url\":\"https:\\\/\\\/secure.gravatar.com\\\/avatar\\\/2c5722f58171cff738a8985ef0dd66b476e563753246a49019befc837ec4201a?s=96&d=mm&r=g\",\"contentUrl\":\"https:\\\/\\\/secure.gravatar.com\\\/avatar\\\/2c5722f58171cff738a8985ef0dd66b476e563753246a49019befc837ec4201a?s=96&d=mm&r=g\",\"caption\":\"Chloe Gauthier\"},\"description\":\"Passionn\u00e9e par la politique et admiratrice engag\u00e9e de la famille Macron, je consacre mon \u00e9nergie \u00e0 suivre leurs initiatives et \u00e0 promouvoir leurs id\u00e9es. \u00c0 32 ans, je suis convaincue que leur vision est porteuse d'avenir.\",\"url\":\"https:\\\/\\\/www.sebastien-auziere.fr\\\/blog\\\/author\\\/chloe-gauthier\\\/\"}]}<\/script>\n<!-- \/ Yoast SEO plugin. -->","yoast_head_json":{"title":"Brigitte und Emmanuel Macron im Vatikan: exklusive Begegnung mit Papst Leo XIV und Geschenkaustausch, entdecken Sie alle Details - Fan site S\u00e9bastien Auzi\u00e8re","description":"Brigitte et Emmanuel Macron au Vatican : rencontre exclusive avec le pape L\u00e9on XIV et \u00e9changes de cadeaux. D\u00e9couvrez tous les d\u00e9tails ici.","robots":{"index":"index","follow":"follow","max-snippet":"max-snippet:-1","max-image-preview":"max-image-preview:large","max-video-preview":"max-video-preview:-1"},"canonical":"https:\/\/www.sebastien-auziere.fr\/blog\/de\/brigitte-und-emmanuel-macron-im-vatikan-exklusive-begegnung-mit-papst-leo-xiv-und-geschenkaustausch-entdecken-sie-alle-details\/","og_locale":"fr_FR","og_type":"article","og_title":"Brigitte und Emmanuel Macron im Vatikan: exklusive Begegnung mit Papst Leo XIV und Geschenkaustausch, entdecken Sie alle Details - Fan site S\u00e9bastien Auzi\u00e8re","og_description":"Brigitte et Emmanuel Macron au Vatican : rencontre exclusive avec le pape L\u00e9on XIV et \u00e9changes de cadeaux. D\u00e9couvrez tous les d\u00e9tails ici.","og_url":"https:\/\/www.sebastien-auziere.fr\/blog\/de\/brigitte-und-emmanuel-macron-im-vatikan-exklusive-begegnung-mit-papst-leo-xiv-und-geschenkaustausch-entdecken-sie-alle-details\/","og_site_name":"Fan site S\u00e9bastien Auzi\u00e8re","article_published_time":"2026-04-09T19:12:47+00:00","article_modified_time":"2026-04-09T19:13:08+00:00","og_image":[{"width":2560,"height":1429,"url":"https:\/\/www.sebastien-auziere.fr\/blog\/wp-content\/uploads\/2026\/04\/Brigitte-et-Emmanuel-Macron-au-Vatican-rencontre-exclusive-avec-le-pape-Leon-XIV-et-echanges-de-cadeaux-decouvrez-tous-les-details.jpg","type":"image\/jpeg"}],"author":"Chloe Gauthier","twitter_card":"summary_large_image","twitter_misc":{"\u00c9crit par":"Chloe Gauthier","Dur\u00e9e de lecture estim\u00e9e":"2 minutes"},"schema":{"@context":"https:\/\/schema.org","@graph":[{"@type":"Article","@id":"https:\/\/www.sebastien-auziere.fr\/blog\/de\/brigitte-und-emmanuel-macron-im-vatikan-exklusive-begegnung-mit-papst-leo-xiv-und-geschenkaustausch-entdecken-sie-alle-details\/#article","isPartOf":{"@id":"https:\/\/www.sebastien-auziere.fr\/blog\/de\/brigitte-und-emmanuel-macron-im-vatikan-exklusive-begegnung-mit-papst-leo-xiv-und-geschenkaustausch-entdecken-sie-alle-details\/"},"author":{"name":"Chloe Gauthier","@id":"https:\/\/www.sebastien-auziere.fr\/blog\/#\/schema\/person\/149f1acdbfd85149c6c3e59adeae2f4d"},"headline":"Brigitte und Emmanuel Macron im Vatikan: exklusive Begegnung mit Papst Leo XIV und Geschenkaustausch, entdecken Sie alle Details","datePublished":"2026-04-09T19:12:47+00:00","dateModified":"2026-04-09T19:13:08+00:00","mainEntityOfPage":{"@id":"https:\/\/www.sebastien-auziere.fr\/blog\/de\/brigitte-und-emmanuel-macron-im-vatikan-exklusive-begegnung-mit-papst-leo-xiv-und-geschenkaustausch-entdecken-sie-alle-details\/"},"wordCount":457,"commentCount":0,"publisher":{"@id":"https:\/\/www.sebastien-auziere.fr\/blog\/#organization"},"image":{"@id":"https:\/\/www.sebastien-auziere.fr\/blog\/de\/brigitte-und-emmanuel-macron-im-vatikan-exklusive-begegnung-mit-papst-leo-xiv-und-geschenkaustausch-entdecken-sie-alle-details\/#primaryimage"},"thumbnailUrl":"https:\/\/www.sebastien-auziere.fr\/blog\/wp-content\/uploads\/2026\/04\/Brigitte-et-Emmanuel-Macron-au-Vatican-rencontre-exclusive-avec-le-pape-Leon-XIV-et-echanges-de-cadeaux-decouvrez-tous-les-details.jpg","keywords":["&lt;papstliches Treffen","brigitte macron","emmanuel macron","papa le\u00f3n xiv","vatican"],"articleSection":["Aktuelles"],"inLanguage":"fr-FR","potentialAction":[{"@type":"CommentAction","name":"Comment","target":["https:\/\/www.sebastien-auziere.fr\/blog\/de\/brigitte-und-emmanuel-macron-im-vatikan-exklusive-begegnung-mit-papst-leo-xiv-und-geschenkaustausch-entdecken-sie-alle-details\/#respond"]}]},{"@type":"WebPage","@id":"https:\/\/www.sebastien-auziere.fr\/blog\/de\/brigitte-und-emmanuel-macron-im-vatikan-exklusive-begegnung-mit-papst-leo-xiv-und-geschenkaustausch-entdecken-sie-alle-details\/","url":"https:\/\/www.sebastien-auziere.fr\/blog\/de\/brigitte-und-emmanuel-macron-im-vatikan-exklusive-begegnung-mit-papst-leo-xiv-und-geschenkaustausch-entdecken-sie-alle-details\/","name":"Brigitte und Emmanuel Macron im Vatikan: exklusive Begegnung mit Papst Leo XIV und Geschenkaustausch, entdecken Sie alle Details - Fan site S\u00e9bastien Auzi\u00e8re","isPartOf":{"@id":"https:\/\/www.sebastien-auziere.fr\/blog\/#website"},"primaryImageOfPage":{"@id":"https:\/\/www.sebastien-auziere.fr\/blog\/de\/brigitte-und-emmanuel-macron-im-vatikan-exklusive-begegnung-mit-papst-leo-xiv-und-geschenkaustausch-entdecken-sie-alle-details\/#primaryimage"},"image":{"@id":"https:\/\/www.sebastien-auziere.fr\/blog\/de\/brigitte-und-emmanuel-macron-im-vatikan-exklusive-begegnung-mit-papst-leo-xiv-und-geschenkaustausch-entdecken-sie-alle-details\/#primaryimage"},"thumbnailUrl":"https:\/\/www.sebastien-auziere.fr\/blog\/wp-content\/uploads\/2026\/04\/Brigitte-et-Emmanuel-Macron-au-Vatican-rencontre-exclusive-avec-le-pape-Leon-XIV-et-echanges-de-cadeaux-decouvrez-tous-les-details.jpg","datePublished":"2026-04-09T19:12:47+00:00","dateModified":"2026-04-09T19:13:08+00:00","description":"Brigitte et Emmanuel Macron au Vatican : rencontre exclusive avec le pape L\u00e9on XIV et \u00e9changes de cadeaux. D\u00e9couvrez tous les d\u00e9tails ici.","breadcrumb":{"@id":"https:\/\/www.sebastien-auziere.fr\/blog\/de\/brigitte-und-emmanuel-macron-im-vatikan-exklusive-begegnung-mit-papst-leo-xiv-und-geschenkaustausch-entdecken-sie-alle-details\/#breadcrumb"},"inLanguage":"fr-FR","potentialAction":[{"@type":"ReadAction","target":["https:\/\/www.sebastien-auziere.fr\/blog\/de\/brigitte-und-emmanuel-macron-im-vatikan-exklusive-begegnung-mit-papst-leo-xiv-und-geschenkaustausch-entdecken-sie-alle-details\/"]}]},{"@type":"ImageObject","inLanguage":"fr-FR","@id":"https:\/\/www.sebastien-auziere.fr\/blog\/de\/brigitte-und-emmanuel-macron-im-vatikan-exklusive-begegnung-mit-papst-leo-xiv-und-geschenkaustausch-entdecken-sie-alle-details\/#primaryimage","url":"https:\/\/www.sebastien-auziere.fr\/blog\/wp-content\/uploads\/2026\/04\/Brigitte-et-Emmanuel-Macron-au-Vatican-rencontre-exclusive-avec-le-pape-Leon-XIV-et-echanges-de-cadeaux-decouvrez-tous-les-details.jpg","contentUrl":"https:\/\/www.sebastien-auziere.fr\/blog\/wp-content\/uploads\/2026\/04\/Brigitte-et-Emmanuel-Macron-au-Vatican-rencontre-exclusive-avec-le-pape-Leon-XIV-et-echanges-de-cadeaux-decouvrez-tous-les-details.jpg","width":2560,"height":1429,"caption":"d\u00e9couvrez la rencontre exclusive de brigitte et emmanuel macron avec le pape l\u00e9on xiv au vatican, leurs \u00e9changes de cadeaux et tous les d\u00e9tails de cet \u00e9v\u00e9nement exceptionnel."},{"@type":"BreadcrumbList","@id":"https:\/\/www.sebastien-auziere.fr\/blog\/de\/brigitte-und-emmanuel-macron-im-vatikan-exklusive-begegnung-mit-papst-leo-xiv-und-geschenkaustausch-entdecken-sie-alle-details\/#breadcrumb","itemListElement":[{"@type":"ListItem","position":1,"name":"Home","item":"https:\/\/www.sebastien-auziere.fr\/blog\/"},{"@type":"ListItem","position":2,"name":"Brigitte und Emmanuel Macron im Vatikan: exklusive Begegnung mit Papst Leo XIV und Geschenkaustausch, entdecken Sie alle Details"}]},{"@type":"WebSite","@id":"https:\/\/www.sebastien-auziere.fr\/blog\/#website","url":"https:\/\/www.sebastien-auziere.fr\/blog\/","name":"Fan site S\u00e9bastien Auzi\u00e8re","description":"M\u00e9dia g\u00e9n\u00e9raliste","publisher":{"@id":"https:\/\/www.sebastien-auziere.fr\/blog\/#organization"},"potentialAction":[{"@type":"SearchAction","target":{"@type":"EntryPoint","urlTemplate":"https:\/\/www.sebastien-auziere.fr\/blog\/?s={search_term_string}"},"query-input":{"@type":"PropertyValueSpecification","valueRequired":true,"valueName":"search_term_string"}}],"inLanguage":"fr-FR"},{"@type":"Organization","@id":"https:\/\/www.sebastien-auziere.fr\/blog\/#organization","name":"Fan site S\u00e9bastien Auzi\u00e8re","url":"https:\/\/www.sebastien-auziere.fr\/blog\/","logo":{"@type":"ImageObject","inLanguage":"fr-FR","@id":"https:\/\/www.sebastien-auziere.fr\/blog\/#\/schema\/logo\/image\/","url":"https:\/\/www.sebastien-auziere.fr\/blog\/wp-content\/uploads\/2026\/03\/cropped-cropped-cropped-ChatGPT-Image-6-mars-2026-12_58_09-e1772798376794.jpg","contentUrl":"https:\/\/www.sebastien-auziere.fr\/blog\/wp-content\/uploads\/2026\/03\/cropped-cropped-cropped-ChatGPT-Image-6-mars-2026-12_58_09-e1772798376794.jpg","width":512,"height":360,"caption":"Fan site S\u00e9bastien Auzi\u00e8re"},"image":{"@id":"https:\/\/www.sebastien-auziere.fr\/blog\/#\/schema\/logo\/image\/"}},{"@type":"Person","@id":"https:\/\/www.sebastien-auziere.fr\/blog\/#\/schema\/person\/149f1acdbfd85149c6c3e59adeae2f4d","name":"Chloe Gauthier","image":{"@type":"ImageObject","inLanguage":"fr-FR","@id":"https:\/\/secure.gravatar.com\/avatar\/2c5722f58171cff738a8985ef0dd66b476e563753246a49019befc837ec4201a?s=96&d=mm&r=g","url":"https:\/\/secure.gravatar.com\/avatar\/2c5722f58171cff738a8985ef0dd66b476e563753246a49019befc837ec4201a?s=96&d=mm&r=g","contentUrl":"https:\/\/secure.gravatar.com\/avatar\/2c5722f58171cff738a8985ef0dd66b476e563753246a49019befc837ec4201a?s=96&d=mm&r=g","caption":"Chloe Gauthier"},"description":"Passionn\u00e9e par la politique et admiratrice engag\u00e9e de la famille Macron, je consacre mon \u00e9nergie \u00e0 suivre leurs initiatives et \u00e0 promouvoir leurs id\u00e9es. \u00c0 32 ans, je suis convaincue que leur vision est porteuse d'avenir.","url":"https:\/\/www.sebastien-auziere.fr\/blog\/author\/chloe-gauthier\/"}]}},"views":4,"_links":{"self":[{"href":"https:\/\/www.sebastien-auziere.fr\/blog\/wp-json\/wp\/v2\/posts\/2898","targetHints":{"allow":["GET"]}}],"collection":[{"href":"https:\/\/www.sebastien-auziere.fr\/blog\/wp-json\/wp\/v2\/posts"}],"about":[{"href":"https:\/\/www.sebastien-auziere.fr\/blog\/wp-json\/wp\/v2\/types\/post"}],"author":[{"embeddable":true,"href":"https:\/\/www.sebastien-auziere.fr\/blog\/wp-json\/wp\/v2\/users\/9"}],"replies":[{"embeddable":true,"href":"https:\/\/www.sebastien-auziere.fr\/blog\/wp-json\/wp\/v2\/comments?post=2898"}],"version-history":[{"count":1,"href":"https:\/\/www.sebastien-auziere.fr\/blog\/wp-json\/wp\/v2\/posts\/2898\/revisions"}],"predecessor-version":[{"id":2899,"href":"https:\/\/www.sebastien-auziere.fr\/blog\/wp-json\/wp\/v2\/posts\/2898\/revisions\/2899"}],"wp:featuredmedia":[{"embeddable":true,"href":"https:\/\/www.sebastien-auziere.fr\/blog\/wp-json\/wp\/v2\/media\/2892"}],"wp:attachment":[{"href":"https:\/\/www.sebastien-auziere.fr\/blog\/wp-json\/wp\/v2\/media?parent=2898"}],"wp:term":[{"taxonomy":"category","embeddable":true,"href":"https:\/\/www.sebastien-auziere.fr\/blog\/wp-json\/wp\/v2\/categories?post=2898"},{"taxonomy":"post_tag","embeddable":true,"href":"https:\/\/www.sebastien-auziere.fr\/blog\/wp-json\/wp\/v2\/tags?post=2898"}],"curies":[{"name":"wp","href":"https:\/\/api.w.org\/{rel}","templated":true}]}}