{"id":2896,"date":"2026-04-09T19:11:48","date_gmt":"2026-04-09T19:11:48","guid":{"rendered":"https:\/\/www.sebastien-auziere.fr\/blog\/?p=2896"},"modified":"2026-04-09T19:12:09","modified_gmt":"2026-04-09T19:12:09","slug":"brigitte-y-emmanuel-macron-en-el-vaticano-encuentro-exclusivo-con-el-papa-leon-xiv-e-intercambios-de-regalos-descubre-todos-los-detalles","status":"publish","type":"post","link":"https:\/\/www.sebastien-auziere.fr\/blog\/es\/brigitte-y-emmanuel-macron-en-el-vaticano-encuentro-exclusivo-con-el-papa-leon-xiv-e-intercambios-de-regalos-descubre-todos-los-detalles\/","title":{"rendered":"Brigitte y Emmanuel Macron en el Vaticano: encuentro exclusivo con el papa Le\u00f3n XIV e intercambios de regalos, descubre todos los detalles"},"content":{"rendered":"<p><strong>Brigitte Macron<\/strong> y <strong>Emmanuel Macron<\/strong> ser\u00e1n recibidos en el <strong>Vaticano<\/strong> el <strong>10 de abril<\/strong> para un <strong>encuentro exclusivo<\/strong> con el <strong>papa Le\u00f3n XIV<\/strong>, elegido en mayo de 2025. Seg\u00fan el El\u00edseo, la visita oficial incluir\u00e1 <strong>intercambios de regalos<\/strong> que combinan el patrimonio cultural franc\u00e9s y gui\u00f1os a la historia personal del soberano pont\u00edfice.<\/p>\n\n<p>Esta audiencia privada, la primera entre <strong>Macron<\/strong> y Le\u00f3n XIV, ocurre en un contexto diplom\u00e1tico cargado: multilateralismo, clima, inteligencia artificial y cuestiones humanitarias figuran en la agenda. Para m\u00e1s detalles pr\u00e1cticos sobre el calendario anunciado, consulta <a href=\"https:\/\/www.lemonde.fr\/international\/article\/2026\/04\/01\/emmanuel-macron-se-rendra-au-vatican-les-9-et-10-avril-pour-rencontrer-leon-xiv_6675939_3210.html\">este art\u00edculo<\/a>.<\/p>\n\n<h2 class=\"wp-block-heading\"><strong>Contexto diplom\u00e1tico de la visita al Vaticano<\/strong><\/h2>\n\n<p>La visita de los d\u00edas 9 y 10 de abril marca la quinta presencia de <strong>Emmanuel Macron<\/strong> en el <strong>Vaticano<\/strong> (despu\u00e9s de 2018, 2021, 2022 y la primavera de 2025 durante las exequias del papa Francisco). La audiencia del 10 de abril se presenta como un t\u00eate-\u00e0-t\u00eate posible en el palacio apost\u00f3lico, destinado a \u00abtransmitir toda una serie de mensajes\u00bb, seg\u00fan la presidencia. Para seguir el anuncio oficial y el calendario, consulta la cobertura de la prensa nacional.<\/p>\n\n<h3 class=\"wp-block-heading\"><strong>Temas tratados y desaf\u00edos<\/strong><\/h3>\n\n<p>Los temas abordados incluyen <strong>diplomacia<\/strong>, lucha contra la pobreza, protecci\u00f3n del planeta y desaf\u00edos humanitarios. El encuentro se produce tres d\u00edas antes del hist\u00f3rico viaje del <strong>papa Le\u00f3n XIV<\/strong> a Argelia, lo que podr\u00eda dar lugar a discusiones sobre asuntos sensibles como la detenci\u00f3n del periodista Christophe Gleizes desde junio de 2025. En Roma, Emmanuel Macron tambi\u00e9n se reunir\u00e1 con actores de la diplomacia informal de la Santa Sede para preparar estos intercambios.<\/p>\n\n<h2 class=\"wp-block-heading\"><strong>Intercambios de regalos y s\u00edmbolos<\/strong><\/h2>\n\n<p>Conforme a la tradici\u00f3n diplom\u00e1tica, la delegaci\u00f3n francesa ofrecer\u00e1 varios obsequios al papa, elegidos \u00abentre el patrimonio cultural franc\u00e9s y referencias personales\u00bb, precis\u00f3 el El\u00edseo. La composici\u00f3n de la delegaci\u00f3n, que incluye personalidades como Jean\u2011Marc Sauv\u00e9, env\u00eda una se\u00f1al fuerte sobre la voluntad de abordar las cuestiones de \u00e9tica y memoria dentro de la Iglesia. Estos gestos simb\u00f3licos buscan consolidar las <strong>relaciones internacionales<\/strong> entre Francia y la Santa Sede.<\/p>\n\n<h3 class=\"wp-block-heading\"><strong>Consecuencias para la actualidad pol\u00edtica y las relaciones internacionales<\/strong><\/h3>\n\n<p>M\u00e1s all\u00e1 del protocolo, esta visita oficial podr\u00eda influir en las posiciones sobre el multilateralismo y la cooperaci\u00f3n humanitaria, \u00e1reas prioritarias para ambas partes desde la elecci\u00f3n del papa americano nacido en Chicago. Los pr\u00f3ximos meses, incluyendo el viaje papal a Argelia, permitir\u00e1n medir el impacto concreto de estas discusiones en la escena internacional y en la imagen de Francia en Europa.<\/p>\n\n<p>Para saber m\u00e1s sobre los entresijos de esta visita y profundizar en el papel de los cercanos a la pareja presidencial, consulta el dosier completo dedicado a <strong>S\u00e9bastien Auzi\u00e8re<\/strong> y la familia Macron en <a href=\"https:\/\/www.sebastien-auziere.fr\/blog\/brigitte-macron-vatican\/\">el sitio dedicado<\/a>.<\/p>","protected":false},"excerpt":{"rendered":"<p>Brigitte Macron y Emmanuel Macron ser\u00e1n recibidos en el Vaticano el 10 de abril para un encuentro exclusivo con el papa Le\u00f3n XIV, elegido en mayo de 2025. Seg\u00fan el El\u00edseo, la visita oficial incluir\u00e1 intercambios de regalos que combinan el patrimonio cultural franc\u00e9s y gui\u00f1os a la historia personal del soberano pont\u00edfice. Esta audiencia &#8230; <a title=\"Brigitte y Emmanuel Macron en el Vaticano: encuentro exclusivo con el papa Le\u00f3n XIV e intercambios de regalos, descubre todos los detalles\" class=\"read-more\" href=\"https:\/\/www.sebastien-auziere.fr\/blog\/es\/brigitte-y-emmanuel-macron-en-el-vaticano-encuentro-exclusivo-con-el-papa-leon-xiv-e-intercambios-de-regalos-descubre-todos-los-detalles\/\" aria-label=\"En savoir plus sur Brigitte y Emmanuel Macron en el Vaticano: encuentro exclusivo con el papa Le\u00f3n XIV e intercambios de regalos, descubre todos los detalles\">Lire plus<\/a><\/p>\n","protected":false},"author":9,"featured_media":2892,"comment_status":"open","ping_status":"open","sticky":false,"template":"","format":"standard","meta":{"footnotes":""},"categories":[820],"tags":[914,1166,2363,2129,2132],"class_list":["post-2896","post","type-post","status-publish","format-standard","has-post-thumbnail","hentry","category-actualidades-es","tag-brigitte-macron-es","tag-emmanuel-macron-es","tag-encuentro-papal-es","tag-papa-leon-xiv-es","tag-vaticano-es"],"yoast_head":"<!-- This site is optimized with the Yoast SEO plugin v27.5 - https:\/\/yoast.com\/product\/yoast-seo-wordpress\/ -->\n<title>Brigitte y Emmanuel Macron en el Vaticano: encuentro exclusivo con el papa Le\u00f3n XIV e intercambios de regalos, descubre todos los detalles - Fan site S\u00e9bastien Auzi\u00e8re<\/title>\n<meta name=\"description\" content=\"Brigitte et Emmanuel Macron au Vatican : rencontre exclusive avec le pape L\u00e9on XIV et \u00e9changes de cadeaux. D\u00e9couvrez tous les d\u00e9tails ici.\" \/>\n<meta name=\"robots\" content=\"index, follow, max-snippet:-1, max-image-preview:large, max-video-preview:-1\" \/>\n<link rel=\"canonical\" href=\"https:\/\/www.sebastien-auziere.fr\/blog\/es\/brigitte-y-emmanuel-macron-en-el-vaticano-encuentro-exclusivo-con-el-papa-leon-xiv-e-intercambios-de-regalos-descubre-todos-los-detalles\/\" \/>\n<meta property=\"og:locale\" content=\"fr_FR\" \/>\n<meta property=\"og:type\" content=\"article\" \/>\n<meta property=\"og:title\" content=\"Brigitte y Emmanuel Macron en el Vaticano: encuentro exclusivo con el papa Le\u00f3n XIV e intercambios de regalos, descubre todos los detalles - Fan site S\u00e9bastien Auzi\u00e8re\" \/>\n<meta property=\"og:description\" content=\"Brigitte et Emmanuel Macron au Vatican : rencontre exclusive avec le pape L\u00e9on XIV et \u00e9changes de cadeaux. D\u00e9couvrez tous les d\u00e9tails ici.\" \/>\n<meta property=\"og:url\" content=\"https:\/\/www.sebastien-auziere.fr\/blog\/es\/brigitte-y-emmanuel-macron-en-el-vaticano-encuentro-exclusivo-con-el-papa-leon-xiv-e-intercambios-de-regalos-descubre-todos-los-detalles\/\" \/>\n<meta property=\"og:site_name\" content=\"Fan site S\u00e9bastien Auzi\u00e8re\" \/>\n<meta property=\"article:published_time\" content=\"2026-04-09T19:11:48+00:00\" \/>\n<meta property=\"article:modified_time\" content=\"2026-04-09T19:12:09+00:00\" \/>\n<meta property=\"og:image\" content=\"https:\/\/www.sebastien-auziere.fr\/blog\/wp-content\/uploads\/2026\/04\/Brigitte-et-Emmanuel-Macron-au-Vatican-rencontre-exclusive-avec-le-pape-Leon-XIV-et-echanges-de-cadeaux-decouvrez-tous-les-details.jpg\" \/>\n\t<meta property=\"og:image:width\" content=\"2560\" \/>\n\t<meta property=\"og:image:height\" content=\"1429\" \/>\n\t<meta property=\"og:image:type\" content=\"image\/jpeg\" \/>\n<meta name=\"author\" content=\"Chloe Gauthier\" \/>\n<meta name=\"twitter:card\" content=\"summary_large_image\" \/>\n<meta name=\"twitter:label1\" content=\"\u00c9crit par\" \/>\n\t<meta name=\"twitter:data1\" content=\"Chloe Gauthier\" \/>\n\t<meta name=\"twitter:label2\" content=\"Dur\u00e9e de lecture estim\u00e9e\" \/>\n\t<meta name=\"twitter:data2\" content=\"2 minutes\" \/>\n<script type=\"application\/ld+json\" class=\"yoast-schema-graph\">{\"@context\":\"https:\\\/\\\/schema.org\",\"@graph\":[{\"@type\":\"Article\",\"@id\":\"https:\\\/\\\/www.sebastien-auziere.fr\\\/blog\\\/es\\\/brigitte-y-emmanuel-macron-en-el-vaticano-encuentro-exclusivo-con-el-papa-leon-xiv-e-intercambios-de-regalos-descubre-todos-los-detalles\\\/#article\",\"isPartOf\":{\"@id\":\"https:\\\/\\\/www.sebastien-auziere.fr\\\/blog\\\/es\\\/brigitte-y-emmanuel-macron-en-el-vaticano-encuentro-exclusivo-con-el-papa-leon-xiv-e-intercambios-de-regalos-descubre-todos-los-detalles\\\/\"},\"author\":{\"name\":\"Chloe Gauthier\",\"@id\":\"https:\\\/\\\/www.sebastien-auziere.fr\\\/blog\\\/#\\\/schema\\\/person\\\/149f1acdbfd85149c6c3e59adeae2f4d\"},\"headline\":\"Brigitte y Emmanuel Macron en el Vaticano: encuentro exclusivo con el papa Le\u00f3n XIV e intercambios de regalos, descubre todos los detalles\",\"datePublished\":\"2026-04-09T19:11:48+00:00\",\"dateModified\":\"2026-04-09T19:12:09+00:00\",\"mainEntityOfPage\":{\"@id\":\"https:\\\/\\\/www.sebastien-auziere.fr\\\/blog\\\/es\\\/brigitte-y-emmanuel-macron-en-el-vaticano-encuentro-exclusivo-con-el-papa-leon-xiv-e-intercambios-de-regalos-descubre-todos-los-detalles\\\/\"},\"wordCount\":499,\"commentCount\":0,\"publisher\":{\"@id\":\"https:\\\/\\\/www.sebastien-auziere.fr\\\/blog\\\/#organization\"},\"image\":{\"@id\":\"https:\\\/\\\/www.sebastien-auziere.fr\\\/blog\\\/es\\\/brigitte-y-emmanuel-macron-en-el-vaticano-encuentro-exclusivo-con-el-papa-leon-xiv-e-intercambios-de-regalos-descubre-todos-los-detalles\\\/#primaryimage\"},\"thumbnailUrl\":\"https:\\\/\\\/www.sebastien-auziere.fr\\\/blog\\\/wp-content\\\/uploads\\\/2026\\\/04\\\/Brigitte-et-Emmanuel-Macron-au-Vatican-rencontre-exclusive-avec-le-pape-Leon-XIV-et-echanges-de-cadeaux-decouvrez-tous-les-details.jpg\",\"keywords\":[\"brigitte macron\",\"emmanuel macron\",\"encuentro papal\",\"papa le\u00f3n xiv\",\"vaticano\"],\"articleSection\":[\"Actualidades\"],\"inLanguage\":\"fr-FR\",\"potentialAction\":[{\"@type\":\"CommentAction\",\"name\":\"Comment\",\"target\":[\"https:\\\/\\\/www.sebastien-auziere.fr\\\/blog\\\/es\\\/brigitte-y-emmanuel-macron-en-el-vaticano-encuentro-exclusivo-con-el-papa-leon-xiv-e-intercambios-de-regalos-descubre-todos-los-detalles\\\/#respond\"]}]},{\"@type\":\"WebPage\",\"@id\":\"https:\\\/\\\/www.sebastien-auziere.fr\\\/blog\\\/es\\\/brigitte-y-emmanuel-macron-en-el-vaticano-encuentro-exclusivo-con-el-papa-leon-xiv-e-intercambios-de-regalos-descubre-todos-los-detalles\\\/\",\"url\":\"https:\\\/\\\/www.sebastien-auziere.fr\\\/blog\\\/es\\\/brigitte-y-emmanuel-macron-en-el-vaticano-encuentro-exclusivo-con-el-papa-leon-xiv-e-intercambios-de-regalos-descubre-todos-los-detalles\\\/\",\"name\":\"Brigitte y Emmanuel Macron en el Vaticano: encuentro exclusivo con el papa Le\u00f3n XIV e intercambios de regalos, descubre todos los detalles - Fan site S\u00e9bastien Auzi\u00e8re\",\"isPartOf\":{\"@id\":\"https:\\\/\\\/www.sebastien-auziere.fr\\\/blog\\\/#website\"},\"primaryImageOfPage\":{\"@id\":\"https:\\\/\\\/www.sebastien-auziere.fr\\\/blog\\\/es\\\/brigitte-y-emmanuel-macron-en-el-vaticano-encuentro-exclusivo-con-el-papa-leon-xiv-e-intercambios-de-regalos-descubre-todos-los-detalles\\\/#primaryimage\"},\"image\":{\"@id\":\"https:\\\/\\\/www.sebastien-auziere.fr\\\/blog\\\/es\\\/brigitte-y-emmanuel-macron-en-el-vaticano-encuentro-exclusivo-con-el-papa-leon-xiv-e-intercambios-de-regalos-descubre-todos-los-detalles\\\/#primaryimage\"},\"thumbnailUrl\":\"https:\\\/\\\/www.sebastien-auziere.fr\\\/blog\\\/wp-content\\\/uploads\\\/2026\\\/04\\\/Brigitte-et-Emmanuel-Macron-au-Vatican-rencontre-exclusive-avec-le-pape-Leon-XIV-et-echanges-de-cadeaux-decouvrez-tous-les-details.jpg\",\"datePublished\":\"2026-04-09T19:11:48+00:00\",\"dateModified\":\"2026-04-09T19:12:09+00:00\",\"description\":\"Brigitte et Emmanuel Macron au Vatican : rencontre exclusive avec le pape L\u00e9on XIV et \u00e9changes de cadeaux. D\u00e9couvrez tous les d\u00e9tails ici.\",\"breadcrumb\":{\"@id\":\"https:\\\/\\\/www.sebastien-auziere.fr\\\/blog\\\/es\\\/brigitte-y-emmanuel-macron-en-el-vaticano-encuentro-exclusivo-con-el-papa-leon-xiv-e-intercambios-de-regalos-descubre-todos-los-detalles\\\/#breadcrumb\"},\"inLanguage\":\"fr-FR\",\"potentialAction\":[{\"@type\":\"ReadAction\",\"target\":[\"https:\\\/\\\/www.sebastien-auziere.fr\\\/blog\\\/es\\\/brigitte-y-emmanuel-macron-en-el-vaticano-encuentro-exclusivo-con-el-papa-leon-xiv-e-intercambios-de-regalos-descubre-todos-los-detalles\\\/\"]}]},{\"@type\":\"ImageObject\",\"inLanguage\":\"fr-FR\",\"@id\":\"https:\\\/\\\/www.sebastien-auziere.fr\\\/blog\\\/es\\\/brigitte-y-emmanuel-macron-en-el-vaticano-encuentro-exclusivo-con-el-papa-leon-xiv-e-intercambios-de-regalos-descubre-todos-los-detalles\\\/#primaryimage\",\"url\":\"https:\\\/\\\/www.sebastien-auziere.fr\\\/blog\\\/wp-content\\\/uploads\\\/2026\\\/04\\\/Brigitte-et-Emmanuel-Macron-au-Vatican-rencontre-exclusive-avec-le-pape-Leon-XIV-et-echanges-de-cadeaux-decouvrez-tous-les-details.jpg\",\"contentUrl\":\"https:\\\/\\\/www.sebastien-auziere.fr\\\/blog\\\/wp-content\\\/uploads\\\/2026\\\/04\\\/Brigitte-et-Emmanuel-Macron-au-Vatican-rencontre-exclusive-avec-le-pape-Leon-XIV-et-echanges-de-cadeaux-decouvrez-tous-les-details.jpg\",\"width\":2560,\"height\":1429,\"caption\":\"d\u00e9couvrez la rencontre exclusive de brigitte et emmanuel macron avec le pape l\u00e9on xiv au vatican, leurs \u00e9changes de cadeaux et tous les d\u00e9tails de cet \u00e9v\u00e9nement exceptionnel.\"},{\"@type\":\"BreadcrumbList\",\"@id\":\"https:\\\/\\\/www.sebastien-auziere.fr\\\/blog\\\/es\\\/brigitte-y-emmanuel-macron-en-el-vaticano-encuentro-exclusivo-con-el-papa-leon-xiv-e-intercambios-de-regalos-descubre-todos-los-detalles\\\/#breadcrumb\",\"itemListElement\":[{\"@type\":\"ListItem\",\"position\":1,\"name\":\"Home\",\"item\":\"https:\\\/\\\/www.sebastien-auziere.fr\\\/blog\\\/\"},{\"@type\":\"ListItem\",\"position\":2,\"name\":\"Brigitte y Emmanuel Macron en el Vaticano: encuentro exclusivo con el papa Le\u00f3n XIV e intercambios de regalos, descubre todos los detalles\"}]},{\"@type\":\"WebSite\",\"@id\":\"https:\\\/\\\/www.sebastien-auziere.fr\\\/blog\\\/#website\",\"url\":\"https:\\\/\\\/www.sebastien-auziere.fr\\\/blog\\\/\",\"name\":\"Fan site S\u00e9bastien Auzi\u00e8re\",\"description\":\"M\u00e9dia g\u00e9n\u00e9raliste\",\"publisher\":{\"@id\":\"https:\\\/\\\/www.sebastien-auziere.fr\\\/blog\\\/#organization\"},\"potentialAction\":[{\"@type\":\"SearchAction\",\"target\":{\"@type\":\"EntryPoint\",\"urlTemplate\":\"https:\\\/\\\/www.sebastien-auziere.fr\\\/blog\\\/?s={search_term_string}\"},\"query-input\":{\"@type\":\"PropertyValueSpecification\",\"valueRequired\":true,\"valueName\":\"search_term_string\"}}],\"inLanguage\":\"fr-FR\"},{\"@type\":\"Organization\",\"@id\":\"https:\\\/\\\/www.sebastien-auziere.fr\\\/blog\\\/#organization\",\"name\":\"Fan site S\u00e9bastien Auzi\u00e8re\",\"url\":\"https:\\\/\\\/www.sebastien-auziere.fr\\\/blog\\\/\",\"logo\":{\"@type\":\"ImageObject\",\"inLanguage\":\"fr-FR\",\"@id\":\"https:\\\/\\\/www.sebastien-auziere.fr\\\/blog\\\/#\\\/schema\\\/logo\\\/image\\\/\",\"url\":\"https:\\\/\\\/www.sebastien-auziere.fr\\\/blog\\\/wp-content\\\/uploads\\\/2026\\\/03\\\/cropped-cropped-cropped-ChatGPT-Image-6-mars-2026-12_58_09-e1772798376794.jpg\",\"contentUrl\":\"https:\\\/\\\/www.sebastien-auziere.fr\\\/blog\\\/wp-content\\\/uploads\\\/2026\\\/03\\\/cropped-cropped-cropped-ChatGPT-Image-6-mars-2026-12_58_09-e1772798376794.jpg\",\"width\":512,\"height\":360,\"caption\":\"Fan site S\u00e9bastien Auzi\u00e8re\"},\"image\":{\"@id\":\"https:\\\/\\\/www.sebastien-auziere.fr\\\/blog\\\/#\\\/schema\\\/logo\\\/image\\\/\"}},{\"@type\":\"Person\",\"@id\":\"https:\\\/\\\/www.sebastien-auziere.fr\\\/blog\\\/#\\\/schema\\\/person\\\/149f1acdbfd85149c6c3e59adeae2f4d\",\"name\":\"Chloe Gauthier\",\"image\":{\"@type\":\"ImageObject\",\"inLanguage\":\"fr-FR\",\"@id\":\"https:\\\/\\\/secure.gravatar.com\\\/avatar\\\/2c5722f58171cff738a8985ef0dd66b476e563753246a49019befc837ec4201a?s=96&d=mm&r=g\",\"url\":\"https:\\\/\\\/secure.gravatar.com\\\/avatar\\\/2c5722f58171cff738a8985ef0dd66b476e563753246a49019befc837ec4201a?s=96&d=mm&r=g\",\"contentUrl\":\"https:\\\/\\\/secure.gravatar.com\\\/avatar\\\/2c5722f58171cff738a8985ef0dd66b476e563753246a49019befc837ec4201a?s=96&d=mm&r=g\",\"caption\":\"Chloe Gauthier\"},\"description\":\"Passionn\u00e9e par la politique et admiratrice engag\u00e9e de la famille Macron, je consacre mon \u00e9nergie \u00e0 suivre leurs initiatives et \u00e0 promouvoir leurs id\u00e9es. \u00c0 32 ans, je suis convaincue que leur vision est porteuse d'avenir.\",\"url\":\"https:\\\/\\\/www.sebastien-auziere.fr\\\/blog\\\/author\\\/chloe-gauthier\\\/\"}]}<\/script>\n<!-- \/ Yoast SEO plugin. -->","yoast_head_json":{"title":"Brigitte y Emmanuel Macron en el Vaticano: encuentro exclusivo con el papa Le\u00f3n XIV e intercambios de regalos, descubre todos los detalles - Fan site S\u00e9bastien Auzi\u00e8re","description":"Brigitte et Emmanuel Macron au Vatican : rencontre exclusive avec le pape L\u00e9on XIV et \u00e9changes de cadeaux. D\u00e9couvrez tous les d\u00e9tails ici.","robots":{"index":"index","follow":"follow","max-snippet":"max-snippet:-1","max-image-preview":"max-image-preview:large","max-video-preview":"max-video-preview:-1"},"canonical":"https:\/\/www.sebastien-auziere.fr\/blog\/es\/brigitte-y-emmanuel-macron-en-el-vaticano-encuentro-exclusivo-con-el-papa-leon-xiv-e-intercambios-de-regalos-descubre-todos-los-detalles\/","og_locale":"fr_FR","og_type":"article","og_title":"Brigitte y Emmanuel Macron en el Vaticano: encuentro exclusivo con el papa Le\u00f3n XIV e intercambios de regalos, descubre todos los detalles - Fan site S\u00e9bastien Auzi\u00e8re","og_description":"Brigitte et Emmanuel Macron au Vatican : rencontre exclusive avec le pape L\u00e9on XIV et \u00e9changes de cadeaux. D\u00e9couvrez tous les d\u00e9tails ici.","og_url":"https:\/\/www.sebastien-auziere.fr\/blog\/es\/brigitte-y-emmanuel-macron-en-el-vaticano-encuentro-exclusivo-con-el-papa-leon-xiv-e-intercambios-de-regalos-descubre-todos-los-detalles\/","og_site_name":"Fan site S\u00e9bastien Auzi\u00e8re","article_published_time":"2026-04-09T19:11:48+00:00","article_modified_time":"2026-04-09T19:12:09+00:00","og_image":[{"width":2560,"height":1429,"url":"https:\/\/www.sebastien-auziere.fr\/blog\/wp-content\/uploads\/2026\/04\/Brigitte-et-Emmanuel-Macron-au-Vatican-rencontre-exclusive-avec-le-pape-Leon-XIV-et-echanges-de-cadeaux-decouvrez-tous-les-details.jpg","type":"image\/jpeg"}],"author":"Chloe Gauthier","twitter_card":"summary_large_image","twitter_misc":{"\u00c9crit par":"Chloe Gauthier","Dur\u00e9e de lecture estim\u00e9e":"2 minutes"},"schema":{"@context":"https:\/\/schema.org","@graph":[{"@type":"Article","@id":"https:\/\/www.sebastien-auziere.fr\/blog\/es\/brigitte-y-emmanuel-macron-en-el-vaticano-encuentro-exclusivo-con-el-papa-leon-xiv-e-intercambios-de-regalos-descubre-todos-los-detalles\/#article","isPartOf":{"@id":"https:\/\/www.sebastien-auziere.fr\/blog\/es\/brigitte-y-emmanuel-macron-en-el-vaticano-encuentro-exclusivo-con-el-papa-leon-xiv-e-intercambios-de-regalos-descubre-todos-los-detalles\/"},"author":{"name":"Chloe Gauthier","@id":"https:\/\/www.sebastien-auziere.fr\/blog\/#\/schema\/person\/149f1acdbfd85149c6c3e59adeae2f4d"},"headline":"Brigitte y Emmanuel Macron en el Vaticano: encuentro exclusivo con el papa Le\u00f3n XIV e intercambios de regalos, descubre todos los detalles","datePublished":"2026-04-09T19:11:48+00:00","dateModified":"2026-04-09T19:12:09+00:00","mainEntityOfPage":{"@id":"https:\/\/www.sebastien-auziere.fr\/blog\/es\/brigitte-y-emmanuel-macron-en-el-vaticano-encuentro-exclusivo-con-el-papa-leon-xiv-e-intercambios-de-regalos-descubre-todos-los-detalles\/"},"wordCount":499,"commentCount":0,"publisher":{"@id":"https:\/\/www.sebastien-auziere.fr\/blog\/#organization"},"image":{"@id":"https:\/\/www.sebastien-auziere.fr\/blog\/es\/brigitte-y-emmanuel-macron-en-el-vaticano-encuentro-exclusivo-con-el-papa-leon-xiv-e-intercambios-de-regalos-descubre-todos-los-detalles\/#primaryimage"},"thumbnailUrl":"https:\/\/www.sebastien-auziere.fr\/blog\/wp-content\/uploads\/2026\/04\/Brigitte-et-Emmanuel-Macron-au-Vatican-rencontre-exclusive-avec-le-pape-Leon-XIV-et-echanges-de-cadeaux-decouvrez-tous-les-details.jpg","keywords":["brigitte macron","emmanuel macron","encuentro papal","papa le\u00f3n xiv","vaticano"],"articleSection":["Actualidades"],"inLanguage":"fr-FR","potentialAction":[{"@type":"CommentAction","name":"Comment","target":["https:\/\/www.sebastien-auziere.fr\/blog\/es\/brigitte-y-emmanuel-macron-en-el-vaticano-encuentro-exclusivo-con-el-papa-leon-xiv-e-intercambios-de-regalos-descubre-todos-los-detalles\/#respond"]}]},{"@type":"WebPage","@id":"https:\/\/www.sebastien-auziere.fr\/blog\/es\/brigitte-y-emmanuel-macron-en-el-vaticano-encuentro-exclusivo-con-el-papa-leon-xiv-e-intercambios-de-regalos-descubre-todos-los-detalles\/","url":"https:\/\/www.sebastien-auziere.fr\/blog\/es\/brigitte-y-emmanuel-macron-en-el-vaticano-encuentro-exclusivo-con-el-papa-leon-xiv-e-intercambios-de-regalos-descubre-todos-los-detalles\/","name":"Brigitte y Emmanuel Macron en el Vaticano: encuentro exclusivo con el papa Le\u00f3n XIV e intercambios de regalos, descubre todos los detalles - Fan site S\u00e9bastien Auzi\u00e8re","isPartOf":{"@id":"https:\/\/www.sebastien-auziere.fr\/blog\/#website"},"primaryImageOfPage":{"@id":"https:\/\/www.sebastien-auziere.fr\/blog\/es\/brigitte-y-emmanuel-macron-en-el-vaticano-encuentro-exclusivo-con-el-papa-leon-xiv-e-intercambios-de-regalos-descubre-todos-los-detalles\/#primaryimage"},"image":{"@id":"https:\/\/www.sebastien-auziere.fr\/blog\/es\/brigitte-y-emmanuel-macron-en-el-vaticano-encuentro-exclusivo-con-el-papa-leon-xiv-e-intercambios-de-regalos-descubre-todos-los-detalles\/#primaryimage"},"thumbnailUrl":"https:\/\/www.sebastien-auziere.fr\/blog\/wp-content\/uploads\/2026\/04\/Brigitte-et-Emmanuel-Macron-au-Vatican-rencontre-exclusive-avec-le-pape-Leon-XIV-et-echanges-de-cadeaux-decouvrez-tous-les-details.jpg","datePublished":"2026-04-09T19:11:48+00:00","dateModified":"2026-04-09T19:12:09+00:00","description":"Brigitte et Emmanuel Macron au Vatican : rencontre exclusive avec le pape L\u00e9on XIV et \u00e9changes de cadeaux. D\u00e9couvrez tous les d\u00e9tails ici.","breadcrumb":{"@id":"https:\/\/www.sebastien-auziere.fr\/blog\/es\/brigitte-y-emmanuel-macron-en-el-vaticano-encuentro-exclusivo-con-el-papa-leon-xiv-e-intercambios-de-regalos-descubre-todos-los-detalles\/#breadcrumb"},"inLanguage":"fr-FR","potentialAction":[{"@type":"ReadAction","target":["https:\/\/www.sebastien-auziere.fr\/blog\/es\/brigitte-y-emmanuel-macron-en-el-vaticano-encuentro-exclusivo-con-el-papa-leon-xiv-e-intercambios-de-regalos-descubre-todos-los-detalles\/"]}]},{"@type":"ImageObject","inLanguage":"fr-FR","@id":"https:\/\/www.sebastien-auziere.fr\/blog\/es\/brigitte-y-emmanuel-macron-en-el-vaticano-encuentro-exclusivo-con-el-papa-leon-xiv-e-intercambios-de-regalos-descubre-todos-los-detalles\/#primaryimage","url":"https:\/\/www.sebastien-auziere.fr\/blog\/wp-content\/uploads\/2026\/04\/Brigitte-et-Emmanuel-Macron-au-Vatican-rencontre-exclusive-avec-le-pape-Leon-XIV-et-echanges-de-cadeaux-decouvrez-tous-les-details.jpg","contentUrl":"https:\/\/www.sebastien-auziere.fr\/blog\/wp-content\/uploads\/2026\/04\/Brigitte-et-Emmanuel-Macron-au-Vatican-rencontre-exclusive-avec-le-pape-Leon-XIV-et-echanges-de-cadeaux-decouvrez-tous-les-details.jpg","width":2560,"height":1429,"caption":"d\u00e9couvrez la rencontre exclusive de brigitte et emmanuel macron avec le pape l\u00e9on xiv au vatican, leurs \u00e9changes de cadeaux et tous les d\u00e9tails de cet \u00e9v\u00e9nement exceptionnel."},{"@type":"BreadcrumbList","@id":"https:\/\/www.sebastien-auziere.fr\/blog\/es\/brigitte-y-emmanuel-macron-en-el-vaticano-encuentro-exclusivo-con-el-papa-leon-xiv-e-intercambios-de-regalos-descubre-todos-los-detalles\/#breadcrumb","itemListElement":[{"@type":"ListItem","position":1,"name":"Home","item":"https:\/\/www.sebastien-auziere.fr\/blog\/"},{"@type":"ListItem","position":2,"name":"Brigitte y Emmanuel Macron en el Vaticano: encuentro exclusivo con el papa Le\u00f3n XIV e intercambios de regalos, descubre todos los detalles"}]},{"@type":"WebSite","@id":"https:\/\/www.sebastien-auziere.fr\/blog\/#website","url":"https:\/\/www.sebastien-auziere.fr\/blog\/","name":"Fan site S\u00e9bastien Auzi\u00e8re","description":"M\u00e9dia g\u00e9n\u00e9raliste","publisher":{"@id":"https:\/\/www.sebastien-auziere.fr\/blog\/#organization"},"potentialAction":[{"@type":"SearchAction","target":{"@type":"EntryPoint","urlTemplate":"https:\/\/www.sebastien-auziere.fr\/blog\/?s={search_term_string}"},"query-input":{"@type":"PropertyValueSpecification","valueRequired":true,"valueName":"search_term_string"}}],"inLanguage":"fr-FR"},{"@type":"Organization","@id":"https:\/\/www.sebastien-auziere.fr\/blog\/#organization","name":"Fan site S\u00e9bastien Auzi\u00e8re","url":"https:\/\/www.sebastien-auziere.fr\/blog\/","logo":{"@type":"ImageObject","inLanguage":"fr-FR","@id":"https:\/\/www.sebastien-auziere.fr\/blog\/#\/schema\/logo\/image\/","url":"https:\/\/www.sebastien-auziere.fr\/blog\/wp-content\/uploads\/2026\/03\/cropped-cropped-cropped-ChatGPT-Image-6-mars-2026-12_58_09-e1772798376794.jpg","contentUrl":"https:\/\/www.sebastien-auziere.fr\/blog\/wp-content\/uploads\/2026\/03\/cropped-cropped-cropped-ChatGPT-Image-6-mars-2026-12_58_09-e1772798376794.jpg","width":512,"height":360,"caption":"Fan site S\u00e9bastien Auzi\u00e8re"},"image":{"@id":"https:\/\/www.sebastien-auziere.fr\/blog\/#\/schema\/logo\/image\/"}},{"@type":"Person","@id":"https:\/\/www.sebastien-auziere.fr\/blog\/#\/schema\/person\/149f1acdbfd85149c6c3e59adeae2f4d","name":"Chloe Gauthier","image":{"@type":"ImageObject","inLanguage":"fr-FR","@id":"https:\/\/secure.gravatar.com\/avatar\/2c5722f58171cff738a8985ef0dd66b476e563753246a49019befc837ec4201a?s=96&d=mm&r=g","url":"https:\/\/secure.gravatar.com\/avatar\/2c5722f58171cff738a8985ef0dd66b476e563753246a49019befc837ec4201a?s=96&d=mm&r=g","contentUrl":"https:\/\/secure.gravatar.com\/avatar\/2c5722f58171cff738a8985ef0dd66b476e563753246a49019befc837ec4201a?s=96&d=mm&r=g","caption":"Chloe Gauthier"},"description":"Passionn\u00e9e par la politique et admiratrice engag\u00e9e de la famille Macron, je consacre mon \u00e9nergie \u00e0 suivre leurs initiatives et \u00e0 promouvoir leurs id\u00e9es. \u00c0 32 ans, je suis convaincue que leur vision est porteuse d'avenir.","url":"https:\/\/www.sebastien-auziere.fr\/blog\/author\/chloe-gauthier\/"}]}},"views":6,"_links":{"self":[{"href":"https:\/\/www.sebastien-auziere.fr\/blog\/wp-json\/wp\/v2\/posts\/2896","targetHints":{"allow":["GET"]}}],"collection":[{"href":"https:\/\/www.sebastien-auziere.fr\/blog\/wp-json\/wp\/v2\/posts"}],"about":[{"href":"https:\/\/www.sebastien-auziere.fr\/blog\/wp-json\/wp\/v2\/types\/post"}],"author":[{"embeddable":true,"href":"https:\/\/www.sebastien-auziere.fr\/blog\/wp-json\/wp\/v2\/users\/9"}],"replies":[{"embeddable":true,"href":"https:\/\/www.sebastien-auziere.fr\/blog\/wp-json\/wp\/v2\/comments?post=2896"}],"version-history":[{"count":1,"href":"https:\/\/www.sebastien-auziere.fr\/blog\/wp-json\/wp\/v2\/posts\/2896\/revisions"}],"predecessor-version":[{"id":2897,"href":"https:\/\/www.sebastien-auziere.fr\/blog\/wp-json\/wp\/v2\/posts\/2896\/revisions\/2897"}],"wp:featuredmedia":[{"embeddable":true,"href":"https:\/\/www.sebastien-auziere.fr\/blog\/wp-json\/wp\/v2\/media\/2892"}],"wp:attachment":[{"href":"https:\/\/www.sebastien-auziere.fr\/blog\/wp-json\/wp\/v2\/media?parent=2896"}],"wp:term":[{"taxonomy":"category","embeddable":true,"href":"https:\/\/www.sebastien-auziere.fr\/blog\/wp-json\/wp\/v2\/categories?post=2896"},{"taxonomy":"post_tag","embeddable":true,"href":"https:\/\/www.sebastien-auziere.fr\/blog\/wp-json\/wp\/v2\/tags?post=2896"}],"curies":[{"name":"wp","href":"https:\/\/api.w.org\/{rel}","templated":true}]}}