{"id":2894,"date":"2026-04-09T19:11:26","date_gmt":"2026-04-09T19:11:26","guid":{"rendered":"https:\/\/www.sebastien-auziere.fr\/blog\/?p=2894"},"modified":"2026-04-09T19:11:48","modified_gmt":"2026-04-09T19:11:48","slug":"brigitte-and-emmanuel-macron-at-the-vatican-exclusive-meeting-with-pope-leo-xiv-and-gift-exchanges-discover-all-the-details","status":"publish","type":"post","link":"https:\/\/www.sebastien-auziere.fr\/blog\/en\/brigitte-and-emmanuel-macron-at-the-vatican-exclusive-meeting-with-pope-leo-xiv-and-gift-exchanges-discover-all-the-details\/","title":{"rendered":"Brigitte and Emmanuel Macron at the Vatican: exclusive meeting with Pope Leo XIV and gift exchanges, discover all the details"},"content":{"rendered":"<p><strong>Brigitte Macron<\/strong> and <strong>Emmanuel Macron<\/strong> will be received at the <strong>Vatican<\/strong> on <strong>April 10<\/strong> for an <strong>exclusive meeting<\/strong> with <strong>Pope Leo XIV<\/strong>, elected in May 2025. According to the \u00c9lys\u00e9e, the official visit will include <strong>gift exchanges<\/strong> blending French cultural heritage and nods to the personal history of the pontiff.<\/p>\n\n<p>This private audience, the first between <strong>Macron<\/strong> and Leo XIV, comes in a busy diplomatic context: multilateralism, climate, artificial intelligence, and humanitarian issues are on the agenda. For more practical details on the announced schedule, refer to <a href=\"https:\/\/www.lemonde.fr\/international\/article\/2026\/04\/01\/emmanuel-macron-se-rendra-au-vatican-les-9-et-10-avril-pour-rencontrer-leon-xiv_6675939_3210.html\">this article<\/a>.<\/p>\n\n<h2 class=\"wp-block-heading\"><strong>Diplomatic context of the Vatican visit<\/strong><\/h2>\n\n<p>The visit on April 9 and 10 marks <strong>Emmanuel Macron<\/strong>&lsquo;s fifth presence at the <strong>Vatican<\/strong> (after 2018, 2021, 2022, and the spring of 2025 during the funeral of Pope Francis). The audience on April 10 is presented as a possible t\u00eate-\u00e0-t\u00eate at the apostolic palace, intended to \u00ab\u00a0deliver a series of messages,\u00a0\u00bb according to the presidency. To follow the official announcement and schedule, keep an eye on the national press report.<\/p>\n\n<h3 class=\"wp-block-heading\"><strong>Topics discussed and stakes<\/strong><\/h3>\n\n<p>The topics mentioned include <strong>diplomacy<\/strong>, the fight against poverty, protection of the planet, and humanitarian stakes. The meeting comes three days before the historic visit of <strong>Pope Leo XIV<\/strong> to Algeria, which could lead to discussions on sensitive issues such as the detention of journalist Christophe Gleizes since June 2025. In Rome, Emmanuel Macron will also meet informal diplomatic actors from the Holy See to prepare for these discussions.<\/p>\n\n<h2 class=\"wp-block-heading\"><strong>Gift exchanges and symbols<\/strong><\/h2>\n\n<p>In accordance with diplomatic tradition, the French delegation will offer several gifts to the pope, chosen \u00ab\u00a0between French cultural heritage and personal references,\u00a0\u00bb noted the \u00c9lys\u00e9e. The composition of the delegation, which includes personalities like Jean\u2011Marc Sauv\u00e9, sends a strong signal about the desire to address ethical and memory issues within the Church. These symbolic gestures aim to strengthen <strong>international relations<\/strong> between France and the Holy See.<\/p>\n\n<h3 class=\"wp-block-heading\"><strong>Consequences for current political events and international relations<\/strong><\/h3>\n\n<p>Beyond the protocol, this official visit could influence positions on multilateralism and humanitarian cooperation, priority areas for both parties since the election of the American pope born in Chicago. The upcoming months, especially with the papal visit to Algeria, will allow us to gauge the concrete impact of these discussions on the international stage and on France&rsquo;s image in Europe.<\/p>\n\n<p>To learn more about the behind-the-scenes of this visit and delve into the role of the presidential couple&rsquo;s close associates, consult the complete file dedicated to <strong>S\u00e9bastien Auzi\u00e8re<\/strong> and the Macron family on <a href=\"https:\/\/www.sebastien-auziere.fr\/blog\/brigitte-macron-vatican\/\">the dedicated site<\/a>.<\/p>","protected":false},"excerpt":{"rendered":"<p>Brigitte Macron and Emmanuel Macron will be received at the Vatican on April 10 for an exclusive meeting with Pope Leo XIV, elected in May 2025. According to the \u00c9lys\u00e9e, the official visit will include gift exchanges blending French cultural heritage and nods to the personal history of the pontiff. This private audience, the first &#8230; <a title=\"Brigitte and Emmanuel Macron at the Vatican: exclusive meeting with Pope Leo XIV and gift exchanges, discover all the details\" class=\"read-more\" href=\"https:\/\/www.sebastien-auziere.fr\/blog\/en\/brigitte-and-emmanuel-macron-at-the-vatican-exclusive-meeting-with-pope-leo-xiv-and-gift-exchanges-discover-all-the-details\/\" aria-label=\"En savoir plus sur Brigitte and Emmanuel Macron at the Vatican: exclusive meeting with Pope Leo XIV and gift exchanges, discover all the details\">Lire plus<\/a><\/p>\n","protected":false},"author":9,"featured_media":2892,"comment_status":"open","ping_status":"open","sticky":false,"template":"","format":"standard","meta":{"footnotes":""},"categories":[816],"tags":[898,1153,2359,2119,2122],"class_list":["post-2894","post","type-post","status-publish","format-standard","has-post-thumbnail","hentry","category-news","tag-brigitte-macron-en","tag-emmanuel-macron-en","tag-meeting-with-the-pope-en","tag-pape-leon-xiv-en","tag-vatican-en"],"yoast_head":"<!-- This site is optimized with the Yoast SEO plugin v27.5 - https:\/\/yoast.com\/product\/yoast-seo-wordpress\/ -->\n<title>Brigitte and Emmanuel Macron at the Vatican: exclusive meeting with Pope Leo XIV and gift exchanges, discover all the details - Fan site S\u00e9bastien Auzi\u00e8re<\/title>\n<meta name=\"description\" content=\"Brigitte et Emmanuel Macron au Vatican : rencontre exclusive avec le pape L\u00e9on XIV et \u00e9changes de cadeaux. D\u00e9couvrez tous les d\u00e9tails ici.\" \/>\n<meta name=\"robots\" content=\"index, follow, max-snippet:-1, max-image-preview:large, max-video-preview:-1\" \/>\n<link rel=\"canonical\" href=\"https:\/\/www.sebastien-auziere.fr\/blog\/en\/brigitte-and-emmanuel-macron-at-the-vatican-exclusive-meeting-with-pope-leo-xiv-and-gift-exchanges-discover-all-the-details\/\" \/>\n<meta property=\"og:locale\" content=\"fr_FR\" \/>\n<meta property=\"og:type\" content=\"article\" \/>\n<meta property=\"og:title\" content=\"Brigitte and Emmanuel Macron at the Vatican: exclusive meeting with Pope Leo XIV and gift exchanges, discover all the details - Fan site S\u00e9bastien Auzi\u00e8re\" \/>\n<meta property=\"og:description\" content=\"Brigitte et Emmanuel Macron au Vatican : rencontre exclusive avec le pape L\u00e9on XIV et \u00e9changes de cadeaux. D\u00e9couvrez tous les d\u00e9tails ici.\" \/>\n<meta property=\"og:url\" content=\"https:\/\/www.sebastien-auziere.fr\/blog\/en\/brigitte-and-emmanuel-macron-at-the-vatican-exclusive-meeting-with-pope-leo-xiv-and-gift-exchanges-discover-all-the-details\/\" \/>\n<meta property=\"og:site_name\" content=\"Fan site S\u00e9bastien Auzi\u00e8re\" \/>\n<meta property=\"article:published_time\" content=\"2026-04-09T19:11:26+00:00\" \/>\n<meta property=\"article:modified_time\" content=\"2026-04-09T19:11:48+00:00\" \/>\n<meta property=\"og:image\" content=\"https:\/\/www.sebastien-auziere.fr\/blog\/wp-content\/uploads\/2026\/04\/Brigitte-et-Emmanuel-Macron-au-Vatican-rencontre-exclusive-avec-le-pape-Leon-XIV-et-echanges-de-cadeaux-decouvrez-tous-les-details.jpg\" \/>\n\t<meta property=\"og:image:width\" content=\"2560\" \/>\n\t<meta property=\"og:image:height\" content=\"1429\" \/>\n\t<meta property=\"og:image:type\" content=\"image\/jpeg\" \/>\n<meta name=\"author\" content=\"Chloe Gauthier\" \/>\n<meta name=\"twitter:card\" content=\"summary_large_image\" \/>\n<meta name=\"twitter:label1\" content=\"\u00c9crit par\" \/>\n\t<meta name=\"twitter:data1\" content=\"Chloe Gauthier\" \/>\n\t<meta name=\"twitter:label2\" content=\"Dur\u00e9e de lecture estim\u00e9e\" \/>\n\t<meta name=\"twitter:data2\" content=\"2 minutes\" \/>\n<script type=\"application\/ld+json\" class=\"yoast-schema-graph\">{\"@context\":\"https:\\\/\\\/schema.org\",\"@graph\":[{\"@type\":\"Article\",\"@id\":\"https:\\\/\\\/www.sebastien-auziere.fr\\\/blog\\\/en\\\/brigitte-and-emmanuel-macron-at-the-vatican-exclusive-meeting-with-pope-leo-xiv-and-gift-exchanges-discover-all-the-details\\\/#article\",\"isPartOf\":{\"@id\":\"https:\\\/\\\/www.sebastien-auziere.fr\\\/blog\\\/en\\\/brigitte-and-emmanuel-macron-at-the-vatican-exclusive-meeting-with-pope-leo-xiv-and-gift-exchanges-discover-all-the-details\\\/\"},\"author\":{\"name\":\"Chloe Gauthier\",\"@id\":\"https:\\\/\\\/www.sebastien-auziere.fr\\\/blog\\\/#\\\/schema\\\/person\\\/149f1acdbfd85149c6c3e59adeae2f4d\"},\"headline\":\"Brigitte and Emmanuel Macron at the Vatican: exclusive meeting with Pope Leo XIV and gift exchanges, discover all the details\",\"datePublished\":\"2026-04-09T19:11:26+00:00\",\"dateModified\":\"2026-04-09T19:11:48+00:00\",\"mainEntityOfPage\":{\"@id\":\"https:\\\/\\\/www.sebastien-auziere.fr\\\/blog\\\/en\\\/brigitte-and-emmanuel-macron-at-the-vatican-exclusive-meeting-with-pope-leo-xiv-and-gift-exchanges-discover-all-the-details\\\/\"},\"wordCount\":432,\"commentCount\":0,\"publisher\":{\"@id\":\"https:\\\/\\\/www.sebastien-auziere.fr\\\/blog\\\/#organization\"},\"image\":{\"@id\":\"https:\\\/\\\/www.sebastien-auziere.fr\\\/blog\\\/en\\\/brigitte-and-emmanuel-macron-at-the-vatican-exclusive-meeting-with-pope-leo-xiv-and-gift-exchanges-discover-all-the-details\\\/#primaryimage\"},\"thumbnailUrl\":\"https:\\\/\\\/www.sebastien-auziere.fr\\\/blog\\\/wp-content\\\/uploads\\\/2026\\\/04\\\/Brigitte-et-Emmanuel-Macron-au-Vatican-rencontre-exclusive-avec-le-pape-Leon-XIV-et-echanges-de-cadeaux-decouvrez-tous-les-details.jpg\",\"keywords\":[\"brigitte macron\",\"emmanuel macron\",\"meeting with the pope\",\"pape L\u00e9on XIV\",\"vatican\"],\"articleSection\":[\"News\"],\"inLanguage\":\"fr-FR\",\"potentialAction\":[{\"@type\":\"CommentAction\",\"name\":\"Comment\",\"target\":[\"https:\\\/\\\/www.sebastien-auziere.fr\\\/blog\\\/en\\\/brigitte-and-emmanuel-macron-at-the-vatican-exclusive-meeting-with-pope-leo-xiv-and-gift-exchanges-discover-all-the-details\\\/#respond\"]}]},{\"@type\":\"WebPage\",\"@id\":\"https:\\\/\\\/www.sebastien-auziere.fr\\\/blog\\\/en\\\/brigitte-and-emmanuel-macron-at-the-vatican-exclusive-meeting-with-pope-leo-xiv-and-gift-exchanges-discover-all-the-details\\\/\",\"url\":\"https:\\\/\\\/www.sebastien-auziere.fr\\\/blog\\\/en\\\/brigitte-and-emmanuel-macron-at-the-vatican-exclusive-meeting-with-pope-leo-xiv-and-gift-exchanges-discover-all-the-details\\\/\",\"name\":\"Brigitte and Emmanuel Macron at the Vatican: exclusive meeting with Pope Leo XIV and gift exchanges, discover all the details - Fan site S\u00e9bastien Auzi\u00e8re\",\"isPartOf\":{\"@id\":\"https:\\\/\\\/www.sebastien-auziere.fr\\\/blog\\\/#website\"},\"primaryImageOfPage\":{\"@id\":\"https:\\\/\\\/www.sebastien-auziere.fr\\\/blog\\\/en\\\/brigitte-and-emmanuel-macron-at-the-vatican-exclusive-meeting-with-pope-leo-xiv-and-gift-exchanges-discover-all-the-details\\\/#primaryimage\"},\"image\":{\"@id\":\"https:\\\/\\\/www.sebastien-auziere.fr\\\/blog\\\/en\\\/brigitte-and-emmanuel-macron-at-the-vatican-exclusive-meeting-with-pope-leo-xiv-and-gift-exchanges-discover-all-the-details\\\/#primaryimage\"},\"thumbnailUrl\":\"https:\\\/\\\/www.sebastien-auziere.fr\\\/blog\\\/wp-content\\\/uploads\\\/2026\\\/04\\\/Brigitte-et-Emmanuel-Macron-au-Vatican-rencontre-exclusive-avec-le-pape-Leon-XIV-et-echanges-de-cadeaux-decouvrez-tous-les-details.jpg\",\"datePublished\":\"2026-04-09T19:11:26+00:00\",\"dateModified\":\"2026-04-09T19:11:48+00:00\",\"description\":\"Brigitte et Emmanuel Macron au Vatican : rencontre exclusive avec le pape L\u00e9on XIV et \u00e9changes de cadeaux. D\u00e9couvrez tous les d\u00e9tails ici.\",\"breadcrumb\":{\"@id\":\"https:\\\/\\\/www.sebastien-auziere.fr\\\/blog\\\/en\\\/brigitte-and-emmanuel-macron-at-the-vatican-exclusive-meeting-with-pope-leo-xiv-and-gift-exchanges-discover-all-the-details\\\/#breadcrumb\"},\"inLanguage\":\"fr-FR\",\"potentialAction\":[{\"@type\":\"ReadAction\",\"target\":[\"https:\\\/\\\/www.sebastien-auziere.fr\\\/blog\\\/en\\\/brigitte-and-emmanuel-macron-at-the-vatican-exclusive-meeting-with-pope-leo-xiv-and-gift-exchanges-discover-all-the-details\\\/\"]}]},{\"@type\":\"ImageObject\",\"inLanguage\":\"fr-FR\",\"@id\":\"https:\\\/\\\/www.sebastien-auziere.fr\\\/blog\\\/en\\\/brigitte-and-emmanuel-macron-at-the-vatican-exclusive-meeting-with-pope-leo-xiv-and-gift-exchanges-discover-all-the-details\\\/#primaryimage\",\"url\":\"https:\\\/\\\/www.sebastien-auziere.fr\\\/blog\\\/wp-content\\\/uploads\\\/2026\\\/04\\\/Brigitte-et-Emmanuel-Macron-au-Vatican-rencontre-exclusive-avec-le-pape-Leon-XIV-et-echanges-de-cadeaux-decouvrez-tous-les-details.jpg\",\"contentUrl\":\"https:\\\/\\\/www.sebastien-auziere.fr\\\/blog\\\/wp-content\\\/uploads\\\/2026\\\/04\\\/Brigitte-et-Emmanuel-Macron-au-Vatican-rencontre-exclusive-avec-le-pape-Leon-XIV-et-echanges-de-cadeaux-decouvrez-tous-les-details.jpg\",\"width\":2560,\"height\":1429,\"caption\":\"d\u00e9couvrez la rencontre exclusive de brigitte et emmanuel macron avec le pape l\u00e9on xiv au vatican, leurs \u00e9changes de cadeaux et tous les d\u00e9tails de cet \u00e9v\u00e9nement exceptionnel.\"},{\"@type\":\"BreadcrumbList\",\"@id\":\"https:\\\/\\\/www.sebastien-auziere.fr\\\/blog\\\/en\\\/brigitte-and-emmanuel-macron-at-the-vatican-exclusive-meeting-with-pope-leo-xiv-and-gift-exchanges-discover-all-the-details\\\/#breadcrumb\",\"itemListElement\":[{\"@type\":\"ListItem\",\"position\":1,\"name\":\"Home\",\"item\":\"https:\\\/\\\/www.sebastien-auziere.fr\\\/blog\\\/\"},{\"@type\":\"ListItem\",\"position\":2,\"name\":\"Brigitte and Emmanuel Macron at the Vatican: exclusive meeting with Pope Leo XIV and gift exchanges, discover all the details\"}]},{\"@type\":\"WebSite\",\"@id\":\"https:\\\/\\\/www.sebastien-auziere.fr\\\/blog\\\/#website\",\"url\":\"https:\\\/\\\/www.sebastien-auziere.fr\\\/blog\\\/\",\"name\":\"Fan site S\u00e9bastien Auzi\u00e8re\",\"description\":\"M\u00e9dia g\u00e9n\u00e9raliste\",\"publisher\":{\"@id\":\"https:\\\/\\\/www.sebastien-auziere.fr\\\/blog\\\/#organization\"},\"potentialAction\":[{\"@type\":\"SearchAction\",\"target\":{\"@type\":\"EntryPoint\",\"urlTemplate\":\"https:\\\/\\\/www.sebastien-auziere.fr\\\/blog\\\/?s={search_term_string}\"},\"query-input\":{\"@type\":\"PropertyValueSpecification\",\"valueRequired\":true,\"valueName\":\"search_term_string\"}}],\"inLanguage\":\"fr-FR\"},{\"@type\":\"Organization\",\"@id\":\"https:\\\/\\\/www.sebastien-auziere.fr\\\/blog\\\/#organization\",\"name\":\"Fan site S\u00e9bastien Auzi\u00e8re\",\"url\":\"https:\\\/\\\/www.sebastien-auziere.fr\\\/blog\\\/\",\"logo\":{\"@type\":\"ImageObject\",\"inLanguage\":\"fr-FR\",\"@id\":\"https:\\\/\\\/www.sebastien-auziere.fr\\\/blog\\\/#\\\/schema\\\/logo\\\/image\\\/\",\"url\":\"https:\\\/\\\/www.sebastien-auziere.fr\\\/blog\\\/wp-content\\\/uploads\\\/2026\\\/03\\\/cropped-cropped-cropped-ChatGPT-Image-6-mars-2026-12_58_09-e1772798376794.jpg\",\"contentUrl\":\"https:\\\/\\\/www.sebastien-auziere.fr\\\/blog\\\/wp-content\\\/uploads\\\/2026\\\/03\\\/cropped-cropped-cropped-ChatGPT-Image-6-mars-2026-12_58_09-e1772798376794.jpg\",\"width\":512,\"height\":360,\"caption\":\"Fan site S\u00e9bastien Auzi\u00e8re\"},\"image\":{\"@id\":\"https:\\\/\\\/www.sebastien-auziere.fr\\\/blog\\\/#\\\/schema\\\/logo\\\/image\\\/\"}},{\"@type\":\"Person\",\"@id\":\"https:\\\/\\\/www.sebastien-auziere.fr\\\/blog\\\/#\\\/schema\\\/person\\\/149f1acdbfd85149c6c3e59adeae2f4d\",\"name\":\"Chloe Gauthier\",\"image\":{\"@type\":\"ImageObject\",\"inLanguage\":\"fr-FR\",\"@id\":\"https:\\\/\\\/secure.gravatar.com\\\/avatar\\\/2c5722f58171cff738a8985ef0dd66b476e563753246a49019befc837ec4201a?s=96&d=mm&r=g\",\"url\":\"https:\\\/\\\/secure.gravatar.com\\\/avatar\\\/2c5722f58171cff738a8985ef0dd66b476e563753246a49019befc837ec4201a?s=96&d=mm&r=g\",\"contentUrl\":\"https:\\\/\\\/secure.gravatar.com\\\/avatar\\\/2c5722f58171cff738a8985ef0dd66b476e563753246a49019befc837ec4201a?s=96&d=mm&r=g\",\"caption\":\"Chloe Gauthier\"},\"description\":\"Passionn\u00e9e par la politique et admiratrice engag\u00e9e de la famille Macron, je consacre mon \u00e9nergie \u00e0 suivre leurs initiatives et \u00e0 promouvoir leurs id\u00e9es. \u00c0 32 ans, je suis convaincue que leur vision est porteuse d'avenir.\",\"url\":\"https:\\\/\\\/www.sebastien-auziere.fr\\\/blog\\\/author\\\/chloe-gauthier\\\/\"}]}<\/script>\n<!-- \/ Yoast SEO plugin. -->","yoast_head_json":{"title":"Brigitte and Emmanuel Macron at the Vatican: exclusive meeting with Pope Leo XIV and gift exchanges, discover all the details - Fan site S\u00e9bastien Auzi\u00e8re","description":"Brigitte et Emmanuel Macron au Vatican : rencontre exclusive avec le pape L\u00e9on XIV et \u00e9changes de cadeaux. D\u00e9couvrez tous les d\u00e9tails ici.","robots":{"index":"index","follow":"follow","max-snippet":"max-snippet:-1","max-image-preview":"max-image-preview:large","max-video-preview":"max-video-preview:-1"},"canonical":"https:\/\/www.sebastien-auziere.fr\/blog\/en\/brigitte-and-emmanuel-macron-at-the-vatican-exclusive-meeting-with-pope-leo-xiv-and-gift-exchanges-discover-all-the-details\/","og_locale":"fr_FR","og_type":"article","og_title":"Brigitte and Emmanuel Macron at the Vatican: exclusive meeting with Pope Leo XIV and gift exchanges, discover all the details - Fan site S\u00e9bastien Auzi\u00e8re","og_description":"Brigitte et Emmanuel Macron au Vatican : rencontre exclusive avec le pape L\u00e9on XIV et \u00e9changes de cadeaux. D\u00e9couvrez tous les d\u00e9tails ici.","og_url":"https:\/\/www.sebastien-auziere.fr\/blog\/en\/brigitte-and-emmanuel-macron-at-the-vatican-exclusive-meeting-with-pope-leo-xiv-and-gift-exchanges-discover-all-the-details\/","og_site_name":"Fan site S\u00e9bastien Auzi\u00e8re","article_published_time":"2026-04-09T19:11:26+00:00","article_modified_time":"2026-04-09T19:11:48+00:00","og_image":[{"width":2560,"height":1429,"url":"https:\/\/www.sebastien-auziere.fr\/blog\/wp-content\/uploads\/2026\/04\/Brigitte-et-Emmanuel-Macron-au-Vatican-rencontre-exclusive-avec-le-pape-Leon-XIV-et-echanges-de-cadeaux-decouvrez-tous-les-details.jpg","type":"image\/jpeg"}],"author":"Chloe Gauthier","twitter_card":"summary_large_image","twitter_misc":{"\u00c9crit par":"Chloe Gauthier","Dur\u00e9e de lecture estim\u00e9e":"2 minutes"},"schema":{"@context":"https:\/\/schema.org","@graph":[{"@type":"Article","@id":"https:\/\/www.sebastien-auziere.fr\/blog\/en\/brigitte-and-emmanuel-macron-at-the-vatican-exclusive-meeting-with-pope-leo-xiv-and-gift-exchanges-discover-all-the-details\/#article","isPartOf":{"@id":"https:\/\/www.sebastien-auziere.fr\/blog\/en\/brigitte-and-emmanuel-macron-at-the-vatican-exclusive-meeting-with-pope-leo-xiv-and-gift-exchanges-discover-all-the-details\/"},"author":{"name":"Chloe Gauthier","@id":"https:\/\/www.sebastien-auziere.fr\/blog\/#\/schema\/person\/149f1acdbfd85149c6c3e59adeae2f4d"},"headline":"Brigitte and Emmanuel Macron at the Vatican: exclusive meeting with Pope Leo XIV and gift exchanges, discover all the details","datePublished":"2026-04-09T19:11:26+00:00","dateModified":"2026-04-09T19:11:48+00:00","mainEntityOfPage":{"@id":"https:\/\/www.sebastien-auziere.fr\/blog\/en\/brigitte-and-emmanuel-macron-at-the-vatican-exclusive-meeting-with-pope-leo-xiv-and-gift-exchanges-discover-all-the-details\/"},"wordCount":432,"commentCount":0,"publisher":{"@id":"https:\/\/www.sebastien-auziere.fr\/blog\/#organization"},"image":{"@id":"https:\/\/www.sebastien-auziere.fr\/blog\/en\/brigitte-and-emmanuel-macron-at-the-vatican-exclusive-meeting-with-pope-leo-xiv-and-gift-exchanges-discover-all-the-details\/#primaryimage"},"thumbnailUrl":"https:\/\/www.sebastien-auziere.fr\/blog\/wp-content\/uploads\/2026\/04\/Brigitte-et-Emmanuel-Macron-au-Vatican-rencontre-exclusive-avec-le-pape-Leon-XIV-et-echanges-de-cadeaux-decouvrez-tous-les-details.jpg","keywords":["brigitte macron","emmanuel macron","meeting with the pope","pape L\u00e9on XIV","vatican"],"articleSection":["News"],"inLanguage":"fr-FR","potentialAction":[{"@type":"CommentAction","name":"Comment","target":["https:\/\/www.sebastien-auziere.fr\/blog\/en\/brigitte-and-emmanuel-macron-at-the-vatican-exclusive-meeting-with-pope-leo-xiv-and-gift-exchanges-discover-all-the-details\/#respond"]}]},{"@type":"WebPage","@id":"https:\/\/www.sebastien-auziere.fr\/blog\/en\/brigitte-and-emmanuel-macron-at-the-vatican-exclusive-meeting-with-pope-leo-xiv-and-gift-exchanges-discover-all-the-details\/","url":"https:\/\/www.sebastien-auziere.fr\/blog\/en\/brigitte-and-emmanuel-macron-at-the-vatican-exclusive-meeting-with-pope-leo-xiv-and-gift-exchanges-discover-all-the-details\/","name":"Brigitte and Emmanuel Macron at the Vatican: exclusive meeting with Pope Leo XIV and gift exchanges, discover all the details - Fan site S\u00e9bastien Auzi\u00e8re","isPartOf":{"@id":"https:\/\/www.sebastien-auziere.fr\/blog\/#website"},"primaryImageOfPage":{"@id":"https:\/\/www.sebastien-auziere.fr\/blog\/en\/brigitte-and-emmanuel-macron-at-the-vatican-exclusive-meeting-with-pope-leo-xiv-and-gift-exchanges-discover-all-the-details\/#primaryimage"},"image":{"@id":"https:\/\/www.sebastien-auziere.fr\/blog\/en\/brigitte-and-emmanuel-macron-at-the-vatican-exclusive-meeting-with-pope-leo-xiv-and-gift-exchanges-discover-all-the-details\/#primaryimage"},"thumbnailUrl":"https:\/\/www.sebastien-auziere.fr\/blog\/wp-content\/uploads\/2026\/04\/Brigitte-et-Emmanuel-Macron-au-Vatican-rencontre-exclusive-avec-le-pape-Leon-XIV-et-echanges-de-cadeaux-decouvrez-tous-les-details.jpg","datePublished":"2026-04-09T19:11:26+00:00","dateModified":"2026-04-09T19:11:48+00:00","description":"Brigitte et Emmanuel Macron au Vatican : rencontre exclusive avec le pape L\u00e9on XIV et \u00e9changes de cadeaux. D\u00e9couvrez tous les d\u00e9tails ici.","breadcrumb":{"@id":"https:\/\/www.sebastien-auziere.fr\/blog\/en\/brigitte-and-emmanuel-macron-at-the-vatican-exclusive-meeting-with-pope-leo-xiv-and-gift-exchanges-discover-all-the-details\/#breadcrumb"},"inLanguage":"fr-FR","potentialAction":[{"@type":"ReadAction","target":["https:\/\/www.sebastien-auziere.fr\/blog\/en\/brigitte-and-emmanuel-macron-at-the-vatican-exclusive-meeting-with-pope-leo-xiv-and-gift-exchanges-discover-all-the-details\/"]}]},{"@type":"ImageObject","inLanguage":"fr-FR","@id":"https:\/\/www.sebastien-auziere.fr\/blog\/en\/brigitte-and-emmanuel-macron-at-the-vatican-exclusive-meeting-with-pope-leo-xiv-and-gift-exchanges-discover-all-the-details\/#primaryimage","url":"https:\/\/www.sebastien-auziere.fr\/blog\/wp-content\/uploads\/2026\/04\/Brigitte-et-Emmanuel-Macron-au-Vatican-rencontre-exclusive-avec-le-pape-Leon-XIV-et-echanges-de-cadeaux-decouvrez-tous-les-details.jpg","contentUrl":"https:\/\/www.sebastien-auziere.fr\/blog\/wp-content\/uploads\/2026\/04\/Brigitte-et-Emmanuel-Macron-au-Vatican-rencontre-exclusive-avec-le-pape-Leon-XIV-et-echanges-de-cadeaux-decouvrez-tous-les-details.jpg","width":2560,"height":1429,"caption":"d\u00e9couvrez la rencontre exclusive de brigitte et emmanuel macron avec le pape l\u00e9on xiv au vatican, leurs \u00e9changes de cadeaux et tous les d\u00e9tails de cet \u00e9v\u00e9nement exceptionnel."},{"@type":"BreadcrumbList","@id":"https:\/\/www.sebastien-auziere.fr\/blog\/en\/brigitte-and-emmanuel-macron-at-the-vatican-exclusive-meeting-with-pope-leo-xiv-and-gift-exchanges-discover-all-the-details\/#breadcrumb","itemListElement":[{"@type":"ListItem","position":1,"name":"Home","item":"https:\/\/www.sebastien-auziere.fr\/blog\/"},{"@type":"ListItem","position":2,"name":"Brigitte and Emmanuel Macron at the Vatican: exclusive meeting with Pope Leo XIV and gift exchanges, discover all the details"}]},{"@type":"WebSite","@id":"https:\/\/www.sebastien-auziere.fr\/blog\/#website","url":"https:\/\/www.sebastien-auziere.fr\/blog\/","name":"Fan site S\u00e9bastien Auzi\u00e8re","description":"M\u00e9dia g\u00e9n\u00e9raliste","publisher":{"@id":"https:\/\/www.sebastien-auziere.fr\/blog\/#organization"},"potentialAction":[{"@type":"SearchAction","target":{"@type":"EntryPoint","urlTemplate":"https:\/\/www.sebastien-auziere.fr\/blog\/?s={search_term_string}"},"query-input":{"@type":"PropertyValueSpecification","valueRequired":true,"valueName":"search_term_string"}}],"inLanguage":"fr-FR"},{"@type":"Organization","@id":"https:\/\/www.sebastien-auziere.fr\/blog\/#organization","name":"Fan site S\u00e9bastien Auzi\u00e8re","url":"https:\/\/www.sebastien-auziere.fr\/blog\/","logo":{"@type":"ImageObject","inLanguage":"fr-FR","@id":"https:\/\/www.sebastien-auziere.fr\/blog\/#\/schema\/logo\/image\/","url":"https:\/\/www.sebastien-auziere.fr\/blog\/wp-content\/uploads\/2026\/03\/cropped-cropped-cropped-ChatGPT-Image-6-mars-2026-12_58_09-e1772798376794.jpg","contentUrl":"https:\/\/www.sebastien-auziere.fr\/blog\/wp-content\/uploads\/2026\/03\/cropped-cropped-cropped-ChatGPT-Image-6-mars-2026-12_58_09-e1772798376794.jpg","width":512,"height":360,"caption":"Fan site S\u00e9bastien Auzi\u00e8re"},"image":{"@id":"https:\/\/www.sebastien-auziere.fr\/blog\/#\/schema\/logo\/image\/"}},{"@type":"Person","@id":"https:\/\/www.sebastien-auziere.fr\/blog\/#\/schema\/person\/149f1acdbfd85149c6c3e59adeae2f4d","name":"Chloe Gauthier","image":{"@type":"ImageObject","inLanguage":"fr-FR","@id":"https:\/\/secure.gravatar.com\/avatar\/2c5722f58171cff738a8985ef0dd66b476e563753246a49019befc837ec4201a?s=96&d=mm&r=g","url":"https:\/\/secure.gravatar.com\/avatar\/2c5722f58171cff738a8985ef0dd66b476e563753246a49019befc837ec4201a?s=96&d=mm&r=g","contentUrl":"https:\/\/secure.gravatar.com\/avatar\/2c5722f58171cff738a8985ef0dd66b476e563753246a49019befc837ec4201a?s=96&d=mm&r=g","caption":"Chloe Gauthier"},"description":"Passionn\u00e9e par la politique et admiratrice engag\u00e9e de la famille Macron, je consacre mon \u00e9nergie \u00e0 suivre leurs initiatives et \u00e0 promouvoir leurs id\u00e9es. \u00c0 32 ans, je suis convaincue que leur vision est porteuse d'avenir.","url":"https:\/\/www.sebastien-auziere.fr\/blog\/author\/chloe-gauthier\/"}]}},"views":4,"_links":{"self":[{"href":"https:\/\/www.sebastien-auziere.fr\/blog\/wp-json\/wp\/v2\/posts\/2894","targetHints":{"allow":["GET"]}}],"collection":[{"href":"https:\/\/www.sebastien-auziere.fr\/blog\/wp-json\/wp\/v2\/posts"}],"about":[{"href":"https:\/\/www.sebastien-auziere.fr\/blog\/wp-json\/wp\/v2\/types\/post"}],"author":[{"embeddable":true,"href":"https:\/\/www.sebastien-auziere.fr\/blog\/wp-json\/wp\/v2\/users\/9"}],"replies":[{"embeddable":true,"href":"https:\/\/www.sebastien-auziere.fr\/blog\/wp-json\/wp\/v2\/comments?post=2894"}],"version-history":[{"count":1,"href":"https:\/\/www.sebastien-auziere.fr\/blog\/wp-json\/wp\/v2\/posts\/2894\/revisions"}],"predecessor-version":[{"id":2895,"href":"https:\/\/www.sebastien-auziere.fr\/blog\/wp-json\/wp\/v2\/posts\/2894\/revisions\/2895"}],"wp:featuredmedia":[{"embeddable":true,"href":"https:\/\/www.sebastien-auziere.fr\/blog\/wp-json\/wp\/v2\/media\/2892"}],"wp:attachment":[{"href":"https:\/\/www.sebastien-auziere.fr\/blog\/wp-json\/wp\/v2\/media?parent=2894"}],"wp:term":[{"taxonomy":"category","embeddable":true,"href":"https:\/\/www.sebastien-auziere.fr\/blog\/wp-json\/wp\/v2\/categories?post=2894"},{"taxonomy":"post_tag","embeddable":true,"href":"https:\/\/www.sebastien-auziere.fr\/blog\/wp-json\/wp\/v2\/tags?post=2894"}],"curies":[{"name":"wp","href":"https:\/\/api.w.org\/{rel}","templated":true}]}}