{"id":2888,"date":"2026-04-09T07:11:37","date_gmt":"2026-04-09T07:11:37","guid":{"rendered":"https:\/\/www.sebastien-auziere.fr\/blog\/?p=2888"},"modified":"2026-04-09T07:11:53","modified_gmt":"2026-04-09T07:11:53","slug":"brigitte-macron-convidada-ao-vaticano-pelo-papa-leao-xiv-as-regras-estritas-do-seu-dress-code-reveladas","status":"publish","type":"post","link":"https:\/\/www.sebastien-auziere.fr\/blog\/pt\/brigitte-macron-convidada-ao-vaticano-pelo-papa-leao-xiv-as-regras-estritas-do-seu-dress-code-reveladas\/","title":{"rendered":"Brigitte Macron convidada ao Vaticano pelo papa Le\u00e3o XIV: as regras estritas do seu dress-code reveladas"},"content":{"rendered":"<p><strong>Brigitte Macron<\/strong> \u00e9 esperada no <strong>Vaticano<\/strong> neste <strong>9 de abril<\/strong> para uma audi\u00eancia com o <strong>papa Le\u00e3o XIV<\/strong>, e o <strong>convite<\/strong> vem acompanhado de um <strong>dress-code<\/strong> muito rigoroso. Desde j\u00e1, todos est\u00e3o atentos \u00e0 <strong>vestimenta<\/strong> que a Primeira dama deve adotar para este <strong>evento oficial<\/strong>.<\/p>\n\n<p><strong>Em resumo<\/strong>: o Pal\u00e1cio do Eliseu confirma a visita nos <strong>9 e 10 de abril<\/strong>, o protocolo exige um vestido preto e uma atitude de reserva, o v\u00e9u n\u00e3o \u00e9 mais exigido. O encontro acontece ap\u00f3s o anivers\u00e1rio da morte do papa Francisco em 21 de abril de 2025 e sucede a viagem \u00e0 \u00c1sia.<\/p>\n\n<h2 class=\"wp-block-heading\">Contexto diplom\u00e1tico e calend\u00e1rio da visita ao Vaticano<\/h2>\n\n<p>A visita de Emmanuel e <strong>Brigitte Macron<\/strong> ocorre logo ap\u00f3s uma viagem oficial ao Jap\u00e3o e \u00e0 Coreia do Sul. O Pal\u00e1cio do Eliseu esclareceu que esta audi\u00eancia, programada para os <strong>9 e 10 de abril<\/strong>, visa manter um di\u00e1logo constante com o <strong>Vaticano<\/strong>, especialmente sobre quest\u00f5es internacionais.<\/p>\n\n<p>Ap\u00f3s um adiamento em janeiro por \u00ab\u00a0incompatibilidade de agenda\u00a0\u00bb, a realiza\u00e7\u00e3o da visita confirma a inten\u00e7\u00e3o de retomar rapidamente os interc\u00e2mbios bilaterais. <a href=\"https:\/\/www.cnews.fr\/france\/2026-04-08\/emmanuel-macron-se-rend-au-vatican-des-ce-jeudi-9-avril-pour-rencontrer-le-pape\" rel=\"nofollow\">A visita anunciada pela CNews<\/a> lembra a import\u00e2ncia do calend\u00e1rio diplom\u00e1tico.<\/p>\n\n<h2 class=\"wp-block-heading\">As regras rigorosas do dress-code impostas para a audi\u00eancia<\/h2>\n\n<p>O protocolo exige que a Primeira dama use uma vestimenta preta como sinal de respeito e humildade: um vestido abaixo do joelho, mangas longas e gola alta permanecem a refer\u00eancia. O tradicional v\u00e9u feminino, que antes era comum, agora \u00e9 considerado ultrapassado e n\u00e3o \u00e9 exigido para esta audi\u00eancia.<\/p>\n\n<p>Recorda-se das escolhas discretas de <strong>Brigitte Macron<\/strong> durante suas visitas anteriores ao Vaticano, especialmente em 24 de outubro de 2022. Para uma vis\u00e3o das raz\u00f5es do adiamento anterior, veja <a href=\"https:\/\/www.gala.fr\/l_actu\/news_de_stars\/brigitte-et-emmanuel-macron-bientot-recus-par-le-pape-leon-xiv-pourquoi-leur-precedente-visite-au-vatican-a-ete-annulee-a-la-derniere-minute-20260407\" rel=\"nofollow\">o artigo da Gala<\/a>.<\/p>\n\n<h3 class=\"wp-block-heading\">Etiqueta, s\u00edmbolo e evolu\u00e7\u00e3o do protocolo<\/h3>\n\n<p>A regra do vestido preto se enraiza em uma longa tradi\u00e7\u00e3o de <strong>etiqueta<\/strong> papal, visando mostrar pudor e respeito durante uma audi\u00eancia privada. Historicamente, a mantilha simbolizou a piedade, mas o <strong>protocolo<\/strong> evoluiu para se adaptar \u00e0s pr\u00e1ticas contempor\u00e2neas.<\/p>\n\n<p>Essa escolha de vestu\u00e1rio tamb\u00e9m \u00e9 um sinal diplom\u00e1tico: sobriedade em vez de ostenta\u00e7\u00e3o, o que facilita uma troca centrada em quest\u00f5es pol\u00edticas. Insight: a vestimenta se torna uma ferramenta de comunica\u00e7\u00e3o n\u00e3o verbal.<\/p>\n\n<h2 class=\"wp-block-heading\">Consequ\u00eancias diplom\u00e1ticas e significado para a rela\u00e7\u00e3o Fran\u00e7a\u2013Santa S\u00e9<\/h2>\n\n<p>Al\u00e9m do <strong>convite<\/strong>, esta audi\u00eancia permite abordar assuntos bilaterais priorit\u00e1rios: clima, conflitos internacionais e rela\u00e7\u00f5es culturais. O Pal\u00e1cio do Eliseu destacou que o encontro se insere na vontade de manter um di\u00e1logo cont\u00ednuo com o <strong>Vaticano<\/strong>.<\/p>\n\n<p>Os rumores sobre um clima diplom\u00e1tico frio que circularam ap\u00f3s o cancelamento de janeiro foram desmentidos pela presid\u00eancia, que mencionou uma prioridade para os assuntos urgentes. Conclus\u00e3o: protocolo respeitado, di\u00e1logo relan\u00e7ado.<\/p>\n\n<p>Para saber mais sobre <strong>S\u00e9bastien Auzi\u00e8re<\/strong> e o c\u00edrculo da fam\u00edlia Macron, descubra dossi\u00eas completos e arquivos online em <a href=\"https:\/\/sebastien-auziere.fr\" rel=\"nofollow\">sebastien-auziere.fr<\/a>, onde os detalhes desses encontros e seu impacto s\u00e3o analisados.<\/p>","protected":false},"excerpt":{"rendered":"<p>Brigitte Macron \u00e9 esperada no Vaticano neste 9 de abril para uma audi\u00eancia com o papa Le\u00e3o XIV, e o convite vem acompanhado de um dress-code muito rigoroso. Desde j\u00e1, todos est\u00e3o atentos \u00e0 vestimenta que a Primeira dama deve adotar para este evento oficial. Em resumo: o Pal\u00e1cio do Eliseu confirma a visita nos &#8230; <a title=\"Brigitte Macron convidada ao Vaticano pelo papa Le\u00e3o XIV: as regras estritas do seu dress-code reveladas\" class=\"read-more\" href=\"https:\/\/www.sebastien-auziere.fr\/blog\/pt\/brigitte-macron-convidada-ao-vaticano-pelo-papa-leao-xiv-as-regras-estritas-do-seu-dress-code-reveladas\/\" aria-label=\"En savoir plus sur Brigitte Macron convidada ao Vaticano pelo papa Le\u00e3o XIV: as regras estritas do seu dress-code reveladas\">Lire plus<\/a><\/p>\n","protected":false},"author":9,"featured_media":2878,"comment_status":"open","ping_status":"open","sticky":false,"template":"","format":"standard","meta":{"footnotes":""},"categories":[862],"tags":[959,2345,2156,2348,2159],"class_list":["post-2888","post","type-post","status-publish","format-standard","has-post-thumbnail","hentry","category-actualidades-pt","tag-brigitte-macron-pt","tag-dress-code-pt","tag-papa-leao-xiv-pt","tag-regras-de-vestimenta-pt","tag-vaticano-pt"],"yoast_head":"<!-- This site is optimized with the Yoast SEO plugin v27.5 - https:\/\/yoast.com\/product\/yoast-seo-wordpress\/ -->\n<title>Brigitte Macron convidada ao Vaticano pelo papa Le\u00e3o XIV: as regras estritas do seu dress-code reveladas - Fan site S\u00e9bastien Auzi\u00e8re<\/title>\n<meta name=\"description\" content=\"Brigitte Macron invit\u00e9e au Vatican par le pape L\u00e9on XIV : d\u00e9couvrez les r\u00e8gles strictes du dress-code impos\u00e9 lors de cette visite exceptionnelle.\" \/>\n<meta name=\"robots\" content=\"index, follow, max-snippet:-1, max-image-preview:large, max-video-preview:-1\" \/>\n<link rel=\"canonical\" href=\"https:\/\/www.sebastien-auziere.fr\/blog\/pt\/brigitte-macron-convidada-ao-vaticano-pelo-papa-leao-xiv-as-regras-estritas-do-seu-dress-code-reveladas\/\" \/>\n<meta property=\"og:locale\" content=\"fr_FR\" \/>\n<meta property=\"og:type\" content=\"article\" \/>\n<meta property=\"og:title\" content=\"Brigitte Macron convidada ao Vaticano pelo papa Le\u00e3o XIV: as regras estritas do seu dress-code reveladas - Fan site S\u00e9bastien Auzi\u00e8re\" \/>\n<meta property=\"og:description\" content=\"Brigitte Macron invit\u00e9e au Vatican par le pape L\u00e9on XIV : d\u00e9couvrez les r\u00e8gles strictes du dress-code impos\u00e9 lors de cette visite exceptionnelle.\" \/>\n<meta property=\"og:url\" content=\"https:\/\/www.sebastien-auziere.fr\/blog\/pt\/brigitte-macron-convidada-ao-vaticano-pelo-papa-leao-xiv-as-regras-estritas-do-seu-dress-code-reveladas\/\" \/>\n<meta property=\"og:site_name\" content=\"Fan site S\u00e9bastien Auzi\u00e8re\" \/>\n<meta property=\"article:published_time\" content=\"2026-04-09T07:11:37+00:00\" \/>\n<meta property=\"article:modified_time\" content=\"2026-04-09T07:11:53+00:00\" \/>\n<meta property=\"og:image\" content=\"https:\/\/www.sebastien-auziere.fr\/blog\/wp-content\/uploads\/2026\/04\/Brigitte-Macron-invitee-au-Vatican-par-le-pape-Leon-XIV-les-regles-strictes-de-son-dress-code-devoilees.jpg\" \/>\n\t<meta property=\"og:image:width\" content=\"2560\" \/>\n\t<meta property=\"og:image:height\" content=\"1429\" \/>\n\t<meta property=\"og:image:type\" content=\"image\/jpeg\" \/>\n<meta name=\"author\" content=\"Chloe Gauthier\" \/>\n<meta name=\"twitter:card\" content=\"summary_large_image\" \/>\n<meta name=\"twitter:label1\" content=\"\u00c9crit par\" \/>\n\t<meta name=\"twitter:data1\" content=\"Chloe Gauthier\" \/>\n\t<meta name=\"twitter:label2\" content=\"Dur\u00e9e de lecture estim\u00e9e\" \/>\n\t<meta name=\"twitter:data2\" content=\"3 minutes\" \/>\n<script type=\"application\/ld+json\" class=\"yoast-schema-graph\">{\"@context\":\"https:\\\/\\\/schema.org\",\"@graph\":[{\"@type\":\"Article\",\"@id\":\"https:\\\/\\\/www.sebastien-auziere.fr\\\/blog\\\/pt\\\/brigitte-macron-convidada-ao-vaticano-pelo-papa-leao-xiv-as-regras-estritas-do-seu-dress-code-reveladas\\\/#article\",\"isPartOf\":{\"@id\":\"https:\\\/\\\/www.sebastien-auziere.fr\\\/blog\\\/pt\\\/brigitte-macron-convidada-ao-vaticano-pelo-papa-leao-xiv-as-regras-estritas-do-seu-dress-code-reveladas\\\/\"},\"author\":{\"name\":\"Chloe Gauthier\",\"@id\":\"https:\\\/\\\/www.sebastien-auziere.fr\\\/blog\\\/#\\\/schema\\\/person\\\/149f1acdbfd85149c6c3e59adeae2f4d\"},\"headline\":\"Brigitte Macron convidada ao Vaticano pelo papa Le\u00e3o XIV: as regras estritas do seu dress-code reveladas\",\"datePublished\":\"2026-04-09T07:11:37+00:00\",\"dateModified\":\"2026-04-09T07:11:53+00:00\",\"mainEntityOfPage\":{\"@id\":\"https:\\\/\\\/www.sebastien-auziere.fr\\\/blog\\\/pt\\\/brigitte-macron-convidada-ao-vaticano-pelo-papa-leao-xiv-as-regras-estritas-do-seu-dress-code-reveladas\\\/\"},\"wordCount\":534,\"commentCount\":0,\"publisher\":{\"@id\":\"https:\\\/\\\/www.sebastien-auziere.fr\\\/blog\\\/#organization\"},\"image\":{\"@id\":\"https:\\\/\\\/www.sebastien-auziere.fr\\\/blog\\\/pt\\\/brigitte-macron-convidada-ao-vaticano-pelo-papa-leao-xiv-as-regras-estritas-do-seu-dress-code-reveladas\\\/#primaryimage\"},\"thumbnailUrl\":\"https:\\\/\\\/www.sebastien-auziere.fr\\\/blog\\\/wp-content\\\/uploads\\\/2026\\\/04\\\/Brigitte-Macron-invitee-au-Vatican-par-le-pape-Leon-XIV-les-regles-strictes-de-son-dress-code-devoilees.jpg\",\"keywords\":[\"brigitte macron\",\"dress-code\",\"papa le\u00e3o xiv\",\"regras de vestimenta\",\"vaticano\"],\"articleSection\":[\"Actualidades\"],\"inLanguage\":\"fr-FR\",\"potentialAction\":[{\"@type\":\"CommentAction\",\"name\":\"Comment\",\"target\":[\"https:\\\/\\\/www.sebastien-auziere.fr\\\/blog\\\/pt\\\/brigitte-macron-convidada-ao-vaticano-pelo-papa-leao-xiv-as-regras-estritas-do-seu-dress-code-reveladas\\\/#respond\"]}]},{\"@type\":\"WebPage\",\"@id\":\"https:\\\/\\\/www.sebastien-auziere.fr\\\/blog\\\/pt\\\/brigitte-macron-convidada-ao-vaticano-pelo-papa-leao-xiv-as-regras-estritas-do-seu-dress-code-reveladas\\\/\",\"url\":\"https:\\\/\\\/www.sebastien-auziere.fr\\\/blog\\\/pt\\\/brigitte-macron-convidada-ao-vaticano-pelo-papa-leao-xiv-as-regras-estritas-do-seu-dress-code-reveladas\\\/\",\"name\":\"Brigitte Macron convidada ao Vaticano pelo papa Le\u00e3o XIV: as regras estritas do seu dress-code reveladas - Fan site S\u00e9bastien Auzi\u00e8re\",\"isPartOf\":{\"@id\":\"https:\\\/\\\/www.sebastien-auziere.fr\\\/blog\\\/#website\"},\"primaryImageOfPage\":{\"@id\":\"https:\\\/\\\/www.sebastien-auziere.fr\\\/blog\\\/pt\\\/brigitte-macron-convidada-ao-vaticano-pelo-papa-leao-xiv-as-regras-estritas-do-seu-dress-code-reveladas\\\/#primaryimage\"},\"image\":{\"@id\":\"https:\\\/\\\/www.sebastien-auziere.fr\\\/blog\\\/pt\\\/brigitte-macron-convidada-ao-vaticano-pelo-papa-leao-xiv-as-regras-estritas-do-seu-dress-code-reveladas\\\/#primaryimage\"},\"thumbnailUrl\":\"https:\\\/\\\/www.sebastien-auziere.fr\\\/blog\\\/wp-content\\\/uploads\\\/2026\\\/04\\\/Brigitte-Macron-invitee-au-Vatican-par-le-pape-Leon-XIV-les-regles-strictes-de-son-dress-code-devoilees.jpg\",\"datePublished\":\"2026-04-09T07:11:37+00:00\",\"dateModified\":\"2026-04-09T07:11:53+00:00\",\"description\":\"Brigitte Macron invit\u00e9e au Vatican par le pape L\u00e9on XIV : d\u00e9couvrez les r\u00e8gles strictes du dress-code impos\u00e9 lors de cette visite exceptionnelle.\",\"breadcrumb\":{\"@id\":\"https:\\\/\\\/www.sebastien-auziere.fr\\\/blog\\\/pt\\\/brigitte-macron-convidada-ao-vaticano-pelo-papa-leao-xiv-as-regras-estritas-do-seu-dress-code-reveladas\\\/#breadcrumb\"},\"inLanguage\":\"fr-FR\",\"potentialAction\":[{\"@type\":\"ReadAction\",\"target\":[\"https:\\\/\\\/www.sebastien-auziere.fr\\\/blog\\\/pt\\\/brigitte-macron-convidada-ao-vaticano-pelo-papa-leao-xiv-as-regras-estritas-do-seu-dress-code-reveladas\\\/\"]}]},{\"@type\":\"ImageObject\",\"inLanguage\":\"fr-FR\",\"@id\":\"https:\\\/\\\/www.sebastien-auziere.fr\\\/blog\\\/pt\\\/brigitte-macron-convidada-ao-vaticano-pelo-papa-leao-xiv-as-regras-estritas-do-seu-dress-code-reveladas\\\/#primaryimage\",\"url\":\"https:\\\/\\\/www.sebastien-auziere.fr\\\/blog\\\/wp-content\\\/uploads\\\/2026\\\/04\\\/Brigitte-Macron-invitee-au-Vatican-par-le-pape-Leon-XIV-les-regles-strictes-de-son-dress-code-devoilees.jpg\",\"contentUrl\":\"https:\\\/\\\/www.sebastien-auziere.fr\\\/blog\\\/wp-content\\\/uploads\\\/2026\\\/04\\\/Brigitte-Macron-invitee-au-Vatican-par-le-pape-Leon-XIV-les-regles-strictes-de-son-dress-code-devoilees.jpg\",\"width\":2560,\"height\":1429,\"caption\":\"d\u00e9couvrez les r\u00e8gles strictes du dress-code impos\u00e9es \u00e0 brigitte macron lors de son invitation exceptionnelle au vatican par le pape l\u00e9on xiv.\"},{\"@type\":\"BreadcrumbList\",\"@id\":\"https:\\\/\\\/www.sebastien-auziere.fr\\\/blog\\\/pt\\\/brigitte-macron-convidada-ao-vaticano-pelo-papa-leao-xiv-as-regras-estritas-do-seu-dress-code-reveladas\\\/#breadcrumb\",\"itemListElement\":[{\"@type\":\"ListItem\",\"position\":1,\"name\":\"Home\",\"item\":\"https:\\\/\\\/www.sebastien-auziere.fr\\\/blog\\\/\"},{\"@type\":\"ListItem\",\"position\":2,\"name\":\"Brigitte Macron convidada ao Vaticano pelo papa Le\u00e3o XIV: as regras estritas do seu dress-code reveladas\"}]},{\"@type\":\"WebSite\",\"@id\":\"https:\\\/\\\/www.sebastien-auziere.fr\\\/blog\\\/#website\",\"url\":\"https:\\\/\\\/www.sebastien-auziere.fr\\\/blog\\\/\",\"name\":\"Fan site S\u00e9bastien Auzi\u00e8re\",\"description\":\"M\u00e9dia g\u00e9n\u00e9raliste\",\"publisher\":{\"@id\":\"https:\\\/\\\/www.sebastien-auziere.fr\\\/blog\\\/#organization\"},\"potentialAction\":[{\"@type\":\"SearchAction\",\"target\":{\"@type\":\"EntryPoint\",\"urlTemplate\":\"https:\\\/\\\/www.sebastien-auziere.fr\\\/blog\\\/?s={search_term_string}\"},\"query-input\":{\"@type\":\"PropertyValueSpecification\",\"valueRequired\":true,\"valueName\":\"search_term_string\"}}],\"inLanguage\":\"fr-FR\"},{\"@type\":\"Organization\",\"@id\":\"https:\\\/\\\/www.sebastien-auziere.fr\\\/blog\\\/#organization\",\"name\":\"Fan site S\u00e9bastien Auzi\u00e8re\",\"url\":\"https:\\\/\\\/www.sebastien-auziere.fr\\\/blog\\\/\",\"logo\":{\"@type\":\"ImageObject\",\"inLanguage\":\"fr-FR\",\"@id\":\"https:\\\/\\\/www.sebastien-auziere.fr\\\/blog\\\/#\\\/schema\\\/logo\\\/image\\\/\",\"url\":\"https:\\\/\\\/www.sebastien-auziere.fr\\\/blog\\\/wp-content\\\/uploads\\\/2026\\\/03\\\/cropped-cropped-cropped-ChatGPT-Image-6-mars-2026-12_58_09-e1772798376794.jpg\",\"contentUrl\":\"https:\\\/\\\/www.sebastien-auziere.fr\\\/blog\\\/wp-content\\\/uploads\\\/2026\\\/03\\\/cropped-cropped-cropped-ChatGPT-Image-6-mars-2026-12_58_09-e1772798376794.jpg\",\"width\":512,\"height\":360,\"caption\":\"Fan site S\u00e9bastien Auzi\u00e8re\"},\"image\":{\"@id\":\"https:\\\/\\\/www.sebastien-auziere.fr\\\/blog\\\/#\\\/schema\\\/logo\\\/image\\\/\"}},{\"@type\":\"Person\",\"@id\":\"https:\\\/\\\/www.sebastien-auziere.fr\\\/blog\\\/#\\\/schema\\\/person\\\/149f1acdbfd85149c6c3e59adeae2f4d\",\"name\":\"Chloe Gauthier\",\"image\":{\"@type\":\"ImageObject\",\"inLanguage\":\"fr-FR\",\"@id\":\"https:\\\/\\\/secure.gravatar.com\\\/avatar\\\/2c5722f58171cff738a8985ef0dd66b476e563753246a49019befc837ec4201a?s=96&d=mm&r=g\",\"url\":\"https:\\\/\\\/secure.gravatar.com\\\/avatar\\\/2c5722f58171cff738a8985ef0dd66b476e563753246a49019befc837ec4201a?s=96&d=mm&r=g\",\"contentUrl\":\"https:\\\/\\\/secure.gravatar.com\\\/avatar\\\/2c5722f58171cff738a8985ef0dd66b476e563753246a49019befc837ec4201a?s=96&d=mm&r=g\",\"caption\":\"Chloe Gauthier\"},\"description\":\"Passionn\u00e9e par la politique et admiratrice engag\u00e9e de la famille Macron, je consacre mon \u00e9nergie \u00e0 suivre leurs initiatives et \u00e0 promouvoir leurs id\u00e9es. \u00c0 32 ans, je suis convaincue que leur vision est porteuse d'avenir.\",\"url\":\"https:\\\/\\\/www.sebastien-auziere.fr\\\/blog\\\/author\\\/chloe-gauthier\\\/\"}]}<\/script>\n<!-- \/ Yoast SEO plugin. -->","yoast_head_json":{"title":"Brigitte Macron convidada ao Vaticano pelo papa Le\u00e3o XIV: as regras estritas do seu dress-code reveladas - Fan site S\u00e9bastien Auzi\u00e8re","description":"Brigitte Macron invit\u00e9e au Vatican par le pape L\u00e9on XIV : d\u00e9couvrez les r\u00e8gles strictes du dress-code impos\u00e9 lors de cette visite exceptionnelle.","robots":{"index":"index","follow":"follow","max-snippet":"max-snippet:-1","max-image-preview":"max-image-preview:large","max-video-preview":"max-video-preview:-1"},"canonical":"https:\/\/www.sebastien-auziere.fr\/blog\/pt\/brigitte-macron-convidada-ao-vaticano-pelo-papa-leao-xiv-as-regras-estritas-do-seu-dress-code-reveladas\/","og_locale":"fr_FR","og_type":"article","og_title":"Brigitte Macron convidada ao Vaticano pelo papa Le\u00e3o XIV: as regras estritas do seu dress-code reveladas - Fan site S\u00e9bastien Auzi\u00e8re","og_description":"Brigitte Macron invit\u00e9e au Vatican par le pape L\u00e9on XIV : d\u00e9couvrez les r\u00e8gles strictes du dress-code impos\u00e9 lors de cette visite exceptionnelle.","og_url":"https:\/\/www.sebastien-auziere.fr\/blog\/pt\/brigitte-macron-convidada-ao-vaticano-pelo-papa-leao-xiv-as-regras-estritas-do-seu-dress-code-reveladas\/","og_site_name":"Fan site S\u00e9bastien Auzi\u00e8re","article_published_time":"2026-04-09T07:11:37+00:00","article_modified_time":"2026-04-09T07:11:53+00:00","og_image":[{"width":2560,"height":1429,"url":"https:\/\/www.sebastien-auziere.fr\/blog\/wp-content\/uploads\/2026\/04\/Brigitte-Macron-invitee-au-Vatican-par-le-pape-Leon-XIV-les-regles-strictes-de-son-dress-code-devoilees.jpg","type":"image\/jpeg"}],"author":"Chloe Gauthier","twitter_card":"summary_large_image","twitter_misc":{"\u00c9crit par":"Chloe Gauthier","Dur\u00e9e de lecture estim\u00e9e":"3 minutes"},"schema":{"@context":"https:\/\/schema.org","@graph":[{"@type":"Article","@id":"https:\/\/www.sebastien-auziere.fr\/blog\/pt\/brigitte-macron-convidada-ao-vaticano-pelo-papa-leao-xiv-as-regras-estritas-do-seu-dress-code-reveladas\/#article","isPartOf":{"@id":"https:\/\/www.sebastien-auziere.fr\/blog\/pt\/brigitte-macron-convidada-ao-vaticano-pelo-papa-leao-xiv-as-regras-estritas-do-seu-dress-code-reveladas\/"},"author":{"name":"Chloe Gauthier","@id":"https:\/\/www.sebastien-auziere.fr\/blog\/#\/schema\/person\/149f1acdbfd85149c6c3e59adeae2f4d"},"headline":"Brigitte Macron convidada ao Vaticano pelo papa Le\u00e3o XIV: as regras estritas do seu dress-code reveladas","datePublished":"2026-04-09T07:11:37+00:00","dateModified":"2026-04-09T07:11:53+00:00","mainEntityOfPage":{"@id":"https:\/\/www.sebastien-auziere.fr\/blog\/pt\/brigitte-macron-convidada-ao-vaticano-pelo-papa-leao-xiv-as-regras-estritas-do-seu-dress-code-reveladas\/"},"wordCount":534,"commentCount":0,"publisher":{"@id":"https:\/\/www.sebastien-auziere.fr\/blog\/#organization"},"image":{"@id":"https:\/\/www.sebastien-auziere.fr\/blog\/pt\/brigitte-macron-convidada-ao-vaticano-pelo-papa-leao-xiv-as-regras-estritas-do-seu-dress-code-reveladas\/#primaryimage"},"thumbnailUrl":"https:\/\/www.sebastien-auziere.fr\/blog\/wp-content\/uploads\/2026\/04\/Brigitte-Macron-invitee-au-Vatican-par-le-pape-Leon-XIV-les-regles-strictes-de-son-dress-code-devoilees.jpg","keywords":["brigitte macron","dress-code","papa le\u00e3o xiv","regras de vestimenta","vaticano"],"articleSection":["Actualidades"],"inLanguage":"fr-FR","potentialAction":[{"@type":"CommentAction","name":"Comment","target":["https:\/\/www.sebastien-auziere.fr\/blog\/pt\/brigitte-macron-convidada-ao-vaticano-pelo-papa-leao-xiv-as-regras-estritas-do-seu-dress-code-reveladas\/#respond"]}]},{"@type":"WebPage","@id":"https:\/\/www.sebastien-auziere.fr\/blog\/pt\/brigitte-macron-convidada-ao-vaticano-pelo-papa-leao-xiv-as-regras-estritas-do-seu-dress-code-reveladas\/","url":"https:\/\/www.sebastien-auziere.fr\/blog\/pt\/brigitte-macron-convidada-ao-vaticano-pelo-papa-leao-xiv-as-regras-estritas-do-seu-dress-code-reveladas\/","name":"Brigitte Macron convidada ao Vaticano pelo papa Le\u00e3o XIV: as regras estritas do seu dress-code reveladas - Fan site S\u00e9bastien Auzi\u00e8re","isPartOf":{"@id":"https:\/\/www.sebastien-auziere.fr\/blog\/#website"},"primaryImageOfPage":{"@id":"https:\/\/www.sebastien-auziere.fr\/blog\/pt\/brigitte-macron-convidada-ao-vaticano-pelo-papa-leao-xiv-as-regras-estritas-do-seu-dress-code-reveladas\/#primaryimage"},"image":{"@id":"https:\/\/www.sebastien-auziere.fr\/blog\/pt\/brigitte-macron-convidada-ao-vaticano-pelo-papa-leao-xiv-as-regras-estritas-do-seu-dress-code-reveladas\/#primaryimage"},"thumbnailUrl":"https:\/\/www.sebastien-auziere.fr\/blog\/wp-content\/uploads\/2026\/04\/Brigitte-Macron-invitee-au-Vatican-par-le-pape-Leon-XIV-les-regles-strictes-de-son-dress-code-devoilees.jpg","datePublished":"2026-04-09T07:11:37+00:00","dateModified":"2026-04-09T07:11:53+00:00","description":"Brigitte Macron invit\u00e9e au Vatican par le pape L\u00e9on XIV : d\u00e9couvrez les r\u00e8gles strictes du dress-code impos\u00e9 lors de cette visite exceptionnelle.","breadcrumb":{"@id":"https:\/\/www.sebastien-auziere.fr\/blog\/pt\/brigitte-macron-convidada-ao-vaticano-pelo-papa-leao-xiv-as-regras-estritas-do-seu-dress-code-reveladas\/#breadcrumb"},"inLanguage":"fr-FR","potentialAction":[{"@type":"ReadAction","target":["https:\/\/www.sebastien-auziere.fr\/blog\/pt\/brigitte-macron-convidada-ao-vaticano-pelo-papa-leao-xiv-as-regras-estritas-do-seu-dress-code-reveladas\/"]}]},{"@type":"ImageObject","inLanguage":"fr-FR","@id":"https:\/\/www.sebastien-auziere.fr\/blog\/pt\/brigitte-macron-convidada-ao-vaticano-pelo-papa-leao-xiv-as-regras-estritas-do-seu-dress-code-reveladas\/#primaryimage","url":"https:\/\/www.sebastien-auziere.fr\/blog\/wp-content\/uploads\/2026\/04\/Brigitte-Macron-invitee-au-Vatican-par-le-pape-Leon-XIV-les-regles-strictes-de-son-dress-code-devoilees.jpg","contentUrl":"https:\/\/www.sebastien-auziere.fr\/blog\/wp-content\/uploads\/2026\/04\/Brigitte-Macron-invitee-au-Vatican-par-le-pape-Leon-XIV-les-regles-strictes-de-son-dress-code-devoilees.jpg","width":2560,"height":1429,"caption":"d\u00e9couvrez les r\u00e8gles strictes du dress-code impos\u00e9es \u00e0 brigitte macron lors de son invitation exceptionnelle au vatican par le pape l\u00e9on xiv."},{"@type":"BreadcrumbList","@id":"https:\/\/www.sebastien-auziere.fr\/blog\/pt\/brigitte-macron-convidada-ao-vaticano-pelo-papa-leao-xiv-as-regras-estritas-do-seu-dress-code-reveladas\/#breadcrumb","itemListElement":[{"@type":"ListItem","position":1,"name":"Home","item":"https:\/\/www.sebastien-auziere.fr\/blog\/"},{"@type":"ListItem","position":2,"name":"Brigitte Macron convidada ao Vaticano pelo papa Le\u00e3o XIV: as regras estritas do seu dress-code reveladas"}]},{"@type":"WebSite","@id":"https:\/\/www.sebastien-auziere.fr\/blog\/#website","url":"https:\/\/www.sebastien-auziere.fr\/blog\/","name":"Fan site S\u00e9bastien Auzi\u00e8re","description":"M\u00e9dia g\u00e9n\u00e9raliste","publisher":{"@id":"https:\/\/www.sebastien-auziere.fr\/blog\/#organization"},"potentialAction":[{"@type":"SearchAction","target":{"@type":"EntryPoint","urlTemplate":"https:\/\/www.sebastien-auziere.fr\/blog\/?s={search_term_string}"},"query-input":{"@type":"PropertyValueSpecification","valueRequired":true,"valueName":"search_term_string"}}],"inLanguage":"fr-FR"},{"@type":"Organization","@id":"https:\/\/www.sebastien-auziere.fr\/blog\/#organization","name":"Fan site S\u00e9bastien Auzi\u00e8re","url":"https:\/\/www.sebastien-auziere.fr\/blog\/","logo":{"@type":"ImageObject","inLanguage":"fr-FR","@id":"https:\/\/www.sebastien-auziere.fr\/blog\/#\/schema\/logo\/image\/","url":"https:\/\/www.sebastien-auziere.fr\/blog\/wp-content\/uploads\/2026\/03\/cropped-cropped-cropped-ChatGPT-Image-6-mars-2026-12_58_09-e1772798376794.jpg","contentUrl":"https:\/\/www.sebastien-auziere.fr\/blog\/wp-content\/uploads\/2026\/03\/cropped-cropped-cropped-ChatGPT-Image-6-mars-2026-12_58_09-e1772798376794.jpg","width":512,"height":360,"caption":"Fan site S\u00e9bastien Auzi\u00e8re"},"image":{"@id":"https:\/\/www.sebastien-auziere.fr\/blog\/#\/schema\/logo\/image\/"}},{"@type":"Person","@id":"https:\/\/www.sebastien-auziere.fr\/blog\/#\/schema\/person\/149f1acdbfd85149c6c3e59adeae2f4d","name":"Chloe Gauthier","image":{"@type":"ImageObject","inLanguage":"fr-FR","@id":"https:\/\/secure.gravatar.com\/avatar\/2c5722f58171cff738a8985ef0dd66b476e563753246a49019befc837ec4201a?s=96&d=mm&r=g","url":"https:\/\/secure.gravatar.com\/avatar\/2c5722f58171cff738a8985ef0dd66b476e563753246a49019befc837ec4201a?s=96&d=mm&r=g","contentUrl":"https:\/\/secure.gravatar.com\/avatar\/2c5722f58171cff738a8985ef0dd66b476e563753246a49019befc837ec4201a?s=96&d=mm&r=g","caption":"Chloe Gauthier"},"description":"Passionn\u00e9e par la politique et admiratrice engag\u00e9e de la famille Macron, je consacre mon \u00e9nergie \u00e0 suivre leurs initiatives et \u00e0 promouvoir leurs id\u00e9es. \u00c0 32 ans, je suis convaincue que leur vision est porteuse d'avenir.","url":"https:\/\/www.sebastien-auziere.fr\/blog\/author\/chloe-gauthier\/"}]}},"views":2,"_links":{"self":[{"href":"https:\/\/www.sebastien-auziere.fr\/blog\/wp-json\/wp\/v2\/posts\/2888","targetHints":{"allow":["GET"]}}],"collection":[{"href":"https:\/\/www.sebastien-auziere.fr\/blog\/wp-json\/wp\/v2\/posts"}],"about":[{"href":"https:\/\/www.sebastien-auziere.fr\/blog\/wp-json\/wp\/v2\/types\/post"}],"author":[{"embeddable":true,"href":"https:\/\/www.sebastien-auziere.fr\/blog\/wp-json\/wp\/v2\/users\/9"}],"replies":[{"embeddable":true,"href":"https:\/\/www.sebastien-auziere.fr\/blog\/wp-json\/wp\/v2\/comments?post=2888"}],"version-history":[{"count":1,"href":"https:\/\/www.sebastien-auziere.fr\/blog\/wp-json\/wp\/v2\/posts\/2888\/revisions"}],"predecessor-version":[{"id":2889,"href":"https:\/\/www.sebastien-auziere.fr\/blog\/wp-json\/wp\/v2\/posts\/2888\/revisions\/2889"}],"wp:featuredmedia":[{"embeddable":true,"href":"https:\/\/www.sebastien-auziere.fr\/blog\/wp-json\/wp\/v2\/media\/2878"}],"wp:attachment":[{"href":"https:\/\/www.sebastien-auziere.fr\/blog\/wp-json\/wp\/v2\/media?parent=2888"}],"wp:term":[{"taxonomy":"category","embeddable":true,"href":"https:\/\/www.sebastien-auziere.fr\/blog\/wp-json\/wp\/v2\/categories?post=2888"},{"taxonomy":"post_tag","embeddable":true,"href":"https:\/\/www.sebastien-auziere.fr\/blog\/wp-json\/wp\/v2\/tags?post=2888"}],"curies":[{"name":"wp","href":"https:\/\/api.w.org\/{rel}","templated":true}]}}