{"id":2886,"date":"2026-04-09T07:08:13","date_gmt":"2026-04-09T07:08:13","guid":{"rendered":"https:\/\/www.sebastien-auziere.fr\/blog\/?p=2886"},"modified":"2026-04-09T07:08:43","modified_gmt":"2026-04-09T07:08:43","slug":"brigitte-macron-invitata-in-vaticano-da-papa-leone-xiv-le-regole-rigorose-del-suo-codice-di-abbigliamento-svelate","status":"publish","type":"post","link":"https:\/\/www.sebastien-auziere.fr\/blog\/it\/brigitte-macron-invitata-in-vaticano-da-papa-leone-xiv-le-regole-rigorose-del-suo-codice-di-abbigliamento-svelate\/","title":{"rendered":"Brigitte Macron invitata in Vaticano da papa Leone XIV: le regole rigorose del suo codice di abbigliamento svelate"},"content":{"rendered":"<p><strong>Brigitte Macron<\/strong> \u00e8 attesa in <strong>Vaticano<\/strong> il <strong>9 aprile<\/strong> per un&rsquo;udienza con <strong>papa Leone XIV<\/strong>, e <strong>l&rsquo;invito<\/strong> si accompagna a un <strong>dress-code<\/strong> molto rigoroso. Da ora in poi, tutti scrutano l&rsquo;<strong>abbigliamento<\/strong> che la Premi\u00e8re dame dovr\u00e0 adottare per questo <strong>evento ufficiale<\/strong>.<\/p>\n\n<p><strong>In breve<\/strong>: l&rsquo;\u00c9lys\u00e9e conferma la visita il <strong>9 e 10 aprile<\/strong>, il protocollo impone un vestito nero e un atteggiamento di riservatezza, il velo non \u00e8 pi\u00f9 richiesto. L&rsquo;incontro segue l&rsquo;anniversario della morte di papa Francesco il 21 aprile 2025 e succede al viaggio in Asia.<\/p>\n\n<h2 class=\"wp-block-heading\">Contesto diplomatico e calendario della visita in Vaticano<\/h2>\n\n<p>La visita di Emmanuel e di <strong>Brigitte Macron<\/strong> avviene subito dopo un viaggio ufficiale in Giappone e Corea del Sud. L&rsquo;\u00c9lys\u00e9e ha precisato che questa udienza, programmata per il <strong>9 e 10 aprile<\/strong>, mira a mantenere un dialogo costante con il <strong>Vaticano<\/strong>, in particolare sulle questioni internazionali.<\/p>\n\n<p>Dopo un rinvio a gennaio per \u00ab\u00a0incompatibilit\u00e0 di agenda\u00a0\u00bb, lo svolgimento della visita conferma la volont\u00e0 di riprendere rapidamente gli scambi bilaterali. <a href=\"https:\/\/www.cnews.fr\/france\/2026-04-08\/emmanuel-macron-se-rend-au-vatican-des-ce-jeudi-9-avril-pour-rencontrer-le-pape\" rel=\"nofollow\">Il viaggio annunciato da CNews<\/a> ricorda l&rsquo;importanza del calendario diplomatico.<\/p>\n\n<h2 class=\"wp-block-heading\">Le regole rigorose del dress-code imposte per l&rsquo;udienza<\/h2>\n\n<p>Il protocollo richiede che la Premi\u00e8re dame indossi un vestito nero come segno di rispetto e umilt\u00e0: un abito al di sotto del ginocchio, maniche lunghe e colletto rotondo rimangono il riferimento. Il tradizionale velo femminile, un tempo comune, \u00e8 ora considerato superato e non \u00e8 richiesto per questa udienza.<\/p>\n\n<p>Si ricordano le scelte sobrie di <strong>Brigitte Macron<\/strong> durante le sue precedenti visite in Vaticano, in particolare il 24 ottobre 2022. Per una panoramica delle ragioni del rinvio precedente, vedere <a href=\"https:\/\/www.gala.fr\/l_actu\/news_de_stars\/brigitte-et-emmanuel-macron-bientot-recus-par-le-pape-leon-xiv-pourquoi-leur-precedente-visite-au-vatican-a-ete-annulee-a-la-derniere-minute-20260407\" rel=\"nofollow\">l&rsquo;articolo di Gala<\/a>.<\/p>\n\n<h3 class=\"wp-block-heading\">Etichetta, simbolo e evoluzione del protocollo<\/h3>\n\n<p>La regola del vestito nero affonda le radici in una lunga tradizione di <strong>etichetta<\/strong> papale, mirante a mostrare pudore e rispetto durante un&rsquo;udienza privata. Storicamente, il mantiglia ha simboleggiato la piet\u00e0, ma il <strong>protocollo<\/strong> si \u00e8 evoluto per adattarsi alle pratiche contemporanee.<\/p>\n\n<p>Questa scelta di abbigliamento \u00e8 anche un segnale diplomatico: sobriet\u00e0 piuttosto che ostentazione, il che facilita uno scambio centrato sui temi politici. Insight: l&rsquo;abbigliamento diventa uno strumento di comunicazione non verbale.<\/p>\n\n<h2 class=\"wp-block-heading\">Conseguenze diplomatiche e significato per la relazione Francia\u2013Santa Sede<\/h2>\n\n<p>Oltre all&rsquo;<strong>invito<\/strong>, quest&rsquo;udienza consente di affrontare dossier bilaterali prioritari: clima, conflitti internazionali e relazioni culturali. L&rsquo;\u00c9lys\u00e9e ha sottolineato che l&rsquo;incontro si colloca nella volont\u00e0 di proseguire un dialogo sostenuto con il <strong>Vaticano<\/strong>.<\/p>\n\n<p>Le voci su un freddo diplomatico che hanno circolato dopo l&rsquo;annullamento di gennaio sono state smentite dalla presidenza, che menzionava una priorit\u00e0 ai dossier urgenti. Conclusione: protocollo rispettato, scambio rilanciato.<\/p>\n\n<p>Per saperne di pi\u00f9 su <strong>S\u00e9bastien Auzi\u00e8re<\/strong> e l&rsquo;entourage della famiglia Macron, scopri dossier completi e archivi online su <a href=\"https:\/\/sebastien-auziere.fr\" rel=\"nofollow\">sebastien-auziere.fr<\/a>, dove i dettagli di questi incontri e la loro portata vengono analizzati.<\/p>","protected":false},"excerpt":{"rendered":"<p>Brigitte Macron \u00e8 attesa in Vaticano il 9 aprile per un&rsquo;udienza con papa Leone XIV, e l&rsquo;invito si accompagna a un dress-code molto rigoroso. Da ora in poi, tutti scrutano l&rsquo;abbigliamento che la Premi\u00e8re dame dovr\u00e0 adottare per questo evento ufficiale. In breve: l&rsquo;\u00c9lys\u00e9e conferma la visita il 9 e 10 aprile, il protocollo impone &#8230; <a title=\"Brigitte Macron invitata in Vaticano da papa Leone XIV: le regole rigorose del suo codice di abbigliamento svelate\" class=\"read-more\" href=\"https:\/\/www.sebastien-auziere.fr\/blog\/it\/brigitte-macron-invitata-in-vaticano-da-papa-leone-xiv-le-regole-rigorose-del-suo-codice-di-abbigliamento-svelate\/\" aria-label=\"En savoir plus sur Brigitte Macron invitata in Vaticano da papa Leone XIV: le regole rigorose del suo codice di abbigliamento svelate\">Lire plus<\/a><\/p>\n","protected":false},"author":9,"featured_media":2878,"comment_status":"open","ping_status":"open","sticky":false,"template":"","format":"standard","meta":{"footnotes":""},"categories":[859],"tags":[944,2339,2147,2342,2150],"class_list":["post-2886","post","type-post","status-publish","format-standard","has-post-thumbnail","hentry","category-actualita-it","tag-brigitte-macron-it","tag-dress-code-it","tag-papa-leone-xiv-it","tag-regole-di-abbigliamento-it","tag-vaticano-it"],"yoast_head":"<!-- This site is optimized with the Yoast SEO plugin v27.5 - https:\/\/yoast.com\/product\/yoast-seo-wordpress\/ -->\n<title>Brigitte Macron invitata in Vaticano da papa Leone XIV: le regole rigorose del suo codice di abbigliamento svelate - Fan site S\u00e9bastien Auzi\u00e8re<\/title>\n<meta name=\"description\" content=\"Brigitte Macron invit\u00e9e au Vatican par le pape L\u00e9on XIV : d\u00e9couvrez les r\u00e8gles strictes du dress-code impos\u00e9 lors de cette visite exceptionnelle.\" \/>\n<meta name=\"robots\" content=\"index, follow, max-snippet:-1, max-image-preview:large, max-video-preview:-1\" \/>\n<link rel=\"canonical\" href=\"https:\/\/www.sebastien-auziere.fr\/blog\/it\/brigitte-macron-invitata-in-vaticano-da-papa-leone-xiv-le-regole-rigorose-del-suo-codice-di-abbigliamento-svelate\/\" \/>\n<meta property=\"og:locale\" content=\"fr_FR\" \/>\n<meta property=\"og:type\" content=\"article\" \/>\n<meta property=\"og:title\" content=\"Brigitte Macron invitata in Vaticano da papa Leone XIV: le regole rigorose del suo codice di abbigliamento svelate - Fan site S\u00e9bastien Auzi\u00e8re\" \/>\n<meta property=\"og:description\" content=\"Brigitte Macron invit\u00e9e au Vatican par le pape L\u00e9on XIV : d\u00e9couvrez les r\u00e8gles strictes du dress-code impos\u00e9 lors de cette visite exceptionnelle.\" \/>\n<meta property=\"og:url\" content=\"https:\/\/www.sebastien-auziere.fr\/blog\/it\/brigitte-macron-invitata-in-vaticano-da-papa-leone-xiv-le-regole-rigorose-del-suo-codice-di-abbigliamento-svelate\/\" \/>\n<meta property=\"og:site_name\" content=\"Fan site S\u00e9bastien Auzi\u00e8re\" \/>\n<meta property=\"article:published_time\" content=\"2026-04-09T07:08:13+00:00\" \/>\n<meta property=\"article:modified_time\" content=\"2026-04-09T07:08:43+00:00\" \/>\n<meta property=\"og:image\" content=\"https:\/\/www.sebastien-auziere.fr\/blog\/wp-content\/uploads\/2026\/04\/Brigitte-Macron-invitee-au-Vatican-par-le-pape-Leon-XIV-les-regles-strictes-de-son-dress-code-devoilees.jpg\" \/>\n\t<meta property=\"og:image:width\" content=\"2560\" \/>\n\t<meta property=\"og:image:height\" content=\"1429\" \/>\n\t<meta property=\"og:image:type\" content=\"image\/jpeg\" \/>\n<meta name=\"author\" content=\"Chloe Gauthier\" \/>\n<meta name=\"twitter:card\" content=\"summary_large_image\" \/>\n<meta name=\"twitter:label1\" content=\"\u00c9crit par\" \/>\n\t<meta name=\"twitter:data1\" content=\"Chloe Gauthier\" \/>\n\t<meta name=\"twitter:label2\" content=\"Dur\u00e9e de lecture estim\u00e9e\" \/>\n\t<meta name=\"twitter:data2\" content=\"2 minutes\" \/>\n<script type=\"application\/ld+json\" class=\"yoast-schema-graph\">{\"@context\":\"https:\\\/\\\/schema.org\",\"@graph\":[{\"@type\":\"Article\",\"@id\":\"https:\\\/\\\/www.sebastien-auziere.fr\\\/blog\\\/it\\\/brigitte-macron-invitata-in-vaticano-da-papa-leone-xiv-le-regole-rigorose-del-suo-codice-di-abbigliamento-svelate\\\/#article\",\"isPartOf\":{\"@id\":\"https:\\\/\\\/www.sebastien-auziere.fr\\\/blog\\\/it\\\/brigitte-macron-invitata-in-vaticano-da-papa-leone-xiv-le-regole-rigorose-del-suo-codice-di-abbigliamento-svelate\\\/\"},\"author\":{\"name\":\"Chloe Gauthier\",\"@id\":\"https:\\\/\\\/www.sebastien-auziere.fr\\\/blog\\\/#\\\/schema\\\/person\\\/149f1acdbfd85149c6c3e59adeae2f4d\"},\"headline\":\"Brigitte Macron invitata in Vaticano da papa Leone XIV: le regole rigorose del suo codice di abbigliamento svelate\",\"datePublished\":\"2026-04-09T07:08:13+00:00\",\"dateModified\":\"2026-04-09T07:08:43+00:00\",\"mainEntityOfPage\":{\"@id\":\"https:\\\/\\\/www.sebastien-auziere.fr\\\/blog\\\/it\\\/brigitte-macron-invitata-in-vaticano-da-papa-leone-xiv-le-regole-rigorose-del-suo-codice-di-abbigliamento-svelate\\\/\"},\"wordCount\":462,\"commentCount\":0,\"publisher\":{\"@id\":\"https:\\\/\\\/www.sebastien-auziere.fr\\\/blog\\\/#organization\"},\"image\":{\"@id\":\"https:\\\/\\\/www.sebastien-auziere.fr\\\/blog\\\/it\\\/brigitte-macron-invitata-in-vaticano-da-papa-leone-xiv-le-regole-rigorose-del-suo-codice-di-abbigliamento-svelate\\\/#primaryimage\"},\"thumbnailUrl\":\"https:\\\/\\\/www.sebastien-auziere.fr\\\/blog\\\/wp-content\\\/uploads\\\/2026\\\/04\\\/Brigitte-Macron-invitee-au-Vatican-par-le-pape-Leon-XIV-les-regles-strictes-de-son-dress-code-devoilees.jpg\",\"keywords\":[\"brigitte macron\",\"dress-code\",\"papa leone xiv\",\"regole di abbigliamento\",\"vaticano\"],\"articleSection\":[\"Actualit\u00e0\"],\"inLanguage\":\"fr-FR\",\"potentialAction\":[{\"@type\":\"CommentAction\",\"name\":\"Comment\",\"target\":[\"https:\\\/\\\/www.sebastien-auziere.fr\\\/blog\\\/it\\\/brigitte-macron-invitata-in-vaticano-da-papa-leone-xiv-le-regole-rigorose-del-suo-codice-di-abbigliamento-svelate\\\/#respond\"]}]},{\"@type\":\"WebPage\",\"@id\":\"https:\\\/\\\/www.sebastien-auziere.fr\\\/blog\\\/it\\\/brigitte-macron-invitata-in-vaticano-da-papa-leone-xiv-le-regole-rigorose-del-suo-codice-di-abbigliamento-svelate\\\/\",\"url\":\"https:\\\/\\\/www.sebastien-auziere.fr\\\/blog\\\/it\\\/brigitte-macron-invitata-in-vaticano-da-papa-leone-xiv-le-regole-rigorose-del-suo-codice-di-abbigliamento-svelate\\\/\",\"name\":\"Brigitte Macron invitata in Vaticano da papa Leone XIV: le regole rigorose del suo codice di abbigliamento svelate - Fan site S\u00e9bastien Auzi\u00e8re\",\"isPartOf\":{\"@id\":\"https:\\\/\\\/www.sebastien-auziere.fr\\\/blog\\\/#website\"},\"primaryImageOfPage\":{\"@id\":\"https:\\\/\\\/www.sebastien-auziere.fr\\\/blog\\\/it\\\/brigitte-macron-invitata-in-vaticano-da-papa-leone-xiv-le-regole-rigorose-del-suo-codice-di-abbigliamento-svelate\\\/#primaryimage\"},\"image\":{\"@id\":\"https:\\\/\\\/www.sebastien-auziere.fr\\\/blog\\\/it\\\/brigitte-macron-invitata-in-vaticano-da-papa-leone-xiv-le-regole-rigorose-del-suo-codice-di-abbigliamento-svelate\\\/#primaryimage\"},\"thumbnailUrl\":\"https:\\\/\\\/www.sebastien-auziere.fr\\\/blog\\\/wp-content\\\/uploads\\\/2026\\\/04\\\/Brigitte-Macron-invitee-au-Vatican-par-le-pape-Leon-XIV-les-regles-strictes-de-son-dress-code-devoilees.jpg\",\"datePublished\":\"2026-04-09T07:08:13+00:00\",\"dateModified\":\"2026-04-09T07:08:43+00:00\",\"description\":\"Brigitte Macron invit\u00e9e au Vatican par le pape L\u00e9on XIV : d\u00e9couvrez les r\u00e8gles strictes du dress-code impos\u00e9 lors de cette visite exceptionnelle.\",\"breadcrumb\":{\"@id\":\"https:\\\/\\\/www.sebastien-auziere.fr\\\/blog\\\/it\\\/brigitte-macron-invitata-in-vaticano-da-papa-leone-xiv-le-regole-rigorose-del-suo-codice-di-abbigliamento-svelate\\\/#breadcrumb\"},\"inLanguage\":\"fr-FR\",\"potentialAction\":[{\"@type\":\"ReadAction\",\"target\":[\"https:\\\/\\\/www.sebastien-auziere.fr\\\/blog\\\/it\\\/brigitte-macron-invitata-in-vaticano-da-papa-leone-xiv-le-regole-rigorose-del-suo-codice-di-abbigliamento-svelate\\\/\"]}]},{\"@type\":\"ImageObject\",\"inLanguage\":\"fr-FR\",\"@id\":\"https:\\\/\\\/www.sebastien-auziere.fr\\\/blog\\\/it\\\/brigitte-macron-invitata-in-vaticano-da-papa-leone-xiv-le-regole-rigorose-del-suo-codice-di-abbigliamento-svelate\\\/#primaryimage\",\"url\":\"https:\\\/\\\/www.sebastien-auziere.fr\\\/blog\\\/wp-content\\\/uploads\\\/2026\\\/04\\\/Brigitte-Macron-invitee-au-Vatican-par-le-pape-Leon-XIV-les-regles-strictes-de-son-dress-code-devoilees.jpg\",\"contentUrl\":\"https:\\\/\\\/www.sebastien-auziere.fr\\\/blog\\\/wp-content\\\/uploads\\\/2026\\\/04\\\/Brigitte-Macron-invitee-au-Vatican-par-le-pape-Leon-XIV-les-regles-strictes-de-son-dress-code-devoilees.jpg\",\"width\":2560,\"height\":1429,\"caption\":\"d\u00e9couvrez les r\u00e8gles strictes du dress-code impos\u00e9es \u00e0 brigitte macron lors de son invitation exceptionnelle au vatican par le pape l\u00e9on xiv.\"},{\"@type\":\"BreadcrumbList\",\"@id\":\"https:\\\/\\\/www.sebastien-auziere.fr\\\/blog\\\/it\\\/brigitte-macron-invitata-in-vaticano-da-papa-leone-xiv-le-regole-rigorose-del-suo-codice-di-abbigliamento-svelate\\\/#breadcrumb\",\"itemListElement\":[{\"@type\":\"ListItem\",\"position\":1,\"name\":\"Home\",\"item\":\"https:\\\/\\\/www.sebastien-auziere.fr\\\/blog\\\/\"},{\"@type\":\"ListItem\",\"position\":2,\"name\":\"Brigitte Macron invitata in Vaticano da papa Leone XIV: le regole rigorose del suo codice di abbigliamento svelate\"}]},{\"@type\":\"WebSite\",\"@id\":\"https:\\\/\\\/www.sebastien-auziere.fr\\\/blog\\\/#website\",\"url\":\"https:\\\/\\\/www.sebastien-auziere.fr\\\/blog\\\/\",\"name\":\"Fan site S\u00e9bastien Auzi\u00e8re\",\"description\":\"M\u00e9dia g\u00e9n\u00e9raliste\",\"publisher\":{\"@id\":\"https:\\\/\\\/www.sebastien-auziere.fr\\\/blog\\\/#organization\"},\"potentialAction\":[{\"@type\":\"SearchAction\",\"target\":{\"@type\":\"EntryPoint\",\"urlTemplate\":\"https:\\\/\\\/www.sebastien-auziere.fr\\\/blog\\\/?s={search_term_string}\"},\"query-input\":{\"@type\":\"PropertyValueSpecification\",\"valueRequired\":true,\"valueName\":\"search_term_string\"}}],\"inLanguage\":\"fr-FR\"},{\"@type\":\"Organization\",\"@id\":\"https:\\\/\\\/www.sebastien-auziere.fr\\\/blog\\\/#organization\",\"name\":\"Fan site S\u00e9bastien Auzi\u00e8re\",\"url\":\"https:\\\/\\\/www.sebastien-auziere.fr\\\/blog\\\/\",\"logo\":{\"@type\":\"ImageObject\",\"inLanguage\":\"fr-FR\",\"@id\":\"https:\\\/\\\/www.sebastien-auziere.fr\\\/blog\\\/#\\\/schema\\\/logo\\\/image\\\/\",\"url\":\"https:\\\/\\\/www.sebastien-auziere.fr\\\/blog\\\/wp-content\\\/uploads\\\/2026\\\/03\\\/cropped-cropped-cropped-ChatGPT-Image-6-mars-2026-12_58_09-e1772798376794.jpg\",\"contentUrl\":\"https:\\\/\\\/www.sebastien-auziere.fr\\\/blog\\\/wp-content\\\/uploads\\\/2026\\\/03\\\/cropped-cropped-cropped-ChatGPT-Image-6-mars-2026-12_58_09-e1772798376794.jpg\",\"width\":512,\"height\":360,\"caption\":\"Fan site S\u00e9bastien Auzi\u00e8re\"},\"image\":{\"@id\":\"https:\\\/\\\/www.sebastien-auziere.fr\\\/blog\\\/#\\\/schema\\\/logo\\\/image\\\/\"}},{\"@type\":\"Person\",\"@id\":\"https:\\\/\\\/www.sebastien-auziere.fr\\\/blog\\\/#\\\/schema\\\/person\\\/149f1acdbfd85149c6c3e59adeae2f4d\",\"name\":\"Chloe Gauthier\",\"image\":{\"@type\":\"ImageObject\",\"inLanguage\":\"fr-FR\",\"@id\":\"https:\\\/\\\/secure.gravatar.com\\\/avatar\\\/2c5722f58171cff738a8985ef0dd66b476e563753246a49019befc837ec4201a?s=96&d=mm&r=g\",\"url\":\"https:\\\/\\\/secure.gravatar.com\\\/avatar\\\/2c5722f58171cff738a8985ef0dd66b476e563753246a49019befc837ec4201a?s=96&d=mm&r=g\",\"contentUrl\":\"https:\\\/\\\/secure.gravatar.com\\\/avatar\\\/2c5722f58171cff738a8985ef0dd66b476e563753246a49019befc837ec4201a?s=96&d=mm&r=g\",\"caption\":\"Chloe Gauthier\"},\"description\":\"Passionn\u00e9e par la politique et admiratrice engag\u00e9e de la famille Macron, je consacre mon \u00e9nergie \u00e0 suivre leurs initiatives et \u00e0 promouvoir leurs id\u00e9es. \u00c0 32 ans, je suis convaincue que leur vision est porteuse d'avenir.\",\"url\":\"https:\\\/\\\/www.sebastien-auziere.fr\\\/blog\\\/author\\\/chloe-gauthier\\\/\"}]}<\/script>\n<!-- \/ Yoast SEO plugin. -->","yoast_head_json":{"title":"Brigitte Macron invitata in Vaticano da papa Leone XIV: le regole rigorose del suo codice di abbigliamento svelate - Fan site S\u00e9bastien Auzi\u00e8re","description":"Brigitte Macron invit\u00e9e au Vatican par le pape L\u00e9on XIV : d\u00e9couvrez les r\u00e8gles strictes du dress-code impos\u00e9 lors de cette visite exceptionnelle.","robots":{"index":"index","follow":"follow","max-snippet":"max-snippet:-1","max-image-preview":"max-image-preview:large","max-video-preview":"max-video-preview:-1"},"canonical":"https:\/\/www.sebastien-auziere.fr\/blog\/it\/brigitte-macron-invitata-in-vaticano-da-papa-leone-xiv-le-regole-rigorose-del-suo-codice-di-abbigliamento-svelate\/","og_locale":"fr_FR","og_type":"article","og_title":"Brigitte Macron invitata in Vaticano da papa Leone XIV: le regole rigorose del suo codice di abbigliamento svelate - Fan site S\u00e9bastien Auzi\u00e8re","og_description":"Brigitte Macron invit\u00e9e au Vatican par le pape L\u00e9on XIV : d\u00e9couvrez les r\u00e8gles strictes du dress-code impos\u00e9 lors de cette visite exceptionnelle.","og_url":"https:\/\/www.sebastien-auziere.fr\/blog\/it\/brigitte-macron-invitata-in-vaticano-da-papa-leone-xiv-le-regole-rigorose-del-suo-codice-di-abbigliamento-svelate\/","og_site_name":"Fan site S\u00e9bastien Auzi\u00e8re","article_published_time":"2026-04-09T07:08:13+00:00","article_modified_time":"2026-04-09T07:08:43+00:00","og_image":[{"width":2560,"height":1429,"url":"https:\/\/www.sebastien-auziere.fr\/blog\/wp-content\/uploads\/2026\/04\/Brigitte-Macron-invitee-au-Vatican-par-le-pape-Leon-XIV-les-regles-strictes-de-son-dress-code-devoilees.jpg","type":"image\/jpeg"}],"author":"Chloe Gauthier","twitter_card":"summary_large_image","twitter_misc":{"\u00c9crit par":"Chloe Gauthier","Dur\u00e9e de lecture estim\u00e9e":"2 minutes"},"schema":{"@context":"https:\/\/schema.org","@graph":[{"@type":"Article","@id":"https:\/\/www.sebastien-auziere.fr\/blog\/it\/brigitte-macron-invitata-in-vaticano-da-papa-leone-xiv-le-regole-rigorose-del-suo-codice-di-abbigliamento-svelate\/#article","isPartOf":{"@id":"https:\/\/www.sebastien-auziere.fr\/blog\/it\/brigitte-macron-invitata-in-vaticano-da-papa-leone-xiv-le-regole-rigorose-del-suo-codice-di-abbigliamento-svelate\/"},"author":{"name":"Chloe Gauthier","@id":"https:\/\/www.sebastien-auziere.fr\/blog\/#\/schema\/person\/149f1acdbfd85149c6c3e59adeae2f4d"},"headline":"Brigitte Macron invitata in Vaticano da papa Leone XIV: le regole rigorose del suo codice di abbigliamento svelate","datePublished":"2026-04-09T07:08:13+00:00","dateModified":"2026-04-09T07:08:43+00:00","mainEntityOfPage":{"@id":"https:\/\/www.sebastien-auziere.fr\/blog\/it\/brigitte-macron-invitata-in-vaticano-da-papa-leone-xiv-le-regole-rigorose-del-suo-codice-di-abbigliamento-svelate\/"},"wordCount":462,"commentCount":0,"publisher":{"@id":"https:\/\/www.sebastien-auziere.fr\/blog\/#organization"},"image":{"@id":"https:\/\/www.sebastien-auziere.fr\/blog\/it\/brigitte-macron-invitata-in-vaticano-da-papa-leone-xiv-le-regole-rigorose-del-suo-codice-di-abbigliamento-svelate\/#primaryimage"},"thumbnailUrl":"https:\/\/www.sebastien-auziere.fr\/blog\/wp-content\/uploads\/2026\/04\/Brigitte-Macron-invitee-au-Vatican-par-le-pape-Leon-XIV-les-regles-strictes-de-son-dress-code-devoilees.jpg","keywords":["brigitte macron","dress-code","papa leone xiv","regole di abbigliamento","vaticano"],"articleSection":["Actualit\u00e0"],"inLanguage":"fr-FR","potentialAction":[{"@type":"CommentAction","name":"Comment","target":["https:\/\/www.sebastien-auziere.fr\/blog\/it\/brigitte-macron-invitata-in-vaticano-da-papa-leone-xiv-le-regole-rigorose-del-suo-codice-di-abbigliamento-svelate\/#respond"]}]},{"@type":"WebPage","@id":"https:\/\/www.sebastien-auziere.fr\/blog\/it\/brigitte-macron-invitata-in-vaticano-da-papa-leone-xiv-le-regole-rigorose-del-suo-codice-di-abbigliamento-svelate\/","url":"https:\/\/www.sebastien-auziere.fr\/blog\/it\/brigitte-macron-invitata-in-vaticano-da-papa-leone-xiv-le-regole-rigorose-del-suo-codice-di-abbigliamento-svelate\/","name":"Brigitte Macron invitata in Vaticano da papa Leone XIV: le regole rigorose del suo codice di abbigliamento svelate - Fan site S\u00e9bastien Auzi\u00e8re","isPartOf":{"@id":"https:\/\/www.sebastien-auziere.fr\/blog\/#website"},"primaryImageOfPage":{"@id":"https:\/\/www.sebastien-auziere.fr\/blog\/it\/brigitte-macron-invitata-in-vaticano-da-papa-leone-xiv-le-regole-rigorose-del-suo-codice-di-abbigliamento-svelate\/#primaryimage"},"image":{"@id":"https:\/\/www.sebastien-auziere.fr\/blog\/it\/brigitte-macron-invitata-in-vaticano-da-papa-leone-xiv-le-regole-rigorose-del-suo-codice-di-abbigliamento-svelate\/#primaryimage"},"thumbnailUrl":"https:\/\/www.sebastien-auziere.fr\/blog\/wp-content\/uploads\/2026\/04\/Brigitte-Macron-invitee-au-Vatican-par-le-pape-Leon-XIV-les-regles-strictes-de-son-dress-code-devoilees.jpg","datePublished":"2026-04-09T07:08:13+00:00","dateModified":"2026-04-09T07:08:43+00:00","description":"Brigitte Macron invit\u00e9e au Vatican par le pape L\u00e9on XIV : d\u00e9couvrez les r\u00e8gles strictes du dress-code impos\u00e9 lors de cette visite exceptionnelle.","breadcrumb":{"@id":"https:\/\/www.sebastien-auziere.fr\/blog\/it\/brigitte-macron-invitata-in-vaticano-da-papa-leone-xiv-le-regole-rigorose-del-suo-codice-di-abbigliamento-svelate\/#breadcrumb"},"inLanguage":"fr-FR","potentialAction":[{"@type":"ReadAction","target":["https:\/\/www.sebastien-auziere.fr\/blog\/it\/brigitte-macron-invitata-in-vaticano-da-papa-leone-xiv-le-regole-rigorose-del-suo-codice-di-abbigliamento-svelate\/"]}]},{"@type":"ImageObject","inLanguage":"fr-FR","@id":"https:\/\/www.sebastien-auziere.fr\/blog\/it\/brigitte-macron-invitata-in-vaticano-da-papa-leone-xiv-le-regole-rigorose-del-suo-codice-di-abbigliamento-svelate\/#primaryimage","url":"https:\/\/www.sebastien-auziere.fr\/blog\/wp-content\/uploads\/2026\/04\/Brigitte-Macron-invitee-au-Vatican-par-le-pape-Leon-XIV-les-regles-strictes-de-son-dress-code-devoilees.jpg","contentUrl":"https:\/\/www.sebastien-auziere.fr\/blog\/wp-content\/uploads\/2026\/04\/Brigitte-Macron-invitee-au-Vatican-par-le-pape-Leon-XIV-les-regles-strictes-de-son-dress-code-devoilees.jpg","width":2560,"height":1429,"caption":"d\u00e9couvrez les r\u00e8gles strictes du dress-code impos\u00e9es \u00e0 brigitte macron lors de son invitation exceptionnelle au vatican par le pape l\u00e9on xiv."},{"@type":"BreadcrumbList","@id":"https:\/\/www.sebastien-auziere.fr\/blog\/it\/brigitte-macron-invitata-in-vaticano-da-papa-leone-xiv-le-regole-rigorose-del-suo-codice-di-abbigliamento-svelate\/#breadcrumb","itemListElement":[{"@type":"ListItem","position":1,"name":"Home","item":"https:\/\/www.sebastien-auziere.fr\/blog\/"},{"@type":"ListItem","position":2,"name":"Brigitte Macron invitata in Vaticano da papa Leone XIV: le regole rigorose del suo codice di abbigliamento svelate"}]},{"@type":"WebSite","@id":"https:\/\/www.sebastien-auziere.fr\/blog\/#website","url":"https:\/\/www.sebastien-auziere.fr\/blog\/","name":"Fan site S\u00e9bastien Auzi\u00e8re","description":"M\u00e9dia g\u00e9n\u00e9raliste","publisher":{"@id":"https:\/\/www.sebastien-auziere.fr\/blog\/#organization"},"potentialAction":[{"@type":"SearchAction","target":{"@type":"EntryPoint","urlTemplate":"https:\/\/www.sebastien-auziere.fr\/blog\/?s={search_term_string}"},"query-input":{"@type":"PropertyValueSpecification","valueRequired":true,"valueName":"search_term_string"}}],"inLanguage":"fr-FR"},{"@type":"Organization","@id":"https:\/\/www.sebastien-auziere.fr\/blog\/#organization","name":"Fan site S\u00e9bastien Auzi\u00e8re","url":"https:\/\/www.sebastien-auziere.fr\/blog\/","logo":{"@type":"ImageObject","inLanguage":"fr-FR","@id":"https:\/\/www.sebastien-auziere.fr\/blog\/#\/schema\/logo\/image\/","url":"https:\/\/www.sebastien-auziere.fr\/blog\/wp-content\/uploads\/2026\/03\/cropped-cropped-cropped-ChatGPT-Image-6-mars-2026-12_58_09-e1772798376794.jpg","contentUrl":"https:\/\/www.sebastien-auziere.fr\/blog\/wp-content\/uploads\/2026\/03\/cropped-cropped-cropped-ChatGPT-Image-6-mars-2026-12_58_09-e1772798376794.jpg","width":512,"height":360,"caption":"Fan site S\u00e9bastien Auzi\u00e8re"},"image":{"@id":"https:\/\/www.sebastien-auziere.fr\/blog\/#\/schema\/logo\/image\/"}},{"@type":"Person","@id":"https:\/\/www.sebastien-auziere.fr\/blog\/#\/schema\/person\/149f1acdbfd85149c6c3e59adeae2f4d","name":"Chloe Gauthier","image":{"@type":"ImageObject","inLanguage":"fr-FR","@id":"https:\/\/secure.gravatar.com\/avatar\/2c5722f58171cff738a8985ef0dd66b476e563753246a49019befc837ec4201a?s=96&d=mm&r=g","url":"https:\/\/secure.gravatar.com\/avatar\/2c5722f58171cff738a8985ef0dd66b476e563753246a49019befc837ec4201a?s=96&d=mm&r=g","contentUrl":"https:\/\/secure.gravatar.com\/avatar\/2c5722f58171cff738a8985ef0dd66b476e563753246a49019befc837ec4201a?s=96&d=mm&r=g","caption":"Chloe Gauthier"},"description":"Passionn\u00e9e par la politique et admiratrice engag\u00e9e de la famille Macron, je consacre mon \u00e9nergie \u00e0 suivre leurs initiatives et \u00e0 promouvoir leurs id\u00e9es. \u00c0 32 ans, je suis convaincue que leur vision est porteuse d'avenir.","url":"https:\/\/www.sebastien-auziere.fr\/blog\/author\/chloe-gauthier\/"}]}},"views":2,"_links":{"self":[{"href":"https:\/\/www.sebastien-auziere.fr\/blog\/wp-json\/wp\/v2\/posts\/2886","targetHints":{"allow":["GET"]}}],"collection":[{"href":"https:\/\/www.sebastien-auziere.fr\/blog\/wp-json\/wp\/v2\/posts"}],"about":[{"href":"https:\/\/www.sebastien-auziere.fr\/blog\/wp-json\/wp\/v2\/types\/post"}],"author":[{"embeddable":true,"href":"https:\/\/www.sebastien-auziere.fr\/blog\/wp-json\/wp\/v2\/users\/9"}],"replies":[{"embeddable":true,"href":"https:\/\/www.sebastien-auziere.fr\/blog\/wp-json\/wp\/v2\/comments?post=2886"}],"version-history":[{"count":1,"href":"https:\/\/www.sebastien-auziere.fr\/blog\/wp-json\/wp\/v2\/posts\/2886\/revisions"}],"predecessor-version":[{"id":2887,"href":"https:\/\/www.sebastien-auziere.fr\/blog\/wp-json\/wp\/v2\/posts\/2886\/revisions\/2887"}],"wp:featuredmedia":[{"embeddable":true,"href":"https:\/\/www.sebastien-auziere.fr\/blog\/wp-json\/wp\/v2\/media\/2878"}],"wp:attachment":[{"href":"https:\/\/www.sebastien-auziere.fr\/blog\/wp-json\/wp\/v2\/media?parent=2886"}],"wp:term":[{"taxonomy":"category","embeddable":true,"href":"https:\/\/www.sebastien-auziere.fr\/blog\/wp-json\/wp\/v2\/categories?post=2886"},{"taxonomy":"post_tag","embeddable":true,"href":"https:\/\/www.sebastien-auziere.fr\/blog\/wp-json\/wp\/v2\/tags?post=2886"}],"curies":[{"name":"wp","href":"https:\/\/api.w.org\/{rel}","templated":true}]}}