{"id":2884,"date":"2026-04-09T07:07:02","date_gmt":"2026-04-09T07:07:02","guid":{"rendered":"https:\/\/www.sebastien-auziere.fr\/blog\/?p=2884"},"modified":"2026-04-09T07:07:25","modified_gmt":"2026-04-09T07:07:25","slug":"brigitte-macron-vom-papst-leo-xiv-in-den-vatikan-eingeladen-die-strengen-regeln-ihres-dresscodes-enthullt","status":"publish","type":"post","link":"https:\/\/www.sebastien-auziere.fr\/blog\/de\/brigitte-macron-vom-papst-leo-xiv-in-den-vatikan-eingeladen-die-strengen-regeln-ihres-dresscodes-enthullt\/","title":{"rendered":"Brigitte Macron vom Papst Leo XIV. in den Vatikan eingeladen: die strengen Regeln ihres Dresscodes enth\u00fcllt"},"content":{"rendered":"<p><strong>Brigitte Macron<\/strong> wird am <strong>9. April<\/strong> im <strong>Vatikan<\/strong> zu einer Audienz mit <strong>Papst Leo XIV<\/strong> erwartet, und die <strong>Einladung<\/strong> kommt mit einem sehr strengen <strong>Kleiderkodex<\/strong>. Ab sofort beobachtet jeder die <strong>Kleidung<\/strong>, die die First Lady f\u00fcr dieses <strong>offizielle Ereignis<\/strong> tragen wird.<\/p>\n\n<p><strong>Kurz gesagt<\/strong>: Der \u00c9lys\u00e9e-Palast best\u00e4tigt den Besuch am <strong>9. und 10. April<\/strong>, das Protokoll verlangt ein schwarzes Kleid und eine zur\u00fcckhaltende Haltung, das Kopftuch ist nicht mehr erforderlich. Das Treffen folgt dem Jahrestag des Todes von Papst Franziskus am 21. April 2025 und nach einer Reise nach Asien.<\/p>\n\n<h2 class=\"wp-block-heading\">Diplomatischer Kontext und Besuchskalender im Vatikan<\/h2>\n\n<p>Die Reise von Emmanuel und <strong>Brigitte Macron<\/strong> erfolgt unmittelbar nach einem offiziellen Besuch in Japan und S\u00fcdkorea. Der \u00c9lys\u00e9e-Palast hat klargestellt, dass diese Audienz, die f\u00fcr die <strong>9. und 10. April<\/strong> angesetzt ist, darauf abzielt, einen st\u00e4ndigen Dialog mit dem <strong>Vatikan<\/strong> aufrechtzuerhalten, insbesondere zu internationalen Themen.<\/p>\n\n<p>Nach einer Verschiebung im Januar wegen \u201eUnvereinbarkeit des Terminplans\u201c best\u00e4tigt die Durchf\u00fchrung des Besuchs den Willen, die bilateralen Beziehungen schnell wiederzubeleben. <a href=\"https:\/\/www.cnews.fr\/france\/2026-04-08\/emmanuel-macron-se-rend-au-vatican-des-ce-jeudi-9-avril-pour-rencontrer-le-pape\" rel=\"nofollow\">Die von CNews angek\u00fcndigte Reise<\/a> erinnert an die Bedeutung des diplomatischen Kalenders.<\/p>\n\n<h2 class=\"wp-block-heading\">Die strengen Kleidervorschriften f\u00fcr die Audienz<\/h2>\n\n<p>Das Protokoll verlangt, dass die First Lady ein schwarzes Kleid in Zeichen des Respekts und der Demut tr\u00e4gt: ein Kleid, das unter dem Knie endet, mit langen \u00c4rmeln und rundem Halsausschnitt bleibt der Standard. Das traditionelle Frauen-Kopftuch, das fr\u00fcher h\u00e4ufig war, gilt mittlerweile als altmodisch und ist f\u00fcr diese Audienz nicht erforderlich.<\/p>\n\n<p>Man erinnert sich an die schlichten Entscheidungen von <strong>Brigitte Macron<\/strong> bei ihren vorherigen Besuchen im Vatikan, insbesondere am 24. Oktober 2022. F\u00fcr einen \u00dcberblick \u00fcber die Gr\u00fcnde f\u00fcr die fr\u00fchere Verschiebung siehe <a href=\"https:\/\/www.gala.fr\/l_actu\/news_de_stars\/brigitte-et-emmanuel-macron-bientot-recus-par-le-pape-leon-xiv-pourquoi-leur-precedente-visite-au-vatican-a-ete-annulee-a-la-derniere-minute-20260407\" rel=\"nofollow\">den Artikel von Gala<\/a>.<\/p>\n\n<h3 class=\"wp-block-heading\">Etikette, Symbol und Entwicklung des Protokolls<\/h3>\n\n<p>Die Regel des schwarzen Kleides ist in einer langen Tradition der <strong>papalen Etikette<\/strong> verwurzelt, die darauf abzielt, Schamhaftigkeit und Respekt w\u00e4hrend einer Privat-Audienz zu zeigen. Historisch symbolisierte das Tuch die Fr\u00f6mmigkeit, aber das <strong>Protokoll<\/strong> hat sich entwickelt, um sich an zeitgen\u00f6ssische Praktiken anzupassen.<\/p>\n\n<p>Diese Kleiderwahl ist auch ein diplomatisches Signal: N\u00fcchternheit statt Prahlerei, was einen Austausch zu politischen Themen erleichtert. Einsicht: Die Kleidung wird zum Mittel nonverbaler Kommunikation.<\/p>\n\n<h2 class=\"wp-block-heading\">Diplomatische Konsequenzen und Bedeutung f\u00fcr die Beziehung Frankreich\u2013Heiliger Stuhl<\/h2>\n\n<p>\u00dcber die <strong>Einladung<\/strong> hinaus erm\u00f6glicht diese Audienz die Ansprache von priorit\u00e4ren bilateralen Themen: Klima, internationale Konflikte und kulturelle Beziehungen. Der \u00c9lys\u00e9e-Palast hat betont, dass das Treffen im Rahmen des Willens steht, einen intensiven Dialog mit dem <strong>Vatikan<\/strong> fortzusetzen.<\/p>\n\n<p>Die Ger\u00fcchte \u00fcber eine diplomatische K\u00e4lte, die nach der Absage im Januar aufgekommen waren, wurden von der Pr\u00e4sidentschaft dementiert, die eine Priorit\u00e4t f\u00fcr dringende Themen anf\u00fchrte. Fazit: Protokoll eingehalten, Austausch wiederbelebt.<\/p>\n\n<p>F\u00fcr weitere Informationen \u00fcber <strong>S\u00e9bastien Auzi\u00e8re<\/strong> und das Umfeld der Familie Macron, entdecke umfassende Dossiers und Online-Archive auf <a href=\"https:\/\/sebastien-auziere.fr\" rel=\"nofollow\">sebastien-auziere.fr<\/a>, wo die Details dieser Treffen und ihre Bedeutung analysiert werden.<\/p>","protected":false},"excerpt":{"rendered":"<p>Brigitte Macron wird am 9. April im Vatikan zu einer Audienz mit Papst Leo XIV erwartet, und die Einladung kommt mit einem sehr strengen Kleiderkodex. Ab sofort beobachtet jeder die Kleidung, die die First Lady f\u00fcr dieses offizielle Ereignis tragen wird. Kurz gesagt: Der \u00c9lys\u00e9e-Palast best\u00e4tigt den Besuch am 9. und 10. April, das Protokoll &#8230; <a title=\"Brigitte Macron vom Papst Leo XIV. in den Vatikan eingeladen: die strengen Regeln ihres Dresscodes enth\u00fcllt\" class=\"read-more\" href=\"https:\/\/www.sebastien-auziere.fr\/blog\/de\/brigitte-macron-vom-papst-leo-xiv-in-den-vatikan-eingeladen-die-strengen-regeln-ihres-dresscodes-enthullt\/\" aria-label=\"En savoir plus sur Brigitte Macron vom Papst Leo XIV. in den Vatikan eingeladen: die strengen Regeln ihres Dresscodes enth\u00fcllt\">Lire plus<\/a><\/p>\n","protected":false},"author":9,"featured_media":2878,"comment_status":"open","ping_status":"open","sticky":false,"template":"","format":"standard","meta":{"footnotes":""},"categories":[856],"tags":[929,2333,2336,2138,2141],"class_list":["post-2884","post","type-post","status-publish","format-standard","has-post-thumbnail","hentry","category-aktuelles-de","tag-brigitte-macron-de","tag-dresscode-de","tag-kleiderordnung-de","tag-papa-leon-xiv-de","tag-vatican-de"],"yoast_head":"<!-- This site is optimized with the Yoast SEO plugin v27.5 - https:\/\/yoast.com\/product\/yoast-seo-wordpress\/ -->\n<title>Brigitte Macron vom Papst Leo XIV. in den Vatikan eingeladen: die strengen Regeln ihres Dresscodes enth\u00fcllt - Fan site S\u00e9bastien Auzi\u00e8re<\/title>\n<meta name=\"description\" content=\"Brigitte Macron invit\u00e9e au Vatican par le pape L\u00e9on XIV : d\u00e9couvrez les r\u00e8gles strictes du dress-code impos\u00e9 lors de cette visite exceptionnelle.\" \/>\n<meta name=\"robots\" content=\"index, follow, max-snippet:-1, max-image-preview:large, max-video-preview:-1\" \/>\n<link rel=\"canonical\" href=\"https:\/\/www.sebastien-auziere.fr\/blog\/de\/brigitte-macron-vom-papst-leo-xiv-in-den-vatikan-eingeladen-die-strengen-regeln-ihres-dresscodes-enthullt\/\" \/>\n<meta property=\"og:locale\" content=\"fr_FR\" \/>\n<meta property=\"og:type\" content=\"article\" \/>\n<meta property=\"og:title\" content=\"Brigitte Macron vom Papst Leo XIV. in den Vatikan eingeladen: die strengen Regeln ihres Dresscodes enth\u00fcllt - Fan site S\u00e9bastien Auzi\u00e8re\" \/>\n<meta property=\"og:description\" content=\"Brigitte Macron invit\u00e9e au Vatican par le pape L\u00e9on XIV : d\u00e9couvrez les r\u00e8gles strictes du dress-code impos\u00e9 lors de cette visite exceptionnelle.\" \/>\n<meta property=\"og:url\" content=\"https:\/\/www.sebastien-auziere.fr\/blog\/de\/brigitte-macron-vom-papst-leo-xiv-in-den-vatikan-eingeladen-die-strengen-regeln-ihres-dresscodes-enthullt\/\" \/>\n<meta property=\"og:site_name\" content=\"Fan site S\u00e9bastien Auzi\u00e8re\" \/>\n<meta property=\"article:published_time\" content=\"2026-04-09T07:07:02+00:00\" \/>\n<meta property=\"article:modified_time\" content=\"2026-04-09T07:07:25+00:00\" \/>\n<meta property=\"og:image\" content=\"https:\/\/www.sebastien-auziere.fr\/blog\/wp-content\/uploads\/2026\/04\/Brigitte-Macron-invitee-au-Vatican-par-le-pape-Leon-XIV-les-regles-strictes-de-son-dress-code-devoilees.jpg\" \/>\n\t<meta property=\"og:image:width\" content=\"2560\" \/>\n\t<meta property=\"og:image:height\" content=\"1429\" \/>\n\t<meta property=\"og:image:type\" content=\"image\/jpeg\" \/>\n<meta name=\"author\" content=\"Chloe Gauthier\" \/>\n<meta name=\"twitter:card\" content=\"summary_large_image\" \/>\n<meta name=\"twitter:label1\" content=\"\u00c9crit par\" \/>\n\t<meta name=\"twitter:data1\" content=\"Chloe Gauthier\" \/>\n\t<meta name=\"twitter:label2\" content=\"Dur\u00e9e de lecture estim\u00e9e\" \/>\n\t<meta name=\"twitter:data2\" content=\"2 minutes\" \/>\n<script type=\"application\/ld+json\" class=\"yoast-schema-graph\">{\"@context\":\"https:\\\/\\\/schema.org\",\"@graph\":[{\"@type\":\"Article\",\"@id\":\"https:\\\/\\\/www.sebastien-auziere.fr\\\/blog\\\/de\\\/brigitte-macron-vom-papst-leo-xiv-in-den-vatikan-eingeladen-die-strengen-regeln-ihres-dresscodes-enthullt\\\/#article\",\"isPartOf\":{\"@id\":\"https:\\\/\\\/www.sebastien-auziere.fr\\\/blog\\\/de\\\/brigitte-macron-vom-papst-leo-xiv-in-den-vatikan-eingeladen-die-strengen-regeln-ihres-dresscodes-enthullt\\\/\"},\"author\":{\"name\":\"Chloe Gauthier\",\"@id\":\"https:\\\/\\\/www.sebastien-auziere.fr\\\/blog\\\/#\\\/schema\\\/person\\\/149f1acdbfd85149c6c3e59adeae2f4d\"},\"headline\":\"Brigitte Macron vom Papst Leo XIV. in den Vatikan eingeladen: die strengen Regeln ihres Dresscodes enth\u00fcllt\",\"datePublished\":\"2026-04-09T07:07:02+00:00\",\"dateModified\":\"2026-04-09T07:07:25+00:00\",\"mainEntityOfPage\":{\"@id\":\"https:\\\/\\\/www.sebastien-auziere.fr\\\/blog\\\/de\\\/brigitte-macron-vom-papst-leo-xiv-in-den-vatikan-eingeladen-die-strengen-regeln-ihres-dresscodes-enthullt\\\/\"},\"wordCount\":496,\"commentCount\":0,\"publisher\":{\"@id\":\"https:\\\/\\\/www.sebastien-auziere.fr\\\/blog\\\/#organization\"},\"image\":{\"@id\":\"https:\\\/\\\/www.sebastien-auziere.fr\\\/blog\\\/de\\\/brigitte-macron-vom-papst-leo-xiv-in-den-vatikan-eingeladen-die-strengen-regeln-ihres-dresscodes-enthullt\\\/#primaryimage\"},\"thumbnailUrl\":\"https:\\\/\\\/www.sebastien-auziere.fr\\\/blog\\\/wp-content\\\/uploads\\\/2026\\\/04\\\/Brigitte-Macron-invitee-au-Vatican-par-le-pape-Leon-XIV-les-regles-strictes-de-son-dress-code-devoilees.jpg\",\"keywords\":[\"brigitte macron\",\"dresscode\",\"Kleiderordnung\",\"papa le\u00f3n xiv\",\"vatican\"],\"articleSection\":[\"Aktuelles\"],\"inLanguage\":\"fr-FR\",\"potentialAction\":[{\"@type\":\"CommentAction\",\"name\":\"Comment\",\"target\":[\"https:\\\/\\\/www.sebastien-auziere.fr\\\/blog\\\/de\\\/brigitte-macron-vom-papst-leo-xiv-in-den-vatikan-eingeladen-die-strengen-regeln-ihres-dresscodes-enthullt\\\/#respond\"]}]},{\"@type\":\"WebPage\",\"@id\":\"https:\\\/\\\/www.sebastien-auziere.fr\\\/blog\\\/de\\\/brigitte-macron-vom-papst-leo-xiv-in-den-vatikan-eingeladen-die-strengen-regeln-ihres-dresscodes-enthullt\\\/\",\"url\":\"https:\\\/\\\/www.sebastien-auziere.fr\\\/blog\\\/de\\\/brigitte-macron-vom-papst-leo-xiv-in-den-vatikan-eingeladen-die-strengen-regeln-ihres-dresscodes-enthullt\\\/\",\"name\":\"Brigitte Macron vom Papst Leo XIV. in den Vatikan eingeladen: die strengen Regeln ihres Dresscodes enth\u00fcllt - Fan site S\u00e9bastien Auzi\u00e8re\",\"isPartOf\":{\"@id\":\"https:\\\/\\\/www.sebastien-auziere.fr\\\/blog\\\/#website\"},\"primaryImageOfPage\":{\"@id\":\"https:\\\/\\\/www.sebastien-auziere.fr\\\/blog\\\/de\\\/brigitte-macron-vom-papst-leo-xiv-in-den-vatikan-eingeladen-die-strengen-regeln-ihres-dresscodes-enthullt\\\/#primaryimage\"},\"image\":{\"@id\":\"https:\\\/\\\/www.sebastien-auziere.fr\\\/blog\\\/de\\\/brigitte-macron-vom-papst-leo-xiv-in-den-vatikan-eingeladen-die-strengen-regeln-ihres-dresscodes-enthullt\\\/#primaryimage\"},\"thumbnailUrl\":\"https:\\\/\\\/www.sebastien-auziere.fr\\\/blog\\\/wp-content\\\/uploads\\\/2026\\\/04\\\/Brigitte-Macron-invitee-au-Vatican-par-le-pape-Leon-XIV-les-regles-strictes-de-son-dress-code-devoilees.jpg\",\"datePublished\":\"2026-04-09T07:07:02+00:00\",\"dateModified\":\"2026-04-09T07:07:25+00:00\",\"description\":\"Brigitte Macron invit\u00e9e au Vatican par le pape L\u00e9on XIV : d\u00e9couvrez les r\u00e8gles strictes du dress-code impos\u00e9 lors de cette visite exceptionnelle.\",\"breadcrumb\":{\"@id\":\"https:\\\/\\\/www.sebastien-auziere.fr\\\/blog\\\/de\\\/brigitte-macron-vom-papst-leo-xiv-in-den-vatikan-eingeladen-die-strengen-regeln-ihres-dresscodes-enthullt\\\/#breadcrumb\"},\"inLanguage\":\"fr-FR\",\"potentialAction\":[{\"@type\":\"ReadAction\",\"target\":[\"https:\\\/\\\/www.sebastien-auziere.fr\\\/blog\\\/de\\\/brigitte-macron-vom-papst-leo-xiv-in-den-vatikan-eingeladen-die-strengen-regeln-ihres-dresscodes-enthullt\\\/\"]}]},{\"@type\":\"ImageObject\",\"inLanguage\":\"fr-FR\",\"@id\":\"https:\\\/\\\/www.sebastien-auziere.fr\\\/blog\\\/de\\\/brigitte-macron-vom-papst-leo-xiv-in-den-vatikan-eingeladen-die-strengen-regeln-ihres-dresscodes-enthullt\\\/#primaryimage\",\"url\":\"https:\\\/\\\/www.sebastien-auziere.fr\\\/blog\\\/wp-content\\\/uploads\\\/2026\\\/04\\\/Brigitte-Macron-invitee-au-Vatican-par-le-pape-Leon-XIV-les-regles-strictes-de-son-dress-code-devoilees.jpg\",\"contentUrl\":\"https:\\\/\\\/www.sebastien-auziere.fr\\\/blog\\\/wp-content\\\/uploads\\\/2026\\\/04\\\/Brigitte-Macron-invitee-au-Vatican-par-le-pape-Leon-XIV-les-regles-strictes-de-son-dress-code-devoilees.jpg\",\"width\":2560,\"height\":1429,\"caption\":\"d\u00e9couvrez les r\u00e8gles strictes du dress-code impos\u00e9es \u00e0 brigitte macron lors de son invitation exceptionnelle au vatican par le pape l\u00e9on xiv.\"},{\"@type\":\"BreadcrumbList\",\"@id\":\"https:\\\/\\\/www.sebastien-auziere.fr\\\/blog\\\/de\\\/brigitte-macron-vom-papst-leo-xiv-in-den-vatikan-eingeladen-die-strengen-regeln-ihres-dresscodes-enthullt\\\/#breadcrumb\",\"itemListElement\":[{\"@type\":\"ListItem\",\"position\":1,\"name\":\"Home\",\"item\":\"https:\\\/\\\/www.sebastien-auziere.fr\\\/blog\\\/\"},{\"@type\":\"ListItem\",\"position\":2,\"name\":\"Brigitte Macron vom Papst Leo XIV. in den Vatikan eingeladen: die strengen Regeln ihres Dresscodes enth\u00fcllt\"}]},{\"@type\":\"WebSite\",\"@id\":\"https:\\\/\\\/www.sebastien-auziere.fr\\\/blog\\\/#website\",\"url\":\"https:\\\/\\\/www.sebastien-auziere.fr\\\/blog\\\/\",\"name\":\"Fan site S\u00e9bastien Auzi\u00e8re\",\"description\":\"M\u00e9dia g\u00e9n\u00e9raliste\",\"publisher\":{\"@id\":\"https:\\\/\\\/www.sebastien-auziere.fr\\\/blog\\\/#organization\"},\"potentialAction\":[{\"@type\":\"SearchAction\",\"target\":{\"@type\":\"EntryPoint\",\"urlTemplate\":\"https:\\\/\\\/www.sebastien-auziere.fr\\\/blog\\\/?s={search_term_string}\"},\"query-input\":{\"@type\":\"PropertyValueSpecification\",\"valueRequired\":true,\"valueName\":\"search_term_string\"}}],\"inLanguage\":\"fr-FR\"},{\"@type\":\"Organization\",\"@id\":\"https:\\\/\\\/www.sebastien-auziere.fr\\\/blog\\\/#organization\",\"name\":\"Fan site S\u00e9bastien Auzi\u00e8re\",\"url\":\"https:\\\/\\\/www.sebastien-auziere.fr\\\/blog\\\/\",\"logo\":{\"@type\":\"ImageObject\",\"inLanguage\":\"fr-FR\",\"@id\":\"https:\\\/\\\/www.sebastien-auziere.fr\\\/blog\\\/#\\\/schema\\\/logo\\\/image\\\/\",\"url\":\"https:\\\/\\\/www.sebastien-auziere.fr\\\/blog\\\/wp-content\\\/uploads\\\/2026\\\/03\\\/cropped-cropped-cropped-ChatGPT-Image-6-mars-2026-12_58_09-e1772798376794.jpg\",\"contentUrl\":\"https:\\\/\\\/www.sebastien-auziere.fr\\\/blog\\\/wp-content\\\/uploads\\\/2026\\\/03\\\/cropped-cropped-cropped-ChatGPT-Image-6-mars-2026-12_58_09-e1772798376794.jpg\",\"width\":512,\"height\":360,\"caption\":\"Fan site S\u00e9bastien Auzi\u00e8re\"},\"image\":{\"@id\":\"https:\\\/\\\/www.sebastien-auziere.fr\\\/blog\\\/#\\\/schema\\\/logo\\\/image\\\/\"}},{\"@type\":\"Person\",\"@id\":\"https:\\\/\\\/www.sebastien-auziere.fr\\\/blog\\\/#\\\/schema\\\/person\\\/149f1acdbfd85149c6c3e59adeae2f4d\",\"name\":\"Chloe Gauthier\",\"image\":{\"@type\":\"ImageObject\",\"inLanguage\":\"fr-FR\",\"@id\":\"https:\\\/\\\/secure.gravatar.com\\\/avatar\\\/2c5722f58171cff738a8985ef0dd66b476e563753246a49019befc837ec4201a?s=96&d=mm&r=g\",\"url\":\"https:\\\/\\\/secure.gravatar.com\\\/avatar\\\/2c5722f58171cff738a8985ef0dd66b476e563753246a49019befc837ec4201a?s=96&d=mm&r=g\",\"contentUrl\":\"https:\\\/\\\/secure.gravatar.com\\\/avatar\\\/2c5722f58171cff738a8985ef0dd66b476e563753246a49019befc837ec4201a?s=96&d=mm&r=g\",\"caption\":\"Chloe Gauthier\"},\"description\":\"Passionn\u00e9e par la politique et admiratrice engag\u00e9e de la famille Macron, je consacre mon \u00e9nergie \u00e0 suivre leurs initiatives et \u00e0 promouvoir leurs id\u00e9es. \u00c0 32 ans, je suis convaincue que leur vision est porteuse d'avenir.\",\"url\":\"https:\\\/\\\/www.sebastien-auziere.fr\\\/blog\\\/author\\\/chloe-gauthier\\\/\"}]}<\/script>\n<!-- \/ Yoast SEO plugin. -->","yoast_head_json":{"title":"Brigitte Macron vom Papst Leo XIV. in den Vatikan eingeladen: die strengen Regeln ihres Dresscodes enth\u00fcllt - Fan site S\u00e9bastien Auzi\u00e8re","description":"Brigitte Macron invit\u00e9e au Vatican par le pape L\u00e9on XIV : d\u00e9couvrez les r\u00e8gles strictes du dress-code impos\u00e9 lors de cette visite exceptionnelle.","robots":{"index":"index","follow":"follow","max-snippet":"max-snippet:-1","max-image-preview":"max-image-preview:large","max-video-preview":"max-video-preview:-1"},"canonical":"https:\/\/www.sebastien-auziere.fr\/blog\/de\/brigitte-macron-vom-papst-leo-xiv-in-den-vatikan-eingeladen-die-strengen-regeln-ihres-dresscodes-enthullt\/","og_locale":"fr_FR","og_type":"article","og_title":"Brigitte Macron vom Papst Leo XIV. in den Vatikan eingeladen: die strengen Regeln ihres Dresscodes enth\u00fcllt - Fan site S\u00e9bastien Auzi\u00e8re","og_description":"Brigitte Macron invit\u00e9e au Vatican par le pape L\u00e9on XIV : d\u00e9couvrez les r\u00e8gles strictes du dress-code impos\u00e9 lors de cette visite exceptionnelle.","og_url":"https:\/\/www.sebastien-auziere.fr\/blog\/de\/brigitte-macron-vom-papst-leo-xiv-in-den-vatikan-eingeladen-die-strengen-regeln-ihres-dresscodes-enthullt\/","og_site_name":"Fan site S\u00e9bastien Auzi\u00e8re","article_published_time":"2026-04-09T07:07:02+00:00","article_modified_time":"2026-04-09T07:07:25+00:00","og_image":[{"width":2560,"height":1429,"url":"https:\/\/www.sebastien-auziere.fr\/blog\/wp-content\/uploads\/2026\/04\/Brigitte-Macron-invitee-au-Vatican-par-le-pape-Leon-XIV-les-regles-strictes-de-son-dress-code-devoilees.jpg","type":"image\/jpeg"}],"author":"Chloe Gauthier","twitter_card":"summary_large_image","twitter_misc":{"\u00c9crit par":"Chloe Gauthier","Dur\u00e9e de lecture estim\u00e9e":"2 minutes"},"schema":{"@context":"https:\/\/schema.org","@graph":[{"@type":"Article","@id":"https:\/\/www.sebastien-auziere.fr\/blog\/de\/brigitte-macron-vom-papst-leo-xiv-in-den-vatikan-eingeladen-die-strengen-regeln-ihres-dresscodes-enthullt\/#article","isPartOf":{"@id":"https:\/\/www.sebastien-auziere.fr\/blog\/de\/brigitte-macron-vom-papst-leo-xiv-in-den-vatikan-eingeladen-die-strengen-regeln-ihres-dresscodes-enthullt\/"},"author":{"name":"Chloe Gauthier","@id":"https:\/\/www.sebastien-auziere.fr\/blog\/#\/schema\/person\/149f1acdbfd85149c6c3e59adeae2f4d"},"headline":"Brigitte Macron vom Papst Leo XIV. in den Vatikan eingeladen: die strengen Regeln ihres Dresscodes enth\u00fcllt","datePublished":"2026-04-09T07:07:02+00:00","dateModified":"2026-04-09T07:07:25+00:00","mainEntityOfPage":{"@id":"https:\/\/www.sebastien-auziere.fr\/blog\/de\/brigitte-macron-vom-papst-leo-xiv-in-den-vatikan-eingeladen-die-strengen-regeln-ihres-dresscodes-enthullt\/"},"wordCount":496,"commentCount":0,"publisher":{"@id":"https:\/\/www.sebastien-auziere.fr\/blog\/#organization"},"image":{"@id":"https:\/\/www.sebastien-auziere.fr\/blog\/de\/brigitte-macron-vom-papst-leo-xiv-in-den-vatikan-eingeladen-die-strengen-regeln-ihres-dresscodes-enthullt\/#primaryimage"},"thumbnailUrl":"https:\/\/www.sebastien-auziere.fr\/blog\/wp-content\/uploads\/2026\/04\/Brigitte-Macron-invitee-au-Vatican-par-le-pape-Leon-XIV-les-regles-strictes-de-son-dress-code-devoilees.jpg","keywords":["brigitte macron","dresscode","Kleiderordnung","papa le\u00f3n xiv","vatican"],"articleSection":["Aktuelles"],"inLanguage":"fr-FR","potentialAction":[{"@type":"CommentAction","name":"Comment","target":["https:\/\/www.sebastien-auziere.fr\/blog\/de\/brigitte-macron-vom-papst-leo-xiv-in-den-vatikan-eingeladen-die-strengen-regeln-ihres-dresscodes-enthullt\/#respond"]}]},{"@type":"WebPage","@id":"https:\/\/www.sebastien-auziere.fr\/blog\/de\/brigitte-macron-vom-papst-leo-xiv-in-den-vatikan-eingeladen-die-strengen-regeln-ihres-dresscodes-enthullt\/","url":"https:\/\/www.sebastien-auziere.fr\/blog\/de\/brigitte-macron-vom-papst-leo-xiv-in-den-vatikan-eingeladen-die-strengen-regeln-ihres-dresscodes-enthullt\/","name":"Brigitte Macron vom Papst Leo XIV. in den Vatikan eingeladen: die strengen Regeln ihres Dresscodes enth\u00fcllt - Fan site S\u00e9bastien Auzi\u00e8re","isPartOf":{"@id":"https:\/\/www.sebastien-auziere.fr\/blog\/#website"},"primaryImageOfPage":{"@id":"https:\/\/www.sebastien-auziere.fr\/blog\/de\/brigitte-macron-vom-papst-leo-xiv-in-den-vatikan-eingeladen-die-strengen-regeln-ihres-dresscodes-enthullt\/#primaryimage"},"image":{"@id":"https:\/\/www.sebastien-auziere.fr\/blog\/de\/brigitte-macron-vom-papst-leo-xiv-in-den-vatikan-eingeladen-die-strengen-regeln-ihres-dresscodes-enthullt\/#primaryimage"},"thumbnailUrl":"https:\/\/www.sebastien-auziere.fr\/blog\/wp-content\/uploads\/2026\/04\/Brigitte-Macron-invitee-au-Vatican-par-le-pape-Leon-XIV-les-regles-strictes-de-son-dress-code-devoilees.jpg","datePublished":"2026-04-09T07:07:02+00:00","dateModified":"2026-04-09T07:07:25+00:00","description":"Brigitte Macron invit\u00e9e au Vatican par le pape L\u00e9on XIV : d\u00e9couvrez les r\u00e8gles strictes du dress-code impos\u00e9 lors de cette visite exceptionnelle.","breadcrumb":{"@id":"https:\/\/www.sebastien-auziere.fr\/blog\/de\/brigitte-macron-vom-papst-leo-xiv-in-den-vatikan-eingeladen-die-strengen-regeln-ihres-dresscodes-enthullt\/#breadcrumb"},"inLanguage":"fr-FR","potentialAction":[{"@type":"ReadAction","target":["https:\/\/www.sebastien-auziere.fr\/blog\/de\/brigitte-macron-vom-papst-leo-xiv-in-den-vatikan-eingeladen-die-strengen-regeln-ihres-dresscodes-enthullt\/"]}]},{"@type":"ImageObject","inLanguage":"fr-FR","@id":"https:\/\/www.sebastien-auziere.fr\/blog\/de\/brigitte-macron-vom-papst-leo-xiv-in-den-vatikan-eingeladen-die-strengen-regeln-ihres-dresscodes-enthullt\/#primaryimage","url":"https:\/\/www.sebastien-auziere.fr\/blog\/wp-content\/uploads\/2026\/04\/Brigitte-Macron-invitee-au-Vatican-par-le-pape-Leon-XIV-les-regles-strictes-de-son-dress-code-devoilees.jpg","contentUrl":"https:\/\/www.sebastien-auziere.fr\/blog\/wp-content\/uploads\/2026\/04\/Brigitte-Macron-invitee-au-Vatican-par-le-pape-Leon-XIV-les-regles-strictes-de-son-dress-code-devoilees.jpg","width":2560,"height":1429,"caption":"d\u00e9couvrez les r\u00e8gles strictes du dress-code impos\u00e9es \u00e0 brigitte macron lors de son invitation exceptionnelle au vatican par le pape l\u00e9on xiv."},{"@type":"BreadcrumbList","@id":"https:\/\/www.sebastien-auziere.fr\/blog\/de\/brigitte-macron-vom-papst-leo-xiv-in-den-vatikan-eingeladen-die-strengen-regeln-ihres-dresscodes-enthullt\/#breadcrumb","itemListElement":[{"@type":"ListItem","position":1,"name":"Home","item":"https:\/\/www.sebastien-auziere.fr\/blog\/"},{"@type":"ListItem","position":2,"name":"Brigitte Macron vom Papst Leo XIV. in den Vatikan eingeladen: die strengen Regeln ihres Dresscodes enth\u00fcllt"}]},{"@type":"WebSite","@id":"https:\/\/www.sebastien-auziere.fr\/blog\/#website","url":"https:\/\/www.sebastien-auziere.fr\/blog\/","name":"Fan site S\u00e9bastien Auzi\u00e8re","description":"M\u00e9dia g\u00e9n\u00e9raliste","publisher":{"@id":"https:\/\/www.sebastien-auziere.fr\/blog\/#organization"},"potentialAction":[{"@type":"SearchAction","target":{"@type":"EntryPoint","urlTemplate":"https:\/\/www.sebastien-auziere.fr\/blog\/?s={search_term_string}"},"query-input":{"@type":"PropertyValueSpecification","valueRequired":true,"valueName":"search_term_string"}}],"inLanguage":"fr-FR"},{"@type":"Organization","@id":"https:\/\/www.sebastien-auziere.fr\/blog\/#organization","name":"Fan site S\u00e9bastien Auzi\u00e8re","url":"https:\/\/www.sebastien-auziere.fr\/blog\/","logo":{"@type":"ImageObject","inLanguage":"fr-FR","@id":"https:\/\/www.sebastien-auziere.fr\/blog\/#\/schema\/logo\/image\/","url":"https:\/\/www.sebastien-auziere.fr\/blog\/wp-content\/uploads\/2026\/03\/cropped-cropped-cropped-ChatGPT-Image-6-mars-2026-12_58_09-e1772798376794.jpg","contentUrl":"https:\/\/www.sebastien-auziere.fr\/blog\/wp-content\/uploads\/2026\/03\/cropped-cropped-cropped-ChatGPT-Image-6-mars-2026-12_58_09-e1772798376794.jpg","width":512,"height":360,"caption":"Fan site S\u00e9bastien Auzi\u00e8re"},"image":{"@id":"https:\/\/www.sebastien-auziere.fr\/blog\/#\/schema\/logo\/image\/"}},{"@type":"Person","@id":"https:\/\/www.sebastien-auziere.fr\/blog\/#\/schema\/person\/149f1acdbfd85149c6c3e59adeae2f4d","name":"Chloe Gauthier","image":{"@type":"ImageObject","inLanguage":"fr-FR","@id":"https:\/\/secure.gravatar.com\/avatar\/2c5722f58171cff738a8985ef0dd66b476e563753246a49019befc837ec4201a?s=96&d=mm&r=g","url":"https:\/\/secure.gravatar.com\/avatar\/2c5722f58171cff738a8985ef0dd66b476e563753246a49019befc837ec4201a?s=96&d=mm&r=g","contentUrl":"https:\/\/secure.gravatar.com\/avatar\/2c5722f58171cff738a8985ef0dd66b476e563753246a49019befc837ec4201a?s=96&d=mm&r=g","caption":"Chloe Gauthier"},"description":"Passionn\u00e9e par la politique et admiratrice engag\u00e9e de la famille Macron, je consacre mon \u00e9nergie \u00e0 suivre leurs initiatives et \u00e0 promouvoir leurs id\u00e9es. \u00c0 32 ans, je suis convaincue que leur vision est porteuse d'avenir.","url":"https:\/\/www.sebastien-auziere.fr\/blog\/author\/chloe-gauthier\/"}]}},"views":4,"_links":{"self":[{"href":"https:\/\/www.sebastien-auziere.fr\/blog\/wp-json\/wp\/v2\/posts\/2884","targetHints":{"allow":["GET"]}}],"collection":[{"href":"https:\/\/www.sebastien-auziere.fr\/blog\/wp-json\/wp\/v2\/posts"}],"about":[{"href":"https:\/\/www.sebastien-auziere.fr\/blog\/wp-json\/wp\/v2\/types\/post"}],"author":[{"embeddable":true,"href":"https:\/\/www.sebastien-auziere.fr\/blog\/wp-json\/wp\/v2\/users\/9"}],"replies":[{"embeddable":true,"href":"https:\/\/www.sebastien-auziere.fr\/blog\/wp-json\/wp\/v2\/comments?post=2884"}],"version-history":[{"count":1,"href":"https:\/\/www.sebastien-auziere.fr\/blog\/wp-json\/wp\/v2\/posts\/2884\/revisions"}],"predecessor-version":[{"id":2885,"href":"https:\/\/www.sebastien-auziere.fr\/blog\/wp-json\/wp\/v2\/posts\/2884\/revisions\/2885"}],"wp:featuredmedia":[{"embeddable":true,"href":"https:\/\/www.sebastien-auziere.fr\/blog\/wp-json\/wp\/v2\/media\/2878"}],"wp:attachment":[{"href":"https:\/\/www.sebastien-auziere.fr\/blog\/wp-json\/wp\/v2\/media?parent=2884"}],"wp:term":[{"taxonomy":"category","embeddable":true,"href":"https:\/\/www.sebastien-auziere.fr\/blog\/wp-json\/wp\/v2\/categories?post=2884"},{"taxonomy":"post_tag","embeddable":true,"href":"https:\/\/www.sebastien-auziere.fr\/blog\/wp-json\/wp\/v2\/tags?post=2884"}],"curies":[{"name":"wp","href":"https:\/\/api.w.org\/{rel}","templated":true}]}}