{"id":2882,"date":"2026-04-09T07:06:11","date_gmt":"2026-04-09T07:06:11","guid":{"rendered":"https:\/\/www.sebastien-auziere.fr\/blog\/?p=2882"},"modified":"2026-04-09T07:06:39","modified_gmt":"2026-04-09T07:06:39","slug":"brigitte-macron-invitada-en-el-vaticano-por-el-papa-leon-xiv-se-revelan-las-estrictas-reglas-de-su-codigo-de-vestimenta","status":"publish","type":"post","link":"https:\/\/www.sebastien-auziere.fr\/blog\/es\/brigitte-macron-invitada-en-el-vaticano-por-el-papa-leon-xiv-se-revelan-las-estrictas-reglas-de-su-codigo-de-vestimenta\/","title":{"rendered":"Brigitte Macron invitada en el Vaticano por el papa Le\u00f3n XIV: se revelan las estrictas reglas de su c\u00f3digo de vestimenta"},"content":{"rendered":"<p><strong>Brigitte Macron<\/strong> est\u00e1 prevista en el <strong>Vaticano<\/strong> el <strong>9 de abril<\/strong> para una audiencia con el <strong>papa Le\u00f3n XIV<\/strong>, y la <strong>invitaci\u00f3n<\/strong> se acompa\u00f1a de un <strong>c\u00f3digo de vestimenta<\/strong> muy estricto. Desde ahora, todos est\u00e1n observando la <strong>indumentaria<\/strong> que la Primera dama deber\u00e1 adoptar para este <strong>evento oficial<\/strong>.<\/p>\n\n<p><strong>En resumen<\/strong>: el El\u00edseo confirma la visita los <strong>9 y 10 de abril<\/strong>, el protocolo impone un vestido negro y una actitud de reserva, el velo ya no es obligatorio. El encuentro sigue el aniversario del fallecimiento del papa Francisco el 21 de abril de 2025 y sucede al viaje a Asia.<\/p>\n\n<h2 class=\"wp-block-heading\">Contexto diplom\u00e1tico y calendario de la visita al Vaticano<\/h2>\n\n<p>El desplazamiento de Emmanuel y de <strong>Brigitte Macron<\/strong> ocurre justo despu\u00e9s de un viaje oficial a Jap\u00f3n y Corea del Sur. El El\u00edseo ha precisado que esta audiencia, programada para los <strong>9 y 10 de abril<\/strong>, busca mantener un di\u00e1logo constante con el <strong>Vaticano<\/strong>, especialmente sobre los temas internacionales.<\/p>\n\n<p>Despu\u00e9s de un aplazamiento en enero por \u00abincompatibilidad de agenda\u00bb, la realizaci\u00f3n de la visita confirma la voluntad de retomar r\u00e1pidamente los intercambios bilaterales. <a href=\"https:\/\/www.cnews.fr\/france\/2026-04-08\/emmanuel-macron-se-rend-au-vatican-des-ce-jeudi-9-avril-pour-rencontrer-le-pape\" rel=\"nofollow\">El desplazamiento anunciado por CNews<\/a> recuerda la importancia del calendario diplom\u00e1tico.<\/p>\n\n<h2 class=\"wp-block-heading\">Las estrictas reglas del c\u00f3digo de vestimenta impuestas para la audiencia<\/h2>\n\n<p>El protocolo exige que la Primera dama vista de negro como signo de respeto y humildad: un vestido por debajo de la rodilla, de mangas largas y cuello a la caja siguen siendo la referencia. El tradicional velo femenino, que antes era com\u00fan, ahora se considera pasado de moda y no es requerido para esta audiencia.<\/p>\n\n<p>Se recuerdan las elecciones sobrias de <strong>Brigitte Macron<\/strong> durante sus visitas anteriores al Vaticano, especialmente el 24 de octubre de 2022. Para un resumen de las razones de la cancelaci\u00f3n anterior, ver <a href=\"https:\/\/www.gala.fr\/l_actu\/news_de_stars\/brigitte-et-emmanuel-macron-bientot-recus-par-le-pape-leon-xiv-pourquoi-leur-precedente-visite-au-vatican-a-ete-annulee-a-la-derniere-minute-20260407\" rel=\"nofollow\">el art\u00edculo de Gala<\/a>.<\/p>\n\n<h3 class=\"wp-block-heading\">Etiqueta, s\u00edmbolo y evoluci\u00f3n del protocolo<\/h3>\n\n<p>La regla del vestido negro se arraiga en una larga tradici\u00f3n de <strong>etiqueta<\/strong> papal, destinada a mostrar modestia y respeto durante una audiencia privada. Hist\u00f3ricamente, la mantilla ha simbolizado la piedad, pero el <strong>protocolo<\/strong> ha evolucionado para adaptarse a las pr\u00e1cticas contempor\u00e1neas.<\/p>\n\n<p>Esta elecci\u00f3n de vestuario tambi\u00e9n es una se\u00f1al diplom\u00e1tica: sobriedad en lugar de ostentaci\u00f3n, lo que facilita un intercambio centrado en los temas pol\u00edticos. Perspectiva: la ropa se convierte en una herramienta de comunicaci\u00f3n no verbal.<\/p>\n\n<h2 class=\"wp-block-heading\">Consecuencias diplom\u00e1ticas y significado para la relaci\u00f3n Francia\u2013Santa Sede<\/h2>\n\n<p>M\u00e1s all\u00e1 de la <strong>invitaci\u00f3n<\/strong>, esta audiencia permite abordar los asuntos bilaterales prioritarios: clima, conflictos internacionales y relaciones culturales. El El\u00edseo ha subrayado que el encuentro se inscribe en la voluntad de continuar un di\u00e1logo sostenido con el <strong>Vaticano<\/strong>.<\/p>\n\n<p>Los rumores sobre un enfriamiento diplom\u00e1tico que circularon tras la cancelaci\u00f3n de enero han sido desmentidos por la presidencia, que mencionaba una prioridad en los asuntos urgentes. Conclusi\u00f3n: protocolo respetado, intercambio relanzado.<\/p>\n\n<p>Para saber m\u00e1s sobre <strong>S\u00e9bastien Auzi\u00e8re<\/strong> y el entorno de la familia Macron, descubre archivos completos y documentos en l\u00ednea en <a href=\"https:\/\/sebastien-auziere.fr\" rel=\"nofollow\">sebastien-auziere.fr<\/a>, donde se analizan los detalles de estos encuentros y su relevancia.<\/p>","protected":false},"excerpt":{"rendered":"<p>Brigitte Macron est\u00e1 prevista en el Vaticano el 9 de abril para una audiencia con el papa Le\u00f3n XIV, y la invitaci\u00f3n se acompa\u00f1a de un c\u00f3digo de vestimenta muy estricto. Desde ahora, todos est\u00e1n observando la indumentaria que la Primera dama deber\u00e1 adoptar para este evento oficial. En resumen: el El\u00edseo confirma la visita &#8230; <a title=\"Brigitte Macron invitada en el Vaticano por el papa Le\u00f3n XIV: se revelan las estrictas reglas de su c\u00f3digo de vestimenta\" class=\"read-more\" href=\"https:\/\/www.sebastien-auziere.fr\/blog\/es\/brigitte-macron-invitada-en-el-vaticano-por-el-papa-leon-xiv-se-revelan-las-estrictas-reglas-de-su-codigo-de-vestimenta\/\" aria-label=\"En savoir plus sur Brigitte Macron invitada en el Vaticano por el papa Le\u00f3n XIV: se revelan las estrictas reglas de su c\u00f3digo de vestimenta\">Lire plus<\/a><\/p>\n","protected":false},"author":9,"featured_media":2878,"comment_status":"open","ping_status":"open","sticky":false,"template":"","format":"standard","meta":{"footnotes":""},"categories":[820],"tags":[914,2327,2129,2330,2132],"class_list":["post-2882","post","type-post","status-publish","format-standard","has-post-thumbnail","hentry","category-actualidades-es","tag-brigitte-macron-es","tag-codigo-de-vestimenta-es","tag-papa-leon-xiv-es","tag-reglas-de-vestimenta-es","tag-vaticano-es"],"yoast_head":"<!-- This site is optimized with the Yoast SEO plugin v27.5 - https:\/\/yoast.com\/product\/yoast-seo-wordpress\/ -->\n<title>Brigitte Macron invitada en el Vaticano por el papa Le\u00f3n XIV: se revelan las estrictas reglas de su c\u00f3digo de vestimenta - Fan site S\u00e9bastien Auzi\u00e8re<\/title>\n<meta name=\"description\" content=\"Brigitte Macron invit\u00e9e au Vatican par le pape L\u00e9on XIV : d\u00e9couvrez les r\u00e8gles strictes du dress-code impos\u00e9 lors de cette visite exceptionnelle.\" \/>\n<meta name=\"robots\" content=\"index, follow, max-snippet:-1, max-image-preview:large, max-video-preview:-1\" \/>\n<link rel=\"canonical\" href=\"https:\/\/www.sebastien-auziere.fr\/blog\/es\/brigitte-macron-invitada-en-el-vaticano-por-el-papa-leon-xiv-se-revelan-las-estrictas-reglas-de-su-codigo-de-vestimenta\/\" \/>\n<meta property=\"og:locale\" content=\"fr_FR\" \/>\n<meta property=\"og:type\" content=\"article\" \/>\n<meta property=\"og:title\" content=\"Brigitte Macron invitada en el Vaticano por el papa Le\u00f3n XIV: se revelan las estrictas reglas de su c\u00f3digo de vestimenta - Fan site S\u00e9bastien Auzi\u00e8re\" \/>\n<meta property=\"og:description\" content=\"Brigitte Macron invit\u00e9e au Vatican par le pape L\u00e9on XIV : d\u00e9couvrez les r\u00e8gles strictes du dress-code impos\u00e9 lors de cette visite exceptionnelle.\" \/>\n<meta property=\"og:url\" content=\"https:\/\/www.sebastien-auziere.fr\/blog\/es\/brigitte-macron-invitada-en-el-vaticano-por-el-papa-leon-xiv-se-revelan-las-estrictas-reglas-de-su-codigo-de-vestimenta\/\" \/>\n<meta property=\"og:site_name\" content=\"Fan site S\u00e9bastien Auzi\u00e8re\" \/>\n<meta property=\"article:published_time\" content=\"2026-04-09T07:06:11+00:00\" \/>\n<meta property=\"article:modified_time\" content=\"2026-04-09T07:06:39+00:00\" \/>\n<meta property=\"og:image\" content=\"https:\/\/www.sebastien-auziere.fr\/blog\/wp-content\/uploads\/2026\/04\/Brigitte-Macron-invitee-au-Vatican-par-le-pape-Leon-XIV-les-regles-strictes-de-son-dress-code-devoilees.jpg\" \/>\n\t<meta property=\"og:image:width\" content=\"2560\" \/>\n\t<meta property=\"og:image:height\" content=\"1429\" \/>\n\t<meta property=\"og:image:type\" content=\"image\/jpeg\" \/>\n<meta name=\"author\" content=\"Chloe Gauthier\" \/>\n<meta name=\"twitter:card\" content=\"summary_large_image\" \/>\n<meta name=\"twitter:label1\" content=\"\u00c9crit par\" \/>\n\t<meta name=\"twitter:data1\" content=\"Chloe Gauthier\" \/>\n\t<meta name=\"twitter:label2\" content=\"Dur\u00e9e de lecture estim\u00e9e\" \/>\n\t<meta name=\"twitter:data2\" content=\"3 minutes\" \/>\n<script type=\"application\/ld+json\" class=\"yoast-schema-graph\">{\"@context\":\"https:\\\/\\\/schema.org\",\"@graph\":[{\"@type\":\"Article\",\"@id\":\"https:\\\/\\\/www.sebastien-auziere.fr\\\/blog\\\/es\\\/brigitte-macron-invitada-en-el-vaticano-por-el-papa-leon-xiv-se-revelan-las-estrictas-reglas-de-su-codigo-de-vestimenta\\\/#article\",\"isPartOf\":{\"@id\":\"https:\\\/\\\/www.sebastien-auziere.fr\\\/blog\\\/es\\\/brigitte-macron-invitada-en-el-vaticano-por-el-papa-leon-xiv-se-revelan-las-estrictas-reglas-de-su-codigo-de-vestimenta\\\/\"},\"author\":{\"name\":\"Chloe Gauthier\",\"@id\":\"https:\\\/\\\/www.sebastien-auziere.fr\\\/blog\\\/#\\\/schema\\\/person\\\/149f1acdbfd85149c6c3e59adeae2f4d\"},\"headline\":\"Brigitte Macron invitada en el Vaticano por el papa Le\u00f3n XIV: se revelan las estrictas reglas de su c\u00f3digo de vestimenta\",\"datePublished\":\"2026-04-09T07:06:11+00:00\",\"dateModified\":\"2026-04-09T07:06:39+00:00\",\"mainEntityOfPage\":{\"@id\":\"https:\\\/\\\/www.sebastien-auziere.fr\\\/blog\\\/es\\\/brigitte-macron-invitada-en-el-vaticano-por-el-papa-leon-xiv-se-revelan-las-estrictas-reglas-de-su-codigo-de-vestimenta\\\/\"},\"wordCount\":554,\"commentCount\":0,\"publisher\":{\"@id\":\"https:\\\/\\\/www.sebastien-auziere.fr\\\/blog\\\/#organization\"},\"image\":{\"@id\":\"https:\\\/\\\/www.sebastien-auziere.fr\\\/blog\\\/es\\\/brigitte-macron-invitada-en-el-vaticano-por-el-papa-leon-xiv-se-revelan-las-estrictas-reglas-de-su-codigo-de-vestimenta\\\/#primaryimage\"},\"thumbnailUrl\":\"https:\\\/\\\/www.sebastien-auziere.fr\\\/blog\\\/wp-content\\\/uploads\\\/2026\\\/04\\\/Brigitte-Macron-invitee-au-Vatican-par-le-pape-Leon-XIV-les-regles-strictes-de-son-dress-code-devoilees.jpg\",\"keywords\":[\"brigitte macron\",\"c\u00f3digo de vestimenta\",\"papa le\u00f3n xiv\",\"reglas de vestimenta\",\"vaticano\"],\"articleSection\":[\"Actualidades\"],\"inLanguage\":\"fr-FR\",\"potentialAction\":[{\"@type\":\"CommentAction\",\"name\":\"Comment\",\"target\":[\"https:\\\/\\\/www.sebastien-auziere.fr\\\/blog\\\/es\\\/brigitte-macron-invitada-en-el-vaticano-por-el-papa-leon-xiv-se-revelan-las-estrictas-reglas-de-su-codigo-de-vestimenta\\\/#respond\"]}]},{\"@type\":\"WebPage\",\"@id\":\"https:\\\/\\\/www.sebastien-auziere.fr\\\/blog\\\/es\\\/brigitte-macron-invitada-en-el-vaticano-por-el-papa-leon-xiv-se-revelan-las-estrictas-reglas-de-su-codigo-de-vestimenta\\\/\",\"url\":\"https:\\\/\\\/www.sebastien-auziere.fr\\\/blog\\\/es\\\/brigitte-macron-invitada-en-el-vaticano-por-el-papa-leon-xiv-se-revelan-las-estrictas-reglas-de-su-codigo-de-vestimenta\\\/\",\"name\":\"Brigitte Macron invitada en el Vaticano por el papa Le\u00f3n XIV: se revelan las estrictas reglas de su c\u00f3digo de vestimenta - Fan site S\u00e9bastien Auzi\u00e8re\",\"isPartOf\":{\"@id\":\"https:\\\/\\\/www.sebastien-auziere.fr\\\/blog\\\/#website\"},\"primaryImageOfPage\":{\"@id\":\"https:\\\/\\\/www.sebastien-auziere.fr\\\/blog\\\/es\\\/brigitte-macron-invitada-en-el-vaticano-por-el-papa-leon-xiv-se-revelan-las-estrictas-reglas-de-su-codigo-de-vestimenta\\\/#primaryimage\"},\"image\":{\"@id\":\"https:\\\/\\\/www.sebastien-auziere.fr\\\/blog\\\/es\\\/brigitte-macron-invitada-en-el-vaticano-por-el-papa-leon-xiv-se-revelan-las-estrictas-reglas-de-su-codigo-de-vestimenta\\\/#primaryimage\"},\"thumbnailUrl\":\"https:\\\/\\\/www.sebastien-auziere.fr\\\/blog\\\/wp-content\\\/uploads\\\/2026\\\/04\\\/Brigitte-Macron-invitee-au-Vatican-par-le-pape-Leon-XIV-les-regles-strictes-de-son-dress-code-devoilees.jpg\",\"datePublished\":\"2026-04-09T07:06:11+00:00\",\"dateModified\":\"2026-04-09T07:06:39+00:00\",\"description\":\"Brigitte Macron invit\u00e9e au Vatican par le pape L\u00e9on XIV : d\u00e9couvrez les r\u00e8gles strictes du dress-code impos\u00e9 lors de cette visite exceptionnelle.\",\"breadcrumb\":{\"@id\":\"https:\\\/\\\/www.sebastien-auziere.fr\\\/blog\\\/es\\\/brigitte-macron-invitada-en-el-vaticano-por-el-papa-leon-xiv-se-revelan-las-estrictas-reglas-de-su-codigo-de-vestimenta\\\/#breadcrumb\"},\"inLanguage\":\"fr-FR\",\"potentialAction\":[{\"@type\":\"ReadAction\",\"target\":[\"https:\\\/\\\/www.sebastien-auziere.fr\\\/blog\\\/es\\\/brigitte-macron-invitada-en-el-vaticano-por-el-papa-leon-xiv-se-revelan-las-estrictas-reglas-de-su-codigo-de-vestimenta\\\/\"]}]},{\"@type\":\"ImageObject\",\"inLanguage\":\"fr-FR\",\"@id\":\"https:\\\/\\\/www.sebastien-auziere.fr\\\/blog\\\/es\\\/brigitte-macron-invitada-en-el-vaticano-por-el-papa-leon-xiv-se-revelan-las-estrictas-reglas-de-su-codigo-de-vestimenta\\\/#primaryimage\",\"url\":\"https:\\\/\\\/www.sebastien-auziere.fr\\\/blog\\\/wp-content\\\/uploads\\\/2026\\\/04\\\/Brigitte-Macron-invitee-au-Vatican-par-le-pape-Leon-XIV-les-regles-strictes-de-son-dress-code-devoilees.jpg\",\"contentUrl\":\"https:\\\/\\\/www.sebastien-auziere.fr\\\/blog\\\/wp-content\\\/uploads\\\/2026\\\/04\\\/Brigitte-Macron-invitee-au-Vatican-par-le-pape-Leon-XIV-les-regles-strictes-de-son-dress-code-devoilees.jpg\",\"width\":2560,\"height\":1429,\"caption\":\"d\u00e9couvrez les r\u00e8gles strictes du dress-code impos\u00e9es \u00e0 brigitte macron lors de son invitation exceptionnelle au vatican par le pape l\u00e9on xiv.\"},{\"@type\":\"BreadcrumbList\",\"@id\":\"https:\\\/\\\/www.sebastien-auziere.fr\\\/blog\\\/es\\\/brigitte-macron-invitada-en-el-vaticano-por-el-papa-leon-xiv-se-revelan-las-estrictas-reglas-de-su-codigo-de-vestimenta\\\/#breadcrumb\",\"itemListElement\":[{\"@type\":\"ListItem\",\"position\":1,\"name\":\"Home\",\"item\":\"https:\\\/\\\/www.sebastien-auziere.fr\\\/blog\\\/\"},{\"@type\":\"ListItem\",\"position\":2,\"name\":\"Brigitte Macron invitada en el Vaticano por el papa Le\u00f3n XIV: se revelan las estrictas reglas de su c\u00f3digo de vestimenta\"}]},{\"@type\":\"WebSite\",\"@id\":\"https:\\\/\\\/www.sebastien-auziere.fr\\\/blog\\\/#website\",\"url\":\"https:\\\/\\\/www.sebastien-auziere.fr\\\/blog\\\/\",\"name\":\"Fan site S\u00e9bastien Auzi\u00e8re\",\"description\":\"M\u00e9dia g\u00e9n\u00e9raliste\",\"publisher\":{\"@id\":\"https:\\\/\\\/www.sebastien-auziere.fr\\\/blog\\\/#organization\"},\"potentialAction\":[{\"@type\":\"SearchAction\",\"target\":{\"@type\":\"EntryPoint\",\"urlTemplate\":\"https:\\\/\\\/www.sebastien-auziere.fr\\\/blog\\\/?s={search_term_string}\"},\"query-input\":{\"@type\":\"PropertyValueSpecification\",\"valueRequired\":true,\"valueName\":\"search_term_string\"}}],\"inLanguage\":\"fr-FR\"},{\"@type\":\"Organization\",\"@id\":\"https:\\\/\\\/www.sebastien-auziere.fr\\\/blog\\\/#organization\",\"name\":\"Fan site S\u00e9bastien Auzi\u00e8re\",\"url\":\"https:\\\/\\\/www.sebastien-auziere.fr\\\/blog\\\/\",\"logo\":{\"@type\":\"ImageObject\",\"inLanguage\":\"fr-FR\",\"@id\":\"https:\\\/\\\/www.sebastien-auziere.fr\\\/blog\\\/#\\\/schema\\\/logo\\\/image\\\/\",\"url\":\"https:\\\/\\\/www.sebastien-auziere.fr\\\/blog\\\/wp-content\\\/uploads\\\/2026\\\/03\\\/cropped-cropped-cropped-ChatGPT-Image-6-mars-2026-12_58_09-e1772798376794.jpg\",\"contentUrl\":\"https:\\\/\\\/www.sebastien-auziere.fr\\\/blog\\\/wp-content\\\/uploads\\\/2026\\\/03\\\/cropped-cropped-cropped-ChatGPT-Image-6-mars-2026-12_58_09-e1772798376794.jpg\",\"width\":512,\"height\":360,\"caption\":\"Fan site S\u00e9bastien Auzi\u00e8re\"},\"image\":{\"@id\":\"https:\\\/\\\/www.sebastien-auziere.fr\\\/blog\\\/#\\\/schema\\\/logo\\\/image\\\/\"}},{\"@type\":\"Person\",\"@id\":\"https:\\\/\\\/www.sebastien-auziere.fr\\\/blog\\\/#\\\/schema\\\/person\\\/149f1acdbfd85149c6c3e59adeae2f4d\",\"name\":\"Chloe Gauthier\",\"image\":{\"@type\":\"ImageObject\",\"inLanguage\":\"fr-FR\",\"@id\":\"https:\\\/\\\/secure.gravatar.com\\\/avatar\\\/2c5722f58171cff738a8985ef0dd66b476e563753246a49019befc837ec4201a?s=96&d=mm&r=g\",\"url\":\"https:\\\/\\\/secure.gravatar.com\\\/avatar\\\/2c5722f58171cff738a8985ef0dd66b476e563753246a49019befc837ec4201a?s=96&d=mm&r=g\",\"contentUrl\":\"https:\\\/\\\/secure.gravatar.com\\\/avatar\\\/2c5722f58171cff738a8985ef0dd66b476e563753246a49019befc837ec4201a?s=96&d=mm&r=g\",\"caption\":\"Chloe Gauthier\"},\"description\":\"Passionn\u00e9e par la politique et admiratrice engag\u00e9e de la famille Macron, je consacre mon \u00e9nergie \u00e0 suivre leurs initiatives et \u00e0 promouvoir leurs id\u00e9es. \u00c0 32 ans, je suis convaincue que leur vision est porteuse d'avenir.\",\"url\":\"https:\\\/\\\/www.sebastien-auziere.fr\\\/blog\\\/author\\\/chloe-gauthier\\\/\"}]}<\/script>\n<!-- \/ Yoast SEO plugin. -->","yoast_head_json":{"title":"Brigitte Macron invitada en el Vaticano por el papa Le\u00f3n XIV: se revelan las estrictas reglas de su c\u00f3digo de vestimenta - Fan site S\u00e9bastien Auzi\u00e8re","description":"Brigitte Macron invit\u00e9e au Vatican par le pape L\u00e9on XIV : d\u00e9couvrez les r\u00e8gles strictes du dress-code impos\u00e9 lors de cette visite exceptionnelle.","robots":{"index":"index","follow":"follow","max-snippet":"max-snippet:-1","max-image-preview":"max-image-preview:large","max-video-preview":"max-video-preview:-1"},"canonical":"https:\/\/www.sebastien-auziere.fr\/blog\/es\/brigitte-macron-invitada-en-el-vaticano-por-el-papa-leon-xiv-se-revelan-las-estrictas-reglas-de-su-codigo-de-vestimenta\/","og_locale":"fr_FR","og_type":"article","og_title":"Brigitte Macron invitada en el Vaticano por el papa Le\u00f3n XIV: se revelan las estrictas reglas de su c\u00f3digo de vestimenta - Fan site S\u00e9bastien Auzi\u00e8re","og_description":"Brigitte Macron invit\u00e9e au Vatican par le pape L\u00e9on XIV : d\u00e9couvrez les r\u00e8gles strictes du dress-code impos\u00e9 lors de cette visite exceptionnelle.","og_url":"https:\/\/www.sebastien-auziere.fr\/blog\/es\/brigitte-macron-invitada-en-el-vaticano-por-el-papa-leon-xiv-se-revelan-las-estrictas-reglas-de-su-codigo-de-vestimenta\/","og_site_name":"Fan site S\u00e9bastien Auzi\u00e8re","article_published_time":"2026-04-09T07:06:11+00:00","article_modified_time":"2026-04-09T07:06:39+00:00","og_image":[{"width":2560,"height":1429,"url":"https:\/\/www.sebastien-auziere.fr\/blog\/wp-content\/uploads\/2026\/04\/Brigitte-Macron-invitee-au-Vatican-par-le-pape-Leon-XIV-les-regles-strictes-de-son-dress-code-devoilees.jpg","type":"image\/jpeg"}],"author":"Chloe Gauthier","twitter_card":"summary_large_image","twitter_misc":{"\u00c9crit par":"Chloe Gauthier","Dur\u00e9e de lecture estim\u00e9e":"3 minutes"},"schema":{"@context":"https:\/\/schema.org","@graph":[{"@type":"Article","@id":"https:\/\/www.sebastien-auziere.fr\/blog\/es\/brigitte-macron-invitada-en-el-vaticano-por-el-papa-leon-xiv-se-revelan-las-estrictas-reglas-de-su-codigo-de-vestimenta\/#article","isPartOf":{"@id":"https:\/\/www.sebastien-auziere.fr\/blog\/es\/brigitte-macron-invitada-en-el-vaticano-por-el-papa-leon-xiv-se-revelan-las-estrictas-reglas-de-su-codigo-de-vestimenta\/"},"author":{"name":"Chloe Gauthier","@id":"https:\/\/www.sebastien-auziere.fr\/blog\/#\/schema\/person\/149f1acdbfd85149c6c3e59adeae2f4d"},"headline":"Brigitte Macron invitada en el Vaticano por el papa Le\u00f3n XIV: se revelan las estrictas reglas de su c\u00f3digo de vestimenta","datePublished":"2026-04-09T07:06:11+00:00","dateModified":"2026-04-09T07:06:39+00:00","mainEntityOfPage":{"@id":"https:\/\/www.sebastien-auziere.fr\/blog\/es\/brigitte-macron-invitada-en-el-vaticano-por-el-papa-leon-xiv-se-revelan-las-estrictas-reglas-de-su-codigo-de-vestimenta\/"},"wordCount":554,"commentCount":0,"publisher":{"@id":"https:\/\/www.sebastien-auziere.fr\/blog\/#organization"},"image":{"@id":"https:\/\/www.sebastien-auziere.fr\/blog\/es\/brigitte-macron-invitada-en-el-vaticano-por-el-papa-leon-xiv-se-revelan-las-estrictas-reglas-de-su-codigo-de-vestimenta\/#primaryimage"},"thumbnailUrl":"https:\/\/www.sebastien-auziere.fr\/blog\/wp-content\/uploads\/2026\/04\/Brigitte-Macron-invitee-au-Vatican-par-le-pape-Leon-XIV-les-regles-strictes-de-son-dress-code-devoilees.jpg","keywords":["brigitte macron","c\u00f3digo de vestimenta","papa le\u00f3n xiv","reglas de vestimenta","vaticano"],"articleSection":["Actualidades"],"inLanguage":"fr-FR","potentialAction":[{"@type":"CommentAction","name":"Comment","target":["https:\/\/www.sebastien-auziere.fr\/blog\/es\/brigitte-macron-invitada-en-el-vaticano-por-el-papa-leon-xiv-se-revelan-las-estrictas-reglas-de-su-codigo-de-vestimenta\/#respond"]}]},{"@type":"WebPage","@id":"https:\/\/www.sebastien-auziere.fr\/blog\/es\/brigitte-macron-invitada-en-el-vaticano-por-el-papa-leon-xiv-se-revelan-las-estrictas-reglas-de-su-codigo-de-vestimenta\/","url":"https:\/\/www.sebastien-auziere.fr\/blog\/es\/brigitte-macron-invitada-en-el-vaticano-por-el-papa-leon-xiv-se-revelan-las-estrictas-reglas-de-su-codigo-de-vestimenta\/","name":"Brigitte Macron invitada en el Vaticano por el papa Le\u00f3n XIV: se revelan las estrictas reglas de su c\u00f3digo de vestimenta - Fan site S\u00e9bastien Auzi\u00e8re","isPartOf":{"@id":"https:\/\/www.sebastien-auziere.fr\/blog\/#website"},"primaryImageOfPage":{"@id":"https:\/\/www.sebastien-auziere.fr\/blog\/es\/brigitte-macron-invitada-en-el-vaticano-por-el-papa-leon-xiv-se-revelan-las-estrictas-reglas-de-su-codigo-de-vestimenta\/#primaryimage"},"image":{"@id":"https:\/\/www.sebastien-auziere.fr\/blog\/es\/brigitte-macron-invitada-en-el-vaticano-por-el-papa-leon-xiv-se-revelan-las-estrictas-reglas-de-su-codigo-de-vestimenta\/#primaryimage"},"thumbnailUrl":"https:\/\/www.sebastien-auziere.fr\/blog\/wp-content\/uploads\/2026\/04\/Brigitte-Macron-invitee-au-Vatican-par-le-pape-Leon-XIV-les-regles-strictes-de-son-dress-code-devoilees.jpg","datePublished":"2026-04-09T07:06:11+00:00","dateModified":"2026-04-09T07:06:39+00:00","description":"Brigitte Macron invit\u00e9e au Vatican par le pape L\u00e9on XIV : d\u00e9couvrez les r\u00e8gles strictes du dress-code impos\u00e9 lors de cette visite exceptionnelle.","breadcrumb":{"@id":"https:\/\/www.sebastien-auziere.fr\/blog\/es\/brigitte-macron-invitada-en-el-vaticano-por-el-papa-leon-xiv-se-revelan-las-estrictas-reglas-de-su-codigo-de-vestimenta\/#breadcrumb"},"inLanguage":"fr-FR","potentialAction":[{"@type":"ReadAction","target":["https:\/\/www.sebastien-auziere.fr\/blog\/es\/brigitte-macron-invitada-en-el-vaticano-por-el-papa-leon-xiv-se-revelan-las-estrictas-reglas-de-su-codigo-de-vestimenta\/"]}]},{"@type":"ImageObject","inLanguage":"fr-FR","@id":"https:\/\/www.sebastien-auziere.fr\/blog\/es\/brigitte-macron-invitada-en-el-vaticano-por-el-papa-leon-xiv-se-revelan-las-estrictas-reglas-de-su-codigo-de-vestimenta\/#primaryimage","url":"https:\/\/www.sebastien-auziere.fr\/blog\/wp-content\/uploads\/2026\/04\/Brigitte-Macron-invitee-au-Vatican-par-le-pape-Leon-XIV-les-regles-strictes-de-son-dress-code-devoilees.jpg","contentUrl":"https:\/\/www.sebastien-auziere.fr\/blog\/wp-content\/uploads\/2026\/04\/Brigitte-Macron-invitee-au-Vatican-par-le-pape-Leon-XIV-les-regles-strictes-de-son-dress-code-devoilees.jpg","width":2560,"height":1429,"caption":"d\u00e9couvrez les r\u00e8gles strictes du dress-code impos\u00e9es \u00e0 brigitte macron lors de son invitation exceptionnelle au vatican par le pape l\u00e9on xiv."},{"@type":"BreadcrumbList","@id":"https:\/\/www.sebastien-auziere.fr\/blog\/es\/brigitte-macron-invitada-en-el-vaticano-por-el-papa-leon-xiv-se-revelan-las-estrictas-reglas-de-su-codigo-de-vestimenta\/#breadcrumb","itemListElement":[{"@type":"ListItem","position":1,"name":"Home","item":"https:\/\/www.sebastien-auziere.fr\/blog\/"},{"@type":"ListItem","position":2,"name":"Brigitte Macron invitada en el Vaticano por el papa Le\u00f3n XIV: se revelan las estrictas reglas de su c\u00f3digo de vestimenta"}]},{"@type":"WebSite","@id":"https:\/\/www.sebastien-auziere.fr\/blog\/#website","url":"https:\/\/www.sebastien-auziere.fr\/blog\/","name":"Fan site S\u00e9bastien Auzi\u00e8re","description":"M\u00e9dia g\u00e9n\u00e9raliste","publisher":{"@id":"https:\/\/www.sebastien-auziere.fr\/blog\/#organization"},"potentialAction":[{"@type":"SearchAction","target":{"@type":"EntryPoint","urlTemplate":"https:\/\/www.sebastien-auziere.fr\/blog\/?s={search_term_string}"},"query-input":{"@type":"PropertyValueSpecification","valueRequired":true,"valueName":"search_term_string"}}],"inLanguage":"fr-FR"},{"@type":"Organization","@id":"https:\/\/www.sebastien-auziere.fr\/blog\/#organization","name":"Fan site S\u00e9bastien Auzi\u00e8re","url":"https:\/\/www.sebastien-auziere.fr\/blog\/","logo":{"@type":"ImageObject","inLanguage":"fr-FR","@id":"https:\/\/www.sebastien-auziere.fr\/blog\/#\/schema\/logo\/image\/","url":"https:\/\/www.sebastien-auziere.fr\/blog\/wp-content\/uploads\/2026\/03\/cropped-cropped-cropped-ChatGPT-Image-6-mars-2026-12_58_09-e1772798376794.jpg","contentUrl":"https:\/\/www.sebastien-auziere.fr\/blog\/wp-content\/uploads\/2026\/03\/cropped-cropped-cropped-ChatGPT-Image-6-mars-2026-12_58_09-e1772798376794.jpg","width":512,"height":360,"caption":"Fan site S\u00e9bastien Auzi\u00e8re"},"image":{"@id":"https:\/\/www.sebastien-auziere.fr\/blog\/#\/schema\/logo\/image\/"}},{"@type":"Person","@id":"https:\/\/www.sebastien-auziere.fr\/blog\/#\/schema\/person\/149f1acdbfd85149c6c3e59adeae2f4d","name":"Chloe Gauthier","image":{"@type":"ImageObject","inLanguage":"fr-FR","@id":"https:\/\/secure.gravatar.com\/avatar\/2c5722f58171cff738a8985ef0dd66b476e563753246a49019befc837ec4201a?s=96&d=mm&r=g","url":"https:\/\/secure.gravatar.com\/avatar\/2c5722f58171cff738a8985ef0dd66b476e563753246a49019befc837ec4201a?s=96&d=mm&r=g","contentUrl":"https:\/\/secure.gravatar.com\/avatar\/2c5722f58171cff738a8985ef0dd66b476e563753246a49019befc837ec4201a?s=96&d=mm&r=g","caption":"Chloe Gauthier"},"description":"Passionn\u00e9e par la politique et admiratrice engag\u00e9e de la famille Macron, je consacre mon \u00e9nergie \u00e0 suivre leurs initiatives et \u00e0 promouvoir leurs id\u00e9es. \u00c0 32 ans, je suis convaincue que leur vision est porteuse d'avenir.","url":"https:\/\/www.sebastien-auziere.fr\/blog\/author\/chloe-gauthier\/"}]}},"views":3,"_links":{"self":[{"href":"https:\/\/www.sebastien-auziere.fr\/blog\/wp-json\/wp\/v2\/posts\/2882","targetHints":{"allow":["GET"]}}],"collection":[{"href":"https:\/\/www.sebastien-auziere.fr\/blog\/wp-json\/wp\/v2\/posts"}],"about":[{"href":"https:\/\/www.sebastien-auziere.fr\/blog\/wp-json\/wp\/v2\/types\/post"}],"author":[{"embeddable":true,"href":"https:\/\/www.sebastien-auziere.fr\/blog\/wp-json\/wp\/v2\/users\/9"}],"replies":[{"embeddable":true,"href":"https:\/\/www.sebastien-auziere.fr\/blog\/wp-json\/wp\/v2\/comments?post=2882"}],"version-history":[{"count":1,"href":"https:\/\/www.sebastien-auziere.fr\/blog\/wp-json\/wp\/v2\/posts\/2882\/revisions"}],"predecessor-version":[{"id":2883,"href":"https:\/\/www.sebastien-auziere.fr\/blog\/wp-json\/wp\/v2\/posts\/2882\/revisions\/2883"}],"wp:featuredmedia":[{"embeddable":true,"href":"https:\/\/www.sebastien-auziere.fr\/blog\/wp-json\/wp\/v2\/media\/2878"}],"wp:attachment":[{"href":"https:\/\/www.sebastien-auziere.fr\/blog\/wp-json\/wp\/v2\/media?parent=2882"}],"wp:term":[{"taxonomy":"category","embeddable":true,"href":"https:\/\/www.sebastien-auziere.fr\/blog\/wp-json\/wp\/v2\/categories?post=2882"},{"taxonomy":"post_tag","embeddable":true,"href":"https:\/\/www.sebastien-auziere.fr\/blog\/wp-json\/wp\/v2\/tags?post=2882"}],"curies":[{"name":"wp","href":"https:\/\/api.w.org\/{rel}","templated":true}]}}