{"id":2880,"date":"2026-04-09T07:05:42","date_gmt":"2026-04-09T07:05:42","guid":{"rendered":"https:\/\/www.sebastien-auziere.fr\/blog\/?p=2880"},"modified":"2026-04-09T07:06:10","modified_gmt":"2026-04-09T07:06:10","slug":"brigitte-macron-invited-to-the-vatican-by-pope-leo-xiv-the-strict-rules-of-her-dress-code-unveiled","status":"publish","type":"post","link":"https:\/\/www.sebastien-auziere.fr\/blog\/en\/brigitte-macron-invited-to-the-vatican-by-pope-leo-xiv-the-strict-rules-of-her-dress-code-unveiled\/","title":{"rendered":"Brigitte Macron invited to the Vatican by Pope Leo XIV: the strict rules of her dress code unveiled"},"content":{"rendered":"<p><strong>Brigitte Macron<\/strong> is expected at the <strong>Vatican<\/strong> on <strong>April 9<\/strong> for an audience with <strong>Pope Leo XIV<\/strong>, and the <strong>invitation<\/strong> comes with a very strict <strong>dress code<\/strong>. From now on, everyone is scrutinizing the <strong>attire<\/strong> that the First Lady will have to adopt for this <strong>official event<\/strong>.<\/p>\n\n<p><strong>In brief<\/strong>: the \u00c9lys\u00e9e confirms the visit on <strong>April 9 and 10<\/strong>, the protocol requires a black dress and a reserved attitude, and the veil is no longer required. The meeting follows the anniversary of the death of Pope Francis on April 21, 2025, and follows a trip to Asia.<\/p>\n\n<h2 class=\"wp-block-heading\">Diplomatic context and schedule of the visit to the Vatican<\/h2>\n\n<p>The trip of Emmanuel and <strong>Brigitte Macron<\/strong> comes right after an official visit to Japan and South Korea. The \u00c9lys\u00e9e clarified that this audience, scheduled for <strong>April 9 and 10<\/strong>, aims to maintain a constant dialogue with the <strong>Vatican<\/strong>, particularly on international issues.<\/p>\n\n<p>After a postponement in January due to \u00ab\u00a0schedule incompatibility,\u00a0\u00bb the holding of the visit confirms the desire to quickly resume bilateral exchanges. <a href=\"https:\/\/www.cnews.fr\/france\/2026-04-08\/emmanuel-macron-se-rend-au-vatican-des-ce-jeudi-9-avril-pour-rencontrer-le-pape\" rel=\"nofollow\">The trip announced by CNews<\/a> highlights the importance of the diplomatic calendar.<\/p>\n\n<h2 class=\"wp-block-heading\">The strict dress code rules imposed for the audience<\/h2>\n\n<p>The protocol requires that the First Lady wears a black outfit as a sign of respect and humility: a dress below the knee, long sleeves, and a high neck are the reference. The traditional women&rsquo;s veil, once common, is now considered outdated and is not required for this audience.<\/p>\n\n<p>We remember the sober choices of <strong>Brigitte Macron<\/strong> during her previous visits to the Vatican, notably on October 24, 2022. For an overview of the reasons for the previous postponement, see <a href=\"https:\/\/www.gala.fr\/l_actu\/news_de_stars\/brigitte-et-emmanuel-macron-bientot-recus-par-le-pape-leon-xiv-pourquoi-leur-precedente-visite-au-vatican-a-ete-annulee-a-la-derniere-minute-20260407\" rel=\"nofollow\">the Gala article<\/a>.<\/p>\n\n<h3 class=\"wp-block-heading\">Etiquette, symbolism, and evolution of the protocol<\/h3>\n\n<p>The rule of the black dress is rooted in a long tradition of <strong>papal etiquette<\/strong>, aimed at displaying modesty and respect during a private audience. Historically, the mantilla symbolized piety, but the <strong>protocol<\/strong> has evolved to adapt to contemporary practices.<\/p>\n\n<p>This clothing choice is also a diplomatic signal: sobriety rather than ostentation, which facilitates an exchange centered on political topics. Insight: the garment becomes a tool for non-verbal communication.<\/p>\n\n<h2 class=\"wp-block-heading\">Diplomatic consequences and significance for the France\u2013Holy See relationship<\/h2>\n\n<p>Beyond the <strong>invitation<\/strong>, this audience allows for addressing priority bilateral issues: climate, international conflicts, and cultural relations. The \u00c9lys\u00e9e emphasized that the meeting is part of the desire to continue a sustained dialogue with the <strong>Vatican<\/strong>.<\/p>\n\n<p>Rumors of a diplomatic chill that circulated after the January cancellation were denied by the presidency, which mentioned a priority on urgent issues. Conclusion: protocol respected, exchange resumed.<\/p>\n\n<p>To learn more about <strong>S\u00e9bastien Auzi\u00e8re<\/strong> and the entourage of the Macron family, discover complete files and online archives at <a href=\"https:\/\/sebastien-auziere.fr\" rel=\"nofollow\">sebastien-auziere.fr<\/a>, where the details of these meetings and their impact are analyzed.<\/p>","protected":false},"excerpt":{"rendered":"<p>Brigitte Macron is expected at the Vatican on April 9 for an audience with Pope Leo XIV, and the invitation comes with a very strict dress code. From now on, everyone is scrutinizing the attire that the First Lady will have to adopt for this official event. In brief: the \u00c9lys\u00e9e confirms the visit on &#8230; <a title=\"Brigitte Macron invited to the Vatican by Pope Leo XIV: the strict rules of her dress code unveiled\" class=\"read-more\" href=\"https:\/\/www.sebastien-auziere.fr\/blog\/en\/brigitte-macron-invited-to-the-vatican-by-pope-leo-xiv-the-strict-rules-of-her-dress-code-unveiled\/\" aria-label=\"En savoir plus sur Brigitte Macron invited to the Vatican by Pope Leo XIV: the strict rules of her dress code unveiled\">Lire plus<\/a><\/p>\n","protected":false},"author":9,"featured_media":2878,"comment_status":"open","ping_status":"open","sticky":false,"template":"","format":"standard","meta":{"footnotes":""},"categories":[816],"tags":[898,2320,2119,2323,2122],"class_list":["post-2880","post","type-post","status-publish","format-standard","has-post-thumbnail","hentry","category-news","tag-brigitte-macron-en","tag-dress-code-en","tag-pape-leon-xiv-en","tag-rules-of-conduct-en","tag-vatican-en"],"yoast_head":"<!-- This site is optimized with the Yoast SEO plugin v27.5 - https:\/\/yoast.com\/product\/yoast-seo-wordpress\/ -->\n<title>Brigitte Macron invited to the Vatican by Pope Leo XIV: the strict rules of her dress code unveiled - Fan site S\u00e9bastien Auzi\u00e8re<\/title>\n<meta name=\"description\" content=\"Brigitte Macron invit\u00e9e au Vatican par le pape L\u00e9on XIV : d\u00e9couvrez les r\u00e8gles strictes du dress-code impos\u00e9 lors de cette visite exceptionnelle.\" \/>\n<meta name=\"robots\" content=\"index, follow, max-snippet:-1, max-image-preview:large, max-video-preview:-1\" \/>\n<link rel=\"canonical\" href=\"https:\/\/www.sebastien-auziere.fr\/blog\/en\/brigitte-macron-invited-to-the-vatican-by-pope-leo-xiv-the-strict-rules-of-her-dress-code-unveiled\/\" \/>\n<meta property=\"og:locale\" content=\"fr_FR\" \/>\n<meta property=\"og:type\" content=\"article\" \/>\n<meta property=\"og:title\" content=\"Brigitte Macron invited to the Vatican by Pope Leo XIV: the strict rules of her dress code unveiled - Fan site S\u00e9bastien Auzi\u00e8re\" \/>\n<meta property=\"og:description\" content=\"Brigitte Macron invit\u00e9e au Vatican par le pape L\u00e9on XIV : d\u00e9couvrez les r\u00e8gles strictes du dress-code impos\u00e9 lors de cette visite exceptionnelle.\" \/>\n<meta property=\"og:url\" content=\"https:\/\/www.sebastien-auziere.fr\/blog\/en\/brigitte-macron-invited-to-the-vatican-by-pope-leo-xiv-the-strict-rules-of-her-dress-code-unveiled\/\" \/>\n<meta property=\"og:site_name\" content=\"Fan site S\u00e9bastien Auzi\u00e8re\" \/>\n<meta property=\"article:published_time\" content=\"2026-04-09T07:05:42+00:00\" \/>\n<meta property=\"article:modified_time\" content=\"2026-04-09T07:06:10+00:00\" \/>\n<meta property=\"og:image\" content=\"https:\/\/www.sebastien-auziere.fr\/blog\/wp-content\/uploads\/2026\/04\/Brigitte-Macron-invitee-au-Vatican-par-le-pape-Leon-XIV-les-regles-strictes-de-son-dress-code-devoilees.jpg\" \/>\n\t<meta property=\"og:image:width\" content=\"2560\" \/>\n\t<meta property=\"og:image:height\" content=\"1429\" \/>\n\t<meta property=\"og:image:type\" content=\"image\/jpeg\" \/>\n<meta name=\"author\" content=\"Chloe Gauthier\" \/>\n<meta name=\"twitter:card\" content=\"summary_large_image\" \/>\n<meta name=\"twitter:label1\" content=\"\u00c9crit par\" \/>\n\t<meta name=\"twitter:data1\" content=\"Chloe Gauthier\" \/>\n\t<meta name=\"twitter:label2\" content=\"Dur\u00e9e de lecture estim\u00e9e\" \/>\n\t<meta name=\"twitter:data2\" content=\"2 minutes\" \/>\n<script type=\"application\/ld+json\" class=\"yoast-schema-graph\">{\"@context\":\"https:\\\/\\\/schema.org\",\"@graph\":[{\"@type\":\"Article\",\"@id\":\"https:\\\/\\\/www.sebastien-auziere.fr\\\/blog\\\/en\\\/brigitte-macron-invited-to-the-vatican-by-pope-leo-xiv-the-strict-rules-of-her-dress-code-unveiled\\\/#article\",\"isPartOf\":{\"@id\":\"https:\\\/\\\/www.sebastien-auziere.fr\\\/blog\\\/en\\\/brigitte-macron-invited-to-the-vatican-by-pope-leo-xiv-the-strict-rules-of-her-dress-code-unveiled\\\/\"},\"author\":{\"name\":\"Chloe Gauthier\",\"@id\":\"https:\\\/\\\/www.sebastien-auziere.fr\\\/blog\\\/#\\\/schema\\\/person\\\/149f1acdbfd85149c6c3e59adeae2f4d\"},\"headline\":\"Brigitte Macron invited to the Vatican by Pope Leo XIV: the strict rules of her dress code unveiled\",\"datePublished\":\"2026-04-09T07:05:42+00:00\",\"dateModified\":\"2026-04-09T07:06:10+00:00\",\"mainEntityOfPage\":{\"@id\":\"https:\\\/\\\/www.sebastien-auziere.fr\\\/blog\\\/en\\\/brigitte-macron-invited-to-the-vatican-by-pope-leo-xiv-the-strict-rules-of-her-dress-code-unveiled\\\/\"},\"wordCount\":473,\"commentCount\":0,\"publisher\":{\"@id\":\"https:\\\/\\\/www.sebastien-auziere.fr\\\/blog\\\/#organization\"},\"image\":{\"@id\":\"https:\\\/\\\/www.sebastien-auziere.fr\\\/blog\\\/en\\\/brigitte-macron-invited-to-the-vatican-by-pope-leo-xiv-the-strict-rules-of-her-dress-code-unveiled\\\/#primaryimage\"},\"thumbnailUrl\":\"https:\\\/\\\/www.sebastien-auziere.fr\\\/blog\\\/wp-content\\\/uploads\\\/2026\\\/04\\\/Brigitte-Macron-invitee-au-Vatican-par-le-pape-Leon-XIV-les-regles-strictes-de-son-dress-code-devoilees.jpg\",\"keywords\":[\"brigitte macron\",\"dress-code\",\"pape L\u00e9on XIV\",\"rules of conduct\",\"vatican\"],\"articleSection\":[\"News\"],\"inLanguage\":\"fr-FR\",\"potentialAction\":[{\"@type\":\"CommentAction\",\"name\":\"Comment\",\"target\":[\"https:\\\/\\\/www.sebastien-auziere.fr\\\/blog\\\/en\\\/brigitte-macron-invited-to-the-vatican-by-pope-leo-xiv-the-strict-rules-of-her-dress-code-unveiled\\\/#respond\"]}]},{\"@type\":\"WebPage\",\"@id\":\"https:\\\/\\\/www.sebastien-auziere.fr\\\/blog\\\/en\\\/brigitte-macron-invited-to-the-vatican-by-pope-leo-xiv-the-strict-rules-of-her-dress-code-unveiled\\\/\",\"url\":\"https:\\\/\\\/www.sebastien-auziere.fr\\\/blog\\\/en\\\/brigitte-macron-invited-to-the-vatican-by-pope-leo-xiv-the-strict-rules-of-her-dress-code-unveiled\\\/\",\"name\":\"Brigitte Macron invited to the Vatican by Pope Leo XIV: the strict rules of her dress code unveiled - Fan site S\u00e9bastien Auzi\u00e8re\",\"isPartOf\":{\"@id\":\"https:\\\/\\\/www.sebastien-auziere.fr\\\/blog\\\/#website\"},\"primaryImageOfPage\":{\"@id\":\"https:\\\/\\\/www.sebastien-auziere.fr\\\/blog\\\/en\\\/brigitte-macron-invited-to-the-vatican-by-pope-leo-xiv-the-strict-rules-of-her-dress-code-unveiled\\\/#primaryimage\"},\"image\":{\"@id\":\"https:\\\/\\\/www.sebastien-auziere.fr\\\/blog\\\/en\\\/brigitte-macron-invited-to-the-vatican-by-pope-leo-xiv-the-strict-rules-of-her-dress-code-unveiled\\\/#primaryimage\"},\"thumbnailUrl\":\"https:\\\/\\\/www.sebastien-auziere.fr\\\/blog\\\/wp-content\\\/uploads\\\/2026\\\/04\\\/Brigitte-Macron-invitee-au-Vatican-par-le-pape-Leon-XIV-les-regles-strictes-de-son-dress-code-devoilees.jpg\",\"datePublished\":\"2026-04-09T07:05:42+00:00\",\"dateModified\":\"2026-04-09T07:06:10+00:00\",\"description\":\"Brigitte Macron invit\u00e9e au Vatican par le pape L\u00e9on XIV : d\u00e9couvrez les r\u00e8gles strictes du dress-code impos\u00e9 lors de cette visite exceptionnelle.\",\"breadcrumb\":{\"@id\":\"https:\\\/\\\/www.sebastien-auziere.fr\\\/blog\\\/en\\\/brigitte-macron-invited-to-the-vatican-by-pope-leo-xiv-the-strict-rules-of-her-dress-code-unveiled\\\/#breadcrumb\"},\"inLanguage\":\"fr-FR\",\"potentialAction\":[{\"@type\":\"ReadAction\",\"target\":[\"https:\\\/\\\/www.sebastien-auziere.fr\\\/blog\\\/en\\\/brigitte-macron-invited-to-the-vatican-by-pope-leo-xiv-the-strict-rules-of-her-dress-code-unveiled\\\/\"]}]},{\"@type\":\"ImageObject\",\"inLanguage\":\"fr-FR\",\"@id\":\"https:\\\/\\\/www.sebastien-auziere.fr\\\/blog\\\/en\\\/brigitte-macron-invited-to-the-vatican-by-pope-leo-xiv-the-strict-rules-of-her-dress-code-unveiled\\\/#primaryimage\",\"url\":\"https:\\\/\\\/www.sebastien-auziere.fr\\\/blog\\\/wp-content\\\/uploads\\\/2026\\\/04\\\/Brigitte-Macron-invitee-au-Vatican-par-le-pape-Leon-XIV-les-regles-strictes-de-son-dress-code-devoilees.jpg\",\"contentUrl\":\"https:\\\/\\\/www.sebastien-auziere.fr\\\/blog\\\/wp-content\\\/uploads\\\/2026\\\/04\\\/Brigitte-Macron-invitee-au-Vatican-par-le-pape-Leon-XIV-les-regles-strictes-de-son-dress-code-devoilees.jpg\",\"width\":2560,\"height\":1429,\"caption\":\"d\u00e9couvrez les r\u00e8gles strictes du dress-code impos\u00e9es \u00e0 brigitte macron lors de son invitation exceptionnelle au vatican par le pape l\u00e9on xiv.\"},{\"@type\":\"BreadcrumbList\",\"@id\":\"https:\\\/\\\/www.sebastien-auziere.fr\\\/blog\\\/en\\\/brigitte-macron-invited-to-the-vatican-by-pope-leo-xiv-the-strict-rules-of-her-dress-code-unveiled\\\/#breadcrumb\",\"itemListElement\":[{\"@type\":\"ListItem\",\"position\":1,\"name\":\"Home\",\"item\":\"https:\\\/\\\/www.sebastien-auziere.fr\\\/blog\\\/\"},{\"@type\":\"ListItem\",\"position\":2,\"name\":\"Brigitte Macron invited to the Vatican by Pope Leo XIV: the strict rules of her dress code unveiled\"}]},{\"@type\":\"WebSite\",\"@id\":\"https:\\\/\\\/www.sebastien-auziere.fr\\\/blog\\\/#website\",\"url\":\"https:\\\/\\\/www.sebastien-auziere.fr\\\/blog\\\/\",\"name\":\"Fan site S\u00e9bastien Auzi\u00e8re\",\"description\":\"M\u00e9dia g\u00e9n\u00e9raliste\",\"publisher\":{\"@id\":\"https:\\\/\\\/www.sebastien-auziere.fr\\\/blog\\\/#organization\"},\"potentialAction\":[{\"@type\":\"SearchAction\",\"target\":{\"@type\":\"EntryPoint\",\"urlTemplate\":\"https:\\\/\\\/www.sebastien-auziere.fr\\\/blog\\\/?s={search_term_string}\"},\"query-input\":{\"@type\":\"PropertyValueSpecification\",\"valueRequired\":true,\"valueName\":\"search_term_string\"}}],\"inLanguage\":\"fr-FR\"},{\"@type\":\"Organization\",\"@id\":\"https:\\\/\\\/www.sebastien-auziere.fr\\\/blog\\\/#organization\",\"name\":\"Fan site S\u00e9bastien Auzi\u00e8re\",\"url\":\"https:\\\/\\\/www.sebastien-auziere.fr\\\/blog\\\/\",\"logo\":{\"@type\":\"ImageObject\",\"inLanguage\":\"fr-FR\",\"@id\":\"https:\\\/\\\/www.sebastien-auziere.fr\\\/blog\\\/#\\\/schema\\\/logo\\\/image\\\/\",\"url\":\"https:\\\/\\\/www.sebastien-auziere.fr\\\/blog\\\/wp-content\\\/uploads\\\/2026\\\/03\\\/cropped-cropped-cropped-ChatGPT-Image-6-mars-2026-12_58_09-e1772798376794.jpg\",\"contentUrl\":\"https:\\\/\\\/www.sebastien-auziere.fr\\\/blog\\\/wp-content\\\/uploads\\\/2026\\\/03\\\/cropped-cropped-cropped-ChatGPT-Image-6-mars-2026-12_58_09-e1772798376794.jpg\",\"width\":512,\"height\":360,\"caption\":\"Fan site S\u00e9bastien Auzi\u00e8re\"},\"image\":{\"@id\":\"https:\\\/\\\/www.sebastien-auziere.fr\\\/blog\\\/#\\\/schema\\\/logo\\\/image\\\/\"}},{\"@type\":\"Person\",\"@id\":\"https:\\\/\\\/www.sebastien-auziere.fr\\\/blog\\\/#\\\/schema\\\/person\\\/149f1acdbfd85149c6c3e59adeae2f4d\",\"name\":\"Chloe Gauthier\",\"image\":{\"@type\":\"ImageObject\",\"inLanguage\":\"fr-FR\",\"@id\":\"https:\\\/\\\/secure.gravatar.com\\\/avatar\\\/2c5722f58171cff738a8985ef0dd66b476e563753246a49019befc837ec4201a?s=96&d=mm&r=g\",\"url\":\"https:\\\/\\\/secure.gravatar.com\\\/avatar\\\/2c5722f58171cff738a8985ef0dd66b476e563753246a49019befc837ec4201a?s=96&d=mm&r=g\",\"contentUrl\":\"https:\\\/\\\/secure.gravatar.com\\\/avatar\\\/2c5722f58171cff738a8985ef0dd66b476e563753246a49019befc837ec4201a?s=96&d=mm&r=g\",\"caption\":\"Chloe Gauthier\"},\"description\":\"Passionn\u00e9e par la politique et admiratrice engag\u00e9e de la famille Macron, je consacre mon \u00e9nergie \u00e0 suivre leurs initiatives et \u00e0 promouvoir leurs id\u00e9es. \u00c0 32 ans, je suis convaincue que leur vision est porteuse d'avenir.\",\"url\":\"https:\\\/\\\/www.sebastien-auziere.fr\\\/blog\\\/author\\\/chloe-gauthier\\\/\"}]}<\/script>\n<!-- \/ Yoast SEO plugin. -->","yoast_head_json":{"title":"Brigitte Macron invited to the Vatican by Pope Leo XIV: the strict rules of her dress code unveiled - Fan site S\u00e9bastien Auzi\u00e8re","description":"Brigitte Macron invit\u00e9e au Vatican par le pape L\u00e9on XIV : d\u00e9couvrez les r\u00e8gles strictes du dress-code impos\u00e9 lors de cette visite exceptionnelle.","robots":{"index":"index","follow":"follow","max-snippet":"max-snippet:-1","max-image-preview":"max-image-preview:large","max-video-preview":"max-video-preview:-1"},"canonical":"https:\/\/www.sebastien-auziere.fr\/blog\/en\/brigitte-macron-invited-to-the-vatican-by-pope-leo-xiv-the-strict-rules-of-her-dress-code-unveiled\/","og_locale":"fr_FR","og_type":"article","og_title":"Brigitte Macron invited to the Vatican by Pope Leo XIV: the strict rules of her dress code unveiled - Fan site S\u00e9bastien Auzi\u00e8re","og_description":"Brigitte Macron invit\u00e9e au Vatican par le pape L\u00e9on XIV : d\u00e9couvrez les r\u00e8gles strictes du dress-code impos\u00e9 lors de cette visite exceptionnelle.","og_url":"https:\/\/www.sebastien-auziere.fr\/blog\/en\/brigitte-macron-invited-to-the-vatican-by-pope-leo-xiv-the-strict-rules-of-her-dress-code-unveiled\/","og_site_name":"Fan site S\u00e9bastien Auzi\u00e8re","article_published_time":"2026-04-09T07:05:42+00:00","article_modified_time":"2026-04-09T07:06:10+00:00","og_image":[{"width":2560,"height":1429,"url":"https:\/\/www.sebastien-auziere.fr\/blog\/wp-content\/uploads\/2026\/04\/Brigitte-Macron-invitee-au-Vatican-par-le-pape-Leon-XIV-les-regles-strictes-de-son-dress-code-devoilees.jpg","type":"image\/jpeg"}],"author":"Chloe Gauthier","twitter_card":"summary_large_image","twitter_misc":{"\u00c9crit par":"Chloe Gauthier","Dur\u00e9e de lecture estim\u00e9e":"2 minutes"},"schema":{"@context":"https:\/\/schema.org","@graph":[{"@type":"Article","@id":"https:\/\/www.sebastien-auziere.fr\/blog\/en\/brigitte-macron-invited-to-the-vatican-by-pope-leo-xiv-the-strict-rules-of-her-dress-code-unveiled\/#article","isPartOf":{"@id":"https:\/\/www.sebastien-auziere.fr\/blog\/en\/brigitte-macron-invited-to-the-vatican-by-pope-leo-xiv-the-strict-rules-of-her-dress-code-unveiled\/"},"author":{"name":"Chloe Gauthier","@id":"https:\/\/www.sebastien-auziere.fr\/blog\/#\/schema\/person\/149f1acdbfd85149c6c3e59adeae2f4d"},"headline":"Brigitte Macron invited to the Vatican by Pope Leo XIV: the strict rules of her dress code unveiled","datePublished":"2026-04-09T07:05:42+00:00","dateModified":"2026-04-09T07:06:10+00:00","mainEntityOfPage":{"@id":"https:\/\/www.sebastien-auziere.fr\/blog\/en\/brigitte-macron-invited-to-the-vatican-by-pope-leo-xiv-the-strict-rules-of-her-dress-code-unveiled\/"},"wordCount":473,"commentCount":0,"publisher":{"@id":"https:\/\/www.sebastien-auziere.fr\/blog\/#organization"},"image":{"@id":"https:\/\/www.sebastien-auziere.fr\/blog\/en\/brigitte-macron-invited-to-the-vatican-by-pope-leo-xiv-the-strict-rules-of-her-dress-code-unveiled\/#primaryimage"},"thumbnailUrl":"https:\/\/www.sebastien-auziere.fr\/blog\/wp-content\/uploads\/2026\/04\/Brigitte-Macron-invitee-au-Vatican-par-le-pape-Leon-XIV-les-regles-strictes-de-son-dress-code-devoilees.jpg","keywords":["brigitte macron","dress-code","pape L\u00e9on XIV","rules of conduct","vatican"],"articleSection":["News"],"inLanguage":"fr-FR","potentialAction":[{"@type":"CommentAction","name":"Comment","target":["https:\/\/www.sebastien-auziere.fr\/blog\/en\/brigitte-macron-invited-to-the-vatican-by-pope-leo-xiv-the-strict-rules-of-her-dress-code-unveiled\/#respond"]}]},{"@type":"WebPage","@id":"https:\/\/www.sebastien-auziere.fr\/blog\/en\/brigitte-macron-invited-to-the-vatican-by-pope-leo-xiv-the-strict-rules-of-her-dress-code-unveiled\/","url":"https:\/\/www.sebastien-auziere.fr\/blog\/en\/brigitte-macron-invited-to-the-vatican-by-pope-leo-xiv-the-strict-rules-of-her-dress-code-unveiled\/","name":"Brigitte Macron invited to the Vatican by Pope Leo XIV: the strict rules of her dress code unveiled - Fan site S\u00e9bastien Auzi\u00e8re","isPartOf":{"@id":"https:\/\/www.sebastien-auziere.fr\/blog\/#website"},"primaryImageOfPage":{"@id":"https:\/\/www.sebastien-auziere.fr\/blog\/en\/brigitte-macron-invited-to-the-vatican-by-pope-leo-xiv-the-strict-rules-of-her-dress-code-unveiled\/#primaryimage"},"image":{"@id":"https:\/\/www.sebastien-auziere.fr\/blog\/en\/brigitte-macron-invited-to-the-vatican-by-pope-leo-xiv-the-strict-rules-of-her-dress-code-unveiled\/#primaryimage"},"thumbnailUrl":"https:\/\/www.sebastien-auziere.fr\/blog\/wp-content\/uploads\/2026\/04\/Brigitte-Macron-invitee-au-Vatican-par-le-pape-Leon-XIV-les-regles-strictes-de-son-dress-code-devoilees.jpg","datePublished":"2026-04-09T07:05:42+00:00","dateModified":"2026-04-09T07:06:10+00:00","description":"Brigitte Macron invit\u00e9e au Vatican par le pape L\u00e9on XIV : d\u00e9couvrez les r\u00e8gles strictes du dress-code impos\u00e9 lors de cette visite exceptionnelle.","breadcrumb":{"@id":"https:\/\/www.sebastien-auziere.fr\/blog\/en\/brigitte-macron-invited-to-the-vatican-by-pope-leo-xiv-the-strict-rules-of-her-dress-code-unveiled\/#breadcrumb"},"inLanguage":"fr-FR","potentialAction":[{"@type":"ReadAction","target":["https:\/\/www.sebastien-auziere.fr\/blog\/en\/brigitte-macron-invited-to-the-vatican-by-pope-leo-xiv-the-strict-rules-of-her-dress-code-unveiled\/"]}]},{"@type":"ImageObject","inLanguage":"fr-FR","@id":"https:\/\/www.sebastien-auziere.fr\/blog\/en\/brigitte-macron-invited-to-the-vatican-by-pope-leo-xiv-the-strict-rules-of-her-dress-code-unveiled\/#primaryimage","url":"https:\/\/www.sebastien-auziere.fr\/blog\/wp-content\/uploads\/2026\/04\/Brigitte-Macron-invitee-au-Vatican-par-le-pape-Leon-XIV-les-regles-strictes-de-son-dress-code-devoilees.jpg","contentUrl":"https:\/\/www.sebastien-auziere.fr\/blog\/wp-content\/uploads\/2026\/04\/Brigitte-Macron-invitee-au-Vatican-par-le-pape-Leon-XIV-les-regles-strictes-de-son-dress-code-devoilees.jpg","width":2560,"height":1429,"caption":"d\u00e9couvrez les r\u00e8gles strictes du dress-code impos\u00e9es \u00e0 brigitte macron lors de son invitation exceptionnelle au vatican par le pape l\u00e9on xiv."},{"@type":"BreadcrumbList","@id":"https:\/\/www.sebastien-auziere.fr\/blog\/en\/brigitte-macron-invited-to-the-vatican-by-pope-leo-xiv-the-strict-rules-of-her-dress-code-unveiled\/#breadcrumb","itemListElement":[{"@type":"ListItem","position":1,"name":"Home","item":"https:\/\/www.sebastien-auziere.fr\/blog\/"},{"@type":"ListItem","position":2,"name":"Brigitte Macron invited to the Vatican by Pope Leo XIV: the strict rules of her dress code unveiled"}]},{"@type":"WebSite","@id":"https:\/\/www.sebastien-auziere.fr\/blog\/#website","url":"https:\/\/www.sebastien-auziere.fr\/blog\/","name":"Fan site S\u00e9bastien Auzi\u00e8re","description":"M\u00e9dia g\u00e9n\u00e9raliste","publisher":{"@id":"https:\/\/www.sebastien-auziere.fr\/blog\/#organization"},"potentialAction":[{"@type":"SearchAction","target":{"@type":"EntryPoint","urlTemplate":"https:\/\/www.sebastien-auziere.fr\/blog\/?s={search_term_string}"},"query-input":{"@type":"PropertyValueSpecification","valueRequired":true,"valueName":"search_term_string"}}],"inLanguage":"fr-FR"},{"@type":"Organization","@id":"https:\/\/www.sebastien-auziere.fr\/blog\/#organization","name":"Fan site S\u00e9bastien Auzi\u00e8re","url":"https:\/\/www.sebastien-auziere.fr\/blog\/","logo":{"@type":"ImageObject","inLanguage":"fr-FR","@id":"https:\/\/www.sebastien-auziere.fr\/blog\/#\/schema\/logo\/image\/","url":"https:\/\/www.sebastien-auziere.fr\/blog\/wp-content\/uploads\/2026\/03\/cropped-cropped-cropped-ChatGPT-Image-6-mars-2026-12_58_09-e1772798376794.jpg","contentUrl":"https:\/\/www.sebastien-auziere.fr\/blog\/wp-content\/uploads\/2026\/03\/cropped-cropped-cropped-ChatGPT-Image-6-mars-2026-12_58_09-e1772798376794.jpg","width":512,"height":360,"caption":"Fan site S\u00e9bastien Auzi\u00e8re"},"image":{"@id":"https:\/\/www.sebastien-auziere.fr\/blog\/#\/schema\/logo\/image\/"}},{"@type":"Person","@id":"https:\/\/www.sebastien-auziere.fr\/blog\/#\/schema\/person\/149f1acdbfd85149c6c3e59adeae2f4d","name":"Chloe Gauthier","image":{"@type":"ImageObject","inLanguage":"fr-FR","@id":"https:\/\/secure.gravatar.com\/avatar\/2c5722f58171cff738a8985ef0dd66b476e563753246a49019befc837ec4201a?s=96&d=mm&r=g","url":"https:\/\/secure.gravatar.com\/avatar\/2c5722f58171cff738a8985ef0dd66b476e563753246a49019befc837ec4201a?s=96&d=mm&r=g","contentUrl":"https:\/\/secure.gravatar.com\/avatar\/2c5722f58171cff738a8985ef0dd66b476e563753246a49019befc837ec4201a?s=96&d=mm&r=g","caption":"Chloe Gauthier"},"description":"Passionn\u00e9e par la politique et admiratrice engag\u00e9e de la famille Macron, je consacre mon \u00e9nergie \u00e0 suivre leurs initiatives et \u00e0 promouvoir leurs id\u00e9es. \u00c0 32 ans, je suis convaincue que leur vision est porteuse d'avenir.","url":"https:\/\/www.sebastien-auziere.fr\/blog\/author\/chloe-gauthier\/"}]}},"views":8,"_links":{"self":[{"href":"https:\/\/www.sebastien-auziere.fr\/blog\/wp-json\/wp\/v2\/posts\/2880","targetHints":{"allow":["GET"]}}],"collection":[{"href":"https:\/\/www.sebastien-auziere.fr\/blog\/wp-json\/wp\/v2\/posts"}],"about":[{"href":"https:\/\/www.sebastien-auziere.fr\/blog\/wp-json\/wp\/v2\/types\/post"}],"author":[{"embeddable":true,"href":"https:\/\/www.sebastien-auziere.fr\/blog\/wp-json\/wp\/v2\/users\/9"}],"replies":[{"embeddable":true,"href":"https:\/\/www.sebastien-auziere.fr\/blog\/wp-json\/wp\/v2\/comments?post=2880"}],"version-history":[{"count":1,"href":"https:\/\/www.sebastien-auziere.fr\/blog\/wp-json\/wp\/v2\/posts\/2880\/revisions"}],"predecessor-version":[{"id":2881,"href":"https:\/\/www.sebastien-auziere.fr\/blog\/wp-json\/wp\/v2\/posts\/2880\/revisions\/2881"}],"wp:featuredmedia":[{"embeddable":true,"href":"https:\/\/www.sebastien-auziere.fr\/blog\/wp-json\/wp\/v2\/media\/2878"}],"wp:attachment":[{"href":"https:\/\/www.sebastien-auziere.fr\/blog\/wp-json\/wp\/v2\/media?parent=2880"}],"wp:term":[{"taxonomy":"category","embeddable":true,"href":"https:\/\/www.sebastien-auziere.fr\/blog\/wp-json\/wp\/v2\/categories?post=2880"},{"taxonomy":"post_tag","embeddable":true,"href":"https:\/\/www.sebastien-auziere.fr\/blog\/wp-json\/wp\/v2\/tags?post=2880"}],"curies":[{"name":"wp","href":"https:\/\/api.w.org\/{rel}","templated":true}]}}