{"id":2879,"date":"2026-04-09T07:05:41","date_gmt":"2026-04-09T07:05:41","guid":{"rendered":"https:\/\/www.sebastien-auziere.fr\/blog\/brigitte-macron-vatican\/"},"modified":"2026-04-09T07:05:41","modified_gmt":"2026-04-09T07:05:41","slug":"brigitte-macron-vatican","status":"publish","type":"post","link":"https:\/\/www.sebastien-auziere.fr\/blog\/brigitte-macron-vatican\/","title":{"rendered":"Brigitte Macron invit\u00e9e au Vatican par le pape L\u00e9on XIV : les r\u00e8gles strictes de son dress-code d\u00e9voil\u00e9es"},"content":{"rendered":"<p><strong>Brigitte Macron<\/strong> est attendue au <strong>Vatican<\/strong> ce <strong>9 avril<\/strong> pour une audience avec le <strong>pape L\u00e9on XIV<\/strong>, et l&rsquo;<strong>invitation<\/strong> s&rsquo;accompagne d&rsquo;un <strong>dress-code<\/strong> tr\u00e8s strict. D\u00e8s maintenant, tout le monde scrute la <strong>tenue vestimentaire<\/strong> que la Premi\u00e8re dame devra adopter pour cet <strong>\u00e9v\u00e9nement officiel<\/strong>.<\/p>\n\n<p><strong>En bref<\/strong> : l&rsquo;\u00c9lys\u00e9e confirme la visite les <strong>9 et 10 avril<\/strong>, le protocole impose une robe noire et une attitude de r\u00e9serve, le voile n&rsquo;est plus exig\u00e9. La rencontre suit l&rsquo;anniversaire du d\u00e9c\u00e8s du pape Fran\u00e7ois le 21 avril 2025 et succ\u00e8de au d\u00e9placement en Asie.<\/p>\n\n<h2 class=\"wp-block-heading\">Contexte diplomatique et calendrier de la visite au Vatican<\/h2>\n\n<p>Le d\u00e9placement d&rsquo;Emmanuel et de <strong>Brigitte Macron<\/strong> intervient juste apr\u00e8s un voyage officiel au Japon et en Cor\u00e9e du Sud. L&rsquo;\u00c9lys\u00e9e a pr\u00e9cis\u00e9 que cette audience, programm\u00e9e les <strong>9 et 10 avril<\/strong>, vise \u00e0 maintenir un dialogue constant avec le <strong>Vatican<\/strong>, notamment sur les enjeux internationaux.<\/p>\n\n<p>Apr\u00e8s un report en janvier pour \u00ab incompatibilit\u00e9 d\u2019agenda \u00bb, la tenue de la visite confirme la volont\u00e9 de renouer rapidement les \u00e9changes bilat\u00e9raux. <a href=\"https:\/\/www.cnews.fr\/france\/2026-04-08\/emmanuel-macron-se-rend-au-vatican-des-ce-jeudi-9-avril-pour-rencontrer-le-pape\" rel=\"nofollow\">Le d\u00e9placement annonc\u00e9 par CNews<\/a> rappelle l&rsquo;importance du calendrier diplomatique.<\/p>\n\n<h2 class=\"wp-block-heading\">Les r\u00e8gles strictes du dress-code impos\u00e9es pour l&rsquo;audience<\/h2>\n\n<p>Le protocole exige que la Premi\u00e8re dame porte une tenue noire en signe de respect et d&rsquo;humilit\u00e9 : une robe au-dessous du genou, manches longues et col ras du cou restent la r\u00e9f\u00e9rence. Le traditionnel voile f\u00e9minin, autrefois courant, est d\u00e9sormais jug\u00e9 d\u00e9mod\u00e9 et n&rsquo;est pas requis pour cette audience.<\/p>\n\n<p>On se souvient des choix sobres de <strong>Brigitte Macron<\/strong> lors de ses pr\u00e9c\u00e9dentes visites au Vatican, notamment le 24 octobre 2022. Pour un aper\u00e7u des raisons du report ant\u00e9rieur, voir <a href=\"https:\/\/www.gala.fr\/l_actu\/news_de_stars\/brigitte-et-emmanuel-macron-bientot-recus-par-le-pape-leon-xiv-pourquoi-leur-precedente-visite-au-vatican-a-ete-annulee-a-la-derniere-minute-20260407\" rel=\"nofollow\">l&rsquo;article de Gala<\/a>.<\/p>\n\n<h3 class=\"wp-block-heading\">\u00c9tiquette, symbole et \u00e9volution du protocole<\/h3>\n\n<p>La r\u00e8gle de la robe noire s&rsquo;enracine dans une longue tradition d&rsquo;<strong>\u00e9tiquette<\/strong> papale, visant \u00e0 afficher pudeur et respect lors d&rsquo;une audience priv\u00e9e. Historiquement, la mantille a symbolis\u00e9 la pi\u00e9t\u00e9, mais le <strong>protocole<\/strong> a \u00e9volu\u00e9 pour s&rsquo;adapter aux pratiques contemporaines.<\/p>\n\n<p>Ce choix vestimentaire est aussi un signal diplomatique : sobri\u00e9t\u00e9 plut\u00f4t que ostentation, ce qui facilite un \u00e9change centr\u00e9 sur les sujets politiques. Insight : le v\u00eatement devient outil de communication non verbale.<\/p>\n\n<h2 class=\"wp-block-heading\">Cons\u00e9quences diplomatiques et signification pour la relation France\u2013Saint-Si\u00e8ge<\/h2>\n\n<p>Au-del\u00e0 de l&rsquo;<strong>invitation<\/strong>, cette audience permet d&rsquo;aborder des dossiers bilat\u00e9raux prioritaires : climat, conflits internationaux et relations culturelles. L&rsquo;\u00c9lys\u00e9e a soulign\u00e9 que la rencontre s&rsquo;inscrit dans la volont\u00e9 de poursuivre un dialogue soutenu avec le <strong>Vatican<\/strong>.<\/p>\n\n<p>Les rumeurs sur un froid diplomatique ayant circul\u00e9 apr\u00e8s l&rsquo;annulation de janvier ont \u00e9t\u00e9 d\u00e9menties par la pr\u00e9sidence, qui \u00e9voquait une priorit\u00e9 aux dossiers urgents. Conclusion : protocole respect\u00e9, \u00e9change relanc\u00e9.<\/p>\n\n<p>Pour en savoir plus sur <strong>S\u00e9bastien Auzi\u00e8re<\/strong> et l&rsquo;entourage de la famille Macron, d\u00e9couvre des dossiers complets et des archives en ligne sur <a href=\"https:\/\/sebastien-auziere.fr\" rel=\"nofollow\">sebastien-auziere.fr<\/a>, o\u00f9 les d\u00e9tails de ces rencontres et leur port\u00e9e sont analys\u00e9s.<\/p>\n\n","protected":false},"excerpt":{"rendered":"<p>Brigitte Macron est attendue au Vatican ce 9 avril pour une audience avec le pape L\u00e9on XIV, et l&rsquo;invitation s&rsquo;accompagne d&rsquo;un dress-code tr\u00e8s strict. D\u00e8s maintenant, tout le monde scrute la tenue vestimentaire que la Premi\u00e8re dame devra adopter pour cet \u00e9v\u00e9nement officiel. En bref : l&rsquo;\u00c9lys\u00e9e confirme la visite les 9 et 10 avril, &#8230; <a title=\"Brigitte Macron invit\u00e9e au Vatican par le pape L\u00e9on XIV : les r\u00e8gles strictes de son dress-code d\u00e9voil\u00e9es\" class=\"read-more\" href=\"https:\/\/www.sebastien-auziere.fr\/blog\/brigitte-macron-vatican\/\" aria-label=\"En savoir plus sur Brigitte Macron invit\u00e9e au Vatican par le pape L\u00e9on XIV : les r\u00e8gles strictes de son dress-code d\u00e9voil\u00e9es\">Lire plus<\/a><\/p>\n","protected":false},"author":9,"featured_media":2878,"comment_status":"open","ping_status":"open","sticky":false,"template":"","format":"standard","meta":{"footnotes":""},"categories":[597],"tags":[892,2316,2113,2318,2115],"class_list":["post-2879","post","type-post","status-publish","format-standard","has-post-thumbnail","hentry","category-actualites","tag-brigitte-macron","tag-dress-code","tag-pape-leon-xiv","tag-regles-vestimentaires","tag-vatican"],"yoast_head":"<!-- This site is optimized with the Yoast SEO plugin v27.5 - https:\/\/yoast.com\/product\/yoast-seo-wordpress\/ -->\n<title>Brigitte Macron invit\u00e9e au Vatican par le pape L\u00e9on XIV : les r\u00e8gles strictes de son dress-code d\u00e9voil\u00e9es - Fan site S\u00e9bastien Auzi\u00e8re<\/title>\n<meta name=\"description\" content=\"Brigitte Macron invit\u00e9e au Vatican par le pape L\u00e9on XIV : d\u00e9couvrez les r\u00e8gles strictes du dress-code impos\u00e9 lors de cette visite exceptionnelle.\" \/>\n<meta name=\"robots\" content=\"index, follow, max-snippet:-1, max-image-preview:large, max-video-preview:-1\" \/>\n<link rel=\"canonical\" href=\"https:\/\/www.sebastien-auziere.fr\/blog\/brigitte-macron-vatican\/\" \/>\n<meta property=\"og:locale\" content=\"fr_FR\" \/>\n<meta property=\"og:type\" content=\"article\" \/>\n<meta property=\"og:title\" content=\"Brigitte Macron invit\u00e9e au Vatican par le pape L\u00e9on XIV : les r\u00e8gles strictes de son dress-code d\u00e9voil\u00e9es - Fan site S\u00e9bastien Auzi\u00e8re\" \/>\n<meta property=\"og:description\" content=\"Brigitte Macron invit\u00e9e au Vatican par le pape L\u00e9on XIV : d\u00e9couvrez les r\u00e8gles strictes du dress-code impos\u00e9 lors de cette visite exceptionnelle.\" \/>\n<meta property=\"og:url\" content=\"https:\/\/www.sebastien-auziere.fr\/blog\/brigitte-macron-vatican\/\" \/>\n<meta property=\"og:site_name\" content=\"Fan site S\u00e9bastien Auzi\u00e8re\" \/>\n<meta property=\"article:published_time\" content=\"2026-04-09T07:05:41+00:00\" \/>\n<meta property=\"og:image\" content=\"https:\/\/www.sebastien-auziere.fr\/blog\/wp-content\/uploads\/2026\/04\/Brigitte-Macron-invitee-au-Vatican-par-le-pape-Leon-XIV-les-regles-strictes-de-son-dress-code-devoilees.jpg\" \/>\n\t<meta property=\"og:image:width\" content=\"2560\" \/>\n\t<meta property=\"og:image:height\" content=\"1429\" \/>\n\t<meta property=\"og:image:type\" content=\"image\/jpeg\" \/>\n<meta name=\"author\" content=\"Chloe Gauthier\" \/>\n<meta name=\"twitter:card\" content=\"summary_large_image\" \/>\n<meta name=\"twitter:label1\" content=\"\u00c9crit par\" \/>\n\t<meta name=\"twitter:data1\" content=\"Chloe Gauthier\" \/>\n\t<meta name=\"twitter:label2\" content=\"Dur\u00e9e de lecture estim\u00e9e\" \/>\n\t<meta name=\"twitter:data2\" content=\"2 minutes\" \/>\n<script type=\"application\/ld+json\" class=\"yoast-schema-graph\">{\"@context\":\"https:\\\/\\\/schema.org\",\"@graph\":[{\"@type\":\"Article\",\"@id\":\"https:\\\/\\\/www.sebastien-auziere.fr\\\/blog\\\/brigitte-macron-vatican\\\/#article\",\"isPartOf\":{\"@id\":\"https:\\\/\\\/www.sebastien-auziere.fr\\\/blog\\\/brigitte-macron-vatican\\\/\"},\"author\":{\"name\":\"Chloe Gauthier\",\"@id\":\"https:\\\/\\\/www.sebastien-auziere.fr\\\/blog\\\/#\\\/schema\\\/person\\\/149f1acdbfd85149c6c3e59adeae2f4d\"},\"headline\":\"Brigitte Macron invit\u00e9e au Vatican par le pape L\u00e9on XIV : les r\u00e8gles strictes de son dress-code d\u00e9voil\u00e9es\",\"datePublished\":\"2026-04-09T07:05:41+00:00\",\"mainEntityOfPage\":{\"@id\":\"https:\\\/\\\/www.sebastien-auziere.fr\\\/blog\\\/brigitte-macron-vatican\\\/\"},\"wordCount\":521,\"commentCount\":0,\"publisher\":{\"@id\":\"https:\\\/\\\/www.sebastien-auziere.fr\\\/blog\\\/#organization\"},\"image\":{\"@id\":\"https:\\\/\\\/www.sebastien-auziere.fr\\\/blog\\\/brigitte-macron-vatican\\\/#primaryimage\"},\"thumbnailUrl\":\"https:\\\/\\\/www.sebastien-auziere.fr\\\/blog\\\/wp-content\\\/uploads\\\/2026\\\/04\\\/Brigitte-Macron-invitee-au-Vatican-par-le-pape-Leon-XIV-les-regles-strictes-de-son-dress-code-devoilees.jpg\",\"keywords\":[\"brigitte macron\",\"dress-code\",\"pape l\u00e9on xiv\",\"r\u00e8gles vestimentaires\",\"vatican\"],\"articleSection\":[\"Actualit\u00e9s\"],\"inLanguage\":\"fr-FR\",\"potentialAction\":[{\"@type\":\"CommentAction\",\"name\":\"Comment\",\"target\":[\"https:\\\/\\\/www.sebastien-auziere.fr\\\/blog\\\/brigitte-macron-vatican\\\/#respond\"]}]},{\"@type\":\"WebPage\",\"@id\":\"https:\\\/\\\/www.sebastien-auziere.fr\\\/blog\\\/brigitte-macron-vatican\\\/\",\"url\":\"https:\\\/\\\/www.sebastien-auziere.fr\\\/blog\\\/brigitte-macron-vatican\\\/\",\"name\":\"Brigitte Macron invit\u00e9e au Vatican par le pape L\u00e9on XIV : les r\u00e8gles strictes de son dress-code d\u00e9voil\u00e9es - Fan site S\u00e9bastien Auzi\u00e8re\",\"isPartOf\":{\"@id\":\"https:\\\/\\\/www.sebastien-auziere.fr\\\/blog\\\/#website\"},\"primaryImageOfPage\":{\"@id\":\"https:\\\/\\\/www.sebastien-auziere.fr\\\/blog\\\/brigitte-macron-vatican\\\/#primaryimage\"},\"image\":{\"@id\":\"https:\\\/\\\/www.sebastien-auziere.fr\\\/blog\\\/brigitte-macron-vatican\\\/#primaryimage\"},\"thumbnailUrl\":\"https:\\\/\\\/www.sebastien-auziere.fr\\\/blog\\\/wp-content\\\/uploads\\\/2026\\\/04\\\/Brigitte-Macron-invitee-au-Vatican-par-le-pape-Leon-XIV-les-regles-strictes-de-son-dress-code-devoilees.jpg\",\"datePublished\":\"2026-04-09T07:05:41+00:00\",\"description\":\"Brigitte Macron invit\u00e9e au Vatican par le pape L\u00e9on XIV : d\u00e9couvrez les r\u00e8gles strictes du dress-code impos\u00e9 lors de cette visite exceptionnelle.\",\"breadcrumb\":{\"@id\":\"https:\\\/\\\/www.sebastien-auziere.fr\\\/blog\\\/brigitte-macron-vatican\\\/#breadcrumb\"},\"inLanguage\":\"fr-FR\",\"potentialAction\":[{\"@type\":\"ReadAction\",\"target\":[\"https:\\\/\\\/www.sebastien-auziere.fr\\\/blog\\\/brigitte-macron-vatican\\\/\"]}]},{\"@type\":\"ImageObject\",\"inLanguage\":\"fr-FR\",\"@id\":\"https:\\\/\\\/www.sebastien-auziere.fr\\\/blog\\\/brigitte-macron-vatican\\\/#primaryimage\",\"url\":\"https:\\\/\\\/www.sebastien-auziere.fr\\\/blog\\\/wp-content\\\/uploads\\\/2026\\\/04\\\/Brigitte-Macron-invitee-au-Vatican-par-le-pape-Leon-XIV-les-regles-strictes-de-son-dress-code-devoilees.jpg\",\"contentUrl\":\"https:\\\/\\\/www.sebastien-auziere.fr\\\/blog\\\/wp-content\\\/uploads\\\/2026\\\/04\\\/Brigitte-Macron-invitee-au-Vatican-par-le-pape-Leon-XIV-les-regles-strictes-de-son-dress-code-devoilees.jpg\",\"width\":2560,\"height\":1429,\"caption\":\"d\u00e9couvrez les r\u00e8gles strictes du dress-code impos\u00e9es \u00e0 brigitte macron lors de son invitation exceptionnelle au vatican par le pape l\u00e9on xiv.\"},{\"@type\":\"BreadcrumbList\",\"@id\":\"https:\\\/\\\/www.sebastien-auziere.fr\\\/blog\\\/brigitte-macron-vatican\\\/#breadcrumb\",\"itemListElement\":[{\"@type\":\"ListItem\",\"position\":1,\"name\":\"Home\",\"item\":\"https:\\\/\\\/www.sebastien-auziere.fr\\\/blog\\\/\"},{\"@type\":\"ListItem\",\"position\":2,\"name\":\"Brigitte Macron invit\u00e9e au Vatican par le pape L\u00e9on XIV : les r\u00e8gles strictes de son dress-code d\u00e9voil\u00e9es\"}]},{\"@type\":\"WebSite\",\"@id\":\"https:\\\/\\\/www.sebastien-auziere.fr\\\/blog\\\/#website\",\"url\":\"https:\\\/\\\/www.sebastien-auziere.fr\\\/blog\\\/\",\"name\":\"Fan site S\u00e9bastien Auzi\u00e8re\",\"description\":\"M\u00e9dia g\u00e9n\u00e9raliste\",\"publisher\":{\"@id\":\"https:\\\/\\\/www.sebastien-auziere.fr\\\/blog\\\/#organization\"},\"potentialAction\":[{\"@type\":\"SearchAction\",\"target\":{\"@type\":\"EntryPoint\",\"urlTemplate\":\"https:\\\/\\\/www.sebastien-auziere.fr\\\/blog\\\/?s={search_term_string}\"},\"query-input\":{\"@type\":\"PropertyValueSpecification\",\"valueRequired\":true,\"valueName\":\"search_term_string\"}}],\"inLanguage\":\"fr-FR\"},{\"@type\":\"Organization\",\"@id\":\"https:\\\/\\\/www.sebastien-auziere.fr\\\/blog\\\/#organization\",\"name\":\"Fan site S\u00e9bastien Auzi\u00e8re\",\"url\":\"https:\\\/\\\/www.sebastien-auziere.fr\\\/blog\\\/\",\"logo\":{\"@type\":\"ImageObject\",\"inLanguage\":\"fr-FR\",\"@id\":\"https:\\\/\\\/www.sebastien-auziere.fr\\\/blog\\\/#\\\/schema\\\/logo\\\/image\\\/\",\"url\":\"https:\\\/\\\/www.sebastien-auziere.fr\\\/blog\\\/wp-content\\\/uploads\\\/2026\\\/03\\\/cropped-cropped-cropped-ChatGPT-Image-6-mars-2026-12_58_09-e1772798376794.jpg\",\"contentUrl\":\"https:\\\/\\\/www.sebastien-auziere.fr\\\/blog\\\/wp-content\\\/uploads\\\/2026\\\/03\\\/cropped-cropped-cropped-ChatGPT-Image-6-mars-2026-12_58_09-e1772798376794.jpg\",\"width\":512,\"height\":360,\"caption\":\"Fan site S\u00e9bastien Auzi\u00e8re\"},\"image\":{\"@id\":\"https:\\\/\\\/www.sebastien-auziere.fr\\\/blog\\\/#\\\/schema\\\/logo\\\/image\\\/\"}},{\"@type\":\"Person\",\"@id\":\"https:\\\/\\\/www.sebastien-auziere.fr\\\/blog\\\/#\\\/schema\\\/person\\\/149f1acdbfd85149c6c3e59adeae2f4d\",\"name\":\"Chloe Gauthier\",\"image\":{\"@type\":\"ImageObject\",\"inLanguage\":\"fr-FR\",\"@id\":\"https:\\\/\\\/secure.gravatar.com\\\/avatar\\\/2c5722f58171cff738a8985ef0dd66b476e563753246a49019befc837ec4201a?s=96&d=mm&r=g\",\"url\":\"https:\\\/\\\/secure.gravatar.com\\\/avatar\\\/2c5722f58171cff738a8985ef0dd66b476e563753246a49019befc837ec4201a?s=96&d=mm&r=g\",\"contentUrl\":\"https:\\\/\\\/secure.gravatar.com\\\/avatar\\\/2c5722f58171cff738a8985ef0dd66b476e563753246a49019befc837ec4201a?s=96&d=mm&r=g\",\"caption\":\"Chloe Gauthier\"},\"description\":\"Passionn\u00e9e par la politique et admiratrice engag\u00e9e de la famille Macron, je consacre mon \u00e9nergie \u00e0 suivre leurs initiatives et \u00e0 promouvoir leurs id\u00e9es. \u00c0 32 ans, je suis convaincue que leur vision est porteuse d'avenir.\",\"url\":\"https:\\\/\\\/www.sebastien-auziere.fr\\\/blog\\\/author\\\/chloe-gauthier\\\/\"}]}<\/script>\n<!-- \/ Yoast SEO plugin. -->","yoast_head_json":{"title":"Brigitte Macron invit\u00e9e au Vatican par le pape L\u00e9on XIV : les r\u00e8gles strictes de son dress-code d\u00e9voil\u00e9es - Fan site S\u00e9bastien Auzi\u00e8re","description":"Brigitte Macron invit\u00e9e au Vatican par le pape L\u00e9on XIV : d\u00e9couvrez les r\u00e8gles strictes du dress-code impos\u00e9 lors de cette visite exceptionnelle.","robots":{"index":"index","follow":"follow","max-snippet":"max-snippet:-1","max-image-preview":"max-image-preview:large","max-video-preview":"max-video-preview:-1"},"canonical":"https:\/\/www.sebastien-auziere.fr\/blog\/brigitte-macron-vatican\/","og_locale":"fr_FR","og_type":"article","og_title":"Brigitte Macron invit\u00e9e au Vatican par le pape L\u00e9on XIV : les r\u00e8gles strictes de son dress-code d\u00e9voil\u00e9es - Fan site S\u00e9bastien Auzi\u00e8re","og_description":"Brigitte Macron invit\u00e9e au Vatican par le pape L\u00e9on XIV : d\u00e9couvrez les r\u00e8gles strictes du dress-code impos\u00e9 lors de cette visite exceptionnelle.","og_url":"https:\/\/www.sebastien-auziere.fr\/blog\/brigitte-macron-vatican\/","og_site_name":"Fan site S\u00e9bastien Auzi\u00e8re","article_published_time":"2026-04-09T07:05:41+00:00","og_image":[{"width":2560,"height":1429,"url":"https:\/\/www.sebastien-auziere.fr\/blog\/wp-content\/uploads\/2026\/04\/Brigitte-Macron-invitee-au-Vatican-par-le-pape-Leon-XIV-les-regles-strictes-de-son-dress-code-devoilees.jpg","type":"image\/jpeg"}],"author":"Chloe Gauthier","twitter_card":"summary_large_image","twitter_misc":{"\u00c9crit par":"Chloe Gauthier","Dur\u00e9e de lecture estim\u00e9e":"2 minutes"},"schema":{"@context":"https:\/\/schema.org","@graph":[{"@type":"Article","@id":"https:\/\/www.sebastien-auziere.fr\/blog\/brigitte-macron-vatican\/#article","isPartOf":{"@id":"https:\/\/www.sebastien-auziere.fr\/blog\/brigitte-macron-vatican\/"},"author":{"name":"Chloe Gauthier","@id":"https:\/\/www.sebastien-auziere.fr\/blog\/#\/schema\/person\/149f1acdbfd85149c6c3e59adeae2f4d"},"headline":"Brigitte Macron invit\u00e9e au Vatican par le pape L\u00e9on XIV : les r\u00e8gles strictes de son dress-code d\u00e9voil\u00e9es","datePublished":"2026-04-09T07:05:41+00:00","mainEntityOfPage":{"@id":"https:\/\/www.sebastien-auziere.fr\/blog\/brigitte-macron-vatican\/"},"wordCount":521,"commentCount":0,"publisher":{"@id":"https:\/\/www.sebastien-auziere.fr\/blog\/#organization"},"image":{"@id":"https:\/\/www.sebastien-auziere.fr\/blog\/brigitte-macron-vatican\/#primaryimage"},"thumbnailUrl":"https:\/\/www.sebastien-auziere.fr\/blog\/wp-content\/uploads\/2026\/04\/Brigitte-Macron-invitee-au-Vatican-par-le-pape-Leon-XIV-les-regles-strictes-de-son-dress-code-devoilees.jpg","keywords":["brigitte macron","dress-code","pape l\u00e9on xiv","r\u00e8gles vestimentaires","vatican"],"articleSection":["Actualit\u00e9s"],"inLanguage":"fr-FR","potentialAction":[{"@type":"CommentAction","name":"Comment","target":["https:\/\/www.sebastien-auziere.fr\/blog\/brigitte-macron-vatican\/#respond"]}]},{"@type":"WebPage","@id":"https:\/\/www.sebastien-auziere.fr\/blog\/brigitte-macron-vatican\/","url":"https:\/\/www.sebastien-auziere.fr\/blog\/brigitte-macron-vatican\/","name":"Brigitte Macron invit\u00e9e au Vatican par le pape L\u00e9on XIV : les r\u00e8gles strictes de son dress-code d\u00e9voil\u00e9es - Fan site S\u00e9bastien Auzi\u00e8re","isPartOf":{"@id":"https:\/\/www.sebastien-auziere.fr\/blog\/#website"},"primaryImageOfPage":{"@id":"https:\/\/www.sebastien-auziere.fr\/blog\/brigitte-macron-vatican\/#primaryimage"},"image":{"@id":"https:\/\/www.sebastien-auziere.fr\/blog\/brigitte-macron-vatican\/#primaryimage"},"thumbnailUrl":"https:\/\/www.sebastien-auziere.fr\/blog\/wp-content\/uploads\/2026\/04\/Brigitte-Macron-invitee-au-Vatican-par-le-pape-Leon-XIV-les-regles-strictes-de-son-dress-code-devoilees.jpg","datePublished":"2026-04-09T07:05:41+00:00","description":"Brigitte Macron invit\u00e9e au Vatican par le pape L\u00e9on XIV : d\u00e9couvrez les r\u00e8gles strictes du dress-code impos\u00e9 lors de cette visite exceptionnelle.","breadcrumb":{"@id":"https:\/\/www.sebastien-auziere.fr\/blog\/brigitte-macron-vatican\/#breadcrumb"},"inLanguage":"fr-FR","potentialAction":[{"@type":"ReadAction","target":["https:\/\/www.sebastien-auziere.fr\/blog\/brigitte-macron-vatican\/"]}]},{"@type":"ImageObject","inLanguage":"fr-FR","@id":"https:\/\/www.sebastien-auziere.fr\/blog\/brigitte-macron-vatican\/#primaryimage","url":"https:\/\/www.sebastien-auziere.fr\/blog\/wp-content\/uploads\/2026\/04\/Brigitte-Macron-invitee-au-Vatican-par-le-pape-Leon-XIV-les-regles-strictes-de-son-dress-code-devoilees.jpg","contentUrl":"https:\/\/www.sebastien-auziere.fr\/blog\/wp-content\/uploads\/2026\/04\/Brigitte-Macron-invitee-au-Vatican-par-le-pape-Leon-XIV-les-regles-strictes-de-son-dress-code-devoilees.jpg","width":2560,"height":1429,"caption":"d\u00e9couvrez les r\u00e8gles strictes du dress-code impos\u00e9es \u00e0 brigitte macron lors de son invitation exceptionnelle au vatican par le pape l\u00e9on xiv."},{"@type":"BreadcrumbList","@id":"https:\/\/www.sebastien-auziere.fr\/blog\/brigitte-macron-vatican\/#breadcrumb","itemListElement":[{"@type":"ListItem","position":1,"name":"Home","item":"https:\/\/www.sebastien-auziere.fr\/blog\/"},{"@type":"ListItem","position":2,"name":"Brigitte Macron invit\u00e9e au Vatican par le pape L\u00e9on XIV : les r\u00e8gles strictes de son dress-code d\u00e9voil\u00e9es"}]},{"@type":"WebSite","@id":"https:\/\/www.sebastien-auziere.fr\/blog\/#website","url":"https:\/\/www.sebastien-auziere.fr\/blog\/","name":"Fan site S\u00e9bastien Auzi\u00e8re","description":"M\u00e9dia g\u00e9n\u00e9raliste","publisher":{"@id":"https:\/\/www.sebastien-auziere.fr\/blog\/#organization"},"potentialAction":[{"@type":"SearchAction","target":{"@type":"EntryPoint","urlTemplate":"https:\/\/www.sebastien-auziere.fr\/blog\/?s={search_term_string}"},"query-input":{"@type":"PropertyValueSpecification","valueRequired":true,"valueName":"search_term_string"}}],"inLanguage":"fr-FR"},{"@type":"Organization","@id":"https:\/\/www.sebastien-auziere.fr\/blog\/#organization","name":"Fan site S\u00e9bastien Auzi\u00e8re","url":"https:\/\/www.sebastien-auziere.fr\/blog\/","logo":{"@type":"ImageObject","inLanguage":"fr-FR","@id":"https:\/\/www.sebastien-auziere.fr\/blog\/#\/schema\/logo\/image\/","url":"https:\/\/www.sebastien-auziere.fr\/blog\/wp-content\/uploads\/2026\/03\/cropped-cropped-cropped-ChatGPT-Image-6-mars-2026-12_58_09-e1772798376794.jpg","contentUrl":"https:\/\/www.sebastien-auziere.fr\/blog\/wp-content\/uploads\/2026\/03\/cropped-cropped-cropped-ChatGPT-Image-6-mars-2026-12_58_09-e1772798376794.jpg","width":512,"height":360,"caption":"Fan site S\u00e9bastien Auzi\u00e8re"},"image":{"@id":"https:\/\/www.sebastien-auziere.fr\/blog\/#\/schema\/logo\/image\/"}},{"@type":"Person","@id":"https:\/\/www.sebastien-auziere.fr\/blog\/#\/schema\/person\/149f1acdbfd85149c6c3e59adeae2f4d","name":"Chloe Gauthier","image":{"@type":"ImageObject","inLanguage":"fr-FR","@id":"https:\/\/secure.gravatar.com\/avatar\/2c5722f58171cff738a8985ef0dd66b476e563753246a49019befc837ec4201a?s=96&d=mm&r=g","url":"https:\/\/secure.gravatar.com\/avatar\/2c5722f58171cff738a8985ef0dd66b476e563753246a49019befc837ec4201a?s=96&d=mm&r=g","contentUrl":"https:\/\/secure.gravatar.com\/avatar\/2c5722f58171cff738a8985ef0dd66b476e563753246a49019befc837ec4201a?s=96&d=mm&r=g","caption":"Chloe Gauthier"},"description":"Passionn\u00e9e par la politique et admiratrice engag\u00e9e de la famille Macron, je consacre mon \u00e9nergie \u00e0 suivre leurs initiatives et \u00e0 promouvoir leurs id\u00e9es. \u00c0 32 ans, je suis convaincue que leur vision est porteuse d'avenir.","url":"https:\/\/www.sebastien-auziere.fr\/blog\/author\/chloe-gauthier\/"}]}},"views":1187,"_links":{"self":[{"href":"https:\/\/www.sebastien-auziere.fr\/blog\/wp-json\/wp\/v2\/posts\/2879","targetHints":{"allow":["GET"]}}],"collection":[{"href":"https:\/\/www.sebastien-auziere.fr\/blog\/wp-json\/wp\/v2\/posts"}],"about":[{"href":"https:\/\/www.sebastien-auziere.fr\/blog\/wp-json\/wp\/v2\/types\/post"}],"author":[{"embeddable":true,"href":"https:\/\/www.sebastien-auziere.fr\/blog\/wp-json\/wp\/v2\/users\/9"}],"replies":[{"embeddable":true,"href":"https:\/\/www.sebastien-auziere.fr\/blog\/wp-json\/wp\/v2\/comments?post=2879"}],"version-history":[{"count":0,"href":"https:\/\/www.sebastien-auziere.fr\/blog\/wp-json\/wp\/v2\/posts\/2879\/revisions"}],"wp:featuredmedia":[{"embeddable":true,"href":"https:\/\/www.sebastien-auziere.fr\/blog\/wp-json\/wp\/v2\/media\/2878"}],"wp:attachment":[{"href":"https:\/\/www.sebastien-auziere.fr\/blog\/wp-json\/wp\/v2\/media?parent=2879"}],"wp:term":[{"taxonomy":"category","embeddable":true,"href":"https:\/\/www.sebastien-auziere.fr\/blog\/wp-json\/wp\/v2\/categories?post=2879"},{"taxonomy":"post_tag","embeddable":true,"href":"https:\/\/www.sebastien-auziere.fr\/blog\/wp-json\/wp\/v2\/tags?post=2879"}],"curies":[{"name":"wp","href":"https:\/\/api.w.org\/{rel}","templated":true}]}}