{"id":2874,"date":"2026-04-08T19:10:01","date_gmt":"2026-04-08T19:10:01","guid":{"rendered":"https:\/\/www.sebastien-auziere.fr\/blog\/?p=2874"},"modified":"2026-04-08T19:10:35","modified_gmt":"2026-04-08T19:10:35","slug":"a-nuance-elegante-e-atemporal-aclamada-por-brigitte-macron-e-zendaya-se-impoe-em-toda-parte-nesta-temporada","status":"publish","type":"post","link":"https:\/\/www.sebastien-auziere.fr\/blog\/pt\/a-nuance-elegante-e-atemporal-aclamada-por-brigitte-macron-e-zendaya-se-impoe-em-toda-parte-nesta-temporada\/","title":{"rendered":"A nuance elegante e atemporal aclamada por Brigitte Macron e Zendaya se imp\u00f5e em toda parte nesta temporada"},"content":{"rendered":"<p>Voc\u00ea n\u00e3o pode perder essa <strong>nuance elegante<\/strong> que domina as passarelas e as cerim\u00f4nias: <strong>Brigitte Macron<\/strong> e <strong>Zendaya<\/strong> trouxeram o branco para o centro da <strong>tend\u00eancia da temporada<\/strong>. Desde os tapetes vermelhos at\u00e9 as visitas oficiais, essa tonalidade prova seu poder de transforma\u00e7\u00e3o para um <strong>estilo sofisticado<\/strong> e luminoso.<\/p>\n\n<p><strong>Em resumo<\/strong>: o branco se afirma como a cor da primavera, adotada em vestidos midi, casacos longos e blazers oversized, e validada pela imprensa de moda por seu resultado <strong>intemporal<\/strong> e sua aura de <strong>refinamento<\/strong>.<\/p>\n\n<h2 class=\"wp-block-heading\">O branco, uma nuance elegante e intemporal adotada pelas \u00edcones<\/h2>\n\n<p>Em palcos oficiais e culturais, o branco confirma seu lugar. Durante uma visita ao Pal\u00e1cio Imperial de T\u00f3quio, <strong>Brigitte Macron<\/strong> foi notada em um vestido midi branco de corte reto, aclamado pelos fot\u00f3grafos por sua <strong>eleg\u00e2ncia<\/strong>. Em Paris, <strong>Zendaya<\/strong> escolheu um longo vestido branco com costas nuas assinado pela Louis Vuitton, ilustrando como essa <strong>nuance elegante<\/strong> se desdobra do protocolo ao glamour. Um equil\u00edbrio entre tradi\u00e7\u00e3o e modernidade.<\/p>\n\n<h3 class=\"wp-block-heading\">Por que a moda valida essa escolha nesta temporada<\/h3>\n\n<p>As reda\u00e7\u00f5es de moda destacam a versatilidade do branco: cerim\u00f4nias, tapetes vermelhos e street style. Publica\u00e7\u00f5es especializadas publicaram editoriais mostrando Charl\u00e8ne de M\u00f4naco, C\u00e9line Dion ou Laeticia Hallyday adotando a tonalidade, prova de que o branco atravessa os registros. Para ler uma an\u00e1lise do look da Primeira-dama, consulte a revista dedicada ao seu vestido cinturado atrav\u00e9s de um artigo de imprensa. O veredicto: modernidade e <strong>chique<\/strong>.<\/p>\n\n<h2 class=\"wp-block-heading\">Como adotar a nuance elegante no dia a dia<\/h2>\n\n<p>Voc\u00ea pode integrar o branco sem excessos: uma camisa imaculada estruturada, um blazer creme ou um jeans combinando criam combina\u00e7\u00f5es f\u00e1ceis. Os influenciadores mostram o duo branco\/denim para um resultado casual chic, enquanto os acess\u00f3rios trazem profundidade e contraste. O segredo est\u00e1 no corte: priorizar pe\u00e7as bem cortadas para um efeito <strong>intemporal<\/strong> e refinado.<\/p>\n\n<h3 class=\"wp-block-heading\">O branco, vetor de uma mensagem e de um estilo sofisticado<\/h3>\n\n<p>Al\u00e9m da est\u00e9tica, o branco transmite pureza, renova\u00e7\u00e3o e neutralidade estilizada. Para personalidades p\u00fablicas como <strong>Brigitte Macron<\/strong>, ele incorpora um <strong>estilo sofisticado<\/strong> respeitador do protocolo; para artistas como <strong>Zendaya<\/strong>, ele se torna uma tela para a ousadia da alta-costura. A li\u00e7\u00e3o: o branco fala tanto quanto o corte, oferecendo uma <strong>eleg\u00e2ncia<\/strong> imediatamente leg\u00edvel.<\/p>\n\n<p>Para aprofundar a an\u00e1lise dos looks e das apari\u00e7\u00f5es, descubra artigos de moda dedicados a essas escolhas, incluindo uma revis\u00e3o completa sobre a eleg\u00e2ncia validada nesta temporada pela imprensa <a href=\"https:\/\/www.gala.fr\/mode\/les_stars_et_la_mode\/elegante-et-intemporelle-cette-nuance-validee-par-brigitte-macron-et-zendaya-sera-partout-ce-printemps-20260407\" rel=\"nofollow\">publicada na Gala<\/a> e um retrato detalhado sobre como usar o vestido cinturado que pode ser consultado em <a href=\"https:\/\/www.mariefrance.fr\/mode\/backstage-mode\/people\/brigitte-macron-radieuse-en-robe-ceinturee-qui-marque-sa-taille-de-guepe-elle-adopte-une-couleur-resolument-chic-1210869.html\" rel=\"nofollow\">Marie France<\/a>. Para saber mais sobre S\u00e9bastien Auzi\u00e8re e a fam\u00edlia Macron, visite <a href=\"https:\/\/sebastien-auziere.fr\" rel=\"nofollow\">sebastien-auziere.fr<\/a> e explore os la\u00e7os familiares e as apari\u00e7\u00f5es p\u00fablicas.<\/p>","protected":false},"excerpt":{"rendered":"<p>Voc\u00ea n\u00e3o pode perder essa nuance elegante que domina as passarelas e as cerim\u00f4nias: Brigitte Macron e Zendaya trouxeram o branco para o centro da tend\u00eancia da temporada. Desde os tapetes vermelhos at\u00e9 as visitas oficiais, essa tonalidade prova seu poder de transforma\u00e7\u00e3o para um estilo sofisticado e luminoso. Em resumo: o branco se afirma &#8230; <a title=\"A nuance elegante e atemporal aclamada por Brigitte Macron e Zendaya se imp\u00f5e em toda parte nesta temporada\" class=\"read-more\" href=\"https:\/\/www.sebastien-auziere.fr\/blog\/pt\/a-nuance-elegante-e-atemporal-aclamada-por-brigitte-macron-e-zendaya-se-impoe-em-toda-parte-nesta-temporada\/\" aria-label=\"En savoir plus sur A nuance elegante e atemporal aclamada por Brigitte Macron e Zendaya se imp\u00f5e em toda parte nesta temporada\">Lire plus<\/a><\/p>\n","protected":false},"author":9,"featured_media":2864,"comment_status":"open","ping_status":"open","sticky":false,"template":"","format":"standard","meta":{"footnotes":""},"categories":[862],"tags":[959,2292,2295,2298,2301],"class_list":["post-2874","post","type-post","status-publish","format-standard","has-post-thumbnail","hentry","category-actualidades-pt","tag-brigitte-macron-pt","tag-intemporal-pt","tag-modo-estacao-pt","tag-nuance-elegante-pt","tag-zendaya-pt"],"yoast_head":"<!-- This site is optimized with the Yoast SEO plugin v27.5 - https:\/\/yoast.com\/product\/yoast-seo-wordpress\/ -->\n<title>A nuance elegante e atemporal aclamada por Brigitte Macron e Zendaya se imp\u00f5e em toda parte nesta temporada - Fan site S\u00e9bastien Auzi\u00e8re<\/title>\n<meta name=\"description\" content=\"D\u00e9couvrez la nuance \u00e9l\u00e9gante et intemporelle adopt\u00e9e par Brigitte Macron et Zendaya, la tendance phare de la saison \u00e0 ne pas manquer.\" \/>\n<meta name=\"robots\" content=\"index, follow, max-snippet:-1, max-image-preview:large, max-video-preview:-1\" \/>\n<link rel=\"canonical\" href=\"https:\/\/www.sebastien-auziere.fr\/blog\/pt\/a-nuance-elegante-e-atemporal-aclamada-por-brigitte-macron-e-zendaya-se-impoe-em-toda-parte-nesta-temporada\/\" \/>\n<meta property=\"og:locale\" content=\"fr_FR\" \/>\n<meta property=\"og:type\" content=\"article\" \/>\n<meta property=\"og:title\" content=\"A nuance elegante e atemporal aclamada por Brigitte Macron e Zendaya se imp\u00f5e em toda parte nesta temporada - Fan site S\u00e9bastien Auzi\u00e8re\" \/>\n<meta property=\"og:description\" content=\"D\u00e9couvrez la nuance \u00e9l\u00e9gante et intemporelle adopt\u00e9e par Brigitte Macron et Zendaya, la tendance phare de la saison \u00e0 ne pas manquer.\" \/>\n<meta property=\"og:url\" content=\"https:\/\/www.sebastien-auziere.fr\/blog\/pt\/a-nuance-elegante-e-atemporal-aclamada-por-brigitte-macron-e-zendaya-se-impoe-em-toda-parte-nesta-temporada\/\" \/>\n<meta property=\"og:site_name\" content=\"Fan site S\u00e9bastien Auzi\u00e8re\" \/>\n<meta property=\"article:published_time\" content=\"2026-04-08T19:10:01+00:00\" \/>\n<meta property=\"article:modified_time\" content=\"2026-04-08T19:10:35+00:00\" \/>\n<meta property=\"og:image\" content=\"https:\/\/www.sebastien-auziere.fr\/blog\/wp-content\/uploads\/2026\/04\/La-nuance-elegante-et-intemporelle-plebiscitee-par-Brigitte-Macron-et-Zendaya-simpose-partout-cette-saison.jpg\" \/>\n\t<meta property=\"og:image:width\" content=\"2560\" \/>\n\t<meta property=\"og:image:height\" content=\"1429\" \/>\n\t<meta property=\"og:image:type\" content=\"image\/jpeg\" \/>\n<meta name=\"author\" content=\"Chloe Gauthier\" \/>\n<meta name=\"twitter:card\" content=\"summary_large_image\" \/>\n<meta name=\"twitter:label1\" content=\"\u00c9crit par\" \/>\n\t<meta name=\"twitter:data1\" content=\"Chloe Gauthier\" \/>\n\t<meta name=\"twitter:label2\" content=\"Dur\u00e9e de lecture estim\u00e9e\" \/>\n\t<meta name=\"twitter:data2\" content=\"2 minutes\" \/>\n<script type=\"application\/ld+json\" class=\"yoast-schema-graph\">{\"@context\":\"https:\\\/\\\/schema.org\",\"@graph\":[{\"@type\":\"Article\",\"@id\":\"https:\\\/\\\/www.sebastien-auziere.fr\\\/blog\\\/pt\\\/a-nuance-elegante-e-atemporal-aclamada-por-brigitte-macron-e-zendaya-se-impoe-em-toda-parte-nesta-temporada\\\/#article\",\"isPartOf\":{\"@id\":\"https:\\\/\\\/www.sebastien-auziere.fr\\\/blog\\\/pt\\\/a-nuance-elegante-e-atemporal-aclamada-por-brigitte-macron-e-zendaya-se-impoe-em-toda-parte-nesta-temporada\\\/\"},\"author\":{\"name\":\"Chloe Gauthier\",\"@id\":\"https:\\\/\\\/www.sebastien-auziere.fr\\\/blog\\\/#\\\/schema\\\/person\\\/149f1acdbfd85149c6c3e59adeae2f4d\"},\"headline\":\"A nuance elegante e atemporal aclamada por Brigitte Macron e Zendaya se imp\u00f5e em toda parte nesta temporada\",\"datePublished\":\"2026-04-08T19:10:01+00:00\",\"dateModified\":\"2026-04-08T19:10:35+00:00\",\"mainEntityOfPage\":{\"@id\":\"https:\\\/\\\/www.sebastien-auziere.fr\\\/blog\\\/pt\\\/a-nuance-elegante-e-atemporal-aclamada-por-brigitte-macron-e-zendaya-se-impoe-em-toda-parte-nesta-temporada\\\/\"},\"wordCount\":494,\"commentCount\":0,\"publisher\":{\"@id\":\"https:\\\/\\\/www.sebastien-auziere.fr\\\/blog\\\/#organization\"},\"image\":{\"@id\":\"https:\\\/\\\/www.sebastien-auziere.fr\\\/blog\\\/pt\\\/a-nuance-elegante-e-atemporal-aclamada-por-brigitte-macron-e-zendaya-se-impoe-em-toda-parte-nesta-temporada\\\/#primaryimage\"},\"thumbnailUrl\":\"https:\\\/\\\/www.sebastien-auziere.fr\\\/blog\\\/wp-content\\\/uploads\\\/2026\\\/04\\\/La-nuance-elegante-et-intemporelle-plebiscitee-par-Brigitte-Macron-et-Zendaya-simpose-partout-cette-saison.jpg\",\"keywords\":[\"brigitte macron\",\"intemporal\",\"modo esta\u00e7\u00e3o\",\"nuance elegante\",\"zendaya\"],\"articleSection\":[\"Actualidades\"],\"inLanguage\":\"fr-FR\",\"potentialAction\":[{\"@type\":\"CommentAction\",\"name\":\"Comment\",\"target\":[\"https:\\\/\\\/www.sebastien-auziere.fr\\\/blog\\\/pt\\\/a-nuance-elegante-e-atemporal-aclamada-por-brigitte-macron-e-zendaya-se-impoe-em-toda-parte-nesta-temporada\\\/#respond\"]}]},{\"@type\":\"WebPage\",\"@id\":\"https:\\\/\\\/www.sebastien-auziere.fr\\\/blog\\\/pt\\\/a-nuance-elegante-e-atemporal-aclamada-por-brigitte-macron-e-zendaya-se-impoe-em-toda-parte-nesta-temporada\\\/\",\"url\":\"https:\\\/\\\/www.sebastien-auziere.fr\\\/blog\\\/pt\\\/a-nuance-elegante-e-atemporal-aclamada-por-brigitte-macron-e-zendaya-se-impoe-em-toda-parte-nesta-temporada\\\/\",\"name\":\"A nuance elegante e atemporal aclamada por Brigitte Macron e Zendaya se imp\u00f5e em toda parte nesta temporada - Fan site S\u00e9bastien Auzi\u00e8re\",\"isPartOf\":{\"@id\":\"https:\\\/\\\/www.sebastien-auziere.fr\\\/blog\\\/#website\"},\"primaryImageOfPage\":{\"@id\":\"https:\\\/\\\/www.sebastien-auziere.fr\\\/blog\\\/pt\\\/a-nuance-elegante-e-atemporal-aclamada-por-brigitte-macron-e-zendaya-se-impoe-em-toda-parte-nesta-temporada\\\/#primaryimage\"},\"image\":{\"@id\":\"https:\\\/\\\/www.sebastien-auziere.fr\\\/blog\\\/pt\\\/a-nuance-elegante-e-atemporal-aclamada-por-brigitte-macron-e-zendaya-se-impoe-em-toda-parte-nesta-temporada\\\/#primaryimage\"},\"thumbnailUrl\":\"https:\\\/\\\/www.sebastien-auziere.fr\\\/blog\\\/wp-content\\\/uploads\\\/2026\\\/04\\\/La-nuance-elegante-et-intemporelle-plebiscitee-par-Brigitte-Macron-et-Zendaya-simpose-partout-cette-saison.jpg\",\"datePublished\":\"2026-04-08T19:10:01+00:00\",\"dateModified\":\"2026-04-08T19:10:35+00:00\",\"description\":\"D\u00e9couvrez la nuance \u00e9l\u00e9gante et intemporelle adopt\u00e9e par Brigitte Macron et Zendaya, la tendance phare de la saison \u00e0 ne pas manquer.\",\"breadcrumb\":{\"@id\":\"https:\\\/\\\/www.sebastien-auziere.fr\\\/blog\\\/pt\\\/a-nuance-elegante-e-atemporal-aclamada-por-brigitte-macron-e-zendaya-se-impoe-em-toda-parte-nesta-temporada\\\/#breadcrumb\"},\"inLanguage\":\"fr-FR\",\"potentialAction\":[{\"@type\":\"ReadAction\",\"target\":[\"https:\\\/\\\/www.sebastien-auziere.fr\\\/blog\\\/pt\\\/a-nuance-elegante-e-atemporal-aclamada-por-brigitte-macron-e-zendaya-se-impoe-em-toda-parte-nesta-temporada\\\/\"]}]},{\"@type\":\"ImageObject\",\"inLanguage\":\"fr-FR\",\"@id\":\"https:\\\/\\\/www.sebastien-auziere.fr\\\/blog\\\/pt\\\/a-nuance-elegante-e-atemporal-aclamada-por-brigitte-macron-e-zendaya-se-impoe-em-toda-parte-nesta-temporada\\\/#primaryimage\",\"url\":\"https:\\\/\\\/www.sebastien-auziere.fr\\\/blog\\\/wp-content\\\/uploads\\\/2026\\\/04\\\/La-nuance-elegante-et-intemporelle-plebiscitee-par-Brigitte-Macron-et-Zendaya-simpose-partout-cette-saison.jpg\",\"contentUrl\":\"https:\\\/\\\/www.sebastien-auziere.fr\\\/blog\\\/wp-content\\\/uploads\\\/2026\\\/04\\\/La-nuance-elegante-et-intemporelle-plebiscitee-par-Brigitte-Macron-et-Zendaya-simpose-partout-cette-saison.jpg\",\"width\":2560,\"height\":1429,\"caption\":\"d\u00e9couvrez la nuance \u00e9l\u00e9gante et intemporelle adopt\u00e9e par brigitte macron et zendaya, une tendance incontournable qui s'impose cette saison dans toutes les garde-robes.\"},{\"@type\":\"BreadcrumbList\",\"@id\":\"https:\\\/\\\/www.sebastien-auziere.fr\\\/blog\\\/pt\\\/a-nuance-elegante-e-atemporal-aclamada-por-brigitte-macron-e-zendaya-se-impoe-em-toda-parte-nesta-temporada\\\/#breadcrumb\",\"itemListElement\":[{\"@type\":\"ListItem\",\"position\":1,\"name\":\"Home\",\"item\":\"https:\\\/\\\/www.sebastien-auziere.fr\\\/blog\\\/\"},{\"@type\":\"ListItem\",\"position\":2,\"name\":\"A nuance elegante e atemporal aclamada por Brigitte Macron e Zendaya se imp\u00f5e em toda parte nesta temporada\"}]},{\"@type\":\"WebSite\",\"@id\":\"https:\\\/\\\/www.sebastien-auziere.fr\\\/blog\\\/#website\",\"url\":\"https:\\\/\\\/www.sebastien-auziere.fr\\\/blog\\\/\",\"name\":\"Fan site S\u00e9bastien Auzi\u00e8re\",\"description\":\"M\u00e9dia g\u00e9n\u00e9raliste\",\"publisher\":{\"@id\":\"https:\\\/\\\/www.sebastien-auziere.fr\\\/blog\\\/#organization\"},\"potentialAction\":[{\"@type\":\"SearchAction\",\"target\":{\"@type\":\"EntryPoint\",\"urlTemplate\":\"https:\\\/\\\/www.sebastien-auziere.fr\\\/blog\\\/?s={search_term_string}\"},\"query-input\":{\"@type\":\"PropertyValueSpecification\",\"valueRequired\":true,\"valueName\":\"search_term_string\"}}],\"inLanguage\":\"fr-FR\"},{\"@type\":\"Organization\",\"@id\":\"https:\\\/\\\/www.sebastien-auziere.fr\\\/blog\\\/#organization\",\"name\":\"Fan site S\u00e9bastien Auzi\u00e8re\",\"url\":\"https:\\\/\\\/www.sebastien-auziere.fr\\\/blog\\\/\",\"logo\":{\"@type\":\"ImageObject\",\"inLanguage\":\"fr-FR\",\"@id\":\"https:\\\/\\\/www.sebastien-auziere.fr\\\/blog\\\/#\\\/schema\\\/logo\\\/image\\\/\",\"url\":\"https:\\\/\\\/www.sebastien-auziere.fr\\\/blog\\\/wp-content\\\/uploads\\\/2026\\\/03\\\/cropped-cropped-cropped-ChatGPT-Image-6-mars-2026-12_58_09-e1772798376794.jpg\",\"contentUrl\":\"https:\\\/\\\/www.sebastien-auziere.fr\\\/blog\\\/wp-content\\\/uploads\\\/2026\\\/03\\\/cropped-cropped-cropped-ChatGPT-Image-6-mars-2026-12_58_09-e1772798376794.jpg\",\"width\":512,\"height\":360,\"caption\":\"Fan site S\u00e9bastien Auzi\u00e8re\"},\"image\":{\"@id\":\"https:\\\/\\\/www.sebastien-auziere.fr\\\/blog\\\/#\\\/schema\\\/logo\\\/image\\\/\"}},{\"@type\":\"Person\",\"@id\":\"https:\\\/\\\/www.sebastien-auziere.fr\\\/blog\\\/#\\\/schema\\\/person\\\/149f1acdbfd85149c6c3e59adeae2f4d\",\"name\":\"Chloe Gauthier\",\"image\":{\"@type\":\"ImageObject\",\"inLanguage\":\"fr-FR\",\"@id\":\"https:\\\/\\\/secure.gravatar.com\\\/avatar\\\/2c5722f58171cff738a8985ef0dd66b476e563753246a49019befc837ec4201a?s=96&d=mm&r=g\",\"url\":\"https:\\\/\\\/secure.gravatar.com\\\/avatar\\\/2c5722f58171cff738a8985ef0dd66b476e563753246a49019befc837ec4201a?s=96&d=mm&r=g\",\"contentUrl\":\"https:\\\/\\\/secure.gravatar.com\\\/avatar\\\/2c5722f58171cff738a8985ef0dd66b476e563753246a49019befc837ec4201a?s=96&d=mm&r=g\",\"caption\":\"Chloe Gauthier\"},\"description\":\"Passionn\u00e9e par la politique et admiratrice engag\u00e9e de la famille Macron, je consacre mon \u00e9nergie \u00e0 suivre leurs initiatives et \u00e0 promouvoir leurs id\u00e9es. \u00c0 32 ans, je suis convaincue que leur vision est porteuse d'avenir.\",\"url\":\"https:\\\/\\\/www.sebastien-auziere.fr\\\/blog\\\/author\\\/chloe-gauthier\\\/\"}]}<\/script>\n<!-- \/ Yoast SEO plugin. -->","yoast_head_json":{"title":"A nuance elegante e atemporal aclamada por Brigitte Macron e Zendaya se imp\u00f5e em toda parte nesta temporada - Fan site S\u00e9bastien Auzi\u00e8re","description":"D\u00e9couvrez la nuance \u00e9l\u00e9gante et intemporelle adopt\u00e9e par Brigitte Macron et Zendaya, la tendance phare de la saison \u00e0 ne pas manquer.","robots":{"index":"index","follow":"follow","max-snippet":"max-snippet:-1","max-image-preview":"max-image-preview:large","max-video-preview":"max-video-preview:-1"},"canonical":"https:\/\/www.sebastien-auziere.fr\/blog\/pt\/a-nuance-elegante-e-atemporal-aclamada-por-brigitte-macron-e-zendaya-se-impoe-em-toda-parte-nesta-temporada\/","og_locale":"fr_FR","og_type":"article","og_title":"A nuance elegante e atemporal aclamada por Brigitte Macron e Zendaya se imp\u00f5e em toda parte nesta temporada - Fan site S\u00e9bastien Auzi\u00e8re","og_description":"D\u00e9couvrez la nuance \u00e9l\u00e9gante et intemporelle adopt\u00e9e par Brigitte Macron et Zendaya, la tendance phare de la saison \u00e0 ne pas manquer.","og_url":"https:\/\/www.sebastien-auziere.fr\/blog\/pt\/a-nuance-elegante-e-atemporal-aclamada-por-brigitte-macron-e-zendaya-se-impoe-em-toda-parte-nesta-temporada\/","og_site_name":"Fan site S\u00e9bastien Auzi\u00e8re","article_published_time":"2026-04-08T19:10:01+00:00","article_modified_time":"2026-04-08T19:10:35+00:00","og_image":[{"width":2560,"height":1429,"url":"https:\/\/www.sebastien-auziere.fr\/blog\/wp-content\/uploads\/2026\/04\/La-nuance-elegante-et-intemporelle-plebiscitee-par-Brigitte-Macron-et-Zendaya-simpose-partout-cette-saison.jpg","type":"image\/jpeg"}],"author":"Chloe Gauthier","twitter_card":"summary_large_image","twitter_misc":{"\u00c9crit par":"Chloe Gauthier","Dur\u00e9e de lecture estim\u00e9e":"2 minutes"},"schema":{"@context":"https:\/\/schema.org","@graph":[{"@type":"Article","@id":"https:\/\/www.sebastien-auziere.fr\/blog\/pt\/a-nuance-elegante-e-atemporal-aclamada-por-brigitte-macron-e-zendaya-se-impoe-em-toda-parte-nesta-temporada\/#article","isPartOf":{"@id":"https:\/\/www.sebastien-auziere.fr\/blog\/pt\/a-nuance-elegante-e-atemporal-aclamada-por-brigitte-macron-e-zendaya-se-impoe-em-toda-parte-nesta-temporada\/"},"author":{"name":"Chloe Gauthier","@id":"https:\/\/www.sebastien-auziere.fr\/blog\/#\/schema\/person\/149f1acdbfd85149c6c3e59adeae2f4d"},"headline":"A nuance elegante e atemporal aclamada por Brigitte Macron e Zendaya se imp\u00f5e em toda parte nesta temporada","datePublished":"2026-04-08T19:10:01+00:00","dateModified":"2026-04-08T19:10:35+00:00","mainEntityOfPage":{"@id":"https:\/\/www.sebastien-auziere.fr\/blog\/pt\/a-nuance-elegante-e-atemporal-aclamada-por-brigitte-macron-e-zendaya-se-impoe-em-toda-parte-nesta-temporada\/"},"wordCount":494,"commentCount":0,"publisher":{"@id":"https:\/\/www.sebastien-auziere.fr\/blog\/#organization"},"image":{"@id":"https:\/\/www.sebastien-auziere.fr\/blog\/pt\/a-nuance-elegante-e-atemporal-aclamada-por-brigitte-macron-e-zendaya-se-impoe-em-toda-parte-nesta-temporada\/#primaryimage"},"thumbnailUrl":"https:\/\/www.sebastien-auziere.fr\/blog\/wp-content\/uploads\/2026\/04\/La-nuance-elegante-et-intemporelle-plebiscitee-par-Brigitte-Macron-et-Zendaya-simpose-partout-cette-saison.jpg","keywords":["brigitte macron","intemporal","modo esta\u00e7\u00e3o","nuance elegante","zendaya"],"articleSection":["Actualidades"],"inLanguage":"fr-FR","potentialAction":[{"@type":"CommentAction","name":"Comment","target":["https:\/\/www.sebastien-auziere.fr\/blog\/pt\/a-nuance-elegante-e-atemporal-aclamada-por-brigitte-macron-e-zendaya-se-impoe-em-toda-parte-nesta-temporada\/#respond"]}]},{"@type":"WebPage","@id":"https:\/\/www.sebastien-auziere.fr\/blog\/pt\/a-nuance-elegante-e-atemporal-aclamada-por-brigitte-macron-e-zendaya-se-impoe-em-toda-parte-nesta-temporada\/","url":"https:\/\/www.sebastien-auziere.fr\/blog\/pt\/a-nuance-elegante-e-atemporal-aclamada-por-brigitte-macron-e-zendaya-se-impoe-em-toda-parte-nesta-temporada\/","name":"A nuance elegante e atemporal aclamada por Brigitte Macron e Zendaya se imp\u00f5e em toda parte nesta temporada - Fan site S\u00e9bastien Auzi\u00e8re","isPartOf":{"@id":"https:\/\/www.sebastien-auziere.fr\/blog\/#website"},"primaryImageOfPage":{"@id":"https:\/\/www.sebastien-auziere.fr\/blog\/pt\/a-nuance-elegante-e-atemporal-aclamada-por-brigitte-macron-e-zendaya-se-impoe-em-toda-parte-nesta-temporada\/#primaryimage"},"image":{"@id":"https:\/\/www.sebastien-auziere.fr\/blog\/pt\/a-nuance-elegante-e-atemporal-aclamada-por-brigitte-macron-e-zendaya-se-impoe-em-toda-parte-nesta-temporada\/#primaryimage"},"thumbnailUrl":"https:\/\/www.sebastien-auziere.fr\/blog\/wp-content\/uploads\/2026\/04\/La-nuance-elegante-et-intemporelle-plebiscitee-par-Brigitte-Macron-et-Zendaya-simpose-partout-cette-saison.jpg","datePublished":"2026-04-08T19:10:01+00:00","dateModified":"2026-04-08T19:10:35+00:00","description":"D\u00e9couvrez la nuance \u00e9l\u00e9gante et intemporelle adopt\u00e9e par Brigitte Macron et Zendaya, la tendance phare de la saison \u00e0 ne pas manquer.","breadcrumb":{"@id":"https:\/\/www.sebastien-auziere.fr\/blog\/pt\/a-nuance-elegante-e-atemporal-aclamada-por-brigitte-macron-e-zendaya-se-impoe-em-toda-parte-nesta-temporada\/#breadcrumb"},"inLanguage":"fr-FR","potentialAction":[{"@type":"ReadAction","target":["https:\/\/www.sebastien-auziere.fr\/blog\/pt\/a-nuance-elegante-e-atemporal-aclamada-por-brigitte-macron-e-zendaya-se-impoe-em-toda-parte-nesta-temporada\/"]}]},{"@type":"ImageObject","inLanguage":"fr-FR","@id":"https:\/\/www.sebastien-auziere.fr\/blog\/pt\/a-nuance-elegante-e-atemporal-aclamada-por-brigitte-macron-e-zendaya-se-impoe-em-toda-parte-nesta-temporada\/#primaryimage","url":"https:\/\/www.sebastien-auziere.fr\/blog\/wp-content\/uploads\/2026\/04\/La-nuance-elegante-et-intemporelle-plebiscitee-par-Brigitte-Macron-et-Zendaya-simpose-partout-cette-saison.jpg","contentUrl":"https:\/\/www.sebastien-auziere.fr\/blog\/wp-content\/uploads\/2026\/04\/La-nuance-elegante-et-intemporelle-plebiscitee-par-Brigitte-Macron-et-Zendaya-simpose-partout-cette-saison.jpg","width":2560,"height":1429,"caption":"d\u00e9couvrez la nuance \u00e9l\u00e9gante et intemporelle adopt\u00e9e par brigitte macron et zendaya, une tendance incontournable qui s'impose cette saison dans toutes les garde-robes."},{"@type":"BreadcrumbList","@id":"https:\/\/www.sebastien-auziere.fr\/blog\/pt\/a-nuance-elegante-e-atemporal-aclamada-por-brigitte-macron-e-zendaya-se-impoe-em-toda-parte-nesta-temporada\/#breadcrumb","itemListElement":[{"@type":"ListItem","position":1,"name":"Home","item":"https:\/\/www.sebastien-auziere.fr\/blog\/"},{"@type":"ListItem","position":2,"name":"A nuance elegante e atemporal aclamada por Brigitte Macron e Zendaya se imp\u00f5e em toda parte nesta temporada"}]},{"@type":"WebSite","@id":"https:\/\/www.sebastien-auziere.fr\/blog\/#website","url":"https:\/\/www.sebastien-auziere.fr\/blog\/","name":"Fan site S\u00e9bastien Auzi\u00e8re","description":"M\u00e9dia g\u00e9n\u00e9raliste","publisher":{"@id":"https:\/\/www.sebastien-auziere.fr\/blog\/#organization"},"potentialAction":[{"@type":"SearchAction","target":{"@type":"EntryPoint","urlTemplate":"https:\/\/www.sebastien-auziere.fr\/blog\/?s={search_term_string}"},"query-input":{"@type":"PropertyValueSpecification","valueRequired":true,"valueName":"search_term_string"}}],"inLanguage":"fr-FR"},{"@type":"Organization","@id":"https:\/\/www.sebastien-auziere.fr\/blog\/#organization","name":"Fan site S\u00e9bastien Auzi\u00e8re","url":"https:\/\/www.sebastien-auziere.fr\/blog\/","logo":{"@type":"ImageObject","inLanguage":"fr-FR","@id":"https:\/\/www.sebastien-auziere.fr\/blog\/#\/schema\/logo\/image\/","url":"https:\/\/www.sebastien-auziere.fr\/blog\/wp-content\/uploads\/2026\/03\/cropped-cropped-cropped-ChatGPT-Image-6-mars-2026-12_58_09-e1772798376794.jpg","contentUrl":"https:\/\/www.sebastien-auziere.fr\/blog\/wp-content\/uploads\/2026\/03\/cropped-cropped-cropped-ChatGPT-Image-6-mars-2026-12_58_09-e1772798376794.jpg","width":512,"height":360,"caption":"Fan site S\u00e9bastien Auzi\u00e8re"},"image":{"@id":"https:\/\/www.sebastien-auziere.fr\/blog\/#\/schema\/logo\/image\/"}},{"@type":"Person","@id":"https:\/\/www.sebastien-auziere.fr\/blog\/#\/schema\/person\/149f1acdbfd85149c6c3e59adeae2f4d","name":"Chloe Gauthier","image":{"@type":"ImageObject","inLanguage":"fr-FR","@id":"https:\/\/secure.gravatar.com\/avatar\/2c5722f58171cff738a8985ef0dd66b476e563753246a49019befc837ec4201a?s=96&d=mm&r=g","url":"https:\/\/secure.gravatar.com\/avatar\/2c5722f58171cff738a8985ef0dd66b476e563753246a49019befc837ec4201a?s=96&d=mm&r=g","contentUrl":"https:\/\/secure.gravatar.com\/avatar\/2c5722f58171cff738a8985ef0dd66b476e563753246a49019befc837ec4201a?s=96&d=mm&r=g","caption":"Chloe Gauthier"},"description":"Passionn\u00e9e par la politique et admiratrice engag\u00e9e de la famille Macron, je consacre mon \u00e9nergie \u00e0 suivre leurs initiatives et \u00e0 promouvoir leurs id\u00e9es. \u00c0 32 ans, je suis convaincue que leur vision est porteuse d'avenir.","url":"https:\/\/www.sebastien-auziere.fr\/blog\/author\/chloe-gauthier\/"}]}},"views":3,"_links":{"self":[{"href":"https:\/\/www.sebastien-auziere.fr\/blog\/wp-json\/wp\/v2\/posts\/2874","targetHints":{"allow":["GET"]}}],"collection":[{"href":"https:\/\/www.sebastien-auziere.fr\/blog\/wp-json\/wp\/v2\/posts"}],"about":[{"href":"https:\/\/www.sebastien-auziere.fr\/blog\/wp-json\/wp\/v2\/types\/post"}],"author":[{"embeddable":true,"href":"https:\/\/www.sebastien-auziere.fr\/blog\/wp-json\/wp\/v2\/users\/9"}],"replies":[{"embeddable":true,"href":"https:\/\/www.sebastien-auziere.fr\/blog\/wp-json\/wp\/v2\/comments?post=2874"}],"version-history":[{"count":1,"href":"https:\/\/www.sebastien-auziere.fr\/blog\/wp-json\/wp\/v2\/posts\/2874\/revisions"}],"predecessor-version":[{"id":2875,"href":"https:\/\/www.sebastien-auziere.fr\/blog\/wp-json\/wp\/v2\/posts\/2874\/revisions\/2875"}],"wp:featuredmedia":[{"embeddable":true,"href":"https:\/\/www.sebastien-auziere.fr\/blog\/wp-json\/wp\/v2\/media\/2864"}],"wp:attachment":[{"href":"https:\/\/www.sebastien-auziere.fr\/blog\/wp-json\/wp\/v2\/media?parent=2874"}],"wp:term":[{"taxonomy":"category","embeddable":true,"href":"https:\/\/www.sebastien-auziere.fr\/blog\/wp-json\/wp\/v2\/categories?post=2874"},{"taxonomy":"post_tag","embeddable":true,"href":"https:\/\/www.sebastien-auziere.fr\/blog\/wp-json\/wp\/v2\/tags?post=2874"}],"curies":[{"name":"wp","href":"https:\/\/api.w.org\/{rel}","templated":true}]}}