{"id":2870,"date":"2026-04-08T19:07:47","date_gmt":"2026-04-08T19:07:47","guid":{"rendered":"https:\/\/www.sebastien-auziere.fr\/blog\/?p=2870"},"modified":"2026-04-08T19:08:17","modified_gmt":"2026-04-08T19:08:17","slug":"die-elegante-und-zeitlose-nuance-die-von-brigitte-macron-und-zendaya-gelobt-wird-setzt-sich-in-dieser-saison-uberall-durch","status":"publish","type":"post","link":"https:\/\/www.sebastien-auziere.fr\/blog\/de\/die-elegante-und-zeitlose-nuance-die-von-brigitte-macron-und-zendaya-gelobt-wird-setzt-sich-in-dieser-saison-uberall-durch\/","title":{"rendered":"Die elegante und zeitlose Nuance, die von Brigitte Macron und Zendaya gelobt wird, setzt sich in dieser Saison \u00fcberall durch."},"content":{"rendered":"<p>Du kannst diese <strong>elegante Nuance<\/strong> nicht verpassen, die die Laufstege und Zeremonien dominiert: <strong>Brigitte Macron<\/strong> und <strong>Zendaya<\/strong> haben Wei\u00df ins Zentrum des <strong>modischen Trends<\/strong> ger\u00fcckt. Von den roten Teppichen bis zu offiziellen Besuchen beweist dieser Farbton seine transformative Kraft f\u00fcr einen <strong>raffinierten<\/strong> und strahlenden <strong>Stil<\/strong>.<\/p>\n\n<p><strong>Kurz gesagt<\/strong>: Wei\u00df best\u00e4tigt sich als die Farbe des Fr\u00fchlings, angenommen in Midi-Kleidern, langen M\u00e4nteln und Oversize-Anz\u00fcgen, und von der Modepresse f\u00fcr seine <strong>zeitlose<\/strong> Wirkung und seine Aura von <strong>Raffinesse<\/strong> validiert.<\/p>\n\n<h2 class=\"wp-block-heading\">Wei\u00df, eine elegante und zeitlose Nuance, die von den Ikonen angenommen wird<\/h2>\n\n<p>Auf offiziellen und kulturellen B\u00fchnen best\u00e4tigt Wei\u00df seinen Platz. Bei einem Besuch im Kaiserpalast von Tokio wurde <strong>Brigitte Macron<\/strong> in einem wei\u00dfen Midi-Kleid mit geradem Schnitt gesehen, das von Fotografen f\u00fcr seine <strong>Eleganz<\/strong> gelobt wurde. In Paris w\u00e4hlte <strong>Zendaya<\/strong> ein langes, wei\u00dfes Kleid mit offenem R\u00fccken von Louis Vuitton, das zeigt, wie diese <strong>elegante Nuance<\/strong> vom Protokoll bis zum Glamour variiert. Ein Gleichgewicht zwischen Tradition und Modernit\u00e4t.<\/p>\n\n<h3 class=\"wp-block-heading\">Warum die Mode diese Wahl in dieser Saison validiert<\/h3>\n\n<p>Die Mode-Redaktionen heben die Vielseitigkeit von Wei\u00df hervor: Zeremonien, rote Teppiche und Street Style. Spezialisierten Ver\u00f6ffentlichungen zeigten Editorials, in denen Charl\u00e8ne von Monaco, C\u00e9line Dion oder Laeticia Hallyday diesen Farbton annehmen, ein Beweis daf\u00fcr, dass Wei\u00df verschiedene Bereiche \u00fcberquert. Um eine Analyse des Looks der First Lady zu lesen, konsultiere die Zeitschrift, die ihrem taillierten Kleid gewidmet ist, \u00fcber einen Presseartikel. Das Urteil: Modernit\u00e4t und <strong>Chic<\/strong>.<\/p>\n\n<h2 class=\"wp-block-heading\">Wie man die elegante Nuance im Alltag annimmt<\/h2>\n\n<p>Du kannst Wei\u00df ma\u00dfvoll integrieren: Ein strukturierte, makellose Bluse, ein cremefarbener Blazer oder eine passende Jeans schaffen einfache Kombinationen. Die Influencer zeigen das Duo Wei\u00df\/Denim f\u00fcr einen l\u00e4ssigen, schicken Look, w\u00e4hrend Accessoires Tiefe und Kontrast verleihen. Das Geheimnis liegt im Schnitt: Bevorzuge gut geschnittene Teile f\u00fcr einen <strong>zeitlosen<\/strong> und raffinierten Effekt.<\/p>\n\n<h3 class=\"wp-block-heading\">Wei\u00df, ein Tr\u00e4ger einer Botschaft und eines raffinierten Stils<\/h3>\n\n<p>\u00dcber die \u00c4sthetik hinaus vermittelt Wei\u00df Reinheit, Erneuerung und stilisierte Neutralit\u00e4t. F\u00fcr \u00f6ffentliche Pers\u00f6nlichkeiten wie <strong>Brigitte Macron<\/strong> verk\u00f6rpert es einen <strong>raffinierten Stil<\/strong>, der das Protokoll respektiert; f\u00fcr K\u00fcnstler wie <strong>Zendaya<\/strong> wird es zu einer Leinwand f\u00fcr Couture-Wagnisse. Die Lektion: Wei\u00df spricht ebenso wie der Schnitt und bietet eine sofort erkennbare <strong>Eleganz<\/strong>.<\/p>\n\n<p>Um die Analyse der Looks und Auftritte zu vertiefen, entdecke Modeartikel, die diesen Entscheidungen gewidmet sind, darunter eine umfassende \u00dcberpr\u00fcfung \u00fcber die in dieser Saison von der Presse validierte Eleganz <a href=\"https:\/\/www.gala.fr\/mode\/les_stars_et_la_mode\/elegante-et-intemporelle-cette-nuance-validee-par-brigitte-macron-et-zendaya-sera-partout-ce-printemps-20260407\" rel=\"nofollow\">ver\u00f6ffentlicht in Gala<\/a> und ein detailliertes Portr\u00e4t \u00fcber das Tragen des taillierten Kleides, das auf <a href=\"https:\/\/www.mariefrance.fr\/mode\/backstage-mode\/people\/brigitte-macron-radieuse-en-robe-ceinturee-qui-marque-sa-taille-de-guepe-elle-adopte-une-couleur-resolument-chic-1210869.html\" rel=\"nofollow\">Marie France<\/a> konsultiert werden kann. Um mehr \u00fcber S\u00e9bastien Auzi\u00e8re und die Familie Macron zu erfahren, besuche <a href=\"https:\/\/sebastien-auziere.fr\" rel=\"nofollow\">sebastien-auziere.fr<\/a> und entdecke die famili\u00e4ren Beziehungen und die \u00f6ffentlichen Auftritte.<\/p>","protected":false},"excerpt":{"rendered":"<p>Du kannst diese elegante Nuance nicht verpassen, die die Laufstege und Zeremonien dominiert: Brigitte Macron und Zendaya haben Wei\u00df ins Zentrum des modischen Trends ger\u00fcckt. Von den roten Teppichen bis zu offiziellen Besuchen beweist dieser Farbton seine transformative Kraft f\u00fcr einen raffinierten und strahlenden Stil. Kurz gesagt: Wei\u00df best\u00e4tigt sich als die Farbe des Fr\u00fchlings, &#8230; <a title=\"Die elegante und zeitlose Nuance, die von Brigitte Macron und Zendaya gelobt wird, setzt sich in dieser Saison \u00fcberall durch.\" class=\"read-more\" href=\"https:\/\/www.sebastien-auziere.fr\/blog\/de\/die-elegante-und-zeitlose-nuance-die-von-brigitte-macron-und-zendaya-gelobt-wird-setzt-sich-in-dieser-saison-uberall-durch\/\" aria-label=\"En savoir plus sur Die elegante und zeitlose Nuance, die von Brigitte Macron und Zendaya gelobt wird, setzt sich in dieser Saison \u00fcberall durch.\">Lire plus<\/a><\/p>\n","protected":false},"author":9,"featured_media":2864,"comment_status":"open","ping_status":"open","sticky":false,"template":"","format":"standard","meta":{"footnotes":""},"categories":[856],"tags":[929,2274,2271,2268,2277],"class_list":["post-2870","post","type-post","status-publish","format-standard","has-post-thumbnail","hentry","category-aktuelles-de","tag-brigitte-macron-de","tag-elegante-nuance-de","tag-mode-saison-de","tag-zeitlos-de","tag-zendaya-de"],"yoast_head":"<!-- This site is optimized with the Yoast SEO plugin v27.5 - https:\/\/yoast.com\/product\/yoast-seo-wordpress\/ -->\n<title>Die elegante und zeitlose Nuance, die von Brigitte Macron und Zendaya gelobt wird, setzt sich in dieser Saison \u00fcberall durch. - Fan site S\u00e9bastien Auzi\u00e8re<\/title>\n<meta name=\"description\" content=\"D\u00e9couvrez la nuance \u00e9l\u00e9gante et intemporelle adopt\u00e9e par Brigitte Macron et Zendaya, la tendance phare de la saison \u00e0 ne pas manquer.\" \/>\n<meta name=\"robots\" content=\"index, follow, max-snippet:-1, max-image-preview:large, max-video-preview:-1\" \/>\n<link rel=\"canonical\" href=\"https:\/\/www.sebastien-auziere.fr\/blog\/de\/die-elegante-und-zeitlose-nuance-die-von-brigitte-macron-und-zendaya-gelobt-wird-setzt-sich-in-dieser-saison-uberall-durch\/\" \/>\n<meta property=\"og:locale\" content=\"fr_FR\" \/>\n<meta property=\"og:type\" content=\"article\" \/>\n<meta property=\"og:title\" content=\"Die elegante und zeitlose Nuance, die von Brigitte Macron und Zendaya gelobt wird, setzt sich in dieser Saison \u00fcberall durch. - Fan site S\u00e9bastien Auzi\u00e8re\" \/>\n<meta property=\"og:description\" content=\"D\u00e9couvrez la nuance \u00e9l\u00e9gante et intemporelle adopt\u00e9e par Brigitte Macron et Zendaya, la tendance phare de la saison \u00e0 ne pas manquer.\" \/>\n<meta property=\"og:url\" content=\"https:\/\/www.sebastien-auziere.fr\/blog\/de\/die-elegante-und-zeitlose-nuance-die-von-brigitte-macron-und-zendaya-gelobt-wird-setzt-sich-in-dieser-saison-uberall-durch\/\" \/>\n<meta property=\"og:site_name\" content=\"Fan site S\u00e9bastien Auzi\u00e8re\" \/>\n<meta property=\"article:published_time\" content=\"2026-04-08T19:07:47+00:00\" \/>\n<meta property=\"article:modified_time\" content=\"2026-04-08T19:08:17+00:00\" \/>\n<meta property=\"og:image\" content=\"https:\/\/www.sebastien-auziere.fr\/blog\/wp-content\/uploads\/2026\/04\/La-nuance-elegante-et-intemporelle-plebiscitee-par-Brigitte-Macron-et-Zendaya-simpose-partout-cette-saison.jpg\" \/>\n\t<meta property=\"og:image:width\" content=\"2560\" \/>\n\t<meta property=\"og:image:height\" content=\"1429\" \/>\n\t<meta property=\"og:image:type\" content=\"image\/jpeg\" \/>\n<meta name=\"author\" content=\"Chloe Gauthier\" \/>\n<meta name=\"twitter:card\" content=\"summary_large_image\" \/>\n<meta name=\"twitter:label1\" content=\"\u00c9crit par\" \/>\n\t<meta name=\"twitter:data1\" content=\"Chloe Gauthier\" \/>\n\t<meta name=\"twitter:label2\" content=\"Dur\u00e9e de lecture estim\u00e9e\" \/>\n\t<meta name=\"twitter:data2\" content=\"2 minutes\" \/>\n<script type=\"application\/ld+json\" class=\"yoast-schema-graph\">{\"@context\":\"https:\\\/\\\/schema.org\",\"@graph\":[{\"@type\":\"Article\",\"@id\":\"https:\\\/\\\/www.sebastien-auziere.fr\\\/blog\\\/de\\\/die-elegante-und-zeitlose-nuance-die-von-brigitte-macron-und-zendaya-gelobt-wird-setzt-sich-in-dieser-saison-uberall-durch\\\/#article\",\"isPartOf\":{\"@id\":\"https:\\\/\\\/www.sebastien-auziere.fr\\\/blog\\\/de\\\/die-elegante-und-zeitlose-nuance-die-von-brigitte-macron-und-zendaya-gelobt-wird-setzt-sich-in-dieser-saison-uberall-durch\\\/\"},\"author\":{\"name\":\"Chloe Gauthier\",\"@id\":\"https:\\\/\\\/www.sebastien-auziere.fr\\\/blog\\\/#\\\/schema\\\/person\\\/149f1acdbfd85149c6c3e59adeae2f4d\"},\"headline\":\"Die elegante und zeitlose Nuance, die von Brigitte Macron und Zendaya gelobt wird, setzt sich in dieser Saison \u00fcberall durch.\",\"datePublished\":\"2026-04-08T19:07:47+00:00\",\"dateModified\":\"2026-04-08T19:08:17+00:00\",\"mainEntityOfPage\":{\"@id\":\"https:\\\/\\\/www.sebastien-auziere.fr\\\/blog\\\/de\\\/die-elegante-und-zeitlose-nuance-die-von-brigitte-macron-und-zendaya-gelobt-wird-setzt-sich-in-dieser-saison-uberall-durch\\\/\"},\"wordCount\":482,\"commentCount\":0,\"publisher\":{\"@id\":\"https:\\\/\\\/www.sebastien-auziere.fr\\\/blog\\\/#organization\"},\"image\":{\"@id\":\"https:\\\/\\\/www.sebastien-auziere.fr\\\/blog\\\/de\\\/die-elegante-und-zeitlose-nuance-die-von-brigitte-macron-und-zendaya-gelobt-wird-setzt-sich-in-dieser-saison-uberall-durch\\\/#primaryimage\"},\"thumbnailUrl\":\"https:\\\/\\\/www.sebastien-auziere.fr\\\/blog\\\/wp-content\\\/uploads\\\/2026\\\/04\\\/La-nuance-elegante-et-intemporelle-plebiscitee-par-Brigitte-Macron-et-Zendaya-simpose-partout-cette-saison.jpg\",\"keywords\":[\"brigitte macron\",\"elegante Nuance\",\"mode saison\",\"zeitlos\",\"zendaya\"],\"articleSection\":[\"Aktuelles\"],\"inLanguage\":\"fr-FR\",\"potentialAction\":[{\"@type\":\"CommentAction\",\"name\":\"Comment\",\"target\":[\"https:\\\/\\\/www.sebastien-auziere.fr\\\/blog\\\/de\\\/die-elegante-und-zeitlose-nuance-die-von-brigitte-macron-und-zendaya-gelobt-wird-setzt-sich-in-dieser-saison-uberall-durch\\\/#respond\"]}]},{\"@type\":\"WebPage\",\"@id\":\"https:\\\/\\\/www.sebastien-auziere.fr\\\/blog\\\/de\\\/die-elegante-und-zeitlose-nuance-die-von-brigitte-macron-und-zendaya-gelobt-wird-setzt-sich-in-dieser-saison-uberall-durch\\\/\",\"url\":\"https:\\\/\\\/www.sebastien-auziere.fr\\\/blog\\\/de\\\/die-elegante-und-zeitlose-nuance-die-von-brigitte-macron-und-zendaya-gelobt-wird-setzt-sich-in-dieser-saison-uberall-durch\\\/\",\"name\":\"Die elegante und zeitlose Nuance, die von Brigitte Macron und Zendaya gelobt wird, setzt sich in dieser Saison \u00fcberall durch. - Fan site S\u00e9bastien Auzi\u00e8re\",\"isPartOf\":{\"@id\":\"https:\\\/\\\/www.sebastien-auziere.fr\\\/blog\\\/#website\"},\"primaryImageOfPage\":{\"@id\":\"https:\\\/\\\/www.sebastien-auziere.fr\\\/blog\\\/de\\\/die-elegante-und-zeitlose-nuance-die-von-brigitte-macron-und-zendaya-gelobt-wird-setzt-sich-in-dieser-saison-uberall-durch\\\/#primaryimage\"},\"image\":{\"@id\":\"https:\\\/\\\/www.sebastien-auziere.fr\\\/blog\\\/de\\\/die-elegante-und-zeitlose-nuance-die-von-brigitte-macron-und-zendaya-gelobt-wird-setzt-sich-in-dieser-saison-uberall-durch\\\/#primaryimage\"},\"thumbnailUrl\":\"https:\\\/\\\/www.sebastien-auziere.fr\\\/blog\\\/wp-content\\\/uploads\\\/2026\\\/04\\\/La-nuance-elegante-et-intemporelle-plebiscitee-par-Brigitte-Macron-et-Zendaya-simpose-partout-cette-saison.jpg\",\"datePublished\":\"2026-04-08T19:07:47+00:00\",\"dateModified\":\"2026-04-08T19:08:17+00:00\",\"description\":\"D\u00e9couvrez la nuance \u00e9l\u00e9gante et intemporelle adopt\u00e9e par Brigitte Macron et Zendaya, la tendance phare de la saison \u00e0 ne pas manquer.\",\"breadcrumb\":{\"@id\":\"https:\\\/\\\/www.sebastien-auziere.fr\\\/blog\\\/de\\\/die-elegante-und-zeitlose-nuance-die-von-brigitte-macron-und-zendaya-gelobt-wird-setzt-sich-in-dieser-saison-uberall-durch\\\/#breadcrumb\"},\"inLanguage\":\"fr-FR\",\"potentialAction\":[{\"@type\":\"ReadAction\",\"target\":[\"https:\\\/\\\/www.sebastien-auziere.fr\\\/blog\\\/de\\\/die-elegante-und-zeitlose-nuance-die-von-brigitte-macron-und-zendaya-gelobt-wird-setzt-sich-in-dieser-saison-uberall-durch\\\/\"]}]},{\"@type\":\"ImageObject\",\"inLanguage\":\"fr-FR\",\"@id\":\"https:\\\/\\\/www.sebastien-auziere.fr\\\/blog\\\/de\\\/die-elegante-und-zeitlose-nuance-die-von-brigitte-macron-und-zendaya-gelobt-wird-setzt-sich-in-dieser-saison-uberall-durch\\\/#primaryimage\",\"url\":\"https:\\\/\\\/www.sebastien-auziere.fr\\\/blog\\\/wp-content\\\/uploads\\\/2026\\\/04\\\/La-nuance-elegante-et-intemporelle-plebiscitee-par-Brigitte-Macron-et-Zendaya-simpose-partout-cette-saison.jpg\",\"contentUrl\":\"https:\\\/\\\/www.sebastien-auziere.fr\\\/blog\\\/wp-content\\\/uploads\\\/2026\\\/04\\\/La-nuance-elegante-et-intemporelle-plebiscitee-par-Brigitte-Macron-et-Zendaya-simpose-partout-cette-saison.jpg\",\"width\":2560,\"height\":1429,\"caption\":\"d\u00e9couvrez la nuance \u00e9l\u00e9gante et intemporelle adopt\u00e9e par brigitte macron et zendaya, une tendance incontournable qui s'impose cette saison dans toutes les garde-robes.\"},{\"@type\":\"BreadcrumbList\",\"@id\":\"https:\\\/\\\/www.sebastien-auziere.fr\\\/blog\\\/de\\\/die-elegante-und-zeitlose-nuance-die-von-brigitte-macron-und-zendaya-gelobt-wird-setzt-sich-in-dieser-saison-uberall-durch\\\/#breadcrumb\",\"itemListElement\":[{\"@type\":\"ListItem\",\"position\":1,\"name\":\"Home\",\"item\":\"https:\\\/\\\/www.sebastien-auziere.fr\\\/blog\\\/\"},{\"@type\":\"ListItem\",\"position\":2,\"name\":\"Die elegante und zeitlose Nuance, die von Brigitte Macron und Zendaya gelobt wird, setzt sich in dieser Saison \u00fcberall durch.\"}]},{\"@type\":\"WebSite\",\"@id\":\"https:\\\/\\\/www.sebastien-auziere.fr\\\/blog\\\/#website\",\"url\":\"https:\\\/\\\/www.sebastien-auziere.fr\\\/blog\\\/\",\"name\":\"Fan site S\u00e9bastien Auzi\u00e8re\",\"description\":\"M\u00e9dia g\u00e9n\u00e9raliste\",\"publisher\":{\"@id\":\"https:\\\/\\\/www.sebastien-auziere.fr\\\/blog\\\/#organization\"},\"potentialAction\":[{\"@type\":\"SearchAction\",\"target\":{\"@type\":\"EntryPoint\",\"urlTemplate\":\"https:\\\/\\\/www.sebastien-auziere.fr\\\/blog\\\/?s={search_term_string}\"},\"query-input\":{\"@type\":\"PropertyValueSpecification\",\"valueRequired\":true,\"valueName\":\"search_term_string\"}}],\"inLanguage\":\"fr-FR\"},{\"@type\":\"Organization\",\"@id\":\"https:\\\/\\\/www.sebastien-auziere.fr\\\/blog\\\/#organization\",\"name\":\"Fan site S\u00e9bastien Auzi\u00e8re\",\"url\":\"https:\\\/\\\/www.sebastien-auziere.fr\\\/blog\\\/\",\"logo\":{\"@type\":\"ImageObject\",\"inLanguage\":\"fr-FR\",\"@id\":\"https:\\\/\\\/www.sebastien-auziere.fr\\\/blog\\\/#\\\/schema\\\/logo\\\/image\\\/\",\"url\":\"https:\\\/\\\/www.sebastien-auziere.fr\\\/blog\\\/wp-content\\\/uploads\\\/2026\\\/03\\\/cropped-cropped-cropped-ChatGPT-Image-6-mars-2026-12_58_09-e1772798376794.jpg\",\"contentUrl\":\"https:\\\/\\\/www.sebastien-auziere.fr\\\/blog\\\/wp-content\\\/uploads\\\/2026\\\/03\\\/cropped-cropped-cropped-ChatGPT-Image-6-mars-2026-12_58_09-e1772798376794.jpg\",\"width\":512,\"height\":360,\"caption\":\"Fan site S\u00e9bastien Auzi\u00e8re\"},\"image\":{\"@id\":\"https:\\\/\\\/www.sebastien-auziere.fr\\\/blog\\\/#\\\/schema\\\/logo\\\/image\\\/\"}},{\"@type\":\"Person\",\"@id\":\"https:\\\/\\\/www.sebastien-auziere.fr\\\/blog\\\/#\\\/schema\\\/person\\\/149f1acdbfd85149c6c3e59adeae2f4d\",\"name\":\"Chloe Gauthier\",\"image\":{\"@type\":\"ImageObject\",\"inLanguage\":\"fr-FR\",\"@id\":\"https:\\\/\\\/secure.gravatar.com\\\/avatar\\\/2c5722f58171cff738a8985ef0dd66b476e563753246a49019befc837ec4201a?s=96&d=mm&r=g\",\"url\":\"https:\\\/\\\/secure.gravatar.com\\\/avatar\\\/2c5722f58171cff738a8985ef0dd66b476e563753246a49019befc837ec4201a?s=96&d=mm&r=g\",\"contentUrl\":\"https:\\\/\\\/secure.gravatar.com\\\/avatar\\\/2c5722f58171cff738a8985ef0dd66b476e563753246a49019befc837ec4201a?s=96&d=mm&r=g\",\"caption\":\"Chloe Gauthier\"},\"description\":\"Passionn\u00e9e par la politique et admiratrice engag\u00e9e de la famille Macron, je consacre mon \u00e9nergie \u00e0 suivre leurs initiatives et \u00e0 promouvoir leurs id\u00e9es. \u00c0 32 ans, je suis convaincue que leur vision est porteuse d'avenir.\",\"url\":\"https:\\\/\\\/www.sebastien-auziere.fr\\\/blog\\\/author\\\/chloe-gauthier\\\/\"}]}<\/script>\n<!-- \/ Yoast SEO plugin. -->","yoast_head_json":{"title":"Die elegante und zeitlose Nuance, die von Brigitte Macron und Zendaya gelobt wird, setzt sich in dieser Saison \u00fcberall durch. - Fan site S\u00e9bastien Auzi\u00e8re","description":"D\u00e9couvrez la nuance \u00e9l\u00e9gante et intemporelle adopt\u00e9e par Brigitte Macron et Zendaya, la tendance phare de la saison \u00e0 ne pas manquer.","robots":{"index":"index","follow":"follow","max-snippet":"max-snippet:-1","max-image-preview":"max-image-preview:large","max-video-preview":"max-video-preview:-1"},"canonical":"https:\/\/www.sebastien-auziere.fr\/blog\/de\/die-elegante-und-zeitlose-nuance-die-von-brigitte-macron-und-zendaya-gelobt-wird-setzt-sich-in-dieser-saison-uberall-durch\/","og_locale":"fr_FR","og_type":"article","og_title":"Die elegante und zeitlose Nuance, die von Brigitte Macron und Zendaya gelobt wird, setzt sich in dieser Saison \u00fcberall durch. - Fan site S\u00e9bastien Auzi\u00e8re","og_description":"D\u00e9couvrez la nuance \u00e9l\u00e9gante et intemporelle adopt\u00e9e par Brigitte Macron et Zendaya, la tendance phare de la saison \u00e0 ne pas manquer.","og_url":"https:\/\/www.sebastien-auziere.fr\/blog\/de\/die-elegante-und-zeitlose-nuance-die-von-brigitte-macron-und-zendaya-gelobt-wird-setzt-sich-in-dieser-saison-uberall-durch\/","og_site_name":"Fan site S\u00e9bastien Auzi\u00e8re","article_published_time":"2026-04-08T19:07:47+00:00","article_modified_time":"2026-04-08T19:08:17+00:00","og_image":[{"width":2560,"height":1429,"url":"https:\/\/www.sebastien-auziere.fr\/blog\/wp-content\/uploads\/2026\/04\/La-nuance-elegante-et-intemporelle-plebiscitee-par-Brigitte-Macron-et-Zendaya-simpose-partout-cette-saison.jpg","type":"image\/jpeg"}],"author":"Chloe Gauthier","twitter_card":"summary_large_image","twitter_misc":{"\u00c9crit par":"Chloe Gauthier","Dur\u00e9e de lecture estim\u00e9e":"2 minutes"},"schema":{"@context":"https:\/\/schema.org","@graph":[{"@type":"Article","@id":"https:\/\/www.sebastien-auziere.fr\/blog\/de\/die-elegante-und-zeitlose-nuance-die-von-brigitte-macron-und-zendaya-gelobt-wird-setzt-sich-in-dieser-saison-uberall-durch\/#article","isPartOf":{"@id":"https:\/\/www.sebastien-auziere.fr\/blog\/de\/die-elegante-und-zeitlose-nuance-die-von-brigitte-macron-und-zendaya-gelobt-wird-setzt-sich-in-dieser-saison-uberall-durch\/"},"author":{"name":"Chloe Gauthier","@id":"https:\/\/www.sebastien-auziere.fr\/blog\/#\/schema\/person\/149f1acdbfd85149c6c3e59adeae2f4d"},"headline":"Die elegante und zeitlose Nuance, die von Brigitte Macron und Zendaya gelobt wird, setzt sich in dieser Saison \u00fcberall durch.","datePublished":"2026-04-08T19:07:47+00:00","dateModified":"2026-04-08T19:08:17+00:00","mainEntityOfPage":{"@id":"https:\/\/www.sebastien-auziere.fr\/blog\/de\/die-elegante-und-zeitlose-nuance-die-von-brigitte-macron-und-zendaya-gelobt-wird-setzt-sich-in-dieser-saison-uberall-durch\/"},"wordCount":482,"commentCount":0,"publisher":{"@id":"https:\/\/www.sebastien-auziere.fr\/blog\/#organization"},"image":{"@id":"https:\/\/www.sebastien-auziere.fr\/blog\/de\/die-elegante-und-zeitlose-nuance-die-von-brigitte-macron-und-zendaya-gelobt-wird-setzt-sich-in-dieser-saison-uberall-durch\/#primaryimage"},"thumbnailUrl":"https:\/\/www.sebastien-auziere.fr\/blog\/wp-content\/uploads\/2026\/04\/La-nuance-elegante-et-intemporelle-plebiscitee-par-Brigitte-Macron-et-Zendaya-simpose-partout-cette-saison.jpg","keywords":["brigitte macron","elegante Nuance","mode saison","zeitlos","zendaya"],"articleSection":["Aktuelles"],"inLanguage":"fr-FR","potentialAction":[{"@type":"CommentAction","name":"Comment","target":["https:\/\/www.sebastien-auziere.fr\/blog\/de\/die-elegante-und-zeitlose-nuance-die-von-brigitte-macron-und-zendaya-gelobt-wird-setzt-sich-in-dieser-saison-uberall-durch\/#respond"]}]},{"@type":"WebPage","@id":"https:\/\/www.sebastien-auziere.fr\/blog\/de\/die-elegante-und-zeitlose-nuance-die-von-brigitte-macron-und-zendaya-gelobt-wird-setzt-sich-in-dieser-saison-uberall-durch\/","url":"https:\/\/www.sebastien-auziere.fr\/blog\/de\/die-elegante-und-zeitlose-nuance-die-von-brigitte-macron-und-zendaya-gelobt-wird-setzt-sich-in-dieser-saison-uberall-durch\/","name":"Die elegante und zeitlose Nuance, die von Brigitte Macron und Zendaya gelobt wird, setzt sich in dieser Saison \u00fcberall durch. - Fan site S\u00e9bastien Auzi\u00e8re","isPartOf":{"@id":"https:\/\/www.sebastien-auziere.fr\/blog\/#website"},"primaryImageOfPage":{"@id":"https:\/\/www.sebastien-auziere.fr\/blog\/de\/die-elegante-und-zeitlose-nuance-die-von-brigitte-macron-und-zendaya-gelobt-wird-setzt-sich-in-dieser-saison-uberall-durch\/#primaryimage"},"image":{"@id":"https:\/\/www.sebastien-auziere.fr\/blog\/de\/die-elegante-und-zeitlose-nuance-die-von-brigitte-macron-und-zendaya-gelobt-wird-setzt-sich-in-dieser-saison-uberall-durch\/#primaryimage"},"thumbnailUrl":"https:\/\/www.sebastien-auziere.fr\/blog\/wp-content\/uploads\/2026\/04\/La-nuance-elegante-et-intemporelle-plebiscitee-par-Brigitte-Macron-et-Zendaya-simpose-partout-cette-saison.jpg","datePublished":"2026-04-08T19:07:47+00:00","dateModified":"2026-04-08T19:08:17+00:00","description":"D\u00e9couvrez la nuance \u00e9l\u00e9gante et intemporelle adopt\u00e9e par Brigitte Macron et Zendaya, la tendance phare de la saison \u00e0 ne pas manquer.","breadcrumb":{"@id":"https:\/\/www.sebastien-auziere.fr\/blog\/de\/die-elegante-und-zeitlose-nuance-die-von-brigitte-macron-und-zendaya-gelobt-wird-setzt-sich-in-dieser-saison-uberall-durch\/#breadcrumb"},"inLanguage":"fr-FR","potentialAction":[{"@type":"ReadAction","target":["https:\/\/www.sebastien-auziere.fr\/blog\/de\/die-elegante-und-zeitlose-nuance-die-von-brigitte-macron-und-zendaya-gelobt-wird-setzt-sich-in-dieser-saison-uberall-durch\/"]}]},{"@type":"ImageObject","inLanguage":"fr-FR","@id":"https:\/\/www.sebastien-auziere.fr\/blog\/de\/die-elegante-und-zeitlose-nuance-die-von-brigitte-macron-und-zendaya-gelobt-wird-setzt-sich-in-dieser-saison-uberall-durch\/#primaryimage","url":"https:\/\/www.sebastien-auziere.fr\/blog\/wp-content\/uploads\/2026\/04\/La-nuance-elegante-et-intemporelle-plebiscitee-par-Brigitte-Macron-et-Zendaya-simpose-partout-cette-saison.jpg","contentUrl":"https:\/\/www.sebastien-auziere.fr\/blog\/wp-content\/uploads\/2026\/04\/La-nuance-elegante-et-intemporelle-plebiscitee-par-Brigitte-Macron-et-Zendaya-simpose-partout-cette-saison.jpg","width":2560,"height":1429,"caption":"d\u00e9couvrez la nuance \u00e9l\u00e9gante et intemporelle adopt\u00e9e par brigitte macron et zendaya, une tendance incontournable qui s'impose cette saison dans toutes les garde-robes."},{"@type":"BreadcrumbList","@id":"https:\/\/www.sebastien-auziere.fr\/blog\/de\/die-elegante-und-zeitlose-nuance-die-von-brigitte-macron-und-zendaya-gelobt-wird-setzt-sich-in-dieser-saison-uberall-durch\/#breadcrumb","itemListElement":[{"@type":"ListItem","position":1,"name":"Home","item":"https:\/\/www.sebastien-auziere.fr\/blog\/"},{"@type":"ListItem","position":2,"name":"Die elegante und zeitlose Nuance, die von Brigitte Macron und Zendaya gelobt wird, setzt sich in dieser Saison \u00fcberall durch."}]},{"@type":"WebSite","@id":"https:\/\/www.sebastien-auziere.fr\/blog\/#website","url":"https:\/\/www.sebastien-auziere.fr\/blog\/","name":"Fan site S\u00e9bastien Auzi\u00e8re","description":"M\u00e9dia g\u00e9n\u00e9raliste","publisher":{"@id":"https:\/\/www.sebastien-auziere.fr\/blog\/#organization"},"potentialAction":[{"@type":"SearchAction","target":{"@type":"EntryPoint","urlTemplate":"https:\/\/www.sebastien-auziere.fr\/blog\/?s={search_term_string}"},"query-input":{"@type":"PropertyValueSpecification","valueRequired":true,"valueName":"search_term_string"}}],"inLanguage":"fr-FR"},{"@type":"Organization","@id":"https:\/\/www.sebastien-auziere.fr\/blog\/#organization","name":"Fan site S\u00e9bastien Auzi\u00e8re","url":"https:\/\/www.sebastien-auziere.fr\/blog\/","logo":{"@type":"ImageObject","inLanguage":"fr-FR","@id":"https:\/\/www.sebastien-auziere.fr\/blog\/#\/schema\/logo\/image\/","url":"https:\/\/www.sebastien-auziere.fr\/blog\/wp-content\/uploads\/2026\/03\/cropped-cropped-cropped-ChatGPT-Image-6-mars-2026-12_58_09-e1772798376794.jpg","contentUrl":"https:\/\/www.sebastien-auziere.fr\/blog\/wp-content\/uploads\/2026\/03\/cropped-cropped-cropped-ChatGPT-Image-6-mars-2026-12_58_09-e1772798376794.jpg","width":512,"height":360,"caption":"Fan site S\u00e9bastien Auzi\u00e8re"},"image":{"@id":"https:\/\/www.sebastien-auziere.fr\/blog\/#\/schema\/logo\/image\/"}},{"@type":"Person","@id":"https:\/\/www.sebastien-auziere.fr\/blog\/#\/schema\/person\/149f1acdbfd85149c6c3e59adeae2f4d","name":"Chloe Gauthier","image":{"@type":"ImageObject","inLanguage":"fr-FR","@id":"https:\/\/secure.gravatar.com\/avatar\/2c5722f58171cff738a8985ef0dd66b476e563753246a49019befc837ec4201a?s=96&d=mm&r=g","url":"https:\/\/secure.gravatar.com\/avatar\/2c5722f58171cff738a8985ef0dd66b476e563753246a49019befc837ec4201a?s=96&d=mm&r=g","contentUrl":"https:\/\/secure.gravatar.com\/avatar\/2c5722f58171cff738a8985ef0dd66b476e563753246a49019befc837ec4201a?s=96&d=mm&r=g","caption":"Chloe Gauthier"},"description":"Passionn\u00e9e par la politique et admiratrice engag\u00e9e de la famille Macron, je consacre mon \u00e9nergie \u00e0 suivre leurs initiatives et \u00e0 promouvoir leurs id\u00e9es. \u00c0 32 ans, je suis convaincue que leur vision est porteuse d'avenir.","url":"https:\/\/www.sebastien-auziere.fr\/blog\/author\/chloe-gauthier\/"}]}},"views":2,"_links":{"self":[{"href":"https:\/\/www.sebastien-auziere.fr\/blog\/wp-json\/wp\/v2\/posts\/2870","targetHints":{"allow":["GET"]}}],"collection":[{"href":"https:\/\/www.sebastien-auziere.fr\/blog\/wp-json\/wp\/v2\/posts"}],"about":[{"href":"https:\/\/www.sebastien-auziere.fr\/blog\/wp-json\/wp\/v2\/types\/post"}],"author":[{"embeddable":true,"href":"https:\/\/www.sebastien-auziere.fr\/blog\/wp-json\/wp\/v2\/users\/9"}],"replies":[{"embeddable":true,"href":"https:\/\/www.sebastien-auziere.fr\/blog\/wp-json\/wp\/v2\/comments?post=2870"}],"version-history":[{"count":1,"href":"https:\/\/www.sebastien-auziere.fr\/blog\/wp-json\/wp\/v2\/posts\/2870\/revisions"}],"predecessor-version":[{"id":2871,"href":"https:\/\/www.sebastien-auziere.fr\/blog\/wp-json\/wp\/v2\/posts\/2870\/revisions\/2871"}],"wp:featuredmedia":[{"embeddable":true,"href":"https:\/\/www.sebastien-auziere.fr\/blog\/wp-json\/wp\/v2\/media\/2864"}],"wp:attachment":[{"href":"https:\/\/www.sebastien-auziere.fr\/blog\/wp-json\/wp\/v2\/media?parent=2870"}],"wp:term":[{"taxonomy":"category","embeddable":true,"href":"https:\/\/www.sebastien-auziere.fr\/blog\/wp-json\/wp\/v2\/categories?post=2870"},{"taxonomy":"post_tag","embeddable":true,"href":"https:\/\/www.sebastien-auziere.fr\/blog\/wp-json\/wp\/v2\/tags?post=2870"}],"curies":[{"name":"wp","href":"https:\/\/api.w.org\/{rel}","templated":true}]}}