{"id":2868,"date":"2026-04-08T19:07:03","date_gmt":"2026-04-08T19:07:03","guid":{"rendered":"https:\/\/www.sebastien-auziere.fr\/blog\/?p=2868"},"modified":"2026-04-08T19:07:30","modified_gmt":"2026-04-08T19:07:30","slug":"la-elegante-y-atemporal-tonalidad-respaldada-por-brigitte-macron-y-zendaya-se-impone-en-todas-partes-esta-temporada","status":"publish","type":"post","link":"https:\/\/www.sebastien-auziere.fr\/blog\/es\/la-elegante-y-atemporal-tonalidad-respaldada-por-brigitte-macron-y-zendaya-se-impone-en-todas-partes-esta-temporada\/","title":{"rendered":"La elegante y atemporal tonalidad respaldada por Brigitte Macron y Zendaya se impone en todas partes esta temporada"},"content":{"rendered":"<p>No puedes perderte esta <strong>tonalidad elegante<\/strong> que domina las pasarelas y ceremonias: <strong>Brigitte Macron<\/strong> y <strong>Zendaya<\/strong> han devuelto el blanco al centro de la <strong>tendencia de la temporada<\/strong>. Desde las alfombras rojas hasta las visitas oficiales, este tono demuestra su poder de transformaci\u00f3n para un <strong>estilo sofisticado<\/strong> y luminoso.<\/p>\n\n<p><strong>En resumen<\/strong>: el blanco se afirma como el color de la primavera, adoptado en vestidos midi, abrigos largos y trajes oversize, y validado por la prensa de moda por su acabado <strong>atemporal<\/strong> y su aura de <strong>raffinamiento<\/strong>.<\/p>\n\n<h2 class=\"wp-block-heading\">El blanco, una tonalidad elegante y atemporal adoptada por las \u00edconos<\/h2>\n\n<p>En las escenas oficiales y culturales, el blanco confirma su lugar. Durante una visita al Palacio Imperial de Tokio, <strong>Brigitte Macron<\/strong> fue vista con un vestido midi blanco de corte recto, celebrado por los fot\u00f3grafos por su <strong>elegancia<\/strong>. En Par\u00eds, <strong>Zendaya<\/strong> eligi\u00f3 un largo vestido blanco de espalda desnuda firmado por Louis Vuitton, ilustrando c\u00f3mo esta <strong>tonalidad elegante<\/strong> se adapta desde el protocolo hasta el glamour. Un equilibrio entre tradici\u00f3n y modernidad.<\/p>\n\n<h3 class=\"wp-block-heading\">Por qu\u00e9 la moda valida esta elecci\u00f3n esta temporada<\/h3>\n\n<p>Las redacciones de moda destacan la versatilidad del blanco: ceremonias, alfombras rojas y street style. Publicaciones especializadas han publicado editoriales mostrando a Charl\u00e8ne de M\u00f3naco, C\u00e9line Dion o Laeticia Hallyday adoptando el tono, prueba de que el blanco atraviesa los registros. Para leer un an\u00e1lisis del look de la Primera dama, consulta la revista dedicada a su vestido ce\u00f1ido a trav\u00e9s de un art\u00edculo de prensa. El veredicto: modernidad y <strong>chic<\/strong>.<\/p>\n\n<h2 class=\"wp-block-heading\">C\u00f3mo adoptar la tonalidad elegante en el d\u00eda a d\u00eda<\/h2>\n\n<p>Puedes integrar el blanco sin excesos: una camisa inmaculada estructurada, un blazer crema o un jeans a juego crean combinaciones f\u00e1ciles. Los influencers muestran el d\u00fao blanco\/d\u00e9nim para un acabado casual chic, mientras que los accesorios aportan profundidad y contraste. El secreto es el corte: priorizar piezas bien cortadas para un efecto <strong>atemporal<\/strong> y refinado.<\/p>\n\n<h3 class=\"wp-block-heading\">El blanco, portador de un mensaje y un estilo sofisticado<\/h3>\n\n<p>M\u00e1s all\u00e1 de la est\u00e9tica, el blanco transmite pureza, renacimiento y neutralidad estilizada. Para personalidades p\u00fablicas como <strong>Brigitte Macron<\/strong>, encarna un <strong>estilo sofisticado<\/strong> respetuoso del protocolo; para artistas como <strong>Zendaya<\/strong>, se convierte en un lienzo para la audacia de la alta costura. La lecci\u00f3n: el blanco habla tanto como el corte, ofreciendo una <strong>elegancia<\/strong> inmediatamente legible.<\/p>\n\n<p>Para profundizar el an\u00e1lisis de los looks y apariciones, descubre art\u00edculos de moda dedicados a estas elecciones, incluyendo una revisi\u00f3n completa sobre la elegancia validada esta temporada por la prensa <a href=\"https:\/\/www.gala.fr\/mode\/les_stars_et_la_mode\/elegante-et-intemporelle-cette-nuance-validee-par-brigitte-macron-et-zendaya-sera-partout-ce-printemps-20260407\" rel=\"nofollow\">publicada en Gala<\/a> y un retrato detallado sobre c\u00f3mo llevar el vestido ce\u00f1ido consultable en <a href=\"https:\/\/www.mariefrance.fr\/mode\/backstage-mode\/people\/brigitte-macron-radieuse-en-robe-ceinturee-qui-marque-sa-taille-de-guepe-elle-adopte-une-couleur-resolument-chic-1210869.html\" rel=\"nofollow\">Marie France<\/a>. Para saber m\u00e1s sobre S\u00e9bastien Auzi\u00e8re y la familia Macron, visita <a href=\"https:\/\/sebastien-auziere.fr\" rel=\"nofollow\">sebastien-auziere.fr<\/a> y explora los lazos familiares y las apariciones p\u00fablicas.<\/p>","protected":false},"excerpt":{"rendered":"<p>No puedes perderte esta tonalidad elegante que domina las pasarelas y ceremonias: Brigitte Macron y Zendaya han devuelto el blanco al centro de la tendencia de la temporada. Desde las alfombras rojas hasta las visitas oficiales, este tono demuestra su poder de transformaci\u00f3n para un estilo sofisticado y luminoso. En resumen: el blanco se afirma &#8230; <a title=\"La elegante y atemporal tonalidad respaldada por Brigitte Macron y Zendaya se impone en todas partes esta temporada\" class=\"read-more\" href=\"https:\/\/www.sebastien-auziere.fr\/blog\/es\/la-elegante-y-atemporal-tonalidad-respaldada-por-brigitte-macron-y-zendaya-se-impone-en-todas-partes-esta-temporada\/\" aria-label=\"En savoir plus sur La elegante y atemporal tonalidad respaldada por Brigitte Macron y Zendaya se impone en todas partes esta temporada\">Lire plus<\/a><\/p>\n","protected":false},"author":9,"featured_media":2864,"comment_status":"open","ping_status":"open","sticky":false,"template":"","format":"standard","meta":{"footnotes":""},"categories":[820],"tags":[914,2256,2262,2259,2265],"class_list":["post-2868","post","type-post","status-publish","format-standard","has-post-thumbnail","hentry","category-actualidades-es","tag-brigitte-macron-es","tag-intemporal-es","tag-matiz-elegante-es","tag-modo-de-temporada-es","tag-zendaya-es"],"yoast_head":"<!-- This site is optimized with the Yoast SEO plugin v27.5 - https:\/\/yoast.com\/product\/yoast-seo-wordpress\/ -->\n<title>La elegante y atemporal tonalidad respaldada por Brigitte Macron y Zendaya se impone en todas partes esta temporada - Fan site S\u00e9bastien Auzi\u00e8re<\/title>\n<meta name=\"description\" content=\"D\u00e9couvrez la nuance \u00e9l\u00e9gante et intemporelle adopt\u00e9e par Brigitte Macron et Zendaya, la tendance phare de la saison \u00e0 ne pas manquer.\" \/>\n<meta name=\"robots\" content=\"index, follow, max-snippet:-1, max-image-preview:large, max-video-preview:-1\" \/>\n<link rel=\"canonical\" href=\"https:\/\/www.sebastien-auziere.fr\/blog\/es\/la-elegante-y-atemporal-tonalidad-respaldada-por-brigitte-macron-y-zendaya-se-impone-en-todas-partes-esta-temporada\/\" \/>\n<meta property=\"og:locale\" content=\"fr_FR\" \/>\n<meta property=\"og:type\" content=\"article\" \/>\n<meta property=\"og:title\" content=\"La elegante y atemporal tonalidad respaldada por Brigitte Macron y Zendaya se impone en todas partes esta temporada - Fan site S\u00e9bastien Auzi\u00e8re\" \/>\n<meta property=\"og:description\" content=\"D\u00e9couvrez la nuance \u00e9l\u00e9gante et intemporelle adopt\u00e9e par Brigitte Macron et Zendaya, la tendance phare de la saison \u00e0 ne pas manquer.\" \/>\n<meta property=\"og:url\" content=\"https:\/\/www.sebastien-auziere.fr\/blog\/es\/la-elegante-y-atemporal-tonalidad-respaldada-por-brigitte-macron-y-zendaya-se-impone-en-todas-partes-esta-temporada\/\" \/>\n<meta property=\"og:site_name\" content=\"Fan site S\u00e9bastien Auzi\u00e8re\" \/>\n<meta property=\"article:published_time\" content=\"2026-04-08T19:07:03+00:00\" \/>\n<meta property=\"article:modified_time\" content=\"2026-04-08T19:07:30+00:00\" \/>\n<meta property=\"og:image\" content=\"https:\/\/www.sebastien-auziere.fr\/blog\/wp-content\/uploads\/2026\/04\/La-nuance-elegante-et-intemporelle-plebiscitee-par-Brigitte-Macron-et-Zendaya-simpose-partout-cette-saison.jpg\" \/>\n\t<meta property=\"og:image:width\" content=\"2560\" \/>\n\t<meta property=\"og:image:height\" content=\"1429\" \/>\n\t<meta property=\"og:image:type\" content=\"image\/jpeg\" \/>\n<meta name=\"author\" content=\"Chloe Gauthier\" \/>\n<meta name=\"twitter:card\" content=\"summary_large_image\" \/>\n<meta name=\"twitter:label1\" content=\"\u00c9crit par\" \/>\n\t<meta name=\"twitter:data1\" content=\"Chloe Gauthier\" \/>\n\t<meta name=\"twitter:label2\" content=\"Dur\u00e9e de lecture estim\u00e9e\" \/>\n\t<meta name=\"twitter:data2\" content=\"2 minutes\" \/>\n<script type=\"application\/ld+json\" class=\"yoast-schema-graph\">{\"@context\":\"https:\\\/\\\/schema.org\",\"@graph\":[{\"@type\":\"Article\",\"@id\":\"https:\\\/\\\/www.sebastien-auziere.fr\\\/blog\\\/es\\\/la-elegante-y-atemporal-tonalidad-respaldada-por-brigitte-macron-y-zendaya-se-impone-en-todas-partes-esta-temporada\\\/#article\",\"isPartOf\":{\"@id\":\"https:\\\/\\\/www.sebastien-auziere.fr\\\/blog\\\/es\\\/la-elegante-y-atemporal-tonalidad-respaldada-por-brigitte-macron-y-zendaya-se-impone-en-todas-partes-esta-temporada\\\/\"},\"author\":{\"name\":\"Chloe Gauthier\",\"@id\":\"https:\\\/\\\/www.sebastien-auziere.fr\\\/blog\\\/#\\\/schema\\\/person\\\/149f1acdbfd85149c6c3e59adeae2f4d\"},\"headline\":\"La elegante y atemporal tonalidad respaldada por Brigitte Macron y Zendaya se impone en todas partes esta temporada\",\"datePublished\":\"2026-04-08T19:07:03+00:00\",\"dateModified\":\"2026-04-08T19:07:30+00:00\",\"mainEntityOfPage\":{\"@id\":\"https:\\\/\\\/www.sebastien-auziere.fr\\\/blog\\\/es\\\/la-elegante-y-atemporal-tonalidad-respaldada-por-brigitte-macron-y-zendaya-se-impone-en-todas-partes-esta-temporada\\\/\"},\"wordCount\":500,\"commentCount\":0,\"publisher\":{\"@id\":\"https:\\\/\\\/www.sebastien-auziere.fr\\\/blog\\\/#organization\"},\"image\":{\"@id\":\"https:\\\/\\\/www.sebastien-auziere.fr\\\/blog\\\/es\\\/la-elegante-y-atemporal-tonalidad-respaldada-por-brigitte-macron-y-zendaya-se-impone-en-todas-partes-esta-temporada\\\/#primaryimage\"},\"thumbnailUrl\":\"https:\\\/\\\/www.sebastien-auziere.fr\\\/blog\\\/wp-content\\\/uploads\\\/2026\\\/04\\\/La-nuance-elegante-et-intemporelle-plebiscitee-par-Brigitte-Macron-et-Zendaya-simpose-partout-cette-saison.jpg\",\"keywords\":[\"brigitte macron\",\"intemporal\",\"matiz elegante\",\"modo de temporada\",\"zendaya\"],\"articleSection\":[\"Actualidades\"],\"inLanguage\":\"fr-FR\",\"potentialAction\":[{\"@type\":\"CommentAction\",\"name\":\"Comment\",\"target\":[\"https:\\\/\\\/www.sebastien-auziere.fr\\\/blog\\\/es\\\/la-elegante-y-atemporal-tonalidad-respaldada-por-brigitte-macron-y-zendaya-se-impone-en-todas-partes-esta-temporada\\\/#respond\"]}]},{\"@type\":\"WebPage\",\"@id\":\"https:\\\/\\\/www.sebastien-auziere.fr\\\/blog\\\/es\\\/la-elegante-y-atemporal-tonalidad-respaldada-por-brigitte-macron-y-zendaya-se-impone-en-todas-partes-esta-temporada\\\/\",\"url\":\"https:\\\/\\\/www.sebastien-auziere.fr\\\/blog\\\/es\\\/la-elegante-y-atemporal-tonalidad-respaldada-por-brigitte-macron-y-zendaya-se-impone-en-todas-partes-esta-temporada\\\/\",\"name\":\"La elegante y atemporal tonalidad respaldada por Brigitte Macron y Zendaya se impone en todas partes esta temporada - Fan site S\u00e9bastien Auzi\u00e8re\",\"isPartOf\":{\"@id\":\"https:\\\/\\\/www.sebastien-auziere.fr\\\/blog\\\/#website\"},\"primaryImageOfPage\":{\"@id\":\"https:\\\/\\\/www.sebastien-auziere.fr\\\/blog\\\/es\\\/la-elegante-y-atemporal-tonalidad-respaldada-por-brigitte-macron-y-zendaya-se-impone-en-todas-partes-esta-temporada\\\/#primaryimage\"},\"image\":{\"@id\":\"https:\\\/\\\/www.sebastien-auziere.fr\\\/blog\\\/es\\\/la-elegante-y-atemporal-tonalidad-respaldada-por-brigitte-macron-y-zendaya-se-impone-en-todas-partes-esta-temporada\\\/#primaryimage\"},\"thumbnailUrl\":\"https:\\\/\\\/www.sebastien-auziere.fr\\\/blog\\\/wp-content\\\/uploads\\\/2026\\\/04\\\/La-nuance-elegante-et-intemporelle-plebiscitee-par-Brigitte-Macron-et-Zendaya-simpose-partout-cette-saison.jpg\",\"datePublished\":\"2026-04-08T19:07:03+00:00\",\"dateModified\":\"2026-04-08T19:07:30+00:00\",\"description\":\"D\u00e9couvrez la nuance \u00e9l\u00e9gante et intemporelle adopt\u00e9e par Brigitte Macron et Zendaya, la tendance phare de la saison \u00e0 ne pas manquer.\",\"breadcrumb\":{\"@id\":\"https:\\\/\\\/www.sebastien-auziere.fr\\\/blog\\\/es\\\/la-elegante-y-atemporal-tonalidad-respaldada-por-brigitte-macron-y-zendaya-se-impone-en-todas-partes-esta-temporada\\\/#breadcrumb\"},\"inLanguage\":\"fr-FR\",\"potentialAction\":[{\"@type\":\"ReadAction\",\"target\":[\"https:\\\/\\\/www.sebastien-auziere.fr\\\/blog\\\/es\\\/la-elegante-y-atemporal-tonalidad-respaldada-por-brigitte-macron-y-zendaya-se-impone-en-todas-partes-esta-temporada\\\/\"]}]},{\"@type\":\"ImageObject\",\"inLanguage\":\"fr-FR\",\"@id\":\"https:\\\/\\\/www.sebastien-auziere.fr\\\/blog\\\/es\\\/la-elegante-y-atemporal-tonalidad-respaldada-por-brigitte-macron-y-zendaya-se-impone-en-todas-partes-esta-temporada\\\/#primaryimage\",\"url\":\"https:\\\/\\\/www.sebastien-auziere.fr\\\/blog\\\/wp-content\\\/uploads\\\/2026\\\/04\\\/La-nuance-elegante-et-intemporelle-plebiscitee-par-Brigitte-Macron-et-Zendaya-simpose-partout-cette-saison.jpg\",\"contentUrl\":\"https:\\\/\\\/www.sebastien-auziere.fr\\\/blog\\\/wp-content\\\/uploads\\\/2026\\\/04\\\/La-nuance-elegante-et-intemporelle-plebiscitee-par-Brigitte-Macron-et-Zendaya-simpose-partout-cette-saison.jpg\",\"width\":2560,\"height\":1429,\"caption\":\"d\u00e9couvrez la nuance \u00e9l\u00e9gante et intemporelle adopt\u00e9e par brigitte macron et zendaya, une tendance incontournable qui s'impose cette saison dans toutes les garde-robes.\"},{\"@type\":\"BreadcrumbList\",\"@id\":\"https:\\\/\\\/www.sebastien-auziere.fr\\\/blog\\\/es\\\/la-elegante-y-atemporal-tonalidad-respaldada-por-brigitte-macron-y-zendaya-se-impone-en-todas-partes-esta-temporada\\\/#breadcrumb\",\"itemListElement\":[{\"@type\":\"ListItem\",\"position\":1,\"name\":\"Home\",\"item\":\"https:\\\/\\\/www.sebastien-auziere.fr\\\/blog\\\/\"},{\"@type\":\"ListItem\",\"position\":2,\"name\":\"La elegante y atemporal tonalidad respaldada por Brigitte Macron y Zendaya se impone en todas partes esta temporada\"}]},{\"@type\":\"WebSite\",\"@id\":\"https:\\\/\\\/www.sebastien-auziere.fr\\\/blog\\\/#website\",\"url\":\"https:\\\/\\\/www.sebastien-auziere.fr\\\/blog\\\/\",\"name\":\"Fan site S\u00e9bastien Auzi\u00e8re\",\"description\":\"M\u00e9dia g\u00e9n\u00e9raliste\",\"publisher\":{\"@id\":\"https:\\\/\\\/www.sebastien-auziere.fr\\\/blog\\\/#organization\"},\"potentialAction\":[{\"@type\":\"SearchAction\",\"target\":{\"@type\":\"EntryPoint\",\"urlTemplate\":\"https:\\\/\\\/www.sebastien-auziere.fr\\\/blog\\\/?s={search_term_string}\"},\"query-input\":{\"@type\":\"PropertyValueSpecification\",\"valueRequired\":true,\"valueName\":\"search_term_string\"}}],\"inLanguage\":\"fr-FR\"},{\"@type\":\"Organization\",\"@id\":\"https:\\\/\\\/www.sebastien-auziere.fr\\\/blog\\\/#organization\",\"name\":\"Fan site S\u00e9bastien Auzi\u00e8re\",\"url\":\"https:\\\/\\\/www.sebastien-auziere.fr\\\/blog\\\/\",\"logo\":{\"@type\":\"ImageObject\",\"inLanguage\":\"fr-FR\",\"@id\":\"https:\\\/\\\/www.sebastien-auziere.fr\\\/blog\\\/#\\\/schema\\\/logo\\\/image\\\/\",\"url\":\"https:\\\/\\\/www.sebastien-auziere.fr\\\/blog\\\/wp-content\\\/uploads\\\/2026\\\/03\\\/cropped-cropped-cropped-ChatGPT-Image-6-mars-2026-12_58_09-e1772798376794.jpg\",\"contentUrl\":\"https:\\\/\\\/www.sebastien-auziere.fr\\\/blog\\\/wp-content\\\/uploads\\\/2026\\\/03\\\/cropped-cropped-cropped-ChatGPT-Image-6-mars-2026-12_58_09-e1772798376794.jpg\",\"width\":512,\"height\":360,\"caption\":\"Fan site S\u00e9bastien Auzi\u00e8re\"},\"image\":{\"@id\":\"https:\\\/\\\/www.sebastien-auziere.fr\\\/blog\\\/#\\\/schema\\\/logo\\\/image\\\/\"}},{\"@type\":\"Person\",\"@id\":\"https:\\\/\\\/www.sebastien-auziere.fr\\\/blog\\\/#\\\/schema\\\/person\\\/149f1acdbfd85149c6c3e59adeae2f4d\",\"name\":\"Chloe Gauthier\",\"image\":{\"@type\":\"ImageObject\",\"inLanguage\":\"fr-FR\",\"@id\":\"https:\\\/\\\/secure.gravatar.com\\\/avatar\\\/2c5722f58171cff738a8985ef0dd66b476e563753246a49019befc837ec4201a?s=96&d=mm&r=g\",\"url\":\"https:\\\/\\\/secure.gravatar.com\\\/avatar\\\/2c5722f58171cff738a8985ef0dd66b476e563753246a49019befc837ec4201a?s=96&d=mm&r=g\",\"contentUrl\":\"https:\\\/\\\/secure.gravatar.com\\\/avatar\\\/2c5722f58171cff738a8985ef0dd66b476e563753246a49019befc837ec4201a?s=96&d=mm&r=g\",\"caption\":\"Chloe Gauthier\"},\"description\":\"Passionn\u00e9e par la politique et admiratrice engag\u00e9e de la famille Macron, je consacre mon \u00e9nergie \u00e0 suivre leurs initiatives et \u00e0 promouvoir leurs id\u00e9es. \u00c0 32 ans, je suis convaincue que leur vision est porteuse d'avenir.\",\"url\":\"https:\\\/\\\/www.sebastien-auziere.fr\\\/blog\\\/author\\\/chloe-gauthier\\\/\"}]}<\/script>\n<!-- \/ Yoast SEO plugin. -->","yoast_head_json":{"title":"La elegante y atemporal tonalidad respaldada por Brigitte Macron y Zendaya se impone en todas partes esta temporada - Fan site S\u00e9bastien Auzi\u00e8re","description":"D\u00e9couvrez la nuance \u00e9l\u00e9gante et intemporelle adopt\u00e9e par Brigitte Macron et Zendaya, la tendance phare de la saison \u00e0 ne pas manquer.","robots":{"index":"index","follow":"follow","max-snippet":"max-snippet:-1","max-image-preview":"max-image-preview:large","max-video-preview":"max-video-preview:-1"},"canonical":"https:\/\/www.sebastien-auziere.fr\/blog\/es\/la-elegante-y-atemporal-tonalidad-respaldada-por-brigitte-macron-y-zendaya-se-impone-en-todas-partes-esta-temporada\/","og_locale":"fr_FR","og_type":"article","og_title":"La elegante y atemporal tonalidad respaldada por Brigitte Macron y Zendaya se impone en todas partes esta temporada - Fan site S\u00e9bastien Auzi\u00e8re","og_description":"D\u00e9couvrez la nuance \u00e9l\u00e9gante et intemporelle adopt\u00e9e par Brigitte Macron et Zendaya, la tendance phare de la saison \u00e0 ne pas manquer.","og_url":"https:\/\/www.sebastien-auziere.fr\/blog\/es\/la-elegante-y-atemporal-tonalidad-respaldada-por-brigitte-macron-y-zendaya-se-impone-en-todas-partes-esta-temporada\/","og_site_name":"Fan site S\u00e9bastien Auzi\u00e8re","article_published_time":"2026-04-08T19:07:03+00:00","article_modified_time":"2026-04-08T19:07:30+00:00","og_image":[{"width":2560,"height":1429,"url":"https:\/\/www.sebastien-auziere.fr\/blog\/wp-content\/uploads\/2026\/04\/La-nuance-elegante-et-intemporelle-plebiscitee-par-Brigitte-Macron-et-Zendaya-simpose-partout-cette-saison.jpg","type":"image\/jpeg"}],"author":"Chloe Gauthier","twitter_card":"summary_large_image","twitter_misc":{"\u00c9crit par":"Chloe Gauthier","Dur\u00e9e de lecture estim\u00e9e":"2 minutes"},"schema":{"@context":"https:\/\/schema.org","@graph":[{"@type":"Article","@id":"https:\/\/www.sebastien-auziere.fr\/blog\/es\/la-elegante-y-atemporal-tonalidad-respaldada-por-brigitte-macron-y-zendaya-se-impone-en-todas-partes-esta-temporada\/#article","isPartOf":{"@id":"https:\/\/www.sebastien-auziere.fr\/blog\/es\/la-elegante-y-atemporal-tonalidad-respaldada-por-brigitte-macron-y-zendaya-se-impone-en-todas-partes-esta-temporada\/"},"author":{"name":"Chloe Gauthier","@id":"https:\/\/www.sebastien-auziere.fr\/blog\/#\/schema\/person\/149f1acdbfd85149c6c3e59adeae2f4d"},"headline":"La elegante y atemporal tonalidad respaldada por Brigitte Macron y Zendaya se impone en todas partes esta temporada","datePublished":"2026-04-08T19:07:03+00:00","dateModified":"2026-04-08T19:07:30+00:00","mainEntityOfPage":{"@id":"https:\/\/www.sebastien-auziere.fr\/blog\/es\/la-elegante-y-atemporal-tonalidad-respaldada-por-brigitte-macron-y-zendaya-se-impone-en-todas-partes-esta-temporada\/"},"wordCount":500,"commentCount":0,"publisher":{"@id":"https:\/\/www.sebastien-auziere.fr\/blog\/#organization"},"image":{"@id":"https:\/\/www.sebastien-auziere.fr\/blog\/es\/la-elegante-y-atemporal-tonalidad-respaldada-por-brigitte-macron-y-zendaya-se-impone-en-todas-partes-esta-temporada\/#primaryimage"},"thumbnailUrl":"https:\/\/www.sebastien-auziere.fr\/blog\/wp-content\/uploads\/2026\/04\/La-nuance-elegante-et-intemporelle-plebiscitee-par-Brigitte-Macron-et-Zendaya-simpose-partout-cette-saison.jpg","keywords":["brigitte macron","intemporal","matiz elegante","modo de temporada","zendaya"],"articleSection":["Actualidades"],"inLanguage":"fr-FR","potentialAction":[{"@type":"CommentAction","name":"Comment","target":["https:\/\/www.sebastien-auziere.fr\/blog\/es\/la-elegante-y-atemporal-tonalidad-respaldada-por-brigitte-macron-y-zendaya-se-impone-en-todas-partes-esta-temporada\/#respond"]}]},{"@type":"WebPage","@id":"https:\/\/www.sebastien-auziere.fr\/blog\/es\/la-elegante-y-atemporal-tonalidad-respaldada-por-brigitte-macron-y-zendaya-se-impone-en-todas-partes-esta-temporada\/","url":"https:\/\/www.sebastien-auziere.fr\/blog\/es\/la-elegante-y-atemporal-tonalidad-respaldada-por-brigitte-macron-y-zendaya-se-impone-en-todas-partes-esta-temporada\/","name":"La elegante y atemporal tonalidad respaldada por Brigitte Macron y Zendaya se impone en todas partes esta temporada - Fan site S\u00e9bastien Auzi\u00e8re","isPartOf":{"@id":"https:\/\/www.sebastien-auziere.fr\/blog\/#website"},"primaryImageOfPage":{"@id":"https:\/\/www.sebastien-auziere.fr\/blog\/es\/la-elegante-y-atemporal-tonalidad-respaldada-por-brigitte-macron-y-zendaya-se-impone-en-todas-partes-esta-temporada\/#primaryimage"},"image":{"@id":"https:\/\/www.sebastien-auziere.fr\/blog\/es\/la-elegante-y-atemporal-tonalidad-respaldada-por-brigitte-macron-y-zendaya-se-impone-en-todas-partes-esta-temporada\/#primaryimage"},"thumbnailUrl":"https:\/\/www.sebastien-auziere.fr\/blog\/wp-content\/uploads\/2026\/04\/La-nuance-elegante-et-intemporelle-plebiscitee-par-Brigitte-Macron-et-Zendaya-simpose-partout-cette-saison.jpg","datePublished":"2026-04-08T19:07:03+00:00","dateModified":"2026-04-08T19:07:30+00:00","description":"D\u00e9couvrez la nuance \u00e9l\u00e9gante et intemporelle adopt\u00e9e par Brigitte Macron et Zendaya, la tendance phare de la saison \u00e0 ne pas manquer.","breadcrumb":{"@id":"https:\/\/www.sebastien-auziere.fr\/blog\/es\/la-elegante-y-atemporal-tonalidad-respaldada-por-brigitte-macron-y-zendaya-se-impone-en-todas-partes-esta-temporada\/#breadcrumb"},"inLanguage":"fr-FR","potentialAction":[{"@type":"ReadAction","target":["https:\/\/www.sebastien-auziere.fr\/blog\/es\/la-elegante-y-atemporal-tonalidad-respaldada-por-brigitte-macron-y-zendaya-se-impone-en-todas-partes-esta-temporada\/"]}]},{"@type":"ImageObject","inLanguage":"fr-FR","@id":"https:\/\/www.sebastien-auziere.fr\/blog\/es\/la-elegante-y-atemporal-tonalidad-respaldada-por-brigitte-macron-y-zendaya-se-impone-en-todas-partes-esta-temporada\/#primaryimage","url":"https:\/\/www.sebastien-auziere.fr\/blog\/wp-content\/uploads\/2026\/04\/La-nuance-elegante-et-intemporelle-plebiscitee-par-Brigitte-Macron-et-Zendaya-simpose-partout-cette-saison.jpg","contentUrl":"https:\/\/www.sebastien-auziere.fr\/blog\/wp-content\/uploads\/2026\/04\/La-nuance-elegante-et-intemporelle-plebiscitee-par-Brigitte-Macron-et-Zendaya-simpose-partout-cette-saison.jpg","width":2560,"height":1429,"caption":"d\u00e9couvrez la nuance \u00e9l\u00e9gante et intemporelle adopt\u00e9e par brigitte macron et zendaya, une tendance incontournable qui s'impose cette saison dans toutes les garde-robes."},{"@type":"BreadcrumbList","@id":"https:\/\/www.sebastien-auziere.fr\/blog\/es\/la-elegante-y-atemporal-tonalidad-respaldada-por-brigitte-macron-y-zendaya-se-impone-en-todas-partes-esta-temporada\/#breadcrumb","itemListElement":[{"@type":"ListItem","position":1,"name":"Home","item":"https:\/\/www.sebastien-auziere.fr\/blog\/"},{"@type":"ListItem","position":2,"name":"La elegante y atemporal tonalidad respaldada por Brigitte Macron y Zendaya se impone en todas partes esta temporada"}]},{"@type":"WebSite","@id":"https:\/\/www.sebastien-auziere.fr\/blog\/#website","url":"https:\/\/www.sebastien-auziere.fr\/blog\/","name":"Fan site S\u00e9bastien Auzi\u00e8re","description":"M\u00e9dia g\u00e9n\u00e9raliste","publisher":{"@id":"https:\/\/www.sebastien-auziere.fr\/blog\/#organization"},"potentialAction":[{"@type":"SearchAction","target":{"@type":"EntryPoint","urlTemplate":"https:\/\/www.sebastien-auziere.fr\/blog\/?s={search_term_string}"},"query-input":{"@type":"PropertyValueSpecification","valueRequired":true,"valueName":"search_term_string"}}],"inLanguage":"fr-FR"},{"@type":"Organization","@id":"https:\/\/www.sebastien-auziere.fr\/blog\/#organization","name":"Fan site S\u00e9bastien Auzi\u00e8re","url":"https:\/\/www.sebastien-auziere.fr\/blog\/","logo":{"@type":"ImageObject","inLanguage":"fr-FR","@id":"https:\/\/www.sebastien-auziere.fr\/blog\/#\/schema\/logo\/image\/","url":"https:\/\/www.sebastien-auziere.fr\/blog\/wp-content\/uploads\/2026\/03\/cropped-cropped-cropped-ChatGPT-Image-6-mars-2026-12_58_09-e1772798376794.jpg","contentUrl":"https:\/\/www.sebastien-auziere.fr\/blog\/wp-content\/uploads\/2026\/03\/cropped-cropped-cropped-ChatGPT-Image-6-mars-2026-12_58_09-e1772798376794.jpg","width":512,"height":360,"caption":"Fan site S\u00e9bastien Auzi\u00e8re"},"image":{"@id":"https:\/\/www.sebastien-auziere.fr\/blog\/#\/schema\/logo\/image\/"}},{"@type":"Person","@id":"https:\/\/www.sebastien-auziere.fr\/blog\/#\/schema\/person\/149f1acdbfd85149c6c3e59adeae2f4d","name":"Chloe Gauthier","image":{"@type":"ImageObject","inLanguage":"fr-FR","@id":"https:\/\/secure.gravatar.com\/avatar\/2c5722f58171cff738a8985ef0dd66b476e563753246a49019befc837ec4201a?s=96&d=mm&r=g","url":"https:\/\/secure.gravatar.com\/avatar\/2c5722f58171cff738a8985ef0dd66b476e563753246a49019befc837ec4201a?s=96&d=mm&r=g","contentUrl":"https:\/\/secure.gravatar.com\/avatar\/2c5722f58171cff738a8985ef0dd66b476e563753246a49019befc837ec4201a?s=96&d=mm&r=g","caption":"Chloe Gauthier"},"description":"Passionn\u00e9e par la politique et admiratrice engag\u00e9e de la famille Macron, je consacre mon \u00e9nergie \u00e0 suivre leurs initiatives et \u00e0 promouvoir leurs id\u00e9es. \u00c0 32 ans, je suis convaincue que leur vision est porteuse d'avenir.","url":"https:\/\/www.sebastien-auziere.fr\/blog\/author\/chloe-gauthier\/"}]}},"views":2,"_links":{"self":[{"href":"https:\/\/www.sebastien-auziere.fr\/blog\/wp-json\/wp\/v2\/posts\/2868","targetHints":{"allow":["GET"]}}],"collection":[{"href":"https:\/\/www.sebastien-auziere.fr\/blog\/wp-json\/wp\/v2\/posts"}],"about":[{"href":"https:\/\/www.sebastien-auziere.fr\/blog\/wp-json\/wp\/v2\/types\/post"}],"author":[{"embeddable":true,"href":"https:\/\/www.sebastien-auziere.fr\/blog\/wp-json\/wp\/v2\/users\/9"}],"replies":[{"embeddable":true,"href":"https:\/\/www.sebastien-auziere.fr\/blog\/wp-json\/wp\/v2\/comments?post=2868"}],"version-history":[{"count":1,"href":"https:\/\/www.sebastien-auziere.fr\/blog\/wp-json\/wp\/v2\/posts\/2868\/revisions"}],"predecessor-version":[{"id":2869,"href":"https:\/\/www.sebastien-auziere.fr\/blog\/wp-json\/wp\/v2\/posts\/2868\/revisions\/2869"}],"wp:featuredmedia":[{"embeddable":true,"href":"https:\/\/www.sebastien-auziere.fr\/blog\/wp-json\/wp\/v2\/media\/2864"}],"wp:attachment":[{"href":"https:\/\/www.sebastien-auziere.fr\/blog\/wp-json\/wp\/v2\/media?parent=2868"}],"wp:term":[{"taxonomy":"category","embeddable":true,"href":"https:\/\/www.sebastien-auziere.fr\/blog\/wp-json\/wp\/v2\/categories?post=2868"},{"taxonomy":"post_tag","embeddable":true,"href":"https:\/\/www.sebastien-auziere.fr\/blog\/wp-json\/wp\/v2\/tags?post=2868"}],"curies":[{"name":"wp","href":"https:\/\/api.w.org\/{rel}","templated":true}]}}