{"id":2866,"date":"2026-04-08T19:06:33","date_gmt":"2026-04-08T19:06:33","guid":{"rendered":"https:\/\/www.sebastien-auziere.fr\/blog\/?p=2866"},"modified":"2026-04-08T19:07:03","modified_gmt":"2026-04-08T19:07:03","slug":"the-elegant-and-timeless-shade-favored-by-brigitte-macron-and-zendaya-is-making-its-mark-everywhere-this-season","status":"publish","type":"post","link":"https:\/\/www.sebastien-auziere.fr\/blog\/en\/the-elegant-and-timeless-shade-favored-by-brigitte-macron-and-zendaya-is-making-its-mark-everywhere-this-season\/","title":{"rendered":"The elegant and timeless shade favored by Brigitte Macron and Zendaya is making its mark everywhere this season"},"content":{"rendered":"<p>You can&rsquo;t miss this <strong>elegant hue<\/strong> that dominates the runways and ceremonies: <strong>Brigitte Macron<\/strong> and <strong>Zendaya<\/strong> have brought white back to the center of the <strong>seasonal trend<\/strong>. From red carpets to official visits, this shade proves its power of transformation for a <strong>sophisticated<\/strong> and radiant <strong>style<\/strong>.<\/p>\n\n<p><strong>In short<\/strong>: white asserts itself as the color of spring, adopted in midi dresses, long coats, and oversized suits, and validated by the fashion press for its <strong>timeless<\/strong> rendering and aura of <strong>refinement<\/strong>.<\/p>\n\n<h2 class=\"wp-block-heading\">White, an elegant and timeless hue adopted by icons<\/h2>\n\n<p>On official and cultural stages, white confirms its place. During a visit to the Imperial Palace in Tokyo, <strong>Brigitte Macron<\/strong> was noticed in a straight-cut white midi dress, praised by photographers for its <strong>elegance<\/strong>. In Paris, <strong>Zendaya<\/strong> chose a long backless white dress by Louis Vuitton, illustrating how this <strong>elegant hue<\/strong> transitions from protocol to glamour. A balance between tradition and modernity.<\/p>\n\n<h3 class=\"wp-block-heading\">Why fashion validates this choice this season<\/h3>\n\n<p>Fashion editorials emphasize the versatility of white: ceremonies, red carpets, and street style. Specialized publications have released editorials showing Charlene of Monaco, C\u00e9line Dion, or Laeticia Hallyday embracing the shade, evidence that white transcends genres. To read an analysis of the First Lady&rsquo;s look, check out the review dedicated to her belted dress through a press article. The verdict: modernity and <strong>chic<\/strong>.<\/p>\n\n<h2 class=\"wp-block-heading\">How to adopt the elegant hue in everyday life<\/h2>\n\n<p>You can integrate white without excess: a structured immaculate shirt, a cream blazer, or matching jeans create easy combinations. Influencers show the white\/denim duo for a casual chic look, while accessories add depth and contrast. The secret is the cut: favor well-cut pieces for a <strong>timeless<\/strong> and refined effect.<\/p>\n\n<h3 class=\"wp-block-heading\">White, a vector of a message and a sophisticated style<\/h3>\n\n<p>Beyond aesthetics, white conveys purity, renewal, and stylized neutrality. For public figures like <strong>Brigitte Macron<\/strong>, it embodies a <strong>sophisticated<\/strong> style that respects protocol; for artists like <strong>Zendaya<\/strong>, it becomes a canvas for couture boldness. The lesson: white speaks as much as the cut, offering an immediately readable <strong>elegance<\/strong>.<\/p>\n\n<p>To delve deeper into the analysis of looks and appearances, discover fashion articles dedicated to these choices, including a comprehensive review on the elegance validated this season by the press <a href=\"https:\/\/www.gala.fr\/mode\/les_stars_et_la_mode\/elegante-et-intemporelle-cette-nuance-validee-par-brigitte-macron-et-zendaya-sera-partout-ce-printemps-20260407\" rel=\"nofollow\">published in Gala<\/a> and a detailed portrait on the wearing of the belted dress available on <a href=\"https:\/\/www.mariefrance.fr\/mode\/backstage-mode\/people\/brigitte-macron-radieuse-en-robe-ceinturee-qui-marque-sa-taille-de-guepe-elle-adopte-une-couleur-resolument-chic-1210869.html\" rel=\"nofollow\">Marie France<\/a>. For more information about S\u00e9bastien Auzi\u00e8re and the Macron family, visit <a href=\"https:\/\/sebastien-auziere.fr\" rel=\"nofollow\">sebastien-auziere.fr<\/a> and explore family ties and public appearances.<\/p>","protected":false},"excerpt":{"rendered":"<p>You can&rsquo;t miss this elegant hue that dominates the runways and ceremonies: Brigitte Macron and Zendaya have brought white back to the center of the seasonal trend. From red carpets to official visits, this shade proves its power of transformation for a sophisticated and radiant style. In short: white asserts itself as the color of &#8230; <a title=\"The elegant and timeless shade favored by Brigitte Macron and Zendaya is making its mark everywhere this season\" class=\"read-more\" href=\"https:\/\/www.sebastien-auziere.fr\/blog\/en\/the-elegant-and-timeless-shade-favored-by-brigitte-macron-and-zendaya-is-making-its-mark-everywhere-this-season\/\" aria-label=\"En savoir plus sur The elegant and timeless shade favored by Brigitte Macron and Zendaya is making its mark everywhere this season\">Lire plus<\/a><\/p>\n","protected":false},"author":9,"featured_media":2864,"comment_status":"open","ping_status":"open","sticky":false,"template":"","format":"standard","meta":{"footnotes":""},"categories":[816],"tags":[898,2249,2246,2243,2252],"class_list":["post-2866","post","type-post","status-publish","format-standard","has-post-thumbnail","hentry","category-news","tag-brigitte-macron-en","tag-elegant-nuance-en","tag-mode-season-en","tag-timeless-en","tag-zendaya-en"],"yoast_head":"<!-- This site is optimized with the Yoast SEO plugin v27.5 - https:\/\/yoast.com\/product\/yoast-seo-wordpress\/ -->\n<title>The elegant and timeless shade favored by Brigitte Macron and Zendaya is making its mark everywhere this season - Fan site S\u00e9bastien Auzi\u00e8re<\/title>\n<meta name=\"description\" content=\"D\u00e9couvrez la nuance \u00e9l\u00e9gante et intemporelle adopt\u00e9e par Brigitte Macron et Zendaya, la tendance phare de la saison \u00e0 ne pas manquer.\" \/>\n<meta name=\"robots\" content=\"index, follow, max-snippet:-1, max-image-preview:large, max-video-preview:-1\" \/>\n<link rel=\"canonical\" href=\"https:\/\/www.sebastien-auziere.fr\/blog\/en\/the-elegant-and-timeless-shade-favored-by-brigitte-macron-and-zendaya-is-making-its-mark-everywhere-this-season\/\" \/>\n<meta property=\"og:locale\" content=\"fr_FR\" \/>\n<meta property=\"og:type\" content=\"article\" \/>\n<meta property=\"og:title\" content=\"The elegant and timeless shade favored by Brigitte Macron and Zendaya is making its mark everywhere this season - Fan site S\u00e9bastien Auzi\u00e8re\" \/>\n<meta property=\"og:description\" content=\"D\u00e9couvrez la nuance \u00e9l\u00e9gante et intemporelle adopt\u00e9e par Brigitte Macron et Zendaya, la tendance phare de la saison \u00e0 ne pas manquer.\" \/>\n<meta property=\"og:url\" content=\"https:\/\/www.sebastien-auziere.fr\/blog\/en\/the-elegant-and-timeless-shade-favored-by-brigitte-macron-and-zendaya-is-making-its-mark-everywhere-this-season\/\" \/>\n<meta property=\"og:site_name\" content=\"Fan site S\u00e9bastien Auzi\u00e8re\" \/>\n<meta property=\"article:published_time\" content=\"2026-04-08T19:06:33+00:00\" \/>\n<meta property=\"article:modified_time\" content=\"2026-04-08T19:07:03+00:00\" \/>\n<meta property=\"og:image\" content=\"https:\/\/www.sebastien-auziere.fr\/blog\/wp-content\/uploads\/2026\/04\/La-nuance-elegante-et-intemporelle-plebiscitee-par-Brigitte-Macron-et-Zendaya-simpose-partout-cette-saison.jpg\" \/>\n\t<meta property=\"og:image:width\" content=\"2560\" \/>\n\t<meta property=\"og:image:height\" content=\"1429\" \/>\n\t<meta property=\"og:image:type\" content=\"image\/jpeg\" \/>\n<meta name=\"author\" content=\"Chloe Gauthier\" \/>\n<meta name=\"twitter:card\" content=\"summary_large_image\" \/>\n<meta name=\"twitter:label1\" content=\"\u00c9crit par\" \/>\n\t<meta name=\"twitter:data1\" content=\"Chloe Gauthier\" \/>\n\t<meta name=\"twitter:label2\" content=\"Dur\u00e9e de lecture estim\u00e9e\" \/>\n\t<meta name=\"twitter:data2\" content=\"2 minutes\" \/>\n<script type=\"application\/ld+json\" class=\"yoast-schema-graph\">{\"@context\":\"https:\\\/\\\/schema.org\",\"@graph\":[{\"@type\":\"Article\",\"@id\":\"https:\\\/\\\/www.sebastien-auziere.fr\\\/blog\\\/en\\\/the-elegant-and-timeless-shade-favored-by-brigitte-macron-and-zendaya-is-making-its-mark-everywhere-this-season\\\/#article\",\"isPartOf\":{\"@id\":\"https:\\\/\\\/www.sebastien-auziere.fr\\\/blog\\\/en\\\/the-elegant-and-timeless-shade-favored-by-brigitte-macron-and-zendaya-is-making-its-mark-everywhere-this-season\\\/\"},\"author\":{\"name\":\"Chloe Gauthier\",\"@id\":\"https:\\\/\\\/www.sebastien-auziere.fr\\\/blog\\\/#\\\/schema\\\/person\\\/149f1acdbfd85149c6c3e59adeae2f4d\"},\"headline\":\"The elegant and timeless shade favored by Brigitte Macron and Zendaya is making its mark everywhere this season\",\"datePublished\":\"2026-04-08T19:06:33+00:00\",\"dateModified\":\"2026-04-08T19:07:03+00:00\",\"mainEntityOfPage\":{\"@id\":\"https:\\\/\\\/www.sebastien-auziere.fr\\\/blog\\\/en\\\/the-elegant-and-timeless-shade-favored-by-brigitte-macron-and-zendaya-is-making-its-mark-everywhere-this-season\\\/\"},\"wordCount\":425,\"commentCount\":0,\"publisher\":{\"@id\":\"https:\\\/\\\/www.sebastien-auziere.fr\\\/blog\\\/#organization\"},\"image\":{\"@id\":\"https:\\\/\\\/www.sebastien-auziere.fr\\\/blog\\\/en\\\/the-elegant-and-timeless-shade-favored-by-brigitte-macron-and-zendaya-is-making-its-mark-everywhere-this-season\\\/#primaryimage\"},\"thumbnailUrl\":\"https:\\\/\\\/www.sebastien-auziere.fr\\\/blog\\\/wp-content\\\/uploads\\\/2026\\\/04\\\/La-nuance-elegante-et-intemporelle-plebiscitee-par-Brigitte-Macron-et-Zendaya-simpose-partout-cette-saison.jpg\",\"keywords\":[\"brigitte macron\",\"elegant nuance\",\"mode season\",\"timeless\",\"zendaya\"],\"articleSection\":[\"News\"],\"inLanguage\":\"fr-FR\",\"potentialAction\":[{\"@type\":\"CommentAction\",\"name\":\"Comment\",\"target\":[\"https:\\\/\\\/www.sebastien-auziere.fr\\\/blog\\\/en\\\/the-elegant-and-timeless-shade-favored-by-brigitte-macron-and-zendaya-is-making-its-mark-everywhere-this-season\\\/#respond\"]}]},{\"@type\":\"WebPage\",\"@id\":\"https:\\\/\\\/www.sebastien-auziere.fr\\\/blog\\\/en\\\/the-elegant-and-timeless-shade-favored-by-brigitte-macron-and-zendaya-is-making-its-mark-everywhere-this-season\\\/\",\"url\":\"https:\\\/\\\/www.sebastien-auziere.fr\\\/blog\\\/en\\\/the-elegant-and-timeless-shade-favored-by-brigitte-macron-and-zendaya-is-making-its-mark-everywhere-this-season\\\/\",\"name\":\"The elegant and timeless shade favored by Brigitte Macron and Zendaya is making its mark everywhere this season - Fan site S\u00e9bastien Auzi\u00e8re\",\"isPartOf\":{\"@id\":\"https:\\\/\\\/www.sebastien-auziere.fr\\\/blog\\\/#website\"},\"primaryImageOfPage\":{\"@id\":\"https:\\\/\\\/www.sebastien-auziere.fr\\\/blog\\\/en\\\/the-elegant-and-timeless-shade-favored-by-brigitte-macron-and-zendaya-is-making-its-mark-everywhere-this-season\\\/#primaryimage\"},\"image\":{\"@id\":\"https:\\\/\\\/www.sebastien-auziere.fr\\\/blog\\\/en\\\/the-elegant-and-timeless-shade-favored-by-brigitte-macron-and-zendaya-is-making-its-mark-everywhere-this-season\\\/#primaryimage\"},\"thumbnailUrl\":\"https:\\\/\\\/www.sebastien-auziere.fr\\\/blog\\\/wp-content\\\/uploads\\\/2026\\\/04\\\/La-nuance-elegante-et-intemporelle-plebiscitee-par-Brigitte-Macron-et-Zendaya-simpose-partout-cette-saison.jpg\",\"datePublished\":\"2026-04-08T19:06:33+00:00\",\"dateModified\":\"2026-04-08T19:07:03+00:00\",\"description\":\"D\u00e9couvrez la nuance \u00e9l\u00e9gante et intemporelle adopt\u00e9e par Brigitte Macron et Zendaya, la tendance phare de la saison \u00e0 ne pas manquer.\",\"breadcrumb\":{\"@id\":\"https:\\\/\\\/www.sebastien-auziere.fr\\\/blog\\\/en\\\/the-elegant-and-timeless-shade-favored-by-brigitte-macron-and-zendaya-is-making-its-mark-everywhere-this-season\\\/#breadcrumb\"},\"inLanguage\":\"fr-FR\",\"potentialAction\":[{\"@type\":\"ReadAction\",\"target\":[\"https:\\\/\\\/www.sebastien-auziere.fr\\\/blog\\\/en\\\/the-elegant-and-timeless-shade-favored-by-brigitte-macron-and-zendaya-is-making-its-mark-everywhere-this-season\\\/\"]}]},{\"@type\":\"ImageObject\",\"inLanguage\":\"fr-FR\",\"@id\":\"https:\\\/\\\/www.sebastien-auziere.fr\\\/blog\\\/en\\\/the-elegant-and-timeless-shade-favored-by-brigitte-macron-and-zendaya-is-making-its-mark-everywhere-this-season\\\/#primaryimage\",\"url\":\"https:\\\/\\\/www.sebastien-auziere.fr\\\/blog\\\/wp-content\\\/uploads\\\/2026\\\/04\\\/La-nuance-elegante-et-intemporelle-plebiscitee-par-Brigitte-Macron-et-Zendaya-simpose-partout-cette-saison.jpg\",\"contentUrl\":\"https:\\\/\\\/www.sebastien-auziere.fr\\\/blog\\\/wp-content\\\/uploads\\\/2026\\\/04\\\/La-nuance-elegante-et-intemporelle-plebiscitee-par-Brigitte-Macron-et-Zendaya-simpose-partout-cette-saison.jpg\",\"width\":2560,\"height\":1429,\"caption\":\"d\u00e9couvrez la nuance \u00e9l\u00e9gante et intemporelle adopt\u00e9e par brigitte macron et zendaya, une tendance incontournable qui s'impose cette saison dans toutes les garde-robes.\"},{\"@type\":\"BreadcrumbList\",\"@id\":\"https:\\\/\\\/www.sebastien-auziere.fr\\\/blog\\\/en\\\/the-elegant-and-timeless-shade-favored-by-brigitte-macron-and-zendaya-is-making-its-mark-everywhere-this-season\\\/#breadcrumb\",\"itemListElement\":[{\"@type\":\"ListItem\",\"position\":1,\"name\":\"Home\",\"item\":\"https:\\\/\\\/www.sebastien-auziere.fr\\\/blog\\\/\"},{\"@type\":\"ListItem\",\"position\":2,\"name\":\"The elegant and timeless shade favored by Brigitte Macron and Zendaya is making its mark everywhere this season\"}]},{\"@type\":\"WebSite\",\"@id\":\"https:\\\/\\\/www.sebastien-auziere.fr\\\/blog\\\/#website\",\"url\":\"https:\\\/\\\/www.sebastien-auziere.fr\\\/blog\\\/\",\"name\":\"Fan site S\u00e9bastien Auzi\u00e8re\",\"description\":\"M\u00e9dia g\u00e9n\u00e9raliste\",\"publisher\":{\"@id\":\"https:\\\/\\\/www.sebastien-auziere.fr\\\/blog\\\/#organization\"},\"potentialAction\":[{\"@type\":\"SearchAction\",\"target\":{\"@type\":\"EntryPoint\",\"urlTemplate\":\"https:\\\/\\\/www.sebastien-auziere.fr\\\/blog\\\/?s={search_term_string}\"},\"query-input\":{\"@type\":\"PropertyValueSpecification\",\"valueRequired\":true,\"valueName\":\"search_term_string\"}}],\"inLanguage\":\"fr-FR\"},{\"@type\":\"Organization\",\"@id\":\"https:\\\/\\\/www.sebastien-auziere.fr\\\/blog\\\/#organization\",\"name\":\"Fan site S\u00e9bastien Auzi\u00e8re\",\"url\":\"https:\\\/\\\/www.sebastien-auziere.fr\\\/blog\\\/\",\"logo\":{\"@type\":\"ImageObject\",\"inLanguage\":\"fr-FR\",\"@id\":\"https:\\\/\\\/www.sebastien-auziere.fr\\\/blog\\\/#\\\/schema\\\/logo\\\/image\\\/\",\"url\":\"https:\\\/\\\/www.sebastien-auziere.fr\\\/blog\\\/wp-content\\\/uploads\\\/2026\\\/03\\\/cropped-cropped-cropped-ChatGPT-Image-6-mars-2026-12_58_09-e1772798376794.jpg\",\"contentUrl\":\"https:\\\/\\\/www.sebastien-auziere.fr\\\/blog\\\/wp-content\\\/uploads\\\/2026\\\/03\\\/cropped-cropped-cropped-ChatGPT-Image-6-mars-2026-12_58_09-e1772798376794.jpg\",\"width\":512,\"height\":360,\"caption\":\"Fan site S\u00e9bastien Auzi\u00e8re\"},\"image\":{\"@id\":\"https:\\\/\\\/www.sebastien-auziere.fr\\\/blog\\\/#\\\/schema\\\/logo\\\/image\\\/\"}},{\"@type\":\"Person\",\"@id\":\"https:\\\/\\\/www.sebastien-auziere.fr\\\/blog\\\/#\\\/schema\\\/person\\\/149f1acdbfd85149c6c3e59adeae2f4d\",\"name\":\"Chloe Gauthier\",\"image\":{\"@type\":\"ImageObject\",\"inLanguage\":\"fr-FR\",\"@id\":\"https:\\\/\\\/secure.gravatar.com\\\/avatar\\\/2c5722f58171cff738a8985ef0dd66b476e563753246a49019befc837ec4201a?s=96&d=mm&r=g\",\"url\":\"https:\\\/\\\/secure.gravatar.com\\\/avatar\\\/2c5722f58171cff738a8985ef0dd66b476e563753246a49019befc837ec4201a?s=96&d=mm&r=g\",\"contentUrl\":\"https:\\\/\\\/secure.gravatar.com\\\/avatar\\\/2c5722f58171cff738a8985ef0dd66b476e563753246a49019befc837ec4201a?s=96&d=mm&r=g\",\"caption\":\"Chloe Gauthier\"},\"description\":\"Passionn\u00e9e par la politique et admiratrice engag\u00e9e de la famille Macron, je consacre mon \u00e9nergie \u00e0 suivre leurs initiatives et \u00e0 promouvoir leurs id\u00e9es. \u00c0 32 ans, je suis convaincue que leur vision est porteuse d'avenir.\",\"url\":\"https:\\\/\\\/www.sebastien-auziere.fr\\\/blog\\\/author\\\/chloe-gauthier\\\/\"}]}<\/script>\n<!-- \/ Yoast SEO plugin. -->","yoast_head_json":{"title":"The elegant and timeless shade favored by Brigitte Macron and Zendaya is making its mark everywhere this season - Fan site S\u00e9bastien Auzi\u00e8re","description":"D\u00e9couvrez la nuance \u00e9l\u00e9gante et intemporelle adopt\u00e9e par Brigitte Macron et Zendaya, la tendance phare de la saison \u00e0 ne pas manquer.","robots":{"index":"index","follow":"follow","max-snippet":"max-snippet:-1","max-image-preview":"max-image-preview:large","max-video-preview":"max-video-preview:-1"},"canonical":"https:\/\/www.sebastien-auziere.fr\/blog\/en\/the-elegant-and-timeless-shade-favored-by-brigitte-macron-and-zendaya-is-making-its-mark-everywhere-this-season\/","og_locale":"fr_FR","og_type":"article","og_title":"The elegant and timeless shade favored by Brigitte Macron and Zendaya is making its mark everywhere this season - Fan site S\u00e9bastien Auzi\u00e8re","og_description":"D\u00e9couvrez la nuance \u00e9l\u00e9gante et intemporelle adopt\u00e9e par Brigitte Macron et Zendaya, la tendance phare de la saison \u00e0 ne pas manquer.","og_url":"https:\/\/www.sebastien-auziere.fr\/blog\/en\/the-elegant-and-timeless-shade-favored-by-brigitte-macron-and-zendaya-is-making-its-mark-everywhere-this-season\/","og_site_name":"Fan site S\u00e9bastien Auzi\u00e8re","article_published_time":"2026-04-08T19:06:33+00:00","article_modified_time":"2026-04-08T19:07:03+00:00","og_image":[{"width":2560,"height":1429,"url":"https:\/\/www.sebastien-auziere.fr\/blog\/wp-content\/uploads\/2026\/04\/La-nuance-elegante-et-intemporelle-plebiscitee-par-Brigitte-Macron-et-Zendaya-simpose-partout-cette-saison.jpg","type":"image\/jpeg"}],"author":"Chloe Gauthier","twitter_card":"summary_large_image","twitter_misc":{"\u00c9crit par":"Chloe Gauthier","Dur\u00e9e de lecture estim\u00e9e":"2 minutes"},"schema":{"@context":"https:\/\/schema.org","@graph":[{"@type":"Article","@id":"https:\/\/www.sebastien-auziere.fr\/blog\/en\/the-elegant-and-timeless-shade-favored-by-brigitte-macron-and-zendaya-is-making-its-mark-everywhere-this-season\/#article","isPartOf":{"@id":"https:\/\/www.sebastien-auziere.fr\/blog\/en\/the-elegant-and-timeless-shade-favored-by-brigitte-macron-and-zendaya-is-making-its-mark-everywhere-this-season\/"},"author":{"name":"Chloe Gauthier","@id":"https:\/\/www.sebastien-auziere.fr\/blog\/#\/schema\/person\/149f1acdbfd85149c6c3e59adeae2f4d"},"headline":"The elegant and timeless shade favored by Brigitte Macron and Zendaya is making its mark everywhere this season","datePublished":"2026-04-08T19:06:33+00:00","dateModified":"2026-04-08T19:07:03+00:00","mainEntityOfPage":{"@id":"https:\/\/www.sebastien-auziere.fr\/blog\/en\/the-elegant-and-timeless-shade-favored-by-brigitte-macron-and-zendaya-is-making-its-mark-everywhere-this-season\/"},"wordCount":425,"commentCount":0,"publisher":{"@id":"https:\/\/www.sebastien-auziere.fr\/blog\/#organization"},"image":{"@id":"https:\/\/www.sebastien-auziere.fr\/blog\/en\/the-elegant-and-timeless-shade-favored-by-brigitte-macron-and-zendaya-is-making-its-mark-everywhere-this-season\/#primaryimage"},"thumbnailUrl":"https:\/\/www.sebastien-auziere.fr\/blog\/wp-content\/uploads\/2026\/04\/La-nuance-elegante-et-intemporelle-plebiscitee-par-Brigitte-Macron-et-Zendaya-simpose-partout-cette-saison.jpg","keywords":["brigitte macron","elegant nuance","mode season","timeless","zendaya"],"articleSection":["News"],"inLanguage":"fr-FR","potentialAction":[{"@type":"CommentAction","name":"Comment","target":["https:\/\/www.sebastien-auziere.fr\/blog\/en\/the-elegant-and-timeless-shade-favored-by-brigitte-macron-and-zendaya-is-making-its-mark-everywhere-this-season\/#respond"]}]},{"@type":"WebPage","@id":"https:\/\/www.sebastien-auziere.fr\/blog\/en\/the-elegant-and-timeless-shade-favored-by-brigitte-macron-and-zendaya-is-making-its-mark-everywhere-this-season\/","url":"https:\/\/www.sebastien-auziere.fr\/blog\/en\/the-elegant-and-timeless-shade-favored-by-brigitte-macron-and-zendaya-is-making-its-mark-everywhere-this-season\/","name":"The elegant and timeless shade favored by Brigitte Macron and Zendaya is making its mark everywhere this season - Fan site S\u00e9bastien Auzi\u00e8re","isPartOf":{"@id":"https:\/\/www.sebastien-auziere.fr\/blog\/#website"},"primaryImageOfPage":{"@id":"https:\/\/www.sebastien-auziere.fr\/blog\/en\/the-elegant-and-timeless-shade-favored-by-brigitte-macron-and-zendaya-is-making-its-mark-everywhere-this-season\/#primaryimage"},"image":{"@id":"https:\/\/www.sebastien-auziere.fr\/blog\/en\/the-elegant-and-timeless-shade-favored-by-brigitte-macron-and-zendaya-is-making-its-mark-everywhere-this-season\/#primaryimage"},"thumbnailUrl":"https:\/\/www.sebastien-auziere.fr\/blog\/wp-content\/uploads\/2026\/04\/La-nuance-elegante-et-intemporelle-plebiscitee-par-Brigitte-Macron-et-Zendaya-simpose-partout-cette-saison.jpg","datePublished":"2026-04-08T19:06:33+00:00","dateModified":"2026-04-08T19:07:03+00:00","description":"D\u00e9couvrez la nuance \u00e9l\u00e9gante et intemporelle adopt\u00e9e par Brigitte Macron et Zendaya, la tendance phare de la saison \u00e0 ne pas manquer.","breadcrumb":{"@id":"https:\/\/www.sebastien-auziere.fr\/blog\/en\/the-elegant-and-timeless-shade-favored-by-brigitte-macron-and-zendaya-is-making-its-mark-everywhere-this-season\/#breadcrumb"},"inLanguage":"fr-FR","potentialAction":[{"@type":"ReadAction","target":["https:\/\/www.sebastien-auziere.fr\/blog\/en\/the-elegant-and-timeless-shade-favored-by-brigitte-macron-and-zendaya-is-making-its-mark-everywhere-this-season\/"]}]},{"@type":"ImageObject","inLanguage":"fr-FR","@id":"https:\/\/www.sebastien-auziere.fr\/blog\/en\/the-elegant-and-timeless-shade-favored-by-brigitte-macron-and-zendaya-is-making-its-mark-everywhere-this-season\/#primaryimage","url":"https:\/\/www.sebastien-auziere.fr\/blog\/wp-content\/uploads\/2026\/04\/La-nuance-elegante-et-intemporelle-plebiscitee-par-Brigitte-Macron-et-Zendaya-simpose-partout-cette-saison.jpg","contentUrl":"https:\/\/www.sebastien-auziere.fr\/blog\/wp-content\/uploads\/2026\/04\/La-nuance-elegante-et-intemporelle-plebiscitee-par-Brigitte-Macron-et-Zendaya-simpose-partout-cette-saison.jpg","width":2560,"height":1429,"caption":"d\u00e9couvrez la nuance \u00e9l\u00e9gante et intemporelle adopt\u00e9e par brigitte macron et zendaya, une tendance incontournable qui s'impose cette saison dans toutes les garde-robes."},{"@type":"BreadcrumbList","@id":"https:\/\/www.sebastien-auziere.fr\/blog\/en\/the-elegant-and-timeless-shade-favored-by-brigitte-macron-and-zendaya-is-making-its-mark-everywhere-this-season\/#breadcrumb","itemListElement":[{"@type":"ListItem","position":1,"name":"Home","item":"https:\/\/www.sebastien-auziere.fr\/blog\/"},{"@type":"ListItem","position":2,"name":"The elegant and timeless shade favored by Brigitte Macron and Zendaya is making its mark everywhere this season"}]},{"@type":"WebSite","@id":"https:\/\/www.sebastien-auziere.fr\/blog\/#website","url":"https:\/\/www.sebastien-auziere.fr\/blog\/","name":"Fan site S\u00e9bastien Auzi\u00e8re","description":"M\u00e9dia g\u00e9n\u00e9raliste","publisher":{"@id":"https:\/\/www.sebastien-auziere.fr\/blog\/#organization"},"potentialAction":[{"@type":"SearchAction","target":{"@type":"EntryPoint","urlTemplate":"https:\/\/www.sebastien-auziere.fr\/blog\/?s={search_term_string}"},"query-input":{"@type":"PropertyValueSpecification","valueRequired":true,"valueName":"search_term_string"}}],"inLanguage":"fr-FR"},{"@type":"Organization","@id":"https:\/\/www.sebastien-auziere.fr\/blog\/#organization","name":"Fan site S\u00e9bastien Auzi\u00e8re","url":"https:\/\/www.sebastien-auziere.fr\/blog\/","logo":{"@type":"ImageObject","inLanguage":"fr-FR","@id":"https:\/\/www.sebastien-auziere.fr\/blog\/#\/schema\/logo\/image\/","url":"https:\/\/www.sebastien-auziere.fr\/blog\/wp-content\/uploads\/2026\/03\/cropped-cropped-cropped-ChatGPT-Image-6-mars-2026-12_58_09-e1772798376794.jpg","contentUrl":"https:\/\/www.sebastien-auziere.fr\/blog\/wp-content\/uploads\/2026\/03\/cropped-cropped-cropped-ChatGPT-Image-6-mars-2026-12_58_09-e1772798376794.jpg","width":512,"height":360,"caption":"Fan site S\u00e9bastien Auzi\u00e8re"},"image":{"@id":"https:\/\/www.sebastien-auziere.fr\/blog\/#\/schema\/logo\/image\/"}},{"@type":"Person","@id":"https:\/\/www.sebastien-auziere.fr\/blog\/#\/schema\/person\/149f1acdbfd85149c6c3e59adeae2f4d","name":"Chloe Gauthier","image":{"@type":"ImageObject","inLanguage":"fr-FR","@id":"https:\/\/secure.gravatar.com\/avatar\/2c5722f58171cff738a8985ef0dd66b476e563753246a49019befc837ec4201a?s=96&d=mm&r=g","url":"https:\/\/secure.gravatar.com\/avatar\/2c5722f58171cff738a8985ef0dd66b476e563753246a49019befc837ec4201a?s=96&d=mm&r=g","contentUrl":"https:\/\/secure.gravatar.com\/avatar\/2c5722f58171cff738a8985ef0dd66b476e563753246a49019befc837ec4201a?s=96&d=mm&r=g","caption":"Chloe Gauthier"},"description":"Passionn\u00e9e par la politique et admiratrice engag\u00e9e de la famille Macron, je consacre mon \u00e9nergie \u00e0 suivre leurs initiatives et \u00e0 promouvoir leurs id\u00e9es. \u00c0 32 ans, je suis convaincue que leur vision est porteuse d'avenir.","url":"https:\/\/www.sebastien-auziere.fr\/blog\/author\/chloe-gauthier\/"}]}},"views":5,"_links":{"self":[{"href":"https:\/\/www.sebastien-auziere.fr\/blog\/wp-json\/wp\/v2\/posts\/2866","targetHints":{"allow":["GET"]}}],"collection":[{"href":"https:\/\/www.sebastien-auziere.fr\/blog\/wp-json\/wp\/v2\/posts"}],"about":[{"href":"https:\/\/www.sebastien-auziere.fr\/blog\/wp-json\/wp\/v2\/types\/post"}],"author":[{"embeddable":true,"href":"https:\/\/www.sebastien-auziere.fr\/blog\/wp-json\/wp\/v2\/users\/9"}],"replies":[{"embeddable":true,"href":"https:\/\/www.sebastien-auziere.fr\/blog\/wp-json\/wp\/v2\/comments?post=2866"}],"version-history":[{"count":1,"href":"https:\/\/www.sebastien-auziere.fr\/blog\/wp-json\/wp\/v2\/posts\/2866\/revisions"}],"predecessor-version":[{"id":2867,"href":"https:\/\/www.sebastien-auziere.fr\/blog\/wp-json\/wp\/v2\/posts\/2866\/revisions\/2867"}],"wp:featuredmedia":[{"embeddable":true,"href":"https:\/\/www.sebastien-auziere.fr\/blog\/wp-json\/wp\/v2\/media\/2864"}],"wp:attachment":[{"href":"https:\/\/www.sebastien-auziere.fr\/blog\/wp-json\/wp\/v2\/media?parent=2866"}],"wp:term":[{"taxonomy":"category","embeddable":true,"href":"https:\/\/www.sebastien-auziere.fr\/blog\/wp-json\/wp\/v2\/categories?post=2866"},{"taxonomy":"post_tag","embeddable":true,"href":"https:\/\/www.sebastien-auziere.fr\/blog\/wp-json\/wp\/v2\/tags?post=2866"}],"curies":[{"name":"wp","href":"https:\/\/api.w.org\/{rel}","templated":true}]}}