{"id":2865,"date":"2026-04-08T19:06:32","date_gmt":"2026-04-08T19:06:32","guid":{"rendered":"https:\/\/www.sebastien-auziere.fr\/blog\/nuance-elegante-zendaya\/"},"modified":"2026-04-08T19:06:32","modified_gmt":"2026-04-08T19:06:32","slug":"nuance-elegante-zendaya","status":"publish","type":"post","link":"https:\/\/www.sebastien-auziere.fr\/blog\/nuance-elegante-zendaya\/","title":{"rendered":"La nuance \u00e9l\u00e9gante et intemporelle pl\u00e9biscit\u00e9e par Brigitte Macron et Zendaya s&rsquo;impose partout cette saison"},"content":{"rendered":"<p>Tu ne peux pas manquer cette <strong>nuance \u00e9l\u00e9gante<\/strong> qui domine les podiums et les c\u00e9r\u00e9monies : <strong>Brigitte Macron<\/strong> et <strong>Zendaya<\/strong> ont remis le blanc au centre de la <strong>tendance saisonni\u00e8re<\/strong>. D\u00e8s les tapis rouges jusqu\u2019aux visites officielles, cette teinte prouve son pouvoir de transformation pour un <strong>style sophistiqu\u00e9<\/strong> et lumineux.<\/p>\n\n<p><strong>En bref<\/strong> : le blanc s\u2019affirme comme la couleur du printemps, adopt\u00e9e en robes midi, manteaux longs et tailleurs oversize, et valid\u00e9e par la presse mode pour son rendu <strong>intemporel<\/strong> et son aura de <strong>raffinement<\/strong>.<\/p>\n\n<h2 class=\"wp-block-heading\">Le blanc, une nuance \u00e9l\u00e9gante et intemporelle adopt\u00e9e par les ic\u00f4nes<\/h2>\n\n<p>Sur les sc\u00e8nes officielles et culturelles, le blanc confirme sa place. Lors d\u2019une visite au Palais imp\u00e9rial de Tokyo, <strong>Brigitte Macron<\/strong> a \u00e9t\u00e9 remarqu\u00e9e dans une robe midi blanche \u00e0 la coupe droite, salu\u00e9e par les photographes pour son <strong>\u00e9l\u00e9gance<\/strong>. \u00c0 Paris, <strong>Zendaya<\/strong> a choisi une longue robe blanche dos nu sign\u00e9e Louis Vuitton, illustrant comment cette <strong>nuance \u00e9l\u00e9gante<\/strong> se d\u00e9cline du protocole au glamour. Un \u00e9quilibre entre tradition et modernit\u00e9.<\/p>\n\n<h3 class=\"wp-block-heading\">Pourquoi la mode valide ce choix cette saison<\/h3>\n\n<p>Les r\u00e9dactions mode soulignent la polyvalence du blanc : c\u00e9r\u00e9monies, tapis rouges et street style. Des publications sp\u00e9cialis\u00e9es ont publi\u00e9 \u00e9ditoriaux montrant Charl\u00e8ne de Monaco, C\u00e9line Dion ou Laeticia Hallyday adoptant la teinte, preuve que le blanc traverse les registres. Pour lire une analyse du look de la Premi\u00e8re dame, consulte la revue d\u00e9di\u00e9e \u00e0 sa robe ceintur\u00e9e via un article de presse. Le verdict : modernit\u00e9 et <strong>chic<\/strong>.<\/p>\n\n<h2 class=\"wp-block-heading\">Comment adopter la nuance \u00e9l\u00e9gante au quotidien<\/h2>\n\n<p>Tu peux int\u00e9grer le blanc sans exc\u00e8s : une chemise immacul\u00e9e structur\u00e9e, un blazer cr\u00e8me ou un jean assorti cr\u00e9ent des combinaisons faciles. Les influenceurs montrent le duo blanc\/denim pour un rendu casual chic, tandis que les accessoires apportent profondeur et contraste. Le secret est la coupe : privil\u00e9gier des pi\u00e8ces bien coup\u00e9es pour un effet <strong>intemporel<\/strong> et raffin\u00e9.<\/p>\n\n<h3 class=\"wp-block-heading\">Le blanc, vecteur d\u2019un message et d\u2019un style sophistiqu\u00e9<\/h3>\n\n<p>Au-del\u00e0 de l\u2019esth\u00e9tique, le blanc v\u00e9hicule puret\u00e9, renouveau et neutralit\u00e9 stylis\u00e9e. Pour des personnalit\u00e9s publiques comme <strong>Brigitte Macron<\/strong>, il incarne un <strong>style sophistiqu\u00e9<\/strong> respectueux du protocole ; pour des artistes comme <strong>Zendaya<\/strong>, il devient une toile pour l\u2019audace couture. La le\u00e7on : le blanc parle autant que la coupe, en offrant une <strong>\u00e9l\u00e9gance<\/strong> imm\u00e9diatement lisible.<\/p>\n\n<p>Pour approfondir l\u2019analyse des looks et des apparitions, d\u00e9couvre des articles de mode consacr\u00e9s \u00e0 ces choix, notamment une revue compl\u00e8te sur l\u2019\u00e9l\u00e9gance valid\u00e9e cette saison par la presse <a href=\"https:\/\/www.gala.fr\/mode\/les_stars_et_la_mode\/elegante-et-intemporelle-cette-nuance-validee-par-brigitte-macron-et-zendaya-sera-partout-ce-printemps-20260407\" rel=\"nofollow\">publi\u00e9e dans Gala<\/a> et un portrait d\u00e9taill\u00e9 sur le porter de la robe ceintur\u00e9e consultable sur <a href=\"https:\/\/www.mariefrance.fr\/mode\/backstage-mode\/people\/brigitte-macron-radieuse-en-robe-ceinturee-qui-marque-sa-taille-de-guepe-elle-adopte-une-couleur-resolument-chic-1210869.html\" rel=\"nofollow\">Marie France<\/a>. Pour en savoir davantage sur S\u00e9bastien Auzi\u00e8re et la famille Macron, rends-toi sur <a href=\"https:\/\/sebastien-auziere.fr\" rel=\"nofollow\">sebastien-auziere.fr<\/a> et explore les liens familiaux et les apparitions publiques.<\/p>\n\n","protected":false},"excerpt":{"rendered":"<p>Tu ne peux pas manquer cette nuance \u00e9l\u00e9gante qui domine les podiums et les c\u00e9r\u00e9monies : Brigitte Macron et Zendaya ont remis le blanc au centre de la tendance saisonni\u00e8re. D\u00e8s les tapis rouges jusqu\u2019aux visites officielles, cette teinte prouve son pouvoir de transformation pour un style sophistiqu\u00e9 et lumineux. En bref : le blanc &#8230; <a title=\"La nuance \u00e9l\u00e9gante et intemporelle pl\u00e9biscit\u00e9e par Brigitte Macron et Zendaya s&rsquo;impose partout cette saison\" class=\"read-more\" href=\"https:\/\/www.sebastien-auziere.fr\/blog\/nuance-elegante-zendaya\/\" aria-label=\"En savoir plus sur La nuance \u00e9l\u00e9gante et intemporelle pl\u00e9biscit\u00e9e par Brigitte Macron et Zendaya s&rsquo;impose partout cette saison\">Lire plus<\/a><\/p>\n","protected":false},"author":9,"featured_media":2864,"comment_status":"open","ping_status":"open","sticky":false,"template":"","format":"standard","meta":{"footnotes":""},"categories":[597],"tags":[892,2237,2241,2235,2239],"class_list":["post-2865","post","type-post","status-publish","format-standard","has-post-thumbnail","hentry","category-actualites","tag-brigitte-macron","tag-intemporel","tag-mode-saison","tag-nuance-elegante","tag-zendaya"],"yoast_head":"<!-- This site is optimized with the Yoast SEO plugin v27.5 - https:\/\/yoast.com\/product\/yoast-seo-wordpress\/ -->\n<title>La nuance \u00e9l\u00e9gante et intemporelle pl\u00e9biscit\u00e9e par Brigitte Macron et Zendaya s&#039;impose partout cette saison - Fan site S\u00e9bastien Auzi\u00e8re<\/title>\n<meta name=\"description\" content=\"D\u00e9couvrez la nuance \u00e9l\u00e9gante et intemporelle adopt\u00e9e par Brigitte Macron et Zendaya, la tendance phare de la saison \u00e0 ne pas manquer.\" \/>\n<meta name=\"robots\" content=\"index, follow, max-snippet:-1, max-image-preview:large, max-video-preview:-1\" \/>\n<link rel=\"canonical\" href=\"https:\/\/www.sebastien-auziere.fr\/blog\/nuance-elegante-zendaya\/\" \/>\n<meta property=\"og:locale\" content=\"fr_FR\" \/>\n<meta property=\"og:type\" content=\"article\" \/>\n<meta property=\"og:title\" content=\"La nuance \u00e9l\u00e9gante et intemporelle pl\u00e9biscit\u00e9e par Brigitte Macron et Zendaya s&#039;impose partout cette saison - Fan site S\u00e9bastien Auzi\u00e8re\" \/>\n<meta property=\"og:description\" content=\"D\u00e9couvrez la nuance \u00e9l\u00e9gante et intemporelle adopt\u00e9e par Brigitte Macron et Zendaya, la tendance phare de la saison \u00e0 ne pas manquer.\" \/>\n<meta property=\"og:url\" content=\"https:\/\/www.sebastien-auziere.fr\/blog\/nuance-elegante-zendaya\/\" \/>\n<meta property=\"og:site_name\" content=\"Fan site S\u00e9bastien Auzi\u00e8re\" \/>\n<meta property=\"article:published_time\" content=\"2026-04-08T19:06:32+00:00\" \/>\n<meta property=\"og:image\" content=\"https:\/\/www.sebastien-auziere.fr\/blog\/wp-content\/uploads\/2026\/04\/La-nuance-elegante-et-intemporelle-plebiscitee-par-Brigitte-Macron-et-Zendaya-simpose-partout-cette-saison.jpg\" \/>\n\t<meta property=\"og:image:width\" content=\"2560\" \/>\n\t<meta property=\"og:image:height\" content=\"1429\" \/>\n\t<meta property=\"og:image:type\" content=\"image\/jpeg\" \/>\n<meta name=\"author\" content=\"Chloe Gauthier\" \/>\n<meta name=\"twitter:card\" content=\"summary_large_image\" \/>\n<meta name=\"twitter:label1\" content=\"\u00c9crit par\" \/>\n\t<meta name=\"twitter:data1\" content=\"Chloe Gauthier\" \/>\n\t<meta name=\"twitter:label2\" content=\"Dur\u00e9e de lecture estim\u00e9e\" \/>\n\t<meta name=\"twitter:data2\" content=\"2 minutes\" \/>\n<script type=\"application\/ld+json\" class=\"yoast-schema-graph\">{\"@context\":\"https:\\\/\\\/schema.org\",\"@graph\":[{\"@type\":\"Article\",\"@id\":\"https:\\\/\\\/www.sebastien-auziere.fr\\\/blog\\\/nuance-elegante-zendaya\\\/#article\",\"isPartOf\":{\"@id\":\"https:\\\/\\\/www.sebastien-auziere.fr\\\/blog\\\/nuance-elegante-zendaya\\\/\"},\"author\":{\"name\":\"Chloe Gauthier\",\"@id\":\"https:\\\/\\\/www.sebastien-auziere.fr\\\/blog\\\/#\\\/schema\\\/person\\\/149f1acdbfd85149c6c3e59adeae2f4d\"},\"headline\":\"La nuance \u00e9l\u00e9gante et intemporelle pl\u00e9biscit\u00e9e par Brigitte Macron et Zendaya s&rsquo;impose partout cette saison\",\"datePublished\":\"2026-04-08T19:06:32+00:00\",\"mainEntityOfPage\":{\"@id\":\"https:\\\/\\\/www.sebastien-auziere.fr\\\/blog\\\/nuance-elegante-zendaya\\\/\"},\"wordCount\":517,\"commentCount\":0,\"publisher\":{\"@id\":\"https:\\\/\\\/www.sebastien-auziere.fr\\\/blog\\\/#organization\"},\"image\":{\"@id\":\"https:\\\/\\\/www.sebastien-auziere.fr\\\/blog\\\/nuance-elegante-zendaya\\\/#primaryimage\"},\"thumbnailUrl\":\"https:\\\/\\\/www.sebastien-auziere.fr\\\/blog\\\/wp-content\\\/uploads\\\/2026\\\/04\\\/La-nuance-elegante-et-intemporelle-plebiscitee-par-Brigitte-Macron-et-Zendaya-simpose-partout-cette-saison.jpg\",\"keywords\":[\"brigitte macron\",\"intemporel\",\"mode saison\",\"nuance \u00e9l\u00e9gante\",\"zendaya\"],\"articleSection\":[\"Actualit\u00e9s\"],\"inLanguage\":\"fr-FR\",\"potentialAction\":[{\"@type\":\"CommentAction\",\"name\":\"Comment\",\"target\":[\"https:\\\/\\\/www.sebastien-auziere.fr\\\/blog\\\/nuance-elegante-zendaya\\\/#respond\"]}]},{\"@type\":\"WebPage\",\"@id\":\"https:\\\/\\\/www.sebastien-auziere.fr\\\/blog\\\/nuance-elegante-zendaya\\\/\",\"url\":\"https:\\\/\\\/www.sebastien-auziere.fr\\\/blog\\\/nuance-elegante-zendaya\\\/\",\"name\":\"La nuance \u00e9l\u00e9gante et intemporelle pl\u00e9biscit\u00e9e par Brigitte Macron et Zendaya s'impose partout cette saison - Fan site S\u00e9bastien Auzi\u00e8re\",\"isPartOf\":{\"@id\":\"https:\\\/\\\/www.sebastien-auziere.fr\\\/blog\\\/#website\"},\"primaryImageOfPage\":{\"@id\":\"https:\\\/\\\/www.sebastien-auziere.fr\\\/blog\\\/nuance-elegante-zendaya\\\/#primaryimage\"},\"image\":{\"@id\":\"https:\\\/\\\/www.sebastien-auziere.fr\\\/blog\\\/nuance-elegante-zendaya\\\/#primaryimage\"},\"thumbnailUrl\":\"https:\\\/\\\/www.sebastien-auziere.fr\\\/blog\\\/wp-content\\\/uploads\\\/2026\\\/04\\\/La-nuance-elegante-et-intemporelle-plebiscitee-par-Brigitte-Macron-et-Zendaya-simpose-partout-cette-saison.jpg\",\"datePublished\":\"2026-04-08T19:06:32+00:00\",\"description\":\"D\u00e9couvrez la nuance \u00e9l\u00e9gante et intemporelle adopt\u00e9e par Brigitte Macron et Zendaya, la tendance phare de la saison \u00e0 ne pas manquer.\",\"breadcrumb\":{\"@id\":\"https:\\\/\\\/www.sebastien-auziere.fr\\\/blog\\\/nuance-elegante-zendaya\\\/#breadcrumb\"},\"inLanguage\":\"fr-FR\",\"potentialAction\":[{\"@type\":\"ReadAction\",\"target\":[\"https:\\\/\\\/www.sebastien-auziere.fr\\\/blog\\\/nuance-elegante-zendaya\\\/\"]}]},{\"@type\":\"ImageObject\",\"inLanguage\":\"fr-FR\",\"@id\":\"https:\\\/\\\/www.sebastien-auziere.fr\\\/blog\\\/nuance-elegante-zendaya\\\/#primaryimage\",\"url\":\"https:\\\/\\\/www.sebastien-auziere.fr\\\/blog\\\/wp-content\\\/uploads\\\/2026\\\/04\\\/La-nuance-elegante-et-intemporelle-plebiscitee-par-Brigitte-Macron-et-Zendaya-simpose-partout-cette-saison.jpg\",\"contentUrl\":\"https:\\\/\\\/www.sebastien-auziere.fr\\\/blog\\\/wp-content\\\/uploads\\\/2026\\\/04\\\/La-nuance-elegante-et-intemporelle-plebiscitee-par-Brigitte-Macron-et-Zendaya-simpose-partout-cette-saison.jpg\",\"width\":2560,\"height\":1429,\"caption\":\"d\u00e9couvrez la nuance \u00e9l\u00e9gante et intemporelle adopt\u00e9e par brigitte macron et zendaya, une tendance incontournable qui s'impose cette saison dans toutes les garde-robes.\"},{\"@type\":\"BreadcrumbList\",\"@id\":\"https:\\\/\\\/www.sebastien-auziere.fr\\\/blog\\\/nuance-elegante-zendaya\\\/#breadcrumb\",\"itemListElement\":[{\"@type\":\"ListItem\",\"position\":1,\"name\":\"Home\",\"item\":\"https:\\\/\\\/www.sebastien-auziere.fr\\\/blog\\\/\"},{\"@type\":\"ListItem\",\"position\":2,\"name\":\"La nuance \u00e9l\u00e9gante et intemporelle pl\u00e9biscit\u00e9e par Brigitte Macron et Zendaya s&rsquo;impose partout cette saison\"}]},{\"@type\":\"WebSite\",\"@id\":\"https:\\\/\\\/www.sebastien-auziere.fr\\\/blog\\\/#website\",\"url\":\"https:\\\/\\\/www.sebastien-auziere.fr\\\/blog\\\/\",\"name\":\"Fan site S\u00e9bastien Auzi\u00e8re\",\"description\":\"M\u00e9dia g\u00e9n\u00e9raliste\",\"publisher\":{\"@id\":\"https:\\\/\\\/www.sebastien-auziere.fr\\\/blog\\\/#organization\"},\"potentialAction\":[{\"@type\":\"SearchAction\",\"target\":{\"@type\":\"EntryPoint\",\"urlTemplate\":\"https:\\\/\\\/www.sebastien-auziere.fr\\\/blog\\\/?s={search_term_string}\"},\"query-input\":{\"@type\":\"PropertyValueSpecification\",\"valueRequired\":true,\"valueName\":\"search_term_string\"}}],\"inLanguage\":\"fr-FR\"},{\"@type\":\"Organization\",\"@id\":\"https:\\\/\\\/www.sebastien-auziere.fr\\\/blog\\\/#organization\",\"name\":\"Fan site S\u00e9bastien Auzi\u00e8re\",\"url\":\"https:\\\/\\\/www.sebastien-auziere.fr\\\/blog\\\/\",\"logo\":{\"@type\":\"ImageObject\",\"inLanguage\":\"fr-FR\",\"@id\":\"https:\\\/\\\/www.sebastien-auziere.fr\\\/blog\\\/#\\\/schema\\\/logo\\\/image\\\/\",\"url\":\"https:\\\/\\\/www.sebastien-auziere.fr\\\/blog\\\/wp-content\\\/uploads\\\/2026\\\/03\\\/cropped-cropped-cropped-ChatGPT-Image-6-mars-2026-12_58_09-e1772798376794.jpg\",\"contentUrl\":\"https:\\\/\\\/www.sebastien-auziere.fr\\\/blog\\\/wp-content\\\/uploads\\\/2026\\\/03\\\/cropped-cropped-cropped-ChatGPT-Image-6-mars-2026-12_58_09-e1772798376794.jpg\",\"width\":512,\"height\":360,\"caption\":\"Fan site S\u00e9bastien Auzi\u00e8re\"},\"image\":{\"@id\":\"https:\\\/\\\/www.sebastien-auziere.fr\\\/blog\\\/#\\\/schema\\\/logo\\\/image\\\/\"}},{\"@type\":\"Person\",\"@id\":\"https:\\\/\\\/www.sebastien-auziere.fr\\\/blog\\\/#\\\/schema\\\/person\\\/149f1acdbfd85149c6c3e59adeae2f4d\",\"name\":\"Chloe Gauthier\",\"image\":{\"@type\":\"ImageObject\",\"inLanguage\":\"fr-FR\",\"@id\":\"https:\\\/\\\/secure.gravatar.com\\\/avatar\\\/2c5722f58171cff738a8985ef0dd66b476e563753246a49019befc837ec4201a?s=96&d=mm&r=g\",\"url\":\"https:\\\/\\\/secure.gravatar.com\\\/avatar\\\/2c5722f58171cff738a8985ef0dd66b476e563753246a49019befc837ec4201a?s=96&d=mm&r=g\",\"contentUrl\":\"https:\\\/\\\/secure.gravatar.com\\\/avatar\\\/2c5722f58171cff738a8985ef0dd66b476e563753246a49019befc837ec4201a?s=96&d=mm&r=g\",\"caption\":\"Chloe Gauthier\"},\"description\":\"Passionn\u00e9e par la politique et admiratrice engag\u00e9e de la famille Macron, je consacre mon \u00e9nergie \u00e0 suivre leurs initiatives et \u00e0 promouvoir leurs id\u00e9es. \u00c0 32 ans, je suis convaincue que leur vision est porteuse d'avenir.\",\"url\":\"https:\\\/\\\/www.sebastien-auziere.fr\\\/blog\\\/author\\\/chloe-gauthier\\\/\"}]}<\/script>\n<!-- \/ Yoast SEO plugin. -->","yoast_head_json":{"title":"La nuance \u00e9l\u00e9gante et intemporelle pl\u00e9biscit\u00e9e par Brigitte Macron et Zendaya s'impose partout cette saison - Fan site S\u00e9bastien Auzi\u00e8re","description":"D\u00e9couvrez la nuance \u00e9l\u00e9gante et intemporelle adopt\u00e9e par Brigitte Macron et Zendaya, la tendance phare de la saison \u00e0 ne pas manquer.","robots":{"index":"index","follow":"follow","max-snippet":"max-snippet:-1","max-image-preview":"max-image-preview:large","max-video-preview":"max-video-preview:-1"},"canonical":"https:\/\/www.sebastien-auziere.fr\/blog\/nuance-elegante-zendaya\/","og_locale":"fr_FR","og_type":"article","og_title":"La nuance \u00e9l\u00e9gante et intemporelle pl\u00e9biscit\u00e9e par Brigitte Macron et Zendaya s'impose partout cette saison - Fan site S\u00e9bastien Auzi\u00e8re","og_description":"D\u00e9couvrez la nuance \u00e9l\u00e9gante et intemporelle adopt\u00e9e par Brigitte Macron et Zendaya, la tendance phare de la saison \u00e0 ne pas manquer.","og_url":"https:\/\/www.sebastien-auziere.fr\/blog\/nuance-elegante-zendaya\/","og_site_name":"Fan site S\u00e9bastien Auzi\u00e8re","article_published_time":"2026-04-08T19:06:32+00:00","og_image":[{"width":2560,"height":1429,"url":"https:\/\/www.sebastien-auziere.fr\/blog\/wp-content\/uploads\/2026\/04\/La-nuance-elegante-et-intemporelle-plebiscitee-par-Brigitte-Macron-et-Zendaya-simpose-partout-cette-saison.jpg","type":"image\/jpeg"}],"author":"Chloe Gauthier","twitter_card":"summary_large_image","twitter_misc":{"\u00c9crit par":"Chloe Gauthier","Dur\u00e9e de lecture estim\u00e9e":"2 minutes"},"schema":{"@context":"https:\/\/schema.org","@graph":[{"@type":"Article","@id":"https:\/\/www.sebastien-auziere.fr\/blog\/nuance-elegante-zendaya\/#article","isPartOf":{"@id":"https:\/\/www.sebastien-auziere.fr\/blog\/nuance-elegante-zendaya\/"},"author":{"name":"Chloe Gauthier","@id":"https:\/\/www.sebastien-auziere.fr\/blog\/#\/schema\/person\/149f1acdbfd85149c6c3e59adeae2f4d"},"headline":"La nuance \u00e9l\u00e9gante et intemporelle pl\u00e9biscit\u00e9e par Brigitte Macron et Zendaya s&rsquo;impose partout cette saison","datePublished":"2026-04-08T19:06:32+00:00","mainEntityOfPage":{"@id":"https:\/\/www.sebastien-auziere.fr\/blog\/nuance-elegante-zendaya\/"},"wordCount":517,"commentCount":0,"publisher":{"@id":"https:\/\/www.sebastien-auziere.fr\/blog\/#organization"},"image":{"@id":"https:\/\/www.sebastien-auziere.fr\/blog\/nuance-elegante-zendaya\/#primaryimage"},"thumbnailUrl":"https:\/\/www.sebastien-auziere.fr\/blog\/wp-content\/uploads\/2026\/04\/La-nuance-elegante-et-intemporelle-plebiscitee-par-Brigitte-Macron-et-Zendaya-simpose-partout-cette-saison.jpg","keywords":["brigitte macron","intemporel","mode saison","nuance \u00e9l\u00e9gante","zendaya"],"articleSection":["Actualit\u00e9s"],"inLanguage":"fr-FR","potentialAction":[{"@type":"CommentAction","name":"Comment","target":["https:\/\/www.sebastien-auziere.fr\/blog\/nuance-elegante-zendaya\/#respond"]}]},{"@type":"WebPage","@id":"https:\/\/www.sebastien-auziere.fr\/blog\/nuance-elegante-zendaya\/","url":"https:\/\/www.sebastien-auziere.fr\/blog\/nuance-elegante-zendaya\/","name":"La nuance \u00e9l\u00e9gante et intemporelle pl\u00e9biscit\u00e9e par Brigitte Macron et Zendaya s'impose partout cette saison - Fan site S\u00e9bastien Auzi\u00e8re","isPartOf":{"@id":"https:\/\/www.sebastien-auziere.fr\/blog\/#website"},"primaryImageOfPage":{"@id":"https:\/\/www.sebastien-auziere.fr\/blog\/nuance-elegante-zendaya\/#primaryimage"},"image":{"@id":"https:\/\/www.sebastien-auziere.fr\/blog\/nuance-elegante-zendaya\/#primaryimage"},"thumbnailUrl":"https:\/\/www.sebastien-auziere.fr\/blog\/wp-content\/uploads\/2026\/04\/La-nuance-elegante-et-intemporelle-plebiscitee-par-Brigitte-Macron-et-Zendaya-simpose-partout-cette-saison.jpg","datePublished":"2026-04-08T19:06:32+00:00","description":"D\u00e9couvrez la nuance \u00e9l\u00e9gante et intemporelle adopt\u00e9e par Brigitte Macron et Zendaya, la tendance phare de la saison \u00e0 ne pas manquer.","breadcrumb":{"@id":"https:\/\/www.sebastien-auziere.fr\/blog\/nuance-elegante-zendaya\/#breadcrumb"},"inLanguage":"fr-FR","potentialAction":[{"@type":"ReadAction","target":["https:\/\/www.sebastien-auziere.fr\/blog\/nuance-elegante-zendaya\/"]}]},{"@type":"ImageObject","inLanguage":"fr-FR","@id":"https:\/\/www.sebastien-auziere.fr\/blog\/nuance-elegante-zendaya\/#primaryimage","url":"https:\/\/www.sebastien-auziere.fr\/blog\/wp-content\/uploads\/2026\/04\/La-nuance-elegante-et-intemporelle-plebiscitee-par-Brigitte-Macron-et-Zendaya-simpose-partout-cette-saison.jpg","contentUrl":"https:\/\/www.sebastien-auziere.fr\/blog\/wp-content\/uploads\/2026\/04\/La-nuance-elegante-et-intemporelle-plebiscitee-par-Brigitte-Macron-et-Zendaya-simpose-partout-cette-saison.jpg","width":2560,"height":1429,"caption":"d\u00e9couvrez la nuance \u00e9l\u00e9gante et intemporelle adopt\u00e9e par brigitte macron et zendaya, une tendance incontournable qui s'impose cette saison dans toutes les garde-robes."},{"@type":"BreadcrumbList","@id":"https:\/\/www.sebastien-auziere.fr\/blog\/nuance-elegante-zendaya\/#breadcrumb","itemListElement":[{"@type":"ListItem","position":1,"name":"Home","item":"https:\/\/www.sebastien-auziere.fr\/blog\/"},{"@type":"ListItem","position":2,"name":"La nuance \u00e9l\u00e9gante et intemporelle pl\u00e9biscit\u00e9e par Brigitte Macron et Zendaya s&rsquo;impose partout cette saison"}]},{"@type":"WebSite","@id":"https:\/\/www.sebastien-auziere.fr\/blog\/#website","url":"https:\/\/www.sebastien-auziere.fr\/blog\/","name":"Fan site S\u00e9bastien Auzi\u00e8re","description":"M\u00e9dia g\u00e9n\u00e9raliste","publisher":{"@id":"https:\/\/www.sebastien-auziere.fr\/blog\/#organization"},"potentialAction":[{"@type":"SearchAction","target":{"@type":"EntryPoint","urlTemplate":"https:\/\/www.sebastien-auziere.fr\/blog\/?s={search_term_string}"},"query-input":{"@type":"PropertyValueSpecification","valueRequired":true,"valueName":"search_term_string"}}],"inLanguage":"fr-FR"},{"@type":"Organization","@id":"https:\/\/www.sebastien-auziere.fr\/blog\/#organization","name":"Fan site S\u00e9bastien Auzi\u00e8re","url":"https:\/\/www.sebastien-auziere.fr\/blog\/","logo":{"@type":"ImageObject","inLanguage":"fr-FR","@id":"https:\/\/www.sebastien-auziere.fr\/blog\/#\/schema\/logo\/image\/","url":"https:\/\/www.sebastien-auziere.fr\/blog\/wp-content\/uploads\/2026\/03\/cropped-cropped-cropped-ChatGPT-Image-6-mars-2026-12_58_09-e1772798376794.jpg","contentUrl":"https:\/\/www.sebastien-auziere.fr\/blog\/wp-content\/uploads\/2026\/03\/cropped-cropped-cropped-ChatGPT-Image-6-mars-2026-12_58_09-e1772798376794.jpg","width":512,"height":360,"caption":"Fan site S\u00e9bastien Auzi\u00e8re"},"image":{"@id":"https:\/\/www.sebastien-auziere.fr\/blog\/#\/schema\/logo\/image\/"}},{"@type":"Person","@id":"https:\/\/www.sebastien-auziere.fr\/blog\/#\/schema\/person\/149f1acdbfd85149c6c3e59adeae2f4d","name":"Chloe Gauthier","image":{"@type":"ImageObject","inLanguage":"fr-FR","@id":"https:\/\/secure.gravatar.com\/avatar\/2c5722f58171cff738a8985ef0dd66b476e563753246a49019befc837ec4201a?s=96&d=mm&r=g","url":"https:\/\/secure.gravatar.com\/avatar\/2c5722f58171cff738a8985ef0dd66b476e563753246a49019befc837ec4201a?s=96&d=mm&r=g","contentUrl":"https:\/\/secure.gravatar.com\/avatar\/2c5722f58171cff738a8985ef0dd66b476e563753246a49019befc837ec4201a?s=96&d=mm&r=g","caption":"Chloe Gauthier"},"description":"Passionn\u00e9e par la politique et admiratrice engag\u00e9e de la famille Macron, je consacre mon \u00e9nergie \u00e0 suivre leurs initiatives et \u00e0 promouvoir leurs id\u00e9es. \u00c0 32 ans, je suis convaincue que leur vision est porteuse d'avenir.","url":"https:\/\/www.sebastien-auziere.fr\/blog\/author\/chloe-gauthier\/"}]}},"views":17,"_links":{"self":[{"href":"https:\/\/www.sebastien-auziere.fr\/blog\/wp-json\/wp\/v2\/posts\/2865","targetHints":{"allow":["GET"]}}],"collection":[{"href":"https:\/\/www.sebastien-auziere.fr\/blog\/wp-json\/wp\/v2\/posts"}],"about":[{"href":"https:\/\/www.sebastien-auziere.fr\/blog\/wp-json\/wp\/v2\/types\/post"}],"author":[{"embeddable":true,"href":"https:\/\/www.sebastien-auziere.fr\/blog\/wp-json\/wp\/v2\/users\/9"}],"replies":[{"embeddable":true,"href":"https:\/\/www.sebastien-auziere.fr\/blog\/wp-json\/wp\/v2\/comments?post=2865"}],"version-history":[{"count":0,"href":"https:\/\/www.sebastien-auziere.fr\/blog\/wp-json\/wp\/v2\/posts\/2865\/revisions"}],"wp:featuredmedia":[{"embeddable":true,"href":"https:\/\/www.sebastien-auziere.fr\/blog\/wp-json\/wp\/v2\/media\/2864"}],"wp:attachment":[{"href":"https:\/\/www.sebastien-auziere.fr\/blog\/wp-json\/wp\/v2\/media?parent=2865"}],"wp:term":[{"taxonomy":"category","embeddable":true,"href":"https:\/\/www.sebastien-auziere.fr\/blog\/wp-json\/wp\/v2\/categories?post=2865"},{"taxonomy":"post_tag","embeddable":true,"href":"https:\/\/www.sebastien-auziere.fr\/blog\/wp-json\/wp\/v2\/tags?post=2865"}],"curies":[{"name":"wp","href":"https:\/\/api.w.org\/{rel}","templated":true}]}}