{"id":2860,"date":"2026-04-08T07:10:53","date_gmt":"2026-04-08T07:10:53","guid":{"rendered":"https:\/\/www.sebastien-auziere.fr\/blog\/?p=2860"},"modified":"2026-04-08T07:11:19","modified_gmt":"2026-04-08T07:11:19","slug":"en-coreia-do-sul-emmanuel-macron-ao-encontro-das-icones-da-k-pop","status":"publish","type":"post","link":"https:\/\/www.sebastien-auziere.fr\/blog\/pt\/en-coreia-do-sul-emmanuel-macron-ao-encontro-das-icones-da-k-pop\/","title":{"rendered":"En Coreia do Sul, Emmanuel Macron ao encontro das \u00edcones da K-pop"},"content":{"rendered":"<p><strong>Na Coreia do Sul<\/strong>, no dia 3 de abril, <strong>Emmanuel Macron<\/strong> encontrou \u00edcones da <strong>K-pop<\/strong> durante um almo\u00e7o de Estado em Seul, um momento que misturou diplomacia e <strong>cultura pop<\/strong>. Voc\u00ea descobrir\u00e1 como essa troca cultural \u2014 entre chefes de Estado, artistas e criadores \u2014 ilustrou o papel da <strong>m\u00fasica<\/strong> nas <strong>rela\u00e7\u00f5es internacionais<\/strong> contempor\u00e2neas.<\/p>\n\n<p>O encontro confirmou o papel central da <strong>cultura<\/strong> na turn\u00ea oficial que come\u00e7ou em 31 de mar\u00e7o, ap\u00f3s uma etapa no Jap\u00e3o. Desde as primeiras horas em Seul, o casal presidencial participou de um banquete onde a <strong>K-pop<\/strong> estava entre os convidados, e Brigitte Macron recebeu \u00e1lbuns autografados de nomes como <strong>BTS<\/strong> e <strong>Stray Kids<\/strong>.<\/p>\n\n<h2 class=\"wp-block-heading\">Um banquete de Estado onde a K-pop se mistura \u00e0 diplomacia<\/h2>\n\n<p>No dia 3 de abril, o almo\u00e7o oficial reuniu personalidades pol\u00edticas e artistas. Entre os convidados, os membros de <strong>Stray Kids<\/strong> e a atriz Jun Ji\u2011hyun compartilharam a mesa com o casal presidencial e com o presidente coreano Lee Jae\u2011myung. Voc\u00ea encontrar\u00e1 um relato detalhado desse encontro na imprensa local e especializada, que destaca a atmosfera amistosa e as trocas sobre a <strong>m\u00fasica<\/strong> como vetor de influ\u00eancia cultural. Insight: a <strong>cultura pop<\/strong> torna-se uma ferramenta diplom\u00e1tica concreta.<\/p>\n\n<h2 class=\"wp-block-heading\">Presentes simb\u00f3licos e encontros marcantes<\/h2>\n\n<p>No jantar privado em Sangchunjae, a primeira-dama recebeu um servi\u00e7o de cer\u00e2mica e v\u00e1rios \u00e1lbuns autografados, lembrando o encontro de tradi\u00e7\u00f5es culin\u00e1rias e culturais. A noite de 2 de abril foi preparada pelo chef estrelado Son Jong\u2011won, segundo relatos, e serviu como prel\u00fadio para o almo\u00e7o de Estado. Para saber mais, a cobertura da visita menciona esses gestos simb\u00f3licos e seu alcance.<\/p>\n\n<h3 class=\"wp-block-heading\">Embaixadores culturais no centro das trocas<\/h3>\n\n<p>Em mar\u00e7o, <strong>Felix<\/strong> de <strong>Stray Kids<\/strong> tornou-se embaixador honor\u00e1rio para as rela\u00e7\u00f5es franco-coreanas, um papel que facilitou sua troca com Brigitte Macron e o presidente. O la\u00e7o entre criadores coreanos e institui\u00e7\u00f5es francesas se fortaleceu, ilustrando como a <strong>m\u00fasica<\/strong> tra\u00e7a novas e concretas passagens. Insight: a nomea\u00e7\u00e3o de artistas como embaixadores acelera os projetos culturais bilaterais.<\/p>\n\n<h2 class=\"wp-block-heading\">Rumo a uma coopera\u00e7\u00e3o fortalecida entre Fran\u00e7a e Coreia<\/h2>\n\n<p>Al\u00e9m dos sorrisos, as discuss\u00f5es abordaram a coopera\u00e7\u00e3o cultural e industrial, especialmente em torno de figuras como <strong>Lee Soo Man<\/strong> e dos projetos para fortalecer a cena musical internacional. Observadores notam que a visita, a primeira de um presidente franc\u00eas desde novembro de 2015, visa renovar os la\u00e7os hist\u00f3ricos e inscrever a <strong>K-pop<\/strong> em uma parceria cultural duradoura. Insight: a <strong>cultura<\/strong> serve como alavanca estrat\u00e9gica na diplomacia.<\/p>\n\n<p>Para prolongar a descoberta e aprofundar o papel de amigos e conselheiros ao redor do casal presidencial, acesse <a href=\"https:\/\/www.sebastien-auziere.fr\/blog\/macron-japon-coree-kpop\/\">o dossi\u00ea dedicado<\/a>. Para relatos completos e an\u00e1lises da visita, consulte tamb\u00e9m o report sobre <a href=\"https:\/\/korae.co\/article\/president-macron-celebrates-k-culture-with-stray-kids-felix-and-jun-ji-hyun\/\">Korae<\/a> e o artigo de <a href=\"https:\/\/www.ohmymag.com\/people\/actu-people\/macron-et-la-k-pop-moment-convivial-en-coree-du-sud-avec-des-stars-internationales_art183725.html\">Ohmymag<\/a> para reviver esses momentos marcantes.<\/p>","protected":false},"excerpt":{"rendered":"<p>Na Coreia do Sul, no dia 3 de abril, Emmanuel Macron encontrou \u00edcones da K-pop durante um almo\u00e7o de Estado em Seul, um momento que misturou diplomacia e cultura pop. Voc\u00ea descobrir\u00e1 como essa troca cultural \u2014 entre chefes de Estado, artistas e criadores \u2014 ilustrou o papel da m\u00fasica nas rela\u00e7\u00f5es internacionais contempor\u00e2neas. O &#8230; <a title=\"En Coreia do Sul, Emmanuel Macron ao encontro das \u00edcones da K-pop\" class=\"read-more\" href=\"https:\/\/www.sebastien-auziere.fr\/blog\/pt\/en-coreia-do-sul-emmanuel-macron-ao-encontro-das-icones-da-k-pop\/\" aria-label=\"En savoir plus sur En Coreia do Sul, Emmanuel Macron ao encontro das \u00edcones da K-pop\">Lire plus<\/a><\/p>\n","protected":false},"author":9,"featured_media":2850,"comment_status":"open","ping_status":"open","sticky":false,"template":"","format":"standard","meta":{"footnotes":""},"categories":[862],"tags":[1263,1202,2223,2217,2220],"class_list":["post-2860","post","type-post","status-publish","format-standard","has-post-thumbnail","hentry","category-actualidades-pt","tag-coreia-do-sul-pt","tag-emmanuel-macron-pt","tag-encontro-pt","tag-icones-da-k-pop-pt","tag-k-pop-pt"],"yoast_head":"<!-- This site is optimized with the Yoast SEO plugin v27.5 - https:\/\/yoast.com\/product\/yoast-seo-wordpress\/ -->\n<title>En Coreia do Sul, Emmanuel Macron ao encontro das \u00edcones da K-pop - Fan site S\u00e9bastien Auzi\u00e8re<\/title>\n<meta name=\"description\" content=\"D\u00e9couvrez la rencontre d&#039;Emmanuel Macron avec les ic\u00f4nes de la K-pop en Cor\u00e9e du Sud, un moment marquant entre politique et culture populaire.\" \/>\n<meta name=\"robots\" content=\"index, follow, max-snippet:-1, max-image-preview:large, max-video-preview:-1\" \/>\n<link rel=\"canonical\" href=\"https:\/\/www.sebastien-auziere.fr\/blog\/pt\/en-coreia-do-sul-emmanuel-macron-ao-encontro-das-icones-da-k-pop\/\" \/>\n<meta property=\"og:locale\" content=\"fr_FR\" \/>\n<meta property=\"og:type\" content=\"article\" \/>\n<meta property=\"og:title\" content=\"En Coreia do Sul, Emmanuel Macron ao encontro das \u00edcones da K-pop - Fan site S\u00e9bastien Auzi\u00e8re\" \/>\n<meta property=\"og:description\" content=\"D\u00e9couvrez la rencontre d&#039;Emmanuel Macron avec les ic\u00f4nes de la K-pop en Cor\u00e9e du Sud, un moment marquant entre politique et culture populaire.\" \/>\n<meta property=\"og:url\" content=\"https:\/\/www.sebastien-auziere.fr\/blog\/pt\/en-coreia-do-sul-emmanuel-macron-ao-encontro-das-icones-da-k-pop\/\" \/>\n<meta property=\"og:site_name\" content=\"Fan site S\u00e9bastien Auzi\u00e8re\" \/>\n<meta property=\"article:published_time\" content=\"2026-04-08T07:10:53+00:00\" \/>\n<meta property=\"article:modified_time\" content=\"2026-04-08T07:11:19+00:00\" \/>\n<meta property=\"og:image\" content=\"https:\/\/www.sebastien-auziere.fr\/blog\/wp-content\/uploads\/2026\/04\/En-Coree-du-Sud-Emmanuel-Macron-a-la-rencontre-des-icones-de-la-K-pop.jpg\" \/>\n\t<meta property=\"og:image:width\" content=\"2560\" \/>\n\t<meta property=\"og:image:height\" content=\"1429\" \/>\n\t<meta property=\"og:image:type\" content=\"image\/jpeg\" \/>\n<meta name=\"author\" content=\"Chloe Gauthier\" \/>\n<meta name=\"twitter:card\" content=\"summary_large_image\" \/>\n<meta name=\"twitter:label1\" content=\"\u00c9crit par\" \/>\n\t<meta name=\"twitter:data1\" content=\"Chloe Gauthier\" \/>\n\t<meta name=\"twitter:label2\" content=\"Dur\u00e9e de lecture estim\u00e9e\" \/>\n\t<meta name=\"twitter:data2\" content=\"2 minutes\" \/>\n<script type=\"application\/ld+json\" class=\"yoast-schema-graph\">{\"@context\":\"https:\\\/\\\/schema.org\",\"@graph\":[{\"@type\":\"Article\",\"@id\":\"https:\\\/\\\/www.sebastien-auziere.fr\\\/blog\\\/pt\\\/en-coreia-do-sul-emmanuel-macron-ao-encontro-das-icones-da-k-pop\\\/#article\",\"isPartOf\":{\"@id\":\"https:\\\/\\\/www.sebastien-auziere.fr\\\/blog\\\/pt\\\/en-coreia-do-sul-emmanuel-macron-ao-encontro-das-icones-da-k-pop\\\/\"},\"author\":{\"name\":\"Chloe Gauthier\",\"@id\":\"https:\\\/\\\/www.sebastien-auziere.fr\\\/blog\\\/#\\\/schema\\\/person\\\/149f1acdbfd85149c6c3e59adeae2f4d\"},\"headline\":\"En Coreia do Sul, Emmanuel Macron ao encontro das \u00edcones da K-pop\",\"datePublished\":\"2026-04-08T07:10:53+00:00\",\"dateModified\":\"2026-04-08T07:11:19+00:00\",\"mainEntityOfPage\":{\"@id\":\"https:\\\/\\\/www.sebastien-auziere.fr\\\/blog\\\/pt\\\/en-coreia-do-sul-emmanuel-macron-ao-encontro-das-icones-da-k-pop\\\/\"},\"wordCount\":494,\"commentCount\":0,\"publisher\":{\"@id\":\"https:\\\/\\\/www.sebastien-auziere.fr\\\/blog\\\/#organization\"},\"image\":{\"@id\":\"https:\\\/\\\/www.sebastien-auziere.fr\\\/blog\\\/pt\\\/en-coreia-do-sul-emmanuel-macron-ao-encontro-das-icones-da-k-pop\\\/#primaryimage\"},\"thumbnailUrl\":\"https:\\\/\\\/www.sebastien-auziere.fr\\\/blog\\\/wp-content\\\/uploads\\\/2026\\\/04\\\/En-Coree-du-Sud-Emmanuel-Macron-a-la-rencontre-des-icones-de-la-K-pop.jpg\",\"keywords\":[\"coreia do sul\",\"emmanuel macron\",\"encontro\",\"\u00edcones da k-pop\",\"k-pop\"],\"articleSection\":[\"Actualidades\"],\"inLanguage\":\"fr-FR\",\"potentialAction\":[{\"@type\":\"CommentAction\",\"name\":\"Comment\",\"target\":[\"https:\\\/\\\/www.sebastien-auziere.fr\\\/blog\\\/pt\\\/en-coreia-do-sul-emmanuel-macron-ao-encontro-das-icones-da-k-pop\\\/#respond\"]}]},{\"@type\":\"WebPage\",\"@id\":\"https:\\\/\\\/www.sebastien-auziere.fr\\\/blog\\\/pt\\\/en-coreia-do-sul-emmanuel-macron-ao-encontro-das-icones-da-k-pop\\\/\",\"url\":\"https:\\\/\\\/www.sebastien-auziere.fr\\\/blog\\\/pt\\\/en-coreia-do-sul-emmanuel-macron-ao-encontro-das-icones-da-k-pop\\\/\",\"name\":\"En Coreia do Sul, Emmanuel Macron ao encontro das \u00edcones da K-pop - Fan site S\u00e9bastien Auzi\u00e8re\",\"isPartOf\":{\"@id\":\"https:\\\/\\\/www.sebastien-auziere.fr\\\/blog\\\/#website\"},\"primaryImageOfPage\":{\"@id\":\"https:\\\/\\\/www.sebastien-auziere.fr\\\/blog\\\/pt\\\/en-coreia-do-sul-emmanuel-macron-ao-encontro-das-icones-da-k-pop\\\/#primaryimage\"},\"image\":{\"@id\":\"https:\\\/\\\/www.sebastien-auziere.fr\\\/blog\\\/pt\\\/en-coreia-do-sul-emmanuel-macron-ao-encontro-das-icones-da-k-pop\\\/#primaryimage\"},\"thumbnailUrl\":\"https:\\\/\\\/www.sebastien-auziere.fr\\\/blog\\\/wp-content\\\/uploads\\\/2026\\\/04\\\/En-Coree-du-Sud-Emmanuel-Macron-a-la-rencontre-des-icones-de-la-K-pop.jpg\",\"datePublished\":\"2026-04-08T07:10:53+00:00\",\"dateModified\":\"2026-04-08T07:11:19+00:00\",\"description\":\"D\u00e9couvrez la rencontre d'Emmanuel Macron avec les ic\u00f4nes de la K-pop en Cor\u00e9e du Sud, un moment marquant entre politique et culture populaire.\",\"breadcrumb\":{\"@id\":\"https:\\\/\\\/www.sebastien-auziere.fr\\\/blog\\\/pt\\\/en-coreia-do-sul-emmanuel-macron-ao-encontro-das-icones-da-k-pop\\\/#breadcrumb\"},\"inLanguage\":\"fr-FR\",\"potentialAction\":[{\"@type\":\"ReadAction\",\"target\":[\"https:\\\/\\\/www.sebastien-auziere.fr\\\/blog\\\/pt\\\/en-coreia-do-sul-emmanuel-macron-ao-encontro-das-icones-da-k-pop\\\/\"]}]},{\"@type\":\"ImageObject\",\"inLanguage\":\"fr-FR\",\"@id\":\"https:\\\/\\\/www.sebastien-auziere.fr\\\/blog\\\/pt\\\/en-coreia-do-sul-emmanuel-macron-ao-encontro-das-icones-da-k-pop\\\/#primaryimage\",\"url\":\"https:\\\/\\\/www.sebastien-auziere.fr\\\/blog\\\/wp-content\\\/uploads\\\/2026\\\/04\\\/En-Coree-du-Sud-Emmanuel-Macron-a-la-rencontre-des-icones-de-la-K-pop.jpg\",\"contentUrl\":\"https:\\\/\\\/www.sebastien-auziere.fr\\\/blog\\\/wp-content\\\/uploads\\\/2026\\\/04\\\/En-Coree-du-Sud-Emmanuel-Macron-a-la-rencontre-des-icones-de-la-K-pop.jpg\",\"width\":2560,\"height\":1429,\"caption\":\"d\u00e9couvrez la visite d'emmanuel macron en cor\u00e9e du sud, o\u00f9 il rencontre les stars embl\u00e9matiques de la k-pop pour renforcer les liens culturels entre les deux pays.\"},{\"@type\":\"BreadcrumbList\",\"@id\":\"https:\\\/\\\/www.sebastien-auziere.fr\\\/blog\\\/pt\\\/en-coreia-do-sul-emmanuel-macron-ao-encontro-das-icones-da-k-pop\\\/#breadcrumb\",\"itemListElement\":[{\"@type\":\"ListItem\",\"position\":1,\"name\":\"Home\",\"item\":\"https:\\\/\\\/www.sebastien-auziere.fr\\\/blog\\\/\"},{\"@type\":\"ListItem\",\"position\":2,\"name\":\"En Coreia do Sul, Emmanuel Macron ao encontro das \u00edcones da K-pop\"}]},{\"@type\":\"WebSite\",\"@id\":\"https:\\\/\\\/www.sebastien-auziere.fr\\\/blog\\\/#website\",\"url\":\"https:\\\/\\\/www.sebastien-auziere.fr\\\/blog\\\/\",\"name\":\"Fan site S\u00e9bastien Auzi\u00e8re\",\"description\":\"M\u00e9dia g\u00e9n\u00e9raliste\",\"publisher\":{\"@id\":\"https:\\\/\\\/www.sebastien-auziere.fr\\\/blog\\\/#organization\"},\"potentialAction\":[{\"@type\":\"SearchAction\",\"target\":{\"@type\":\"EntryPoint\",\"urlTemplate\":\"https:\\\/\\\/www.sebastien-auziere.fr\\\/blog\\\/?s={search_term_string}\"},\"query-input\":{\"@type\":\"PropertyValueSpecification\",\"valueRequired\":true,\"valueName\":\"search_term_string\"}}],\"inLanguage\":\"fr-FR\"},{\"@type\":\"Organization\",\"@id\":\"https:\\\/\\\/www.sebastien-auziere.fr\\\/blog\\\/#organization\",\"name\":\"Fan site S\u00e9bastien Auzi\u00e8re\",\"url\":\"https:\\\/\\\/www.sebastien-auziere.fr\\\/blog\\\/\",\"logo\":{\"@type\":\"ImageObject\",\"inLanguage\":\"fr-FR\",\"@id\":\"https:\\\/\\\/www.sebastien-auziere.fr\\\/blog\\\/#\\\/schema\\\/logo\\\/image\\\/\",\"url\":\"https:\\\/\\\/www.sebastien-auziere.fr\\\/blog\\\/wp-content\\\/uploads\\\/2026\\\/03\\\/cropped-cropped-cropped-ChatGPT-Image-6-mars-2026-12_58_09-e1772798376794.jpg\",\"contentUrl\":\"https:\\\/\\\/www.sebastien-auziere.fr\\\/blog\\\/wp-content\\\/uploads\\\/2026\\\/03\\\/cropped-cropped-cropped-ChatGPT-Image-6-mars-2026-12_58_09-e1772798376794.jpg\",\"width\":512,\"height\":360,\"caption\":\"Fan site S\u00e9bastien Auzi\u00e8re\"},\"image\":{\"@id\":\"https:\\\/\\\/www.sebastien-auziere.fr\\\/blog\\\/#\\\/schema\\\/logo\\\/image\\\/\"}},{\"@type\":\"Person\",\"@id\":\"https:\\\/\\\/www.sebastien-auziere.fr\\\/blog\\\/#\\\/schema\\\/person\\\/149f1acdbfd85149c6c3e59adeae2f4d\",\"name\":\"Chloe Gauthier\",\"image\":{\"@type\":\"ImageObject\",\"inLanguage\":\"fr-FR\",\"@id\":\"https:\\\/\\\/secure.gravatar.com\\\/avatar\\\/2c5722f58171cff738a8985ef0dd66b476e563753246a49019befc837ec4201a?s=96&d=mm&r=g\",\"url\":\"https:\\\/\\\/secure.gravatar.com\\\/avatar\\\/2c5722f58171cff738a8985ef0dd66b476e563753246a49019befc837ec4201a?s=96&d=mm&r=g\",\"contentUrl\":\"https:\\\/\\\/secure.gravatar.com\\\/avatar\\\/2c5722f58171cff738a8985ef0dd66b476e563753246a49019befc837ec4201a?s=96&d=mm&r=g\",\"caption\":\"Chloe Gauthier\"},\"description\":\"Passionn\u00e9e par la politique et admiratrice engag\u00e9e de la famille Macron, je consacre mon \u00e9nergie \u00e0 suivre leurs initiatives et \u00e0 promouvoir leurs id\u00e9es. \u00c0 32 ans, je suis convaincue que leur vision est porteuse d'avenir.\",\"url\":\"https:\\\/\\\/www.sebastien-auziere.fr\\\/blog\\\/author\\\/chloe-gauthier\\\/\"}]}<\/script>\n<!-- \/ Yoast SEO plugin. -->","yoast_head_json":{"title":"En Coreia do Sul, Emmanuel Macron ao encontro das \u00edcones da K-pop - Fan site S\u00e9bastien Auzi\u00e8re","description":"D\u00e9couvrez la rencontre d'Emmanuel Macron avec les ic\u00f4nes de la K-pop en Cor\u00e9e du Sud, un moment marquant entre politique et culture populaire.","robots":{"index":"index","follow":"follow","max-snippet":"max-snippet:-1","max-image-preview":"max-image-preview:large","max-video-preview":"max-video-preview:-1"},"canonical":"https:\/\/www.sebastien-auziere.fr\/blog\/pt\/en-coreia-do-sul-emmanuel-macron-ao-encontro-das-icones-da-k-pop\/","og_locale":"fr_FR","og_type":"article","og_title":"En Coreia do Sul, Emmanuel Macron ao encontro das \u00edcones da K-pop - Fan site S\u00e9bastien Auzi\u00e8re","og_description":"D\u00e9couvrez la rencontre d'Emmanuel Macron avec les ic\u00f4nes de la K-pop en Cor\u00e9e du Sud, un moment marquant entre politique et culture populaire.","og_url":"https:\/\/www.sebastien-auziere.fr\/blog\/pt\/en-coreia-do-sul-emmanuel-macron-ao-encontro-das-icones-da-k-pop\/","og_site_name":"Fan site S\u00e9bastien Auzi\u00e8re","article_published_time":"2026-04-08T07:10:53+00:00","article_modified_time":"2026-04-08T07:11:19+00:00","og_image":[{"width":2560,"height":1429,"url":"https:\/\/www.sebastien-auziere.fr\/blog\/wp-content\/uploads\/2026\/04\/En-Coree-du-Sud-Emmanuel-Macron-a-la-rencontre-des-icones-de-la-K-pop.jpg","type":"image\/jpeg"}],"author":"Chloe Gauthier","twitter_card":"summary_large_image","twitter_misc":{"\u00c9crit par":"Chloe Gauthier","Dur\u00e9e de lecture estim\u00e9e":"2 minutes"},"schema":{"@context":"https:\/\/schema.org","@graph":[{"@type":"Article","@id":"https:\/\/www.sebastien-auziere.fr\/blog\/pt\/en-coreia-do-sul-emmanuel-macron-ao-encontro-das-icones-da-k-pop\/#article","isPartOf":{"@id":"https:\/\/www.sebastien-auziere.fr\/blog\/pt\/en-coreia-do-sul-emmanuel-macron-ao-encontro-das-icones-da-k-pop\/"},"author":{"name":"Chloe Gauthier","@id":"https:\/\/www.sebastien-auziere.fr\/blog\/#\/schema\/person\/149f1acdbfd85149c6c3e59adeae2f4d"},"headline":"En Coreia do Sul, Emmanuel Macron ao encontro das \u00edcones da K-pop","datePublished":"2026-04-08T07:10:53+00:00","dateModified":"2026-04-08T07:11:19+00:00","mainEntityOfPage":{"@id":"https:\/\/www.sebastien-auziere.fr\/blog\/pt\/en-coreia-do-sul-emmanuel-macron-ao-encontro-das-icones-da-k-pop\/"},"wordCount":494,"commentCount":0,"publisher":{"@id":"https:\/\/www.sebastien-auziere.fr\/blog\/#organization"},"image":{"@id":"https:\/\/www.sebastien-auziere.fr\/blog\/pt\/en-coreia-do-sul-emmanuel-macron-ao-encontro-das-icones-da-k-pop\/#primaryimage"},"thumbnailUrl":"https:\/\/www.sebastien-auziere.fr\/blog\/wp-content\/uploads\/2026\/04\/En-Coree-du-Sud-Emmanuel-Macron-a-la-rencontre-des-icones-de-la-K-pop.jpg","keywords":["coreia do sul","emmanuel macron","encontro","\u00edcones da k-pop","k-pop"],"articleSection":["Actualidades"],"inLanguage":"fr-FR","potentialAction":[{"@type":"CommentAction","name":"Comment","target":["https:\/\/www.sebastien-auziere.fr\/blog\/pt\/en-coreia-do-sul-emmanuel-macron-ao-encontro-das-icones-da-k-pop\/#respond"]}]},{"@type":"WebPage","@id":"https:\/\/www.sebastien-auziere.fr\/blog\/pt\/en-coreia-do-sul-emmanuel-macron-ao-encontro-das-icones-da-k-pop\/","url":"https:\/\/www.sebastien-auziere.fr\/blog\/pt\/en-coreia-do-sul-emmanuel-macron-ao-encontro-das-icones-da-k-pop\/","name":"En Coreia do Sul, Emmanuel Macron ao encontro das \u00edcones da K-pop - Fan site S\u00e9bastien Auzi\u00e8re","isPartOf":{"@id":"https:\/\/www.sebastien-auziere.fr\/blog\/#website"},"primaryImageOfPage":{"@id":"https:\/\/www.sebastien-auziere.fr\/blog\/pt\/en-coreia-do-sul-emmanuel-macron-ao-encontro-das-icones-da-k-pop\/#primaryimage"},"image":{"@id":"https:\/\/www.sebastien-auziere.fr\/blog\/pt\/en-coreia-do-sul-emmanuel-macron-ao-encontro-das-icones-da-k-pop\/#primaryimage"},"thumbnailUrl":"https:\/\/www.sebastien-auziere.fr\/blog\/wp-content\/uploads\/2026\/04\/En-Coree-du-Sud-Emmanuel-Macron-a-la-rencontre-des-icones-de-la-K-pop.jpg","datePublished":"2026-04-08T07:10:53+00:00","dateModified":"2026-04-08T07:11:19+00:00","description":"D\u00e9couvrez la rencontre d'Emmanuel Macron avec les ic\u00f4nes de la K-pop en Cor\u00e9e du Sud, un moment marquant entre politique et culture populaire.","breadcrumb":{"@id":"https:\/\/www.sebastien-auziere.fr\/blog\/pt\/en-coreia-do-sul-emmanuel-macron-ao-encontro-das-icones-da-k-pop\/#breadcrumb"},"inLanguage":"fr-FR","potentialAction":[{"@type":"ReadAction","target":["https:\/\/www.sebastien-auziere.fr\/blog\/pt\/en-coreia-do-sul-emmanuel-macron-ao-encontro-das-icones-da-k-pop\/"]}]},{"@type":"ImageObject","inLanguage":"fr-FR","@id":"https:\/\/www.sebastien-auziere.fr\/blog\/pt\/en-coreia-do-sul-emmanuel-macron-ao-encontro-das-icones-da-k-pop\/#primaryimage","url":"https:\/\/www.sebastien-auziere.fr\/blog\/wp-content\/uploads\/2026\/04\/En-Coree-du-Sud-Emmanuel-Macron-a-la-rencontre-des-icones-de-la-K-pop.jpg","contentUrl":"https:\/\/www.sebastien-auziere.fr\/blog\/wp-content\/uploads\/2026\/04\/En-Coree-du-Sud-Emmanuel-Macron-a-la-rencontre-des-icones-de-la-K-pop.jpg","width":2560,"height":1429,"caption":"d\u00e9couvrez la visite d'emmanuel macron en cor\u00e9e du sud, o\u00f9 il rencontre les stars embl\u00e9matiques de la k-pop pour renforcer les liens culturels entre les deux pays."},{"@type":"BreadcrumbList","@id":"https:\/\/www.sebastien-auziere.fr\/blog\/pt\/en-coreia-do-sul-emmanuel-macron-ao-encontro-das-icones-da-k-pop\/#breadcrumb","itemListElement":[{"@type":"ListItem","position":1,"name":"Home","item":"https:\/\/www.sebastien-auziere.fr\/blog\/"},{"@type":"ListItem","position":2,"name":"En Coreia do Sul, Emmanuel Macron ao encontro das \u00edcones da K-pop"}]},{"@type":"WebSite","@id":"https:\/\/www.sebastien-auziere.fr\/blog\/#website","url":"https:\/\/www.sebastien-auziere.fr\/blog\/","name":"Fan site S\u00e9bastien Auzi\u00e8re","description":"M\u00e9dia g\u00e9n\u00e9raliste","publisher":{"@id":"https:\/\/www.sebastien-auziere.fr\/blog\/#organization"},"potentialAction":[{"@type":"SearchAction","target":{"@type":"EntryPoint","urlTemplate":"https:\/\/www.sebastien-auziere.fr\/blog\/?s={search_term_string}"},"query-input":{"@type":"PropertyValueSpecification","valueRequired":true,"valueName":"search_term_string"}}],"inLanguage":"fr-FR"},{"@type":"Organization","@id":"https:\/\/www.sebastien-auziere.fr\/blog\/#organization","name":"Fan site S\u00e9bastien Auzi\u00e8re","url":"https:\/\/www.sebastien-auziere.fr\/blog\/","logo":{"@type":"ImageObject","inLanguage":"fr-FR","@id":"https:\/\/www.sebastien-auziere.fr\/blog\/#\/schema\/logo\/image\/","url":"https:\/\/www.sebastien-auziere.fr\/blog\/wp-content\/uploads\/2026\/03\/cropped-cropped-cropped-ChatGPT-Image-6-mars-2026-12_58_09-e1772798376794.jpg","contentUrl":"https:\/\/www.sebastien-auziere.fr\/blog\/wp-content\/uploads\/2026\/03\/cropped-cropped-cropped-ChatGPT-Image-6-mars-2026-12_58_09-e1772798376794.jpg","width":512,"height":360,"caption":"Fan site S\u00e9bastien Auzi\u00e8re"},"image":{"@id":"https:\/\/www.sebastien-auziere.fr\/blog\/#\/schema\/logo\/image\/"}},{"@type":"Person","@id":"https:\/\/www.sebastien-auziere.fr\/blog\/#\/schema\/person\/149f1acdbfd85149c6c3e59adeae2f4d","name":"Chloe Gauthier","image":{"@type":"ImageObject","inLanguage":"fr-FR","@id":"https:\/\/secure.gravatar.com\/avatar\/2c5722f58171cff738a8985ef0dd66b476e563753246a49019befc837ec4201a?s=96&d=mm&r=g","url":"https:\/\/secure.gravatar.com\/avatar\/2c5722f58171cff738a8985ef0dd66b476e563753246a49019befc837ec4201a?s=96&d=mm&r=g","contentUrl":"https:\/\/secure.gravatar.com\/avatar\/2c5722f58171cff738a8985ef0dd66b476e563753246a49019befc837ec4201a?s=96&d=mm&r=g","caption":"Chloe Gauthier"},"description":"Passionn\u00e9e par la politique et admiratrice engag\u00e9e de la famille Macron, je consacre mon \u00e9nergie \u00e0 suivre leurs initiatives et \u00e0 promouvoir leurs id\u00e9es. \u00c0 32 ans, je suis convaincue que leur vision est porteuse d'avenir.","url":"https:\/\/www.sebastien-auziere.fr\/blog\/author\/chloe-gauthier\/"}]}},"views":5,"_links":{"self":[{"href":"https:\/\/www.sebastien-auziere.fr\/blog\/wp-json\/wp\/v2\/posts\/2860","targetHints":{"allow":["GET"]}}],"collection":[{"href":"https:\/\/www.sebastien-auziere.fr\/blog\/wp-json\/wp\/v2\/posts"}],"about":[{"href":"https:\/\/www.sebastien-auziere.fr\/blog\/wp-json\/wp\/v2\/types\/post"}],"author":[{"embeddable":true,"href":"https:\/\/www.sebastien-auziere.fr\/blog\/wp-json\/wp\/v2\/users\/9"}],"replies":[{"embeddable":true,"href":"https:\/\/www.sebastien-auziere.fr\/blog\/wp-json\/wp\/v2\/comments?post=2860"}],"version-history":[{"count":1,"href":"https:\/\/www.sebastien-auziere.fr\/blog\/wp-json\/wp\/v2\/posts\/2860\/revisions"}],"predecessor-version":[{"id":2861,"href":"https:\/\/www.sebastien-auziere.fr\/blog\/wp-json\/wp\/v2\/posts\/2860\/revisions\/2861"}],"wp:featuredmedia":[{"embeddable":true,"href":"https:\/\/www.sebastien-auziere.fr\/blog\/wp-json\/wp\/v2\/media\/2850"}],"wp:attachment":[{"href":"https:\/\/www.sebastien-auziere.fr\/blog\/wp-json\/wp\/v2\/media?parent=2860"}],"wp:term":[{"taxonomy":"category","embeddable":true,"href":"https:\/\/www.sebastien-auziere.fr\/blog\/wp-json\/wp\/v2\/categories?post=2860"},{"taxonomy":"post_tag","embeddable":true,"href":"https:\/\/www.sebastien-auziere.fr\/blog\/wp-json\/wp\/v2\/tags?post=2860"}],"curies":[{"name":"wp","href":"https:\/\/api.w.org\/{rel}","templated":true}]}}