{"id":2858,"date":"2026-04-08T07:09:43","date_gmt":"2026-04-08T07:09:43","guid":{"rendered":"https:\/\/www.sebastien-auziere.fr\/blog\/?p=2858"},"modified":"2026-04-08T07:10:10","modified_gmt":"2026-04-08T07:10:10","slug":"en-corea-del-sud-emmanuel-macron-incontra-le-icone-della-k-pop","status":"publish","type":"post","link":"https:\/\/www.sebastien-auziere.fr\/blog\/it\/en-corea-del-sud-emmanuel-macron-incontra-le-icone-della-k-pop\/","title":{"rendered":"En Corea del Sud, Emmanuel Macron incontra le icone della K-pop"},"content":{"rendered":"<p><strong>In Corea del Sud<\/strong>, il 3 aprile, <strong>Emmanuel Macron<\/strong> ha incontrato delle <strong>icone<\/strong> della <strong>K-pop<\/strong> durante un pranzo di Stato a Seoul, un momento che ha mescolato diplomazia e <strong>pop culture<\/strong>. Scoprirai come questo scambio culturale \u2014 tra capi di Stato, artisti e creatori \u2014 ha illustrato il ruolo della <strong>musica<\/strong> nelle <strong>relazioni internazionali<\/strong> contemporanee.<\/p>\n\n<p>Il rendez-vous ha confermato il posto centrale della <strong>cultura<\/strong> nel tour ufficiale che \u00e8 iniziato il 31 marzo, dopo una tappa in Giappone. Fin dalle prime ore a Seoul, la coppia presidenziale ha partecipato a un banchetto dove la <strong>K-pop<\/strong> era tra gli invitati, e Brigitte Macron ha ricevuto album firmati da nomi come <strong>BTS<\/strong> e <strong>Stray Kids<\/strong>.<\/p>\n\n<h2 class=\"wp-block-heading\">Un banchetto di Stato dove la K-pop si mescola alla diplomazia<\/h2>\n\n<p>Il 3 aprile, il pranzo ufficiale ha riunito personalit\u00e0 politiche e artisti. Tra gli invitati, i membri di <strong>Stray Kids<\/strong> e l&rsquo;attrice Jun Ji\u2011hyun hanno condiviso il tavolo con la coppia presidenziale e il presidente coreano Lee Jae\u2011myung. Troverai un racconto dettagliato di questo incontro nella stampa locale e specializzata, che sottolinea l&rsquo;atmosfera conviviale e gli scambi sulla <strong>musica<\/strong> come vettore di influenza culturale. Insight: la <strong>pop culture<\/strong> diventa uno strumento diplomatico concreto.<\/p>\n\n<h2 class=\"wp-block-heading\">Regali simbolici e incontri memorabili<\/h2>\n\n<p>Durante la cena privata a Sangchunjae, la prima donna ha ricevuto un servizio in ceramica e diversi album autografati, richiamando l&rsquo;incontro delle tradizioni culinarie e culturali. La sera del 2 aprile \u00e8 stata preparata dallo chef stellato Son Jong\u2011won, secondo i resoconti, e ha servito da preludio al pranzo di Stato. Per saperne di pi\u00f9, la copertura del viaggio evoca questi gesti simbolici e il loro significato.<\/p>\n\n<h3 class=\"wp-block-heading\">Ambasciatori culturali al centro degli scambi<\/h3>\n\n<p>Durante marzo, <strong>Felix<\/strong> di <strong>Stray Kids<\/strong> \u00e8 diventato ambasciatore onorario per le relazioni franco-coreane, un ruolo che ha facilitato il suo scambio con Brigitte Macron e il presidente. Il legame tra creatori coreani e istituzioni francesi si \u00e8 rafforzato, illustrando come la <strong>musica<\/strong> tracci nuovi e concreti passaggi. Insight: la nomina di artisti come ambasciatori accelera i progetti culturali bilaterali.<\/p>\n\n<h2 class=\"wp-block-heading\">Verso una cooperazione rafforzata tra Francia e Corea<\/h2>\n\n<p>Oltre ai sorrisi, le discussioni hanno affrontato la cooperazione culturale e industriale, in particolare attorno a figure come <strong>Lee Soo Man<\/strong> e ai progetti per rafforzare la scena musicale internazionale. Gli osservatori notano che la visita, la prima di un presidente francese dal novembre 2015, mira a rinnovare i legami storici e a inserire la <strong>K-pop<\/strong> in un partenariato culturale duraturo. Insight: la <strong>cultura<\/strong> funge da leva strategica in diplomazia.<\/p>\n\n<p>Per prolungare la scoperta e approfondire il ruolo di familiari e consiglieri attorno alla coppia presidenziale, visita <a href=\"https:\/\/www.sebastien-auziere.fr\/blog\/macron-japon-coree-kpop\/\">il dossier dedicato<\/a>. Per racconti completi e analisi del viaggio, consulta anche il reportage su <a href=\"https:\/\/korae.co\/article\/president-macron-celebrates-k-culture-with-stray-kids-felix-and-jun-ji-hyun\/\">Korae<\/a> e l&rsquo;articolo di <a href=\"https:\/\/www.ohmymag.com\/people\/actu-people\/macron-et-la-k-pop-moment-convivial-en-coree-du-sud-avec-des-stars-internationales_art183725.html\">Ohmymag<\/a> per rivivere questi momenti forti.<\/p>","protected":false},"excerpt":{"rendered":"<p>In Corea del Sud, il 3 aprile, Emmanuel Macron ha incontrato delle icone della K-pop durante un pranzo di Stato a Seoul, un momento che ha mescolato diplomazia e pop culture. Scoprirai come questo scambio culturale \u2014 tra capi di Stato, artisti e creatori \u2014 ha illustrato il ruolo della musica nelle relazioni internazionali contemporanee. &#8230; <a title=\"En Corea del Sud, Emmanuel Macron incontra le icone della K-pop\" class=\"read-more\" href=\"https:\/\/www.sebastien-auziere.fr\/blog\/it\/en-corea-del-sud-emmanuel-macron-incontra-le-icone-della-k-pop\/\" aria-label=\"En savoir plus sur En Corea del Sud, Emmanuel Macron incontra le icone della K-pop\">Lire plus<\/a><\/p>\n","protected":false},"author":9,"featured_media":2850,"comment_status":"open","ping_status":"open","sticky":false,"template":"","format":"standard","meta":{"footnotes":""},"categories":[859],"tags":[1254,1190,2208,2214,2211],"class_list":["post-2858","post","type-post","status-publish","format-standard","has-post-thumbnail","hentry","category-actualita-it","tag-corea-del-sud-it","tag-emmanuel-macron-it","tag-icone-della-k-pop-it","tag-incontro-it","tag-k-pop-it"],"yoast_head":"<!-- This site is optimized with the Yoast SEO plugin v27.5 - https:\/\/yoast.com\/product\/yoast-seo-wordpress\/ -->\n<title>En Corea del Sud, Emmanuel Macron incontra le icone della K-pop - Fan site S\u00e9bastien Auzi\u00e8re<\/title>\n<meta name=\"description\" content=\"D\u00e9couvrez la rencontre d&#039;Emmanuel Macron avec les ic\u00f4nes de la K-pop en Cor\u00e9e du Sud, un moment marquant entre politique et culture populaire.\" \/>\n<meta name=\"robots\" content=\"index, follow, max-snippet:-1, max-image-preview:large, max-video-preview:-1\" \/>\n<link rel=\"canonical\" href=\"https:\/\/www.sebastien-auziere.fr\/blog\/it\/en-corea-del-sud-emmanuel-macron-incontra-le-icone-della-k-pop\/\" \/>\n<meta property=\"og:locale\" content=\"fr_FR\" \/>\n<meta property=\"og:type\" content=\"article\" \/>\n<meta property=\"og:title\" content=\"En Corea del Sud, Emmanuel Macron incontra le icone della K-pop - Fan site S\u00e9bastien Auzi\u00e8re\" \/>\n<meta property=\"og:description\" content=\"D\u00e9couvrez la rencontre d&#039;Emmanuel Macron avec les ic\u00f4nes de la K-pop en Cor\u00e9e du Sud, un moment marquant entre politique et culture populaire.\" \/>\n<meta property=\"og:url\" content=\"https:\/\/www.sebastien-auziere.fr\/blog\/it\/en-corea-del-sud-emmanuel-macron-incontra-le-icone-della-k-pop\/\" \/>\n<meta property=\"og:site_name\" content=\"Fan site S\u00e9bastien Auzi\u00e8re\" \/>\n<meta property=\"article:published_time\" content=\"2026-04-08T07:09:43+00:00\" \/>\n<meta property=\"article:modified_time\" content=\"2026-04-08T07:10:10+00:00\" \/>\n<meta property=\"og:image\" content=\"https:\/\/www.sebastien-auziere.fr\/blog\/wp-content\/uploads\/2026\/04\/En-Coree-du-Sud-Emmanuel-Macron-a-la-rencontre-des-icones-de-la-K-pop.jpg\" \/>\n\t<meta property=\"og:image:width\" content=\"2560\" \/>\n\t<meta property=\"og:image:height\" content=\"1429\" \/>\n\t<meta property=\"og:image:type\" content=\"image\/jpeg\" \/>\n<meta name=\"author\" content=\"Chloe Gauthier\" \/>\n<meta name=\"twitter:card\" content=\"summary_large_image\" \/>\n<meta name=\"twitter:label1\" content=\"\u00c9crit par\" \/>\n\t<meta name=\"twitter:data1\" content=\"Chloe Gauthier\" \/>\n\t<meta name=\"twitter:label2\" content=\"Dur\u00e9e de lecture estim\u00e9e\" \/>\n\t<meta name=\"twitter:data2\" content=\"2 minutes\" \/>\n<script type=\"application\/ld+json\" class=\"yoast-schema-graph\">{\"@context\":\"https:\\\/\\\/schema.org\",\"@graph\":[{\"@type\":\"Article\",\"@id\":\"https:\\\/\\\/www.sebastien-auziere.fr\\\/blog\\\/it\\\/en-corea-del-sud-emmanuel-macron-incontra-le-icone-della-k-pop\\\/#article\",\"isPartOf\":{\"@id\":\"https:\\\/\\\/www.sebastien-auziere.fr\\\/blog\\\/it\\\/en-corea-del-sud-emmanuel-macron-incontra-le-icone-della-k-pop\\\/\"},\"author\":{\"name\":\"Chloe Gauthier\",\"@id\":\"https:\\\/\\\/www.sebastien-auziere.fr\\\/blog\\\/#\\\/schema\\\/person\\\/149f1acdbfd85149c6c3e59adeae2f4d\"},\"headline\":\"En Corea del Sud, Emmanuel Macron incontra le icone della K-pop\",\"datePublished\":\"2026-04-08T07:09:43+00:00\",\"dateModified\":\"2026-04-08T07:10:10+00:00\",\"mainEntityOfPage\":{\"@id\":\"https:\\\/\\\/www.sebastien-auziere.fr\\\/blog\\\/it\\\/en-corea-del-sud-emmanuel-macron-incontra-le-icone-della-k-pop\\\/\"},\"wordCount\":458,\"commentCount\":0,\"publisher\":{\"@id\":\"https:\\\/\\\/www.sebastien-auziere.fr\\\/blog\\\/#organization\"},\"image\":{\"@id\":\"https:\\\/\\\/www.sebastien-auziere.fr\\\/blog\\\/it\\\/en-corea-del-sud-emmanuel-macron-incontra-le-icone-della-k-pop\\\/#primaryimage\"},\"thumbnailUrl\":\"https:\\\/\\\/www.sebastien-auziere.fr\\\/blog\\\/wp-content\\\/uploads\\\/2026\\\/04\\\/En-Coree-du-Sud-Emmanuel-Macron-a-la-rencontre-des-icones-de-la-K-pop.jpg\",\"keywords\":[\"corea del sud\",\"emmanuel macron\",\"ic\u00f4ne della k-pop\",\"incontro\",\"k-pop\"],\"articleSection\":[\"Actualit\u00e0\"],\"inLanguage\":\"fr-FR\",\"potentialAction\":[{\"@type\":\"CommentAction\",\"name\":\"Comment\",\"target\":[\"https:\\\/\\\/www.sebastien-auziere.fr\\\/blog\\\/it\\\/en-corea-del-sud-emmanuel-macron-incontra-le-icone-della-k-pop\\\/#respond\"]}]},{\"@type\":\"WebPage\",\"@id\":\"https:\\\/\\\/www.sebastien-auziere.fr\\\/blog\\\/it\\\/en-corea-del-sud-emmanuel-macron-incontra-le-icone-della-k-pop\\\/\",\"url\":\"https:\\\/\\\/www.sebastien-auziere.fr\\\/blog\\\/it\\\/en-corea-del-sud-emmanuel-macron-incontra-le-icone-della-k-pop\\\/\",\"name\":\"En Corea del Sud, Emmanuel Macron incontra le icone della K-pop - Fan site S\u00e9bastien Auzi\u00e8re\",\"isPartOf\":{\"@id\":\"https:\\\/\\\/www.sebastien-auziere.fr\\\/blog\\\/#website\"},\"primaryImageOfPage\":{\"@id\":\"https:\\\/\\\/www.sebastien-auziere.fr\\\/blog\\\/it\\\/en-corea-del-sud-emmanuel-macron-incontra-le-icone-della-k-pop\\\/#primaryimage\"},\"image\":{\"@id\":\"https:\\\/\\\/www.sebastien-auziere.fr\\\/blog\\\/it\\\/en-corea-del-sud-emmanuel-macron-incontra-le-icone-della-k-pop\\\/#primaryimage\"},\"thumbnailUrl\":\"https:\\\/\\\/www.sebastien-auziere.fr\\\/blog\\\/wp-content\\\/uploads\\\/2026\\\/04\\\/En-Coree-du-Sud-Emmanuel-Macron-a-la-rencontre-des-icones-de-la-K-pop.jpg\",\"datePublished\":\"2026-04-08T07:09:43+00:00\",\"dateModified\":\"2026-04-08T07:10:10+00:00\",\"description\":\"D\u00e9couvrez la rencontre d'Emmanuel Macron avec les ic\u00f4nes de la K-pop en Cor\u00e9e du Sud, un moment marquant entre politique et culture populaire.\",\"breadcrumb\":{\"@id\":\"https:\\\/\\\/www.sebastien-auziere.fr\\\/blog\\\/it\\\/en-corea-del-sud-emmanuel-macron-incontra-le-icone-della-k-pop\\\/#breadcrumb\"},\"inLanguage\":\"fr-FR\",\"potentialAction\":[{\"@type\":\"ReadAction\",\"target\":[\"https:\\\/\\\/www.sebastien-auziere.fr\\\/blog\\\/it\\\/en-corea-del-sud-emmanuel-macron-incontra-le-icone-della-k-pop\\\/\"]}]},{\"@type\":\"ImageObject\",\"inLanguage\":\"fr-FR\",\"@id\":\"https:\\\/\\\/www.sebastien-auziere.fr\\\/blog\\\/it\\\/en-corea-del-sud-emmanuel-macron-incontra-le-icone-della-k-pop\\\/#primaryimage\",\"url\":\"https:\\\/\\\/www.sebastien-auziere.fr\\\/blog\\\/wp-content\\\/uploads\\\/2026\\\/04\\\/En-Coree-du-Sud-Emmanuel-Macron-a-la-rencontre-des-icones-de-la-K-pop.jpg\",\"contentUrl\":\"https:\\\/\\\/www.sebastien-auziere.fr\\\/blog\\\/wp-content\\\/uploads\\\/2026\\\/04\\\/En-Coree-du-Sud-Emmanuel-Macron-a-la-rencontre-des-icones-de-la-K-pop.jpg\",\"width\":2560,\"height\":1429,\"caption\":\"d\u00e9couvrez la visite d'emmanuel macron en cor\u00e9e du sud, o\u00f9 il rencontre les stars embl\u00e9matiques de la k-pop pour renforcer les liens culturels entre les deux pays.\"},{\"@type\":\"BreadcrumbList\",\"@id\":\"https:\\\/\\\/www.sebastien-auziere.fr\\\/blog\\\/it\\\/en-corea-del-sud-emmanuel-macron-incontra-le-icone-della-k-pop\\\/#breadcrumb\",\"itemListElement\":[{\"@type\":\"ListItem\",\"position\":1,\"name\":\"Home\",\"item\":\"https:\\\/\\\/www.sebastien-auziere.fr\\\/blog\\\/\"},{\"@type\":\"ListItem\",\"position\":2,\"name\":\"En Corea del Sud, Emmanuel Macron incontra le icone della K-pop\"}]},{\"@type\":\"WebSite\",\"@id\":\"https:\\\/\\\/www.sebastien-auziere.fr\\\/blog\\\/#website\",\"url\":\"https:\\\/\\\/www.sebastien-auziere.fr\\\/blog\\\/\",\"name\":\"Fan site S\u00e9bastien Auzi\u00e8re\",\"description\":\"M\u00e9dia g\u00e9n\u00e9raliste\",\"publisher\":{\"@id\":\"https:\\\/\\\/www.sebastien-auziere.fr\\\/blog\\\/#organization\"},\"potentialAction\":[{\"@type\":\"SearchAction\",\"target\":{\"@type\":\"EntryPoint\",\"urlTemplate\":\"https:\\\/\\\/www.sebastien-auziere.fr\\\/blog\\\/?s={search_term_string}\"},\"query-input\":{\"@type\":\"PropertyValueSpecification\",\"valueRequired\":true,\"valueName\":\"search_term_string\"}}],\"inLanguage\":\"fr-FR\"},{\"@type\":\"Organization\",\"@id\":\"https:\\\/\\\/www.sebastien-auziere.fr\\\/blog\\\/#organization\",\"name\":\"Fan site S\u00e9bastien Auzi\u00e8re\",\"url\":\"https:\\\/\\\/www.sebastien-auziere.fr\\\/blog\\\/\",\"logo\":{\"@type\":\"ImageObject\",\"inLanguage\":\"fr-FR\",\"@id\":\"https:\\\/\\\/www.sebastien-auziere.fr\\\/blog\\\/#\\\/schema\\\/logo\\\/image\\\/\",\"url\":\"https:\\\/\\\/www.sebastien-auziere.fr\\\/blog\\\/wp-content\\\/uploads\\\/2026\\\/03\\\/cropped-cropped-cropped-ChatGPT-Image-6-mars-2026-12_58_09-e1772798376794.jpg\",\"contentUrl\":\"https:\\\/\\\/www.sebastien-auziere.fr\\\/blog\\\/wp-content\\\/uploads\\\/2026\\\/03\\\/cropped-cropped-cropped-ChatGPT-Image-6-mars-2026-12_58_09-e1772798376794.jpg\",\"width\":512,\"height\":360,\"caption\":\"Fan site S\u00e9bastien Auzi\u00e8re\"},\"image\":{\"@id\":\"https:\\\/\\\/www.sebastien-auziere.fr\\\/blog\\\/#\\\/schema\\\/logo\\\/image\\\/\"}},{\"@type\":\"Person\",\"@id\":\"https:\\\/\\\/www.sebastien-auziere.fr\\\/blog\\\/#\\\/schema\\\/person\\\/149f1acdbfd85149c6c3e59adeae2f4d\",\"name\":\"Chloe Gauthier\",\"image\":{\"@type\":\"ImageObject\",\"inLanguage\":\"fr-FR\",\"@id\":\"https:\\\/\\\/secure.gravatar.com\\\/avatar\\\/2c5722f58171cff738a8985ef0dd66b476e563753246a49019befc837ec4201a?s=96&d=mm&r=g\",\"url\":\"https:\\\/\\\/secure.gravatar.com\\\/avatar\\\/2c5722f58171cff738a8985ef0dd66b476e563753246a49019befc837ec4201a?s=96&d=mm&r=g\",\"contentUrl\":\"https:\\\/\\\/secure.gravatar.com\\\/avatar\\\/2c5722f58171cff738a8985ef0dd66b476e563753246a49019befc837ec4201a?s=96&d=mm&r=g\",\"caption\":\"Chloe Gauthier\"},\"description\":\"Passionn\u00e9e par la politique et admiratrice engag\u00e9e de la famille Macron, je consacre mon \u00e9nergie \u00e0 suivre leurs initiatives et \u00e0 promouvoir leurs id\u00e9es. \u00c0 32 ans, je suis convaincue que leur vision est porteuse d'avenir.\",\"url\":\"https:\\\/\\\/www.sebastien-auziere.fr\\\/blog\\\/author\\\/chloe-gauthier\\\/\"}]}<\/script>\n<!-- \/ Yoast SEO plugin. -->","yoast_head_json":{"title":"En Corea del Sud, Emmanuel Macron incontra le icone della K-pop - Fan site S\u00e9bastien Auzi\u00e8re","description":"D\u00e9couvrez la rencontre d'Emmanuel Macron avec les ic\u00f4nes de la K-pop en Cor\u00e9e du Sud, un moment marquant entre politique et culture populaire.","robots":{"index":"index","follow":"follow","max-snippet":"max-snippet:-1","max-image-preview":"max-image-preview:large","max-video-preview":"max-video-preview:-1"},"canonical":"https:\/\/www.sebastien-auziere.fr\/blog\/it\/en-corea-del-sud-emmanuel-macron-incontra-le-icone-della-k-pop\/","og_locale":"fr_FR","og_type":"article","og_title":"En Corea del Sud, Emmanuel Macron incontra le icone della K-pop - Fan site S\u00e9bastien Auzi\u00e8re","og_description":"D\u00e9couvrez la rencontre d'Emmanuel Macron avec les ic\u00f4nes de la K-pop en Cor\u00e9e du Sud, un moment marquant entre politique et culture populaire.","og_url":"https:\/\/www.sebastien-auziere.fr\/blog\/it\/en-corea-del-sud-emmanuel-macron-incontra-le-icone-della-k-pop\/","og_site_name":"Fan site S\u00e9bastien Auzi\u00e8re","article_published_time":"2026-04-08T07:09:43+00:00","article_modified_time":"2026-04-08T07:10:10+00:00","og_image":[{"width":2560,"height":1429,"url":"https:\/\/www.sebastien-auziere.fr\/blog\/wp-content\/uploads\/2026\/04\/En-Coree-du-Sud-Emmanuel-Macron-a-la-rencontre-des-icones-de-la-K-pop.jpg","type":"image\/jpeg"}],"author":"Chloe Gauthier","twitter_card":"summary_large_image","twitter_misc":{"\u00c9crit par":"Chloe Gauthier","Dur\u00e9e de lecture estim\u00e9e":"2 minutes"},"schema":{"@context":"https:\/\/schema.org","@graph":[{"@type":"Article","@id":"https:\/\/www.sebastien-auziere.fr\/blog\/it\/en-corea-del-sud-emmanuel-macron-incontra-le-icone-della-k-pop\/#article","isPartOf":{"@id":"https:\/\/www.sebastien-auziere.fr\/blog\/it\/en-corea-del-sud-emmanuel-macron-incontra-le-icone-della-k-pop\/"},"author":{"name":"Chloe Gauthier","@id":"https:\/\/www.sebastien-auziere.fr\/blog\/#\/schema\/person\/149f1acdbfd85149c6c3e59adeae2f4d"},"headline":"En Corea del Sud, Emmanuel Macron incontra le icone della K-pop","datePublished":"2026-04-08T07:09:43+00:00","dateModified":"2026-04-08T07:10:10+00:00","mainEntityOfPage":{"@id":"https:\/\/www.sebastien-auziere.fr\/blog\/it\/en-corea-del-sud-emmanuel-macron-incontra-le-icone-della-k-pop\/"},"wordCount":458,"commentCount":0,"publisher":{"@id":"https:\/\/www.sebastien-auziere.fr\/blog\/#organization"},"image":{"@id":"https:\/\/www.sebastien-auziere.fr\/blog\/it\/en-corea-del-sud-emmanuel-macron-incontra-le-icone-della-k-pop\/#primaryimage"},"thumbnailUrl":"https:\/\/www.sebastien-auziere.fr\/blog\/wp-content\/uploads\/2026\/04\/En-Coree-du-Sud-Emmanuel-Macron-a-la-rencontre-des-icones-de-la-K-pop.jpg","keywords":["corea del sud","emmanuel macron","ic\u00f4ne della k-pop","incontro","k-pop"],"articleSection":["Actualit\u00e0"],"inLanguage":"fr-FR","potentialAction":[{"@type":"CommentAction","name":"Comment","target":["https:\/\/www.sebastien-auziere.fr\/blog\/it\/en-corea-del-sud-emmanuel-macron-incontra-le-icone-della-k-pop\/#respond"]}]},{"@type":"WebPage","@id":"https:\/\/www.sebastien-auziere.fr\/blog\/it\/en-corea-del-sud-emmanuel-macron-incontra-le-icone-della-k-pop\/","url":"https:\/\/www.sebastien-auziere.fr\/blog\/it\/en-corea-del-sud-emmanuel-macron-incontra-le-icone-della-k-pop\/","name":"En Corea del Sud, Emmanuel Macron incontra le icone della K-pop - Fan site S\u00e9bastien Auzi\u00e8re","isPartOf":{"@id":"https:\/\/www.sebastien-auziere.fr\/blog\/#website"},"primaryImageOfPage":{"@id":"https:\/\/www.sebastien-auziere.fr\/blog\/it\/en-corea-del-sud-emmanuel-macron-incontra-le-icone-della-k-pop\/#primaryimage"},"image":{"@id":"https:\/\/www.sebastien-auziere.fr\/blog\/it\/en-corea-del-sud-emmanuel-macron-incontra-le-icone-della-k-pop\/#primaryimage"},"thumbnailUrl":"https:\/\/www.sebastien-auziere.fr\/blog\/wp-content\/uploads\/2026\/04\/En-Coree-du-Sud-Emmanuel-Macron-a-la-rencontre-des-icones-de-la-K-pop.jpg","datePublished":"2026-04-08T07:09:43+00:00","dateModified":"2026-04-08T07:10:10+00:00","description":"D\u00e9couvrez la rencontre d'Emmanuel Macron avec les ic\u00f4nes de la K-pop en Cor\u00e9e du Sud, un moment marquant entre politique et culture populaire.","breadcrumb":{"@id":"https:\/\/www.sebastien-auziere.fr\/blog\/it\/en-corea-del-sud-emmanuel-macron-incontra-le-icone-della-k-pop\/#breadcrumb"},"inLanguage":"fr-FR","potentialAction":[{"@type":"ReadAction","target":["https:\/\/www.sebastien-auziere.fr\/blog\/it\/en-corea-del-sud-emmanuel-macron-incontra-le-icone-della-k-pop\/"]}]},{"@type":"ImageObject","inLanguage":"fr-FR","@id":"https:\/\/www.sebastien-auziere.fr\/blog\/it\/en-corea-del-sud-emmanuel-macron-incontra-le-icone-della-k-pop\/#primaryimage","url":"https:\/\/www.sebastien-auziere.fr\/blog\/wp-content\/uploads\/2026\/04\/En-Coree-du-Sud-Emmanuel-Macron-a-la-rencontre-des-icones-de-la-K-pop.jpg","contentUrl":"https:\/\/www.sebastien-auziere.fr\/blog\/wp-content\/uploads\/2026\/04\/En-Coree-du-Sud-Emmanuel-Macron-a-la-rencontre-des-icones-de-la-K-pop.jpg","width":2560,"height":1429,"caption":"d\u00e9couvrez la visite d'emmanuel macron en cor\u00e9e du sud, o\u00f9 il rencontre les stars embl\u00e9matiques de la k-pop pour renforcer les liens culturels entre les deux pays."},{"@type":"BreadcrumbList","@id":"https:\/\/www.sebastien-auziere.fr\/blog\/it\/en-corea-del-sud-emmanuel-macron-incontra-le-icone-della-k-pop\/#breadcrumb","itemListElement":[{"@type":"ListItem","position":1,"name":"Home","item":"https:\/\/www.sebastien-auziere.fr\/blog\/"},{"@type":"ListItem","position":2,"name":"En Corea del Sud, Emmanuel Macron incontra le icone della K-pop"}]},{"@type":"WebSite","@id":"https:\/\/www.sebastien-auziere.fr\/blog\/#website","url":"https:\/\/www.sebastien-auziere.fr\/blog\/","name":"Fan site S\u00e9bastien Auzi\u00e8re","description":"M\u00e9dia g\u00e9n\u00e9raliste","publisher":{"@id":"https:\/\/www.sebastien-auziere.fr\/blog\/#organization"},"potentialAction":[{"@type":"SearchAction","target":{"@type":"EntryPoint","urlTemplate":"https:\/\/www.sebastien-auziere.fr\/blog\/?s={search_term_string}"},"query-input":{"@type":"PropertyValueSpecification","valueRequired":true,"valueName":"search_term_string"}}],"inLanguage":"fr-FR"},{"@type":"Organization","@id":"https:\/\/www.sebastien-auziere.fr\/blog\/#organization","name":"Fan site S\u00e9bastien Auzi\u00e8re","url":"https:\/\/www.sebastien-auziere.fr\/blog\/","logo":{"@type":"ImageObject","inLanguage":"fr-FR","@id":"https:\/\/www.sebastien-auziere.fr\/blog\/#\/schema\/logo\/image\/","url":"https:\/\/www.sebastien-auziere.fr\/blog\/wp-content\/uploads\/2026\/03\/cropped-cropped-cropped-ChatGPT-Image-6-mars-2026-12_58_09-e1772798376794.jpg","contentUrl":"https:\/\/www.sebastien-auziere.fr\/blog\/wp-content\/uploads\/2026\/03\/cropped-cropped-cropped-ChatGPT-Image-6-mars-2026-12_58_09-e1772798376794.jpg","width":512,"height":360,"caption":"Fan site S\u00e9bastien Auzi\u00e8re"},"image":{"@id":"https:\/\/www.sebastien-auziere.fr\/blog\/#\/schema\/logo\/image\/"}},{"@type":"Person","@id":"https:\/\/www.sebastien-auziere.fr\/blog\/#\/schema\/person\/149f1acdbfd85149c6c3e59adeae2f4d","name":"Chloe Gauthier","image":{"@type":"ImageObject","inLanguage":"fr-FR","@id":"https:\/\/secure.gravatar.com\/avatar\/2c5722f58171cff738a8985ef0dd66b476e563753246a49019befc837ec4201a?s=96&d=mm&r=g","url":"https:\/\/secure.gravatar.com\/avatar\/2c5722f58171cff738a8985ef0dd66b476e563753246a49019befc837ec4201a?s=96&d=mm&r=g","contentUrl":"https:\/\/secure.gravatar.com\/avatar\/2c5722f58171cff738a8985ef0dd66b476e563753246a49019befc837ec4201a?s=96&d=mm&r=g","caption":"Chloe Gauthier"},"description":"Passionn\u00e9e par la politique et admiratrice engag\u00e9e de la famille Macron, je consacre mon \u00e9nergie \u00e0 suivre leurs initiatives et \u00e0 promouvoir leurs id\u00e9es. \u00c0 32 ans, je suis convaincue que leur vision est porteuse d'avenir.","url":"https:\/\/www.sebastien-auziere.fr\/blog\/author\/chloe-gauthier\/"}]}},"views":3,"_links":{"self":[{"href":"https:\/\/www.sebastien-auziere.fr\/blog\/wp-json\/wp\/v2\/posts\/2858","targetHints":{"allow":["GET"]}}],"collection":[{"href":"https:\/\/www.sebastien-auziere.fr\/blog\/wp-json\/wp\/v2\/posts"}],"about":[{"href":"https:\/\/www.sebastien-auziere.fr\/blog\/wp-json\/wp\/v2\/types\/post"}],"author":[{"embeddable":true,"href":"https:\/\/www.sebastien-auziere.fr\/blog\/wp-json\/wp\/v2\/users\/9"}],"replies":[{"embeddable":true,"href":"https:\/\/www.sebastien-auziere.fr\/blog\/wp-json\/wp\/v2\/comments?post=2858"}],"version-history":[{"count":1,"href":"https:\/\/www.sebastien-auziere.fr\/blog\/wp-json\/wp\/v2\/posts\/2858\/revisions"}],"predecessor-version":[{"id":2859,"href":"https:\/\/www.sebastien-auziere.fr\/blog\/wp-json\/wp\/v2\/posts\/2858\/revisions\/2859"}],"wp:featuredmedia":[{"embeddable":true,"href":"https:\/\/www.sebastien-auziere.fr\/blog\/wp-json\/wp\/v2\/media\/2850"}],"wp:attachment":[{"href":"https:\/\/www.sebastien-auziere.fr\/blog\/wp-json\/wp\/v2\/media?parent=2858"}],"wp:term":[{"taxonomy":"category","embeddable":true,"href":"https:\/\/www.sebastien-auziere.fr\/blog\/wp-json\/wp\/v2\/categories?post=2858"},{"taxonomy":"post_tag","embeddable":true,"href":"https:\/\/www.sebastien-auziere.fr\/blog\/wp-json\/wp\/v2\/tags?post=2858"}],"curies":[{"name":"wp","href":"https:\/\/api.w.org\/{rel}","templated":true}]}}