{"id":2856,"date":"2026-04-08T07:06:07","date_gmt":"2026-04-08T07:06:07","guid":{"rendered":"https:\/\/www.sebastien-auziere.fr\/blog\/?p=2856"},"modified":"2026-04-08T07:06:45","modified_gmt":"2026-04-08T07:06:45","slug":"en-sudkorea-trifft-emmanuel-macron-auf-die-ikonen-der-k-pop","status":"publish","type":"post","link":"https:\/\/www.sebastien-auziere.fr\/blog\/de\/en-sudkorea-trifft-emmanuel-macron-auf-die-ikonen-der-k-pop\/","title":{"rendered":"En S\u00fcdkorea trifft Emmanuel Macron auf die Ikonen der K-Pop"},"content":{"rendered":"<p><strong>In S\u00fcdkorea<\/strong>, am 3. April, <strong>Emmanuel Macron<\/strong> traf w\u00e4hrend eines Staatsessens in Seoul auf <strong>Ikonen<\/strong> der <strong>K-pop<\/strong>, ein Moment, der Diplomatie und <strong>Popkultur<\/strong> vereinte. Du wirst entdecken, wie dieser kulturelle Austausch \u2014 zwischen Staatsoberh\u00e4uptern, K\u00fcnstlern und Kreativen \u2014 die Rolle der <strong>Musik<\/strong> in den zeitgen\u00f6ssischen <strong>internationalen Beziehungen<\/strong> veranschaulicht hat.<\/p>\n\n<p>Der Termin best\u00e4tigte die zentrale Rolle der <strong>Kultur<\/strong> in der offiziellen Reise, die am 31. M\u00e4rz begann, nach einem Stop in Japan. In den fr\u00fchen Stunden in Seoul nahm das Pr\u00e4sidentenpaar an einem Bankett teil, wo <strong>K-pop<\/strong> unter den G\u00e4sten war, und Brigitte Macron erhielt signierte Alben von Namen wie <strong>BTS<\/strong> und <strong>Stray Kids<\/strong>.<\/p>\n\n<h2 class=\"wp-block-heading\">Ein Staatsbankett, bei dem K-pop mit Diplomatie verschmilzt<\/h2>\n\n<p>Am 3. April brachte das offizielle Mittagessen politische Pers\u00f6nlichkeiten und K\u00fcnstler zusammen. Unter den G\u00e4sten teilten die Mitglieder von <strong>Stray Kids<\/strong> und die Schauspielerin Jun Ji-hyun den Tisch mit dem Pr\u00e4sidentenpaar und dem koreanischen Pr\u00e4sidenten Lee Jae-myung. Du findest einen detaillierten Bericht \u00fcber dieses Treffen in der lokalen und spezialisierten Presse, die die freundliche Atmosph\u00e4re und den Austausch \u00fcber <strong>Musik<\/strong> als Medium kultureller Einflussnahme hervorhebt. Insight: <strong>Popkultur<\/strong> wird zu einem konkreten diplomatischen Werkzeug.<\/p>\n\n<h2 class=\"wp-block-heading\">Symbolische Geschenke und pr\u00e4gende Begegnungen<\/h2>\n\n<p>Beim privaten Abendessen in Sangchunjae erhielt die First Lady einen Service aus Keramik und mehrere autogrammierte Alben, die an die Zusammenkunft von kulinarischen und kulturellen Traditionen erinnerten. Der Abend des 2. April wurde von dem mit Sternen ausgezeichneten Chef Son Jong-won zubereitet, gem\u00e4\u00df Berichten, und diente als Vorgeschmack auf das Staatsessen. Um mehr zu erfahren, erw\u00e4hnt die Berichterstattung \u00fcber den Besuch diese symbolischen Gesten und deren Bedeutung.<\/p>\n\n<h3 class=\"wp-block-heading\">Kulturelle Botschafter im Zentrum des Austauschs<\/h3>\n\n<p>Im M\u00e4rz wurde <strong>Felix<\/strong> von <strong>Stray Kids<\/strong> zum ehrenamtlichen Botschafter f\u00fcr die franco-koreanischen Beziehungen ernannt, ein Rolle, die seinen Austausch mit Brigitte Macron und dem Pr\u00e4sidenten erleichterte. Die Verbindung zwischen koreanischen Kreativen und franz\u00f6sischen Institutionen wurde gest\u00e4rkt, was veranschaulicht, wie <strong>Musik<\/strong> neue und konkrete Br\u00fccken schl\u00e4gt. Insight: Die Ernennung von K\u00fcnstlern als Botschafter beschleunigt bilaterale Kulturprojekte.<\/p>\n\n<h2 class=\"wp-block-heading\">Auf zu einer verst\u00e4rkten Zusammenarbeit zwischen Frankreich und Korea<\/h2>\n\n<p>\u00dcber die L\u00e4cheln hinaus wurden Diskussionen \u00fcber kulturelle und industrielle Zusammenarbeit gef\u00fchrt, insbesondere um Figuren wie <strong>Lee Soo Man<\/strong> und Projekte zur St\u00e4rkung der internationalen Musikszene. Beobachter stellen fest, dass der Besuch, der erste eines franz\u00f6sischen Pr\u00e4sidenten seit November 2015, darauf abzielt, die historischen Bindungen zu erneuern und <strong>K-pop<\/strong> in eine nachhaltige Kulturpartnerschaft einzubinden. Insight: <strong>Kultur<\/strong> dient als strategisches Hebel in der Diplomatie.<\/p>\n\n<p>Um die Entdeckung zu vertiefen und die Rolle von Vertrauten und Beratern rund um das Pr\u00e4sidentenpaar n\u00e4her zu betrachten, besuche <a href=\"https:\/\/www.sebastien-auziere.fr\/blog\/macron-japon-coree-kpop\/\">das spezielle Dossier<\/a>. F\u00fcr ausf\u00fchrliche Berichte und Analysen des Besuchs sieh dir auch den Bericht auf <a href=\"https:\/\/korae.co\/article\/president-macron-celebrates-k-culture-with-stray-kids-felix-and-jun-ji-hyun\/\">Korae<\/a> und den Artikel von <a href=\"https:\/\/www.ohmymag.com\/people\/actu-people\/macron-et-la-k-pop-moment-convivial-en-coree-du-sud-avec-des-stars-internationales_art183725.html\">Ohmymag<\/a> an, um diese wichtigen Momente noch einmal zu erleben.<\/p>","protected":false},"excerpt":{"rendered":"<p>In S\u00fcdkorea, am 3. April, Emmanuel Macron traf w\u00e4hrend eines Staatsessens in Seoul auf Ikonen der K-pop, ein Moment, der Diplomatie und Popkultur vereinte. Du wirst entdecken, wie dieser kulturelle Austausch \u2014 zwischen Staatsoberh\u00e4uptern, K\u00fcnstlern und Kreativen \u2014 die Rolle der Musik in den zeitgen\u00f6ssischen internationalen Beziehungen veranschaulicht hat. Der Termin best\u00e4tigte die zentrale Rolle &#8230; <a title=\"En S\u00fcdkorea trifft Emmanuel Macron auf die Ikonen der K-Pop\" class=\"read-more\" href=\"https:\/\/www.sebastien-auziere.fr\/blog\/de\/en-sudkorea-trifft-emmanuel-macron-auf-die-ikonen-der-k-pop\/\" aria-label=\"En savoir plus sur En S\u00fcdkorea trifft Emmanuel Macron auf die Ikonen der K-Pop\">Lire plus<\/a><\/p>\n","protected":false},"author":9,"featured_media":2850,"comment_status":"open","ping_status":"open","sticky":false,"template":"","format":"standard","meta":{"footnotes":""},"categories":[856],"tags":[2205,1178,2199,2202,1245],"class_list":["post-2856","post","type-post","status-publish","format-standard","has-post-thumbnail","hentry","category-aktuelles-de","tag-begegnung-de","tag-emmanuel-macron-de","tag-icones-der-k-pop-de","tag-k-pop-de","tag-sudkorea-de"],"yoast_head":"<!-- This site is optimized with the Yoast SEO plugin v27.5 - https:\/\/yoast.com\/product\/yoast-seo-wordpress\/ -->\n<title>En S\u00fcdkorea trifft Emmanuel Macron auf die Ikonen der K-Pop - Fan site S\u00e9bastien Auzi\u00e8re<\/title>\n<meta name=\"description\" content=\"D\u00e9couvrez la rencontre d&#039;Emmanuel Macron avec les ic\u00f4nes de la K-pop en Cor\u00e9e du Sud, un moment marquant entre politique et culture populaire.\" \/>\n<meta name=\"robots\" content=\"index, follow, max-snippet:-1, max-image-preview:large, max-video-preview:-1\" \/>\n<link rel=\"canonical\" href=\"https:\/\/www.sebastien-auziere.fr\/blog\/de\/en-sudkorea-trifft-emmanuel-macron-auf-die-ikonen-der-k-pop\/\" \/>\n<meta property=\"og:locale\" content=\"fr_FR\" \/>\n<meta property=\"og:type\" content=\"article\" \/>\n<meta property=\"og:title\" content=\"En S\u00fcdkorea trifft Emmanuel Macron auf die Ikonen der K-Pop - Fan site S\u00e9bastien Auzi\u00e8re\" \/>\n<meta property=\"og:description\" content=\"D\u00e9couvrez la rencontre d&#039;Emmanuel Macron avec les ic\u00f4nes de la K-pop en Cor\u00e9e du Sud, un moment marquant entre politique et culture populaire.\" \/>\n<meta property=\"og:url\" content=\"https:\/\/www.sebastien-auziere.fr\/blog\/de\/en-sudkorea-trifft-emmanuel-macron-auf-die-ikonen-der-k-pop\/\" \/>\n<meta property=\"og:site_name\" content=\"Fan site S\u00e9bastien Auzi\u00e8re\" \/>\n<meta property=\"article:published_time\" content=\"2026-04-08T07:06:07+00:00\" \/>\n<meta property=\"article:modified_time\" content=\"2026-04-08T07:06:45+00:00\" \/>\n<meta property=\"og:image\" content=\"https:\/\/www.sebastien-auziere.fr\/blog\/wp-content\/uploads\/2026\/04\/En-Coree-du-Sud-Emmanuel-Macron-a-la-rencontre-des-icones-de-la-K-pop.jpg\" \/>\n\t<meta property=\"og:image:width\" content=\"2560\" \/>\n\t<meta property=\"og:image:height\" content=\"1429\" \/>\n\t<meta property=\"og:image:type\" content=\"image\/jpeg\" \/>\n<meta name=\"author\" content=\"Chloe Gauthier\" \/>\n<meta name=\"twitter:card\" content=\"summary_large_image\" \/>\n<meta name=\"twitter:label1\" content=\"\u00c9crit par\" \/>\n\t<meta name=\"twitter:data1\" content=\"Chloe Gauthier\" \/>\n\t<meta name=\"twitter:label2\" content=\"Dur\u00e9e de lecture estim\u00e9e\" \/>\n\t<meta name=\"twitter:data2\" content=\"2 minutes\" \/>\n<script type=\"application\/ld+json\" class=\"yoast-schema-graph\">{\"@context\":\"https:\\\/\\\/schema.org\",\"@graph\":[{\"@type\":\"Article\",\"@id\":\"https:\\\/\\\/www.sebastien-auziere.fr\\\/blog\\\/de\\\/en-sudkorea-trifft-emmanuel-macron-auf-die-ikonen-der-k-pop\\\/#article\",\"isPartOf\":{\"@id\":\"https:\\\/\\\/www.sebastien-auziere.fr\\\/blog\\\/de\\\/en-sudkorea-trifft-emmanuel-macron-auf-die-ikonen-der-k-pop\\\/\"},\"author\":{\"name\":\"Chloe Gauthier\",\"@id\":\"https:\\\/\\\/www.sebastien-auziere.fr\\\/blog\\\/#\\\/schema\\\/person\\\/149f1acdbfd85149c6c3e59adeae2f4d\"},\"headline\":\"En S\u00fcdkorea trifft Emmanuel Macron auf die Ikonen der K-Pop\",\"datePublished\":\"2026-04-08T07:06:07+00:00\",\"dateModified\":\"2026-04-08T07:06:45+00:00\",\"mainEntityOfPage\":{\"@id\":\"https:\\\/\\\/www.sebastien-auziere.fr\\\/blog\\\/de\\\/en-sudkorea-trifft-emmanuel-macron-auf-die-ikonen-der-k-pop\\\/\"},\"wordCount\":481,\"commentCount\":0,\"publisher\":{\"@id\":\"https:\\\/\\\/www.sebastien-auziere.fr\\\/blog\\\/#organization\"},\"image\":{\"@id\":\"https:\\\/\\\/www.sebastien-auziere.fr\\\/blog\\\/de\\\/en-sudkorea-trifft-emmanuel-macron-auf-die-ikonen-der-k-pop\\\/#primaryimage\"},\"thumbnailUrl\":\"https:\\\/\\\/www.sebastien-auziere.fr\\\/blog\\\/wp-content\\\/uploads\\\/2026\\\/04\\\/En-Coree-du-Sud-Emmanuel-Macron-a-la-rencontre-des-icones-de-la-K-pop.jpg\",\"keywords\":[\"begegnung\",\"emmanuel macron\",\"ic\u00f4nes der k-pop\",\"k-pop\",\"s\u00fcdkorea\"],\"articleSection\":[\"Aktuelles\"],\"inLanguage\":\"fr-FR\",\"potentialAction\":[{\"@type\":\"CommentAction\",\"name\":\"Comment\",\"target\":[\"https:\\\/\\\/www.sebastien-auziere.fr\\\/blog\\\/de\\\/en-sudkorea-trifft-emmanuel-macron-auf-die-ikonen-der-k-pop\\\/#respond\"]}]},{\"@type\":\"WebPage\",\"@id\":\"https:\\\/\\\/www.sebastien-auziere.fr\\\/blog\\\/de\\\/en-sudkorea-trifft-emmanuel-macron-auf-die-ikonen-der-k-pop\\\/\",\"url\":\"https:\\\/\\\/www.sebastien-auziere.fr\\\/blog\\\/de\\\/en-sudkorea-trifft-emmanuel-macron-auf-die-ikonen-der-k-pop\\\/\",\"name\":\"En S\u00fcdkorea trifft Emmanuel Macron auf die Ikonen der K-Pop - Fan site S\u00e9bastien Auzi\u00e8re\",\"isPartOf\":{\"@id\":\"https:\\\/\\\/www.sebastien-auziere.fr\\\/blog\\\/#website\"},\"primaryImageOfPage\":{\"@id\":\"https:\\\/\\\/www.sebastien-auziere.fr\\\/blog\\\/de\\\/en-sudkorea-trifft-emmanuel-macron-auf-die-ikonen-der-k-pop\\\/#primaryimage\"},\"image\":{\"@id\":\"https:\\\/\\\/www.sebastien-auziere.fr\\\/blog\\\/de\\\/en-sudkorea-trifft-emmanuel-macron-auf-die-ikonen-der-k-pop\\\/#primaryimage\"},\"thumbnailUrl\":\"https:\\\/\\\/www.sebastien-auziere.fr\\\/blog\\\/wp-content\\\/uploads\\\/2026\\\/04\\\/En-Coree-du-Sud-Emmanuel-Macron-a-la-rencontre-des-icones-de-la-K-pop.jpg\",\"datePublished\":\"2026-04-08T07:06:07+00:00\",\"dateModified\":\"2026-04-08T07:06:45+00:00\",\"description\":\"D\u00e9couvrez la rencontre d'Emmanuel Macron avec les ic\u00f4nes de la K-pop en Cor\u00e9e du Sud, un moment marquant entre politique et culture populaire.\",\"breadcrumb\":{\"@id\":\"https:\\\/\\\/www.sebastien-auziere.fr\\\/blog\\\/de\\\/en-sudkorea-trifft-emmanuel-macron-auf-die-ikonen-der-k-pop\\\/#breadcrumb\"},\"inLanguage\":\"fr-FR\",\"potentialAction\":[{\"@type\":\"ReadAction\",\"target\":[\"https:\\\/\\\/www.sebastien-auziere.fr\\\/blog\\\/de\\\/en-sudkorea-trifft-emmanuel-macron-auf-die-ikonen-der-k-pop\\\/\"]}]},{\"@type\":\"ImageObject\",\"inLanguage\":\"fr-FR\",\"@id\":\"https:\\\/\\\/www.sebastien-auziere.fr\\\/blog\\\/de\\\/en-sudkorea-trifft-emmanuel-macron-auf-die-ikonen-der-k-pop\\\/#primaryimage\",\"url\":\"https:\\\/\\\/www.sebastien-auziere.fr\\\/blog\\\/wp-content\\\/uploads\\\/2026\\\/04\\\/En-Coree-du-Sud-Emmanuel-Macron-a-la-rencontre-des-icones-de-la-K-pop.jpg\",\"contentUrl\":\"https:\\\/\\\/www.sebastien-auziere.fr\\\/blog\\\/wp-content\\\/uploads\\\/2026\\\/04\\\/En-Coree-du-Sud-Emmanuel-Macron-a-la-rencontre-des-icones-de-la-K-pop.jpg\",\"width\":2560,\"height\":1429,\"caption\":\"d\u00e9couvrez la visite d'emmanuel macron en cor\u00e9e du sud, o\u00f9 il rencontre les stars embl\u00e9matiques de la k-pop pour renforcer les liens culturels entre les deux pays.\"},{\"@type\":\"BreadcrumbList\",\"@id\":\"https:\\\/\\\/www.sebastien-auziere.fr\\\/blog\\\/de\\\/en-sudkorea-trifft-emmanuel-macron-auf-die-ikonen-der-k-pop\\\/#breadcrumb\",\"itemListElement\":[{\"@type\":\"ListItem\",\"position\":1,\"name\":\"Home\",\"item\":\"https:\\\/\\\/www.sebastien-auziere.fr\\\/blog\\\/\"},{\"@type\":\"ListItem\",\"position\":2,\"name\":\"En S\u00fcdkorea trifft Emmanuel Macron auf die Ikonen der K-Pop\"}]},{\"@type\":\"WebSite\",\"@id\":\"https:\\\/\\\/www.sebastien-auziere.fr\\\/blog\\\/#website\",\"url\":\"https:\\\/\\\/www.sebastien-auziere.fr\\\/blog\\\/\",\"name\":\"Fan site S\u00e9bastien Auzi\u00e8re\",\"description\":\"M\u00e9dia g\u00e9n\u00e9raliste\",\"publisher\":{\"@id\":\"https:\\\/\\\/www.sebastien-auziere.fr\\\/blog\\\/#organization\"},\"potentialAction\":[{\"@type\":\"SearchAction\",\"target\":{\"@type\":\"EntryPoint\",\"urlTemplate\":\"https:\\\/\\\/www.sebastien-auziere.fr\\\/blog\\\/?s={search_term_string}\"},\"query-input\":{\"@type\":\"PropertyValueSpecification\",\"valueRequired\":true,\"valueName\":\"search_term_string\"}}],\"inLanguage\":\"fr-FR\"},{\"@type\":\"Organization\",\"@id\":\"https:\\\/\\\/www.sebastien-auziere.fr\\\/blog\\\/#organization\",\"name\":\"Fan site S\u00e9bastien Auzi\u00e8re\",\"url\":\"https:\\\/\\\/www.sebastien-auziere.fr\\\/blog\\\/\",\"logo\":{\"@type\":\"ImageObject\",\"inLanguage\":\"fr-FR\",\"@id\":\"https:\\\/\\\/www.sebastien-auziere.fr\\\/blog\\\/#\\\/schema\\\/logo\\\/image\\\/\",\"url\":\"https:\\\/\\\/www.sebastien-auziere.fr\\\/blog\\\/wp-content\\\/uploads\\\/2026\\\/03\\\/cropped-cropped-cropped-ChatGPT-Image-6-mars-2026-12_58_09-e1772798376794.jpg\",\"contentUrl\":\"https:\\\/\\\/www.sebastien-auziere.fr\\\/blog\\\/wp-content\\\/uploads\\\/2026\\\/03\\\/cropped-cropped-cropped-ChatGPT-Image-6-mars-2026-12_58_09-e1772798376794.jpg\",\"width\":512,\"height\":360,\"caption\":\"Fan site S\u00e9bastien Auzi\u00e8re\"},\"image\":{\"@id\":\"https:\\\/\\\/www.sebastien-auziere.fr\\\/blog\\\/#\\\/schema\\\/logo\\\/image\\\/\"}},{\"@type\":\"Person\",\"@id\":\"https:\\\/\\\/www.sebastien-auziere.fr\\\/blog\\\/#\\\/schema\\\/person\\\/149f1acdbfd85149c6c3e59adeae2f4d\",\"name\":\"Chloe Gauthier\",\"image\":{\"@type\":\"ImageObject\",\"inLanguage\":\"fr-FR\",\"@id\":\"https:\\\/\\\/secure.gravatar.com\\\/avatar\\\/2c5722f58171cff738a8985ef0dd66b476e563753246a49019befc837ec4201a?s=96&d=mm&r=g\",\"url\":\"https:\\\/\\\/secure.gravatar.com\\\/avatar\\\/2c5722f58171cff738a8985ef0dd66b476e563753246a49019befc837ec4201a?s=96&d=mm&r=g\",\"contentUrl\":\"https:\\\/\\\/secure.gravatar.com\\\/avatar\\\/2c5722f58171cff738a8985ef0dd66b476e563753246a49019befc837ec4201a?s=96&d=mm&r=g\",\"caption\":\"Chloe Gauthier\"},\"description\":\"Passionn\u00e9e par la politique et admiratrice engag\u00e9e de la famille Macron, je consacre mon \u00e9nergie \u00e0 suivre leurs initiatives et \u00e0 promouvoir leurs id\u00e9es. \u00c0 32 ans, je suis convaincue que leur vision est porteuse d'avenir.\",\"url\":\"https:\\\/\\\/www.sebastien-auziere.fr\\\/blog\\\/author\\\/chloe-gauthier\\\/\"}]}<\/script>\n<!-- \/ Yoast SEO plugin. -->","yoast_head_json":{"title":"En S\u00fcdkorea trifft Emmanuel Macron auf die Ikonen der K-Pop - Fan site S\u00e9bastien Auzi\u00e8re","description":"D\u00e9couvrez la rencontre d'Emmanuel Macron avec les ic\u00f4nes de la K-pop en Cor\u00e9e du Sud, un moment marquant entre politique et culture populaire.","robots":{"index":"index","follow":"follow","max-snippet":"max-snippet:-1","max-image-preview":"max-image-preview:large","max-video-preview":"max-video-preview:-1"},"canonical":"https:\/\/www.sebastien-auziere.fr\/blog\/de\/en-sudkorea-trifft-emmanuel-macron-auf-die-ikonen-der-k-pop\/","og_locale":"fr_FR","og_type":"article","og_title":"En S\u00fcdkorea trifft Emmanuel Macron auf die Ikonen der K-Pop - Fan site S\u00e9bastien Auzi\u00e8re","og_description":"D\u00e9couvrez la rencontre d'Emmanuel Macron avec les ic\u00f4nes de la K-pop en Cor\u00e9e du Sud, un moment marquant entre politique et culture populaire.","og_url":"https:\/\/www.sebastien-auziere.fr\/blog\/de\/en-sudkorea-trifft-emmanuel-macron-auf-die-ikonen-der-k-pop\/","og_site_name":"Fan site S\u00e9bastien Auzi\u00e8re","article_published_time":"2026-04-08T07:06:07+00:00","article_modified_time":"2026-04-08T07:06:45+00:00","og_image":[{"width":2560,"height":1429,"url":"https:\/\/www.sebastien-auziere.fr\/blog\/wp-content\/uploads\/2026\/04\/En-Coree-du-Sud-Emmanuel-Macron-a-la-rencontre-des-icones-de-la-K-pop.jpg","type":"image\/jpeg"}],"author":"Chloe Gauthier","twitter_card":"summary_large_image","twitter_misc":{"\u00c9crit par":"Chloe Gauthier","Dur\u00e9e de lecture estim\u00e9e":"2 minutes"},"schema":{"@context":"https:\/\/schema.org","@graph":[{"@type":"Article","@id":"https:\/\/www.sebastien-auziere.fr\/blog\/de\/en-sudkorea-trifft-emmanuel-macron-auf-die-ikonen-der-k-pop\/#article","isPartOf":{"@id":"https:\/\/www.sebastien-auziere.fr\/blog\/de\/en-sudkorea-trifft-emmanuel-macron-auf-die-ikonen-der-k-pop\/"},"author":{"name":"Chloe Gauthier","@id":"https:\/\/www.sebastien-auziere.fr\/blog\/#\/schema\/person\/149f1acdbfd85149c6c3e59adeae2f4d"},"headline":"En S\u00fcdkorea trifft Emmanuel Macron auf die Ikonen der K-Pop","datePublished":"2026-04-08T07:06:07+00:00","dateModified":"2026-04-08T07:06:45+00:00","mainEntityOfPage":{"@id":"https:\/\/www.sebastien-auziere.fr\/blog\/de\/en-sudkorea-trifft-emmanuel-macron-auf-die-ikonen-der-k-pop\/"},"wordCount":481,"commentCount":0,"publisher":{"@id":"https:\/\/www.sebastien-auziere.fr\/blog\/#organization"},"image":{"@id":"https:\/\/www.sebastien-auziere.fr\/blog\/de\/en-sudkorea-trifft-emmanuel-macron-auf-die-ikonen-der-k-pop\/#primaryimage"},"thumbnailUrl":"https:\/\/www.sebastien-auziere.fr\/blog\/wp-content\/uploads\/2026\/04\/En-Coree-du-Sud-Emmanuel-Macron-a-la-rencontre-des-icones-de-la-K-pop.jpg","keywords":["begegnung","emmanuel macron","ic\u00f4nes der k-pop","k-pop","s\u00fcdkorea"],"articleSection":["Aktuelles"],"inLanguage":"fr-FR","potentialAction":[{"@type":"CommentAction","name":"Comment","target":["https:\/\/www.sebastien-auziere.fr\/blog\/de\/en-sudkorea-trifft-emmanuel-macron-auf-die-ikonen-der-k-pop\/#respond"]}]},{"@type":"WebPage","@id":"https:\/\/www.sebastien-auziere.fr\/blog\/de\/en-sudkorea-trifft-emmanuel-macron-auf-die-ikonen-der-k-pop\/","url":"https:\/\/www.sebastien-auziere.fr\/blog\/de\/en-sudkorea-trifft-emmanuel-macron-auf-die-ikonen-der-k-pop\/","name":"En S\u00fcdkorea trifft Emmanuel Macron auf die Ikonen der K-Pop - Fan site S\u00e9bastien Auzi\u00e8re","isPartOf":{"@id":"https:\/\/www.sebastien-auziere.fr\/blog\/#website"},"primaryImageOfPage":{"@id":"https:\/\/www.sebastien-auziere.fr\/blog\/de\/en-sudkorea-trifft-emmanuel-macron-auf-die-ikonen-der-k-pop\/#primaryimage"},"image":{"@id":"https:\/\/www.sebastien-auziere.fr\/blog\/de\/en-sudkorea-trifft-emmanuel-macron-auf-die-ikonen-der-k-pop\/#primaryimage"},"thumbnailUrl":"https:\/\/www.sebastien-auziere.fr\/blog\/wp-content\/uploads\/2026\/04\/En-Coree-du-Sud-Emmanuel-Macron-a-la-rencontre-des-icones-de-la-K-pop.jpg","datePublished":"2026-04-08T07:06:07+00:00","dateModified":"2026-04-08T07:06:45+00:00","description":"D\u00e9couvrez la rencontre d'Emmanuel Macron avec les ic\u00f4nes de la K-pop en Cor\u00e9e du Sud, un moment marquant entre politique et culture populaire.","breadcrumb":{"@id":"https:\/\/www.sebastien-auziere.fr\/blog\/de\/en-sudkorea-trifft-emmanuel-macron-auf-die-ikonen-der-k-pop\/#breadcrumb"},"inLanguage":"fr-FR","potentialAction":[{"@type":"ReadAction","target":["https:\/\/www.sebastien-auziere.fr\/blog\/de\/en-sudkorea-trifft-emmanuel-macron-auf-die-ikonen-der-k-pop\/"]}]},{"@type":"ImageObject","inLanguage":"fr-FR","@id":"https:\/\/www.sebastien-auziere.fr\/blog\/de\/en-sudkorea-trifft-emmanuel-macron-auf-die-ikonen-der-k-pop\/#primaryimage","url":"https:\/\/www.sebastien-auziere.fr\/blog\/wp-content\/uploads\/2026\/04\/En-Coree-du-Sud-Emmanuel-Macron-a-la-rencontre-des-icones-de-la-K-pop.jpg","contentUrl":"https:\/\/www.sebastien-auziere.fr\/blog\/wp-content\/uploads\/2026\/04\/En-Coree-du-Sud-Emmanuel-Macron-a-la-rencontre-des-icones-de-la-K-pop.jpg","width":2560,"height":1429,"caption":"d\u00e9couvrez la visite d'emmanuel macron en cor\u00e9e du sud, o\u00f9 il rencontre les stars embl\u00e9matiques de la k-pop pour renforcer les liens culturels entre les deux pays."},{"@type":"BreadcrumbList","@id":"https:\/\/www.sebastien-auziere.fr\/blog\/de\/en-sudkorea-trifft-emmanuel-macron-auf-die-ikonen-der-k-pop\/#breadcrumb","itemListElement":[{"@type":"ListItem","position":1,"name":"Home","item":"https:\/\/www.sebastien-auziere.fr\/blog\/"},{"@type":"ListItem","position":2,"name":"En S\u00fcdkorea trifft Emmanuel Macron auf die Ikonen der K-Pop"}]},{"@type":"WebSite","@id":"https:\/\/www.sebastien-auziere.fr\/blog\/#website","url":"https:\/\/www.sebastien-auziere.fr\/blog\/","name":"Fan site S\u00e9bastien Auzi\u00e8re","description":"M\u00e9dia g\u00e9n\u00e9raliste","publisher":{"@id":"https:\/\/www.sebastien-auziere.fr\/blog\/#organization"},"potentialAction":[{"@type":"SearchAction","target":{"@type":"EntryPoint","urlTemplate":"https:\/\/www.sebastien-auziere.fr\/blog\/?s={search_term_string}"},"query-input":{"@type":"PropertyValueSpecification","valueRequired":true,"valueName":"search_term_string"}}],"inLanguage":"fr-FR"},{"@type":"Organization","@id":"https:\/\/www.sebastien-auziere.fr\/blog\/#organization","name":"Fan site S\u00e9bastien Auzi\u00e8re","url":"https:\/\/www.sebastien-auziere.fr\/blog\/","logo":{"@type":"ImageObject","inLanguage":"fr-FR","@id":"https:\/\/www.sebastien-auziere.fr\/blog\/#\/schema\/logo\/image\/","url":"https:\/\/www.sebastien-auziere.fr\/blog\/wp-content\/uploads\/2026\/03\/cropped-cropped-cropped-ChatGPT-Image-6-mars-2026-12_58_09-e1772798376794.jpg","contentUrl":"https:\/\/www.sebastien-auziere.fr\/blog\/wp-content\/uploads\/2026\/03\/cropped-cropped-cropped-ChatGPT-Image-6-mars-2026-12_58_09-e1772798376794.jpg","width":512,"height":360,"caption":"Fan site S\u00e9bastien Auzi\u00e8re"},"image":{"@id":"https:\/\/www.sebastien-auziere.fr\/blog\/#\/schema\/logo\/image\/"}},{"@type":"Person","@id":"https:\/\/www.sebastien-auziere.fr\/blog\/#\/schema\/person\/149f1acdbfd85149c6c3e59adeae2f4d","name":"Chloe Gauthier","image":{"@type":"ImageObject","inLanguage":"fr-FR","@id":"https:\/\/secure.gravatar.com\/avatar\/2c5722f58171cff738a8985ef0dd66b476e563753246a49019befc837ec4201a?s=96&d=mm&r=g","url":"https:\/\/secure.gravatar.com\/avatar\/2c5722f58171cff738a8985ef0dd66b476e563753246a49019befc837ec4201a?s=96&d=mm&r=g","contentUrl":"https:\/\/secure.gravatar.com\/avatar\/2c5722f58171cff738a8985ef0dd66b476e563753246a49019befc837ec4201a?s=96&d=mm&r=g","caption":"Chloe Gauthier"},"description":"Passionn\u00e9e par la politique et admiratrice engag\u00e9e de la famille Macron, je consacre mon \u00e9nergie \u00e0 suivre leurs initiatives et \u00e0 promouvoir leurs id\u00e9es. \u00c0 32 ans, je suis convaincue que leur vision est porteuse d'avenir.","url":"https:\/\/www.sebastien-auziere.fr\/blog\/author\/chloe-gauthier\/"}]}},"views":8,"_links":{"self":[{"href":"https:\/\/www.sebastien-auziere.fr\/blog\/wp-json\/wp\/v2\/posts\/2856","targetHints":{"allow":["GET"]}}],"collection":[{"href":"https:\/\/www.sebastien-auziere.fr\/blog\/wp-json\/wp\/v2\/posts"}],"about":[{"href":"https:\/\/www.sebastien-auziere.fr\/blog\/wp-json\/wp\/v2\/types\/post"}],"author":[{"embeddable":true,"href":"https:\/\/www.sebastien-auziere.fr\/blog\/wp-json\/wp\/v2\/users\/9"}],"replies":[{"embeddable":true,"href":"https:\/\/www.sebastien-auziere.fr\/blog\/wp-json\/wp\/v2\/comments?post=2856"}],"version-history":[{"count":1,"href":"https:\/\/www.sebastien-auziere.fr\/blog\/wp-json\/wp\/v2\/posts\/2856\/revisions"}],"predecessor-version":[{"id":2857,"href":"https:\/\/www.sebastien-auziere.fr\/blog\/wp-json\/wp\/v2\/posts\/2856\/revisions\/2857"}],"wp:featuredmedia":[{"embeddable":true,"href":"https:\/\/www.sebastien-auziere.fr\/blog\/wp-json\/wp\/v2\/media\/2850"}],"wp:attachment":[{"href":"https:\/\/www.sebastien-auziere.fr\/blog\/wp-json\/wp\/v2\/media?parent=2856"}],"wp:term":[{"taxonomy":"category","embeddable":true,"href":"https:\/\/www.sebastien-auziere.fr\/blog\/wp-json\/wp\/v2\/categories?post=2856"},{"taxonomy":"post_tag","embeddable":true,"href":"https:\/\/www.sebastien-auziere.fr\/blog\/wp-json\/wp\/v2\/tags?post=2856"}],"curies":[{"name":"wp","href":"https:\/\/api.w.org\/{rel}","templated":true}]}}