{"id":2854,"date":"2026-04-08T07:04:08","date_gmt":"2026-04-08T07:04:08","guid":{"rendered":"https:\/\/www.sebastien-auziere.fr\/blog\/?p=2854"},"modified":"2026-04-08T07:04:38","modified_gmt":"2026-04-08T07:04:38","slug":"en-corea-del-sur-emmanuel-macron-se-reune-con-los-iconos-del-k-pop","status":"publish","type":"post","link":"https:\/\/www.sebastien-auziere.fr\/blog\/es\/en-corea-del-sur-emmanuel-macron-se-reune-con-los-iconos-del-k-pop\/","title":{"rendered":"En Corea del Sur, Emmanuel Macron se re\u00fane con los \u00edconos del K-pop"},"content":{"rendered":"<p><strong>En Corea del Sur<\/strong>, el 3 de abril, <strong>Emmanuel Macron<\/strong> se reuni\u00f3 con <strong>\u00edconos<\/strong> de la <strong>K-pop<\/strong> durante un almuerzo de Estado en Se\u00fal, un momento que combin\u00f3 diplomacia y <strong>cultura pop<\/strong>. Descubrir\u00e1s c\u00f3mo este intercambio cultural \u2014 entre jefes de Estado, artistas y creadores \u2014 ilustr\u00f3 el papel de la <strong>m\u00fasica<\/strong> en las <strong>relaciones internacionales<\/strong> contempor\u00e1neas.<\/p>\n\n<p>La cita confirm\u00f3 el lugar central de la <strong>cultura<\/strong> en la gira oficial que comenz\u00f3 el 31 de marzo, tras una etapa en Jap\u00f3n. Desde las primeras horas en Se\u00fal, la pareja presidencial particip\u00f3 en un banquete donde la <strong>K-pop<\/strong> figuraba entre los invitados, y Brigitte Macron recibi\u00f3 \u00e1lbumes firmados de nombres como <strong>BTS<\/strong> y <strong>Stray Kids<\/strong>.<\/p>\n\n<h2 class=\"wp-block-heading\">Un banquete de Estado donde la K-pop se mezcla con la diplomacia<\/h2>\n\n<p>El 3 de abril, el almuerzo oficial reuni\u00f3 a personalidades pol\u00edticas y artistas. Entre los invitados, los miembros de <strong>Stray Kids<\/strong> y la actriz Jun Ji\u2011hyun compartieron la mesa de la pareja presidencial y del presidente coreano Lee Jae\u2011myung. Encontrar\u00e1s un relato detallado de este encuentro en la prensa local y especializada, que destaca la atm\u00f3sfera amigable y los intercambios sobre la <strong>m\u00fasica<\/strong> como un vector de influencia cultural. Insight: la <strong>cultura pop<\/strong> se convierte en una herramienta diplom\u00e1tica concreta.<\/p>\n\n<h2 class=\"wp-block-heading\">Regalos simb\u00f3licos y encuentros significativos<\/h2>\n\n<p>En la cena privada en Sangchunjae, la primera dama recibi\u00f3 un servicio de cer\u00e1mica y varios \u00e1lbumes autografiados, recordando el encuentro de tradiciones culinarias y culturales. La noche del 2 de abril fue preparada por el chef estrellado Son Jong\u2011won, seg\u00fan los informes, y sirvi\u00f3 como preludio al almuerzo de Estado. Para saber m\u00e1s, la cobertura del desplazamiento evoca estos gestos simb\u00f3licos y su alcance.<\/p>\n\n<h3 class=\"wp-block-heading\">Embajadores culturales en el coraz\u00f3n de los intercambios<\/h3>\n\n<p>En marzo, <strong>Felix<\/strong> de <strong>Stray Kids<\/strong> se convirti\u00f3 en embajador honorario para las relaciones franco-coreanas, un papel que facilit\u00f3 su intercambio con Brigitte Macron y el presidente. El v\u00ednculo entre creadores coreanos e instituciones francesas se ha fortalecido, ilustrando c\u00f3mo la <strong>m\u00fasica<\/strong> traza puentes nuevos y concretos. Insight: la nominaci\u00f3n de artistas como embajadores acelera los proyectos culturales bilaterales.<\/p>\n\n<h2 class=\"wp-block-heading\">Hacia una cooperaci\u00f3n fortalecida entre Francia y Corea<\/h2>\n\n<p>M\u00e1s all\u00e1 de las sonrisas, las discusiones abordaron la cooperaci\u00f3n cultural e industrial, especialmente en torno a figuras como <strong>Lee Soo Man<\/strong> y proyectos para fortalecer la escena musical internacional. Los observadores destacan que la visita, la primera de un presidente franc\u00e9s desde noviembre de 2015, tiene como objetivo renovar los lazos hist\u00f3ricos e inscribir la <strong>K-pop<\/strong> en una asociaci\u00f3n cultural duradera. Insight: la <strong>cultura<\/strong> sirve como un palanca estrat\u00e9gica en diplomacia.<\/p>\n\n<p>Para prolongar el descubrimiento y profundizar el papel de los cercanos y asesores alrededor de la pareja presidencial, visita <a href=\"https:\/\/www.sebastien-auziere.fr\/blog\/macron-japon-coree-kpop\/\">el dossier dedicado<\/a>. Para relatos completos y an\u00e1lisis del desplazamiento, consulta tambi\u00e9n el reportaje sobre <a href=\"https:\/\/korae.co\/article\/president-macron-celebrates-k-culture-with-stray-kids-felix-and-jun-ji-hyun\/\">Korae<\/a> y el art\u00edculo de <a href=\"https:\/\/www.ohmymag.com\/people\/actu-people\/macron-et-la-k-pop-moment-convivial-en-coree-du-sud-avec-des-stars-internationales_art183725.html\">Ohmymag<\/a> para revivir estos momentos destacados.<\/p>","protected":false},"excerpt":{"rendered":"<p>En Corea del Sur, el 3 de abril, Emmanuel Macron se reuni\u00f3 con \u00edconos de la K-pop durante un almuerzo de Estado en Se\u00fal, un momento que combin\u00f3 diplomacia y cultura pop. Descubrir\u00e1s c\u00f3mo este intercambio cultural \u2014 entre jefes de Estado, artistas y creadores \u2014 ilustr\u00f3 el papel de la m\u00fasica en las relaciones &#8230; <a title=\"En Corea del Sur, Emmanuel Macron se re\u00fane con los \u00edconos del K-pop\" class=\"read-more\" href=\"https:\/\/www.sebastien-auziere.fr\/blog\/es\/en-corea-del-sur-emmanuel-macron-se-reune-con-los-iconos-del-k-pop\/\" aria-label=\"En savoir plus sur En Corea del Sur, Emmanuel Macron se re\u00fane con los \u00edconos del K-pop\">Lire plus<\/a><\/p>\n","protected":false},"author":9,"featured_media":2850,"comment_status":"open","ping_status":"open","sticky":false,"template":"","format":"standard","meta":{"footnotes":""},"categories":[820],"tags":[1236,1166,2196,2190,2193],"class_list":["post-2854","post","type-post","status-publish","format-standard","has-post-thumbnail","hentry","category-actualidades-es","tag-corea-del-sur-es","tag-emmanuel-macron-es","tag-encuentro-es","tag-icones-de-la-k-pop-es","tag-k-pop-es"],"yoast_head":"<!-- This site is optimized with the Yoast SEO plugin v27.5 - https:\/\/yoast.com\/product\/yoast-seo-wordpress\/ -->\n<title>En Corea del Sur, Emmanuel Macron se re\u00fane con los \u00edconos del K-pop - Fan site S\u00e9bastien Auzi\u00e8re<\/title>\n<meta name=\"description\" content=\"D\u00e9couvrez la rencontre d&#039;Emmanuel Macron avec les ic\u00f4nes de la K-pop en Cor\u00e9e du Sud, un moment marquant entre politique et culture populaire.\" \/>\n<meta name=\"robots\" content=\"index, follow, max-snippet:-1, max-image-preview:large, max-video-preview:-1\" \/>\n<link rel=\"canonical\" href=\"https:\/\/www.sebastien-auziere.fr\/blog\/es\/en-corea-del-sur-emmanuel-macron-se-reune-con-los-iconos-del-k-pop\/\" \/>\n<meta property=\"og:locale\" content=\"fr_FR\" \/>\n<meta property=\"og:type\" content=\"article\" \/>\n<meta property=\"og:title\" content=\"En Corea del Sur, Emmanuel Macron se re\u00fane con los \u00edconos del K-pop - Fan site S\u00e9bastien Auzi\u00e8re\" \/>\n<meta property=\"og:description\" content=\"D\u00e9couvrez la rencontre d&#039;Emmanuel Macron avec les ic\u00f4nes de la K-pop en Cor\u00e9e du Sud, un moment marquant entre politique et culture populaire.\" \/>\n<meta property=\"og:url\" content=\"https:\/\/www.sebastien-auziere.fr\/blog\/es\/en-corea-del-sur-emmanuel-macron-se-reune-con-los-iconos-del-k-pop\/\" \/>\n<meta property=\"og:site_name\" content=\"Fan site S\u00e9bastien Auzi\u00e8re\" \/>\n<meta property=\"article:published_time\" content=\"2026-04-08T07:04:08+00:00\" \/>\n<meta property=\"article:modified_time\" content=\"2026-04-08T07:04:38+00:00\" \/>\n<meta property=\"og:image\" content=\"https:\/\/www.sebastien-auziere.fr\/blog\/wp-content\/uploads\/2026\/04\/En-Coree-du-Sud-Emmanuel-Macron-a-la-rencontre-des-icones-de-la-K-pop.jpg\" \/>\n\t<meta property=\"og:image:width\" content=\"2560\" \/>\n\t<meta property=\"og:image:height\" content=\"1429\" \/>\n\t<meta property=\"og:image:type\" content=\"image\/jpeg\" \/>\n<meta name=\"author\" content=\"Chloe Gauthier\" \/>\n<meta name=\"twitter:card\" content=\"summary_large_image\" \/>\n<meta name=\"twitter:label1\" content=\"\u00c9crit par\" \/>\n\t<meta name=\"twitter:data1\" content=\"Chloe Gauthier\" \/>\n\t<meta name=\"twitter:label2\" content=\"Dur\u00e9e de lecture estim\u00e9e\" \/>\n\t<meta name=\"twitter:data2\" content=\"2 minutes\" \/>\n<script type=\"application\/ld+json\" class=\"yoast-schema-graph\">{\"@context\":\"https:\\\/\\\/schema.org\",\"@graph\":[{\"@type\":\"Article\",\"@id\":\"https:\\\/\\\/www.sebastien-auziere.fr\\\/blog\\\/es\\\/en-corea-del-sur-emmanuel-macron-se-reune-con-los-iconos-del-k-pop\\\/#article\",\"isPartOf\":{\"@id\":\"https:\\\/\\\/www.sebastien-auziere.fr\\\/blog\\\/es\\\/en-corea-del-sur-emmanuel-macron-se-reune-con-los-iconos-del-k-pop\\\/\"},\"author\":{\"name\":\"Chloe Gauthier\",\"@id\":\"https:\\\/\\\/www.sebastien-auziere.fr\\\/blog\\\/#\\\/schema\\\/person\\\/149f1acdbfd85149c6c3e59adeae2f4d\"},\"headline\":\"En Corea del Sur, Emmanuel Macron se re\u00fane con los \u00edconos del K-pop\",\"datePublished\":\"2026-04-08T07:04:08+00:00\",\"dateModified\":\"2026-04-08T07:04:38+00:00\",\"mainEntityOfPage\":{\"@id\":\"https:\\\/\\\/www.sebastien-auziere.fr\\\/blog\\\/es\\\/en-corea-del-sur-emmanuel-macron-se-reune-con-los-iconos-del-k-pop\\\/\"},\"wordCount\":510,\"commentCount\":0,\"publisher\":{\"@id\":\"https:\\\/\\\/www.sebastien-auziere.fr\\\/blog\\\/#organization\"},\"image\":{\"@id\":\"https:\\\/\\\/www.sebastien-auziere.fr\\\/blog\\\/es\\\/en-corea-del-sur-emmanuel-macron-se-reune-con-los-iconos-del-k-pop\\\/#primaryimage\"},\"thumbnailUrl\":\"https:\\\/\\\/www.sebastien-auziere.fr\\\/blog\\\/wp-content\\\/uploads\\\/2026\\\/04\\\/En-Coree-du-Sud-Emmanuel-Macron-a-la-rencontre-des-icones-de-la-K-pop.jpg\",\"keywords\":[\"corea del sur\",\"emmanuel macron\",\"encuentro\",\"icones de la k-pop\",\"k-pop\"],\"articleSection\":[\"Actualidades\"],\"inLanguage\":\"fr-FR\",\"potentialAction\":[{\"@type\":\"CommentAction\",\"name\":\"Comment\",\"target\":[\"https:\\\/\\\/www.sebastien-auziere.fr\\\/blog\\\/es\\\/en-corea-del-sur-emmanuel-macron-se-reune-con-los-iconos-del-k-pop\\\/#respond\"]}]},{\"@type\":\"WebPage\",\"@id\":\"https:\\\/\\\/www.sebastien-auziere.fr\\\/blog\\\/es\\\/en-corea-del-sur-emmanuel-macron-se-reune-con-los-iconos-del-k-pop\\\/\",\"url\":\"https:\\\/\\\/www.sebastien-auziere.fr\\\/blog\\\/es\\\/en-corea-del-sur-emmanuel-macron-se-reune-con-los-iconos-del-k-pop\\\/\",\"name\":\"En Corea del Sur, Emmanuel Macron se re\u00fane con los \u00edconos del K-pop - Fan site S\u00e9bastien Auzi\u00e8re\",\"isPartOf\":{\"@id\":\"https:\\\/\\\/www.sebastien-auziere.fr\\\/blog\\\/#website\"},\"primaryImageOfPage\":{\"@id\":\"https:\\\/\\\/www.sebastien-auziere.fr\\\/blog\\\/es\\\/en-corea-del-sur-emmanuel-macron-se-reune-con-los-iconos-del-k-pop\\\/#primaryimage\"},\"image\":{\"@id\":\"https:\\\/\\\/www.sebastien-auziere.fr\\\/blog\\\/es\\\/en-corea-del-sur-emmanuel-macron-se-reune-con-los-iconos-del-k-pop\\\/#primaryimage\"},\"thumbnailUrl\":\"https:\\\/\\\/www.sebastien-auziere.fr\\\/blog\\\/wp-content\\\/uploads\\\/2026\\\/04\\\/En-Coree-du-Sud-Emmanuel-Macron-a-la-rencontre-des-icones-de-la-K-pop.jpg\",\"datePublished\":\"2026-04-08T07:04:08+00:00\",\"dateModified\":\"2026-04-08T07:04:38+00:00\",\"description\":\"D\u00e9couvrez la rencontre d'Emmanuel Macron avec les ic\u00f4nes de la K-pop en Cor\u00e9e du Sud, un moment marquant entre politique et culture populaire.\",\"breadcrumb\":{\"@id\":\"https:\\\/\\\/www.sebastien-auziere.fr\\\/blog\\\/es\\\/en-corea-del-sur-emmanuel-macron-se-reune-con-los-iconos-del-k-pop\\\/#breadcrumb\"},\"inLanguage\":\"fr-FR\",\"potentialAction\":[{\"@type\":\"ReadAction\",\"target\":[\"https:\\\/\\\/www.sebastien-auziere.fr\\\/blog\\\/es\\\/en-corea-del-sur-emmanuel-macron-se-reune-con-los-iconos-del-k-pop\\\/\"]}]},{\"@type\":\"ImageObject\",\"inLanguage\":\"fr-FR\",\"@id\":\"https:\\\/\\\/www.sebastien-auziere.fr\\\/blog\\\/es\\\/en-corea-del-sur-emmanuel-macron-se-reune-con-los-iconos-del-k-pop\\\/#primaryimage\",\"url\":\"https:\\\/\\\/www.sebastien-auziere.fr\\\/blog\\\/wp-content\\\/uploads\\\/2026\\\/04\\\/En-Coree-du-Sud-Emmanuel-Macron-a-la-rencontre-des-icones-de-la-K-pop.jpg\",\"contentUrl\":\"https:\\\/\\\/www.sebastien-auziere.fr\\\/blog\\\/wp-content\\\/uploads\\\/2026\\\/04\\\/En-Coree-du-Sud-Emmanuel-Macron-a-la-rencontre-des-icones-de-la-K-pop.jpg\",\"width\":2560,\"height\":1429,\"caption\":\"d\u00e9couvrez la visite d'emmanuel macron en cor\u00e9e du sud, o\u00f9 il rencontre les stars embl\u00e9matiques de la k-pop pour renforcer les liens culturels entre les deux pays.\"},{\"@type\":\"BreadcrumbList\",\"@id\":\"https:\\\/\\\/www.sebastien-auziere.fr\\\/blog\\\/es\\\/en-corea-del-sur-emmanuel-macron-se-reune-con-los-iconos-del-k-pop\\\/#breadcrumb\",\"itemListElement\":[{\"@type\":\"ListItem\",\"position\":1,\"name\":\"Home\",\"item\":\"https:\\\/\\\/www.sebastien-auziere.fr\\\/blog\\\/\"},{\"@type\":\"ListItem\",\"position\":2,\"name\":\"En Corea del Sur, Emmanuel Macron se re\u00fane con los \u00edconos del K-pop\"}]},{\"@type\":\"WebSite\",\"@id\":\"https:\\\/\\\/www.sebastien-auziere.fr\\\/blog\\\/#website\",\"url\":\"https:\\\/\\\/www.sebastien-auziere.fr\\\/blog\\\/\",\"name\":\"Fan site S\u00e9bastien Auzi\u00e8re\",\"description\":\"M\u00e9dia g\u00e9n\u00e9raliste\",\"publisher\":{\"@id\":\"https:\\\/\\\/www.sebastien-auziere.fr\\\/blog\\\/#organization\"},\"potentialAction\":[{\"@type\":\"SearchAction\",\"target\":{\"@type\":\"EntryPoint\",\"urlTemplate\":\"https:\\\/\\\/www.sebastien-auziere.fr\\\/blog\\\/?s={search_term_string}\"},\"query-input\":{\"@type\":\"PropertyValueSpecification\",\"valueRequired\":true,\"valueName\":\"search_term_string\"}}],\"inLanguage\":\"fr-FR\"},{\"@type\":\"Organization\",\"@id\":\"https:\\\/\\\/www.sebastien-auziere.fr\\\/blog\\\/#organization\",\"name\":\"Fan site S\u00e9bastien Auzi\u00e8re\",\"url\":\"https:\\\/\\\/www.sebastien-auziere.fr\\\/blog\\\/\",\"logo\":{\"@type\":\"ImageObject\",\"inLanguage\":\"fr-FR\",\"@id\":\"https:\\\/\\\/www.sebastien-auziere.fr\\\/blog\\\/#\\\/schema\\\/logo\\\/image\\\/\",\"url\":\"https:\\\/\\\/www.sebastien-auziere.fr\\\/blog\\\/wp-content\\\/uploads\\\/2026\\\/03\\\/cropped-cropped-cropped-ChatGPT-Image-6-mars-2026-12_58_09-e1772798376794.jpg\",\"contentUrl\":\"https:\\\/\\\/www.sebastien-auziere.fr\\\/blog\\\/wp-content\\\/uploads\\\/2026\\\/03\\\/cropped-cropped-cropped-ChatGPT-Image-6-mars-2026-12_58_09-e1772798376794.jpg\",\"width\":512,\"height\":360,\"caption\":\"Fan site S\u00e9bastien Auzi\u00e8re\"},\"image\":{\"@id\":\"https:\\\/\\\/www.sebastien-auziere.fr\\\/blog\\\/#\\\/schema\\\/logo\\\/image\\\/\"}},{\"@type\":\"Person\",\"@id\":\"https:\\\/\\\/www.sebastien-auziere.fr\\\/blog\\\/#\\\/schema\\\/person\\\/149f1acdbfd85149c6c3e59adeae2f4d\",\"name\":\"Chloe Gauthier\",\"image\":{\"@type\":\"ImageObject\",\"inLanguage\":\"fr-FR\",\"@id\":\"https:\\\/\\\/secure.gravatar.com\\\/avatar\\\/2c5722f58171cff738a8985ef0dd66b476e563753246a49019befc837ec4201a?s=96&d=mm&r=g\",\"url\":\"https:\\\/\\\/secure.gravatar.com\\\/avatar\\\/2c5722f58171cff738a8985ef0dd66b476e563753246a49019befc837ec4201a?s=96&d=mm&r=g\",\"contentUrl\":\"https:\\\/\\\/secure.gravatar.com\\\/avatar\\\/2c5722f58171cff738a8985ef0dd66b476e563753246a49019befc837ec4201a?s=96&d=mm&r=g\",\"caption\":\"Chloe Gauthier\"},\"description\":\"Passionn\u00e9e par la politique et admiratrice engag\u00e9e de la famille Macron, je consacre mon \u00e9nergie \u00e0 suivre leurs initiatives et \u00e0 promouvoir leurs id\u00e9es. \u00c0 32 ans, je suis convaincue que leur vision est porteuse d'avenir.\",\"url\":\"https:\\\/\\\/www.sebastien-auziere.fr\\\/blog\\\/author\\\/chloe-gauthier\\\/\"}]}<\/script>\n<!-- \/ Yoast SEO plugin. -->","yoast_head_json":{"title":"En Corea del Sur, Emmanuel Macron se re\u00fane con los \u00edconos del K-pop - Fan site S\u00e9bastien Auzi\u00e8re","description":"D\u00e9couvrez la rencontre d'Emmanuel Macron avec les ic\u00f4nes de la K-pop en Cor\u00e9e du Sud, un moment marquant entre politique et culture populaire.","robots":{"index":"index","follow":"follow","max-snippet":"max-snippet:-1","max-image-preview":"max-image-preview:large","max-video-preview":"max-video-preview:-1"},"canonical":"https:\/\/www.sebastien-auziere.fr\/blog\/es\/en-corea-del-sur-emmanuel-macron-se-reune-con-los-iconos-del-k-pop\/","og_locale":"fr_FR","og_type":"article","og_title":"En Corea del Sur, Emmanuel Macron se re\u00fane con los \u00edconos del K-pop - Fan site S\u00e9bastien Auzi\u00e8re","og_description":"D\u00e9couvrez la rencontre d'Emmanuel Macron avec les ic\u00f4nes de la K-pop en Cor\u00e9e du Sud, un moment marquant entre politique et culture populaire.","og_url":"https:\/\/www.sebastien-auziere.fr\/blog\/es\/en-corea-del-sur-emmanuel-macron-se-reune-con-los-iconos-del-k-pop\/","og_site_name":"Fan site S\u00e9bastien Auzi\u00e8re","article_published_time":"2026-04-08T07:04:08+00:00","article_modified_time":"2026-04-08T07:04:38+00:00","og_image":[{"width":2560,"height":1429,"url":"https:\/\/www.sebastien-auziere.fr\/blog\/wp-content\/uploads\/2026\/04\/En-Coree-du-Sud-Emmanuel-Macron-a-la-rencontre-des-icones-de-la-K-pop.jpg","type":"image\/jpeg"}],"author":"Chloe Gauthier","twitter_card":"summary_large_image","twitter_misc":{"\u00c9crit par":"Chloe Gauthier","Dur\u00e9e de lecture estim\u00e9e":"2 minutes"},"schema":{"@context":"https:\/\/schema.org","@graph":[{"@type":"Article","@id":"https:\/\/www.sebastien-auziere.fr\/blog\/es\/en-corea-del-sur-emmanuel-macron-se-reune-con-los-iconos-del-k-pop\/#article","isPartOf":{"@id":"https:\/\/www.sebastien-auziere.fr\/blog\/es\/en-corea-del-sur-emmanuel-macron-se-reune-con-los-iconos-del-k-pop\/"},"author":{"name":"Chloe Gauthier","@id":"https:\/\/www.sebastien-auziere.fr\/blog\/#\/schema\/person\/149f1acdbfd85149c6c3e59adeae2f4d"},"headline":"En Corea del Sur, Emmanuel Macron se re\u00fane con los \u00edconos del K-pop","datePublished":"2026-04-08T07:04:08+00:00","dateModified":"2026-04-08T07:04:38+00:00","mainEntityOfPage":{"@id":"https:\/\/www.sebastien-auziere.fr\/blog\/es\/en-corea-del-sur-emmanuel-macron-se-reune-con-los-iconos-del-k-pop\/"},"wordCount":510,"commentCount":0,"publisher":{"@id":"https:\/\/www.sebastien-auziere.fr\/blog\/#organization"},"image":{"@id":"https:\/\/www.sebastien-auziere.fr\/blog\/es\/en-corea-del-sur-emmanuel-macron-se-reune-con-los-iconos-del-k-pop\/#primaryimage"},"thumbnailUrl":"https:\/\/www.sebastien-auziere.fr\/blog\/wp-content\/uploads\/2026\/04\/En-Coree-du-Sud-Emmanuel-Macron-a-la-rencontre-des-icones-de-la-K-pop.jpg","keywords":["corea del sur","emmanuel macron","encuentro","icones de la k-pop","k-pop"],"articleSection":["Actualidades"],"inLanguage":"fr-FR","potentialAction":[{"@type":"CommentAction","name":"Comment","target":["https:\/\/www.sebastien-auziere.fr\/blog\/es\/en-corea-del-sur-emmanuel-macron-se-reune-con-los-iconos-del-k-pop\/#respond"]}]},{"@type":"WebPage","@id":"https:\/\/www.sebastien-auziere.fr\/blog\/es\/en-corea-del-sur-emmanuel-macron-se-reune-con-los-iconos-del-k-pop\/","url":"https:\/\/www.sebastien-auziere.fr\/blog\/es\/en-corea-del-sur-emmanuel-macron-se-reune-con-los-iconos-del-k-pop\/","name":"En Corea del Sur, Emmanuel Macron se re\u00fane con los \u00edconos del K-pop - Fan site S\u00e9bastien Auzi\u00e8re","isPartOf":{"@id":"https:\/\/www.sebastien-auziere.fr\/blog\/#website"},"primaryImageOfPage":{"@id":"https:\/\/www.sebastien-auziere.fr\/blog\/es\/en-corea-del-sur-emmanuel-macron-se-reune-con-los-iconos-del-k-pop\/#primaryimage"},"image":{"@id":"https:\/\/www.sebastien-auziere.fr\/blog\/es\/en-corea-del-sur-emmanuel-macron-se-reune-con-los-iconos-del-k-pop\/#primaryimage"},"thumbnailUrl":"https:\/\/www.sebastien-auziere.fr\/blog\/wp-content\/uploads\/2026\/04\/En-Coree-du-Sud-Emmanuel-Macron-a-la-rencontre-des-icones-de-la-K-pop.jpg","datePublished":"2026-04-08T07:04:08+00:00","dateModified":"2026-04-08T07:04:38+00:00","description":"D\u00e9couvrez la rencontre d'Emmanuel Macron avec les ic\u00f4nes de la K-pop en Cor\u00e9e du Sud, un moment marquant entre politique et culture populaire.","breadcrumb":{"@id":"https:\/\/www.sebastien-auziere.fr\/blog\/es\/en-corea-del-sur-emmanuel-macron-se-reune-con-los-iconos-del-k-pop\/#breadcrumb"},"inLanguage":"fr-FR","potentialAction":[{"@type":"ReadAction","target":["https:\/\/www.sebastien-auziere.fr\/blog\/es\/en-corea-del-sur-emmanuel-macron-se-reune-con-los-iconos-del-k-pop\/"]}]},{"@type":"ImageObject","inLanguage":"fr-FR","@id":"https:\/\/www.sebastien-auziere.fr\/blog\/es\/en-corea-del-sur-emmanuel-macron-se-reune-con-los-iconos-del-k-pop\/#primaryimage","url":"https:\/\/www.sebastien-auziere.fr\/blog\/wp-content\/uploads\/2026\/04\/En-Coree-du-Sud-Emmanuel-Macron-a-la-rencontre-des-icones-de-la-K-pop.jpg","contentUrl":"https:\/\/www.sebastien-auziere.fr\/blog\/wp-content\/uploads\/2026\/04\/En-Coree-du-Sud-Emmanuel-Macron-a-la-rencontre-des-icones-de-la-K-pop.jpg","width":2560,"height":1429,"caption":"d\u00e9couvrez la visite d'emmanuel macron en cor\u00e9e du sud, o\u00f9 il rencontre les stars embl\u00e9matiques de la k-pop pour renforcer les liens culturels entre les deux pays."},{"@type":"BreadcrumbList","@id":"https:\/\/www.sebastien-auziere.fr\/blog\/es\/en-corea-del-sur-emmanuel-macron-se-reune-con-los-iconos-del-k-pop\/#breadcrumb","itemListElement":[{"@type":"ListItem","position":1,"name":"Home","item":"https:\/\/www.sebastien-auziere.fr\/blog\/"},{"@type":"ListItem","position":2,"name":"En Corea del Sur, Emmanuel Macron se re\u00fane con los \u00edconos del K-pop"}]},{"@type":"WebSite","@id":"https:\/\/www.sebastien-auziere.fr\/blog\/#website","url":"https:\/\/www.sebastien-auziere.fr\/blog\/","name":"Fan site S\u00e9bastien Auzi\u00e8re","description":"M\u00e9dia g\u00e9n\u00e9raliste","publisher":{"@id":"https:\/\/www.sebastien-auziere.fr\/blog\/#organization"},"potentialAction":[{"@type":"SearchAction","target":{"@type":"EntryPoint","urlTemplate":"https:\/\/www.sebastien-auziere.fr\/blog\/?s={search_term_string}"},"query-input":{"@type":"PropertyValueSpecification","valueRequired":true,"valueName":"search_term_string"}}],"inLanguage":"fr-FR"},{"@type":"Organization","@id":"https:\/\/www.sebastien-auziere.fr\/blog\/#organization","name":"Fan site S\u00e9bastien Auzi\u00e8re","url":"https:\/\/www.sebastien-auziere.fr\/blog\/","logo":{"@type":"ImageObject","inLanguage":"fr-FR","@id":"https:\/\/www.sebastien-auziere.fr\/blog\/#\/schema\/logo\/image\/","url":"https:\/\/www.sebastien-auziere.fr\/blog\/wp-content\/uploads\/2026\/03\/cropped-cropped-cropped-ChatGPT-Image-6-mars-2026-12_58_09-e1772798376794.jpg","contentUrl":"https:\/\/www.sebastien-auziere.fr\/blog\/wp-content\/uploads\/2026\/03\/cropped-cropped-cropped-ChatGPT-Image-6-mars-2026-12_58_09-e1772798376794.jpg","width":512,"height":360,"caption":"Fan site S\u00e9bastien Auzi\u00e8re"},"image":{"@id":"https:\/\/www.sebastien-auziere.fr\/blog\/#\/schema\/logo\/image\/"}},{"@type":"Person","@id":"https:\/\/www.sebastien-auziere.fr\/blog\/#\/schema\/person\/149f1acdbfd85149c6c3e59adeae2f4d","name":"Chloe Gauthier","image":{"@type":"ImageObject","inLanguage":"fr-FR","@id":"https:\/\/secure.gravatar.com\/avatar\/2c5722f58171cff738a8985ef0dd66b476e563753246a49019befc837ec4201a?s=96&d=mm&r=g","url":"https:\/\/secure.gravatar.com\/avatar\/2c5722f58171cff738a8985ef0dd66b476e563753246a49019befc837ec4201a?s=96&d=mm&r=g","contentUrl":"https:\/\/secure.gravatar.com\/avatar\/2c5722f58171cff738a8985ef0dd66b476e563753246a49019befc837ec4201a?s=96&d=mm&r=g","caption":"Chloe Gauthier"},"description":"Passionn\u00e9e par la politique et admiratrice engag\u00e9e de la famille Macron, je consacre mon \u00e9nergie \u00e0 suivre leurs initiatives et \u00e0 promouvoir leurs id\u00e9es. \u00c0 32 ans, je suis convaincue que leur vision est porteuse d'avenir.","url":"https:\/\/www.sebastien-auziere.fr\/blog\/author\/chloe-gauthier\/"}]}},"views":4,"_links":{"self":[{"href":"https:\/\/www.sebastien-auziere.fr\/blog\/wp-json\/wp\/v2\/posts\/2854","targetHints":{"allow":["GET"]}}],"collection":[{"href":"https:\/\/www.sebastien-auziere.fr\/blog\/wp-json\/wp\/v2\/posts"}],"about":[{"href":"https:\/\/www.sebastien-auziere.fr\/blog\/wp-json\/wp\/v2\/types\/post"}],"author":[{"embeddable":true,"href":"https:\/\/www.sebastien-auziere.fr\/blog\/wp-json\/wp\/v2\/users\/9"}],"replies":[{"embeddable":true,"href":"https:\/\/www.sebastien-auziere.fr\/blog\/wp-json\/wp\/v2\/comments?post=2854"}],"version-history":[{"count":1,"href":"https:\/\/www.sebastien-auziere.fr\/blog\/wp-json\/wp\/v2\/posts\/2854\/revisions"}],"predecessor-version":[{"id":2855,"href":"https:\/\/www.sebastien-auziere.fr\/blog\/wp-json\/wp\/v2\/posts\/2854\/revisions\/2855"}],"wp:featuredmedia":[{"embeddable":true,"href":"https:\/\/www.sebastien-auziere.fr\/blog\/wp-json\/wp\/v2\/media\/2850"}],"wp:attachment":[{"href":"https:\/\/www.sebastien-auziere.fr\/blog\/wp-json\/wp\/v2\/media?parent=2854"}],"wp:term":[{"taxonomy":"category","embeddable":true,"href":"https:\/\/www.sebastien-auziere.fr\/blog\/wp-json\/wp\/v2\/categories?post=2854"},{"taxonomy":"post_tag","embeddable":true,"href":"https:\/\/www.sebastien-auziere.fr\/blog\/wp-json\/wp\/v2\/tags?post=2854"}],"curies":[{"name":"wp","href":"https:\/\/api.w.org\/{rel}","templated":true}]}}