{"id":2852,"date":"2026-04-08T07:03:35","date_gmt":"2026-04-08T07:03:35","guid":{"rendered":"https:\/\/www.sebastien-auziere.fr\/blog\/?p=2852"},"modified":"2026-04-08T07:04:08","modified_gmt":"2026-04-08T07:04:08","slug":"in-south-korea-emmanuel-macron-meets-the-icons-of-k-pop","status":"publish","type":"post","link":"https:\/\/www.sebastien-auziere.fr\/blog\/en\/in-south-korea-emmanuel-macron-meets-the-icons-of-k-pop\/","title":{"rendered":"In South Korea, Emmanuel Macron meets the icons of K-pop"},"content":{"rendered":"<p><strong>In South Korea<\/strong>, on April 3, <strong>Emmanuel Macron<\/strong> met with <strong>K-pop<\/strong> <strong>icons<\/strong> during a state luncheon in Seoul, a moment that blended diplomacy and <strong>pop culture<\/strong>. You will discover how this cultural exchange \u2014 between heads of state, artists, and creators \u2014 illustrated the role of <strong>music<\/strong> in contemporary <strong>international relations<\/strong>.<\/p>\n\n<p>The meeting confirmed the central role of <strong>culture<\/strong> in the official tour that began on March 31, following a stop in Japan. From the early hours in Seoul, the presidential couple participated in a banquet where <strong>K-pop<\/strong> was among the guests, and Brigitte Macron received signed albums from names like <strong>BTS<\/strong> and <strong>Stray Kids<\/strong>.<\/p>\n\n<h2 class=\"wp-block-heading\">A state banquet where K-pop mingles with diplomacy<\/h2>\n\n<p>On April 3, the official luncheon brought together political figures and artists. Among the guests, members of <strong>Stray Kids<\/strong> and actress Jun Ji\u2011hyun shared the table with the presidential couple and Korean President Lee Jae\u2011myung. You will find a detailed account of this meeting in the local and specialized press, which highlights the friendly atmosphere and discussions about <strong>music<\/strong> as a vector of cultural influence. Insight: <strong>pop culture<\/strong> is becoming a concrete diplomatic tool.<\/p>\n\n<h2 class=\"wp-block-heading\">Symbolic gifts and significant meetings<\/h2>\n\n<p>At the private dinner in Sangchunjae, the First Lady received a ceramic service and several signed albums, reminding of the meeting of culinary and cultural traditions. The evening of April 2 was prepared by Michelin-starred chef Son Jong\u2011won, according to reports, and served as a prelude to the state luncheon. To learn more, the coverage of the trip evokes these symbolic gestures and their significance.<\/p>\n\n<h3 class=\"wp-block-heading\">Cultural ambassadors at the heart of exchanges<\/h3>\n\n<p>In March, <strong>Felix<\/strong> of <strong>Stray Kids<\/strong> became an honorary ambassador for Franco-Korean relations, a role that facilitated his exchange with Brigitte Macron and the president. The link between Korean creators and French institutions has strengthened, illustrating how <strong>music<\/strong> creates new and concrete bridges. Insight: the appointment of artists as ambassadors accelerates bilateral cultural projects.<\/p>\n\n<h2 class=\"wp-block-heading\">Towards strengthened cooperation between France and Korea<\/h2>\n\n<p>Beyond smiles, discussions addressed cultural and industrial cooperation, particularly around figures like <strong>Lee Soo Man<\/strong> and projects to strengthen the international music scene. Observers note that the visit, the first by a French president since November 2015, aims to renew historical ties and to embed <strong>K-pop<\/strong> in a sustainable cultural partnership. Insight: <strong>culture<\/strong> serves as a strategic lever in diplomacy.<\/p>\n\n<p>To extend the discovery and deepen the role of close associates and advisors around the presidential couple, visit <a href=\"https:\/\/www.sebastien-auziere.fr\/blog\/macron-japon-coree-kpop\/\">the dedicated dossier<\/a>. For complete accounts and analyses of the trip, also check the report on <a href=\"https:\/\/korae.co\/article\/president-macron-celebrates-k-culture-with-stray-kids-felix-and-jun-ji-hyun\/\">Korae<\/a> and the article from <a href=\"https:\/\/www.ohmymag.com\/people\/actu-people\/macron-et-la-k-pop-moment-convivial-en-coree-du-sud-avec-des-stars-internationales_art183725.html\">Ohmymag<\/a> to relive these memorable moments.<\/p>","protected":false},"excerpt":{"rendered":"<p>In South Korea, on April 3, Emmanuel Macron met with K-pop icons during a state luncheon in Seoul, a moment that blended diplomacy and pop culture. You will discover how this cultural exchange \u2014 between heads of state, artists, and creators \u2014 illustrated the role of music in contemporary international relations. The meeting confirmed the &#8230; <a title=\"In South Korea, Emmanuel Macron meets the icons of K-pop\" class=\"read-more\" href=\"https:\/\/www.sebastien-auziere.fr\/blog\/en\/in-south-korea-emmanuel-macron-meets-the-icons-of-k-pop\/\" aria-label=\"En savoir plus sur In South Korea, Emmanuel Macron meets the icons of K-pop\">Lire plus<\/a><\/p>\n","protected":false},"author":9,"featured_media":2850,"comment_status":"open","ping_status":"open","sticky":false,"template":"","format":"standard","meta":{"footnotes":""},"categories":[816],"tags":[1153,2180,2183,2186,1226],"class_list":["post-2852","post","type-post","status-publish","format-standard","has-post-thumbnail","hentry","category-news","tag-emmanuel-macron-en","tag-icons-of-k-pop-en","tag-k-pop-en","tag-meeting-en","tag-south-korea-en"],"yoast_head":"<!-- This site is optimized with the Yoast SEO plugin v27.5 - https:\/\/yoast.com\/product\/yoast-seo-wordpress\/ -->\n<title>In South Korea, Emmanuel Macron meets the icons of K-pop - Fan site S\u00e9bastien Auzi\u00e8re<\/title>\n<meta name=\"description\" content=\"D\u00e9couvrez la rencontre d&#039;Emmanuel Macron avec les ic\u00f4nes de la K-pop en Cor\u00e9e du Sud, un moment marquant entre politique et culture populaire.\" \/>\n<meta name=\"robots\" content=\"index, follow, max-snippet:-1, max-image-preview:large, max-video-preview:-1\" \/>\n<link rel=\"canonical\" href=\"https:\/\/www.sebastien-auziere.fr\/blog\/en\/in-south-korea-emmanuel-macron-meets-the-icons-of-k-pop\/\" \/>\n<meta property=\"og:locale\" content=\"fr_FR\" \/>\n<meta property=\"og:type\" content=\"article\" \/>\n<meta property=\"og:title\" content=\"In South Korea, Emmanuel Macron meets the icons of K-pop - Fan site S\u00e9bastien Auzi\u00e8re\" \/>\n<meta property=\"og:description\" content=\"D\u00e9couvrez la rencontre d&#039;Emmanuel Macron avec les ic\u00f4nes de la K-pop en Cor\u00e9e du Sud, un moment marquant entre politique et culture populaire.\" \/>\n<meta property=\"og:url\" content=\"https:\/\/www.sebastien-auziere.fr\/blog\/en\/in-south-korea-emmanuel-macron-meets-the-icons-of-k-pop\/\" \/>\n<meta property=\"og:site_name\" content=\"Fan site S\u00e9bastien Auzi\u00e8re\" \/>\n<meta property=\"article:published_time\" content=\"2026-04-08T07:03:35+00:00\" \/>\n<meta property=\"article:modified_time\" content=\"2026-04-08T07:04:08+00:00\" \/>\n<meta property=\"og:image\" content=\"https:\/\/www.sebastien-auziere.fr\/blog\/wp-content\/uploads\/2026\/04\/En-Coree-du-Sud-Emmanuel-Macron-a-la-rencontre-des-icones-de-la-K-pop.jpg\" \/>\n\t<meta property=\"og:image:width\" content=\"2560\" \/>\n\t<meta property=\"og:image:height\" content=\"1429\" \/>\n\t<meta property=\"og:image:type\" content=\"image\/jpeg\" \/>\n<meta name=\"author\" content=\"Chloe Gauthier\" \/>\n<meta name=\"twitter:card\" content=\"summary_large_image\" \/>\n<meta name=\"twitter:label1\" content=\"\u00c9crit par\" \/>\n\t<meta name=\"twitter:data1\" content=\"Chloe Gauthier\" \/>\n\t<meta name=\"twitter:label2\" content=\"Dur\u00e9e de lecture estim\u00e9e\" \/>\n\t<meta name=\"twitter:data2\" content=\"2 minutes\" \/>\n<script type=\"application\/ld+json\" class=\"yoast-schema-graph\">{\"@context\":\"https:\\\/\\\/schema.org\",\"@graph\":[{\"@type\":\"Article\",\"@id\":\"https:\\\/\\\/www.sebastien-auziere.fr\\\/blog\\\/en\\\/in-south-korea-emmanuel-macron-meets-the-icons-of-k-pop\\\/#article\",\"isPartOf\":{\"@id\":\"https:\\\/\\\/www.sebastien-auziere.fr\\\/blog\\\/en\\\/in-south-korea-emmanuel-macron-meets-the-icons-of-k-pop\\\/\"},\"author\":{\"name\":\"Chloe Gauthier\",\"@id\":\"https:\\\/\\\/www.sebastien-auziere.fr\\\/blog\\\/#\\\/schema\\\/person\\\/149f1acdbfd85149c6c3e59adeae2f4d\"},\"headline\":\"In South Korea, Emmanuel Macron meets the icons of K-pop\",\"datePublished\":\"2026-04-08T07:03:35+00:00\",\"dateModified\":\"2026-04-08T07:04:08+00:00\",\"mainEntityOfPage\":{\"@id\":\"https:\\\/\\\/www.sebastien-auziere.fr\\\/blog\\\/en\\\/in-south-korea-emmanuel-macron-meets-the-icons-of-k-pop\\\/\"},\"wordCount\":436,\"commentCount\":0,\"publisher\":{\"@id\":\"https:\\\/\\\/www.sebastien-auziere.fr\\\/blog\\\/#organization\"},\"image\":{\"@id\":\"https:\\\/\\\/www.sebastien-auziere.fr\\\/blog\\\/en\\\/in-south-korea-emmanuel-macron-meets-the-icons-of-k-pop\\\/#primaryimage\"},\"thumbnailUrl\":\"https:\\\/\\\/www.sebastien-auziere.fr\\\/blog\\\/wp-content\\\/uploads\\\/2026\\\/04\\\/En-Coree-du-Sud-Emmanuel-Macron-a-la-rencontre-des-icones-de-la-K-pop.jpg\",\"keywords\":[\"emmanuel macron\",\"icons of k-pop\",\"k-pop\",\"meeting\",\"south korea\"],\"articleSection\":[\"News\"],\"inLanguage\":\"fr-FR\",\"potentialAction\":[{\"@type\":\"CommentAction\",\"name\":\"Comment\",\"target\":[\"https:\\\/\\\/www.sebastien-auziere.fr\\\/blog\\\/en\\\/in-south-korea-emmanuel-macron-meets-the-icons-of-k-pop\\\/#respond\"]}]},{\"@type\":\"WebPage\",\"@id\":\"https:\\\/\\\/www.sebastien-auziere.fr\\\/blog\\\/en\\\/in-south-korea-emmanuel-macron-meets-the-icons-of-k-pop\\\/\",\"url\":\"https:\\\/\\\/www.sebastien-auziere.fr\\\/blog\\\/en\\\/in-south-korea-emmanuel-macron-meets-the-icons-of-k-pop\\\/\",\"name\":\"In South Korea, Emmanuel Macron meets the icons of K-pop - Fan site S\u00e9bastien Auzi\u00e8re\",\"isPartOf\":{\"@id\":\"https:\\\/\\\/www.sebastien-auziere.fr\\\/blog\\\/#website\"},\"primaryImageOfPage\":{\"@id\":\"https:\\\/\\\/www.sebastien-auziere.fr\\\/blog\\\/en\\\/in-south-korea-emmanuel-macron-meets-the-icons-of-k-pop\\\/#primaryimage\"},\"image\":{\"@id\":\"https:\\\/\\\/www.sebastien-auziere.fr\\\/blog\\\/en\\\/in-south-korea-emmanuel-macron-meets-the-icons-of-k-pop\\\/#primaryimage\"},\"thumbnailUrl\":\"https:\\\/\\\/www.sebastien-auziere.fr\\\/blog\\\/wp-content\\\/uploads\\\/2026\\\/04\\\/En-Coree-du-Sud-Emmanuel-Macron-a-la-rencontre-des-icones-de-la-K-pop.jpg\",\"datePublished\":\"2026-04-08T07:03:35+00:00\",\"dateModified\":\"2026-04-08T07:04:08+00:00\",\"description\":\"D\u00e9couvrez la rencontre d'Emmanuel Macron avec les ic\u00f4nes de la K-pop en Cor\u00e9e du Sud, un moment marquant entre politique et culture populaire.\",\"breadcrumb\":{\"@id\":\"https:\\\/\\\/www.sebastien-auziere.fr\\\/blog\\\/en\\\/in-south-korea-emmanuel-macron-meets-the-icons-of-k-pop\\\/#breadcrumb\"},\"inLanguage\":\"fr-FR\",\"potentialAction\":[{\"@type\":\"ReadAction\",\"target\":[\"https:\\\/\\\/www.sebastien-auziere.fr\\\/blog\\\/en\\\/in-south-korea-emmanuel-macron-meets-the-icons-of-k-pop\\\/\"]}]},{\"@type\":\"ImageObject\",\"inLanguage\":\"fr-FR\",\"@id\":\"https:\\\/\\\/www.sebastien-auziere.fr\\\/blog\\\/en\\\/in-south-korea-emmanuel-macron-meets-the-icons-of-k-pop\\\/#primaryimage\",\"url\":\"https:\\\/\\\/www.sebastien-auziere.fr\\\/blog\\\/wp-content\\\/uploads\\\/2026\\\/04\\\/En-Coree-du-Sud-Emmanuel-Macron-a-la-rencontre-des-icones-de-la-K-pop.jpg\",\"contentUrl\":\"https:\\\/\\\/www.sebastien-auziere.fr\\\/blog\\\/wp-content\\\/uploads\\\/2026\\\/04\\\/En-Coree-du-Sud-Emmanuel-Macron-a-la-rencontre-des-icones-de-la-K-pop.jpg\",\"width\":2560,\"height\":1429,\"caption\":\"d\u00e9couvrez la visite d'emmanuel macron en cor\u00e9e du sud, o\u00f9 il rencontre les stars embl\u00e9matiques de la k-pop pour renforcer les liens culturels entre les deux pays.\"},{\"@type\":\"BreadcrumbList\",\"@id\":\"https:\\\/\\\/www.sebastien-auziere.fr\\\/blog\\\/en\\\/in-south-korea-emmanuel-macron-meets-the-icons-of-k-pop\\\/#breadcrumb\",\"itemListElement\":[{\"@type\":\"ListItem\",\"position\":1,\"name\":\"Home\",\"item\":\"https:\\\/\\\/www.sebastien-auziere.fr\\\/blog\\\/\"},{\"@type\":\"ListItem\",\"position\":2,\"name\":\"In South Korea, Emmanuel Macron meets the icons of K-pop\"}]},{\"@type\":\"WebSite\",\"@id\":\"https:\\\/\\\/www.sebastien-auziere.fr\\\/blog\\\/#website\",\"url\":\"https:\\\/\\\/www.sebastien-auziere.fr\\\/blog\\\/\",\"name\":\"Fan site S\u00e9bastien Auzi\u00e8re\",\"description\":\"M\u00e9dia g\u00e9n\u00e9raliste\",\"publisher\":{\"@id\":\"https:\\\/\\\/www.sebastien-auziere.fr\\\/blog\\\/#organization\"},\"potentialAction\":[{\"@type\":\"SearchAction\",\"target\":{\"@type\":\"EntryPoint\",\"urlTemplate\":\"https:\\\/\\\/www.sebastien-auziere.fr\\\/blog\\\/?s={search_term_string}\"},\"query-input\":{\"@type\":\"PropertyValueSpecification\",\"valueRequired\":true,\"valueName\":\"search_term_string\"}}],\"inLanguage\":\"fr-FR\"},{\"@type\":\"Organization\",\"@id\":\"https:\\\/\\\/www.sebastien-auziere.fr\\\/blog\\\/#organization\",\"name\":\"Fan site S\u00e9bastien Auzi\u00e8re\",\"url\":\"https:\\\/\\\/www.sebastien-auziere.fr\\\/blog\\\/\",\"logo\":{\"@type\":\"ImageObject\",\"inLanguage\":\"fr-FR\",\"@id\":\"https:\\\/\\\/www.sebastien-auziere.fr\\\/blog\\\/#\\\/schema\\\/logo\\\/image\\\/\",\"url\":\"https:\\\/\\\/www.sebastien-auziere.fr\\\/blog\\\/wp-content\\\/uploads\\\/2026\\\/03\\\/cropped-cropped-cropped-ChatGPT-Image-6-mars-2026-12_58_09-e1772798376794.jpg\",\"contentUrl\":\"https:\\\/\\\/www.sebastien-auziere.fr\\\/blog\\\/wp-content\\\/uploads\\\/2026\\\/03\\\/cropped-cropped-cropped-ChatGPT-Image-6-mars-2026-12_58_09-e1772798376794.jpg\",\"width\":512,\"height\":360,\"caption\":\"Fan site S\u00e9bastien Auzi\u00e8re\"},\"image\":{\"@id\":\"https:\\\/\\\/www.sebastien-auziere.fr\\\/blog\\\/#\\\/schema\\\/logo\\\/image\\\/\"}},{\"@type\":\"Person\",\"@id\":\"https:\\\/\\\/www.sebastien-auziere.fr\\\/blog\\\/#\\\/schema\\\/person\\\/149f1acdbfd85149c6c3e59adeae2f4d\",\"name\":\"Chloe Gauthier\",\"image\":{\"@type\":\"ImageObject\",\"inLanguage\":\"fr-FR\",\"@id\":\"https:\\\/\\\/secure.gravatar.com\\\/avatar\\\/2c5722f58171cff738a8985ef0dd66b476e563753246a49019befc837ec4201a?s=96&d=mm&r=g\",\"url\":\"https:\\\/\\\/secure.gravatar.com\\\/avatar\\\/2c5722f58171cff738a8985ef0dd66b476e563753246a49019befc837ec4201a?s=96&d=mm&r=g\",\"contentUrl\":\"https:\\\/\\\/secure.gravatar.com\\\/avatar\\\/2c5722f58171cff738a8985ef0dd66b476e563753246a49019befc837ec4201a?s=96&d=mm&r=g\",\"caption\":\"Chloe Gauthier\"},\"description\":\"Passionn\u00e9e par la politique et admiratrice engag\u00e9e de la famille Macron, je consacre mon \u00e9nergie \u00e0 suivre leurs initiatives et \u00e0 promouvoir leurs id\u00e9es. \u00c0 32 ans, je suis convaincue que leur vision est porteuse d'avenir.\",\"url\":\"https:\\\/\\\/www.sebastien-auziere.fr\\\/blog\\\/author\\\/chloe-gauthier\\\/\"}]}<\/script>\n<!-- \/ Yoast SEO plugin. -->","yoast_head_json":{"title":"In South Korea, Emmanuel Macron meets the icons of K-pop - Fan site S\u00e9bastien Auzi\u00e8re","description":"D\u00e9couvrez la rencontre d'Emmanuel Macron avec les ic\u00f4nes de la K-pop en Cor\u00e9e du Sud, un moment marquant entre politique et culture populaire.","robots":{"index":"index","follow":"follow","max-snippet":"max-snippet:-1","max-image-preview":"max-image-preview:large","max-video-preview":"max-video-preview:-1"},"canonical":"https:\/\/www.sebastien-auziere.fr\/blog\/en\/in-south-korea-emmanuel-macron-meets-the-icons-of-k-pop\/","og_locale":"fr_FR","og_type":"article","og_title":"In South Korea, Emmanuel Macron meets the icons of K-pop - Fan site S\u00e9bastien Auzi\u00e8re","og_description":"D\u00e9couvrez la rencontre d'Emmanuel Macron avec les ic\u00f4nes de la K-pop en Cor\u00e9e du Sud, un moment marquant entre politique et culture populaire.","og_url":"https:\/\/www.sebastien-auziere.fr\/blog\/en\/in-south-korea-emmanuel-macron-meets-the-icons-of-k-pop\/","og_site_name":"Fan site S\u00e9bastien Auzi\u00e8re","article_published_time":"2026-04-08T07:03:35+00:00","article_modified_time":"2026-04-08T07:04:08+00:00","og_image":[{"width":2560,"height":1429,"url":"https:\/\/www.sebastien-auziere.fr\/blog\/wp-content\/uploads\/2026\/04\/En-Coree-du-Sud-Emmanuel-Macron-a-la-rencontre-des-icones-de-la-K-pop.jpg","type":"image\/jpeg"}],"author":"Chloe Gauthier","twitter_card":"summary_large_image","twitter_misc":{"\u00c9crit par":"Chloe Gauthier","Dur\u00e9e de lecture estim\u00e9e":"2 minutes"},"schema":{"@context":"https:\/\/schema.org","@graph":[{"@type":"Article","@id":"https:\/\/www.sebastien-auziere.fr\/blog\/en\/in-south-korea-emmanuel-macron-meets-the-icons-of-k-pop\/#article","isPartOf":{"@id":"https:\/\/www.sebastien-auziere.fr\/blog\/en\/in-south-korea-emmanuel-macron-meets-the-icons-of-k-pop\/"},"author":{"name":"Chloe Gauthier","@id":"https:\/\/www.sebastien-auziere.fr\/blog\/#\/schema\/person\/149f1acdbfd85149c6c3e59adeae2f4d"},"headline":"In South Korea, Emmanuel Macron meets the icons of K-pop","datePublished":"2026-04-08T07:03:35+00:00","dateModified":"2026-04-08T07:04:08+00:00","mainEntityOfPage":{"@id":"https:\/\/www.sebastien-auziere.fr\/blog\/en\/in-south-korea-emmanuel-macron-meets-the-icons-of-k-pop\/"},"wordCount":436,"commentCount":0,"publisher":{"@id":"https:\/\/www.sebastien-auziere.fr\/blog\/#organization"},"image":{"@id":"https:\/\/www.sebastien-auziere.fr\/blog\/en\/in-south-korea-emmanuel-macron-meets-the-icons-of-k-pop\/#primaryimage"},"thumbnailUrl":"https:\/\/www.sebastien-auziere.fr\/blog\/wp-content\/uploads\/2026\/04\/En-Coree-du-Sud-Emmanuel-Macron-a-la-rencontre-des-icones-de-la-K-pop.jpg","keywords":["emmanuel macron","icons of k-pop","k-pop","meeting","south korea"],"articleSection":["News"],"inLanguage":"fr-FR","potentialAction":[{"@type":"CommentAction","name":"Comment","target":["https:\/\/www.sebastien-auziere.fr\/blog\/en\/in-south-korea-emmanuel-macron-meets-the-icons-of-k-pop\/#respond"]}]},{"@type":"WebPage","@id":"https:\/\/www.sebastien-auziere.fr\/blog\/en\/in-south-korea-emmanuel-macron-meets-the-icons-of-k-pop\/","url":"https:\/\/www.sebastien-auziere.fr\/blog\/en\/in-south-korea-emmanuel-macron-meets-the-icons-of-k-pop\/","name":"In South Korea, Emmanuel Macron meets the icons of K-pop - Fan site S\u00e9bastien Auzi\u00e8re","isPartOf":{"@id":"https:\/\/www.sebastien-auziere.fr\/blog\/#website"},"primaryImageOfPage":{"@id":"https:\/\/www.sebastien-auziere.fr\/blog\/en\/in-south-korea-emmanuel-macron-meets-the-icons-of-k-pop\/#primaryimage"},"image":{"@id":"https:\/\/www.sebastien-auziere.fr\/blog\/en\/in-south-korea-emmanuel-macron-meets-the-icons-of-k-pop\/#primaryimage"},"thumbnailUrl":"https:\/\/www.sebastien-auziere.fr\/blog\/wp-content\/uploads\/2026\/04\/En-Coree-du-Sud-Emmanuel-Macron-a-la-rencontre-des-icones-de-la-K-pop.jpg","datePublished":"2026-04-08T07:03:35+00:00","dateModified":"2026-04-08T07:04:08+00:00","description":"D\u00e9couvrez la rencontre d'Emmanuel Macron avec les ic\u00f4nes de la K-pop en Cor\u00e9e du Sud, un moment marquant entre politique et culture populaire.","breadcrumb":{"@id":"https:\/\/www.sebastien-auziere.fr\/blog\/en\/in-south-korea-emmanuel-macron-meets-the-icons-of-k-pop\/#breadcrumb"},"inLanguage":"fr-FR","potentialAction":[{"@type":"ReadAction","target":["https:\/\/www.sebastien-auziere.fr\/blog\/en\/in-south-korea-emmanuel-macron-meets-the-icons-of-k-pop\/"]}]},{"@type":"ImageObject","inLanguage":"fr-FR","@id":"https:\/\/www.sebastien-auziere.fr\/blog\/en\/in-south-korea-emmanuel-macron-meets-the-icons-of-k-pop\/#primaryimage","url":"https:\/\/www.sebastien-auziere.fr\/blog\/wp-content\/uploads\/2026\/04\/En-Coree-du-Sud-Emmanuel-Macron-a-la-rencontre-des-icones-de-la-K-pop.jpg","contentUrl":"https:\/\/www.sebastien-auziere.fr\/blog\/wp-content\/uploads\/2026\/04\/En-Coree-du-Sud-Emmanuel-Macron-a-la-rencontre-des-icones-de-la-K-pop.jpg","width":2560,"height":1429,"caption":"d\u00e9couvrez la visite d'emmanuel macron en cor\u00e9e du sud, o\u00f9 il rencontre les stars embl\u00e9matiques de la k-pop pour renforcer les liens culturels entre les deux pays."},{"@type":"BreadcrumbList","@id":"https:\/\/www.sebastien-auziere.fr\/blog\/en\/in-south-korea-emmanuel-macron-meets-the-icons-of-k-pop\/#breadcrumb","itemListElement":[{"@type":"ListItem","position":1,"name":"Home","item":"https:\/\/www.sebastien-auziere.fr\/blog\/"},{"@type":"ListItem","position":2,"name":"In South Korea, Emmanuel Macron meets the icons of K-pop"}]},{"@type":"WebSite","@id":"https:\/\/www.sebastien-auziere.fr\/blog\/#website","url":"https:\/\/www.sebastien-auziere.fr\/blog\/","name":"Fan site S\u00e9bastien Auzi\u00e8re","description":"M\u00e9dia g\u00e9n\u00e9raliste","publisher":{"@id":"https:\/\/www.sebastien-auziere.fr\/blog\/#organization"},"potentialAction":[{"@type":"SearchAction","target":{"@type":"EntryPoint","urlTemplate":"https:\/\/www.sebastien-auziere.fr\/blog\/?s={search_term_string}"},"query-input":{"@type":"PropertyValueSpecification","valueRequired":true,"valueName":"search_term_string"}}],"inLanguage":"fr-FR"},{"@type":"Organization","@id":"https:\/\/www.sebastien-auziere.fr\/blog\/#organization","name":"Fan site S\u00e9bastien Auzi\u00e8re","url":"https:\/\/www.sebastien-auziere.fr\/blog\/","logo":{"@type":"ImageObject","inLanguage":"fr-FR","@id":"https:\/\/www.sebastien-auziere.fr\/blog\/#\/schema\/logo\/image\/","url":"https:\/\/www.sebastien-auziere.fr\/blog\/wp-content\/uploads\/2026\/03\/cropped-cropped-cropped-ChatGPT-Image-6-mars-2026-12_58_09-e1772798376794.jpg","contentUrl":"https:\/\/www.sebastien-auziere.fr\/blog\/wp-content\/uploads\/2026\/03\/cropped-cropped-cropped-ChatGPT-Image-6-mars-2026-12_58_09-e1772798376794.jpg","width":512,"height":360,"caption":"Fan site S\u00e9bastien Auzi\u00e8re"},"image":{"@id":"https:\/\/www.sebastien-auziere.fr\/blog\/#\/schema\/logo\/image\/"}},{"@type":"Person","@id":"https:\/\/www.sebastien-auziere.fr\/blog\/#\/schema\/person\/149f1acdbfd85149c6c3e59adeae2f4d","name":"Chloe Gauthier","image":{"@type":"ImageObject","inLanguage":"fr-FR","@id":"https:\/\/secure.gravatar.com\/avatar\/2c5722f58171cff738a8985ef0dd66b476e563753246a49019befc837ec4201a?s=96&d=mm&r=g","url":"https:\/\/secure.gravatar.com\/avatar\/2c5722f58171cff738a8985ef0dd66b476e563753246a49019befc837ec4201a?s=96&d=mm&r=g","contentUrl":"https:\/\/secure.gravatar.com\/avatar\/2c5722f58171cff738a8985ef0dd66b476e563753246a49019befc837ec4201a?s=96&d=mm&r=g","caption":"Chloe Gauthier"},"description":"Passionn\u00e9e par la politique et admiratrice engag\u00e9e de la famille Macron, je consacre mon \u00e9nergie \u00e0 suivre leurs initiatives et \u00e0 promouvoir leurs id\u00e9es. \u00c0 32 ans, je suis convaincue que leur vision est porteuse d'avenir.","url":"https:\/\/www.sebastien-auziere.fr\/blog\/author\/chloe-gauthier\/"}]}},"views":5,"_links":{"self":[{"href":"https:\/\/www.sebastien-auziere.fr\/blog\/wp-json\/wp\/v2\/posts\/2852","targetHints":{"allow":["GET"]}}],"collection":[{"href":"https:\/\/www.sebastien-auziere.fr\/blog\/wp-json\/wp\/v2\/posts"}],"about":[{"href":"https:\/\/www.sebastien-auziere.fr\/blog\/wp-json\/wp\/v2\/types\/post"}],"author":[{"embeddable":true,"href":"https:\/\/www.sebastien-auziere.fr\/blog\/wp-json\/wp\/v2\/users\/9"}],"replies":[{"embeddable":true,"href":"https:\/\/www.sebastien-auziere.fr\/blog\/wp-json\/wp\/v2\/comments?post=2852"}],"version-history":[{"count":1,"href":"https:\/\/www.sebastien-auziere.fr\/blog\/wp-json\/wp\/v2\/posts\/2852\/revisions"}],"predecessor-version":[{"id":2853,"href":"https:\/\/www.sebastien-auziere.fr\/blog\/wp-json\/wp\/v2\/posts\/2852\/revisions\/2853"}],"wp:featuredmedia":[{"embeddable":true,"href":"https:\/\/www.sebastien-auziere.fr\/blog\/wp-json\/wp\/v2\/media\/2850"}],"wp:attachment":[{"href":"https:\/\/www.sebastien-auziere.fr\/blog\/wp-json\/wp\/v2\/media?parent=2852"}],"wp:term":[{"taxonomy":"category","embeddable":true,"href":"https:\/\/www.sebastien-auziere.fr\/blog\/wp-json\/wp\/v2\/categories?post=2852"},{"taxonomy":"post_tag","embeddable":true,"href":"https:\/\/www.sebastien-auziere.fr\/blog\/wp-json\/wp\/v2\/tags?post=2852"}],"curies":[{"name":"wp","href":"https:\/\/api.w.org\/{rel}","templated":true}]}}