{"id":2851,"date":"2026-04-08T07:03:33","date_gmt":"2026-04-08T07:03:33","guid":{"rendered":"https:\/\/www.sebastien-auziere.fr\/blog\/macron-rencontre-k-pop\/"},"modified":"2026-04-08T07:03:33","modified_gmt":"2026-04-08T07:03:33","slug":"macron-rencontre-k-pop","status":"publish","type":"post","link":"https:\/\/www.sebastien-auziere.fr\/blog\/macron-rencontre-k-pop\/","title":{"rendered":"En Cor\u00e9e du Sud, Emmanuel Macron \u00e0 la rencontre des ic\u00f4nes de la K-pop"},"content":{"rendered":"<p><strong>En Cor\u00e9e du Sud<\/strong>, le 3 avril, <strong>Emmanuel Macron<\/strong> a rencontr\u00e9 des <strong>ic\u00f4nes<\/strong> de la <strong>K-pop<\/strong> lors d\u2019un d\u00e9jeuner d\u2019\u00c9tat \u00e0 S\u00e9oul, un moment qui a m\u00eal\u00e9 diplomatie et <strong>pop culture<\/strong>. Tu d\u00e9couvriras comment cet \u00e9change culturel \u2014 entre chefs d\u2019\u00c9tat, artistes et cr\u00e9ateurs \u2014 a illustr\u00e9 le r\u00f4le de la <strong>musique<\/strong> dans les <strong>relations internationales<\/strong> contemporaines.<\/p>\n\n<p>Le rendez-vous a confirm\u00e9 la place centrale de la <strong>culture<\/strong> dans la tourn\u00e9e officielle qui a d\u00e9but\u00e9 le 31 mars, apr\u00e8s une \u00e9tape au Japon. D\u00e8s les premi\u00e8res heures \u00e0 S\u00e9oul, le couple pr\u00e9sidentiel a particip\u00e9 \u00e0 un banquet o\u00f9 la <strong>K-pop<\/strong> figurait parmi les invit\u00e9s, et Brigitte Macron a re\u00e7u des albums d\u00e9dicac\u00e9s de noms comme <strong>BTS<\/strong> et <strong>Stray Kids<\/strong>.<\/p>\n\n<h2 class=\"wp-block-heading\">Un banquet d\u2019\u00c9tat o\u00f9 la K-pop se m\u00eale \u00e0 la diplomatie<\/h2>\n\n<p>Le 3 avril, le d\u00e9jeuner officiel a rassembl\u00e9 personnalit\u00e9s politiques et artistes. Parmi les invit\u00e9s, les membres de <strong>Stray Kids<\/strong> et l\u2019actrice Jun Ji\u2011hyun ont partag\u00e9 la table du couple pr\u00e9sidentiel et du pr\u00e9sident cor\u00e9en Lee Jae\u2011myung. Tu trouveras un r\u00e9cit d\u00e9taill\u00e9 de cette rencontre dans la presse locale et sp\u00e9cialis\u00e9e, qui souligne l\u2019atmosph\u00e8re conviviale et les \u00e9changes sur la <strong>musique<\/strong> comme vecteur d\u2019influence culturelle. Insight : la <strong>pop culture<\/strong> devient un outil diplomatique concret.<\/p>\n\n<h2 class=\"wp-block-heading\">Des cadeaux symboliques et des rencontres marquantes<\/h2>\n\n<p>Au d\u00eener priv\u00e9 \u00e0 Sangchunjae, la premi\u00e8re dame a re\u00e7u un service en c\u00e9ramique et plusieurs albums autographi\u00e9s, rappelant la rencontre des traditions culinaires et culturelles. Le soir du 2 avril a \u00e9t\u00e9 pr\u00e9par\u00e9 par le chef \u00e9toil\u00e9 Son Jong\u2011won, selon les comptes rendus, et a servi de pr\u00e9lude au d\u00e9jeuner d\u2019\u00c9tat. Pour en savoir plus, la couverture du d\u00e9placement \u00e9voque ces gestes symboliques et leur port\u00e9e.<\/p>\n\n<h3 class=\"wp-block-heading\">Des ambassadeurs culturels au c\u0153ur des \u00e9changes<\/h3>\n\n<p>En mars, <strong>Felix<\/strong> de <strong>Stray Kids<\/strong> est devenu ambassadeur honoraire pour les relations franco\u2011cor\u00e9ennes, un r\u00f4le qui a facilit\u00e9 son \u00e9change avec Brigitte Macron et le pr\u00e9sident. Le lien entre cr\u00e9ateurs cor\u00e9ens et institutions fran\u00e7aises s\u2019est renforc\u00e9, illustrant comment la <strong>musique<\/strong> trace des passerelles nouvelles et concr\u00e8tes. Insight : la nomination d\u2019artistes comme ambassadeurs acc\u00e9l\u00e8re les projets culturels bilat\u00e9raux.<\/p>\n\n<h2 class=\"wp-block-heading\">Vers une coop\u00e9ration renforc\u00e9e entre France et Cor\u00e9e<\/h2>\n\n<p>Au-del\u00e0 des sourires, des discussions ont abord\u00e9 la coop\u00e9ration culturelle et industrielle, notamment autour de figures comme <strong>Lee Soo Man<\/strong> et des projets pour renforcer la sc\u00e8ne musicale internationale. Les observateurs notent que la visite, premi\u00e8re d\u2019un pr\u00e9sident fran\u00e7ais depuis novembre 2015, vise \u00e0 renouveler les liens historiques et \u00e0 inscrire la <strong>K-pop<\/strong> dans un partenariat culturel durable. Insight : la <strong>culture<\/strong> sert de levier strat\u00e9gique en diplomatie.<\/p>\n\n<p>Pour prolonger la d\u00e9couverte et approfondir le r\u00f4le de proches et conseillers autour du couple pr\u00e9sidentiel, rends-toi sur <a href=\"https:\/\/www.sebastien-auziere.fr\/blog\/macron-japon-coree-kpop\/\">le dossier d\u00e9di\u00e9<\/a>. Pour des r\u00e9cits complets et des analyses du d\u00e9placement, consulte aussi le reportage sur <a href=\"https:\/\/korae.co\/article\/president-macron-celebrates-k-culture-with-stray-kids-felix-and-jun-ji-hyun\/\">Korae<\/a> et l\u2019article de <a href=\"https:\/\/www.ohmymag.com\/people\/actu-people\/macron-et-la-k-pop-moment-convivial-en-coree-du-sud-avec-des-stars-internationales_art183725.html\">Ohmymag<\/a> pour revivre ces moments forts.<\/p>\n\n","protected":false},"excerpt":{"rendered":"<p>En Cor\u00e9e du Sud, le 3 avril, Emmanuel Macron a rencontr\u00e9 des ic\u00f4nes de la K-pop lors d\u2019un d\u00e9jeuner d\u2019\u00c9tat \u00e0 S\u00e9oul, un moment qui a m\u00eal\u00e9 diplomatie et pop culture. Tu d\u00e9couvriras comment cet \u00e9change culturel \u2014 entre chefs d\u2019\u00c9tat, artistes et cr\u00e9ateurs \u2014 a illustr\u00e9 le r\u00f4le de la musique dans les relations &#8230; <a title=\"En Cor\u00e9e du Sud, Emmanuel Macron \u00e0 la rencontre des ic\u00f4nes de la K-pop\" class=\"read-more\" href=\"https:\/\/www.sebastien-auziere.fr\/blog\/macron-rencontre-k-pop\/\" aria-label=\"En savoir plus sur En Cor\u00e9e du Sud, Emmanuel Macron \u00e0 la rencontre des ic\u00f4nes de la K-pop\">Lire plus<\/a><\/p>\n","protected":false},"author":9,"featured_media":2850,"comment_status":"open","ping_status":"open","sticky":false,"template":"","format":"standard","meta":{"footnotes":""},"categories":[597],"tags":[1222,1139,2178,2174,2176],"class_list":["post-2851","post","type-post","status-publish","format-standard","has-post-thumbnail","hentry","category-actualites","tag-coree-du-sud","tag-emmanuel-macron","tag-icones-de-la-k-pop","tag-k-pop","tag-rencontre"],"yoast_head":"<!-- This site is optimized with the Yoast SEO plugin v27.5 - https:\/\/yoast.com\/product\/yoast-seo-wordpress\/ -->\n<title>En Cor\u00e9e du Sud, Emmanuel Macron \u00e0 la rencontre des ic\u00f4nes de la K-pop - Fan site S\u00e9bastien Auzi\u00e8re<\/title>\n<meta name=\"description\" content=\"D\u00e9couvrez la rencontre d&#039;Emmanuel Macron avec les ic\u00f4nes de la K-pop en Cor\u00e9e du Sud, un moment marquant entre politique et culture populaire.\" \/>\n<meta name=\"robots\" content=\"index, follow, max-snippet:-1, max-image-preview:large, max-video-preview:-1\" \/>\n<link rel=\"canonical\" href=\"https:\/\/www.sebastien-auziere.fr\/blog\/macron-rencontre-k-pop\/\" \/>\n<meta property=\"og:locale\" content=\"fr_FR\" \/>\n<meta property=\"og:type\" content=\"article\" \/>\n<meta property=\"og:title\" content=\"En Cor\u00e9e du Sud, Emmanuel Macron \u00e0 la rencontre des ic\u00f4nes de la K-pop - Fan site S\u00e9bastien Auzi\u00e8re\" \/>\n<meta property=\"og:description\" content=\"D\u00e9couvrez la rencontre d&#039;Emmanuel Macron avec les ic\u00f4nes de la K-pop en Cor\u00e9e du Sud, un moment marquant entre politique et culture populaire.\" \/>\n<meta property=\"og:url\" content=\"https:\/\/www.sebastien-auziere.fr\/blog\/macron-rencontre-k-pop\/\" \/>\n<meta property=\"og:site_name\" content=\"Fan site S\u00e9bastien Auzi\u00e8re\" \/>\n<meta property=\"article:published_time\" content=\"2026-04-08T07:03:33+00:00\" \/>\n<meta property=\"og:image\" content=\"https:\/\/www.sebastien-auziere.fr\/blog\/wp-content\/uploads\/2026\/04\/En-Coree-du-Sud-Emmanuel-Macron-a-la-rencontre-des-icones-de-la-K-pop.jpg\" \/>\n\t<meta property=\"og:image:width\" content=\"2560\" \/>\n\t<meta property=\"og:image:height\" content=\"1429\" \/>\n\t<meta property=\"og:image:type\" content=\"image\/jpeg\" \/>\n<meta name=\"author\" content=\"Chloe Gauthier\" \/>\n<meta name=\"twitter:card\" content=\"summary_large_image\" \/>\n<meta name=\"twitter:label1\" content=\"\u00c9crit par\" \/>\n\t<meta name=\"twitter:data1\" content=\"Chloe Gauthier\" \/>\n\t<meta name=\"twitter:label2\" content=\"Dur\u00e9e de lecture estim\u00e9e\" \/>\n\t<meta name=\"twitter:data2\" content=\"3 minutes\" \/>\n<script type=\"application\/ld+json\" class=\"yoast-schema-graph\">{\"@context\":\"https:\\\/\\\/schema.org\",\"@graph\":[{\"@type\":\"Article\",\"@id\":\"https:\\\/\\\/www.sebastien-auziere.fr\\\/blog\\\/macron-rencontre-k-pop\\\/#article\",\"isPartOf\":{\"@id\":\"https:\\\/\\\/www.sebastien-auziere.fr\\\/blog\\\/macron-rencontre-k-pop\\\/\"},\"author\":{\"name\":\"Chloe Gauthier\",\"@id\":\"https:\\\/\\\/www.sebastien-auziere.fr\\\/blog\\\/#\\\/schema\\\/person\\\/149f1acdbfd85149c6c3e59adeae2f4d\"},\"headline\":\"En Cor\u00e9e du Sud, Emmanuel Macron \u00e0 la rencontre des ic\u00f4nes de la K-pop\",\"datePublished\":\"2026-04-08T07:03:33+00:00\",\"mainEntityOfPage\":{\"@id\":\"https:\\\/\\\/www.sebastien-auziere.fr\\\/blog\\\/macron-rencontre-k-pop\\\/\"},\"wordCount\":546,\"commentCount\":0,\"publisher\":{\"@id\":\"https:\\\/\\\/www.sebastien-auziere.fr\\\/blog\\\/#organization\"},\"image\":{\"@id\":\"https:\\\/\\\/www.sebastien-auziere.fr\\\/blog\\\/macron-rencontre-k-pop\\\/#primaryimage\"},\"thumbnailUrl\":\"https:\\\/\\\/www.sebastien-auziere.fr\\\/blog\\\/wp-content\\\/uploads\\\/2026\\\/04\\\/En-Coree-du-Sud-Emmanuel-Macron-a-la-rencontre-des-icones-de-la-K-pop.jpg\",\"keywords\":[\"cor\u00e9e du sud\",\"emmanuel macron\",\"ic\u00f4nes de la k-pop\",\"k-pop\",\"rencontre\"],\"articleSection\":[\"Actualit\u00e9s\"],\"inLanguage\":\"fr-FR\",\"potentialAction\":[{\"@type\":\"CommentAction\",\"name\":\"Comment\",\"target\":[\"https:\\\/\\\/www.sebastien-auziere.fr\\\/blog\\\/macron-rencontre-k-pop\\\/#respond\"]}]},{\"@type\":\"WebPage\",\"@id\":\"https:\\\/\\\/www.sebastien-auziere.fr\\\/blog\\\/macron-rencontre-k-pop\\\/\",\"url\":\"https:\\\/\\\/www.sebastien-auziere.fr\\\/blog\\\/macron-rencontre-k-pop\\\/\",\"name\":\"En Cor\u00e9e du Sud, Emmanuel Macron \u00e0 la rencontre des ic\u00f4nes de la K-pop - Fan site S\u00e9bastien Auzi\u00e8re\",\"isPartOf\":{\"@id\":\"https:\\\/\\\/www.sebastien-auziere.fr\\\/blog\\\/#website\"},\"primaryImageOfPage\":{\"@id\":\"https:\\\/\\\/www.sebastien-auziere.fr\\\/blog\\\/macron-rencontre-k-pop\\\/#primaryimage\"},\"image\":{\"@id\":\"https:\\\/\\\/www.sebastien-auziere.fr\\\/blog\\\/macron-rencontre-k-pop\\\/#primaryimage\"},\"thumbnailUrl\":\"https:\\\/\\\/www.sebastien-auziere.fr\\\/blog\\\/wp-content\\\/uploads\\\/2026\\\/04\\\/En-Coree-du-Sud-Emmanuel-Macron-a-la-rencontre-des-icones-de-la-K-pop.jpg\",\"datePublished\":\"2026-04-08T07:03:33+00:00\",\"description\":\"D\u00e9couvrez la rencontre d'Emmanuel Macron avec les ic\u00f4nes de la K-pop en Cor\u00e9e du Sud, un moment marquant entre politique et culture populaire.\",\"breadcrumb\":{\"@id\":\"https:\\\/\\\/www.sebastien-auziere.fr\\\/blog\\\/macron-rencontre-k-pop\\\/#breadcrumb\"},\"inLanguage\":\"fr-FR\",\"potentialAction\":[{\"@type\":\"ReadAction\",\"target\":[\"https:\\\/\\\/www.sebastien-auziere.fr\\\/blog\\\/macron-rencontre-k-pop\\\/\"]}]},{\"@type\":\"ImageObject\",\"inLanguage\":\"fr-FR\",\"@id\":\"https:\\\/\\\/www.sebastien-auziere.fr\\\/blog\\\/macron-rencontre-k-pop\\\/#primaryimage\",\"url\":\"https:\\\/\\\/www.sebastien-auziere.fr\\\/blog\\\/wp-content\\\/uploads\\\/2026\\\/04\\\/En-Coree-du-Sud-Emmanuel-Macron-a-la-rencontre-des-icones-de-la-K-pop.jpg\",\"contentUrl\":\"https:\\\/\\\/www.sebastien-auziere.fr\\\/blog\\\/wp-content\\\/uploads\\\/2026\\\/04\\\/En-Coree-du-Sud-Emmanuel-Macron-a-la-rencontre-des-icones-de-la-K-pop.jpg\",\"width\":2560,\"height\":1429,\"caption\":\"d\u00e9couvrez la visite d'emmanuel macron en cor\u00e9e du sud, o\u00f9 il rencontre les stars embl\u00e9matiques de la k-pop pour renforcer les liens culturels entre les deux pays.\"},{\"@type\":\"BreadcrumbList\",\"@id\":\"https:\\\/\\\/www.sebastien-auziere.fr\\\/blog\\\/macron-rencontre-k-pop\\\/#breadcrumb\",\"itemListElement\":[{\"@type\":\"ListItem\",\"position\":1,\"name\":\"Home\",\"item\":\"https:\\\/\\\/www.sebastien-auziere.fr\\\/blog\\\/\"},{\"@type\":\"ListItem\",\"position\":2,\"name\":\"En Cor\u00e9e du Sud, Emmanuel Macron \u00e0 la rencontre des ic\u00f4nes de la K-pop\"}]},{\"@type\":\"WebSite\",\"@id\":\"https:\\\/\\\/www.sebastien-auziere.fr\\\/blog\\\/#website\",\"url\":\"https:\\\/\\\/www.sebastien-auziere.fr\\\/blog\\\/\",\"name\":\"Fan site S\u00e9bastien Auzi\u00e8re\",\"description\":\"M\u00e9dia g\u00e9n\u00e9raliste\",\"publisher\":{\"@id\":\"https:\\\/\\\/www.sebastien-auziere.fr\\\/blog\\\/#organization\"},\"potentialAction\":[{\"@type\":\"SearchAction\",\"target\":{\"@type\":\"EntryPoint\",\"urlTemplate\":\"https:\\\/\\\/www.sebastien-auziere.fr\\\/blog\\\/?s={search_term_string}\"},\"query-input\":{\"@type\":\"PropertyValueSpecification\",\"valueRequired\":true,\"valueName\":\"search_term_string\"}}],\"inLanguage\":\"fr-FR\"},{\"@type\":\"Organization\",\"@id\":\"https:\\\/\\\/www.sebastien-auziere.fr\\\/blog\\\/#organization\",\"name\":\"Fan site S\u00e9bastien Auzi\u00e8re\",\"url\":\"https:\\\/\\\/www.sebastien-auziere.fr\\\/blog\\\/\",\"logo\":{\"@type\":\"ImageObject\",\"inLanguage\":\"fr-FR\",\"@id\":\"https:\\\/\\\/www.sebastien-auziere.fr\\\/blog\\\/#\\\/schema\\\/logo\\\/image\\\/\",\"url\":\"https:\\\/\\\/www.sebastien-auziere.fr\\\/blog\\\/wp-content\\\/uploads\\\/2026\\\/03\\\/cropped-cropped-cropped-ChatGPT-Image-6-mars-2026-12_58_09-e1772798376794.jpg\",\"contentUrl\":\"https:\\\/\\\/www.sebastien-auziere.fr\\\/blog\\\/wp-content\\\/uploads\\\/2026\\\/03\\\/cropped-cropped-cropped-ChatGPT-Image-6-mars-2026-12_58_09-e1772798376794.jpg\",\"width\":512,\"height\":360,\"caption\":\"Fan site S\u00e9bastien Auzi\u00e8re\"},\"image\":{\"@id\":\"https:\\\/\\\/www.sebastien-auziere.fr\\\/blog\\\/#\\\/schema\\\/logo\\\/image\\\/\"}},{\"@type\":\"Person\",\"@id\":\"https:\\\/\\\/www.sebastien-auziere.fr\\\/blog\\\/#\\\/schema\\\/person\\\/149f1acdbfd85149c6c3e59adeae2f4d\",\"name\":\"Chloe Gauthier\",\"image\":{\"@type\":\"ImageObject\",\"inLanguage\":\"fr-FR\",\"@id\":\"https:\\\/\\\/secure.gravatar.com\\\/avatar\\\/2c5722f58171cff738a8985ef0dd66b476e563753246a49019befc837ec4201a?s=96&d=mm&r=g\",\"url\":\"https:\\\/\\\/secure.gravatar.com\\\/avatar\\\/2c5722f58171cff738a8985ef0dd66b476e563753246a49019befc837ec4201a?s=96&d=mm&r=g\",\"contentUrl\":\"https:\\\/\\\/secure.gravatar.com\\\/avatar\\\/2c5722f58171cff738a8985ef0dd66b476e563753246a49019befc837ec4201a?s=96&d=mm&r=g\",\"caption\":\"Chloe Gauthier\"},\"description\":\"Passionn\u00e9e par la politique et admiratrice engag\u00e9e de la famille Macron, je consacre mon \u00e9nergie \u00e0 suivre leurs initiatives et \u00e0 promouvoir leurs id\u00e9es. \u00c0 32 ans, je suis convaincue que leur vision est porteuse d'avenir.\",\"url\":\"https:\\\/\\\/www.sebastien-auziere.fr\\\/blog\\\/author\\\/chloe-gauthier\\\/\"}]}<\/script>\n<!-- \/ Yoast SEO plugin. -->","yoast_head_json":{"title":"En Cor\u00e9e du Sud, Emmanuel Macron \u00e0 la rencontre des ic\u00f4nes de la K-pop - Fan site S\u00e9bastien Auzi\u00e8re","description":"D\u00e9couvrez la rencontre d'Emmanuel Macron avec les ic\u00f4nes de la K-pop en Cor\u00e9e du Sud, un moment marquant entre politique et culture populaire.","robots":{"index":"index","follow":"follow","max-snippet":"max-snippet:-1","max-image-preview":"max-image-preview:large","max-video-preview":"max-video-preview:-1"},"canonical":"https:\/\/www.sebastien-auziere.fr\/blog\/macron-rencontre-k-pop\/","og_locale":"fr_FR","og_type":"article","og_title":"En Cor\u00e9e du Sud, Emmanuel Macron \u00e0 la rencontre des ic\u00f4nes de la K-pop - Fan site S\u00e9bastien Auzi\u00e8re","og_description":"D\u00e9couvrez la rencontre d'Emmanuel Macron avec les ic\u00f4nes de la K-pop en Cor\u00e9e du Sud, un moment marquant entre politique et culture populaire.","og_url":"https:\/\/www.sebastien-auziere.fr\/blog\/macron-rencontre-k-pop\/","og_site_name":"Fan site S\u00e9bastien Auzi\u00e8re","article_published_time":"2026-04-08T07:03:33+00:00","og_image":[{"width":2560,"height":1429,"url":"https:\/\/www.sebastien-auziere.fr\/blog\/wp-content\/uploads\/2026\/04\/En-Coree-du-Sud-Emmanuel-Macron-a-la-rencontre-des-icones-de-la-K-pop.jpg","type":"image\/jpeg"}],"author":"Chloe Gauthier","twitter_card":"summary_large_image","twitter_misc":{"\u00c9crit par":"Chloe Gauthier","Dur\u00e9e de lecture estim\u00e9e":"3 minutes"},"schema":{"@context":"https:\/\/schema.org","@graph":[{"@type":"Article","@id":"https:\/\/www.sebastien-auziere.fr\/blog\/macron-rencontre-k-pop\/#article","isPartOf":{"@id":"https:\/\/www.sebastien-auziere.fr\/blog\/macron-rencontre-k-pop\/"},"author":{"name":"Chloe Gauthier","@id":"https:\/\/www.sebastien-auziere.fr\/blog\/#\/schema\/person\/149f1acdbfd85149c6c3e59adeae2f4d"},"headline":"En Cor\u00e9e du Sud, Emmanuel Macron \u00e0 la rencontre des ic\u00f4nes de la K-pop","datePublished":"2026-04-08T07:03:33+00:00","mainEntityOfPage":{"@id":"https:\/\/www.sebastien-auziere.fr\/blog\/macron-rencontre-k-pop\/"},"wordCount":546,"commentCount":0,"publisher":{"@id":"https:\/\/www.sebastien-auziere.fr\/blog\/#organization"},"image":{"@id":"https:\/\/www.sebastien-auziere.fr\/blog\/macron-rencontre-k-pop\/#primaryimage"},"thumbnailUrl":"https:\/\/www.sebastien-auziere.fr\/blog\/wp-content\/uploads\/2026\/04\/En-Coree-du-Sud-Emmanuel-Macron-a-la-rencontre-des-icones-de-la-K-pop.jpg","keywords":["cor\u00e9e du sud","emmanuel macron","ic\u00f4nes de la k-pop","k-pop","rencontre"],"articleSection":["Actualit\u00e9s"],"inLanguage":"fr-FR","potentialAction":[{"@type":"CommentAction","name":"Comment","target":["https:\/\/www.sebastien-auziere.fr\/blog\/macron-rencontre-k-pop\/#respond"]}]},{"@type":"WebPage","@id":"https:\/\/www.sebastien-auziere.fr\/blog\/macron-rencontre-k-pop\/","url":"https:\/\/www.sebastien-auziere.fr\/blog\/macron-rencontre-k-pop\/","name":"En Cor\u00e9e du Sud, Emmanuel Macron \u00e0 la rencontre des ic\u00f4nes de la K-pop - Fan site S\u00e9bastien Auzi\u00e8re","isPartOf":{"@id":"https:\/\/www.sebastien-auziere.fr\/blog\/#website"},"primaryImageOfPage":{"@id":"https:\/\/www.sebastien-auziere.fr\/blog\/macron-rencontre-k-pop\/#primaryimage"},"image":{"@id":"https:\/\/www.sebastien-auziere.fr\/blog\/macron-rencontre-k-pop\/#primaryimage"},"thumbnailUrl":"https:\/\/www.sebastien-auziere.fr\/blog\/wp-content\/uploads\/2026\/04\/En-Coree-du-Sud-Emmanuel-Macron-a-la-rencontre-des-icones-de-la-K-pop.jpg","datePublished":"2026-04-08T07:03:33+00:00","description":"D\u00e9couvrez la rencontre d'Emmanuel Macron avec les ic\u00f4nes de la K-pop en Cor\u00e9e du Sud, un moment marquant entre politique et culture populaire.","breadcrumb":{"@id":"https:\/\/www.sebastien-auziere.fr\/blog\/macron-rencontre-k-pop\/#breadcrumb"},"inLanguage":"fr-FR","potentialAction":[{"@type":"ReadAction","target":["https:\/\/www.sebastien-auziere.fr\/blog\/macron-rencontre-k-pop\/"]}]},{"@type":"ImageObject","inLanguage":"fr-FR","@id":"https:\/\/www.sebastien-auziere.fr\/blog\/macron-rencontre-k-pop\/#primaryimage","url":"https:\/\/www.sebastien-auziere.fr\/blog\/wp-content\/uploads\/2026\/04\/En-Coree-du-Sud-Emmanuel-Macron-a-la-rencontre-des-icones-de-la-K-pop.jpg","contentUrl":"https:\/\/www.sebastien-auziere.fr\/blog\/wp-content\/uploads\/2026\/04\/En-Coree-du-Sud-Emmanuel-Macron-a-la-rencontre-des-icones-de-la-K-pop.jpg","width":2560,"height":1429,"caption":"d\u00e9couvrez la visite d'emmanuel macron en cor\u00e9e du sud, o\u00f9 il rencontre les stars embl\u00e9matiques de la k-pop pour renforcer les liens culturels entre les deux pays."},{"@type":"BreadcrumbList","@id":"https:\/\/www.sebastien-auziere.fr\/blog\/macron-rencontre-k-pop\/#breadcrumb","itemListElement":[{"@type":"ListItem","position":1,"name":"Home","item":"https:\/\/www.sebastien-auziere.fr\/blog\/"},{"@type":"ListItem","position":2,"name":"En Cor\u00e9e du Sud, Emmanuel Macron \u00e0 la rencontre des ic\u00f4nes de la K-pop"}]},{"@type":"WebSite","@id":"https:\/\/www.sebastien-auziere.fr\/blog\/#website","url":"https:\/\/www.sebastien-auziere.fr\/blog\/","name":"Fan site S\u00e9bastien Auzi\u00e8re","description":"M\u00e9dia g\u00e9n\u00e9raliste","publisher":{"@id":"https:\/\/www.sebastien-auziere.fr\/blog\/#organization"},"potentialAction":[{"@type":"SearchAction","target":{"@type":"EntryPoint","urlTemplate":"https:\/\/www.sebastien-auziere.fr\/blog\/?s={search_term_string}"},"query-input":{"@type":"PropertyValueSpecification","valueRequired":true,"valueName":"search_term_string"}}],"inLanguage":"fr-FR"},{"@type":"Organization","@id":"https:\/\/www.sebastien-auziere.fr\/blog\/#organization","name":"Fan site S\u00e9bastien Auzi\u00e8re","url":"https:\/\/www.sebastien-auziere.fr\/blog\/","logo":{"@type":"ImageObject","inLanguage":"fr-FR","@id":"https:\/\/www.sebastien-auziere.fr\/blog\/#\/schema\/logo\/image\/","url":"https:\/\/www.sebastien-auziere.fr\/blog\/wp-content\/uploads\/2026\/03\/cropped-cropped-cropped-ChatGPT-Image-6-mars-2026-12_58_09-e1772798376794.jpg","contentUrl":"https:\/\/www.sebastien-auziere.fr\/blog\/wp-content\/uploads\/2026\/03\/cropped-cropped-cropped-ChatGPT-Image-6-mars-2026-12_58_09-e1772798376794.jpg","width":512,"height":360,"caption":"Fan site S\u00e9bastien Auzi\u00e8re"},"image":{"@id":"https:\/\/www.sebastien-auziere.fr\/blog\/#\/schema\/logo\/image\/"}},{"@type":"Person","@id":"https:\/\/www.sebastien-auziere.fr\/blog\/#\/schema\/person\/149f1acdbfd85149c6c3e59adeae2f4d","name":"Chloe Gauthier","image":{"@type":"ImageObject","inLanguage":"fr-FR","@id":"https:\/\/secure.gravatar.com\/avatar\/2c5722f58171cff738a8985ef0dd66b476e563753246a49019befc837ec4201a?s=96&d=mm&r=g","url":"https:\/\/secure.gravatar.com\/avatar\/2c5722f58171cff738a8985ef0dd66b476e563753246a49019befc837ec4201a?s=96&d=mm&r=g","contentUrl":"https:\/\/secure.gravatar.com\/avatar\/2c5722f58171cff738a8985ef0dd66b476e563753246a49019befc837ec4201a?s=96&d=mm&r=g","caption":"Chloe Gauthier"},"description":"Passionn\u00e9e par la politique et admiratrice engag\u00e9e de la famille Macron, je consacre mon \u00e9nergie \u00e0 suivre leurs initiatives et \u00e0 promouvoir leurs id\u00e9es. \u00c0 32 ans, je suis convaincue que leur vision est porteuse d'avenir.","url":"https:\/\/www.sebastien-auziere.fr\/blog\/author\/chloe-gauthier\/"}]}},"views":1085,"_links":{"self":[{"href":"https:\/\/www.sebastien-auziere.fr\/blog\/wp-json\/wp\/v2\/posts\/2851","targetHints":{"allow":["GET"]}}],"collection":[{"href":"https:\/\/www.sebastien-auziere.fr\/blog\/wp-json\/wp\/v2\/posts"}],"about":[{"href":"https:\/\/www.sebastien-auziere.fr\/blog\/wp-json\/wp\/v2\/types\/post"}],"author":[{"embeddable":true,"href":"https:\/\/www.sebastien-auziere.fr\/blog\/wp-json\/wp\/v2\/users\/9"}],"replies":[{"embeddable":true,"href":"https:\/\/www.sebastien-auziere.fr\/blog\/wp-json\/wp\/v2\/comments?post=2851"}],"version-history":[{"count":0,"href":"https:\/\/www.sebastien-auziere.fr\/blog\/wp-json\/wp\/v2\/posts\/2851\/revisions"}],"wp:featuredmedia":[{"embeddable":true,"href":"https:\/\/www.sebastien-auziere.fr\/blog\/wp-json\/wp\/v2\/media\/2850"}],"wp:attachment":[{"href":"https:\/\/www.sebastien-auziere.fr\/blog\/wp-json\/wp\/v2\/media?parent=2851"}],"wp:term":[{"taxonomy":"category","embeddable":true,"href":"https:\/\/www.sebastien-auziere.fr\/blog\/wp-json\/wp\/v2\/categories?post=2851"},{"taxonomy":"post_tag","embeddable":true,"href":"https:\/\/www.sebastien-auziere.fr\/blog\/wp-json\/wp\/v2\/tags?post=2851"}],"curies":[{"name":"wp","href":"https:\/\/api.w.org\/{rel}","templated":true}]}}